{"id":4088,"date":"2010-09-16T00:00:00","date_gmt":"2010-09-15T22:00:00","guid":{"rendered":""},"modified":"2015-03-12T15:54:22","modified_gmt":"2015-03-12T14:54:22","slug":"la-cura-dei-disabili-in-italia","status":"publish","type":"post","link":"https:\/\/www.rassegnastampa-totustuus.it\/cattolica\/la-cura-dei-disabili-in-italia\/","title":{"rendered":"La cura dei disabili in Italia"},"content":{"rendered":"<div style=\"text-align: center;\"><strong><a href=\"https:\/\/www.rassegnastampa-totustuus.it\/cattolica\/wp-content\/uploads\/2010\/09\/disabilit\u00e0.jpg\"><img loading=\"lazy\" decoding=\"async\" class=\"alignright wp-image-21396\" src=\"https:\/\/www.rassegnastampa-totustuus.it\/cattolica\/wp-content\/uploads\/2010\/09\/disabilit\u00e0.jpg\" alt=\"disabilit\u00e0\" width=\"250\" height=\"147\" \/><\/a>Corriere del Sud<\/strong> N\u00b0 9\/2010 &#8211; 5 luglio<\/div>\n<p style=\"text-align: center;\">di<strong> Cristian Ricci<\/strong><\/p>\n<p style=\"text-align: justify;\">Il Rapporto ISTAT \u201cLa disabilit\u00e0 in Italia \u2013 aprile 2010\u201d, riferito a dati sul 2004, rivela la presenza nel nostro paese di oltre 2 milioni e 600 mila disabili, il 4,8 % della popolazione, dei quali il 66,2 per cento donne, circa 1 milione 700 mila. Ma secondo lo studio \u201cla disabilit\u00e0, in Italia, \u00e8 soprattutto una questione di et\u00e0.<\/p>\n<p><!--more--><\/p>\n<div style=\"text-align: justify;\">Il 18,7% degli italiani oltre i 65 anni \u00e8 disabile e il tasso, come accennato, si impenna al 44% dopo gli 80 anni\u201d, e il 43,9% delle persone con disabilit\u00e0 \u00e8 in pensione. La stessa indagine Istat, stima che nel 2035 i tassi di disabilit\u00e0 potrebbero aumentare con una forbice di variabilit\u00e0 che va dal 65 al 75% in pi\u00f9 rispetto ai valori attuali.<\/div>\n<p style=\"text-align: justify;\">I dati ci aiutano a capire che ci troviamo di fronte ad un fatto puramente naturale, nel quale non si sceglie nulla, perch\u00e9 \u00e8 indipendente da noi. Di fatto, tutti possiamo osservare il decadimento fisico dovuto all\u2019et\u00e0, quindi a molti di coloro che raggiungeranno un\u2019et\u00e0 avanzata \u00e8 possibile che tocchi in sorte, qualche difficolt\u00e0, qualche disabilit\u00e0, anche perch\u00e9 il nostro paese \u00e8 secondo a livello mondiale per longevit\u00e0.<\/p>\n<p style=\"text-align: justify;\">Per\u00f2 \u00e8 altrettanto notorio e ognuno di noi pu\u00f2 darne testimonianza, che la disabilit\u00e0 non sia legata solo al dato anagrafico: la conoscenza di persone ancora giovani e gi\u00e0 per diversi motivi con abilit\u00e0 ridotte rispetto al normale, \u00e8 un\u2019evidenza. Tutto questo \u2013 la disabilit\u00e0 congenita e quella acquisita &#8211; pu\u00f2 farci dispiacere, ma resta \u201cun fatto umano di per s\u00e9 evidente che l\u2019uomo \u00e8 e rimane un essere vivente, e che, in quanto tale, sottost\u00e0 alle leggi di ci\u00f2 che \u00e8 organico\u201d , quindi alla caducit\u00e0 e alla decomposizione: all\u2019imperfezione.<\/p>\n<p style=\"text-align: justify;\">L\u2019ambiente umano \u00e8 caratterizzato, e non pu\u00f2 essere diversamente, dalla presenza di persone con handicap, sia esso dovuto a infermit\u00e0 congenita, a seguito di malattie croniche, ad infortuni, per debilit\u00e0 mentale o infermit\u00e0 sensoriale. Pertanto, lo sguardo obiettivo di quella che \u00e8 la condizione umana presenta l\u2019handicap non come una situazione innaturale e drammatica, ma piuttosto come una condizione di debolezza , del fisico o dell\u2019intelligenza all\u2019interno di quello che \u00e8 la natura umana.<\/p>\n<p style=\"text-align: justify;\">Certamente il concetto di salute che \u00e8 proposto per il nostro tempo &#8211; il quale \u201cha la tendenza ad andare oltre la riparazione del corpo umano (corpo e anima) e ad entrare in un mondo fantastico\u201d in cui \u201cil ruolo della cura \u00e8 quello di dare \u2026 una gioia di vivere costante\u201d e le capacit\u00e0 performanti per \u201carrivare ai confini dei propri desideri\u201d &#8211; stride con la realt\u00e0 di quella che \u00e8 la legge naturale, in cui la natura \u00e8 considerata anche con le sue imperfezioni e la sua fragilit\u00e0 e che relativizzano il concetto di qualit\u00e0 della vita; il quale diventa negativo se non distingue tra ci\u00f2 che \u00e8 giusto e ci\u00f2 che \u00e8 possibile fare, nella consapevolezza che non tutto ci\u00f2 che \u00e8 possibile fare, sia anche giusto.<\/p>\n<p style=\"text-align: justify;\">Invero, la presunzione che tutto ci\u00f2 che sia possibile fare sia anche giusto farlo \u00e8 all\u2019origine della nozione di qualit\u00e0 della vita, con la quale spesso si misurano le realt\u00e0 pi\u00f9 deboli, proprio cos\u00ec come si fa distinzione tra un bene di lusso ed un normale prodotto di consumo. Tanto \u00e8 vero questa nozione tende ad identificare come veramente umani solo i soggetti che gi\u00e0 vivono o potrebbero vivere vite di buona qualit\u00e0 ed a non considerare alla stessa stregua chi non ha questi standard.<\/p>\n<p style=\"text-align: justify;\">La nozione di qualit\u00e0 della vita, cos\u00ec intesa, \u00e8 un criterio d\u2019ingiustizia perch\u00e9 discrimina tra vite che non raggiungono standard di prestazione adeguati e che non sono ritenute meritevoli di tutela o della stessa tutela di cui godono le vite di buona qualit\u00e0. \u201cQuello che \u00e8 tragico \u00e8 che quest\u2019etica della disuguaglianza pretende di avere un\u2019intima ragionevolezza e pretende di fondare su dati oggettivi (atti, condizioni psico-fisiche, fasi della vita, prestazioni &#8230;) una disuguaglianza che \u00e8 pura costruzione culturale\u201d e non un dato esperienziale.<\/p>\n<p style=\"text-align: justify;\">Precisamente non \u00e8 in grado di esprime la realt\u00e0 dei fatti perch\u00e9 \u00e8 \u201criduttiva e selettiva: essa [la qualit\u00e0 della vita] consisterebbe nella capacit\u00e0 di godere e di sperimentare piacere, o anche nella capacit\u00e0 di autocoscienza e di partecipazione alla vita sociale. Di conseguenza, \u00e8 negata ogni qualit\u00e0 di vita agli esseri umani non ancora o non pi\u00f9 capaci di intendere e di volere, oppure a coloro che non sono pi\u00f9 in grado di godere la vita come sensazione e relazione\u201d .<\/p>\n<p style=\"text-align: justify;\">Invece, la persona handicappata \u00e8 un soggetto pienamente umano, con corrispondenti diritti innati, sacri e inviolabili, \u201cche non dipendono da qualit\u00e0 secondarie come la forza e l\u2019apparenza fisica, ma dal fatto che fondamentale egli o ella sono una persona, un essere umano\u201d . Di conseguenza, per migliorare realmente \u201cla qualit\u00e0 della vita [\u00e8 fondamentale] cercare di abbattere i pregiudizi e riscoprire la vera dignit\u00e0 umana e le risorse di ogni individuo, anche disabile\u201d.<\/p>\n<p style=\"text-align: justify;\">La visione \u201cutilitaristica\u201d della vita umana \u00e8 confutata dal fatto che persona non perde la propria essenza per il fatto di non esercitare l\u2019autocoscienza o l\u2019autodeterminazione, perch\u00e9 se anche questi due attributi possono perdersi, perch\u00e9 ci siano stati \u00e8 necessario che prima ci sia la persona: autocoscienza e autodeterminazione (che sono un modo di esercitare la personalit\u00e0), non possono esserci senza la personalit\u00e0, mentre questa c\u2019\u00e8 anche senza le altre due, per il solo fatto di essere creatura umana.<\/p>\n<p style=\"text-align: justify;\">Ma il rispetto di questa dignit\u00e0 e dei diritti che questa genera, devono essere affermati, non si impongono mai da soli, tanto pi\u00f9 che si \u00e8 di fronte a soggetti deboli, per questo \u201csoltanto se vengono riconosciuti i diritti dei pi\u00f9 deboli una societ\u00e0 pu\u00f2 dire di essere fondata sul diritto e sulla giustizia: l\u2019handicappato non \u00e8 persona in modo diverso dagli altri\u201d , in modo diverso dai sani ed il mondo dei diritti non pu\u00f2 essere un\u2019aspettativa solo dei normodotati.<\/p>\n<p style=\"text-align: justify;\">Ne consegue che l\u2019assistenza al disabile non \u00e8 solo un atto di carit\u00e0, di amore, che deve limitarsi all\u2019ambito famigliare, ma \u00e8, ancora prima, un fatto di giustizia che interpella tutti, \u201cperch\u00e9 essere giusti vuol dire far valere l\u2019altro come tale \u2026 aiutandolo ad ottenere quel che gli spetta \u201d e questo \u00e8 un obbligo perch\u00e9 l\u2019uomo \u00e8 persona, vale a dire un essere non solo corporale, ma anche spirituale, per cui tende ad una perfezione e gli compete sempre, secondo le sue attitudine, questa possibilit\u00e0. Infatti, anche \u201cper la persona handicappata, come per ogni altra persona, non \u00e8 dunque importante fare quello che fanno gli altri, ma fare ci\u00f2 che \u00e8 veramente bene per lei, attuare sempre pi\u00f9 le proprie ricchezze, rispondere con fedelt\u00e0 alla propria vocazione umana e soprannaturale\u201d .<\/p>\n<p style=\"text-align: justify;\">Il nostro atteggiamento nei loro confronti non pu\u00f2 essere quello del diniego alla \u201ccittadinanza\u201d, perch\u00e9 si tratta di soggetti \u201cda certi punti di vista pi\u00f9 deboli, ma sempre di persone che aspirano alla propria valorizzazione piena\u201d . Non si pu\u00f2 lasciarli soli, perch\u00e9 anche loro, come noi, affrontano la vita e necessitano di amicizia e sicurezza per sviluppare, nella misura del possibile, le loro qualit\u00e0 umane, morali e spirituali. Hanno diritto di essere resi capaci di collaborare, a loro modo, ad un mondo pi\u00f9 umano .<\/p>\n<p style=\"text-align: justify;\"><strong>Note<\/strong><\/p>\n<p style=\"text-align: justify;\">Il rapporto Istat fornisce a p. 9 questa definizione di disabilit\u00e0: \u201cLa disabilit\u00e0 \u00e8 un termine che indica gli aspetti negativi dell\u2019interazione tra un individuo, con una determinata condizione di salute, e i contesti ambientali e culturali dove esso vive\u201d. Ha recepito la definizione elaborata dall\u2019Organizzazione Mondiale della Sanit\u00e0 nel 2001 nella Classificazione internazionale del funzionamento, della disabilit\u00e0 e della salute (Icf): \u201cla conseguenza o il risultato di una complessa relazione tra la condizione di salute di un individuo e i fattori personali e i fattori ambientali che rappresentano le circostanze in cui vive l\u2019individuo<\/p>\n<p style=\"text-align: justify;\">Ramon Lucas Lucas, <em>L\u2019uomo spirito incarnato. Compendio di filosofia dell\u2019uomo<\/em>, San Paolo, 2007, p. 29.<\/p>\n<p style=\"text-align: justify;\">Cfr. Giovanni Paolo II, Omelia della celebrazione liturgica per il Giubileo delle comunit\u00e0 con persone handicappate, 31 marzo 1984<\/p>\n<p style=\"text-align: justify;\">Jean Marie Le Mene, <em>Etica sanitaria e gestione della salute mondiale<\/em>, intervento alla XI Assemblea Generale della Pontificia Accademia Pro vita, 21 febbraio 2005.<\/p>\n<p style=\"text-align: justify;\">Maurizio Faggioni, <em>La qualit\u00e0 della vita e la salute alla luce dell\u2019antropologia cristiana<\/em>, intervento alla XI Assemblea Generale della Pontificia Accademia Pro vita, 21 febbraio 2005.<\/p>\n<p style=\"text-align: justify;\">Giovanni Paolo II, Messaggio ai partecipanti alla XI Assemblea Generale della PAV, 19 febbraio 2005.<\/p>\n<p style=\"text-align: justify;\">Giovanni Paolo II, Discorso ai partecipanti ai giochi mondiali per handicappati, 3 aprile 1981.<\/p>\n<p style=\"text-align: justify;\">Rita Coruzzi, <em>Un volo di farfalla. Come la fede mi ha ridato il sorriso<\/em>, Piemme, 2010, P. 132.<\/p>\n<p style=\"text-align: justify;\">Cfr. R. L. Lucas, <em>L\u2019uomo spirito incarnato<\/em>, p. 256.<\/p>\n<p style=\"text-align: justify;\">Giovanni Paolo II, Messaggio ai partecipanti al simposio internazionale su Dignit\u00e0 e diritti della persona con handicap mentale, 5 gennaio 2004<\/p>\n<p style=\"text-align: justify;\">Josef Pipper, <em>La giustizia,<\/em> Morcelliana, 2000, p. 44<\/p>\n<p style=\"text-align: justify;\">Giovanni Paolo II, Messaggio ai partecipanti al simposio internazionale su Dignit\u00e0 e diritti della persona con handicap mentale, 5 gennaio 2004.<\/p>\n<p style=\"text-align: justify;\">Giovanni Paolo II, Omelia della celebrazione liturgica per il Giubileo delle comunit\u00e0 con persone handicappate, 31 marzo 1984.<\/p>\n","protected":false},"excerpt":{"rendered":"<p>Corriere del Sud N\u00b0 9\/2010 &#8211; 5 luglio di Cristian Ricci Il Rapporto ISTAT \u201cLa disabilit\u00e0 in Italia \u2013 aprile 2010\u201d, riferito a dati sul 2004, rivela la presenza nel nostro paese di oltre 2 milioni e 600 mila disabili, il 4,8 % della popolazione, dei quali il 66,2 per cento donne, circa 1 milione &hellip; <\/p>\n<p><a class=\"more-link btn\" href=\"https:\/\/www.rassegnastampa-totustuus.it\/cattolica\/la-cura-dei-disabili-in-italia\/\">Continua a leggere<\/a><\/p>\n","protected":false},"author":6,"featured_media":21396,"comment_status":"closed","ping_status":"open","sticky":false,"template":"","format":"standard","meta":{"footnotes":""},"categories":[7,102],"tags":[456],"class_list":["post-4088","post","type-post","status-publish","format-standard","has-post-thumbnail","hentry","category-costume","category-italia-contemporanea","tag-disabilita","item-wrap"],"yoast_head":"<!-- This site is optimized with the Yoast SEO plugin v27.5 - https:\/\/yoast.com\/product\/yoast-seo-wordpress\/ -->\n<title>La cura dei disabili in Italia - Rassegna Stampa Cattolica<\/title>\n<meta name=\"description\" content=\"Rassegna Stampa Cattolica - Per una cultura che nasce dalla Rivelazione cristiana in conformit\u00e0 alla tradizione e al Magistero della Chiesa in opposizione ad ogni relativismo e totalitarismo\" \/>\n<meta name=\"robots\" content=\"index, follow, max-snippet:-1, max-image-preview:large, max-video-preview:-1\" \/>\n<link rel=\"canonical\" href=\"https:\/\/www.rassegnastampa-totustuus.it\/cattolica\/la-cura-dei-disabili-in-italia\/\" \/>\n<meta property=\"og:locale\" content=\"it_IT\" \/>\n<meta property=\"og:type\" content=\"article\" \/>\n<meta property=\"og:title\" content=\"La cura dei disabili in Italia - Rassegna Stampa Cattolica\" \/>\n<meta property=\"og:description\" content=\"Rassegna Stampa Cattolica - Per una cultura che nasce dalla Rivelazione cristiana in conformit\u00e0 alla tradizione e al Magistero della Chiesa in opposizione ad ogni relativismo e totalitarismo\" \/>\n<meta property=\"og:url\" content=\"https:\/\/www.rassegnastampa-totustuus.it\/cattolica\/la-cura-dei-disabili-in-italia\/\" \/>\n<meta property=\"og:site_name\" content=\"Rassegna Stampa Cattolica\" \/>\n<meta property=\"article:publisher\" content=\"https:\/\/www.facebook.com\/rassegnastampacattolica\" \/>\n<meta property=\"article:published_time\" content=\"2010-09-15T22:00:00+00:00\" \/>\n<meta property=\"article:modified_time\" content=\"2015-03-12T14:54:22+00:00\" \/>\n<meta property=\"og:image\" content=\"https:\/\/www.rassegnastampa-totustuus.it\/cattolica\/wp-content\/uploads\/2010\/09\/disabilit\u00e0.jpg\" \/>\n\t<meta property=\"og:image:width\" content=\"293\" \/>\n\t<meta property=\"og:image:height\" content=\"172\" \/>\n\t<meta property=\"og:image:type\" content=\"image\/jpeg\" \/>\n<meta name=\"author\" content=\"Redazione\" \/>\n<meta name=\"twitter:card\" content=\"summary_large_image\" \/>\n<meta name=\"twitter:creator\" content=\"@rassegnastampa9\" \/>\n<meta name=\"twitter:site\" content=\"@rassegnastampa9\" \/>\n<meta name=\"twitter:label1\" content=\"Scritto da\" \/>\n\t<meta name=\"twitter:data1\" content=\"Redazione\" \/>\n\t<meta name=\"twitter:label2\" content=\"Tempo di lettura stimato\" \/>\n\t<meta name=\"twitter:data2\" content=\"7 minuti\" \/>\n<script type=\"application\/ld+json\" class=\"yoast-schema-graph\">{\"@context\":\"https:\\\/\\\/schema.org\",\"@graph\":[{\"@type\":\"Article\",\"@id\":\"https:\\\/\\\/www.rassegnastampa-totustuus.it\\\/cattolica\\\/la-cura-dei-disabili-in-italia\\\/#article\",\"isPartOf\":{\"@id\":\"https:\\\/\\\/www.rassegnastampa-totustuus.it\\\/cattolica\\\/la-cura-dei-disabili-in-italia\\\/\"},\"author\":{\"name\":\"Redazione\",\"@id\":\"https:\\\/\\\/www.rassegnastampa-totustuus.it\\\/cattolica\\\/#\\\/schema\\\/person\\\/08f319d2bd1a0904ad9e2bfb7b15e5c3\"},\"headline\":\"La cura dei disabili in Italia\",\"datePublished\":\"2010-09-15T22:00:00+00:00\",\"dateModified\":\"2015-03-12T14:54:22+00:00\",\"mainEntityOfPage\":{\"@id\":\"https:\\\/\\\/www.rassegnastampa-totustuus.it\\\/cattolica\\\/la-cura-dei-disabili-in-italia\\\/\"},\"wordCount\":1439,\"publisher\":{\"@id\":\"https:\\\/\\\/www.rassegnastampa-totustuus.it\\\/cattolica\\\/#organization\"},\"image\":{\"@id\":\"https:\\\/\\\/www.rassegnastampa-totustuus.it\\\/cattolica\\\/la-cura-dei-disabili-in-italia\\\/#primaryimage\"},\"thumbnailUrl\":\"https:\\\/\\\/www.rassegnastampa-totustuus.it\\\/cattolica\\\/wp-content\\\/uploads\\\/2010\\\/09\\\/disabilit\u00e0.jpg\",\"keywords\":[\"disabilit\u00e0\"],\"articleSection\":[\"Costume\",\"Italia contemporanea\"],\"inLanguage\":\"it-IT\"},{\"@type\":\"WebPage\",\"@id\":\"https:\\\/\\\/www.rassegnastampa-totustuus.it\\\/cattolica\\\/la-cura-dei-disabili-in-italia\\\/\",\"url\":\"https:\\\/\\\/www.rassegnastampa-totustuus.it\\\/cattolica\\\/la-cura-dei-disabili-in-italia\\\/\",\"name\":\"La cura dei disabili in Italia - Rassegna Stampa Cattolica\",\"isPartOf\":{\"@id\":\"https:\\\/\\\/www.rassegnastampa-totustuus.it\\\/cattolica\\\/#website\"},\"primaryImageOfPage\":{\"@id\":\"https:\\\/\\\/www.rassegnastampa-totustuus.it\\\/cattolica\\\/la-cura-dei-disabili-in-italia\\\/#primaryimage\"},\"image\":{\"@id\":\"https:\\\/\\\/www.rassegnastampa-totustuus.it\\\/cattolica\\\/la-cura-dei-disabili-in-italia\\\/#primaryimage\"},\"thumbnailUrl\":\"https:\\\/\\\/www.rassegnastampa-totustuus.it\\\/cattolica\\\/wp-content\\\/uploads\\\/2010\\\/09\\\/disabilit\u00e0.jpg\",\"datePublished\":\"2010-09-15T22:00:00+00:00\",\"dateModified\":\"2015-03-12T14:54:22+00:00\",\"description\":\"Rassegna Stampa Cattolica - Per una cultura che nasce dalla Rivelazione cristiana in conformit\u00e0 alla tradizione e al Magistero della Chiesa in opposizione ad ogni relativismo e totalitarismo\",\"breadcrumb\":{\"@id\":\"https:\\\/\\\/www.rassegnastampa-totustuus.it\\\/cattolica\\\/la-cura-dei-disabili-in-italia\\\/#breadcrumb\"},\"inLanguage\":\"it-IT\",\"potentialAction\":[{\"@type\":\"ReadAction\",\"target\":[\"https:\\\/\\\/www.rassegnastampa-totustuus.it\\\/cattolica\\\/la-cura-dei-disabili-in-italia\\\/\"]}]},{\"@type\":\"ImageObject\",\"inLanguage\":\"it-IT\",\"@id\":\"https:\\\/\\\/www.rassegnastampa-totustuus.it\\\/cattolica\\\/la-cura-dei-disabili-in-italia\\\/#primaryimage\",\"url\":\"https:\\\/\\\/www.rassegnastampa-totustuus.it\\\/cattolica\\\/wp-content\\\/uploads\\\/2010\\\/09\\\/disabilit\u00e0.jpg\",\"contentUrl\":\"https:\\\/\\\/www.rassegnastampa-totustuus.it\\\/cattolica\\\/wp-content\\\/uploads\\\/2010\\\/09\\\/disabilit\u00e0.jpg\",\"width\":293,\"height\":172},{\"@type\":\"BreadcrumbList\",\"@id\":\"https:\\\/\\\/www.rassegnastampa-totustuus.it\\\/cattolica\\\/la-cura-dei-disabili-in-italia\\\/#breadcrumb\",\"itemListElement\":[{\"@type\":\"ListItem\",\"position\":1,\"name\":\"Home\",\"item\":\"https:\\\/\\\/www.rassegnastampa-totustuus.it\\\/cattolica\\\/\"},{\"@type\":\"ListItem\",\"position\":2,\"name\":\"La cura dei disabili in Italia\"}]},{\"@type\":\"WebSite\",\"@id\":\"https:\\\/\\\/www.rassegnastampa-totustuus.it\\\/cattolica\\\/#website\",\"url\":\"https:\\\/\\\/www.rassegnastampa-totustuus.it\\\/cattolica\\\/\",\"name\":\"Rassegna Stampa Cattolica\",\"description\":\"Per una cultura che nasce dalla Rivelazione cristiana in conformit\u00e0 alla tradizione e al Magistero della Chiesa in opposizione ad ogni relativismo e totalitarismo\",\"publisher\":{\"@id\":\"https:\\\/\\\/www.rassegnastampa-totustuus.it\\\/cattolica\\\/#organization\"},\"alternateName\":\"Rass. Cattolica\",\"potentialAction\":[{\"@type\":\"SearchAction\",\"target\":{\"@type\":\"EntryPoint\",\"urlTemplate\":\"https:\\\/\\\/www.rassegnastampa-totustuus.it\\\/cattolica\\\/?s={search_term_string}\"},\"query-input\":{\"@type\":\"PropertyValueSpecification\",\"valueRequired\":true,\"valueName\":\"search_term_string\"}}],\"inLanguage\":\"it-IT\"},{\"@type\":\"Organization\",\"@id\":\"https:\\\/\\\/www.rassegnastampa-totustuus.it\\\/cattolica\\\/#organization\",\"name\":\"Rassegna Stampa Cattolica\",\"url\":\"https:\\\/\\\/www.rassegnastampa-totustuus.it\\\/cattolica\\\/\",\"logo\":{\"@type\":\"ImageObject\",\"inLanguage\":\"it-IT\",\"@id\":\"https:\\\/\\\/www.rassegnastampa-totustuus.it\\\/cattolica\\\/#\\\/schema\\\/logo\\\/image\\\/\",\"url\":\"https:\\\/\\\/www.rassegnastampa-totustuus.it\\\/cattolica\\\/wp-content\\\/uploads\\\/2014\\\/04\\\/logo-rassegna1.gif\",\"contentUrl\":\"https:\\\/\\\/www.rassegnastampa-totustuus.it\\\/cattolica\\\/wp-content\\\/uploads\\\/2014\\\/04\\\/logo-rassegna1.gif\",\"width\":600,\"height\":163,\"caption\":\"Rassegna Stampa Cattolica\"},\"image\":{\"@id\":\"https:\\\/\\\/www.rassegnastampa-totustuus.it\\\/cattolica\\\/#\\\/schema\\\/logo\\\/image\\\/\"},\"sameAs\":[\"https:\\\/\\\/www.facebook.com\\\/rassegnastampacattolica\",\"https:\\\/\\\/x.com\\\/rassegnastampa9\"]},{\"@type\":\"Person\",\"@id\":\"https:\\\/\\\/www.rassegnastampa-totustuus.it\\\/cattolica\\\/#\\\/schema\\\/person\\\/08f319d2bd1a0904ad9e2bfb7b15e5c3\",\"name\":\"Redazione\",\"image\":{\"@type\":\"ImageObject\",\"inLanguage\":\"it-IT\",\"@id\":\"https:\\\/\\\/secure.gravatar.com\\\/avatar\\\/2fcdf27c78ea025fbdb44e914cc63c72249ffec9dc8aafd5c82b26240ef3f346?s=96&d=mm&r=g\",\"url\":\"https:\\\/\\\/secure.gravatar.com\\\/avatar\\\/2fcdf27c78ea025fbdb44e914cc63c72249ffec9dc8aafd5c82b26240ef3f346?s=96&d=mm&r=g\",\"contentUrl\":\"https:\\\/\\\/secure.gravatar.com\\\/avatar\\\/2fcdf27c78ea025fbdb44e914cc63c72249ffec9dc8aafd5c82b26240ef3f346?s=96&d=mm&r=g\",\"caption\":\"Redazione\"},\"url\":\"https:\\\/\\\/www.rassegnastampa-totustuus.it\\\/cattolica\\\/author\\\/pietroelle\\\/\"}]}<\/script>\n<!-- \/ Yoast SEO plugin. -->","yoast_head_json":{"title":"La cura dei disabili in Italia - Rassegna Stampa Cattolica","description":"Rassegna Stampa Cattolica - Per una cultura che nasce dalla Rivelazione cristiana in conformit\u00e0 alla tradizione e al Magistero della Chiesa in opposizione ad ogni relativismo e totalitarismo","robots":{"index":"index","follow":"follow","max-snippet":"max-snippet:-1","max-image-preview":"max-image-preview:large","max-video-preview":"max-video-preview:-1"},"canonical":"https:\/\/www.rassegnastampa-totustuus.it\/cattolica\/la-cura-dei-disabili-in-italia\/","og_locale":"it_IT","og_type":"article","og_title":"La cura dei disabili in Italia - Rassegna Stampa Cattolica","og_description":"Rassegna Stampa Cattolica - Per una cultura che nasce dalla Rivelazione cristiana in conformit\u00e0 alla tradizione e al Magistero della Chiesa in opposizione ad ogni relativismo e totalitarismo","og_url":"https:\/\/www.rassegnastampa-totustuus.it\/cattolica\/la-cura-dei-disabili-in-italia\/","og_site_name":"Rassegna Stampa Cattolica","article_publisher":"https:\/\/www.facebook.com\/rassegnastampacattolica","article_published_time":"2010-09-15T22:00:00+00:00","article_modified_time":"2015-03-12T14:54:22+00:00","og_image":[{"width":293,"height":172,"url":"https:\/\/www.rassegnastampa-totustuus.it\/cattolica\/wp-content\/uploads\/2010\/09\/disabilit\u00e0.jpg","type":"image\/jpeg"}],"author":"Redazione","twitter_card":"summary_large_image","twitter_creator":"@rassegnastampa9","twitter_site":"@rassegnastampa9","twitter_misc":{"Scritto da":"Redazione","Tempo di lettura stimato":"7 minuti"},"schema":{"@context":"https:\/\/schema.org","@graph":[{"@type":"Article","@id":"https:\/\/www.rassegnastampa-totustuus.it\/cattolica\/la-cura-dei-disabili-in-italia\/#article","isPartOf":{"@id":"https:\/\/www.rassegnastampa-totustuus.it\/cattolica\/la-cura-dei-disabili-in-italia\/"},"author":{"name":"Redazione","@id":"https:\/\/www.rassegnastampa-totustuus.it\/cattolica\/#\/schema\/person\/08f319d2bd1a0904ad9e2bfb7b15e5c3"},"headline":"La cura dei disabili in Italia","datePublished":"2010-09-15T22:00:00+00:00","dateModified":"2015-03-12T14:54:22+00:00","mainEntityOfPage":{"@id":"https:\/\/www.rassegnastampa-totustuus.it\/cattolica\/la-cura-dei-disabili-in-italia\/"},"wordCount":1439,"publisher":{"@id":"https:\/\/www.rassegnastampa-totustuus.it\/cattolica\/#organization"},"image":{"@id":"https:\/\/www.rassegnastampa-totustuus.it\/cattolica\/la-cura-dei-disabili-in-italia\/#primaryimage"},"thumbnailUrl":"https:\/\/www.rassegnastampa-totustuus.it\/cattolica\/wp-content\/uploads\/2010\/09\/disabilit\u00e0.jpg","keywords":["disabilit\u00e0"],"articleSection":["Costume","Italia contemporanea"],"inLanguage":"it-IT"},{"@type":"WebPage","@id":"https:\/\/www.rassegnastampa-totustuus.it\/cattolica\/la-cura-dei-disabili-in-italia\/","url":"https:\/\/www.rassegnastampa-totustuus.it\/cattolica\/la-cura-dei-disabili-in-italia\/","name":"La cura dei disabili in Italia - Rassegna Stampa Cattolica","isPartOf":{"@id":"https:\/\/www.rassegnastampa-totustuus.it\/cattolica\/#website"},"primaryImageOfPage":{"@id":"https:\/\/www.rassegnastampa-totustuus.it\/cattolica\/la-cura-dei-disabili-in-italia\/#primaryimage"},"image":{"@id":"https:\/\/www.rassegnastampa-totustuus.it\/cattolica\/la-cura-dei-disabili-in-italia\/#primaryimage"},"thumbnailUrl":"https:\/\/www.rassegnastampa-totustuus.it\/cattolica\/wp-content\/uploads\/2010\/09\/disabilit\u00e0.jpg","datePublished":"2010-09-15T22:00:00+00:00","dateModified":"2015-03-12T14:54:22+00:00","description":"Rassegna Stampa Cattolica - Per una cultura che nasce dalla Rivelazione cristiana in conformit\u00e0 alla tradizione e al Magistero della Chiesa in opposizione ad ogni relativismo e totalitarismo","breadcrumb":{"@id":"https:\/\/www.rassegnastampa-totustuus.it\/cattolica\/la-cura-dei-disabili-in-italia\/#breadcrumb"},"inLanguage":"it-IT","potentialAction":[{"@type":"ReadAction","target":["https:\/\/www.rassegnastampa-totustuus.it\/cattolica\/la-cura-dei-disabili-in-italia\/"]}]},{"@type":"ImageObject","inLanguage":"it-IT","@id":"https:\/\/www.rassegnastampa-totustuus.it\/cattolica\/la-cura-dei-disabili-in-italia\/#primaryimage","url":"https:\/\/www.rassegnastampa-totustuus.it\/cattolica\/wp-content\/uploads\/2010\/09\/disabilit\u00e0.jpg","contentUrl":"https:\/\/www.rassegnastampa-totustuus.it\/cattolica\/wp-content\/uploads\/2010\/09\/disabilit\u00e0.jpg","width":293,"height":172},{"@type":"BreadcrumbList","@id":"https:\/\/www.rassegnastampa-totustuus.it\/cattolica\/la-cura-dei-disabili-in-italia\/#breadcrumb","itemListElement":[{"@type":"ListItem","position":1,"name":"Home","item":"https:\/\/www.rassegnastampa-totustuus.it\/cattolica\/"},{"@type":"ListItem","position":2,"name":"La cura dei disabili in Italia"}]},{"@type":"WebSite","@id":"https:\/\/www.rassegnastampa-totustuus.it\/cattolica\/#website","url":"https:\/\/www.rassegnastampa-totustuus.it\/cattolica\/","name":"Rassegna Stampa Cattolica","description":"Per una cultura che nasce dalla Rivelazione cristiana in conformit\u00e0 alla tradizione e al Magistero della Chiesa in opposizione ad ogni relativismo e totalitarismo","publisher":{"@id":"https:\/\/www.rassegnastampa-totustuus.it\/cattolica\/#organization"},"alternateName":"Rass. Cattolica","potentialAction":[{"@type":"SearchAction","target":{"@type":"EntryPoint","urlTemplate":"https:\/\/www.rassegnastampa-totustuus.it\/cattolica\/?s={search_term_string}"},"query-input":{"@type":"PropertyValueSpecification","valueRequired":true,"valueName":"search_term_string"}}],"inLanguage":"it-IT"},{"@type":"Organization","@id":"https:\/\/www.rassegnastampa-totustuus.it\/cattolica\/#organization","name":"Rassegna Stampa Cattolica","url":"https:\/\/www.rassegnastampa-totustuus.it\/cattolica\/","logo":{"@type":"ImageObject","inLanguage":"it-IT","@id":"https:\/\/www.rassegnastampa-totustuus.it\/cattolica\/#\/schema\/logo\/image\/","url":"https:\/\/www.rassegnastampa-totustuus.it\/cattolica\/wp-content\/uploads\/2014\/04\/logo-rassegna1.gif","contentUrl":"https:\/\/www.rassegnastampa-totustuus.it\/cattolica\/wp-content\/uploads\/2014\/04\/logo-rassegna1.gif","width":600,"height":163,"caption":"Rassegna Stampa Cattolica"},"image":{"@id":"https:\/\/www.rassegnastampa-totustuus.it\/cattolica\/#\/schema\/logo\/image\/"},"sameAs":["https:\/\/www.facebook.com\/rassegnastampacattolica","https:\/\/x.com\/rassegnastampa9"]},{"@type":"Person","@id":"https:\/\/www.rassegnastampa-totustuus.it\/cattolica\/#\/schema\/person\/08f319d2bd1a0904ad9e2bfb7b15e5c3","name":"Redazione","image":{"@type":"ImageObject","inLanguage":"it-IT","@id":"https:\/\/secure.gravatar.com\/avatar\/2fcdf27c78ea025fbdb44e914cc63c72249ffec9dc8aafd5c82b26240ef3f346?s=96&d=mm&r=g","url":"https:\/\/secure.gravatar.com\/avatar\/2fcdf27c78ea025fbdb44e914cc63c72249ffec9dc8aafd5c82b26240ef3f346?s=96&d=mm&r=g","contentUrl":"https:\/\/secure.gravatar.com\/avatar\/2fcdf27c78ea025fbdb44e914cc63c72249ffec9dc8aafd5c82b26240ef3f346?s=96&d=mm&r=g","caption":"Redazione"},"url":"https:\/\/www.rassegnastampa-totustuus.it\/cattolica\/author\/pietroelle\/"}]}},"_links":{"self":[{"href":"https:\/\/www.rassegnastampa-totustuus.it\/cattolica\/wp-json\/wp\/v2\/posts\/4088","targetHints":{"allow":["GET"]}}],"collection":[{"href":"https:\/\/www.rassegnastampa-totustuus.it\/cattolica\/wp-json\/wp\/v2\/posts"}],"about":[{"href":"https:\/\/www.rassegnastampa-totustuus.it\/cattolica\/wp-json\/wp\/v2\/types\/post"}],"author":[{"embeddable":true,"href":"https:\/\/www.rassegnastampa-totustuus.it\/cattolica\/wp-json\/wp\/v2\/users\/6"}],"replies":[{"embeddable":true,"href":"https:\/\/www.rassegnastampa-totustuus.it\/cattolica\/wp-json\/wp\/v2\/comments?post=4088"}],"version-history":[{"count":3,"href":"https:\/\/www.rassegnastampa-totustuus.it\/cattolica\/wp-json\/wp\/v2\/posts\/4088\/revisions"}],"predecessor-version":[{"id":21397,"href":"https:\/\/www.rassegnastampa-totustuus.it\/cattolica\/wp-json\/wp\/v2\/posts\/4088\/revisions\/21397"}],"wp:featuredmedia":[{"embeddable":true,"href":"https:\/\/www.rassegnastampa-totustuus.it\/cattolica\/wp-json\/wp\/v2\/media\/21396"}],"wp:attachment":[{"href":"https:\/\/www.rassegnastampa-totustuus.it\/cattolica\/wp-json\/wp\/v2\/media?parent=4088"}],"wp:term":[{"taxonomy":"category","embeddable":true,"href":"https:\/\/www.rassegnastampa-totustuus.it\/cattolica\/wp-json\/wp\/v2\/categories?post=4088"},{"taxonomy":"post_tag","embeddable":true,"href":"https:\/\/www.rassegnastampa-totustuus.it\/cattolica\/wp-json\/wp\/v2\/tags?post=4088"}],"curies":[{"name":"wp","href":"https:\/\/api.w.org\/{rel}","templated":true}]}}