{"id":40855,"date":"2016-08-21T00:00:34","date_gmt":"2016-08-20T22:00:34","guid":{"rendered":"http:\/\/www.rassegnastampa-totustuus.it\/cattolica\/?p=40855"},"modified":"2018-08-21T12:16:13","modified_gmt":"2018-08-21T10:16:13","slug":"nicolas-gomez-davila-1913-1994","status":"publish","type":"post","link":"https:\/\/www.rassegnastampa-totustuus.it\/cattolica\/nicolas-gomez-davila-1913-1994\/","title":{"rendered":"Nicol\u00e1s G\u00f3mez D\u00e1vila (1913-1994)"},"content":{"rendered":"<p style=\"text-align: center;\">I.D.I.S. \u2013 Istituto per la Dottrina e l\u2019Informazione Sociale<\/p>\n<p style=\"text-align: center;\"><strong>Voci per un dizionario del pensiero forte<\/strong><\/p>\n<p><a href=\"https:\/\/www.rassegnastampa-totustuus.it\/cattolica\/wp-content\/uploads\/2018\/08\/Nicol\u00e1s-G\u00f3mez-D\u00e1vila.jpg\"><img loading=\"lazy\" decoding=\"async\" class=\"aligncenter wp-image-40856\" src=\"https:\/\/www.rassegnastampa-totustuus.it\/cattolica\/wp-content\/uploads\/2018\/08\/Nicol\u00e1s-G\u00f3mez-D\u00e1vila.jpg\" alt=\"\" width=\"250\" height=\"187\" \/><\/a><\/p>\n<p style=\"text-align: center;\">di <strong>Giovanni Cantoni<\/strong><\/p>\n<p style=\"text-align: justify;\"><!--more--><strong>1. Un ricco eremita in casa propria: il \u00abcertosino dell\u2019altopiano\u00bb<\/strong><\/p>\n<p style=\"text-align: justify;\">Nicol\u00e1s G\u00f3mez D\u00e1vila nasce il 18 maggio 1913 in Colombia, a Cajic\u00e1, nel dipartimento di Cundinamarca, di cui \u00e8 capoluogo la capitale dello Stato iberoamericano, Santa Fe de Bogot\u00e1, da una famiglia dell\u2019alta societ\u00e0. Non si laurea e della sua formazione si possono considerare regolari solo gli studi, elementari e medi, compiuti in scuole private o sotto la guida di precettori, durante una lunghissima permanenza in Francia, dai sei ai ventitr\u00e9 anni.<\/p>\n<p style=\"text-align: justify;\">La sua naturale avidit\u00e0 intellettuale si esprime nelle pratiche della lettura e della riflessione, confermate e trasformate \u2014 per cos\u00ec dire \u2014 da stile di vita in destino da un incidente occorsogli andando a cavallo, incidente che lo condiziona e contribuisce a relegarlo, dai primi anni 1960, in casa propria, <em>\u00abubicata in un\u2019affollata via di Bogot\u00e1, in mezzo al traffico e al rumore della strada, come un monumento preistorico che la <\/em>routine<em> sembra condannare alla dimenticanza, nonostante la sua isolata bellezza\u00bb<\/em>: in questi termini \u00d3scar Duque Torres, uno dei suoi pochi critici, descrive suggestivamente l\u2019abitazione, in stile Tudor.<\/p>\n<p style=\"text-align: justify;\">Cos\u00ec G\u00f3mez D\u00e1vila vive quasi trent\u2019anni come in clausura, da <em>\u00abcertosino dell\u2019altopiano\u00bb<\/em> \u2014 la definizione \u00e8 dello stesso critico e l\u2019altopiano \u00e8 quello dov\u2019\u00e8 ubicata Santa Fe de Bogot\u00e1, a 2630 metri d\u2019altitudine \u2014, nella \u00abcella\u00bb costituita dalla sua monumentale biblioteca, di oltre trentamila volumi, soprattutto in lingua originale \u2014 rifiuta le traduzioni \u2014, greco, latino, tedesco, inglese, portoghese, francese, italiano, russo e, naturalmente, spagnolo.<\/p>\n<p style=\"text-align: justify;\">Vi riceve una mezza dozzina d\u2019interlocutori \u2014 fra essi il critico e scrittore Hernando T\u00e9llez (1908-1966), il dotto frate minore F\u00e9lix Wilches (1905-1972) e l\u2019uomo politico conservatore, diplomatico e appassionato d\u2019arte Douglas Botero Boshell (1916-1997) \u2014 e l\u2019abbandona quasi solo per la \u00abcappella\u00bb, la chiesa del convento francescano de La Porci\u00fancula, nella stessa via.<\/p>\n<p style=\"text-align: justify;\">Muore il 17 maggio 1994, mentre s\u2019appresta a studiare il danese per accostare S\u00f8ren Kierkegaard (1813-1855), lasciando la moglie, Mar\u00eda Emilia Nieto de G\u00f3\u00admez, tre figli e nipoti.<\/p>\n<p style=\"text-align: justify;\"><strong>2. Gli scritti: \u00abglosse a un testo implicito\u00bb<\/strong><\/p>\n<p style=\"text-align: justify;\">Di fatto G\u00f3mez D\u00e1vila \u00e8 autore di una sola grande opera continua, <em>Escolios a un texto impl\u00edcito<\/em>, la cui pubblicazione inizia con questo titolo nel 1977, prosegue nel 1986 come <em>Nuevos escolios a un texto impl\u00edcito<\/em> e si conclude, nel 1992, come <em>Sucesivos e scolios a un texto impl\u00edcito<\/em>. Tutti questi volumi hanno la stessa struttura e sono frutto della stessa concezione: una sequenza di <em>escolios<\/em>, di \u00abglosse\u00bb, di genere anticipate, con il modesto titolo di <em>Notas<\/em>, nel 1954 in un\u2019edizione privata in Messico, quindi, nel 1956, sulla rivista d\u2019avanguardia colombiana <em>Mito<\/em>.<\/p>\n<p style=\"text-align: justify;\">In apparenza diverso \u00e8 il volume <em>Textos I<\/em>, del 1959, un testo unico con qualche rara suddivisione, che raccoglie pensieri in paragrafi l\u2019uno seguente l\u2019altro, poi \u00absvanito\u00bb nella stessa consapevolezza dell\u2019autore, cos\u00ec come costituiscono eccezioni, dal punto di vista formale, i saggi <em>Il vero reazionario<\/em> e <em>De Jure<\/em>. Ma in <em>Textos I<\/em> sono gi\u00e0 presenti i caratteri delle glosse, meno il \u00abtesto implicito\u00bb: un pensiero libero e concentrato e un\u2019espressione ricercata.<\/p>\n<p style=\"text-align: justify;\"><strong>3. La fortuna dello \u00abscrittore reazionario\u00bb o la \u00abcelebrit\u00e0 discreta\u00bb<\/strong><\/p>\n<p style=\"text-align: justify;\">Gli scritti del pensatore colombiano vengono proposti al pubblico nonostante la sua ritrosia e solo grazie all\u2019interessamento dei pochi ma fedelissimi amici. Del resto \u2014 la notazione \u00e8 dello stesso G\u00f3mez D\u00e1vila \u2014, <em>\u00ablo scrittore reazionario deve rassegnarsi a una celebrit\u00e0 discreta, dal momento che non si pu\u00f2 ingraziare gl\u2019imbecilli\u00bb<\/em>.<\/p>\n<p style=\"text-align: justify;\">La letteratura critica \u00e8 limitata a qualche saggio quando non a rievocazioni giornalistiche. I suoi scritti e il suo pensiero hanno per\u00f2 trovato eco nel mondo di lingua tedesca, negli anni 1980, grazie a un\u2019editrice conservatrice viennese, cos\u00ec acquisendo fra i suoi estimatori lo scrittore Ernst J\u00fcnger (1895-1998), lo studioso e pensatore politico Erik von Kuehnelt-Leddihn (1909-1999) e il filosofo Robert Spaemann.<\/p>\n<p style=\"text-align: justify;\">Sono pure riferibili i giudizi di ben altrimenti noti scrittori suoi compatrioti. Il romanziere e poeta \u00c1lvaro Mutis \u2014 uno dei suoi frequentatori \u2014 parla di <em>Escolios a un texto impl\u00edcito<\/em> come di <em>\u00abun capolavoro del pensiero occidentale\u00bb<\/em>, <em>\u00ab<\/em>[\u2026]<em>una vasta <\/em>summa<em> di sapere, disseminata<\/em> [\u2026]<em> di allusioni e di elusioni, la cui piena utilizzazione supporrebbe lunghe veglie con i testi essenziali della nostra eredit\u00e0 ebraica, ellenica, romana, cristiana e occidentale\u00bb<\/em>; e la definisce <em>\u00abopera superba che presenta nello stesso tempo una feconda teoria della storia e un\u2019inconfutabile dottrina politica, un\u2019essenziale meditazione sulla poesia e un non meno definitivo esame del pensiero metafisico e teologico\u00bb<\/em>, tale da essere \u2014 prevede \u2014 motivo di scandalo per gli <em>\u00ab<\/em>[\u2026]<em> eredi della tradizione liberale e democratica nata con la riforma protestante, incubata nel secolo dei lumi e battezzata con il sangue nelle giornate del 1789\u00bb<\/em>, ma atta a esser utilizzata anche dall\u2019<em>uomo qualunque<\/em>, come dice con espressione italiana, dal momento che, per quanto <em>\u00abinconsueta e vasta\u00bb<\/em>, <em>\u00ab<\/em>[\u2026]<em> concerne anche i nostri affari di tutti i giorni\u00bb<\/em>.<\/p>\n<p style=\"text-align: justify;\">E del romanziere Gabriel Garc\u00eda M\u00e1rquez viene citata l\u2019impegnativa affermazione: <em>\u00abSe non fossi comunista, penserei come G\u00f3mez D\u00e1vila\u00bb<\/em>.<\/p>\n<p style=\"text-align: justify;\"><strong>4. Il genere letterario: la tecnica \u00abpointilliste\u00bb e il \u00abtesto breve\u00bb<\/strong><\/p>\n<p style=\"text-align: justify;\">L\u2019opera del pensatore colombiano va esaminata secondo le prospettive formale e contenutistica non per scelta del critico, ma perch\u00e9 indicate, pi\u00f9 che soltanto suggerite, dai titoli spogli dei suoi volumi, privi di qualsiasi richiamo, costituiti dalla reiterazione di \u00abglosse\u00bb e di \u00abtesto implicito\u00bb. Si tratta infatti di consistenti raccolte di pensieri brevi \u2014 oltre diecimila \u2014, ai quali l\u2019autore nega la natura di aforismi: <em>\u00abIl lettore non trover\u00e0 aforismi in queste pagine\u00bb <\/em>\u2014 scrive \u2014, <em>\u00able mie brevi frasi sono i tocchi cromatici di una composizione \u201cpointilliste\u201d\u00bb<\/em>.<\/p>\n<p style=\"text-align: justify;\">E il riferimento alla tecnica pittorica <em>pointilliste<\/em>, in una delle prime glosse della prima raccolta, costituisce indicazione ermeneutica fondamentale, che vieta un giudizio non d\u2019insieme sulla \u00abcomposizione\u00bb e sull\u2019\u00abartista\u00bb \u2014 sua la dichiarazione: <em>\u00abPretendo soltanto di non aver scritto un libro lineare, ma un libro concentrico\u00bb \u2014<\/em> e che suggerisce un apprezzamento corrispondente dei singoli \u00abpunti\u00bb, dei singoli <em>\u00abtocchi cromatici\u00bb<\/em>: <em>\u00abIl discorso continuo <\/em>\u2014 sentenzia \u2014<em> tende a occultare le rotture dell\u2019essere.<\/em><\/p>\n<p style=\"text-align: justify;\"><em>\u00abIl frammento \u00e8 espressione del pensiero onesto\u00bb<\/em>. Quanto alle <em>\u00abbrevi frasi\u00bb<\/em>, <em>\u00abun testo breve non \u00e8 affermazione presuntuosa, ma un gesto che scompare appena abbozzato\u00bb<\/em>; e l\u2019aforisma \u00abnegato\u00bb \u00e8 per\u00f2 difeso, svelando la consapevolezza della difficolt\u00e0 di definirlo \u2014 <em>\u00abAccusare l\u2019aforisma di esprimere soltanto parte della verit\u00e0 equivale a supporre che il discorso prolisso possa esprimerla tutta\u00bb <\/em>\u2014; viene denunciata la prolissit\u00e0 \u2014 <em>\u00abla prolissit\u00e0 non \u00e8 eccesso di parole, ma scarsit\u00e0 di idee\u00bb <\/em>\u2014 e tessuto l\u2019elogio del testo breve in quanto \u00abpoetico\u00bb, cio\u00e8 creativo, quindi costruttivo <em>per<\/em> il lettore: <em>\u00abL\u2019opera frammentaria conquista la propria poesia obbligandoci a completare le sue curve mutilate\u00bb<\/em>.<\/p>\n<p style=\"text-align: justify;\">Lo \u00abspettro\u00bb dell\u2019aforisma va infatti dalla definizione alla massima, alla <em>\u00abdegnit\u00e0\u00bb <\/em>\u2014 il richiamo \u00e8 a Giambattista Vico (1668-1744) \u2014, alla <em>\u00abmonografia compressa\u00bb<\/em> \u2014 la formula \u00e8 dello studioso canadese della comunicazione Marshall McLuhan (1911-1981) \u2014, alla glossa, alla breve osservazione, al rimando, all\u2019appunto, alla nota a margine. E costituisce retaggio dell\u2019oralit\u00e0 ed elemento di una plurisecolare farmacopea spirituale.<\/p>\n<p style=\"text-align: justify;\">Dunque, glosse a margine. Ma a margine di che? S\u2019impone, oltre il contenuto di tali glosse, l\u2019identificazione del <em>texto impl\u00edcito<\/em>, di cui i critici propongono \u2014 in alternativa o in combinazione \u2014 quella letterale, stretta, che rimanda a un ampio tratto dei <em>Textos I<\/em> di dura polemica sia con la democrazia che con l\u2019uomo democratico; e quella lata, che identifica tale testo con l\u2019intero <em>corpus<\/em> culturale dell\u2019Occidente, da Omero ai contemporanei.<\/p>\n<p style=\"text-align: justify;\"><strong>5. Il \u00abpensiero reazionario\u00bb<\/strong><\/p>\n<p style=\"text-align: justify;\">Se il genere dell\u2019opera favorisce l\u2019apprezzamento anzitutto del paradosso, un\u2019attenzione maggiore permette l\u2019identificazione in essa di una dialettica di tipo vichiano fra \u00abstoltezza\u00bb e \u00absapienza\u00bb, nascoste dalla variet\u00e0 delle formulazioni dell\u2019una e dell\u2019altra: <em>\u00abGli uomini cambiano meno idee che le idee maschere. \u00abNel decorso dei secoli dialogano le stesse voci\u00bb<\/em>.<\/p>\n<p style=\"text-align: justify;\">Ma \u00abimbecillit\u00e0\u00bb, \u00abstupidit\u00e0\u00bb e \u00abfollia\u00bb, oppure, con riferimento temporale, \u00abmodernit\u00e0\u00bb, possono suggerire nell\u2019autore pura emotivit\u00e0 e far dimenticare sia la gamma espressiva che l\u2019espressione singola, talora strutturata a paradosso, cio\u00e8 a figura logica in apparenza assurda in quanto contrastante non solo, eventualmente, con il buon senso, ma, nel caso, con l\u2019opinione corrente, e atta peraltro a decantare in proverbio.<\/p>\n<p style=\"text-align: justify;\">Dal punto di vista culturale, del pensiero reazionario G\u00f3mez D\u00e1vila non coglie e non svolge solamente l\u2019ascendenza spagnola \u2014 ricordo, anche per la consonanza formale, i <em>Pensamientos varios<\/em> di Juan Donoso Cort\u00e9s (1809-1853) \u2014, francese o anglosassone, ma pure quella tedesca; quindi procede a un ricupero del romanticismo, non solo del pre-romanticismo della <em>sensibilit\u00e9 <\/em>e della <em>sensibility<\/em>, sia contenutisticamente, sia espressivamente, attraverso l\u2019apprezzamento della continuit\u00e0 fra pensiero contro-rivoluzionario e poesia soprattutto ottocentesca.<\/p>\n<p style=\"text-align: justify;\">Infatti, <em>\u00abla poesia del secolo XIX \u00e8 l\u2019eredit\u00e0 che la contro-rivoluzione soffocata ha lasciato alla letteratura\u00bb<\/em>. S\u00ec che \u2014 osserva acutamente \u2014, <em>\u00abidentificando romanticismo e democrazia, cos\u00ec condannando il romanticismo, Maurras<\/em> [Charles, 1868-1952] <em>\u00e8 caduto in un terribile errore.<\/em><\/p>\n<p style=\"text-align: justify;\"><em>\u00abCondannando il romanticismo, Maurras condannava il pensiero reazionario e adottava un\u2019ideologia rivoluzionaria in nome della contro-rivoluzione\u00bb<\/em>.<\/p>\n<p style=\"text-align: justify;\">Dal punto di vista sostanziale <em>\u00abla saggezza si riduce a non insegnare a Dio come si devono fare le cose\u00bb<\/em> e a vivere l\u2019individualit\u00e0, l\u2019irripetibilit\u00e0 e la frammentariet\u00e0 nel mistero: <em>\u00abContro lo svuotamento moderno del mistero affermiamo la sua presenza inglobante\u00bb<\/em>. Per\u00f2 <em>\u00abla radice del pensiero reazionario non \u00e8 la sfiducia nella ragione, ma la sfiducia nella volont\u00e0\u00bb<\/em>; e il pensiero reazionario viene abbozzato almeno su tre \u00abcavalletti\u00bb, suggeriti da un\u2019autoqualificazione: esser l\u2019autore <em>\u00abcattolico, reazionario e retrogrado\u00bb<\/em>.<\/p>\n<p style=\"text-align: justify;\">Cio\u00e8 non ha solo dimensioni politiche e culturali, ma radici religiose ed esistenziali: se <em>\u00abla Reazione comincia a Delfi\u00bb<\/em> e se <em>\u00abla Reazione \u00e8 cominciata con il primo pentimento\u00bb<\/em>, <em>\u00abla reazione esplicita comincia alla fine del secolo XVIII; ma la reazione implicita comincia con l\u2019espulsione del diavolo\u00bb<\/em>; ed <em>\u00abessere reazionario significa capire che l\u2019uomo \u00e8 un problema senza soluzione umana\u00bb<\/em>.<\/p>\n<p style=\"text-align: justify;\">Cos\u00ec i testi brevi sono percorsi da una vena polemica, talora esplicita e dura, in aggressivo contrasto con ogni filosofia e con ogni teologia razionalistiche \u2014 perch\u00e9 <em>\u00abrazionalismo \u00e8 lo pseudonimo ufficiale dello Gnosticismo\u00bb<\/em>, <em>\u00abla democrazia \u00e8 la politica della teologia gnostica\u00bb<\/em>, <em>\u00abla Gnosi \u00e8 la teologia satanica dell\u2019esperienza mistica.<\/em><\/p>\n<p style=\"text-align: justify;\"><em>\u00abNell\u2019interpretazione gnostica dell\u2019esperienza mistica si genera la divinizzazione dell\u2019uomo\u00bb<\/em>, e <em>\u00abl\u2019ugualitarismo \u00e8 inferenza gnostica: infatti ogni particella della divinit\u00e0 \u00e8 ugualmente divina\u00bb <\/em>\u2014, in una prospettiva filosofica e teologica <em>negativa<\/em>, che richiama quella platonico-tomistica di Josef Pieper (1904-1997). E a tale vena se ne affianca un\u2019altra, antimoralistica ma non certo immorale, percorsa dall\u2019evangelica \u00abprudenza del serpente\u00bb da affiancare alla \u00absemplicit\u00e0 della colomba\u00bb (cfr. <em>Mt<\/em>. 10, 16), la cui divisa potrebbe essere <em>\u00abCredere in Dio, confidare in Cristo, guardare con malizia\u00bb<\/em>, e la cui espressione \u00e8 talora non solo dura quanto al contenuto ma pure cruda quanto al modo. Insomma \u2014 la dichiarazione \u00e8 formale \u00a0\u2014, G\u00f3mez D\u00e1vila elabora ed espone <em>\u00abun platonismo esistenziale e uno storicismo agostiniano\u00bb<\/em>.<\/p>\n<p style=\"text-align: justify;\">Ma l\u2019orizzonte limitato e cupo non alimenta la disperazione, anche se <em>\u00abla nostra ultima speranza sta nell\u2019ingiustizia di Dio<\/em>\u00bb e <em>\u00abl\u2019unica precauzione sta nel pregare in tempo\u00bb<\/em>: infatti, poich\u00e9 <em>\u00abper rinnovare non \u00e8 necessario contraddire, basta approfondire\u00bb<\/em>, e siccome <em>\u00abil peso di questo mondo si pu\u00f2 sopportare solo in ginocchio\u00bb<\/em>, <em>\u00abl\u2019unica ragione di sperare \u00e8 stata espressa perfettamente da Huizinga<\/em> [Johan, 1872-1945] <em>in una delle sue ultime parole: \u201cPer fortuna l\u2019uomo non ha l\u2019ultima parola\u201d\u00bb<\/em>.<\/p>\n<p style=\"text-align: justify;\">___________________________<\/p>\n<p style=\"text-align: justify;\"><strong>Per approfondire<\/strong><strong>:<\/strong> dell\u2019autore vedi, in italiano, <em>Il vero reazionario<\/em>, in <em>Cristianit\u00e0<\/em>, anno XXVII, n. 287-288, Piacenza marzo-aprile 1999, pp. 18-20; e <em>In margine a un testo implicito<\/em>, trad. it., a cura di Franco Volpi, Adelphi, Milano 2001; sull\u2019autore, vedi \u00d3scar Duque Torres ed Ernesto Monsalve, <em>Nicol\u00e1s G\u00f3mez D\u00e1vila: la pasi\u00f3n del anacronismo<\/em>, in <em>Bolet\u00edn Cultural y Bibliogr\u00e1fico<\/em>, vol. 32, Santa Fe de Bogot\u00e1 1995, numero 40, pp. 31-49; il mio <em>Un contro-rivoluzionario cattolico iberoamericano nell\u2019et\u00e0 della Rivoluzione culturale: il \u00abvero reazionario\u00bb postmoderno Nicol\u00e1s G\u00f3mez D\u00e1vila<\/em>, in <em>Cristianit\u00e0<\/em>, anno XXVII, n. 298, Piacenza marzo-aprile 2000, pp. 7-16; e F. Volpi, <em>Un angelo prigioniero nel tempo<\/em>, in N. G\u00f3mez D\u00e1vila, <em>In margine a un testo implicito<\/em>, cit., pp. 157-183.<\/p>\n<p>___________<\/p>\n<p><strong>Leggi anche:<\/strong><\/p>\n<p><a href=\"https:\/\/www.rassegnastampa-totustuus.it\/cattolica\/?p=5584\" target=\"_blank\" rel=\"noopener\">Nicol\u00e0s G\u00f2mez D\u00e0vila<\/a><\/p>\n<p>&nbsp;<\/p>\n","protected":false},"excerpt":{"rendered":"<p>I.D.I.S. \u2013 Istituto per la Dottrina e l\u2019Informazione Sociale Voci per un dizionario del pensiero forte di Giovanni Cantoni<\/p><p><a class=\"more-link btn\" href=\"https:\/\/www.rassegnastampa-totustuus.it\/cattolica\/nicolas-gomez-davila-1913-1994\/\">Continua a leggere<\/a><\/p>\n","protected":false},"author":6,"featured_media":40856,"comment_status":"closed","ping_status":"closed","sticky":false,"template":"","format":"standard","meta":{"footnotes":""},"categories":[18],"tags":[2185],"class_list":["post-40855","post","type-post","status-publish","format-standard","has-post-thumbnail","hentry","category-personaggi","tag-nicolas-gomez-davila","item-wrap"],"yoast_head":"<!-- This site is optimized with the Yoast SEO plugin v27.4 - https:\/\/yoast.com\/product\/yoast-seo-wordpress\/ -->\n<title>Nicol\u00e1s G\u00f3mez D\u00e1vila (1913-1994) - Rassegna Stampa Cattolica<\/title>\n<meta name=\"description\" content=\"Rassegna Stampa Cattolica - Per una cultura che nasce dalla Rivelazione cristiana in conformit\u00e0 alla tradizione e al Magistero della Chiesa in opposizione ad ogni relativismo e totalitarismo\" \/>\n<meta name=\"robots\" content=\"index, follow, max-snippet:-1, max-image-preview:large, max-video-preview:-1\" \/>\n<link rel=\"canonical\" href=\"https:\/\/www.rassegnastampa-totustuus.it\/cattolica\/nicolas-gomez-davila-1913-1994\/\" \/>\n<meta property=\"og:locale\" content=\"it_IT\" \/>\n<meta property=\"og:type\" content=\"article\" \/>\n<meta property=\"og:title\" content=\"Nicol\u00e1s G\u00f3mez D\u00e1vila (1913-1994) - Rassegna Stampa Cattolica\" \/>\n<meta property=\"og:description\" content=\"Rassegna Stampa Cattolica - Per una cultura che nasce dalla Rivelazione cristiana in conformit\u00e0 alla tradizione e al Magistero della Chiesa in opposizione ad ogni relativismo e totalitarismo\" \/>\n<meta property=\"og:url\" content=\"https:\/\/www.rassegnastampa-totustuus.it\/cattolica\/nicolas-gomez-davila-1913-1994\/\" \/>\n<meta property=\"og:site_name\" content=\"Rassegna Stampa Cattolica\" \/>\n<meta property=\"article:publisher\" content=\"https:\/\/www.facebook.com\/rassegnastampacattolica\" \/>\n<meta property=\"article:published_time\" content=\"2016-08-20T22:00:34+00:00\" \/>\n<meta property=\"article:modified_time\" content=\"2018-08-21T10:16:13+00:00\" \/>\n<meta property=\"og:image\" content=\"https:\/\/www.rassegnastampa-totustuus.it\/cattolica\/wp-content\/uploads\/2018\/08\/Nicol\u00e1s-G\u00f3mez-D\u00e1vila.jpg\" \/>\n\t<meta property=\"og:image:width\" content=\"259\" \/>\n\t<meta property=\"og:image:height\" content=\"194\" \/>\n\t<meta property=\"og:image:type\" content=\"image\/jpeg\" \/>\n<meta name=\"author\" content=\"Redazione\" \/>\n<meta name=\"twitter:card\" content=\"summary_large_image\" \/>\n<meta name=\"twitter:creator\" content=\"@rassegnastampa9\" \/>\n<meta name=\"twitter:site\" content=\"@rassegnastampa9\" \/>\n<meta name=\"twitter:label1\" content=\"Scritto da\" \/>\n\t<meta name=\"twitter:data1\" content=\"Redazione\" \/>\n\t<meta name=\"twitter:label2\" content=\"Tempo di lettura stimato\" \/>\n\t<meta name=\"twitter:data2\" content=\"10 minuti\" \/>\n<script type=\"application\/ld+json\" class=\"yoast-schema-graph\">{\"@context\":\"https:\\\/\\\/schema.org\",\"@graph\":[{\"@type\":\"Article\",\"@id\":\"https:\\\/\\\/www.rassegnastampa-totustuus.it\\\/cattolica\\\/nicolas-gomez-davila-1913-1994\\\/#article\",\"isPartOf\":{\"@id\":\"https:\\\/\\\/www.rassegnastampa-totustuus.it\\\/cattolica\\\/nicolas-gomez-davila-1913-1994\\\/\"},\"author\":{\"name\":\"Redazione\",\"@id\":\"https:\\\/\\\/www.rassegnastampa-totustuus.it\\\/cattolica\\\/#\\\/schema\\\/person\\\/08f319d2bd1a0904ad9e2bfb7b15e5c3\"},\"headline\":\"Nicol\u00e1s G\u00f3mez D\u00e1vila (1913-1994)\",\"datePublished\":\"2016-08-20T22:00:34+00:00\",\"dateModified\":\"2018-08-21T10:16:13+00:00\",\"mainEntityOfPage\":{\"@id\":\"https:\\\/\\\/www.rassegnastampa-totustuus.it\\\/cattolica\\\/nicolas-gomez-davila-1913-1994\\\/\"},\"wordCount\":2009,\"publisher\":{\"@id\":\"https:\\\/\\\/www.rassegnastampa-totustuus.it\\\/cattolica\\\/#organization\"},\"image\":{\"@id\":\"https:\\\/\\\/www.rassegnastampa-totustuus.it\\\/cattolica\\\/nicolas-gomez-davila-1913-1994\\\/#primaryimage\"},\"thumbnailUrl\":\"https:\\\/\\\/www.rassegnastampa-totustuus.it\\\/cattolica\\\/wp-content\\\/uploads\\\/2018\\\/08\\\/Nicol\u00e1s-G\u00f3mez-D\u00e1vila.jpg\",\"keywords\":[\"Nicol\u00e1s G\u00f3mez D\u00e1vila\"],\"articleSection\":[\"Personaggi\"],\"inLanguage\":\"it-IT\"},{\"@type\":\"WebPage\",\"@id\":\"https:\\\/\\\/www.rassegnastampa-totustuus.it\\\/cattolica\\\/nicolas-gomez-davila-1913-1994\\\/\",\"url\":\"https:\\\/\\\/www.rassegnastampa-totustuus.it\\\/cattolica\\\/nicolas-gomez-davila-1913-1994\\\/\",\"name\":\"Nicol\u00e1s G\u00f3mez D\u00e1vila (1913-1994) - Rassegna Stampa Cattolica\",\"isPartOf\":{\"@id\":\"https:\\\/\\\/www.rassegnastampa-totustuus.it\\\/cattolica\\\/#website\"},\"primaryImageOfPage\":{\"@id\":\"https:\\\/\\\/www.rassegnastampa-totustuus.it\\\/cattolica\\\/nicolas-gomez-davila-1913-1994\\\/#primaryimage\"},\"image\":{\"@id\":\"https:\\\/\\\/www.rassegnastampa-totustuus.it\\\/cattolica\\\/nicolas-gomez-davila-1913-1994\\\/#primaryimage\"},\"thumbnailUrl\":\"https:\\\/\\\/www.rassegnastampa-totustuus.it\\\/cattolica\\\/wp-content\\\/uploads\\\/2018\\\/08\\\/Nicol\u00e1s-G\u00f3mez-D\u00e1vila.jpg\",\"datePublished\":\"2016-08-20T22:00:34+00:00\",\"dateModified\":\"2018-08-21T10:16:13+00:00\",\"description\":\"Rassegna Stampa Cattolica - Per una cultura che nasce dalla Rivelazione cristiana in conformit\u00e0 alla tradizione e al Magistero della Chiesa in opposizione ad ogni relativismo e totalitarismo\",\"breadcrumb\":{\"@id\":\"https:\\\/\\\/www.rassegnastampa-totustuus.it\\\/cattolica\\\/nicolas-gomez-davila-1913-1994\\\/#breadcrumb\"},\"inLanguage\":\"it-IT\",\"potentialAction\":[{\"@type\":\"ReadAction\",\"target\":[\"https:\\\/\\\/www.rassegnastampa-totustuus.it\\\/cattolica\\\/nicolas-gomez-davila-1913-1994\\\/\"]}]},{\"@type\":\"ImageObject\",\"inLanguage\":\"it-IT\",\"@id\":\"https:\\\/\\\/www.rassegnastampa-totustuus.it\\\/cattolica\\\/nicolas-gomez-davila-1913-1994\\\/#primaryimage\",\"url\":\"https:\\\/\\\/www.rassegnastampa-totustuus.it\\\/cattolica\\\/wp-content\\\/uploads\\\/2018\\\/08\\\/Nicol\u00e1s-G\u00f3mez-D\u00e1vila.jpg\",\"contentUrl\":\"https:\\\/\\\/www.rassegnastampa-totustuus.it\\\/cattolica\\\/wp-content\\\/uploads\\\/2018\\\/08\\\/Nicol\u00e1s-G\u00f3mez-D\u00e1vila.jpg\",\"width\":259,\"height\":194},{\"@type\":\"BreadcrumbList\",\"@id\":\"https:\\\/\\\/www.rassegnastampa-totustuus.it\\\/cattolica\\\/nicolas-gomez-davila-1913-1994\\\/#breadcrumb\",\"itemListElement\":[{\"@type\":\"ListItem\",\"position\":1,\"name\":\"Home\",\"item\":\"https:\\\/\\\/www.rassegnastampa-totustuus.it\\\/cattolica\\\/\"},{\"@type\":\"ListItem\",\"position\":2,\"name\":\"Nicol\u00e1s G\u00f3mez D\u00e1vila (1913-1994)\"}]},{\"@type\":\"WebSite\",\"@id\":\"https:\\\/\\\/www.rassegnastampa-totustuus.it\\\/cattolica\\\/#website\",\"url\":\"https:\\\/\\\/www.rassegnastampa-totustuus.it\\\/cattolica\\\/\",\"name\":\"Rassegna Stampa Cattolica\",\"description\":\"Per una cultura che nasce dalla Rivelazione cristiana in conformit\u00e0 alla tradizione e al Magistero della Chiesa in opposizione ad ogni relativismo e totalitarismo\",\"publisher\":{\"@id\":\"https:\\\/\\\/www.rassegnastampa-totustuus.it\\\/cattolica\\\/#organization\"},\"alternateName\":\"Rass. Cattolica\",\"potentialAction\":[{\"@type\":\"SearchAction\",\"target\":{\"@type\":\"EntryPoint\",\"urlTemplate\":\"https:\\\/\\\/www.rassegnastampa-totustuus.it\\\/cattolica\\\/?s={search_term_string}\"},\"query-input\":{\"@type\":\"PropertyValueSpecification\",\"valueRequired\":true,\"valueName\":\"search_term_string\"}}],\"inLanguage\":\"it-IT\"},{\"@type\":\"Organization\",\"@id\":\"https:\\\/\\\/www.rassegnastampa-totustuus.it\\\/cattolica\\\/#organization\",\"name\":\"Rassegna Stampa Cattolica\",\"url\":\"https:\\\/\\\/www.rassegnastampa-totustuus.it\\\/cattolica\\\/\",\"logo\":{\"@type\":\"ImageObject\",\"inLanguage\":\"it-IT\",\"@id\":\"https:\\\/\\\/www.rassegnastampa-totustuus.it\\\/cattolica\\\/#\\\/schema\\\/logo\\\/image\\\/\",\"url\":\"https:\\\/\\\/www.rassegnastampa-totustuus.it\\\/cattolica\\\/wp-content\\\/uploads\\\/2014\\\/04\\\/logo-rassegna1.gif\",\"contentUrl\":\"https:\\\/\\\/www.rassegnastampa-totustuus.it\\\/cattolica\\\/wp-content\\\/uploads\\\/2014\\\/04\\\/logo-rassegna1.gif\",\"width\":600,\"height\":163,\"caption\":\"Rassegna Stampa Cattolica\"},\"image\":{\"@id\":\"https:\\\/\\\/www.rassegnastampa-totustuus.it\\\/cattolica\\\/#\\\/schema\\\/logo\\\/image\\\/\"},\"sameAs\":[\"https:\\\/\\\/www.facebook.com\\\/rassegnastampacattolica\",\"https:\\\/\\\/x.com\\\/rassegnastampa9\"]},{\"@type\":\"Person\",\"@id\":\"https:\\\/\\\/www.rassegnastampa-totustuus.it\\\/cattolica\\\/#\\\/schema\\\/person\\\/08f319d2bd1a0904ad9e2bfb7b15e5c3\",\"name\":\"Redazione\",\"image\":{\"@type\":\"ImageObject\",\"inLanguage\":\"it-IT\",\"@id\":\"https:\\\/\\\/secure.gravatar.com\\\/avatar\\\/2fcdf27c78ea025fbdb44e914cc63c72249ffec9dc8aafd5c82b26240ef3f346?s=96&d=mm&r=g\",\"url\":\"https:\\\/\\\/secure.gravatar.com\\\/avatar\\\/2fcdf27c78ea025fbdb44e914cc63c72249ffec9dc8aafd5c82b26240ef3f346?s=96&d=mm&r=g\",\"contentUrl\":\"https:\\\/\\\/secure.gravatar.com\\\/avatar\\\/2fcdf27c78ea025fbdb44e914cc63c72249ffec9dc8aafd5c82b26240ef3f346?s=96&d=mm&r=g\",\"caption\":\"Redazione\"},\"url\":\"https:\\\/\\\/www.rassegnastampa-totustuus.it\\\/cattolica\\\/author\\\/pietroelle\\\/\"}]}<\/script>\n<!-- \/ Yoast SEO plugin. -->","yoast_head_json":{"title":"Nicol\u00e1s G\u00f3mez D\u00e1vila (1913-1994) - Rassegna Stampa Cattolica","description":"Rassegna Stampa Cattolica - Per una cultura che nasce dalla Rivelazione cristiana in conformit\u00e0 alla tradizione e al Magistero della Chiesa in opposizione ad ogni relativismo e totalitarismo","robots":{"index":"index","follow":"follow","max-snippet":"max-snippet:-1","max-image-preview":"max-image-preview:large","max-video-preview":"max-video-preview:-1"},"canonical":"https:\/\/www.rassegnastampa-totustuus.it\/cattolica\/nicolas-gomez-davila-1913-1994\/","og_locale":"it_IT","og_type":"article","og_title":"Nicol\u00e1s G\u00f3mez D\u00e1vila (1913-1994) - Rassegna Stampa Cattolica","og_description":"Rassegna Stampa Cattolica - Per una cultura che nasce dalla Rivelazione cristiana in conformit\u00e0 alla tradizione e al Magistero della Chiesa in opposizione ad ogni relativismo e totalitarismo","og_url":"https:\/\/www.rassegnastampa-totustuus.it\/cattolica\/nicolas-gomez-davila-1913-1994\/","og_site_name":"Rassegna Stampa Cattolica","article_publisher":"https:\/\/www.facebook.com\/rassegnastampacattolica","article_published_time":"2016-08-20T22:00:34+00:00","article_modified_time":"2018-08-21T10:16:13+00:00","og_image":[{"width":259,"height":194,"url":"https:\/\/www.rassegnastampa-totustuus.it\/cattolica\/wp-content\/uploads\/2018\/08\/Nicol\u00e1s-G\u00f3mez-D\u00e1vila.jpg","type":"image\/jpeg"}],"author":"Redazione","twitter_card":"summary_large_image","twitter_creator":"@rassegnastampa9","twitter_site":"@rassegnastampa9","twitter_misc":{"Scritto da":"Redazione","Tempo di lettura stimato":"10 minuti"},"schema":{"@context":"https:\/\/schema.org","@graph":[{"@type":"Article","@id":"https:\/\/www.rassegnastampa-totustuus.it\/cattolica\/nicolas-gomez-davila-1913-1994\/#article","isPartOf":{"@id":"https:\/\/www.rassegnastampa-totustuus.it\/cattolica\/nicolas-gomez-davila-1913-1994\/"},"author":{"name":"Redazione","@id":"https:\/\/www.rassegnastampa-totustuus.it\/cattolica\/#\/schema\/person\/08f319d2bd1a0904ad9e2bfb7b15e5c3"},"headline":"Nicol\u00e1s G\u00f3mez D\u00e1vila (1913-1994)","datePublished":"2016-08-20T22:00:34+00:00","dateModified":"2018-08-21T10:16:13+00:00","mainEntityOfPage":{"@id":"https:\/\/www.rassegnastampa-totustuus.it\/cattolica\/nicolas-gomez-davila-1913-1994\/"},"wordCount":2009,"publisher":{"@id":"https:\/\/www.rassegnastampa-totustuus.it\/cattolica\/#organization"},"image":{"@id":"https:\/\/www.rassegnastampa-totustuus.it\/cattolica\/nicolas-gomez-davila-1913-1994\/#primaryimage"},"thumbnailUrl":"https:\/\/www.rassegnastampa-totustuus.it\/cattolica\/wp-content\/uploads\/2018\/08\/Nicol\u00e1s-G\u00f3mez-D\u00e1vila.jpg","keywords":["Nicol\u00e1s G\u00f3mez D\u00e1vila"],"articleSection":["Personaggi"],"inLanguage":"it-IT"},{"@type":"WebPage","@id":"https:\/\/www.rassegnastampa-totustuus.it\/cattolica\/nicolas-gomez-davila-1913-1994\/","url":"https:\/\/www.rassegnastampa-totustuus.it\/cattolica\/nicolas-gomez-davila-1913-1994\/","name":"Nicol\u00e1s G\u00f3mez D\u00e1vila (1913-1994) - Rassegna Stampa Cattolica","isPartOf":{"@id":"https:\/\/www.rassegnastampa-totustuus.it\/cattolica\/#website"},"primaryImageOfPage":{"@id":"https:\/\/www.rassegnastampa-totustuus.it\/cattolica\/nicolas-gomez-davila-1913-1994\/#primaryimage"},"image":{"@id":"https:\/\/www.rassegnastampa-totustuus.it\/cattolica\/nicolas-gomez-davila-1913-1994\/#primaryimage"},"thumbnailUrl":"https:\/\/www.rassegnastampa-totustuus.it\/cattolica\/wp-content\/uploads\/2018\/08\/Nicol\u00e1s-G\u00f3mez-D\u00e1vila.jpg","datePublished":"2016-08-20T22:00:34+00:00","dateModified":"2018-08-21T10:16:13+00:00","description":"Rassegna Stampa Cattolica - Per una cultura che nasce dalla Rivelazione cristiana in conformit\u00e0 alla tradizione e al Magistero della Chiesa in opposizione ad ogni relativismo e totalitarismo","breadcrumb":{"@id":"https:\/\/www.rassegnastampa-totustuus.it\/cattolica\/nicolas-gomez-davila-1913-1994\/#breadcrumb"},"inLanguage":"it-IT","potentialAction":[{"@type":"ReadAction","target":["https:\/\/www.rassegnastampa-totustuus.it\/cattolica\/nicolas-gomez-davila-1913-1994\/"]}]},{"@type":"ImageObject","inLanguage":"it-IT","@id":"https:\/\/www.rassegnastampa-totustuus.it\/cattolica\/nicolas-gomez-davila-1913-1994\/#primaryimage","url":"https:\/\/www.rassegnastampa-totustuus.it\/cattolica\/wp-content\/uploads\/2018\/08\/Nicol\u00e1s-G\u00f3mez-D\u00e1vila.jpg","contentUrl":"https:\/\/www.rassegnastampa-totustuus.it\/cattolica\/wp-content\/uploads\/2018\/08\/Nicol\u00e1s-G\u00f3mez-D\u00e1vila.jpg","width":259,"height":194},{"@type":"BreadcrumbList","@id":"https:\/\/www.rassegnastampa-totustuus.it\/cattolica\/nicolas-gomez-davila-1913-1994\/#breadcrumb","itemListElement":[{"@type":"ListItem","position":1,"name":"Home","item":"https:\/\/www.rassegnastampa-totustuus.it\/cattolica\/"},{"@type":"ListItem","position":2,"name":"Nicol\u00e1s G\u00f3mez D\u00e1vila (1913-1994)"}]},{"@type":"WebSite","@id":"https:\/\/www.rassegnastampa-totustuus.it\/cattolica\/#website","url":"https:\/\/www.rassegnastampa-totustuus.it\/cattolica\/","name":"Rassegna Stampa Cattolica","description":"Per una cultura che nasce dalla Rivelazione cristiana in conformit\u00e0 alla tradizione e al Magistero della Chiesa in opposizione ad ogni relativismo e totalitarismo","publisher":{"@id":"https:\/\/www.rassegnastampa-totustuus.it\/cattolica\/#organization"},"alternateName":"Rass. Cattolica","potentialAction":[{"@type":"SearchAction","target":{"@type":"EntryPoint","urlTemplate":"https:\/\/www.rassegnastampa-totustuus.it\/cattolica\/?s={search_term_string}"},"query-input":{"@type":"PropertyValueSpecification","valueRequired":true,"valueName":"search_term_string"}}],"inLanguage":"it-IT"},{"@type":"Organization","@id":"https:\/\/www.rassegnastampa-totustuus.it\/cattolica\/#organization","name":"Rassegna Stampa Cattolica","url":"https:\/\/www.rassegnastampa-totustuus.it\/cattolica\/","logo":{"@type":"ImageObject","inLanguage":"it-IT","@id":"https:\/\/www.rassegnastampa-totustuus.it\/cattolica\/#\/schema\/logo\/image\/","url":"https:\/\/www.rassegnastampa-totustuus.it\/cattolica\/wp-content\/uploads\/2014\/04\/logo-rassegna1.gif","contentUrl":"https:\/\/www.rassegnastampa-totustuus.it\/cattolica\/wp-content\/uploads\/2014\/04\/logo-rassegna1.gif","width":600,"height":163,"caption":"Rassegna Stampa Cattolica"},"image":{"@id":"https:\/\/www.rassegnastampa-totustuus.it\/cattolica\/#\/schema\/logo\/image\/"},"sameAs":["https:\/\/www.facebook.com\/rassegnastampacattolica","https:\/\/x.com\/rassegnastampa9"]},{"@type":"Person","@id":"https:\/\/www.rassegnastampa-totustuus.it\/cattolica\/#\/schema\/person\/08f319d2bd1a0904ad9e2bfb7b15e5c3","name":"Redazione","image":{"@type":"ImageObject","inLanguage":"it-IT","@id":"https:\/\/secure.gravatar.com\/avatar\/2fcdf27c78ea025fbdb44e914cc63c72249ffec9dc8aafd5c82b26240ef3f346?s=96&d=mm&r=g","url":"https:\/\/secure.gravatar.com\/avatar\/2fcdf27c78ea025fbdb44e914cc63c72249ffec9dc8aafd5c82b26240ef3f346?s=96&d=mm&r=g","contentUrl":"https:\/\/secure.gravatar.com\/avatar\/2fcdf27c78ea025fbdb44e914cc63c72249ffec9dc8aafd5c82b26240ef3f346?s=96&d=mm&r=g","caption":"Redazione"},"url":"https:\/\/www.rassegnastampa-totustuus.it\/cattolica\/author\/pietroelle\/"}]}},"_links":{"self":[{"href":"https:\/\/www.rassegnastampa-totustuus.it\/cattolica\/wp-json\/wp\/v2\/posts\/40855","targetHints":{"allow":["GET"]}}],"collection":[{"href":"https:\/\/www.rassegnastampa-totustuus.it\/cattolica\/wp-json\/wp\/v2\/posts"}],"about":[{"href":"https:\/\/www.rassegnastampa-totustuus.it\/cattolica\/wp-json\/wp\/v2\/types\/post"}],"author":[{"embeddable":true,"href":"https:\/\/www.rassegnastampa-totustuus.it\/cattolica\/wp-json\/wp\/v2\/users\/6"}],"replies":[{"embeddable":true,"href":"https:\/\/www.rassegnastampa-totustuus.it\/cattolica\/wp-json\/wp\/v2\/comments?post=40855"}],"version-history":[{"count":2,"href":"https:\/\/www.rassegnastampa-totustuus.it\/cattolica\/wp-json\/wp\/v2\/posts\/40855\/revisions"}],"predecessor-version":[{"id":40859,"href":"https:\/\/www.rassegnastampa-totustuus.it\/cattolica\/wp-json\/wp\/v2\/posts\/40855\/revisions\/40859"}],"wp:featuredmedia":[{"embeddable":true,"href":"https:\/\/www.rassegnastampa-totustuus.it\/cattolica\/wp-json\/wp\/v2\/media\/40856"}],"wp:attachment":[{"href":"https:\/\/www.rassegnastampa-totustuus.it\/cattolica\/wp-json\/wp\/v2\/media?parent=40855"}],"wp:term":[{"taxonomy":"category","embeddable":true,"href":"https:\/\/www.rassegnastampa-totustuus.it\/cattolica\/wp-json\/wp\/v2\/categories?post=40855"},{"taxonomy":"post_tag","embeddable":true,"href":"https:\/\/www.rassegnastampa-totustuus.it\/cattolica\/wp-json\/wp\/v2\/tags?post=40855"}],"curies":[{"name":"wp","href":"https:\/\/api.w.org\/{rel}","templated":true}]}}