{"id":4084,"date":"2010-09-13T13:13:10","date_gmt":"2010-09-13T11:13:10","guid":{"rendered":""},"modified":"2014-04-25T14:17:52","modified_gmt":"2014-04-25T12:17:52","slug":"quando-la-democrazia-si-fa-totalitaria","status":"publish","type":"post","link":"https:\/\/www.rassegnastampa-totustuus.it\/cattolica\/quando-la-democrazia-si-fa-totalitaria\/","title":{"rendered":"Quando la democrazia si fa totalitaria"},"content":{"rendered":"<div style=\"text-align: center;\"><strong>Ag Zenit<\/strong> (ZENIT.org).- sabato, 11 settembre 2010<\/div>\n<p><em>Messaggio di mons.<\/em> <strong>Luigi Negri<\/strong>, <em>Vescovo di San Marino-Montefeltro, sulla sentenza che sottrae e rende adottabile una figlia a causa della povert\u00e0 della madre. <\/em><\/p>\n<div style=\"text-align: center;\"><strong>* * * <\/strong><\/div>\n<p style=\"text-align: justify;\"><!--more--><br \/>\nROMA _ \u00a0Ringrazio sentitamente Giordano Bruno Guerri per l&#8217;intelligente articolo pubblicato su <em>Il Giornale<\/em> di oggi. Faccio mio l&#8217;inizio di questo articolo \u201csgomento, repulsione, disgusto, vergogna, sdegno\u201d; una madre che ha avuto il torto, per le istituzioni assistenziali, di voler mettere al mondo ugualmente sua figlia nonostante le pressioni ad aderire all\u2019aborto, \u00e8 stata privata della bambina appena dopo due mesi, durante i quali non ha potuto vederla neanche una volta. Questa bambina, con una sentenza della magistratura, \u00e8 stata dichiarata adottabile.<\/p>\n<p style=\"text-align: justify;\">Uno Stato che nella sua Costituzione mette al centro la persona e la famiglia, avrebbe dovuto aiutare una madre desiderosa di compiere la sua personalit\u00e0 nella maternit\u00e0 e, a fronte di difficolt\u00e0 economiche, avrebbe dovuto cercare, innanzitutto, di aiutare questa donna a migliorare la sua situazione e non intervenire brutalmente togliendole la figlia &#8211; con un piglio che ricorda l&#8217;arroganza e la violenza dei regimi totalitari, che pensavamo fossero stati definitivamente archiviati.<\/p>\n<p style=\"text-align: justify;\">Ma forse aveva ragione la grande studiosa ebraica Anna Harendt che denunciava, cinquant&#8217;anni fa, la possibilit\u00e0 che la stessa democrazia delle procedure corrette e della divisione delle istituzioni avrebbe potuto assumere il volto del totalitarismo: Anna Harendt, infatti, parlava di \u201cdemocrazia totalitaria\u201d.<\/p>\n<p style=\"text-align: justify;\">Un avvenimento come quello di Trento \u00e8 certamente un segnale preoccupante di una concezione totalitaria della vita sociale e delle istituzioni che tentano di sradicare il singolo individuo, considerato come tale, dai suoi diritti, dalle sue esigenze fondamentali e dalla sua ultima libert\u00e0 di coscienza e di azione. \u201cQuanto dolore feroce e inutile\u201d- \u00e8 ancora un&#8217;espressione di Giordano Bruno Guerri; non lo so se la cosa si risolver\u00e0 con interventi alle varie istanze di appello, resta il fatto che \u00e8 stato compiuto un delitto innominabile contro una persona, contro la sua libert\u00e0, contro il sacrosanto diritto a generare figli e a poterli educare come persone libere e responsabili, generate in un contesto familiare.<\/p>\n<p style=\"text-align: justify;\">E non mi si venga a dire che la madre era separata, perch\u00e9 anche in questo caso lo Stato avrebbe dovuto assumere la responsabilit\u00e0 di creare una condizione, in qualche modo di supplenza, attraverso un aiuto chiesto alle molte, molte strutture che si occupano di situazioni gravi come quello della madre di questa bambina.<\/p>\n<p style=\"text-align: justify;\">E mi si permetta un&#8217;ultima domanda: perch\u00e9 questo silenzio da parte delle istituzioni, soprattutto quelle che lodevolmente, in questi anni, si sono occupate della difesa e della promozione della vita umana? Io faccio fatica a giustificare un silenzio come questo e faccio fatica a pensare che ci siano ragioni adeguate per questo silenzio; preferisco dire a me e a coloro che sono rimasti silenziosi che il silenzio \u00e8 imperdonabile perch\u00e9 diventa, volenti o no, una connivenza.<\/p>\n<p style=\"text-align: justify;\">Affido questa bambina e sua madre alla protezione della Beata Vergine delle Grazie perch\u00e9, al di l\u00e0 e al di sopra di tutta la violenza mascherata di correttezza procedurale, la Madonna protegga questa madre e sua figlia. Ma la colpa di questa donna &#8211; diciamo le cose con chiarezza -, non \u00e8 stata forse quella di essersi opposta alla volont\u00e0 di coloro che volevano farla abortire? E tutta questa vicenda pu\u00f2 essere intesa anche come un&#8217;orrenda rappresaglia verso chi non aveva accettato la logica dominante che alla prima difficolt\u00e0 nel parto, di qualsiasi tipo, risponde con l&#8217;aborto, che \u00e8 il modo sentito pi\u00f9 indolore per risolvere questioni che, invece, dovrebbero essere risolte con ben altra responsabilit\u00e0 e capacit\u00e0.<\/p>\n<p style=\"text-align: justify;\">Pennabilli, 10 Settembre 2010<br \/>\n<b><\/b><strong>Luigi Negri<\/strong><br \/>\nVescovo di San Marino-Montefeltro<\/p>\n","protected":false},"excerpt":{"rendered":"<p>Ag Zenit (ZENIT.org).- sabato, 11 settembre 2010 Messaggio di mons. Luigi Negri, Vescovo di San Marino-Montefeltro, sulla sentenza che sottrae e rende adottabile una figlia a causa della povert\u00e0 della madre. * * *<\/p><p><a class=\"more-link btn\" href=\"https:\/\/www.rassegnastampa-totustuus.it\/cattolica\/quando-la-democrazia-si-fa-totalitaria\/\">Continua a leggere<\/a><\/p>\n","protected":false},"author":6,"featured_media":33906,"comment_status":"open","ping_status":"open","sticky":false,"template":"","format":"standard","meta":{"footnotes":""},"categories":[15,25],"tags":[180,156],"class_list":["post-4084","post","type-post","status-publish","format-standard","has-post-thumbnail","hentry","category-famiglia","category-sguardo-sul-nostro-tempo","tag-diritto-2","tag-famiglia-2","item-wrap"],"yoast_head":"<!-- This site is optimized with the Yoast SEO plugin v27.5 - https:\/\/yoast.com\/product\/yoast-seo-wordpress\/ -->\n<title>Quando la democrazia si fa totalitaria - Rassegna Stampa Cattolica<\/title>\n<meta name=\"description\" content=\"Rassegna Stampa Cattolica - Per una cultura che nasce dalla Rivelazione cristiana in conformit\u00e0 alla tradizione e al Magistero della Chiesa in opposizione ad ogni relativismo e totalitarismo\" \/>\n<meta name=\"robots\" content=\"index, follow, max-snippet:-1, max-image-preview:large, max-video-preview:-1\" \/>\n<link rel=\"canonical\" href=\"https:\/\/www.rassegnastampa-totustuus.it\/cattolica\/quando-la-democrazia-si-fa-totalitaria\/\" \/>\n<meta property=\"og:locale\" content=\"it_IT\" \/>\n<meta property=\"og:type\" content=\"article\" \/>\n<meta property=\"og:title\" content=\"Quando la democrazia si fa totalitaria - Rassegna Stampa Cattolica\" \/>\n<meta property=\"og:description\" content=\"Rassegna Stampa Cattolica - Per una cultura che nasce dalla Rivelazione cristiana in conformit\u00e0 alla tradizione e al Magistero della Chiesa in opposizione ad ogni relativismo e totalitarismo\" \/>\n<meta property=\"og:url\" content=\"https:\/\/www.rassegnastampa-totustuus.it\/cattolica\/quando-la-democrazia-si-fa-totalitaria\/\" \/>\n<meta property=\"og:site_name\" content=\"Rassegna Stampa Cattolica\" \/>\n<meta property=\"article:publisher\" content=\"https:\/\/www.facebook.com\/rassegnastampacattolica\" \/>\n<meta property=\"article:published_time\" content=\"2010-09-13T11:13:10+00:00\" \/>\n<meta property=\"article:modified_time\" content=\"2014-04-25T12:17:52+00:00\" \/>\n<meta property=\"og:image\" content=\"https:\/\/www.rassegnastampa-totustuus.it\/cattolica\/wp-content\/uploads\/2010\/09\/tribunale_minorenni.jpg\" \/>\n\t<meta property=\"og:image:width\" content=\"266\" \/>\n\t<meta property=\"og:image:height\" content=\"190\" \/>\n\t<meta property=\"og:image:type\" content=\"image\/jpeg\" \/>\n<meta name=\"author\" content=\"Redazione\" \/>\n<meta name=\"twitter:card\" content=\"summary_large_image\" \/>\n<meta name=\"twitter:creator\" content=\"@rassegnastampa9\" \/>\n<meta name=\"twitter:site\" content=\"@rassegnastampa9\" \/>\n<meta name=\"twitter:label1\" content=\"Scritto da\" \/>\n\t<meta name=\"twitter:data1\" content=\"Redazione\" \/>\n\t<meta name=\"twitter:label2\" content=\"Tempo di lettura stimato\" \/>\n\t<meta name=\"twitter:data2\" content=\"3 minuti\" \/>\n<script type=\"application\/ld+json\" class=\"yoast-schema-graph\">{\"@context\":\"https:\\\/\\\/schema.org\",\"@graph\":[{\"@type\":\"Article\",\"@id\":\"https:\\\/\\\/www.rassegnastampa-totustuus.it\\\/cattolica\\\/quando-la-democrazia-si-fa-totalitaria\\\/#article\",\"isPartOf\":{\"@id\":\"https:\\\/\\\/www.rassegnastampa-totustuus.it\\\/cattolica\\\/quando-la-democrazia-si-fa-totalitaria\\\/\"},\"author\":{\"name\":\"Redazione\",\"@id\":\"https:\\\/\\\/www.rassegnastampa-totustuus.it\\\/cattolica\\\/#\\\/schema\\\/person\\\/08f319d2bd1a0904ad9e2bfb7b15e5c3\"},\"headline\":\"Quando la democrazia si fa totalitaria\",\"datePublished\":\"2010-09-13T11:13:10+00:00\",\"dateModified\":\"2014-04-25T12:17:52+00:00\",\"mainEntityOfPage\":{\"@id\":\"https:\\\/\\\/www.rassegnastampa-totustuus.it\\\/cattolica\\\/quando-la-democrazia-si-fa-totalitaria\\\/\"},\"wordCount\":603,\"commentCount\":0,\"publisher\":{\"@id\":\"https:\\\/\\\/www.rassegnastampa-totustuus.it\\\/cattolica\\\/#organization\"},\"image\":{\"@id\":\"https:\\\/\\\/www.rassegnastampa-totustuus.it\\\/cattolica\\\/quando-la-democrazia-si-fa-totalitaria\\\/#primaryimage\"},\"thumbnailUrl\":\"https:\\\/\\\/www.rassegnastampa-totustuus.it\\\/cattolica\\\/wp-content\\\/uploads\\\/2010\\\/09\\\/tribunale_minorenni.jpg\",\"keywords\":[\"diritto\",\"famiglia\"],\"articleSection\":[\"Famiglia\",\"Sguardo sul nostro tempo\"],\"inLanguage\":\"it-IT\",\"potentialAction\":[{\"@type\":\"CommentAction\",\"name\":\"Comment\",\"target\":[\"https:\\\/\\\/www.rassegnastampa-totustuus.it\\\/cattolica\\\/quando-la-democrazia-si-fa-totalitaria\\\/#respond\"]}]},{\"@type\":\"WebPage\",\"@id\":\"https:\\\/\\\/www.rassegnastampa-totustuus.it\\\/cattolica\\\/quando-la-democrazia-si-fa-totalitaria\\\/\",\"url\":\"https:\\\/\\\/www.rassegnastampa-totustuus.it\\\/cattolica\\\/quando-la-democrazia-si-fa-totalitaria\\\/\",\"name\":\"Quando la democrazia si fa totalitaria - Rassegna Stampa Cattolica\",\"isPartOf\":{\"@id\":\"https:\\\/\\\/www.rassegnastampa-totustuus.it\\\/cattolica\\\/#website\"},\"primaryImageOfPage\":{\"@id\":\"https:\\\/\\\/www.rassegnastampa-totustuus.it\\\/cattolica\\\/quando-la-democrazia-si-fa-totalitaria\\\/#primaryimage\"},\"image\":{\"@id\":\"https:\\\/\\\/www.rassegnastampa-totustuus.it\\\/cattolica\\\/quando-la-democrazia-si-fa-totalitaria\\\/#primaryimage\"},\"thumbnailUrl\":\"https:\\\/\\\/www.rassegnastampa-totustuus.it\\\/cattolica\\\/wp-content\\\/uploads\\\/2010\\\/09\\\/tribunale_minorenni.jpg\",\"datePublished\":\"2010-09-13T11:13:10+00:00\",\"dateModified\":\"2014-04-25T12:17:52+00:00\",\"description\":\"Rassegna Stampa Cattolica - Per una cultura che nasce dalla Rivelazione cristiana in conformit\u00e0 alla tradizione e al Magistero della Chiesa in opposizione ad ogni relativismo e totalitarismo\",\"breadcrumb\":{\"@id\":\"https:\\\/\\\/www.rassegnastampa-totustuus.it\\\/cattolica\\\/quando-la-democrazia-si-fa-totalitaria\\\/#breadcrumb\"},\"inLanguage\":\"it-IT\",\"potentialAction\":[{\"@type\":\"ReadAction\",\"target\":[\"https:\\\/\\\/www.rassegnastampa-totustuus.it\\\/cattolica\\\/quando-la-democrazia-si-fa-totalitaria\\\/\"]}]},{\"@type\":\"ImageObject\",\"inLanguage\":\"it-IT\",\"@id\":\"https:\\\/\\\/www.rassegnastampa-totustuus.it\\\/cattolica\\\/quando-la-democrazia-si-fa-totalitaria\\\/#primaryimage\",\"url\":\"https:\\\/\\\/www.rassegnastampa-totustuus.it\\\/cattolica\\\/wp-content\\\/uploads\\\/2010\\\/09\\\/tribunale_minorenni.jpg\",\"contentUrl\":\"https:\\\/\\\/www.rassegnastampa-totustuus.it\\\/cattolica\\\/wp-content\\\/uploads\\\/2010\\\/09\\\/tribunale_minorenni.jpg\",\"width\":266,\"height\":190},{\"@type\":\"BreadcrumbList\",\"@id\":\"https:\\\/\\\/www.rassegnastampa-totustuus.it\\\/cattolica\\\/quando-la-democrazia-si-fa-totalitaria\\\/#breadcrumb\",\"itemListElement\":[{\"@type\":\"ListItem\",\"position\":1,\"name\":\"Home\",\"item\":\"https:\\\/\\\/www.rassegnastampa-totustuus.it\\\/cattolica\\\/\"},{\"@type\":\"ListItem\",\"position\":2,\"name\":\"Quando la democrazia si fa totalitaria\"}]},{\"@type\":\"WebSite\",\"@id\":\"https:\\\/\\\/www.rassegnastampa-totustuus.it\\\/cattolica\\\/#website\",\"url\":\"https:\\\/\\\/www.rassegnastampa-totustuus.it\\\/cattolica\\\/\",\"name\":\"Rassegna Stampa Cattolica\",\"description\":\"Per una cultura che nasce dalla Rivelazione cristiana in conformit\u00e0 alla tradizione e al Magistero della Chiesa in opposizione ad ogni relativismo e totalitarismo\",\"publisher\":{\"@id\":\"https:\\\/\\\/www.rassegnastampa-totustuus.it\\\/cattolica\\\/#organization\"},\"alternateName\":\"Rass. Cattolica\",\"potentialAction\":[{\"@type\":\"SearchAction\",\"target\":{\"@type\":\"EntryPoint\",\"urlTemplate\":\"https:\\\/\\\/www.rassegnastampa-totustuus.it\\\/cattolica\\\/?s={search_term_string}\"},\"query-input\":{\"@type\":\"PropertyValueSpecification\",\"valueRequired\":true,\"valueName\":\"search_term_string\"}}],\"inLanguage\":\"it-IT\"},{\"@type\":\"Organization\",\"@id\":\"https:\\\/\\\/www.rassegnastampa-totustuus.it\\\/cattolica\\\/#organization\",\"name\":\"Rassegna Stampa Cattolica\",\"url\":\"https:\\\/\\\/www.rassegnastampa-totustuus.it\\\/cattolica\\\/\",\"logo\":{\"@type\":\"ImageObject\",\"inLanguage\":\"it-IT\",\"@id\":\"https:\\\/\\\/www.rassegnastampa-totustuus.it\\\/cattolica\\\/#\\\/schema\\\/logo\\\/image\\\/\",\"url\":\"https:\\\/\\\/www.rassegnastampa-totustuus.it\\\/cattolica\\\/wp-content\\\/uploads\\\/2014\\\/04\\\/logo-rassegna1.gif\",\"contentUrl\":\"https:\\\/\\\/www.rassegnastampa-totustuus.it\\\/cattolica\\\/wp-content\\\/uploads\\\/2014\\\/04\\\/logo-rassegna1.gif\",\"width\":600,\"height\":163,\"caption\":\"Rassegna Stampa Cattolica\"},\"image\":{\"@id\":\"https:\\\/\\\/www.rassegnastampa-totustuus.it\\\/cattolica\\\/#\\\/schema\\\/logo\\\/image\\\/\"},\"sameAs\":[\"https:\\\/\\\/www.facebook.com\\\/rassegnastampacattolica\",\"https:\\\/\\\/x.com\\\/rassegnastampa9\"]},{\"@type\":\"Person\",\"@id\":\"https:\\\/\\\/www.rassegnastampa-totustuus.it\\\/cattolica\\\/#\\\/schema\\\/person\\\/08f319d2bd1a0904ad9e2bfb7b15e5c3\",\"name\":\"Redazione\",\"image\":{\"@type\":\"ImageObject\",\"inLanguage\":\"it-IT\",\"@id\":\"https:\\\/\\\/secure.gravatar.com\\\/avatar\\\/2fcdf27c78ea025fbdb44e914cc63c72249ffec9dc8aafd5c82b26240ef3f346?s=96&d=mm&r=g\",\"url\":\"https:\\\/\\\/secure.gravatar.com\\\/avatar\\\/2fcdf27c78ea025fbdb44e914cc63c72249ffec9dc8aafd5c82b26240ef3f346?s=96&d=mm&r=g\",\"contentUrl\":\"https:\\\/\\\/secure.gravatar.com\\\/avatar\\\/2fcdf27c78ea025fbdb44e914cc63c72249ffec9dc8aafd5c82b26240ef3f346?s=96&d=mm&r=g\",\"caption\":\"Redazione\"},\"url\":\"https:\\\/\\\/www.rassegnastampa-totustuus.it\\\/cattolica\\\/author\\\/pietroelle\\\/\"}]}<\/script>\n<!-- \/ Yoast SEO plugin. -->","yoast_head_json":{"title":"Quando la democrazia si fa totalitaria - Rassegna Stampa Cattolica","description":"Rassegna Stampa Cattolica - Per una cultura che nasce dalla Rivelazione cristiana in conformit\u00e0 alla tradizione e al Magistero della Chiesa in opposizione ad ogni relativismo e totalitarismo","robots":{"index":"index","follow":"follow","max-snippet":"max-snippet:-1","max-image-preview":"max-image-preview:large","max-video-preview":"max-video-preview:-1"},"canonical":"https:\/\/www.rassegnastampa-totustuus.it\/cattolica\/quando-la-democrazia-si-fa-totalitaria\/","og_locale":"it_IT","og_type":"article","og_title":"Quando la democrazia si fa totalitaria - Rassegna Stampa Cattolica","og_description":"Rassegna Stampa Cattolica - Per una cultura che nasce dalla Rivelazione cristiana in conformit\u00e0 alla tradizione e al Magistero della Chiesa in opposizione ad ogni relativismo e totalitarismo","og_url":"https:\/\/www.rassegnastampa-totustuus.it\/cattolica\/quando-la-democrazia-si-fa-totalitaria\/","og_site_name":"Rassegna Stampa Cattolica","article_publisher":"https:\/\/www.facebook.com\/rassegnastampacattolica","article_published_time":"2010-09-13T11:13:10+00:00","article_modified_time":"2014-04-25T12:17:52+00:00","og_image":[{"width":266,"height":190,"url":"https:\/\/www.rassegnastampa-totustuus.it\/cattolica\/wp-content\/uploads\/2010\/09\/tribunale_minorenni.jpg","type":"image\/jpeg"}],"author":"Redazione","twitter_card":"summary_large_image","twitter_creator":"@rassegnastampa9","twitter_site":"@rassegnastampa9","twitter_misc":{"Scritto da":"Redazione","Tempo di lettura stimato":"3 minuti"},"schema":{"@context":"https:\/\/schema.org","@graph":[{"@type":"Article","@id":"https:\/\/www.rassegnastampa-totustuus.it\/cattolica\/quando-la-democrazia-si-fa-totalitaria\/#article","isPartOf":{"@id":"https:\/\/www.rassegnastampa-totustuus.it\/cattolica\/quando-la-democrazia-si-fa-totalitaria\/"},"author":{"name":"Redazione","@id":"https:\/\/www.rassegnastampa-totustuus.it\/cattolica\/#\/schema\/person\/08f319d2bd1a0904ad9e2bfb7b15e5c3"},"headline":"Quando la democrazia si fa totalitaria","datePublished":"2010-09-13T11:13:10+00:00","dateModified":"2014-04-25T12:17:52+00:00","mainEntityOfPage":{"@id":"https:\/\/www.rassegnastampa-totustuus.it\/cattolica\/quando-la-democrazia-si-fa-totalitaria\/"},"wordCount":603,"commentCount":0,"publisher":{"@id":"https:\/\/www.rassegnastampa-totustuus.it\/cattolica\/#organization"},"image":{"@id":"https:\/\/www.rassegnastampa-totustuus.it\/cattolica\/quando-la-democrazia-si-fa-totalitaria\/#primaryimage"},"thumbnailUrl":"https:\/\/www.rassegnastampa-totustuus.it\/cattolica\/wp-content\/uploads\/2010\/09\/tribunale_minorenni.jpg","keywords":["diritto","famiglia"],"articleSection":["Famiglia","Sguardo sul nostro tempo"],"inLanguage":"it-IT","potentialAction":[{"@type":"CommentAction","name":"Comment","target":["https:\/\/www.rassegnastampa-totustuus.it\/cattolica\/quando-la-democrazia-si-fa-totalitaria\/#respond"]}]},{"@type":"WebPage","@id":"https:\/\/www.rassegnastampa-totustuus.it\/cattolica\/quando-la-democrazia-si-fa-totalitaria\/","url":"https:\/\/www.rassegnastampa-totustuus.it\/cattolica\/quando-la-democrazia-si-fa-totalitaria\/","name":"Quando la democrazia si fa totalitaria - Rassegna Stampa Cattolica","isPartOf":{"@id":"https:\/\/www.rassegnastampa-totustuus.it\/cattolica\/#website"},"primaryImageOfPage":{"@id":"https:\/\/www.rassegnastampa-totustuus.it\/cattolica\/quando-la-democrazia-si-fa-totalitaria\/#primaryimage"},"image":{"@id":"https:\/\/www.rassegnastampa-totustuus.it\/cattolica\/quando-la-democrazia-si-fa-totalitaria\/#primaryimage"},"thumbnailUrl":"https:\/\/www.rassegnastampa-totustuus.it\/cattolica\/wp-content\/uploads\/2010\/09\/tribunale_minorenni.jpg","datePublished":"2010-09-13T11:13:10+00:00","dateModified":"2014-04-25T12:17:52+00:00","description":"Rassegna Stampa Cattolica - Per una cultura che nasce dalla Rivelazione cristiana in conformit\u00e0 alla tradizione e al Magistero della Chiesa in opposizione ad ogni relativismo e totalitarismo","breadcrumb":{"@id":"https:\/\/www.rassegnastampa-totustuus.it\/cattolica\/quando-la-democrazia-si-fa-totalitaria\/#breadcrumb"},"inLanguage":"it-IT","potentialAction":[{"@type":"ReadAction","target":["https:\/\/www.rassegnastampa-totustuus.it\/cattolica\/quando-la-democrazia-si-fa-totalitaria\/"]}]},{"@type":"ImageObject","inLanguage":"it-IT","@id":"https:\/\/www.rassegnastampa-totustuus.it\/cattolica\/quando-la-democrazia-si-fa-totalitaria\/#primaryimage","url":"https:\/\/www.rassegnastampa-totustuus.it\/cattolica\/wp-content\/uploads\/2010\/09\/tribunale_minorenni.jpg","contentUrl":"https:\/\/www.rassegnastampa-totustuus.it\/cattolica\/wp-content\/uploads\/2010\/09\/tribunale_minorenni.jpg","width":266,"height":190},{"@type":"BreadcrumbList","@id":"https:\/\/www.rassegnastampa-totustuus.it\/cattolica\/quando-la-democrazia-si-fa-totalitaria\/#breadcrumb","itemListElement":[{"@type":"ListItem","position":1,"name":"Home","item":"https:\/\/www.rassegnastampa-totustuus.it\/cattolica\/"},{"@type":"ListItem","position":2,"name":"Quando la democrazia si fa totalitaria"}]},{"@type":"WebSite","@id":"https:\/\/www.rassegnastampa-totustuus.it\/cattolica\/#website","url":"https:\/\/www.rassegnastampa-totustuus.it\/cattolica\/","name":"Rassegna Stampa Cattolica","description":"Per una cultura che nasce dalla Rivelazione cristiana in conformit\u00e0 alla tradizione e al Magistero della Chiesa in opposizione ad ogni relativismo e totalitarismo","publisher":{"@id":"https:\/\/www.rassegnastampa-totustuus.it\/cattolica\/#organization"},"alternateName":"Rass. Cattolica","potentialAction":[{"@type":"SearchAction","target":{"@type":"EntryPoint","urlTemplate":"https:\/\/www.rassegnastampa-totustuus.it\/cattolica\/?s={search_term_string}"},"query-input":{"@type":"PropertyValueSpecification","valueRequired":true,"valueName":"search_term_string"}}],"inLanguage":"it-IT"},{"@type":"Organization","@id":"https:\/\/www.rassegnastampa-totustuus.it\/cattolica\/#organization","name":"Rassegna Stampa Cattolica","url":"https:\/\/www.rassegnastampa-totustuus.it\/cattolica\/","logo":{"@type":"ImageObject","inLanguage":"it-IT","@id":"https:\/\/www.rassegnastampa-totustuus.it\/cattolica\/#\/schema\/logo\/image\/","url":"https:\/\/www.rassegnastampa-totustuus.it\/cattolica\/wp-content\/uploads\/2014\/04\/logo-rassegna1.gif","contentUrl":"https:\/\/www.rassegnastampa-totustuus.it\/cattolica\/wp-content\/uploads\/2014\/04\/logo-rassegna1.gif","width":600,"height":163,"caption":"Rassegna Stampa Cattolica"},"image":{"@id":"https:\/\/www.rassegnastampa-totustuus.it\/cattolica\/#\/schema\/logo\/image\/"},"sameAs":["https:\/\/www.facebook.com\/rassegnastampacattolica","https:\/\/x.com\/rassegnastampa9"]},{"@type":"Person","@id":"https:\/\/www.rassegnastampa-totustuus.it\/cattolica\/#\/schema\/person\/08f319d2bd1a0904ad9e2bfb7b15e5c3","name":"Redazione","image":{"@type":"ImageObject","inLanguage":"it-IT","@id":"https:\/\/secure.gravatar.com\/avatar\/2fcdf27c78ea025fbdb44e914cc63c72249ffec9dc8aafd5c82b26240ef3f346?s=96&d=mm&r=g","url":"https:\/\/secure.gravatar.com\/avatar\/2fcdf27c78ea025fbdb44e914cc63c72249ffec9dc8aafd5c82b26240ef3f346?s=96&d=mm&r=g","contentUrl":"https:\/\/secure.gravatar.com\/avatar\/2fcdf27c78ea025fbdb44e914cc63c72249ffec9dc8aafd5c82b26240ef3f346?s=96&d=mm&r=g","caption":"Redazione"},"url":"https:\/\/www.rassegnastampa-totustuus.it\/cattolica\/author\/pietroelle\/"}]}},"_links":{"self":[{"href":"https:\/\/www.rassegnastampa-totustuus.it\/cattolica\/wp-json\/wp\/v2\/posts\/4084","targetHints":{"allow":["GET"]}}],"collection":[{"href":"https:\/\/www.rassegnastampa-totustuus.it\/cattolica\/wp-json\/wp\/v2\/posts"}],"about":[{"href":"https:\/\/www.rassegnastampa-totustuus.it\/cattolica\/wp-json\/wp\/v2\/types\/post"}],"author":[{"embeddable":true,"href":"https:\/\/www.rassegnastampa-totustuus.it\/cattolica\/wp-json\/wp\/v2\/users\/6"}],"replies":[{"embeddable":true,"href":"https:\/\/www.rassegnastampa-totustuus.it\/cattolica\/wp-json\/wp\/v2\/comments?post=4084"}],"version-history":[{"count":5,"href":"https:\/\/www.rassegnastampa-totustuus.it\/cattolica\/wp-json\/wp\/v2\/posts\/4084\/revisions"}],"predecessor-version":[{"id":7243,"href":"https:\/\/www.rassegnastampa-totustuus.it\/cattolica\/wp-json\/wp\/v2\/posts\/4084\/revisions\/7243"}],"wp:featuredmedia":[{"embeddable":true,"href":"https:\/\/www.rassegnastampa-totustuus.it\/cattolica\/wp-json\/wp\/v2\/media\/33906"}],"wp:attachment":[{"href":"https:\/\/www.rassegnastampa-totustuus.it\/cattolica\/wp-json\/wp\/v2\/media?parent=4084"}],"wp:term":[{"taxonomy":"category","embeddable":true,"href":"https:\/\/www.rassegnastampa-totustuus.it\/cattolica\/wp-json\/wp\/v2\/categories?post=4084"},{"taxonomy":"post_tag","embeddable":true,"href":"https:\/\/www.rassegnastampa-totustuus.it\/cattolica\/wp-json\/wp\/v2\/tags?post=4084"}],"curies":[{"name":"wp","href":"https:\/\/api.w.org\/{rel}","templated":true}]}}