{"id":4082,"date":"2010-09-09T00:00:00","date_gmt":"2010-09-08T22:00:00","guid":{"rendered":""},"modified":"2015-11-11T16:55:50","modified_gmt":"2015-11-11T15:55:50","slug":"il-paradiso-cubano-le-ferie-fatele-a-matanzas","status":"publish","type":"post","link":"https:\/\/www.rassegnastampa-totustuus.it\/cattolica\/il-paradiso-cubano-le-ferie-fatele-a-matanzas\/","title":{"rendered":"Il &quot;Paradiso&quot; cubano. Le ferie? Fatele a Matanzas&#8230;"},"content":{"rendered":"<div style=\"text-align: center;\"><strong><a href=\"https:\/\/www.rassegnastampa-totustuus.it\/cattolica\/wp-content\/uploads\/2010\/09\/Cuba.jpg\"><img loading=\"lazy\" decoding=\"async\" class=\"alignleft wp-image-27484\" src=\"https:\/\/www.rassegnastampa-totustuus.it\/cattolica\/wp-content\/uploads\/2010\/09\/Cuba.jpg\" alt=\"Cuba\" width=\"240\" height=\"180\" \/><\/a>fattisentire.org<\/strong> &#8211; 13 agosto 2010<\/div>\n<p style=\"text-align: center;\"><em>Il resoconto di una vacanza\u00a0in uno degli ultimi &#8220;paradisi&#8221; socialisti<\/em><\/p>\n<p style=\"text-align: center;\">di <strong>David Botti<\/strong><\/p>\n<p><!--more--><\/p>\n<div style=\"text-align: justify;\"><strong>1. Occhiali da sole per&#8230; non vedenti<\/strong><\/div>\n<p style=\"text-align: justify;\">Chi va a Cuba per ferie, di solito cerca il sole e il mare. Capita per\u00f2 che, una volta sul posto, magari mentre fa il bagno, sia incuriosito da alcuni strani comportamenti &#8211; come il sentirsi proporre le treccine ai capelli perch\u00e9 &#8220;non ho il permesso per farle a riva&#8221; -, inizia a farsi domande sulla vita quotidiana a Cuba.<\/p>\n<p style=\"text-align: justify;\">Gi\u00e0: a Cuba non si lavora senza permesso statale ma, purtroppo, la sua esperienza del vissuto quotidiano cubano si limita a qualche scambio di battute con il barista, il cameriere o con il giardiniere che furtivamente e con timore gli propone una noce di cocco per un &#8220;peso convertibile&#8221; (CUC). Insomma, accade che il turista non si renda conto di venir collocato in un&#8217;oasi artificiale, resa il pi\u00f9 possibile simile al suo stile di vita, ma del tutto diversa da quello degli abitanti dell&#8217;isola.<\/p>\n<p style=\"text-align: justify;\">Eppure, il primo dubbio dovrebbe venirgli appena sceso dall&#8217;aereo, quando ha bisogno di comprare una qualunque cosa: il turista deve usare il &#8220;peso CUC&#8221;, che \u00e8 proibito al cittadino cubano. Non si tratta solo di un modo con cui il regime lucra sul cambio valuta, ma anche di un sistema per controllare i suoi movimenti sull&#8217;isola e gli extra dei cubani che sono a contatto con i turisti.<\/p>\n<p style=\"text-align: justify;\">Forse nemmeno ci si accorge che in ogni Hotel, anche partecipato da societ\u00e0 estere, vi sono tre tipologie di vigilanza: personale che gira &#8211; anche in spiaggia &#8211; in camicia bianca, cravatta e telefono di servizio; polizia di Stato stanziata nei paraggi dell&#8217;Hotel che interviene in pochi minuti su richiesta degli uomini in camicia bianca; polizia segreta mescolata al personale di servizio, con compiti soprattutto di sorveglianza del personale.<\/p>\n<p style=\"text-align: justify;\">Ma tant&#8217;\u00e8: la bellezza del luogo, l&#8217;amabilit\u00e0 degli isolani e il pensiero delle meritate ferie non permettono al turista di cogliere immediatamente tanti particolari significativi, come quello del passaggio attraverso un apparente casello autostradale, che \u00e8 in realt\u00e0 un posto di controllo per identificare chi accede alle cittadine costruite per noi &#8220;capitalisti&#8221;, dal costo inarrivabile per un cubano che non sia membro della Nomenklatura, un campione sportivo o simili.<\/p>\n<p style=\"text-align: justify;\">Iniziamo allora dalla parte a mio avviso meno importante: quella economica<\/p>\n<p style=\"text-align: justify;\"><strong>2. Non povert\u00e0 ma miseria<\/strong><\/p>\n<p style=\"text-align: justify;\">Il Pil procapite potete trovarvelo in rete: Cuba \u00e8 subito dopo la Bolivia (socialista) e prima dell&#8217;India (socialista): siamo quasi ai livelli di Haiti. I cubani hanno in pratica tutti lo stesso salario, corrispondente a ca. 25 euro mensili, che sono sufficienti ad acquistare i generi di prima necessit\u00e0. La settimana lavorativa \u00e8 quasi per tutti di 6 giorni per 8 ore.<\/p>\n<p style=\"text-align: justify;\">La quasi totalit\u00e0 del popolo vive, insomma, non in povert\u00e0 ma nella miseria, con la sola eccezione di chi riceve mance dai turisti, che fanno davvero cambiare la qualit\u00e0 della vita. Cos\u00ec, ingegneri, medici, ecc. fanno a gara per fare i barman o i camerieri: uno dei pochissimi reati che un cubano compie \u00e8 quello di &#8220;rendere inabile&#8221; chi lo precede nella graduatoria statale per quel tipo di lavoro.<\/p>\n<p style=\"text-align: justify;\">Tuttavia, chi non vuole vedere obietta: &#8220;ma non hanno spese, \u00e8 tutto pagato dallo Stato!&#8221;. Certo, ma con che qualit\u00e0 della vita? Lo stupore di un sedicenne canadese che si trova circondato da tre bellissime e sculettanti quattordicenni locali la dice lunga: sposare lo straniero \u00e8 il modo pi\u00f9 facile per uscire dalla schiavit\u00f9 socialista.<\/p>\n<p style=\"text-align: justify;\">Persino nella capitale, citt\u00e0 quasi senza controlli, basta aggirarsi un&#8217;oretta per rilevare le condizioni di degrado e schifo delle &#8220;case per tutti&#8221; promesse dal socialismo. Restiamo all&#8217;Avana, mercati ortofrutticoli centrali; solo quattro i prodotti in vendita su tutti i banconi: zucca, avocado, banane e lime (quasi tutto marcio).<\/p>\n<p style=\"text-align: justify;\">Non volete sporcarvi le Nike camminando per i vicoli de La Habana Vieja? Basta togliersi gli occhiali da sole mentre si viaggia sul Bus &#8220;dorato&#8221; per turisti per notare che la &#8220;casa per tutti&#8221; \u00e8 spesso fatta con le cassette per la frutta. Ancora: solo due case su tre hanno (ancora!) la cisterna d&#8217;acqua di cemento sul tetto e tre su quattro l&#8217;antenna della televisione. Non parliamo poi dei paesi dell&#8217;interno, come Cardenas, in cui alcuni &#8220;turisti non-standard&#8221; non hanno nemmeno avuto il coraggio di scendere dal taxi.<\/p>\n<p style=\"text-align: justify;\">Ah, gi\u00e0: i trasporti. A Cuba non c&#8217;\u00e8 il problema del parcheggio e del traffico: quasi nessuno ha un&#8217;auto propria (1). I bus sui quali siamo costretti a viaggiare noi turisti &#8211; per la paura di essere scoperti non ci hanno fatto salire sul bus per operai neanche alla vista di qualche bella banconota &#8211; per i cubani hanno un prezzo stellare: il socialismo, per loro, ha le &#8220;guaguas&#8221;, dei vecchi omnibus dei tempi dell&#8217;Urss sul quale la gente viene accatastata come bestie. Le ferrovie risalgono all&#8217;epoca di Batista ma non vengono utilizzate, pi\u00f9 sotto scoprirete il perch\u00e9.<\/p>\n<p style=\"text-align: justify;\">Per l&#8217;istruzione: ho udito un coraggioso parroco cattolico chiedere quattro volte durante l&#8217;omelia domenicale &#8220;sanit\u00e0 e istruzione conformi alla dignit\u00e0 umana&#8221;. E&#8217; vero che l&#8217;istruzione \u00e8 gratuita ma una volta conseguito il titolo, il giovane deve restituire allo Stato tutti i costi sostenuti con parte del proprio stipendio, anche per 8-10 anni.<\/p>\n<p style=\"text-align: justify;\">Per la sanit\u00e0: avendo bisogno di un antistaminico (Dexclorfeniramina, Made in India) e di un integratore salinico (Suero oral, Made in El Salvador) siamo volutamente andati a comprarli in un villaggio: siamo stati serviti subito, ma abbiamo ben notato cinque povere anziane sedute a 40\u00b0 all&#8217;ombra con l&#8217;85% di umidit\u00e0 che venivano ignorate dalle farmaciste. Il socialismo non riesce nemmeno a fabbricare le medicine!<\/p>\n<p style=\"text-align: justify;\"><strong>3. Cuba libre<\/strong><\/p>\n<p style=\"text-align: justify;\">E&#8217; un cocktail che si prepara con Rum bianco, lime e Cola (la Coca Cola \u00e8 proibita, cos\u00ec come ogni prodotto made in Usa). Non \u00e8 di questa &#8220;libertad&#8221; che voglio parlavi, ma di Cuba schiava: se siete cubani residenti nella Regione di Matanzas e volete andare a visitare una Regione limitrofa, dovete presentarvi venti giorni prima alla stazione delle guaguas con la carta d&#8217;identit\u00e0, subire un interrogatorio, fare la prenotazione e tornare dopo due settimane per vedere se vi lasciano acquistare il biglietto.<\/p>\n<p style=\"text-align: justify;\">Invece, i turisti possono uscire dalle loro &#8220;oasi artificiali&#8221; per visitare l&#8217;isola, ma le escursioni riguardano soltanto grossi centri e, di questi, alcuni punti ben limitati e definiti. Tutte si svolgono sotto la guida di personale ben istruito nei dogmi e nella storia della chiesa socialista.<\/p>\n<p style=\"text-align: justify;\">Cos\u00ec, non ho faticato a convincere la mia buona moglie ad evitare le escursioni e &#8211; approfittando del fatto che sono madrelingua spagnola e che spesso vengo scambiato per indigeno &#8211; a visitare qualcosa di &#8220;non previsto&#8221;. Non voglio essere troppo anti socialista e perci\u00f2 non vi parler\u00f2 di Heredia in Camaguey, ma dell&#8217;importante e storica Matanzas, capitale di una delle tredici Regioni in cui \u00e8 divisa l&#8217;isola: 150.000 abitanti a soli 90 Km da La Habana, raggiungibile addirittura via autopista.<\/p>\n<p style=\"text-align: justify;\">Va detto che tutto quanto sopra gi\u00e0 descritto (ad es. le vecchie cisterne per l&#8217;acqua) si applica ovviamente anche a questa grossa citt\u00e0. Aggiungo che, a Matanzas, manca la corrente elettrica per sei ore ogni giorno.<\/p>\n<p style=\"text-align: justify;\">Non abbiamo visto locali con aria condizionata, c&#8217;erano 38\u00b0 con l&#8217;80% di umidit\u00e0. Non abbiamo visto alcun impianto di aria condizionata: i pi\u00f9 derelitti dormivano buttati come cani sull&#8217;asfalto stradale o negli androni delle case. Se dalle Avenidas principali ci si avventura nelle stradine laterali si \u00e8 nel massimo degrado: certo, oltre alle case fatte in lamiera o con le cassette della frutta, ve ne sono anche in mattone, ma risalgono all&#8217;epoca di Batista e &#8211; probabilmente per non aver avuto alcuna forma di manutenzione &#8211; sono fatiscenti. Ma abitate.<\/p>\n<p style=\"text-align: justify;\">Peraltro, nei primi mesi dopo il colpo di Stato socialista del 1959, il regime espropri\u00f2 tutte le propriet\u00e0 private e solo alcuni anni dopo restitu\u00ec alcune case confiscate. Cos\u00ec, esiste ancora chi possiede una propria abitazione, ma deve pagare allo Stato l&#8217;affitto per i primi venti anni e ad ogni passaggio di propriet\u00e0, anche per eredit\u00e0.<\/p>\n<p style=\"text-align: justify;\">Vi \u00e8 un unico negozio che vende abiti occidentali: si pu\u00f2 entrare in due alla volta e fuori c&#8217;\u00e8 una coda di circa 80 persone. Cos\u00ec, un anziano occidentale firmato Armani, nel miglior ristorante di Matanzas, trova la facile compagnia di due bellissime, una bionda e una mora.<\/p>\n<p style=\"text-align: justify;\">Coda pure in farmacia, mentre \u00e8 certo che i detenuti non hanno diritto all&#8217;assistenza sanitaria. Nessun negozio di frutta e verdura; supermercati sporchi e infestati dalle mosche con solo una ventina di prodotti in vendita. A Matanzas non abbiamo trovato nessuna edicola per acquistare l&#8217;unico periodico in vendita nell&#8217;isola: il mitico <em>Granma<\/em> (2). Non esiste alcun internet caf\u00e9. Esiste per\u00f2 la possibilit\u00e0 di utilizzare gratuitamente &#8211; per un&#8217;ora al giorno e sotto sorveglianza &#8211; dei vecchi computer (senza accesso ad internet) per imparare ad usarli.<\/p>\n<p style=\"text-align: justify;\">La televisione non l&#8217;hanno tutti, ma nei locali pubblici (quando c&#8217;\u00e8 corrente elettrica) si possono vedere i tre canali statali e i due canali che trasmettono in lingua cinese la storia e la cultura del nuovo &#8220;grande paese amico&#8221;: non \u00e8 possibile vedere nemmeno la sinistrorsa CNN, n\u00e9 inglese n\u00e9 spagnola. Esistono anche reti televisive e radiofoniche locali, tutte sotto il controllo statale.<\/p>\n<p style=\"text-align: justify;\"><strong>4. La Chiesa.<\/strong><\/p>\n<p style=\"text-align: justify;\">Giovanni Paolo II ha ricevuto Fidel Castro in Vaticano nel 1996 e ha ricambiato la visita nel 1998.\u00a0 Purtroppo, poco tempo dopo, la Segreteria di Stato ha praticamente taciuto su tre fucilazioni e sulle condanne al carcere di 75 dissidenti a Cuba. Si \u00e8 anche verificato uno scandaloso episodio, nel marzo 2003, di una decorazione fatta al terrorista Fidel Castro da parte della badessa dell&#8217;Ordine di Santa Brigida, con il suo contorno di baci e abbracci, sotto gli occhi della televisione cubana e del Cardinale Crescenzio Sepe.<\/p>\n<p style=\"text-align: justify;\">La Chiesa Cattolica \u00e8, insomma, fortemente limitata nella sua pastorale: purtroppo abbiamo visto le chiese frequentate principalmente da donne di etnia ispana (le popolazioni nere pare siano progressivamente tornate alla stregoneria della &#8220;santeria&#8221;). A La Habana viene pubblicato un bollettino pastorale di commento al Vangelo della Messa domenicale, ma arriva nelle parrocchie della Regione di Matanzas dopo settimane.<\/p>\n<p style=\"text-align: justify;\">Il clero ha scarsi strumenti di formazione ma ad alcuni \u00e8 permesso di andare a studiare all&#8217;estero: sebbene sia comunque teologicamente confuso, ha ben chiara la condizione di schiavit\u00f9 in cui versa il suo gregge e quando parla, parla chiaro e con coraggio.<\/p>\n<p style=\"text-align: justify;\">Alcune chiese vengono restaurate dal regime, come la Chiesa di San Francesco il nuovo de La Habana: espropriata nel 1966 assieme al convento dei francescani, venne restituita nel 1988 (senza per\u00f2 il convento, che il regime si \u00e8 tenuto). Ora i Padri vivono fuori citt\u00e0. Il regime ha anche permesso l&#8217;ingresso di due conventuali sardi, assegnando loro gratuitamente un&#8217;abitazione: ricevutala diroccata, \u00e8 abitabile dopo quattro anni con lavori pagati dagli stessi Padri.<\/p>\n<p style=\"text-align: justify;\">La Cattedrale di Matanzas \u00e8 in rovina, chiusa da anni &#8220;per manutenzione&#8221;: al contrario le tre logge massoniche di Matanzas &#8211; compresa la gigantesca La Verdad &#8211; sono vuote, ma in perfetto stato di conservazione. Stesso discorso per la maestosa sede del Grande Oriente Cubano, proprio di fronte alla Chiesa del Sacro Cuore de La Habana.<\/p>\n<p style=\"text-align: justify;\">Concludo. Come a voi, capita anche a me di avere colleghi filo socialisti e altri pi\u00f9 ingenui i quali sostengono che il socialismo sia finito: diciamo loro di fare le prossime ferie a Matanzas!<\/p>\n<p style=\"text-align: right;\"><em>David Botti<\/em><\/p>\n<p style=\"text-align: right;\"><em>13 agosto 2010,<\/em><\/p>\n<p style=\"text-align: right;\"><em>nell&#8217;84 compleanno del terrorista Fidel Castro<\/em><\/p>\n<p style=\"text-align: justify;\"><strong>Bibliografia in rete<\/strong>:<\/p>\n<p style=\"text-align: justify;\">1) <a href=\"http:\/\/tinyurl.com\/34ybulk\" target=\"_blank\">http:\/\/tinyurl.com\/34ybulk<\/a> Armando Valladares, Contro ogni speranza. 22 anni nel gulag delle Americhe. Dal fondo delle carceri di Fidel Castro<\/p>\n<p style=\"text-align: justify;\">2) <a href=\"http:\/\/tinyurl.com\/387od4v\" target=\"_blank\">http:\/\/tinyurl.com\/387od4v<\/a> Massimo Caprara, <em>Che Guevara sconosciuto<\/em><\/p>\n<p style=\"text-align: justify;\">3) <a href=\"http:\/\/tinyurl.com\/castroguevara\" target=\"_blank\">http:\/\/tinyurl.com\/castroguevara<\/a> Stefano Magni, <em>Dalla dittatura di Castro e Che Guevara solo morte e povert\u00e0<\/em><\/p>\n<p style=\"text-align: justify;\">4) <a href=\"http:\/\/digilander.libero.it\/cubanos\/\" target=\"_blank\">http:\/\/digilander.libero.it\/cubanos\/<\/a>\u00a0 Profughi cubani, Prigionieri politici in sciopero della fame sparpagliati in prigioni diverse<\/p>\n<p style=\"text-align: justify;\"><strong>Note.<\/strong><\/p>\n<p style=\"text-align: justify;\">(1) Il socialismo \u00e8 inefficiente anche nella tecnologia; la dipendenza che un tempo era verso l&#8217;Urss ora \u00e8 verso la Cina socialista: tutte le vecchie auto sono Usa degli anni Cinquanta o Lada degli anni Sessanta. I nuovi mezzi di trasporto sono quasi tutti Yutong e Geely.<\/p>\n<p style=\"text-align: justify;\">(2) Il <em>Granma<\/em> prende il nome dalla Regione in cui Fidel Castro e altri 82 terroristi, sbarcando nel 1958 da uno yacht, diedero inizio alle stragi che portarono il socialismo al potere. Il numero dell&#8217;11-8-2010 dedica tutta l&#8217;ultima pagina (in tutto stampa sei pagine in formato A3) ai brillanti sforzi dei tecnici di Pinar del R\u00edo, che riescono quotidianamente a riparare ben 40 delle nuove cuocitrici multifunzione che il regime ha dato in sostituzione delle vecchie cucine a gas liquido e cherosene: peccato che si rompano tutte. Il progresso socialista colpisce anche in cucina!<\/p>\n","protected":false},"excerpt":{"rendered":"<p>fattisentire.org &#8211; 13 agosto 2010 Il resoconto di una vacanza\u00a0in uno degli ultimi &#8220;paradisi&#8221; socialisti di David Botti<\/p><p><a class=\"more-link btn\" href=\"https:\/\/www.rassegnastampa-totustuus.it\/cattolica\/il-paradiso-cubano-le-ferie-fatele-a-matanzas\/\">Continua a leggere<\/a><\/p>\n","protected":false},"author":6,"featured_media":27484,"comment_status":"closed","ping_status":"open","sticky":false,"template":"","format":"standard","meta":{"footnotes":""},"categories":[32,72,108],"tags":[603],"class_list":["post-4082","post","type-post","status-publish","format-standard","has-post-thumbnail","hentry","category-filosofia-del-comunismo","category-cuba","category-paesi-e-continenti","tag-cuba-2","item-wrap"],"yoast_head":"<!-- This site is optimized with the Yoast SEO plugin v27.5 - https:\/\/yoast.com\/product\/yoast-seo-wordpress\/ -->\n<title>Il &quot;Paradiso&quot; cubano. Le ferie? Fatele a Matanzas... - Rassegna Stampa Cattolica<\/title>\n<meta name=\"description\" content=\"Rassegna Stampa Cattolica - Per una cultura che nasce dalla Rivelazione cristiana in conformit\u00e0 alla tradizione e al Magistero della Chiesa in opposizione ad ogni relativismo e totalitarismo\" \/>\n<meta name=\"robots\" content=\"index, follow, max-snippet:-1, max-image-preview:large, max-video-preview:-1\" \/>\n<link rel=\"canonical\" href=\"https:\/\/www.rassegnastampa-totustuus.it\/cattolica\/il-paradiso-cubano-le-ferie-fatele-a-matanzas\/\" \/>\n<meta property=\"og:locale\" content=\"it_IT\" \/>\n<meta property=\"og:type\" content=\"article\" \/>\n<meta property=\"og:title\" content=\"Il &quot;Paradiso&quot; cubano. Le ferie? Fatele a Matanzas... - Rassegna Stampa Cattolica\" \/>\n<meta property=\"og:description\" content=\"Rassegna Stampa Cattolica - Per una cultura che nasce dalla Rivelazione cristiana in conformit\u00e0 alla tradizione e al Magistero della Chiesa in opposizione ad ogni relativismo e totalitarismo\" \/>\n<meta property=\"og:url\" content=\"https:\/\/www.rassegnastampa-totustuus.it\/cattolica\/il-paradiso-cubano-le-ferie-fatele-a-matanzas\/\" \/>\n<meta property=\"og:site_name\" content=\"Rassegna Stampa Cattolica\" \/>\n<meta property=\"article:publisher\" content=\"https:\/\/www.facebook.com\/rassegnastampacattolica\" \/>\n<meta property=\"article:published_time\" content=\"2010-09-08T22:00:00+00:00\" \/>\n<meta property=\"article:modified_time\" content=\"2015-11-11T15:55:50+00:00\" \/>\n<meta property=\"og:image\" content=\"https:\/\/www.rassegnastampa-totustuus.it\/cattolica\/wp-content\/uploads\/2010\/09\/Cuba.jpg\" \/>\n\t<meta property=\"og:image:width\" content=\"259\" \/>\n\t<meta property=\"og:image:height\" content=\"194\" \/>\n\t<meta property=\"og:image:type\" content=\"image\/jpeg\" \/>\n<meta name=\"author\" content=\"Redazione\" \/>\n<meta name=\"twitter:card\" content=\"summary_large_image\" \/>\n<meta name=\"twitter:creator\" content=\"@rassegnastampa9\" \/>\n<meta name=\"twitter:site\" content=\"@rassegnastampa9\" \/>\n<meta name=\"twitter:label1\" content=\"Scritto da\" \/>\n\t<meta name=\"twitter:data1\" content=\"Redazione\" \/>\n\t<meta name=\"twitter:label2\" content=\"Tempo di lettura stimato\" \/>\n\t<meta name=\"twitter:data2\" content=\"10 minuti\" \/>\n<script type=\"application\/ld+json\" class=\"yoast-schema-graph\">{\"@context\":\"https:\\\/\\\/schema.org\",\"@graph\":[{\"@type\":\"Article\",\"@id\":\"https:\\\/\\\/www.rassegnastampa-totustuus.it\\\/cattolica\\\/il-paradiso-cubano-le-ferie-fatele-a-matanzas\\\/#article\",\"isPartOf\":{\"@id\":\"https:\\\/\\\/www.rassegnastampa-totustuus.it\\\/cattolica\\\/il-paradiso-cubano-le-ferie-fatele-a-matanzas\\\/\"},\"author\":{\"name\":\"Redazione\",\"@id\":\"https:\\\/\\\/www.rassegnastampa-totustuus.it\\\/cattolica\\\/#\\\/schema\\\/person\\\/08f319d2bd1a0904ad9e2bfb7b15e5c3\"},\"headline\":\"Il &quot;Paradiso&quot; cubano. Le ferie? Fatele a Matanzas&#8230;\",\"datePublished\":\"2010-09-08T22:00:00+00:00\",\"dateModified\":\"2015-11-11T15:55:50+00:00\",\"mainEntityOfPage\":{\"@id\":\"https:\\\/\\\/www.rassegnastampa-totustuus.it\\\/cattolica\\\/il-paradiso-cubano-le-ferie-fatele-a-matanzas\\\/\"},\"wordCount\":2093,\"publisher\":{\"@id\":\"https:\\\/\\\/www.rassegnastampa-totustuus.it\\\/cattolica\\\/#organization\"},\"image\":{\"@id\":\"https:\\\/\\\/www.rassegnastampa-totustuus.it\\\/cattolica\\\/il-paradiso-cubano-le-ferie-fatele-a-matanzas\\\/#primaryimage\"},\"thumbnailUrl\":\"https:\\\/\\\/www.rassegnastampa-totustuus.it\\\/cattolica\\\/wp-content\\\/uploads\\\/2010\\\/09\\\/Cuba.jpg\",\"keywords\":[\"cuba\"],\"articleSection\":[\"Comunismo\",\"Cuba\",\"Paesi e continenti\"],\"inLanguage\":\"it-IT\"},{\"@type\":\"WebPage\",\"@id\":\"https:\\\/\\\/www.rassegnastampa-totustuus.it\\\/cattolica\\\/il-paradiso-cubano-le-ferie-fatele-a-matanzas\\\/\",\"url\":\"https:\\\/\\\/www.rassegnastampa-totustuus.it\\\/cattolica\\\/il-paradiso-cubano-le-ferie-fatele-a-matanzas\\\/\",\"name\":\"Il &quot;Paradiso&quot; cubano. Le ferie? Fatele a Matanzas... - Rassegna Stampa Cattolica\",\"isPartOf\":{\"@id\":\"https:\\\/\\\/www.rassegnastampa-totustuus.it\\\/cattolica\\\/#website\"},\"primaryImageOfPage\":{\"@id\":\"https:\\\/\\\/www.rassegnastampa-totustuus.it\\\/cattolica\\\/il-paradiso-cubano-le-ferie-fatele-a-matanzas\\\/#primaryimage\"},\"image\":{\"@id\":\"https:\\\/\\\/www.rassegnastampa-totustuus.it\\\/cattolica\\\/il-paradiso-cubano-le-ferie-fatele-a-matanzas\\\/#primaryimage\"},\"thumbnailUrl\":\"https:\\\/\\\/www.rassegnastampa-totustuus.it\\\/cattolica\\\/wp-content\\\/uploads\\\/2010\\\/09\\\/Cuba.jpg\",\"datePublished\":\"2010-09-08T22:00:00+00:00\",\"dateModified\":\"2015-11-11T15:55:50+00:00\",\"description\":\"Rassegna Stampa Cattolica - Per una cultura che nasce dalla Rivelazione cristiana in conformit\u00e0 alla tradizione e al Magistero della Chiesa in opposizione ad ogni relativismo e totalitarismo\",\"breadcrumb\":{\"@id\":\"https:\\\/\\\/www.rassegnastampa-totustuus.it\\\/cattolica\\\/il-paradiso-cubano-le-ferie-fatele-a-matanzas\\\/#breadcrumb\"},\"inLanguage\":\"it-IT\",\"potentialAction\":[{\"@type\":\"ReadAction\",\"target\":[\"https:\\\/\\\/www.rassegnastampa-totustuus.it\\\/cattolica\\\/il-paradiso-cubano-le-ferie-fatele-a-matanzas\\\/\"]}]},{\"@type\":\"ImageObject\",\"inLanguage\":\"it-IT\",\"@id\":\"https:\\\/\\\/www.rassegnastampa-totustuus.it\\\/cattolica\\\/il-paradiso-cubano-le-ferie-fatele-a-matanzas\\\/#primaryimage\",\"url\":\"https:\\\/\\\/www.rassegnastampa-totustuus.it\\\/cattolica\\\/wp-content\\\/uploads\\\/2010\\\/09\\\/Cuba.jpg\",\"contentUrl\":\"https:\\\/\\\/www.rassegnastampa-totustuus.it\\\/cattolica\\\/wp-content\\\/uploads\\\/2010\\\/09\\\/Cuba.jpg\",\"width\":259,\"height\":194},{\"@type\":\"BreadcrumbList\",\"@id\":\"https:\\\/\\\/www.rassegnastampa-totustuus.it\\\/cattolica\\\/il-paradiso-cubano-le-ferie-fatele-a-matanzas\\\/#breadcrumb\",\"itemListElement\":[{\"@type\":\"ListItem\",\"position\":1,\"name\":\"Home\",\"item\":\"https:\\\/\\\/www.rassegnastampa-totustuus.it\\\/cattolica\\\/\"},{\"@type\":\"ListItem\",\"position\":2,\"name\":\"Il &quot;Paradiso&quot; cubano. Le ferie? Fatele a Matanzas&#8230;\"}]},{\"@type\":\"WebSite\",\"@id\":\"https:\\\/\\\/www.rassegnastampa-totustuus.it\\\/cattolica\\\/#website\",\"url\":\"https:\\\/\\\/www.rassegnastampa-totustuus.it\\\/cattolica\\\/\",\"name\":\"Rassegna Stampa Cattolica\",\"description\":\"Per una cultura che nasce dalla Rivelazione cristiana in conformit\u00e0 alla tradizione e al Magistero della Chiesa in opposizione ad ogni relativismo e totalitarismo\",\"publisher\":{\"@id\":\"https:\\\/\\\/www.rassegnastampa-totustuus.it\\\/cattolica\\\/#organization\"},\"alternateName\":\"Rass. Cattolica\",\"potentialAction\":[{\"@type\":\"SearchAction\",\"target\":{\"@type\":\"EntryPoint\",\"urlTemplate\":\"https:\\\/\\\/www.rassegnastampa-totustuus.it\\\/cattolica\\\/?s={search_term_string}\"},\"query-input\":{\"@type\":\"PropertyValueSpecification\",\"valueRequired\":true,\"valueName\":\"search_term_string\"}}],\"inLanguage\":\"it-IT\"},{\"@type\":\"Organization\",\"@id\":\"https:\\\/\\\/www.rassegnastampa-totustuus.it\\\/cattolica\\\/#organization\",\"name\":\"Rassegna Stampa Cattolica\",\"url\":\"https:\\\/\\\/www.rassegnastampa-totustuus.it\\\/cattolica\\\/\",\"logo\":{\"@type\":\"ImageObject\",\"inLanguage\":\"it-IT\",\"@id\":\"https:\\\/\\\/www.rassegnastampa-totustuus.it\\\/cattolica\\\/#\\\/schema\\\/logo\\\/image\\\/\",\"url\":\"https:\\\/\\\/www.rassegnastampa-totustuus.it\\\/cattolica\\\/wp-content\\\/uploads\\\/2014\\\/04\\\/logo-rassegna1.gif\",\"contentUrl\":\"https:\\\/\\\/www.rassegnastampa-totustuus.it\\\/cattolica\\\/wp-content\\\/uploads\\\/2014\\\/04\\\/logo-rassegna1.gif\",\"width\":600,\"height\":163,\"caption\":\"Rassegna Stampa Cattolica\"},\"image\":{\"@id\":\"https:\\\/\\\/www.rassegnastampa-totustuus.it\\\/cattolica\\\/#\\\/schema\\\/logo\\\/image\\\/\"},\"sameAs\":[\"https:\\\/\\\/www.facebook.com\\\/rassegnastampacattolica\",\"https:\\\/\\\/x.com\\\/rassegnastampa9\"]},{\"@type\":\"Person\",\"@id\":\"https:\\\/\\\/www.rassegnastampa-totustuus.it\\\/cattolica\\\/#\\\/schema\\\/person\\\/08f319d2bd1a0904ad9e2bfb7b15e5c3\",\"name\":\"Redazione\",\"image\":{\"@type\":\"ImageObject\",\"inLanguage\":\"it-IT\",\"@id\":\"https:\\\/\\\/secure.gravatar.com\\\/avatar\\\/2fcdf27c78ea025fbdb44e914cc63c72249ffec9dc8aafd5c82b26240ef3f346?s=96&d=mm&r=g\",\"url\":\"https:\\\/\\\/secure.gravatar.com\\\/avatar\\\/2fcdf27c78ea025fbdb44e914cc63c72249ffec9dc8aafd5c82b26240ef3f346?s=96&d=mm&r=g\",\"contentUrl\":\"https:\\\/\\\/secure.gravatar.com\\\/avatar\\\/2fcdf27c78ea025fbdb44e914cc63c72249ffec9dc8aafd5c82b26240ef3f346?s=96&d=mm&r=g\",\"caption\":\"Redazione\"},\"url\":\"https:\\\/\\\/www.rassegnastampa-totustuus.it\\\/cattolica\\\/author\\\/pietroelle\\\/\"}]}<\/script>\n<!-- \/ Yoast SEO plugin. -->","yoast_head_json":{"title":"Il &quot;Paradiso&quot; cubano. Le ferie? Fatele a Matanzas... - Rassegna Stampa Cattolica","description":"Rassegna Stampa Cattolica - Per una cultura che nasce dalla Rivelazione cristiana in conformit\u00e0 alla tradizione e al Magistero della Chiesa in opposizione ad ogni relativismo e totalitarismo","robots":{"index":"index","follow":"follow","max-snippet":"max-snippet:-1","max-image-preview":"max-image-preview:large","max-video-preview":"max-video-preview:-1"},"canonical":"https:\/\/www.rassegnastampa-totustuus.it\/cattolica\/il-paradiso-cubano-le-ferie-fatele-a-matanzas\/","og_locale":"it_IT","og_type":"article","og_title":"Il &quot;Paradiso&quot; cubano. Le ferie? Fatele a Matanzas... - Rassegna Stampa Cattolica","og_description":"Rassegna Stampa Cattolica - Per una cultura che nasce dalla Rivelazione cristiana in conformit\u00e0 alla tradizione e al Magistero della Chiesa in opposizione ad ogni relativismo e totalitarismo","og_url":"https:\/\/www.rassegnastampa-totustuus.it\/cattolica\/il-paradiso-cubano-le-ferie-fatele-a-matanzas\/","og_site_name":"Rassegna Stampa Cattolica","article_publisher":"https:\/\/www.facebook.com\/rassegnastampacattolica","article_published_time":"2010-09-08T22:00:00+00:00","article_modified_time":"2015-11-11T15:55:50+00:00","og_image":[{"width":259,"height":194,"url":"https:\/\/www.rassegnastampa-totustuus.it\/cattolica\/wp-content\/uploads\/2010\/09\/Cuba.jpg","type":"image\/jpeg"}],"author":"Redazione","twitter_card":"summary_large_image","twitter_creator":"@rassegnastampa9","twitter_site":"@rassegnastampa9","twitter_misc":{"Scritto da":"Redazione","Tempo di lettura stimato":"10 minuti"},"schema":{"@context":"https:\/\/schema.org","@graph":[{"@type":"Article","@id":"https:\/\/www.rassegnastampa-totustuus.it\/cattolica\/il-paradiso-cubano-le-ferie-fatele-a-matanzas\/#article","isPartOf":{"@id":"https:\/\/www.rassegnastampa-totustuus.it\/cattolica\/il-paradiso-cubano-le-ferie-fatele-a-matanzas\/"},"author":{"name":"Redazione","@id":"https:\/\/www.rassegnastampa-totustuus.it\/cattolica\/#\/schema\/person\/08f319d2bd1a0904ad9e2bfb7b15e5c3"},"headline":"Il &quot;Paradiso&quot; cubano. Le ferie? Fatele a Matanzas&#8230;","datePublished":"2010-09-08T22:00:00+00:00","dateModified":"2015-11-11T15:55:50+00:00","mainEntityOfPage":{"@id":"https:\/\/www.rassegnastampa-totustuus.it\/cattolica\/il-paradiso-cubano-le-ferie-fatele-a-matanzas\/"},"wordCount":2093,"publisher":{"@id":"https:\/\/www.rassegnastampa-totustuus.it\/cattolica\/#organization"},"image":{"@id":"https:\/\/www.rassegnastampa-totustuus.it\/cattolica\/il-paradiso-cubano-le-ferie-fatele-a-matanzas\/#primaryimage"},"thumbnailUrl":"https:\/\/www.rassegnastampa-totustuus.it\/cattolica\/wp-content\/uploads\/2010\/09\/Cuba.jpg","keywords":["cuba"],"articleSection":["Comunismo","Cuba","Paesi e continenti"],"inLanguage":"it-IT"},{"@type":"WebPage","@id":"https:\/\/www.rassegnastampa-totustuus.it\/cattolica\/il-paradiso-cubano-le-ferie-fatele-a-matanzas\/","url":"https:\/\/www.rassegnastampa-totustuus.it\/cattolica\/il-paradiso-cubano-le-ferie-fatele-a-matanzas\/","name":"Il &quot;Paradiso&quot; cubano. Le ferie? Fatele a Matanzas... - Rassegna Stampa Cattolica","isPartOf":{"@id":"https:\/\/www.rassegnastampa-totustuus.it\/cattolica\/#website"},"primaryImageOfPage":{"@id":"https:\/\/www.rassegnastampa-totustuus.it\/cattolica\/il-paradiso-cubano-le-ferie-fatele-a-matanzas\/#primaryimage"},"image":{"@id":"https:\/\/www.rassegnastampa-totustuus.it\/cattolica\/il-paradiso-cubano-le-ferie-fatele-a-matanzas\/#primaryimage"},"thumbnailUrl":"https:\/\/www.rassegnastampa-totustuus.it\/cattolica\/wp-content\/uploads\/2010\/09\/Cuba.jpg","datePublished":"2010-09-08T22:00:00+00:00","dateModified":"2015-11-11T15:55:50+00:00","description":"Rassegna Stampa Cattolica - Per una cultura che nasce dalla Rivelazione cristiana in conformit\u00e0 alla tradizione e al Magistero della Chiesa in opposizione ad ogni relativismo e totalitarismo","breadcrumb":{"@id":"https:\/\/www.rassegnastampa-totustuus.it\/cattolica\/il-paradiso-cubano-le-ferie-fatele-a-matanzas\/#breadcrumb"},"inLanguage":"it-IT","potentialAction":[{"@type":"ReadAction","target":["https:\/\/www.rassegnastampa-totustuus.it\/cattolica\/il-paradiso-cubano-le-ferie-fatele-a-matanzas\/"]}]},{"@type":"ImageObject","inLanguage":"it-IT","@id":"https:\/\/www.rassegnastampa-totustuus.it\/cattolica\/il-paradiso-cubano-le-ferie-fatele-a-matanzas\/#primaryimage","url":"https:\/\/www.rassegnastampa-totustuus.it\/cattolica\/wp-content\/uploads\/2010\/09\/Cuba.jpg","contentUrl":"https:\/\/www.rassegnastampa-totustuus.it\/cattolica\/wp-content\/uploads\/2010\/09\/Cuba.jpg","width":259,"height":194},{"@type":"BreadcrumbList","@id":"https:\/\/www.rassegnastampa-totustuus.it\/cattolica\/il-paradiso-cubano-le-ferie-fatele-a-matanzas\/#breadcrumb","itemListElement":[{"@type":"ListItem","position":1,"name":"Home","item":"https:\/\/www.rassegnastampa-totustuus.it\/cattolica\/"},{"@type":"ListItem","position":2,"name":"Il &quot;Paradiso&quot; cubano. Le ferie? Fatele a Matanzas&#8230;"}]},{"@type":"WebSite","@id":"https:\/\/www.rassegnastampa-totustuus.it\/cattolica\/#website","url":"https:\/\/www.rassegnastampa-totustuus.it\/cattolica\/","name":"Rassegna Stampa Cattolica","description":"Per una cultura che nasce dalla Rivelazione cristiana in conformit\u00e0 alla tradizione e al Magistero della Chiesa in opposizione ad ogni relativismo e totalitarismo","publisher":{"@id":"https:\/\/www.rassegnastampa-totustuus.it\/cattolica\/#organization"},"alternateName":"Rass. Cattolica","potentialAction":[{"@type":"SearchAction","target":{"@type":"EntryPoint","urlTemplate":"https:\/\/www.rassegnastampa-totustuus.it\/cattolica\/?s={search_term_string}"},"query-input":{"@type":"PropertyValueSpecification","valueRequired":true,"valueName":"search_term_string"}}],"inLanguage":"it-IT"},{"@type":"Organization","@id":"https:\/\/www.rassegnastampa-totustuus.it\/cattolica\/#organization","name":"Rassegna Stampa Cattolica","url":"https:\/\/www.rassegnastampa-totustuus.it\/cattolica\/","logo":{"@type":"ImageObject","inLanguage":"it-IT","@id":"https:\/\/www.rassegnastampa-totustuus.it\/cattolica\/#\/schema\/logo\/image\/","url":"https:\/\/www.rassegnastampa-totustuus.it\/cattolica\/wp-content\/uploads\/2014\/04\/logo-rassegna1.gif","contentUrl":"https:\/\/www.rassegnastampa-totustuus.it\/cattolica\/wp-content\/uploads\/2014\/04\/logo-rassegna1.gif","width":600,"height":163,"caption":"Rassegna Stampa Cattolica"},"image":{"@id":"https:\/\/www.rassegnastampa-totustuus.it\/cattolica\/#\/schema\/logo\/image\/"},"sameAs":["https:\/\/www.facebook.com\/rassegnastampacattolica","https:\/\/x.com\/rassegnastampa9"]},{"@type":"Person","@id":"https:\/\/www.rassegnastampa-totustuus.it\/cattolica\/#\/schema\/person\/08f319d2bd1a0904ad9e2bfb7b15e5c3","name":"Redazione","image":{"@type":"ImageObject","inLanguage":"it-IT","@id":"https:\/\/secure.gravatar.com\/avatar\/2fcdf27c78ea025fbdb44e914cc63c72249ffec9dc8aafd5c82b26240ef3f346?s=96&d=mm&r=g","url":"https:\/\/secure.gravatar.com\/avatar\/2fcdf27c78ea025fbdb44e914cc63c72249ffec9dc8aafd5c82b26240ef3f346?s=96&d=mm&r=g","contentUrl":"https:\/\/secure.gravatar.com\/avatar\/2fcdf27c78ea025fbdb44e914cc63c72249ffec9dc8aafd5c82b26240ef3f346?s=96&d=mm&r=g","caption":"Redazione"},"url":"https:\/\/www.rassegnastampa-totustuus.it\/cattolica\/author\/pietroelle\/"}]}},"_links":{"self":[{"href":"https:\/\/www.rassegnastampa-totustuus.it\/cattolica\/wp-json\/wp\/v2\/posts\/4082","targetHints":{"allow":["GET"]}}],"collection":[{"href":"https:\/\/www.rassegnastampa-totustuus.it\/cattolica\/wp-json\/wp\/v2\/posts"}],"about":[{"href":"https:\/\/www.rassegnastampa-totustuus.it\/cattolica\/wp-json\/wp\/v2\/types\/post"}],"author":[{"embeddable":true,"href":"https:\/\/www.rassegnastampa-totustuus.it\/cattolica\/wp-json\/wp\/v2\/users\/6"}],"replies":[{"embeddable":true,"href":"https:\/\/www.rassegnastampa-totustuus.it\/cattolica\/wp-json\/wp\/v2\/comments?post=4082"}],"version-history":[{"count":4,"href":"https:\/\/www.rassegnastampa-totustuus.it\/cattolica\/wp-json\/wp\/v2\/posts\/4082\/revisions"}],"predecessor-version":[{"id":27485,"href":"https:\/\/www.rassegnastampa-totustuus.it\/cattolica\/wp-json\/wp\/v2\/posts\/4082\/revisions\/27485"}],"wp:featuredmedia":[{"embeddable":true,"href":"https:\/\/www.rassegnastampa-totustuus.it\/cattolica\/wp-json\/wp\/v2\/media\/27484"}],"wp:attachment":[{"href":"https:\/\/www.rassegnastampa-totustuus.it\/cattolica\/wp-json\/wp\/v2\/media?parent=4082"}],"wp:term":[{"taxonomy":"category","embeddable":true,"href":"https:\/\/www.rassegnastampa-totustuus.it\/cattolica\/wp-json\/wp\/v2\/categories?post=4082"},{"taxonomy":"post_tag","embeddable":true,"href":"https:\/\/www.rassegnastampa-totustuus.it\/cattolica\/wp-json\/wp\/v2\/tags?post=4082"}],"curies":[{"name":"wp","href":"https:\/\/api.w.org\/{rel}","templated":true}]}}