{"id":40781,"date":"2018-07-26T00:00:37","date_gmt":"2018-07-25T22:00:37","guid":{"rendered":"http:\/\/www.rassegnastampa-totustuus.it\/cattolica\/?p=40781"},"modified":"2018-07-23T09:29:38","modified_gmt":"2018-07-23T07:29:38","slug":"io-falsa-rifugiata-denuncio-il-business-di-trafficanti-e-coop","status":"publish","type":"post","link":"https:\/\/www.rassegnastampa-totustuus.it\/cattolica\/io-falsa-rifugiata-denuncio-il-business-di-trafficanti-e-coop\/","title":{"rendered":"\u00abIo, falsa rifugiata, denuncio il business di trafficanti e coop\u00bb"},"content":{"rendered":"<p style=\"text-align: center;\"><strong><img loading=\"lazy\" decoding=\"async\" class=\"alignright wp-image-40782\" src=\"https:\/\/www.rassegnastampa-totustuus.it\/cattolica\/wp-content\/uploads\/2018\/07\/immigrazione.jpg\" alt=\"\" width=\"250\" height=\"183\" \/>La Nuova Bussola quotidiana<\/strong><\/p>\n<p style=\"text-align: center;\">21 Luglio 2018<\/p>\n<p style=\"text-align: justify;\"><em>Pag\u00f2 5.500 euro un&#8217;agenzia russa per ottenere lo status di rifugiata. Elis Gonn racconta alla NuovaBQ: \u00abInventarono falsit\u00e0 sulla mia vita, mi presentarono come lesbica perseguitata. La commissione italiana ascoltava le storie degli immigrati e dava permessi senza verifiche. Nei centri di accoglienza ricevevamo una miseria al mese in abbonamenti. La gente parla di carit\u00e0 e atti umanitatri ma se nessuno denuncia \u00e8 solo per paura dei trafficanti\u00bb<\/em><\/p>\n<p style=\"text-align: center;\">di <strong>Benedetta Frigerio<\/strong><\/p>\n<p><!--more--><\/p>\n<p style=\"text-align: justify;\">Piange Elis Gonn mentre ci mostra il suo permesso di soggiorno ottenuto grazie ad un sistema che si beve le menzogne come se ne avesse bisogno per sopravvivere. E piange perch\u00e9 se anche ora \u00e8 in Italia, dove voleva vivere, \u00e8 passata \u00abnell\u2019inferno dello sfruttamento dei trafficanti e nella &#8220;mafia&#8221; dei centri di accoglienza\u00bb. Soprattutto, per\u00f2, piange perch\u00e9 in Italia ha riscoperto la fede in Dio ed \u00e8 \u00abamaramente pentita delle bugie dette, del sistema che sta distruggendo l&#8217;Italia che ho contribuito ad alimentare e della mia vita passata. Voglio quindi parlare anche se dovessero farmela pagare cara\u00bb.<\/p>\n<p style=\"text-align: justify;\"><strong>Tutto comincia un anno e mezzo fa, quando Gonn,<\/strong> giovane cittadina russa decide di voler crescere la figlia in Italia. \u00abPrima &#8211; spiega la donna &#8211; ho cercato attraverso siti italiani un lavoro, poi ho contattato agenzie interinali del vostro paese, ma mi hanno detto che senza laurea era quasi impossibile trovare lavoro\u00bb. Ma Gonn \u00e8 determinata, \u00abho cercato su Google un&#8217;agenzia interinale in Russia che mi aiutasse a trovare lavoro in Italia. Una di queste mi rispose che sarebbe stato difficile, ma che per 1.500 euro potevano farmi un visto di lavoro polacco per poi trovare un lavoro in nero in Italia. Dissi di s\u00ec e compilai un questionario dove bisognava indicare, ad esempio, l&#8217;altezza e il peso\u00bb.<\/p>\n<p style=\"text-align: justify;\"><img loading=\"lazy\" decoding=\"async\" class=\"alignleft wp-image-39577\" src=\"https:\/\/www.rassegnastampa-totustuus.it\/cattolica\/wp-content\/uploads\/2018\/01\/immigrati.jpg\" alt=\"\" width=\"250\" height=\"159\" \/>Da qui l\u2019agenzia scopre che la donna ha una figlia e ferma il procedimento burocratico. \u00abChiesi se non c\u2019era un&#8217;altra opzione e mi parlarono dello <em>status<\/em> di rifugiato che costava 5.500 euro\u00bb. Per convincerla a sborsare la cifra l\u2019agenzia le promette un miraggio: \u00abTi garantiamo che la richiesta sar\u00e0 accettata, lo Stato ti dar\u00e0 tutto, vitto, alloggio, soldi e tra 5 anni avrai la cittadinanza. Avevo qualche dubbio; ero cattolica, anche se non praticante, e non mi sembrava molto morale. Ma l\u2019uomo dell\u2019agenzia mi tranquillizz\u00f2 sostenendo che anche Abramo aveva mentito, dicendo che sua moglie era sua sorella, quando era in un paese straniero. Sapeva parlare bene. Alla fine ho detto di s\u00ec\u00bb.<\/p>\n<p style=\"text-align: justify;\"><strong>La donna diede un anticipo di 500 euro e la restante parte <\/strong>\u00abquando mi \u201callenarono\u201d ad affrontare la commissione italiana per i richiedenti asilo, dandomi dei contatti di un avvocato Italiano che poi si rivel\u00f2 un fantasma. Le bugie furono tante, come quella che non sarei stata messa insieme agli africani\u00bb. Per affrontare la commissione preposta al rilascio dello <em>status<\/em> di rifugiato l\u2019agenzia interrog\u00f2 Gonn cercando dei punti su cui far leva.<\/p>\n<p style=\"text-align: justify;\">\u00abL&#8217;uomo dell&#8217;agenzia mi chiese di che religione ero: cattolica, \u201cnon va bene\u201d, rispose. Di che nazionalit\u00e0: russa, \u201cnon va bene\u201d. Orientamento? Lesbica. Ah perfetto!\u00bb. La donna sub\u00ec violenze da bambina \u00abma non ho avuto fastidi da nessuno a causa delle mie relazioni con le donne, c&#8217;era chi mi trattava male per altre ragioni: ad esempio, una vicina mi odiava semplicemente perch\u00e9 secondo lei facevo troppo rumore\u00bb.<\/p>\n<p style=\"text-align: justify;\"><strong><img loading=\"lazy\" decoding=\"async\" class=\"alignright wp-image-36997\" src=\"https:\/\/www.rassegnastampa-totustuus.it\/cattolica\/wp-content\/uploads\/2017\/01\/centri-accoglienza-immigrati.jpg\" alt=\"\" width=\"250\" height=\"166\" \/>Ma cosa fece l\u2019agenzia? \u00abPrese tutti questi episodi e li modific\u00f2 <\/strong>per fare di me una perseguitata in quanto lesbica. Alcuni episodi li invent\u00f2 lui dal nulla. Ad esempio, scrisse che ero stata picchiata in un parco perch\u00e9 baciavo una ragazza e mi disse di guardare su Google sia quel parco sia il posto di polizia dove secondo la storia ero stata portata, cos\u00ec da poter descrivere la scena e rispondere a tutte le domande. Pagando altri soldi ottenni un certificato del pronto soccorso (avevano un &#8220;collaboratore&#8221; l\u00ec).<\/p>\n<p style=\"text-align: justify;\">Mi chiese poi di fare una foto con una prostituta: non serv\u00ec e la cancellai dopo la mia conversione. Mi disse poi di scrivere sulla mia porta insulti come &#8220;lesbica disgustosa\u201d e di fotografare: ma mia nonna si ribell\u00f2. L&#8217;uomo mi fece memorizzare la storia che avrei dovuto ripetere davanti alla Commissione italiana che poi mi ascolt\u00f2 per circa due ore (gli africani vengono ascoltati circa 15 minuti)\u00bb. Le storie \u00abgeneralmente vengono accettate senza verifiche\u00bb.<\/p>\n<p style=\"text-align: justify;\"><strong>Il 24 aprile 2017 Gonn atterra all&#8217;aeroporto di Roma, dove fa la domanda <\/strong>per ottenere lo status e da l\u00ec viene portata presso la Croce Rossa di via Ramazzini a Roma, dove rimarr\u00e0 fino a settembre. \u00abEra vivere come in un campo rom, quando qualcuno veniva a controllare si faceva pulizia e si fingeva che fosse un posto decente. Non so quanti soldi prenda la Croce Rossa per ogni ospite, ma agli ospiti d\u00e0 solo 70 euro al mese in ricariche telefoniche Lyca, che gli africani spacciano alla stazione per aver dei soldi in tasca\u00bb.<\/p>\n<p style=\"text-align: justify;\">A lavorare come volontarie \u00abvenivano delle ragazze ideologicamente molto motivate (legate ai centri sociali) e per questo volenterose ma sottopagate\u00bb. I centri, in maggioranza occupati da africane \u00absono delle zone a s\u00e9 con le loro leggi tribali: la spazzatura, gli africani la buttano per terra, o dalla finestra, cos\u00ec che alla fine la Croce Rossa rimosse i cestini perch\u00e9 tanto non servivano\u00bb.<\/p>\n<p style=\"text-align: justify;\"><img loading=\"lazy\" decoding=\"async\" class=\"alignleft wp-image-26752\" src=\"https:\/\/www.rassegnastampa-totustuus.it\/cattolica\/wp-content\/uploads\/2005\/06\/immigrati.jpg\" alt=\"\" width=\"250\" height=\"130\" srcset=\"https:\/\/www.rassegnastampa-totustuus.it\/cattolica\/wp-content\/uploads\/2005\/06\/immigrati.jpg 311w, https:\/\/www.rassegnastampa-totustuus.it\/cattolica\/wp-content\/uploads\/2005\/06\/immigrati-300x156.jpg 300w\" sizes=\"auto, (max-width: 250px) 100vw, 250px\" \/>La maggioranza degli ospiti, spiega Gonn \u00absono stati forzatamente sradicati dalla loro terra: gli manca la terra natia, la famiglia, tutto. Ma non vogliono neanche tornare, perch\u00e9 hanno bruciato i ponti. Gran parte di loro sperano di scappare in Germania o in Austria e alcuni ci provano, ma vengono catturati e riportati indietro, perch\u00e9 non hanno il diritto di lasciare il paese di primo approdo\u00bb.<\/p>\n<p style=\"text-align: justify;\"><strong>Nelle tendopoli dove stanno gli immigrati \u00absi moriva di caldo o di freddo,<\/strong> a seconda della stagione. A cucinare era una comunit\u00e0 di tossicodipendenti. Molti si indignano perch\u00e9 i migranti si lamentano del cibo, ma assicuro che se lo assaggiassero cambierebbero idea: di commestibile c&#8217;era ogni giorno solo la pasta, con qualcosa che assomigliava al sugo. L\u2019aspetto scandaloso non \u00e8 che il cibo che danno gratis ai migranti \u00e8 immangiabile, ci mancherebbe, ma che i centri di accoglienza ricevano una somma considerevole dal governo per fornire questo cibo. Dove vanno questi soldi mi chiedo?\u00bb<\/p>\n<p style=\"text-align: justify;\">La donna ricorda anche lo scoppio di un incendio di cui la stampa non si cur\u00f2, sebbene \u00abnessun sistema di allarme fosse attivo&#8230;non ci fu alcun intervento per riparare i danni, la tendenza \u00e8 a non spendere, basti pensare che nel nostro centro c&#8217;era una lavatrice probabilmente regalata da qualcuno, ma non funzionava per la semplice ragione che la Croce Rossa non ha ritenuto necessario comprare la prolunga\u00bb.<\/p>\n<p style=\"text-align: justify;\"><strong>Certo Gonn ricorda di aver sempre ricevuto sapon<\/strong><strong>e<\/strong> e oggetti per l\u2019igiene, \u00abma <img loading=\"lazy\" decoding=\"async\" class=\"alignright wp-image-20585\" src=\"https:\/\/www.rassegnastampa-totustuus.it\/cattolica\/wp-content\/uploads\/2010\/02\/immigrati.jpg\" alt=\"\" width=\"250\" height=\"161\" \/>praticamente tutto quello che avevamo veniva dalle donazioni private. Nessuno smartphone veniva comprato ai migranti (\u00e8 una delle tante bufale che girano), anche se quasi tutti ne compravano uno per conto proprio con soldi di dubbia provenienza\u00bb. Gonn non vuole accusare qualcuno di furto, non avendone le prove, ma porre delle domande.<\/p>\n<p style=\"text-align: justify;\">\u00abNon posso dire con esattezza quanti soldi al mese riceve la Croce Rossa per ogni ospite, se i famosi 35 euro al giorno di cui parlano tutti. Posso per\u00f2 dire con esattezza quanti ne ricevevano i migranti: 70 euro al mese a testa, che non venivano mai dati in contanti, ma in ricariche e abbonamenti\u00bb. La donna, dopo ripetute richieste di lasciare il programma immigrati per mantenersi da sola e per cercarsi una casa in affitto, viene spostata in una cooperativa vicina a Capena dove viene messa a vivere con una nigeriana: \u00abAlcuni centri di accoglienza vogliono far credere che non si ha il diritto di lasciare il centro, anche se non \u00e8 vero\u00bb.<\/p>\n<p style=\"text-align: justify;\"><strong>La cooperativa prima le ment\u00ec dicendo che <\/strong>\u00abdovevo per legge vivere in una struttura, altrimenti mi avrebbero rifiutato il permesso (nessuna legge dice questo). Poi ho cercato di scappare con un taxi, ma loro sono venuti a cercarmi con la macchina e mi hanno portata indietro. Sono riuscita a fuggire con la bimba al terzo tentativo. La cooperativa si \u00e8 arrabbiata molto e ha cercato di mettermi nei guai, dicendo alla prefettura che ero una pazza pericolosa, ma non ci fu nessun seguito, perch\u00e9 una lesbica \u00e8 intoccabile. Alla fine ho ricevuto lo status di rifugiata vivendo gi\u00e0 con la bambina in una casa in affitto\u00bb. Avevo gi\u00e0 da molti mesi ricominciato ad andare a messa e con il tempo capii che in Italia e non in Russia i diritti umani sono gravemente violati\u00bb.<\/p>\n<p style=\"text-align: justify;\"><strong>Gonn oggi vuole parlare \u00abin nome dell&#8217;Italia, della Russia e della giustizia.<\/strong> Voglio smascherare me stessa per smascherare questo business immondo. So che ci saranno gravi conseguenze per me, ma sono pronta a tutto pur di essere coerente con la verit\u00e0 che ho abbracciato\u00bb. Si capisce perch\u00e9 da anni i vescovi africani gridano di chiudere le porte dell&#8217;Europa, di non favorire il traffico umano, di non illudere la loro gente, di favorire lo sviluppo in casa. Ma che vantaggio ne avremmo quando \u00e8 possibile coprire ogni ingiustizia con l&#8217;ideologia della carit\u00e0 teorica e dell&#8217;antirazzismo alimentando un mercato proficuo? Forse chi usa questo gergo buonista dai suoi salotti radical chic dovrebbe farsi qualche domanda come Gonn. Ma si sa, sarebbe troppo scomodo anche questo.<\/p>\n<p>&nbsp;<\/p>\n","protected":false},"excerpt":{"rendered":"<p>La Nuova Bussola quotidiana 21 Luglio 2018 Pag\u00f2 5.500 euro un&#8217;agenzia russa per ottenere lo status di rifugiata. Elis Gonn racconta alla NuovaBQ: \u00abInventarono falsit\u00e0 sulla mia vita, mi presentarono come lesbica perseguitata. La commissione italiana ascoltava le storie degli immigrati e dava permessi senza verifiche. Nei centri di accoglienza ricevevamo una miseria al mese &hellip; <\/p>\n<p><a class=\"more-link btn\" href=\"https:\/\/www.rassegnastampa-totustuus.it\/cattolica\/io-falsa-rifugiata-denuncio-il-business-di-trafficanti-e-coop\/\">Continua a leggere<\/a><\/p>\n","protected":false},"author":6,"featured_media":40782,"comment_status":"closed","ping_status":"closed","sticky":false,"template":"","format":"standard","meta":{"footnotes":""},"categories":[38],"tags":[2392],"class_list":["post-40781","post","type-post","status-publish","format-standard","has-post-thumbnail","hentry","category-immigrazione","tag-immigrazione","item-wrap"],"yoast_head":"<!-- This site is optimized with the Yoast SEO plugin v27.4 - https:\/\/yoast.com\/product\/yoast-seo-wordpress\/ -->\n<title>\u00abIo, falsa rifugiata, denuncio il business di trafficanti e coop\u00bb - Rassegna Stampa Cattolica<\/title>\n<meta name=\"description\" content=\"Rassegna Stampa Cattolica - Per una cultura che nasce dalla Rivelazione cristiana in conformit\u00e0 alla tradizione e al Magistero della Chiesa in opposizione ad ogni relativismo e totalitarismo\" \/>\n<meta name=\"robots\" content=\"index, follow, max-snippet:-1, max-image-preview:large, max-video-preview:-1\" \/>\n<link rel=\"canonical\" href=\"https:\/\/www.rassegnastampa-totustuus.it\/cattolica\/io-falsa-rifugiata-denuncio-il-business-di-trafficanti-e-coop\/\" \/>\n<meta property=\"og:locale\" content=\"it_IT\" \/>\n<meta property=\"og:type\" content=\"article\" \/>\n<meta property=\"og:title\" content=\"\u00abIo, falsa rifugiata, denuncio il business di trafficanti e coop\u00bb - Rassegna Stampa Cattolica\" \/>\n<meta property=\"og:description\" content=\"Rassegna Stampa Cattolica - Per una cultura che nasce dalla Rivelazione cristiana in conformit\u00e0 alla tradizione e al Magistero della Chiesa in opposizione ad ogni relativismo e totalitarismo\" \/>\n<meta property=\"og:url\" content=\"https:\/\/www.rassegnastampa-totustuus.it\/cattolica\/io-falsa-rifugiata-denuncio-il-business-di-trafficanti-e-coop\/\" \/>\n<meta property=\"og:site_name\" content=\"Rassegna Stampa Cattolica\" \/>\n<meta property=\"article:publisher\" content=\"https:\/\/www.facebook.com\/rassegnastampacattolica\" \/>\n<meta property=\"article:published_time\" content=\"2018-07-25T22:00:37+00:00\" \/>\n<meta property=\"og:image\" content=\"https:\/\/www.rassegnastampa-totustuus.it\/cattolica\/wp-content\/uploads\/2018\/07\/immigrazione.jpg\" \/>\n\t<meta property=\"og:image:width\" content=\"263\" \/>\n\t<meta property=\"og:image:height\" content=\"192\" \/>\n\t<meta property=\"og:image:type\" content=\"image\/jpeg\" \/>\n<meta name=\"author\" content=\"Redazione\" \/>\n<meta name=\"twitter:card\" content=\"summary_large_image\" \/>\n<meta name=\"twitter:creator\" content=\"@rassegnastampa9\" \/>\n<meta name=\"twitter:site\" content=\"@rassegnastampa9\" \/>\n<meta name=\"twitter:label1\" content=\"Scritto da\" \/>\n\t<meta name=\"twitter:data1\" content=\"Redazione\" \/>\n\t<meta name=\"twitter:label2\" content=\"Tempo di lettura stimato\" \/>\n\t<meta name=\"twitter:data2\" content=\"8 minuti\" \/>\n<script type=\"application\/ld+json\" class=\"yoast-schema-graph\">{\"@context\":\"https:\\\/\\\/schema.org\",\"@graph\":[{\"@type\":\"Article\",\"@id\":\"https:\\\/\\\/www.rassegnastampa-totustuus.it\\\/cattolica\\\/io-falsa-rifugiata-denuncio-il-business-di-trafficanti-e-coop\\\/#article\",\"isPartOf\":{\"@id\":\"https:\\\/\\\/www.rassegnastampa-totustuus.it\\\/cattolica\\\/io-falsa-rifugiata-denuncio-il-business-di-trafficanti-e-coop\\\/\"},\"author\":{\"name\":\"Redazione\",\"@id\":\"https:\\\/\\\/www.rassegnastampa-totustuus.it\\\/cattolica\\\/#\\\/schema\\\/person\\\/08f319d2bd1a0904ad9e2bfb7b15e5c3\"},\"headline\":\"\u00abIo, falsa rifugiata, denuncio il business di trafficanti e coop\u00bb\",\"datePublished\":\"2018-07-25T22:00:37+00:00\",\"mainEntityOfPage\":{\"@id\":\"https:\\\/\\\/www.rassegnastampa-totustuus.it\\\/cattolica\\\/io-falsa-rifugiata-denuncio-il-business-di-trafficanti-e-coop\\\/\"},\"wordCount\":1542,\"publisher\":{\"@id\":\"https:\\\/\\\/www.rassegnastampa-totustuus.it\\\/cattolica\\\/#organization\"},\"image\":{\"@id\":\"https:\\\/\\\/www.rassegnastampa-totustuus.it\\\/cattolica\\\/io-falsa-rifugiata-denuncio-il-business-di-trafficanti-e-coop\\\/#primaryimage\"},\"thumbnailUrl\":\"https:\\\/\\\/www.rassegnastampa-totustuus.it\\\/cattolica\\\/wp-content\\\/uploads\\\/2018\\\/07\\\/immigrazione.jpg\",\"keywords\":[\"immigrazione\"],\"articleSection\":[\"Immigrazione\"],\"inLanguage\":\"it-IT\"},{\"@type\":\"WebPage\",\"@id\":\"https:\\\/\\\/www.rassegnastampa-totustuus.it\\\/cattolica\\\/io-falsa-rifugiata-denuncio-il-business-di-trafficanti-e-coop\\\/\",\"url\":\"https:\\\/\\\/www.rassegnastampa-totustuus.it\\\/cattolica\\\/io-falsa-rifugiata-denuncio-il-business-di-trafficanti-e-coop\\\/\",\"name\":\"\u00abIo, falsa rifugiata, denuncio il business di trafficanti e coop\u00bb - Rassegna Stampa Cattolica\",\"isPartOf\":{\"@id\":\"https:\\\/\\\/www.rassegnastampa-totustuus.it\\\/cattolica\\\/#website\"},\"primaryImageOfPage\":{\"@id\":\"https:\\\/\\\/www.rassegnastampa-totustuus.it\\\/cattolica\\\/io-falsa-rifugiata-denuncio-il-business-di-trafficanti-e-coop\\\/#primaryimage\"},\"image\":{\"@id\":\"https:\\\/\\\/www.rassegnastampa-totustuus.it\\\/cattolica\\\/io-falsa-rifugiata-denuncio-il-business-di-trafficanti-e-coop\\\/#primaryimage\"},\"thumbnailUrl\":\"https:\\\/\\\/www.rassegnastampa-totustuus.it\\\/cattolica\\\/wp-content\\\/uploads\\\/2018\\\/07\\\/immigrazione.jpg\",\"datePublished\":\"2018-07-25T22:00:37+00:00\",\"description\":\"Rassegna Stampa Cattolica - Per una cultura che nasce dalla Rivelazione cristiana in conformit\u00e0 alla tradizione e al Magistero della Chiesa in opposizione ad ogni relativismo e totalitarismo\",\"breadcrumb\":{\"@id\":\"https:\\\/\\\/www.rassegnastampa-totustuus.it\\\/cattolica\\\/io-falsa-rifugiata-denuncio-il-business-di-trafficanti-e-coop\\\/#breadcrumb\"},\"inLanguage\":\"it-IT\",\"potentialAction\":[{\"@type\":\"ReadAction\",\"target\":[\"https:\\\/\\\/www.rassegnastampa-totustuus.it\\\/cattolica\\\/io-falsa-rifugiata-denuncio-il-business-di-trafficanti-e-coop\\\/\"]}]},{\"@type\":\"ImageObject\",\"inLanguage\":\"it-IT\",\"@id\":\"https:\\\/\\\/www.rassegnastampa-totustuus.it\\\/cattolica\\\/io-falsa-rifugiata-denuncio-il-business-di-trafficanti-e-coop\\\/#primaryimage\",\"url\":\"https:\\\/\\\/www.rassegnastampa-totustuus.it\\\/cattolica\\\/wp-content\\\/uploads\\\/2018\\\/07\\\/immigrazione.jpg\",\"contentUrl\":\"https:\\\/\\\/www.rassegnastampa-totustuus.it\\\/cattolica\\\/wp-content\\\/uploads\\\/2018\\\/07\\\/immigrazione.jpg\",\"width\":263,\"height\":192},{\"@type\":\"BreadcrumbList\",\"@id\":\"https:\\\/\\\/www.rassegnastampa-totustuus.it\\\/cattolica\\\/io-falsa-rifugiata-denuncio-il-business-di-trafficanti-e-coop\\\/#breadcrumb\",\"itemListElement\":[{\"@type\":\"ListItem\",\"position\":1,\"name\":\"Home\",\"item\":\"https:\\\/\\\/www.rassegnastampa-totustuus.it\\\/cattolica\\\/\"},{\"@type\":\"ListItem\",\"position\":2,\"name\":\"\u00abIo, falsa rifugiata, denuncio il business di trafficanti e coop\u00bb\"}]},{\"@type\":\"WebSite\",\"@id\":\"https:\\\/\\\/www.rassegnastampa-totustuus.it\\\/cattolica\\\/#website\",\"url\":\"https:\\\/\\\/www.rassegnastampa-totustuus.it\\\/cattolica\\\/\",\"name\":\"Rassegna Stampa Cattolica\",\"description\":\"Per una cultura che nasce dalla Rivelazione cristiana in conformit\u00e0 alla tradizione e al Magistero della Chiesa in opposizione ad ogni relativismo e totalitarismo\",\"publisher\":{\"@id\":\"https:\\\/\\\/www.rassegnastampa-totustuus.it\\\/cattolica\\\/#organization\"},\"alternateName\":\"Rass. Cattolica\",\"potentialAction\":[{\"@type\":\"SearchAction\",\"target\":{\"@type\":\"EntryPoint\",\"urlTemplate\":\"https:\\\/\\\/www.rassegnastampa-totustuus.it\\\/cattolica\\\/?s={search_term_string}\"},\"query-input\":{\"@type\":\"PropertyValueSpecification\",\"valueRequired\":true,\"valueName\":\"search_term_string\"}}],\"inLanguage\":\"it-IT\"},{\"@type\":\"Organization\",\"@id\":\"https:\\\/\\\/www.rassegnastampa-totustuus.it\\\/cattolica\\\/#organization\",\"name\":\"Rassegna Stampa Cattolica\",\"url\":\"https:\\\/\\\/www.rassegnastampa-totustuus.it\\\/cattolica\\\/\",\"logo\":{\"@type\":\"ImageObject\",\"inLanguage\":\"it-IT\",\"@id\":\"https:\\\/\\\/www.rassegnastampa-totustuus.it\\\/cattolica\\\/#\\\/schema\\\/logo\\\/image\\\/\",\"url\":\"https:\\\/\\\/www.rassegnastampa-totustuus.it\\\/cattolica\\\/wp-content\\\/uploads\\\/2014\\\/04\\\/logo-rassegna1.gif\",\"contentUrl\":\"https:\\\/\\\/www.rassegnastampa-totustuus.it\\\/cattolica\\\/wp-content\\\/uploads\\\/2014\\\/04\\\/logo-rassegna1.gif\",\"width\":600,\"height\":163,\"caption\":\"Rassegna Stampa Cattolica\"},\"image\":{\"@id\":\"https:\\\/\\\/www.rassegnastampa-totustuus.it\\\/cattolica\\\/#\\\/schema\\\/logo\\\/image\\\/\"},\"sameAs\":[\"https:\\\/\\\/www.facebook.com\\\/rassegnastampacattolica\",\"https:\\\/\\\/x.com\\\/rassegnastampa9\"]},{\"@type\":\"Person\",\"@id\":\"https:\\\/\\\/www.rassegnastampa-totustuus.it\\\/cattolica\\\/#\\\/schema\\\/person\\\/08f319d2bd1a0904ad9e2bfb7b15e5c3\",\"name\":\"Redazione\",\"image\":{\"@type\":\"ImageObject\",\"inLanguage\":\"it-IT\",\"@id\":\"https:\\\/\\\/secure.gravatar.com\\\/avatar\\\/2fcdf27c78ea025fbdb44e914cc63c72249ffec9dc8aafd5c82b26240ef3f346?s=96&d=mm&r=g\",\"url\":\"https:\\\/\\\/secure.gravatar.com\\\/avatar\\\/2fcdf27c78ea025fbdb44e914cc63c72249ffec9dc8aafd5c82b26240ef3f346?s=96&d=mm&r=g\",\"contentUrl\":\"https:\\\/\\\/secure.gravatar.com\\\/avatar\\\/2fcdf27c78ea025fbdb44e914cc63c72249ffec9dc8aafd5c82b26240ef3f346?s=96&d=mm&r=g\",\"caption\":\"Redazione\"},\"url\":\"https:\\\/\\\/www.rassegnastampa-totustuus.it\\\/cattolica\\\/author\\\/pietroelle\\\/\"}]}<\/script>\n<!-- \/ Yoast SEO plugin. -->","yoast_head_json":{"title":"\u00abIo, falsa rifugiata, denuncio il business di trafficanti e coop\u00bb - Rassegna Stampa Cattolica","description":"Rassegna Stampa Cattolica - Per una cultura che nasce dalla Rivelazione cristiana in conformit\u00e0 alla tradizione e al Magistero della Chiesa in opposizione ad ogni relativismo e totalitarismo","robots":{"index":"index","follow":"follow","max-snippet":"max-snippet:-1","max-image-preview":"max-image-preview:large","max-video-preview":"max-video-preview:-1"},"canonical":"https:\/\/www.rassegnastampa-totustuus.it\/cattolica\/io-falsa-rifugiata-denuncio-il-business-di-trafficanti-e-coop\/","og_locale":"it_IT","og_type":"article","og_title":"\u00abIo, falsa rifugiata, denuncio il business di trafficanti e coop\u00bb - Rassegna Stampa Cattolica","og_description":"Rassegna Stampa Cattolica - Per una cultura che nasce dalla Rivelazione cristiana in conformit\u00e0 alla tradizione e al Magistero della Chiesa in opposizione ad ogni relativismo e totalitarismo","og_url":"https:\/\/www.rassegnastampa-totustuus.it\/cattolica\/io-falsa-rifugiata-denuncio-il-business-di-trafficanti-e-coop\/","og_site_name":"Rassegna Stampa Cattolica","article_publisher":"https:\/\/www.facebook.com\/rassegnastampacattolica","article_published_time":"2018-07-25T22:00:37+00:00","og_image":[{"width":263,"height":192,"url":"https:\/\/www.rassegnastampa-totustuus.it\/cattolica\/wp-content\/uploads\/2018\/07\/immigrazione.jpg","type":"image\/jpeg"}],"author":"Redazione","twitter_card":"summary_large_image","twitter_creator":"@rassegnastampa9","twitter_site":"@rassegnastampa9","twitter_misc":{"Scritto da":"Redazione","Tempo di lettura stimato":"8 minuti"},"schema":{"@context":"https:\/\/schema.org","@graph":[{"@type":"Article","@id":"https:\/\/www.rassegnastampa-totustuus.it\/cattolica\/io-falsa-rifugiata-denuncio-il-business-di-trafficanti-e-coop\/#article","isPartOf":{"@id":"https:\/\/www.rassegnastampa-totustuus.it\/cattolica\/io-falsa-rifugiata-denuncio-il-business-di-trafficanti-e-coop\/"},"author":{"name":"Redazione","@id":"https:\/\/www.rassegnastampa-totustuus.it\/cattolica\/#\/schema\/person\/08f319d2bd1a0904ad9e2bfb7b15e5c3"},"headline":"\u00abIo, falsa rifugiata, denuncio il business di trafficanti e coop\u00bb","datePublished":"2018-07-25T22:00:37+00:00","mainEntityOfPage":{"@id":"https:\/\/www.rassegnastampa-totustuus.it\/cattolica\/io-falsa-rifugiata-denuncio-il-business-di-trafficanti-e-coop\/"},"wordCount":1542,"publisher":{"@id":"https:\/\/www.rassegnastampa-totustuus.it\/cattolica\/#organization"},"image":{"@id":"https:\/\/www.rassegnastampa-totustuus.it\/cattolica\/io-falsa-rifugiata-denuncio-il-business-di-trafficanti-e-coop\/#primaryimage"},"thumbnailUrl":"https:\/\/www.rassegnastampa-totustuus.it\/cattolica\/wp-content\/uploads\/2018\/07\/immigrazione.jpg","keywords":["immigrazione"],"articleSection":["Immigrazione"],"inLanguage":"it-IT"},{"@type":"WebPage","@id":"https:\/\/www.rassegnastampa-totustuus.it\/cattolica\/io-falsa-rifugiata-denuncio-il-business-di-trafficanti-e-coop\/","url":"https:\/\/www.rassegnastampa-totustuus.it\/cattolica\/io-falsa-rifugiata-denuncio-il-business-di-trafficanti-e-coop\/","name":"\u00abIo, falsa rifugiata, denuncio il business di trafficanti e coop\u00bb - Rassegna Stampa Cattolica","isPartOf":{"@id":"https:\/\/www.rassegnastampa-totustuus.it\/cattolica\/#website"},"primaryImageOfPage":{"@id":"https:\/\/www.rassegnastampa-totustuus.it\/cattolica\/io-falsa-rifugiata-denuncio-il-business-di-trafficanti-e-coop\/#primaryimage"},"image":{"@id":"https:\/\/www.rassegnastampa-totustuus.it\/cattolica\/io-falsa-rifugiata-denuncio-il-business-di-trafficanti-e-coop\/#primaryimage"},"thumbnailUrl":"https:\/\/www.rassegnastampa-totustuus.it\/cattolica\/wp-content\/uploads\/2018\/07\/immigrazione.jpg","datePublished":"2018-07-25T22:00:37+00:00","description":"Rassegna Stampa Cattolica - Per una cultura che nasce dalla Rivelazione cristiana in conformit\u00e0 alla tradizione e al Magistero della Chiesa in opposizione ad ogni relativismo e totalitarismo","breadcrumb":{"@id":"https:\/\/www.rassegnastampa-totustuus.it\/cattolica\/io-falsa-rifugiata-denuncio-il-business-di-trafficanti-e-coop\/#breadcrumb"},"inLanguage":"it-IT","potentialAction":[{"@type":"ReadAction","target":["https:\/\/www.rassegnastampa-totustuus.it\/cattolica\/io-falsa-rifugiata-denuncio-il-business-di-trafficanti-e-coop\/"]}]},{"@type":"ImageObject","inLanguage":"it-IT","@id":"https:\/\/www.rassegnastampa-totustuus.it\/cattolica\/io-falsa-rifugiata-denuncio-il-business-di-trafficanti-e-coop\/#primaryimage","url":"https:\/\/www.rassegnastampa-totustuus.it\/cattolica\/wp-content\/uploads\/2018\/07\/immigrazione.jpg","contentUrl":"https:\/\/www.rassegnastampa-totustuus.it\/cattolica\/wp-content\/uploads\/2018\/07\/immigrazione.jpg","width":263,"height":192},{"@type":"BreadcrumbList","@id":"https:\/\/www.rassegnastampa-totustuus.it\/cattolica\/io-falsa-rifugiata-denuncio-il-business-di-trafficanti-e-coop\/#breadcrumb","itemListElement":[{"@type":"ListItem","position":1,"name":"Home","item":"https:\/\/www.rassegnastampa-totustuus.it\/cattolica\/"},{"@type":"ListItem","position":2,"name":"\u00abIo, falsa rifugiata, denuncio il business di trafficanti e coop\u00bb"}]},{"@type":"WebSite","@id":"https:\/\/www.rassegnastampa-totustuus.it\/cattolica\/#website","url":"https:\/\/www.rassegnastampa-totustuus.it\/cattolica\/","name":"Rassegna Stampa Cattolica","description":"Per una cultura che nasce dalla Rivelazione cristiana in conformit\u00e0 alla tradizione e al Magistero della Chiesa in opposizione ad ogni relativismo e totalitarismo","publisher":{"@id":"https:\/\/www.rassegnastampa-totustuus.it\/cattolica\/#organization"},"alternateName":"Rass. Cattolica","potentialAction":[{"@type":"SearchAction","target":{"@type":"EntryPoint","urlTemplate":"https:\/\/www.rassegnastampa-totustuus.it\/cattolica\/?s={search_term_string}"},"query-input":{"@type":"PropertyValueSpecification","valueRequired":true,"valueName":"search_term_string"}}],"inLanguage":"it-IT"},{"@type":"Organization","@id":"https:\/\/www.rassegnastampa-totustuus.it\/cattolica\/#organization","name":"Rassegna Stampa Cattolica","url":"https:\/\/www.rassegnastampa-totustuus.it\/cattolica\/","logo":{"@type":"ImageObject","inLanguage":"it-IT","@id":"https:\/\/www.rassegnastampa-totustuus.it\/cattolica\/#\/schema\/logo\/image\/","url":"https:\/\/www.rassegnastampa-totustuus.it\/cattolica\/wp-content\/uploads\/2014\/04\/logo-rassegna1.gif","contentUrl":"https:\/\/www.rassegnastampa-totustuus.it\/cattolica\/wp-content\/uploads\/2014\/04\/logo-rassegna1.gif","width":600,"height":163,"caption":"Rassegna Stampa Cattolica"},"image":{"@id":"https:\/\/www.rassegnastampa-totustuus.it\/cattolica\/#\/schema\/logo\/image\/"},"sameAs":["https:\/\/www.facebook.com\/rassegnastampacattolica","https:\/\/x.com\/rassegnastampa9"]},{"@type":"Person","@id":"https:\/\/www.rassegnastampa-totustuus.it\/cattolica\/#\/schema\/person\/08f319d2bd1a0904ad9e2bfb7b15e5c3","name":"Redazione","image":{"@type":"ImageObject","inLanguage":"it-IT","@id":"https:\/\/secure.gravatar.com\/avatar\/2fcdf27c78ea025fbdb44e914cc63c72249ffec9dc8aafd5c82b26240ef3f346?s=96&d=mm&r=g","url":"https:\/\/secure.gravatar.com\/avatar\/2fcdf27c78ea025fbdb44e914cc63c72249ffec9dc8aafd5c82b26240ef3f346?s=96&d=mm&r=g","contentUrl":"https:\/\/secure.gravatar.com\/avatar\/2fcdf27c78ea025fbdb44e914cc63c72249ffec9dc8aafd5c82b26240ef3f346?s=96&d=mm&r=g","caption":"Redazione"},"url":"https:\/\/www.rassegnastampa-totustuus.it\/cattolica\/author\/pietroelle\/"}]}},"_links":{"self":[{"href":"https:\/\/www.rassegnastampa-totustuus.it\/cattolica\/wp-json\/wp\/v2\/posts\/40781","targetHints":{"allow":["GET"]}}],"collection":[{"href":"https:\/\/www.rassegnastampa-totustuus.it\/cattolica\/wp-json\/wp\/v2\/posts"}],"about":[{"href":"https:\/\/www.rassegnastampa-totustuus.it\/cattolica\/wp-json\/wp\/v2\/types\/post"}],"author":[{"embeddable":true,"href":"https:\/\/www.rassegnastampa-totustuus.it\/cattolica\/wp-json\/wp\/v2\/users\/6"}],"replies":[{"embeddable":true,"href":"https:\/\/www.rassegnastampa-totustuus.it\/cattolica\/wp-json\/wp\/v2\/comments?post=40781"}],"version-history":[{"count":1,"href":"https:\/\/www.rassegnastampa-totustuus.it\/cattolica\/wp-json\/wp\/v2\/posts\/40781\/revisions"}],"predecessor-version":[{"id":40783,"href":"https:\/\/www.rassegnastampa-totustuus.it\/cattolica\/wp-json\/wp\/v2\/posts\/40781\/revisions\/40783"}],"wp:featuredmedia":[{"embeddable":true,"href":"https:\/\/www.rassegnastampa-totustuus.it\/cattolica\/wp-json\/wp\/v2\/media\/40782"}],"wp:attachment":[{"href":"https:\/\/www.rassegnastampa-totustuus.it\/cattolica\/wp-json\/wp\/v2\/media?parent=40781"}],"wp:term":[{"taxonomy":"category","embeddable":true,"href":"https:\/\/www.rassegnastampa-totustuus.it\/cattolica\/wp-json\/wp\/v2\/categories?post=40781"},{"taxonomy":"post_tag","embeddable":true,"href":"https:\/\/www.rassegnastampa-totustuus.it\/cattolica\/wp-json\/wp\/v2\/tags?post=40781"}],"curies":[{"name":"wp","href":"https:\/\/api.w.org\/{rel}","templated":true}]}}