{"id":40688,"date":"2018-07-12T00:00:32","date_gmt":"2018-07-11T22:00:32","guid":{"rendered":"http:\/\/www.rassegnastampa-totustuus.it\/cattolica\/?p=40688"},"modified":"2018-07-09T09:59:35","modified_gmt":"2018-07-09T07:59:35","slug":"il-socialismo-del-xxi-secolo","status":"publish","type":"post","link":"https:\/\/www.rassegnastampa-totustuus.it\/cattolica\/il-socialismo-del-xxi-secolo\/","title":{"rendered":"Il socialismo del XXI secolo"},"content":{"rendered":"<div id=\"attachment_40689\" style=\"width: 219px\" class=\"wp-caption alignleft\"><img loading=\"lazy\" decoding=\"async\" aria-describedby=\"caption-attachment-40689\" class=\"wp-image-40689\" src=\"https:\/\/www.rassegnastampa-totustuus.it\/cattolica\/wp-content\/uploads\/2018\/07\/Keynes.jpg\" alt=\"\" width=\"219\" height=\"200\" \/><p id=\"caption-attachment-40689\" class=\"wp-caption-text\">John Maynard Keynes<\/p><\/div>\n<p style=\"text-align: center;\"><a href=\"http:\/\/www.brunoleoni.it\/\" target=\"_blank\" rel=\"noopener\"><strong>Istituto Bruno Leoni<\/strong>.<\/a> Focus 10 ottobre 2015<\/p>\n<p style=\"text-align: center;\"><strong>\u00a0<\/strong><em>Il ritorno del \u201ckeynesismo idraulico\u201d? <\/em><\/p>\n<p style=\"text-align: center;\">di <strong>Eugenio Somaini <\/strong>(*)<\/p>\n<p style=\"text-align: justify;\">Gira e rigira le posizioni di quanti si oppongono alle politiche di rigore finanziario e\/o a riforme di stampo liberale ruotano intorno ai seguenti punti: la spesa pubblica non deve essere tagliata, ma piuttosto aumentata e riqualificata, concentrandola sugli investimenti in infrastrutture, sulla ricerca e sul sostegno alle fasce pi\u00f9 bisognose e alle aree pi\u00f9 arretrate; l\u2019osservanza di vincoli di bilancio \u00e8 da evitare in una fase di recessione in quanto pro-ciclica, ma nel pi\u00f9 lungo periodo pu\u00f2 essere resa compatibile con un sensibile aumento della spesa pubblica grazie agli effetti espansivi che la stessa avrebbe sul reddito (e quindi anche sul gettito fiscale), soprattutto quando il prelievo si concentri sulle fasce di reddito pi\u00f9 elevate; le misure di liberalizzazione, in particolare quelle riguardanti i rapporti di lavoro, non danno alcun contributo al superamento della crisi, ma piuttosto ne aggravano le conseguenze sociali e rappresentano comunque un attentato a diritti fondamentali.<\/p>\n<p><!--more--><\/p>\n<p style=\"text-align: justify;\">Tali idee condivise dalle correnti pi\u00f9 radicali dei partiti di sinistra (da Corbyn, a Tsipras, alla sinistra del PD) non sono in fondo che una riproposizione di quella combinazione di keynesismo e di welfare che potremmo definire socialdemocratica e che ha dominato la scena negli anni che vanno dalla fine della Seconda Guerra Mondiale alla met\u00e0 degli anni \u201970.<\/p>\n<p style=\"text-align: justify;\">Le ipotesi sulle quali quelle posizioni si fondano sono sostanzialmente tre: <strong>I) <\/strong>la prima, e pi\u00f9 generale, \u00e8 che i comportamenti economici rispondano in modo prevedibile agli impulsi che vengono loro impartiti e possano essere plasmati dai governi attraverso un dosaggio di stimoli e di freni, conciliando gli obiettivi immediati di natura congiunturale con quelli di lungo periodo di una crescita sostenuta e di una societ\u00e0 pi\u00f9 equa e democratica; <strong>II)<\/strong> la seconda \u00e8 che i soggetti con redditi pi\u00f9 elevati abbiano una propensione al risparmio sistematicamente superiore a quella del resto della popolazione e che pertanto un inasprimento del prelievo fiscale a loro carico accompagnato da un uguale alleggerimento di quello sulle fasce di reddito inferiori abbia di per s\u00e9 effetti espansivi; <strong>III)<\/strong> terza \u00e8 che i redditi generati dalla spesa pubblica abbiano non solo un titolo di autenticit\u00e0 pari a quello dei redditi generati privatamente, ma anche uno status e una valenza superiori, in quanto motivati da scelte pi\u00f9 lungimiranti (riguardanti la crescita, il rispetto dell\u2019ambiente ecc.) e in quanto modellabili secondo criteri di equit\u00e0 distributiva.<\/p>\n<p style=\"text-align: justify;\"><img loading=\"lazy\" decoding=\"async\" class=\"wp-image-28039 alignright\" src=\"https:\/\/www.rassegnastampa-totustuus.it\/cattolica\/wp-content\/uploads\/2005\/06\/tasse_basta.jpg\" alt=\"\" width=\"250\" height=\"200\" \/>La prima ipotesi \u00e8 un portato dell\u2019influenza che la vulgata keynesiana (da non confondere con il pensiero del grande economista inglese, che pure ne porta qualche responsabilit\u00e0) ha esercitato e continua ad esercitare sull\u2019impostazione delle politiche economiche, influenza che ha raggiunto il suo apice nel cosiddetto \u2018keynesismo idraulico\u2019, intellettualmente screditato ma tutt\u2019altro che scomparso.<\/p>\n<p style=\"text-align: justify;\">Tale visione ha dominato la scena fino alla met\u00e0 degli anni \u201970, quando ha ricevuto una critica devastante da parte di Robert Lucas (la cosiddetta \u2018Lucas critique\u2019), secondo la quale le reazioni degli operatori alle misure di politica economica non potevano essere previste basandosi su meccaniche estrapolazioni dell\u2019esperienza passata, in quanto la condotta degli operatori dipendeva dall\u2019interpretazione che essi davano di quelle misure e dalle indicazioni che ne ricavano riguardo alla possibile futura condotta dei governi.<\/p>\n<p style=\"text-align: justify;\">La portata della critica di Lucas risulta ampliata ed approfondita se si tiene conto del fatto che dopotutto la politica economica \u00e8 una delle forme della politica in generale e che ogni misura concreta in materia di spesa pubblica o di fiscalit\u00e0 \u00e8 un elemento di un sistema complesso di interazioni tra la sfera politica e quella economica, in cui la seconda concorre a determinare la prima non meno di quanto questa a sua volta faccia nei confronti della seconda.<\/p>\n<p style=\"text-align: justify;\">Malgrado il carattere precario e deludente dei risultati prodotti, l\u2019approccio alla politica economica basato sulla vulgata keynesiana \u00e8 riuscito a sopravvivere al colpo potenzialmente mortale delle critiche che gli sono state mosse grazie da un lato al fatto che gli interessi di politici, ceti burocratici e gruppi organizzati che ruotano intorno al ruolo dello stato e alla gestione della spesa pubblica sono troppo corposi per cedere di fronte a un attacco poderoso ma puramente teorico e dall\u2019altro al danno che alla critica di Lucas \u00e8 derivato dal fatto di essere in qualche modo associata alle teorie delle aspettative razionali e dei mercati efficienti, le cui debolezze sono state messe drammaticamente in luce dalla recente crisi finanziaria.<\/p>\n<p style=\"text-align: justify;\"><img loading=\"lazy\" decoding=\"async\" class=\"alignleft wp-image-20620\" src=\"https:\/\/www.rassegnastampa-totustuus.it\/cattolica\/wp-content\/uploads\/2015\/03\/tasse-2.jpg\" alt=\"\" width=\"225\" height=\"200\" \/>L\u2019opportunit\u00e0 di concentrare il prelievo sulle fasce di reddito pi\u00f9 elevate \u00e8 un tassello fondamentale delle strategie di cui parliamo, essa viene solitamente motivata supponendo (in un\u2019ottica che corrisponde al keynesismo idraulico di cui si \u00e8 detto sopra) che i soli effetti rilevanti della spesa pubblica e della tassazione siano quelli, previsti dal cosiddetto meccanismo del moltiplicatore, legati alle variazioni dei consumi da esse indotti.<\/p>\n<p style=\"text-align: justify;\">La tesi di fondo \u00e8 che misure redistributive a favore delle fasce di reddito pi\u00f9 basse hanno effetti di stimolo sulla domanda aggregata dovuti al fatto che la propensione al risparmio sui redditi pi\u00f9 elevati \u00e8 superiore a quella sui redditi delle fasce inferiori. Trasferire un miliardo di Euro dai membri di un gruppo che risparmia il 50% del proprio reddito a uno che consuma per intero quello di cui dispone comporterebbe uno stimolo alla domanda di 500 milioni; effetti analoghi si otterrebbero concentrando sul primo gruppo la copertura fiscale di una spesa pubblica di pari ammontare.<\/p>\n<p style=\"text-align: justify;\">L\u2019effetto positivo non sarebbe limitato alla domanda, ma si farebbe sentire anche sulla finanza pubblica, in quanto la manovra si concluderebbe con un saldo positivo per la finanza pubblica dovuto al fatto che l\u2019aumento del reddito sarebbe accompagnato da un aumento anche del gettito fiscale. La formula per uscire tanto dalla recessione quanto dalla crisi fiscale sarebbe quindi semplice e si ridurrebbe alla formula: \u2018aumenta la spesa e tassa i ricchi\u2019.<\/p>\n<p style=\"text-align: justify;\">L\u2019idea che la crisi, o pi\u00f9 propriamente le crisi, sono colpa del carattere capitalistico dell\u2019economia sarebbe confermata in modo lampante, in quanto a tutto si potrebbe porre rimedio con una piccola dose di socialismo, consistente nell\u2019aumentare la spesa pubblica e nel redistribuire ricchezza in senso ugualitario. La soluzione ideale sarebbe addirittura quella di una consistente imposta patrimoniale, ritenuta auspicabile sia per i suoi effetti ugualitari, sia perch\u00e9, applicandosi a stock gi\u00e0 esistenti, avrebbe effetti restrittivi minori di quelli di un\u2019imposta sui redditi (fosse pure concentrata su quelli delle fasce pi\u00f9 elevate).<\/p>\n<p style=\"text-align: justify;\"><img loading=\"lazy\" decoding=\"async\" class=\"alignright wp-image-40690\" src=\"https:\/\/www.rassegnastampa-totustuus.it\/cattolica\/wp-content\/uploads\/2018\/07\/ricchi_lusso.jpg\" alt=\"\" width=\"250\" height=\"166\" \/>Se \u00e8 vero che i percettori di redditi pi\u00f9 elevati hanno effettivamente una propensione media al risparmio pi\u00f9 elevata di quella dei soggetti delle fasce inferiori, ci\u00f2 non vale tuttavia sistematicamente anche per la loro propensione marginale al risparmio, e nemmeno \u00e8 certo che la propensione a risparmiare su incrementi dei redditi disponibili sia la stessa che si applica a decrementi degli stessi.<\/p>\n<p style=\"text-align: justify;\">L\u2019ipotesi contraria, e cio\u00e8 che i ricchi possano proporsi di stabilizzare non tanto i consumi, sacrificando i patrimoni, quanto di conservare i patrimoni, riducendo i consumi, \u00e8 anch\u2019essa plausibile, e in alcuni casi addirittura pi\u00f9 realistica. La letteratura ha frequentemente proposto sia la figura di chi dilapida ingenti patrimoni per mantenere lo stile di vita acquisito in passato, sia quella di chi trae soddisfazione pi\u00f9 dalla consistenza dei patrimoni che dallo sfarzo o dall\u2019opulenza dei consumi.<\/p>\n<p style=\"text-align: justify;\">Entrambe le figure hanno concreta rilevanza sociologica, ma non \u00e8 detto che la prima sia quella che meglio corrisponde alla condotta tipica e media delle classi in questione ed \u00e8 comunque quantomeno imprudente farne la base per la definizione di misure di politica fiscale. Non mi risulta che il tema della propensione al risparmio delle diverse fasce di reddito sia stato oggetto di analisi empiriche rigorose e sufficientemente disaggregate per tenere conto delle possibilit\u00e0 che abbiamo delineato sopra.<\/p>\n<p style=\"text-align: justify;\">Evidenza occasionale e plausibili considerazioni psicologiche inducono piuttosto a ritenere che una riduzione del reddito disponibile non temporanea, ma dovuta a mutamenti strutturali del sistema di tassazione, possa determinare una drastica riduzione dei consumi di lusso e inessenziali, a volte anche in misura pi\u00f9 che proporzionale all\u2019aggravio fiscale.<\/p>\n<p style=\"text-align: justify;\"><img loading=\"lazy\" decoding=\"async\" class=\"alignleft wp-image-6876\" src=\"https:\/\/www.rassegnastampa-totustuus.it\/cattolica\/wp-content\/uploads\/2014\/03\/tasse.jpg\" alt=\"\" width=\"232\" height=\"217\" \/>Aggiungerei che vi sono buone ragioni per ritenere che i consumi di queste categorie non solo siano sensibili alla tassazione, ma che la loro riduzione produca effetti contrattivi sulla domanda interna e sull\u2019occupazione particolarmente intensi e superiori a quelli di analoghe contrazioni dei consumi di altre categorie. Si tratta di una congettura non suffragata da dati empirici di cui io sia a conoscenza, ma che mi sembra plausibile alla luce del fatto che i consumi di beni o di servizi di lusso sono in genere del tipo labour-intensive e personalizzato, e si indirizzano quindi frequentemente a fonti che sono spazialmente vicine ai luoghi in cui vivono coloro che ne fruiscono.<\/p>\n<p style=\"text-align: justify;\">Se le due congetture che abbiamo fatto sono plausibili \u00e8 possibile che, soprattutto in una fase di recessione, l\u2019inasprimento della tassazione dei redditi pi\u00f9 elevati (e ancor pi\u00f9 dei patrimoni) produca consistenti effetti contrattivi sulla domanda interna e sia quindi marcatamente pro-ciclico.<\/p>\n<p style=\"text-align: justify;\">Riserve non meno serie si possono avere sul contributo della spesa pubblica alla formazione del reddito di un paese e alla crescita della sua economia. Per quanto riguarda il problema della crescita, e quindi degli investimenti, di superiorit\u00e0 della soluzione pubblica si pu\u00f2 parlare solo per investimenti destinati a produrre beni che sono accessibili a tutti (beni pubblici per l\u2019appunto) o di investimenti che hanno una rilevante componente spaziale e territoriale (vie di comunicazione, reti di trasmissione ecc.), mentre gli investimenti privati sono meglio capaci di soddisfare le mutevoli esigenze dei mercati, rafforzano la competitivit\u00e0 internazionale delle imprese e sono in genere pi\u00f9 fortemente innovativi da un punto di vista tecnologico e\/o merceologico.<\/p>\n<p style=\"text-align: justify;\">Per quanto riguarda invece il contributo comparativo della spesa pubblica e di quella privata alla formazione del reddito, i problemi derivano dalla radicale eterogeneit\u00e0 dei criteri sui quali si basa la valutazione dei servizi e dei beni prodotti dallo stato rispetto a quelli di origine privata.<\/p>\n<p style=\"text-align: justify;\">In entrambi i casi si tratta di un insieme di elementi qualitativamente diversi, la cui aggregazione si basa su criteri che sono in ultima analisi convenzionali: la differenza sta nel fatto che i beni e i servizi di origine privata sono aggregati sulla base del loro prezzo, e cio\u00e8 di quanto i soggetti che ne fanno effettivamente uso sono disposti a pagare per procurarseli, mentre per quelle prodotti dallo stato l\u2019aggregazione avviene sulla base di quanto lo stesso ha pagato per produrli.<\/p>\n<p style=\"text-align: justify;\"><img loading=\"lazy\" decoding=\"async\" class=\"alignright wp-image-9235\" src=\"https:\/\/www.rassegnastampa-totustuus.it\/cattolica\/wp-content\/uploads\/2014\/08\/tax.jpg\" alt=\"\" width=\"250\" height=\"187\" \/>Nel primo caso l\u2019elemento convenzionale ha un fondamento oggettivo e internamente coerente, in quanto il sistema dei prezzi \u00e8 unico, costituisce la base sulla quale i soggetti concretamente valutano le alternative che loro si prospettano, \u00e8 noto a tutti ed \u00e8 determinato in contesti aperti e concorrenziali, che operano una selezione tra le diverse alternative, premiando quelle che corrispondono a beni qualitativamente migliori o a costi pi\u00f9 bassi e stimolando continue correzioni in risposta al mutare delle preferenze individuali e delle circostanze oggettive in cui la produzione avviene.<\/p>\n<p style=\"text-align: justify;\">Per contro la determinazione del valore dei servizi pubblici non \u00e8 soggetta ai vincoli e alle condizioni cui \u00e8 soggetta quella dei beni e dei servizi privati: una perdita di efficienza o un evento che aumenta i costi di servizi qualitativamente invariati (p.es. un incremento dei salari dei dipendenti pubblici) viene intesa come un aumento del valore degli stessi; misure che sono doppiamente negative, perch\u00e9 arrecano direttamente dei danni e perch\u00e9 comportano dei costi, vengono valutate positivamente sulla base di questi ultimi.<\/p>\n<p style=\"text-align: justify;\">Non si intende negare che solo lo stato pu\u00f2 realizzare (senza peraltro doversela addossare direttamente) la produzione dei cosiddetti beni pubblici e di altri servizi essenziali e in generale garantire che certe condizioni di vita siano godute anche da coloro che non hanno mezzi adeguati per procurarsele da soli, ma semplicemente sottolineare che non tutti i servizi pubblici hanno tali caratteristiche e che l\u2019assenza di concorrenza in cui solitamente operano gli enti pubblici fa s\u00ec che essi lascino spesso a desiderare sia dal lato qualitativo sia da quello dei costi.<\/p>\n<p style=\"text-align: justify;\">In molti casi \u00e8 l\u2019esistenza di risorse spendibili a determinare la spesa pi\u00f9 che la necessit\u00e0 di questa a richiedere la raccolta di quelle risorse. A ci\u00f2 si deve aggiungere che il settore pubblico rappresenta un terreno fertile per l\u2019acquisizione di posizioni di rendita, i cui beneficiari possono essere gruppi politici, apparati burocratici e anche personale esterno che vende in condizioni privilegiate i propri servizi ad organi pubblici.<\/p>\n<p style=\"text-align: justify;\">Quando sono acquisite all\u2019interno degli apparati statali o attraverso di essi, tali posizioni sono in genere pi\u00f9 solide e redditizie, in quanto meno esposte alla concorrenza di altri <em>rent-seekers<\/em> di quanto non siano quelle che si formano nella sfera privata. I flussi di reddito (stipendi, premi, parcelle e <em>amenities<\/em> varie) che esse generano sono assimilabili a delle forme di tassazione praticate da individui o gruppi privati con l\u2019intermediazione dello stato.<\/p>\n<p style=\"text-align: justify;\"><img loading=\"lazy\" decoding=\"async\" class=\"alignleft wp-image-18687\" src=\"https:\/\/www.rassegnastampa-totustuus.it\/cattolica\/wp-content\/uploads\/2009\/03\/spesa-pubblica.png\" alt=\"\" width=\"235\" height=\"200\" \/>Si pu\u00f2 quindi dire che: dal punto di vista dell\u2019offerta quella parte della spesa pubblica che non corrisponde alla produzione di servizi utili, o che deriva da costi eccessivi per la produzione degli stessi, rappresenta uno spreco di risorse e una perdita di reddito potenziale la cui entit\u00e0 corrisponde a quanto si sarebbe ottenuto da un impiego migliore di quelle risorse; (1) da quello della domanda essa equivale a un trasferimento, e cio\u00e8 alla semplice attribuzione di mezzi spendibili di un dato ammontare a soggetti diversi da quelli che se li erano originariamente e autonomamente procurati. (2)<\/p>\n<p style=\"text-align: justify;\">Le tesi che abbiamo esaminato riassumono, almeno sul piano economico, quello che potremmo definire il socialismo del XXI secolo. Il fatto che esse siano una semplice riedizione di idee in voga tra la fine della Seconda Guerra Mondiale e la met\u00e0 degli anni \u201970 testimonia dell\u2019esaurimento della spinta innovativa del socialismo e del fatto che esso sia ormai diventato un sintomo di una situazione di generale depressione, circostanza che \u00e8 in fondo confermata dal fatto che i nostalgici chiamino \u2018trentennio d\u2019oro\u2019 gli anni in cui esse sono state in auge, un periodo che vedeva il mondo diviso in due blocchi ostili, una pace garantita dalla minaccia della reciproca distruzione e met\u00e0 dell\u2019Europa sotto regimi dittatoriali (fascisti a sud e comunisti ad est).<\/p>\n<p style=\"text-align: justify;\">Nel corso del trentennio citato le politiche che si ispiravano alle tesi qui discusse hanno certamente svolto un ruolo importante sia sul piano politico sia su quello economico, contribuendo a scongiurare minacce rivoluzionarie o reazionarie in Europa e accompagnando trasformazioni strutturali del ruolo dello stato e degli assetti sociali legate ai processi di industrializzazione e di modernizzazione.<\/p>\n<p style=\"text-align: justify;\">In seguito esse hanno assunto sempre pi\u00f9 un carattere inerziale, attivando processi politici perversi e forme di parassitismo che ne hanno fatto una delle cause principali della crisi che stiamo attraversando: riproporle oggi equivale ad affrontare i disturbi cui va incontro chi cerca di disintossicarsi da una droga con una forte somministrazione della stessa<\/p>\n<p style=\"text-align: justify;\">________________<\/p>\n<p style=\"text-align: justify;\">(*) <strong>Eugenio Somaini<\/strong> \u00e8 Professore emerito di Politica economica presso l\u2019Universit\u00e0 di Parma.<\/p>\n<p style=\"text-align: justify;\"><strong>1) <\/strong>Ad essa potrebbe convenientemente applicarsi la nozione smithiana, ripresa da Marx, di lavoro improduttivo.<\/p>\n<p style=\"text-align: justify;\"><strong>2)<\/strong> La sostituzione di tale parte della spesa con trasferimenti equivalenti sarebbe preferibile, in quanto otterrebbe gli stessi effetti benefici (o supposti tali) sulla domanda aggregata, senza accompagnarli allo spreco di risorse di cui si \u00e8 detto.<\/p>\n<p>&nbsp;<\/p>\n","protected":false},"excerpt":{"rendered":"<p>Istituto Bruno Leoni. Focus 10 ottobre 2015 \u00a0Il ritorno del \u201ckeynesismo idraulico\u201d? di Eugenio Somaini (*) Gira e rigira le posizioni di quanti si oppongono alle politiche di rigore finanziario e\/o a riforme di stampo liberale ruotano intorno ai seguenti punti: la spesa pubblica non deve essere tagliata, ma piuttosto aumentata e riqualificata, concentrandola sugli &hellip; <\/p>\n<p><a class=\"more-link btn\" href=\"https:\/\/www.rassegnastampa-totustuus.it\/cattolica\/il-socialismo-del-xxi-secolo\/\">Continua a leggere<\/a><\/p>\n","protected":false},"author":6,"featured_media":40689,"comment_status":"closed","ping_status":"closed","sticky":false,"template":"","format":"standard","meta":{"footnotes":""},"categories":[13,58],"tags":[670,1725],"class_list":["post-40688","post","type-post","status-publish","format-standard","has-post-thumbnail","hentry","category-economia","category-fisco","tag-john-m-keynes","tag-tassazione","item-wrap"],"yoast_head":"<!-- This site is optimized with the Yoast SEO plugin v27.5 - https:\/\/yoast.com\/product\/yoast-seo-wordpress\/ -->\n<title>Il socialismo del XXI secolo - Rassegna Stampa Cattolica<\/title>\n<meta name=\"description\" content=\"Rassegna Stampa Cattolica - Per una cultura che nasce dalla Rivelazione cristiana in conformit\u00e0 alla tradizione e al Magistero della Chiesa in opposizione ad ogni relativismo e totalitarismo\" \/>\n<meta name=\"robots\" content=\"index, follow, max-snippet:-1, max-image-preview:large, max-video-preview:-1\" \/>\n<link rel=\"canonical\" href=\"https:\/\/www.rassegnastampa-totustuus.it\/cattolica\/il-socialismo-del-xxi-secolo\/\" \/>\n<meta property=\"og:locale\" content=\"it_IT\" \/>\n<meta property=\"og:type\" content=\"article\" \/>\n<meta property=\"og:title\" content=\"Il socialismo del XXI secolo - Rassegna Stampa Cattolica\" \/>\n<meta property=\"og:description\" content=\"Rassegna Stampa Cattolica - Per una cultura che nasce dalla Rivelazione cristiana in conformit\u00e0 alla tradizione e al Magistero della Chiesa in opposizione ad ogni relativismo e totalitarismo\" \/>\n<meta property=\"og:url\" content=\"https:\/\/www.rassegnastampa-totustuus.it\/cattolica\/il-socialismo-del-xxi-secolo\/\" \/>\n<meta property=\"og:site_name\" content=\"Rassegna Stampa Cattolica\" \/>\n<meta property=\"article:publisher\" content=\"https:\/\/www.facebook.com\/rassegnastampacattolica\" \/>\n<meta property=\"article:published_time\" content=\"2018-07-11T22:00:32+00:00\" \/>\n<meta property=\"og:image\" content=\"https:\/\/www.rassegnastampa-totustuus.it\/cattolica\/wp-content\/uploads\/2018\/07\/Keynes.jpg\" \/>\n\t<meta property=\"og:image:width\" content=\"235\" \/>\n\t<meta property=\"og:image:height\" content=\"215\" \/>\n\t<meta property=\"og:image:type\" content=\"image\/jpeg\" \/>\n<meta name=\"author\" content=\"Redazione\" \/>\n<meta name=\"twitter:card\" content=\"summary_large_image\" \/>\n<meta name=\"twitter:creator\" content=\"@rassegnastampa9\" \/>\n<meta name=\"twitter:site\" content=\"@rassegnastampa9\" \/>\n<meta name=\"twitter:label1\" content=\"Scritto da\" \/>\n\t<meta name=\"twitter:data1\" content=\"Redazione\" \/>\n\t<meta name=\"twitter:label2\" content=\"Tempo di lettura stimato\" \/>\n\t<meta name=\"twitter:data2\" content=\"13 minuti\" \/>\n<script type=\"application\/ld+json\" class=\"yoast-schema-graph\">{\"@context\":\"https:\\\/\\\/schema.org\",\"@graph\":[{\"@type\":\"Article\",\"@id\":\"https:\\\/\\\/www.rassegnastampa-totustuus.it\\\/cattolica\\\/il-socialismo-del-xxi-secolo\\\/#article\",\"isPartOf\":{\"@id\":\"https:\\\/\\\/www.rassegnastampa-totustuus.it\\\/cattolica\\\/il-socialismo-del-xxi-secolo\\\/\"},\"author\":{\"name\":\"Redazione\",\"@id\":\"https:\\\/\\\/www.rassegnastampa-totustuus.it\\\/cattolica\\\/#\\\/schema\\\/person\\\/08f319d2bd1a0904ad9e2bfb7b15e5c3\"},\"headline\":\"Il socialismo del XXI secolo\",\"datePublished\":\"2018-07-11T22:00:32+00:00\",\"mainEntityOfPage\":{\"@id\":\"https:\\\/\\\/www.rassegnastampa-totustuus.it\\\/cattolica\\\/il-socialismo-del-xxi-secolo\\\/\"},\"wordCount\":2519,\"publisher\":{\"@id\":\"https:\\\/\\\/www.rassegnastampa-totustuus.it\\\/cattolica\\\/#organization\"},\"image\":{\"@id\":\"https:\\\/\\\/www.rassegnastampa-totustuus.it\\\/cattolica\\\/il-socialismo-del-xxi-secolo\\\/#primaryimage\"},\"thumbnailUrl\":\"https:\\\/\\\/www.rassegnastampa-totustuus.it\\\/cattolica\\\/wp-content\\\/uploads\\\/2018\\\/07\\\/Keynes.jpg\",\"keywords\":[\"John M. Keynes\",\"tassazione\"],\"articleSection\":[\"Economia\",\"Fisco\"],\"inLanguage\":\"it-IT\"},{\"@type\":\"WebPage\",\"@id\":\"https:\\\/\\\/www.rassegnastampa-totustuus.it\\\/cattolica\\\/il-socialismo-del-xxi-secolo\\\/\",\"url\":\"https:\\\/\\\/www.rassegnastampa-totustuus.it\\\/cattolica\\\/il-socialismo-del-xxi-secolo\\\/\",\"name\":\"Il socialismo del XXI secolo - Rassegna Stampa Cattolica\",\"isPartOf\":{\"@id\":\"https:\\\/\\\/www.rassegnastampa-totustuus.it\\\/cattolica\\\/#website\"},\"primaryImageOfPage\":{\"@id\":\"https:\\\/\\\/www.rassegnastampa-totustuus.it\\\/cattolica\\\/il-socialismo-del-xxi-secolo\\\/#primaryimage\"},\"image\":{\"@id\":\"https:\\\/\\\/www.rassegnastampa-totustuus.it\\\/cattolica\\\/il-socialismo-del-xxi-secolo\\\/#primaryimage\"},\"thumbnailUrl\":\"https:\\\/\\\/www.rassegnastampa-totustuus.it\\\/cattolica\\\/wp-content\\\/uploads\\\/2018\\\/07\\\/Keynes.jpg\",\"datePublished\":\"2018-07-11T22:00:32+00:00\",\"description\":\"Rassegna Stampa Cattolica - Per una cultura che nasce dalla Rivelazione cristiana in conformit\u00e0 alla tradizione e al Magistero della Chiesa in opposizione ad ogni relativismo e totalitarismo\",\"breadcrumb\":{\"@id\":\"https:\\\/\\\/www.rassegnastampa-totustuus.it\\\/cattolica\\\/il-socialismo-del-xxi-secolo\\\/#breadcrumb\"},\"inLanguage\":\"it-IT\",\"potentialAction\":[{\"@type\":\"ReadAction\",\"target\":[\"https:\\\/\\\/www.rassegnastampa-totustuus.it\\\/cattolica\\\/il-socialismo-del-xxi-secolo\\\/\"]}]},{\"@type\":\"ImageObject\",\"inLanguage\":\"it-IT\",\"@id\":\"https:\\\/\\\/www.rassegnastampa-totustuus.it\\\/cattolica\\\/il-socialismo-del-xxi-secolo\\\/#primaryimage\",\"url\":\"https:\\\/\\\/www.rassegnastampa-totustuus.it\\\/cattolica\\\/wp-content\\\/uploads\\\/2018\\\/07\\\/Keynes.jpg\",\"contentUrl\":\"https:\\\/\\\/www.rassegnastampa-totustuus.it\\\/cattolica\\\/wp-content\\\/uploads\\\/2018\\\/07\\\/Keynes.jpg\",\"width\":235,\"height\":215},{\"@type\":\"BreadcrumbList\",\"@id\":\"https:\\\/\\\/www.rassegnastampa-totustuus.it\\\/cattolica\\\/il-socialismo-del-xxi-secolo\\\/#breadcrumb\",\"itemListElement\":[{\"@type\":\"ListItem\",\"position\":1,\"name\":\"Home\",\"item\":\"https:\\\/\\\/www.rassegnastampa-totustuus.it\\\/cattolica\\\/\"},{\"@type\":\"ListItem\",\"position\":2,\"name\":\"Il socialismo del XXI secolo\"}]},{\"@type\":\"WebSite\",\"@id\":\"https:\\\/\\\/www.rassegnastampa-totustuus.it\\\/cattolica\\\/#website\",\"url\":\"https:\\\/\\\/www.rassegnastampa-totustuus.it\\\/cattolica\\\/\",\"name\":\"Rassegna Stampa Cattolica\",\"description\":\"Per una cultura che nasce dalla Rivelazione cristiana in conformit\u00e0 alla tradizione e al Magistero della Chiesa in opposizione ad ogni relativismo e totalitarismo\",\"publisher\":{\"@id\":\"https:\\\/\\\/www.rassegnastampa-totustuus.it\\\/cattolica\\\/#organization\"},\"alternateName\":\"Rass. Cattolica\",\"potentialAction\":[{\"@type\":\"SearchAction\",\"target\":{\"@type\":\"EntryPoint\",\"urlTemplate\":\"https:\\\/\\\/www.rassegnastampa-totustuus.it\\\/cattolica\\\/?s={search_term_string}\"},\"query-input\":{\"@type\":\"PropertyValueSpecification\",\"valueRequired\":true,\"valueName\":\"search_term_string\"}}],\"inLanguage\":\"it-IT\"},{\"@type\":\"Organization\",\"@id\":\"https:\\\/\\\/www.rassegnastampa-totustuus.it\\\/cattolica\\\/#organization\",\"name\":\"Rassegna Stampa Cattolica\",\"url\":\"https:\\\/\\\/www.rassegnastampa-totustuus.it\\\/cattolica\\\/\",\"logo\":{\"@type\":\"ImageObject\",\"inLanguage\":\"it-IT\",\"@id\":\"https:\\\/\\\/www.rassegnastampa-totustuus.it\\\/cattolica\\\/#\\\/schema\\\/logo\\\/image\\\/\",\"url\":\"https:\\\/\\\/www.rassegnastampa-totustuus.it\\\/cattolica\\\/wp-content\\\/uploads\\\/2014\\\/04\\\/logo-rassegna1.gif\",\"contentUrl\":\"https:\\\/\\\/www.rassegnastampa-totustuus.it\\\/cattolica\\\/wp-content\\\/uploads\\\/2014\\\/04\\\/logo-rassegna1.gif\",\"width\":600,\"height\":163,\"caption\":\"Rassegna Stampa Cattolica\"},\"image\":{\"@id\":\"https:\\\/\\\/www.rassegnastampa-totustuus.it\\\/cattolica\\\/#\\\/schema\\\/logo\\\/image\\\/\"},\"sameAs\":[\"https:\\\/\\\/www.facebook.com\\\/rassegnastampacattolica\",\"https:\\\/\\\/x.com\\\/rassegnastampa9\"]},{\"@type\":\"Person\",\"@id\":\"https:\\\/\\\/www.rassegnastampa-totustuus.it\\\/cattolica\\\/#\\\/schema\\\/person\\\/08f319d2bd1a0904ad9e2bfb7b15e5c3\",\"name\":\"Redazione\",\"image\":{\"@type\":\"ImageObject\",\"inLanguage\":\"it-IT\",\"@id\":\"https:\\\/\\\/secure.gravatar.com\\\/avatar\\\/2fcdf27c78ea025fbdb44e914cc63c72249ffec9dc8aafd5c82b26240ef3f346?s=96&d=mm&r=g\",\"url\":\"https:\\\/\\\/secure.gravatar.com\\\/avatar\\\/2fcdf27c78ea025fbdb44e914cc63c72249ffec9dc8aafd5c82b26240ef3f346?s=96&d=mm&r=g\",\"contentUrl\":\"https:\\\/\\\/secure.gravatar.com\\\/avatar\\\/2fcdf27c78ea025fbdb44e914cc63c72249ffec9dc8aafd5c82b26240ef3f346?s=96&d=mm&r=g\",\"caption\":\"Redazione\"},\"url\":\"https:\\\/\\\/www.rassegnastampa-totustuus.it\\\/cattolica\\\/author\\\/pietroelle\\\/\"}]}<\/script>\n<!-- \/ Yoast SEO plugin. -->","yoast_head_json":{"title":"Il socialismo del XXI secolo - Rassegna Stampa Cattolica","description":"Rassegna Stampa Cattolica - Per una cultura che nasce dalla Rivelazione cristiana in conformit\u00e0 alla tradizione e al Magistero della Chiesa in opposizione ad ogni relativismo e totalitarismo","robots":{"index":"index","follow":"follow","max-snippet":"max-snippet:-1","max-image-preview":"max-image-preview:large","max-video-preview":"max-video-preview:-1"},"canonical":"https:\/\/www.rassegnastampa-totustuus.it\/cattolica\/il-socialismo-del-xxi-secolo\/","og_locale":"it_IT","og_type":"article","og_title":"Il socialismo del XXI secolo - Rassegna Stampa Cattolica","og_description":"Rassegna Stampa Cattolica - Per una cultura che nasce dalla Rivelazione cristiana in conformit\u00e0 alla tradizione e al Magistero della Chiesa in opposizione ad ogni relativismo e totalitarismo","og_url":"https:\/\/www.rassegnastampa-totustuus.it\/cattolica\/il-socialismo-del-xxi-secolo\/","og_site_name":"Rassegna Stampa Cattolica","article_publisher":"https:\/\/www.facebook.com\/rassegnastampacattolica","article_published_time":"2018-07-11T22:00:32+00:00","og_image":[{"width":235,"height":215,"url":"https:\/\/www.rassegnastampa-totustuus.it\/cattolica\/wp-content\/uploads\/2018\/07\/Keynes.jpg","type":"image\/jpeg"}],"author":"Redazione","twitter_card":"summary_large_image","twitter_creator":"@rassegnastampa9","twitter_site":"@rassegnastampa9","twitter_misc":{"Scritto da":"Redazione","Tempo di lettura stimato":"13 minuti"},"schema":{"@context":"https:\/\/schema.org","@graph":[{"@type":"Article","@id":"https:\/\/www.rassegnastampa-totustuus.it\/cattolica\/il-socialismo-del-xxi-secolo\/#article","isPartOf":{"@id":"https:\/\/www.rassegnastampa-totustuus.it\/cattolica\/il-socialismo-del-xxi-secolo\/"},"author":{"name":"Redazione","@id":"https:\/\/www.rassegnastampa-totustuus.it\/cattolica\/#\/schema\/person\/08f319d2bd1a0904ad9e2bfb7b15e5c3"},"headline":"Il socialismo del XXI secolo","datePublished":"2018-07-11T22:00:32+00:00","mainEntityOfPage":{"@id":"https:\/\/www.rassegnastampa-totustuus.it\/cattolica\/il-socialismo-del-xxi-secolo\/"},"wordCount":2519,"publisher":{"@id":"https:\/\/www.rassegnastampa-totustuus.it\/cattolica\/#organization"},"image":{"@id":"https:\/\/www.rassegnastampa-totustuus.it\/cattolica\/il-socialismo-del-xxi-secolo\/#primaryimage"},"thumbnailUrl":"https:\/\/www.rassegnastampa-totustuus.it\/cattolica\/wp-content\/uploads\/2018\/07\/Keynes.jpg","keywords":["John M. Keynes","tassazione"],"articleSection":["Economia","Fisco"],"inLanguage":"it-IT"},{"@type":"WebPage","@id":"https:\/\/www.rassegnastampa-totustuus.it\/cattolica\/il-socialismo-del-xxi-secolo\/","url":"https:\/\/www.rassegnastampa-totustuus.it\/cattolica\/il-socialismo-del-xxi-secolo\/","name":"Il socialismo del XXI secolo - Rassegna Stampa Cattolica","isPartOf":{"@id":"https:\/\/www.rassegnastampa-totustuus.it\/cattolica\/#website"},"primaryImageOfPage":{"@id":"https:\/\/www.rassegnastampa-totustuus.it\/cattolica\/il-socialismo-del-xxi-secolo\/#primaryimage"},"image":{"@id":"https:\/\/www.rassegnastampa-totustuus.it\/cattolica\/il-socialismo-del-xxi-secolo\/#primaryimage"},"thumbnailUrl":"https:\/\/www.rassegnastampa-totustuus.it\/cattolica\/wp-content\/uploads\/2018\/07\/Keynes.jpg","datePublished":"2018-07-11T22:00:32+00:00","description":"Rassegna Stampa Cattolica - Per una cultura che nasce dalla Rivelazione cristiana in conformit\u00e0 alla tradizione e al Magistero della Chiesa in opposizione ad ogni relativismo e totalitarismo","breadcrumb":{"@id":"https:\/\/www.rassegnastampa-totustuus.it\/cattolica\/il-socialismo-del-xxi-secolo\/#breadcrumb"},"inLanguage":"it-IT","potentialAction":[{"@type":"ReadAction","target":["https:\/\/www.rassegnastampa-totustuus.it\/cattolica\/il-socialismo-del-xxi-secolo\/"]}]},{"@type":"ImageObject","inLanguage":"it-IT","@id":"https:\/\/www.rassegnastampa-totustuus.it\/cattolica\/il-socialismo-del-xxi-secolo\/#primaryimage","url":"https:\/\/www.rassegnastampa-totustuus.it\/cattolica\/wp-content\/uploads\/2018\/07\/Keynes.jpg","contentUrl":"https:\/\/www.rassegnastampa-totustuus.it\/cattolica\/wp-content\/uploads\/2018\/07\/Keynes.jpg","width":235,"height":215},{"@type":"BreadcrumbList","@id":"https:\/\/www.rassegnastampa-totustuus.it\/cattolica\/il-socialismo-del-xxi-secolo\/#breadcrumb","itemListElement":[{"@type":"ListItem","position":1,"name":"Home","item":"https:\/\/www.rassegnastampa-totustuus.it\/cattolica\/"},{"@type":"ListItem","position":2,"name":"Il socialismo del XXI secolo"}]},{"@type":"WebSite","@id":"https:\/\/www.rassegnastampa-totustuus.it\/cattolica\/#website","url":"https:\/\/www.rassegnastampa-totustuus.it\/cattolica\/","name":"Rassegna Stampa Cattolica","description":"Per una cultura che nasce dalla Rivelazione cristiana in conformit\u00e0 alla tradizione e al Magistero della Chiesa in opposizione ad ogni relativismo e totalitarismo","publisher":{"@id":"https:\/\/www.rassegnastampa-totustuus.it\/cattolica\/#organization"},"alternateName":"Rass. Cattolica","potentialAction":[{"@type":"SearchAction","target":{"@type":"EntryPoint","urlTemplate":"https:\/\/www.rassegnastampa-totustuus.it\/cattolica\/?s={search_term_string}"},"query-input":{"@type":"PropertyValueSpecification","valueRequired":true,"valueName":"search_term_string"}}],"inLanguage":"it-IT"},{"@type":"Organization","@id":"https:\/\/www.rassegnastampa-totustuus.it\/cattolica\/#organization","name":"Rassegna Stampa Cattolica","url":"https:\/\/www.rassegnastampa-totustuus.it\/cattolica\/","logo":{"@type":"ImageObject","inLanguage":"it-IT","@id":"https:\/\/www.rassegnastampa-totustuus.it\/cattolica\/#\/schema\/logo\/image\/","url":"https:\/\/www.rassegnastampa-totustuus.it\/cattolica\/wp-content\/uploads\/2014\/04\/logo-rassegna1.gif","contentUrl":"https:\/\/www.rassegnastampa-totustuus.it\/cattolica\/wp-content\/uploads\/2014\/04\/logo-rassegna1.gif","width":600,"height":163,"caption":"Rassegna Stampa Cattolica"},"image":{"@id":"https:\/\/www.rassegnastampa-totustuus.it\/cattolica\/#\/schema\/logo\/image\/"},"sameAs":["https:\/\/www.facebook.com\/rassegnastampacattolica","https:\/\/x.com\/rassegnastampa9"]},{"@type":"Person","@id":"https:\/\/www.rassegnastampa-totustuus.it\/cattolica\/#\/schema\/person\/08f319d2bd1a0904ad9e2bfb7b15e5c3","name":"Redazione","image":{"@type":"ImageObject","inLanguage":"it-IT","@id":"https:\/\/secure.gravatar.com\/avatar\/2fcdf27c78ea025fbdb44e914cc63c72249ffec9dc8aafd5c82b26240ef3f346?s=96&d=mm&r=g","url":"https:\/\/secure.gravatar.com\/avatar\/2fcdf27c78ea025fbdb44e914cc63c72249ffec9dc8aafd5c82b26240ef3f346?s=96&d=mm&r=g","contentUrl":"https:\/\/secure.gravatar.com\/avatar\/2fcdf27c78ea025fbdb44e914cc63c72249ffec9dc8aafd5c82b26240ef3f346?s=96&d=mm&r=g","caption":"Redazione"},"url":"https:\/\/www.rassegnastampa-totustuus.it\/cattolica\/author\/pietroelle\/"}]}},"_links":{"self":[{"href":"https:\/\/www.rassegnastampa-totustuus.it\/cattolica\/wp-json\/wp\/v2\/posts\/40688","targetHints":{"allow":["GET"]}}],"collection":[{"href":"https:\/\/www.rassegnastampa-totustuus.it\/cattolica\/wp-json\/wp\/v2\/posts"}],"about":[{"href":"https:\/\/www.rassegnastampa-totustuus.it\/cattolica\/wp-json\/wp\/v2\/types\/post"}],"author":[{"embeddable":true,"href":"https:\/\/www.rassegnastampa-totustuus.it\/cattolica\/wp-json\/wp\/v2\/users\/6"}],"replies":[{"embeddable":true,"href":"https:\/\/www.rassegnastampa-totustuus.it\/cattolica\/wp-json\/wp\/v2\/comments?post=40688"}],"version-history":[{"count":1,"href":"https:\/\/www.rassegnastampa-totustuus.it\/cattolica\/wp-json\/wp\/v2\/posts\/40688\/revisions"}],"predecessor-version":[{"id":40691,"href":"https:\/\/www.rassegnastampa-totustuus.it\/cattolica\/wp-json\/wp\/v2\/posts\/40688\/revisions\/40691"}],"wp:featuredmedia":[{"embeddable":true,"href":"https:\/\/www.rassegnastampa-totustuus.it\/cattolica\/wp-json\/wp\/v2\/media\/40689"}],"wp:attachment":[{"href":"https:\/\/www.rassegnastampa-totustuus.it\/cattolica\/wp-json\/wp\/v2\/media?parent=40688"}],"wp:term":[{"taxonomy":"category","embeddable":true,"href":"https:\/\/www.rassegnastampa-totustuus.it\/cattolica\/wp-json\/wp\/v2\/categories?post=40688"},{"taxonomy":"post_tag","embeddable":true,"href":"https:\/\/www.rassegnastampa-totustuus.it\/cattolica\/wp-json\/wp\/v2\/tags?post=40688"}],"curies":[{"name":"wp","href":"https:\/\/api.w.org\/{rel}","templated":true}]}}