{"id":40659,"date":"2018-07-05T08:44:50","date_gmt":"2018-07-05T06:44:50","guid":{"rendered":"http:\/\/www.rassegnastampa-totustuus.it\/cattolica\/?p=40659"},"modified":"2018-07-05T08:44:50","modified_gmt":"2018-07-05T06:44:50","slug":"gesu-il-polemista","status":"publish","type":"post","link":"https:\/\/www.rassegnastampa-totustuus.it\/cattolica\/gesu-il-polemista\/","title":{"rendered":"Ges\u00f9, il polemista"},"content":{"rendered":"<p style=\"text-align: center;\"><strong><img loading=\"lazy\" decoding=\"async\" class=\"alignright wp-image-40660\" src=\"https:\/\/www.rassegnastampa-totustuus.it\/cattolica\/wp-content\/uploads\/2018\/07\/cammilleri_cover.jpg\" alt=\"\" width=\"133\" height=\"200\" \/><a href=\"https:\/\/www.interris.it\/\" target=\"_blank\" rel=\"noopener\">In Terris<\/a><\/strong> 27 giugno 2018<\/p>\n<p style=\"text-align: justify;\"><em>Quella Parola &#8220;politicamente scorretta&#8221;. Ne parla Rino Cammilleri nella sua ultima edizione de \u201c<\/em>Il Vangelo secondo me<em>\u201d<\/em><\/p>\n<p style=\"text-align: center;\">di <strong>Giuseppe Brienza<\/strong><\/p>\n<p style=\"text-align: justify;\">\u00c8 vero che in ogni epoca della storia non \u00e8 mancato chi ha cercato di tirare Ges\u00f9 (e il Papa) per la giacchetta, al fine perseguire proprie ambizioni o interessi politici, economici o di vario genere. Nell\u2019attuale tempo che Benedetto XVI ci ha cos\u00ec bene insegnato a chiamare \u201cdittatura del relativismo\u201d, per\u00f2, si \u00e8 forse raggiunto forse il \u201ctop\u201d.<\/p>\n<p><!--more--><\/p>\n<p style=\"text-align: justify;\">Cos\u00ec, a seconda dei gusti e della sensibilit\u00e0 delle cricche dominanti nella politica, nella finanza e nei media, il Signore \u00abora \u00e8 solo \u201cbuono\u201d ora solo \u201cgiusto\u201d, ora \u201cre\u201d ora \u201cfratello\u201d, ora \u201camico\u201d ora \u201cpovero\u201d e cos\u00ec via. Questo vezzo di sottolineare certi aspetti della complessa figura di Ges\u00f9 a discapito di altri, afferma giustamente Rino Cammilleri nella sua ultima edizione del libro \u201cIl Vangelo secondo me\u201d (La Fontana di Siloe, Torino 2018, \u20ac 21, pp. 288), \u00abse portato alle estreme conseguenze prende il nome di eresia. Se questo confine non \u00e8 superato, si pu\u00f2 nondimeno restare nell\u2019ambiguit\u00e0 e nell\u2019equivoco\u00bb (p. 225).<\/p>\n<p style=\"text-align: justify;\">Invece nei vangeli di Ges\u00f9 c\u2019\u00e8 tutto, e anche quello che pu\u00f2 piacere meno al buonismo di oggi. Per esempio quella sua sentenza molto dura che Cammilleri cita da Gv 8,21: \u00abIo vado e voi mi cercherete, ma morirete nel vostro peccato\u00bb. \u00abSi ponga mente a questa frase &#8211; commenta con ragione lo scrittore siciliano &#8211; perch\u00e9 non si tratta di un\u2019\u201cinterpolazione successiva\u201d, come spesso si legge nelle note a pi\u00e8 pagina. No, l\u2019ha detta proprio lui, cos\u00ec, chiara e lampante\u00bb (p. 225).<\/p>\n<div id=\"attachment_34412\" style=\"width: 250px\" class=\"wp-caption alignleft\"><img loading=\"lazy\" decoding=\"async\" aria-describedby=\"caption-attachment-34412\" class=\"wp-image-34412\" src=\"https:\/\/www.rassegnastampa-totustuus.it\/cattolica\/wp-content\/uploads\/2005\/05\/Rino_Cammilleri.jpg\" alt=\"\" width=\"250\" height=\"140\" \/><p id=\"caption-attachment-34412\" class=\"wp-caption-text\">Rino Cammilleri<\/p><\/div>\n<p style=\"text-align: justify;\">Ma il top del politicamente scorretto Ges\u00f9 lo raggiunge nel \u201cgrido di battaglia\u201d di Luca 12,51: \u00abPensate che io sia venuto per portare la pace tra gli uomini? No, ve lo assicuro, ma la divisione\u00bb. In questo caso, assicura, \u00abal primo posto non c\u2019\u00e8 la pace, al secondo non ci sono i poveri, al terzo non ci sono le donne (visto che Ges\u00f9 \u00e8 maschio e maschi sono gli apostoli; le donne li seguono, s\u00ec, ma per servirli e accudirli). Le altre \u00abculture\u00bb le abbiamo viste trattate a pesci in faccia: samaritani, sadducei, scribi, farisei, dottori della legge, erodiani e zeloti. Abbiamo letto elogi per i centurioni dell\u2019esercito di occupazione e addirittura per l\u2019ozio contemplativo (a discapito dell\u2019attivismo pratico di Marta\u00bb (p. 126).<\/p>\n<p style=\"text-align: justify;\">Nel caso di questa nuova edizione (quella originaria \u00e8 del 2003) del libro di Rino Cammilleri, che \u00e8 autore finora presso i maggiori editori nazionali di una trentina di saggi, alcune rivisitazioni sono state necessarie proprio a causa dell\u2019intensificarsi in questi ultimi anni sia della \u201cpsico-polizia\u201d d\u2019orwelliana memoria sia dell\u2019opera di conformizzazione del linguaggio. Come per esempio laddove, a p. 278, c\u2019era a suo tempo un disinvolto termine di \u00abzingaro\u00bb che, oggi, \u00e8 stato edulcorato in \u00abnomade\u00bb, sebbene nota giustamente l\u2019autore, molti di essi \u00absono nati in Italia e non hanno alcuna intenzione di viaggiare\u00bb (p. 7).<\/p>\n<p style=\"text-align: justify;\">Per il resto nei 15 capitoli del volume \u00e8 possibile trovare numerosi esempi di testi, interpretazioni ed esegesi di vangeli che non ci si presentano quasi pi\u00f9 dai pulpiti, nei seminari e nelle aule universitarie, ma che meriterebbero invece di essere \u201criscoperti\u201d. Eccone alcuni esempi tratti direttamente da <em>\u201cIl Vangelo secondo me\u201d<\/em>.<\/p>\n<p style=\"text-align: justify;\"><img loading=\"lazy\" decoding=\"async\" class=\"size-full wp-image-35207 alignright\" src=\"https:\/\/www.rassegnastampa-totustuus.it\/cattolica\/wp-content\/uploads\/2005\/05\/evangelizzare.jpg\" alt=\"\" width=\"192\" height=\"228\" \/>Se alle nozze di Cana gli invitati avevano finito tutto il vino, quale Dio si sarebbe sognato di far riempire ancora il bicchiere a degli invitati perlomeno alticci? Ecco una domanda impertinente ma idonea a far riflettere contenuta in questo itinerario cammilleriano attraverso il Vangelo. Oppure: quante volte si legge nei vangeli che i discepoli \u00abcredettero\u00bb? Ma non bastava una? Come mai si scopre che certi non credettero affatto, alcuni neanche dopo l\u2019Ascensione?<\/p>\n<p style=\"text-align: justify;\">A ben leggere, alla lettera, il Vangelo \u00e8 un resoconto sconcertante. Che, per giunta, non spiega neanche fino in fondo (o, almeno, nei termini \u201cesistenzialistici\u201d tanto diffusi oggi) il problema della sofferenza: perch\u00e9 sono nato? perch\u00e9 devo soffrire? cosa c\u2019entro io col peccato di Adamo? perch\u00e9 Dio il pi\u00f9 delle volte non esaudisce le preghiere? perch\u00e9 devo caricarmi di precetti e divieti senn\u00f2 finisco all\u2019Inferno? sono davvero libero o non sono nient\u2019altro che un burattino nelle mani di Dio?<\/p>\n<p style=\"text-align: justify;\">Trovate molto per rispondere a queste domande, con linguaggio giornalistico-divulgativo ma non meno denso di conoscenza teologica ed esegetica. Del resto la produzione di Rino Cammilleri, in quasi quarant\u2019anni, spazia dalla narrativa alla saggistica e, in quest\u2019ultimo ambito, ricordiamo i best sellers \u201cGli occhi di Maria\u201d, scritto con Vittorio Messori, e editi da Lindau, \u201cDio \u00e8 cattolico?\u201d, \u201cAntidoti\u201d, \u201cDenaro e paradiso\u201d (con Ettore Gotti Tedeschi) e \u201cCome fu che divenni CCP (cattolico credente e praticante)\u201d. Il suo sito Internet \u00e8: <a href=\"http:\/\/www.rinocammilleri.com\" target=\"_blank\" rel=\"noopener\">www.rinocammilleri.com<\/a>.<\/p>\n<p>&nbsp;<\/p>\n","protected":false},"excerpt":{"rendered":"<p>In Terris 27 giugno 2018 Quella Parola &#8220;politicamente scorretta&#8221;. Ne parla Rino Cammilleri nella sua ultima edizione de \u201cIl Vangelo secondo me\u201d di Giuseppe Brienza \u00c8 vero che in ogni epoca della storia non \u00e8 mancato chi ha cercato di tirare Ges\u00f9 (e il Papa) per la giacchetta, al fine perseguire proprie ambizioni o interessi &hellip; <\/p>\n<p><a class=\"more-link btn\" href=\"https:\/\/www.rassegnastampa-totustuus.it\/cattolica\/gesu-il-polemista\/\">Continua a leggere<\/a><\/p>\n","protected":false},"author":6,"featured_media":40660,"comment_status":"closed","ping_status":"closed","sticky":false,"template":"","format":"standard","meta":{"footnotes":""},"categories":[5,17],"tags":[228,2339],"class_list":["post-40659","post","type-post","status-publish","format-standard","has-post-thumbnail","hentry","category-chiesa","category-libri","tag-dottrina-cattolica","tag-vangelo","item-wrap"],"yoast_head":"<!-- This site is optimized with the Yoast SEO plugin v27.5 - https:\/\/yoast.com\/product\/yoast-seo-wordpress\/ -->\n<title>Ges\u00f9, il polemista - Rassegna Stampa Cattolica<\/title>\n<meta name=\"description\" content=\"Rassegna Stampa Cattolica - Per una cultura che nasce dalla Rivelazione cristiana in conformit\u00e0 alla tradizione e al Magistero della Chiesa in opposizione ad ogni relativismo e totalitarismo\" \/>\n<meta name=\"robots\" content=\"index, follow, max-snippet:-1, max-image-preview:large, max-video-preview:-1\" \/>\n<link rel=\"canonical\" href=\"https:\/\/www.rassegnastampa-totustuus.it\/cattolica\/gesu-il-polemista\/\" \/>\n<meta property=\"og:locale\" content=\"it_IT\" \/>\n<meta property=\"og:type\" content=\"article\" \/>\n<meta property=\"og:title\" content=\"Ges\u00f9, il polemista - Rassegna Stampa Cattolica\" \/>\n<meta property=\"og:description\" content=\"Rassegna Stampa Cattolica - Per una cultura che nasce dalla Rivelazione cristiana in conformit\u00e0 alla tradizione e al Magistero della Chiesa in opposizione ad ogni relativismo e totalitarismo\" \/>\n<meta property=\"og:url\" content=\"https:\/\/www.rassegnastampa-totustuus.it\/cattolica\/gesu-il-polemista\/\" \/>\n<meta property=\"og:site_name\" content=\"Rassegna Stampa Cattolica\" \/>\n<meta property=\"article:publisher\" content=\"https:\/\/www.facebook.com\/rassegnastampacattolica\" \/>\n<meta property=\"article:published_time\" content=\"2018-07-05T06:44:50+00:00\" \/>\n<meta property=\"og:image\" content=\"https:\/\/www.rassegnastampa-totustuus.it\/cattolica\/wp-content\/uploads\/2018\/07\/cammilleri_cover.jpg\" \/>\n\t<meta property=\"og:image:width\" content=\"183\" \/>\n\t<meta property=\"og:image:height\" content=\"275\" \/>\n\t<meta property=\"og:image:type\" content=\"image\/jpeg\" \/>\n<meta name=\"author\" content=\"Redazione\" \/>\n<meta name=\"twitter:card\" content=\"summary_large_image\" \/>\n<meta name=\"twitter:creator\" content=\"@rassegnastampa9\" \/>\n<meta name=\"twitter:site\" content=\"@rassegnastampa9\" \/>\n<meta name=\"twitter:label1\" content=\"Scritto da\" \/>\n\t<meta name=\"twitter:data1\" content=\"Redazione\" \/>\n\t<meta name=\"twitter:label2\" content=\"Tempo di lettura stimato\" \/>\n\t<meta name=\"twitter:data2\" content=\"4 minuti\" \/>\n<script type=\"application\/ld+json\" class=\"yoast-schema-graph\">{\"@context\":\"https:\\\/\\\/schema.org\",\"@graph\":[{\"@type\":\"Article\",\"@id\":\"https:\\\/\\\/www.rassegnastampa-totustuus.it\\\/cattolica\\\/gesu-il-polemista\\\/#article\",\"isPartOf\":{\"@id\":\"https:\\\/\\\/www.rassegnastampa-totustuus.it\\\/cattolica\\\/gesu-il-polemista\\\/\"},\"author\":{\"name\":\"Redazione\",\"@id\":\"https:\\\/\\\/www.rassegnastampa-totustuus.it\\\/cattolica\\\/#\\\/schema\\\/person\\\/08f319d2bd1a0904ad9e2bfb7b15e5c3\"},\"headline\":\"Ges\u00f9, il polemista\",\"datePublished\":\"2018-07-05T06:44:50+00:00\",\"mainEntityOfPage\":{\"@id\":\"https:\\\/\\\/www.rassegnastampa-totustuus.it\\\/cattolica\\\/gesu-il-polemista\\\/\"},\"wordCount\":780,\"publisher\":{\"@id\":\"https:\\\/\\\/www.rassegnastampa-totustuus.it\\\/cattolica\\\/#organization\"},\"image\":{\"@id\":\"https:\\\/\\\/www.rassegnastampa-totustuus.it\\\/cattolica\\\/gesu-il-polemista\\\/#primaryimage\"},\"thumbnailUrl\":\"https:\\\/\\\/www.rassegnastampa-totustuus.it\\\/cattolica\\\/wp-content\\\/uploads\\\/2018\\\/07\\\/cammilleri_cover.jpg\",\"keywords\":[\"dottrina cattolica\",\"Vangelo\"],\"articleSection\":[\"Chiesa\",\"Libri\"],\"inLanguage\":\"it-IT\"},{\"@type\":\"WebPage\",\"@id\":\"https:\\\/\\\/www.rassegnastampa-totustuus.it\\\/cattolica\\\/gesu-il-polemista\\\/\",\"url\":\"https:\\\/\\\/www.rassegnastampa-totustuus.it\\\/cattolica\\\/gesu-il-polemista\\\/\",\"name\":\"Ges\u00f9, il polemista - Rassegna Stampa Cattolica\",\"isPartOf\":{\"@id\":\"https:\\\/\\\/www.rassegnastampa-totustuus.it\\\/cattolica\\\/#website\"},\"primaryImageOfPage\":{\"@id\":\"https:\\\/\\\/www.rassegnastampa-totustuus.it\\\/cattolica\\\/gesu-il-polemista\\\/#primaryimage\"},\"image\":{\"@id\":\"https:\\\/\\\/www.rassegnastampa-totustuus.it\\\/cattolica\\\/gesu-il-polemista\\\/#primaryimage\"},\"thumbnailUrl\":\"https:\\\/\\\/www.rassegnastampa-totustuus.it\\\/cattolica\\\/wp-content\\\/uploads\\\/2018\\\/07\\\/cammilleri_cover.jpg\",\"datePublished\":\"2018-07-05T06:44:50+00:00\",\"description\":\"Rassegna Stampa Cattolica - Per una cultura che nasce dalla Rivelazione cristiana in conformit\u00e0 alla tradizione e al Magistero della Chiesa in opposizione ad ogni relativismo e totalitarismo\",\"breadcrumb\":{\"@id\":\"https:\\\/\\\/www.rassegnastampa-totustuus.it\\\/cattolica\\\/gesu-il-polemista\\\/#breadcrumb\"},\"inLanguage\":\"it-IT\",\"potentialAction\":[{\"@type\":\"ReadAction\",\"target\":[\"https:\\\/\\\/www.rassegnastampa-totustuus.it\\\/cattolica\\\/gesu-il-polemista\\\/\"]}]},{\"@type\":\"ImageObject\",\"inLanguage\":\"it-IT\",\"@id\":\"https:\\\/\\\/www.rassegnastampa-totustuus.it\\\/cattolica\\\/gesu-il-polemista\\\/#primaryimage\",\"url\":\"https:\\\/\\\/www.rassegnastampa-totustuus.it\\\/cattolica\\\/wp-content\\\/uploads\\\/2018\\\/07\\\/cammilleri_cover.jpg\",\"contentUrl\":\"https:\\\/\\\/www.rassegnastampa-totustuus.it\\\/cattolica\\\/wp-content\\\/uploads\\\/2018\\\/07\\\/cammilleri_cover.jpg\",\"width\":183,\"height\":275},{\"@type\":\"BreadcrumbList\",\"@id\":\"https:\\\/\\\/www.rassegnastampa-totustuus.it\\\/cattolica\\\/gesu-il-polemista\\\/#breadcrumb\",\"itemListElement\":[{\"@type\":\"ListItem\",\"position\":1,\"name\":\"Home\",\"item\":\"https:\\\/\\\/www.rassegnastampa-totustuus.it\\\/cattolica\\\/\"},{\"@type\":\"ListItem\",\"position\":2,\"name\":\"Ges\u00f9, il polemista\"}]},{\"@type\":\"WebSite\",\"@id\":\"https:\\\/\\\/www.rassegnastampa-totustuus.it\\\/cattolica\\\/#website\",\"url\":\"https:\\\/\\\/www.rassegnastampa-totustuus.it\\\/cattolica\\\/\",\"name\":\"Rassegna Stampa Cattolica\",\"description\":\"Per una cultura che nasce dalla Rivelazione cristiana in conformit\u00e0 alla tradizione e al Magistero della Chiesa in opposizione ad ogni relativismo e totalitarismo\",\"publisher\":{\"@id\":\"https:\\\/\\\/www.rassegnastampa-totustuus.it\\\/cattolica\\\/#organization\"},\"alternateName\":\"Rass. Cattolica\",\"potentialAction\":[{\"@type\":\"SearchAction\",\"target\":{\"@type\":\"EntryPoint\",\"urlTemplate\":\"https:\\\/\\\/www.rassegnastampa-totustuus.it\\\/cattolica\\\/?s={search_term_string}\"},\"query-input\":{\"@type\":\"PropertyValueSpecification\",\"valueRequired\":true,\"valueName\":\"search_term_string\"}}],\"inLanguage\":\"it-IT\"},{\"@type\":\"Organization\",\"@id\":\"https:\\\/\\\/www.rassegnastampa-totustuus.it\\\/cattolica\\\/#organization\",\"name\":\"Rassegna Stampa Cattolica\",\"url\":\"https:\\\/\\\/www.rassegnastampa-totustuus.it\\\/cattolica\\\/\",\"logo\":{\"@type\":\"ImageObject\",\"inLanguage\":\"it-IT\",\"@id\":\"https:\\\/\\\/www.rassegnastampa-totustuus.it\\\/cattolica\\\/#\\\/schema\\\/logo\\\/image\\\/\",\"url\":\"https:\\\/\\\/www.rassegnastampa-totustuus.it\\\/cattolica\\\/wp-content\\\/uploads\\\/2014\\\/04\\\/logo-rassegna1.gif\",\"contentUrl\":\"https:\\\/\\\/www.rassegnastampa-totustuus.it\\\/cattolica\\\/wp-content\\\/uploads\\\/2014\\\/04\\\/logo-rassegna1.gif\",\"width\":600,\"height\":163,\"caption\":\"Rassegna Stampa Cattolica\"},\"image\":{\"@id\":\"https:\\\/\\\/www.rassegnastampa-totustuus.it\\\/cattolica\\\/#\\\/schema\\\/logo\\\/image\\\/\"},\"sameAs\":[\"https:\\\/\\\/www.facebook.com\\\/rassegnastampacattolica\",\"https:\\\/\\\/x.com\\\/rassegnastampa9\"]},{\"@type\":\"Person\",\"@id\":\"https:\\\/\\\/www.rassegnastampa-totustuus.it\\\/cattolica\\\/#\\\/schema\\\/person\\\/08f319d2bd1a0904ad9e2bfb7b15e5c3\",\"name\":\"Redazione\",\"image\":{\"@type\":\"ImageObject\",\"inLanguage\":\"it-IT\",\"@id\":\"https:\\\/\\\/secure.gravatar.com\\\/avatar\\\/2fcdf27c78ea025fbdb44e914cc63c72249ffec9dc8aafd5c82b26240ef3f346?s=96&d=mm&r=g\",\"url\":\"https:\\\/\\\/secure.gravatar.com\\\/avatar\\\/2fcdf27c78ea025fbdb44e914cc63c72249ffec9dc8aafd5c82b26240ef3f346?s=96&d=mm&r=g\",\"contentUrl\":\"https:\\\/\\\/secure.gravatar.com\\\/avatar\\\/2fcdf27c78ea025fbdb44e914cc63c72249ffec9dc8aafd5c82b26240ef3f346?s=96&d=mm&r=g\",\"caption\":\"Redazione\"},\"url\":\"https:\\\/\\\/www.rassegnastampa-totustuus.it\\\/cattolica\\\/author\\\/pietroelle\\\/\"}]}<\/script>\n<!-- \/ Yoast SEO plugin. -->","yoast_head_json":{"title":"Ges\u00f9, il polemista - Rassegna Stampa Cattolica","description":"Rassegna Stampa Cattolica - Per una cultura che nasce dalla Rivelazione cristiana in conformit\u00e0 alla tradizione e al Magistero della Chiesa in opposizione ad ogni relativismo e totalitarismo","robots":{"index":"index","follow":"follow","max-snippet":"max-snippet:-1","max-image-preview":"max-image-preview:large","max-video-preview":"max-video-preview:-1"},"canonical":"https:\/\/www.rassegnastampa-totustuus.it\/cattolica\/gesu-il-polemista\/","og_locale":"it_IT","og_type":"article","og_title":"Ges\u00f9, il polemista - Rassegna Stampa Cattolica","og_description":"Rassegna Stampa Cattolica - Per una cultura che nasce dalla Rivelazione cristiana in conformit\u00e0 alla tradizione e al Magistero della Chiesa in opposizione ad ogni relativismo e totalitarismo","og_url":"https:\/\/www.rassegnastampa-totustuus.it\/cattolica\/gesu-il-polemista\/","og_site_name":"Rassegna Stampa Cattolica","article_publisher":"https:\/\/www.facebook.com\/rassegnastampacattolica","article_published_time":"2018-07-05T06:44:50+00:00","og_image":[{"width":183,"height":275,"url":"https:\/\/www.rassegnastampa-totustuus.it\/cattolica\/wp-content\/uploads\/2018\/07\/cammilleri_cover.jpg","type":"image\/jpeg"}],"author":"Redazione","twitter_card":"summary_large_image","twitter_creator":"@rassegnastampa9","twitter_site":"@rassegnastampa9","twitter_misc":{"Scritto da":"Redazione","Tempo di lettura stimato":"4 minuti"},"schema":{"@context":"https:\/\/schema.org","@graph":[{"@type":"Article","@id":"https:\/\/www.rassegnastampa-totustuus.it\/cattolica\/gesu-il-polemista\/#article","isPartOf":{"@id":"https:\/\/www.rassegnastampa-totustuus.it\/cattolica\/gesu-il-polemista\/"},"author":{"name":"Redazione","@id":"https:\/\/www.rassegnastampa-totustuus.it\/cattolica\/#\/schema\/person\/08f319d2bd1a0904ad9e2bfb7b15e5c3"},"headline":"Ges\u00f9, il polemista","datePublished":"2018-07-05T06:44:50+00:00","mainEntityOfPage":{"@id":"https:\/\/www.rassegnastampa-totustuus.it\/cattolica\/gesu-il-polemista\/"},"wordCount":780,"publisher":{"@id":"https:\/\/www.rassegnastampa-totustuus.it\/cattolica\/#organization"},"image":{"@id":"https:\/\/www.rassegnastampa-totustuus.it\/cattolica\/gesu-il-polemista\/#primaryimage"},"thumbnailUrl":"https:\/\/www.rassegnastampa-totustuus.it\/cattolica\/wp-content\/uploads\/2018\/07\/cammilleri_cover.jpg","keywords":["dottrina cattolica","Vangelo"],"articleSection":["Chiesa","Libri"],"inLanguage":"it-IT"},{"@type":"WebPage","@id":"https:\/\/www.rassegnastampa-totustuus.it\/cattolica\/gesu-il-polemista\/","url":"https:\/\/www.rassegnastampa-totustuus.it\/cattolica\/gesu-il-polemista\/","name":"Ges\u00f9, il polemista - Rassegna Stampa Cattolica","isPartOf":{"@id":"https:\/\/www.rassegnastampa-totustuus.it\/cattolica\/#website"},"primaryImageOfPage":{"@id":"https:\/\/www.rassegnastampa-totustuus.it\/cattolica\/gesu-il-polemista\/#primaryimage"},"image":{"@id":"https:\/\/www.rassegnastampa-totustuus.it\/cattolica\/gesu-il-polemista\/#primaryimage"},"thumbnailUrl":"https:\/\/www.rassegnastampa-totustuus.it\/cattolica\/wp-content\/uploads\/2018\/07\/cammilleri_cover.jpg","datePublished":"2018-07-05T06:44:50+00:00","description":"Rassegna Stampa Cattolica - Per una cultura che nasce dalla Rivelazione cristiana in conformit\u00e0 alla tradizione e al Magistero della Chiesa in opposizione ad ogni relativismo e totalitarismo","breadcrumb":{"@id":"https:\/\/www.rassegnastampa-totustuus.it\/cattolica\/gesu-il-polemista\/#breadcrumb"},"inLanguage":"it-IT","potentialAction":[{"@type":"ReadAction","target":["https:\/\/www.rassegnastampa-totustuus.it\/cattolica\/gesu-il-polemista\/"]}]},{"@type":"ImageObject","inLanguage":"it-IT","@id":"https:\/\/www.rassegnastampa-totustuus.it\/cattolica\/gesu-il-polemista\/#primaryimage","url":"https:\/\/www.rassegnastampa-totustuus.it\/cattolica\/wp-content\/uploads\/2018\/07\/cammilleri_cover.jpg","contentUrl":"https:\/\/www.rassegnastampa-totustuus.it\/cattolica\/wp-content\/uploads\/2018\/07\/cammilleri_cover.jpg","width":183,"height":275},{"@type":"BreadcrumbList","@id":"https:\/\/www.rassegnastampa-totustuus.it\/cattolica\/gesu-il-polemista\/#breadcrumb","itemListElement":[{"@type":"ListItem","position":1,"name":"Home","item":"https:\/\/www.rassegnastampa-totustuus.it\/cattolica\/"},{"@type":"ListItem","position":2,"name":"Ges\u00f9, il polemista"}]},{"@type":"WebSite","@id":"https:\/\/www.rassegnastampa-totustuus.it\/cattolica\/#website","url":"https:\/\/www.rassegnastampa-totustuus.it\/cattolica\/","name":"Rassegna Stampa Cattolica","description":"Per una cultura che nasce dalla Rivelazione cristiana in conformit\u00e0 alla tradizione e al Magistero della Chiesa in opposizione ad ogni relativismo e totalitarismo","publisher":{"@id":"https:\/\/www.rassegnastampa-totustuus.it\/cattolica\/#organization"},"alternateName":"Rass. Cattolica","potentialAction":[{"@type":"SearchAction","target":{"@type":"EntryPoint","urlTemplate":"https:\/\/www.rassegnastampa-totustuus.it\/cattolica\/?s={search_term_string}"},"query-input":{"@type":"PropertyValueSpecification","valueRequired":true,"valueName":"search_term_string"}}],"inLanguage":"it-IT"},{"@type":"Organization","@id":"https:\/\/www.rassegnastampa-totustuus.it\/cattolica\/#organization","name":"Rassegna Stampa Cattolica","url":"https:\/\/www.rassegnastampa-totustuus.it\/cattolica\/","logo":{"@type":"ImageObject","inLanguage":"it-IT","@id":"https:\/\/www.rassegnastampa-totustuus.it\/cattolica\/#\/schema\/logo\/image\/","url":"https:\/\/www.rassegnastampa-totustuus.it\/cattolica\/wp-content\/uploads\/2014\/04\/logo-rassegna1.gif","contentUrl":"https:\/\/www.rassegnastampa-totustuus.it\/cattolica\/wp-content\/uploads\/2014\/04\/logo-rassegna1.gif","width":600,"height":163,"caption":"Rassegna Stampa Cattolica"},"image":{"@id":"https:\/\/www.rassegnastampa-totustuus.it\/cattolica\/#\/schema\/logo\/image\/"},"sameAs":["https:\/\/www.facebook.com\/rassegnastampacattolica","https:\/\/x.com\/rassegnastampa9"]},{"@type":"Person","@id":"https:\/\/www.rassegnastampa-totustuus.it\/cattolica\/#\/schema\/person\/08f319d2bd1a0904ad9e2bfb7b15e5c3","name":"Redazione","image":{"@type":"ImageObject","inLanguage":"it-IT","@id":"https:\/\/secure.gravatar.com\/avatar\/2fcdf27c78ea025fbdb44e914cc63c72249ffec9dc8aafd5c82b26240ef3f346?s=96&d=mm&r=g","url":"https:\/\/secure.gravatar.com\/avatar\/2fcdf27c78ea025fbdb44e914cc63c72249ffec9dc8aafd5c82b26240ef3f346?s=96&d=mm&r=g","contentUrl":"https:\/\/secure.gravatar.com\/avatar\/2fcdf27c78ea025fbdb44e914cc63c72249ffec9dc8aafd5c82b26240ef3f346?s=96&d=mm&r=g","caption":"Redazione"},"url":"https:\/\/www.rassegnastampa-totustuus.it\/cattolica\/author\/pietroelle\/"}]}},"_links":{"self":[{"href":"https:\/\/www.rassegnastampa-totustuus.it\/cattolica\/wp-json\/wp\/v2\/posts\/40659","targetHints":{"allow":["GET"]}}],"collection":[{"href":"https:\/\/www.rassegnastampa-totustuus.it\/cattolica\/wp-json\/wp\/v2\/posts"}],"about":[{"href":"https:\/\/www.rassegnastampa-totustuus.it\/cattolica\/wp-json\/wp\/v2\/types\/post"}],"author":[{"embeddable":true,"href":"https:\/\/www.rassegnastampa-totustuus.it\/cattolica\/wp-json\/wp\/v2\/users\/6"}],"replies":[{"embeddable":true,"href":"https:\/\/www.rassegnastampa-totustuus.it\/cattolica\/wp-json\/wp\/v2\/comments?post=40659"}],"version-history":[{"count":1,"href":"https:\/\/www.rassegnastampa-totustuus.it\/cattolica\/wp-json\/wp\/v2\/posts\/40659\/revisions"}],"predecessor-version":[{"id":40661,"href":"https:\/\/www.rassegnastampa-totustuus.it\/cattolica\/wp-json\/wp\/v2\/posts\/40659\/revisions\/40661"}],"wp:featuredmedia":[{"embeddable":true,"href":"https:\/\/www.rassegnastampa-totustuus.it\/cattolica\/wp-json\/wp\/v2\/media\/40660"}],"wp:attachment":[{"href":"https:\/\/www.rassegnastampa-totustuus.it\/cattolica\/wp-json\/wp\/v2\/media?parent=40659"}],"wp:term":[{"taxonomy":"category","embeddable":true,"href":"https:\/\/www.rassegnastampa-totustuus.it\/cattolica\/wp-json\/wp\/v2\/categories?post=40659"},{"taxonomy":"post_tag","embeddable":true,"href":"https:\/\/www.rassegnastampa-totustuus.it\/cattolica\/wp-json\/wp\/v2\/tags?post=40659"}],"curies":[{"name":"wp","href":"https:\/\/api.w.org\/{rel}","templated":true}]}}