{"id":40606,"date":"2018-07-01T10:46:57","date_gmt":"2018-07-01T08:46:57","guid":{"rendered":"http:\/\/www.rassegnastampa-totustuus.it\/cattolica\/?p=40606"},"modified":"2018-07-01T10:46:57","modified_gmt":"2018-07-01T08:46:57","slug":"il-caso-di-alfie-e-la-vita-degna-alla-luce-della-legge-2192017-d-a-t","status":"publish","type":"post","link":"https:\/\/www.rassegnastampa-totustuus.it\/cattolica\/il-caso-di-alfie-e-la-vita-degna-alla-luce-della-legge-2192017-d-a-t\/","title":{"rendered":"\u00abIl caso di \u201cAlfie\u201d e la vita \u201cdegna\u201d alla luce della legge 219\/2017 (d.a.t.)\u00bb"},"content":{"rendered":"<p style=\"text-align: center;\"><img loading=\"lazy\" decoding=\"async\" class=\"alignright wp-image-40607\" src=\"https:\/\/www.rassegnastampa-totustuus.it\/cattolica\/wp-content\/uploads\/2018\/07\/fine-vita.jpg\" alt=\"\" width=\"250\" height=\"125\" srcset=\"https:\/\/www.rassegnastampa-totustuus.it\/cattolica\/wp-content\/uploads\/2018\/07\/fine-vita.jpg 318w, https:\/\/www.rassegnastampa-totustuus.it\/cattolica\/wp-content\/uploads\/2018\/07\/fine-vita-300x150.jpg 300w\" sizes=\"auto, (max-width: 250px) 100vw, 250px\" \/>Per <strong>Rassegna Stampa<\/strong> 29 Giugno 2018<\/p>\n<p style=\"text-align: center;\"><strong>\u00a0<\/strong>di <strong>Aldo Ciappi<\/strong><\/p>\n<p style=\"text-align: center;\">(Centro Studi Rosario Livatino)<\/p>\n<p style=\"text-align: justify;\">Il convegno giuridico organizzato dal Centro Studi \u201cR. Livatino\u201d si \u00e8 tenuto a Pisa il 22 giugno in Arcivescovado per ricordare la drammatica vicenda, che ha scosso il mondo, del piccolo Alfie Evans ucciso (non ci sono altri termini per definirne l\u2019azione) nel rispetto di tutti i \u201cprotocolli\u201d sanitari e delle \u201cprocedure\u201d, mediante sospensione dei sostegni vitali (ossigenazione, alimentazione, idratazione) nell\u2019ospedale pediatrico di Liverpool.<\/p>\n<p><!--more--><\/p>\n<p style=\"text-align: justify;\">La <strong>Dott.ssa Francesca Baldo<\/strong>, presidente dell\u2019associazione \u201cRespirando\u201d, ha spiegato come quella di Alfie, affetto da una malattia mitocondriale progressiva non diagnosticata che l\u2019avrebbe presumibilmente portato alla morte, non fosse affatto una situazione \u201cterminale\u201d, come dimostrato dalla sua sopravvivenza per ben 5 giorni dopo il distacco della mascherina che lo aiutava a respirare. Non vi era in atto, inoltre, alcun \u201caccanimento terapeutico\u201d, non potendo considerarsi tale il garantire al malato quei sostegni minimi come aria, acqua e alimenti.<\/p>\n<p style=\"text-align: justify;\"><img loading=\"lazy\" decoding=\"async\" class=\"alignleft wp-image-40195\" src=\"https:\/\/www.rassegnastampa-totustuus.it\/cattolica\/wp-content\/uploads\/2018\/04\/Alfie-Evans-1.jpg\" alt=\"\" width=\"164\" height=\"200\" \/>Tantissimi sono i bambini affetti da patologie \u201cinguaribili\u201d, di cui la sua associazione si prende cura, i quali vivono nella necessit\u00e0 di quel costante sostengo tecnico per la respirazione negato ad Alfie, prima dai medici e poi dalle Corti inglesi, sull\u2019aberrante presupposto che abbandonarlo al suo destino fosse nel suo \u201c<em>miglior interesse<\/em>\u201d (nonostante la contraria volont\u00e0 dei genitori e la disponibilit\u00e0 a <em>prendersi cura<\/em> di lui offerta da parte di alcuni ospedali, tra cui il Bambin Ges\u00f9).<\/p>\n<p style=\"text-align: justify;\">Nei protocolli inglesi relativi a certe patologie, ha spiegato l\u2019<strong>Avv. Margherita Prandi<\/strong>, familiarista di Piacenza, ormai prevale una visione \u201c<em>utilitaristica\u201d<\/em> della vita che per cui, se non vi sono speranze di guarigione, il malato in gravi condizioni viene \u201c<em>lasciato andare\u201d<\/em>. Quindi, lo Stato, con una concezione tutta sua del \u201c<em>welfare<\/em>\u201d, di fatto e di diritto, si arroga il potere di discriminare tra coloro che hanno diritto alle cure e coloro la cui vita non \u00e8 ritenuta pi\u00f9 degna di attenzioni, anche contro la volont\u00e0 delle famiglie che vorrebbero prendersi cura di essi.<\/p>\n<p style=\"text-align: justify;\">Questa pericolosa deriva sta prendendo piede nel nostro ordinamento anche grazie all\u2019approvazione della legge 209\/17 sulle cd. \u201cD.A.T.\u201d laddove si consente ai rappresentanti degli incapaci di intendere e volere di interrompere ogni cura di persone in gravi e irreversibili condizioni di salute.<\/p>\n<p style=\"text-align: justify;\">Il <strong>Dott. Giacomo Rocchi<\/strong>, magistrato di Cassazione, \u00e8 entrato nei dettagli di questa legge che (v. art. 3) offre ampi spazi all\u2019 introduzione dell\u2019 eutanasia omissiva allorch\u00e9 costringe il medico (esentandolo, guarda caso, da ogni responsabilit\u00e0 civile e penale &#8211; v. art. 1 c. 6) ad interrompere anche l\u2019 alimentazione, la respirazione e idratazione (anch\u2019essi ritenuti \u201c<em>trattamenti sanitari<\/em>\u201d dalla legge; v. art. 1 c. 5) alle persone non in grado di esprimere un valido consenso, dietro richiesta dei loro rappresentanti legali (genitori esercente la potest\u00e0 sui minori, tutori, amministratori di sostegno), salvo poter ricorrere al giudice tutelare, qualora dissenta.<\/p>\n<p style=\"text-align: justify;\"><img loading=\"lazy\" decoding=\"async\" class=\"alignright wp-image-39544\" src=\"https:\/\/www.rassegnastampa-totustuus.it\/cattolica\/wp-content\/uploads\/2018\/01\/eutanasia-1.jpg\" alt=\"\" width=\"250\" height=\"183\" \/>In tali casi si hanno evidenti analogie con quanto accaduto al piccolo Alfie, in cui i giudici, anche contro la volont\u00e0 dei genitori e aderendo alla posizione dell\u2019ospedale, hanno ritenuto inutile e indegna di essere vissuta la sua vita, privandolo di ogni assistenza e, quindi, provocandone la morte.<\/p>\n<p style=\"text-align: justify;\">Da ultimo il magistrato <strong>Alfredo Mantovano<\/strong> ha messo in luce il fatto che la normativa, in temi come questo, segua quasi alla lettera le strade gi\u00e0 tracciate da certi giudici che, dimenticandosi di essere, in base alla Costituzione, \u201c<em>soggetti alle leggi<\/em>\u201d emanate da organi istituzionalmente competenti, si ergono, usurpandone la funzione, a creatori di \u201c<em>nuovi diritti<\/em>\u201d, bench\u00e8 inesistenti nell\u2019ordinamento vigente; un esempio tra tutti il \u201c<em>diritto<\/em>\u201d alla morte.<\/p>\n<p style=\"text-align: justify;\">Emblematico, in tal senso, secondo Mantovano, \u00e8 il famoso caso di Eluana Englaro, persona gravemente disabile ma tutt\u2019altro che terminale, la cui \u201cvolont\u00e0\u201d di non voler pi\u00f9 vivere se si fosse trovata in condizioni analoghe, fu ricavata dalla Cassazione, gi\u00e0 \u201corientata\u201d in tale direzione, sull\u2019unico debolissimo appiglio costituito da una affermazione, tanto risalente nel tempo quanto occasionale, che la stessa avrebbe fatto in presenza di amici, consentendo al tutore, questa volta con il consenso del padre, di sospendere la nutrizione e l\u2019idratazione che le suore, per anni, le avevano assicurato. Oggi tale caso \u00e8 espressamente regolato dalla L. 219\/2017.<\/p>\n<p style=\"text-align: justify;\">Quella piccola creatura, con la sua tenacia nel voler vivere a dispetto della Scienza e della Legge, ha ricordato al mondo intero che lo Stato non \u00e8 il padrone della vita e non pu\u00f2 pretendere di stabilire quale sia degna di essere vissuta e quale invece no.<\/p>\n","protected":false},"excerpt":{"rendered":"<p>Per Rassegna Stampa 29 Giugno 2018 \u00a0di Aldo Ciappi (Centro Studi Rosario Livatino) Il convegno giuridico organizzato dal Centro Studi \u201cR. Livatino\u201d si \u00e8 tenuto a Pisa il 22 giugno in Arcivescovado per ricordare la drammatica vicenda, che ha scosso il mondo, del piccolo Alfie Evans ucciso (non ci sono altri termini per definirne l\u2019azione) &hellip; <\/p>\n<p><a class=\"more-link btn\" href=\"https:\/\/www.rassegnastampa-totustuus.it\/cattolica\/il-caso-di-alfie-e-la-vita-degna-alla-luce-della-legge-2192017-d-a-t\/\">Continua a leggere<\/a><\/p>\n","protected":false},"author":6,"featured_media":40607,"comment_status":"closed","ping_status":"closed","sticky":false,"template":"","format":"standard","meta":{"footnotes":""},"categories":[4,55],"tags":[142,1581],"class_list":["post-40606","post","type-post","status-publish","format-standard","has-post-thumbnail","hentry","category-bioetica","category-eutanasia","tag-dat","tag-fine-vita","item-wrap"],"yoast_head":"<!-- This site is optimized with the Yoast SEO plugin v27.5 - https:\/\/yoast.com\/product\/yoast-seo-wordpress\/ -->\n<title>\u00abIl caso di \u201cAlfie\u201d e la vita \u201cdegna\u201d alla luce della legge 219\/2017 (d.a.t.)\u00bb - Rassegna Stampa Cattolica<\/title>\n<meta name=\"description\" content=\"Rassegna Stampa Cattolica - Per una cultura che nasce dalla Rivelazione cristiana in conformit\u00e0 alla tradizione e al Magistero della Chiesa in opposizione ad ogni relativismo e totalitarismo\" \/>\n<meta name=\"robots\" content=\"index, follow, max-snippet:-1, max-image-preview:large, max-video-preview:-1\" \/>\n<link rel=\"canonical\" href=\"https:\/\/www.rassegnastampa-totustuus.it\/cattolica\/il-caso-di-alfie-e-la-vita-degna-alla-luce-della-legge-2192017-d-a-t\/\" \/>\n<meta property=\"og:locale\" content=\"it_IT\" \/>\n<meta property=\"og:type\" content=\"article\" \/>\n<meta property=\"og:title\" content=\"\u00abIl caso di \u201cAlfie\u201d e la vita \u201cdegna\u201d alla luce della legge 219\/2017 (d.a.t.)\u00bb - Rassegna Stampa Cattolica\" \/>\n<meta property=\"og:description\" content=\"Rassegna Stampa Cattolica - Per una cultura che nasce dalla Rivelazione cristiana in conformit\u00e0 alla tradizione e al Magistero della Chiesa in opposizione ad ogni relativismo e totalitarismo\" \/>\n<meta property=\"og:url\" content=\"https:\/\/www.rassegnastampa-totustuus.it\/cattolica\/il-caso-di-alfie-e-la-vita-degna-alla-luce-della-legge-2192017-d-a-t\/\" \/>\n<meta property=\"og:site_name\" content=\"Rassegna Stampa Cattolica\" \/>\n<meta property=\"article:publisher\" content=\"https:\/\/www.facebook.com\/rassegnastampacattolica\" \/>\n<meta property=\"article:published_time\" content=\"2018-07-01T08:46:57+00:00\" \/>\n<meta property=\"og:image\" content=\"https:\/\/www.rassegnastampa-totustuus.it\/cattolica\/wp-content\/uploads\/2018\/07\/fine-vita.jpg\" \/>\n\t<meta property=\"og:image:width\" content=\"318\" \/>\n\t<meta property=\"og:image:height\" content=\"159\" \/>\n\t<meta property=\"og:image:type\" content=\"image\/jpeg\" \/>\n<meta name=\"author\" content=\"Redazione\" \/>\n<meta name=\"twitter:card\" content=\"summary_large_image\" \/>\n<meta name=\"twitter:creator\" content=\"@rassegnastampa9\" \/>\n<meta name=\"twitter:site\" content=\"@rassegnastampa9\" \/>\n<meta name=\"twitter:label1\" content=\"Scritto da\" \/>\n\t<meta name=\"twitter:data1\" content=\"Redazione\" \/>\n\t<meta name=\"twitter:label2\" content=\"Tempo di lettura stimato\" \/>\n\t<meta name=\"twitter:data2\" content=\"4 minuti\" \/>\n<script type=\"application\/ld+json\" class=\"yoast-schema-graph\">{\"@context\":\"https:\\\/\\\/schema.org\",\"@graph\":[{\"@type\":\"Article\",\"@id\":\"https:\\\/\\\/www.rassegnastampa-totustuus.it\\\/cattolica\\\/il-caso-di-alfie-e-la-vita-degna-alla-luce-della-legge-2192017-d-a-t\\\/#article\",\"isPartOf\":{\"@id\":\"https:\\\/\\\/www.rassegnastampa-totustuus.it\\\/cattolica\\\/il-caso-di-alfie-e-la-vita-degna-alla-luce-della-legge-2192017-d-a-t\\\/\"},\"author\":{\"name\":\"Redazione\",\"@id\":\"https:\\\/\\\/www.rassegnastampa-totustuus.it\\\/cattolica\\\/#\\\/schema\\\/person\\\/08f319d2bd1a0904ad9e2bfb7b15e5c3\"},\"headline\":\"\u00abIl caso di \u201cAlfie\u201d e la vita \u201cdegna\u201d alla luce della legge 219\\\/2017 (d.a.t.)\u00bb\",\"datePublished\":\"2018-07-01T08:46:57+00:00\",\"mainEntityOfPage\":{\"@id\":\"https:\\\/\\\/www.rassegnastampa-totustuus.it\\\/cattolica\\\/il-caso-di-alfie-e-la-vita-degna-alla-luce-della-legge-2192017-d-a-t\\\/\"},\"wordCount\":740,\"publisher\":{\"@id\":\"https:\\\/\\\/www.rassegnastampa-totustuus.it\\\/cattolica\\\/#organization\"},\"image\":{\"@id\":\"https:\\\/\\\/www.rassegnastampa-totustuus.it\\\/cattolica\\\/il-caso-di-alfie-e-la-vita-degna-alla-luce-della-legge-2192017-d-a-t\\\/#primaryimage\"},\"thumbnailUrl\":\"https:\\\/\\\/www.rassegnastampa-totustuus.it\\\/cattolica\\\/wp-content\\\/uploads\\\/2018\\\/07\\\/fine-vita.jpg\",\"keywords\":[\"dat\",\"fine vita\"],\"articleSection\":[\"Bioetica\",\"Eutanasia\"],\"inLanguage\":\"it-IT\"},{\"@type\":\"WebPage\",\"@id\":\"https:\\\/\\\/www.rassegnastampa-totustuus.it\\\/cattolica\\\/il-caso-di-alfie-e-la-vita-degna-alla-luce-della-legge-2192017-d-a-t\\\/\",\"url\":\"https:\\\/\\\/www.rassegnastampa-totustuus.it\\\/cattolica\\\/il-caso-di-alfie-e-la-vita-degna-alla-luce-della-legge-2192017-d-a-t\\\/\",\"name\":\"\u00abIl caso di \u201cAlfie\u201d e la vita \u201cdegna\u201d alla luce della legge 219\\\/2017 (d.a.t.)\u00bb - Rassegna Stampa Cattolica\",\"isPartOf\":{\"@id\":\"https:\\\/\\\/www.rassegnastampa-totustuus.it\\\/cattolica\\\/#website\"},\"primaryImageOfPage\":{\"@id\":\"https:\\\/\\\/www.rassegnastampa-totustuus.it\\\/cattolica\\\/il-caso-di-alfie-e-la-vita-degna-alla-luce-della-legge-2192017-d-a-t\\\/#primaryimage\"},\"image\":{\"@id\":\"https:\\\/\\\/www.rassegnastampa-totustuus.it\\\/cattolica\\\/il-caso-di-alfie-e-la-vita-degna-alla-luce-della-legge-2192017-d-a-t\\\/#primaryimage\"},\"thumbnailUrl\":\"https:\\\/\\\/www.rassegnastampa-totustuus.it\\\/cattolica\\\/wp-content\\\/uploads\\\/2018\\\/07\\\/fine-vita.jpg\",\"datePublished\":\"2018-07-01T08:46:57+00:00\",\"description\":\"Rassegna Stampa Cattolica - Per una cultura che nasce dalla Rivelazione cristiana in conformit\u00e0 alla tradizione e al Magistero della Chiesa in opposizione ad ogni relativismo e totalitarismo\",\"breadcrumb\":{\"@id\":\"https:\\\/\\\/www.rassegnastampa-totustuus.it\\\/cattolica\\\/il-caso-di-alfie-e-la-vita-degna-alla-luce-della-legge-2192017-d-a-t\\\/#breadcrumb\"},\"inLanguage\":\"it-IT\",\"potentialAction\":[{\"@type\":\"ReadAction\",\"target\":[\"https:\\\/\\\/www.rassegnastampa-totustuus.it\\\/cattolica\\\/il-caso-di-alfie-e-la-vita-degna-alla-luce-della-legge-2192017-d-a-t\\\/\"]}]},{\"@type\":\"ImageObject\",\"inLanguage\":\"it-IT\",\"@id\":\"https:\\\/\\\/www.rassegnastampa-totustuus.it\\\/cattolica\\\/il-caso-di-alfie-e-la-vita-degna-alla-luce-della-legge-2192017-d-a-t\\\/#primaryimage\",\"url\":\"https:\\\/\\\/www.rassegnastampa-totustuus.it\\\/cattolica\\\/wp-content\\\/uploads\\\/2018\\\/07\\\/fine-vita.jpg\",\"contentUrl\":\"https:\\\/\\\/www.rassegnastampa-totustuus.it\\\/cattolica\\\/wp-content\\\/uploads\\\/2018\\\/07\\\/fine-vita.jpg\",\"width\":318,\"height\":159},{\"@type\":\"BreadcrumbList\",\"@id\":\"https:\\\/\\\/www.rassegnastampa-totustuus.it\\\/cattolica\\\/il-caso-di-alfie-e-la-vita-degna-alla-luce-della-legge-2192017-d-a-t\\\/#breadcrumb\",\"itemListElement\":[{\"@type\":\"ListItem\",\"position\":1,\"name\":\"Home\",\"item\":\"https:\\\/\\\/www.rassegnastampa-totustuus.it\\\/cattolica\\\/\"},{\"@type\":\"ListItem\",\"position\":2,\"name\":\"\u00abIl caso di \u201cAlfie\u201d e la vita \u201cdegna\u201d alla luce della legge 219\\\/2017 (d.a.t.)\u00bb\"}]},{\"@type\":\"WebSite\",\"@id\":\"https:\\\/\\\/www.rassegnastampa-totustuus.it\\\/cattolica\\\/#website\",\"url\":\"https:\\\/\\\/www.rassegnastampa-totustuus.it\\\/cattolica\\\/\",\"name\":\"Rassegna Stampa Cattolica\",\"description\":\"Per una cultura che nasce dalla Rivelazione cristiana in conformit\u00e0 alla tradizione e al Magistero della Chiesa in opposizione ad ogni relativismo e totalitarismo\",\"publisher\":{\"@id\":\"https:\\\/\\\/www.rassegnastampa-totustuus.it\\\/cattolica\\\/#organization\"},\"alternateName\":\"Rass. Cattolica\",\"potentialAction\":[{\"@type\":\"SearchAction\",\"target\":{\"@type\":\"EntryPoint\",\"urlTemplate\":\"https:\\\/\\\/www.rassegnastampa-totustuus.it\\\/cattolica\\\/?s={search_term_string}\"},\"query-input\":{\"@type\":\"PropertyValueSpecification\",\"valueRequired\":true,\"valueName\":\"search_term_string\"}}],\"inLanguage\":\"it-IT\"},{\"@type\":\"Organization\",\"@id\":\"https:\\\/\\\/www.rassegnastampa-totustuus.it\\\/cattolica\\\/#organization\",\"name\":\"Rassegna Stampa Cattolica\",\"url\":\"https:\\\/\\\/www.rassegnastampa-totustuus.it\\\/cattolica\\\/\",\"logo\":{\"@type\":\"ImageObject\",\"inLanguage\":\"it-IT\",\"@id\":\"https:\\\/\\\/www.rassegnastampa-totustuus.it\\\/cattolica\\\/#\\\/schema\\\/logo\\\/image\\\/\",\"url\":\"https:\\\/\\\/www.rassegnastampa-totustuus.it\\\/cattolica\\\/wp-content\\\/uploads\\\/2014\\\/04\\\/logo-rassegna1.gif\",\"contentUrl\":\"https:\\\/\\\/www.rassegnastampa-totustuus.it\\\/cattolica\\\/wp-content\\\/uploads\\\/2014\\\/04\\\/logo-rassegna1.gif\",\"width\":600,\"height\":163,\"caption\":\"Rassegna Stampa Cattolica\"},\"image\":{\"@id\":\"https:\\\/\\\/www.rassegnastampa-totustuus.it\\\/cattolica\\\/#\\\/schema\\\/logo\\\/image\\\/\"},\"sameAs\":[\"https:\\\/\\\/www.facebook.com\\\/rassegnastampacattolica\",\"https:\\\/\\\/x.com\\\/rassegnastampa9\"]},{\"@type\":\"Person\",\"@id\":\"https:\\\/\\\/www.rassegnastampa-totustuus.it\\\/cattolica\\\/#\\\/schema\\\/person\\\/08f319d2bd1a0904ad9e2bfb7b15e5c3\",\"name\":\"Redazione\",\"image\":{\"@type\":\"ImageObject\",\"inLanguage\":\"it-IT\",\"@id\":\"https:\\\/\\\/secure.gravatar.com\\\/avatar\\\/2fcdf27c78ea025fbdb44e914cc63c72249ffec9dc8aafd5c82b26240ef3f346?s=96&d=mm&r=g\",\"url\":\"https:\\\/\\\/secure.gravatar.com\\\/avatar\\\/2fcdf27c78ea025fbdb44e914cc63c72249ffec9dc8aafd5c82b26240ef3f346?s=96&d=mm&r=g\",\"contentUrl\":\"https:\\\/\\\/secure.gravatar.com\\\/avatar\\\/2fcdf27c78ea025fbdb44e914cc63c72249ffec9dc8aafd5c82b26240ef3f346?s=96&d=mm&r=g\",\"caption\":\"Redazione\"},\"url\":\"https:\\\/\\\/www.rassegnastampa-totustuus.it\\\/cattolica\\\/author\\\/pietroelle\\\/\"}]}<\/script>\n<!-- \/ Yoast SEO plugin. -->","yoast_head_json":{"title":"\u00abIl caso di \u201cAlfie\u201d e la vita \u201cdegna\u201d alla luce della legge 219\/2017 (d.a.t.)\u00bb - Rassegna Stampa Cattolica","description":"Rassegna Stampa Cattolica - Per una cultura che nasce dalla Rivelazione cristiana in conformit\u00e0 alla tradizione e al Magistero della Chiesa in opposizione ad ogni relativismo e totalitarismo","robots":{"index":"index","follow":"follow","max-snippet":"max-snippet:-1","max-image-preview":"max-image-preview:large","max-video-preview":"max-video-preview:-1"},"canonical":"https:\/\/www.rassegnastampa-totustuus.it\/cattolica\/il-caso-di-alfie-e-la-vita-degna-alla-luce-della-legge-2192017-d-a-t\/","og_locale":"it_IT","og_type":"article","og_title":"\u00abIl caso di \u201cAlfie\u201d e la vita \u201cdegna\u201d alla luce della legge 219\/2017 (d.a.t.)\u00bb - Rassegna Stampa Cattolica","og_description":"Rassegna Stampa Cattolica - Per una cultura che nasce dalla Rivelazione cristiana in conformit\u00e0 alla tradizione e al Magistero della Chiesa in opposizione ad ogni relativismo e totalitarismo","og_url":"https:\/\/www.rassegnastampa-totustuus.it\/cattolica\/il-caso-di-alfie-e-la-vita-degna-alla-luce-della-legge-2192017-d-a-t\/","og_site_name":"Rassegna Stampa Cattolica","article_publisher":"https:\/\/www.facebook.com\/rassegnastampacattolica","article_published_time":"2018-07-01T08:46:57+00:00","og_image":[{"width":318,"height":159,"url":"https:\/\/www.rassegnastampa-totustuus.it\/cattolica\/wp-content\/uploads\/2018\/07\/fine-vita.jpg","type":"image\/jpeg"}],"author":"Redazione","twitter_card":"summary_large_image","twitter_creator":"@rassegnastampa9","twitter_site":"@rassegnastampa9","twitter_misc":{"Scritto da":"Redazione","Tempo di lettura stimato":"4 minuti"},"schema":{"@context":"https:\/\/schema.org","@graph":[{"@type":"Article","@id":"https:\/\/www.rassegnastampa-totustuus.it\/cattolica\/il-caso-di-alfie-e-la-vita-degna-alla-luce-della-legge-2192017-d-a-t\/#article","isPartOf":{"@id":"https:\/\/www.rassegnastampa-totustuus.it\/cattolica\/il-caso-di-alfie-e-la-vita-degna-alla-luce-della-legge-2192017-d-a-t\/"},"author":{"name":"Redazione","@id":"https:\/\/www.rassegnastampa-totustuus.it\/cattolica\/#\/schema\/person\/08f319d2bd1a0904ad9e2bfb7b15e5c3"},"headline":"\u00abIl caso di \u201cAlfie\u201d e la vita \u201cdegna\u201d alla luce della legge 219\/2017 (d.a.t.)\u00bb","datePublished":"2018-07-01T08:46:57+00:00","mainEntityOfPage":{"@id":"https:\/\/www.rassegnastampa-totustuus.it\/cattolica\/il-caso-di-alfie-e-la-vita-degna-alla-luce-della-legge-2192017-d-a-t\/"},"wordCount":740,"publisher":{"@id":"https:\/\/www.rassegnastampa-totustuus.it\/cattolica\/#organization"},"image":{"@id":"https:\/\/www.rassegnastampa-totustuus.it\/cattolica\/il-caso-di-alfie-e-la-vita-degna-alla-luce-della-legge-2192017-d-a-t\/#primaryimage"},"thumbnailUrl":"https:\/\/www.rassegnastampa-totustuus.it\/cattolica\/wp-content\/uploads\/2018\/07\/fine-vita.jpg","keywords":["dat","fine vita"],"articleSection":["Bioetica","Eutanasia"],"inLanguage":"it-IT"},{"@type":"WebPage","@id":"https:\/\/www.rassegnastampa-totustuus.it\/cattolica\/il-caso-di-alfie-e-la-vita-degna-alla-luce-della-legge-2192017-d-a-t\/","url":"https:\/\/www.rassegnastampa-totustuus.it\/cattolica\/il-caso-di-alfie-e-la-vita-degna-alla-luce-della-legge-2192017-d-a-t\/","name":"\u00abIl caso di \u201cAlfie\u201d e la vita \u201cdegna\u201d alla luce della legge 219\/2017 (d.a.t.)\u00bb - Rassegna Stampa Cattolica","isPartOf":{"@id":"https:\/\/www.rassegnastampa-totustuus.it\/cattolica\/#website"},"primaryImageOfPage":{"@id":"https:\/\/www.rassegnastampa-totustuus.it\/cattolica\/il-caso-di-alfie-e-la-vita-degna-alla-luce-della-legge-2192017-d-a-t\/#primaryimage"},"image":{"@id":"https:\/\/www.rassegnastampa-totustuus.it\/cattolica\/il-caso-di-alfie-e-la-vita-degna-alla-luce-della-legge-2192017-d-a-t\/#primaryimage"},"thumbnailUrl":"https:\/\/www.rassegnastampa-totustuus.it\/cattolica\/wp-content\/uploads\/2018\/07\/fine-vita.jpg","datePublished":"2018-07-01T08:46:57+00:00","description":"Rassegna Stampa Cattolica - Per una cultura che nasce dalla Rivelazione cristiana in conformit\u00e0 alla tradizione e al Magistero della Chiesa in opposizione ad ogni relativismo e totalitarismo","breadcrumb":{"@id":"https:\/\/www.rassegnastampa-totustuus.it\/cattolica\/il-caso-di-alfie-e-la-vita-degna-alla-luce-della-legge-2192017-d-a-t\/#breadcrumb"},"inLanguage":"it-IT","potentialAction":[{"@type":"ReadAction","target":["https:\/\/www.rassegnastampa-totustuus.it\/cattolica\/il-caso-di-alfie-e-la-vita-degna-alla-luce-della-legge-2192017-d-a-t\/"]}]},{"@type":"ImageObject","inLanguage":"it-IT","@id":"https:\/\/www.rassegnastampa-totustuus.it\/cattolica\/il-caso-di-alfie-e-la-vita-degna-alla-luce-della-legge-2192017-d-a-t\/#primaryimage","url":"https:\/\/www.rassegnastampa-totustuus.it\/cattolica\/wp-content\/uploads\/2018\/07\/fine-vita.jpg","contentUrl":"https:\/\/www.rassegnastampa-totustuus.it\/cattolica\/wp-content\/uploads\/2018\/07\/fine-vita.jpg","width":318,"height":159},{"@type":"BreadcrumbList","@id":"https:\/\/www.rassegnastampa-totustuus.it\/cattolica\/il-caso-di-alfie-e-la-vita-degna-alla-luce-della-legge-2192017-d-a-t\/#breadcrumb","itemListElement":[{"@type":"ListItem","position":1,"name":"Home","item":"https:\/\/www.rassegnastampa-totustuus.it\/cattolica\/"},{"@type":"ListItem","position":2,"name":"\u00abIl caso di \u201cAlfie\u201d e la vita \u201cdegna\u201d alla luce della legge 219\/2017 (d.a.t.)\u00bb"}]},{"@type":"WebSite","@id":"https:\/\/www.rassegnastampa-totustuus.it\/cattolica\/#website","url":"https:\/\/www.rassegnastampa-totustuus.it\/cattolica\/","name":"Rassegna Stampa Cattolica","description":"Per una cultura che nasce dalla Rivelazione cristiana in conformit\u00e0 alla tradizione e al Magistero della Chiesa in opposizione ad ogni relativismo e totalitarismo","publisher":{"@id":"https:\/\/www.rassegnastampa-totustuus.it\/cattolica\/#organization"},"alternateName":"Rass. Cattolica","potentialAction":[{"@type":"SearchAction","target":{"@type":"EntryPoint","urlTemplate":"https:\/\/www.rassegnastampa-totustuus.it\/cattolica\/?s={search_term_string}"},"query-input":{"@type":"PropertyValueSpecification","valueRequired":true,"valueName":"search_term_string"}}],"inLanguage":"it-IT"},{"@type":"Organization","@id":"https:\/\/www.rassegnastampa-totustuus.it\/cattolica\/#organization","name":"Rassegna Stampa Cattolica","url":"https:\/\/www.rassegnastampa-totustuus.it\/cattolica\/","logo":{"@type":"ImageObject","inLanguage":"it-IT","@id":"https:\/\/www.rassegnastampa-totustuus.it\/cattolica\/#\/schema\/logo\/image\/","url":"https:\/\/www.rassegnastampa-totustuus.it\/cattolica\/wp-content\/uploads\/2014\/04\/logo-rassegna1.gif","contentUrl":"https:\/\/www.rassegnastampa-totustuus.it\/cattolica\/wp-content\/uploads\/2014\/04\/logo-rassegna1.gif","width":600,"height":163,"caption":"Rassegna Stampa Cattolica"},"image":{"@id":"https:\/\/www.rassegnastampa-totustuus.it\/cattolica\/#\/schema\/logo\/image\/"},"sameAs":["https:\/\/www.facebook.com\/rassegnastampacattolica","https:\/\/x.com\/rassegnastampa9"]},{"@type":"Person","@id":"https:\/\/www.rassegnastampa-totustuus.it\/cattolica\/#\/schema\/person\/08f319d2bd1a0904ad9e2bfb7b15e5c3","name":"Redazione","image":{"@type":"ImageObject","inLanguage":"it-IT","@id":"https:\/\/secure.gravatar.com\/avatar\/2fcdf27c78ea025fbdb44e914cc63c72249ffec9dc8aafd5c82b26240ef3f346?s=96&d=mm&r=g","url":"https:\/\/secure.gravatar.com\/avatar\/2fcdf27c78ea025fbdb44e914cc63c72249ffec9dc8aafd5c82b26240ef3f346?s=96&d=mm&r=g","contentUrl":"https:\/\/secure.gravatar.com\/avatar\/2fcdf27c78ea025fbdb44e914cc63c72249ffec9dc8aafd5c82b26240ef3f346?s=96&d=mm&r=g","caption":"Redazione"},"url":"https:\/\/www.rassegnastampa-totustuus.it\/cattolica\/author\/pietroelle\/"}]}},"_links":{"self":[{"href":"https:\/\/www.rassegnastampa-totustuus.it\/cattolica\/wp-json\/wp\/v2\/posts\/40606","targetHints":{"allow":["GET"]}}],"collection":[{"href":"https:\/\/www.rassegnastampa-totustuus.it\/cattolica\/wp-json\/wp\/v2\/posts"}],"about":[{"href":"https:\/\/www.rassegnastampa-totustuus.it\/cattolica\/wp-json\/wp\/v2\/types\/post"}],"author":[{"embeddable":true,"href":"https:\/\/www.rassegnastampa-totustuus.it\/cattolica\/wp-json\/wp\/v2\/users\/6"}],"replies":[{"embeddable":true,"href":"https:\/\/www.rassegnastampa-totustuus.it\/cattolica\/wp-json\/wp\/v2\/comments?post=40606"}],"version-history":[{"count":1,"href":"https:\/\/www.rassegnastampa-totustuus.it\/cattolica\/wp-json\/wp\/v2\/posts\/40606\/revisions"}],"predecessor-version":[{"id":40608,"href":"https:\/\/www.rassegnastampa-totustuus.it\/cattolica\/wp-json\/wp\/v2\/posts\/40606\/revisions\/40608"}],"wp:featuredmedia":[{"embeddable":true,"href":"https:\/\/www.rassegnastampa-totustuus.it\/cattolica\/wp-json\/wp\/v2\/media\/40607"}],"wp:attachment":[{"href":"https:\/\/www.rassegnastampa-totustuus.it\/cattolica\/wp-json\/wp\/v2\/media?parent=40606"}],"wp:term":[{"taxonomy":"category","embeddable":true,"href":"https:\/\/www.rassegnastampa-totustuus.it\/cattolica\/wp-json\/wp\/v2\/categories?post=40606"},{"taxonomy":"post_tag","embeddable":true,"href":"https:\/\/www.rassegnastampa-totustuus.it\/cattolica\/wp-json\/wp\/v2\/tags?post=40606"}],"curies":[{"name":"wp","href":"https:\/\/api.w.org\/{rel}","templated":true}]}}