{"id":40534,"date":"2018-06-21T00:00:06","date_gmt":"2018-06-20T22:00:06","guid":{"rendered":"http:\/\/www.rassegnastampa-totustuus.it\/cattolica\/?p=40534"},"modified":"2018-06-14T12:36:05","modified_gmt":"2018-06-14T10:36:05","slug":"miriano-la-pillola-ha-rubato-la-felicita-alle-donne","status":"publish","type":"post","link":"https:\/\/www.rassegnastampa-totustuus.it\/cattolica\/miriano-la-pillola-ha-rubato-la-felicita-alle-donne\/","title":{"rendered":"Miriano: &#8220;La pillola? Ha rubato la felicit\u00e0 alle donne&#8221;"},"content":{"rendered":"<p style=\"text-align: center;\"><strong><img loading=\"lazy\" decoding=\"async\" class=\"alignleft wp-image-40535\" src=\"https:\/\/www.rassegnastampa-totustuus.it\/cattolica\/wp-content\/uploads\/2018\/06\/Costanza_Miriano.jpg\" alt=\"\" width=\"250\" height=\"184\" \/><a href=\"http:\/\/www.lanuovabq.it\/it\" target=\"_blank\" rel=\"noopener\">La Nuova Bussola quotidiana<\/a><\/strong><\/p>\n<p style=\"text-align: center;\">13 Giugno 2018<\/p>\n<p style=\"text-align: justify;\"><em>Difendendo l&#8217;Humane Vitae, Costanza Miriano ha spiegato: \u00abOggi siamo davanti alle macerie di una sessualit\u00e0 disordinata, in cui la contraccezione ha prodotto separazioni e abbandoni, siamo pi\u00f9 infelici pure dal punto di vista sessuale. Anche se a volte la Chiesa si vergogna di dirlo e di annunciare gli insegnamenti di un&#8217;enciclica che danno gioia\u00bb.<\/em><\/p>\n<p style=\"text-align: center;\">di <strong>Valerio Pece<\/strong><\/p>\n<p><!--more--><\/p>\n<p style=\"text-align: justify;\">Ospite a Brescia della Giornata di studi<a style=\"font-weight: inherit; font-style: inherit;\" href=\"http:\/\/www.lanuovabq.it\/it\/la-brescia-di-paolo-vi-ricorda-la-profezia-di-humanae-vitae\" target=\"_blank\" rel=\"noopener\"> \u201cHumanae Vitae \u2013 La verit\u00e0 che risplende\u201d<\/a>, colei che il quotidiano britannico <em>Catholic Herald<\/em> ha definito \u00abla scrittrice cattolica pi\u00f9 pericolosa del mondo\u00bb non si smentisce. E incanta i 500 dell\u2019Auditorium San Barnaba con una narrazione sull\u2019enciclica montiniana diametralmente opposta alla vulgata corrente. Abbiamo requisito Costanza Miriano a convegno in corso, ricevendo in dono queste ricche, appassionate e scoppiettanti riflessioni.<\/p>\n<p style=\"text-align: justify;\"><strong>Proprio mentre lei difende accoratamente l\u2019Humanae Vitae, molta parte della Chiesa sembra aver sostanzialmente abdicato rispetto all\u2019insegnamento dell\u2019enciclica. Come lo spiega?<\/strong><\/p>\n<p style=\"text-align: justify;\">Forse 50 anni fa si poteva anche capire una certa timidezza, le sorti magnifiche e progressive della contraccezione avevano sedotto molti. Oggi per\u00f2 facciamo i conti con le macerie di una sessualit\u00e0 disordinata, in cui la contraccezione \u00e8 \u201cdi routine\u201d. Mamme che portano le figlie, appena dopo lo sviluppo, a prendere la pillola affinch\u00e9 siano \u201cpronte\u201d, poveri ragazzi a cui gi\u00e0 alle medie viene insegnato come mettersi il preservativo. Saremmo anche evoluti, ma non mi pare di vedere in giro una grande felicit\u00e0, neppure dal punto di vista sessuale.<\/p>\n<p style=\"text-align: justify;\"><strong>\u00c9 per questo che ha parlato di \u201cvendetta\u201d dell\u2019Humanae Vitae?<\/strong><\/p>\n<p style=\"text-align: justify;\"><img loading=\"lazy\" decoding=\"async\" class=\"size-full wp-image-28454 alignleft\" src=\"https:\/\/www.rassegnastampa-totustuus.it\/cattolica\/wp-content\/uploads\/2005\/02\/Humanae-vitae.jpg\" alt=\"\" width=\"212\" height=\"167\" \/>S\u00ec. E non parlo delle conseguenze sociali della mentalit\u00e0 contraccettiva, anche se la piaga denatalit\u00e0 \u00e8 autoevidente, parlo di ci\u00f2 che mi interessa davvero: la felicit\u00e0 delle persone.<\/p>\n<p style=\"text-align: justify;\"><strong>Chi non si rifiuta di parlare di denatalit\u00e0 \u00e8 il mondo liberal, per il quale la risposta all\u2019inverno demografico c\u2019\u00e8: \u00e8 l\u2019immigrazione.<\/strong><\/p>\n<p style=\"text-align: justify;\">Il tema dell\u2019immigrazione \u00e8 complesso e non credo di padroneggiarlo. Certo, quel che vedo a Roma, con accampamenti selvaggi e strade che sono latrine a cielo aperto, non \u00e8 certo accoglienza. Non credo che Ges\u00f9 parlasse di questo quando diceva \u00abero forestiero e mi avete accolto\u00bb. L\u2019accoglienza va fatta in modo organizzato e soprattutto dignitoso.<\/p>\n<p style=\"text-align: justify;\"><strong>Diceva che a lei interessa la felicit\u00e0 delle persone&#8230;<\/strong><\/p>\n<p style=\"text-align: justify;\">L\u2019impoverimento \u00e8 sotto gli occhi di tutti. Le famiglie che restano in piedi sono sempre meno, ancora meno sono quelle che fanno figli. Senza parlare della fragilit\u00e0 affettiva nei ragazzi, tanti dei quali sono figli di separati. Dobbiamo dirci la verit\u00e0: dalla comparsa della pillola sono discese conseguenze enormi, forse \u00e8 l\u2019evento pi\u00f9 deflagrante della modernit\u00e0. Se abbiamo un cuore non possiamo chiudere gli occhi di fronte a queste rovine.<\/p>\n<p style=\"text-align: justify;\"><strong>Alle lettrici del suo blog ha lanciato un appello, invitandole a raccontare la loro verit\u00e0 sull\u2019enciclica. Com\u2019\u00e8 nata l\u2019idea?<\/strong><\/p>\n<p style=\"text-align: justify;\">Alla Gregoriana avevo ascoltato don Maurizio Chiodi parlare di \u201cobbligo alla contraccezione\u201d (assicuro che quella relazione l\u2019ho ascoltata tutta) mentre non ho sentito niente della bellezza che testimoniano le persone che invece hanno provato a vivere Humanae Vitae. Dico provato perch\u00e9 si pu\u00f2 anche cadere per poi rialzarsi.<\/p>\n<p style=\"text-align: justify;\"><strong>Siccome l\u2019enciclica di Paolo VI non \u00e8 stata recepita, dovrebbe per questo essere quantomeno \u201cripensata\u201d. Lei sostiene che sia questa la posizione pi\u00f9 o meno ufficiale di non pochi moralisti.<\/strong><\/p>\n<p style=\"text-align: justify;\"><img loading=\"lazy\" decoding=\"async\" class=\"alignright wp-image-26813\" src=\"https:\/\/www.rassegnastampa-totustuus.it\/cattolica\/wp-content\/uploads\/2015\/09\/contraccettivi.jpg\" alt=\"\" width=\"185\" height=\"200\" \/>Io per\u00f2 sono piena di amici che sull\u2019insegnamento della Chiesa ci hanno costruito la vita. Quell\u2019insegnamento per loro \u00e8 carne, ci si sono aggrappati e si sono fidati. Visto che sul piano teologico non potevo replicare ad un professore della Pontificia Accademia per la Vita, ho chiesto alle persone di raccontare le loro storie.<\/p>\n<p style=\"text-align: justify;\"><strong>Il risultato dell\u2019appello alle sue lettrici?<\/strong><\/p>\n<p style=\"text-align: justify;\">Un mare di testimonianze commoventi. Coppie sposate da decenni che continuano a desiderarsi, perch\u00e9 aver educato il cuore all\u2019attesa, al rispetto, \u00e8 qualcosa che aiuta il desiderio, anche quello sessuale. Il vero amore \u00e8 il contrario del possesso. C\u2019\u00e8 bisogno di un modo completamente diverso di vivere la relazione, che va consegnata nel cuore di Dio, come a dire: \u201cNoi siamo tuoi alleati\u201d. Da quel momento Dio combatter\u00e0 al fianco degli sposi. Ma se questi mettono una barriera tra loro e Dio, lui, che la nostra libert\u00e0 la rispetta fino in fondo, non interviene.<\/p>\n<p style=\"text-align: justify;\"><strong>Secondo lei \u00e8 davvero da quella barriera, da quel \u201cfare da soli\u201d, che nasce l\u2019impoverimento affettivo imperante?<\/strong><\/p>\n<p style=\"text-align: justify;\">Certo! Come al solito il nemico \u00e8 riuscito a far passare esattamente l\u2019opposto, cio\u00e8 l\u2019Humanae Vitae \u00e8 una gabbia e chiss\u00e0 gli altri come si divertono&#8230; Quel che possiamo opporre a questa falsa vulgata sono i racconti delle persone, concordi nel dire che \u00e8 l\u2019apertura alla vita a rendere felici. Le testimonianze pi\u00f9 efficaci sono quelle di chi ha vissuto entrambi i modi di vivere la sessualit\u00e0. Molti, magari per paura di avere altri figli, hanno confessato che per un periodo hanno usato la contraccezione, avvertendo subito con chiarezza che il loro rapporto affettivo ne stava risentendo molto pericolosamente.<\/p>\n<p style=\"text-align: justify;\"><strong>Tutto vero, dopotutto sono storie vissute. Oggi, per\u00f2, circa la contraccezione domina il mantra del \u201cche male c\u2019\u00e8\u201d. Come la mettiamo?<\/strong><\/p>\n<p style=\"text-align: justify;\"><img loading=\"lazy\" decoding=\"async\" class=\"alignleft wp-image-37447 size-full\" src=\"https:\/\/www.rassegnastampa-totustuus.it\/cattolica\/wp-content\/uploads\/2017\/03\/amore_letto.jpg\" alt=\"\" width=\"290\" height=\"174\" \/>Chi non ha un cammino di fede serio non riesce a capire e si pu\u00f2 scusare, ma un sacerdote che consiglia la contraccezione in una conferenza, no. \u00c9 come entrare in un bar in cui sono gi\u00e0 tutti ubriachi e dire che per\u00f2 ogni tanto un goccetto si pu\u00f2 bere. Ma se gi\u00e0 fanno tutti come vogliono! ..\u00c9 che la Chiesa a volte si vergogna di Cristo, \u201cfa la cortigiana della storia\u201d, come diceva don Giussani; prova soggezione nell\u2019annunciare qualcosa di cos\u00ec completamente estraneo al sentire comune.<\/p>\n<p style=\"text-align: justify;\"><strong>Chi sono quegli sfrontati che non si adeguano ancora al pensiero unico dominante?<\/strong><\/p>\n<p style=\"text-align: justify;\">Chi cerca di vivere un rapporto autentico con il Signore. Queste persone, che non sono poche, sanno che con lui c\u2019entra con tutto, ogni nostro gesto. Lo spiega bene San Paolo: \u00abSia che mangiate, sia che beviate, sia che dormiate sia che facciate qualsiasi altra cosa, fate tutto per la gloria di Dio\u00bb.\u00a0Possiamo davvero pensare che l\u2019atto pi\u00f9 significativo dell\u2019unione coniugale, il rapporto sessuale, possa sfuggire a questa relazione vivificante senza in qualche modo svalutarsi?<\/p>\n<p style=\"text-align: justify;\"><strong>Precisamente cosa significa per un credente vivere la contraccezione come prassi?<\/strong><\/p>\n<p style=\"text-align: justify;\">Significa dire: \u00abNon permetto che Dio si intrometta nella mia vita fino a questo punto\u00bb. Significa tagliare fuori Dio, creatore del cielo e della terra, dalla relazione. Questo impoverisce e rende il rapporto tra gli sposi maledettamente pi\u00f9 fragile. Quando Cristo inabita la relazione \u00e8 veramente un\u2019altra cosa, la trasfigura.<\/p>\n<p style=\"text-align: justify;\"><strong>\u201cIl centuplo quaggi\u00f9\u201d, questo il titolo della sua relazione al Convegno sull\u2019Humanae Vitae. Ce lo spiega?<\/strong><\/p>\n<p style=\"text-align: justify;\"><img loading=\"lazy\" decoding=\"async\" class=\"alignright wp-image-33787\" src=\"https:\/\/www.rassegnastampa-totustuus.it\/cattolica\/wp-content\/uploads\/2013\/10\/contraccezione.jpg\" alt=\"\" width=\"217\" height=\"200\" \/>Una premessa. L\u2019apertura alla vita \u00e8 anche molto conveniente da un punto di vista umano. Insomma, il preservativo diminuisce il piacere e la pillola fa malissimo. A parte la ritenzione idrica, le cui conseguenze per noi donne non sono poca cosa, la pillola altera tutto l\u2019equilibrio femminile, che \u00e8 un equilibrio di pelle, di unghie, di capelli, di appetito; di umore, soprattutto. Anche se la cosa pi\u00f9 grave fra tutte \u00e8 che la pillola, nell&#8217;1% dei casi, pu\u00f2 non impedire il concepimento, ma solo l&#8217;annidamento. Siamo quindi di fronte a un aborto, inconsapevole ma sempre aborto. In ogni caso per la donna la pillola \u00e8 sconvenientissima, \u00e8 una vera violenza.<\/p>\n<p style=\"text-align: justify;\"><strong>L\u2019alternativa sono i metodi naturali, snobbati da sempre.<\/strong><\/p>\n<p style=\"text-align: justify;\">Sbagliando moltissimo, per\u00f2. Quello che viene chiesto con i metodi naturali \u00e8 solo un po\u2019 di pazienza nel conoscersi. D\u2019altronde, come ricordava anche il cardinale Eijk al Convegno, \u00e8 talmente breve il periodo \u201cpericoloso\u201d.. Se poi si vuole essere sicurissimi lo si allunga a 5 giorni. Aprirsi alla vita conviene, dunque, da tutti i punti di vista: quello umano (libert\u00e0 e piacere massimo perch\u00e9 non ci sono barriere), quello medico (addio scatti d\u2019ira e mal di testa) e anche se \u00e8 l\u2019ultimo dei miei pensieri, quello ecologico. Il centuplo quaggi\u00f9, appunto.<\/p>\n<p style=\"text-align: justify;\"><strong>Come ha influito la mentalit\u00e0 contraccettiva sull\u2019uomo?<\/strong><\/p>\n<p style=\"text-align: justify;\">Da sempre il desiderio sessuale dell\u2019uomo ha rappresentato una grande spinta a costruire un progetto, a rimboccarsi le maniche cercando un lavoro per formare una famiglia. Se l\u2019uomo pu\u00f2 avere il sesso \u201cgratis\u201d, cio\u00e8 senza impegni, senza bisogno di investire in una relazione, tende chiaramente ad abbassare lo standard. \u00abPerch\u00e9 comprare la mucca se puoi avere il latte gratis tutti i giorni?\u00bb, Paul Newman pu\u00f2 sembrare un po\u2019 brutale ma dice la verit\u00e0. La contraccezione come habitus mentale ha pesato molto sul desiderio dell\u2019uomo di spendersi, di donarsi, di dare la vita, di investire in qualcosa di stabile. E la prima a soffrirne \u00e8 la donna.<\/p>\n<p style=\"text-align: justify;\"><strong>Perch\u00e9?<\/strong><\/p>\n<p style=\"text-align: justify;\"><img loading=\"lazy\" decoding=\"async\" class=\"alignleft wp-image-25469\" src=\"https:\/\/www.rassegnastampa-totustuus.it\/cattolica\/wp-content\/uploads\/2013\/06\/sex_revolution.jpg\" alt=\"\" width=\"250\" height=\"164\" \/>Innanzitutto per la promiscuit\u00e0, non essere scelta in modo esclusivo deprime e addolora. E poi per un motivo banalmente biologico. Mentre l\u2019uomo pu\u00f2 far figli fino a 70 anni, penso a Charlie Chaplin (altro, poi, \u00e8 se riesca anche a tenerli in braccio), la donna a un certo punto esaurisce il tempo della fertilit\u00e0. Mi viene in mente la chiacchierata di qualche giorno fa con una cassiera\u2026<\/p>\n<p style=\"text-align: justify;\"><strong>Che le ha detto la cassiera?<\/strong><\/p>\n<p style=\"text-align: justify;\">Mentre mi raccontava che non aveva figli \u00abperch\u00e9 non ho tempo, devo lavorare e pagare la colf che mi pulisce casa\u00bb un pensiero mi angosciava: ci sono riusciti, ci hanno convinto che 12 ore alla cassa di un supermercato siano meglio che stare a casa con un marito e dei figli. Come siamo arrivati a quest\u2019inganno? Quand\u2019\u00e8 successo esattamente?<\/p>\n<p style=\"text-align: justify;\"><strong>Nel cuore della Brescia montiniana ha affermato che \u00abspetta alle donne il compito di difendere la profezia che la Chiesa ci ha fatto\u00bb.<\/strong><\/p>\n<p style=\"text-align: justify;\">S\u00ec, credo che l\u2019annuncio della Chiesa ribadito da Humanae Vitae possa essere difeso solo dalle donne. Da quelle stesse donne che ancora oggi continuano a esultare per le vittorie irlandesi sull\u2019aborto, a lamentarsi degli uomini, a comprare 600.000 scatole di pillole del giorno dopo per abortire da sole a casa. Dopo questi 50 anni di esperimenti in corpore vivo \u00e8 importante tornare ad aiutare gli uomini a fare cose grandi, ad alzare l\u2019asticella della felicit\u00e0, a sognare e a costruire. Spetta alle giovani donne annunciare all\u2019uomo la grandezza e la bellezza di cui pu\u00f2 essere capace.<\/p>\n<p>&nbsp;<\/p>\n","protected":false},"excerpt":{"rendered":"<p>La Nuova Bussola quotidiana 13 Giugno 2018 Difendendo l&#8217;Humane Vitae, Costanza Miriano ha spiegato: \u00abOggi siamo davanti alle macerie di una sessualit\u00e0 disordinata, in cui la contraccezione ha prodotto separazioni e abbandoni, siamo pi\u00f9 infelici pure dal punto di vista sessuale. Anche se a volte la Chiesa si vergogna di dirlo e di annunciare gli &hellip; <\/p>\n<p><a class=\"more-link btn\" href=\"https:\/\/www.rassegnastampa-totustuus.it\/cattolica\/miriano-la-pillola-ha-rubato-la-felicita-alle-donne\/\">Continua a leggere<\/a><\/p>\n","protected":false},"author":6,"featured_media":40535,"comment_status":"closed","ping_status":"closed","sticky":false,"template":"","format":"standard","meta":{"footnotes":""},"categories":[7,15],"tags":[187,715,188],"class_list":["post-40534","post","type-post","status-publish","format-standard","has-post-thumbnail","hentry","category-costume","category-famiglia","tag-contraccezione","tag-humanae-vitae","tag-pillola","item-wrap"],"yoast_head":"<!-- This site is optimized with the Yoast SEO plugin v27.5 - https:\/\/yoast.com\/product\/yoast-seo-wordpress\/ -->\n<title>Miriano: &quot;La pillola? Ha rubato la felicit\u00e0 alle donne&quot; - Rassegna Stampa Cattolica<\/title>\n<meta name=\"description\" content=\"Rassegna Stampa Cattolica - Per una cultura che nasce dalla Rivelazione cristiana in conformit\u00e0 alla tradizione e al Magistero della Chiesa in opposizione ad ogni relativismo e totalitarismo\" \/>\n<meta name=\"robots\" content=\"index, follow, max-snippet:-1, max-image-preview:large, max-video-preview:-1\" \/>\n<link rel=\"canonical\" href=\"https:\/\/www.rassegnastampa-totustuus.it\/cattolica\/miriano-la-pillola-ha-rubato-la-felicita-alle-donne\/\" \/>\n<meta property=\"og:locale\" content=\"it_IT\" \/>\n<meta property=\"og:type\" content=\"article\" \/>\n<meta property=\"og:title\" content=\"Miriano: &quot;La pillola? Ha rubato la felicit\u00e0 alle donne&quot; - Rassegna Stampa Cattolica\" \/>\n<meta property=\"og:description\" content=\"Rassegna Stampa Cattolica - Per una cultura che nasce dalla Rivelazione cristiana in conformit\u00e0 alla tradizione e al Magistero della Chiesa in opposizione ad ogni relativismo e totalitarismo\" \/>\n<meta property=\"og:url\" content=\"https:\/\/www.rassegnastampa-totustuus.it\/cattolica\/miriano-la-pillola-ha-rubato-la-felicita-alle-donne\/\" \/>\n<meta property=\"og:site_name\" content=\"Rassegna Stampa Cattolica\" \/>\n<meta property=\"article:publisher\" content=\"https:\/\/www.facebook.com\/rassegnastampacattolica\" \/>\n<meta property=\"article:published_time\" content=\"2018-06-20T22:00:06+00:00\" \/>\n<meta property=\"og:image\" content=\"https:\/\/www.rassegnastampa-totustuus.it\/cattolica\/wp-content\/uploads\/2018\/06\/Costanza_Miriano.jpg\" \/>\n\t<meta property=\"og:image:width\" content=\"262\" \/>\n\t<meta property=\"og:image:height\" content=\"193\" \/>\n\t<meta property=\"og:image:type\" content=\"image\/jpeg\" \/>\n<meta name=\"author\" content=\"Redazione\" \/>\n<meta name=\"twitter:card\" content=\"summary_large_image\" \/>\n<meta name=\"twitter:creator\" content=\"@rassegnastampa9\" \/>\n<meta name=\"twitter:site\" content=\"@rassegnastampa9\" \/>\n<meta name=\"twitter:label1\" content=\"Scritto da\" \/>\n\t<meta name=\"twitter:data1\" content=\"Redazione\" \/>\n\t<meta name=\"twitter:label2\" content=\"Tempo di lettura stimato\" \/>\n\t<meta name=\"twitter:data2\" content=\"8 minuti\" \/>\n<script type=\"application\/ld+json\" class=\"yoast-schema-graph\">{\"@context\":\"https:\\\/\\\/schema.org\",\"@graph\":[{\"@type\":\"Article\",\"@id\":\"https:\\\/\\\/www.rassegnastampa-totustuus.it\\\/cattolica\\\/miriano-la-pillola-ha-rubato-la-felicita-alle-donne\\\/#article\",\"isPartOf\":{\"@id\":\"https:\\\/\\\/www.rassegnastampa-totustuus.it\\\/cattolica\\\/miriano-la-pillola-ha-rubato-la-felicita-alle-donne\\\/\"},\"author\":{\"name\":\"Redazione\",\"@id\":\"https:\\\/\\\/www.rassegnastampa-totustuus.it\\\/cattolica\\\/#\\\/schema\\\/person\\\/08f319d2bd1a0904ad9e2bfb7b15e5c3\"},\"headline\":\"Miriano: &#8220;La pillola? Ha rubato la felicit\u00e0 alle donne&#8221;\",\"datePublished\":\"2018-06-20T22:00:06+00:00\",\"mainEntityOfPage\":{\"@id\":\"https:\\\/\\\/www.rassegnastampa-totustuus.it\\\/cattolica\\\/miriano-la-pillola-ha-rubato-la-felicita-alle-donne\\\/\"},\"wordCount\":1668,\"publisher\":{\"@id\":\"https:\\\/\\\/www.rassegnastampa-totustuus.it\\\/cattolica\\\/#organization\"},\"image\":{\"@id\":\"https:\\\/\\\/www.rassegnastampa-totustuus.it\\\/cattolica\\\/miriano-la-pillola-ha-rubato-la-felicita-alle-donne\\\/#primaryimage\"},\"thumbnailUrl\":\"https:\\\/\\\/www.rassegnastampa-totustuus.it\\\/cattolica\\\/wp-content\\\/uploads\\\/2018\\\/06\\\/Costanza_Miriano.jpg\",\"keywords\":[\"contraccezione\",\"Humanae vitae\",\"pillola\"],\"articleSection\":[\"Costume\",\"Famiglia\"],\"inLanguage\":\"it-IT\"},{\"@type\":\"WebPage\",\"@id\":\"https:\\\/\\\/www.rassegnastampa-totustuus.it\\\/cattolica\\\/miriano-la-pillola-ha-rubato-la-felicita-alle-donne\\\/\",\"url\":\"https:\\\/\\\/www.rassegnastampa-totustuus.it\\\/cattolica\\\/miriano-la-pillola-ha-rubato-la-felicita-alle-donne\\\/\",\"name\":\"Miriano: \\\"La pillola? Ha rubato la felicit\u00e0 alle donne\\\" - Rassegna Stampa Cattolica\",\"isPartOf\":{\"@id\":\"https:\\\/\\\/www.rassegnastampa-totustuus.it\\\/cattolica\\\/#website\"},\"primaryImageOfPage\":{\"@id\":\"https:\\\/\\\/www.rassegnastampa-totustuus.it\\\/cattolica\\\/miriano-la-pillola-ha-rubato-la-felicita-alle-donne\\\/#primaryimage\"},\"image\":{\"@id\":\"https:\\\/\\\/www.rassegnastampa-totustuus.it\\\/cattolica\\\/miriano-la-pillola-ha-rubato-la-felicita-alle-donne\\\/#primaryimage\"},\"thumbnailUrl\":\"https:\\\/\\\/www.rassegnastampa-totustuus.it\\\/cattolica\\\/wp-content\\\/uploads\\\/2018\\\/06\\\/Costanza_Miriano.jpg\",\"datePublished\":\"2018-06-20T22:00:06+00:00\",\"description\":\"Rassegna Stampa Cattolica - Per una cultura che nasce dalla Rivelazione cristiana in conformit\u00e0 alla tradizione e al Magistero della Chiesa in opposizione ad ogni relativismo e totalitarismo\",\"breadcrumb\":{\"@id\":\"https:\\\/\\\/www.rassegnastampa-totustuus.it\\\/cattolica\\\/miriano-la-pillola-ha-rubato-la-felicita-alle-donne\\\/#breadcrumb\"},\"inLanguage\":\"it-IT\",\"potentialAction\":[{\"@type\":\"ReadAction\",\"target\":[\"https:\\\/\\\/www.rassegnastampa-totustuus.it\\\/cattolica\\\/miriano-la-pillola-ha-rubato-la-felicita-alle-donne\\\/\"]}]},{\"@type\":\"ImageObject\",\"inLanguage\":\"it-IT\",\"@id\":\"https:\\\/\\\/www.rassegnastampa-totustuus.it\\\/cattolica\\\/miriano-la-pillola-ha-rubato-la-felicita-alle-donne\\\/#primaryimage\",\"url\":\"https:\\\/\\\/www.rassegnastampa-totustuus.it\\\/cattolica\\\/wp-content\\\/uploads\\\/2018\\\/06\\\/Costanza_Miriano.jpg\",\"contentUrl\":\"https:\\\/\\\/www.rassegnastampa-totustuus.it\\\/cattolica\\\/wp-content\\\/uploads\\\/2018\\\/06\\\/Costanza_Miriano.jpg\",\"width\":262,\"height\":193},{\"@type\":\"BreadcrumbList\",\"@id\":\"https:\\\/\\\/www.rassegnastampa-totustuus.it\\\/cattolica\\\/miriano-la-pillola-ha-rubato-la-felicita-alle-donne\\\/#breadcrumb\",\"itemListElement\":[{\"@type\":\"ListItem\",\"position\":1,\"name\":\"Home\",\"item\":\"https:\\\/\\\/www.rassegnastampa-totustuus.it\\\/cattolica\\\/\"},{\"@type\":\"ListItem\",\"position\":2,\"name\":\"Miriano: &#8220;La pillola? Ha rubato la felicit\u00e0 alle donne&#8221;\"}]},{\"@type\":\"WebSite\",\"@id\":\"https:\\\/\\\/www.rassegnastampa-totustuus.it\\\/cattolica\\\/#website\",\"url\":\"https:\\\/\\\/www.rassegnastampa-totustuus.it\\\/cattolica\\\/\",\"name\":\"Rassegna Stampa Cattolica\",\"description\":\"Per una cultura che nasce dalla Rivelazione cristiana in conformit\u00e0 alla tradizione e al Magistero della Chiesa in opposizione ad ogni relativismo e totalitarismo\",\"publisher\":{\"@id\":\"https:\\\/\\\/www.rassegnastampa-totustuus.it\\\/cattolica\\\/#organization\"},\"alternateName\":\"Rass. Cattolica\",\"potentialAction\":[{\"@type\":\"SearchAction\",\"target\":{\"@type\":\"EntryPoint\",\"urlTemplate\":\"https:\\\/\\\/www.rassegnastampa-totustuus.it\\\/cattolica\\\/?s={search_term_string}\"},\"query-input\":{\"@type\":\"PropertyValueSpecification\",\"valueRequired\":true,\"valueName\":\"search_term_string\"}}],\"inLanguage\":\"it-IT\"},{\"@type\":\"Organization\",\"@id\":\"https:\\\/\\\/www.rassegnastampa-totustuus.it\\\/cattolica\\\/#organization\",\"name\":\"Rassegna Stampa Cattolica\",\"url\":\"https:\\\/\\\/www.rassegnastampa-totustuus.it\\\/cattolica\\\/\",\"logo\":{\"@type\":\"ImageObject\",\"inLanguage\":\"it-IT\",\"@id\":\"https:\\\/\\\/www.rassegnastampa-totustuus.it\\\/cattolica\\\/#\\\/schema\\\/logo\\\/image\\\/\",\"url\":\"https:\\\/\\\/www.rassegnastampa-totustuus.it\\\/cattolica\\\/wp-content\\\/uploads\\\/2014\\\/04\\\/logo-rassegna1.gif\",\"contentUrl\":\"https:\\\/\\\/www.rassegnastampa-totustuus.it\\\/cattolica\\\/wp-content\\\/uploads\\\/2014\\\/04\\\/logo-rassegna1.gif\",\"width\":600,\"height\":163,\"caption\":\"Rassegna Stampa Cattolica\"},\"image\":{\"@id\":\"https:\\\/\\\/www.rassegnastampa-totustuus.it\\\/cattolica\\\/#\\\/schema\\\/logo\\\/image\\\/\"},\"sameAs\":[\"https:\\\/\\\/www.facebook.com\\\/rassegnastampacattolica\",\"https:\\\/\\\/x.com\\\/rassegnastampa9\"]},{\"@type\":\"Person\",\"@id\":\"https:\\\/\\\/www.rassegnastampa-totustuus.it\\\/cattolica\\\/#\\\/schema\\\/person\\\/08f319d2bd1a0904ad9e2bfb7b15e5c3\",\"name\":\"Redazione\",\"image\":{\"@type\":\"ImageObject\",\"inLanguage\":\"it-IT\",\"@id\":\"https:\\\/\\\/secure.gravatar.com\\\/avatar\\\/2fcdf27c78ea025fbdb44e914cc63c72249ffec9dc8aafd5c82b26240ef3f346?s=96&d=mm&r=g\",\"url\":\"https:\\\/\\\/secure.gravatar.com\\\/avatar\\\/2fcdf27c78ea025fbdb44e914cc63c72249ffec9dc8aafd5c82b26240ef3f346?s=96&d=mm&r=g\",\"contentUrl\":\"https:\\\/\\\/secure.gravatar.com\\\/avatar\\\/2fcdf27c78ea025fbdb44e914cc63c72249ffec9dc8aafd5c82b26240ef3f346?s=96&d=mm&r=g\",\"caption\":\"Redazione\"},\"url\":\"https:\\\/\\\/www.rassegnastampa-totustuus.it\\\/cattolica\\\/author\\\/pietroelle\\\/\"}]}<\/script>\n<!-- \/ Yoast SEO plugin. -->","yoast_head_json":{"title":"Miriano: \"La pillola? Ha rubato la felicit\u00e0 alle donne\" - Rassegna Stampa Cattolica","description":"Rassegna Stampa Cattolica - Per una cultura che nasce dalla Rivelazione cristiana in conformit\u00e0 alla tradizione e al Magistero della Chiesa in opposizione ad ogni relativismo e totalitarismo","robots":{"index":"index","follow":"follow","max-snippet":"max-snippet:-1","max-image-preview":"max-image-preview:large","max-video-preview":"max-video-preview:-1"},"canonical":"https:\/\/www.rassegnastampa-totustuus.it\/cattolica\/miriano-la-pillola-ha-rubato-la-felicita-alle-donne\/","og_locale":"it_IT","og_type":"article","og_title":"Miriano: \"La pillola? Ha rubato la felicit\u00e0 alle donne\" - Rassegna Stampa Cattolica","og_description":"Rassegna Stampa Cattolica - Per una cultura che nasce dalla Rivelazione cristiana in conformit\u00e0 alla tradizione e al Magistero della Chiesa in opposizione ad ogni relativismo e totalitarismo","og_url":"https:\/\/www.rassegnastampa-totustuus.it\/cattolica\/miriano-la-pillola-ha-rubato-la-felicita-alle-donne\/","og_site_name":"Rassegna Stampa Cattolica","article_publisher":"https:\/\/www.facebook.com\/rassegnastampacattolica","article_published_time":"2018-06-20T22:00:06+00:00","og_image":[{"width":262,"height":193,"url":"https:\/\/www.rassegnastampa-totustuus.it\/cattolica\/wp-content\/uploads\/2018\/06\/Costanza_Miriano.jpg","type":"image\/jpeg"}],"author":"Redazione","twitter_card":"summary_large_image","twitter_creator":"@rassegnastampa9","twitter_site":"@rassegnastampa9","twitter_misc":{"Scritto da":"Redazione","Tempo di lettura stimato":"8 minuti"},"schema":{"@context":"https:\/\/schema.org","@graph":[{"@type":"Article","@id":"https:\/\/www.rassegnastampa-totustuus.it\/cattolica\/miriano-la-pillola-ha-rubato-la-felicita-alle-donne\/#article","isPartOf":{"@id":"https:\/\/www.rassegnastampa-totustuus.it\/cattolica\/miriano-la-pillola-ha-rubato-la-felicita-alle-donne\/"},"author":{"name":"Redazione","@id":"https:\/\/www.rassegnastampa-totustuus.it\/cattolica\/#\/schema\/person\/08f319d2bd1a0904ad9e2bfb7b15e5c3"},"headline":"Miriano: &#8220;La pillola? Ha rubato la felicit\u00e0 alle donne&#8221;","datePublished":"2018-06-20T22:00:06+00:00","mainEntityOfPage":{"@id":"https:\/\/www.rassegnastampa-totustuus.it\/cattolica\/miriano-la-pillola-ha-rubato-la-felicita-alle-donne\/"},"wordCount":1668,"publisher":{"@id":"https:\/\/www.rassegnastampa-totustuus.it\/cattolica\/#organization"},"image":{"@id":"https:\/\/www.rassegnastampa-totustuus.it\/cattolica\/miriano-la-pillola-ha-rubato-la-felicita-alle-donne\/#primaryimage"},"thumbnailUrl":"https:\/\/www.rassegnastampa-totustuus.it\/cattolica\/wp-content\/uploads\/2018\/06\/Costanza_Miriano.jpg","keywords":["contraccezione","Humanae vitae","pillola"],"articleSection":["Costume","Famiglia"],"inLanguage":"it-IT"},{"@type":"WebPage","@id":"https:\/\/www.rassegnastampa-totustuus.it\/cattolica\/miriano-la-pillola-ha-rubato-la-felicita-alle-donne\/","url":"https:\/\/www.rassegnastampa-totustuus.it\/cattolica\/miriano-la-pillola-ha-rubato-la-felicita-alle-donne\/","name":"Miriano: \"La pillola? Ha rubato la felicit\u00e0 alle donne\" - Rassegna Stampa Cattolica","isPartOf":{"@id":"https:\/\/www.rassegnastampa-totustuus.it\/cattolica\/#website"},"primaryImageOfPage":{"@id":"https:\/\/www.rassegnastampa-totustuus.it\/cattolica\/miriano-la-pillola-ha-rubato-la-felicita-alle-donne\/#primaryimage"},"image":{"@id":"https:\/\/www.rassegnastampa-totustuus.it\/cattolica\/miriano-la-pillola-ha-rubato-la-felicita-alle-donne\/#primaryimage"},"thumbnailUrl":"https:\/\/www.rassegnastampa-totustuus.it\/cattolica\/wp-content\/uploads\/2018\/06\/Costanza_Miriano.jpg","datePublished":"2018-06-20T22:00:06+00:00","description":"Rassegna Stampa Cattolica - Per una cultura che nasce dalla Rivelazione cristiana in conformit\u00e0 alla tradizione e al Magistero della Chiesa in opposizione ad ogni relativismo e totalitarismo","breadcrumb":{"@id":"https:\/\/www.rassegnastampa-totustuus.it\/cattolica\/miriano-la-pillola-ha-rubato-la-felicita-alle-donne\/#breadcrumb"},"inLanguage":"it-IT","potentialAction":[{"@type":"ReadAction","target":["https:\/\/www.rassegnastampa-totustuus.it\/cattolica\/miriano-la-pillola-ha-rubato-la-felicita-alle-donne\/"]}]},{"@type":"ImageObject","inLanguage":"it-IT","@id":"https:\/\/www.rassegnastampa-totustuus.it\/cattolica\/miriano-la-pillola-ha-rubato-la-felicita-alle-donne\/#primaryimage","url":"https:\/\/www.rassegnastampa-totustuus.it\/cattolica\/wp-content\/uploads\/2018\/06\/Costanza_Miriano.jpg","contentUrl":"https:\/\/www.rassegnastampa-totustuus.it\/cattolica\/wp-content\/uploads\/2018\/06\/Costanza_Miriano.jpg","width":262,"height":193},{"@type":"BreadcrumbList","@id":"https:\/\/www.rassegnastampa-totustuus.it\/cattolica\/miriano-la-pillola-ha-rubato-la-felicita-alle-donne\/#breadcrumb","itemListElement":[{"@type":"ListItem","position":1,"name":"Home","item":"https:\/\/www.rassegnastampa-totustuus.it\/cattolica\/"},{"@type":"ListItem","position":2,"name":"Miriano: &#8220;La pillola? Ha rubato la felicit\u00e0 alle donne&#8221;"}]},{"@type":"WebSite","@id":"https:\/\/www.rassegnastampa-totustuus.it\/cattolica\/#website","url":"https:\/\/www.rassegnastampa-totustuus.it\/cattolica\/","name":"Rassegna Stampa Cattolica","description":"Per una cultura che nasce dalla Rivelazione cristiana in conformit\u00e0 alla tradizione e al Magistero della Chiesa in opposizione ad ogni relativismo e totalitarismo","publisher":{"@id":"https:\/\/www.rassegnastampa-totustuus.it\/cattolica\/#organization"},"alternateName":"Rass. Cattolica","potentialAction":[{"@type":"SearchAction","target":{"@type":"EntryPoint","urlTemplate":"https:\/\/www.rassegnastampa-totustuus.it\/cattolica\/?s={search_term_string}"},"query-input":{"@type":"PropertyValueSpecification","valueRequired":true,"valueName":"search_term_string"}}],"inLanguage":"it-IT"},{"@type":"Organization","@id":"https:\/\/www.rassegnastampa-totustuus.it\/cattolica\/#organization","name":"Rassegna Stampa Cattolica","url":"https:\/\/www.rassegnastampa-totustuus.it\/cattolica\/","logo":{"@type":"ImageObject","inLanguage":"it-IT","@id":"https:\/\/www.rassegnastampa-totustuus.it\/cattolica\/#\/schema\/logo\/image\/","url":"https:\/\/www.rassegnastampa-totustuus.it\/cattolica\/wp-content\/uploads\/2014\/04\/logo-rassegna1.gif","contentUrl":"https:\/\/www.rassegnastampa-totustuus.it\/cattolica\/wp-content\/uploads\/2014\/04\/logo-rassegna1.gif","width":600,"height":163,"caption":"Rassegna Stampa Cattolica"},"image":{"@id":"https:\/\/www.rassegnastampa-totustuus.it\/cattolica\/#\/schema\/logo\/image\/"},"sameAs":["https:\/\/www.facebook.com\/rassegnastampacattolica","https:\/\/x.com\/rassegnastampa9"]},{"@type":"Person","@id":"https:\/\/www.rassegnastampa-totustuus.it\/cattolica\/#\/schema\/person\/08f319d2bd1a0904ad9e2bfb7b15e5c3","name":"Redazione","image":{"@type":"ImageObject","inLanguage":"it-IT","@id":"https:\/\/secure.gravatar.com\/avatar\/2fcdf27c78ea025fbdb44e914cc63c72249ffec9dc8aafd5c82b26240ef3f346?s=96&d=mm&r=g","url":"https:\/\/secure.gravatar.com\/avatar\/2fcdf27c78ea025fbdb44e914cc63c72249ffec9dc8aafd5c82b26240ef3f346?s=96&d=mm&r=g","contentUrl":"https:\/\/secure.gravatar.com\/avatar\/2fcdf27c78ea025fbdb44e914cc63c72249ffec9dc8aafd5c82b26240ef3f346?s=96&d=mm&r=g","caption":"Redazione"},"url":"https:\/\/www.rassegnastampa-totustuus.it\/cattolica\/author\/pietroelle\/"}]}},"_links":{"self":[{"href":"https:\/\/www.rassegnastampa-totustuus.it\/cattolica\/wp-json\/wp\/v2\/posts\/40534","targetHints":{"allow":["GET"]}}],"collection":[{"href":"https:\/\/www.rassegnastampa-totustuus.it\/cattolica\/wp-json\/wp\/v2\/posts"}],"about":[{"href":"https:\/\/www.rassegnastampa-totustuus.it\/cattolica\/wp-json\/wp\/v2\/types\/post"}],"author":[{"embeddable":true,"href":"https:\/\/www.rassegnastampa-totustuus.it\/cattolica\/wp-json\/wp\/v2\/users\/6"}],"replies":[{"embeddable":true,"href":"https:\/\/www.rassegnastampa-totustuus.it\/cattolica\/wp-json\/wp\/v2\/comments?post=40534"}],"version-history":[{"count":2,"href":"https:\/\/www.rassegnastampa-totustuus.it\/cattolica\/wp-json\/wp\/v2\/posts\/40534\/revisions"}],"predecessor-version":[{"id":40537,"href":"https:\/\/www.rassegnastampa-totustuus.it\/cattolica\/wp-json\/wp\/v2\/posts\/40534\/revisions\/40537"}],"wp:featuredmedia":[{"embeddable":true,"href":"https:\/\/www.rassegnastampa-totustuus.it\/cattolica\/wp-json\/wp\/v2\/media\/40535"}],"wp:attachment":[{"href":"https:\/\/www.rassegnastampa-totustuus.it\/cattolica\/wp-json\/wp\/v2\/media?parent=40534"}],"wp:term":[{"taxonomy":"category","embeddable":true,"href":"https:\/\/www.rassegnastampa-totustuus.it\/cattolica\/wp-json\/wp\/v2\/categories?post=40534"},{"taxonomy":"post_tag","embeddable":true,"href":"https:\/\/www.rassegnastampa-totustuus.it\/cattolica\/wp-json\/wp\/v2\/tags?post=40534"}],"curies":[{"name":"wp","href":"https:\/\/api.w.org\/{rel}","templated":true}]}}