{"id":405,"date":"2005-05-07T00:00:00","date_gmt":"2005-05-06T22:00:00","guid":{"rendered":""},"modified":"2025-07-13T15:28:14","modified_gmt":"2025-07-13T13:28:14","slug":"gesuiti-e-aids-siamo-i-commando-della-castit","status":"publish","type":"post","link":"https:\/\/www.rassegnastampa-totustuus.it\/cattolica\/gesuiti-e-aids-siamo-i-commando-della-castit\/","title":{"rendered":"Gesuiti e Aids. Siamo i commando della castit&agrave;"},"content":{"rendered":"\n<p class=\"has-text-align-center\"><strong><a href=\"https:\/\/lespresso.it\/\" target=\"_blank\" rel=\"noreferrer noopener\">espressonline.it<\/a> <\/strong>blog di Sandro Magister<\/p>\n\n\n\n<p><em>I seguaci di Sant&#8217;Ignazio all&#8217;opera in Africa contro il flagello. Ma non solo loro. Anche organizzazioni laiche puntano a frenare la promiscuit\u00e0 sessuale. E il &#8220;Wall Street Journal&#8221; si trova d&#8217;accordo col Vaticano<\/em><\/p>\n\n\n\n<p class=\"has-text-align-center\">di <strong>Sandro Magister<\/strong><\/p>\n\n\n<div class=\"wp-block-image\">\n<figure class=\"aligncenter size-full is-resized\"><a href=\"https:\/\/www.rassegnastampa-totustuus.it\/cattolica\/wp-content\/uploads\/2005\/05\/Aids_Africa.jpg\"><img loading=\"lazy\" decoding=\"async\" width=\"258\" height=\"195\" src=\"https:\/\/www.rassegnastampa-totustuus.it\/cattolica\/wp-content\/uploads\/2005\/05\/Aids_Africa.jpg\" alt=\"\" class=\"wp-image-27377\" style=\"width:356px;height:auto\"\/><\/a><\/figure><\/div>\n\n\n<!--more-->\n\n\n\n<p>Alex Cummings, liberiano, presidente della Coca Cola in Africa, ha annunciato che assieme alle bottigliette comincer\u00e0 presto a distribuire gratis preservativi. \u00ab\u00c8 la nostra lotta contro l&#8217;Aids\u00bb.<\/p>\n\n\n\n<p>\u00abMa il preservativo non basta. Anzi, pu\u00f2 creare pericolose illusioni\u00bb, obietta Edward Rogers, gesuita, direttore ad Harare nello Zimbabwe del &#8220;Jesuit Aids Project&#8221;. \u00abL&#8217;essenziale \u00e8 agire sui comportamenti sessuali promiscui, quelli che pi\u00f9 veicolano il virus\u00bb.L&#8217;Aids \u00e8 il flagello dell&#8217;Africa nera. Ne muoiono ogni giorno in 5 mila. Gli infettati sono pi\u00f9 di 25 milioni e si calcola che tra dieci anni vi saranno 40 milioni di orfani. I gesuiti attivi nel continente hanno deciso di combattere questo flagello su tre fronti.<\/p>\n\n\n\n<p>In Kenya padre Angelo D&#8217;Agostino, nome italianissimo ma di nazionalit\u00e0 americana, soccorre i piccoli orfani. Vicino a Nairobi ha fondato per loro un villaggio di nome Nyumbani. In Zambia padre Michael Kelly, irlandese, cura chi \u00e8 gi\u00e0 stato infettato dalla malattia. Allo scopo ha creato un&#8217;associazione di nome &#8220;Kara&#8221;.<\/p>\n\n\n\n<p>E dal suo quartier generale di Harare l&#8217;inglese Rogers coordina in varie nazioni un&#8217;iniziativa pi\u00f9 ambiziosa: \u00abArginare il contagio, salvare i giovani prima che s&#8217;infettino. Aiutandoli a cambiare le abitudini sessuali\u00bb. Niente prediche, niente conferenze di esperti.<\/p>\n\n\n\n<p>\u00abPer agire sui giovani occorre che l&#8217;iniziativa parta da loro coetanei alla pari, perch\u00e9 \u00e8 il gruppo a fissare gli standard sessuali\u00bb, dice padre Rogers. \u00abI nostri commando giovanili vanno nelle scuole, nei bar, nei villaggi. Si mescolano ai coetanei. Trasmettono informazioni. Spiegano come si contrae l&#8217;Aids. Dicono come fare per non prendere il contagio\u00bb. E come? \u00abCon la castit\u00e0 prima del matrimonio e con la fedelt\u00e0 coniugale poi\u00bb.<\/p>\n\n\n\n<p>A Roma, nella curia generalizia dei gesuiti, padre Jean Ilboudo, del Burkina Faso, \u00e8 l&#8217;assistente generale per l&#8217;Africa. Conferma: \u00abLa pubblicit\u00e0 del preservativo la fanno gli Stati. Noi gesuiti andiamo invece alla radice. Facciamo capire, ad esempio, che la vedova di un malato di Aids non deve obbligatoriamente andare in sposa al fratello del marito scomparso, com&#8217;\u00e8 d&#8217;uso in molti paesi, dal Burkina alla Tanzania, facendosi veicolo di morte.<\/p>\n\n\n\n<p>O viceversa. Purtroppo accade di frequente che uno dei coniugi sia infetto. In simili casi l&#8217;uso del preservativo \u00e8 comprensibile (?)\u00bb. I gesuiti non sono i soli a puntare sul cambiamento degli standard sessuali, in Africa. Allo stesso obiettivo mirano (v. qui sotto) organizzazioni laiche. Con i primi risultati. In Uganda, oggi \u00e8 pi\u00f9 alta l&#8217;et\u00e0 del primo rapporto sessuale ed \u00e8 diminuito il numero dei rapporti sessuali fuori della coppia.<\/p>\n\n\n\n<h4 class=\"wp-block-heading has-text-align-center\"><strong>Attacco in stile olandese<\/strong><\/h4>\n\n\n\n<p>In Tanzania, nel distretto di Magu dalle parti del Lago Vittoria, sono diminuite le gravidanze tra le giovani a scuola. Sono sparite le feste popolari con i ragazzi a caccia di vergini nelle foreste. E non capita pi\u00f9 che i genitori mandino le figlie a fare compere senza soldi. Perch\u00e9? Perch\u00e9 la gente dei villaggi ha individuato che alcuni comportamenti sono veicolo di contagio dell\u2019Aids.<\/p>\n\n\n\n<p>E quindi ha deciso di vietarli. Adesso in ogni villaggio del distretto c\u2019\u00e8 una milizia che vigila. E multa chi disubbidisce. Tutto \u00e8 nato da un\u2019inchiesta condotta da ricercatori olandesi, mirata a individuare le abitudini sessuali a rischio Aids. Coinvolta nell\u2019inchiesta, le gente dei villaggi ha voluto passare dalle parole ai fatti. Convinta che per fermare l\u2019Aids la via maestra \u00e8 arginare la promiscuit\u00e0 sessuale.<\/p>\n\n\n\n<p class=\"has-text-align-center\">__________<\/p>\n\n\n\n<p>Sulle vie per combattere l&#8217;Aids alla radice, in Africa ma non solo, e a commento della speciale sessione delle Nazioni unite tenuta lo scorso giugno, il quotidiano &#8220;The Wall Street Journal&#8221; ha pubblicato un editoriale di grande interesse. L&#8217;editoriale sostiene tesi molto affini a quelle sopra descritte dei gesuiti. Eccone i passaggi essenziali:<\/p>\n\n\n\n<h4 class=\"wp-block-heading has-text-align-center\">&#8220;<strong>The S-Word. Spell it out&#8221;<\/strong><\/h4>\n\n\n\n<p class=\"has-text-align-center\">(da &#8220;The Wall Street Journal&#8221; del 29 giugno 2001)<\/p>\n\n\n\n<p><em>One of the most impressive health achievements of the latter 20th century was accomplished not with pharmaceuticals but with individual self-control and plenty of latex. When Aids first took off in the 1980s, the disease seemed destined to virtually wipe out gays in America.<\/em>But after enough homosexuals watched friends and lovers languish and die in terrifying numbers, this once hedonistic, live-for-the-moment culture got serious. A quiet revolution in the bedroom curtailed the spread of this deadly virus in less time than anyone had imagined possible. [&#8230;] In Africa [too] the root cause of Aids is almost entirely the result of promiscuity.<\/p>\n\n\n\n<p>If you have relations with only one healthy partner, you don\u2019t get sick. This awkward fact makes everybody concerned with Africa\u2019s Aids epidemic squeamish. The more cheerful corollary is this: Barring some miscreant sticking an infected syringe in your arm, an emergency transfusion of bad blood or outright sexual coercion &#8211; admittedly all too common for African women &#8211; you don\u2019t have to get Aids. You can protect yourself. [&#8230;]<\/p>\n\n\n\n<p>Africans can avoid Hiv. It doesn\u2019t take the West, it doesn\u2019t take money, and it doesn\u2019t even take condoms. It just takes sexual fidelity. America\u2019s Aids infection rates are stabilizing largely due to personal responsibility. To fail to press Africans to exercise that same 100%-effective discipline is devastatingly counterproductive, and not a little condescending, either.<\/p>\n\n\n\n<p class=\"has-text-align-center\">_____________________________<\/p>\n\n\n\n<p>E questo \u00e8 invece l\u2019intervento che monsignor Javier Lozano Barrag\u00e1n, presidente del Pontificio consiglio per la pastorale della salute, ha pronunciato il 28 giugno 2001 a New York nel corso della XXVI Sessione speciale dell\u2019Assemblea generale delle Nazioni unite sull\u2019Aids:<em>El Santo Padre Juan Pablo II estima como una prioridad el esfuerzo del mundo para combatir la pandemia del SIDA, as\u00ed ha respondido a la Carta que Su Excelencia el Secretario General de las Naciones Unidas, Se\u00f1or Kofi Annan, le ha enviado a este respecto con la misiva que me honro en traer y entreg\u00e1rsela. El mensaje se distribuye junto con el texto de mi intervenci\u00f3n.<\/em><\/p>\n\n\n\n<p>Ante la magnitud del flagelo del SIDA, 36.1 millones de afectados a la fecha, la Santa Sede siempre ha manifestado su deseo de combatirla; desde cuando apareci\u00f3, hace veinte a\u00f1os, se han muerto debido a ella 21.8 millones de personas en el mundo, de las cuales, 15 millones en Africa. Hasta la fecha la epidemia ha dejado 13.2 millones de hu\u00e9rfanos. El Papa, en diferentes ocasiones, ha afirmado que el enfermo de SIDA debe ser objeto de toda asistencia y de todo respeto, que se le debe dar toda clase de alivio moral y espiritual, m\u00e1s aun, que debe ser tratado como Cristo mismo.<\/p>\n\n\n\n<p><em>Frente a los hu\u00e9rfanos de padres que murieron por el SIDA dice que debe mostrarse en especial el amor misericordioso de Dios. Siguiendo el llamado del Papa, el 12% de quienes se ocupan de los enfermos de SIDA en el mundo son organismos eclesiales cat\u00f3licos y el 13% son Organizaciones no Gubernamentales cat\u00f3licas, teniendo as\u00ed la Iglesia cat\u00f3lica un 25% del cuidado total, que la acreditan como el mayor sost\u00e9n de los Estados en la lucha contra<\/em> <em>el SIDA.<\/em><\/p>\n\n\n\n<p>Son dos las acciones que se exigen frente a este mal: prevenirlo y curarlo. Las dos son de suma importancia, pero vale m\u00e1s prevenir que remediar. Para prevenir esta enfermedad hay que entrar de lleno en su propia naturaleza que de una manera especial envuelve a toda la persona y en muchos casos se da simult\u00e1neamente en el plano de los valores existenciales siendo una verdadera patolog\u00eda del esp\u00edritu, que no da\u00f1a solamente al cuerpo sino toda la persona, sus relaciones personales, su vida social y muchas veces lleva consigo crisis de valores morales.<\/p>\n\n\n\n<p>En cuanto al SIDA que se transmite sexualmente la prevenci\u00f3n m\u00e1s profunda y a la vez m\u00e1s eficaz es la formaci\u00f3n en los aut\u00e9nticos valores de la vida, el amor y el sexo. Su recta perspectiva har\u00e1 conscientes a las mujeres y hombres de hoy, de c\u00f3mo a trav\u00e9s de estos valores llegan a su plena realizaci\u00f3n personal en una madurez afectiva y en una sexualidad ordenada, que da exclusividad a la pareja y la lleva a seguir normas de conducta que la preserva del contagio sexual del SIDA.<\/p>\n\n\n\n<p>No se escapa a nadie que las libertades sexuales aumentan el peligro de contagio. En este contexto se entienden los valores de la fidelidad matrimonial y de la castidad. As\u00ed, la prevenci\u00f3n y la informaci\u00f3n que conlleva, se realizan respetando la dignidad del hombre y su destino trascendente, excluyendo campa\u00f1as que impliquen modelos de comportamiento que destruyan la vida y favorezcan la extensi\u00f3n del mal. Un factor muy importante que condiciona su r\u00e1pido contagio es la situaci\u00f3n de miseria en la que vive gran parte de la humanidad. No cabe duda que ser\u00e1 decisiva para combatirla una mayor justicia social internacional, que desplace la econom\u00eda como horizonte exclusivo de una globalizaci\u00f3n salvaje.<\/p>\n\n\n\n<p>El Papa exhorta a los diversos Gobiernos y a la comunidad cient\u00edfica a continuar la investigaci\u00f3n sobre la enfermedad. Por desgracia en muchos pa\u00edses es imposible el cuidado de los pacientes de SIDA debido a los altos costos de los medicamentos patentados. El Papa recuerda que &#8220;La Iglesia ha ense\u00f1adoconsistentemente que hay una &#8220;hipoteca social&#8221; sobre toda propiedad privada, y que este concepto hay que aplicarlo a la &#8220;propiedad intelectual&#8221;. La sola ley de la ganancia no puede ser aplicada a lo que es esencial en la lucha contra el hambre, la enfermedad y la pobreza.<\/p>\n\n\n\n<p>Para una mayor efectividad en la lucha contra el SIDA la Santa Sede sugiere apoyar los planes globales mundiales para coordinar el combate a la enfermedad; invita a todos los Gobiernos a aprovechar cabalmente el poder y la autoridad del Estado para hacer frente a la epidemia y en especial sugiere dedicar presupuestos suficientes para combatir este flagelo; incrementar la educaci\u00f3n escolar y extra escolar de los valores de la vida, del amor y del sexo, as\u00ed como insistir en la igualdad del hombre y la mujer; eliminar toda forma de discriminaci\u00f3n de los enfermos de SIDA; apoyarlos espiritualmente; recomienda multiplicar los centros para su debida atenci\u00f3n; informar y educar adecuadamente sobre el SIDA; invitar a una mayor participaci\u00f3n de la sociedad civil en la lucha contra el SIDA; invitar a la gente de buena voluntad a comprometerse m\u00e1s en combatirlo; pedir a los pa\u00edses industrializados que, evitando toda forma de colonialismo, ayuden en esta campa\u00f1a a los pa\u00edses que lo necesiten; erradicar la explotaci\u00f3n sexual especialmente la ligada al turismo o a las migraciones; abaratar al m\u00e1ximo los medicamentos antiretrovirales para el SIDA; intensificar las campa\u00f1as para evitar la transmisi\u00f3n materno infantil del mal; poner un especial cuidado en el tratamiento de los infectados y en la protecci\u00f3n de los hu\u00e9rfanos del SIDA; y atender especialmente a los grupos sociales m\u00e1s vulnerables.<\/p>\n","protected":false},"excerpt":{"rendered":"<p>espressonline.it blog di Sandro Magister I seguaci di Sant&#8217;Ignazio all&#8217;opera in Africa contro il flagello. Ma non solo loro. Anche organizzazioni laiche puntano a frenare la promiscuit\u00e0 sessuale. E il &#8220;Wall Street Journal&#8221; si trova d&#8217;accordo col Vaticano di Sandro Magister<\/p><p><a class=\"more-link btn\" href=\"https:\/\/www.rassegnastampa-totustuus.it\/cattolica\/gesuiti-e-aids-siamo-i-commando-della-castit\/\">Continua a leggere<\/a><\/p>\n","protected":false},"author":6,"featured_media":27377,"comment_status":"closed","ping_status":"open","sticky":false,"template":"","format":"standard","meta":{"footnotes":""},"categories":[46,5],"tags":[2393,555],"class_list":["post-405","post","type-post","status-publish","format-standard","has-post-thumbnail","hentry","category-aids","category-chiesa","tag-africa","tag-gesuiti","item-wrap"],"yoast_head":"<!-- This site is optimized with the Yoast SEO plugin v27.4 - https:\/\/yoast.com\/product\/yoast-seo-wordpress\/ -->\n<title>Gesuiti e Aids. Siamo i commando della castit&agrave; - Rassegna Stampa Cattolica<\/title>\n<meta name=\"description\" content=\"Gesuiti e Aids. Siamo i commando della castit\u00e0- Anche organizzazioni laiche puntano a frenare la promiscuit\u00e0 sessuale.\" \/>\n<meta name=\"robots\" content=\"index, follow, max-snippet:-1, max-image-preview:large, max-video-preview:-1\" \/>\n<link rel=\"canonical\" href=\"https:\/\/www.rassegnastampa-totustuus.it\/cattolica\/gesuiti-e-aids-siamo-i-commando-della-castit\/\" \/>\n<meta property=\"og:locale\" content=\"it_IT\" \/>\n<meta property=\"og:type\" content=\"article\" \/>\n<meta property=\"og:title\" content=\"Gesuiti e Aids. Siamo i commando della castit&agrave; - Rassegna Stampa Cattolica\" \/>\n<meta property=\"og:description\" content=\"Gesuiti e Aids. Siamo i commando della castit\u00e0- Anche organizzazioni laiche puntano a frenare la promiscuit\u00e0 sessuale.\" \/>\n<meta property=\"og:url\" content=\"https:\/\/www.rassegnastampa-totustuus.it\/cattolica\/gesuiti-e-aids-siamo-i-commando-della-castit\/\" \/>\n<meta property=\"og:site_name\" content=\"Rassegna Stampa Cattolica\" \/>\n<meta property=\"article:publisher\" content=\"https:\/\/www.facebook.com\/rassegnastampacattolica\" \/>\n<meta property=\"article:published_time\" content=\"2005-05-06T22:00:00+00:00\" \/>\n<meta property=\"article:modified_time\" content=\"2025-07-13T13:28:14+00:00\" \/>\n<meta property=\"og:image\" content=\"https:\/\/www.rassegnastampa-totustuus.it\/cattolica\/wp-content\/uploads\/2005\/05\/Aids_Africa.jpg\" \/>\n\t<meta property=\"og:image:width\" content=\"258\" \/>\n\t<meta property=\"og:image:height\" content=\"195\" \/>\n\t<meta property=\"og:image:type\" content=\"image\/jpeg\" \/>\n<meta name=\"author\" content=\"Redazione\" \/>\n<meta name=\"twitter:card\" content=\"summary_large_image\" \/>\n<meta name=\"twitter:creator\" content=\"@rassegnastampa9\" \/>\n<meta name=\"twitter:site\" content=\"@rassegnastampa9\" \/>\n<meta name=\"twitter:label1\" content=\"Scritto da\" \/>\n\t<meta name=\"twitter:data1\" content=\"Redazione\" \/>\n\t<meta name=\"twitter:label2\" content=\"Tempo di lettura stimato\" \/>\n\t<meta name=\"twitter:data2\" content=\"10 minuti\" \/>\n<script type=\"application\/ld+json\" class=\"yoast-schema-graph\">{\"@context\":\"https:\\\/\\\/schema.org\",\"@graph\":[{\"@type\":\"Article\",\"@id\":\"https:\\\/\\\/www.rassegnastampa-totustuus.it\\\/cattolica\\\/gesuiti-e-aids-siamo-i-commando-della-castit\\\/#article\",\"isPartOf\":{\"@id\":\"https:\\\/\\\/www.rassegnastampa-totustuus.it\\\/cattolica\\\/gesuiti-e-aids-siamo-i-commando-della-castit\\\/\"},\"author\":{\"name\":\"Redazione\",\"@id\":\"https:\\\/\\\/www.rassegnastampa-totustuus.it\\\/cattolica\\\/#\\\/schema\\\/person\\\/08f319d2bd1a0904ad9e2bfb7b15e5c3\"},\"headline\":\"Gesuiti e Aids. Siamo i commando della castit&agrave;\",\"datePublished\":\"2005-05-06T22:00:00+00:00\",\"dateModified\":\"2025-07-13T13:28:14+00:00\",\"mainEntityOfPage\":{\"@id\":\"https:\\\/\\\/www.rassegnastampa-totustuus.it\\\/cattolica\\\/gesuiti-e-aids-siamo-i-commando-della-castit\\\/\"},\"wordCount\":1845,\"publisher\":{\"@id\":\"https:\\\/\\\/www.rassegnastampa-totustuus.it\\\/cattolica\\\/#organization\"},\"image\":{\"@id\":\"https:\\\/\\\/www.rassegnastampa-totustuus.it\\\/cattolica\\\/gesuiti-e-aids-siamo-i-commando-della-castit\\\/#primaryimage\"},\"thumbnailUrl\":\"https:\\\/\\\/www.rassegnastampa-totustuus.it\\\/cattolica\\\/wp-content\\\/uploads\\\/2005\\\/05\\\/Aids_Africa.jpg\",\"keywords\":[\"Africa\",\"gesuiti\"],\"articleSection\":[\"Aids\",\"Chiesa\"],\"inLanguage\":\"it-IT\"},{\"@type\":\"WebPage\",\"@id\":\"https:\\\/\\\/www.rassegnastampa-totustuus.it\\\/cattolica\\\/gesuiti-e-aids-siamo-i-commando-della-castit\\\/\",\"url\":\"https:\\\/\\\/www.rassegnastampa-totustuus.it\\\/cattolica\\\/gesuiti-e-aids-siamo-i-commando-della-castit\\\/\",\"name\":\"Gesuiti e Aids. Siamo i commando della castit&agrave; - Rassegna Stampa Cattolica\",\"isPartOf\":{\"@id\":\"https:\\\/\\\/www.rassegnastampa-totustuus.it\\\/cattolica\\\/#website\"},\"primaryImageOfPage\":{\"@id\":\"https:\\\/\\\/www.rassegnastampa-totustuus.it\\\/cattolica\\\/gesuiti-e-aids-siamo-i-commando-della-castit\\\/#primaryimage\"},\"image\":{\"@id\":\"https:\\\/\\\/www.rassegnastampa-totustuus.it\\\/cattolica\\\/gesuiti-e-aids-siamo-i-commando-della-castit\\\/#primaryimage\"},\"thumbnailUrl\":\"https:\\\/\\\/www.rassegnastampa-totustuus.it\\\/cattolica\\\/wp-content\\\/uploads\\\/2005\\\/05\\\/Aids_Africa.jpg\",\"datePublished\":\"2005-05-06T22:00:00+00:00\",\"dateModified\":\"2025-07-13T13:28:14+00:00\",\"description\":\"Gesuiti e Aids. Siamo i commando della castit\u00e0- Anche organizzazioni laiche puntano a frenare la promiscuit\u00e0 sessuale.\",\"breadcrumb\":{\"@id\":\"https:\\\/\\\/www.rassegnastampa-totustuus.it\\\/cattolica\\\/gesuiti-e-aids-siamo-i-commando-della-castit\\\/#breadcrumb\"},\"inLanguage\":\"it-IT\",\"potentialAction\":[{\"@type\":\"ReadAction\",\"target\":[\"https:\\\/\\\/www.rassegnastampa-totustuus.it\\\/cattolica\\\/gesuiti-e-aids-siamo-i-commando-della-castit\\\/\"]}]},{\"@type\":\"ImageObject\",\"inLanguage\":\"it-IT\",\"@id\":\"https:\\\/\\\/www.rassegnastampa-totustuus.it\\\/cattolica\\\/gesuiti-e-aids-siamo-i-commando-della-castit\\\/#primaryimage\",\"url\":\"https:\\\/\\\/www.rassegnastampa-totustuus.it\\\/cattolica\\\/wp-content\\\/uploads\\\/2005\\\/05\\\/Aids_Africa.jpg\",\"contentUrl\":\"https:\\\/\\\/www.rassegnastampa-totustuus.it\\\/cattolica\\\/wp-content\\\/uploads\\\/2005\\\/05\\\/Aids_Africa.jpg\",\"width\":258,\"height\":195},{\"@type\":\"BreadcrumbList\",\"@id\":\"https:\\\/\\\/www.rassegnastampa-totustuus.it\\\/cattolica\\\/gesuiti-e-aids-siamo-i-commando-della-castit\\\/#breadcrumb\",\"itemListElement\":[{\"@type\":\"ListItem\",\"position\":1,\"name\":\"Home\",\"item\":\"https:\\\/\\\/www.rassegnastampa-totustuus.it\\\/cattolica\\\/\"},{\"@type\":\"ListItem\",\"position\":2,\"name\":\"Gesuiti e Aids. Siamo i commando della castit&agrave;\"}]},{\"@type\":\"WebSite\",\"@id\":\"https:\\\/\\\/www.rassegnastampa-totustuus.it\\\/cattolica\\\/#website\",\"url\":\"https:\\\/\\\/www.rassegnastampa-totustuus.it\\\/cattolica\\\/\",\"name\":\"Rassegna Stampa Cattolica\",\"description\":\"Per una cultura che nasce dalla Rivelazione cristiana in conformit\u00e0 alla tradizione e al Magistero della Chiesa in opposizione ad ogni relativismo e totalitarismo\",\"publisher\":{\"@id\":\"https:\\\/\\\/www.rassegnastampa-totustuus.it\\\/cattolica\\\/#organization\"},\"alternateName\":\"Rass. Cattolica\",\"potentialAction\":[{\"@type\":\"SearchAction\",\"target\":{\"@type\":\"EntryPoint\",\"urlTemplate\":\"https:\\\/\\\/www.rassegnastampa-totustuus.it\\\/cattolica\\\/?s={search_term_string}\"},\"query-input\":{\"@type\":\"PropertyValueSpecification\",\"valueRequired\":true,\"valueName\":\"search_term_string\"}}],\"inLanguage\":\"it-IT\"},{\"@type\":\"Organization\",\"@id\":\"https:\\\/\\\/www.rassegnastampa-totustuus.it\\\/cattolica\\\/#organization\",\"name\":\"Rassegna Stampa Cattolica\",\"url\":\"https:\\\/\\\/www.rassegnastampa-totustuus.it\\\/cattolica\\\/\",\"logo\":{\"@type\":\"ImageObject\",\"inLanguage\":\"it-IT\",\"@id\":\"https:\\\/\\\/www.rassegnastampa-totustuus.it\\\/cattolica\\\/#\\\/schema\\\/logo\\\/image\\\/\",\"url\":\"https:\\\/\\\/www.rassegnastampa-totustuus.it\\\/cattolica\\\/wp-content\\\/uploads\\\/2014\\\/04\\\/logo-rassegna1.gif\",\"contentUrl\":\"https:\\\/\\\/www.rassegnastampa-totustuus.it\\\/cattolica\\\/wp-content\\\/uploads\\\/2014\\\/04\\\/logo-rassegna1.gif\",\"width\":600,\"height\":163,\"caption\":\"Rassegna Stampa Cattolica\"},\"image\":{\"@id\":\"https:\\\/\\\/www.rassegnastampa-totustuus.it\\\/cattolica\\\/#\\\/schema\\\/logo\\\/image\\\/\"},\"sameAs\":[\"https:\\\/\\\/www.facebook.com\\\/rassegnastampacattolica\",\"https:\\\/\\\/x.com\\\/rassegnastampa9\"]},{\"@type\":\"Person\",\"@id\":\"https:\\\/\\\/www.rassegnastampa-totustuus.it\\\/cattolica\\\/#\\\/schema\\\/person\\\/08f319d2bd1a0904ad9e2bfb7b15e5c3\",\"name\":\"Redazione\",\"image\":{\"@type\":\"ImageObject\",\"inLanguage\":\"it-IT\",\"@id\":\"https:\\\/\\\/secure.gravatar.com\\\/avatar\\\/2fcdf27c78ea025fbdb44e914cc63c72249ffec9dc8aafd5c82b26240ef3f346?s=96&d=mm&r=g\",\"url\":\"https:\\\/\\\/secure.gravatar.com\\\/avatar\\\/2fcdf27c78ea025fbdb44e914cc63c72249ffec9dc8aafd5c82b26240ef3f346?s=96&d=mm&r=g\",\"contentUrl\":\"https:\\\/\\\/secure.gravatar.com\\\/avatar\\\/2fcdf27c78ea025fbdb44e914cc63c72249ffec9dc8aafd5c82b26240ef3f346?s=96&d=mm&r=g\",\"caption\":\"Redazione\"},\"url\":\"https:\\\/\\\/www.rassegnastampa-totustuus.it\\\/cattolica\\\/author\\\/pietroelle\\\/\"}]}<\/script>\n<!-- \/ Yoast SEO plugin. -->","yoast_head_json":{"title":"Gesuiti e Aids. Siamo i commando della castit&agrave; - Rassegna Stampa Cattolica","description":"Gesuiti e Aids. Siamo i commando della castit\u00e0- Anche organizzazioni laiche puntano a frenare la promiscuit\u00e0 sessuale.","robots":{"index":"index","follow":"follow","max-snippet":"max-snippet:-1","max-image-preview":"max-image-preview:large","max-video-preview":"max-video-preview:-1"},"canonical":"https:\/\/www.rassegnastampa-totustuus.it\/cattolica\/gesuiti-e-aids-siamo-i-commando-della-castit\/","og_locale":"it_IT","og_type":"article","og_title":"Gesuiti e Aids. Siamo i commando della castit&agrave; - Rassegna Stampa Cattolica","og_description":"Gesuiti e Aids. Siamo i commando della castit\u00e0- Anche organizzazioni laiche puntano a frenare la promiscuit\u00e0 sessuale.","og_url":"https:\/\/www.rassegnastampa-totustuus.it\/cattolica\/gesuiti-e-aids-siamo-i-commando-della-castit\/","og_site_name":"Rassegna Stampa Cattolica","article_publisher":"https:\/\/www.facebook.com\/rassegnastampacattolica","article_published_time":"2005-05-06T22:00:00+00:00","article_modified_time":"2025-07-13T13:28:14+00:00","og_image":[{"width":258,"height":195,"url":"https:\/\/www.rassegnastampa-totustuus.it\/cattolica\/wp-content\/uploads\/2005\/05\/Aids_Africa.jpg","type":"image\/jpeg"}],"author":"Redazione","twitter_card":"summary_large_image","twitter_creator":"@rassegnastampa9","twitter_site":"@rassegnastampa9","twitter_misc":{"Scritto da":"Redazione","Tempo di lettura stimato":"10 minuti"},"schema":{"@context":"https:\/\/schema.org","@graph":[{"@type":"Article","@id":"https:\/\/www.rassegnastampa-totustuus.it\/cattolica\/gesuiti-e-aids-siamo-i-commando-della-castit\/#article","isPartOf":{"@id":"https:\/\/www.rassegnastampa-totustuus.it\/cattolica\/gesuiti-e-aids-siamo-i-commando-della-castit\/"},"author":{"name":"Redazione","@id":"https:\/\/www.rassegnastampa-totustuus.it\/cattolica\/#\/schema\/person\/08f319d2bd1a0904ad9e2bfb7b15e5c3"},"headline":"Gesuiti e Aids. Siamo i commando della castit&agrave;","datePublished":"2005-05-06T22:00:00+00:00","dateModified":"2025-07-13T13:28:14+00:00","mainEntityOfPage":{"@id":"https:\/\/www.rassegnastampa-totustuus.it\/cattolica\/gesuiti-e-aids-siamo-i-commando-della-castit\/"},"wordCount":1845,"publisher":{"@id":"https:\/\/www.rassegnastampa-totustuus.it\/cattolica\/#organization"},"image":{"@id":"https:\/\/www.rassegnastampa-totustuus.it\/cattolica\/gesuiti-e-aids-siamo-i-commando-della-castit\/#primaryimage"},"thumbnailUrl":"https:\/\/www.rassegnastampa-totustuus.it\/cattolica\/wp-content\/uploads\/2005\/05\/Aids_Africa.jpg","keywords":["Africa","gesuiti"],"articleSection":["Aids","Chiesa"],"inLanguage":"it-IT"},{"@type":"WebPage","@id":"https:\/\/www.rassegnastampa-totustuus.it\/cattolica\/gesuiti-e-aids-siamo-i-commando-della-castit\/","url":"https:\/\/www.rassegnastampa-totustuus.it\/cattolica\/gesuiti-e-aids-siamo-i-commando-della-castit\/","name":"Gesuiti e Aids. Siamo i commando della castit&agrave; - Rassegna Stampa Cattolica","isPartOf":{"@id":"https:\/\/www.rassegnastampa-totustuus.it\/cattolica\/#website"},"primaryImageOfPage":{"@id":"https:\/\/www.rassegnastampa-totustuus.it\/cattolica\/gesuiti-e-aids-siamo-i-commando-della-castit\/#primaryimage"},"image":{"@id":"https:\/\/www.rassegnastampa-totustuus.it\/cattolica\/gesuiti-e-aids-siamo-i-commando-della-castit\/#primaryimage"},"thumbnailUrl":"https:\/\/www.rassegnastampa-totustuus.it\/cattolica\/wp-content\/uploads\/2005\/05\/Aids_Africa.jpg","datePublished":"2005-05-06T22:00:00+00:00","dateModified":"2025-07-13T13:28:14+00:00","description":"Gesuiti e Aids. Siamo i commando della castit\u00e0- Anche organizzazioni laiche puntano a frenare la promiscuit\u00e0 sessuale.","breadcrumb":{"@id":"https:\/\/www.rassegnastampa-totustuus.it\/cattolica\/gesuiti-e-aids-siamo-i-commando-della-castit\/#breadcrumb"},"inLanguage":"it-IT","potentialAction":[{"@type":"ReadAction","target":["https:\/\/www.rassegnastampa-totustuus.it\/cattolica\/gesuiti-e-aids-siamo-i-commando-della-castit\/"]}]},{"@type":"ImageObject","inLanguage":"it-IT","@id":"https:\/\/www.rassegnastampa-totustuus.it\/cattolica\/gesuiti-e-aids-siamo-i-commando-della-castit\/#primaryimage","url":"https:\/\/www.rassegnastampa-totustuus.it\/cattolica\/wp-content\/uploads\/2005\/05\/Aids_Africa.jpg","contentUrl":"https:\/\/www.rassegnastampa-totustuus.it\/cattolica\/wp-content\/uploads\/2005\/05\/Aids_Africa.jpg","width":258,"height":195},{"@type":"BreadcrumbList","@id":"https:\/\/www.rassegnastampa-totustuus.it\/cattolica\/gesuiti-e-aids-siamo-i-commando-della-castit\/#breadcrumb","itemListElement":[{"@type":"ListItem","position":1,"name":"Home","item":"https:\/\/www.rassegnastampa-totustuus.it\/cattolica\/"},{"@type":"ListItem","position":2,"name":"Gesuiti e Aids. Siamo i commando della castit&agrave;"}]},{"@type":"WebSite","@id":"https:\/\/www.rassegnastampa-totustuus.it\/cattolica\/#website","url":"https:\/\/www.rassegnastampa-totustuus.it\/cattolica\/","name":"Rassegna Stampa Cattolica","description":"Per una cultura che nasce dalla Rivelazione cristiana in conformit\u00e0 alla tradizione e al Magistero della Chiesa in opposizione ad ogni relativismo e totalitarismo","publisher":{"@id":"https:\/\/www.rassegnastampa-totustuus.it\/cattolica\/#organization"},"alternateName":"Rass. Cattolica","potentialAction":[{"@type":"SearchAction","target":{"@type":"EntryPoint","urlTemplate":"https:\/\/www.rassegnastampa-totustuus.it\/cattolica\/?s={search_term_string}"},"query-input":{"@type":"PropertyValueSpecification","valueRequired":true,"valueName":"search_term_string"}}],"inLanguage":"it-IT"},{"@type":"Organization","@id":"https:\/\/www.rassegnastampa-totustuus.it\/cattolica\/#organization","name":"Rassegna Stampa Cattolica","url":"https:\/\/www.rassegnastampa-totustuus.it\/cattolica\/","logo":{"@type":"ImageObject","inLanguage":"it-IT","@id":"https:\/\/www.rassegnastampa-totustuus.it\/cattolica\/#\/schema\/logo\/image\/","url":"https:\/\/www.rassegnastampa-totustuus.it\/cattolica\/wp-content\/uploads\/2014\/04\/logo-rassegna1.gif","contentUrl":"https:\/\/www.rassegnastampa-totustuus.it\/cattolica\/wp-content\/uploads\/2014\/04\/logo-rassegna1.gif","width":600,"height":163,"caption":"Rassegna Stampa Cattolica"},"image":{"@id":"https:\/\/www.rassegnastampa-totustuus.it\/cattolica\/#\/schema\/logo\/image\/"},"sameAs":["https:\/\/www.facebook.com\/rassegnastampacattolica","https:\/\/x.com\/rassegnastampa9"]},{"@type":"Person","@id":"https:\/\/www.rassegnastampa-totustuus.it\/cattolica\/#\/schema\/person\/08f319d2bd1a0904ad9e2bfb7b15e5c3","name":"Redazione","image":{"@type":"ImageObject","inLanguage":"it-IT","@id":"https:\/\/secure.gravatar.com\/avatar\/2fcdf27c78ea025fbdb44e914cc63c72249ffec9dc8aafd5c82b26240ef3f346?s=96&d=mm&r=g","url":"https:\/\/secure.gravatar.com\/avatar\/2fcdf27c78ea025fbdb44e914cc63c72249ffec9dc8aafd5c82b26240ef3f346?s=96&d=mm&r=g","contentUrl":"https:\/\/secure.gravatar.com\/avatar\/2fcdf27c78ea025fbdb44e914cc63c72249ffec9dc8aafd5c82b26240ef3f346?s=96&d=mm&r=g","caption":"Redazione"},"url":"https:\/\/www.rassegnastampa-totustuus.it\/cattolica\/author\/pietroelle\/"}]}},"_links":{"self":[{"href":"https:\/\/www.rassegnastampa-totustuus.it\/cattolica\/wp-json\/wp\/v2\/posts\/405","targetHints":{"allow":["GET"]}}],"collection":[{"href":"https:\/\/www.rassegnastampa-totustuus.it\/cattolica\/wp-json\/wp\/v2\/posts"}],"about":[{"href":"https:\/\/www.rassegnastampa-totustuus.it\/cattolica\/wp-json\/wp\/v2\/types\/post"}],"author":[{"embeddable":true,"href":"https:\/\/www.rassegnastampa-totustuus.it\/cattolica\/wp-json\/wp\/v2\/users\/6"}],"replies":[{"embeddable":true,"href":"https:\/\/www.rassegnastampa-totustuus.it\/cattolica\/wp-json\/wp\/v2\/comments?post=405"}],"version-history":[{"count":4,"href":"https:\/\/www.rassegnastampa-totustuus.it\/cattolica\/wp-json\/wp\/v2\/posts\/405\/revisions"}],"predecessor-version":[{"id":63161,"href":"https:\/\/www.rassegnastampa-totustuus.it\/cattolica\/wp-json\/wp\/v2\/posts\/405\/revisions\/63161"}],"wp:featuredmedia":[{"embeddable":true,"href":"https:\/\/www.rassegnastampa-totustuus.it\/cattolica\/wp-json\/wp\/v2\/media\/27377"}],"wp:attachment":[{"href":"https:\/\/www.rassegnastampa-totustuus.it\/cattolica\/wp-json\/wp\/v2\/media?parent=405"}],"wp:term":[{"taxonomy":"category","embeddable":true,"href":"https:\/\/www.rassegnastampa-totustuus.it\/cattolica\/wp-json\/wp\/v2\/categories?post=405"},{"taxonomy":"post_tag","embeddable":true,"href":"https:\/\/www.rassegnastampa-totustuus.it\/cattolica\/wp-json\/wp\/v2\/tags?post=405"}],"curies":[{"name":"wp","href":"https:\/\/api.w.org\/{rel}","templated":true}]}}