{"id":40433,"date":"2018-05-31T00:00:19","date_gmt":"2018-05-30T22:00:19","guid":{"rendered":"http:\/\/www.rassegnastampa-totustuus.it\/cattolica\/?p=40433"},"modified":"2018-05-28T12:46:34","modified_gmt":"2018-05-28T10:46:34","slug":"quando-la-madonna-protesse-una-citta-del-kansas-dalla-guerra","status":"publish","type":"post","link":"https:\/\/www.rassegnastampa-totustuus.it\/cattolica\/quando-la-madonna-protesse-una-citta-del-kansas-dalla-guerra\/","title":{"rendered":"Quando la Madonna protesse una citt\u00e0 del Kansas dalla guerra"},"content":{"rendered":"<p style=\"text-align: center;\"><strong><a href=\"https:\/\/it.aleteia.org\/\" target=\"_blank\" rel=\"noopener\">Aleteia<\/a> <\/strong>28 Maggio 2018<img loading=\"lazy\" decoding=\"async\" class=\"wp-image-40434 alignleft\" src=\"https:\/\/www.rassegnastampa-totustuus.it\/cattolica\/wp-content\/uploads\/2018\/05\/St.-Benedict_Kansas.jpg\" alt=\"\" width=\"250\" height=\"159\" \/><\/p>\n<p style=\"text-align: justify;\"><em>Avevo 5 anni quando \u00e8 iniziata la II Guerra Mondiale\u201d, ha detto Lilian. \u201cIl sacerdote disse: &#8216;Preghiamo fuori, alla grotta&#8217;\u201d<\/em><\/p>\n<p style=\"text-align: center;\"><strong>Tom Hoopes<\/strong><\/p>\n<p><!--more--><\/p>\n<p style=\"text-align: justify;\">Gli abitanti della cittadina di St. Benedict (Kansas, Stati Uniti) hanno ricordato i loro defunti nel\u00a0<em>Memorial Day<\/em>, ma nessuno di loro \u00e8 morto durante la II Guerra Mondiale, la Guerra di Corea o l\u2019operazione Tempesta nel Deserto. La citt\u00e0 ha mandato in guerra molti giovani, ma nessuno \u00e8 morto \u2013 e i cattolici locali attribuiscono questo fatto al Rosario.<\/p>\n<p style=\"text-align: justify;\">Larry Buessing ricorda la chiesa di St. Mary a St. Benedict come quella che suo nonno ha aiutato a costruire nel 1893. \u201cEra un ragazzino e guidava il mulo che tirava le pietre che servivano per costruirla\u201d, ha affermato. La chiesa, costruita dai Benedettini di Atchison (Kansas), all\u2019esterno non ha nulla di eccezionale, ma l\u2019interno \u00e8 bello da togliere il respiro, al punto da essere arrivata tra i finalisti delle \u201c8 Meraviglie del Kansas\u201d in un recente concorso statale.<\/p>\n<p style=\"text-align: justify;\"><img loading=\"lazy\" decoding=\"async\" class=\"alignright wp-image-27618\" src=\"https:\/\/www.rassegnastampa-totustuus.it\/cattolica\/wp-content\/uploads\/2009\/05\/soldati-Usa.jpg\" alt=\"\" width=\"250\" height=\"187\" \/>\u201cLa fede non era qualcosa di straordinario per quegli agricoltori tedeschi\u201d, ha commentato Buessing. \u201cEra una comunit\u00e0 piena di fede\u201d. Questa fede includeva il Rosario, i cui 15 misteri originali sono riportati sulle mura della chiesa. All\u2019esterno c\u2019\u00e8 una grotta aggiunta nel 1936 usando le pietre delle fattorie vicine.<\/p>\n<p style=\"text-align: justify;\">Lilian Engelken, segretaria parrocchiale di St. Mary per 28 anni, ha sentito molte storie sulla costruzione della grotta. \u201cI ragazzi della parrocchia aiutarono a portare le pietre\u201d, ha ricordato. Erano gli stessi che in seguito sarebbero stati mandati in Europa e nel Pacifico per combattere contro le potenze dell\u2019Asse.<\/p>\n<p style=\"text-align: justify;\">Quando \u00e8 scoppiata la II Guerra Mondiale, ha riferito Lilian, \u201cil parroco ci disse: \u2018Reciteremo il Rosario per i nostri uomini\u2019\u201d. E lo fecero, ogni sera alle 19.30, \u201cdopo aver svolto tutti i compiti\u201d, tempo permettendo. Se le condizioni meteorologiche erano inclementi, il Rosario veniva recitato all\u2019interno della chiesa.<\/p>\n<p style=\"text-align: justify;\">La Engelken ricorda che pi\u00f9 di 50 ragazzi partirono per la guerra e tutti sono tornati, nessuno escluso. Altri hanno sub\u00ecto gravi perdite. La citt\u00e0 di Frankfort, sempre nel Kansas nord-orientale, ha perso 32 giovani durante la II Guerra Mondiale.<\/p>\n<p style=\"text-align: justify;\">\u201cBasandosi sui registri dei quotidiani di contea locali dell\u2019epoca, si \u00e8 concluso che la comunit\u00e0 di Frankfort ha perso pi\u00f9 uomini durante la II Guerra Mondiale di qualsiasi altra citt\u00e0 di dimensioni simili\u201d, ha affermato il senatore Pat Roberts inserendo i 32 nomi nel Registro del Congresso nel 2005.<\/p>\n<p style=\"text-align: justify;\">Il miracolo del Rosario viene ricordato dai parrocchiani ancora oggi.<\/p>\n<p style=\"text-align: justify;\"><img loading=\"lazy\" decoding=\"async\" class=\"alignleft wp-image-30024\" src=\"https:\/\/www.rassegnastampa-totustuus.it\/cattolica\/wp-content\/uploads\/2004\/11\/santo_rosario.jpg\" alt=\"\" width=\"250\" height=\"187\" \/>\u201cAlcuni di noi ricordano di avervi partecipato, anche se eravamo piuttosto piccoli. Io avevo cinque anni quando \u00e8 scoppiata la II Guerra Mondiale\u201d, ha detto Lilian. \u201cIl sacerdote disse: \u2018Preghiamo fuori, alla grotta, in ginocchio, e chiediamo che tornino a casa\u2019. E sono tornati tutti\u201d. \u201cAvevamo tre vicini che sono andati in guerra, e due o tre che vivevano a mezzo chilometro nell\u2019altra direzione. Ero giovane ma li conoscevo per via dei fratelli e delle sorelle pi\u00f9 grandi\u201d, ha raccontato Lilian. \u201cSono tornati tutti a casa. La Madonna \u00e8 stata buona con noi\u201d<\/p>\n<p style=\"text-align: justify;\">Anche quando \u00e8 scoppiata la Guerra di Corea la citt\u00e0 ha mandato dei giovani, e sono stati recitati altri Rosari. Ancora una volta, non c\u2019\u00e8 stata alcuna vittima. La pratica \u00e8 stata ricordata nel 1991, quando l\u2019operazione Tempesta nel Deserto ha portato le truppe in Kuwait. Ancora una volta la citt\u00e0 si \u00e8 riunita per pregare, e ancora una volta i \u201cragazzi di St. Benedict\u201d sono stati risparmiati.<\/p>\n<p style=\"text-align: justify;\">Ci sono altri miracoli del Rosario durante la II Guerra Mondiale pi\u00f9 drammatici \u2013 gli otto missionari tedeschi che recitavano ogni giorno il Rosario a Hiroshima (Giappone) durante la guerra rimasti illesi quando la bomba atomica ha distrutto qualsiasi cosa intorno a loro il 6 agosto 1945, o i Rosario quotidiani in Austria per difendersi dai comunisti dopo la fine della guerra \u2013, ma il miracolo del Rosario a St. Benedict, Kansas, ci ricorda come la Madonna si prenda cura degli umili e dei devoti che pregano per la pace, guerra dopo guerra.<\/p>\n<p>&nbsp;<\/p>\n","protected":false},"excerpt":{"rendered":"<p>Aleteia 28 Maggio 2018 Avevo 5 anni quando \u00e8 iniziata la II Guerra Mondiale\u201d, ha detto Lilian. \u201cIl sacerdote disse: &#8216;Preghiamo fuori, alla grotta&#8217;\u201d Tom Hoopes<\/p><p><a class=\"more-link btn\" href=\"https:\/\/www.rassegnastampa-totustuus.it\/cattolica\/quando-la-madonna-protesse-una-citta-del-kansas-dalla-guerra\/\">Continua a leggere<\/a><\/p>\n","protected":false},"author":6,"featured_media":40434,"comment_status":"closed","ping_status":"closed","sticky":false,"template":"","format":"standard","meta":{"footnotes":""},"categories":[5],"tags":[1271,685],"class_list":["post-40433","post","type-post","status-publish","format-standard","has-post-thumbnail","hentry","category-chiesa","tag-devozioni","tag-santo-rosario","item-wrap"],"yoast_head":"<!-- This site is optimized with the Yoast SEO plugin v27.5 - https:\/\/yoast.com\/product\/yoast-seo-wordpress\/ -->\n<title>Quando la Madonna protesse una citt\u00e0 del Kansas dalla guerra - Rassegna Stampa Cattolica<\/title>\n<meta name=\"description\" content=\"Rassegna Stampa Cattolica - Per una cultura che nasce dalla Rivelazione cristiana in conformit\u00e0 alla tradizione e al Magistero della Chiesa in opposizione ad ogni relativismo e totalitarismo\" \/>\n<meta name=\"robots\" content=\"index, follow, max-snippet:-1, max-image-preview:large, max-video-preview:-1\" \/>\n<link rel=\"canonical\" href=\"https:\/\/www.rassegnastampa-totustuus.it\/cattolica\/quando-la-madonna-protesse-una-citta-del-kansas-dalla-guerra\/\" \/>\n<meta property=\"og:locale\" content=\"it_IT\" \/>\n<meta property=\"og:type\" content=\"article\" \/>\n<meta property=\"og:title\" content=\"Quando la Madonna protesse una citt\u00e0 del Kansas dalla guerra - Rassegna Stampa Cattolica\" \/>\n<meta property=\"og:description\" content=\"Rassegna Stampa Cattolica - Per una cultura che nasce dalla Rivelazione cristiana in conformit\u00e0 alla tradizione e al Magistero della Chiesa in opposizione ad ogni relativismo e totalitarismo\" \/>\n<meta property=\"og:url\" content=\"https:\/\/www.rassegnastampa-totustuus.it\/cattolica\/quando-la-madonna-protesse-una-citta-del-kansas-dalla-guerra\/\" \/>\n<meta property=\"og:site_name\" content=\"Rassegna Stampa Cattolica\" \/>\n<meta property=\"article:publisher\" content=\"https:\/\/www.facebook.com\/rassegnastampacattolica\" \/>\n<meta property=\"article:published_time\" content=\"2018-05-30T22:00:19+00:00\" \/>\n<meta property=\"og:image\" content=\"https:\/\/www.rassegnastampa-totustuus.it\/cattolica\/wp-content\/uploads\/2018\/05\/St.-Benedict_Kansas.jpg\" \/>\n\t<meta property=\"og:image:width\" content=\"281\" \/>\n\t<meta property=\"og:image:height\" content=\"179\" \/>\n\t<meta property=\"og:image:type\" content=\"image\/jpeg\" \/>\n<meta name=\"author\" content=\"Redazione\" \/>\n<meta name=\"twitter:card\" content=\"summary_large_image\" \/>\n<meta name=\"twitter:creator\" content=\"@rassegnastampa9\" \/>\n<meta name=\"twitter:site\" content=\"@rassegnastampa9\" \/>\n<meta name=\"twitter:label1\" content=\"Scritto da\" \/>\n\t<meta name=\"twitter:data1\" content=\"Redazione\" \/>\n\t<meta name=\"twitter:label2\" content=\"Tempo di lettura stimato\" \/>\n\t<meta name=\"twitter:data2\" content=\"3 minuti\" \/>\n<script type=\"application\/ld+json\" class=\"yoast-schema-graph\">{\"@context\":\"https:\\\/\\\/schema.org\",\"@graph\":[{\"@type\":\"Article\",\"@id\":\"https:\\\/\\\/www.rassegnastampa-totustuus.it\\\/cattolica\\\/quando-la-madonna-protesse-una-citta-del-kansas-dalla-guerra\\\/#article\",\"isPartOf\":{\"@id\":\"https:\\\/\\\/www.rassegnastampa-totustuus.it\\\/cattolica\\\/quando-la-madonna-protesse-una-citta-del-kansas-dalla-guerra\\\/\"},\"author\":{\"name\":\"Redazione\",\"@id\":\"https:\\\/\\\/www.rassegnastampa-totustuus.it\\\/cattolica\\\/#\\\/schema\\\/person\\\/08f319d2bd1a0904ad9e2bfb7b15e5c3\"},\"headline\":\"Quando la Madonna protesse una citt\u00e0 del Kansas dalla guerra\",\"datePublished\":\"2018-05-30T22:00:19+00:00\",\"mainEntityOfPage\":{\"@id\":\"https:\\\/\\\/www.rassegnastampa-totustuus.it\\\/cattolica\\\/quando-la-madonna-protesse-una-citta-del-kansas-dalla-guerra\\\/\"},\"wordCount\":656,\"publisher\":{\"@id\":\"https:\\\/\\\/www.rassegnastampa-totustuus.it\\\/cattolica\\\/#organization\"},\"image\":{\"@id\":\"https:\\\/\\\/www.rassegnastampa-totustuus.it\\\/cattolica\\\/quando-la-madonna-protesse-una-citta-del-kansas-dalla-guerra\\\/#primaryimage\"},\"thumbnailUrl\":\"https:\\\/\\\/www.rassegnastampa-totustuus.it\\\/cattolica\\\/wp-content\\\/uploads\\\/2018\\\/05\\\/St.-Benedict_Kansas.jpg\",\"keywords\":[\"devozioni\",\"santo rosario\"],\"articleSection\":[\"Chiesa\"],\"inLanguage\":\"it-IT\"},{\"@type\":\"WebPage\",\"@id\":\"https:\\\/\\\/www.rassegnastampa-totustuus.it\\\/cattolica\\\/quando-la-madonna-protesse-una-citta-del-kansas-dalla-guerra\\\/\",\"url\":\"https:\\\/\\\/www.rassegnastampa-totustuus.it\\\/cattolica\\\/quando-la-madonna-protesse-una-citta-del-kansas-dalla-guerra\\\/\",\"name\":\"Quando la Madonna protesse una citt\u00e0 del Kansas dalla guerra - Rassegna Stampa Cattolica\",\"isPartOf\":{\"@id\":\"https:\\\/\\\/www.rassegnastampa-totustuus.it\\\/cattolica\\\/#website\"},\"primaryImageOfPage\":{\"@id\":\"https:\\\/\\\/www.rassegnastampa-totustuus.it\\\/cattolica\\\/quando-la-madonna-protesse-una-citta-del-kansas-dalla-guerra\\\/#primaryimage\"},\"image\":{\"@id\":\"https:\\\/\\\/www.rassegnastampa-totustuus.it\\\/cattolica\\\/quando-la-madonna-protesse-una-citta-del-kansas-dalla-guerra\\\/#primaryimage\"},\"thumbnailUrl\":\"https:\\\/\\\/www.rassegnastampa-totustuus.it\\\/cattolica\\\/wp-content\\\/uploads\\\/2018\\\/05\\\/St.-Benedict_Kansas.jpg\",\"datePublished\":\"2018-05-30T22:00:19+00:00\",\"description\":\"Rassegna Stampa Cattolica - Per una cultura che nasce dalla Rivelazione cristiana in conformit\u00e0 alla tradizione e al Magistero della Chiesa in opposizione ad ogni relativismo e totalitarismo\",\"breadcrumb\":{\"@id\":\"https:\\\/\\\/www.rassegnastampa-totustuus.it\\\/cattolica\\\/quando-la-madonna-protesse-una-citta-del-kansas-dalla-guerra\\\/#breadcrumb\"},\"inLanguage\":\"it-IT\",\"potentialAction\":[{\"@type\":\"ReadAction\",\"target\":[\"https:\\\/\\\/www.rassegnastampa-totustuus.it\\\/cattolica\\\/quando-la-madonna-protesse-una-citta-del-kansas-dalla-guerra\\\/\"]}]},{\"@type\":\"ImageObject\",\"inLanguage\":\"it-IT\",\"@id\":\"https:\\\/\\\/www.rassegnastampa-totustuus.it\\\/cattolica\\\/quando-la-madonna-protesse-una-citta-del-kansas-dalla-guerra\\\/#primaryimage\",\"url\":\"https:\\\/\\\/www.rassegnastampa-totustuus.it\\\/cattolica\\\/wp-content\\\/uploads\\\/2018\\\/05\\\/St.-Benedict_Kansas.jpg\",\"contentUrl\":\"https:\\\/\\\/www.rassegnastampa-totustuus.it\\\/cattolica\\\/wp-content\\\/uploads\\\/2018\\\/05\\\/St.-Benedict_Kansas.jpg\",\"width\":281,\"height\":179},{\"@type\":\"BreadcrumbList\",\"@id\":\"https:\\\/\\\/www.rassegnastampa-totustuus.it\\\/cattolica\\\/quando-la-madonna-protesse-una-citta-del-kansas-dalla-guerra\\\/#breadcrumb\",\"itemListElement\":[{\"@type\":\"ListItem\",\"position\":1,\"name\":\"Home\",\"item\":\"https:\\\/\\\/www.rassegnastampa-totustuus.it\\\/cattolica\\\/\"},{\"@type\":\"ListItem\",\"position\":2,\"name\":\"Quando la Madonna protesse una citt\u00e0 del Kansas dalla guerra\"}]},{\"@type\":\"WebSite\",\"@id\":\"https:\\\/\\\/www.rassegnastampa-totustuus.it\\\/cattolica\\\/#website\",\"url\":\"https:\\\/\\\/www.rassegnastampa-totustuus.it\\\/cattolica\\\/\",\"name\":\"Rassegna Stampa Cattolica\",\"description\":\"Per una cultura che nasce dalla Rivelazione cristiana in conformit\u00e0 alla tradizione e al Magistero della Chiesa in opposizione ad ogni relativismo e totalitarismo\",\"publisher\":{\"@id\":\"https:\\\/\\\/www.rassegnastampa-totustuus.it\\\/cattolica\\\/#organization\"},\"alternateName\":\"Rass. Cattolica\",\"potentialAction\":[{\"@type\":\"SearchAction\",\"target\":{\"@type\":\"EntryPoint\",\"urlTemplate\":\"https:\\\/\\\/www.rassegnastampa-totustuus.it\\\/cattolica\\\/?s={search_term_string}\"},\"query-input\":{\"@type\":\"PropertyValueSpecification\",\"valueRequired\":true,\"valueName\":\"search_term_string\"}}],\"inLanguage\":\"it-IT\"},{\"@type\":\"Organization\",\"@id\":\"https:\\\/\\\/www.rassegnastampa-totustuus.it\\\/cattolica\\\/#organization\",\"name\":\"Rassegna Stampa Cattolica\",\"url\":\"https:\\\/\\\/www.rassegnastampa-totustuus.it\\\/cattolica\\\/\",\"logo\":{\"@type\":\"ImageObject\",\"inLanguage\":\"it-IT\",\"@id\":\"https:\\\/\\\/www.rassegnastampa-totustuus.it\\\/cattolica\\\/#\\\/schema\\\/logo\\\/image\\\/\",\"url\":\"https:\\\/\\\/www.rassegnastampa-totustuus.it\\\/cattolica\\\/wp-content\\\/uploads\\\/2014\\\/04\\\/logo-rassegna1.gif\",\"contentUrl\":\"https:\\\/\\\/www.rassegnastampa-totustuus.it\\\/cattolica\\\/wp-content\\\/uploads\\\/2014\\\/04\\\/logo-rassegna1.gif\",\"width\":600,\"height\":163,\"caption\":\"Rassegna Stampa Cattolica\"},\"image\":{\"@id\":\"https:\\\/\\\/www.rassegnastampa-totustuus.it\\\/cattolica\\\/#\\\/schema\\\/logo\\\/image\\\/\"},\"sameAs\":[\"https:\\\/\\\/www.facebook.com\\\/rassegnastampacattolica\",\"https:\\\/\\\/x.com\\\/rassegnastampa9\"]},{\"@type\":\"Person\",\"@id\":\"https:\\\/\\\/www.rassegnastampa-totustuus.it\\\/cattolica\\\/#\\\/schema\\\/person\\\/08f319d2bd1a0904ad9e2bfb7b15e5c3\",\"name\":\"Redazione\",\"image\":{\"@type\":\"ImageObject\",\"inLanguage\":\"it-IT\",\"@id\":\"https:\\\/\\\/secure.gravatar.com\\\/avatar\\\/2fcdf27c78ea025fbdb44e914cc63c72249ffec9dc8aafd5c82b26240ef3f346?s=96&d=mm&r=g\",\"url\":\"https:\\\/\\\/secure.gravatar.com\\\/avatar\\\/2fcdf27c78ea025fbdb44e914cc63c72249ffec9dc8aafd5c82b26240ef3f346?s=96&d=mm&r=g\",\"contentUrl\":\"https:\\\/\\\/secure.gravatar.com\\\/avatar\\\/2fcdf27c78ea025fbdb44e914cc63c72249ffec9dc8aafd5c82b26240ef3f346?s=96&d=mm&r=g\",\"caption\":\"Redazione\"},\"url\":\"https:\\\/\\\/www.rassegnastampa-totustuus.it\\\/cattolica\\\/author\\\/pietroelle\\\/\"}]}<\/script>\n<!-- \/ Yoast SEO plugin. -->","yoast_head_json":{"title":"Quando la Madonna protesse una citt\u00e0 del Kansas dalla guerra - Rassegna Stampa Cattolica","description":"Rassegna Stampa Cattolica - Per una cultura che nasce dalla Rivelazione cristiana in conformit\u00e0 alla tradizione e al Magistero della Chiesa in opposizione ad ogni relativismo e totalitarismo","robots":{"index":"index","follow":"follow","max-snippet":"max-snippet:-1","max-image-preview":"max-image-preview:large","max-video-preview":"max-video-preview:-1"},"canonical":"https:\/\/www.rassegnastampa-totustuus.it\/cattolica\/quando-la-madonna-protesse-una-citta-del-kansas-dalla-guerra\/","og_locale":"it_IT","og_type":"article","og_title":"Quando la Madonna protesse una citt\u00e0 del Kansas dalla guerra - Rassegna Stampa Cattolica","og_description":"Rassegna Stampa Cattolica - Per una cultura che nasce dalla Rivelazione cristiana in conformit\u00e0 alla tradizione e al Magistero della Chiesa in opposizione ad ogni relativismo e totalitarismo","og_url":"https:\/\/www.rassegnastampa-totustuus.it\/cattolica\/quando-la-madonna-protesse-una-citta-del-kansas-dalla-guerra\/","og_site_name":"Rassegna Stampa Cattolica","article_publisher":"https:\/\/www.facebook.com\/rassegnastampacattolica","article_published_time":"2018-05-30T22:00:19+00:00","og_image":[{"width":281,"height":179,"url":"https:\/\/www.rassegnastampa-totustuus.it\/cattolica\/wp-content\/uploads\/2018\/05\/St.-Benedict_Kansas.jpg","type":"image\/jpeg"}],"author":"Redazione","twitter_card":"summary_large_image","twitter_creator":"@rassegnastampa9","twitter_site":"@rassegnastampa9","twitter_misc":{"Scritto da":"Redazione","Tempo di lettura stimato":"3 minuti"},"schema":{"@context":"https:\/\/schema.org","@graph":[{"@type":"Article","@id":"https:\/\/www.rassegnastampa-totustuus.it\/cattolica\/quando-la-madonna-protesse-una-citta-del-kansas-dalla-guerra\/#article","isPartOf":{"@id":"https:\/\/www.rassegnastampa-totustuus.it\/cattolica\/quando-la-madonna-protesse-una-citta-del-kansas-dalla-guerra\/"},"author":{"name":"Redazione","@id":"https:\/\/www.rassegnastampa-totustuus.it\/cattolica\/#\/schema\/person\/08f319d2bd1a0904ad9e2bfb7b15e5c3"},"headline":"Quando la Madonna protesse una citt\u00e0 del Kansas dalla guerra","datePublished":"2018-05-30T22:00:19+00:00","mainEntityOfPage":{"@id":"https:\/\/www.rassegnastampa-totustuus.it\/cattolica\/quando-la-madonna-protesse-una-citta-del-kansas-dalla-guerra\/"},"wordCount":656,"publisher":{"@id":"https:\/\/www.rassegnastampa-totustuus.it\/cattolica\/#organization"},"image":{"@id":"https:\/\/www.rassegnastampa-totustuus.it\/cattolica\/quando-la-madonna-protesse-una-citta-del-kansas-dalla-guerra\/#primaryimage"},"thumbnailUrl":"https:\/\/www.rassegnastampa-totustuus.it\/cattolica\/wp-content\/uploads\/2018\/05\/St.-Benedict_Kansas.jpg","keywords":["devozioni","santo rosario"],"articleSection":["Chiesa"],"inLanguage":"it-IT"},{"@type":"WebPage","@id":"https:\/\/www.rassegnastampa-totustuus.it\/cattolica\/quando-la-madonna-protesse-una-citta-del-kansas-dalla-guerra\/","url":"https:\/\/www.rassegnastampa-totustuus.it\/cattolica\/quando-la-madonna-protesse-una-citta-del-kansas-dalla-guerra\/","name":"Quando la Madonna protesse una citt\u00e0 del Kansas dalla guerra - Rassegna Stampa Cattolica","isPartOf":{"@id":"https:\/\/www.rassegnastampa-totustuus.it\/cattolica\/#website"},"primaryImageOfPage":{"@id":"https:\/\/www.rassegnastampa-totustuus.it\/cattolica\/quando-la-madonna-protesse-una-citta-del-kansas-dalla-guerra\/#primaryimage"},"image":{"@id":"https:\/\/www.rassegnastampa-totustuus.it\/cattolica\/quando-la-madonna-protesse-una-citta-del-kansas-dalla-guerra\/#primaryimage"},"thumbnailUrl":"https:\/\/www.rassegnastampa-totustuus.it\/cattolica\/wp-content\/uploads\/2018\/05\/St.-Benedict_Kansas.jpg","datePublished":"2018-05-30T22:00:19+00:00","description":"Rassegna Stampa Cattolica - Per una cultura che nasce dalla Rivelazione cristiana in conformit\u00e0 alla tradizione e al Magistero della Chiesa in opposizione ad ogni relativismo e totalitarismo","breadcrumb":{"@id":"https:\/\/www.rassegnastampa-totustuus.it\/cattolica\/quando-la-madonna-protesse-una-citta-del-kansas-dalla-guerra\/#breadcrumb"},"inLanguage":"it-IT","potentialAction":[{"@type":"ReadAction","target":["https:\/\/www.rassegnastampa-totustuus.it\/cattolica\/quando-la-madonna-protesse-una-citta-del-kansas-dalla-guerra\/"]}]},{"@type":"ImageObject","inLanguage":"it-IT","@id":"https:\/\/www.rassegnastampa-totustuus.it\/cattolica\/quando-la-madonna-protesse-una-citta-del-kansas-dalla-guerra\/#primaryimage","url":"https:\/\/www.rassegnastampa-totustuus.it\/cattolica\/wp-content\/uploads\/2018\/05\/St.-Benedict_Kansas.jpg","contentUrl":"https:\/\/www.rassegnastampa-totustuus.it\/cattolica\/wp-content\/uploads\/2018\/05\/St.-Benedict_Kansas.jpg","width":281,"height":179},{"@type":"BreadcrumbList","@id":"https:\/\/www.rassegnastampa-totustuus.it\/cattolica\/quando-la-madonna-protesse-una-citta-del-kansas-dalla-guerra\/#breadcrumb","itemListElement":[{"@type":"ListItem","position":1,"name":"Home","item":"https:\/\/www.rassegnastampa-totustuus.it\/cattolica\/"},{"@type":"ListItem","position":2,"name":"Quando la Madonna protesse una citt\u00e0 del Kansas dalla guerra"}]},{"@type":"WebSite","@id":"https:\/\/www.rassegnastampa-totustuus.it\/cattolica\/#website","url":"https:\/\/www.rassegnastampa-totustuus.it\/cattolica\/","name":"Rassegna Stampa Cattolica","description":"Per una cultura che nasce dalla Rivelazione cristiana in conformit\u00e0 alla tradizione e al Magistero della Chiesa in opposizione ad ogni relativismo e totalitarismo","publisher":{"@id":"https:\/\/www.rassegnastampa-totustuus.it\/cattolica\/#organization"},"alternateName":"Rass. Cattolica","potentialAction":[{"@type":"SearchAction","target":{"@type":"EntryPoint","urlTemplate":"https:\/\/www.rassegnastampa-totustuus.it\/cattolica\/?s={search_term_string}"},"query-input":{"@type":"PropertyValueSpecification","valueRequired":true,"valueName":"search_term_string"}}],"inLanguage":"it-IT"},{"@type":"Organization","@id":"https:\/\/www.rassegnastampa-totustuus.it\/cattolica\/#organization","name":"Rassegna Stampa Cattolica","url":"https:\/\/www.rassegnastampa-totustuus.it\/cattolica\/","logo":{"@type":"ImageObject","inLanguage":"it-IT","@id":"https:\/\/www.rassegnastampa-totustuus.it\/cattolica\/#\/schema\/logo\/image\/","url":"https:\/\/www.rassegnastampa-totustuus.it\/cattolica\/wp-content\/uploads\/2014\/04\/logo-rassegna1.gif","contentUrl":"https:\/\/www.rassegnastampa-totustuus.it\/cattolica\/wp-content\/uploads\/2014\/04\/logo-rassegna1.gif","width":600,"height":163,"caption":"Rassegna Stampa Cattolica"},"image":{"@id":"https:\/\/www.rassegnastampa-totustuus.it\/cattolica\/#\/schema\/logo\/image\/"},"sameAs":["https:\/\/www.facebook.com\/rassegnastampacattolica","https:\/\/x.com\/rassegnastampa9"]},{"@type":"Person","@id":"https:\/\/www.rassegnastampa-totustuus.it\/cattolica\/#\/schema\/person\/08f319d2bd1a0904ad9e2bfb7b15e5c3","name":"Redazione","image":{"@type":"ImageObject","inLanguage":"it-IT","@id":"https:\/\/secure.gravatar.com\/avatar\/2fcdf27c78ea025fbdb44e914cc63c72249ffec9dc8aafd5c82b26240ef3f346?s=96&d=mm&r=g","url":"https:\/\/secure.gravatar.com\/avatar\/2fcdf27c78ea025fbdb44e914cc63c72249ffec9dc8aafd5c82b26240ef3f346?s=96&d=mm&r=g","contentUrl":"https:\/\/secure.gravatar.com\/avatar\/2fcdf27c78ea025fbdb44e914cc63c72249ffec9dc8aafd5c82b26240ef3f346?s=96&d=mm&r=g","caption":"Redazione"},"url":"https:\/\/www.rassegnastampa-totustuus.it\/cattolica\/author\/pietroelle\/"}]}},"_links":{"self":[{"href":"https:\/\/www.rassegnastampa-totustuus.it\/cattolica\/wp-json\/wp\/v2\/posts\/40433","targetHints":{"allow":["GET"]}}],"collection":[{"href":"https:\/\/www.rassegnastampa-totustuus.it\/cattolica\/wp-json\/wp\/v2\/posts"}],"about":[{"href":"https:\/\/www.rassegnastampa-totustuus.it\/cattolica\/wp-json\/wp\/v2\/types\/post"}],"author":[{"embeddable":true,"href":"https:\/\/www.rassegnastampa-totustuus.it\/cattolica\/wp-json\/wp\/v2\/users\/6"}],"replies":[{"embeddable":true,"href":"https:\/\/www.rassegnastampa-totustuus.it\/cattolica\/wp-json\/wp\/v2\/comments?post=40433"}],"version-history":[{"count":1,"href":"https:\/\/www.rassegnastampa-totustuus.it\/cattolica\/wp-json\/wp\/v2\/posts\/40433\/revisions"}],"predecessor-version":[{"id":40435,"href":"https:\/\/www.rassegnastampa-totustuus.it\/cattolica\/wp-json\/wp\/v2\/posts\/40433\/revisions\/40435"}],"wp:featuredmedia":[{"embeddable":true,"href":"https:\/\/www.rassegnastampa-totustuus.it\/cattolica\/wp-json\/wp\/v2\/media\/40434"}],"wp:attachment":[{"href":"https:\/\/www.rassegnastampa-totustuus.it\/cattolica\/wp-json\/wp\/v2\/media?parent=40433"}],"wp:term":[{"taxonomy":"category","embeddable":true,"href":"https:\/\/www.rassegnastampa-totustuus.it\/cattolica\/wp-json\/wp\/v2\/categories?post=40433"},{"taxonomy":"post_tag","embeddable":true,"href":"https:\/\/www.rassegnastampa-totustuus.it\/cattolica\/wp-json\/wp\/v2\/tags?post=40433"}],"curies":[{"name":"wp","href":"https:\/\/api.w.org\/{rel}","templated":true}]}}