{"id":40210,"date":"2018-05-03T00:00:12","date_gmt":"2018-05-02T22:00:12","guid":{"rendered":"http:\/\/www.rassegnastampa-totustuus.it\/cattolica\/?p=40210"},"modified":"2018-04-29T12:39:14","modified_gmt":"2018-04-29T10:39:14","slug":"le-due-anime-inconciliabili-del-mondo-arabo-islamico","status":"publish","type":"post","link":"https:\/\/www.rassegnastampa-totustuus.it\/cattolica\/le-due-anime-inconciliabili-del-mondo-arabo-islamico\/","title":{"rendered":"Le due anime inconciliabili del mondo arabo-islamico"},"content":{"rendered":"<p style=\"text-align: center;\"><strong><img loading=\"lazy\" decoding=\"async\" class=\"alignleft wp-image-40211\" src=\"https:\/\/www.rassegnastampa-totustuus.it\/cattolica\/wp-content\/uploads\/2018\/04\/Mecca.jpg\" alt=\"\" width=\"250\" height=\"166\" \/>La Nuova bussola quotidiana<\/strong><\/p>\n<p style=\"text-align: center;\">9 Aprile 2018<\/p>\n<p style=\"text-align: justify;\"><em>Da un lato il regno saudita sta introducendo una nuova edizione ufficiale del Corano con annessa interpretazione da seguire. E&#8217; un modo per evitare che gli jihadisti lo leggano e insegnino a modo loro. Dall&#8217;altro, il primo ministro del Qatar confessa all&#8217;ambasciatore russo come il suo paese abbia foraggiato le primavere arabe.<\/em><\/p>\n<p style=\"text-align: center;\">di <strong>Souad Sbai<\/strong><\/p>\n<p><!--more--><\/p>\n<p style=\"text-align: justify;\">Le due anime del mondo arabo islamico continuano a dilatare le distanze, non solo perch\u00e9 proseguono nella loro politica degli opposti schieramenti ma anche e soprattutto perch\u00e9 ogni mossa che compiono ne appesantisce il divario.<\/p>\n<p style=\"text-align: justify;\"><strong>Succede infatti che l&#8217;Arabia Saudita due giorni fa faccia una cosa fino a solo qualche mese fa impensabile<\/strong>: ha infatti pubblicato per la prima volta nella storia il Corano con allegata interpretazione da seguire. Poca roba potrebbe dire chi pensa che il testo fondamentale dell&#8217;islam sia comunque interpretabile, ma a ben ragionare ci si rende conto che non \u00e8 esattamente cos\u00ec, e per due ordini di motivi.<\/p>\n<p style=\"text-align: justify;\"><img loading=\"lazy\" decoding=\"async\" class=\"alignright wp-image-32708\" src=\"https:\/\/www.rassegnastampa-totustuus.it\/cattolica\/wp-content\/uploads\/2004\/11\/primavera_araba.jpg\" alt=\"\" width=\"250\" height=\"140\" \/>Primo che a corredare il testo dell&#8217;interpretazione \u00e8 l&#8217;Arabia Saudita, che in campo islamico \u00e8 ritenuto Paese guida, la quale cos\u00ec facendo azzoppa sul nascere ogni tentativo da parte di gruppi salafiti di propagandare una &#8216;propria&#8217; interpretazione del Corano. L&#8217;interpretazione jihadista e aggressiva che Bin Salman sta tentando da tempo di sradicare.<\/p>\n<p style=\"text-align: justify;\">Non c&#8217;\u00e8 pi\u00f9, dunque, da questo momento, la possibilit\u00e0, per chi voglia interpretare il testo in maniera difforme di farne propaganda in maniera palese; rimane ovvia l&#8217;obiezione di chi fa notare come in questo modo qualsiasi interpretazione sia di fatto bloccata, anche quelle innocue, ma se questo serve per troncare ogni anelito di radicalizzazione delle parole il fine giustifica fattivamente i mezzi.<\/p>\n<p style=\"text-align: justify;\">Come \u00e8 successo anche in Italia, dove alcuni hanno tradotto in maniera del tutto personale il Corano rendendolo cos\u00ec permeabile alla giustificazione di ogni atteggiamento assimilabile al proselitismo della fratellanza islamista.<\/p>\n<p style=\"text-align: justify;\"><strong>Mentre accade questo, deflagra nel mondo arabo<\/strong> (per carit\u00e0 solo in quello perch\u00e9 i media <img loading=\"lazy\" decoding=\"async\" class=\"size-full wp-image-32629 alignleft\" src=\"https:\/\/www.rassegnastampa-totustuus.it\/cattolica\/wp-content\/uploads\/2009\/02\/Arabia_Saudita.jpg\" alt=\"\" width=\"248\" height=\"186\" \/>mainstream nostrani nemmeno si sognano di farne parola) l&#8217;intervista dell&#8217;ex ambasciatore russo in Qatar, Vladimir Titorenko che a Russia Today Channel ha reso noto come il primo ministro qatarino ai tempi della primavera araba Hamad bin Jassem abbia confermato il coinvolgimento di Doha nel provocare la caduta del regime libico di Gheddafi.<\/p>\n<p style=\"text-align: justify;\">In seguito al rovesciamento del regime di Mubarak in Egitto, spiega l&#8217;ex ambasciatore, il Qatar aspirava a controllare la regione araba e ha apertamente ammesso di aver tentato di destabilizzare la Siria e l\u2019Egitto fornendo denaro e assistenza alle frange terroristiche.<\/p>\n<p style=\"text-align: justify;\">E il diplomatico, citando sempre le parole di Hamad bin Jassem, spiega che il Qatar avrebbe speso 137 milioni di dollari nel tentativo di rovesciare il regime di Assad sin dall\u2019inizio della guerra in Siria. Insomma, \u00e8 un&#8217;ammissione piena e completa di quanto il Qatar abbia sin dall&#8217;inizio della primavera araba tramato per la destrutturazione del mondo arabo e degli equilibri fino a quel momento capaci di garantire stabilit\u00e0 globale.<\/p>\n<p style=\"text-align: justify;\">Ed ecco che emerge ancora una volta uno dei tanti aspetti che hanno portato alla crepa diplomatica e culturale fra una parte di mondo arabo e l&#8217;altra, che si sfidano sul filo delle accuse di sostegno al terrorismo internazionale, e al proselitismo jihadista in Occidente (Dawa) che ha fatto danni incalcolabili, di cui il Qatar \u00e8 destinatario. E su cui le parole dell&#8217;ex ambasciatore russo a Doha mettono un tassello dal peso specifico ormai non pi\u00f9 interpretabile.<\/p>\n","protected":false},"excerpt":{"rendered":"<p>La Nuova bussola quotidiana 9 Aprile 2018 Da un lato il regno saudita sta introducendo una nuova edizione ufficiale del Corano con annessa interpretazione da seguire. E&#8217; un modo per evitare che gli jihadisti lo leggano e insegnino a modo loro. Dall&#8217;altro, il primo ministro del Qatar confessa all&#8217;ambasciatore russo come il suo paese abbia &hellip; <\/p>\n<p><a class=\"more-link btn\" href=\"https:\/\/www.rassegnastampa-totustuus.it\/cattolica\/le-due-anime-inconciliabili-del-mondo-arabo-islamico\/\">Continua a leggere<\/a><\/p>\n","protected":false},"author":6,"featured_media":40211,"comment_status":"closed","ping_status":"closed","sticky":false,"template":"","format":"standard","meta":{"footnotes":""},"categories":[16,19],"tags":[1192,2671],"class_list":["post-40210","post","type-post","status-publish","format-standard","has-post-thumbnail","hentry","category-islam","category-politica-internazionale","tag-arabia-saudita","tag-qatar","item-wrap"],"yoast_head":"<!-- This site is optimized with the Yoast SEO plugin v27.5 - https:\/\/yoast.com\/product\/yoast-seo-wordpress\/ -->\n<title>Le due anime inconciliabili del mondo arabo-islamico - Rassegna Stampa Cattolica<\/title>\n<meta name=\"description\" content=\"Rassegna Stampa Cattolica - Per una cultura che nasce dalla Rivelazione cristiana in conformit\u00e0 alla tradizione e al Magistero della Chiesa in opposizione ad ogni relativismo e totalitarismo\" \/>\n<meta name=\"robots\" content=\"index, follow, max-snippet:-1, max-image-preview:large, max-video-preview:-1\" \/>\n<link rel=\"canonical\" href=\"https:\/\/www.rassegnastampa-totustuus.it\/cattolica\/le-due-anime-inconciliabili-del-mondo-arabo-islamico\/\" \/>\n<meta property=\"og:locale\" content=\"it_IT\" \/>\n<meta property=\"og:type\" content=\"article\" \/>\n<meta property=\"og:title\" content=\"Le due anime inconciliabili del mondo arabo-islamico - Rassegna Stampa Cattolica\" \/>\n<meta property=\"og:description\" content=\"Rassegna Stampa Cattolica - Per una cultura che nasce dalla Rivelazione cristiana in conformit\u00e0 alla tradizione e al Magistero della Chiesa in opposizione ad ogni relativismo e totalitarismo\" \/>\n<meta property=\"og:url\" content=\"https:\/\/www.rassegnastampa-totustuus.it\/cattolica\/le-due-anime-inconciliabili-del-mondo-arabo-islamico\/\" \/>\n<meta property=\"og:site_name\" content=\"Rassegna Stampa Cattolica\" \/>\n<meta property=\"article:publisher\" content=\"https:\/\/www.facebook.com\/rassegnastampacattolica\" \/>\n<meta property=\"article:published_time\" content=\"2018-05-02T22:00:12+00:00\" \/>\n<meta property=\"og:image\" content=\"https:\/\/www.rassegnastampa-totustuus.it\/cattolica\/wp-content\/uploads\/2018\/04\/Mecca.jpg\" \/>\n\t<meta property=\"og:image:width\" content=\"275\" \/>\n\t<meta property=\"og:image:height\" content=\"183\" \/>\n\t<meta property=\"og:image:type\" content=\"image\/jpeg\" \/>\n<meta name=\"author\" content=\"Redazione\" \/>\n<meta name=\"twitter:card\" content=\"summary_large_image\" \/>\n<meta name=\"twitter:creator\" content=\"@rassegnastampa9\" \/>\n<meta name=\"twitter:site\" content=\"@rassegnastampa9\" \/>\n<meta name=\"twitter:label1\" content=\"Scritto da\" \/>\n\t<meta name=\"twitter:data1\" content=\"Redazione\" \/>\n\t<meta name=\"twitter:label2\" content=\"Tempo di lettura stimato\" \/>\n\t<meta name=\"twitter:data2\" content=\"3 minuti\" \/>\n<script type=\"application\/ld+json\" class=\"yoast-schema-graph\">{\"@context\":\"https:\\\/\\\/schema.org\",\"@graph\":[{\"@type\":\"Article\",\"@id\":\"https:\\\/\\\/www.rassegnastampa-totustuus.it\\\/cattolica\\\/le-due-anime-inconciliabili-del-mondo-arabo-islamico\\\/#article\",\"isPartOf\":{\"@id\":\"https:\\\/\\\/www.rassegnastampa-totustuus.it\\\/cattolica\\\/le-due-anime-inconciliabili-del-mondo-arabo-islamico\\\/\"},\"author\":{\"name\":\"Redazione\",\"@id\":\"https:\\\/\\\/www.rassegnastampa-totustuus.it\\\/cattolica\\\/#\\\/schema\\\/person\\\/08f319d2bd1a0904ad9e2bfb7b15e5c3\"},\"headline\":\"Le due anime inconciliabili del mondo arabo-islamico\",\"datePublished\":\"2018-05-02T22:00:12+00:00\",\"mainEntityOfPage\":{\"@id\":\"https:\\\/\\\/www.rassegnastampa-totustuus.it\\\/cattolica\\\/le-due-anime-inconciliabili-del-mondo-arabo-islamico\\\/\"},\"wordCount\":579,\"publisher\":{\"@id\":\"https:\\\/\\\/www.rassegnastampa-totustuus.it\\\/cattolica\\\/#organization\"},\"image\":{\"@id\":\"https:\\\/\\\/www.rassegnastampa-totustuus.it\\\/cattolica\\\/le-due-anime-inconciliabili-del-mondo-arabo-islamico\\\/#primaryimage\"},\"thumbnailUrl\":\"https:\\\/\\\/www.rassegnastampa-totustuus.it\\\/cattolica\\\/wp-content\\\/uploads\\\/2018\\\/04\\\/Mecca.jpg\",\"keywords\":[\"Arabia Saudita\",\"Qatar\"],\"articleSection\":[\"Islam\",\"Politica internazionale\"],\"inLanguage\":\"it-IT\"},{\"@type\":\"WebPage\",\"@id\":\"https:\\\/\\\/www.rassegnastampa-totustuus.it\\\/cattolica\\\/le-due-anime-inconciliabili-del-mondo-arabo-islamico\\\/\",\"url\":\"https:\\\/\\\/www.rassegnastampa-totustuus.it\\\/cattolica\\\/le-due-anime-inconciliabili-del-mondo-arabo-islamico\\\/\",\"name\":\"Le due anime inconciliabili del mondo arabo-islamico - Rassegna Stampa Cattolica\",\"isPartOf\":{\"@id\":\"https:\\\/\\\/www.rassegnastampa-totustuus.it\\\/cattolica\\\/#website\"},\"primaryImageOfPage\":{\"@id\":\"https:\\\/\\\/www.rassegnastampa-totustuus.it\\\/cattolica\\\/le-due-anime-inconciliabili-del-mondo-arabo-islamico\\\/#primaryimage\"},\"image\":{\"@id\":\"https:\\\/\\\/www.rassegnastampa-totustuus.it\\\/cattolica\\\/le-due-anime-inconciliabili-del-mondo-arabo-islamico\\\/#primaryimage\"},\"thumbnailUrl\":\"https:\\\/\\\/www.rassegnastampa-totustuus.it\\\/cattolica\\\/wp-content\\\/uploads\\\/2018\\\/04\\\/Mecca.jpg\",\"datePublished\":\"2018-05-02T22:00:12+00:00\",\"description\":\"Rassegna Stampa Cattolica - Per una cultura che nasce dalla Rivelazione cristiana in conformit\u00e0 alla tradizione e al Magistero della Chiesa in opposizione ad ogni relativismo e totalitarismo\",\"breadcrumb\":{\"@id\":\"https:\\\/\\\/www.rassegnastampa-totustuus.it\\\/cattolica\\\/le-due-anime-inconciliabili-del-mondo-arabo-islamico\\\/#breadcrumb\"},\"inLanguage\":\"it-IT\",\"potentialAction\":[{\"@type\":\"ReadAction\",\"target\":[\"https:\\\/\\\/www.rassegnastampa-totustuus.it\\\/cattolica\\\/le-due-anime-inconciliabili-del-mondo-arabo-islamico\\\/\"]}]},{\"@type\":\"ImageObject\",\"inLanguage\":\"it-IT\",\"@id\":\"https:\\\/\\\/www.rassegnastampa-totustuus.it\\\/cattolica\\\/le-due-anime-inconciliabili-del-mondo-arabo-islamico\\\/#primaryimage\",\"url\":\"https:\\\/\\\/www.rassegnastampa-totustuus.it\\\/cattolica\\\/wp-content\\\/uploads\\\/2018\\\/04\\\/Mecca.jpg\",\"contentUrl\":\"https:\\\/\\\/www.rassegnastampa-totustuus.it\\\/cattolica\\\/wp-content\\\/uploads\\\/2018\\\/04\\\/Mecca.jpg\",\"width\":275,\"height\":183},{\"@type\":\"BreadcrumbList\",\"@id\":\"https:\\\/\\\/www.rassegnastampa-totustuus.it\\\/cattolica\\\/le-due-anime-inconciliabili-del-mondo-arabo-islamico\\\/#breadcrumb\",\"itemListElement\":[{\"@type\":\"ListItem\",\"position\":1,\"name\":\"Home\",\"item\":\"https:\\\/\\\/www.rassegnastampa-totustuus.it\\\/cattolica\\\/\"},{\"@type\":\"ListItem\",\"position\":2,\"name\":\"Le due anime inconciliabili del mondo arabo-islamico\"}]},{\"@type\":\"WebSite\",\"@id\":\"https:\\\/\\\/www.rassegnastampa-totustuus.it\\\/cattolica\\\/#website\",\"url\":\"https:\\\/\\\/www.rassegnastampa-totustuus.it\\\/cattolica\\\/\",\"name\":\"Rassegna Stampa Cattolica\",\"description\":\"Per una cultura che nasce dalla Rivelazione cristiana in conformit\u00e0 alla tradizione e al Magistero della Chiesa in opposizione ad ogni relativismo e totalitarismo\",\"publisher\":{\"@id\":\"https:\\\/\\\/www.rassegnastampa-totustuus.it\\\/cattolica\\\/#organization\"},\"alternateName\":\"Rass. Cattolica\",\"potentialAction\":[{\"@type\":\"SearchAction\",\"target\":{\"@type\":\"EntryPoint\",\"urlTemplate\":\"https:\\\/\\\/www.rassegnastampa-totustuus.it\\\/cattolica\\\/?s={search_term_string}\"},\"query-input\":{\"@type\":\"PropertyValueSpecification\",\"valueRequired\":true,\"valueName\":\"search_term_string\"}}],\"inLanguage\":\"it-IT\"},{\"@type\":\"Organization\",\"@id\":\"https:\\\/\\\/www.rassegnastampa-totustuus.it\\\/cattolica\\\/#organization\",\"name\":\"Rassegna Stampa Cattolica\",\"url\":\"https:\\\/\\\/www.rassegnastampa-totustuus.it\\\/cattolica\\\/\",\"logo\":{\"@type\":\"ImageObject\",\"inLanguage\":\"it-IT\",\"@id\":\"https:\\\/\\\/www.rassegnastampa-totustuus.it\\\/cattolica\\\/#\\\/schema\\\/logo\\\/image\\\/\",\"url\":\"https:\\\/\\\/www.rassegnastampa-totustuus.it\\\/cattolica\\\/wp-content\\\/uploads\\\/2014\\\/04\\\/logo-rassegna1.gif\",\"contentUrl\":\"https:\\\/\\\/www.rassegnastampa-totustuus.it\\\/cattolica\\\/wp-content\\\/uploads\\\/2014\\\/04\\\/logo-rassegna1.gif\",\"width\":600,\"height\":163,\"caption\":\"Rassegna Stampa Cattolica\"},\"image\":{\"@id\":\"https:\\\/\\\/www.rassegnastampa-totustuus.it\\\/cattolica\\\/#\\\/schema\\\/logo\\\/image\\\/\"},\"sameAs\":[\"https:\\\/\\\/www.facebook.com\\\/rassegnastampacattolica\",\"https:\\\/\\\/x.com\\\/rassegnastampa9\"]},{\"@type\":\"Person\",\"@id\":\"https:\\\/\\\/www.rassegnastampa-totustuus.it\\\/cattolica\\\/#\\\/schema\\\/person\\\/08f319d2bd1a0904ad9e2bfb7b15e5c3\",\"name\":\"Redazione\",\"image\":{\"@type\":\"ImageObject\",\"inLanguage\":\"it-IT\",\"@id\":\"https:\\\/\\\/secure.gravatar.com\\\/avatar\\\/2fcdf27c78ea025fbdb44e914cc63c72249ffec9dc8aafd5c82b26240ef3f346?s=96&d=mm&r=g\",\"url\":\"https:\\\/\\\/secure.gravatar.com\\\/avatar\\\/2fcdf27c78ea025fbdb44e914cc63c72249ffec9dc8aafd5c82b26240ef3f346?s=96&d=mm&r=g\",\"contentUrl\":\"https:\\\/\\\/secure.gravatar.com\\\/avatar\\\/2fcdf27c78ea025fbdb44e914cc63c72249ffec9dc8aafd5c82b26240ef3f346?s=96&d=mm&r=g\",\"caption\":\"Redazione\"},\"url\":\"https:\\\/\\\/www.rassegnastampa-totustuus.it\\\/cattolica\\\/author\\\/pietroelle\\\/\"}]}<\/script>\n<!-- \/ Yoast SEO plugin. -->","yoast_head_json":{"title":"Le due anime inconciliabili del mondo arabo-islamico - Rassegna Stampa Cattolica","description":"Rassegna Stampa Cattolica - Per una cultura che nasce dalla Rivelazione cristiana in conformit\u00e0 alla tradizione e al Magistero della Chiesa in opposizione ad ogni relativismo e totalitarismo","robots":{"index":"index","follow":"follow","max-snippet":"max-snippet:-1","max-image-preview":"max-image-preview:large","max-video-preview":"max-video-preview:-1"},"canonical":"https:\/\/www.rassegnastampa-totustuus.it\/cattolica\/le-due-anime-inconciliabili-del-mondo-arabo-islamico\/","og_locale":"it_IT","og_type":"article","og_title":"Le due anime inconciliabili del mondo arabo-islamico - Rassegna Stampa Cattolica","og_description":"Rassegna Stampa Cattolica - Per una cultura che nasce dalla Rivelazione cristiana in conformit\u00e0 alla tradizione e al Magistero della Chiesa in opposizione ad ogni relativismo e totalitarismo","og_url":"https:\/\/www.rassegnastampa-totustuus.it\/cattolica\/le-due-anime-inconciliabili-del-mondo-arabo-islamico\/","og_site_name":"Rassegna Stampa Cattolica","article_publisher":"https:\/\/www.facebook.com\/rassegnastampacattolica","article_published_time":"2018-05-02T22:00:12+00:00","og_image":[{"width":275,"height":183,"url":"https:\/\/www.rassegnastampa-totustuus.it\/cattolica\/wp-content\/uploads\/2018\/04\/Mecca.jpg","type":"image\/jpeg"}],"author":"Redazione","twitter_card":"summary_large_image","twitter_creator":"@rassegnastampa9","twitter_site":"@rassegnastampa9","twitter_misc":{"Scritto da":"Redazione","Tempo di lettura stimato":"3 minuti"},"schema":{"@context":"https:\/\/schema.org","@graph":[{"@type":"Article","@id":"https:\/\/www.rassegnastampa-totustuus.it\/cattolica\/le-due-anime-inconciliabili-del-mondo-arabo-islamico\/#article","isPartOf":{"@id":"https:\/\/www.rassegnastampa-totustuus.it\/cattolica\/le-due-anime-inconciliabili-del-mondo-arabo-islamico\/"},"author":{"name":"Redazione","@id":"https:\/\/www.rassegnastampa-totustuus.it\/cattolica\/#\/schema\/person\/08f319d2bd1a0904ad9e2bfb7b15e5c3"},"headline":"Le due anime inconciliabili del mondo arabo-islamico","datePublished":"2018-05-02T22:00:12+00:00","mainEntityOfPage":{"@id":"https:\/\/www.rassegnastampa-totustuus.it\/cattolica\/le-due-anime-inconciliabili-del-mondo-arabo-islamico\/"},"wordCount":579,"publisher":{"@id":"https:\/\/www.rassegnastampa-totustuus.it\/cattolica\/#organization"},"image":{"@id":"https:\/\/www.rassegnastampa-totustuus.it\/cattolica\/le-due-anime-inconciliabili-del-mondo-arabo-islamico\/#primaryimage"},"thumbnailUrl":"https:\/\/www.rassegnastampa-totustuus.it\/cattolica\/wp-content\/uploads\/2018\/04\/Mecca.jpg","keywords":["Arabia Saudita","Qatar"],"articleSection":["Islam","Politica internazionale"],"inLanguage":"it-IT"},{"@type":"WebPage","@id":"https:\/\/www.rassegnastampa-totustuus.it\/cattolica\/le-due-anime-inconciliabili-del-mondo-arabo-islamico\/","url":"https:\/\/www.rassegnastampa-totustuus.it\/cattolica\/le-due-anime-inconciliabili-del-mondo-arabo-islamico\/","name":"Le due anime inconciliabili del mondo arabo-islamico - Rassegna Stampa Cattolica","isPartOf":{"@id":"https:\/\/www.rassegnastampa-totustuus.it\/cattolica\/#website"},"primaryImageOfPage":{"@id":"https:\/\/www.rassegnastampa-totustuus.it\/cattolica\/le-due-anime-inconciliabili-del-mondo-arabo-islamico\/#primaryimage"},"image":{"@id":"https:\/\/www.rassegnastampa-totustuus.it\/cattolica\/le-due-anime-inconciliabili-del-mondo-arabo-islamico\/#primaryimage"},"thumbnailUrl":"https:\/\/www.rassegnastampa-totustuus.it\/cattolica\/wp-content\/uploads\/2018\/04\/Mecca.jpg","datePublished":"2018-05-02T22:00:12+00:00","description":"Rassegna Stampa Cattolica - Per una cultura che nasce dalla Rivelazione cristiana in conformit\u00e0 alla tradizione e al Magistero della Chiesa in opposizione ad ogni relativismo e totalitarismo","breadcrumb":{"@id":"https:\/\/www.rassegnastampa-totustuus.it\/cattolica\/le-due-anime-inconciliabili-del-mondo-arabo-islamico\/#breadcrumb"},"inLanguage":"it-IT","potentialAction":[{"@type":"ReadAction","target":["https:\/\/www.rassegnastampa-totustuus.it\/cattolica\/le-due-anime-inconciliabili-del-mondo-arabo-islamico\/"]}]},{"@type":"ImageObject","inLanguage":"it-IT","@id":"https:\/\/www.rassegnastampa-totustuus.it\/cattolica\/le-due-anime-inconciliabili-del-mondo-arabo-islamico\/#primaryimage","url":"https:\/\/www.rassegnastampa-totustuus.it\/cattolica\/wp-content\/uploads\/2018\/04\/Mecca.jpg","contentUrl":"https:\/\/www.rassegnastampa-totustuus.it\/cattolica\/wp-content\/uploads\/2018\/04\/Mecca.jpg","width":275,"height":183},{"@type":"BreadcrumbList","@id":"https:\/\/www.rassegnastampa-totustuus.it\/cattolica\/le-due-anime-inconciliabili-del-mondo-arabo-islamico\/#breadcrumb","itemListElement":[{"@type":"ListItem","position":1,"name":"Home","item":"https:\/\/www.rassegnastampa-totustuus.it\/cattolica\/"},{"@type":"ListItem","position":2,"name":"Le due anime inconciliabili del mondo arabo-islamico"}]},{"@type":"WebSite","@id":"https:\/\/www.rassegnastampa-totustuus.it\/cattolica\/#website","url":"https:\/\/www.rassegnastampa-totustuus.it\/cattolica\/","name":"Rassegna Stampa Cattolica","description":"Per una cultura che nasce dalla Rivelazione cristiana in conformit\u00e0 alla tradizione e al Magistero della Chiesa in opposizione ad ogni relativismo e totalitarismo","publisher":{"@id":"https:\/\/www.rassegnastampa-totustuus.it\/cattolica\/#organization"},"alternateName":"Rass. Cattolica","potentialAction":[{"@type":"SearchAction","target":{"@type":"EntryPoint","urlTemplate":"https:\/\/www.rassegnastampa-totustuus.it\/cattolica\/?s={search_term_string}"},"query-input":{"@type":"PropertyValueSpecification","valueRequired":true,"valueName":"search_term_string"}}],"inLanguage":"it-IT"},{"@type":"Organization","@id":"https:\/\/www.rassegnastampa-totustuus.it\/cattolica\/#organization","name":"Rassegna Stampa Cattolica","url":"https:\/\/www.rassegnastampa-totustuus.it\/cattolica\/","logo":{"@type":"ImageObject","inLanguage":"it-IT","@id":"https:\/\/www.rassegnastampa-totustuus.it\/cattolica\/#\/schema\/logo\/image\/","url":"https:\/\/www.rassegnastampa-totustuus.it\/cattolica\/wp-content\/uploads\/2014\/04\/logo-rassegna1.gif","contentUrl":"https:\/\/www.rassegnastampa-totustuus.it\/cattolica\/wp-content\/uploads\/2014\/04\/logo-rassegna1.gif","width":600,"height":163,"caption":"Rassegna Stampa Cattolica"},"image":{"@id":"https:\/\/www.rassegnastampa-totustuus.it\/cattolica\/#\/schema\/logo\/image\/"},"sameAs":["https:\/\/www.facebook.com\/rassegnastampacattolica","https:\/\/x.com\/rassegnastampa9"]},{"@type":"Person","@id":"https:\/\/www.rassegnastampa-totustuus.it\/cattolica\/#\/schema\/person\/08f319d2bd1a0904ad9e2bfb7b15e5c3","name":"Redazione","image":{"@type":"ImageObject","inLanguage":"it-IT","@id":"https:\/\/secure.gravatar.com\/avatar\/2fcdf27c78ea025fbdb44e914cc63c72249ffec9dc8aafd5c82b26240ef3f346?s=96&d=mm&r=g","url":"https:\/\/secure.gravatar.com\/avatar\/2fcdf27c78ea025fbdb44e914cc63c72249ffec9dc8aafd5c82b26240ef3f346?s=96&d=mm&r=g","contentUrl":"https:\/\/secure.gravatar.com\/avatar\/2fcdf27c78ea025fbdb44e914cc63c72249ffec9dc8aafd5c82b26240ef3f346?s=96&d=mm&r=g","caption":"Redazione"},"url":"https:\/\/www.rassegnastampa-totustuus.it\/cattolica\/author\/pietroelle\/"}]}},"_links":{"self":[{"href":"https:\/\/www.rassegnastampa-totustuus.it\/cattolica\/wp-json\/wp\/v2\/posts\/40210","targetHints":{"allow":["GET"]}}],"collection":[{"href":"https:\/\/www.rassegnastampa-totustuus.it\/cattolica\/wp-json\/wp\/v2\/posts"}],"about":[{"href":"https:\/\/www.rassegnastampa-totustuus.it\/cattolica\/wp-json\/wp\/v2\/types\/post"}],"author":[{"embeddable":true,"href":"https:\/\/www.rassegnastampa-totustuus.it\/cattolica\/wp-json\/wp\/v2\/users\/6"}],"replies":[{"embeddable":true,"href":"https:\/\/www.rassegnastampa-totustuus.it\/cattolica\/wp-json\/wp\/v2\/comments?post=40210"}],"version-history":[{"count":1,"href":"https:\/\/www.rassegnastampa-totustuus.it\/cattolica\/wp-json\/wp\/v2\/posts\/40210\/revisions"}],"predecessor-version":[{"id":40212,"href":"https:\/\/www.rassegnastampa-totustuus.it\/cattolica\/wp-json\/wp\/v2\/posts\/40210\/revisions\/40212"}],"wp:featuredmedia":[{"embeddable":true,"href":"https:\/\/www.rassegnastampa-totustuus.it\/cattolica\/wp-json\/wp\/v2\/media\/40211"}],"wp:attachment":[{"href":"https:\/\/www.rassegnastampa-totustuus.it\/cattolica\/wp-json\/wp\/v2\/media?parent=40210"}],"wp:term":[{"taxonomy":"category","embeddable":true,"href":"https:\/\/www.rassegnastampa-totustuus.it\/cattolica\/wp-json\/wp\/v2\/categories?post=40210"},{"taxonomy":"post_tag","embeddable":true,"href":"https:\/\/www.rassegnastampa-totustuus.it\/cattolica\/wp-json\/wp\/v2\/tags?post=40210"}],"curies":[{"name":"wp","href":"https:\/\/api.w.org\/{rel}","templated":true}]}}