{"id":4019,"date":"2010-09-02T00:00:00","date_gmt":"2010-09-01T22:00:00","guid":{"rendered":""},"modified":"2015-03-11T17:09:36","modified_gmt":"2015-03-11T16:09:36","slug":"torniamo-al-nucleare-sar-un-progresso","status":"publish","type":"post","link":"https:\/\/www.rassegnastampa-totustuus.it\/cattolica\/torniamo-al-nucleare-sar-un-progresso\/","title":{"rendered":"Torniamo al nucleare, sar&agrave; un progresso!"},"content":{"rendered":"<div style=\"text-align: center;\"><strong><a href=\"https:\/\/www.rassegnastampa-totustuus.it\/cattolica\/wp-content\/uploads\/2010\/09\/nucleare.jpg\"><img loading=\"lazy\" decoding=\"async\" class=\"alignright wp-image-21300\" src=\"https:\/\/www.rassegnastampa-totustuus.it\/cattolica\/wp-content\/uploads\/2010\/09\/nucleare.jpg\" alt=\"nucleare\" width=\"250\" height=\"183\" \/><\/a>L&#8217;Ottimista,<\/strong> mercoled\u00ec 21 luglio 2010<\/div>\n<p style=\"text-align: justify;\"><em>E&#8217; la soluzione pi\u00f9 idonea perch\u00e9 il nostro paese si liberi dal giogo della schiavit\u00f9 energetica<\/em><\/p>\n<p style=\"text-align: center;\">di <strong>Antonino Zichichi<\/strong><\/p>\n<p style=\"text-align: justify;\">Potremmo guardare al futuro con speranza, se riuscissimo a superare il pericolo che ci minaccia: la fame energetica nel mondo. Uno studio della WFS (<em>World Federation of Scientists<\/em>) ha stabilito che l\u2019unico indice sicuro per conoscere il tenore di vita in una nazione \u00e8 l\u2019energia pro-capite. Dove c\u2019\u00e8 energia \u00e8 possibile risolvere qualsiasi problema.<\/p>\n<p style=\"text-align: justify;\"><!--more--><\/p>\n<p style=\"text-align: justify;\">Oggi nel mondo ottocento milioni di persone hanno a loro disposizione la stessa quantit\u00e0 di energia pro-capite che avevano i nostri antenati dell\u2019et\u00e0 della pietra. \u00c8 in questo pezzo d\u2019umanit\u00e0 che si registra il pi\u00f9 alto livello di mortalit\u00e0 dovuta a mancanza di cibo e malattie.<\/p>\n<p style=\"text-align: justify;\">Noi apparteniamo al gruppo di privilegiati del G8; siamo quasi un miliardo e abbiamo a disposizione la giusta quantit\u00e0 di energia pro-capite per l\u2019alto tenore di vita che siamo riusciti a raggiungere. Fino a quando?<\/p>\n<p style=\"text-align: justify;\">Su questo satellite del Sole il numero di viaggiatori \u00e8 sei miliardi e mezzo. Prima o poi tutti \u2013 il che vuol dire anche gli altri cinque miliardi e mezzo di persone \u2013 vorranno vivere avendo a loro disposizione la stessa quantit\u00e0 di energia pro-capite che abbiamo noi del G8. Se non fosse per il \u201cfuoco nucleare di pace\u201d questa fame d\u2019energia resterebbe senza soluzione.<\/p>\n<p style=\"text-align: justify;\">Il \u201cfuoco nucleare di pace\u201d permette infatti di risparmiare un milione di volte nella trasformazione di massa in energia. Invece di un milione di chili di petrolio, gas, carbone, biomasse o legna, basta un chilo di materiale nucleare per produrre la stessa quantit\u00e0 d\u2019energia. D\u2019altra parte, le frontiere della Scienza ci hanno aperto gli occhi sui tre modi in cui \u00e8 possibile generare energia.<\/p>\n<p style=\"text-align: justify;\">Questi tre modi sono: il fuoco elettromagnetico (carbone, legna, biomasse, petrolio, gas), il fuoco nucleare (di fissione e fusione), e il fuoco di annichilazione dell\u2019antimateria con la materia. Quest\u2019ultimo \u00e8 a bilancio fortemente negativo, quindi economicamente privo di interesse. Rimangono i primi due. Pensare ad altri fuochi \u00e8 fuori da ogni credibilit\u00e0 scientifica. La sola possibilit\u00e0 per garantire energia sufficiente ai sei miliardi e mezzo di viaggiatori nella navicella spaziale chiamata Terra \u00e8 il fuoco nucleare di pace.<\/p>\n<p style=\"text-align: justify;\">Stanno entrando nell\u2019economia mondiale i Paesi in via di sviluppo: Cina e India sono i primi della lista, ma molti altri sono in procinto di entrare. Nonostante il tenore di vita dei Paesi emergenti sia ancora lontano dal nostro, l\u2019enorme quantit\u00e0 d\u2019energia necessaria per venire incontro alle loro necessit\u00e0 domestiche e industriali non pu\u00f2 avere sorgente nei combustibili convenzionali (carbone, biomasse, petrolio, gas): l\u2019atmosfera subirebbe danni irreversibili.<\/p>\n<p style=\"text-align: justify;\">Come spiega con estrema semplicit\u00e0 in questo libro Franco Battaglia, non si pu\u00f2 affrontare la crisi con le tecniche eoliche e solari per due motivi. Costano troppo e non potranno mai essere in grado di produrre le potenze necessarie alle attivit\u00e0 umane, incluse quelle industriali, che sono il vero motore del progresso civile e sociale. L\u2019unica via d\u2019uscita \u00e8 il fuoco nucleare di pace: \u00e8 l\u2019unico a poter garantire all\u2019umanit\u00e0 di disporre di una quantit\u00e0 enorme di energia senza distruggere enormi quantit\u00e0 di materia.<\/p>\n<p style=\"text-align: justify;\">La Nazione che ha dato i natali a colui che ha saputo scoprire il \u201cfuoco nucleare di pace\u201d \u2013 formidabile conquista dell\u2019intelletto umano \u2013 \u00e8 l\u2019Italia. La stessa Nazione che oggi ha perso una delle componenti essenziali della propria Libert\u00e0: quella energetica. Nella crisi energetica mondiale l\u2019Italia sarebbe oggi nel G-8 in una posizione di straordinario privilegio se non avesse rinunciato da oltre due decenni all\u2019insegnamento del padre di questa straordinaria invenzione tecnologica: Enrico Fermi.<\/p>\n<p style=\"text-align: justify;\">L\u2019abbandono del nucleare ha fatto piombare il nostro Paese nel gruppo delle Nazioni caratterizzate dalla schiavit\u00f9 energetica. Se scoppiasse una crisi politica a livello planetario i Paesi da cui compriamo petrolio, gas ed energia (nucleare) bloccherebbero l\u2019erogazione per garantire libert\u00e0 energetica ai loro cittadini. Precipiteremmo nel gruppo dei Paesi colpiti da black out e crollerebbero le nostre attivit\u00e0 produttive. Diventeremmo poveri senza possibilit\u00e0 di negoziare alcunch\u00e9 in quanto energia vuol dire alto tenore di vita.<\/p>\n<p style=\"text-align: justify;\">Ecco perch\u00e8 l\u2019Italia deve uscire dallo stato di schiavit\u00f9 energetica in cui si trova. Per far questo \u00e8 necessario portare al grande pubblico i dati reali su cui si fonda la scelta dell\u2019energia nucleare in Italia. \u00c8 quello che fa il collega e amico Franco Battaglia nel suo libro <em>Energia nucleare? S\u00ec, per favore&#8230; <\/em>(21mo Secolo, 2010): un contributo di semplicit\u00e0 e chiarezza per dare a tutti la possibilit\u00e0 di giudicare quanto sia urgente per l\u2019Italia la scelta nucleare. Dove c\u2019\u00e8 energia c\u2019\u00e8 benessere. Realizzare in Italia una potente catena di centrali nucleari vuol dire liberare la patria di Enrico Fermi dalla schiavit\u00f9 energetica<\/p>\n","protected":false},"excerpt":{"rendered":"<p>L&#8217;Ottimista, mercoled\u00ec 21 luglio 2010 E&#8217; la soluzione pi\u00f9 idonea perch\u00e9 il nostro paese si liberi dal giogo della schiavit\u00f9 energetica di Antonino Zichichi Potremmo guardare al futuro con speranza, se riuscissimo a superare il pericolo che ci minaccia: la fame energetica nel mondo. Uno studio della WFS (World Federation of Scientists) ha stabilito che &hellip; <\/p>\n<p><a class=\"more-link btn\" href=\"https:\/\/www.rassegnastampa-totustuus.it\/cattolica\/torniamo-al-nucleare-sar-un-progresso\/\">Continua a leggere<\/a><\/p>\n","protected":false},"author":6,"featured_media":21300,"comment_status":"closed","ping_status":"open","sticky":false,"template":"","format":"standard","meta":{"footnotes":""},"categories":[3,13],"tags":[1819,1124],"class_list":["post-4019","post","type-post","status-publish","format-standard","has-post-thumbnail","hentry","category-ambientalismo","category-economia","tag-energia","tag-nucleare","item-wrap"],"yoast_head":"<!-- This site is optimized with the Yoast SEO plugin v27.5 - https:\/\/yoast.com\/product\/yoast-seo-wordpress\/ -->\n<title>Torniamo al nucleare, sar&agrave; un progresso! - Rassegna Stampa Cattolica<\/title>\n<meta name=\"description\" content=\"Rassegna Stampa Cattolica - Per una cultura che nasce dalla Rivelazione cristiana in conformit\u00e0 alla tradizione e al Magistero della Chiesa in opposizione ad ogni relativismo e totalitarismo\" \/>\n<meta name=\"robots\" content=\"index, follow, max-snippet:-1, max-image-preview:large, max-video-preview:-1\" \/>\n<link rel=\"canonical\" href=\"https:\/\/www.rassegnastampa-totustuus.it\/cattolica\/torniamo-al-nucleare-sar-un-progresso\/\" \/>\n<meta property=\"og:locale\" content=\"it_IT\" \/>\n<meta property=\"og:type\" content=\"article\" \/>\n<meta property=\"og:title\" content=\"Torniamo al nucleare, sar&agrave; un progresso! - Rassegna Stampa Cattolica\" \/>\n<meta property=\"og:description\" content=\"Rassegna Stampa Cattolica - Per una cultura che nasce dalla Rivelazione cristiana in conformit\u00e0 alla tradizione e al Magistero della Chiesa in opposizione ad ogni relativismo e totalitarismo\" \/>\n<meta property=\"og:url\" content=\"https:\/\/www.rassegnastampa-totustuus.it\/cattolica\/torniamo-al-nucleare-sar-un-progresso\/\" \/>\n<meta property=\"og:site_name\" content=\"Rassegna Stampa Cattolica\" \/>\n<meta property=\"article:publisher\" content=\"https:\/\/www.facebook.com\/rassegnastampacattolica\" \/>\n<meta property=\"article:published_time\" content=\"2010-09-01T22:00:00+00:00\" \/>\n<meta property=\"article:modified_time\" content=\"2015-03-11T16:09:36+00:00\" \/>\n<meta property=\"og:image\" content=\"https:\/\/www.rassegnastampa-totustuus.it\/cattolica\/wp-content\/uploads\/2010\/09\/nucleare.jpg\" \/>\n\t<meta property=\"og:image:width\" content=\"263\" \/>\n\t<meta property=\"og:image:height\" content=\"192\" \/>\n\t<meta property=\"og:image:type\" content=\"image\/jpeg\" \/>\n<meta name=\"author\" content=\"Redazione\" \/>\n<meta name=\"twitter:card\" content=\"summary_large_image\" \/>\n<meta name=\"twitter:creator\" content=\"@rassegnastampa9\" \/>\n<meta name=\"twitter:site\" content=\"@rassegnastampa9\" \/>\n<meta name=\"twitter:label1\" content=\"Scritto da\" \/>\n\t<meta name=\"twitter:data1\" content=\"Redazione\" \/>\n\t<meta name=\"twitter:label2\" content=\"Tempo di lettura stimato\" \/>\n\t<meta name=\"twitter:data2\" content=\"4 minuti\" \/>\n<script type=\"application\/ld+json\" class=\"yoast-schema-graph\">{\"@context\":\"https:\\\/\\\/schema.org\",\"@graph\":[{\"@type\":\"Article\",\"@id\":\"https:\\\/\\\/www.rassegnastampa-totustuus.it\\\/cattolica\\\/torniamo-al-nucleare-sar-un-progresso\\\/#article\",\"isPartOf\":{\"@id\":\"https:\\\/\\\/www.rassegnastampa-totustuus.it\\\/cattolica\\\/torniamo-al-nucleare-sar-un-progresso\\\/\"},\"author\":{\"name\":\"Redazione\",\"@id\":\"https:\\\/\\\/www.rassegnastampa-totustuus.it\\\/cattolica\\\/#\\\/schema\\\/person\\\/08f319d2bd1a0904ad9e2bfb7b15e5c3\"},\"headline\":\"Torniamo al nucleare, sar&agrave; un progresso!\",\"datePublished\":\"2010-09-01T22:00:00+00:00\",\"dateModified\":\"2015-03-11T16:09:36+00:00\",\"mainEntityOfPage\":{\"@id\":\"https:\\\/\\\/www.rassegnastampa-totustuus.it\\\/cattolica\\\/torniamo-al-nucleare-sar-un-progresso\\\/\"},\"wordCount\":786,\"publisher\":{\"@id\":\"https:\\\/\\\/www.rassegnastampa-totustuus.it\\\/cattolica\\\/#organization\"},\"image\":{\"@id\":\"https:\\\/\\\/www.rassegnastampa-totustuus.it\\\/cattolica\\\/torniamo-al-nucleare-sar-un-progresso\\\/#primaryimage\"},\"thumbnailUrl\":\"https:\\\/\\\/www.rassegnastampa-totustuus.it\\\/cattolica\\\/wp-content\\\/uploads\\\/2010\\\/09\\\/nucleare.jpg\",\"keywords\":[\"energia\",\"nucleare\"],\"articleSection\":[\"Ambientalismo\",\"Economia\"],\"inLanguage\":\"it-IT\"},{\"@type\":\"WebPage\",\"@id\":\"https:\\\/\\\/www.rassegnastampa-totustuus.it\\\/cattolica\\\/torniamo-al-nucleare-sar-un-progresso\\\/\",\"url\":\"https:\\\/\\\/www.rassegnastampa-totustuus.it\\\/cattolica\\\/torniamo-al-nucleare-sar-un-progresso\\\/\",\"name\":\"Torniamo al nucleare, sar&agrave; un progresso! - Rassegna Stampa Cattolica\",\"isPartOf\":{\"@id\":\"https:\\\/\\\/www.rassegnastampa-totustuus.it\\\/cattolica\\\/#website\"},\"primaryImageOfPage\":{\"@id\":\"https:\\\/\\\/www.rassegnastampa-totustuus.it\\\/cattolica\\\/torniamo-al-nucleare-sar-un-progresso\\\/#primaryimage\"},\"image\":{\"@id\":\"https:\\\/\\\/www.rassegnastampa-totustuus.it\\\/cattolica\\\/torniamo-al-nucleare-sar-un-progresso\\\/#primaryimage\"},\"thumbnailUrl\":\"https:\\\/\\\/www.rassegnastampa-totustuus.it\\\/cattolica\\\/wp-content\\\/uploads\\\/2010\\\/09\\\/nucleare.jpg\",\"datePublished\":\"2010-09-01T22:00:00+00:00\",\"dateModified\":\"2015-03-11T16:09:36+00:00\",\"description\":\"Rassegna Stampa Cattolica - Per una cultura che nasce dalla Rivelazione cristiana in conformit\u00e0 alla tradizione e al Magistero della Chiesa in opposizione ad ogni relativismo e totalitarismo\",\"breadcrumb\":{\"@id\":\"https:\\\/\\\/www.rassegnastampa-totustuus.it\\\/cattolica\\\/torniamo-al-nucleare-sar-un-progresso\\\/#breadcrumb\"},\"inLanguage\":\"it-IT\",\"potentialAction\":[{\"@type\":\"ReadAction\",\"target\":[\"https:\\\/\\\/www.rassegnastampa-totustuus.it\\\/cattolica\\\/torniamo-al-nucleare-sar-un-progresso\\\/\"]}]},{\"@type\":\"ImageObject\",\"inLanguage\":\"it-IT\",\"@id\":\"https:\\\/\\\/www.rassegnastampa-totustuus.it\\\/cattolica\\\/torniamo-al-nucleare-sar-un-progresso\\\/#primaryimage\",\"url\":\"https:\\\/\\\/www.rassegnastampa-totustuus.it\\\/cattolica\\\/wp-content\\\/uploads\\\/2010\\\/09\\\/nucleare.jpg\",\"contentUrl\":\"https:\\\/\\\/www.rassegnastampa-totustuus.it\\\/cattolica\\\/wp-content\\\/uploads\\\/2010\\\/09\\\/nucleare.jpg\",\"width\":263,\"height\":192},{\"@type\":\"BreadcrumbList\",\"@id\":\"https:\\\/\\\/www.rassegnastampa-totustuus.it\\\/cattolica\\\/torniamo-al-nucleare-sar-un-progresso\\\/#breadcrumb\",\"itemListElement\":[{\"@type\":\"ListItem\",\"position\":1,\"name\":\"Home\",\"item\":\"https:\\\/\\\/www.rassegnastampa-totustuus.it\\\/cattolica\\\/\"},{\"@type\":\"ListItem\",\"position\":2,\"name\":\"Torniamo al nucleare, sar&agrave; un progresso!\"}]},{\"@type\":\"WebSite\",\"@id\":\"https:\\\/\\\/www.rassegnastampa-totustuus.it\\\/cattolica\\\/#website\",\"url\":\"https:\\\/\\\/www.rassegnastampa-totustuus.it\\\/cattolica\\\/\",\"name\":\"Rassegna Stampa Cattolica\",\"description\":\"Per una cultura che nasce dalla Rivelazione cristiana in conformit\u00e0 alla tradizione e al Magistero della Chiesa in opposizione ad ogni relativismo e totalitarismo\",\"publisher\":{\"@id\":\"https:\\\/\\\/www.rassegnastampa-totustuus.it\\\/cattolica\\\/#organization\"},\"alternateName\":\"Rass. Cattolica\",\"potentialAction\":[{\"@type\":\"SearchAction\",\"target\":{\"@type\":\"EntryPoint\",\"urlTemplate\":\"https:\\\/\\\/www.rassegnastampa-totustuus.it\\\/cattolica\\\/?s={search_term_string}\"},\"query-input\":{\"@type\":\"PropertyValueSpecification\",\"valueRequired\":true,\"valueName\":\"search_term_string\"}}],\"inLanguage\":\"it-IT\"},{\"@type\":\"Organization\",\"@id\":\"https:\\\/\\\/www.rassegnastampa-totustuus.it\\\/cattolica\\\/#organization\",\"name\":\"Rassegna Stampa Cattolica\",\"url\":\"https:\\\/\\\/www.rassegnastampa-totustuus.it\\\/cattolica\\\/\",\"logo\":{\"@type\":\"ImageObject\",\"inLanguage\":\"it-IT\",\"@id\":\"https:\\\/\\\/www.rassegnastampa-totustuus.it\\\/cattolica\\\/#\\\/schema\\\/logo\\\/image\\\/\",\"url\":\"https:\\\/\\\/www.rassegnastampa-totustuus.it\\\/cattolica\\\/wp-content\\\/uploads\\\/2014\\\/04\\\/logo-rassegna1.gif\",\"contentUrl\":\"https:\\\/\\\/www.rassegnastampa-totustuus.it\\\/cattolica\\\/wp-content\\\/uploads\\\/2014\\\/04\\\/logo-rassegna1.gif\",\"width\":600,\"height\":163,\"caption\":\"Rassegna Stampa Cattolica\"},\"image\":{\"@id\":\"https:\\\/\\\/www.rassegnastampa-totustuus.it\\\/cattolica\\\/#\\\/schema\\\/logo\\\/image\\\/\"},\"sameAs\":[\"https:\\\/\\\/www.facebook.com\\\/rassegnastampacattolica\",\"https:\\\/\\\/x.com\\\/rassegnastampa9\"]},{\"@type\":\"Person\",\"@id\":\"https:\\\/\\\/www.rassegnastampa-totustuus.it\\\/cattolica\\\/#\\\/schema\\\/person\\\/08f319d2bd1a0904ad9e2bfb7b15e5c3\",\"name\":\"Redazione\",\"image\":{\"@type\":\"ImageObject\",\"inLanguage\":\"it-IT\",\"@id\":\"https:\\\/\\\/secure.gravatar.com\\\/avatar\\\/2fcdf27c78ea025fbdb44e914cc63c72249ffec9dc8aafd5c82b26240ef3f346?s=96&d=mm&r=g\",\"url\":\"https:\\\/\\\/secure.gravatar.com\\\/avatar\\\/2fcdf27c78ea025fbdb44e914cc63c72249ffec9dc8aafd5c82b26240ef3f346?s=96&d=mm&r=g\",\"contentUrl\":\"https:\\\/\\\/secure.gravatar.com\\\/avatar\\\/2fcdf27c78ea025fbdb44e914cc63c72249ffec9dc8aafd5c82b26240ef3f346?s=96&d=mm&r=g\",\"caption\":\"Redazione\"},\"url\":\"https:\\\/\\\/www.rassegnastampa-totustuus.it\\\/cattolica\\\/author\\\/pietroelle\\\/\"}]}<\/script>\n<!-- \/ Yoast SEO plugin. -->","yoast_head_json":{"title":"Torniamo al nucleare, sar&agrave; un progresso! - Rassegna Stampa Cattolica","description":"Rassegna Stampa Cattolica - Per una cultura che nasce dalla Rivelazione cristiana in conformit\u00e0 alla tradizione e al Magistero della Chiesa in opposizione ad ogni relativismo e totalitarismo","robots":{"index":"index","follow":"follow","max-snippet":"max-snippet:-1","max-image-preview":"max-image-preview:large","max-video-preview":"max-video-preview:-1"},"canonical":"https:\/\/www.rassegnastampa-totustuus.it\/cattolica\/torniamo-al-nucleare-sar-un-progresso\/","og_locale":"it_IT","og_type":"article","og_title":"Torniamo al nucleare, sar&agrave; un progresso! - Rassegna Stampa Cattolica","og_description":"Rassegna Stampa Cattolica - Per una cultura che nasce dalla Rivelazione cristiana in conformit\u00e0 alla tradizione e al Magistero della Chiesa in opposizione ad ogni relativismo e totalitarismo","og_url":"https:\/\/www.rassegnastampa-totustuus.it\/cattolica\/torniamo-al-nucleare-sar-un-progresso\/","og_site_name":"Rassegna Stampa Cattolica","article_publisher":"https:\/\/www.facebook.com\/rassegnastampacattolica","article_published_time":"2010-09-01T22:00:00+00:00","article_modified_time":"2015-03-11T16:09:36+00:00","og_image":[{"width":263,"height":192,"url":"https:\/\/www.rassegnastampa-totustuus.it\/cattolica\/wp-content\/uploads\/2010\/09\/nucleare.jpg","type":"image\/jpeg"}],"author":"Redazione","twitter_card":"summary_large_image","twitter_creator":"@rassegnastampa9","twitter_site":"@rassegnastampa9","twitter_misc":{"Scritto da":"Redazione","Tempo di lettura stimato":"4 minuti"},"schema":{"@context":"https:\/\/schema.org","@graph":[{"@type":"Article","@id":"https:\/\/www.rassegnastampa-totustuus.it\/cattolica\/torniamo-al-nucleare-sar-un-progresso\/#article","isPartOf":{"@id":"https:\/\/www.rassegnastampa-totustuus.it\/cattolica\/torniamo-al-nucleare-sar-un-progresso\/"},"author":{"name":"Redazione","@id":"https:\/\/www.rassegnastampa-totustuus.it\/cattolica\/#\/schema\/person\/08f319d2bd1a0904ad9e2bfb7b15e5c3"},"headline":"Torniamo al nucleare, sar&agrave; un progresso!","datePublished":"2010-09-01T22:00:00+00:00","dateModified":"2015-03-11T16:09:36+00:00","mainEntityOfPage":{"@id":"https:\/\/www.rassegnastampa-totustuus.it\/cattolica\/torniamo-al-nucleare-sar-un-progresso\/"},"wordCount":786,"publisher":{"@id":"https:\/\/www.rassegnastampa-totustuus.it\/cattolica\/#organization"},"image":{"@id":"https:\/\/www.rassegnastampa-totustuus.it\/cattolica\/torniamo-al-nucleare-sar-un-progresso\/#primaryimage"},"thumbnailUrl":"https:\/\/www.rassegnastampa-totustuus.it\/cattolica\/wp-content\/uploads\/2010\/09\/nucleare.jpg","keywords":["energia","nucleare"],"articleSection":["Ambientalismo","Economia"],"inLanguage":"it-IT"},{"@type":"WebPage","@id":"https:\/\/www.rassegnastampa-totustuus.it\/cattolica\/torniamo-al-nucleare-sar-un-progresso\/","url":"https:\/\/www.rassegnastampa-totustuus.it\/cattolica\/torniamo-al-nucleare-sar-un-progresso\/","name":"Torniamo al nucleare, sar&agrave; un progresso! - Rassegna Stampa Cattolica","isPartOf":{"@id":"https:\/\/www.rassegnastampa-totustuus.it\/cattolica\/#website"},"primaryImageOfPage":{"@id":"https:\/\/www.rassegnastampa-totustuus.it\/cattolica\/torniamo-al-nucleare-sar-un-progresso\/#primaryimage"},"image":{"@id":"https:\/\/www.rassegnastampa-totustuus.it\/cattolica\/torniamo-al-nucleare-sar-un-progresso\/#primaryimage"},"thumbnailUrl":"https:\/\/www.rassegnastampa-totustuus.it\/cattolica\/wp-content\/uploads\/2010\/09\/nucleare.jpg","datePublished":"2010-09-01T22:00:00+00:00","dateModified":"2015-03-11T16:09:36+00:00","description":"Rassegna Stampa Cattolica - Per una cultura che nasce dalla Rivelazione cristiana in conformit\u00e0 alla tradizione e al Magistero della Chiesa in opposizione ad ogni relativismo e totalitarismo","breadcrumb":{"@id":"https:\/\/www.rassegnastampa-totustuus.it\/cattolica\/torniamo-al-nucleare-sar-un-progresso\/#breadcrumb"},"inLanguage":"it-IT","potentialAction":[{"@type":"ReadAction","target":["https:\/\/www.rassegnastampa-totustuus.it\/cattolica\/torniamo-al-nucleare-sar-un-progresso\/"]}]},{"@type":"ImageObject","inLanguage":"it-IT","@id":"https:\/\/www.rassegnastampa-totustuus.it\/cattolica\/torniamo-al-nucleare-sar-un-progresso\/#primaryimage","url":"https:\/\/www.rassegnastampa-totustuus.it\/cattolica\/wp-content\/uploads\/2010\/09\/nucleare.jpg","contentUrl":"https:\/\/www.rassegnastampa-totustuus.it\/cattolica\/wp-content\/uploads\/2010\/09\/nucleare.jpg","width":263,"height":192},{"@type":"BreadcrumbList","@id":"https:\/\/www.rassegnastampa-totustuus.it\/cattolica\/torniamo-al-nucleare-sar-un-progresso\/#breadcrumb","itemListElement":[{"@type":"ListItem","position":1,"name":"Home","item":"https:\/\/www.rassegnastampa-totustuus.it\/cattolica\/"},{"@type":"ListItem","position":2,"name":"Torniamo al nucleare, sar&agrave; un progresso!"}]},{"@type":"WebSite","@id":"https:\/\/www.rassegnastampa-totustuus.it\/cattolica\/#website","url":"https:\/\/www.rassegnastampa-totustuus.it\/cattolica\/","name":"Rassegna Stampa Cattolica","description":"Per una cultura che nasce dalla Rivelazione cristiana in conformit\u00e0 alla tradizione e al Magistero della Chiesa in opposizione ad ogni relativismo e totalitarismo","publisher":{"@id":"https:\/\/www.rassegnastampa-totustuus.it\/cattolica\/#organization"},"alternateName":"Rass. Cattolica","potentialAction":[{"@type":"SearchAction","target":{"@type":"EntryPoint","urlTemplate":"https:\/\/www.rassegnastampa-totustuus.it\/cattolica\/?s={search_term_string}"},"query-input":{"@type":"PropertyValueSpecification","valueRequired":true,"valueName":"search_term_string"}}],"inLanguage":"it-IT"},{"@type":"Organization","@id":"https:\/\/www.rassegnastampa-totustuus.it\/cattolica\/#organization","name":"Rassegna Stampa Cattolica","url":"https:\/\/www.rassegnastampa-totustuus.it\/cattolica\/","logo":{"@type":"ImageObject","inLanguage":"it-IT","@id":"https:\/\/www.rassegnastampa-totustuus.it\/cattolica\/#\/schema\/logo\/image\/","url":"https:\/\/www.rassegnastampa-totustuus.it\/cattolica\/wp-content\/uploads\/2014\/04\/logo-rassegna1.gif","contentUrl":"https:\/\/www.rassegnastampa-totustuus.it\/cattolica\/wp-content\/uploads\/2014\/04\/logo-rassegna1.gif","width":600,"height":163,"caption":"Rassegna Stampa Cattolica"},"image":{"@id":"https:\/\/www.rassegnastampa-totustuus.it\/cattolica\/#\/schema\/logo\/image\/"},"sameAs":["https:\/\/www.facebook.com\/rassegnastampacattolica","https:\/\/x.com\/rassegnastampa9"]},{"@type":"Person","@id":"https:\/\/www.rassegnastampa-totustuus.it\/cattolica\/#\/schema\/person\/08f319d2bd1a0904ad9e2bfb7b15e5c3","name":"Redazione","image":{"@type":"ImageObject","inLanguage":"it-IT","@id":"https:\/\/secure.gravatar.com\/avatar\/2fcdf27c78ea025fbdb44e914cc63c72249ffec9dc8aafd5c82b26240ef3f346?s=96&d=mm&r=g","url":"https:\/\/secure.gravatar.com\/avatar\/2fcdf27c78ea025fbdb44e914cc63c72249ffec9dc8aafd5c82b26240ef3f346?s=96&d=mm&r=g","contentUrl":"https:\/\/secure.gravatar.com\/avatar\/2fcdf27c78ea025fbdb44e914cc63c72249ffec9dc8aafd5c82b26240ef3f346?s=96&d=mm&r=g","caption":"Redazione"},"url":"https:\/\/www.rassegnastampa-totustuus.it\/cattolica\/author\/pietroelle\/"}]}},"_links":{"self":[{"href":"https:\/\/www.rassegnastampa-totustuus.it\/cattolica\/wp-json\/wp\/v2\/posts\/4019","targetHints":{"allow":["GET"]}}],"collection":[{"href":"https:\/\/www.rassegnastampa-totustuus.it\/cattolica\/wp-json\/wp\/v2\/posts"}],"about":[{"href":"https:\/\/www.rassegnastampa-totustuus.it\/cattolica\/wp-json\/wp\/v2\/types\/post"}],"author":[{"embeddable":true,"href":"https:\/\/www.rassegnastampa-totustuus.it\/cattolica\/wp-json\/wp\/v2\/users\/6"}],"replies":[{"embeddable":true,"href":"https:\/\/www.rassegnastampa-totustuus.it\/cattolica\/wp-json\/wp\/v2\/comments?post=4019"}],"version-history":[{"count":3,"href":"https:\/\/www.rassegnastampa-totustuus.it\/cattolica\/wp-json\/wp\/v2\/posts\/4019\/revisions"}],"predecessor-version":[{"id":21301,"href":"https:\/\/www.rassegnastampa-totustuus.it\/cattolica\/wp-json\/wp\/v2\/posts\/4019\/revisions\/21301"}],"wp:featuredmedia":[{"embeddable":true,"href":"https:\/\/www.rassegnastampa-totustuus.it\/cattolica\/wp-json\/wp\/v2\/media\/21300"}],"wp:attachment":[{"href":"https:\/\/www.rassegnastampa-totustuus.it\/cattolica\/wp-json\/wp\/v2\/media?parent=4019"}],"wp:term":[{"taxonomy":"category","embeddable":true,"href":"https:\/\/www.rassegnastampa-totustuus.it\/cattolica\/wp-json\/wp\/v2\/categories?post=4019"},{"taxonomy":"post_tag","embeddable":true,"href":"https:\/\/www.rassegnastampa-totustuus.it\/cattolica\/wp-json\/wp\/v2\/tags?post=4019"}],"curies":[{"name":"wp","href":"https:\/\/api.w.org\/{rel}","templated":true}]}}