{"id":40116,"date":"2018-04-19T00:00:58","date_gmt":"2018-04-18T22:00:58","guid":{"rendered":"http:\/\/www.rassegnastampa-totustuus.it\/cattolica\/?p=40116"},"modified":"2018-05-03T09:54:43","modified_gmt":"2018-05-03T07:54:43","slug":"cina-la-mattanza-segreta-dei-dissidenti","status":"publish","type":"post","link":"https:\/\/www.rassegnastampa-totustuus.it\/cattolica\/cina-la-mattanza-segreta-dei-dissidenti\/","title":{"rendered":"Cina, la mattanza segreta dei dissidenti"},"content":{"rendered":"<p style=\"text-align: center;\"><strong><a href=\"http:\/\/lanuovabq.it\/it\/\" target=\"_blank\" rel=\"noopener\">La Nuova Bussola<\/a><img loading=\"lazy\" decoding=\"async\" class=\"alignleft wp-image-40117\" src=\"https:\/\/www.rassegnastampa-totustuus.it\/cattolica\/wp-content\/uploads\/2018\/04\/esecuzioni_Cina.jpg\" alt=\"\" width=\"250\" height=\"147\" \/> quotidiana<\/strong><\/p>\n<p style=\"text-align: center;\">13 Aprile 2018<\/p>\n<p style=\"text-align: justify;\"><strong>\u00a0<\/strong><em>l nuovo rapporto sulla pena capitale realizzato da Amnesty International e pubblicato con il titolo\u00a0Condanne a morte ed esecuzioni nel 2017\u00a0\u00e8 colmo di dati. Una notizia buona: le condanne a morte sono in calo. E una cattiva: non sappiamo nemmeno quante sentenze capitali siano state eseguite in Cina.<\/em><\/p>\n<p style=\"text-align: center;\">di <strong>Marco Respinti<\/strong><\/p>\n<p><!--more--><\/p>\n<p style=\"text-align: justify;\"><strong>\u00a0<\/strong>Il nuovo rapporto sulla pena capitale realizzato da Amnesty International e pubblicato con il titolo <a href=\"https:\/\/www.amnesty.it\/scarica-report-pena-morte-2017\/\" target=\"_blank\" rel=\"noopener\"><em>Condanne a morte ed esecuzioni nel 2017<\/em><\/a> \u00e8 colmo di dati. Su tutti, uno spicca in positivo e un altro in negativo.<\/p>\n<p style=\"text-align: justify;\"><strong>La notizia buona \u00e8 che nel 2017<\/strong> le esecuzioni capitali sono diminuite: 993 in 23 Stati, il 4% in meno rispetto al 2016 (1032 esecuzioni) e addirittura il 39% in meno rispetto al 2015 (1634), anno peggiore dal 1989. Quanto alle sentenze capitali, sono state 2591 in 53 Stati, sempre in calo rispetto alle 3117 del 2016. \u00c8 una notizia buona e non buonista perch\u00e9 da sempre i Paesi in cima alla graduatoria sono Paesi dove vige una concezione del diritto lontana da quella occidentale; e se dunque nel mondo l\u2019uso della pena di morte diminuisce, significa che qualcosa cambia in meglio in Paesi poco o per nulla democratici.<\/p>\n<p style=\"text-align: justify;\">Il problema vero della pena di morte \u00e8 infatti il suo utilizzo repressivo e politico da parte di governi dispotici o comunque poco garantisti.<\/p>\n<p style=\"text-align: justify;\"><img loading=\"lazy\" decoding=\"async\" class=\"alignright wp-image-30770\" src=\"https:\/\/www.rassegnastampa-totustuus.it\/cattolica\/wp-content\/uploads\/2016\/02\/Cina_esecuzioni.jpg\" alt=\"\" width=\"250\" height=\"170\" \/>A dirlo \u00e8 proprio Amnesty International: \u00abNella maggior parte dei paesi in cui le persone sono state condannate o messe a morte, la pena capitale \u00e8 stata comminata dopo procedimenti giudiziari non in linea con gli standard internazionali sul giusto processo. [&#8230;] In diversi paesi, inclusi Arabia Saudita, Bahrain, Cina, Iran e Iraq, alcune incriminazioni e sentenze capitali sono state basate su \u201cconfessioni\u201d probabilmente estorte con la tortura o con altri maltrattamenti: in Iran e in Iraq alcune di esse sono state trasmesse in televisione prima che avesse luogo il processo, con ulteriore violazione del diritto degli imputati alla presunzione di innocenza fino a comprovata colpevolezza. Sentenze capitali sono state imposte senza che l\u2019imputato fosse presente al processo in Bangladesh e in Palestina (Stato di)\u00bb.<\/p>\n<p style=\"text-align: justify;\"><strong>Come osserva il rapporto, \u00abil solo Iran \u00e8 responsabile di pi\u00f9 della met\u00e0 (51%) di tutte le esecuzioni registrate<\/strong>. Questo paese, insieme ad Arabia saudita, Iraq e Pakistan, ha eseguito l\u201984% di tutte le sentenze capitali registrate a livello mondiale\u00bb. Anzi, in controtendenza rispetto al dato generale (e ad Arabia Saudita, Pakistan e Iran che, pur restando in vetta alla classifica, hanno seppur di poco ridotto le uccisioni), \u00able esecuzioni in Iraq sono aumentate del 42%, da 88 nel 2016 a pi\u00f9 di 125 nel 2017\u00bb.<\/p>\n<p style=\"text-align: justify;\"><img loading=\"lazy\" decoding=\"async\" class=\"alignleft wp-image-29814\" src=\"https:\/\/www.rassegnastampa-totustuus.it\/cattolica\/wp-content\/uploads\/2005\/05\/pena_morte.jpg\" alt=\"\" width=\"250\" height=\"191\" \/>A rafforzare il dato ci sono poi Bahrain, Emirati Arabi Uniti, Giordania e Kuwait che \u00ab[&#8230;] hanno ripreso le esecuzioni dopo un periodo di interruzione\u00bb. Basta del resto pensare che \u00abla diminuzione del numero di esecuzioni registrate nel 2017 \u00e8 legata in larga parte al decremento del 31% in Pakistan\u00bb, Paese ambiguo a dire il meno, e che nel 2017 la pena di morte \u00e8 stata abolita da Guinea e Mongolia, con il Guatemala che l\u2019ha abrogata per i reati comuni, e Burkina Faso, Ciad, Gambia e Kenya che \u00ab[&#8230;] hanno fatto importanti passi avanti verso l\u2019abolizione della pena di morte\u00bb.<\/p>\n<p style=\"text-align: justify;\"><strong>Per la precisione, il primato 2017 spetta ancora all\u2019Iran con 507 esecuzioni <\/strong>accertate ufficialmente e diverse altre stimate, seguito dall\u2019Arabia Saudita (146), dall\u2019Iraq (125 e oltre) e dal Pakistan (60 e oltre). Se non fosse infido, farebbe dunque ridere <a href=\"http:\/\/www.repubblica.it\/solidarieta\/diritti-umani\/2018\/04\/12\/news\/pena_di_morte_e_l_africa_ad_aprire_la_via_verso_la_scomparsa_dei_patiboli-193651679\/?refresh_ce\" target=\"_blank\" rel=\"noopener\">quanto <em>la Repubblica<\/em> scrive nel catenaccio<\/a> sotto al titolo di un pezzo di Giampaolo Cadalanu, \u00ab[&#8230;] meno di mille esecuzioni nel mondo, quasi tutte in sei Paesi: Usa, Giappone, Iran, Arabia Saudita, Iraq e Pakistan\u00bb, con Cadalanu stesso che scrive \u00abgli irriducibili: Usa, Cina, Arabia Saudita, Pakistan\u00bb.<\/p>\n<p style=\"text-align: justify;\">L\u2019anno scorso, le esecuzioni capitali negli Stati Uniti sono infatti state 23 e in Giappone 4, numeri cio\u00e8 lontanissimi da quelli di Iran, Arabia Saudita, Iraq e Pakistan, ma del resto inferiori (nel caso del Giappone molto, molto inferiori) anche a quelli di Egitto (35 e oltre) e Somalia (24). E comunque incommensurabili, in rapporto alla popolazione e al territorio, anche alle 15 della Giordania, alle 8 di Singapore &#8211; Paese per molti versi surreale, da Grande Fratello, che, scrive Amnesty, \u00ab[&#8230;] ha raddoppiato il numero delle esecuzioni rispetto al 2016\u00bb -, alle 6 della Gaza di Hamas (6) e alle 4 del Bahrain (3).<\/p>\n<p style=\"text-align: justify;\"><strong><img loading=\"lazy\" decoding=\"async\" class=\"alignright wp-image-29816 size-full\" src=\"https:\/\/www.rassegnastampa-totustuus.it\/cattolica\/wp-content\/uploads\/2005\/05\/pena_morte1.jpg\" alt=\"\" width=\"240\" height=\"180\" \/>Ora la notizia cattiva, questa<\/strong>: \u00aba causa del segreto di stato che circonda la pena di morte e del limitato accesso alle informazioni, il numero delle esecuzioni non include le migliaia di sentenze capitali che Amnesty International ritiene siano state eseguite in Cina, n\u00e9 quelle in Corea del Nord e Vietnam\u00bb. Dei Paesi comunisti e neopostocomunisti non si sa cio\u00e8 nulla, Paesi con cui disinvoltamente l\u2019Occidente commercia, in tutti i sensi. In particolare la Cina, dove l\u2019uomo-partito Xi Jiping si \u00e8 appena trasformato in una <a href=\"http:\/\/lanuovabq.it\/it\/xi-il-timoniere-eterno-che-non-preoccupa-il-mondo\" target=\"_blank\" rel=\"noopener\">semidivinit\u00e0 laica<\/a>.<\/p>\n<p style=\"text-align: justify;\">Per questo \u00abnel 2009 Amnesty International ha interrotto la pubblicazione delle stime sull\u2019uso della pena di morte in Cina, dove le informazioni sulla pena capitale sono considerate segreto di stato. Piuttosto, Amnesty International ha sfidato le autorit\u00e0 cinesi a dimostrare l\u2019affermazione sulla riduzione dell\u2019uso della pena di morte pubblicando essa stessa i dati\u00bb.<\/p>\n<p style=\"text-align: justify;\">Ebbene, secondo le stime di Amnesty, nel 2017 la Cina \u00e8 stata, ancora una volta, \u00ab[&#8230;] il paese che esegue la maggior parte delle sentenze capitali nel mondo, mettendo a morte pi\u00f9 persone rispetto al resto degli stati mantenitori [della pena capitale] messi insieme\u00bb, persone a \u00abmigliaia\u00bb. Bench\u00e9 la maggior parte delle sentenze eseguite abbia riguardato casi di omicidio e di traffico di droga, nel Paese \u00abla pena di morte resta applicabile per 46 reati, tra cui alcuni crimini non violenti\u00bb. Difficile, insomma, parlare di <em>rule of law<\/em>.<\/p>\n<p style=\"text-align: justify;\"><strong><img loading=\"lazy\" decoding=\"async\" class=\"alignleft wp-image-29798\" src=\"https:\/\/www.rassegnastampa-totustuus.it\/cattolica\/wp-content\/uploads\/2006\/11\/pena_morte.jpg\" alt=\"\" width=\"156\" height=\"200\" \/>Il motivo per cui la Cina tiene segreto il numero delle sentenze capitali<\/strong>\u00a0\u00e8 peraltro facilmente intuibile. Anzitutto perch\u00e9 tale numero \u00e8, stima Amnesty, elevatissimo. In secondo luogo perch\u00e9 nella Cina rossa la pena di morte &#8211; come la condanna ai campi di lavoro schiavistico &#8211; \u00e8 sempre stata utilizzata per colpire dissidenti, contro-rivoluzionari e minoranze etniche o religiose.<\/p>\n<p style=\"text-align: justify;\">In terzo luogo perch\u00e9 le esecuzioni capitali sono sempre state la fonte principale degli organi per trapianto di cui il Paese ha a lungo fatto un commercio enorme. Ne sanno qualcosa gli aderenti al Falun Gong (o Falun Data), la minoranza religiosa che ha pagato il conto pi\u00f9 salato, seguiti da tibetani, cristiani e uiguri, l\u2019etnia turcofona islamica che vive nel nord-ovest, in specie nella regione autonoma dello Xinjiang.<\/p>\n<p style=\"text-align: justify;\">Da tempo gli uiguri sono infatti uno degli <a href=\"https:\/\/meloniclaudio.wordpress.com\/2016\/01\/06\/cina-il-mercato-dei-trapianti-low-cost\/\" target=\"_blank\" rel=\"noopener\">obiettivi preferiti di queste mattanze<\/a>. Oggi la Cina \u00e8 impegnata a dire al mondo che il commercio di organi umani \u00e8 solo un ricordo del passato, ma chi non \u00e8 d\u2019accordo <a href=\"https:\/\/www.theepochtimes.com\/president-of-world-uyghur-congress-sounds-alarm-over-organ-harvesting-in-china_2393736.html\" target=\"_blank\" rel=\"noopener\">sono proprio gli uiguri<\/a>. Amnesty International sull\u2019argomento non si pronuncia, eppure significativamente il suo nuovo rapporto esprime \u00ab[&#8230;] particolare preoccupazione in merito alla mancanza di trasparenza e alla potenziale sottostima dei casi di pena capitale nella Regione autonoma uigura dello Xinjiang\u00bb.<\/p>\n<p>&nbsp;<\/p>\n","protected":false},"excerpt":{"rendered":"<p>La Nuova Bussola quotidiana 13 Aprile 2018 \u00a0l nuovo rapporto sulla pena capitale realizzato da Amnesty International e pubblicato con il titolo\u00a0Condanne a morte ed esecuzioni nel 2017\u00a0\u00e8 colmo di dati. Una notizia buona: le condanne a morte sono in calo. E una cattiva: non sappiamo nemmeno quante sentenze capitali siano state eseguite in Cina. &hellip; <\/p>\n<p><a class=\"more-link btn\" href=\"https:\/\/www.rassegnastampa-totustuus.it\/cattolica\/cina-la-mattanza-segreta-dei-dissidenti\/\">Continua a leggere<\/a><\/p>\n","protected":false},"author":6,"featured_media":40117,"comment_status":"closed","ping_status":"closed","sticky":false,"template":"","format":"standard","meta":{"footnotes":""},"categories":[56,108],"tags":[1320,1309],"class_list":["post-40116","post","type-post","status-publish","format-standard","has-post-thumbnail","hentry","category-cina","category-paesi-e-continenti","tag-diritti-umani","tag-pena-di-morte","item-wrap"],"yoast_head":"<!-- This site is optimized with the Yoast SEO plugin v27.5 - https:\/\/yoast.com\/product\/yoast-seo-wordpress\/ -->\n<title>Cina, la mattanza segreta dei dissidenti - Rassegna Stampa Cattolica<\/title>\n<meta name=\"description\" content=\"Rassegna Stampa Cattolica - Per una cultura che nasce dalla Rivelazione cristiana in conformit\u00e0 alla tradizione e al Magistero della Chiesa in opposizione ad ogni relativismo e totalitarismo\" \/>\n<meta name=\"robots\" content=\"index, follow, max-snippet:-1, max-image-preview:large, max-video-preview:-1\" \/>\n<link rel=\"canonical\" href=\"https:\/\/www.rassegnastampa-totustuus.it\/cattolica\/cina-la-mattanza-segreta-dei-dissidenti\/\" \/>\n<meta property=\"og:locale\" content=\"it_IT\" \/>\n<meta property=\"og:type\" content=\"article\" \/>\n<meta property=\"og:title\" content=\"Cina, la mattanza segreta dei dissidenti - Rassegna Stampa Cattolica\" \/>\n<meta property=\"og:description\" content=\"Rassegna Stampa Cattolica - Per una cultura che nasce dalla Rivelazione cristiana in conformit\u00e0 alla tradizione e al Magistero della Chiesa in opposizione ad ogni relativismo e totalitarismo\" \/>\n<meta property=\"og:url\" content=\"https:\/\/www.rassegnastampa-totustuus.it\/cattolica\/cina-la-mattanza-segreta-dei-dissidenti\/\" \/>\n<meta property=\"og:site_name\" content=\"Rassegna Stampa Cattolica\" \/>\n<meta property=\"article:publisher\" content=\"https:\/\/www.facebook.com\/rassegnastampacattolica\" \/>\n<meta property=\"article:published_time\" content=\"2018-04-18T22:00:58+00:00\" \/>\n<meta property=\"article:modified_time\" content=\"2018-05-03T07:54:43+00:00\" \/>\n<meta property=\"og:image\" content=\"https:\/\/www.rassegnastampa-totustuus.it\/cattolica\/wp-content\/uploads\/2018\/04\/esecuzioni_Cina.jpg\" \/>\n\t<meta property=\"og:image:width\" content=\"293\" \/>\n\t<meta property=\"og:image:height\" content=\"172\" \/>\n\t<meta property=\"og:image:type\" content=\"image\/jpeg\" \/>\n<meta name=\"author\" content=\"Redazione\" \/>\n<meta name=\"twitter:card\" content=\"summary_large_image\" \/>\n<meta name=\"twitter:creator\" content=\"@rassegnastampa9\" \/>\n<meta name=\"twitter:site\" content=\"@rassegnastampa9\" \/>\n<meta name=\"twitter:label1\" content=\"Scritto da\" \/>\n\t<meta name=\"twitter:data1\" content=\"Redazione\" \/>\n\t<meta name=\"twitter:label2\" content=\"Tempo di lettura stimato\" \/>\n\t<meta name=\"twitter:data2\" content=\"6 minuti\" \/>\n<script type=\"application\/ld+json\" class=\"yoast-schema-graph\">{\"@context\":\"https:\\\/\\\/schema.org\",\"@graph\":[{\"@type\":\"Article\",\"@id\":\"https:\\\/\\\/www.rassegnastampa-totustuus.it\\\/cattolica\\\/cina-la-mattanza-segreta-dei-dissidenti\\\/#article\",\"isPartOf\":{\"@id\":\"https:\\\/\\\/www.rassegnastampa-totustuus.it\\\/cattolica\\\/cina-la-mattanza-segreta-dei-dissidenti\\\/\"},\"author\":{\"name\":\"Redazione\",\"@id\":\"https:\\\/\\\/www.rassegnastampa-totustuus.it\\\/cattolica\\\/#\\\/schema\\\/person\\\/08f319d2bd1a0904ad9e2bfb7b15e5c3\"},\"headline\":\"Cina, la mattanza segreta dei dissidenti\",\"datePublished\":\"2018-04-18T22:00:58+00:00\",\"dateModified\":\"2018-05-03T07:54:43+00:00\",\"mainEntityOfPage\":{\"@id\":\"https:\\\/\\\/www.rassegnastampa-totustuus.it\\\/cattolica\\\/cina-la-mattanza-segreta-dei-dissidenti\\\/\"},\"wordCount\":1121,\"publisher\":{\"@id\":\"https:\\\/\\\/www.rassegnastampa-totustuus.it\\\/cattolica\\\/#organization\"},\"image\":{\"@id\":\"https:\\\/\\\/www.rassegnastampa-totustuus.it\\\/cattolica\\\/cina-la-mattanza-segreta-dei-dissidenti\\\/#primaryimage\"},\"thumbnailUrl\":\"https:\\\/\\\/www.rassegnastampa-totustuus.it\\\/cattolica\\\/wp-content\\\/uploads\\\/2018\\\/04\\\/esecuzioni_Cina.jpg\",\"keywords\":[\"diritti umani\",\"pena di morte\"],\"articleSection\":[\"Cina\",\"Paesi e continenti\"],\"inLanguage\":\"it-IT\"},{\"@type\":\"WebPage\",\"@id\":\"https:\\\/\\\/www.rassegnastampa-totustuus.it\\\/cattolica\\\/cina-la-mattanza-segreta-dei-dissidenti\\\/\",\"url\":\"https:\\\/\\\/www.rassegnastampa-totustuus.it\\\/cattolica\\\/cina-la-mattanza-segreta-dei-dissidenti\\\/\",\"name\":\"Cina, la mattanza segreta dei dissidenti - Rassegna Stampa Cattolica\",\"isPartOf\":{\"@id\":\"https:\\\/\\\/www.rassegnastampa-totustuus.it\\\/cattolica\\\/#website\"},\"primaryImageOfPage\":{\"@id\":\"https:\\\/\\\/www.rassegnastampa-totustuus.it\\\/cattolica\\\/cina-la-mattanza-segreta-dei-dissidenti\\\/#primaryimage\"},\"image\":{\"@id\":\"https:\\\/\\\/www.rassegnastampa-totustuus.it\\\/cattolica\\\/cina-la-mattanza-segreta-dei-dissidenti\\\/#primaryimage\"},\"thumbnailUrl\":\"https:\\\/\\\/www.rassegnastampa-totustuus.it\\\/cattolica\\\/wp-content\\\/uploads\\\/2018\\\/04\\\/esecuzioni_Cina.jpg\",\"datePublished\":\"2018-04-18T22:00:58+00:00\",\"dateModified\":\"2018-05-03T07:54:43+00:00\",\"description\":\"Rassegna Stampa Cattolica - Per una cultura che nasce dalla Rivelazione cristiana in conformit\u00e0 alla tradizione e al Magistero della Chiesa in opposizione ad ogni relativismo e totalitarismo\",\"breadcrumb\":{\"@id\":\"https:\\\/\\\/www.rassegnastampa-totustuus.it\\\/cattolica\\\/cina-la-mattanza-segreta-dei-dissidenti\\\/#breadcrumb\"},\"inLanguage\":\"it-IT\",\"potentialAction\":[{\"@type\":\"ReadAction\",\"target\":[\"https:\\\/\\\/www.rassegnastampa-totustuus.it\\\/cattolica\\\/cina-la-mattanza-segreta-dei-dissidenti\\\/\"]}]},{\"@type\":\"ImageObject\",\"inLanguage\":\"it-IT\",\"@id\":\"https:\\\/\\\/www.rassegnastampa-totustuus.it\\\/cattolica\\\/cina-la-mattanza-segreta-dei-dissidenti\\\/#primaryimage\",\"url\":\"https:\\\/\\\/www.rassegnastampa-totustuus.it\\\/cattolica\\\/wp-content\\\/uploads\\\/2018\\\/04\\\/esecuzioni_Cina.jpg\",\"contentUrl\":\"https:\\\/\\\/www.rassegnastampa-totustuus.it\\\/cattolica\\\/wp-content\\\/uploads\\\/2018\\\/04\\\/esecuzioni_Cina.jpg\",\"width\":293,\"height\":172},{\"@type\":\"BreadcrumbList\",\"@id\":\"https:\\\/\\\/www.rassegnastampa-totustuus.it\\\/cattolica\\\/cina-la-mattanza-segreta-dei-dissidenti\\\/#breadcrumb\",\"itemListElement\":[{\"@type\":\"ListItem\",\"position\":1,\"name\":\"Home\",\"item\":\"https:\\\/\\\/www.rassegnastampa-totustuus.it\\\/cattolica\\\/\"},{\"@type\":\"ListItem\",\"position\":2,\"name\":\"Cina, la mattanza segreta dei dissidenti\"}]},{\"@type\":\"WebSite\",\"@id\":\"https:\\\/\\\/www.rassegnastampa-totustuus.it\\\/cattolica\\\/#website\",\"url\":\"https:\\\/\\\/www.rassegnastampa-totustuus.it\\\/cattolica\\\/\",\"name\":\"Rassegna Stampa Cattolica\",\"description\":\"Per una cultura che nasce dalla Rivelazione cristiana in conformit\u00e0 alla tradizione e al Magistero della Chiesa in opposizione ad ogni relativismo e totalitarismo\",\"publisher\":{\"@id\":\"https:\\\/\\\/www.rassegnastampa-totustuus.it\\\/cattolica\\\/#organization\"},\"alternateName\":\"Rass. Cattolica\",\"potentialAction\":[{\"@type\":\"SearchAction\",\"target\":{\"@type\":\"EntryPoint\",\"urlTemplate\":\"https:\\\/\\\/www.rassegnastampa-totustuus.it\\\/cattolica\\\/?s={search_term_string}\"},\"query-input\":{\"@type\":\"PropertyValueSpecification\",\"valueRequired\":true,\"valueName\":\"search_term_string\"}}],\"inLanguage\":\"it-IT\"},{\"@type\":\"Organization\",\"@id\":\"https:\\\/\\\/www.rassegnastampa-totustuus.it\\\/cattolica\\\/#organization\",\"name\":\"Rassegna Stampa Cattolica\",\"url\":\"https:\\\/\\\/www.rassegnastampa-totustuus.it\\\/cattolica\\\/\",\"logo\":{\"@type\":\"ImageObject\",\"inLanguage\":\"it-IT\",\"@id\":\"https:\\\/\\\/www.rassegnastampa-totustuus.it\\\/cattolica\\\/#\\\/schema\\\/logo\\\/image\\\/\",\"url\":\"https:\\\/\\\/www.rassegnastampa-totustuus.it\\\/cattolica\\\/wp-content\\\/uploads\\\/2014\\\/04\\\/logo-rassegna1.gif\",\"contentUrl\":\"https:\\\/\\\/www.rassegnastampa-totustuus.it\\\/cattolica\\\/wp-content\\\/uploads\\\/2014\\\/04\\\/logo-rassegna1.gif\",\"width\":600,\"height\":163,\"caption\":\"Rassegna Stampa Cattolica\"},\"image\":{\"@id\":\"https:\\\/\\\/www.rassegnastampa-totustuus.it\\\/cattolica\\\/#\\\/schema\\\/logo\\\/image\\\/\"},\"sameAs\":[\"https:\\\/\\\/www.facebook.com\\\/rassegnastampacattolica\",\"https:\\\/\\\/x.com\\\/rassegnastampa9\"]},{\"@type\":\"Person\",\"@id\":\"https:\\\/\\\/www.rassegnastampa-totustuus.it\\\/cattolica\\\/#\\\/schema\\\/person\\\/08f319d2bd1a0904ad9e2bfb7b15e5c3\",\"name\":\"Redazione\",\"image\":{\"@type\":\"ImageObject\",\"inLanguage\":\"it-IT\",\"@id\":\"https:\\\/\\\/secure.gravatar.com\\\/avatar\\\/2fcdf27c78ea025fbdb44e914cc63c72249ffec9dc8aafd5c82b26240ef3f346?s=96&d=mm&r=g\",\"url\":\"https:\\\/\\\/secure.gravatar.com\\\/avatar\\\/2fcdf27c78ea025fbdb44e914cc63c72249ffec9dc8aafd5c82b26240ef3f346?s=96&d=mm&r=g\",\"contentUrl\":\"https:\\\/\\\/secure.gravatar.com\\\/avatar\\\/2fcdf27c78ea025fbdb44e914cc63c72249ffec9dc8aafd5c82b26240ef3f346?s=96&d=mm&r=g\",\"caption\":\"Redazione\"},\"url\":\"https:\\\/\\\/www.rassegnastampa-totustuus.it\\\/cattolica\\\/author\\\/pietroelle\\\/\"}]}<\/script>\n<!-- \/ Yoast SEO plugin. -->","yoast_head_json":{"title":"Cina, la mattanza segreta dei dissidenti - Rassegna Stampa Cattolica","description":"Rassegna Stampa Cattolica - Per una cultura che nasce dalla Rivelazione cristiana in conformit\u00e0 alla tradizione e al Magistero della Chiesa in opposizione ad ogni relativismo e totalitarismo","robots":{"index":"index","follow":"follow","max-snippet":"max-snippet:-1","max-image-preview":"max-image-preview:large","max-video-preview":"max-video-preview:-1"},"canonical":"https:\/\/www.rassegnastampa-totustuus.it\/cattolica\/cina-la-mattanza-segreta-dei-dissidenti\/","og_locale":"it_IT","og_type":"article","og_title":"Cina, la mattanza segreta dei dissidenti - Rassegna Stampa Cattolica","og_description":"Rassegna Stampa Cattolica - Per una cultura che nasce dalla Rivelazione cristiana in conformit\u00e0 alla tradizione e al Magistero della Chiesa in opposizione ad ogni relativismo e totalitarismo","og_url":"https:\/\/www.rassegnastampa-totustuus.it\/cattolica\/cina-la-mattanza-segreta-dei-dissidenti\/","og_site_name":"Rassegna Stampa Cattolica","article_publisher":"https:\/\/www.facebook.com\/rassegnastampacattolica","article_published_time":"2018-04-18T22:00:58+00:00","article_modified_time":"2018-05-03T07:54:43+00:00","og_image":[{"width":293,"height":172,"url":"https:\/\/www.rassegnastampa-totustuus.it\/cattolica\/wp-content\/uploads\/2018\/04\/esecuzioni_Cina.jpg","type":"image\/jpeg"}],"author":"Redazione","twitter_card":"summary_large_image","twitter_creator":"@rassegnastampa9","twitter_site":"@rassegnastampa9","twitter_misc":{"Scritto da":"Redazione","Tempo di lettura stimato":"6 minuti"},"schema":{"@context":"https:\/\/schema.org","@graph":[{"@type":"Article","@id":"https:\/\/www.rassegnastampa-totustuus.it\/cattolica\/cina-la-mattanza-segreta-dei-dissidenti\/#article","isPartOf":{"@id":"https:\/\/www.rassegnastampa-totustuus.it\/cattolica\/cina-la-mattanza-segreta-dei-dissidenti\/"},"author":{"name":"Redazione","@id":"https:\/\/www.rassegnastampa-totustuus.it\/cattolica\/#\/schema\/person\/08f319d2bd1a0904ad9e2bfb7b15e5c3"},"headline":"Cina, la mattanza segreta dei dissidenti","datePublished":"2018-04-18T22:00:58+00:00","dateModified":"2018-05-03T07:54:43+00:00","mainEntityOfPage":{"@id":"https:\/\/www.rassegnastampa-totustuus.it\/cattolica\/cina-la-mattanza-segreta-dei-dissidenti\/"},"wordCount":1121,"publisher":{"@id":"https:\/\/www.rassegnastampa-totustuus.it\/cattolica\/#organization"},"image":{"@id":"https:\/\/www.rassegnastampa-totustuus.it\/cattolica\/cina-la-mattanza-segreta-dei-dissidenti\/#primaryimage"},"thumbnailUrl":"https:\/\/www.rassegnastampa-totustuus.it\/cattolica\/wp-content\/uploads\/2018\/04\/esecuzioni_Cina.jpg","keywords":["diritti umani","pena di morte"],"articleSection":["Cina","Paesi e continenti"],"inLanguage":"it-IT"},{"@type":"WebPage","@id":"https:\/\/www.rassegnastampa-totustuus.it\/cattolica\/cina-la-mattanza-segreta-dei-dissidenti\/","url":"https:\/\/www.rassegnastampa-totustuus.it\/cattolica\/cina-la-mattanza-segreta-dei-dissidenti\/","name":"Cina, la mattanza segreta dei dissidenti - Rassegna Stampa Cattolica","isPartOf":{"@id":"https:\/\/www.rassegnastampa-totustuus.it\/cattolica\/#website"},"primaryImageOfPage":{"@id":"https:\/\/www.rassegnastampa-totustuus.it\/cattolica\/cina-la-mattanza-segreta-dei-dissidenti\/#primaryimage"},"image":{"@id":"https:\/\/www.rassegnastampa-totustuus.it\/cattolica\/cina-la-mattanza-segreta-dei-dissidenti\/#primaryimage"},"thumbnailUrl":"https:\/\/www.rassegnastampa-totustuus.it\/cattolica\/wp-content\/uploads\/2018\/04\/esecuzioni_Cina.jpg","datePublished":"2018-04-18T22:00:58+00:00","dateModified":"2018-05-03T07:54:43+00:00","description":"Rassegna Stampa Cattolica - Per una cultura che nasce dalla Rivelazione cristiana in conformit\u00e0 alla tradizione e al Magistero della Chiesa in opposizione ad ogni relativismo e totalitarismo","breadcrumb":{"@id":"https:\/\/www.rassegnastampa-totustuus.it\/cattolica\/cina-la-mattanza-segreta-dei-dissidenti\/#breadcrumb"},"inLanguage":"it-IT","potentialAction":[{"@type":"ReadAction","target":["https:\/\/www.rassegnastampa-totustuus.it\/cattolica\/cina-la-mattanza-segreta-dei-dissidenti\/"]}]},{"@type":"ImageObject","inLanguage":"it-IT","@id":"https:\/\/www.rassegnastampa-totustuus.it\/cattolica\/cina-la-mattanza-segreta-dei-dissidenti\/#primaryimage","url":"https:\/\/www.rassegnastampa-totustuus.it\/cattolica\/wp-content\/uploads\/2018\/04\/esecuzioni_Cina.jpg","contentUrl":"https:\/\/www.rassegnastampa-totustuus.it\/cattolica\/wp-content\/uploads\/2018\/04\/esecuzioni_Cina.jpg","width":293,"height":172},{"@type":"BreadcrumbList","@id":"https:\/\/www.rassegnastampa-totustuus.it\/cattolica\/cina-la-mattanza-segreta-dei-dissidenti\/#breadcrumb","itemListElement":[{"@type":"ListItem","position":1,"name":"Home","item":"https:\/\/www.rassegnastampa-totustuus.it\/cattolica\/"},{"@type":"ListItem","position":2,"name":"Cina, la mattanza segreta dei dissidenti"}]},{"@type":"WebSite","@id":"https:\/\/www.rassegnastampa-totustuus.it\/cattolica\/#website","url":"https:\/\/www.rassegnastampa-totustuus.it\/cattolica\/","name":"Rassegna Stampa Cattolica","description":"Per una cultura che nasce dalla Rivelazione cristiana in conformit\u00e0 alla tradizione e al Magistero della Chiesa in opposizione ad ogni relativismo e totalitarismo","publisher":{"@id":"https:\/\/www.rassegnastampa-totustuus.it\/cattolica\/#organization"},"alternateName":"Rass. Cattolica","potentialAction":[{"@type":"SearchAction","target":{"@type":"EntryPoint","urlTemplate":"https:\/\/www.rassegnastampa-totustuus.it\/cattolica\/?s={search_term_string}"},"query-input":{"@type":"PropertyValueSpecification","valueRequired":true,"valueName":"search_term_string"}}],"inLanguage":"it-IT"},{"@type":"Organization","@id":"https:\/\/www.rassegnastampa-totustuus.it\/cattolica\/#organization","name":"Rassegna Stampa Cattolica","url":"https:\/\/www.rassegnastampa-totustuus.it\/cattolica\/","logo":{"@type":"ImageObject","inLanguage":"it-IT","@id":"https:\/\/www.rassegnastampa-totustuus.it\/cattolica\/#\/schema\/logo\/image\/","url":"https:\/\/www.rassegnastampa-totustuus.it\/cattolica\/wp-content\/uploads\/2014\/04\/logo-rassegna1.gif","contentUrl":"https:\/\/www.rassegnastampa-totustuus.it\/cattolica\/wp-content\/uploads\/2014\/04\/logo-rassegna1.gif","width":600,"height":163,"caption":"Rassegna Stampa Cattolica"},"image":{"@id":"https:\/\/www.rassegnastampa-totustuus.it\/cattolica\/#\/schema\/logo\/image\/"},"sameAs":["https:\/\/www.facebook.com\/rassegnastampacattolica","https:\/\/x.com\/rassegnastampa9"]},{"@type":"Person","@id":"https:\/\/www.rassegnastampa-totustuus.it\/cattolica\/#\/schema\/person\/08f319d2bd1a0904ad9e2bfb7b15e5c3","name":"Redazione","image":{"@type":"ImageObject","inLanguage":"it-IT","@id":"https:\/\/secure.gravatar.com\/avatar\/2fcdf27c78ea025fbdb44e914cc63c72249ffec9dc8aafd5c82b26240ef3f346?s=96&d=mm&r=g","url":"https:\/\/secure.gravatar.com\/avatar\/2fcdf27c78ea025fbdb44e914cc63c72249ffec9dc8aafd5c82b26240ef3f346?s=96&d=mm&r=g","contentUrl":"https:\/\/secure.gravatar.com\/avatar\/2fcdf27c78ea025fbdb44e914cc63c72249ffec9dc8aafd5c82b26240ef3f346?s=96&d=mm&r=g","caption":"Redazione"},"url":"https:\/\/www.rassegnastampa-totustuus.it\/cattolica\/author\/pietroelle\/"}]}},"_links":{"self":[{"href":"https:\/\/www.rassegnastampa-totustuus.it\/cattolica\/wp-json\/wp\/v2\/posts\/40116","targetHints":{"allow":["GET"]}}],"collection":[{"href":"https:\/\/www.rassegnastampa-totustuus.it\/cattolica\/wp-json\/wp\/v2\/posts"}],"about":[{"href":"https:\/\/www.rassegnastampa-totustuus.it\/cattolica\/wp-json\/wp\/v2\/types\/post"}],"author":[{"embeddable":true,"href":"https:\/\/www.rassegnastampa-totustuus.it\/cattolica\/wp-json\/wp\/v2\/users\/6"}],"replies":[{"embeddable":true,"href":"https:\/\/www.rassegnastampa-totustuus.it\/cattolica\/wp-json\/wp\/v2\/comments?post=40116"}],"version-history":[{"count":2,"href":"https:\/\/www.rassegnastampa-totustuus.it\/cattolica\/wp-json\/wp\/v2\/posts\/40116\/revisions"}],"predecessor-version":[{"id":40242,"href":"https:\/\/www.rassegnastampa-totustuus.it\/cattolica\/wp-json\/wp\/v2\/posts\/40116\/revisions\/40242"}],"wp:featuredmedia":[{"embeddable":true,"href":"https:\/\/www.rassegnastampa-totustuus.it\/cattolica\/wp-json\/wp\/v2\/media\/40117"}],"wp:attachment":[{"href":"https:\/\/www.rassegnastampa-totustuus.it\/cattolica\/wp-json\/wp\/v2\/media?parent=40116"}],"wp:term":[{"taxonomy":"category","embeddable":true,"href":"https:\/\/www.rassegnastampa-totustuus.it\/cattolica\/wp-json\/wp\/v2\/categories?post=40116"},{"taxonomy":"post_tag","embeddable":true,"href":"https:\/\/www.rassegnastampa-totustuus.it\/cattolica\/wp-json\/wp\/v2\/tags?post=40116"}],"curies":[{"name":"wp","href":"https:\/\/api.w.org\/{rel}","templated":true}]}}