{"id":4007,"date":"2010-08-30T11:06:59","date_gmt":"2010-08-30T09:06:59","guid":{"rendered":""},"modified":"2014-12-10T15:48:08","modified_gmt":"2014-12-10T14:48:08","slug":"solidarnosc-storia-di-una-rivoluzione-cristiana","status":"publish","type":"post","link":"https:\/\/www.rassegnastampa-totustuus.it\/cattolica\/solidarnosc-storia-di-una-rivoluzione-cristiana\/","title":{"rendered":"Solidarnosc, storia di una rivoluzione cristiana"},"content":{"rendered":"<div style=\"text-align: center;\"><strong><a href=\"https:\/\/www.rassegnastampa-totustuus.it\/cattolica\/wp-content\/uploads\/2010\/08\/solidarnosc_1.png\"><img loading=\"lazy\" decoding=\"async\" class=\"alignleft wp-image-15214\" src=\"https:\/\/www.rassegnastampa-totustuus.it\/cattolica\/wp-content\/uploads\/2010\/08\/solidarnosc_1.png\" alt=\"solidarnosc_1\" width=\"250\" height=\"156\" \/><\/a>Ag Zenit<\/strong> (Zenit.org)<\/div>\n<div style=\"text-align: center;\">marted\u00ec, 24 agosto 2010<\/div>\n<p style=\"text-align: center;\"><em>La rivolta non violenta che mise in ginocchio il Comunismo<br \/>\n<\/em><\/p>\n<p style=\"text-align: center;\">di <strong>Antonio Gaspari<\/strong><\/p>\n<p><!--more--><\/p>\n<div style=\"text-align: justify;\">ROMA &#8211; Una delle mostre pi\u00f9 frequentate al Meeting di Rimini \u00e8 quella intitolata \u201cDanzica 1980. Solidarnosc\u201d che si apre con un commento della scrittore russo, imprigionato per 12 anni dal regime comunista, Vladimir Bukovskij.\u201cA prescindere dall\u2019et\u00e0 e dalla nazionalit\u00e0 noi tutti siamo nati a Budapest \u2013 disse Bukovskij \u2013, siamo andati a scuola a Praga, ci siamo fatti le ossa nei lager sovietici e infine abbiamo raggiunto la maturit\u00e0 nei cantieri di Danzica\u201d.<\/div>\n<p style=\"text-align: justify;\">Queste parole sono incomprensibili per chi non ha vissuto o conosce la storia di quei paesi europei, Polonia, Cecoslovachia, Ungheria, Romania, Bulgaria, Germania est, che dopo la fine della Seconda Guerra mondiale vennero occupati dall\u2019Unione Sovietica. Ma sono chiarissime per chi quegli eventi li ha vissuti.<\/p>\n<p style=\"text-align: justify;\"><a href=\"https:\/\/www.rassegnastampa-totustuus.it\/cattolica\/wp-content\/uploads\/2010\/08\/Danzica_1980.jpg\"><img loading=\"lazy\" decoding=\"async\" class=\"alignleft wp-image-15217\" src=\"https:\/\/www.rassegnastampa-totustuus.it\/cattolica\/wp-content\/uploads\/2010\/08\/Danzica_1980.jpg\" alt=\"Danzica_1980\" width=\"200\" height=\"150\" \/><\/a>La dittatura imposta dal regime comunista sovietico era cos\u00ec insopportabile che gi\u00e0 nel 1953 in Germania est si svilupparono le prime rivolte. Rivolte anche a Budapest e Poznan nel 1956, a Praga nel 1968, poi a Danzica nel 1970, a Radom e altre localit\u00e0 in Polonia nel 1976, sino ad arrivare alla sciopero dei cantieri navali di Danzica del 1980, esperienza da cui nacque Solidarnosc, il movimento che sar\u00e0 decisivo per la sconfitta del regime comunista.<\/p>\n<p style=\"text-align: justify;\">Il popolo si sollev\u00f2 non per ragioni di potere, ma per chiedere libert\u00e0 di parola, di stampa e di associazione, rispetto dei diritti umani, migliori condizioni di vita. In Ungheria (1956) e Cecoslovacchia (1968), furono gli stessi dirigenti dei Partiti comunisti locali a chiedere un \u201csocialismo dal volto umano\u201d, ciononostante furono repressi brutalmente dalle truppe sovietiche. Il primo novembre del 1956, Imre Nagy il primo ministro, segretario del partito comunista ungherese, sostenuto dalla popolazione usc\u00ec dal patto di Varsavia, dichiar\u00f2 la propria neutralit\u00e0 e scarcer\u00f2 il cardinale Mindszenty<\/p>\n<p style=\"text-align: justify;\">La reazione sovietica fu tremenda. Il 4 novembre 2000 carri armati si diressero in Ungheria, con incursioni aree e bombardamenti di artiglieria. Non si conosce il numero esatto delle vittime civili. Nagy si rifugi\u00f2 nell\u2019ambasciata Jugoslavia e il cardinale J\u00f3zsef Mindszenty trov\u00f2 rifugio nell\u2019ambasciata Americana dove rimase per 15 anni<\/p>\n<p style=\"text-align: justify;\">Il 22 novembre 1956 Nagy venne consegnato ai sovietici, che due anni dopo lo fucilarono. Furono eseguite 500 condanne a morte e decine migliaia di persone vennero rinchiuse nei campi di internamento o in carcere. 200.000 furono gli ungheresi che lasciarono il Paese. l 23 marzo 1968 Alexander Dubcek, nuovo segretario del partito comunista, introdusse una serie di riforme democratiche indicate come segni della \u201cprimavera di Praga\u201d.<\/p>\n<p style=\"text-align: justify;\"><a href=\"https:\/\/www.rassegnastampa-totustuus.it\/cattolica\/wp-content\/uploads\/2010\/08\/Waleza_danzica.jpg\"><img loading=\"lazy\" decoding=\"async\" class=\"alignright wp-image-15216\" src=\"https:\/\/www.rassegnastampa-totustuus.it\/cattolica\/wp-content\/uploads\/2010\/08\/Waleza_danzica.jpg\" alt=\"Waleza_danzica\" width=\"200\" height=\"133\" \/><\/a>La notte del 21 agosto 700.000 soldati, migliaia di carri armati e centinaia di aerei ed elicotteri del patto di Varsavia passarono le frontiere ed occuparono Praga. Tutti i dirigenti del Partito comunista vennero arrestati. La popolazione prov\u00f2 ad opporsi, ma le truppe del patto di Varsavia spararono sulla folla: ci furono 100 morti e 335 feriti gravi. Di fronte alla brutalit\u00e0 e allo strapotere del regime sovietico, il popolo polacco, forte della sua fede cattolica continu\u00f2 a ribellarsi<\/p>\n<p style=\"text-align: justify;\">Nel 1978 il cardinale Karol Wojtyla divenne il primo Pontefice polacco nella storia della Chiesa. Come Papa nel 1979 fece visita alla Polonia, suscitando un entusiasmo ed una speranza incredibile. Nell\u2019agosto del 1980, a Danzica la citt\u00e0 dove ebbe inizio la seconda guerra mondiale, gli operai occupano i cantieri navali \u201cLenin\u201d. Motivo della protesta fu il licenziamento di Anna Walentynowics fondatrice di un sindacato indipendente.<\/p>\n<p style=\"text-align: justify;\">Dalle immagini che le Tv inviarono in tutto il mondo, si cap\u00ec che era uno sciopero diverso dagli altri. Gli operai pregavano, si confessavano, assistevano alla Messa inginocchiati, costruirono tre enormi Croci al centro dei cantieri. Il mondo scopr\u00ec che si stava verificando una rivoluzione operaia dalle radici popolari e cattoliche. Il regime la cui credibilit\u00e0 era sostenuta da un ideologia operista e rivoluzionaria, si trovava spiazzato<\/p>\n<p style=\"text-align: justify;\">Il comitato che guid\u00f2 lo sciopero present\u00f2 21 richieste tra cui: il diritto di fondare un sindacato libero e indipendente; libert\u00e0 di coscienza e di religione; libert\u00e0 di parola e accesso ai mass media; trasmissione per radio della Messa domenicale; liberazione dei detenuti politici. Le richieste degli operai vennero immediatamente sostenute dal primate di Polonia, il cardinale Stefan Wyszynski, e da un appello degli intellettuali sottoscritto anche da alcuni membri del Partito Comunista Polacco.<\/p>\n<p style=\"text-align: justify;\">L\u2019appoggio popolare fu enorme, cos\u00ec il regime cedette: il 10 novembre 1980 \u201cSolidarnosc\u201d venne riconosciuto ufficialmente e registrato in tribunale. Si trattava di molto pi\u00f9 che un sindacato libero. Era espressione di un popolo che rifiutava la violenza e si fondava sulla solidariet\u00e0. In pochissimo tempo, pi\u00f9 di 10 milioni di persone si iscrissero a Solidarnosc. Il movimento era presente su basi locali in tutto il Paese. Era profondamente radicato nel tessuto sociale e culturale della Polonia. Univa i simboli della nazione e dell\u2019identit\u00e0 religiosa. La vittoria sembrava vicina.<\/p>\n<p style=\"text-align: justify;\">Ma nel 1981, la dittatura comunista prov\u00f2 a fermare la rivoluzione in corso. Il 13 maggio 1981 il turco Al\u00ec Agca, in contatto con l\u2019ambasciata Bulgara a Roma, spar\u00f2 in piazza san Pietro al Papa. Miracolosamente Giovanni Paolo II sopravvisse all\u2019attentato. Nella notte del 13 dicembre del 1981, con un attacco a sorpresa vennero arrestati quasi tutti i responsabili di Solidarnosc. Il generale Wojcjech Jaruzelski d\u2019accordo con Mosca introdusse la legge marziale.<\/p>\n<p style=\"text-align: justify;\">I polacchi parlarono del golpe di \u201cPinochetski\u201d. Tutto il Paese venne militarizzato, scuole e universit\u00e0 vennero chiuse, le comunicazioni telefoniche vennero interrotte, era proibito spostarsi da una citt\u00e0 all\u2019altra. Decine di migliaia di persone vennero processate e inviate nei campi di internamento, tutti i diritti civili vennero soppressi.<\/p>\n<p style=\"text-align: justify;\">La legge marziale rendeva ancora peggiori le condizioni economiche della Polonia. Il socialismo militarizzato era diventato \u201csocialismo affamato\u201d. Il popolo polacco era provato ma non cedette. Sacerdoti come Jerzy Popieluszko alimentavano la speranza. I militanti di Solidarnosc attivarono una rete di controinformazione. Nel giugno del 1983 ci fu la seconda visita di Giovanni Paolo II in Polonia. Il viaggio fu osteggiato a lungo dal regime. Folle oceaniche accolsero il Pontefice.<\/p>\n<p style=\"text-align: justify;\">Nel luglio del 1983, dopo 583 giorni di legge marziale, con un numero sconosciuto di persone uccise e 10.000 persone rinchiuse in carcere, il regime cominci\u00f2 a cedere in previsione del crollo del muro che avvenne nel 1989. Nel corso della conferenza di presentazione della mostra Wojtek Hunolot, primo consigliere dell\u2019Ambasciata Polacca in Italia, ha detto: \u201cSolidarnosc \u00e8 qualcosa di pi\u00f9 importante di un fatto storico per la storia della Polonia. E\u2019 un paradigma per la vittoria pacifica del bene sul male\u201d.<\/p>\n<p style=\"text-align: justify;\">La mostra curata da Sandro Chierici racconta con citazioni e immagini tutta questa storia. Le foto bellissime e originalissime sono di Chris Niedenthal, nato a Londra da genitori polacchi rifugiati. Fu il primo reporter straniero nell\u2019agosto del 1980 ad avere accesso ai cantieri navali di Danzica.\u00a0Con servizi apparsi su \u201cNewsweek\u201d, \u201cDer Spiegel\u201d e \u201cTime\u201d, Niedenthal ha raccontato la storia della Polonia durante tutto il periodo della dittatura comunista. Per i suoi servizi ha vinto nel 1986 il World Press Photo Award.<\/p>\n<p style=\"text-align: center;\"><a href=\"https:\/\/www.rassegnastampa-totustuus.it\/cattolica\/?p=4012\" target=\"_blank\"><strong>CRONOLOGIA<\/strong><\/a><\/p>\n","protected":false},"excerpt":{"rendered":"<p>Ag Zenit (Zenit.org) marted\u00ec, 24 agosto 2010 La rivolta non violenta che mise in ginocchio il Comunismo di Antonio Gaspari<\/p><p><a class=\"more-link btn\" href=\"https:\/\/www.rassegnastampa-totustuus.it\/cattolica\/solidarnosc-storia-di-una-rivoluzione-cristiana\/\">Continua a leggere<\/a><\/p>\n","protected":false},"author":6,"featured_media":15214,"comment_status":"closed","ping_status":"open","sticky":false,"template":"","format":"standard","meta":{"footnotes":""},"categories":[32,108],"tags":[830,1092],"class_list":["post-4007","post","type-post","status-publish","format-standard","has-post-thumbnail","hentry","category-filosofia-del-comunismo","category-paesi-e-continenti","tag-polonia","tag-solidarnosc","item-wrap"],"yoast_head":"<!-- This site is optimized with the Yoast SEO plugin v27.5 - https:\/\/yoast.com\/product\/yoast-seo-wordpress\/ -->\n<title>Solidarnosc, storia di una rivoluzione cristiana - Rassegna Stampa Cattolica<\/title>\n<meta name=\"description\" content=\"Rassegna Stampa Cattolica - Per una cultura che nasce dalla Rivelazione cristiana in conformit\u00e0 alla tradizione e al Magistero della Chiesa in opposizione ad ogni relativismo e totalitarismo\" \/>\n<meta name=\"robots\" content=\"index, follow, max-snippet:-1, max-image-preview:large, max-video-preview:-1\" \/>\n<link rel=\"canonical\" href=\"https:\/\/www.rassegnastampa-totustuus.it\/cattolica\/solidarnosc-storia-di-una-rivoluzione-cristiana\/\" \/>\n<meta property=\"og:locale\" content=\"it_IT\" \/>\n<meta property=\"og:type\" content=\"article\" \/>\n<meta property=\"og:title\" content=\"Solidarnosc, storia di una rivoluzione cristiana - Rassegna Stampa Cattolica\" \/>\n<meta property=\"og:description\" content=\"Rassegna Stampa Cattolica - Per una cultura che nasce dalla Rivelazione cristiana in conformit\u00e0 alla tradizione e al Magistero della Chiesa in opposizione ad ogni relativismo e totalitarismo\" \/>\n<meta property=\"og:url\" content=\"https:\/\/www.rassegnastampa-totustuus.it\/cattolica\/solidarnosc-storia-di-una-rivoluzione-cristiana\/\" \/>\n<meta property=\"og:site_name\" content=\"Rassegna Stampa Cattolica\" \/>\n<meta property=\"article:publisher\" content=\"https:\/\/www.facebook.com\/rassegnastampacattolica\" \/>\n<meta property=\"article:published_time\" content=\"2010-08-30T09:06:59+00:00\" \/>\n<meta property=\"article:modified_time\" content=\"2014-12-10T14:48:08+00:00\" \/>\n<meta property=\"og:image\" content=\"https:\/\/www.rassegnastampa-totustuus.it\/cattolica\/wp-content\/uploads\/2010\/08\/solidarnosc_1.png\" \/>\n\t<meta property=\"og:image:width\" content=\"276\" \/>\n\t<meta property=\"og:image:height\" content=\"172\" \/>\n\t<meta property=\"og:image:type\" content=\"image\/png\" \/>\n<meta name=\"author\" content=\"Redazione\" \/>\n<meta name=\"twitter:card\" content=\"summary_large_image\" \/>\n<meta name=\"twitter:creator\" content=\"@rassegnastampa9\" \/>\n<meta name=\"twitter:site\" content=\"@rassegnastampa9\" \/>\n<meta name=\"twitter:label1\" content=\"Scritto da\" \/>\n\t<meta name=\"twitter:data1\" content=\"Redazione\" \/>\n\t<meta name=\"twitter:label2\" content=\"Tempo di lettura stimato\" \/>\n\t<meta name=\"twitter:data2\" content=\"6 minuti\" \/>\n<script type=\"application\/ld+json\" class=\"yoast-schema-graph\">{\"@context\":\"https:\\\/\\\/schema.org\",\"@graph\":[{\"@type\":\"Article\",\"@id\":\"https:\\\/\\\/www.rassegnastampa-totustuus.it\\\/cattolica\\\/solidarnosc-storia-di-una-rivoluzione-cristiana\\\/#article\",\"isPartOf\":{\"@id\":\"https:\\\/\\\/www.rassegnastampa-totustuus.it\\\/cattolica\\\/solidarnosc-storia-di-una-rivoluzione-cristiana\\\/\"},\"author\":{\"name\":\"Redazione\",\"@id\":\"https:\\\/\\\/www.rassegnastampa-totustuus.it\\\/cattolica\\\/#\\\/schema\\\/person\\\/08f319d2bd1a0904ad9e2bfb7b15e5c3\"},\"headline\":\"Solidarnosc, storia di una rivoluzione cristiana\",\"datePublished\":\"2010-08-30T09:06:59+00:00\",\"dateModified\":\"2014-12-10T14:48:08+00:00\",\"mainEntityOfPage\":{\"@id\":\"https:\\\/\\\/www.rassegnastampa-totustuus.it\\\/cattolica\\\/solidarnosc-storia-di-una-rivoluzione-cristiana\\\/\"},\"wordCount\":1123,\"publisher\":{\"@id\":\"https:\\\/\\\/www.rassegnastampa-totustuus.it\\\/cattolica\\\/#organization\"},\"image\":{\"@id\":\"https:\\\/\\\/www.rassegnastampa-totustuus.it\\\/cattolica\\\/solidarnosc-storia-di-una-rivoluzione-cristiana\\\/#primaryimage\"},\"thumbnailUrl\":\"https:\\\/\\\/www.rassegnastampa-totustuus.it\\\/cattolica\\\/wp-content\\\/uploads\\\/2010\\\/08\\\/solidarnosc_1.png\",\"keywords\":[\"Polonia\",\"Solidarnosc\"],\"articleSection\":[\"Comunismo\",\"Paesi e continenti\"],\"inLanguage\":\"it-IT\"},{\"@type\":\"WebPage\",\"@id\":\"https:\\\/\\\/www.rassegnastampa-totustuus.it\\\/cattolica\\\/solidarnosc-storia-di-una-rivoluzione-cristiana\\\/\",\"url\":\"https:\\\/\\\/www.rassegnastampa-totustuus.it\\\/cattolica\\\/solidarnosc-storia-di-una-rivoluzione-cristiana\\\/\",\"name\":\"Solidarnosc, storia di una rivoluzione cristiana - Rassegna Stampa Cattolica\",\"isPartOf\":{\"@id\":\"https:\\\/\\\/www.rassegnastampa-totustuus.it\\\/cattolica\\\/#website\"},\"primaryImageOfPage\":{\"@id\":\"https:\\\/\\\/www.rassegnastampa-totustuus.it\\\/cattolica\\\/solidarnosc-storia-di-una-rivoluzione-cristiana\\\/#primaryimage\"},\"image\":{\"@id\":\"https:\\\/\\\/www.rassegnastampa-totustuus.it\\\/cattolica\\\/solidarnosc-storia-di-una-rivoluzione-cristiana\\\/#primaryimage\"},\"thumbnailUrl\":\"https:\\\/\\\/www.rassegnastampa-totustuus.it\\\/cattolica\\\/wp-content\\\/uploads\\\/2010\\\/08\\\/solidarnosc_1.png\",\"datePublished\":\"2010-08-30T09:06:59+00:00\",\"dateModified\":\"2014-12-10T14:48:08+00:00\",\"description\":\"Rassegna Stampa Cattolica - Per una cultura che nasce dalla Rivelazione cristiana in conformit\u00e0 alla tradizione e al Magistero della Chiesa in opposizione ad ogni relativismo e totalitarismo\",\"breadcrumb\":{\"@id\":\"https:\\\/\\\/www.rassegnastampa-totustuus.it\\\/cattolica\\\/solidarnosc-storia-di-una-rivoluzione-cristiana\\\/#breadcrumb\"},\"inLanguage\":\"it-IT\",\"potentialAction\":[{\"@type\":\"ReadAction\",\"target\":[\"https:\\\/\\\/www.rassegnastampa-totustuus.it\\\/cattolica\\\/solidarnosc-storia-di-una-rivoluzione-cristiana\\\/\"]}]},{\"@type\":\"ImageObject\",\"inLanguage\":\"it-IT\",\"@id\":\"https:\\\/\\\/www.rassegnastampa-totustuus.it\\\/cattolica\\\/solidarnosc-storia-di-una-rivoluzione-cristiana\\\/#primaryimage\",\"url\":\"https:\\\/\\\/www.rassegnastampa-totustuus.it\\\/cattolica\\\/wp-content\\\/uploads\\\/2010\\\/08\\\/solidarnosc_1.png\",\"contentUrl\":\"https:\\\/\\\/www.rassegnastampa-totustuus.it\\\/cattolica\\\/wp-content\\\/uploads\\\/2010\\\/08\\\/solidarnosc_1.png\",\"width\":276,\"height\":172},{\"@type\":\"BreadcrumbList\",\"@id\":\"https:\\\/\\\/www.rassegnastampa-totustuus.it\\\/cattolica\\\/solidarnosc-storia-di-una-rivoluzione-cristiana\\\/#breadcrumb\",\"itemListElement\":[{\"@type\":\"ListItem\",\"position\":1,\"name\":\"Home\",\"item\":\"https:\\\/\\\/www.rassegnastampa-totustuus.it\\\/cattolica\\\/\"},{\"@type\":\"ListItem\",\"position\":2,\"name\":\"Solidarnosc, storia di una rivoluzione cristiana\"}]},{\"@type\":\"WebSite\",\"@id\":\"https:\\\/\\\/www.rassegnastampa-totustuus.it\\\/cattolica\\\/#website\",\"url\":\"https:\\\/\\\/www.rassegnastampa-totustuus.it\\\/cattolica\\\/\",\"name\":\"Rassegna Stampa Cattolica\",\"description\":\"Per una cultura che nasce dalla Rivelazione cristiana in conformit\u00e0 alla tradizione e al Magistero della Chiesa in opposizione ad ogni relativismo e totalitarismo\",\"publisher\":{\"@id\":\"https:\\\/\\\/www.rassegnastampa-totustuus.it\\\/cattolica\\\/#organization\"},\"alternateName\":\"Rass. Cattolica\",\"potentialAction\":[{\"@type\":\"SearchAction\",\"target\":{\"@type\":\"EntryPoint\",\"urlTemplate\":\"https:\\\/\\\/www.rassegnastampa-totustuus.it\\\/cattolica\\\/?s={search_term_string}\"},\"query-input\":{\"@type\":\"PropertyValueSpecification\",\"valueRequired\":true,\"valueName\":\"search_term_string\"}}],\"inLanguage\":\"it-IT\"},{\"@type\":\"Organization\",\"@id\":\"https:\\\/\\\/www.rassegnastampa-totustuus.it\\\/cattolica\\\/#organization\",\"name\":\"Rassegna Stampa Cattolica\",\"url\":\"https:\\\/\\\/www.rassegnastampa-totustuus.it\\\/cattolica\\\/\",\"logo\":{\"@type\":\"ImageObject\",\"inLanguage\":\"it-IT\",\"@id\":\"https:\\\/\\\/www.rassegnastampa-totustuus.it\\\/cattolica\\\/#\\\/schema\\\/logo\\\/image\\\/\",\"url\":\"https:\\\/\\\/www.rassegnastampa-totustuus.it\\\/cattolica\\\/wp-content\\\/uploads\\\/2014\\\/04\\\/logo-rassegna1.gif\",\"contentUrl\":\"https:\\\/\\\/www.rassegnastampa-totustuus.it\\\/cattolica\\\/wp-content\\\/uploads\\\/2014\\\/04\\\/logo-rassegna1.gif\",\"width\":600,\"height\":163,\"caption\":\"Rassegna Stampa Cattolica\"},\"image\":{\"@id\":\"https:\\\/\\\/www.rassegnastampa-totustuus.it\\\/cattolica\\\/#\\\/schema\\\/logo\\\/image\\\/\"},\"sameAs\":[\"https:\\\/\\\/www.facebook.com\\\/rassegnastampacattolica\",\"https:\\\/\\\/x.com\\\/rassegnastampa9\"]},{\"@type\":\"Person\",\"@id\":\"https:\\\/\\\/www.rassegnastampa-totustuus.it\\\/cattolica\\\/#\\\/schema\\\/person\\\/08f319d2bd1a0904ad9e2bfb7b15e5c3\",\"name\":\"Redazione\",\"image\":{\"@type\":\"ImageObject\",\"inLanguage\":\"it-IT\",\"@id\":\"https:\\\/\\\/secure.gravatar.com\\\/avatar\\\/2fcdf27c78ea025fbdb44e914cc63c72249ffec9dc8aafd5c82b26240ef3f346?s=96&d=mm&r=g\",\"url\":\"https:\\\/\\\/secure.gravatar.com\\\/avatar\\\/2fcdf27c78ea025fbdb44e914cc63c72249ffec9dc8aafd5c82b26240ef3f346?s=96&d=mm&r=g\",\"contentUrl\":\"https:\\\/\\\/secure.gravatar.com\\\/avatar\\\/2fcdf27c78ea025fbdb44e914cc63c72249ffec9dc8aafd5c82b26240ef3f346?s=96&d=mm&r=g\",\"caption\":\"Redazione\"},\"url\":\"https:\\\/\\\/www.rassegnastampa-totustuus.it\\\/cattolica\\\/author\\\/pietroelle\\\/\"}]}<\/script>\n<!-- \/ Yoast SEO plugin. -->","yoast_head_json":{"title":"Solidarnosc, storia di una rivoluzione cristiana - Rassegna Stampa Cattolica","description":"Rassegna Stampa Cattolica - Per una cultura che nasce dalla Rivelazione cristiana in conformit\u00e0 alla tradizione e al Magistero della Chiesa in opposizione ad ogni relativismo e totalitarismo","robots":{"index":"index","follow":"follow","max-snippet":"max-snippet:-1","max-image-preview":"max-image-preview:large","max-video-preview":"max-video-preview:-1"},"canonical":"https:\/\/www.rassegnastampa-totustuus.it\/cattolica\/solidarnosc-storia-di-una-rivoluzione-cristiana\/","og_locale":"it_IT","og_type":"article","og_title":"Solidarnosc, storia di una rivoluzione cristiana - Rassegna Stampa Cattolica","og_description":"Rassegna Stampa Cattolica - Per una cultura che nasce dalla Rivelazione cristiana in conformit\u00e0 alla tradizione e al Magistero della Chiesa in opposizione ad ogni relativismo e totalitarismo","og_url":"https:\/\/www.rassegnastampa-totustuus.it\/cattolica\/solidarnosc-storia-di-una-rivoluzione-cristiana\/","og_site_name":"Rassegna Stampa Cattolica","article_publisher":"https:\/\/www.facebook.com\/rassegnastampacattolica","article_published_time":"2010-08-30T09:06:59+00:00","article_modified_time":"2014-12-10T14:48:08+00:00","og_image":[{"width":276,"height":172,"url":"https:\/\/www.rassegnastampa-totustuus.it\/cattolica\/wp-content\/uploads\/2010\/08\/solidarnosc_1.png","type":"image\/png"}],"author":"Redazione","twitter_card":"summary_large_image","twitter_creator":"@rassegnastampa9","twitter_site":"@rassegnastampa9","twitter_misc":{"Scritto da":"Redazione","Tempo di lettura stimato":"6 minuti"},"schema":{"@context":"https:\/\/schema.org","@graph":[{"@type":"Article","@id":"https:\/\/www.rassegnastampa-totustuus.it\/cattolica\/solidarnosc-storia-di-una-rivoluzione-cristiana\/#article","isPartOf":{"@id":"https:\/\/www.rassegnastampa-totustuus.it\/cattolica\/solidarnosc-storia-di-una-rivoluzione-cristiana\/"},"author":{"name":"Redazione","@id":"https:\/\/www.rassegnastampa-totustuus.it\/cattolica\/#\/schema\/person\/08f319d2bd1a0904ad9e2bfb7b15e5c3"},"headline":"Solidarnosc, storia di una rivoluzione cristiana","datePublished":"2010-08-30T09:06:59+00:00","dateModified":"2014-12-10T14:48:08+00:00","mainEntityOfPage":{"@id":"https:\/\/www.rassegnastampa-totustuus.it\/cattolica\/solidarnosc-storia-di-una-rivoluzione-cristiana\/"},"wordCount":1123,"publisher":{"@id":"https:\/\/www.rassegnastampa-totustuus.it\/cattolica\/#organization"},"image":{"@id":"https:\/\/www.rassegnastampa-totustuus.it\/cattolica\/solidarnosc-storia-di-una-rivoluzione-cristiana\/#primaryimage"},"thumbnailUrl":"https:\/\/www.rassegnastampa-totustuus.it\/cattolica\/wp-content\/uploads\/2010\/08\/solidarnosc_1.png","keywords":["Polonia","Solidarnosc"],"articleSection":["Comunismo","Paesi e continenti"],"inLanguage":"it-IT"},{"@type":"WebPage","@id":"https:\/\/www.rassegnastampa-totustuus.it\/cattolica\/solidarnosc-storia-di-una-rivoluzione-cristiana\/","url":"https:\/\/www.rassegnastampa-totustuus.it\/cattolica\/solidarnosc-storia-di-una-rivoluzione-cristiana\/","name":"Solidarnosc, storia di una rivoluzione cristiana - Rassegna Stampa Cattolica","isPartOf":{"@id":"https:\/\/www.rassegnastampa-totustuus.it\/cattolica\/#website"},"primaryImageOfPage":{"@id":"https:\/\/www.rassegnastampa-totustuus.it\/cattolica\/solidarnosc-storia-di-una-rivoluzione-cristiana\/#primaryimage"},"image":{"@id":"https:\/\/www.rassegnastampa-totustuus.it\/cattolica\/solidarnosc-storia-di-una-rivoluzione-cristiana\/#primaryimage"},"thumbnailUrl":"https:\/\/www.rassegnastampa-totustuus.it\/cattolica\/wp-content\/uploads\/2010\/08\/solidarnosc_1.png","datePublished":"2010-08-30T09:06:59+00:00","dateModified":"2014-12-10T14:48:08+00:00","description":"Rassegna Stampa Cattolica - Per una cultura che nasce dalla Rivelazione cristiana in conformit\u00e0 alla tradizione e al Magistero della Chiesa in opposizione ad ogni relativismo e totalitarismo","breadcrumb":{"@id":"https:\/\/www.rassegnastampa-totustuus.it\/cattolica\/solidarnosc-storia-di-una-rivoluzione-cristiana\/#breadcrumb"},"inLanguage":"it-IT","potentialAction":[{"@type":"ReadAction","target":["https:\/\/www.rassegnastampa-totustuus.it\/cattolica\/solidarnosc-storia-di-una-rivoluzione-cristiana\/"]}]},{"@type":"ImageObject","inLanguage":"it-IT","@id":"https:\/\/www.rassegnastampa-totustuus.it\/cattolica\/solidarnosc-storia-di-una-rivoluzione-cristiana\/#primaryimage","url":"https:\/\/www.rassegnastampa-totustuus.it\/cattolica\/wp-content\/uploads\/2010\/08\/solidarnosc_1.png","contentUrl":"https:\/\/www.rassegnastampa-totustuus.it\/cattolica\/wp-content\/uploads\/2010\/08\/solidarnosc_1.png","width":276,"height":172},{"@type":"BreadcrumbList","@id":"https:\/\/www.rassegnastampa-totustuus.it\/cattolica\/solidarnosc-storia-di-una-rivoluzione-cristiana\/#breadcrumb","itemListElement":[{"@type":"ListItem","position":1,"name":"Home","item":"https:\/\/www.rassegnastampa-totustuus.it\/cattolica\/"},{"@type":"ListItem","position":2,"name":"Solidarnosc, storia di una rivoluzione cristiana"}]},{"@type":"WebSite","@id":"https:\/\/www.rassegnastampa-totustuus.it\/cattolica\/#website","url":"https:\/\/www.rassegnastampa-totustuus.it\/cattolica\/","name":"Rassegna Stampa Cattolica","description":"Per una cultura che nasce dalla Rivelazione cristiana in conformit\u00e0 alla tradizione e al Magistero della Chiesa in opposizione ad ogni relativismo e totalitarismo","publisher":{"@id":"https:\/\/www.rassegnastampa-totustuus.it\/cattolica\/#organization"},"alternateName":"Rass. Cattolica","potentialAction":[{"@type":"SearchAction","target":{"@type":"EntryPoint","urlTemplate":"https:\/\/www.rassegnastampa-totustuus.it\/cattolica\/?s={search_term_string}"},"query-input":{"@type":"PropertyValueSpecification","valueRequired":true,"valueName":"search_term_string"}}],"inLanguage":"it-IT"},{"@type":"Organization","@id":"https:\/\/www.rassegnastampa-totustuus.it\/cattolica\/#organization","name":"Rassegna Stampa Cattolica","url":"https:\/\/www.rassegnastampa-totustuus.it\/cattolica\/","logo":{"@type":"ImageObject","inLanguage":"it-IT","@id":"https:\/\/www.rassegnastampa-totustuus.it\/cattolica\/#\/schema\/logo\/image\/","url":"https:\/\/www.rassegnastampa-totustuus.it\/cattolica\/wp-content\/uploads\/2014\/04\/logo-rassegna1.gif","contentUrl":"https:\/\/www.rassegnastampa-totustuus.it\/cattolica\/wp-content\/uploads\/2014\/04\/logo-rassegna1.gif","width":600,"height":163,"caption":"Rassegna Stampa Cattolica"},"image":{"@id":"https:\/\/www.rassegnastampa-totustuus.it\/cattolica\/#\/schema\/logo\/image\/"},"sameAs":["https:\/\/www.facebook.com\/rassegnastampacattolica","https:\/\/x.com\/rassegnastampa9"]},{"@type":"Person","@id":"https:\/\/www.rassegnastampa-totustuus.it\/cattolica\/#\/schema\/person\/08f319d2bd1a0904ad9e2bfb7b15e5c3","name":"Redazione","image":{"@type":"ImageObject","inLanguage":"it-IT","@id":"https:\/\/secure.gravatar.com\/avatar\/2fcdf27c78ea025fbdb44e914cc63c72249ffec9dc8aafd5c82b26240ef3f346?s=96&d=mm&r=g","url":"https:\/\/secure.gravatar.com\/avatar\/2fcdf27c78ea025fbdb44e914cc63c72249ffec9dc8aafd5c82b26240ef3f346?s=96&d=mm&r=g","contentUrl":"https:\/\/secure.gravatar.com\/avatar\/2fcdf27c78ea025fbdb44e914cc63c72249ffec9dc8aafd5c82b26240ef3f346?s=96&d=mm&r=g","caption":"Redazione"},"url":"https:\/\/www.rassegnastampa-totustuus.it\/cattolica\/author\/pietroelle\/"}]}},"_links":{"self":[{"href":"https:\/\/www.rassegnastampa-totustuus.it\/cattolica\/wp-json\/wp\/v2\/posts\/4007","targetHints":{"allow":["GET"]}}],"collection":[{"href":"https:\/\/www.rassegnastampa-totustuus.it\/cattolica\/wp-json\/wp\/v2\/posts"}],"about":[{"href":"https:\/\/www.rassegnastampa-totustuus.it\/cattolica\/wp-json\/wp\/v2\/types\/post"}],"author":[{"embeddable":true,"href":"https:\/\/www.rassegnastampa-totustuus.it\/cattolica\/wp-json\/wp\/v2\/users\/6"}],"replies":[{"embeddable":true,"href":"https:\/\/www.rassegnastampa-totustuus.it\/cattolica\/wp-json\/wp\/v2\/comments?post=4007"}],"version-history":[{"count":5,"href":"https:\/\/www.rassegnastampa-totustuus.it\/cattolica\/wp-json\/wp\/v2\/posts\/4007\/revisions"}],"predecessor-version":[{"id":15226,"href":"https:\/\/www.rassegnastampa-totustuus.it\/cattolica\/wp-json\/wp\/v2\/posts\/4007\/revisions\/15226"}],"wp:featuredmedia":[{"embeddable":true,"href":"https:\/\/www.rassegnastampa-totustuus.it\/cattolica\/wp-json\/wp\/v2\/media\/15214"}],"wp:attachment":[{"href":"https:\/\/www.rassegnastampa-totustuus.it\/cattolica\/wp-json\/wp\/v2\/media?parent=4007"}],"wp:term":[{"taxonomy":"category","embeddable":true,"href":"https:\/\/www.rassegnastampa-totustuus.it\/cattolica\/wp-json\/wp\/v2\/categories?post=4007"},{"taxonomy":"post_tag","embeddable":true,"href":"https:\/\/www.rassegnastampa-totustuus.it\/cattolica\/wp-json\/wp\/v2\/tags?post=4007"}],"curies":[{"name":"wp","href":"https:\/\/api.w.org\/{rel}","templated":true}]}}