{"id":40035,"date":"2018-04-12T00:00:53","date_gmt":"2018-04-11T22:00:53","guid":{"rendered":"http:\/\/www.rassegnastampa-totustuus.it\/cattolica\/?p=40035"},"modified":"2018-09-06T15:10:05","modified_gmt":"2018-09-06T13:10:05","slug":"quale-futuro-per-leuropa","status":"publish","type":"post","link":"https:\/\/www.rassegnastampa-totustuus.it\/cattolica\/quale-futuro-per-leuropa\/","title":{"rendered":"Quale futuro per l\u2019Europa?"},"content":{"rendered":"<p style=\"text-align: center;\">Osservatorio Internazionale cardinale Van Thu\u00e2n sulla Dottrina sociale della Chiesa<strong> Newsletter n.878<\/strong> del 23 Marzo 2018<\/p>\n<p><img loading=\"lazy\" decoding=\"async\" class=\"aligncenter wp-image-40036\" src=\"https:\/\/www.rassegnastampa-totustuus.it\/cattolica\/wp-content\/uploads\/2018\/03\/IX-Rapporto_cover.jpg\" alt=\"\" width=\"178\" height=\"200\" \/><\/p>\n<p style=\"text-align: center;\"><em>Radici cristiane e relativismo radicale, popoli e politiche dell\u2019Unione<\/em><\/p>\n<p style=\"text-align: center;\"><strong>Scienza &amp; Vita<\/strong>, Firenze, 26 marzo 2018<\/p>\n<p style=\"text-align: center;\">di <strong>Stefano Fontana<\/strong><\/p>\n<p><!--more--><\/p>\n<p style=\"text-align: center;\"><strong>Il IX Rapporto dell\u2019Osservatorio Cardinale Van Thu\u00e2n<\/strong><\/p>\n<p style=\"text-align: justify;\">Il nostro Rapporto sull\u2019Europa [1] esprime un giudizio piuttosto severo sul processo di Unificazione e sull\u2019attuale impostazione dell\u2019Unione Europea fino al punto da considerarla, per alcuni suoi aspetti un progetto fallito, come dice il titolo del Rapporto, e addirittura un pericolo.<\/p>\n<p style=\"text-align: justify;\">Sappiamo bene che una simile valutazione diverge rispetto a quanto si sente dire in ecclesialese come pure in linguaggio politichese, ossia che ci vuole pi\u00f9 Europa. Sappiamo anche che oggi i critici dell\u2019Unione Europea sono accusati di populismo identitario. Tuttavia abbiamo ugualmente mosso apertamente le nostre critiche.<\/p>\n<p style=\"text-align: justify;\">Il cardinale Angelo Bagnasco, intervenendo alla presentazione del Rapporto a Roma, lo ha definito un atto di amore per l\u2019Europa. Lo \u00e8 certamente verso l\u2019Europa, non per\u00f2 verso l\u2019Unione Europea. Alla fine della sintesi introduttiva del Rapporto, firmato oltre che da me anche dagli altri direttori dei sei Centri di ricerca che hanno contribuito alla stesura dello stesso tra i quali il Centro Studi Livatino, si trova scritto che un aiuto all\u2019Europa verr\u00e0 in futuro proprio da coloro che oggi criticano, anche duramente, l\u2019attuale situazione dell\u2019Unione Europea.<\/p>\n<p style=\"text-align: justify;\"><strong>Errori nel progetto originario<\/strong><\/p>\n<p style=\"text-align: justify;\"><img loading=\"lazy\" decoding=\"async\" class=\"alignleft wp-image-32000\" src=\"https:\/\/www.rassegnastampa-totustuus.it\/cattolica\/wp-content\/uploads\/2006\/05\/europa.jpg\" alt=\"\" width=\"250\" height=\"187\" \/>La radicalit\u00e0 della nostra valutazione \u00e8 data anche dal fatto che secondo noi gli errori di impostazione sono addebitabili anche al progetto originario e non solo a successivi eventuali intoppi o deviazioni. All\u2019origine erano presenti due progetti, il primo impostato secondo i principi della Dottrina sociale della Chiesa, il secondo impostato secondo il Manifesto di Ventotene [2]. Bisogna riconoscere che ad imporsi \u00e8 stato quest\u2019ultimo, mentre il processo di unificazione si allontanava progressivamente dal primo di pari passo con la secolarizzazione della societ\u00e0 europea.<\/p>\n<p style=\"text-align: justify;\">Il Manifesto di Ventotene concepiva il processo di unificazione come un percorso rivoluzionario, socialista, condotto non dai popoli n\u00e9 attraverso i popoli bens\u00ec da un\u2019avanguardia di intellettuali e politici che lo avrebbero imposto dall\u2019alto. Si trattava di un progetto di tipo illuminista, giacobino e, fatte le debite distinzioni, leninista. Esso comportava l\u2019idea di riplasmare il popolo europeo e, secondo l\u2019impostazione rousseauiana, di dargli un\u2019altra natura.<\/p>\n<p style=\"text-align: justify;\">Lo schema era il medesimo del liberalismo massonico italiano che, una volta fatta l\u2019Italia, volle impegnarsi dall\u2019alto a fare, o meglio a rifare, gli italiani. Del resto solo in questo spirito \u2013 come vedremo anche in seguito \u2013 si pu\u00f2 comprendere l\u2019impegno ideologico delle istituzioni europee e la nascita addirittura di una ideologia europeista.<\/p>\n<p style=\"text-align: justify;\">L\u2019europeismo oggi \u00e8 una ideologia che demonizza chi la contraddice accusandolo di populismo. Il Manifesto di Ventotene diceva come doveva essere fatta l\u2019Unione Europea e ne stabiliva i contenuti culturali, identificandoli con quelli dell\u2019ideologia che conciliava Gramsci con Gobetti, il socialismo con il liberalismo, lo statalismo per quanto riguarda i bisogni pubblici e l\u2019individualismo amorale per quanto riguarda la vita privata. In altri termini era il progetto della societ\u00e0 radicale o, per dirla con Augusto Del Noce di una societ\u00e0 irreligiosa e opulenta.<\/p>\n<p style=\"text-align: justify;\"><strong>L\u2019occasione mancata<\/strong><\/p>\n<p style=\"text-align: justify;\"><img loading=\"lazy\" decoding=\"async\" class=\"alignright wp-image-34329\" src=\"https:\/\/www.rassegnastampa-totustuus.it\/cattolica\/wp-content\/uploads\/2005\/07\/GPII.jpg\" alt=\"\" width=\"250\" height=\"166\" \/>Nel nostro Rapporto evidenziamo come ci sia stato un momento nella storia dell\u2019Unione Europea in qui questo schema poteva essere messo in discussione. Ci riferiamo al 1989 e al 1991, ossia al crollo del comunismo nell\u2019Europa orientale. Ci\u00f2, come si sa, fu interpretato come la necessit\u00e0 di procedere verso l\u2019Unione politica con il trattato di Maastricht (1992), ma poteva essere anche interpretato in altro modo, come insistentemente chiedeva Giovanni Paolo II.<\/p>\n<p style=\"text-align: justify;\">La richiesta di inserire nella costituzione europea il riferimento a Dio non era una richiesta integralista, ma intendeva ricondurre le riflessioni sull\u2019Europa alle loro autentiche fonti affinch\u00e9 essa potesse ritrovare la propria strada. L\u2019Unione si sarebbe allontanata dall\u2019Europa, mentre Giovanni Paolo II voleva che il processo di unificazione fosse a servizio dell\u2019Europa, dall\u2019Atlantico agli Urali. Per far questo essa doveva ricollegarsi con le sue origini cristiane, ma la strada intrapresa fu altra e gli interventi insistenti di Giovanni Paolo II furono disattesi.<\/p>\n<p style=\"text-align: justify;\"><strong>Imperi e Stato moderno<\/strong><\/p>\n<p style=\"text-align: justify;\">\u00a0<img loading=\"lazy\" decoding=\"async\" class=\"alignleft wp-image-40037\" src=\"https:\/\/www.rassegnastampa-totustuus.it\/cattolica\/wp-content\/uploads\/2018\/03\/Asburgo_stemma.jpg\" alt=\"\" width=\"156\" height=\"200\" \/>L\u2019Unione Europea trovava nella storia dell\u2019Europa due modelli a cui rifarsi: il modello dell\u2019Impero e il modello dello Stato moderno [3]. Il modello dell\u2019Impero era un sapiente equilibrio sedimentato nella storia tra centro e periferia, tra <em>reductio ad unum<\/em> e <em>coexistentia membrorum<\/em>, tra identit\u00e0 e pluralit\u00e0. Le nazioni e i popoli venivano valorizzati e nello stesso tempo unificati dalla comune religione e dalla funzione imperiale.<\/p>\n<p style=\"text-align: justify;\">L\u2019epoca degli imperi fin\u00ec con la conclusione della prima guerra mondiale e con essi spar\u00ec dall\u2019Europa anche la funzione pubblica della religione. L\u2019altro modello era quello dello Stato moderno, assoluto e accentrato, che sacrifica la <em>coexistentia membrorum<\/em> sotto la <em>reductio ad unum<\/em>. \u00c8 il moderno Leviatano che, come scriveva Carl Schmitt commentando Hobbes, era Uomo, Dio, animale e macchina [4] nello stesso tempo.<\/p>\n<p style=\"text-align: justify;\">L\u2019Unione Europea non \u00e8 diventata un Super Stato dal punto di vista formale, ma ha assunto molti aspetti e funzioni tipiche del Leviatano. E\u2019 diventata una enorme macchina di burocrati e funzionari omogenei tra loro e che condividono la stessa ideologia europeista che alla fine si riduce a due soli elementi: la democrazia formale e la libert\u00e0 vuota di contenuti.<\/p>\n<p style=\"text-align: justify;\"><strong>Una costruzione artificiale<\/strong><\/p>\n<p style=\"text-align: justify;\"><img loading=\"lazy\" decoding=\"async\" class=\"alignright wp-image-32088\" src=\"https:\/\/www.rassegnastampa-totustuus.it\/cattolica\/wp-content\/uploads\/2005\/05\/europa_costituzione.jpg\" alt=\"\" width=\"137\" height=\"200\" \/>Bisogna riflettere sull\u2019artificialit\u00e0 della costruzione dell\u2019Unione Europea. Il Leviatano di Hobbes \u00e8 una costruzione artificiale, senza rapporti con la natura sociale dell\u2019uomo e senza alcun debito verso uno stato di natura che ne limiterebbe la potenza assoluta. L\u2019Unione Europea, pur dicendosi a servizio delle nazioni e dei popoli, in realt\u00e0 \u00e8 una costruzione artificiale di trattati, gestiti da una classe artificiale di burocrati, e con una cultura artificiale essa stessa priva di alcun legame con la legge morale naturale.<\/p>\n<p style=\"text-align: justify;\">Lo prova il fatto che dalle istituzioni europee arrivano ormai sistematicamente agli Stati membri pressioni indebite perch\u00e9 essi approvino leggi contrarie alla vita e alla famiglia, ossia contro i dettami della legge morale naturale, con cui l\u2019Unione Europea ha tagliato i ponti. I cosiddetti \u201cnuovi diritti\u201d sono sostenuti dalla cultura dell\u2019Unione europea, sono al centro di molte raccomandazioni del Parlamento europeo, sono difesi dalle Corti di giustizia europee sicch\u00e9 il cittadino che ad esse ricorre contro il proprio ordinamento giuridico statale in tema di diritto alla vita, per esempio, non trova adeguata difesa.<\/p>\n<p style=\"text-align: justify;\">Nella fase propedeutica all\u2019ammissione all\u2019Unione, agli Stati richiedenti viene posta la condizione di attuare una legislazione sui nuovi diritti, in assenza della quale lo Stato darebbe prova di discriminazione.<\/p>\n<p style=\"text-align: justify;\"><strong>L\u2019opposizione al diritto naturale<\/strong><\/p>\n<p style=\"text-align: justify;\"><img loading=\"lazy\" decoding=\"async\" class=\"wp-image-39806 alignleft\" src=\"https:\/\/www.rassegnastampa-totustuus.it\/cattolica\/wp-content\/uploads\/2018\/02\/diritti_concepito.jpg\" alt=\"\" width=\"250\" height=\"187\" \/>Su questo tema dei diritti umani c\u2019\u00e8 nell\u2019Unione una lotta trasversale sia all\u2019interno dei singoli Stati sia tra Stati. Su questo terreno i Paesi dell\u2019Unione sono molto divisi, tra loro e al loro interno. Le organizzazioni della societ\u00e0 civile che difendono il diritto alla vita e la famiglia tra uomo e donna si contrappongono ai gruppi progressisti che invece vogliono estendere i nuovi diritti all\u2019autodeterminazione individuale al di l\u00e0 di ogni regola morale e giuridica. Le istituzioni europee solitamente stanno dalla parte di questi ultimi, ma non riescono ad evitare il conflitto sociale e politico su questi temi. E la parte che difende il diritto naturale sente che le istituzioni europee le sono nemiche, aumentando cos\u00ec la disaffezione nei loro confronti.<\/p>\n<p style=\"text-align: justify;\">Quando gli Stati Uniti di Trump hanno eliminato i finanziamenti internazionali alle organizzazioni che provocano l\u2019aborto di massa, l\u2019Unione europea li ha in parte sostituiti aumentando il budget a ci\u00f2 finalizzato e diventando cos\u00ec la prima finanziatrice al mondo. La contesa interna ai Paesi c\u2019\u00e8 ormai anche tra Paesi e Paesi. Molti Stati dell\u2019est europeo hanno blindato in costituzione la famiglia naturale, oppure la negazione del riconoscimento pubblico dell\u2019omosessualit\u00e0 o il diritto alla vita dal concepimento alla morte naturale.<\/p>\n<p style=\"text-align: justify;\">Questi Paesi sono entrati in conflitto ideologico con le istituzioni europee, che li hanno osteggiati. L\u2019antropologia diventa sempre di pi\u00f9 terreno di divisione europea. La tendenza dell\u2019Unione \u00e8 di uniformare, ma alcuni Paesi ormai reagiscono contro l\u2019appiattimento. I quattro Paesi di Visegrad \u2013 Polonia, Repubblica Ceca, Slovacchia e Ungheria \u2013 rivendicano la propria identit\u00e0 culturale, religiosa ed etica dall\u2019appiattimento ideologico europeo.<\/p>\n<p style=\"text-align: justify;\"><strong>Culture e popoli<\/strong><\/p>\n<p style=\"text-align: justify;\"><img loading=\"lazy\" decoding=\"async\" class=\"alignright wp-image-37063\" src=\"https:\/\/www.rassegnastampa-totustuus.it\/cattolica\/wp-content\/uploads\/2017\/01\/polonia.jpg\" alt=\"\" width=\"250\" height=\"140\" \/>Proprio su questo terreno della identit\u00e0 culturale e religiosa dei popoli europei si notano i maggiori sintomi del deficit nel processo di unificazione. Il nesso tra popolo e cultura \u00e8 fondamentale. Se \u00e8 indubitabile che esista una cultura europea, anche se \u00e8 poi difficile precisarla data la notevole quantit\u00e0 delle sue componenti, \u00e8 altrettanto indubitabile che essa nasce dalle culture dei singoli popoli che non assorbe in s\u00e9 appiattendole.<\/p>\n<p style=\"text-align: justify;\">La cultura, ci ha insegnato Giovanni Paolo II, \u00e8 una strada verso la natura umana, la quale trascende tutte le culture, le relativizza e ne permette una valutazione etica. I popoli cercano di realizzare la comune natura umana secondo vari percorsi, le culture appunto. Esse non sono autoreferenziali, valgono in quanto svelano l\u2019uomo quale esso \u00e8 e si mettono al suo servizio. E\u2019 per questo che nelle culture si pu\u00f2 insinuare anche elementi negativi, quando esse non rispettano l\u2019uomo e proprio la natura umana svolge in questi casi il ruolo di criterio di giudizio e di valutazione morale della cultura stessa. Tolto il concetto di natura umana, la cultura viene stabilita convenzionalmente a tavolino da parte dei poteri forti.<\/p>\n<p style=\"text-align: justify;\">L\u2019Europa \u00e8 sempre stata un incrocio di culture e di popoli, incrocio reso possibile dal comune riferimento alla natura umana, riferimento garantito dalla religione cristiana. E\u2019 infatti impareggiabile la visione della persona umana nata in Europa, trasmessa poi all\u2019Occidente non come espressione di una cultura di parte ma come conquista universale. Ma oggi in Europa avviene proprio questo: ci si \u00e8 congedati dalla natura umana e, quindi anche dalle culture dei popoli e delle nazioni che si vorrebbe uniformare e amalgamare artificialmente come dentro un tritacarne. Stanno nascendo nel nostro continente nuove rivendicazioni del diritto alla propria identit\u00e0 culturale e spesso questo viene rivendicato in polemica con le istituzione europee.<\/p>\n<p style=\"text-align: justify;\"><strong>Il posto di Dio nella pubblica piazza<\/strong><\/p>\n<p style=\"text-align: justify;\"><img loading=\"lazy\" decoding=\"async\" class=\"wp-image-31869 alignleft\" src=\"https:\/\/www.rassegnastampa-totustuus.it\/cattolica\/wp-content\/uploads\/2009\/11\/crocifisso-1.jpg\" alt=\"\" width=\"196\" height=\"200\" \/>Ma la cultura \u00e8 anche altro. Giovanni Paolo II ci ha anche insegnato che essa nasce sempre dalla domanda fondamentale dell\u2019uomo riguardo a Dio. Tutte le culture hanno sempre avuto un\u2019origine religiosa. Solo la cultura moderna e illuminista, come ha anche insegnato Benedetto XVI, nasce invece senza Dio o contro Dio. In Europa \u00e8 nata la prima cultura antireligiosa al mondo, una sistematica espulsione di Dio dalla pubblica piazza, che poi si \u00e8 estesa oltre i confini europei.<\/p>\n<p style=\"text-align: justify;\">L\u2019espulsione di Dio dalla sfera pubblica ha prodotto proprio in Europa i totalitarismi. Lo Stato ideologico \u00e8 nato in Europa con la Rivoluzione francese, proprio per l\u2019espulsione di Dio dalla vita pubblica e poi \u00e8 continuato in altre forme, anche pi\u00f9 devastanti. La domanda \u00e8 questa: negando Dio dalla pubblica piazza, anche l\u2019Unione Europea \u00e8 un potere ideologico? [5]<\/p>\n<p style=\"text-align: justify;\">E\u2019 inevitabile che senza Dio le culture si inaridiscano e si avvitino su se stesse, perdendo di vista anche altri valori umani e laici, in un processo di dissoluzione o, come direbbe Carl Schmitt, di disperazione. Lo stesso Schmitt e lo storico Ernest Nolte hanno sostenuto che la nascita dello Stato ideologico in Europa ha sempre prodotto guerre civili. Quella della Francia rivoluzionaria, quella dentro la Germania nella repubblica di Weimar dopo la sconfitta della prima guerra mondiale, la stessa prima guerra mondiale, quella del nazismo contro gli ebrei, quella italiana dopo il 25 luglio, quella nella Russia sovietica dopo la rivoluzione d\u2019ottobre \u2026 guerre civili.<\/p>\n<p style=\"text-align: justify;\">Oggi si dice che con il percorso di unificazione europea il continente ha avuto la pace. In parte \u00e8 vero. Se per\u00f2 dimentichiamo la Bosnia e il Kosovo della met\u00e0 degli anni Novanta e se oggi dimentichiamo Crimea e Ucraina. A caratterizzare lo Stato ideologico \u00e8, secondo Nolte, la presunzione di colpevolezza \u2026 contro l\u2019ebreo o contro il borghese capitalista. Anche oggi in Europa c\u2019\u00e8 una presunzione di colpevolezza ideologica: quella contro i bambini non ancora nati, fronte su cui le istituzioni europee sono molto impegnate.<\/p>\n<p style=\"text-align: justify;\"><strong>Il bene comune e la sussidiariet\u00e0<\/strong><\/p>\n<p style=\"text-align: justify;\"><img loading=\"lazy\" decoding=\"async\" class=\"wp-image-38885 alignright\" src=\"https:\/\/www.rassegnastampa-totustuus.it\/cattolica\/wp-content\/uploads\/2017\/11\/sussidiariet\u00e0.jpg\" alt=\"\" width=\"250\" height=\"168\" \/>Se esaminiamo la costruzione dell\u2019Unione Europea e la sua attuale situazione, possiamo riscontrare che sui principi fondamentali della Dottrina sociale della Chiesa le carenze sono piuttosto gravi. In particolare sui due principi fondamentali del bene comune e della sussidiariet\u00e0 la distanza si fa notare.<\/p>\n<p style=\"text-align: justify;\">La visione del bene comune della Dottrina sociale della Chiesa [6] ha due aspetti oggi completamente disattesi in Europa. Il primo \u00e8 che esso \u00e8 dietro di noi prima che davanti a noi. Ne fa parte l\u2019ordine naturale in cui siamo inseriti e l\u2019ordine storico della tradizione da cui riceviamo i principi e i valori. Il bene comune \u00e8 un ordine etico e non materiale. Esso pu\u00f2 esserci anche in una situazione di povert\u00e0 quando non si fa violenza all\u2019ordine4 naturale delle cose.<\/p>\n<p style=\"text-align: justify;\">L\u2019ideologia europeista, invece, si fonda sull\u2019idea che ci\u00f2 che viene dalle istituzioni europee sia il bene e che non ci siano ordini oggettivi da rispettare. Il secondo \u00e8 il suo carattere verticale: il primo bene comune \u00e8 Dio, sul quale si fonda ultimamente la stessa legittimazione dell\u2019autorit\u00e0. L\u2019Unione Europea si \u00e8 messa invece sulla strada di una secolarizzazione religiosa molto accentuata fondata sull\u2019indifferenza alle verit\u00e0 delle religioni che sono considerate tutte uguali e tutte diverse e nessuna degna di godere di un particolare ruolo pubblico.<\/p>\n<p style=\"text-align: justify;\">Poi c\u2019\u00e8 il principio di sussidiariet\u00e0 [7]. Il trattato di Maastricht lo contempla, ma anche lo deforma, interpretandolo in senso unicamente funzionalistico e strumentale. Quel principio ha senso solo in un sistema di ordine sociale e morale nel quale le societ\u00e0 inferiori devono essere messe in grado di agire liberamente per poter assolvere ai propri doveri oggettivi. Senza di questo il principio diventa solo una rivendicazioni di spazi per esercitare presunti diritti individuali non ancorati a dei doveri. Prevalgono le due visioni errate di sussidiariet\u00e0: quella che la considera una elargizione dello Stato sovrano alle societ\u00e0 inferiori e quello che la considera una rivendicazione libertaria e anarchica delle societ\u00e0 inferiori stesse. In ambedue i casi esso \u00e8 disancorato da un ordine sociale e politico oggettivo.<\/p>\n<p style=\"text-align: justify;\"><strong>Il problema politico dell\u2019Islam<\/strong><\/p>\n<p style=\"text-align: justify;\"><img loading=\"lazy\" decoding=\"async\" class=\"wp-image-29473 alignleft\" src=\"https:\/\/www.rassegnastampa-totustuus.it\/cattolica\/wp-content\/uploads\/2009\/04\/islam_Europa.jpg\" alt=\"\" width=\"250\" height=\"177\" \/>Vorrei terminare questa breve rassegna sull\u2019Unione Europea dal punto vi vista della Dottrina sociale della Chiesa accennando al fatto che non c\u2019\u00e8 una visione politica del problema dell\u2019Islam, che rappresenta un problema politico. In molti Stati europei si sono gi\u00e0 presentati alle elezioni partiti islamici. Come ha scritto il filosofo Remi Brague quando si importano musulmani non si importa una religione si importa una civilt\u00e0.<\/p>\n<p style=\"text-align: justify;\">Ora, nell\u2019Islam: non esiste il concetto di diritto naturale, l\u2019etica coincide con quanto \u00e8 permetto o vietato religiosamente, la rivelazione divina possiede immediatamente anche un significato giuridico, la comunit\u00e0 prevale sull\u2019individuo, non esiste il concetto di persona cos\u00ec come elaborato nell\u2019occidente cristiano, la donna \u00e8 antropologicamente inferiore all\u2019uomo e ci\u00f2 \u00e8 frutto di rivelazione, obbedire a Maometto equivale ad obbedire ad Allah perch\u00e9 il Corano scritto \u00e8 perfettamente conforme al Corano eterno, la comunit\u00e0 musulmana ha una superiorit\u00e0 antropologica su tutti gli altri e si espande per conquista [8].<\/p>\n<p style=\"text-align: justify;\">Nell\u2019Unione Europea non c\u2019\u00e8 una politica sull\u2019Islam e non si tiene conto di questo elemento: l\u2019Islam non \u00e8 solo una religione. La vuota laicit\u00e0 europea \u00e8 incapace di rispondere all\u2019Islam.<\/p>\n<p style=\"text-align: justify;\">_____________________<\/p>\n<p style=\"text-align: justify;\"><strong>[1]<\/strong> Osservatorio Cardinale Van Thu\u00e2n, <em>Europa: le fine delle illusioni,<\/em> IX Rapporto sulla Dottrina sociale della Chiesa nel mondo, a cura di Giampaolo Crepaldi e Stefano Fontana, Cantagalli, Siena 2017.<\/p>\n<p style=\"text-align: justify;\"><strong>[2]<\/strong> Alfredo Mantovano, <em>Il futuro dell\u2019Europa tra manifesto di Ventotene e Dottrina sociale della Chiesa<\/em>, Ivi, pp. 157-172.<\/p>\n<p style=\"text-align: justify;\"><strong>[3]<\/strong> Gianfranco Battisti, <em>Europa, le morte ragioni di una crisi epocale<\/em>, Ivi, pp. 123-146.<\/p>\n<p style=\"text-align: justify;\"><strong>[4]<\/strong> Cfr Carl Schmitt, <em>Sul Leviatano<\/em>, Introduzione di Giancarlo Galli, Il Mulino, Bologna 2011; Id., Legalit\u00e0 e legittimit\u00e0, Introduzione di Carlo Galli, Il Mulino, Bologna 2018.<\/p>\n<p style=\"text-align: justify;\"><strong>[5]<\/strong> Stefano Fontana, \u201c<em>Ex captivitate salus\u201d: se sia ancora attuale il concetto di \u201cguerra civile europea\u201d,<\/em> Ivi, pp. 147-156.<\/p>\n<p style=\"text-align: justify;\"><strong>[6]<\/strong> Cfr <em>Le ragioni del bene comune,<\/em> numero monografico del \u201cBollettino di Dottrina sociale della Chiesa\u201d, XIII (2017) 1.<\/p>\n<p style=\"text-align: justify;\"><strong>[7]<\/strong> Cfr <em>La sussidiariet\u00e0, un principio da recuperare,<\/em> numero monografico del \u201cBollettino di Dottrina sociale della Chiesa\u201d XIV (2018) 1.<\/p>\n<p style=\"text-align: justify;\"><strong>[8]<\/strong> Marie-Th\u00e9rese Urvoy, <em>Islamologie et monde islamique<\/em>, Cerf, Paris 2016; Annie Laurent, <em>L\u2019Islam<\/em>, Art\u00e9ge, Paris 2017; Pierre de Lauzun, <em>La la\u00efcit\u00e9 fran\u00e7aise est incapable de r\u00e9pondre \u00e0 l&#8217;islamisme,<\/em> Libert\u00e9 Politique, n. 68, janvier 2016, pp. 143-146.; Bernard Dumont, <em>La France, les catholiques, les musulmans<\/em>, Catholica n. 130. Hiver 2016, pp. 12-18; Giulio Meotti<em>, Il suicidio della cultura occidentale. Cos\u00ec l&#8217;islam radicale sta vincendo<\/em>, Lindu, Torino 2018; Id., <em>La fine dell&#8217;Europa. Nuove moschee e chiese abbandonate,<\/em> Cantagalli, Siena 2016; Gianni Baget Bozzo, <em>Tra nichilismo e islam. L&#8217;Europa come colpa<\/em>, Mondadori, Milano2006.<\/p>\n<p>________________________<\/p>\n<p><strong>Leggi anche:<\/strong><\/p>\n<p><a href=\"https:\/\/www.rassegnastampa-totustuus.it\/cattolica\/?p=39941\" target=\"_blank\" rel=\"noopener\">Europa: la fine delle illusioni<\/a><\/p>\n<p><a href=\"https:\/\/www.rassegnastampa-totustuus.it\/cattolica\/?p=40947\" target=\"_blank\" rel=\"noopener\">Europa. Le molte ragioni di una crisi epocale<\/a><\/p>\n<p><a href=\"https:\/\/www.rassegnastampa-totustuus.it\/cattolica\/?s=captivitate\" target=\"_blank\" rel=\"noopener\">&#8220;Ex captivitate salus&#8221;. Se sia ancora attuale il concetto di &#8220;Guerra civile europea&#8221;<\/a><\/p>\n<p>&nbsp;<\/p>\n","protected":false},"excerpt":{"rendered":"<p>Osservatorio Internazionale cardinale Van Thu\u00e2n sulla Dottrina sociale della Chiesa Newsletter n.878 del 23 Marzo 2018 Radici cristiane e relativismo radicale, popoli e politiche dell\u2019Unione Scienza &amp; Vita, Firenze, 26 marzo 2018 di Stefano Fontana<\/p><p><a class=\"more-link btn\" href=\"https:\/\/www.rassegnastampa-totustuus.it\/cattolica\/quale-futuro-per-leuropa\/\">Continua a leggere<\/a><\/p>\n","protected":false},"author":6,"featured_media":40036,"comment_status":"closed","ping_status":"closed","sticky":false,"template":"","format":"standard","meta":{"footnotes":""},"categories":[14],"tags":[146],"class_list":["post-40035","post","type-post","status-publish","format-standard","has-post-thumbnail","hentry","category-europa-e-ue","tag-dottrina-sociale-2","item-wrap"],"yoast_head":"<!-- This site is optimized with the Yoast SEO plugin v27.5 - https:\/\/yoast.com\/product\/yoast-seo-wordpress\/ -->\n<title>Quale futuro per l\u2019Europa? - Rassegna Stampa Cattolica<\/title>\n<meta name=\"description\" content=\"Rassegna Stampa Cattolica - Per una cultura che nasce dalla Rivelazione cristiana in conformit\u00e0 alla tradizione e al Magistero della Chiesa in opposizione ad ogni relativismo e totalitarismo\" \/>\n<meta name=\"robots\" content=\"index, follow, max-snippet:-1, max-image-preview:large, max-video-preview:-1\" \/>\n<link rel=\"canonical\" href=\"https:\/\/www.rassegnastampa-totustuus.it\/cattolica\/quale-futuro-per-leuropa\/\" \/>\n<meta property=\"og:locale\" content=\"it_IT\" \/>\n<meta property=\"og:type\" content=\"article\" \/>\n<meta property=\"og:title\" content=\"Quale futuro per l\u2019Europa? - Rassegna Stampa Cattolica\" \/>\n<meta property=\"og:description\" content=\"Rassegna Stampa Cattolica - Per una cultura che nasce dalla Rivelazione cristiana in conformit\u00e0 alla tradizione e al Magistero della Chiesa in opposizione ad ogni relativismo e totalitarismo\" \/>\n<meta property=\"og:url\" content=\"https:\/\/www.rassegnastampa-totustuus.it\/cattolica\/quale-futuro-per-leuropa\/\" \/>\n<meta property=\"og:site_name\" content=\"Rassegna Stampa Cattolica\" \/>\n<meta property=\"article:publisher\" content=\"https:\/\/www.facebook.com\/rassegnastampacattolica\" \/>\n<meta property=\"article:published_time\" content=\"2018-04-11T22:00:53+00:00\" \/>\n<meta property=\"article:modified_time\" content=\"2018-09-06T13:10:05+00:00\" \/>\n<meta property=\"og:image\" content=\"https:\/\/www.rassegnastampa-totustuus.it\/cattolica\/wp-content\/uploads\/2018\/03\/IX-Rapporto_cover.jpg\" \/>\n\t<meta property=\"og:image:width\" content=\"212\" \/>\n\t<meta property=\"og:image:height\" content=\"238\" \/>\n\t<meta property=\"og:image:type\" content=\"image\/jpeg\" \/>\n<meta name=\"author\" content=\"Redazione\" \/>\n<meta name=\"twitter:card\" content=\"summary_large_image\" \/>\n<meta name=\"twitter:creator\" content=\"@rassegnastampa9\" \/>\n<meta name=\"twitter:site\" content=\"@rassegnastampa9\" \/>\n<meta name=\"twitter:label1\" content=\"Scritto da\" \/>\n\t<meta name=\"twitter:data1\" content=\"Redazione\" \/>\n\t<meta name=\"twitter:label2\" content=\"Tempo di lettura stimato\" \/>\n\t<meta name=\"twitter:data2\" content=\"14 minuti\" \/>\n<script type=\"application\/ld+json\" class=\"yoast-schema-graph\">{\"@context\":\"https:\\\/\\\/schema.org\",\"@graph\":[{\"@type\":\"Article\",\"@id\":\"https:\\\/\\\/www.rassegnastampa-totustuus.it\\\/cattolica\\\/quale-futuro-per-leuropa\\\/#article\",\"isPartOf\":{\"@id\":\"https:\\\/\\\/www.rassegnastampa-totustuus.it\\\/cattolica\\\/quale-futuro-per-leuropa\\\/\"},\"author\":{\"name\":\"Redazione\",\"@id\":\"https:\\\/\\\/www.rassegnastampa-totustuus.it\\\/cattolica\\\/#\\\/schema\\\/person\\\/08f319d2bd1a0904ad9e2bfb7b15e5c3\"},\"headline\":\"Quale futuro per l\u2019Europa?\",\"datePublished\":\"2018-04-11T22:00:53+00:00\",\"dateModified\":\"2018-09-06T13:10:05+00:00\",\"mainEntityOfPage\":{\"@id\":\"https:\\\/\\\/www.rassegnastampa-totustuus.it\\\/cattolica\\\/quale-futuro-per-leuropa\\\/\"},\"wordCount\":2786,\"publisher\":{\"@id\":\"https:\\\/\\\/www.rassegnastampa-totustuus.it\\\/cattolica\\\/#organization\"},\"image\":{\"@id\":\"https:\\\/\\\/www.rassegnastampa-totustuus.it\\\/cattolica\\\/quale-futuro-per-leuropa\\\/#primaryimage\"},\"thumbnailUrl\":\"https:\\\/\\\/www.rassegnastampa-totustuus.it\\\/cattolica\\\/wp-content\\\/uploads\\\/2018\\\/03\\\/IX-Rapporto_cover.jpg\",\"keywords\":[\"dottrina sociale\"],\"articleSection\":[\"Europa e UE\"],\"inLanguage\":\"it-IT\"},{\"@type\":\"WebPage\",\"@id\":\"https:\\\/\\\/www.rassegnastampa-totustuus.it\\\/cattolica\\\/quale-futuro-per-leuropa\\\/\",\"url\":\"https:\\\/\\\/www.rassegnastampa-totustuus.it\\\/cattolica\\\/quale-futuro-per-leuropa\\\/\",\"name\":\"Quale futuro per l\u2019Europa? - Rassegna Stampa Cattolica\",\"isPartOf\":{\"@id\":\"https:\\\/\\\/www.rassegnastampa-totustuus.it\\\/cattolica\\\/#website\"},\"primaryImageOfPage\":{\"@id\":\"https:\\\/\\\/www.rassegnastampa-totustuus.it\\\/cattolica\\\/quale-futuro-per-leuropa\\\/#primaryimage\"},\"image\":{\"@id\":\"https:\\\/\\\/www.rassegnastampa-totustuus.it\\\/cattolica\\\/quale-futuro-per-leuropa\\\/#primaryimage\"},\"thumbnailUrl\":\"https:\\\/\\\/www.rassegnastampa-totustuus.it\\\/cattolica\\\/wp-content\\\/uploads\\\/2018\\\/03\\\/IX-Rapporto_cover.jpg\",\"datePublished\":\"2018-04-11T22:00:53+00:00\",\"dateModified\":\"2018-09-06T13:10:05+00:00\",\"description\":\"Rassegna Stampa Cattolica - Per una cultura che nasce dalla Rivelazione cristiana in conformit\u00e0 alla tradizione e al Magistero della Chiesa in opposizione ad ogni relativismo e totalitarismo\",\"breadcrumb\":{\"@id\":\"https:\\\/\\\/www.rassegnastampa-totustuus.it\\\/cattolica\\\/quale-futuro-per-leuropa\\\/#breadcrumb\"},\"inLanguage\":\"it-IT\",\"potentialAction\":[{\"@type\":\"ReadAction\",\"target\":[\"https:\\\/\\\/www.rassegnastampa-totustuus.it\\\/cattolica\\\/quale-futuro-per-leuropa\\\/\"]}]},{\"@type\":\"ImageObject\",\"inLanguage\":\"it-IT\",\"@id\":\"https:\\\/\\\/www.rassegnastampa-totustuus.it\\\/cattolica\\\/quale-futuro-per-leuropa\\\/#primaryimage\",\"url\":\"https:\\\/\\\/www.rassegnastampa-totustuus.it\\\/cattolica\\\/wp-content\\\/uploads\\\/2018\\\/03\\\/IX-Rapporto_cover.jpg\",\"contentUrl\":\"https:\\\/\\\/www.rassegnastampa-totustuus.it\\\/cattolica\\\/wp-content\\\/uploads\\\/2018\\\/03\\\/IX-Rapporto_cover.jpg\",\"width\":212,\"height\":238},{\"@type\":\"BreadcrumbList\",\"@id\":\"https:\\\/\\\/www.rassegnastampa-totustuus.it\\\/cattolica\\\/quale-futuro-per-leuropa\\\/#breadcrumb\",\"itemListElement\":[{\"@type\":\"ListItem\",\"position\":1,\"name\":\"Home\",\"item\":\"https:\\\/\\\/www.rassegnastampa-totustuus.it\\\/cattolica\\\/\"},{\"@type\":\"ListItem\",\"position\":2,\"name\":\"Quale futuro per l\u2019Europa?\"}]},{\"@type\":\"WebSite\",\"@id\":\"https:\\\/\\\/www.rassegnastampa-totustuus.it\\\/cattolica\\\/#website\",\"url\":\"https:\\\/\\\/www.rassegnastampa-totustuus.it\\\/cattolica\\\/\",\"name\":\"Rassegna Stampa Cattolica\",\"description\":\"Per una cultura che nasce dalla Rivelazione cristiana in conformit\u00e0 alla tradizione e al Magistero della Chiesa in opposizione ad ogni relativismo e totalitarismo\",\"publisher\":{\"@id\":\"https:\\\/\\\/www.rassegnastampa-totustuus.it\\\/cattolica\\\/#organization\"},\"alternateName\":\"Rass. Cattolica\",\"potentialAction\":[{\"@type\":\"SearchAction\",\"target\":{\"@type\":\"EntryPoint\",\"urlTemplate\":\"https:\\\/\\\/www.rassegnastampa-totustuus.it\\\/cattolica\\\/?s={search_term_string}\"},\"query-input\":{\"@type\":\"PropertyValueSpecification\",\"valueRequired\":true,\"valueName\":\"search_term_string\"}}],\"inLanguage\":\"it-IT\"},{\"@type\":\"Organization\",\"@id\":\"https:\\\/\\\/www.rassegnastampa-totustuus.it\\\/cattolica\\\/#organization\",\"name\":\"Rassegna Stampa Cattolica\",\"url\":\"https:\\\/\\\/www.rassegnastampa-totustuus.it\\\/cattolica\\\/\",\"logo\":{\"@type\":\"ImageObject\",\"inLanguage\":\"it-IT\",\"@id\":\"https:\\\/\\\/www.rassegnastampa-totustuus.it\\\/cattolica\\\/#\\\/schema\\\/logo\\\/image\\\/\",\"url\":\"https:\\\/\\\/www.rassegnastampa-totustuus.it\\\/cattolica\\\/wp-content\\\/uploads\\\/2014\\\/04\\\/logo-rassegna1.gif\",\"contentUrl\":\"https:\\\/\\\/www.rassegnastampa-totustuus.it\\\/cattolica\\\/wp-content\\\/uploads\\\/2014\\\/04\\\/logo-rassegna1.gif\",\"width\":600,\"height\":163,\"caption\":\"Rassegna Stampa Cattolica\"},\"image\":{\"@id\":\"https:\\\/\\\/www.rassegnastampa-totustuus.it\\\/cattolica\\\/#\\\/schema\\\/logo\\\/image\\\/\"},\"sameAs\":[\"https:\\\/\\\/www.facebook.com\\\/rassegnastampacattolica\",\"https:\\\/\\\/x.com\\\/rassegnastampa9\"]},{\"@type\":\"Person\",\"@id\":\"https:\\\/\\\/www.rassegnastampa-totustuus.it\\\/cattolica\\\/#\\\/schema\\\/person\\\/08f319d2bd1a0904ad9e2bfb7b15e5c3\",\"name\":\"Redazione\",\"image\":{\"@type\":\"ImageObject\",\"inLanguage\":\"it-IT\",\"@id\":\"https:\\\/\\\/secure.gravatar.com\\\/avatar\\\/2fcdf27c78ea025fbdb44e914cc63c72249ffec9dc8aafd5c82b26240ef3f346?s=96&d=mm&r=g\",\"url\":\"https:\\\/\\\/secure.gravatar.com\\\/avatar\\\/2fcdf27c78ea025fbdb44e914cc63c72249ffec9dc8aafd5c82b26240ef3f346?s=96&d=mm&r=g\",\"contentUrl\":\"https:\\\/\\\/secure.gravatar.com\\\/avatar\\\/2fcdf27c78ea025fbdb44e914cc63c72249ffec9dc8aafd5c82b26240ef3f346?s=96&d=mm&r=g\",\"caption\":\"Redazione\"},\"url\":\"https:\\\/\\\/www.rassegnastampa-totustuus.it\\\/cattolica\\\/author\\\/pietroelle\\\/\"}]}<\/script>\n<!-- \/ Yoast SEO plugin. -->","yoast_head_json":{"title":"Quale futuro per l\u2019Europa? - Rassegna Stampa Cattolica","description":"Rassegna Stampa Cattolica - Per una cultura che nasce dalla Rivelazione cristiana in conformit\u00e0 alla tradizione e al Magistero della Chiesa in opposizione ad ogni relativismo e totalitarismo","robots":{"index":"index","follow":"follow","max-snippet":"max-snippet:-1","max-image-preview":"max-image-preview:large","max-video-preview":"max-video-preview:-1"},"canonical":"https:\/\/www.rassegnastampa-totustuus.it\/cattolica\/quale-futuro-per-leuropa\/","og_locale":"it_IT","og_type":"article","og_title":"Quale futuro per l\u2019Europa? - Rassegna Stampa Cattolica","og_description":"Rassegna Stampa Cattolica - Per una cultura che nasce dalla Rivelazione cristiana in conformit\u00e0 alla tradizione e al Magistero della Chiesa in opposizione ad ogni relativismo e totalitarismo","og_url":"https:\/\/www.rassegnastampa-totustuus.it\/cattolica\/quale-futuro-per-leuropa\/","og_site_name":"Rassegna Stampa Cattolica","article_publisher":"https:\/\/www.facebook.com\/rassegnastampacattolica","article_published_time":"2018-04-11T22:00:53+00:00","article_modified_time":"2018-09-06T13:10:05+00:00","og_image":[{"width":212,"height":238,"url":"https:\/\/www.rassegnastampa-totustuus.it\/cattolica\/wp-content\/uploads\/2018\/03\/IX-Rapporto_cover.jpg","type":"image\/jpeg"}],"author":"Redazione","twitter_card":"summary_large_image","twitter_creator":"@rassegnastampa9","twitter_site":"@rassegnastampa9","twitter_misc":{"Scritto da":"Redazione","Tempo di lettura stimato":"14 minuti"},"schema":{"@context":"https:\/\/schema.org","@graph":[{"@type":"Article","@id":"https:\/\/www.rassegnastampa-totustuus.it\/cattolica\/quale-futuro-per-leuropa\/#article","isPartOf":{"@id":"https:\/\/www.rassegnastampa-totustuus.it\/cattolica\/quale-futuro-per-leuropa\/"},"author":{"name":"Redazione","@id":"https:\/\/www.rassegnastampa-totustuus.it\/cattolica\/#\/schema\/person\/08f319d2bd1a0904ad9e2bfb7b15e5c3"},"headline":"Quale futuro per l\u2019Europa?","datePublished":"2018-04-11T22:00:53+00:00","dateModified":"2018-09-06T13:10:05+00:00","mainEntityOfPage":{"@id":"https:\/\/www.rassegnastampa-totustuus.it\/cattolica\/quale-futuro-per-leuropa\/"},"wordCount":2786,"publisher":{"@id":"https:\/\/www.rassegnastampa-totustuus.it\/cattolica\/#organization"},"image":{"@id":"https:\/\/www.rassegnastampa-totustuus.it\/cattolica\/quale-futuro-per-leuropa\/#primaryimage"},"thumbnailUrl":"https:\/\/www.rassegnastampa-totustuus.it\/cattolica\/wp-content\/uploads\/2018\/03\/IX-Rapporto_cover.jpg","keywords":["dottrina sociale"],"articleSection":["Europa e UE"],"inLanguage":"it-IT"},{"@type":"WebPage","@id":"https:\/\/www.rassegnastampa-totustuus.it\/cattolica\/quale-futuro-per-leuropa\/","url":"https:\/\/www.rassegnastampa-totustuus.it\/cattolica\/quale-futuro-per-leuropa\/","name":"Quale futuro per l\u2019Europa? - Rassegna Stampa Cattolica","isPartOf":{"@id":"https:\/\/www.rassegnastampa-totustuus.it\/cattolica\/#website"},"primaryImageOfPage":{"@id":"https:\/\/www.rassegnastampa-totustuus.it\/cattolica\/quale-futuro-per-leuropa\/#primaryimage"},"image":{"@id":"https:\/\/www.rassegnastampa-totustuus.it\/cattolica\/quale-futuro-per-leuropa\/#primaryimage"},"thumbnailUrl":"https:\/\/www.rassegnastampa-totustuus.it\/cattolica\/wp-content\/uploads\/2018\/03\/IX-Rapporto_cover.jpg","datePublished":"2018-04-11T22:00:53+00:00","dateModified":"2018-09-06T13:10:05+00:00","description":"Rassegna Stampa Cattolica - Per una cultura che nasce dalla Rivelazione cristiana in conformit\u00e0 alla tradizione e al Magistero della Chiesa in opposizione ad ogni relativismo e totalitarismo","breadcrumb":{"@id":"https:\/\/www.rassegnastampa-totustuus.it\/cattolica\/quale-futuro-per-leuropa\/#breadcrumb"},"inLanguage":"it-IT","potentialAction":[{"@type":"ReadAction","target":["https:\/\/www.rassegnastampa-totustuus.it\/cattolica\/quale-futuro-per-leuropa\/"]}]},{"@type":"ImageObject","inLanguage":"it-IT","@id":"https:\/\/www.rassegnastampa-totustuus.it\/cattolica\/quale-futuro-per-leuropa\/#primaryimage","url":"https:\/\/www.rassegnastampa-totustuus.it\/cattolica\/wp-content\/uploads\/2018\/03\/IX-Rapporto_cover.jpg","contentUrl":"https:\/\/www.rassegnastampa-totustuus.it\/cattolica\/wp-content\/uploads\/2018\/03\/IX-Rapporto_cover.jpg","width":212,"height":238},{"@type":"BreadcrumbList","@id":"https:\/\/www.rassegnastampa-totustuus.it\/cattolica\/quale-futuro-per-leuropa\/#breadcrumb","itemListElement":[{"@type":"ListItem","position":1,"name":"Home","item":"https:\/\/www.rassegnastampa-totustuus.it\/cattolica\/"},{"@type":"ListItem","position":2,"name":"Quale futuro per l\u2019Europa?"}]},{"@type":"WebSite","@id":"https:\/\/www.rassegnastampa-totustuus.it\/cattolica\/#website","url":"https:\/\/www.rassegnastampa-totustuus.it\/cattolica\/","name":"Rassegna Stampa Cattolica","description":"Per una cultura che nasce dalla Rivelazione cristiana in conformit\u00e0 alla tradizione e al Magistero della Chiesa in opposizione ad ogni relativismo e totalitarismo","publisher":{"@id":"https:\/\/www.rassegnastampa-totustuus.it\/cattolica\/#organization"},"alternateName":"Rass. Cattolica","potentialAction":[{"@type":"SearchAction","target":{"@type":"EntryPoint","urlTemplate":"https:\/\/www.rassegnastampa-totustuus.it\/cattolica\/?s={search_term_string}"},"query-input":{"@type":"PropertyValueSpecification","valueRequired":true,"valueName":"search_term_string"}}],"inLanguage":"it-IT"},{"@type":"Organization","@id":"https:\/\/www.rassegnastampa-totustuus.it\/cattolica\/#organization","name":"Rassegna Stampa Cattolica","url":"https:\/\/www.rassegnastampa-totustuus.it\/cattolica\/","logo":{"@type":"ImageObject","inLanguage":"it-IT","@id":"https:\/\/www.rassegnastampa-totustuus.it\/cattolica\/#\/schema\/logo\/image\/","url":"https:\/\/www.rassegnastampa-totustuus.it\/cattolica\/wp-content\/uploads\/2014\/04\/logo-rassegna1.gif","contentUrl":"https:\/\/www.rassegnastampa-totustuus.it\/cattolica\/wp-content\/uploads\/2014\/04\/logo-rassegna1.gif","width":600,"height":163,"caption":"Rassegna Stampa Cattolica"},"image":{"@id":"https:\/\/www.rassegnastampa-totustuus.it\/cattolica\/#\/schema\/logo\/image\/"},"sameAs":["https:\/\/www.facebook.com\/rassegnastampacattolica","https:\/\/x.com\/rassegnastampa9"]},{"@type":"Person","@id":"https:\/\/www.rassegnastampa-totustuus.it\/cattolica\/#\/schema\/person\/08f319d2bd1a0904ad9e2bfb7b15e5c3","name":"Redazione","image":{"@type":"ImageObject","inLanguage":"it-IT","@id":"https:\/\/secure.gravatar.com\/avatar\/2fcdf27c78ea025fbdb44e914cc63c72249ffec9dc8aafd5c82b26240ef3f346?s=96&d=mm&r=g","url":"https:\/\/secure.gravatar.com\/avatar\/2fcdf27c78ea025fbdb44e914cc63c72249ffec9dc8aafd5c82b26240ef3f346?s=96&d=mm&r=g","contentUrl":"https:\/\/secure.gravatar.com\/avatar\/2fcdf27c78ea025fbdb44e914cc63c72249ffec9dc8aafd5c82b26240ef3f346?s=96&d=mm&r=g","caption":"Redazione"},"url":"https:\/\/www.rassegnastampa-totustuus.it\/cattolica\/author\/pietroelle\/"}]}},"_links":{"self":[{"href":"https:\/\/www.rassegnastampa-totustuus.it\/cattolica\/wp-json\/wp\/v2\/posts\/40035","targetHints":{"allow":["GET"]}}],"collection":[{"href":"https:\/\/www.rassegnastampa-totustuus.it\/cattolica\/wp-json\/wp\/v2\/posts"}],"about":[{"href":"https:\/\/www.rassegnastampa-totustuus.it\/cattolica\/wp-json\/wp\/v2\/types\/post"}],"author":[{"embeddable":true,"href":"https:\/\/www.rassegnastampa-totustuus.it\/cattolica\/wp-json\/wp\/v2\/users\/6"}],"replies":[{"embeddable":true,"href":"https:\/\/www.rassegnastampa-totustuus.it\/cattolica\/wp-json\/wp\/v2\/comments?post=40035"}],"version-history":[{"count":3,"href":"https:\/\/www.rassegnastampa-totustuus.it\/cattolica\/wp-json\/wp\/v2\/posts\/40035\/revisions"}],"predecessor-version":[{"id":41022,"href":"https:\/\/www.rassegnastampa-totustuus.it\/cattolica\/wp-json\/wp\/v2\/posts\/40035\/revisions\/41022"}],"wp:featuredmedia":[{"embeddable":true,"href":"https:\/\/www.rassegnastampa-totustuus.it\/cattolica\/wp-json\/wp\/v2\/media\/40036"}],"wp:attachment":[{"href":"https:\/\/www.rassegnastampa-totustuus.it\/cattolica\/wp-json\/wp\/v2\/media?parent=40035"}],"wp:term":[{"taxonomy":"category","embeddable":true,"href":"https:\/\/www.rassegnastampa-totustuus.it\/cattolica\/wp-json\/wp\/v2\/categories?post=40035"},{"taxonomy":"post_tag","embeddable":true,"href":"https:\/\/www.rassegnastampa-totustuus.it\/cattolica\/wp-json\/wp\/v2\/tags?post=40035"}],"curies":[{"name":"wp","href":"https:\/\/api.w.org\/{rel}","templated":true}]}}