{"id":39997,"date":"2018-04-19T00:00:08","date_gmt":"2018-04-18T22:00:08","guid":{"rendered":"http:\/\/www.rassegnastampa-totustuus.it\/cattolica\/?p=39997"},"modified":"2018-04-06T08:45:59","modified_gmt":"2018-04-06T06:45:59","slug":"magistratura-e-sovranita-politica-la-procura-europea","status":"publish","type":"post","link":"https:\/\/www.rassegnastampa-totustuus.it\/cattolica\/magistratura-e-sovranita-politica-la-procura-europea\/","title":{"rendered":"Magistratura e sovranit\u00e0 politica: la \u201cProcura europea\u201d"},"content":{"rendered":"<p style=\"text-align: center;\"><strong><img loading=\"lazy\" decoding=\"async\" class=\"alignright wp-image-39998\" src=\"https:\/\/www.rassegnastampa-totustuus.it\/cattolica\/wp-content\/uploads\/2018\/03\/giustizia_Europa.jpg\" alt=\"\" width=\"250\" height=\"170\" \/>La Croce<\/strong> quotidiano 21 marzo 2018<\/p>\n<p style=\"text-align: justify;\"><em>Qual \u00e8 il ruolo delle magistrature nazionali negli Stati (molti oggi) che pagano lo scotto di una carenza di sovranit\u00e0? Il problema si pone soprattutto in relazione ai fenomeni, tra loro interconnessi, dell\u2019internazionalizzazione del crimine e della globalizzazione. Continuiamo la serie di articoli dedicati all\u2019erosione dei poteri giudiziari nazionali che, nei casi pi\u00f9 gravi, genera anche un problema di democrazia<\/em><\/p>\n<p style=\"text-align: center;\">di <strong>Giuseppe Brienza<\/strong><\/p>\n<p><!--more--><\/p>\n<p style=\"text-align: justify;\">\u00c8 inutile nasconderlo. Le cronache legate alle attivit\u00e0 criminali internazionali sono sempre pi\u00f9 frequenti. Si dice che sia un effetto della globalizzazione e possiamo condividere questa affermazione.<\/p>\n<p style=\"text-align: justify;\">\u00c8 di pochi giorni fa l&#8217;assassinio di un giornalista e della sua compagna che seguivano gli oscuri intrecci che potrebbero coinvolgere organizzazioni criminali italiane e classe dirigente locale. Il percolo non \u00e8 di poco conto. L\u2019agenzia europea che si occupa di queste materie, \u201cEurojust\u201d, ha identificato nella lotta al terrorismo, alla criminalit\u00e0 informatica e alla criminalit\u00e0 organizzata i reati prioritari da perseguire, proprio per la loro \u201cdimensione transfrontaliera\u201d.<\/p>\n<p style=\"text-align: justify;\">La lotta alla criminalit\u00e0 internazionale costituisce momento prioritario per la crescita di una Unione europea che intenda davvero perseguire la creazione di uno spazio di giustizia, libert\u00e0 e sicurezza a livello continentale.<\/p>\n<p style=\"text-align: justify;\">Questi principi sono richiamati in maniera esplicita all&#8217;articolo 67 del Trattato sul Funzionamento della Unione Europea che, fra l\u2019altro, dispone che \u00abl&#8217;Unione si adopera per garantire un livello elevato di sicurezza attraverso misure di prevenzione e di lotta contro la criminalit\u00e0, il razzismo e la xenofobia, attraverso misure di coordinamento e cooperazione tra forze di polizia e autorit\u00e0 giudiziarie e altre autorit\u00e0 competenti\u00bb.<\/p>\n<p style=\"text-align: justify;\"><img loading=\"lazy\" decoding=\"async\" class=\"alignleft wp-image-27360\" src=\"https:\/\/www.rassegnastampa-totustuus.it\/cattolica\/wp-content\/uploads\/2009\/03\/magistrati.jpg\" alt=\"\" width=\"250\" height=\"170\" \/>Con Regolamento del Consiglio n. 2017\/1939 approvato il 12 ottobre 2017, la Ue ha istituito una cooperazione rafforzata per giungere all\u2019istituzione di una \u201cProcura europea\u201d (EPPO), con la finalit\u00e0 del coordinamento delle attivit\u00e0 continentali in materia giudiziaria.<\/p>\n<p style=\"text-align: justify;\">Con nota del 22 giugno 2017 anche l&#8217;Italia ha espresso la propria intenzione di partecipare a questa iniziativa di \u201ccooperazione rafforzata\u201d, la quale consente, in conformit\u00e0 al diritto europeo, che solo nove Paesi dell&#8217;Unione si accordino per stabilire un&#8217;integrazione o una cooperazione pi\u00f9 stretta in una determinata area all&#8217;interno delle strutture dell&#8217;Ue senza la necessit\u00e0 immediata del coinvolgimento di altri Paesi membri.<\/p>\n<p style=\"text-align: justify;\">Una tale procedura permette agli Stati promotori di muoversi a velocit\u00e0 diverse rispetto agli altri per perseguire obiettivi pi\u00f9 \u201cambiziosi\u201d di integrazione. L&#8217;autorizzazione a procedere nel contesto della cooperazione rafforzata \u00e8 concessa dal Consiglio, su proposta della Commissione e previa approvazione del Parlamento europeo.<\/p>\n<p style=\"text-align: justify;\">Cosa fa esattamente la Procura europea? Essa \u00e8 competente per individuare, perseguire e portare in giudizio gli autori dei reati che ledono gli interessi finanziari dell\u2019Unione previsti dalla direttiva (UE) 2017\/1371 e stabiliti dal sopra citato regolamento, e i loro complici. A tale proposito, svolge indagini, esercita l\u2019azione penale ed esplica le funzioni di pubblico ministero dinanzi agli organi giurisdizionali competenti degli Stati membri fino alla pronuncia del provvedimento definitivo (articolo 4 del Regolamento).<\/p>\n<p style=\"text-align: justify;\">Si vede chiaramente che si tratta di un organo \u201csovrapposto\u201d agli analoghi istituti giudiziari dei singoli ordinamenti nazionali. E se ne nota a prima vista gi\u00e0 una criticit\u00e0 forte. La competenza \u00e8 limitata ai soli reati finanziari e non a quelli indicati pi\u00f9 sopra all&#8217;articolo 67 che comprendono anche, ad esempio, il terrorismo.<\/p>\n<p style=\"text-align: justify;\">La posizione in merito espressa dai maggiori organismi rappresentativi della magistratura italiana \u00e8 articolata (cfr: www.associazionemagistrati.it). Possiamo riassumerla nei seguenti punti:<\/p>\n<ul>\n<li style=\"text-align: justify;\">la competenza della Procura europea \u00e8 esclusiva, nel senso che le autorit\u00e0 nazionali (qualora ricorrano certe condizioni \u2013 articolo 22 comma 1 del Regolamento) non sono pi\u00f9 competenti a perseguire quei reati;<\/li>\n<li style=\"text-align: justify;\">la competenza territoriale della EPPO \u00e8 quella di tutti i Paesi che hanno attivato la cooperazione rafforzata, senza bisogno di autorizzazione all&#8217;avvio della indagine, n\u00e9 di assistenza giudiziaria n\u00e9 di mutuo riconoscimento delle decisioni;<\/li>\n<li style=\"text-align: justify;\">in ogni Stato si applicher\u00e0 la legge nazionale vigente, perch\u00e9 l&#8217;azione della Procura Ue si svolge di fronte alla magistratura nazionale.<\/li>\n<\/ul>\n<p style=\"text-align: justify;\">Notiamo poi che il Regolamento europeo prevede la creazione di un direttore amministrativo della Procura che la organizzi e la gestisca, liberando da quest&#8217;onere i procuratori, e che l&#8217;azione penale non \u00e8 obbligatoria per reati di valore inferiore ad un certo valore.<\/p>\n<p style=\"text-align: justify;\">La istituzione della Procura europea, indubbiamente, costituisce un problema grave per l&#8217;esercizio della sovranit\u00e0 nazionale ed il modo in cui questa si esercita attraverso le singole magistrature.<\/p>\n<p style=\"text-align: justify;\"><img loading=\"lazy\" decoding=\"async\" class=\"alignright wp-image-7461\" src=\"https:\/\/www.rassegnastampa-totustuus.it\/cattolica\/wp-content\/uploads\/2014\/05\/europarlamento.jpg\" alt=\"\" width=\"240\" height=\"180\" \/>Pu\u00f2 essere interessante rilevare che le normali richieste delle autorit\u00e0 giudiziarie volte al compimento di atti su territorio straniero (le cosiddette \u201crogatorie\u201d, parola che abbiamo imparato a conoscere durante \u201cTangentopoli\u201d), devono essere autorizzate ed instradate attraverso i canali internazionali, cio\u00e8 attraverso la via diplomatica.<\/p>\n<p style=\"text-align: justify;\">Nel caso della EPPO, invece, questo passaggio \u2013 espressione tipica della sovranit\u00e0 \u2013 viene totalmente superato. I tradizionali schermi di uno Stato che poteva opporsi alla richiesta in nome dei principi di sicurezza o interesse nazionale saltano completamente. Il Procuratore europeo agisce infatti direttamente nei confronti dei cittadini disponendo anche la detenzione preventiva in virt\u00f9 dell\u2019articolo 33 del Regolamento.<\/p>\n<p style=\"text-align: justify;\">Certamente anche in questo caso potrebbe essere preso in considerazione il principio classico della Dottrina sociale della Chiesa (DSC): \u201cA ciascuno il suo\u201d. Alla Ue, quindi, spetta perseguire in via esclusiva ci\u00f2 che ad essa pu\u00f2 essere stato sottratto in esito ad operazioni criminose.<\/p>\n<p style=\"text-align: justify;\">Ci si chiede, per\u00f2, se fosse stato il caso di prevedere un istituto cos\u00ec penetrante nelle sovranit\u00e0 statali e nella vita dei cittadini per raggiungere l\u2019obiettivo\u2026 Basti pensare che, in nome delle competenze e modalit\u00e0 d\u2019azione previste in capo alla EPPO, chiunque esporti in un Paese Ue potrebbe trovarsi prima o poi sotto le attenzioni di una figura cos\u00ec lontana e sconosciuta dal demos come quella del \u201cProcuratore europeo\u201d.<\/p>\n<p style=\"text-align: justify;\">Siamo o non siamo allora di fronte a uno di quei casi potere \u00abimpersonale e burocratico\u00bb di cui parla il Compendio DSC (n. 412)? Riprendiamo questo punto nella lettera \u201cM\u201d, dedicata al ruolo della Pubblica amministrazione, del programma del Popolo della Famiglia, in quanto riteniamo che l\u2019organizzazione della giurisdizione costituisca uno dei cardini fondamentali dello \u201cStato di diritto\u201d.<\/p>\n<p style=\"text-align: justify;\">Se i concetti di sovranit\u00e0 e di popolo continuano ad essere alla base della democrazia occidentale, affinch\u00e9 si realizzi la promozione e la tutela dei diritti e dei doveri dei cittadini occorre che l\u2019esercizio della giurisdizione sia trasparente e controllata secondo Costituzione e deontologia democratica consolidata.<\/p>\n<p style=\"text-align: justify;\">Altrimenti si rischia di trasfigurare il famoso detto di uno dei nostri migliori padri costituenti, il giurista e politico Piero Calamandrei (1889-1956): \u00abQuando per la porta della magistratura entra la politica, la giustizia esce dalla finestra\u00bb. Ma la giustizia pu\u00f2 \u201cuscire\u201d dalla finestra delle democrazie anche quando ad entrare dalle sue porte ci sia la \u201cpolitica europea\u201d, tanto opaca quanto quella nazionale se in mano alle tecnocrazie o <em>lobbies<\/em> multinazionali.<\/p>\n","protected":false},"excerpt":{"rendered":"<p>La Croce quotidiano 21 marzo 2018 Qual \u00e8 il ruolo delle magistrature nazionali negli Stati (molti oggi) che pagano lo scotto di una carenza di sovranit\u00e0? Il problema si pone soprattutto in relazione ai fenomeni, tra loro interconnessi, dell\u2019internazionalizzazione del crimine e della globalizzazione. Continuiamo la serie di articoli dedicati all\u2019erosione dei poteri giudiziari nazionali &hellip; <\/p>\n<p><a class=\"more-link btn\" href=\"https:\/\/www.rassegnastampa-totustuus.it\/cattolica\/magistratura-e-sovranita-politica-la-procura-europea\/\">Continua a leggere<\/a><\/p>\n","protected":false},"author":6,"featured_media":39998,"comment_status":"closed","ping_status":"closed","sticky":false,"template":"","format":"standard","meta":{"footnotes":""},"categories":[14],"tags":[1315,765],"class_list":["post-39997","post","type-post","status-publish","format-standard","has-post-thumbnail","hentry","category-europa-e-ue","tag-magistratura","tag-sovranita","item-wrap"],"yoast_head":"<!-- This site is optimized with the Yoast SEO plugin v27.5 - https:\/\/yoast.com\/product\/yoast-seo-wordpress\/ -->\n<title>Magistratura e sovranit\u00e0 politica: la \u201cProcura europea\u201d - Rassegna Stampa Cattolica<\/title>\n<meta name=\"description\" content=\"Rassegna Stampa Cattolica - Per una cultura che nasce dalla Rivelazione cristiana in conformit\u00e0 alla tradizione e al Magistero della Chiesa in opposizione ad ogni relativismo e totalitarismo\" \/>\n<meta name=\"robots\" content=\"index, follow, max-snippet:-1, max-image-preview:large, max-video-preview:-1\" \/>\n<link rel=\"canonical\" href=\"https:\/\/www.rassegnastampa-totustuus.it\/cattolica\/magistratura-e-sovranita-politica-la-procura-europea\/\" \/>\n<meta property=\"og:locale\" content=\"it_IT\" \/>\n<meta property=\"og:type\" content=\"article\" \/>\n<meta property=\"og:title\" content=\"Magistratura e sovranit\u00e0 politica: la \u201cProcura europea\u201d - Rassegna Stampa Cattolica\" \/>\n<meta property=\"og:description\" content=\"Rassegna Stampa Cattolica - Per una cultura che nasce dalla Rivelazione cristiana in conformit\u00e0 alla tradizione e al Magistero della Chiesa in opposizione ad ogni relativismo e totalitarismo\" \/>\n<meta property=\"og:url\" content=\"https:\/\/www.rassegnastampa-totustuus.it\/cattolica\/magistratura-e-sovranita-politica-la-procura-europea\/\" \/>\n<meta property=\"og:site_name\" content=\"Rassegna Stampa Cattolica\" \/>\n<meta property=\"article:publisher\" content=\"https:\/\/www.facebook.com\/rassegnastampacattolica\" \/>\n<meta property=\"article:published_time\" content=\"2018-04-18T22:00:08+00:00\" \/>\n<meta property=\"og:image\" content=\"https:\/\/www.rassegnastampa-totustuus.it\/cattolica\/wp-content\/uploads\/2018\/03\/giustizia_Europa.jpg\" \/>\n\t<meta property=\"og:image:width\" content=\"272\" \/>\n\t<meta property=\"og:image:height\" content=\"185\" \/>\n\t<meta property=\"og:image:type\" content=\"image\/jpeg\" \/>\n<meta name=\"author\" content=\"Redazione\" \/>\n<meta name=\"twitter:card\" content=\"summary_large_image\" \/>\n<meta name=\"twitter:creator\" content=\"@rassegnastampa9\" \/>\n<meta name=\"twitter:site\" content=\"@rassegnastampa9\" \/>\n<meta name=\"twitter:label1\" content=\"Scritto da\" \/>\n\t<meta name=\"twitter:data1\" content=\"Redazione\" \/>\n\t<meta name=\"twitter:label2\" content=\"Tempo di lettura stimato\" \/>\n\t<meta name=\"twitter:data2\" content=\"5 minuti\" \/>\n<script type=\"application\/ld+json\" class=\"yoast-schema-graph\">{\"@context\":\"https:\\\/\\\/schema.org\",\"@graph\":[{\"@type\":\"Article\",\"@id\":\"https:\\\/\\\/www.rassegnastampa-totustuus.it\\\/cattolica\\\/magistratura-e-sovranita-politica-la-procura-europea\\\/#article\",\"isPartOf\":{\"@id\":\"https:\\\/\\\/www.rassegnastampa-totustuus.it\\\/cattolica\\\/magistratura-e-sovranita-politica-la-procura-europea\\\/\"},\"author\":{\"name\":\"Redazione\",\"@id\":\"https:\\\/\\\/www.rassegnastampa-totustuus.it\\\/cattolica\\\/#\\\/schema\\\/person\\\/08f319d2bd1a0904ad9e2bfb7b15e5c3\"},\"headline\":\"Magistratura e sovranit\u00e0 politica: la \u201cProcura europea\u201d\",\"datePublished\":\"2018-04-18T22:00:08+00:00\",\"mainEntityOfPage\":{\"@id\":\"https:\\\/\\\/www.rassegnastampa-totustuus.it\\\/cattolica\\\/magistratura-e-sovranita-politica-la-procura-europea\\\/\"},\"wordCount\":1103,\"publisher\":{\"@id\":\"https:\\\/\\\/www.rassegnastampa-totustuus.it\\\/cattolica\\\/#organization\"},\"image\":{\"@id\":\"https:\\\/\\\/www.rassegnastampa-totustuus.it\\\/cattolica\\\/magistratura-e-sovranita-politica-la-procura-europea\\\/#primaryimage\"},\"thumbnailUrl\":\"https:\\\/\\\/www.rassegnastampa-totustuus.it\\\/cattolica\\\/wp-content\\\/uploads\\\/2018\\\/03\\\/giustizia_Europa.jpg\",\"keywords\":[\"magistratura\",\"sovranit\u00e0\"],\"articleSection\":[\"Europa e UE\"],\"inLanguage\":\"it-IT\"},{\"@type\":\"WebPage\",\"@id\":\"https:\\\/\\\/www.rassegnastampa-totustuus.it\\\/cattolica\\\/magistratura-e-sovranita-politica-la-procura-europea\\\/\",\"url\":\"https:\\\/\\\/www.rassegnastampa-totustuus.it\\\/cattolica\\\/magistratura-e-sovranita-politica-la-procura-europea\\\/\",\"name\":\"Magistratura e sovranit\u00e0 politica: la \u201cProcura europea\u201d - Rassegna Stampa Cattolica\",\"isPartOf\":{\"@id\":\"https:\\\/\\\/www.rassegnastampa-totustuus.it\\\/cattolica\\\/#website\"},\"primaryImageOfPage\":{\"@id\":\"https:\\\/\\\/www.rassegnastampa-totustuus.it\\\/cattolica\\\/magistratura-e-sovranita-politica-la-procura-europea\\\/#primaryimage\"},\"image\":{\"@id\":\"https:\\\/\\\/www.rassegnastampa-totustuus.it\\\/cattolica\\\/magistratura-e-sovranita-politica-la-procura-europea\\\/#primaryimage\"},\"thumbnailUrl\":\"https:\\\/\\\/www.rassegnastampa-totustuus.it\\\/cattolica\\\/wp-content\\\/uploads\\\/2018\\\/03\\\/giustizia_Europa.jpg\",\"datePublished\":\"2018-04-18T22:00:08+00:00\",\"description\":\"Rassegna Stampa Cattolica - Per una cultura che nasce dalla Rivelazione cristiana in conformit\u00e0 alla tradizione e al Magistero della Chiesa in opposizione ad ogni relativismo e totalitarismo\",\"breadcrumb\":{\"@id\":\"https:\\\/\\\/www.rassegnastampa-totustuus.it\\\/cattolica\\\/magistratura-e-sovranita-politica-la-procura-europea\\\/#breadcrumb\"},\"inLanguage\":\"it-IT\",\"potentialAction\":[{\"@type\":\"ReadAction\",\"target\":[\"https:\\\/\\\/www.rassegnastampa-totustuus.it\\\/cattolica\\\/magistratura-e-sovranita-politica-la-procura-europea\\\/\"]}]},{\"@type\":\"ImageObject\",\"inLanguage\":\"it-IT\",\"@id\":\"https:\\\/\\\/www.rassegnastampa-totustuus.it\\\/cattolica\\\/magistratura-e-sovranita-politica-la-procura-europea\\\/#primaryimage\",\"url\":\"https:\\\/\\\/www.rassegnastampa-totustuus.it\\\/cattolica\\\/wp-content\\\/uploads\\\/2018\\\/03\\\/giustizia_Europa.jpg\",\"contentUrl\":\"https:\\\/\\\/www.rassegnastampa-totustuus.it\\\/cattolica\\\/wp-content\\\/uploads\\\/2018\\\/03\\\/giustizia_Europa.jpg\",\"width\":272,\"height\":185},{\"@type\":\"BreadcrumbList\",\"@id\":\"https:\\\/\\\/www.rassegnastampa-totustuus.it\\\/cattolica\\\/magistratura-e-sovranita-politica-la-procura-europea\\\/#breadcrumb\",\"itemListElement\":[{\"@type\":\"ListItem\",\"position\":1,\"name\":\"Home\",\"item\":\"https:\\\/\\\/www.rassegnastampa-totustuus.it\\\/cattolica\\\/\"},{\"@type\":\"ListItem\",\"position\":2,\"name\":\"Magistratura e sovranit\u00e0 politica: la \u201cProcura europea\u201d\"}]},{\"@type\":\"WebSite\",\"@id\":\"https:\\\/\\\/www.rassegnastampa-totustuus.it\\\/cattolica\\\/#website\",\"url\":\"https:\\\/\\\/www.rassegnastampa-totustuus.it\\\/cattolica\\\/\",\"name\":\"Rassegna Stampa Cattolica\",\"description\":\"Per una cultura che nasce dalla Rivelazione cristiana in conformit\u00e0 alla tradizione e al Magistero della Chiesa in opposizione ad ogni relativismo e totalitarismo\",\"publisher\":{\"@id\":\"https:\\\/\\\/www.rassegnastampa-totustuus.it\\\/cattolica\\\/#organization\"},\"alternateName\":\"Rass. Cattolica\",\"potentialAction\":[{\"@type\":\"SearchAction\",\"target\":{\"@type\":\"EntryPoint\",\"urlTemplate\":\"https:\\\/\\\/www.rassegnastampa-totustuus.it\\\/cattolica\\\/?s={search_term_string}\"},\"query-input\":{\"@type\":\"PropertyValueSpecification\",\"valueRequired\":true,\"valueName\":\"search_term_string\"}}],\"inLanguage\":\"it-IT\"},{\"@type\":\"Organization\",\"@id\":\"https:\\\/\\\/www.rassegnastampa-totustuus.it\\\/cattolica\\\/#organization\",\"name\":\"Rassegna Stampa Cattolica\",\"url\":\"https:\\\/\\\/www.rassegnastampa-totustuus.it\\\/cattolica\\\/\",\"logo\":{\"@type\":\"ImageObject\",\"inLanguage\":\"it-IT\",\"@id\":\"https:\\\/\\\/www.rassegnastampa-totustuus.it\\\/cattolica\\\/#\\\/schema\\\/logo\\\/image\\\/\",\"url\":\"https:\\\/\\\/www.rassegnastampa-totustuus.it\\\/cattolica\\\/wp-content\\\/uploads\\\/2014\\\/04\\\/logo-rassegna1.gif\",\"contentUrl\":\"https:\\\/\\\/www.rassegnastampa-totustuus.it\\\/cattolica\\\/wp-content\\\/uploads\\\/2014\\\/04\\\/logo-rassegna1.gif\",\"width\":600,\"height\":163,\"caption\":\"Rassegna Stampa Cattolica\"},\"image\":{\"@id\":\"https:\\\/\\\/www.rassegnastampa-totustuus.it\\\/cattolica\\\/#\\\/schema\\\/logo\\\/image\\\/\"},\"sameAs\":[\"https:\\\/\\\/www.facebook.com\\\/rassegnastampacattolica\",\"https:\\\/\\\/x.com\\\/rassegnastampa9\"]},{\"@type\":\"Person\",\"@id\":\"https:\\\/\\\/www.rassegnastampa-totustuus.it\\\/cattolica\\\/#\\\/schema\\\/person\\\/08f319d2bd1a0904ad9e2bfb7b15e5c3\",\"name\":\"Redazione\",\"image\":{\"@type\":\"ImageObject\",\"inLanguage\":\"it-IT\",\"@id\":\"https:\\\/\\\/secure.gravatar.com\\\/avatar\\\/2fcdf27c78ea025fbdb44e914cc63c72249ffec9dc8aafd5c82b26240ef3f346?s=96&d=mm&r=g\",\"url\":\"https:\\\/\\\/secure.gravatar.com\\\/avatar\\\/2fcdf27c78ea025fbdb44e914cc63c72249ffec9dc8aafd5c82b26240ef3f346?s=96&d=mm&r=g\",\"contentUrl\":\"https:\\\/\\\/secure.gravatar.com\\\/avatar\\\/2fcdf27c78ea025fbdb44e914cc63c72249ffec9dc8aafd5c82b26240ef3f346?s=96&d=mm&r=g\",\"caption\":\"Redazione\"},\"url\":\"https:\\\/\\\/www.rassegnastampa-totustuus.it\\\/cattolica\\\/author\\\/pietroelle\\\/\"}]}<\/script>\n<!-- \/ Yoast SEO plugin. -->","yoast_head_json":{"title":"Magistratura e sovranit\u00e0 politica: la \u201cProcura europea\u201d - Rassegna Stampa Cattolica","description":"Rassegna Stampa Cattolica - Per una cultura che nasce dalla Rivelazione cristiana in conformit\u00e0 alla tradizione e al Magistero della Chiesa in opposizione ad ogni relativismo e totalitarismo","robots":{"index":"index","follow":"follow","max-snippet":"max-snippet:-1","max-image-preview":"max-image-preview:large","max-video-preview":"max-video-preview:-1"},"canonical":"https:\/\/www.rassegnastampa-totustuus.it\/cattolica\/magistratura-e-sovranita-politica-la-procura-europea\/","og_locale":"it_IT","og_type":"article","og_title":"Magistratura e sovranit\u00e0 politica: la \u201cProcura europea\u201d - Rassegna Stampa Cattolica","og_description":"Rassegna Stampa Cattolica - Per una cultura che nasce dalla Rivelazione cristiana in conformit\u00e0 alla tradizione e al Magistero della Chiesa in opposizione ad ogni relativismo e totalitarismo","og_url":"https:\/\/www.rassegnastampa-totustuus.it\/cattolica\/magistratura-e-sovranita-politica-la-procura-europea\/","og_site_name":"Rassegna Stampa Cattolica","article_publisher":"https:\/\/www.facebook.com\/rassegnastampacattolica","article_published_time":"2018-04-18T22:00:08+00:00","og_image":[{"width":272,"height":185,"url":"https:\/\/www.rassegnastampa-totustuus.it\/cattolica\/wp-content\/uploads\/2018\/03\/giustizia_Europa.jpg","type":"image\/jpeg"}],"author":"Redazione","twitter_card":"summary_large_image","twitter_creator":"@rassegnastampa9","twitter_site":"@rassegnastampa9","twitter_misc":{"Scritto da":"Redazione","Tempo di lettura stimato":"5 minuti"},"schema":{"@context":"https:\/\/schema.org","@graph":[{"@type":"Article","@id":"https:\/\/www.rassegnastampa-totustuus.it\/cattolica\/magistratura-e-sovranita-politica-la-procura-europea\/#article","isPartOf":{"@id":"https:\/\/www.rassegnastampa-totustuus.it\/cattolica\/magistratura-e-sovranita-politica-la-procura-europea\/"},"author":{"name":"Redazione","@id":"https:\/\/www.rassegnastampa-totustuus.it\/cattolica\/#\/schema\/person\/08f319d2bd1a0904ad9e2bfb7b15e5c3"},"headline":"Magistratura e sovranit\u00e0 politica: la \u201cProcura europea\u201d","datePublished":"2018-04-18T22:00:08+00:00","mainEntityOfPage":{"@id":"https:\/\/www.rassegnastampa-totustuus.it\/cattolica\/magistratura-e-sovranita-politica-la-procura-europea\/"},"wordCount":1103,"publisher":{"@id":"https:\/\/www.rassegnastampa-totustuus.it\/cattolica\/#organization"},"image":{"@id":"https:\/\/www.rassegnastampa-totustuus.it\/cattolica\/magistratura-e-sovranita-politica-la-procura-europea\/#primaryimage"},"thumbnailUrl":"https:\/\/www.rassegnastampa-totustuus.it\/cattolica\/wp-content\/uploads\/2018\/03\/giustizia_Europa.jpg","keywords":["magistratura","sovranit\u00e0"],"articleSection":["Europa e UE"],"inLanguage":"it-IT"},{"@type":"WebPage","@id":"https:\/\/www.rassegnastampa-totustuus.it\/cattolica\/magistratura-e-sovranita-politica-la-procura-europea\/","url":"https:\/\/www.rassegnastampa-totustuus.it\/cattolica\/magistratura-e-sovranita-politica-la-procura-europea\/","name":"Magistratura e sovranit\u00e0 politica: la \u201cProcura europea\u201d - Rassegna Stampa Cattolica","isPartOf":{"@id":"https:\/\/www.rassegnastampa-totustuus.it\/cattolica\/#website"},"primaryImageOfPage":{"@id":"https:\/\/www.rassegnastampa-totustuus.it\/cattolica\/magistratura-e-sovranita-politica-la-procura-europea\/#primaryimage"},"image":{"@id":"https:\/\/www.rassegnastampa-totustuus.it\/cattolica\/magistratura-e-sovranita-politica-la-procura-europea\/#primaryimage"},"thumbnailUrl":"https:\/\/www.rassegnastampa-totustuus.it\/cattolica\/wp-content\/uploads\/2018\/03\/giustizia_Europa.jpg","datePublished":"2018-04-18T22:00:08+00:00","description":"Rassegna Stampa Cattolica - Per una cultura che nasce dalla Rivelazione cristiana in conformit\u00e0 alla tradizione e al Magistero della Chiesa in opposizione ad ogni relativismo e totalitarismo","breadcrumb":{"@id":"https:\/\/www.rassegnastampa-totustuus.it\/cattolica\/magistratura-e-sovranita-politica-la-procura-europea\/#breadcrumb"},"inLanguage":"it-IT","potentialAction":[{"@type":"ReadAction","target":["https:\/\/www.rassegnastampa-totustuus.it\/cattolica\/magistratura-e-sovranita-politica-la-procura-europea\/"]}]},{"@type":"ImageObject","inLanguage":"it-IT","@id":"https:\/\/www.rassegnastampa-totustuus.it\/cattolica\/magistratura-e-sovranita-politica-la-procura-europea\/#primaryimage","url":"https:\/\/www.rassegnastampa-totustuus.it\/cattolica\/wp-content\/uploads\/2018\/03\/giustizia_Europa.jpg","contentUrl":"https:\/\/www.rassegnastampa-totustuus.it\/cattolica\/wp-content\/uploads\/2018\/03\/giustizia_Europa.jpg","width":272,"height":185},{"@type":"BreadcrumbList","@id":"https:\/\/www.rassegnastampa-totustuus.it\/cattolica\/magistratura-e-sovranita-politica-la-procura-europea\/#breadcrumb","itemListElement":[{"@type":"ListItem","position":1,"name":"Home","item":"https:\/\/www.rassegnastampa-totustuus.it\/cattolica\/"},{"@type":"ListItem","position":2,"name":"Magistratura e sovranit\u00e0 politica: la \u201cProcura europea\u201d"}]},{"@type":"WebSite","@id":"https:\/\/www.rassegnastampa-totustuus.it\/cattolica\/#website","url":"https:\/\/www.rassegnastampa-totustuus.it\/cattolica\/","name":"Rassegna Stampa Cattolica","description":"Per una cultura che nasce dalla Rivelazione cristiana in conformit\u00e0 alla tradizione e al Magistero della Chiesa in opposizione ad ogni relativismo e totalitarismo","publisher":{"@id":"https:\/\/www.rassegnastampa-totustuus.it\/cattolica\/#organization"},"alternateName":"Rass. Cattolica","potentialAction":[{"@type":"SearchAction","target":{"@type":"EntryPoint","urlTemplate":"https:\/\/www.rassegnastampa-totustuus.it\/cattolica\/?s={search_term_string}"},"query-input":{"@type":"PropertyValueSpecification","valueRequired":true,"valueName":"search_term_string"}}],"inLanguage":"it-IT"},{"@type":"Organization","@id":"https:\/\/www.rassegnastampa-totustuus.it\/cattolica\/#organization","name":"Rassegna Stampa Cattolica","url":"https:\/\/www.rassegnastampa-totustuus.it\/cattolica\/","logo":{"@type":"ImageObject","inLanguage":"it-IT","@id":"https:\/\/www.rassegnastampa-totustuus.it\/cattolica\/#\/schema\/logo\/image\/","url":"https:\/\/www.rassegnastampa-totustuus.it\/cattolica\/wp-content\/uploads\/2014\/04\/logo-rassegna1.gif","contentUrl":"https:\/\/www.rassegnastampa-totustuus.it\/cattolica\/wp-content\/uploads\/2014\/04\/logo-rassegna1.gif","width":600,"height":163,"caption":"Rassegna Stampa Cattolica"},"image":{"@id":"https:\/\/www.rassegnastampa-totustuus.it\/cattolica\/#\/schema\/logo\/image\/"},"sameAs":["https:\/\/www.facebook.com\/rassegnastampacattolica","https:\/\/x.com\/rassegnastampa9"]},{"@type":"Person","@id":"https:\/\/www.rassegnastampa-totustuus.it\/cattolica\/#\/schema\/person\/08f319d2bd1a0904ad9e2bfb7b15e5c3","name":"Redazione","image":{"@type":"ImageObject","inLanguage":"it-IT","@id":"https:\/\/secure.gravatar.com\/avatar\/2fcdf27c78ea025fbdb44e914cc63c72249ffec9dc8aafd5c82b26240ef3f346?s=96&d=mm&r=g","url":"https:\/\/secure.gravatar.com\/avatar\/2fcdf27c78ea025fbdb44e914cc63c72249ffec9dc8aafd5c82b26240ef3f346?s=96&d=mm&r=g","contentUrl":"https:\/\/secure.gravatar.com\/avatar\/2fcdf27c78ea025fbdb44e914cc63c72249ffec9dc8aafd5c82b26240ef3f346?s=96&d=mm&r=g","caption":"Redazione"},"url":"https:\/\/www.rassegnastampa-totustuus.it\/cattolica\/author\/pietroelle\/"}]}},"_links":{"self":[{"href":"https:\/\/www.rassegnastampa-totustuus.it\/cattolica\/wp-json\/wp\/v2\/posts\/39997","targetHints":{"allow":["GET"]}}],"collection":[{"href":"https:\/\/www.rassegnastampa-totustuus.it\/cattolica\/wp-json\/wp\/v2\/posts"}],"about":[{"href":"https:\/\/www.rassegnastampa-totustuus.it\/cattolica\/wp-json\/wp\/v2\/types\/post"}],"author":[{"embeddable":true,"href":"https:\/\/www.rassegnastampa-totustuus.it\/cattolica\/wp-json\/wp\/v2\/users\/6"}],"replies":[{"embeddable":true,"href":"https:\/\/www.rassegnastampa-totustuus.it\/cattolica\/wp-json\/wp\/v2\/comments?post=39997"}],"version-history":[{"count":1,"href":"https:\/\/www.rassegnastampa-totustuus.it\/cattolica\/wp-json\/wp\/v2\/posts\/39997\/revisions"}],"predecessor-version":[{"id":39999,"href":"https:\/\/www.rassegnastampa-totustuus.it\/cattolica\/wp-json\/wp\/v2\/posts\/39997\/revisions\/39999"}],"wp:featuredmedia":[{"embeddable":true,"href":"https:\/\/www.rassegnastampa-totustuus.it\/cattolica\/wp-json\/wp\/v2\/media\/39998"}],"wp:attachment":[{"href":"https:\/\/www.rassegnastampa-totustuus.it\/cattolica\/wp-json\/wp\/v2\/media?parent=39997"}],"wp:term":[{"taxonomy":"category","embeddable":true,"href":"https:\/\/www.rassegnastampa-totustuus.it\/cattolica\/wp-json\/wp\/v2\/categories?post=39997"},{"taxonomy":"post_tag","embeddable":true,"href":"https:\/\/www.rassegnastampa-totustuus.it\/cattolica\/wp-json\/wp\/v2\/tags?post=39997"}],"curies":[{"name":"wp","href":"https:\/\/api.w.org\/{rel}","templated":true}]}}