{"id":39809,"date":"2018-03-01T00:00:22","date_gmt":"2018-02-28T23:00:22","guid":{"rendered":"http:\/\/www.rassegnastampa-totustuus.it\/cattolica\/?p=39809"},"modified":"2018-03-01T09:28:04","modified_gmt":"2018-03-01T08:28:04","slug":"i-crociati-obbligavano-davvero-le-loro-mogli-ad-indossare-le-cinture-di-castita","status":"publish","type":"post","link":"https:\/\/www.rassegnastampa-totustuus.it\/cattolica\/i-crociati-obbligavano-davvero-le-loro-mogli-ad-indossare-le-cinture-di-castita\/","title":{"rendered":"I Crociati obbligavano davvero le loro mogli ad indossare le cinture di castit\u00e0?"},"content":{"rendered":"<p style=\"text-align: center;\"><strong><a href=\"https:\/\/it.aleteia.org\/\" target=\"_blank\" rel=\"noopener\">Aleteia<\/a><img loading=\"lazy\" decoding=\"async\" class=\"alignright wp-image-39810\" src=\"https:\/\/www.rassegnastampa-totustuus.it\/cattolica\/wp-content\/uploads\/2018\/02\/cintura_castit\u00e0.jpg\" alt=\"\" width=\"250\" height=\"192\" \/><\/strong> 28 Febbraio 2018<\/p>\n<p style=\"text-align: justify;\"><em>Si tratta di una clamorosa bufala. Le prime cinture risalgono al 1800, non al Medioevo! E la loro creazione \u00e8 collegata a masturbazione, violenza sessuale e giochi erotici<\/em><\/p>\n<p><!--more--><\/p>\n<p style=\"text-align: justify;\">L\u2019uso delle cosiddette cinture di castit\u00e0, fasce metalliche flessibili in grado di coprire i genitali e poi chiuse con lucchetti, risalirebbe ai tempi delle Crociate, quando i cavalieri in partenza per il Santo Sepolcro volevano assicurarsi la fedelt\u00e0 delle proprie mogli durante la loro assenza. La cintura non \u00e8 altro che un falso storico. Basta osservarle per capire come possano essere fonte di ferite e infezioni e abbiano serrature relativamente facili da aprire.<\/p>\n<p style=\"text-align: justify;\"><strong>Problema igienico<\/strong><\/p>\n<p style=\"text-align: justify;\">Come nota <em><u><a href=\"https:\/\/www.focus.it\/cultura\/storia\/quella-mitica-cintura-di-castita\" target=\"_blank\" rel=\"noopener\">Focus (agosto 2014)<\/a><\/u><\/em> prima di tutto, c\u2019\u00e8 un problema di igiene: anche se la classica cintura prevede piccole aperture per l\u2019espletazione dei bisogni fisiologici, ferite, infezioni e di conseguenza la morte di chi le indossava sarebbero sopraggiunte in tempi molto rapidi.<\/p>\n<p style=\"text-align: justify;\">Inoltre, \u00e8 plausibile che prima di partire i cavalieri si accoppiassero con le proprie mogli, magari con la speranza di trovare un bambino al loro ritorno. \u00c8 evidente che la presenza di una cintura di ferro avrebbe impedito il parto. Senza contare l\u2019obiezione pi\u00f9 semplice: qualunque serratura medievale poteva essere aperta da un fabbro in pochi secondi.<\/p>\n<p style=\"text-align: justify;\"><strong>Purezza teologica<\/strong><\/p>\n<p style=\"text-align: justify;\">Al di l\u00e0 di queste incongruenze logiche, c\u2019\u00e8 il fatto che non esistono autentiche cinture databili al Medioevo. L\u2019idea di astinenza sessuale \u00e8 certamente antichissima e lo stesso termine latino <em>cingulum castitatis<\/em> (traducibile appunto come cintura di castit\u00e0) compare, a partire dal VI secolo, in alcuni testi di Papa Gregorio Magno, Alcuino di York, San Bernardo di Chiaravalle, fino a Giovanni Boccaccio. Ma in tutti questi casi \u00e8 inteso come un simbolo di purezza teologica, non certo come un oggetto di dissuasione erotica.<\/p>\n<p style=\"text-align: justify;\"><strong><img loading=\"lazy\" decoding=\"async\" class=\"alignleft wp-image-38854\" src=\"https:\/\/www.rassegnastampa-totustuus.it\/cattolica\/wp-content\/uploads\/2017\/11\/donne_medioevo.jpg\" alt=\"\" width=\"173\" height=\"200\" \/>Il patto allegorico di Guigemar<\/strong><\/p>\n<p style=\"text-align: justify;\">Il concetto di patto di castit\u00e0 tra due innamorati comparve invece pi\u00f9 avanti, in alcuni poemi del XII secolo, come il <em>Lai di Guigemar<\/em> di Maria di Francia: alla partenza del cavaliere Guigemar la sua donna chiede all\u2019amante di annodarle la camicia intorno alla vita, come patto di fedelt\u00e0 fino al ritorno. Ma si tratta di un patto simbolico e, soprattutto, voluto dalla donna. Dunque in queste fonti l\u2019intento era invariabilmente comico o allegorico, cio\u00e8 non si riferivano a qualcosa che esisteva fisicamente.<\/p>\n<p style=\"text-align: justify;\"><strong>Le donne fiorentine<\/strong><\/p>\n<p style=\"text-align: justify;\">Per trovare la prima citazione visuale di un oggetto che ricordi vagamente una cintura di castit\u00e0 dobbiamo aspettare il 1405 e un manoscritto, il <em>Bellifortis<\/em> di Konrad Kyeser, dedicato alla tecnologia militare dell\u2019epoca. Il congegno disegnato, quasi un\u2019armatura, \u00e8 presentato come uno strumento imposto alle donne fiorentine dai mariti gelosi, ma i commenti di Kyeser sono ironici e probabilmente il disegno \u00e8 stato realizzato sulla base di sentito dire e non copiando un oggetto autentico. Di certo non risulta nulla del genere nella Firenze del tempo.<\/p>\n<p style=\"text-align: justify;\"><strong>L\u2019incisione con la prostituta<\/strong><\/p>\n<p style=\"text-align: justify;\">Alcune incisioni del XVI secolo, tra cui una attribuita a Sebald Beham, raffigurano invece una donna che indossa una \u201ccintura di castit\u00e0\u201d, chiusa da un lucchetto, in piedi tra due uomini mentre riceve e consegna denaro: l\u2019interpretazione che ne \u00e8 stata data \u00e8 che si tratti di una prostituta in mezzo al cliente e al protettore, quest\u2019ultimo disposto ad aprire il lucchetto solo al pagamento della prestazione. Anche se fosse stata vera e non solo simbolica, dunque, la cintura rappresentava qui solo uno strumento professionale.<\/p>\n<p style=\"text-align: justify;\"><strong>Falso del XIX secolo<\/strong><\/p>\n<p style=\"text-align: justify;\">Fin qui, il mito medioevale. Le prime cinture di castit\u00e0 \u201cvere\u201d, reali, sono quelle finite nei musei intorno al 1840. Al Museo d\u2019arte medievale di Cluny a Parigi, per esempio, fino a poco tempo fa si poteva ammirare una cintura che si diceva fosse appartenuta alla regina di Francia Caterina de\u2019 Medici (1519-1589). Fu solo nel 1990 che i responsabili del Museo si accorsero che si trattava di un falso risalente al XIX secolo.<\/p>\n<p style=\"text-align: justify;\"><strong>Met\u00e0 ottocento<\/strong><\/p>\n<p style=\"text-align: justify;\"><img loading=\"lazy\" decoding=\"async\" class=\"alignright wp-image-26686\" src=\"https:\/\/www.rassegnastampa-totustuus.it\/cattolica\/wp-content\/uploads\/2015\/08\/cavaliere_medioevo.jpg\" alt=\"\" width=\"250\" height=\"181\" srcset=\"https:\/\/www.rassegnastampa-totustuus.it\/cattolica\/wp-content\/uploads\/2015\/08\/cavaliere_medioevo.jpg 500w, https:\/\/www.rassegnastampa-totustuus.it\/cattolica\/wp-content\/uploads\/2015\/08\/cavaliere_medioevo-300x217.jpg 300w\" sizes=\"auto, (max-width: 250px) 100vw, 250px\" \/>Anche un altro esemplare simile, esposto al British Museum di Londra e a lungo indicato come risalente al XVI secolo, \u00e8 stato di recente datato alla met\u00e0 dell\u2019800 e tolto dalle esposizioni. Quasi tutti i musei che le conservavano e le attribuivano all\u2019epoca medievale, hanno oggi corretto i loro cataloghi per indicarne la fattura recente o l\u2019origine fraudolenta.<\/p>\n<p style=\"text-align: justify;\"><strong>Masturbazione e violenza sessuale<\/strong><\/p>\n<p style=\"text-align: justify;\">Queste vere cinture a cosa servivano? Sul finire del XIX secolo, scrive <u><a href=\"http:\/\/www.lastampa.it\/2017\/03\/17\/multimedia\/societa\/la-bufala-della-cintura-di-castit-ecco-come-una-mostra-smonta-il-mito-AEBxi1AcNA2L0FiQNvoaNM\/pagina.html\" target=\"_blank\" rel=\"noopener\"><em>La Stampa (febbraio 2017)<\/em><\/a><\/u> la masturbazione era vista come un peccato ed ecco che le cinture di castit\u00e0 divennero realt\u00e0 e un rimedio. Ci sono brevetti di inizio \u2019900 che spiegano l\u2019utilit\u00e0 di questi strumenti per evitare che i giovani si masturbassero.<\/p>\n<p style=\"text-align: justify;\">Queste cinture \u201cmoderne\u201d, in cui il cuoio ha sostituito il metallo, vennero anche utilizzate per proteggere le donne dalle violenze sessuali in un periodo nel quale iniziavano ad affacciarsi a mondi ritenuti fino ad allora solo maschili come le fabbriche oppure per giochi erotici con pratiche sadomaso.<\/p>\n<p style=\"text-align: justify;\"><strong>Il film di Woody Allen<\/strong><\/p>\n<p style=\"text-align: justify;\">Uno studioso, il professor Albrecht Classen (University of Arizona), nel libro The Medieval Chastity Belt: A Myth-making Process (Palgrave Macmillan, 2007), ha provato spiegare perch\u00e9 questo mito si \u00e8 cos\u00ec alimentato nell\u2019opinione pubblica. La cintura di castit\u00e0 non \u00e8 molto diversa dagli altri miti medievali, come ad esempio la convinzione che Cristoforo Colombo abbia potuto raggiungere le Americhe perch\u00e9 convinto che la Terra fosse rotonda anzich\u00e9 piatta. Ma la sua popolarit\u00e0 \u00e8 probabilmente maggiore.<\/p>\n<p style=\"text-align: justify;\">Classen ricorda in particolare il contributo del film di Woody Allen <em>Tutto quello che avreste voluto sapere sul sesso* (*ma non avete mai osato chiedere)<\/em> tratto dall\u2019omonimo libro del sessuologo David Reuben.<\/p>\n<p style=\"text-align: justify;\">La cintura di castit\u00e0 viene descritta del libro, e nel film viene mostra all\u2019opera con conseguenze esilaranti. Ma Allen, mettendo in ridicolo i contenuti del libro, si \u00e8 forse avvicinato all\u2019essenza delle cintura di castit\u00e0 meglio di chiunque altro: l\u2019oggetto citato in alcuni testi medievali con l\u2019intento invariabilmente comico o allegorico, nulla che esistesse fisicamente<\/p>\n<p>&nbsp;<\/p>\n","protected":false},"excerpt":{"rendered":"<p>Aleteia 28 Febbraio 2018 Si tratta di una clamorosa bufala. Le prime cinture risalgono al 1800, non al Medioevo! E la loro creazione \u00e8 collegata a masturbazione, violenza sessuale e giochi erotici<\/p><p><a class=\"more-link btn\" href=\"https:\/\/www.rassegnastampa-totustuus.it\/cattolica\/i-crociati-obbligavano-davvero-le-loro-mogli-ad-indossare-le-cinture-di-castita\/\">Continua a leggere<\/a><\/p>\n","protected":false},"author":6,"featured_media":39810,"comment_status":"closed","ping_status":"closed","sticky":false,"template":"","format":"standard","meta":{"footnotes":""},"categories":[91,24],"tags":[1800,2657],"class_list":["post-39809","post","type-post","status-publish","format-standard","has-post-thumbnail","hentry","category-medioevo","category-storia","tag-astinenza-sessuale","tag-sess","item-wrap"],"yoast_head":"<!-- This site is optimized with the Yoast SEO plugin v27.5 - https:\/\/yoast.com\/product\/yoast-seo-wordpress\/ -->\n<title>I Crociati obbligavano davvero le loro mogli ad indossare le cinture di castit\u00e0? - Rassegna Stampa Cattolica<\/title>\n<meta name=\"description\" content=\"Rassegna Stampa Cattolica - Per una cultura che nasce dalla Rivelazione cristiana in conformit\u00e0 alla tradizione e al Magistero della Chiesa in opposizione ad ogni relativismo e totalitarismo\" \/>\n<meta name=\"robots\" content=\"index, follow, max-snippet:-1, max-image-preview:large, max-video-preview:-1\" \/>\n<link rel=\"canonical\" href=\"https:\/\/www.rassegnastampa-totustuus.it\/cattolica\/i-crociati-obbligavano-davvero-le-loro-mogli-ad-indossare-le-cinture-di-castita\/\" \/>\n<meta property=\"og:locale\" content=\"it_IT\" \/>\n<meta property=\"og:type\" content=\"article\" \/>\n<meta property=\"og:title\" content=\"I Crociati obbligavano davvero le loro mogli ad indossare le cinture di castit\u00e0? - Rassegna Stampa Cattolica\" \/>\n<meta property=\"og:description\" content=\"Rassegna Stampa Cattolica - Per una cultura che nasce dalla Rivelazione cristiana in conformit\u00e0 alla tradizione e al Magistero della Chiesa in opposizione ad ogni relativismo e totalitarismo\" \/>\n<meta property=\"og:url\" content=\"https:\/\/www.rassegnastampa-totustuus.it\/cattolica\/i-crociati-obbligavano-davvero-le-loro-mogli-ad-indossare-le-cinture-di-castita\/\" \/>\n<meta property=\"og:site_name\" content=\"Rassegna Stampa Cattolica\" \/>\n<meta property=\"article:publisher\" content=\"https:\/\/www.facebook.com\/rassegnastampacattolica\" \/>\n<meta property=\"article:published_time\" content=\"2018-02-28T23:00:22+00:00\" \/>\n<meta property=\"article:modified_time\" content=\"2018-03-01T08:28:04+00:00\" \/>\n<meta property=\"og:image\" content=\"https:\/\/www.rassegnastampa-totustuus.it\/cattolica\/wp-content\/uploads\/2018\/02\/cintura_castit\u00e0.jpg\" \/>\n\t<meta property=\"og:image:width\" content=\"256\" \/>\n\t<meta property=\"og:image:height\" content=\"197\" \/>\n\t<meta property=\"og:image:type\" content=\"image\/jpeg\" \/>\n<meta name=\"author\" content=\"Redazione\" \/>\n<meta name=\"twitter:card\" content=\"summary_large_image\" \/>\n<meta name=\"twitter:creator\" content=\"@rassegnastampa9\" \/>\n<meta name=\"twitter:site\" content=\"@rassegnastampa9\" \/>\n<meta name=\"twitter:label1\" content=\"Scritto da\" \/>\n\t<meta name=\"twitter:data1\" content=\"Redazione\" \/>\n\t<meta name=\"twitter:label2\" content=\"Tempo di lettura stimato\" \/>\n\t<meta name=\"twitter:data2\" content=\"5 minuti\" \/>\n<script type=\"application\/ld+json\" class=\"yoast-schema-graph\">{\"@context\":\"https:\\\/\\\/schema.org\",\"@graph\":[{\"@type\":\"Article\",\"@id\":\"https:\\\/\\\/www.rassegnastampa-totustuus.it\\\/cattolica\\\/i-crociati-obbligavano-davvero-le-loro-mogli-ad-indossare-le-cinture-di-castita\\\/#article\",\"isPartOf\":{\"@id\":\"https:\\\/\\\/www.rassegnastampa-totustuus.it\\\/cattolica\\\/i-crociati-obbligavano-davvero-le-loro-mogli-ad-indossare-le-cinture-di-castita\\\/\"},\"author\":{\"name\":\"Redazione\",\"@id\":\"https:\\\/\\\/www.rassegnastampa-totustuus.it\\\/cattolica\\\/#\\\/schema\\\/person\\\/08f319d2bd1a0904ad9e2bfb7b15e5c3\"},\"headline\":\"I Crociati obbligavano davvero le loro mogli ad indossare le cinture di castit\u00e0?\",\"datePublished\":\"2018-02-28T23:00:22+00:00\",\"dateModified\":\"2018-03-01T08:28:04+00:00\",\"mainEntityOfPage\":{\"@id\":\"https:\\\/\\\/www.rassegnastampa-totustuus.it\\\/cattolica\\\/i-crociati-obbligavano-davvero-le-loro-mogli-ad-indossare-le-cinture-di-castita\\\/\"},\"wordCount\":977,\"publisher\":{\"@id\":\"https:\\\/\\\/www.rassegnastampa-totustuus.it\\\/cattolica\\\/#organization\"},\"image\":{\"@id\":\"https:\\\/\\\/www.rassegnastampa-totustuus.it\\\/cattolica\\\/i-crociati-obbligavano-davvero-le-loro-mogli-ad-indossare-le-cinture-di-castita\\\/#primaryimage\"},\"thumbnailUrl\":\"https:\\\/\\\/www.rassegnastampa-totustuus.it\\\/cattolica\\\/wp-content\\\/uploads\\\/2018\\\/02\\\/cintura_castit\u00e0.jpg\",\"keywords\":[\"astinenza sessuale\",\"sess\"],\"articleSection\":[\"Medioevo\",\"Storia\"],\"inLanguage\":\"it-IT\"},{\"@type\":\"WebPage\",\"@id\":\"https:\\\/\\\/www.rassegnastampa-totustuus.it\\\/cattolica\\\/i-crociati-obbligavano-davvero-le-loro-mogli-ad-indossare-le-cinture-di-castita\\\/\",\"url\":\"https:\\\/\\\/www.rassegnastampa-totustuus.it\\\/cattolica\\\/i-crociati-obbligavano-davvero-le-loro-mogli-ad-indossare-le-cinture-di-castita\\\/\",\"name\":\"I Crociati obbligavano davvero le loro mogli ad indossare le cinture di castit\u00e0? - Rassegna Stampa Cattolica\",\"isPartOf\":{\"@id\":\"https:\\\/\\\/www.rassegnastampa-totustuus.it\\\/cattolica\\\/#website\"},\"primaryImageOfPage\":{\"@id\":\"https:\\\/\\\/www.rassegnastampa-totustuus.it\\\/cattolica\\\/i-crociati-obbligavano-davvero-le-loro-mogli-ad-indossare-le-cinture-di-castita\\\/#primaryimage\"},\"image\":{\"@id\":\"https:\\\/\\\/www.rassegnastampa-totustuus.it\\\/cattolica\\\/i-crociati-obbligavano-davvero-le-loro-mogli-ad-indossare-le-cinture-di-castita\\\/#primaryimage\"},\"thumbnailUrl\":\"https:\\\/\\\/www.rassegnastampa-totustuus.it\\\/cattolica\\\/wp-content\\\/uploads\\\/2018\\\/02\\\/cintura_castit\u00e0.jpg\",\"datePublished\":\"2018-02-28T23:00:22+00:00\",\"dateModified\":\"2018-03-01T08:28:04+00:00\",\"description\":\"Rassegna Stampa Cattolica - Per una cultura che nasce dalla Rivelazione cristiana in conformit\u00e0 alla tradizione e al Magistero della Chiesa in opposizione ad ogni relativismo e totalitarismo\",\"breadcrumb\":{\"@id\":\"https:\\\/\\\/www.rassegnastampa-totustuus.it\\\/cattolica\\\/i-crociati-obbligavano-davvero-le-loro-mogli-ad-indossare-le-cinture-di-castita\\\/#breadcrumb\"},\"inLanguage\":\"it-IT\",\"potentialAction\":[{\"@type\":\"ReadAction\",\"target\":[\"https:\\\/\\\/www.rassegnastampa-totustuus.it\\\/cattolica\\\/i-crociati-obbligavano-davvero-le-loro-mogli-ad-indossare-le-cinture-di-castita\\\/\"]}]},{\"@type\":\"ImageObject\",\"inLanguage\":\"it-IT\",\"@id\":\"https:\\\/\\\/www.rassegnastampa-totustuus.it\\\/cattolica\\\/i-crociati-obbligavano-davvero-le-loro-mogli-ad-indossare-le-cinture-di-castita\\\/#primaryimage\",\"url\":\"https:\\\/\\\/www.rassegnastampa-totustuus.it\\\/cattolica\\\/wp-content\\\/uploads\\\/2018\\\/02\\\/cintura_castit\u00e0.jpg\",\"contentUrl\":\"https:\\\/\\\/www.rassegnastampa-totustuus.it\\\/cattolica\\\/wp-content\\\/uploads\\\/2018\\\/02\\\/cintura_castit\u00e0.jpg\",\"width\":256,\"height\":197},{\"@type\":\"BreadcrumbList\",\"@id\":\"https:\\\/\\\/www.rassegnastampa-totustuus.it\\\/cattolica\\\/i-crociati-obbligavano-davvero-le-loro-mogli-ad-indossare-le-cinture-di-castita\\\/#breadcrumb\",\"itemListElement\":[{\"@type\":\"ListItem\",\"position\":1,\"name\":\"Home\",\"item\":\"https:\\\/\\\/www.rassegnastampa-totustuus.it\\\/cattolica\\\/\"},{\"@type\":\"ListItem\",\"position\":2,\"name\":\"I Crociati obbligavano davvero le loro mogli ad indossare le cinture di castit\u00e0?\"}]},{\"@type\":\"WebSite\",\"@id\":\"https:\\\/\\\/www.rassegnastampa-totustuus.it\\\/cattolica\\\/#website\",\"url\":\"https:\\\/\\\/www.rassegnastampa-totustuus.it\\\/cattolica\\\/\",\"name\":\"Rassegna Stampa Cattolica\",\"description\":\"Per una cultura che nasce dalla Rivelazione cristiana in conformit\u00e0 alla tradizione e al Magistero della Chiesa in opposizione ad ogni relativismo e totalitarismo\",\"publisher\":{\"@id\":\"https:\\\/\\\/www.rassegnastampa-totustuus.it\\\/cattolica\\\/#organization\"},\"alternateName\":\"Rass. Cattolica\",\"potentialAction\":[{\"@type\":\"SearchAction\",\"target\":{\"@type\":\"EntryPoint\",\"urlTemplate\":\"https:\\\/\\\/www.rassegnastampa-totustuus.it\\\/cattolica\\\/?s={search_term_string}\"},\"query-input\":{\"@type\":\"PropertyValueSpecification\",\"valueRequired\":true,\"valueName\":\"search_term_string\"}}],\"inLanguage\":\"it-IT\"},{\"@type\":\"Organization\",\"@id\":\"https:\\\/\\\/www.rassegnastampa-totustuus.it\\\/cattolica\\\/#organization\",\"name\":\"Rassegna Stampa Cattolica\",\"url\":\"https:\\\/\\\/www.rassegnastampa-totustuus.it\\\/cattolica\\\/\",\"logo\":{\"@type\":\"ImageObject\",\"inLanguage\":\"it-IT\",\"@id\":\"https:\\\/\\\/www.rassegnastampa-totustuus.it\\\/cattolica\\\/#\\\/schema\\\/logo\\\/image\\\/\",\"url\":\"https:\\\/\\\/www.rassegnastampa-totustuus.it\\\/cattolica\\\/wp-content\\\/uploads\\\/2014\\\/04\\\/logo-rassegna1.gif\",\"contentUrl\":\"https:\\\/\\\/www.rassegnastampa-totustuus.it\\\/cattolica\\\/wp-content\\\/uploads\\\/2014\\\/04\\\/logo-rassegna1.gif\",\"width\":600,\"height\":163,\"caption\":\"Rassegna Stampa Cattolica\"},\"image\":{\"@id\":\"https:\\\/\\\/www.rassegnastampa-totustuus.it\\\/cattolica\\\/#\\\/schema\\\/logo\\\/image\\\/\"},\"sameAs\":[\"https:\\\/\\\/www.facebook.com\\\/rassegnastampacattolica\",\"https:\\\/\\\/x.com\\\/rassegnastampa9\"]},{\"@type\":\"Person\",\"@id\":\"https:\\\/\\\/www.rassegnastampa-totustuus.it\\\/cattolica\\\/#\\\/schema\\\/person\\\/08f319d2bd1a0904ad9e2bfb7b15e5c3\",\"name\":\"Redazione\",\"image\":{\"@type\":\"ImageObject\",\"inLanguage\":\"it-IT\",\"@id\":\"https:\\\/\\\/secure.gravatar.com\\\/avatar\\\/2fcdf27c78ea025fbdb44e914cc63c72249ffec9dc8aafd5c82b26240ef3f346?s=96&d=mm&r=g\",\"url\":\"https:\\\/\\\/secure.gravatar.com\\\/avatar\\\/2fcdf27c78ea025fbdb44e914cc63c72249ffec9dc8aafd5c82b26240ef3f346?s=96&d=mm&r=g\",\"contentUrl\":\"https:\\\/\\\/secure.gravatar.com\\\/avatar\\\/2fcdf27c78ea025fbdb44e914cc63c72249ffec9dc8aafd5c82b26240ef3f346?s=96&d=mm&r=g\",\"caption\":\"Redazione\"},\"url\":\"https:\\\/\\\/www.rassegnastampa-totustuus.it\\\/cattolica\\\/author\\\/pietroelle\\\/\"}]}<\/script>\n<!-- \/ Yoast SEO plugin. -->","yoast_head_json":{"title":"I Crociati obbligavano davvero le loro mogli ad indossare le cinture di castit\u00e0? - Rassegna Stampa Cattolica","description":"Rassegna Stampa Cattolica - Per una cultura che nasce dalla Rivelazione cristiana in conformit\u00e0 alla tradizione e al Magistero della Chiesa in opposizione ad ogni relativismo e totalitarismo","robots":{"index":"index","follow":"follow","max-snippet":"max-snippet:-1","max-image-preview":"max-image-preview:large","max-video-preview":"max-video-preview:-1"},"canonical":"https:\/\/www.rassegnastampa-totustuus.it\/cattolica\/i-crociati-obbligavano-davvero-le-loro-mogli-ad-indossare-le-cinture-di-castita\/","og_locale":"it_IT","og_type":"article","og_title":"I Crociati obbligavano davvero le loro mogli ad indossare le cinture di castit\u00e0? - Rassegna Stampa Cattolica","og_description":"Rassegna Stampa Cattolica - Per una cultura che nasce dalla Rivelazione cristiana in conformit\u00e0 alla tradizione e al Magistero della Chiesa in opposizione ad ogni relativismo e totalitarismo","og_url":"https:\/\/www.rassegnastampa-totustuus.it\/cattolica\/i-crociati-obbligavano-davvero-le-loro-mogli-ad-indossare-le-cinture-di-castita\/","og_site_name":"Rassegna Stampa Cattolica","article_publisher":"https:\/\/www.facebook.com\/rassegnastampacattolica","article_published_time":"2018-02-28T23:00:22+00:00","article_modified_time":"2018-03-01T08:28:04+00:00","og_image":[{"width":256,"height":197,"url":"https:\/\/www.rassegnastampa-totustuus.it\/cattolica\/wp-content\/uploads\/2018\/02\/cintura_castit\u00e0.jpg","type":"image\/jpeg"}],"author":"Redazione","twitter_card":"summary_large_image","twitter_creator":"@rassegnastampa9","twitter_site":"@rassegnastampa9","twitter_misc":{"Scritto da":"Redazione","Tempo di lettura stimato":"5 minuti"},"schema":{"@context":"https:\/\/schema.org","@graph":[{"@type":"Article","@id":"https:\/\/www.rassegnastampa-totustuus.it\/cattolica\/i-crociati-obbligavano-davvero-le-loro-mogli-ad-indossare-le-cinture-di-castita\/#article","isPartOf":{"@id":"https:\/\/www.rassegnastampa-totustuus.it\/cattolica\/i-crociati-obbligavano-davvero-le-loro-mogli-ad-indossare-le-cinture-di-castita\/"},"author":{"name":"Redazione","@id":"https:\/\/www.rassegnastampa-totustuus.it\/cattolica\/#\/schema\/person\/08f319d2bd1a0904ad9e2bfb7b15e5c3"},"headline":"I Crociati obbligavano davvero le loro mogli ad indossare le cinture di castit\u00e0?","datePublished":"2018-02-28T23:00:22+00:00","dateModified":"2018-03-01T08:28:04+00:00","mainEntityOfPage":{"@id":"https:\/\/www.rassegnastampa-totustuus.it\/cattolica\/i-crociati-obbligavano-davvero-le-loro-mogli-ad-indossare-le-cinture-di-castita\/"},"wordCount":977,"publisher":{"@id":"https:\/\/www.rassegnastampa-totustuus.it\/cattolica\/#organization"},"image":{"@id":"https:\/\/www.rassegnastampa-totustuus.it\/cattolica\/i-crociati-obbligavano-davvero-le-loro-mogli-ad-indossare-le-cinture-di-castita\/#primaryimage"},"thumbnailUrl":"https:\/\/www.rassegnastampa-totustuus.it\/cattolica\/wp-content\/uploads\/2018\/02\/cintura_castit\u00e0.jpg","keywords":["astinenza sessuale","sess"],"articleSection":["Medioevo","Storia"],"inLanguage":"it-IT"},{"@type":"WebPage","@id":"https:\/\/www.rassegnastampa-totustuus.it\/cattolica\/i-crociati-obbligavano-davvero-le-loro-mogli-ad-indossare-le-cinture-di-castita\/","url":"https:\/\/www.rassegnastampa-totustuus.it\/cattolica\/i-crociati-obbligavano-davvero-le-loro-mogli-ad-indossare-le-cinture-di-castita\/","name":"I Crociati obbligavano davvero le loro mogli ad indossare le cinture di castit\u00e0? - Rassegna Stampa Cattolica","isPartOf":{"@id":"https:\/\/www.rassegnastampa-totustuus.it\/cattolica\/#website"},"primaryImageOfPage":{"@id":"https:\/\/www.rassegnastampa-totustuus.it\/cattolica\/i-crociati-obbligavano-davvero-le-loro-mogli-ad-indossare-le-cinture-di-castita\/#primaryimage"},"image":{"@id":"https:\/\/www.rassegnastampa-totustuus.it\/cattolica\/i-crociati-obbligavano-davvero-le-loro-mogli-ad-indossare-le-cinture-di-castita\/#primaryimage"},"thumbnailUrl":"https:\/\/www.rassegnastampa-totustuus.it\/cattolica\/wp-content\/uploads\/2018\/02\/cintura_castit\u00e0.jpg","datePublished":"2018-02-28T23:00:22+00:00","dateModified":"2018-03-01T08:28:04+00:00","description":"Rassegna Stampa Cattolica - Per una cultura che nasce dalla Rivelazione cristiana in conformit\u00e0 alla tradizione e al Magistero della Chiesa in opposizione ad ogni relativismo e totalitarismo","breadcrumb":{"@id":"https:\/\/www.rassegnastampa-totustuus.it\/cattolica\/i-crociati-obbligavano-davvero-le-loro-mogli-ad-indossare-le-cinture-di-castita\/#breadcrumb"},"inLanguage":"it-IT","potentialAction":[{"@type":"ReadAction","target":["https:\/\/www.rassegnastampa-totustuus.it\/cattolica\/i-crociati-obbligavano-davvero-le-loro-mogli-ad-indossare-le-cinture-di-castita\/"]}]},{"@type":"ImageObject","inLanguage":"it-IT","@id":"https:\/\/www.rassegnastampa-totustuus.it\/cattolica\/i-crociati-obbligavano-davvero-le-loro-mogli-ad-indossare-le-cinture-di-castita\/#primaryimage","url":"https:\/\/www.rassegnastampa-totustuus.it\/cattolica\/wp-content\/uploads\/2018\/02\/cintura_castit\u00e0.jpg","contentUrl":"https:\/\/www.rassegnastampa-totustuus.it\/cattolica\/wp-content\/uploads\/2018\/02\/cintura_castit\u00e0.jpg","width":256,"height":197},{"@type":"BreadcrumbList","@id":"https:\/\/www.rassegnastampa-totustuus.it\/cattolica\/i-crociati-obbligavano-davvero-le-loro-mogli-ad-indossare-le-cinture-di-castita\/#breadcrumb","itemListElement":[{"@type":"ListItem","position":1,"name":"Home","item":"https:\/\/www.rassegnastampa-totustuus.it\/cattolica\/"},{"@type":"ListItem","position":2,"name":"I Crociati obbligavano davvero le loro mogli ad indossare le cinture di castit\u00e0?"}]},{"@type":"WebSite","@id":"https:\/\/www.rassegnastampa-totustuus.it\/cattolica\/#website","url":"https:\/\/www.rassegnastampa-totustuus.it\/cattolica\/","name":"Rassegna Stampa Cattolica","description":"Per una cultura che nasce dalla Rivelazione cristiana in conformit\u00e0 alla tradizione e al Magistero della Chiesa in opposizione ad ogni relativismo e totalitarismo","publisher":{"@id":"https:\/\/www.rassegnastampa-totustuus.it\/cattolica\/#organization"},"alternateName":"Rass. Cattolica","potentialAction":[{"@type":"SearchAction","target":{"@type":"EntryPoint","urlTemplate":"https:\/\/www.rassegnastampa-totustuus.it\/cattolica\/?s={search_term_string}"},"query-input":{"@type":"PropertyValueSpecification","valueRequired":true,"valueName":"search_term_string"}}],"inLanguage":"it-IT"},{"@type":"Organization","@id":"https:\/\/www.rassegnastampa-totustuus.it\/cattolica\/#organization","name":"Rassegna Stampa Cattolica","url":"https:\/\/www.rassegnastampa-totustuus.it\/cattolica\/","logo":{"@type":"ImageObject","inLanguage":"it-IT","@id":"https:\/\/www.rassegnastampa-totustuus.it\/cattolica\/#\/schema\/logo\/image\/","url":"https:\/\/www.rassegnastampa-totustuus.it\/cattolica\/wp-content\/uploads\/2014\/04\/logo-rassegna1.gif","contentUrl":"https:\/\/www.rassegnastampa-totustuus.it\/cattolica\/wp-content\/uploads\/2014\/04\/logo-rassegna1.gif","width":600,"height":163,"caption":"Rassegna Stampa Cattolica"},"image":{"@id":"https:\/\/www.rassegnastampa-totustuus.it\/cattolica\/#\/schema\/logo\/image\/"},"sameAs":["https:\/\/www.facebook.com\/rassegnastampacattolica","https:\/\/x.com\/rassegnastampa9"]},{"@type":"Person","@id":"https:\/\/www.rassegnastampa-totustuus.it\/cattolica\/#\/schema\/person\/08f319d2bd1a0904ad9e2bfb7b15e5c3","name":"Redazione","image":{"@type":"ImageObject","inLanguage":"it-IT","@id":"https:\/\/secure.gravatar.com\/avatar\/2fcdf27c78ea025fbdb44e914cc63c72249ffec9dc8aafd5c82b26240ef3f346?s=96&d=mm&r=g","url":"https:\/\/secure.gravatar.com\/avatar\/2fcdf27c78ea025fbdb44e914cc63c72249ffec9dc8aafd5c82b26240ef3f346?s=96&d=mm&r=g","contentUrl":"https:\/\/secure.gravatar.com\/avatar\/2fcdf27c78ea025fbdb44e914cc63c72249ffec9dc8aafd5c82b26240ef3f346?s=96&d=mm&r=g","caption":"Redazione"},"url":"https:\/\/www.rassegnastampa-totustuus.it\/cattolica\/author\/pietroelle\/"}]}},"_links":{"self":[{"href":"https:\/\/www.rassegnastampa-totustuus.it\/cattolica\/wp-json\/wp\/v2\/posts\/39809","targetHints":{"allow":["GET"]}}],"collection":[{"href":"https:\/\/www.rassegnastampa-totustuus.it\/cattolica\/wp-json\/wp\/v2\/posts"}],"about":[{"href":"https:\/\/www.rassegnastampa-totustuus.it\/cattolica\/wp-json\/wp\/v2\/types\/post"}],"author":[{"embeddable":true,"href":"https:\/\/www.rassegnastampa-totustuus.it\/cattolica\/wp-json\/wp\/v2\/users\/6"}],"replies":[{"embeddable":true,"href":"https:\/\/www.rassegnastampa-totustuus.it\/cattolica\/wp-json\/wp\/v2\/comments?post=39809"}],"version-history":[{"count":2,"href":"https:\/\/www.rassegnastampa-totustuus.it\/cattolica\/wp-json\/wp\/v2\/posts\/39809\/revisions"}],"predecessor-version":[{"id":39813,"href":"https:\/\/www.rassegnastampa-totustuus.it\/cattolica\/wp-json\/wp\/v2\/posts\/39809\/revisions\/39813"}],"wp:featuredmedia":[{"embeddable":true,"href":"https:\/\/www.rassegnastampa-totustuus.it\/cattolica\/wp-json\/wp\/v2\/media\/39810"}],"wp:attachment":[{"href":"https:\/\/www.rassegnastampa-totustuus.it\/cattolica\/wp-json\/wp\/v2\/media?parent=39809"}],"wp:term":[{"taxonomy":"category","embeddable":true,"href":"https:\/\/www.rassegnastampa-totustuus.it\/cattolica\/wp-json\/wp\/v2\/categories?post=39809"},{"taxonomy":"post_tag","embeddable":true,"href":"https:\/\/www.rassegnastampa-totustuus.it\/cattolica\/wp-json\/wp\/v2\/tags?post=39809"}],"curies":[{"name":"wp","href":"https:\/\/api.w.org\/{rel}","templated":true}]}}