{"id":39659,"date":"2018-02-08T00:00:49","date_gmt":"2018-02-07T23:00:49","guid":{"rendered":"http:\/\/www.rassegnastampa-totustuus.it\/cattolica\/?p=39659"},"modified":"2018-05-03T10:21:40","modified_gmt":"2018-05-03T08:21:40","slug":"i-papi-e-il-mare","status":"publish","type":"post","link":"https:\/\/www.rassegnastampa-totustuus.it\/cattolica\/i-papi-e-il-mare\/","title":{"rendered":"I papi e il mare"},"content":{"rendered":"<p style=\"text-align: center;\"><img loading=\"lazy\" decoding=\"async\" class=\"wp-image-39660 alignright\" src=\"https:\/\/www.rassegnastampa-totustuus.it\/cattolica\/wp-content\/uploads\/2018\/02\/flotta_pontificia.jpg\" alt=\"\" width=\"250\" height=\"185\" \/><a href=\"http:\/\/www.iltimone.org\/\" target=\"_blank\" rel=\"noopener\"><strong>il Timone<\/strong> <\/a>n.170 Febbraio 2018<\/p>\n<p style=\"text-align: justify;\"><em>Dall&#8217;846 a Napoleone, i successi e le sconfitte delle flotte pont\u00edfice. Nate soprattutto per la difesa della cristianit\u00e0 dai musulmani<\/em><\/p>\n<p style=\"text-align: center;\">\u00a0di <strong>Rino Cammilleri<\/strong><\/p>\n<p><!--more--><\/p>\n<p style=\"text-align: justify;\">Furono i soliti musulmani a costringere i papi a dotarsi di una flotta. E ben presto. Tutto cominci\u00f2 nell&#8217;anno 846: i saraceni, partiti dalle loro basi in Sardegna, risalirono il Tevere e attaccarono Roma. Depredarono le basiliche di San Pietro e San Paolo, che stavano fuori dalle mura aureliane. Poi devastarono Fondi, Gaeta e si spinsero fino a Montecassino. Il papa Leone IV chiese allora aiuto a Napoli, Gaeta e Amalfi, unite in lega. Nel frattempo cominci\u00f2 a costruire ulteriori mura, poi dette \u00ableonine\u00bb. Tre anni dopo, i saraceni si ripresentarono, ma questa volta trovarono a Ostia la flotta della lega guidata da Cesario, figlio del duca di Napoli, Sergio.<\/p>\n<p style=\"text-align: justify;\"><strong>&#8220;Un vento mai visto&#8221;<\/strong><\/p>\n<p style=\"text-align: justify;\">Le navi si scontrarono e, scrive Mauro Tranquillo (in \u00abLa tradizione cattolica\u00bb 1, 2017), \u00absi alz\u00f2 un vento mai visto\u00bb che se la prese soprattutto coi saraceni (eh, Leone IV \u00e8 santo&#8230;): quelli sopravvissuti, catturati, vennero messi a lavorare alle nuove mura. Tutto bene per un po&#8217; di tempo, finch\u00e9 si scopr\u00ec che il duca Sergio aveva cominciato a tenere \u00ec piedi in due staffe. Allora il papa Giovanni VIII lo scomunic\u00f2 e mise al suo posto il di lui fratello Atanasio, fatto all&#8217;uopo vescovo di Napoli.<\/p>\n<p style=\"text-align: justify;\">Nell&#8217;877 ci fu battaglia a Capo Circeo. Vinsero i cristiani, ma il papa dovette guidarli personalmente. Nel 1016 i saraceni distrussero Luni, scambiata per Roma. Il papa Benedetto Vili li attese in mare mentre tornavano in Sardegna e sbarr\u00f2 loro il passo. I saraceni fecero dietrofront verso la costa toscana, ma qui trovarono un&#8217;armata cristiana che in tre giorni li debell\u00f2. In quegli stessi anni le Repubbliche Marinare, Pisa e Genova, effettuarono spedizioni in Sardegna che eliminarono la minaccia fin l\u00ec costante delle incursioni saracene.<\/p>\n<p style=\"text-align: justify;\"><strong>In soccorso dei cristiani<\/strong><\/p>\n<p style=\"text-align: justify;\"><img loading=\"lazy\" decoding=\"async\" class=\"wp-image-36255 size-full alignleft\" src=\"https:\/\/www.rassegnastampa-totustuus.it\/cattolica\/wp-content\/uploads\/2016\/08\/Islam.jpg\" alt=\"\" width=\"225\" height=\"225\" srcset=\"https:\/\/www.rassegnastampa-totustuus.it\/cattolica\/wp-content\/uploads\/2016\/08\/Islam.jpg 225w, https:\/\/www.rassegnastampa-totustuus.it\/cattolica\/wp-content\/uploads\/2016\/08\/Islam-150x150.jpg 150w\" sizes=\"auto, (max-width: 225px) 100vw, 225px\" \/>Il papa san Gregorio VII chiese proprio a giuristi pisani di elaborare nel 1075 un abbozzo di codice nautico che ebbe forma definitiva con Onorio II nel 1130. Le navi del papa soccorsero i Cavalieri dj Rodi attaccati dai turchi nel 1434, sotto Euge IV. Nel 1453 i turchi di Maometto II conquistarono Costantinopoli e tardi arriv\u00f2 la flotta guidai dall&#8217;arcivescovo Jacopo Veniero e inviata al soccorso dal papa Niccol\u00f2 V.<\/p>\n<p style=\"text-align: justify;\">Due anni dopo, Callisto III mand\u00f2 le navi in aiuto dei cristiani delle isole dell&#8217;Egeo. Al comando di Pedro Urrea, arcivescovo di Tarragona, la flotta devi\u00f2 dal suo scopo e, in combutta col re d&#8217;Aragona, attacc\u00f2 i genovesi. Il papa volle la testa di Urrea e lo sostitu\u00ec col cardinale Lodovico Scarampo. Questi riorganizz\u00f2 i cantieri navali e potenzi\u00f2 la flotta, poi riprese la spedizione. Ma il re di Napoli, rimangiandosi la parola, non forn\u00ec navi. Scarampo prosegu\u00ec e riusc\u00ec a liberare alcune isole dai turchi, portando fattivo aiuto a Rodi. Il fatto \u00e8 che in questa circo\u00adstanza i regni cristiani erano rimasti alla finestra. Ci riprov\u00f2 il nuovo papa, Pio II, che riun\u00ec tutti i re cristiani a Mantova per la crociata definitiva.<\/p>\n<p style=\"text-align: justify;\">La flotta papale, comandata dal cardinale Niccol\u00f2 Forteguerri, si piazz\u00f2 nel porto di Ancona e attese le navi con le truppe promesse. Ma nessuno venne. Il papa mor\u00ec proprio ad Ancona nel 1464, mentre Venezia riusciva ad accaparrarsi le imbarcazioni alla fonda nel porto. Il re di Napoli rinsav\u00ec quando la minaccia turca tocc\u00f2 le sue terre: nel 1480 i musulmani attaccarono Otranto, sterminarono met\u00e0 degli abitanti e fecero schiavi gli altri. Ferrante di Napoli chiese aiuto al papa Sisto IV, che rispose subito all&#8217;appello: istitu\u00ec un&#8217;imposta straordinaria, coinvolse la repubblica fiorentina (con cui era in lite), pacific\u00f2 alla svelta le fazioni genovesi e mand\u00f2 denaro al re ungherese che fronteggiava i turchi via terra.<\/p>\n<p style=\"text-align: justify;\">La flotta part\u00ec da Genova e si port\u00f2 a Roma via Tevere. Poi si un\u00ec alle navi di Napoli e raggiunse Otranto, stringendola d&#8217;assedio. Liberata la citt\u00e0, si doveva proseguire per Valona, onde portare aiuto agli albanesi. Ma scoppi\u00f2 la peste a bordo e si dovette rientrare a Civitavecchia.<\/p>\n<p style=\"text-align: justify;\">Qualche tempo dopo, la flotta prese parte alla liberazione di Smirne (che per\u00f2 dur\u00f2 poco): le catene che chiudevano il porto, infrante dai cristiani, \u00absono ancora oggi conservate come trofeo nella basilica vaticana\u00bb (Mauro Tranquillo). Perso ormai completamente l\u2019Oriente (e mezza Europa grazie a Lutero), i marinai del papa combatterono a fianco dell\u2019imperatore Carlo V nel 1521 contro la Francia di Francesco I (il quale, quando fu fatto prigioniero a Madrid, non esit\u00f2 a chiedere &#8211; invano &#8211; aiuto al sultano). Nel 1545, sulla scia dei toscani Cavalieri di Santo Stefano, nati contro i pirati barbareschi, il papa Paolo III cre\u00f2 i Cavalieri Lauretani per la difesa delle coste delle Marche e quelli di San Giorgio per le coste romagnole.<\/p>\n<p style=\"text-align: justify;\"><strong>La disfatta e la rinascita a Lepanto<\/strong><\/p>\n<p style=\"text-align: justify;\"><img loading=\"lazy\" decoding=\"async\" class=\"size-full wp-image-35953 alignright\" src=\"https:\/\/www.rassegnastampa-totustuus.it\/cattolica\/wp-content\/uploads\/2005\/09\/Lepanto.jpg\" alt=\"\" width=\"275\" height=\"183\" \/>Nel 1560 la flotta di Pio IV e quella del vicer\u00e9 agnolo di Sicilia presero l&#8217;isola di Djerba, base barbaresca di fronte alla Tunisia. Ma arriv\u00f2 il socorso del sultano e, comandata da Uluk Ali (che I cristiani chiamavano Occhiali: era un rinnegato calabrese di nome Giovanni Galeni), la flotta turca annient\u00f2 quella cristiana. Fu un disastro che lasci\u00f2 le coste del papa sguarnite.<\/p>\n<p style=\"text-align: justify;\">La ripresa venne organizzata nel 1567 da san Pio V, il cui capolavoro fu l&#8217;essere riuscito a coalizzare in lega le potenze cristiane, soprattutto la Spagna e Venezia. La nuova, grande, flotta cristiana fu comandata da don Giovanni d&#8217;Austria, fratellastro dell&#8217;imperatore spagnolo. Le navi pontificie erano agli ordini di Marcantonio Colonna, Sebastiano venier guidava i veneziani e Andrea Doria i genovesi. E fu la gloriosa giornata di Lepanto, il 7 ottobre 1571. Con quella epica battaglia navale, la potenza marinara turca fu molto ridimensionata e, praticamente, non diede pi\u00f9 preoccupazioni.<\/p>\n<p style=\"text-align: justify;\">Rimaneva il problema dei corsari africani, ma questi non poterono pi\u00f9 contare sul potente aiuto del sultano. Comunque, contro di loro il papa Sisto V nel 1587 cre\u00f2 un&#8217;apposita congregazione cardinalizia, mentre i suoi successori Innocenzo X e Alessandro VII impiantarono a Civitavecchia un grande arsenale navale. Scorrendo l&#8217;interessante articolo di Mauro Tranquillo si passa al 1669, anno in cui la flotta di Clemente IX raggiunse l&#8217;isola di Zante per unirsi alle navi francesi e a quelle dell&#8217;Ordine di Malta, onde portare aiuto ai veneziani di Creta.<\/p>\n<p style=\"text-align: justify;\">Ancora, al tempo di Clemente XI, la flotta prese il mare nel 1709 per portare aiuto questa volta a Malta. L&#8217;epilogo di questa lunga e gloriosa storia lo scrisse il solito Napoleone, che arraff\u00f2 l&#8217;intera flotta pontificia e se la port\u00f2 in Egitto (dove fu distrutta nella battaglia di Abukir contro gli inglesi). Da allora il papa ebbe a disposizione solo qualche nave, contata sulle dita di una sola mano. Poi vennero i piemontesi e, naturalmente, di navi non si parl\u00f2 pi\u00f9.<\/p>\n<p>&nbsp;<\/p>\n","protected":false},"excerpt":{"rendered":"<p>il Timone n.170 Febbraio 2018 Dall&#8217;846 a Napoleone, i successi e le sconfitte delle flotte pont\u00edfice. Nate soprattutto per la difesa della cristianit\u00e0 dai musulmani \u00a0di Rino Cammilleri<\/p><p><a class=\"more-link btn\" href=\"https:\/\/www.rassegnastampa-totustuus.it\/cattolica\/i-papi-e-il-mare\/\">Continua a leggere<\/a><\/p>\n","protected":false},"author":6,"featured_media":39660,"comment_status":"closed","ping_status":"closed","sticky":false,"template":"","format":"standard","meta":{"footnotes":""},"categories":[24,96],"tags":[528,943],"class_list":["post-39659","post","type-post","status-publish","format-standard","has-post-thumbnail","hentry","category-storia","category-storia-italiana","tag-islam-storia","tag-stato-pontificio","item-wrap"],"yoast_head":"<!-- This site is optimized with the Yoast SEO plugin v27.5 - https:\/\/yoast.com\/product\/yoast-seo-wordpress\/ -->\n<title>I papi e il mare - Rassegna Stampa Cattolica<\/title>\n<meta name=\"description\" content=\"Rassegna Stampa Cattolica - Per una cultura che nasce dalla Rivelazione cristiana in conformit\u00e0 alla tradizione e al Magistero della Chiesa in opposizione ad ogni relativismo e totalitarismo\" \/>\n<meta name=\"robots\" content=\"index, follow, max-snippet:-1, max-image-preview:large, max-video-preview:-1\" \/>\n<link rel=\"canonical\" href=\"https:\/\/www.rassegnastampa-totustuus.it\/cattolica\/i-papi-e-il-mare\/\" \/>\n<meta property=\"og:locale\" content=\"it_IT\" \/>\n<meta property=\"og:type\" content=\"article\" \/>\n<meta property=\"og:title\" content=\"I papi e il mare - Rassegna Stampa Cattolica\" \/>\n<meta property=\"og:description\" content=\"Rassegna Stampa Cattolica - Per una cultura che nasce dalla Rivelazione cristiana in conformit\u00e0 alla tradizione e al Magistero della Chiesa in opposizione ad ogni relativismo e totalitarismo\" \/>\n<meta property=\"og:url\" content=\"https:\/\/www.rassegnastampa-totustuus.it\/cattolica\/i-papi-e-il-mare\/\" \/>\n<meta property=\"og:site_name\" content=\"Rassegna Stampa Cattolica\" \/>\n<meta property=\"article:publisher\" content=\"https:\/\/www.facebook.com\/rassegnastampacattolica\" \/>\n<meta property=\"article:published_time\" content=\"2018-02-07T23:00:49+00:00\" \/>\n<meta property=\"article:modified_time\" content=\"2018-05-03T08:21:40+00:00\" \/>\n<meta property=\"og:image\" content=\"https:\/\/www.rassegnastampa-totustuus.it\/cattolica\/wp-content\/uploads\/2018\/02\/flotta_pontificia.jpg\" \/>\n\t<meta property=\"og:image:width\" content=\"261\" \/>\n\t<meta property=\"og:image:height\" content=\"193\" \/>\n\t<meta property=\"og:image:type\" content=\"image\/jpeg\" \/>\n<meta name=\"author\" content=\"Redazione\" \/>\n<meta name=\"twitter:card\" content=\"summary_large_image\" \/>\n<meta name=\"twitter:creator\" content=\"@rassegnastampa9\" \/>\n<meta name=\"twitter:site\" content=\"@rassegnastampa9\" \/>\n<meta name=\"twitter:label1\" content=\"Scritto da\" \/>\n\t<meta name=\"twitter:data1\" content=\"Redazione\" \/>\n\t<meta name=\"twitter:label2\" content=\"Tempo di lettura stimato\" \/>\n\t<meta name=\"twitter:data2\" content=\"6 minuti\" \/>\n<script type=\"application\/ld+json\" class=\"yoast-schema-graph\">{\"@context\":\"https:\\\/\\\/schema.org\",\"@graph\":[{\"@type\":\"Article\",\"@id\":\"https:\\\/\\\/www.rassegnastampa-totustuus.it\\\/cattolica\\\/i-papi-e-il-mare\\\/#article\",\"isPartOf\":{\"@id\":\"https:\\\/\\\/www.rassegnastampa-totustuus.it\\\/cattolica\\\/i-papi-e-il-mare\\\/\"},\"author\":{\"name\":\"Redazione\",\"@id\":\"https:\\\/\\\/www.rassegnastampa-totustuus.it\\\/cattolica\\\/#\\\/schema\\\/person\\\/08f319d2bd1a0904ad9e2bfb7b15e5c3\"},\"headline\":\"I papi e il mare\",\"datePublished\":\"2018-02-07T23:00:49+00:00\",\"dateModified\":\"2018-05-03T08:21:40+00:00\",\"mainEntityOfPage\":{\"@id\":\"https:\\\/\\\/www.rassegnastampa-totustuus.it\\\/cattolica\\\/i-papi-e-il-mare\\\/\"},\"wordCount\":1133,\"publisher\":{\"@id\":\"https:\\\/\\\/www.rassegnastampa-totustuus.it\\\/cattolica\\\/#organization\"},\"image\":{\"@id\":\"https:\\\/\\\/www.rassegnastampa-totustuus.it\\\/cattolica\\\/i-papi-e-il-mare\\\/#primaryimage\"},\"thumbnailUrl\":\"https:\\\/\\\/www.rassegnastampa-totustuus.it\\\/cattolica\\\/wp-content\\\/uploads\\\/2018\\\/02\\\/flotta_pontificia.jpg\",\"keywords\":[\"Islam storia\",\"stato pontificio\"],\"articleSection\":[\"Storia\",\"Storia italiana\"],\"inLanguage\":\"it-IT\"},{\"@type\":\"WebPage\",\"@id\":\"https:\\\/\\\/www.rassegnastampa-totustuus.it\\\/cattolica\\\/i-papi-e-il-mare\\\/\",\"url\":\"https:\\\/\\\/www.rassegnastampa-totustuus.it\\\/cattolica\\\/i-papi-e-il-mare\\\/\",\"name\":\"I papi e il mare - Rassegna Stampa Cattolica\",\"isPartOf\":{\"@id\":\"https:\\\/\\\/www.rassegnastampa-totustuus.it\\\/cattolica\\\/#website\"},\"primaryImageOfPage\":{\"@id\":\"https:\\\/\\\/www.rassegnastampa-totustuus.it\\\/cattolica\\\/i-papi-e-il-mare\\\/#primaryimage\"},\"image\":{\"@id\":\"https:\\\/\\\/www.rassegnastampa-totustuus.it\\\/cattolica\\\/i-papi-e-il-mare\\\/#primaryimage\"},\"thumbnailUrl\":\"https:\\\/\\\/www.rassegnastampa-totustuus.it\\\/cattolica\\\/wp-content\\\/uploads\\\/2018\\\/02\\\/flotta_pontificia.jpg\",\"datePublished\":\"2018-02-07T23:00:49+00:00\",\"dateModified\":\"2018-05-03T08:21:40+00:00\",\"description\":\"Rassegna Stampa Cattolica - Per una cultura che nasce dalla Rivelazione cristiana in conformit\u00e0 alla tradizione e al Magistero della Chiesa in opposizione ad ogni relativismo e totalitarismo\",\"breadcrumb\":{\"@id\":\"https:\\\/\\\/www.rassegnastampa-totustuus.it\\\/cattolica\\\/i-papi-e-il-mare\\\/#breadcrumb\"},\"inLanguage\":\"it-IT\",\"potentialAction\":[{\"@type\":\"ReadAction\",\"target\":[\"https:\\\/\\\/www.rassegnastampa-totustuus.it\\\/cattolica\\\/i-papi-e-il-mare\\\/\"]}]},{\"@type\":\"ImageObject\",\"inLanguage\":\"it-IT\",\"@id\":\"https:\\\/\\\/www.rassegnastampa-totustuus.it\\\/cattolica\\\/i-papi-e-il-mare\\\/#primaryimage\",\"url\":\"https:\\\/\\\/www.rassegnastampa-totustuus.it\\\/cattolica\\\/wp-content\\\/uploads\\\/2018\\\/02\\\/flotta_pontificia.jpg\",\"contentUrl\":\"https:\\\/\\\/www.rassegnastampa-totustuus.it\\\/cattolica\\\/wp-content\\\/uploads\\\/2018\\\/02\\\/flotta_pontificia.jpg\",\"width\":261,\"height\":193},{\"@type\":\"BreadcrumbList\",\"@id\":\"https:\\\/\\\/www.rassegnastampa-totustuus.it\\\/cattolica\\\/i-papi-e-il-mare\\\/#breadcrumb\",\"itemListElement\":[{\"@type\":\"ListItem\",\"position\":1,\"name\":\"Home\",\"item\":\"https:\\\/\\\/www.rassegnastampa-totustuus.it\\\/cattolica\\\/\"},{\"@type\":\"ListItem\",\"position\":2,\"name\":\"I papi e il mare\"}]},{\"@type\":\"WebSite\",\"@id\":\"https:\\\/\\\/www.rassegnastampa-totustuus.it\\\/cattolica\\\/#website\",\"url\":\"https:\\\/\\\/www.rassegnastampa-totustuus.it\\\/cattolica\\\/\",\"name\":\"Rassegna Stampa Cattolica\",\"description\":\"Per una cultura che nasce dalla Rivelazione cristiana in conformit\u00e0 alla tradizione e al Magistero della Chiesa in opposizione ad ogni relativismo e totalitarismo\",\"publisher\":{\"@id\":\"https:\\\/\\\/www.rassegnastampa-totustuus.it\\\/cattolica\\\/#organization\"},\"alternateName\":\"Rass. Cattolica\",\"potentialAction\":[{\"@type\":\"SearchAction\",\"target\":{\"@type\":\"EntryPoint\",\"urlTemplate\":\"https:\\\/\\\/www.rassegnastampa-totustuus.it\\\/cattolica\\\/?s={search_term_string}\"},\"query-input\":{\"@type\":\"PropertyValueSpecification\",\"valueRequired\":true,\"valueName\":\"search_term_string\"}}],\"inLanguage\":\"it-IT\"},{\"@type\":\"Organization\",\"@id\":\"https:\\\/\\\/www.rassegnastampa-totustuus.it\\\/cattolica\\\/#organization\",\"name\":\"Rassegna Stampa Cattolica\",\"url\":\"https:\\\/\\\/www.rassegnastampa-totustuus.it\\\/cattolica\\\/\",\"logo\":{\"@type\":\"ImageObject\",\"inLanguage\":\"it-IT\",\"@id\":\"https:\\\/\\\/www.rassegnastampa-totustuus.it\\\/cattolica\\\/#\\\/schema\\\/logo\\\/image\\\/\",\"url\":\"https:\\\/\\\/www.rassegnastampa-totustuus.it\\\/cattolica\\\/wp-content\\\/uploads\\\/2014\\\/04\\\/logo-rassegna1.gif\",\"contentUrl\":\"https:\\\/\\\/www.rassegnastampa-totustuus.it\\\/cattolica\\\/wp-content\\\/uploads\\\/2014\\\/04\\\/logo-rassegna1.gif\",\"width\":600,\"height\":163,\"caption\":\"Rassegna Stampa Cattolica\"},\"image\":{\"@id\":\"https:\\\/\\\/www.rassegnastampa-totustuus.it\\\/cattolica\\\/#\\\/schema\\\/logo\\\/image\\\/\"},\"sameAs\":[\"https:\\\/\\\/www.facebook.com\\\/rassegnastampacattolica\",\"https:\\\/\\\/x.com\\\/rassegnastampa9\"]},{\"@type\":\"Person\",\"@id\":\"https:\\\/\\\/www.rassegnastampa-totustuus.it\\\/cattolica\\\/#\\\/schema\\\/person\\\/08f319d2bd1a0904ad9e2bfb7b15e5c3\",\"name\":\"Redazione\",\"image\":{\"@type\":\"ImageObject\",\"inLanguage\":\"it-IT\",\"@id\":\"https:\\\/\\\/secure.gravatar.com\\\/avatar\\\/2fcdf27c78ea025fbdb44e914cc63c72249ffec9dc8aafd5c82b26240ef3f346?s=96&d=mm&r=g\",\"url\":\"https:\\\/\\\/secure.gravatar.com\\\/avatar\\\/2fcdf27c78ea025fbdb44e914cc63c72249ffec9dc8aafd5c82b26240ef3f346?s=96&d=mm&r=g\",\"contentUrl\":\"https:\\\/\\\/secure.gravatar.com\\\/avatar\\\/2fcdf27c78ea025fbdb44e914cc63c72249ffec9dc8aafd5c82b26240ef3f346?s=96&d=mm&r=g\",\"caption\":\"Redazione\"},\"url\":\"https:\\\/\\\/www.rassegnastampa-totustuus.it\\\/cattolica\\\/author\\\/pietroelle\\\/\"}]}<\/script>\n<!-- \/ Yoast SEO plugin. -->","yoast_head_json":{"title":"I papi e il mare - Rassegna Stampa Cattolica","description":"Rassegna Stampa Cattolica - Per una cultura che nasce dalla Rivelazione cristiana in conformit\u00e0 alla tradizione e al Magistero della Chiesa in opposizione ad ogni relativismo e totalitarismo","robots":{"index":"index","follow":"follow","max-snippet":"max-snippet:-1","max-image-preview":"max-image-preview:large","max-video-preview":"max-video-preview:-1"},"canonical":"https:\/\/www.rassegnastampa-totustuus.it\/cattolica\/i-papi-e-il-mare\/","og_locale":"it_IT","og_type":"article","og_title":"I papi e il mare - Rassegna Stampa Cattolica","og_description":"Rassegna Stampa Cattolica - Per una cultura che nasce dalla Rivelazione cristiana in conformit\u00e0 alla tradizione e al Magistero della Chiesa in opposizione ad ogni relativismo e totalitarismo","og_url":"https:\/\/www.rassegnastampa-totustuus.it\/cattolica\/i-papi-e-il-mare\/","og_site_name":"Rassegna Stampa Cattolica","article_publisher":"https:\/\/www.facebook.com\/rassegnastampacattolica","article_published_time":"2018-02-07T23:00:49+00:00","article_modified_time":"2018-05-03T08:21:40+00:00","og_image":[{"width":261,"height":193,"url":"https:\/\/www.rassegnastampa-totustuus.it\/cattolica\/wp-content\/uploads\/2018\/02\/flotta_pontificia.jpg","type":"image\/jpeg"}],"author":"Redazione","twitter_card":"summary_large_image","twitter_creator":"@rassegnastampa9","twitter_site":"@rassegnastampa9","twitter_misc":{"Scritto da":"Redazione","Tempo di lettura stimato":"6 minuti"},"schema":{"@context":"https:\/\/schema.org","@graph":[{"@type":"Article","@id":"https:\/\/www.rassegnastampa-totustuus.it\/cattolica\/i-papi-e-il-mare\/#article","isPartOf":{"@id":"https:\/\/www.rassegnastampa-totustuus.it\/cattolica\/i-papi-e-il-mare\/"},"author":{"name":"Redazione","@id":"https:\/\/www.rassegnastampa-totustuus.it\/cattolica\/#\/schema\/person\/08f319d2bd1a0904ad9e2bfb7b15e5c3"},"headline":"I papi e il mare","datePublished":"2018-02-07T23:00:49+00:00","dateModified":"2018-05-03T08:21:40+00:00","mainEntityOfPage":{"@id":"https:\/\/www.rassegnastampa-totustuus.it\/cattolica\/i-papi-e-il-mare\/"},"wordCount":1133,"publisher":{"@id":"https:\/\/www.rassegnastampa-totustuus.it\/cattolica\/#organization"},"image":{"@id":"https:\/\/www.rassegnastampa-totustuus.it\/cattolica\/i-papi-e-il-mare\/#primaryimage"},"thumbnailUrl":"https:\/\/www.rassegnastampa-totustuus.it\/cattolica\/wp-content\/uploads\/2018\/02\/flotta_pontificia.jpg","keywords":["Islam storia","stato pontificio"],"articleSection":["Storia","Storia italiana"],"inLanguage":"it-IT"},{"@type":"WebPage","@id":"https:\/\/www.rassegnastampa-totustuus.it\/cattolica\/i-papi-e-il-mare\/","url":"https:\/\/www.rassegnastampa-totustuus.it\/cattolica\/i-papi-e-il-mare\/","name":"I papi e il mare - Rassegna Stampa Cattolica","isPartOf":{"@id":"https:\/\/www.rassegnastampa-totustuus.it\/cattolica\/#website"},"primaryImageOfPage":{"@id":"https:\/\/www.rassegnastampa-totustuus.it\/cattolica\/i-papi-e-il-mare\/#primaryimage"},"image":{"@id":"https:\/\/www.rassegnastampa-totustuus.it\/cattolica\/i-papi-e-il-mare\/#primaryimage"},"thumbnailUrl":"https:\/\/www.rassegnastampa-totustuus.it\/cattolica\/wp-content\/uploads\/2018\/02\/flotta_pontificia.jpg","datePublished":"2018-02-07T23:00:49+00:00","dateModified":"2018-05-03T08:21:40+00:00","description":"Rassegna Stampa Cattolica - Per una cultura che nasce dalla Rivelazione cristiana in conformit\u00e0 alla tradizione e al Magistero della Chiesa in opposizione ad ogni relativismo e totalitarismo","breadcrumb":{"@id":"https:\/\/www.rassegnastampa-totustuus.it\/cattolica\/i-papi-e-il-mare\/#breadcrumb"},"inLanguage":"it-IT","potentialAction":[{"@type":"ReadAction","target":["https:\/\/www.rassegnastampa-totustuus.it\/cattolica\/i-papi-e-il-mare\/"]}]},{"@type":"ImageObject","inLanguage":"it-IT","@id":"https:\/\/www.rassegnastampa-totustuus.it\/cattolica\/i-papi-e-il-mare\/#primaryimage","url":"https:\/\/www.rassegnastampa-totustuus.it\/cattolica\/wp-content\/uploads\/2018\/02\/flotta_pontificia.jpg","contentUrl":"https:\/\/www.rassegnastampa-totustuus.it\/cattolica\/wp-content\/uploads\/2018\/02\/flotta_pontificia.jpg","width":261,"height":193},{"@type":"BreadcrumbList","@id":"https:\/\/www.rassegnastampa-totustuus.it\/cattolica\/i-papi-e-il-mare\/#breadcrumb","itemListElement":[{"@type":"ListItem","position":1,"name":"Home","item":"https:\/\/www.rassegnastampa-totustuus.it\/cattolica\/"},{"@type":"ListItem","position":2,"name":"I papi e il mare"}]},{"@type":"WebSite","@id":"https:\/\/www.rassegnastampa-totustuus.it\/cattolica\/#website","url":"https:\/\/www.rassegnastampa-totustuus.it\/cattolica\/","name":"Rassegna Stampa Cattolica","description":"Per una cultura che nasce dalla Rivelazione cristiana in conformit\u00e0 alla tradizione e al Magistero della Chiesa in opposizione ad ogni relativismo e totalitarismo","publisher":{"@id":"https:\/\/www.rassegnastampa-totustuus.it\/cattolica\/#organization"},"alternateName":"Rass. Cattolica","potentialAction":[{"@type":"SearchAction","target":{"@type":"EntryPoint","urlTemplate":"https:\/\/www.rassegnastampa-totustuus.it\/cattolica\/?s={search_term_string}"},"query-input":{"@type":"PropertyValueSpecification","valueRequired":true,"valueName":"search_term_string"}}],"inLanguage":"it-IT"},{"@type":"Organization","@id":"https:\/\/www.rassegnastampa-totustuus.it\/cattolica\/#organization","name":"Rassegna Stampa Cattolica","url":"https:\/\/www.rassegnastampa-totustuus.it\/cattolica\/","logo":{"@type":"ImageObject","inLanguage":"it-IT","@id":"https:\/\/www.rassegnastampa-totustuus.it\/cattolica\/#\/schema\/logo\/image\/","url":"https:\/\/www.rassegnastampa-totustuus.it\/cattolica\/wp-content\/uploads\/2014\/04\/logo-rassegna1.gif","contentUrl":"https:\/\/www.rassegnastampa-totustuus.it\/cattolica\/wp-content\/uploads\/2014\/04\/logo-rassegna1.gif","width":600,"height":163,"caption":"Rassegna Stampa Cattolica"},"image":{"@id":"https:\/\/www.rassegnastampa-totustuus.it\/cattolica\/#\/schema\/logo\/image\/"},"sameAs":["https:\/\/www.facebook.com\/rassegnastampacattolica","https:\/\/x.com\/rassegnastampa9"]},{"@type":"Person","@id":"https:\/\/www.rassegnastampa-totustuus.it\/cattolica\/#\/schema\/person\/08f319d2bd1a0904ad9e2bfb7b15e5c3","name":"Redazione","image":{"@type":"ImageObject","inLanguage":"it-IT","@id":"https:\/\/secure.gravatar.com\/avatar\/2fcdf27c78ea025fbdb44e914cc63c72249ffec9dc8aafd5c82b26240ef3f346?s=96&d=mm&r=g","url":"https:\/\/secure.gravatar.com\/avatar\/2fcdf27c78ea025fbdb44e914cc63c72249ffec9dc8aafd5c82b26240ef3f346?s=96&d=mm&r=g","contentUrl":"https:\/\/secure.gravatar.com\/avatar\/2fcdf27c78ea025fbdb44e914cc63c72249ffec9dc8aafd5c82b26240ef3f346?s=96&d=mm&r=g","caption":"Redazione"},"url":"https:\/\/www.rassegnastampa-totustuus.it\/cattolica\/author\/pietroelle\/"}]}},"_links":{"self":[{"href":"https:\/\/www.rassegnastampa-totustuus.it\/cattolica\/wp-json\/wp\/v2\/posts\/39659","targetHints":{"allow":["GET"]}}],"collection":[{"href":"https:\/\/www.rassegnastampa-totustuus.it\/cattolica\/wp-json\/wp\/v2\/posts"}],"about":[{"href":"https:\/\/www.rassegnastampa-totustuus.it\/cattolica\/wp-json\/wp\/v2\/types\/post"}],"author":[{"embeddable":true,"href":"https:\/\/www.rassegnastampa-totustuus.it\/cattolica\/wp-json\/wp\/v2\/users\/6"}],"replies":[{"embeddable":true,"href":"https:\/\/www.rassegnastampa-totustuus.it\/cattolica\/wp-json\/wp\/v2\/comments?post=39659"}],"version-history":[{"count":5,"href":"https:\/\/www.rassegnastampa-totustuus.it\/cattolica\/wp-json\/wp\/v2\/posts\/39659\/revisions"}],"predecessor-version":[{"id":40264,"href":"https:\/\/www.rassegnastampa-totustuus.it\/cattolica\/wp-json\/wp\/v2\/posts\/39659\/revisions\/40264"}],"wp:featuredmedia":[{"embeddable":true,"href":"https:\/\/www.rassegnastampa-totustuus.it\/cattolica\/wp-json\/wp\/v2\/media\/39660"}],"wp:attachment":[{"href":"https:\/\/www.rassegnastampa-totustuus.it\/cattolica\/wp-json\/wp\/v2\/media?parent=39659"}],"wp:term":[{"taxonomy":"category","embeddable":true,"href":"https:\/\/www.rassegnastampa-totustuus.it\/cattolica\/wp-json\/wp\/v2\/categories?post=39659"},{"taxonomy":"post_tag","embeddable":true,"href":"https:\/\/www.rassegnastampa-totustuus.it\/cattolica\/wp-json\/wp\/v2\/tags?post=39659"}],"curies":[{"name":"wp","href":"https:\/\/api.w.org\/{rel}","templated":true}]}}