{"id":39643,"date":"2018-02-08T00:00:40","date_gmt":"2018-02-07T23:00:40","guid":{"rendered":"http:\/\/www.rassegnastampa-totustuus.it\/cattolica\/?p=39643"},"modified":"2018-05-03T10:17:20","modified_gmt":"2018-05-03T08:17:20","slug":"obama-e-il-razzista-anti-semita-la-foto-sparita-per-10-anni-di-un-rapporto-nascosto","status":"publish","type":"post","link":"https:\/\/www.rassegnastampa-totustuus.it\/cattolica\/obama-e-il-razzista-anti-semita-la-foto-sparita-per-10-anni-di-un-rapporto-nascosto\/","title":{"rendered":"Obama e il razzista anti-semita. La foto sparita per 10 anni di un rapporto nascosto"},"content":{"rendered":"<p style=\"text-align: center;\"><strong><a href=\"http:\/\/blog.ilgiornale.it\/rossi\/\"><img loading=\"lazy\" decoding=\"async\" class=\"alignleft wp-image-39644 size-full\" src=\"https:\/\/www.rassegnastampa-totustuus.it\/cattolica\/wp-content\/uploads\/2018\/02\/Louis_Farrakhan_Obama.jpg\" alt=\"\" width=\"271\" height=\"186\" \/>Blog di Giampaolo Rossi<\/a><\/strong> Il Giornale.it \u00a031 gennaio 2018<\/p>\n<p style=\"text-align: center;\">di <strong>Giampaolo Rossi<\/strong><\/p>\n<p style=\"text-align: justify;\"><strong>CATTIVE COMPAGNIE<\/strong><\/p>\n<p style=\"text-align: justify;\">Siamo nel 2005, a Washington un giovane senatore dell\u2019Illinois di nome Barack Obama partecipa al Congressional Black Caucus, l\u2019incontro annuale tra esponenti della comunit\u00e0 afro-americana ed eletti \u201cdi colore\u201d al Congresso Usa.<\/p>\n<p><!--more--><\/p>\n<p style=\"text-align: justify;\"><strong>Una foto dell\u2019evento immortala Obama che sorride amichevolmente con Louis Farrakhan<\/strong>, ambiguo e controverso personaggio politico e religioso americano <strong>conosciuto sopratutto per le sue posizioni filo-islamiste, anti-semite e violentemente omofobe<\/strong>.<\/p>\n<p style=\"text-align: justify;\">Louis Farrakhan \u00e8 il leader di <strong>Nation of Islam<\/strong> l\u2019organizzazione americana che si propone di islamizzare l\u2019America. Una sorta di setta pseudo religiosa che mette insieme radicalismo islamico, razzismo anti-bianco, anti-semitismo dietro la copertura della lotta per i diritti dei neri.<\/p>\n<p style=\"text-align: justify;\">Della foto, scattata dal fotoreporter Askia Muhammad, <strong>si era persa traccia per oltre 10 anni fino ad oggi quando lo stesso Muhammad l\u2019ha resa pubblica rivelando che allora fu costretto, su pressione dei responsabili del CBC, a consegnarla allo staff di Farrakhan per evitare che girasse<\/strong> (non senza prima averne fatto la copia che ora ha dato ai media).<\/p>\n<p style=\"text-align: justify;\">Askia Muhammad ha svelato anche che <strong>nello staff di Obama lavoravano persone di Nation of Islam e che membri dell\u2019organizzazione islamista lo aiutarono nella sua campagna elettorale<\/strong>.<\/p>\n<p style=\"text-align: justify;\"><strong><img loading=\"lazy\" decoding=\"async\" class=\"alignleft wp-image-37621\" src=\"https:\/\/www.rassegnastampa-totustuus.it\/cattolica\/wp-content\/uploads\/2017\/05\/Islam.jpg\" alt=\"\" width=\"166\" height=\"200\" \/><\/strong><strong>FARRAKHAN E NATION OF ISLAM<\/strong><\/p>\n<p style=\"text-align: justify;\">Nata negli anni \u201830, <strong>Nation of Islam<\/strong> \u00e8 considerata una delle organizzazioni pi\u00f9 estremiste d\u2019America, che pratica la violenza e la superiorit\u00e0 dei neri sui bianchi, tanto da essere definita dall\u2019Anti-Defamation League un \u201cgruppo di propaganda di odio\u201d.<\/p>\n<p style=\"text-align: justify;\">La figura pi\u00f9 rappresentativa fu <a href=\"https:\/\/it.wikipedia.org\/wiki\/Malcolm_X\" target=\"_blank\" rel=\"noopener\">Malcolm X<\/a>, forse il pi\u00f9 famoso attivista dei diritti dei neri dopo Martin Luther King. <strong>E furono proprio militanti di Nation of Islam ad uccidere Malcolm X <\/strong>nel 1965, reo di essersi allontanato dall\u2019organizzazione e di aver rinunciato all\u2019estremismo islamista. Ed alcune inchieste giornalistiche richiamano proprio Farrakhan come mandante dell\u2019omicidio.<\/p>\n<p style=\"text-align: justify;\"><strong>OBAMA\/FARRAKHAN: UN RAPPORTO INTENSO<\/strong><\/p>\n<p style=\"text-align: justify;\">Quella foto non raffigura un incontro casuale. Gi\u00e0 nel 2008, Vibert White Jr., stretto collaboratore di Farrakhan e poi allontanatosi da Nation of Islam, <a href=\"https:\/\/www.newsmax.com\/InsideCover\/farrakhan-obama-islam\/2008\/11\/03\/id\/326298\/\" target=\"_blank\" rel=\"noopener\">dichiar\u00f2 che tra Obama e Farrakhan esisteva una collaborazione stretta<\/a>, una <em>\u201clinea aperta tra di loro\u201d; r<\/em>icordando del resto come a Chicago, qualsiasi politico che avesse voluto il voto dell\u2019elettorato nero, doveva passare per la \u201cNation\u201d.<\/p>\n<p style=\"text-align: justify;\">In un video clamoroso, \u00e8 stato lo stesso Farrakhan a rivelare: <em>\u201cabbiamo sostenuto Obama con denaro e con l\u2019aiuto di Fruits of Islam per farlo eleggere\u201d; <\/em><a href=\"https:\/\/en.wikipedia.org\/wiki\/Fruit_of_Islam\" target=\"_blank\" rel=\"noopener\">\u201cFruits of Islam\u201d \u00e8 una sorta di organizzazione paramlitare della \u201cNation\u201d<\/a> preposta alla mobilitazione attivistica e all\u2019indottrinamento ideologico.<\/p>\n<p style=\"text-align: justify;\"><img loading=\"lazy\" decoding=\"async\" class=\"size-full wp-image-33111 alignright\" src=\"https:\/\/www.rassegnastampa-totustuus.it\/cattolica\/wp-content\/uploads\/2011\/11\/Obama.jpg\" alt=\"\" width=\"257\" height=\"196\" \/>La questione \u00e8 imbarazzante perch\u00e9 <strong>quella foto conferma il rapporto compromettente tra Obama e un personaggio cos\u00ec lontano dalla retorica pacifista del futuro Nobel per la Pace e dalla retorica multiculturale del progressismo americano<\/strong>. Un personaggio che non ha esitato a definire gli ebrei \u201csucchiasangue figli del diavolo\u201d e gli omosessuali \u201cdegenerati\u201d, e che difficilmente avrebbe dovuto convivere con i valori dell\u2019uomo benedetto dai liberal di tutto il mondo. Eppure fu proprio Farrakhan, <a href=\"http:\/\/www.wnd.com\/2008\/10\/77539\/\" target=\"_blank\" rel=\"noopener\">in questo discorso del 24 Febbraio del 2008, a definire Obama <em>\u201cuno strumento di Dio (\u2026) il messaggero del Messia<\/em><\/a><em>\u201c.<\/em><\/p>\n<p style=\"text-align: justify;\"><strong>SAREBBE STATA TUTTA UN\u2019ALTRA STORIA<\/strong><\/p>\n<p style=\"text-align: justify;\">Le reazioni non si sono fatte attendere. <strong>Alan Dershowitz<\/strong>, uno dei pi\u00f9 importanti giuristi americani, protagonista di alcune dei processi e delle battaglie civili pi\u00f9 importanti d\u2019America, <strong>ebreo e democratico da sempre sostenitore di Obama ha dichiarato<\/strong>: <em>\u201cFarrakhan \u00e8 un essere umano orribile (\u2026) e se avessi saputo che il Presidente Obama aveva posato, sorridendo, con lui quando era un senatore, non gli avrei mai fatto la campagna elettorale\u201d<\/em>. Quella foto <em>\u201cavrebbe certamente influenzato la mia decisione\u201d<\/em>.<\/p>\n<p style=\"text-align: justify;\">Sul New Yorker, una delle Bibbie della cultura liberal, <a href=\"https:\/\/www.newyorker.com\/culture\/annals-of-appearances\/the-politics-of-race-and-the-photo-that-might-have-derailed-obama\" target=\"_blank\" rel=\"noopener\">Vinson Cunnigham editorialista nero, scrive convinto<\/a>:<em>\u201cse quella foto si fosse diffusa nel 2007 o nel 2008, per Obama ne sarebbe seguita una storia completamente diversa\u201d.<\/em><\/p>\n<p style=\"text-align: justify;\"><strong>OLTRE LE FAKE NEWS<\/strong><\/p>\n<p style=\"text-align: justify;\">La storia della foto scomoda di Obama nascosta per 10 anni per non compromettere la nascente carriera politica del futuro leader mondiale, racconta una realt\u00e0 pi\u00f9 complessa attorno al tema della manipolazione dell\u2019informazione.<\/p>\n<p style=\"text-align: justify;\">Ci sono le fake news e questo lo sappiamo. Lo sappiamo sopratutto perch\u00e9 da mesi le democrazie occidentali vivono la paranoia dell\u2019invasione marziana di hacker russi, troll neo-nazisti e manipolatori sovranisti che violentano le povere coscienze della sinistra mondiale. Ma qui siamo ben oltre le fake news: <strong>qui siamo dentro una vera e propria rimozione manipolatoria attuata per non disturbare il leader caro all\u2019\u00e9lite globalista che lo ha voluto al potere<\/strong>.<\/p>\n<p style=\"text-align: justify;\">Chiss\u00e0 se l\u2019Occidente liberal cos\u00ec indignato per l\u2019elezione di Donald Trump, inizier\u00e0 ad interrogarsi su chi \u00e8 stato veramente Barack Obama, <a href=\"http:\/\/blog.ilgiornale.it\/rossi\/2017\/01\/19\/26-000-bombe-per-asciugare-le-lacrime-di-obama\/\" target=\"_blank\" rel=\"noopener\">il presidente pi\u00f9 guerrafondaio della storia americana<\/a> che <strong>ha saputo schierare dalla stessa parte George Soros e Nation of Islam<\/strong>.<\/p>\n","protected":false},"excerpt":{"rendered":"<p>Blog di Giampaolo Rossi Il Giornale.it \u00a031 gennaio 2018 di Giampaolo Rossi CATTIVE COMPAGNIE Siamo nel 2005, a Washington un giovane senatore dell\u2019Illinois di nome Barack Obama partecipa al Congressional Black Caucus, l\u2019incontro annuale tra esponenti della comunit\u00e0 afro-americana ed eletti \u201cdi colore\u201d al Congresso Usa.<\/p><p><a class=\"more-link btn\" href=\"https:\/\/www.rassegnastampa-totustuus.it\/cattolica\/obama-e-il-razzista-anti-semita-la-foto-sparita-per-10-anni-di-un-rapporto-nascosto\/\">Continua a leggere<\/a><\/p>\n","protected":false},"author":6,"featured_media":39644,"comment_status":"closed","ping_status":"closed","sticky":false,"template":"","format":"standard","meta":{"footnotes":""},"categories":[61,76],"tags":[504],"class_list":["post-39643","post","type-post","status-publish","format-standard","has-post-thumbnail","hentry","category-mondialismo-e-globalizzazione","category-stati-uniti","tag-barack-obama","item-wrap"],"yoast_head":"<!-- This site is optimized with the Yoast SEO plugin v27.5 - https:\/\/yoast.com\/product\/yoast-seo-wordpress\/ -->\n<title>Obama e il razzista anti-semita. La foto sparita per 10 anni di un rapporto nascosto - Rassegna Stampa Cattolica<\/title>\n<meta name=\"description\" content=\"Rassegna Stampa Cattolica - Per una cultura che nasce dalla Rivelazione cristiana in conformit\u00e0 alla tradizione e al Magistero della Chiesa in opposizione ad ogni relativismo e totalitarismo\" \/>\n<meta name=\"robots\" content=\"index, follow, max-snippet:-1, max-image-preview:large, max-video-preview:-1\" \/>\n<link rel=\"canonical\" href=\"https:\/\/www.rassegnastampa-totustuus.it\/cattolica\/obama-e-il-razzista-anti-semita-la-foto-sparita-per-10-anni-di-un-rapporto-nascosto\/\" \/>\n<meta property=\"og:locale\" content=\"it_IT\" \/>\n<meta property=\"og:type\" content=\"article\" \/>\n<meta property=\"og:title\" content=\"Obama e il razzista anti-semita. La foto sparita per 10 anni di un rapporto nascosto - Rassegna Stampa Cattolica\" \/>\n<meta property=\"og:description\" content=\"Rassegna Stampa Cattolica - Per una cultura che nasce dalla Rivelazione cristiana in conformit\u00e0 alla tradizione e al Magistero della Chiesa in opposizione ad ogni relativismo e totalitarismo\" \/>\n<meta property=\"og:url\" content=\"https:\/\/www.rassegnastampa-totustuus.it\/cattolica\/obama-e-il-razzista-anti-semita-la-foto-sparita-per-10-anni-di-un-rapporto-nascosto\/\" \/>\n<meta property=\"og:site_name\" content=\"Rassegna Stampa Cattolica\" \/>\n<meta property=\"article:publisher\" content=\"https:\/\/www.facebook.com\/rassegnastampacattolica\" \/>\n<meta property=\"article:published_time\" content=\"2018-02-07T23:00:40+00:00\" \/>\n<meta property=\"article:modified_time\" content=\"2018-05-03T08:17:20+00:00\" \/>\n<meta property=\"og:image\" content=\"https:\/\/www.rassegnastampa-totustuus.it\/cattolica\/wp-content\/uploads\/2018\/02\/Louis_Farrakhan_Obama.jpg\" \/>\n\t<meta property=\"og:image:width\" content=\"271\" \/>\n\t<meta property=\"og:image:height\" content=\"186\" \/>\n\t<meta property=\"og:image:type\" content=\"image\/jpeg\" \/>\n<meta name=\"author\" content=\"Redazione\" \/>\n<meta name=\"twitter:card\" content=\"summary_large_image\" \/>\n<meta name=\"twitter:creator\" content=\"@rassegnastampa9\" \/>\n<meta name=\"twitter:site\" content=\"@rassegnastampa9\" \/>\n<meta name=\"twitter:label1\" content=\"Scritto da\" \/>\n\t<meta name=\"twitter:data1\" content=\"Redazione\" \/>\n\t<meta name=\"twitter:label2\" content=\"Tempo di lettura stimato\" \/>\n\t<meta name=\"twitter:data2\" content=\"4 minuti\" \/>\n<script type=\"application\/ld+json\" class=\"yoast-schema-graph\">{\"@context\":\"https:\\\/\\\/schema.org\",\"@graph\":[{\"@type\":\"Article\",\"@id\":\"https:\\\/\\\/www.rassegnastampa-totustuus.it\\\/cattolica\\\/obama-e-il-razzista-anti-semita-la-foto-sparita-per-10-anni-di-un-rapporto-nascosto\\\/#article\",\"isPartOf\":{\"@id\":\"https:\\\/\\\/www.rassegnastampa-totustuus.it\\\/cattolica\\\/obama-e-il-razzista-anti-semita-la-foto-sparita-per-10-anni-di-un-rapporto-nascosto\\\/\"},\"author\":{\"name\":\"Redazione\",\"@id\":\"https:\\\/\\\/www.rassegnastampa-totustuus.it\\\/cattolica\\\/#\\\/schema\\\/person\\\/08f319d2bd1a0904ad9e2bfb7b15e5c3\"},\"headline\":\"Obama e il razzista anti-semita. La foto sparita per 10 anni di un rapporto nascosto\",\"datePublished\":\"2018-02-07T23:00:40+00:00\",\"dateModified\":\"2018-05-03T08:17:20+00:00\",\"mainEntityOfPage\":{\"@id\":\"https:\\\/\\\/www.rassegnastampa-totustuus.it\\\/cattolica\\\/obama-e-il-razzista-anti-semita-la-foto-sparita-per-10-anni-di-un-rapporto-nascosto\\\/\"},\"wordCount\":786,\"publisher\":{\"@id\":\"https:\\\/\\\/www.rassegnastampa-totustuus.it\\\/cattolica\\\/#organization\"},\"image\":{\"@id\":\"https:\\\/\\\/www.rassegnastampa-totustuus.it\\\/cattolica\\\/obama-e-il-razzista-anti-semita-la-foto-sparita-per-10-anni-di-un-rapporto-nascosto\\\/#primaryimage\"},\"thumbnailUrl\":\"https:\\\/\\\/www.rassegnastampa-totustuus.it\\\/cattolica\\\/wp-content\\\/uploads\\\/2018\\\/02\\\/Louis_Farrakhan_Obama.jpg\",\"keywords\":[\"Barack Obama\"],\"articleSection\":[\"Mondialismo\",\"Stati Uniti\"],\"inLanguage\":\"it-IT\"},{\"@type\":\"WebPage\",\"@id\":\"https:\\\/\\\/www.rassegnastampa-totustuus.it\\\/cattolica\\\/obama-e-il-razzista-anti-semita-la-foto-sparita-per-10-anni-di-un-rapporto-nascosto\\\/\",\"url\":\"https:\\\/\\\/www.rassegnastampa-totustuus.it\\\/cattolica\\\/obama-e-il-razzista-anti-semita-la-foto-sparita-per-10-anni-di-un-rapporto-nascosto\\\/\",\"name\":\"Obama e il razzista anti-semita. La foto sparita per 10 anni di un rapporto nascosto - Rassegna Stampa Cattolica\",\"isPartOf\":{\"@id\":\"https:\\\/\\\/www.rassegnastampa-totustuus.it\\\/cattolica\\\/#website\"},\"primaryImageOfPage\":{\"@id\":\"https:\\\/\\\/www.rassegnastampa-totustuus.it\\\/cattolica\\\/obama-e-il-razzista-anti-semita-la-foto-sparita-per-10-anni-di-un-rapporto-nascosto\\\/#primaryimage\"},\"image\":{\"@id\":\"https:\\\/\\\/www.rassegnastampa-totustuus.it\\\/cattolica\\\/obama-e-il-razzista-anti-semita-la-foto-sparita-per-10-anni-di-un-rapporto-nascosto\\\/#primaryimage\"},\"thumbnailUrl\":\"https:\\\/\\\/www.rassegnastampa-totustuus.it\\\/cattolica\\\/wp-content\\\/uploads\\\/2018\\\/02\\\/Louis_Farrakhan_Obama.jpg\",\"datePublished\":\"2018-02-07T23:00:40+00:00\",\"dateModified\":\"2018-05-03T08:17:20+00:00\",\"description\":\"Rassegna Stampa Cattolica - Per una cultura che nasce dalla Rivelazione cristiana in conformit\u00e0 alla tradizione e al Magistero della Chiesa in opposizione ad ogni relativismo e totalitarismo\",\"breadcrumb\":{\"@id\":\"https:\\\/\\\/www.rassegnastampa-totustuus.it\\\/cattolica\\\/obama-e-il-razzista-anti-semita-la-foto-sparita-per-10-anni-di-un-rapporto-nascosto\\\/#breadcrumb\"},\"inLanguage\":\"it-IT\",\"potentialAction\":[{\"@type\":\"ReadAction\",\"target\":[\"https:\\\/\\\/www.rassegnastampa-totustuus.it\\\/cattolica\\\/obama-e-il-razzista-anti-semita-la-foto-sparita-per-10-anni-di-un-rapporto-nascosto\\\/\"]}]},{\"@type\":\"ImageObject\",\"inLanguage\":\"it-IT\",\"@id\":\"https:\\\/\\\/www.rassegnastampa-totustuus.it\\\/cattolica\\\/obama-e-il-razzista-anti-semita-la-foto-sparita-per-10-anni-di-un-rapporto-nascosto\\\/#primaryimage\",\"url\":\"https:\\\/\\\/www.rassegnastampa-totustuus.it\\\/cattolica\\\/wp-content\\\/uploads\\\/2018\\\/02\\\/Louis_Farrakhan_Obama.jpg\",\"contentUrl\":\"https:\\\/\\\/www.rassegnastampa-totustuus.it\\\/cattolica\\\/wp-content\\\/uploads\\\/2018\\\/02\\\/Louis_Farrakhan_Obama.jpg\",\"width\":271,\"height\":186},{\"@type\":\"BreadcrumbList\",\"@id\":\"https:\\\/\\\/www.rassegnastampa-totustuus.it\\\/cattolica\\\/obama-e-il-razzista-anti-semita-la-foto-sparita-per-10-anni-di-un-rapporto-nascosto\\\/#breadcrumb\",\"itemListElement\":[{\"@type\":\"ListItem\",\"position\":1,\"name\":\"Home\",\"item\":\"https:\\\/\\\/www.rassegnastampa-totustuus.it\\\/cattolica\\\/\"},{\"@type\":\"ListItem\",\"position\":2,\"name\":\"Obama e il razzista anti-semita. La foto sparita per 10 anni di un rapporto nascosto\"}]},{\"@type\":\"WebSite\",\"@id\":\"https:\\\/\\\/www.rassegnastampa-totustuus.it\\\/cattolica\\\/#website\",\"url\":\"https:\\\/\\\/www.rassegnastampa-totustuus.it\\\/cattolica\\\/\",\"name\":\"Rassegna Stampa Cattolica\",\"description\":\"Per una cultura che nasce dalla Rivelazione cristiana in conformit\u00e0 alla tradizione e al Magistero della Chiesa in opposizione ad ogni relativismo e totalitarismo\",\"publisher\":{\"@id\":\"https:\\\/\\\/www.rassegnastampa-totustuus.it\\\/cattolica\\\/#organization\"},\"alternateName\":\"Rass. Cattolica\",\"potentialAction\":[{\"@type\":\"SearchAction\",\"target\":{\"@type\":\"EntryPoint\",\"urlTemplate\":\"https:\\\/\\\/www.rassegnastampa-totustuus.it\\\/cattolica\\\/?s={search_term_string}\"},\"query-input\":{\"@type\":\"PropertyValueSpecification\",\"valueRequired\":true,\"valueName\":\"search_term_string\"}}],\"inLanguage\":\"it-IT\"},{\"@type\":\"Organization\",\"@id\":\"https:\\\/\\\/www.rassegnastampa-totustuus.it\\\/cattolica\\\/#organization\",\"name\":\"Rassegna Stampa Cattolica\",\"url\":\"https:\\\/\\\/www.rassegnastampa-totustuus.it\\\/cattolica\\\/\",\"logo\":{\"@type\":\"ImageObject\",\"inLanguage\":\"it-IT\",\"@id\":\"https:\\\/\\\/www.rassegnastampa-totustuus.it\\\/cattolica\\\/#\\\/schema\\\/logo\\\/image\\\/\",\"url\":\"https:\\\/\\\/www.rassegnastampa-totustuus.it\\\/cattolica\\\/wp-content\\\/uploads\\\/2014\\\/04\\\/logo-rassegna1.gif\",\"contentUrl\":\"https:\\\/\\\/www.rassegnastampa-totustuus.it\\\/cattolica\\\/wp-content\\\/uploads\\\/2014\\\/04\\\/logo-rassegna1.gif\",\"width\":600,\"height\":163,\"caption\":\"Rassegna Stampa Cattolica\"},\"image\":{\"@id\":\"https:\\\/\\\/www.rassegnastampa-totustuus.it\\\/cattolica\\\/#\\\/schema\\\/logo\\\/image\\\/\"},\"sameAs\":[\"https:\\\/\\\/www.facebook.com\\\/rassegnastampacattolica\",\"https:\\\/\\\/x.com\\\/rassegnastampa9\"]},{\"@type\":\"Person\",\"@id\":\"https:\\\/\\\/www.rassegnastampa-totustuus.it\\\/cattolica\\\/#\\\/schema\\\/person\\\/08f319d2bd1a0904ad9e2bfb7b15e5c3\",\"name\":\"Redazione\",\"image\":{\"@type\":\"ImageObject\",\"inLanguage\":\"it-IT\",\"@id\":\"https:\\\/\\\/secure.gravatar.com\\\/avatar\\\/2fcdf27c78ea025fbdb44e914cc63c72249ffec9dc8aafd5c82b26240ef3f346?s=96&d=mm&r=g\",\"url\":\"https:\\\/\\\/secure.gravatar.com\\\/avatar\\\/2fcdf27c78ea025fbdb44e914cc63c72249ffec9dc8aafd5c82b26240ef3f346?s=96&d=mm&r=g\",\"contentUrl\":\"https:\\\/\\\/secure.gravatar.com\\\/avatar\\\/2fcdf27c78ea025fbdb44e914cc63c72249ffec9dc8aafd5c82b26240ef3f346?s=96&d=mm&r=g\",\"caption\":\"Redazione\"},\"url\":\"https:\\\/\\\/www.rassegnastampa-totustuus.it\\\/cattolica\\\/author\\\/pietroelle\\\/\"}]}<\/script>\n<!-- \/ Yoast SEO plugin. -->","yoast_head_json":{"title":"Obama e il razzista anti-semita. La foto sparita per 10 anni di un rapporto nascosto - Rassegna Stampa Cattolica","description":"Rassegna Stampa Cattolica - Per una cultura che nasce dalla Rivelazione cristiana in conformit\u00e0 alla tradizione e al Magistero della Chiesa in opposizione ad ogni relativismo e totalitarismo","robots":{"index":"index","follow":"follow","max-snippet":"max-snippet:-1","max-image-preview":"max-image-preview:large","max-video-preview":"max-video-preview:-1"},"canonical":"https:\/\/www.rassegnastampa-totustuus.it\/cattolica\/obama-e-il-razzista-anti-semita-la-foto-sparita-per-10-anni-di-un-rapporto-nascosto\/","og_locale":"it_IT","og_type":"article","og_title":"Obama e il razzista anti-semita. La foto sparita per 10 anni di un rapporto nascosto - Rassegna Stampa Cattolica","og_description":"Rassegna Stampa Cattolica - Per una cultura che nasce dalla Rivelazione cristiana in conformit\u00e0 alla tradizione e al Magistero della Chiesa in opposizione ad ogni relativismo e totalitarismo","og_url":"https:\/\/www.rassegnastampa-totustuus.it\/cattolica\/obama-e-il-razzista-anti-semita-la-foto-sparita-per-10-anni-di-un-rapporto-nascosto\/","og_site_name":"Rassegna Stampa Cattolica","article_publisher":"https:\/\/www.facebook.com\/rassegnastampacattolica","article_published_time":"2018-02-07T23:00:40+00:00","article_modified_time":"2018-05-03T08:17:20+00:00","og_image":[{"width":271,"height":186,"url":"https:\/\/www.rassegnastampa-totustuus.it\/cattolica\/wp-content\/uploads\/2018\/02\/Louis_Farrakhan_Obama.jpg","type":"image\/jpeg"}],"author":"Redazione","twitter_card":"summary_large_image","twitter_creator":"@rassegnastampa9","twitter_site":"@rassegnastampa9","twitter_misc":{"Scritto da":"Redazione","Tempo di lettura stimato":"4 minuti"},"schema":{"@context":"https:\/\/schema.org","@graph":[{"@type":"Article","@id":"https:\/\/www.rassegnastampa-totustuus.it\/cattolica\/obama-e-il-razzista-anti-semita-la-foto-sparita-per-10-anni-di-un-rapporto-nascosto\/#article","isPartOf":{"@id":"https:\/\/www.rassegnastampa-totustuus.it\/cattolica\/obama-e-il-razzista-anti-semita-la-foto-sparita-per-10-anni-di-un-rapporto-nascosto\/"},"author":{"name":"Redazione","@id":"https:\/\/www.rassegnastampa-totustuus.it\/cattolica\/#\/schema\/person\/08f319d2bd1a0904ad9e2bfb7b15e5c3"},"headline":"Obama e il razzista anti-semita. La foto sparita per 10 anni di un rapporto nascosto","datePublished":"2018-02-07T23:00:40+00:00","dateModified":"2018-05-03T08:17:20+00:00","mainEntityOfPage":{"@id":"https:\/\/www.rassegnastampa-totustuus.it\/cattolica\/obama-e-il-razzista-anti-semita-la-foto-sparita-per-10-anni-di-un-rapporto-nascosto\/"},"wordCount":786,"publisher":{"@id":"https:\/\/www.rassegnastampa-totustuus.it\/cattolica\/#organization"},"image":{"@id":"https:\/\/www.rassegnastampa-totustuus.it\/cattolica\/obama-e-il-razzista-anti-semita-la-foto-sparita-per-10-anni-di-un-rapporto-nascosto\/#primaryimage"},"thumbnailUrl":"https:\/\/www.rassegnastampa-totustuus.it\/cattolica\/wp-content\/uploads\/2018\/02\/Louis_Farrakhan_Obama.jpg","keywords":["Barack Obama"],"articleSection":["Mondialismo","Stati Uniti"],"inLanguage":"it-IT"},{"@type":"WebPage","@id":"https:\/\/www.rassegnastampa-totustuus.it\/cattolica\/obama-e-il-razzista-anti-semita-la-foto-sparita-per-10-anni-di-un-rapporto-nascosto\/","url":"https:\/\/www.rassegnastampa-totustuus.it\/cattolica\/obama-e-il-razzista-anti-semita-la-foto-sparita-per-10-anni-di-un-rapporto-nascosto\/","name":"Obama e il razzista anti-semita. La foto sparita per 10 anni di un rapporto nascosto - Rassegna Stampa Cattolica","isPartOf":{"@id":"https:\/\/www.rassegnastampa-totustuus.it\/cattolica\/#website"},"primaryImageOfPage":{"@id":"https:\/\/www.rassegnastampa-totustuus.it\/cattolica\/obama-e-il-razzista-anti-semita-la-foto-sparita-per-10-anni-di-un-rapporto-nascosto\/#primaryimage"},"image":{"@id":"https:\/\/www.rassegnastampa-totustuus.it\/cattolica\/obama-e-il-razzista-anti-semita-la-foto-sparita-per-10-anni-di-un-rapporto-nascosto\/#primaryimage"},"thumbnailUrl":"https:\/\/www.rassegnastampa-totustuus.it\/cattolica\/wp-content\/uploads\/2018\/02\/Louis_Farrakhan_Obama.jpg","datePublished":"2018-02-07T23:00:40+00:00","dateModified":"2018-05-03T08:17:20+00:00","description":"Rassegna Stampa Cattolica - Per una cultura che nasce dalla Rivelazione cristiana in conformit\u00e0 alla tradizione e al Magistero della Chiesa in opposizione ad ogni relativismo e totalitarismo","breadcrumb":{"@id":"https:\/\/www.rassegnastampa-totustuus.it\/cattolica\/obama-e-il-razzista-anti-semita-la-foto-sparita-per-10-anni-di-un-rapporto-nascosto\/#breadcrumb"},"inLanguage":"it-IT","potentialAction":[{"@type":"ReadAction","target":["https:\/\/www.rassegnastampa-totustuus.it\/cattolica\/obama-e-il-razzista-anti-semita-la-foto-sparita-per-10-anni-di-un-rapporto-nascosto\/"]}]},{"@type":"ImageObject","inLanguage":"it-IT","@id":"https:\/\/www.rassegnastampa-totustuus.it\/cattolica\/obama-e-il-razzista-anti-semita-la-foto-sparita-per-10-anni-di-un-rapporto-nascosto\/#primaryimage","url":"https:\/\/www.rassegnastampa-totustuus.it\/cattolica\/wp-content\/uploads\/2018\/02\/Louis_Farrakhan_Obama.jpg","contentUrl":"https:\/\/www.rassegnastampa-totustuus.it\/cattolica\/wp-content\/uploads\/2018\/02\/Louis_Farrakhan_Obama.jpg","width":271,"height":186},{"@type":"BreadcrumbList","@id":"https:\/\/www.rassegnastampa-totustuus.it\/cattolica\/obama-e-il-razzista-anti-semita-la-foto-sparita-per-10-anni-di-un-rapporto-nascosto\/#breadcrumb","itemListElement":[{"@type":"ListItem","position":1,"name":"Home","item":"https:\/\/www.rassegnastampa-totustuus.it\/cattolica\/"},{"@type":"ListItem","position":2,"name":"Obama e il razzista anti-semita. La foto sparita per 10 anni di un rapporto nascosto"}]},{"@type":"WebSite","@id":"https:\/\/www.rassegnastampa-totustuus.it\/cattolica\/#website","url":"https:\/\/www.rassegnastampa-totustuus.it\/cattolica\/","name":"Rassegna Stampa Cattolica","description":"Per una cultura che nasce dalla Rivelazione cristiana in conformit\u00e0 alla tradizione e al Magistero della Chiesa in opposizione ad ogni relativismo e totalitarismo","publisher":{"@id":"https:\/\/www.rassegnastampa-totustuus.it\/cattolica\/#organization"},"alternateName":"Rass. Cattolica","potentialAction":[{"@type":"SearchAction","target":{"@type":"EntryPoint","urlTemplate":"https:\/\/www.rassegnastampa-totustuus.it\/cattolica\/?s={search_term_string}"},"query-input":{"@type":"PropertyValueSpecification","valueRequired":true,"valueName":"search_term_string"}}],"inLanguage":"it-IT"},{"@type":"Organization","@id":"https:\/\/www.rassegnastampa-totustuus.it\/cattolica\/#organization","name":"Rassegna Stampa Cattolica","url":"https:\/\/www.rassegnastampa-totustuus.it\/cattolica\/","logo":{"@type":"ImageObject","inLanguage":"it-IT","@id":"https:\/\/www.rassegnastampa-totustuus.it\/cattolica\/#\/schema\/logo\/image\/","url":"https:\/\/www.rassegnastampa-totustuus.it\/cattolica\/wp-content\/uploads\/2014\/04\/logo-rassegna1.gif","contentUrl":"https:\/\/www.rassegnastampa-totustuus.it\/cattolica\/wp-content\/uploads\/2014\/04\/logo-rassegna1.gif","width":600,"height":163,"caption":"Rassegna Stampa Cattolica"},"image":{"@id":"https:\/\/www.rassegnastampa-totustuus.it\/cattolica\/#\/schema\/logo\/image\/"},"sameAs":["https:\/\/www.facebook.com\/rassegnastampacattolica","https:\/\/x.com\/rassegnastampa9"]},{"@type":"Person","@id":"https:\/\/www.rassegnastampa-totustuus.it\/cattolica\/#\/schema\/person\/08f319d2bd1a0904ad9e2bfb7b15e5c3","name":"Redazione","image":{"@type":"ImageObject","inLanguage":"it-IT","@id":"https:\/\/secure.gravatar.com\/avatar\/2fcdf27c78ea025fbdb44e914cc63c72249ffec9dc8aafd5c82b26240ef3f346?s=96&d=mm&r=g","url":"https:\/\/secure.gravatar.com\/avatar\/2fcdf27c78ea025fbdb44e914cc63c72249ffec9dc8aafd5c82b26240ef3f346?s=96&d=mm&r=g","contentUrl":"https:\/\/secure.gravatar.com\/avatar\/2fcdf27c78ea025fbdb44e914cc63c72249ffec9dc8aafd5c82b26240ef3f346?s=96&d=mm&r=g","caption":"Redazione"},"url":"https:\/\/www.rassegnastampa-totustuus.it\/cattolica\/author\/pietroelle\/"}]}},"_links":{"self":[{"href":"https:\/\/www.rassegnastampa-totustuus.it\/cattolica\/wp-json\/wp\/v2\/posts\/39643","targetHints":{"allow":["GET"]}}],"collection":[{"href":"https:\/\/www.rassegnastampa-totustuus.it\/cattolica\/wp-json\/wp\/v2\/posts"}],"about":[{"href":"https:\/\/www.rassegnastampa-totustuus.it\/cattolica\/wp-json\/wp\/v2\/types\/post"}],"author":[{"embeddable":true,"href":"https:\/\/www.rassegnastampa-totustuus.it\/cattolica\/wp-json\/wp\/v2\/users\/6"}],"replies":[{"embeddable":true,"href":"https:\/\/www.rassegnastampa-totustuus.it\/cattolica\/wp-json\/wp\/v2\/comments?post=39643"}],"version-history":[{"count":2,"href":"https:\/\/www.rassegnastampa-totustuus.it\/cattolica\/wp-json\/wp\/v2\/posts\/39643\/revisions"}],"predecessor-version":[{"id":40260,"href":"https:\/\/www.rassegnastampa-totustuus.it\/cattolica\/wp-json\/wp\/v2\/posts\/39643\/revisions\/40260"}],"wp:featuredmedia":[{"embeddable":true,"href":"https:\/\/www.rassegnastampa-totustuus.it\/cattolica\/wp-json\/wp\/v2\/media\/39644"}],"wp:attachment":[{"href":"https:\/\/www.rassegnastampa-totustuus.it\/cattolica\/wp-json\/wp\/v2\/media?parent=39643"}],"wp:term":[{"taxonomy":"category","embeddable":true,"href":"https:\/\/www.rassegnastampa-totustuus.it\/cattolica\/wp-json\/wp\/v2\/categories?post=39643"},{"taxonomy":"post_tag","embeddable":true,"href":"https:\/\/www.rassegnastampa-totustuus.it\/cattolica\/wp-json\/wp\/v2\/tags?post=39643"}],"curies":[{"name":"wp","href":"https:\/\/api.w.org\/{rel}","templated":true}]}}