{"id":39615,"date":"2018-02-01T00:00:45","date_gmt":"2018-01-31T23:00:45","guid":{"rendered":"http:\/\/www.rassegnastampa-totustuus.it\/cattolica\/?p=39615"},"modified":"2018-05-03T10:25:38","modified_gmt":"2018-05-03T08:25:38","slug":"svezia-provincia-dellafghanistan","status":"publish","type":"post","link":"https:\/\/www.rassegnastampa-totustuus.it\/cattolica\/svezia-provincia-dellafghanistan\/","title":{"rendered":"Svezia, provincia dell&#8217;Afghanistan"},"content":{"rendered":"<p style=\"text-align: center;\"><strong><img loading=\"lazy\" decoding=\"async\" class=\"alignleft wp-image-39616\" src=\"https:\/\/www.rassegnastampa-totustuus.it\/cattolica\/wp-content\/uploads\/2018\/01\/violenza_Svezia.jpg\" alt=\"\" width=\"250\" height=\"140\" \/><a href=\"http:\/\/www.lanuovabq.it\/\" target=\"_blank\" rel=\"noopener\">La Nuova Bussola quotidiana<\/a><\/strong><\/p>\n<p style=\"text-align: center;\">27 Gennaio 2018<\/p>\n<p style=\"text-align: center;\">di <strong>Lorenzo Formicola<\/strong><\/p>\n<p style=\"text-align: justify;\">\u201cYoung in Sweden\u201d \u00e8 un\u2019organizzazione svedese che Radio Svezia ha definito \u00abuno dei movimenti di protesta pi\u00f9 importanti del Paese in questo momento\u00bb. I suoi membri vengono tutti dall\u2019Afghanistan, e, secondo il sito web ufficiale, sono fuggiti dalla \u00abviolenza e dalla persecuzione\u00bb nella loro patria, per scoprire che in Svezia non erano \u00abbenvenuti dopotutto\u00bb.<\/p>\n<p style=\"text-align: justify;\">Il sito \u201cYoung in Sweden\u201d, servendosi dello stilema americano, li battezza come \u201cdreamers\u201d, descrive i membri del gruppo come ragazzi che chiedono soprattutto \u201cmisericordia\u201d, spiegando quanto sia difficile essere un rifugiato e quanto disperatamente desiderino restare a lungo in Svezia e contribuire al futuro e al bene del Paese. Ma l\u2019appello per la simpatia cede subito il passo a qualcosa di pi\u00f9 aggressivo.<\/p>\n<p><!--more--><\/p>\n<p style=\"text-align: justify;\">Il gruppo rilascia, infatti, una serie di \u201crichieste\u201d. Innanzitutto chiedono che non vengano spediti nuovamente in Afghanistan quegli afghani le cui richieste di asilo sono state respinte; chiedono poi un incontro con il segretario generale dell\u2019agenzia svedese per la migrazione; e richiedono, ancora, che i politici approvino leggi che concedano amnistia e permessi di soggiorno ai richiedenti asilo afghani.<\/p>\n<p style=\"text-align: justify;\">E perch\u00e9 ci sia una qualche eco, \u201cYoung in Sweden\u201d inscena proteste pubbliche, illegali e che finiscono sotto la voce \u201catti di vandalismo e violenza\u201d. Organizza anche corsi di lingua. Ma non si tratta mica di corsi in lingua svedese per afghani. Tutt\u2019altro: corsi in Persiano e Dari per svedesi nativi. La pagina Facebook del gruppo descrive l\u2019iniziativa come un \u00abprogetto di integrazione\u00bb e viene spiegato che quando gli afghani diventano parte della societ\u00e0 svedese, gli svedesi devono pur \u00abassumersi la responsabilit\u00e0 di far parte di quella societ\u00e0\u00bb. Il che significa che se gli svedesi nativi desiderano essere membri a pieno titolo della nuova societ\u00e0 svedese, devono imparare il persiano e il Dari.<\/p>\n<p style=\"text-align: justify;\">E mentre ci si interroga su chi possa gestire un sito web cos\u00ec professionale e che contiene riferimenti a questioni su cui non ci si aspetterebbe che i nuovi arrivati dall\u2019Afghanistan siano a conoscenza, o anche solo interessati, la Svezia \u00e8 costretta a respirare aria di tempesta. Ancora.<\/p>\n<p style=\"text-align: justify;\"><img loading=\"lazy\" decoding=\"async\" class=\"wp-image-21631 alignright\" src=\"https:\/\/www.rassegnastampa-totustuus.it\/cattolica\/wp-content\/uploads\/2010\/11\/banlieu.jpg\" alt=\"\" width=\"250\" height=\"166\" \/>Il Paese \u00e8 da inizio gennaio, infatti, al centro della cronaca per un\u2019ondata di criminalit\u00e0 che non ha niente di nuovo. L\u2019emergenza sta semplicemente conquistando un po\u2019 di attenzione in pi\u00f9 rispetto al passato occupando spazio tra le pagine di cronaca, ma neanche poi cos\u00ec tanto. Da qualche settimana gli episodi si stanno susseguendo senza sosta.<\/p>\n<p style=\"text-align: justify;\">Qualche settimana fa un uomo \u00e8 morto in una stazione della metropolitana, nella periferia di Stoccolma, dopo aver raccolto da terra una bomba a mano inesplosa. Nei giorni scorsi a Malm\u00f6, la seconda citt\u00e0 della Svezia, c\u2019\u00e8 stata un\u2019esplosione causata, secondo il quotidiano svedese Aftonbladet, da una bomba scagliata in piena notte contro una stazione della polizia del quartiere di Rosengard.<\/p>\n<p style=\"text-align: justify;\">E intanto sono mesi che in diverse zone del paese si intensificano scontri tra gang con decine di sparatorie e attacchi esplosivi. Una situazione talmente esasperata da indurre il primo ministro svedese, il socialdemocratico Stefan Lofven, a dichiarare di voler fare ricorso a misure straordinarie.<\/p>\n<p style=\"text-align: justify;\">E chiss\u00e0 perch\u00e9 se la civile Svezia, portata a modello di welfare generoso e con benefit che hanno trasformato il Paese nordico nella bengodi dell\u2019immigrazione, mentre brucia, non attira l\u2019attenzione dei media internazionali.<\/p>\n<p style=\"text-align: justify;\">La verit\u00e0 \u00e8 che il Paese scandinavo si sta velocemente avvicinando al collasso. Sempre pi\u00f9 amministrazioni comunali lanciano l&#8217;allarme: se gli immigrati continueranno ad arrivare a questo ritmo, le amministrazioni locali non saranno pi\u00f9 in grado di garantire una vita normale ai cittadini. E se l&#8217;ondata di \u2018migranti\u2019 continuer\u00e0 a crescere, in 10-15 anni gli svedesi saranno una minoranza nel loro stesso paese.<\/p>\n<p style=\"text-align: justify;\">Solo nel 2016, la Svezia ha accolto circa 29mila richiedenti asilo regolarmente registrati. Ma non \u00e8 il clima &#8211; la temperatura invernale media \u00e8 di circa -3\u00b0C -, n\u00e9 le accoglienti metropoli &#8211; il 56% del territorio \u00e8 coperto da foreste &#8211; ad attirare cos\u00ec tanti immigrati, bens\u00ec proprio le celebri politiche di accoglienza dei Paesi nordici.<\/p>\n<p style=\"text-align: justify;\"><img loading=\"lazy\" decoding=\"async\" class=\"alignleft wp-image-35833\" src=\"https:\/\/www.rassegnastampa-totustuus.it\/cattolica\/wp-content\/uploads\/2005\/11\/Banlieu-1.jpg\" alt=\"\" width=\"250\" height=\"140\" \/>Basta uno sguardo casuale ai giornali locali, in un qualsiasi giorno, per trovarsi investiti da storie di rapine a mano armata, violenze sessuali, stupri, sparatorie ed esplosivi disseminati nei vari esercizi commerciali. Un\u2019ondata criminale che non \u00e8 pi\u00f9 solo confinata alle grandi citt\u00e0. Il quartiere di Rosengard \u00e8 ormai preda di bande di giovani 14enni muniti di Kalashnikov e giubbotti anti-proiettili.<\/p>\n<p style=\"text-align: justify;\">Il sobborgo di Rinkeby &#8211; sobborgo di Stoccolma soprannominato &#8220;piccola Mogadiscio&#8221; per la forte presenza di immigrati -, \u00e8 stato descritto dal procuratore capo svedese, Lise Tamm, qualche mese fa, come una \u201czona di guerra\u201d. E non si contano gli episodi di auto date in fiamme che, pare, facciano ormai parte della vita quotidiana per gli svedesi di diversi quartieri. Tra gennaio e settembre 2017 sono state bruciate la media di ventidue auto al giorno.<\/p>\n<p style=\"text-align: justify;\">In aumento sono anche gli episodi di violenza sessuale: il 10% in pi\u00f9 rispetto allo scorso anno &#8211; in media venti segnalazioni al giorno. Per non parlare degli attacchi violenti che coinvolgono la polizia stessa. Le statistiche certificano che il numero di sparatorie fatali in Svezia \u00e8 raddoppiato nel corso di nove anni e l\u2019agenzia di sicurezza svedese, S\u00e4po, ha dichiarato la scorsa estate che nel Paese, nel 2017, c\u2019erano quasi 3000 estremisti islamici violenti rispetto ai soli 200 del 2010. E se \u00e8 vero che il governo svedese sta cercando di ospitare 100.000 nuovi immigrati nel 2018, la prospettiva non \u00e8 delle migliori.<\/p>\n<p style=\"text-align: justify;\">Nel 1975 il Parlamento svedese decise all&#8217;unanimit\u00e0 di trasformare la Svezia in un paese multiculturale. Quarant&#8217;anni dopo sono evidenti a tutti le drammatiche conseguenze di questo esperimento tanto che nel giugno scorso, il capo della polizia si \u00e8 sentito in dovere di annunciare, pubblicamente, l\u2019esistenza di ben 61 no-go-zone nelle citt\u00e0 svedesi. E intanto quelli di \u2018Young in Sweden\u2019 organizzano manifestazioni contro il ritorno dei richiedenti asilo in Afghanistan.<\/p>\n","protected":false},"excerpt":{"rendered":"<p>La Nuova Bussola quotidiana 27 Gennaio 2018 di Lorenzo Formicola \u201cYoung in Sweden\u201d \u00e8 un\u2019organizzazione svedese che Radio Svezia ha definito \u00abuno dei movimenti di protesta pi\u00f9 importanti del Paese in questo momento\u00bb. I suoi membri vengono tutti dall\u2019Afghanistan, e, secondo il sito web ufficiale, sono fuggiti dalla \u00abviolenza e dalla persecuzione\u00bb nella loro patria, &hellip; <\/p>\n<p><a class=\"more-link btn\" href=\"https:\/\/www.rassegnastampa-totustuus.it\/cattolica\/svezia-provincia-dellafghanistan\/\">Continua a leggere<\/a><\/p>\n","protected":false},"author":6,"featured_media":39616,"comment_status":"closed","ping_status":"closed","sticky":false,"template":"","format":"standard","meta":{"footnotes":""},"categories":[38,108],"tags":[2392,2493],"class_list":["post-39615","post","type-post","status-publish","format-standard","has-post-thumbnail","hentry","category-immigrazione","category-paesi-e-continenti","tag-immigrazione","tag-svezia","item-wrap"],"yoast_head":"<!-- This site is optimized with the Yoast SEO plugin v27.5 - https:\/\/yoast.com\/product\/yoast-seo-wordpress\/ -->\n<title>Svezia, provincia dell&#039;Afghanistan - Rassegna Stampa Cattolica<\/title>\n<meta name=\"description\" content=\"Rassegna Stampa Cattolica - Per una cultura che nasce dalla Rivelazione cristiana in conformit\u00e0 alla tradizione e al Magistero della Chiesa in opposizione ad ogni relativismo e totalitarismo\" \/>\n<meta name=\"robots\" content=\"index, follow, max-snippet:-1, max-image-preview:large, max-video-preview:-1\" \/>\n<link rel=\"canonical\" href=\"https:\/\/www.rassegnastampa-totustuus.it\/cattolica\/svezia-provincia-dellafghanistan\/\" \/>\n<meta property=\"og:locale\" content=\"it_IT\" \/>\n<meta property=\"og:type\" content=\"article\" \/>\n<meta property=\"og:title\" content=\"Svezia, provincia dell&#039;Afghanistan - Rassegna Stampa Cattolica\" \/>\n<meta property=\"og:description\" content=\"Rassegna Stampa Cattolica - Per una cultura che nasce dalla Rivelazione cristiana in conformit\u00e0 alla tradizione e al Magistero della Chiesa in opposizione ad ogni relativismo e totalitarismo\" \/>\n<meta property=\"og:url\" content=\"https:\/\/www.rassegnastampa-totustuus.it\/cattolica\/svezia-provincia-dellafghanistan\/\" \/>\n<meta property=\"og:site_name\" content=\"Rassegna Stampa Cattolica\" \/>\n<meta property=\"article:publisher\" content=\"https:\/\/www.facebook.com\/rassegnastampacattolica\" \/>\n<meta property=\"article:published_time\" content=\"2018-01-31T23:00:45+00:00\" \/>\n<meta property=\"article:modified_time\" content=\"2018-05-03T08:25:38+00:00\" \/>\n<meta property=\"og:image\" content=\"https:\/\/www.rassegnastampa-totustuus.it\/cattolica\/wp-content\/uploads\/2018\/01\/violenza_Svezia.jpg\" \/>\n\t<meta property=\"og:image:width\" content=\"300\" \/>\n\t<meta property=\"og:image:height\" content=\"168\" \/>\n\t<meta property=\"og:image:type\" content=\"image\/jpeg\" \/>\n<meta name=\"author\" content=\"Redazione\" \/>\n<meta name=\"twitter:card\" content=\"summary_large_image\" \/>\n<meta name=\"twitter:creator\" content=\"@rassegnastampa9\" \/>\n<meta name=\"twitter:site\" content=\"@rassegnastampa9\" \/>\n<meta name=\"twitter:label1\" content=\"Scritto da\" \/>\n\t<meta name=\"twitter:data1\" content=\"Redazione\" \/>\n\t<meta name=\"twitter:label2\" content=\"Tempo di lettura stimato\" \/>\n\t<meta name=\"twitter:data2\" content=\"5 minuti\" \/>\n<script type=\"application\/ld+json\" class=\"yoast-schema-graph\">{\"@context\":\"https:\\\/\\\/schema.org\",\"@graph\":[{\"@type\":\"Article\",\"@id\":\"https:\\\/\\\/www.rassegnastampa-totustuus.it\\\/cattolica\\\/svezia-provincia-dellafghanistan\\\/#article\",\"isPartOf\":{\"@id\":\"https:\\\/\\\/www.rassegnastampa-totustuus.it\\\/cattolica\\\/svezia-provincia-dellafghanistan\\\/\"},\"author\":{\"name\":\"Redazione\",\"@id\":\"https:\\\/\\\/www.rassegnastampa-totustuus.it\\\/cattolica\\\/#\\\/schema\\\/person\\\/08f319d2bd1a0904ad9e2bfb7b15e5c3\"},\"headline\":\"Svezia, provincia dell&#8217;Afghanistan\",\"datePublished\":\"2018-01-31T23:00:45+00:00\",\"dateModified\":\"2018-05-03T08:25:38+00:00\",\"mainEntityOfPage\":{\"@id\":\"https:\\\/\\\/www.rassegnastampa-totustuus.it\\\/cattolica\\\/svezia-provincia-dellafghanistan\\\/\"},\"wordCount\":968,\"publisher\":{\"@id\":\"https:\\\/\\\/www.rassegnastampa-totustuus.it\\\/cattolica\\\/#organization\"},\"image\":{\"@id\":\"https:\\\/\\\/www.rassegnastampa-totustuus.it\\\/cattolica\\\/svezia-provincia-dellafghanistan\\\/#primaryimage\"},\"thumbnailUrl\":\"https:\\\/\\\/www.rassegnastampa-totustuus.it\\\/cattolica\\\/wp-content\\\/uploads\\\/2018\\\/01\\\/violenza_Svezia.jpg\",\"keywords\":[\"immigrazione\",\"Svezia\"],\"articleSection\":[\"Immigrazione\",\"Paesi e continenti\"],\"inLanguage\":\"it-IT\"},{\"@type\":\"WebPage\",\"@id\":\"https:\\\/\\\/www.rassegnastampa-totustuus.it\\\/cattolica\\\/svezia-provincia-dellafghanistan\\\/\",\"url\":\"https:\\\/\\\/www.rassegnastampa-totustuus.it\\\/cattolica\\\/svezia-provincia-dellafghanistan\\\/\",\"name\":\"Svezia, provincia dell'Afghanistan - Rassegna Stampa Cattolica\",\"isPartOf\":{\"@id\":\"https:\\\/\\\/www.rassegnastampa-totustuus.it\\\/cattolica\\\/#website\"},\"primaryImageOfPage\":{\"@id\":\"https:\\\/\\\/www.rassegnastampa-totustuus.it\\\/cattolica\\\/svezia-provincia-dellafghanistan\\\/#primaryimage\"},\"image\":{\"@id\":\"https:\\\/\\\/www.rassegnastampa-totustuus.it\\\/cattolica\\\/svezia-provincia-dellafghanistan\\\/#primaryimage\"},\"thumbnailUrl\":\"https:\\\/\\\/www.rassegnastampa-totustuus.it\\\/cattolica\\\/wp-content\\\/uploads\\\/2018\\\/01\\\/violenza_Svezia.jpg\",\"datePublished\":\"2018-01-31T23:00:45+00:00\",\"dateModified\":\"2018-05-03T08:25:38+00:00\",\"description\":\"Rassegna Stampa Cattolica - Per una cultura che nasce dalla Rivelazione cristiana in conformit\u00e0 alla tradizione e al Magistero della Chiesa in opposizione ad ogni relativismo e totalitarismo\",\"breadcrumb\":{\"@id\":\"https:\\\/\\\/www.rassegnastampa-totustuus.it\\\/cattolica\\\/svezia-provincia-dellafghanistan\\\/#breadcrumb\"},\"inLanguage\":\"it-IT\",\"potentialAction\":[{\"@type\":\"ReadAction\",\"target\":[\"https:\\\/\\\/www.rassegnastampa-totustuus.it\\\/cattolica\\\/svezia-provincia-dellafghanistan\\\/\"]}]},{\"@type\":\"ImageObject\",\"inLanguage\":\"it-IT\",\"@id\":\"https:\\\/\\\/www.rassegnastampa-totustuus.it\\\/cattolica\\\/svezia-provincia-dellafghanistan\\\/#primaryimage\",\"url\":\"https:\\\/\\\/www.rassegnastampa-totustuus.it\\\/cattolica\\\/wp-content\\\/uploads\\\/2018\\\/01\\\/violenza_Svezia.jpg\",\"contentUrl\":\"https:\\\/\\\/www.rassegnastampa-totustuus.it\\\/cattolica\\\/wp-content\\\/uploads\\\/2018\\\/01\\\/violenza_Svezia.jpg\",\"width\":300,\"height\":168},{\"@type\":\"BreadcrumbList\",\"@id\":\"https:\\\/\\\/www.rassegnastampa-totustuus.it\\\/cattolica\\\/svezia-provincia-dellafghanistan\\\/#breadcrumb\",\"itemListElement\":[{\"@type\":\"ListItem\",\"position\":1,\"name\":\"Home\",\"item\":\"https:\\\/\\\/www.rassegnastampa-totustuus.it\\\/cattolica\\\/\"},{\"@type\":\"ListItem\",\"position\":2,\"name\":\"Svezia, provincia dell&#8217;Afghanistan\"}]},{\"@type\":\"WebSite\",\"@id\":\"https:\\\/\\\/www.rassegnastampa-totustuus.it\\\/cattolica\\\/#website\",\"url\":\"https:\\\/\\\/www.rassegnastampa-totustuus.it\\\/cattolica\\\/\",\"name\":\"Rassegna Stampa Cattolica\",\"description\":\"Per una cultura che nasce dalla Rivelazione cristiana in conformit\u00e0 alla tradizione e al Magistero della Chiesa in opposizione ad ogni relativismo e totalitarismo\",\"publisher\":{\"@id\":\"https:\\\/\\\/www.rassegnastampa-totustuus.it\\\/cattolica\\\/#organization\"},\"alternateName\":\"Rass. Cattolica\",\"potentialAction\":[{\"@type\":\"SearchAction\",\"target\":{\"@type\":\"EntryPoint\",\"urlTemplate\":\"https:\\\/\\\/www.rassegnastampa-totustuus.it\\\/cattolica\\\/?s={search_term_string}\"},\"query-input\":{\"@type\":\"PropertyValueSpecification\",\"valueRequired\":true,\"valueName\":\"search_term_string\"}}],\"inLanguage\":\"it-IT\"},{\"@type\":\"Organization\",\"@id\":\"https:\\\/\\\/www.rassegnastampa-totustuus.it\\\/cattolica\\\/#organization\",\"name\":\"Rassegna Stampa Cattolica\",\"url\":\"https:\\\/\\\/www.rassegnastampa-totustuus.it\\\/cattolica\\\/\",\"logo\":{\"@type\":\"ImageObject\",\"inLanguage\":\"it-IT\",\"@id\":\"https:\\\/\\\/www.rassegnastampa-totustuus.it\\\/cattolica\\\/#\\\/schema\\\/logo\\\/image\\\/\",\"url\":\"https:\\\/\\\/www.rassegnastampa-totustuus.it\\\/cattolica\\\/wp-content\\\/uploads\\\/2014\\\/04\\\/logo-rassegna1.gif\",\"contentUrl\":\"https:\\\/\\\/www.rassegnastampa-totustuus.it\\\/cattolica\\\/wp-content\\\/uploads\\\/2014\\\/04\\\/logo-rassegna1.gif\",\"width\":600,\"height\":163,\"caption\":\"Rassegna Stampa Cattolica\"},\"image\":{\"@id\":\"https:\\\/\\\/www.rassegnastampa-totustuus.it\\\/cattolica\\\/#\\\/schema\\\/logo\\\/image\\\/\"},\"sameAs\":[\"https:\\\/\\\/www.facebook.com\\\/rassegnastampacattolica\",\"https:\\\/\\\/x.com\\\/rassegnastampa9\"]},{\"@type\":\"Person\",\"@id\":\"https:\\\/\\\/www.rassegnastampa-totustuus.it\\\/cattolica\\\/#\\\/schema\\\/person\\\/08f319d2bd1a0904ad9e2bfb7b15e5c3\",\"name\":\"Redazione\",\"image\":{\"@type\":\"ImageObject\",\"inLanguage\":\"it-IT\",\"@id\":\"https:\\\/\\\/secure.gravatar.com\\\/avatar\\\/2fcdf27c78ea025fbdb44e914cc63c72249ffec9dc8aafd5c82b26240ef3f346?s=96&d=mm&r=g\",\"url\":\"https:\\\/\\\/secure.gravatar.com\\\/avatar\\\/2fcdf27c78ea025fbdb44e914cc63c72249ffec9dc8aafd5c82b26240ef3f346?s=96&d=mm&r=g\",\"contentUrl\":\"https:\\\/\\\/secure.gravatar.com\\\/avatar\\\/2fcdf27c78ea025fbdb44e914cc63c72249ffec9dc8aafd5c82b26240ef3f346?s=96&d=mm&r=g\",\"caption\":\"Redazione\"},\"url\":\"https:\\\/\\\/www.rassegnastampa-totustuus.it\\\/cattolica\\\/author\\\/pietroelle\\\/\"}]}<\/script>\n<!-- \/ Yoast SEO plugin. -->","yoast_head_json":{"title":"Svezia, provincia dell'Afghanistan - Rassegna Stampa Cattolica","description":"Rassegna Stampa Cattolica - Per una cultura che nasce dalla Rivelazione cristiana in conformit\u00e0 alla tradizione e al Magistero della Chiesa in opposizione ad ogni relativismo e totalitarismo","robots":{"index":"index","follow":"follow","max-snippet":"max-snippet:-1","max-image-preview":"max-image-preview:large","max-video-preview":"max-video-preview:-1"},"canonical":"https:\/\/www.rassegnastampa-totustuus.it\/cattolica\/svezia-provincia-dellafghanistan\/","og_locale":"it_IT","og_type":"article","og_title":"Svezia, provincia dell'Afghanistan - Rassegna Stampa Cattolica","og_description":"Rassegna Stampa Cattolica - Per una cultura che nasce dalla Rivelazione cristiana in conformit\u00e0 alla tradizione e al Magistero della Chiesa in opposizione ad ogni relativismo e totalitarismo","og_url":"https:\/\/www.rassegnastampa-totustuus.it\/cattolica\/svezia-provincia-dellafghanistan\/","og_site_name":"Rassegna Stampa Cattolica","article_publisher":"https:\/\/www.facebook.com\/rassegnastampacattolica","article_published_time":"2018-01-31T23:00:45+00:00","article_modified_time":"2018-05-03T08:25:38+00:00","og_image":[{"width":300,"height":168,"url":"https:\/\/www.rassegnastampa-totustuus.it\/cattolica\/wp-content\/uploads\/2018\/01\/violenza_Svezia.jpg","type":"image\/jpeg"}],"author":"Redazione","twitter_card":"summary_large_image","twitter_creator":"@rassegnastampa9","twitter_site":"@rassegnastampa9","twitter_misc":{"Scritto da":"Redazione","Tempo di lettura stimato":"5 minuti"},"schema":{"@context":"https:\/\/schema.org","@graph":[{"@type":"Article","@id":"https:\/\/www.rassegnastampa-totustuus.it\/cattolica\/svezia-provincia-dellafghanistan\/#article","isPartOf":{"@id":"https:\/\/www.rassegnastampa-totustuus.it\/cattolica\/svezia-provincia-dellafghanistan\/"},"author":{"name":"Redazione","@id":"https:\/\/www.rassegnastampa-totustuus.it\/cattolica\/#\/schema\/person\/08f319d2bd1a0904ad9e2bfb7b15e5c3"},"headline":"Svezia, provincia dell&#8217;Afghanistan","datePublished":"2018-01-31T23:00:45+00:00","dateModified":"2018-05-03T08:25:38+00:00","mainEntityOfPage":{"@id":"https:\/\/www.rassegnastampa-totustuus.it\/cattolica\/svezia-provincia-dellafghanistan\/"},"wordCount":968,"publisher":{"@id":"https:\/\/www.rassegnastampa-totustuus.it\/cattolica\/#organization"},"image":{"@id":"https:\/\/www.rassegnastampa-totustuus.it\/cattolica\/svezia-provincia-dellafghanistan\/#primaryimage"},"thumbnailUrl":"https:\/\/www.rassegnastampa-totustuus.it\/cattolica\/wp-content\/uploads\/2018\/01\/violenza_Svezia.jpg","keywords":["immigrazione","Svezia"],"articleSection":["Immigrazione","Paesi e continenti"],"inLanguage":"it-IT"},{"@type":"WebPage","@id":"https:\/\/www.rassegnastampa-totustuus.it\/cattolica\/svezia-provincia-dellafghanistan\/","url":"https:\/\/www.rassegnastampa-totustuus.it\/cattolica\/svezia-provincia-dellafghanistan\/","name":"Svezia, provincia dell'Afghanistan - Rassegna Stampa Cattolica","isPartOf":{"@id":"https:\/\/www.rassegnastampa-totustuus.it\/cattolica\/#website"},"primaryImageOfPage":{"@id":"https:\/\/www.rassegnastampa-totustuus.it\/cattolica\/svezia-provincia-dellafghanistan\/#primaryimage"},"image":{"@id":"https:\/\/www.rassegnastampa-totustuus.it\/cattolica\/svezia-provincia-dellafghanistan\/#primaryimage"},"thumbnailUrl":"https:\/\/www.rassegnastampa-totustuus.it\/cattolica\/wp-content\/uploads\/2018\/01\/violenza_Svezia.jpg","datePublished":"2018-01-31T23:00:45+00:00","dateModified":"2018-05-03T08:25:38+00:00","description":"Rassegna Stampa Cattolica - Per una cultura che nasce dalla Rivelazione cristiana in conformit\u00e0 alla tradizione e al Magistero della Chiesa in opposizione ad ogni relativismo e totalitarismo","breadcrumb":{"@id":"https:\/\/www.rassegnastampa-totustuus.it\/cattolica\/svezia-provincia-dellafghanistan\/#breadcrumb"},"inLanguage":"it-IT","potentialAction":[{"@type":"ReadAction","target":["https:\/\/www.rassegnastampa-totustuus.it\/cattolica\/svezia-provincia-dellafghanistan\/"]}]},{"@type":"ImageObject","inLanguage":"it-IT","@id":"https:\/\/www.rassegnastampa-totustuus.it\/cattolica\/svezia-provincia-dellafghanistan\/#primaryimage","url":"https:\/\/www.rassegnastampa-totustuus.it\/cattolica\/wp-content\/uploads\/2018\/01\/violenza_Svezia.jpg","contentUrl":"https:\/\/www.rassegnastampa-totustuus.it\/cattolica\/wp-content\/uploads\/2018\/01\/violenza_Svezia.jpg","width":300,"height":168},{"@type":"BreadcrumbList","@id":"https:\/\/www.rassegnastampa-totustuus.it\/cattolica\/svezia-provincia-dellafghanistan\/#breadcrumb","itemListElement":[{"@type":"ListItem","position":1,"name":"Home","item":"https:\/\/www.rassegnastampa-totustuus.it\/cattolica\/"},{"@type":"ListItem","position":2,"name":"Svezia, provincia dell&#8217;Afghanistan"}]},{"@type":"WebSite","@id":"https:\/\/www.rassegnastampa-totustuus.it\/cattolica\/#website","url":"https:\/\/www.rassegnastampa-totustuus.it\/cattolica\/","name":"Rassegna Stampa Cattolica","description":"Per una cultura che nasce dalla Rivelazione cristiana in conformit\u00e0 alla tradizione e al Magistero della Chiesa in opposizione ad ogni relativismo e totalitarismo","publisher":{"@id":"https:\/\/www.rassegnastampa-totustuus.it\/cattolica\/#organization"},"alternateName":"Rass. Cattolica","potentialAction":[{"@type":"SearchAction","target":{"@type":"EntryPoint","urlTemplate":"https:\/\/www.rassegnastampa-totustuus.it\/cattolica\/?s={search_term_string}"},"query-input":{"@type":"PropertyValueSpecification","valueRequired":true,"valueName":"search_term_string"}}],"inLanguage":"it-IT"},{"@type":"Organization","@id":"https:\/\/www.rassegnastampa-totustuus.it\/cattolica\/#organization","name":"Rassegna Stampa Cattolica","url":"https:\/\/www.rassegnastampa-totustuus.it\/cattolica\/","logo":{"@type":"ImageObject","inLanguage":"it-IT","@id":"https:\/\/www.rassegnastampa-totustuus.it\/cattolica\/#\/schema\/logo\/image\/","url":"https:\/\/www.rassegnastampa-totustuus.it\/cattolica\/wp-content\/uploads\/2014\/04\/logo-rassegna1.gif","contentUrl":"https:\/\/www.rassegnastampa-totustuus.it\/cattolica\/wp-content\/uploads\/2014\/04\/logo-rassegna1.gif","width":600,"height":163,"caption":"Rassegna Stampa Cattolica"},"image":{"@id":"https:\/\/www.rassegnastampa-totustuus.it\/cattolica\/#\/schema\/logo\/image\/"},"sameAs":["https:\/\/www.facebook.com\/rassegnastampacattolica","https:\/\/x.com\/rassegnastampa9"]},{"@type":"Person","@id":"https:\/\/www.rassegnastampa-totustuus.it\/cattolica\/#\/schema\/person\/08f319d2bd1a0904ad9e2bfb7b15e5c3","name":"Redazione","image":{"@type":"ImageObject","inLanguage":"it-IT","@id":"https:\/\/secure.gravatar.com\/avatar\/2fcdf27c78ea025fbdb44e914cc63c72249ffec9dc8aafd5c82b26240ef3f346?s=96&d=mm&r=g","url":"https:\/\/secure.gravatar.com\/avatar\/2fcdf27c78ea025fbdb44e914cc63c72249ffec9dc8aafd5c82b26240ef3f346?s=96&d=mm&r=g","contentUrl":"https:\/\/secure.gravatar.com\/avatar\/2fcdf27c78ea025fbdb44e914cc63c72249ffec9dc8aafd5c82b26240ef3f346?s=96&d=mm&r=g","caption":"Redazione"},"url":"https:\/\/www.rassegnastampa-totustuus.it\/cattolica\/author\/pietroelle\/"}]}},"_links":{"self":[{"href":"https:\/\/www.rassegnastampa-totustuus.it\/cattolica\/wp-json\/wp\/v2\/posts\/39615","targetHints":{"allow":["GET"]}}],"collection":[{"href":"https:\/\/www.rassegnastampa-totustuus.it\/cattolica\/wp-json\/wp\/v2\/posts"}],"about":[{"href":"https:\/\/www.rassegnastampa-totustuus.it\/cattolica\/wp-json\/wp\/v2\/types\/post"}],"author":[{"embeddable":true,"href":"https:\/\/www.rassegnastampa-totustuus.it\/cattolica\/wp-json\/wp\/v2\/users\/6"}],"replies":[{"embeddable":true,"href":"https:\/\/www.rassegnastampa-totustuus.it\/cattolica\/wp-json\/wp\/v2\/comments?post=39615"}],"version-history":[{"count":3,"href":"https:\/\/www.rassegnastampa-totustuus.it\/cattolica\/wp-json\/wp\/v2\/posts\/39615\/revisions"}],"predecessor-version":[{"id":40267,"href":"https:\/\/www.rassegnastampa-totustuus.it\/cattolica\/wp-json\/wp\/v2\/posts\/39615\/revisions\/40267"}],"wp:featuredmedia":[{"embeddable":true,"href":"https:\/\/www.rassegnastampa-totustuus.it\/cattolica\/wp-json\/wp\/v2\/media\/39616"}],"wp:attachment":[{"href":"https:\/\/www.rassegnastampa-totustuus.it\/cattolica\/wp-json\/wp\/v2\/media?parent=39615"}],"wp:term":[{"taxonomy":"category","embeddable":true,"href":"https:\/\/www.rassegnastampa-totustuus.it\/cattolica\/wp-json\/wp\/v2\/categories?post=39615"},{"taxonomy":"post_tag","embeddable":true,"href":"https:\/\/www.rassegnastampa-totustuus.it\/cattolica\/wp-json\/wp\/v2\/tags?post=39615"}],"curies":[{"name":"wp","href":"https:\/\/api.w.org\/{rel}","templated":true}]}}