{"id":396,"date":"2005-05-04T16:47:23","date_gmt":"2005-05-04T14:47:23","guid":{"rendered":""},"modified":"2025-07-13T16:46:44","modified_gmt":"2025-07-13T14:46:44","slug":"il-custode-che-non-custod","status":"publish","type":"post","link":"https:\/\/www.rassegnastampa-totustuus.it\/cattolica\/il-custode-che-non-custod\/","title":{"rendered":"Il custode che non custod&igrave;"},"content":{"rendered":"\n<p class=\"has-text-align-center\"><strong>Sette,<\/strong> supplemento del <a href=\"https:\/\/www.corriere.it\/\" target=\"_blank\" rel=\"noreferrer noopener\">Corriere della Sera<\/a> del 17 novembre 1994<\/p>\n\n\n\n<p><em>Doveva tutelare un oggetto venerato da milioni di credenti. E invece\u2026 L\u2019accusa di un famoso scrittore al cardinale Ballestrero<\/em><\/p>\n\n\n\n<p class=\"has-text-align-center\">di <strong>Vittorio Messori<\/strong><\/p>\n\n\n<div class=\"wp-block-image\">\n<figure class=\"aligncenter size-full is-resized\"><a href=\"https:\/\/www.rassegnastampa-totustuus.it\/cattolica\/wp-content\/uploads\/2005\/05\/Ballestrero_Sindone.jpg\"><img loading=\"lazy\" decoding=\"async\" width=\"238\" height=\"205\" src=\"https:\/\/www.rassegnastampa-totustuus.it\/cattolica\/wp-content\/uploads\/2005\/05\/Ballestrero_Sindone.jpg\" alt=\"\" class=\"wp-image-35592\" style=\"width:392px;height:auto\"\/><\/a><\/figure><\/div>\n\n\n<!--more-->\n\n\n\n<p>La foto \u00e8 stata scattata il 21 aprile 1988, in una sala del Palazzo Reale di Torino, comunicante con la cappella di Guarino Guarini, commissionata dai Savoia per custodirvi la Sindone. nell\u2019immagine a colori, l\u2019allora arcivescovo di Torino, cardinale Anastasio Ballestrero, guarda con attenzione un anziano signore in camice bianco che sta manipolando un telo. Il Ballestrero \u00e8 concentrato, ha le mani attorno alle guance, mentre i gomiti &#8211; rivestiti dalla talare nera &#8211; poggiano sul telo.<\/p>\n\n\n\n<p>L\u2019uomo che traffica su questo non porta guanti, le palme nude sono appoggiate contro il tessuto. Non si tratta, come parrebbe, di un esperto di ricamo o un tessitore di arazzi che sta mostrando i segreti della sua arte a un prelato sfaccendato e incuriosito. No: siamo durante i prelievi di tessuto della Sindone per gli esami al radiocarbonio. Chi manipola &#8211; senza alcuna preoccupazione di contaminarlo &#8211; quel Lino celeberrimo \u00e8 un famoso professore. E l\u2019arcivescovo con i gomiti pesantemente appoggiati sopra, come se si trattasse della tovaglia di un tavolo di trattoria, \u00e8 colui che dovrebbe essere il \u00abCustode\u00bb ufficiale a nome della Chiesa.<\/p>\n\n\n\n<p>Quell\u2019immagine sconcertante \u00e8 spesso ricordata dai sindologi per denunciare la mancanza di seriet\u00e0 &#8211; o, almeno, di rigore scientifico &#8211; che contrassegn\u00f2 sin dall\u2019inizio la vicenda dei test. Ed \u00e8 anche allegata, quella foto, al <em>j\u2019accuse<\/em> (doloroso, per i credenti) contro l\u2019arcivescovo di Torino, per il suo comportamento giudicato corrivo o almeno imprudente. certo, \u00e8 difficile dimenticare che il cardinale, allora ormai prossimo alla pensione (e, peraltro, sant\u2019uomo e prelato impeccabile), non si risparmi\u00f2 neppure le battute di spirito durante la conferenza stampa del 13 ottobre 1988, quando comunic\u00f2 i risultati dei laboratori dell\u2019Arizona, di Oxford e di Zurigo.<\/p>\n\n\n<div class=\"wp-block-image\">\n<figure class=\"aligncenter is-resized\"><img loading=\"lazy\" decoding=\"async\" width=\"438\" height=\"115\" src=\"https:\/\/www.rassegnastampa-totustuus.it\/cattolica\/wp-content\/uploads\/2005\/05\/Sindone-2.jpg\" alt=\"Sindone 2\" class=\"wp-image-23466\" style=\"width:512px;height:auto\" srcset=\"https:\/\/www.rassegnastampa-totustuus.it\/cattolica\/wp-content\/uploads\/2005\/05\/Sindone-2.jpg 438w, https:\/\/www.rassegnastampa-totustuus.it\/cattolica\/wp-content\/uploads\/2005\/05\/Sindone-2-300x78.jpg 300w\" sizes=\"auto, (max-width: 438px) 100vw, 438px\" \/><\/figure><\/div>\n\n\n<p>Sottovalutando (ed \u00e8 singolare per un \u00abpastore d\u2019anime\u00bb) il devastante effetto che sul popolo dei credenti avrebbe avuto quella datazione medievale, a un giornalista che l\u2019interrogava si spinse a dire testualmente: \u00abSpero che nessuno fantastichi di una Chiesa costernata e affranta. sarebbe troppo bello se i nostri problemi e se le nostre preoccupazioni fossero tanto lievi!\u00bb.<\/p>\n\n\n\n<p>A conferma della libert\u00e0 che vige oggi nella Chiesa, gi\u00e0 la domenica successiva a quella conferenza stampa, sulla prima pagina del quotidiano dei vescovi italiani &#8211; <em>Avvenire<\/em> &#8211; potevo avanzare delle perplesse quanto precise domande a un arcivescovo, per giunta cardinale: era davvero sicuro, Sua Eminenza (pericolosamente lodato da <em>Repubblica<\/em> come un \u00ab illuminista con la porpora\u00bb) che quei risultati non avessero davvero importanza pastorale? Era certo che sarebbero stati accettati senza discutere dalla base di quella Chiesa che ai suoi fedeli, da secoli, proponeva la Sindone come oggetto di culto, da venerare? La massa di lettere d\u2019assenso da cui fui subito investito mi conferm\u00f2 che l\u2019ironico <em>understatement <\/em>del \u00abCustode della Sindone\u00bb non era affatto gradito dal mondo cattolico \u00abprofondo\u00bb.<\/p>\n\n\n\n<p>Scrisse con amarezza uno scrittore credente: \u00abFinch\u00e9 quel telo fu in mano ai Savoia, fu forse strumentalizzato a fini dinastici, ma fu anche venerato e rispettato. Non appena pass\u00f2 &#8211; nel 1983, per testamento di Umberto II &#8211; nelle mani degli uomini della Chiesa d\u2019oggi, degli attuali &#8220;illuministi&#8221; in <em>clergy-man <\/em>, fu subito gettato senza cautela n\u00e9 preoccupazione in mano ai presunti &#8220;scienziati di fama internazionale&#8221; che si rivelarono volgari <em>vu\u2019 cumpr\u00e0<\/em>, golosi di interviste a pagamento e probabilmente mossi anche dal loro odio anticattolico.<\/p>\n\n\n\n<p>Non solo: lo stesso arcivescovo di Torino, che mai aveva pensato di convocare i giornalisti per annunciare le molte, clamorose scoperte che testimoniavano l\u2019autenticit\u00e0 della Sindone, si affrett\u00f2 a leggere egli stesso &#8211; in una conferenza stampa da lui convocata &#8211; il documento che riduceva il Telo venerato a volgare falso medievale\u00bb.<\/p>\n\n\n<div class=\"wp-block-image\">\n<figure class=\"aligncenter is-resized\"><img loading=\"lazy\" decoding=\"async\" width=\"203\" height=\"249\" src=\"https:\/\/www.rassegnastampa-totustuus.it\/cattolica\/wp-content\/uploads\/2010\/04\/sindone.png\" alt=\"sindone\" class=\"wp-image-20837\" style=\"width:273px;height:auto\"\/><\/figure><\/div>\n\n\n<p>Parole dure. Forse giustificate, per\u00f2, da un altro fatto sconcertante: il cardinale che la Chiesa aveva nominato ufficialmente \u00abCustode\u00bb della Sindone, proprio in quel <em>press meeting<\/em>, rivelava di non avere mai creduto che si trattasse del lenzuolo di Cristo, ma di avervi sempre scorto soltanto un\u2019\u00abicona\u00bb, una immagine di incerta origine, pur suggestiva. malgrado ci\u00f2, aggiungeva quasi a beffa, i cattolici dovevano continuare a venerarla, come se niente fosse.<\/p>\n\n\n\n<p>Ma una cosa soprattutto i sindonologi rimproverano a questo \u00abCustode che non custod\u00ec\u00bb, forse per l\u2019ingenuit\u00e0 tipica dei vecchi religiosi; o, forse, addirittura, per il desiderio di \u00abdeclassare\u00bb un Oggetto che non rientrava nella sua spiritualit\u00e0 di carmelitano passato attraverso il travaglio confuso della \u00abdemonizzazione\u00bb postconciliare, con i relativi complessi di inferiorit\u00e0 e di trepida reverenza per \u00abla Scienza moderna\u00bb.<\/p>\n\n\n\n<p>Gli si rimprovera anzitutto, dicevamo, di aver scambiato il test del C14 come una definitiva \u00abprova del nove\u00bb della verit\u00e0 o della \u00abfalsit\u00e0\u00bb sindonica. E invece &#8211; stando al parere unanime di esperti insospettabili &#8211; il radiocarbonio non \u00e8 che un mezzo settoriale, andava coordinato in modo multidisciplinare con i moltissimi altri risultati gi\u00e0 acquisiti (altrettanto \u00abscientifici\u00bb, se non di pi\u00f9) che mostrano quale enigma si celi dentro questo tessuto.<\/p>\n\n\n\n<p>In effetti, la presunta datazione medievale non solo non svela l\u2019enigma del Lenzuolo, ma lo rende pi\u00f9 fitto: la scienza (se scienza fu davvero quella dei laboratori cui la Chiesa di Torino diede troppa fiducia) \u00e8 entrata in contraddizione con la stessa scienza che ha guidato oltre un secolo di ricerche sindonologiche rigorose.<\/p>\n\n\n\n<p>Un problema troppo complesso, comunque, per essere sbrigato dai frizzi e dalle battute di un vecchio uomo di Chiesa allergico alle reliquie, convinto cos\u00ec di \u00abessere in sintonia con l\u2019uomo d\u2019oggi\u00bb e, forse, desideroso di andarsene in pensione a pregare e predicare da buon carmelitano scalzo smarrito davanti a un caos di un mondo non pi\u00f9 suo.<\/p>\n\n\n\n<p><\/p>\n","protected":false},"excerpt":{"rendered":"<p>Sette, supplemento del Corriere della Sera del 17 novembre 1994 Doveva tutelare un oggetto venerato da milioni di credenti. E invece\u2026 L\u2019accusa di un famoso scrittore al cardinale Ballestrero di Vittorio Messori<\/p><p><a class=\"more-link btn\" href=\"https:\/\/www.rassegnastampa-totustuus.it\/cattolica\/il-custode-che-non-custod\/\">Continua a leggere<\/a><\/p>\n","protected":false},"author":6,"featured_media":35592,"comment_status":"closed","ping_status":"open","sticky":false,"template":"","format":"standard","meta":{"footnotes":""},"categories":[5],"tags":[565,1735],"class_list":["post-396","post","type-post","status-publish","format-standard","has-post-thumbnail","hentry","category-chiesa","tag-reliquie","tag-sindone","item-wrap"],"yoast_head":"<!-- This site is optimized with the Yoast SEO plugin v27.5 - https:\/\/yoast.com\/product\/yoast-seo-wordpress\/ -->\n<title>Il custode che non custod&igrave; - Rassegna Stampa Cattolica<\/title>\n<meta name=\"description\" content=\"Il custode che non custod\u00ec. Doveva tutelare un oggetto venerato da milioni di credenti. E invece\u2026 L&#039;accusa al cardinale Ballestrero\" \/>\n<meta name=\"robots\" content=\"index, follow, max-snippet:-1, max-image-preview:large, max-video-preview:-1\" \/>\n<link rel=\"canonical\" href=\"https:\/\/www.rassegnastampa-totustuus.it\/cattolica\/il-custode-che-non-custod\/\" \/>\n<meta property=\"og:locale\" content=\"it_IT\" \/>\n<meta property=\"og:type\" content=\"article\" \/>\n<meta property=\"og:title\" content=\"Il custode che non custod&igrave; - Rassegna Stampa Cattolica\" \/>\n<meta property=\"og:description\" content=\"Il custode che non custod\u00ec. Doveva tutelare un oggetto venerato da milioni di credenti. E invece\u2026 L&#039;accusa al cardinale Ballestrero\" \/>\n<meta property=\"og:url\" content=\"https:\/\/www.rassegnastampa-totustuus.it\/cattolica\/il-custode-che-non-custod\/\" \/>\n<meta property=\"og:site_name\" content=\"Rassegna Stampa Cattolica\" \/>\n<meta property=\"article:publisher\" content=\"https:\/\/www.facebook.com\/rassegnastampacattolica\" \/>\n<meta property=\"article:published_time\" content=\"2005-05-04T14:47:23+00:00\" \/>\n<meta property=\"article:modified_time\" content=\"2025-07-13T14:46:44+00:00\" \/>\n<meta property=\"og:image\" content=\"https:\/\/www.rassegnastampa-totustuus.it\/cattolica\/wp-content\/uploads\/2005\/05\/Ballestrero_Sindone.jpg\" \/>\n\t<meta property=\"og:image:width\" content=\"238\" \/>\n\t<meta property=\"og:image:height\" content=\"205\" \/>\n\t<meta property=\"og:image:type\" content=\"image\/jpeg\" \/>\n<meta name=\"author\" content=\"Redazione\" \/>\n<meta name=\"twitter:card\" content=\"summary_large_image\" \/>\n<meta name=\"twitter:creator\" content=\"@rassegnastampa9\" \/>\n<meta name=\"twitter:site\" content=\"@rassegnastampa9\" \/>\n<meta name=\"twitter:label1\" content=\"Scritto da\" \/>\n\t<meta name=\"twitter:data1\" content=\"Redazione\" \/>\n\t<meta name=\"twitter:label2\" content=\"Tempo di lettura stimato\" \/>\n\t<meta name=\"twitter:data2\" content=\"6 minuti\" \/>\n<script type=\"application\/ld+json\" class=\"yoast-schema-graph\">{\"@context\":\"https:\\\/\\\/schema.org\",\"@graph\":[{\"@type\":\"Article\",\"@id\":\"https:\\\/\\\/www.rassegnastampa-totustuus.it\\\/cattolica\\\/il-custode-che-non-custod\\\/#article\",\"isPartOf\":{\"@id\":\"https:\\\/\\\/www.rassegnastampa-totustuus.it\\\/cattolica\\\/il-custode-che-non-custod\\\/\"},\"author\":{\"name\":\"Redazione\",\"@id\":\"https:\\\/\\\/www.rassegnastampa-totustuus.it\\\/cattolica\\\/#\\\/schema\\\/person\\\/08f319d2bd1a0904ad9e2bfb7b15e5c3\"},\"headline\":\"Il custode che non custod&igrave;\",\"datePublished\":\"2005-05-04T14:47:23+00:00\",\"dateModified\":\"2025-07-13T14:46:44+00:00\",\"mainEntityOfPage\":{\"@id\":\"https:\\\/\\\/www.rassegnastampa-totustuus.it\\\/cattolica\\\/il-custode-che-non-custod\\\/\"},\"wordCount\":945,\"publisher\":{\"@id\":\"https:\\\/\\\/www.rassegnastampa-totustuus.it\\\/cattolica\\\/#organization\"},\"image\":{\"@id\":\"https:\\\/\\\/www.rassegnastampa-totustuus.it\\\/cattolica\\\/il-custode-che-non-custod\\\/#primaryimage\"},\"thumbnailUrl\":\"https:\\\/\\\/www.rassegnastampa-totustuus.it\\\/cattolica\\\/wp-content\\\/uploads\\\/2005\\\/05\\\/Ballestrero_Sindone.jpg\",\"keywords\":[\"reliquie\",\"Sindone\"],\"articleSection\":[\"Chiesa\"],\"inLanguage\":\"it-IT\"},{\"@type\":\"WebPage\",\"@id\":\"https:\\\/\\\/www.rassegnastampa-totustuus.it\\\/cattolica\\\/il-custode-che-non-custod\\\/\",\"url\":\"https:\\\/\\\/www.rassegnastampa-totustuus.it\\\/cattolica\\\/il-custode-che-non-custod\\\/\",\"name\":\"Il custode che non custod&igrave; - Rassegna Stampa Cattolica\",\"isPartOf\":{\"@id\":\"https:\\\/\\\/www.rassegnastampa-totustuus.it\\\/cattolica\\\/#website\"},\"primaryImageOfPage\":{\"@id\":\"https:\\\/\\\/www.rassegnastampa-totustuus.it\\\/cattolica\\\/il-custode-che-non-custod\\\/#primaryimage\"},\"image\":{\"@id\":\"https:\\\/\\\/www.rassegnastampa-totustuus.it\\\/cattolica\\\/il-custode-che-non-custod\\\/#primaryimage\"},\"thumbnailUrl\":\"https:\\\/\\\/www.rassegnastampa-totustuus.it\\\/cattolica\\\/wp-content\\\/uploads\\\/2005\\\/05\\\/Ballestrero_Sindone.jpg\",\"datePublished\":\"2005-05-04T14:47:23+00:00\",\"dateModified\":\"2025-07-13T14:46:44+00:00\",\"description\":\"Il custode che non custod\u00ec. Doveva tutelare un oggetto venerato da milioni di credenti. E invece\u2026 L'accusa al cardinale Ballestrero\",\"breadcrumb\":{\"@id\":\"https:\\\/\\\/www.rassegnastampa-totustuus.it\\\/cattolica\\\/il-custode-che-non-custod\\\/#breadcrumb\"},\"inLanguage\":\"it-IT\",\"potentialAction\":[{\"@type\":\"ReadAction\",\"target\":[\"https:\\\/\\\/www.rassegnastampa-totustuus.it\\\/cattolica\\\/il-custode-che-non-custod\\\/\"]}]},{\"@type\":\"ImageObject\",\"inLanguage\":\"it-IT\",\"@id\":\"https:\\\/\\\/www.rassegnastampa-totustuus.it\\\/cattolica\\\/il-custode-che-non-custod\\\/#primaryimage\",\"url\":\"https:\\\/\\\/www.rassegnastampa-totustuus.it\\\/cattolica\\\/wp-content\\\/uploads\\\/2005\\\/05\\\/Ballestrero_Sindone.jpg\",\"contentUrl\":\"https:\\\/\\\/www.rassegnastampa-totustuus.it\\\/cattolica\\\/wp-content\\\/uploads\\\/2005\\\/05\\\/Ballestrero_Sindone.jpg\",\"width\":238,\"height\":205},{\"@type\":\"BreadcrumbList\",\"@id\":\"https:\\\/\\\/www.rassegnastampa-totustuus.it\\\/cattolica\\\/il-custode-che-non-custod\\\/#breadcrumb\",\"itemListElement\":[{\"@type\":\"ListItem\",\"position\":1,\"name\":\"Home\",\"item\":\"https:\\\/\\\/www.rassegnastampa-totustuus.it\\\/cattolica\\\/\"},{\"@type\":\"ListItem\",\"position\":2,\"name\":\"Il custode che non custod&igrave;\"}]},{\"@type\":\"WebSite\",\"@id\":\"https:\\\/\\\/www.rassegnastampa-totustuus.it\\\/cattolica\\\/#website\",\"url\":\"https:\\\/\\\/www.rassegnastampa-totustuus.it\\\/cattolica\\\/\",\"name\":\"Rassegna Stampa Cattolica\",\"description\":\"Per una cultura che nasce dalla Rivelazione cristiana in conformit\u00e0 alla tradizione e al Magistero della Chiesa in opposizione ad ogni relativismo e totalitarismo\",\"publisher\":{\"@id\":\"https:\\\/\\\/www.rassegnastampa-totustuus.it\\\/cattolica\\\/#organization\"},\"alternateName\":\"Rass. Cattolica\",\"potentialAction\":[{\"@type\":\"SearchAction\",\"target\":{\"@type\":\"EntryPoint\",\"urlTemplate\":\"https:\\\/\\\/www.rassegnastampa-totustuus.it\\\/cattolica\\\/?s={search_term_string}\"},\"query-input\":{\"@type\":\"PropertyValueSpecification\",\"valueRequired\":true,\"valueName\":\"search_term_string\"}}],\"inLanguage\":\"it-IT\"},{\"@type\":\"Organization\",\"@id\":\"https:\\\/\\\/www.rassegnastampa-totustuus.it\\\/cattolica\\\/#organization\",\"name\":\"Rassegna Stampa Cattolica\",\"url\":\"https:\\\/\\\/www.rassegnastampa-totustuus.it\\\/cattolica\\\/\",\"logo\":{\"@type\":\"ImageObject\",\"inLanguage\":\"it-IT\",\"@id\":\"https:\\\/\\\/www.rassegnastampa-totustuus.it\\\/cattolica\\\/#\\\/schema\\\/logo\\\/image\\\/\",\"url\":\"https:\\\/\\\/www.rassegnastampa-totustuus.it\\\/cattolica\\\/wp-content\\\/uploads\\\/2014\\\/04\\\/logo-rassegna1.gif\",\"contentUrl\":\"https:\\\/\\\/www.rassegnastampa-totustuus.it\\\/cattolica\\\/wp-content\\\/uploads\\\/2014\\\/04\\\/logo-rassegna1.gif\",\"width\":600,\"height\":163,\"caption\":\"Rassegna Stampa Cattolica\"},\"image\":{\"@id\":\"https:\\\/\\\/www.rassegnastampa-totustuus.it\\\/cattolica\\\/#\\\/schema\\\/logo\\\/image\\\/\"},\"sameAs\":[\"https:\\\/\\\/www.facebook.com\\\/rassegnastampacattolica\",\"https:\\\/\\\/x.com\\\/rassegnastampa9\"]},{\"@type\":\"Person\",\"@id\":\"https:\\\/\\\/www.rassegnastampa-totustuus.it\\\/cattolica\\\/#\\\/schema\\\/person\\\/08f319d2bd1a0904ad9e2bfb7b15e5c3\",\"name\":\"Redazione\",\"image\":{\"@type\":\"ImageObject\",\"inLanguage\":\"it-IT\",\"@id\":\"https:\\\/\\\/secure.gravatar.com\\\/avatar\\\/2fcdf27c78ea025fbdb44e914cc63c72249ffec9dc8aafd5c82b26240ef3f346?s=96&d=mm&r=g\",\"url\":\"https:\\\/\\\/secure.gravatar.com\\\/avatar\\\/2fcdf27c78ea025fbdb44e914cc63c72249ffec9dc8aafd5c82b26240ef3f346?s=96&d=mm&r=g\",\"contentUrl\":\"https:\\\/\\\/secure.gravatar.com\\\/avatar\\\/2fcdf27c78ea025fbdb44e914cc63c72249ffec9dc8aafd5c82b26240ef3f346?s=96&d=mm&r=g\",\"caption\":\"Redazione\"},\"url\":\"https:\\\/\\\/www.rassegnastampa-totustuus.it\\\/cattolica\\\/author\\\/pietroelle\\\/\"}]}<\/script>\n<!-- \/ Yoast SEO plugin. -->","yoast_head_json":{"title":"Il custode che non custod&igrave; - Rassegna Stampa Cattolica","description":"Il custode che non custod\u00ec. Doveva tutelare un oggetto venerato da milioni di credenti. E invece\u2026 L'accusa al cardinale Ballestrero","robots":{"index":"index","follow":"follow","max-snippet":"max-snippet:-1","max-image-preview":"max-image-preview:large","max-video-preview":"max-video-preview:-1"},"canonical":"https:\/\/www.rassegnastampa-totustuus.it\/cattolica\/il-custode-che-non-custod\/","og_locale":"it_IT","og_type":"article","og_title":"Il custode che non custod&igrave; - Rassegna Stampa Cattolica","og_description":"Il custode che non custod\u00ec. Doveva tutelare un oggetto venerato da milioni di credenti. E invece\u2026 L'accusa al cardinale Ballestrero","og_url":"https:\/\/www.rassegnastampa-totustuus.it\/cattolica\/il-custode-che-non-custod\/","og_site_name":"Rassegna Stampa Cattolica","article_publisher":"https:\/\/www.facebook.com\/rassegnastampacattolica","article_published_time":"2005-05-04T14:47:23+00:00","article_modified_time":"2025-07-13T14:46:44+00:00","og_image":[{"width":238,"height":205,"url":"https:\/\/www.rassegnastampa-totustuus.it\/cattolica\/wp-content\/uploads\/2005\/05\/Ballestrero_Sindone.jpg","type":"image\/jpeg"}],"author":"Redazione","twitter_card":"summary_large_image","twitter_creator":"@rassegnastampa9","twitter_site":"@rassegnastampa9","twitter_misc":{"Scritto da":"Redazione","Tempo di lettura stimato":"6 minuti"},"schema":{"@context":"https:\/\/schema.org","@graph":[{"@type":"Article","@id":"https:\/\/www.rassegnastampa-totustuus.it\/cattolica\/il-custode-che-non-custod\/#article","isPartOf":{"@id":"https:\/\/www.rassegnastampa-totustuus.it\/cattolica\/il-custode-che-non-custod\/"},"author":{"name":"Redazione","@id":"https:\/\/www.rassegnastampa-totustuus.it\/cattolica\/#\/schema\/person\/08f319d2bd1a0904ad9e2bfb7b15e5c3"},"headline":"Il custode che non custod&igrave;","datePublished":"2005-05-04T14:47:23+00:00","dateModified":"2025-07-13T14:46:44+00:00","mainEntityOfPage":{"@id":"https:\/\/www.rassegnastampa-totustuus.it\/cattolica\/il-custode-che-non-custod\/"},"wordCount":945,"publisher":{"@id":"https:\/\/www.rassegnastampa-totustuus.it\/cattolica\/#organization"},"image":{"@id":"https:\/\/www.rassegnastampa-totustuus.it\/cattolica\/il-custode-che-non-custod\/#primaryimage"},"thumbnailUrl":"https:\/\/www.rassegnastampa-totustuus.it\/cattolica\/wp-content\/uploads\/2005\/05\/Ballestrero_Sindone.jpg","keywords":["reliquie","Sindone"],"articleSection":["Chiesa"],"inLanguage":"it-IT"},{"@type":"WebPage","@id":"https:\/\/www.rassegnastampa-totustuus.it\/cattolica\/il-custode-che-non-custod\/","url":"https:\/\/www.rassegnastampa-totustuus.it\/cattolica\/il-custode-che-non-custod\/","name":"Il custode che non custod&igrave; - Rassegna Stampa Cattolica","isPartOf":{"@id":"https:\/\/www.rassegnastampa-totustuus.it\/cattolica\/#website"},"primaryImageOfPage":{"@id":"https:\/\/www.rassegnastampa-totustuus.it\/cattolica\/il-custode-che-non-custod\/#primaryimage"},"image":{"@id":"https:\/\/www.rassegnastampa-totustuus.it\/cattolica\/il-custode-che-non-custod\/#primaryimage"},"thumbnailUrl":"https:\/\/www.rassegnastampa-totustuus.it\/cattolica\/wp-content\/uploads\/2005\/05\/Ballestrero_Sindone.jpg","datePublished":"2005-05-04T14:47:23+00:00","dateModified":"2025-07-13T14:46:44+00:00","description":"Il custode che non custod\u00ec. Doveva tutelare un oggetto venerato da milioni di credenti. E invece\u2026 L'accusa al cardinale Ballestrero","breadcrumb":{"@id":"https:\/\/www.rassegnastampa-totustuus.it\/cattolica\/il-custode-che-non-custod\/#breadcrumb"},"inLanguage":"it-IT","potentialAction":[{"@type":"ReadAction","target":["https:\/\/www.rassegnastampa-totustuus.it\/cattolica\/il-custode-che-non-custod\/"]}]},{"@type":"ImageObject","inLanguage":"it-IT","@id":"https:\/\/www.rassegnastampa-totustuus.it\/cattolica\/il-custode-che-non-custod\/#primaryimage","url":"https:\/\/www.rassegnastampa-totustuus.it\/cattolica\/wp-content\/uploads\/2005\/05\/Ballestrero_Sindone.jpg","contentUrl":"https:\/\/www.rassegnastampa-totustuus.it\/cattolica\/wp-content\/uploads\/2005\/05\/Ballestrero_Sindone.jpg","width":238,"height":205},{"@type":"BreadcrumbList","@id":"https:\/\/www.rassegnastampa-totustuus.it\/cattolica\/il-custode-che-non-custod\/#breadcrumb","itemListElement":[{"@type":"ListItem","position":1,"name":"Home","item":"https:\/\/www.rassegnastampa-totustuus.it\/cattolica\/"},{"@type":"ListItem","position":2,"name":"Il custode che non custod&igrave;"}]},{"@type":"WebSite","@id":"https:\/\/www.rassegnastampa-totustuus.it\/cattolica\/#website","url":"https:\/\/www.rassegnastampa-totustuus.it\/cattolica\/","name":"Rassegna Stampa Cattolica","description":"Per una cultura che nasce dalla Rivelazione cristiana in conformit\u00e0 alla tradizione e al Magistero della Chiesa in opposizione ad ogni relativismo e totalitarismo","publisher":{"@id":"https:\/\/www.rassegnastampa-totustuus.it\/cattolica\/#organization"},"alternateName":"Rass. Cattolica","potentialAction":[{"@type":"SearchAction","target":{"@type":"EntryPoint","urlTemplate":"https:\/\/www.rassegnastampa-totustuus.it\/cattolica\/?s={search_term_string}"},"query-input":{"@type":"PropertyValueSpecification","valueRequired":true,"valueName":"search_term_string"}}],"inLanguage":"it-IT"},{"@type":"Organization","@id":"https:\/\/www.rassegnastampa-totustuus.it\/cattolica\/#organization","name":"Rassegna Stampa Cattolica","url":"https:\/\/www.rassegnastampa-totustuus.it\/cattolica\/","logo":{"@type":"ImageObject","inLanguage":"it-IT","@id":"https:\/\/www.rassegnastampa-totustuus.it\/cattolica\/#\/schema\/logo\/image\/","url":"https:\/\/www.rassegnastampa-totustuus.it\/cattolica\/wp-content\/uploads\/2014\/04\/logo-rassegna1.gif","contentUrl":"https:\/\/www.rassegnastampa-totustuus.it\/cattolica\/wp-content\/uploads\/2014\/04\/logo-rassegna1.gif","width":600,"height":163,"caption":"Rassegna Stampa Cattolica"},"image":{"@id":"https:\/\/www.rassegnastampa-totustuus.it\/cattolica\/#\/schema\/logo\/image\/"},"sameAs":["https:\/\/www.facebook.com\/rassegnastampacattolica","https:\/\/x.com\/rassegnastampa9"]},{"@type":"Person","@id":"https:\/\/www.rassegnastampa-totustuus.it\/cattolica\/#\/schema\/person\/08f319d2bd1a0904ad9e2bfb7b15e5c3","name":"Redazione","image":{"@type":"ImageObject","inLanguage":"it-IT","@id":"https:\/\/secure.gravatar.com\/avatar\/2fcdf27c78ea025fbdb44e914cc63c72249ffec9dc8aafd5c82b26240ef3f346?s=96&d=mm&r=g","url":"https:\/\/secure.gravatar.com\/avatar\/2fcdf27c78ea025fbdb44e914cc63c72249ffec9dc8aafd5c82b26240ef3f346?s=96&d=mm&r=g","contentUrl":"https:\/\/secure.gravatar.com\/avatar\/2fcdf27c78ea025fbdb44e914cc63c72249ffec9dc8aafd5c82b26240ef3f346?s=96&d=mm&r=g","caption":"Redazione"},"url":"https:\/\/www.rassegnastampa-totustuus.it\/cattolica\/author\/pietroelle\/"}]}},"_links":{"self":[{"href":"https:\/\/www.rassegnastampa-totustuus.it\/cattolica\/wp-json\/wp\/v2\/posts\/396","targetHints":{"allow":["GET"]}}],"collection":[{"href":"https:\/\/www.rassegnastampa-totustuus.it\/cattolica\/wp-json\/wp\/v2\/posts"}],"about":[{"href":"https:\/\/www.rassegnastampa-totustuus.it\/cattolica\/wp-json\/wp\/v2\/types\/post"}],"author":[{"embeddable":true,"href":"https:\/\/www.rassegnastampa-totustuus.it\/cattolica\/wp-json\/wp\/v2\/users\/6"}],"replies":[{"embeddable":true,"href":"https:\/\/www.rassegnastampa-totustuus.it\/cattolica\/wp-json\/wp\/v2\/comments?post=396"}],"version-history":[{"count":3,"href":"https:\/\/www.rassegnastampa-totustuus.it\/cattolica\/wp-json\/wp\/v2\/posts\/396\/revisions"}],"predecessor-version":[{"id":63179,"href":"https:\/\/www.rassegnastampa-totustuus.it\/cattolica\/wp-json\/wp\/v2\/posts\/396\/revisions\/63179"}],"wp:featuredmedia":[{"embeddable":true,"href":"https:\/\/www.rassegnastampa-totustuus.it\/cattolica\/wp-json\/wp\/v2\/media\/35592"}],"wp:attachment":[{"href":"https:\/\/www.rassegnastampa-totustuus.it\/cattolica\/wp-json\/wp\/v2\/media?parent=396"}],"wp:term":[{"taxonomy":"category","embeddable":true,"href":"https:\/\/www.rassegnastampa-totustuus.it\/cattolica\/wp-json\/wp\/v2\/categories?post=396"},{"taxonomy":"post_tag","embeddable":true,"href":"https:\/\/www.rassegnastampa-totustuus.it\/cattolica\/wp-json\/wp\/v2\/tags?post=396"}],"curies":[{"name":"wp","href":"https:\/\/api.w.org\/{rel}","templated":true}]}}