{"id":3955,"date":"2010-07-21T10:09:43","date_gmt":"2010-07-21T08:09:43","guid":{"rendered":""},"modified":"2015-03-11T17:02:55","modified_gmt":"2015-03-11T16:02:55","slug":"guerra-ideologica-e-civile","status":"publish","type":"post","link":"https:\/\/www.rassegnastampa-totustuus.it\/cattolica\/guerra-ideologica-e-civile\/","title":{"rendered":"Guerra ideologica e civile"},"content":{"rendered":"<div style=\"text-align: center;\"><strong><a href=\"https:\/\/www.rassegnastampa-totustuus.it\/cattolica\/wp-content\/uploads\/2010\/07\/Repubblica_sociale.jpg\"><img loading=\"lazy\" decoding=\"async\" class=\"alignleft wp-image-21292\" src=\"https:\/\/www.rassegnastampa-totustuus.it\/cattolica\/wp-content\/uploads\/2010\/07\/Repubblica_sociale.jpg\" alt=\"Repubblica_sociale\" width=\"200\" height=\"250\" \/><\/a>Il Timone<\/strong> n. 95 Luglio-Agosto 2010<\/div>\n<p style=\"text-align: justify;\"><em>Gli aspetti principali di un conflitto che divide gli italiani fra partigiani, non solo e non tutti comunisti, fascisti e la grande maggioranza immune dalle ideologie<\/em><\/p>\n<p style=\"text-align: center;\">di <strong>Oscar Sanguinetti<\/strong><\/p>\n<p style=\"text-align: justify;\">Il 25 luglio del 1943 il regime fascista viene liquidato &#8211; e in parte si autoliquida &#8211; per consentire al Re Vittorio Emanuele III e al generale Pietro Badoglio di giungere a un armistizio con gli anglo-americani. Lo &#8220;sganciamento&#8221; dall&#8217;alleato tedesco fra il <em>25 <\/em>luglio e l&#8217;8 settembre sar\u00e0 tuttavia &#8220;gestito&#8221; da Badoglio in maniera avventata e catastrofica.<\/p>\n<p><!--more--><\/p>\n<p style=\"text-align: justify;\">In quei drammatici giorni si sfascia non solo l&#8217;esercito, ma anche lo Stato nazionale. Tutti fuggono dalle loro responsabilit\u00e0, tranne le autorit\u00e0 sociali di sempre: i gendarmi, i vescovi e i parroci, le organizzazioni religiose, le famiglie. Essi, quando non dovranno sacrificarsi in prima persona &#8211; come il carabiniere beato Salvo d&#8217;Acquisto -, faranno l&#8217;impossibile per aiutare, come poco dopo con gli ebrei, i malcapitati soldati italiani e gli ex prigionieri alleati a sottrarsi alle retate tedesche.<\/p>\n<p style=\"text-align: justify;\"><strong>Due Italie<\/strong><\/p>\n<p style=\"text-align: justify;\">La duplice occupazione taglia l&#8217;Italia in due: al sud, sotto l&#8217;egida angloamericana, tornano a governare i partiti antifascisti, presto egemonizzati dal &#8220;partito nuovo&#8221; del leader comunista Palmiro Togliatti. Le regioni centro-settentrionali cadono invece sotto il tallone dell&#8217;occupante tedesco, inferocito per il tradimento subito, che gli ha imposto di distogliere preziose truppe di <em>\u00e9lite <\/em>dal critico fronte russo.<\/p>\n<p style=\"text-align: justify;\">Al nord, e per qualche mese anche al centro, su pressione di Adolf Hitler si forma un nuovo Stato, la Repubblica Sociale Italiana, guidata da Benito Mussolini. I ceti dirigenti italiani, intuendo gli esiti futuri, si mostreranno assai tiepidi verso il governo neo-fascista, che si trover\u00e0 sostenuto dai militanti pi\u00f9 irriducibili, ma anche da uno stuolo di galantuomini, che aderiranno per senso dell&#8217;onore e di responsabilit\u00e0.<\/p>\n<p style=\"text-align: justify;\">Grazie alla funzione di cuscinetto esercitata dalla Repubblica, pur fatalmente menomata nelle sue prerogative <em>e <\/em>partecipe delle peggiori scelte &#8211; per esempio antisemitiche, sebbene con molte eccezioni &#8211; dell&#8217;occupante nazionalsocialista, il desiderio di rivalsa di quest&#8217;ultimo sar\u00e0 almeno contenuto, l&#8217;Italia non sar\u00e0 trattata come la Polonia, la vita sociale potr\u00e0 svolgersi in un relativo ordine, preziose risorse economiche e artistiche del Paese saranno risparmiate.<\/p>\n<p style=\"text-align: justify;\">Tuttavia, quello che domina innegabilmente nel Paese occupato \u00e8 quell&#8217;atteggiamento attendista, quella &#8220;zona grigia&#8221;, di cui ha parlato, con grande scandalo a suo tempo, il maggiore storico del fascismo, Renzo de Felice. Nel drammatico scenario di degrado e di demoralizzazione dell&#8217;autunno del 1943 tuttavia matura in molti il desiderio di reagire e, quindi, l&#8217;esigenza di schierarsi.<\/p>\n<p style=\"text-align: justify;\">Mai come allora, per\u00f2, fu arduo capire dove si trovava l&#8217;onore della nazione. Vi \u00e8 chi, magari dopo anni di dura guerra, invece di tornarsene a casa, sceglie di rimpatriare o di attraversare il fronte per entrare nell&#8217;esercito repubblicano, ricostituito dal generale Rodolfo Graziani, o nelle milizie fasciste. Altri, invece, vedono la rinascita del Paese nella liberazione dell&#8217;Italia dai nazionalsocialisti e dal fascismo e decideranno di arruolarsi in ci\u00f2 che restava dell&#8217;esercito regio o di combattere nelle formazioni partigiane.<\/p>\n<p style=\"text-align: justify;\"><strong>Una guerra civile<\/strong><\/p>\n<p style=\"text-align: justify;\">Il primo nucleo &#8211; e il grosso &#8211; della Resistenza partigiana si forma proprio dai brandelli dell&#8217;esercito che all&#8217;indomani dell&#8217;8 settembre riescono a sottrarsi alla cattura fuggendo sulle montagne. A loro si affiancano presto le formazioni dei partiti: i radicalsocialisti di Giustizia e Libert\u00e0, gruppi cattolici come le Fiamme Verdi, reparti monarchici e, infine, il gruppo pi\u00f9 numeroso, le Brigate Garibaldi, espressione militare del partito comunista.<\/p>\n<p style=\"text-align: justify;\"><a href=\"https:\/\/www.rassegnastampa-totustuus.it\/cattolica\/wp-content\/uploads\/2010\/07\/partigiani.jpg\"><img loading=\"lazy\" decoding=\"async\" class=\"alignright wp-image-21293\" src=\"https:\/\/www.rassegnastampa-totustuus.it\/cattolica\/wp-content\/uploads\/2010\/07\/partigiani.jpg\" alt=\"partigiani\" width=\"250\" height=\"159\" \/><\/a>Nelle campagne e sui monti la guerriglia partigiana (si diffonde a macchia d&#8217;olio a misura che il fronte si avvicina al nord e in alcuni casi i ribelli riescono a liberare per breve tempo alcune limitate aree del Paese, soprattutto in Emilia e in Piemonte.<\/p>\n<p style=\"text-align: justify;\">In uno scenario che assume nitidamente i tratti di una guerra civile fra opposte &#8211; ancorch\u00e9 non del tutto dissimili &#8211; ideologie, qualcuno, i comunisti, decide di cogliere l&#8217;occasione per trasformare la lotta di liberazione in guerra rivoluzionaria, allo scopo di rovesciare i poteri costituiti e per costruire quell\u2019 \u201cItalia rossa&#8221; che per molti decenni \u00e8 stata il sogno proibito della sinistra estrema.<\/p>\n<p style=\"text-align: justify;\">L&#8217;attentato dinamitardo del 23 marzo 1944 in via Rasella, a Roma, funge da evento-simbolo dell&#8217;inizio di questo tragico percorso. Mentre Togliatti, vice-presidente del secondo governo Badoglio, accetta la monarchia e si atteggia a &#8220;moderato&#8221;, nelle citt\u00e0 del nord i Gruppi di azione patriottica (GAP) e le Squadre di azione patriottica (SAP) attuano una catena interminabile di attentati terroristici e di assassini di dirigenti e di quadri fascisti.<\/p>\n<p style=\"text-align: justify;\">A questa ondata di terrore il regime repubblicano, superata la sorpresa e il disgusto iniziali per l&#8217;attacco fratricida, risponder\u00e0 con un&#8217;ondata di rappresaglie di pari violenza: retate, fucilazioni, carcerazioni, torture sempre pi\u00f9 numerose e frequenti avvieranno una gigantesca spirale di violenza di giorno in giorno pi\u00f9 irrefrenabile e brutale.<\/p>\n<p style=\"text-align: justify;\">La reazione alle molestie delle bande partigiane e agli atti di terrorismo delle formazioni di guerriglia rosse si fa pi\u00f9 aspra a mano a mano che il conflitto volge al peggio per l&#8217;Asse. Agli orrori della guerra civile, si aggiungono le stragi di civili perpetrati dalla <em>Wehrmacht <\/em>e dalle SS lungo le vie di ritirata verso nord, che contribuiranno ad approfondire quel solco di rancore e di odio che lacerer\u00e0 durevolmente il Paese.<\/p>\n<p style=\"text-align: justify;\"><a href=\"https:\/\/www.rassegnastampa-totustuus.it\/cattolica\/wp-content\/uploads\/2009\/05\/partigiani.jpg\"><img loading=\"lazy\" decoding=\"async\" class=\"alignleft wp-image-19499 size-full\" src=\"https:\/\/www.rassegnastampa-totustuus.it\/cattolica\/wp-content\/uploads\/2009\/05\/partigiani.jpg\" alt=\"partigiani\" width=\"240\" height=\"210\" \/><\/a>Ma l&#8217;odio civile \u00e8 proprio ci\u00f2 di cui il progetto di guerra rivoluzionaria si nutriva, nel suo sforzo di trasformare il risentimento antitedesco e antifascista in odio di parte e di classe che &#8220;preparasse&#8221; una radicale riforma politica del Paese. Nel dopoguerra si ricorderanno solo gli eccidi tedeschi e fascisti mentre cadranno nell&#8217;oblio i bombardamenti alleati, condotti anche ben oltre l&#8217;8 settembre, e gli orrori, imputabili a entrambe le parti, della guerra civile.<\/p>\n<p style=\"text-align: justify;\">Ma, soprattutto, si oscurer\u00e0 del tutto il colossale bagno di sangue &#8211; che solo ora, con gli studi di Giampaolo Pansa, inizia ad arrivare al grande pubblico nella sua enorme tragicit\u00e0 &#8211; in cui negli anni dal 1945 al 1948 &#8211; quindi a ostilit\u00e0 cessate &#8211; i &#8220;tribunali del popolo&#8221; e le &#8220;volanti rosse&#8221; comunisti immergono ampie zone del Paese, facendo decine di migliaia di vittime.<\/p>\n<p style=\"text-align: justify;\">E non solo fra uomini <em>e <\/em>donne gi\u00e0 fascisti &#8211; chi non lo era stato nel Ventennio? e quanti &#8220;afascisti&#8221; avevano servito la Repubblica di Mussolini per il bene dell&#8217;Italia? -, ma anche fra i concorrenti &#8211; la sinistra fascista delle formazioni repubblicane sconfitte &#8211; e i &#8220;nemici di classe&#8221;: gli agrari, gl&#8217;imprenditori, i notabili, i professionisti, gl&#8217;insegnanti, cio\u00e8 tutte quelle autorit\u00e0 spontanee, per lo pi\u00f9 moderate e cattoliche, che &#8220;dovevano&#8221; essere sottratte alla guida del Paese.<\/p>\n<p style=\"text-align: justify;\"><strong>La guerra fratricida<\/strong> <strong>e i bombardamenti &#8220;alleati&#8221;<\/strong><\/p>\n<p style=\"text-align: justify;\">Sulla resistenza anti-tedesca e anti-fascista \u00e8 stata costruita una spessa e tenace mitologia. \u00c8 vero: la nuova Italia nasce in gran parte dal sacrificio di molti nell&#8217;intento di riconquistare all&#8217;Italia la dignit\u00e0 di popolo libero. Ma vi \u00e8 anche chi, con finalit\u00e0 analoga se non identica, ha compiuto scelte diametralmente opposte e, alla lunga, non meno costose.<\/p>\n<p style=\"text-align: justify;\">Senza cadere nel relativismo, a scontro ormai chiuso e con il senno di poi si pu\u00f2 capire quale fosse allora la scelta da fare. Ma non si possono nascondere le conseguenze meno felici della scelta che ha prevalso e che non sono state tutte benefiche per la fibra morale del nostro popolo.<\/p>\n<p style=\"text-align: justify;\">N\u00e9 si pu\u00f2 negare che le libet\u00e0 repubblicane non sono soltanto frutto del sangue partigiano &#8211; circa 40mila combattenti caduti -, ma anche del sangue versato da migliaia di soldati americani, inglesi, francesi, italiani &#8211; 42mila caduti -, canadesi, polacchi, sudafricani, nordafricani: senza l&#8217;Ottava Armata nessuno avrebbe scacciato i tedeschi dall&#8217;Italia. E germinano altres\u00ec dal sacrificio oscuro delle migliaia di innocenti vittime delle bombe <em>e <\/em>degli strazi del conflitto civile: tutti soggetti ai quali della &#8220;democrazia popolare&#8221; nella quale il partito comunista voleva far i piombare l&#8217;Italia importava assai poco.<\/p>\n<p style=\"text-align: justify;\"><strong>L&#8217;uso politico della Resistenza<\/strong><\/p>\n<p style=\"text-align: justify;\">II paradigma antifascista e resistenziale, veicolato al pubblico in maniera sempre pi\u00f9 invasiva dopo l&#8217;ingresso al potere dei socialisti nel 1963, diverr\u00e0 da allora il grimaldello politico usato dai comunisti per emarginare sempre pi\u00f9 le &#8220;destre&#8221;, in una operazione cinica e spregiudicata che raggiunger\u00e0 l&#8217;apice negli anni del terrorismo rosso e nero, al tempo dei governi di &#8220;solidariet\u00e0 nazionale&#8221; della fine degli anni 1970.<\/p>\n<p style=\"text-align: justify;\">Dopo il 1989, in seguito alle vicende che porteranno a una nuova configurazione della politica italiana, il paradigma e il mito sono rimasti parte integrante, da un lato, dei moduli culturali di autolegittimazione dello Stato e, dall&#8217;altra, del patrimonio ideale di ci\u00f2 che rimane della sinistra e del radicalismo liberale e cattolico, ma non hanno pi\u00f9 avuto efficacia propulsiva strategica.<\/p>\n<p style=\"text-align: justify;\">Questo soprattutto perch\u00e9 &#8211; senza dimenticare i contributi pionieristici e di buona fattura di uomini pi\u00f9 o meno di destra come Giorgio Pisano, Piero Buscaroli, Giovanni Guareschi &#8211; la revisione storiografica intrapresa da studiosi non sospetti di fascismo, n\u00e9 in odore di &#8220;destra&#8221;, come Romolo Gobbi, Piero Paoletti, Giampaolo Pansa, Claudio Pavone, Ugo Finetti, Sergio Cotta, ha ormai demolito la leggenda, peraltro non inedita, di &#8220;un popolo oppresso&#8221; che, manzonianamente, &#8220;repente si desta, intende l&#8217;orecchio, solleva la testa&#8221; e impugna le armi a un sol uomo per liberarsi dal tiranno e dal crudele straniero a prezzo di fiumi di lacrime e di sangue.<a href=\"https:\/\/www.rassegnastampa-totustuus.it\/cattolica\/wp-content\/uploads\/2010\/07\/25_aprile_Pci.jpg\"><img loading=\"lazy\" decoding=\"async\" class=\"alignright wp-image-21296 size-full\" src=\"https:\/\/www.rassegnastampa-totustuus.it\/cattolica\/wp-content\/uploads\/2010\/07\/25_aprile_Pci.jpg\" alt=\"25_aprile_Pci\" width=\"160\" height=\"226\" \/><\/a><\/p>\n<p style=\"text-align: justify;\">Al contrario, la nuova storiografia ha ricondotto la vicenda resistenziale nei suoi giusti binari, dipingendola come un moto del tutto legittimo e auspicabile, ma di cui sono protagoniste minoranze ideologizzate e politicizzate. Cos\u00ec la Resistenza si manifesta a ridosso e a margine dell&#8217;iniziativa bellica degli Alleati, che il popolo, soprattutto i contadini, in fondo non ama, che, pur provocandolo, non riesce a infastidire pi\u00f9 di tanto l&#8217;esercito occupante e che agli Alleati costa pi\u00f9 del contributo che ne ricevono.<\/p>\n<p style=\"text-align: justify;\">Inoltre, altro e non secondario aspetto, l&#8217;immagine rivela anche che il moto \u00e8 innervato e deviato da una forza non meno totalitaria e sanguinaria del nazionalsocialismo, che opera in maniera divisiva e non pacificatoria perch\u00e9 coltiva obiettivi estranei alle radici del Paese, in un cinico disegno eversivo che non ha le mani del tutto pulite dal sangue fraterno e che pertanto, visto che nessuno finora ha fatto alcun <em>mea culpa, <\/em>continua tuttora a dividere gli italiani.<\/p>\n","protected":false},"excerpt":{"rendered":"<p>Il Timone n. 95 Luglio-Agosto 2010 Gli aspetti principali di un conflitto che divide gli italiani fra partigiani, non solo e non tutti comunisti, fascisti e la grande maggioranza immune dalle ideologie di Oscar Sanguinetti Il 25 luglio del 1943 il regime fascista viene liquidato &#8211; e in parte si autoliquida &#8211; per consentire al &hellip; <\/p>\n<p><a class=\"more-link btn\" href=\"https:\/\/www.rassegnastampa-totustuus.it\/cattolica\/guerra-ideologica-e-civile\/\">Continua a leggere<\/a><\/p>\n","protected":false},"author":6,"featured_media":21292,"comment_status":"closed","ping_status":"open","sticky":false,"template":"","format":"standard","meta":{"footnotes":""},"categories":[57,90,100,96],"tags":[866,1818],"class_list":["post-3955","post","type-post","status-publish","format-standard","has-post-thumbnail","hentry","category-filosofia","category-ii-guerra-mondiale","category-resistenza","category-storia-italiana","tag-partigiani","tag-repubblica-sociale","item-wrap"],"yoast_head":"<!-- This site is optimized with the Yoast SEO plugin v27.5 - https:\/\/yoast.com\/product\/yoast-seo-wordpress\/ -->\n<title>Guerra ideologica e civile - Rassegna Stampa Cattolica<\/title>\n<meta name=\"description\" content=\"Rassegna Stampa Cattolica - Per una cultura che nasce dalla Rivelazione cristiana in conformit\u00e0 alla tradizione e al Magistero della Chiesa in opposizione ad ogni relativismo e totalitarismo\" \/>\n<meta name=\"robots\" content=\"index, follow, max-snippet:-1, max-image-preview:large, max-video-preview:-1\" \/>\n<link rel=\"canonical\" href=\"https:\/\/www.rassegnastampa-totustuus.it\/cattolica\/guerra-ideologica-e-civile\/\" \/>\n<meta property=\"og:locale\" content=\"it_IT\" \/>\n<meta property=\"og:type\" content=\"article\" \/>\n<meta property=\"og:title\" content=\"Guerra ideologica e civile - Rassegna Stampa Cattolica\" \/>\n<meta property=\"og:description\" content=\"Rassegna Stampa Cattolica - Per una cultura che nasce dalla Rivelazione cristiana in conformit\u00e0 alla tradizione e al Magistero della Chiesa in opposizione ad ogni relativismo e totalitarismo\" \/>\n<meta property=\"og:url\" content=\"https:\/\/www.rassegnastampa-totustuus.it\/cattolica\/guerra-ideologica-e-civile\/\" \/>\n<meta property=\"og:site_name\" content=\"Rassegna Stampa Cattolica\" \/>\n<meta property=\"article:publisher\" content=\"https:\/\/www.facebook.com\/rassegnastampacattolica\" \/>\n<meta property=\"article:published_time\" content=\"2010-07-21T08:09:43+00:00\" \/>\n<meta property=\"article:modified_time\" content=\"2015-03-11T16:02:55+00:00\" \/>\n<meta property=\"og:image\" content=\"https:\/\/www.rassegnastampa-totustuus.it\/cattolica\/wp-content\/uploads\/2010\/07\/Repubblica_sociale.jpg\" \/>\n\t<meta property=\"og:image:width\" content=\"201\" \/>\n\t<meta property=\"og:image:height\" content=\"251\" \/>\n\t<meta property=\"og:image:type\" content=\"image\/jpeg\" \/>\n<meta name=\"author\" content=\"Redazione\" \/>\n<meta name=\"twitter:card\" content=\"summary_large_image\" \/>\n<meta name=\"twitter:creator\" content=\"@rassegnastampa9\" \/>\n<meta name=\"twitter:site\" content=\"@rassegnastampa9\" \/>\n<meta name=\"twitter:label1\" content=\"Scritto da\" \/>\n\t<meta name=\"twitter:data1\" content=\"Redazione\" \/>\n\t<meta name=\"twitter:label2\" content=\"Tempo di lettura stimato\" \/>\n\t<meta name=\"twitter:data2\" content=\"8 minuti\" \/>\n<script type=\"application\/ld+json\" class=\"yoast-schema-graph\">{\"@context\":\"https:\\\/\\\/schema.org\",\"@graph\":[{\"@type\":\"Article\",\"@id\":\"https:\\\/\\\/www.rassegnastampa-totustuus.it\\\/cattolica\\\/guerra-ideologica-e-civile\\\/#article\",\"isPartOf\":{\"@id\":\"https:\\\/\\\/www.rassegnastampa-totustuus.it\\\/cattolica\\\/guerra-ideologica-e-civile\\\/\"},\"author\":{\"name\":\"Redazione\",\"@id\":\"https:\\\/\\\/www.rassegnastampa-totustuus.it\\\/cattolica\\\/#\\\/schema\\\/person\\\/08f319d2bd1a0904ad9e2bfb7b15e5c3\"},\"headline\":\"Guerra ideologica e civile\",\"datePublished\":\"2010-07-21T08:09:43+00:00\",\"dateModified\":\"2015-03-11T16:02:55+00:00\",\"mainEntityOfPage\":{\"@id\":\"https:\\\/\\\/www.rassegnastampa-totustuus.it\\\/cattolica\\\/guerra-ideologica-e-civile\\\/\"},\"wordCount\":1696,\"publisher\":{\"@id\":\"https:\\\/\\\/www.rassegnastampa-totustuus.it\\\/cattolica\\\/#organization\"},\"image\":{\"@id\":\"https:\\\/\\\/www.rassegnastampa-totustuus.it\\\/cattolica\\\/guerra-ideologica-e-civile\\\/#primaryimage\"},\"thumbnailUrl\":\"https:\\\/\\\/www.rassegnastampa-totustuus.it\\\/cattolica\\\/wp-content\\\/uploads\\\/2010\\\/07\\\/Repubblica_sociale.jpg\",\"keywords\":[\"partigiani\",\"Repubblica sociale\"],\"articleSection\":[\"Filosofia\",\"II Guerra Mondiale\",\"Resistenza\",\"Storia italiana\"],\"inLanguage\":\"it-IT\"},{\"@type\":\"WebPage\",\"@id\":\"https:\\\/\\\/www.rassegnastampa-totustuus.it\\\/cattolica\\\/guerra-ideologica-e-civile\\\/\",\"url\":\"https:\\\/\\\/www.rassegnastampa-totustuus.it\\\/cattolica\\\/guerra-ideologica-e-civile\\\/\",\"name\":\"Guerra ideologica e civile - Rassegna Stampa Cattolica\",\"isPartOf\":{\"@id\":\"https:\\\/\\\/www.rassegnastampa-totustuus.it\\\/cattolica\\\/#website\"},\"primaryImageOfPage\":{\"@id\":\"https:\\\/\\\/www.rassegnastampa-totustuus.it\\\/cattolica\\\/guerra-ideologica-e-civile\\\/#primaryimage\"},\"image\":{\"@id\":\"https:\\\/\\\/www.rassegnastampa-totustuus.it\\\/cattolica\\\/guerra-ideologica-e-civile\\\/#primaryimage\"},\"thumbnailUrl\":\"https:\\\/\\\/www.rassegnastampa-totustuus.it\\\/cattolica\\\/wp-content\\\/uploads\\\/2010\\\/07\\\/Repubblica_sociale.jpg\",\"datePublished\":\"2010-07-21T08:09:43+00:00\",\"dateModified\":\"2015-03-11T16:02:55+00:00\",\"description\":\"Rassegna Stampa Cattolica - Per una cultura che nasce dalla Rivelazione cristiana in conformit\u00e0 alla tradizione e al Magistero della Chiesa in opposizione ad ogni relativismo e totalitarismo\",\"breadcrumb\":{\"@id\":\"https:\\\/\\\/www.rassegnastampa-totustuus.it\\\/cattolica\\\/guerra-ideologica-e-civile\\\/#breadcrumb\"},\"inLanguage\":\"it-IT\",\"potentialAction\":[{\"@type\":\"ReadAction\",\"target\":[\"https:\\\/\\\/www.rassegnastampa-totustuus.it\\\/cattolica\\\/guerra-ideologica-e-civile\\\/\"]}]},{\"@type\":\"ImageObject\",\"inLanguage\":\"it-IT\",\"@id\":\"https:\\\/\\\/www.rassegnastampa-totustuus.it\\\/cattolica\\\/guerra-ideologica-e-civile\\\/#primaryimage\",\"url\":\"https:\\\/\\\/www.rassegnastampa-totustuus.it\\\/cattolica\\\/wp-content\\\/uploads\\\/2010\\\/07\\\/Repubblica_sociale.jpg\",\"contentUrl\":\"https:\\\/\\\/www.rassegnastampa-totustuus.it\\\/cattolica\\\/wp-content\\\/uploads\\\/2010\\\/07\\\/Repubblica_sociale.jpg\",\"width\":201,\"height\":251},{\"@type\":\"BreadcrumbList\",\"@id\":\"https:\\\/\\\/www.rassegnastampa-totustuus.it\\\/cattolica\\\/guerra-ideologica-e-civile\\\/#breadcrumb\",\"itemListElement\":[{\"@type\":\"ListItem\",\"position\":1,\"name\":\"Home\",\"item\":\"https:\\\/\\\/www.rassegnastampa-totustuus.it\\\/cattolica\\\/\"},{\"@type\":\"ListItem\",\"position\":2,\"name\":\"Guerra ideologica e civile\"}]},{\"@type\":\"WebSite\",\"@id\":\"https:\\\/\\\/www.rassegnastampa-totustuus.it\\\/cattolica\\\/#website\",\"url\":\"https:\\\/\\\/www.rassegnastampa-totustuus.it\\\/cattolica\\\/\",\"name\":\"Rassegna Stampa Cattolica\",\"description\":\"Per una cultura che nasce dalla Rivelazione cristiana in conformit\u00e0 alla tradizione e al Magistero della Chiesa in opposizione ad ogni relativismo e totalitarismo\",\"publisher\":{\"@id\":\"https:\\\/\\\/www.rassegnastampa-totustuus.it\\\/cattolica\\\/#organization\"},\"alternateName\":\"Rass. Cattolica\",\"potentialAction\":[{\"@type\":\"SearchAction\",\"target\":{\"@type\":\"EntryPoint\",\"urlTemplate\":\"https:\\\/\\\/www.rassegnastampa-totustuus.it\\\/cattolica\\\/?s={search_term_string}\"},\"query-input\":{\"@type\":\"PropertyValueSpecification\",\"valueRequired\":true,\"valueName\":\"search_term_string\"}}],\"inLanguage\":\"it-IT\"},{\"@type\":\"Organization\",\"@id\":\"https:\\\/\\\/www.rassegnastampa-totustuus.it\\\/cattolica\\\/#organization\",\"name\":\"Rassegna Stampa Cattolica\",\"url\":\"https:\\\/\\\/www.rassegnastampa-totustuus.it\\\/cattolica\\\/\",\"logo\":{\"@type\":\"ImageObject\",\"inLanguage\":\"it-IT\",\"@id\":\"https:\\\/\\\/www.rassegnastampa-totustuus.it\\\/cattolica\\\/#\\\/schema\\\/logo\\\/image\\\/\",\"url\":\"https:\\\/\\\/www.rassegnastampa-totustuus.it\\\/cattolica\\\/wp-content\\\/uploads\\\/2014\\\/04\\\/logo-rassegna1.gif\",\"contentUrl\":\"https:\\\/\\\/www.rassegnastampa-totustuus.it\\\/cattolica\\\/wp-content\\\/uploads\\\/2014\\\/04\\\/logo-rassegna1.gif\",\"width\":600,\"height\":163,\"caption\":\"Rassegna Stampa Cattolica\"},\"image\":{\"@id\":\"https:\\\/\\\/www.rassegnastampa-totustuus.it\\\/cattolica\\\/#\\\/schema\\\/logo\\\/image\\\/\"},\"sameAs\":[\"https:\\\/\\\/www.facebook.com\\\/rassegnastampacattolica\",\"https:\\\/\\\/x.com\\\/rassegnastampa9\"]},{\"@type\":\"Person\",\"@id\":\"https:\\\/\\\/www.rassegnastampa-totustuus.it\\\/cattolica\\\/#\\\/schema\\\/person\\\/08f319d2bd1a0904ad9e2bfb7b15e5c3\",\"name\":\"Redazione\",\"image\":{\"@type\":\"ImageObject\",\"inLanguage\":\"it-IT\",\"@id\":\"https:\\\/\\\/secure.gravatar.com\\\/avatar\\\/2fcdf27c78ea025fbdb44e914cc63c72249ffec9dc8aafd5c82b26240ef3f346?s=96&d=mm&r=g\",\"url\":\"https:\\\/\\\/secure.gravatar.com\\\/avatar\\\/2fcdf27c78ea025fbdb44e914cc63c72249ffec9dc8aafd5c82b26240ef3f346?s=96&d=mm&r=g\",\"contentUrl\":\"https:\\\/\\\/secure.gravatar.com\\\/avatar\\\/2fcdf27c78ea025fbdb44e914cc63c72249ffec9dc8aafd5c82b26240ef3f346?s=96&d=mm&r=g\",\"caption\":\"Redazione\"},\"url\":\"https:\\\/\\\/www.rassegnastampa-totustuus.it\\\/cattolica\\\/author\\\/pietroelle\\\/\"}]}<\/script>\n<!-- \/ Yoast SEO plugin. -->","yoast_head_json":{"title":"Guerra ideologica e civile - Rassegna Stampa Cattolica","description":"Rassegna Stampa Cattolica - Per una cultura che nasce dalla Rivelazione cristiana in conformit\u00e0 alla tradizione e al Magistero della Chiesa in opposizione ad ogni relativismo e totalitarismo","robots":{"index":"index","follow":"follow","max-snippet":"max-snippet:-1","max-image-preview":"max-image-preview:large","max-video-preview":"max-video-preview:-1"},"canonical":"https:\/\/www.rassegnastampa-totustuus.it\/cattolica\/guerra-ideologica-e-civile\/","og_locale":"it_IT","og_type":"article","og_title":"Guerra ideologica e civile - Rassegna Stampa Cattolica","og_description":"Rassegna Stampa Cattolica - Per una cultura che nasce dalla Rivelazione cristiana in conformit\u00e0 alla tradizione e al Magistero della Chiesa in opposizione ad ogni relativismo e totalitarismo","og_url":"https:\/\/www.rassegnastampa-totustuus.it\/cattolica\/guerra-ideologica-e-civile\/","og_site_name":"Rassegna Stampa Cattolica","article_publisher":"https:\/\/www.facebook.com\/rassegnastampacattolica","article_published_time":"2010-07-21T08:09:43+00:00","article_modified_time":"2015-03-11T16:02:55+00:00","og_image":[{"width":201,"height":251,"url":"https:\/\/www.rassegnastampa-totustuus.it\/cattolica\/wp-content\/uploads\/2010\/07\/Repubblica_sociale.jpg","type":"image\/jpeg"}],"author":"Redazione","twitter_card":"summary_large_image","twitter_creator":"@rassegnastampa9","twitter_site":"@rassegnastampa9","twitter_misc":{"Scritto da":"Redazione","Tempo di lettura stimato":"8 minuti"},"schema":{"@context":"https:\/\/schema.org","@graph":[{"@type":"Article","@id":"https:\/\/www.rassegnastampa-totustuus.it\/cattolica\/guerra-ideologica-e-civile\/#article","isPartOf":{"@id":"https:\/\/www.rassegnastampa-totustuus.it\/cattolica\/guerra-ideologica-e-civile\/"},"author":{"name":"Redazione","@id":"https:\/\/www.rassegnastampa-totustuus.it\/cattolica\/#\/schema\/person\/08f319d2bd1a0904ad9e2bfb7b15e5c3"},"headline":"Guerra ideologica e civile","datePublished":"2010-07-21T08:09:43+00:00","dateModified":"2015-03-11T16:02:55+00:00","mainEntityOfPage":{"@id":"https:\/\/www.rassegnastampa-totustuus.it\/cattolica\/guerra-ideologica-e-civile\/"},"wordCount":1696,"publisher":{"@id":"https:\/\/www.rassegnastampa-totustuus.it\/cattolica\/#organization"},"image":{"@id":"https:\/\/www.rassegnastampa-totustuus.it\/cattolica\/guerra-ideologica-e-civile\/#primaryimage"},"thumbnailUrl":"https:\/\/www.rassegnastampa-totustuus.it\/cattolica\/wp-content\/uploads\/2010\/07\/Repubblica_sociale.jpg","keywords":["partigiani","Repubblica sociale"],"articleSection":["Filosofia","II Guerra Mondiale","Resistenza","Storia italiana"],"inLanguage":"it-IT"},{"@type":"WebPage","@id":"https:\/\/www.rassegnastampa-totustuus.it\/cattolica\/guerra-ideologica-e-civile\/","url":"https:\/\/www.rassegnastampa-totustuus.it\/cattolica\/guerra-ideologica-e-civile\/","name":"Guerra ideologica e civile - Rassegna Stampa Cattolica","isPartOf":{"@id":"https:\/\/www.rassegnastampa-totustuus.it\/cattolica\/#website"},"primaryImageOfPage":{"@id":"https:\/\/www.rassegnastampa-totustuus.it\/cattolica\/guerra-ideologica-e-civile\/#primaryimage"},"image":{"@id":"https:\/\/www.rassegnastampa-totustuus.it\/cattolica\/guerra-ideologica-e-civile\/#primaryimage"},"thumbnailUrl":"https:\/\/www.rassegnastampa-totustuus.it\/cattolica\/wp-content\/uploads\/2010\/07\/Repubblica_sociale.jpg","datePublished":"2010-07-21T08:09:43+00:00","dateModified":"2015-03-11T16:02:55+00:00","description":"Rassegna Stampa Cattolica - Per una cultura che nasce dalla Rivelazione cristiana in conformit\u00e0 alla tradizione e al Magistero della Chiesa in opposizione ad ogni relativismo e totalitarismo","breadcrumb":{"@id":"https:\/\/www.rassegnastampa-totustuus.it\/cattolica\/guerra-ideologica-e-civile\/#breadcrumb"},"inLanguage":"it-IT","potentialAction":[{"@type":"ReadAction","target":["https:\/\/www.rassegnastampa-totustuus.it\/cattolica\/guerra-ideologica-e-civile\/"]}]},{"@type":"ImageObject","inLanguage":"it-IT","@id":"https:\/\/www.rassegnastampa-totustuus.it\/cattolica\/guerra-ideologica-e-civile\/#primaryimage","url":"https:\/\/www.rassegnastampa-totustuus.it\/cattolica\/wp-content\/uploads\/2010\/07\/Repubblica_sociale.jpg","contentUrl":"https:\/\/www.rassegnastampa-totustuus.it\/cattolica\/wp-content\/uploads\/2010\/07\/Repubblica_sociale.jpg","width":201,"height":251},{"@type":"BreadcrumbList","@id":"https:\/\/www.rassegnastampa-totustuus.it\/cattolica\/guerra-ideologica-e-civile\/#breadcrumb","itemListElement":[{"@type":"ListItem","position":1,"name":"Home","item":"https:\/\/www.rassegnastampa-totustuus.it\/cattolica\/"},{"@type":"ListItem","position":2,"name":"Guerra ideologica e civile"}]},{"@type":"WebSite","@id":"https:\/\/www.rassegnastampa-totustuus.it\/cattolica\/#website","url":"https:\/\/www.rassegnastampa-totustuus.it\/cattolica\/","name":"Rassegna Stampa Cattolica","description":"Per una cultura che nasce dalla Rivelazione cristiana in conformit\u00e0 alla tradizione e al Magistero della Chiesa in opposizione ad ogni relativismo e totalitarismo","publisher":{"@id":"https:\/\/www.rassegnastampa-totustuus.it\/cattolica\/#organization"},"alternateName":"Rass. Cattolica","potentialAction":[{"@type":"SearchAction","target":{"@type":"EntryPoint","urlTemplate":"https:\/\/www.rassegnastampa-totustuus.it\/cattolica\/?s={search_term_string}"},"query-input":{"@type":"PropertyValueSpecification","valueRequired":true,"valueName":"search_term_string"}}],"inLanguage":"it-IT"},{"@type":"Organization","@id":"https:\/\/www.rassegnastampa-totustuus.it\/cattolica\/#organization","name":"Rassegna Stampa Cattolica","url":"https:\/\/www.rassegnastampa-totustuus.it\/cattolica\/","logo":{"@type":"ImageObject","inLanguage":"it-IT","@id":"https:\/\/www.rassegnastampa-totustuus.it\/cattolica\/#\/schema\/logo\/image\/","url":"https:\/\/www.rassegnastampa-totustuus.it\/cattolica\/wp-content\/uploads\/2014\/04\/logo-rassegna1.gif","contentUrl":"https:\/\/www.rassegnastampa-totustuus.it\/cattolica\/wp-content\/uploads\/2014\/04\/logo-rassegna1.gif","width":600,"height":163,"caption":"Rassegna Stampa Cattolica"},"image":{"@id":"https:\/\/www.rassegnastampa-totustuus.it\/cattolica\/#\/schema\/logo\/image\/"},"sameAs":["https:\/\/www.facebook.com\/rassegnastampacattolica","https:\/\/x.com\/rassegnastampa9"]},{"@type":"Person","@id":"https:\/\/www.rassegnastampa-totustuus.it\/cattolica\/#\/schema\/person\/08f319d2bd1a0904ad9e2bfb7b15e5c3","name":"Redazione","image":{"@type":"ImageObject","inLanguage":"it-IT","@id":"https:\/\/secure.gravatar.com\/avatar\/2fcdf27c78ea025fbdb44e914cc63c72249ffec9dc8aafd5c82b26240ef3f346?s=96&d=mm&r=g","url":"https:\/\/secure.gravatar.com\/avatar\/2fcdf27c78ea025fbdb44e914cc63c72249ffec9dc8aafd5c82b26240ef3f346?s=96&d=mm&r=g","contentUrl":"https:\/\/secure.gravatar.com\/avatar\/2fcdf27c78ea025fbdb44e914cc63c72249ffec9dc8aafd5c82b26240ef3f346?s=96&d=mm&r=g","caption":"Redazione"},"url":"https:\/\/www.rassegnastampa-totustuus.it\/cattolica\/author\/pietroelle\/"}]}},"_links":{"self":[{"href":"https:\/\/www.rassegnastampa-totustuus.it\/cattolica\/wp-json\/wp\/v2\/posts\/3955","targetHints":{"allow":["GET"]}}],"collection":[{"href":"https:\/\/www.rassegnastampa-totustuus.it\/cattolica\/wp-json\/wp\/v2\/posts"}],"about":[{"href":"https:\/\/www.rassegnastampa-totustuus.it\/cattolica\/wp-json\/wp\/v2\/types\/post"}],"author":[{"embeddable":true,"href":"https:\/\/www.rassegnastampa-totustuus.it\/cattolica\/wp-json\/wp\/v2\/users\/6"}],"replies":[{"embeddable":true,"href":"https:\/\/www.rassegnastampa-totustuus.it\/cattolica\/wp-json\/wp\/v2\/comments?post=3955"}],"version-history":[{"count":5,"href":"https:\/\/www.rassegnastampa-totustuus.it\/cattolica\/wp-json\/wp\/v2\/posts\/3955\/revisions"}],"predecessor-version":[{"id":21297,"href":"https:\/\/www.rassegnastampa-totustuus.it\/cattolica\/wp-json\/wp\/v2\/posts\/3955\/revisions\/21297"}],"wp:featuredmedia":[{"embeddable":true,"href":"https:\/\/www.rassegnastampa-totustuus.it\/cattolica\/wp-json\/wp\/v2\/media\/21292"}],"wp:attachment":[{"href":"https:\/\/www.rassegnastampa-totustuus.it\/cattolica\/wp-json\/wp\/v2\/media?parent=3955"}],"wp:term":[{"taxonomy":"category","embeddable":true,"href":"https:\/\/www.rassegnastampa-totustuus.it\/cattolica\/wp-json\/wp\/v2\/categories?post=3955"},{"taxonomy":"post_tag","embeddable":true,"href":"https:\/\/www.rassegnastampa-totustuus.it\/cattolica\/wp-json\/wp\/v2\/tags?post=3955"}],"curies":[{"name":"wp","href":"https:\/\/api.w.org\/{rel}","templated":true}]}}