{"id":3953,"date":"2010-07-15T00:00:00","date_gmt":"2010-07-14T22:00:00","guid":{"rendered":""},"modified":"2015-03-11T10:27:27","modified_gmt":"2015-03-11T09:27:27","slug":"non-abbiamo-n-santi-n-eroi","status":"publish","type":"post","link":"https:\/\/www.rassegnastampa-totustuus.it\/cattolica\/non-abbiamo-n-santi-n-eroi\/","title":{"rendered":"Non abbiamo n&eacute; santi n&eacute; eroi"},"content":{"rendered":"<div style=\"text-align: center;\"><strong><a href=\"https:\/\/www.rassegnastampa-totustuus.it\/cattolica\/wp-content\/uploads\/2010\/07\/missionari.jpg\"><img loading=\"lazy\" decoding=\"async\" class=\"alignleft wp-image-21205 size-full\" src=\"https:\/\/www.rassegnastampa-totustuus.it\/cattolica\/wp-content\/uploads\/2010\/07\/missionari.jpg\" alt=\"missionari\" width=\"198\" height=\"232\" \/><\/a>Tempi<\/strong>, n.27 &#8211; 14 luglio 2010<\/div>\n<p style=\"text-align: justify;\"><em>Anno 2010. per la prima volta i preti ordinati dagli istituti missionari italiani sono tutti stranieri. Per padre Pietro Gheddo la colpa non \u00e8 solo della crisi della fede e della natalit\u00e0<\/em><\/p>\n<p style=\"text-align: center;\">di <strong>Piero Gheddo<\/strong><\/p>\n<p style=\"text-align: justify;\">Ogni anno a giugno gli istituti missionari celebrano l\u2019ordinazione sacerdotale dei loro diaconi e le destinazioni alle missioni. Quest\u2019anno i quattro nati in Italia (Pime, Comboniani, Saveriani e Consolata) non hanno nessun sacerdote italiano \u2013 questo almeno mi risulta. Il Pontificio istituto missioni estere (Pime) ordina 11 sacerdoti, ma tutti stranieri: quattro brasiliani, tre indiani, tre birmani e uno della Guinea Bissau.<\/p>\n<p><!--more--><\/p>\n<p style=\"text-align: justify;\">Un amico comboniano mi ha detto che quest\u2019anno hanno chiuso il loro noviziato europeo, che riceve giovani dai sette paesi del continente in cui l\u2019istituto \u00e8 presente. Il Pime, istituto non religioso (cio\u00e8 senza i voti), \u00e8 internazionale solo dal 1989, mentre altri istituti, da sempre internazionali, hanno un maggior numero di sacerdoti dalle missioni. Ma la situazione delle vocazioni missionarie italiane \u00e8 pi\u00f9 o meno uguale per tutti: s\u00ec e no un solo sacerdote all\u2019anno, quando va bene.<\/p>\n<p style=\"text-align: justify;\">Secondo i dati delle Pontificie opere missionarie, nel 1934 l\u2019Italia aveva 4.013 missionari nei territori di missione, 7.713 nel 1943, 10.523 nel 1954. Nel 1965 la rivista Fede e Civilt\u00e0 dei missionari saveriani (che attualmente esce come Missione Oggi) realizz\u00f2 un\u2019inchiesta da cui risultava che i missionari italiani in missione erano 10.708.<\/p>\n<p style=\"text-align: justify;\">Dopo il Concilio Vaticano II sono aumentati fino ai 16 mila del 1985. Un fatto straordinario, dovuto ai sacerdoti \u201cfidei donum\u201d (diocesani in missione), al volontariato laico nelle missioni e al fatto che molti istituti, congregazioni e ordini religiosi, soprattutto femminili, sono diventati missionari mentre non lo erano mezzo secolo prima. Altre Chiese d\u2019Europa, tradizionalmente missionarie, hanno avuto una forte diminuzione.<\/p>\n<p style=\"text-align: justify;\">La Francia \u00e8 passata da 22 mila missionari sul campo negli anni Sessanta a 11 mila, l\u2019Olanda da 6 mila a 2 mila, la Germania da 14 mila a 6 mila, gli Stati Uniti da 15 mila a 7 mila, secondo statistiche del 1989.<\/p>\n<p style=\"text-align: justify;\">Oggi la situazione non \u00e8 certo migliorata. Si calcola che gli italiani in missione siano circa 12 mila, ma \u00abcon i capelli sempre pi\u00f9 grigi\u00bb, come scrive Mondo e Missione in un \u201cservizio speciale\u201d dell\u2019ottobre 2008 intitolato \u201cMissionari in via di estinzione?\u201d.<\/p>\n<p style=\"text-align: justify;\">Titolo provocatorio quello scelto dal mensile del Pime, ma questa \u00e8 la realt\u00e0. Dopo quasi sessant\u2019anni nella stampa e nell\u2019animazione missionaria in Italia, esprimo una mia convinzione. Le cause sono certo molte: crisi di fede e delle famiglie, ragion per cui mancano i giovani; crisi delle diocesi e delle parrocchie, dove si incontrano sempre pi\u00f9 preti stranieri.<\/p>\n<p style=\"text-align: justify;\">Ma il crollo delle vocazioni missionarie dipende in gran parte dal fatto che la figura del missionario non attira pi\u00f9. Era affascinante fino a quarant\u2019anni fa (Indro Montanelli mi diceva: \u00abVoi missionari siete tutti eroi\u00bb), ma \u00e8 molto decaduta nella cultura del nostro tempo e quasi scomparsa nei mass media d\u2019oggi.<\/p>\n<p style=\"text-align: justify;\">Noi missionari e i nostri istituti abbiamo perso la nostra identit\u00e0 e il nostro fascino. Eravamo gli inviati della Chiesa per portare Cristo e il Vangelo ai popoli e fondare la Chiesa come negli Atti degli Apostoli. Questa era la nostra identit\u00e0, l\u2019immagine che avevamo noi giovani sognando di diventare missionari. Poi la missione \u00e8 cambiata e il missionario ha perso l\u2019aureola di eroe e di pioniere, oggi va a servire Chiese quasi ovunque gi\u00e0 fondate.<\/p>\n<p style=\"text-align: justify;\">Tutto vero, ma \u00e8 anche vero che i missionari sono sempre pi\u00f9 richiesti dalle giovani Chiese e oggi acquistano in pi\u00f9 l\u2019immagine nuova di \u201cponte fra i popoli, le religioni e le culture\u201d, che nel mondo globalizzato \u00e8 capace di suscitare interesse e adesioni. Insomma, il missionario potrebbe diventare una figura sempre pi\u00f9 attuale, se solo noi missionari mantenessimo, in Italia (e pi\u00f9 in genere in Occidente), la nostra identit\u00e0, il nostro carisma, la nostra carica di entusiasmo evangelizzatore.<\/p>\n<p style=\"text-align: justify;\">Invece l\u2019immagine del missionario si \u00e8 a poco a poco politicizzata e siamo finiti in una marmellata di buonismo che \u00e8 diventato la cultura di base del popolo italiano. Sul campo, i missionari continuano il loro lavoro con spirito di sacrificio e fedelt\u00e0 al carisma, in Italia l\u2019immagine del missionario cambia e secondo me non rappresenta pi\u00f9 la realt\u00e0. Nelle riviste missionarie di quarant\u2019anni fa gli articoli sull\u2019evangelizzazione dei popoli, le conversioni, i catecumeni, le novit\u00e0 delle giovani Chiese, l\u2019annunzio di Cristo nelle diverse culture, la presentazione di figure di missionari erano alla base di ogni edizione.<\/p>\n<p style=\"text-align: justify;\">Si parlava spesso di vocazione missionaria a vita e ad gentes, proponendola in modo concreto ai giovani. Oggi, ci sono riviste \u201cmissionarie\u201d che di missionario hanno poco o nulla; \u201ccentri culturali\u201d di istituti missionari che organizzano molte conferenze, ma sui temi della missione alle genti quasi niente e sui missionari in carne e ossa nulla; librerie di istituti missionari, che si suppone vendano libri missionari, che in vetrina mettono tutt\u2019altro; animatori missionari che parlano di \u201cmondialit\u00e0\u201d e poco o nulla di \u201cmissione\u201d; comunit\u00e0 di missionari che hanno perso l\u2019entusiasmo della missione alle genti e la buona abitudine di parlare della loro vocazione, spiazzati dall\u2019indifferenza del mondo moderno. E potrei continuare.<\/p>\n<p style=\"text-align: justify;\">\u00c8 una deriva generalizzata della quale non incolpo nessuno, ma che ci ha fatto perdere la nostra identit\u00e0.<\/p>\n<p style=\"text-align: justify;\"><strong>Se la chiamata si perde nel caos<\/strong><\/p>\n<p style=\"text-align: justify;\">Sono convinto che non esista nella mentalit\u00e0 comune del popolo italiano una figura pi\u00f9 incisiva e pi\u00f9 universalmente accolta di quella del missionario e dell\u2019ideale missionario. Ma noi, per timore di essere considerati \u201cintegralisti\u201d e per malinteso senso del \u201cdialogo\u201d, non osiamo pi\u00f9 parlare di conversioni a Cristo; mortifichiamo le esperienze missionarie sul campo; riduciamo la missione della Chiesa agli aiuti a lebbrosi e affamati; siamo \u201ca servizio della Chiesa locale\u201d, dimenticando per\u00f2 che questo servizio dovrebbe essere soprattutto volto ad animare missionariamente il gregge di Cristo; pensiamo di fare \u201canimazione missionaria\u201d facendo campagne nazionali contro chi produce e vende armi e su altri temi (battaglie positive, certo, ma non \u201canimazione missionaria\u201d).<\/p>\n<p style=\"text-align: justify;\">In passato, durante le solenni \u201cveglie missionarie\u201d alla vigilia della Giornata missionaria mondiale, si ascoltavano le testimonianze dei missionari sul campo, oggi invece in alcune \u201cveglie missionarie\u201d, organizzate da missionari e da \u201cgruppi missionari\u201d, si contesta la produzione delle armi e sono invitati a parlare gli esperti di questo tema. Ma \u00e8 possibile che un giovane o una ragazza sentano la voce dello Spirito che li chiama a donare la loro vita alla missione se sono impegnati in marce di protesta come queste?<\/p>\n","protected":false},"excerpt":{"rendered":"<p>Tempi, n.27 &#8211; 14 luglio 2010 Anno 2010. per la prima volta i preti ordinati dagli istituti missionari italiani sono tutti stranieri. Per padre Pietro Gheddo la colpa non \u00e8 solo della crisi della fede e della natalit\u00e0 di Piero Gheddo Ogni anno a giugno gli istituti missionari celebrano l\u2019ordinazione sacerdotale dei loro diaconi e &hellip; <\/p>\n<p><a class=\"more-link btn\" href=\"https:\/\/www.rassegnastampa-totustuus.it\/cattolica\/non-abbiamo-n-santi-n-eroi\/\">Continua a leggere<\/a><\/p>\n","protected":false},"author":6,"featured_media":21205,"comment_status":"closed","ping_status":"open","sticky":false,"template":"","format":"standard","meta":{"footnotes":""},"categories":[5],"tags":[1217,562],"class_list":["post-3953","post","type-post","status-publish","format-standard","has-post-thumbnail","hentry","category-chiesa","tag-missionari","tag-missioni","item-wrap"],"yoast_head":"<!-- This site is optimized with the Yoast SEO plugin v27.5 - https:\/\/yoast.com\/product\/yoast-seo-wordpress\/ -->\n<title>Non abbiamo n&eacute; santi n&eacute; eroi - Rassegna Stampa Cattolica<\/title>\n<meta name=\"description\" content=\"Rassegna Stampa Cattolica - Per una cultura che nasce dalla Rivelazione cristiana in conformit\u00e0 alla tradizione e al Magistero della Chiesa in opposizione ad ogni relativismo e totalitarismo\" \/>\n<meta name=\"robots\" content=\"index, follow, max-snippet:-1, max-image-preview:large, max-video-preview:-1\" \/>\n<link rel=\"canonical\" href=\"https:\/\/www.rassegnastampa-totustuus.it\/cattolica\/non-abbiamo-n-santi-n-eroi\/\" \/>\n<meta property=\"og:locale\" content=\"it_IT\" \/>\n<meta property=\"og:type\" content=\"article\" \/>\n<meta property=\"og:title\" content=\"Non abbiamo n&eacute; santi n&eacute; eroi - Rassegna Stampa Cattolica\" \/>\n<meta property=\"og:description\" content=\"Rassegna Stampa Cattolica - Per una cultura che nasce dalla Rivelazione cristiana in conformit\u00e0 alla tradizione e al Magistero della Chiesa in opposizione ad ogni relativismo e totalitarismo\" \/>\n<meta property=\"og:url\" content=\"https:\/\/www.rassegnastampa-totustuus.it\/cattolica\/non-abbiamo-n-santi-n-eroi\/\" \/>\n<meta property=\"og:site_name\" content=\"Rassegna Stampa Cattolica\" \/>\n<meta property=\"article:publisher\" content=\"https:\/\/www.facebook.com\/rassegnastampacattolica\" \/>\n<meta property=\"article:published_time\" content=\"2010-07-14T22:00:00+00:00\" \/>\n<meta property=\"article:modified_time\" content=\"2015-03-11T09:27:27+00:00\" \/>\n<meta property=\"og:image\" content=\"https:\/\/www.rassegnastampa-totustuus.it\/cattolica\/wp-content\/uploads\/2010\/07\/missionari.jpg\" \/>\n\t<meta property=\"og:image:width\" content=\"198\" \/>\n\t<meta property=\"og:image:height\" content=\"232\" \/>\n\t<meta property=\"og:image:type\" content=\"image\/jpeg\" \/>\n<meta name=\"author\" content=\"Redazione\" \/>\n<meta name=\"twitter:card\" content=\"summary_large_image\" \/>\n<meta name=\"twitter:creator\" content=\"@rassegnastampa9\" \/>\n<meta name=\"twitter:site\" content=\"@rassegnastampa9\" \/>\n<meta name=\"twitter:label1\" content=\"Scritto da\" \/>\n\t<meta name=\"twitter:data1\" content=\"Redazione\" \/>\n\t<meta name=\"twitter:label2\" content=\"Tempo di lettura stimato\" \/>\n\t<meta name=\"twitter:data2\" content=\"5 minuti\" \/>\n<script type=\"application\/ld+json\" class=\"yoast-schema-graph\">{\"@context\":\"https:\\\/\\\/schema.org\",\"@graph\":[{\"@type\":\"Article\",\"@id\":\"https:\\\/\\\/www.rassegnastampa-totustuus.it\\\/cattolica\\\/non-abbiamo-n-santi-n-eroi\\\/#article\",\"isPartOf\":{\"@id\":\"https:\\\/\\\/www.rassegnastampa-totustuus.it\\\/cattolica\\\/non-abbiamo-n-santi-n-eroi\\\/\"},\"author\":{\"name\":\"Redazione\",\"@id\":\"https:\\\/\\\/www.rassegnastampa-totustuus.it\\\/cattolica\\\/#\\\/schema\\\/person\\\/08f319d2bd1a0904ad9e2bfb7b15e5c3\"},\"headline\":\"Non abbiamo n&eacute; santi n&eacute; eroi\",\"datePublished\":\"2010-07-14T22:00:00+00:00\",\"dateModified\":\"2015-03-11T09:27:27+00:00\",\"mainEntityOfPage\":{\"@id\":\"https:\\\/\\\/www.rassegnastampa-totustuus.it\\\/cattolica\\\/non-abbiamo-n-santi-n-eroi\\\/\"},\"wordCount\":1063,\"publisher\":{\"@id\":\"https:\\\/\\\/www.rassegnastampa-totustuus.it\\\/cattolica\\\/#organization\"},\"image\":{\"@id\":\"https:\\\/\\\/www.rassegnastampa-totustuus.it\\\/cattolica\\\/non-abbiamo-n-santi-n-eroi\\\/#primaryimage\"},\"thumbnailUrl\":\"https:\\\/\\\/www.rassegnastampa-totustuus.it\\\/cattolica\\\/wp-content\\\/uploads\\\/2010\\\/07\\\/missionari.jpg\",\"keywords\":[\"missionari\",\"missioni\"],\"articleSection\":[\"Chiesa\"],\"inLanguage\":\"it-IT\"},{\"@type\":\"WebPage\",\"@id\":\"https:\\\/\\\/www.rassegnastampa-totustuus.it\\\/cattolica\\\/non-abbiamo-n-santi-n-eroi\\\/\",\"url\":\"https:\\\/\\\/www.rassegnastampa-totustuus.it\\\/cattolica\\\/non-abbiamo-n-santi-n-eroi\\\/\",\"name\":\"Non abbiamo n&eacute; santi n&eacute; eroi - Rassegna Stampa Cattolica\",\"isPartOf\":{\"@id\":\"https:\\\/\\\/www.rassegnastampa-totustuus.it\\\/cattolica\\\/#website\"},\"primaryImageOfPage\":{\"@id\":\"https:\\\/\\\/www.rassegnastampa-totustuus.it\\\/cattolica\\\/non-abbiamo-n-santi-n-eroi\\\/#primaryimage\"},\"image\":{\"@id\":\"https:\\\/\\\/www.rassegnastampa-totustuus.it\\\/cattolica\\\/non-abbiamo-n-santi-n-eroi\\\/#primaryimage\"},\"thumbnailUrl\":\"https:\\\/\\\/www.rassegnastampa-totustuus.it\\\/cattolica\\\/wp-content\\\/uploads\\\/2010\\\/07\\\/missionari.jpg\",\"datePublished\":\"2010-07-14T22:00:00+00:00\",\"dateModified\":\"2015-03-11T09:27:27+00:00\",\"description\":\"Rassegna Stampa Cattolica - Per una cultura che nasce dalla Rivelazione cristiana in conformit\u00e0 alla tradizione e al Magistero della Chiesa in opposizione ad ogni relativismo e totalitarismo\",\"breadcrumb\":{\"@id\":\"https:\\\/\\\/www.rassegnastampa-totustuus.it\\\/cattolica\\\/non-abbiamo-n-santi-n-eroi\\\/#breadcrumb\"},\"inLanguage\":\"it-IT\",\"potentialAction\":[{\"@type\":\"ReadAction\",\"target\":[\"https:\\\/\\\/www.rassegnastampa-totustuus.it\\\/cattolica\\\/non-abbiamo-n-santi-n-eroi\\\/\"]}]},{\"@type\":\"ImageObject\",\"inLanguage\":\"it-IT\",\"@id\":\"https:\\\/\\\/www.rassegnastampa-totustuus.it\\\/cattolica\\\/non-abbiamo-n-santi-n-eroi\\\/#primaryimage\",\"url\":\"https:\\\/\\\/www.rassegnastampa-totustuus.it\\\/cattolica\\\/wp-content\\\/uploads\\\/2010\\\/07\\\/missionari.jpg\",\"contentUrl\":\"https:\\\/\\\/www.rassegnastampa-totustuus.it\\\/cattolica\\\/wp-content\\\/uploads\\\/2010\\\/07\\\/missionari.jpg\",\"width\":198,\"height\":232},{\"@type\":\"BreadcrumbList\",\"@id\":\"https:\\\/\\\/www.rassegnastampa-totustuus.it\\\/cattolica\\\/non-abbiamo-n-santi-n-eroi\\\/#breadcrumb\",\"itemListElement\":[{\"@type\":\"ListItem\",\"position\":1,\"name\":\"Home\",\"item\":\"https:\\\/\\\/www.rassegnastampa-totustuus.it\\\/cattolica\\\/\"},{\"@type\":\"ListItem\",\"position\":2,\"name\":\"Non abbiamo n&eacute; santi n&eacute; eroi\"}]},{\"@type\":\"WebSite\",\"@id\":\"https:\\\/\\\/www.rassegnastampa-totustuus.it\\\/cattolica\\\/#website\",\"url\":\"https:\\\/\\\/www.rassegnastampa-totustuus.it\\\/cattolica\\\/\",\"name\":\"Rassegna Stampa Cattolica\",\"description\":\"Per una cultura che nasce dalla Rivelazione cristiana in conformit\u00e0 alla tradizione e al Magistero della Chiesa in opposizione ad ogni relativismo e totalitarismo\",\"publisher\":{\"@id\":\"https:\\\/\\\/www.rassegnastampa-totustuus.it\\\/cattolica\\\/#organization\"},\"alternateName\":\"Rass. Cattolica\",\"potentialAction\":[{\"@type\":\"SearchAction\",\"target\":{\"@type\":\"EntryPoint\",\"urlTemplate\":\"https:\\\/\\\/www.rassegnastampa-totustuus.it\\\/cattolica\\\/?s={search_term_string}\"},\"query-input\":{\"@type\":\"PropertyValueSpecification\",\"valueRequired\":true,\"valueName\":\"search_term_string\"}}],\"inLanguage\":\"it-IT\"},{\"@type\":\"Organization\",\"@id\":\"https:\\\/\\\/www.rassegnastampa-totustuus.it\\\/cattolica\\\/#organization\",\"name\":\"Rassegna Stampa Cattolica\",\"url\":\"https:\\\/\\\/www.rassegnastampa-totustuus.it\\\/cattolica\\\/\",\"logo\":{\"@type\":\"ImageObject\",\"inLanguage\":\"it-IT\",\"@id\":\"https:\\\/\\\/www.rassegnastampa-totustuus.it\\\/cattolica\\\/#\\\/schema\\\/logo\\\/image\\\/\",\"url\":\"https:\\\/\\\/www.rassegnastampa-totustuus.it\\\/cattolica\\\/wp-content\\\/uploads\\\/2014\\\/04\\\/logo-rassegna1.gif\",\"contentUrl\":\"https:\\\/\\\/www.rassegnastampa-totustuus.it\\\/cattolica\\\/wp-content\\\/uploads\\\/2014\\\/04\\\/logo-rassegna1.gif\",\"width\":600,\"height\":163,\"caption\":\"Rassegna Stampa Cattolica\"},\"image\":{\"@id\":\"https:\\\/\\\/www.rassegnastampa-totustuus.it\\\/cattolica\\\/#\\\/schema\\\/logo\\\/image\\\/\"},\"sameAs\":[\"https:\\\/\\\/www.facebook.com\\\/rassegnastampacattolica\",\"https:\\\/\\\/x.com\\\/rassegnastampa9\"]},{\"@type\":\"Person\",\"@id\":\"https:\\\/\\\/www.rassegnastampa-totustuus.it\\\/cattolica\\\/#\\\/schema\\\/person\\\/08f319d2bd1a0904ad9e2bfb7b15e5c3\",\"name\":\"Redazione\",\"image\":{\"@type\":\"ImageObject\",\"inLanguage\":\"it-IT\",\"@id\":\"https:\\\/\\\/secure.gravatar.com\\\/avatar\\\/2fcdf27c78ea025fbdb44e914cc63c72249ffec9dc8aafd5c82b26240ef3f346?s=96&d=mm&r=g\",\"url\":\"https:\\\/\\\/secure.gravatar.com\\\/avatar\\\/2fcdf27c78ea025fbdb44e914cc63c72249ffec9dc8aafd5c82b26240ef3f346?s=96&d=mm&r=g\",\"contentUrl\":\"https:\\\/\\\/secure.gravatar.com\\\/avatar\\\/2fcdf27c78ea025fbdb44e914cc63c72249ffec9dc8aafd5c82b26240ef3f346?s=96&d=mm&r=g\",\"caption\":\"Redazione\"},\"url\":\"https:\\\/\\\/www.rassegnastampa-totustuus.it\\\/cattolica\\\/author\\\/pietroelle\\\/\"}]}<\/script>\n<!-- \/ Yoast SEO plugin. -->","yoast_head_json":{"title":"Non abbiamo n&eacute; santi n&eacute; eroi - Rassegna Stampa Cattolica","description":"Rassegna Stampa Cattolica - Per una cultura che nasce dalla Rivelazione cristiana in conformit\u00e0 alla tradizione e al Magistero della Chiesa in opposizione ad ogni relativismo e totalitarismo","robots":{"index":"index","follow":"follow","max-snippet":"max-snippet:-1","max-image-preview":"max-image-preview:large","max-video-preview":"max-video-preview:-1"},"canonical":"https:\/\/www.rassegnastampa-totustuus.it\/cattolica\/non-abbiamo-n-santi-n-eroi\/","og_locale":"it_IT","og_type":"article","og_title":"Non abbiamo n&eacute; santi n&eacute; eroi - Rassegna Stampa Cattolica","og_description":"Rassegna Stampa Cattolica - Per una cultura che nasce dalla Rivelazione cristiana in conformit\u00e0 alla tradizione e al Magistero della Chiesa in opposizione ad ogni relativismo e totalitarismo","og_url":"https:\/\/www.rassegnastampa-totustuus.it\/cattolica\/non-abbiamo-n-santi-n-eroi\/","og_site_name":"Rassegna Stampa Cattolica","article_publisher":"https:\/\/www.facebook.com\/rassegnastampacattolica","article_published_time":"2010-07-14T22:00:00+00:00","article_modified_time":"2015-03-11T09:27:27+00:00","og_image":[{"width":198,"height":232,"url":"https:\/\/www.rassegnastampa-totustuus.it\/cattolica\/wp-content\/uploads\/2010\/07\/missionari.jpg","type":"image\/jpeg"}],"author":"Redazione","twitter_card":"summary_large_image","twitter_creator":"@rassegnastampa9","twitter_site":"@rassegnastampa9","twitter_misc":{"Scritto da":"Redazione","Tempo di lettura stimato":"5 minuti"},"schema":{"@context":"https:\/\/schema.org","@graph":[{"@type":"Article","@id":"https:\/\/www.rassegnastampa-totustuus.it\/cattolica\/non-abbiamo-n-santi-n-eroi\/#article","isPartOf":{"@id":"https:\/\/www.rassegnastampa-totustuus.it\/cattolica\/non-abbiamo-n-santi-n-eroi\/"},"author":{"name":"Redazione","@id":"https:\/\/www.rassegnastampa-totustuus.it\/cattolica\/#\/schema\/person\/08f319d2bd1a0904ad9e2bfb7b15e5c3"},"headline":"Non abbiamo n&eacute; santi n&eacute; eroi","datePublished":"2010-07-14T22:00:00+00:00","dateModified":"2015-03-11T09:27:27+00:00","mainEntityOfPage":{"@id":"https:\/\/www.rassegnastampa-totustuus.it\/cattolica\/non-abbiamo-n-santi-n-eroi\/"},"wordCount":1063,"publisher":{"@id":"https:\/\/www.rassegnastampa-totustuus.it\/cattolica\/#organization"},"image":{"@id":"https:\/\/www.rassegnastampa-totustuus.it\/cattolica\/non-abbiamo-n-santi-n-eroi\/#primaryimage"},"thumbnailUrl":"https:\/\/www.rassegnastampa-totustuus.it\/cattolica\/wp-content\/uploads\/2010\/07\/missionari.jpg","keywords":["missionari","missioni"],"articleSection":["Chiesa"],"inLanguage":"it-IT"},{"@type":"WebPage","@id":"https:\/\/www.rassegnastampa-totustuus.it\/cattolica\/non-abbiamo-n-santi-n-eroi\/","url":"https:\/\/www.rassegnastampa-totustuus.it\/cattolica\/non-abbiamo-n-santi-n-eroi\/","name":"Non abbiamo n&eacute; santi n&eacute; eroi - Rassegna Stampa Cattolica","isPartOf":{"@id":"https:\/\/www.rassegnastampa-totustuus.it\/cattolica\/#website"},"primaryImageOfPage":{"@id":"https:\/\/www.rassegnastampa-totustuus.it\/cattolica\/non-abbiamo-n-santi-n-eroi\/#primaryimage"},"image":{"@id":"https:\/\/www.rassegnastampa-totustuus.it\/cattolica\/non-abbiamo-n-santi-n-eroi\/#primaryimage"},"thumbnailUrl":"https:\/\/www.rassegnastampa-totustuus.it\/cattolica\/wp-content\/uploads\/2010\/07\/missionari.jpg","datePublished":"2010-07-14T22:00:00+00:00","dateModified":"2015-03-11T09:27:27+00:00","description":"Rassegna Stampa Cattolica - Per una cultura che nasce dalla Rivelazione cristiana in conformit\u00e0 alla tradizione e al Magistero della Chiesa in opposizione ad ogni relativismo e totalitarismo","breadcrumb":{"@id":"https:\/\/www.rassegnastampa-totustuus.it\/cattolica\/non-abbiamo-n-santi-n-eroi\/#breadcrumb"},"inLanguage":"it-IT","potentialAction":[{"@type":"ReadAction","target":["https:\/\/www.rassegnastampa-totustuus.it\/cattolica\/non-abbiamo-n-santi-n-eroi\/"]}]},{"@type":"ImageObject","inLanguage":"it-IT","@id":"https:\/\/www.rassegnastampa-totustuus.it\/cattolica\/non-abbiamo-n-santi-n-eroi\/#primaryimage","url":"https:\/\/www.rassegnastampa-totustuus.it\/cattolica\/wp-content\/uploads\/2010\/07\/missionari.jpg","contentUrl":"https:\/\/www.rassegnastampa-totustuus.it\/cattolica\/wp-content\/uploads\/2010\/07\/missionari.jpg","width":198,"height":232},{"@type":"BreadcrumbList","@id":"https:\/\/www.rassegnastampa-totustuus.it\/cattolica\/non-abbiamo-n-santi-n-eroi\/#breadcrumb","itemListElement":[{"@type":"ListItem","position":1,"name":"Home","item":"https:\/\/www.rassegnastampa-totustuus.it\/cattolica\/"},{"@type":"ListItem","position":2,"name":"Non abbiamo n&eacute; santi n&eacute; eroi"}]},{"@type":"WebSite","@id":"https:\/\/www.rassegnastampa-totustuus.it\/cattolica\/#website","url":"https:\/\/www.rassegnastampa-totustuus.it\/cattolica\/","name":"Rassegna Stampa Cattolica","description":"Per una cultura che nasce dalla Rivelazione cristiana in conformit\u00e0 alla tradizione e al Magistero della Chiesa in opposizione ad ogni relativismo e totalitarismo","publisher":{"@id":"https:\/\/www.rassegnastampa-totustuus.it\/cattolica\/#organization"},"alternateName":"Rass. Cattolica","potentialAction":[{"@type":"SearchAction","target":{"@type":"EntryPoint","urlTemplate":"https:\/\/www.rassegnastampa-totustuus.it\/cattolica\/?s={search_term_string}"},"query-input":{"@type":"PropertyValueSpecification","valueRequired":true,"valueName":"search_term_string"}}],"inLanguage":"it-IT"},{"@type":"Organization","@id":"https:\/\/www.rassegnastampa-totustuus.it\/cattolica\/#organization","name":"Rassegna Stampa Cattolica","url":"https:\/\/www.rassegnastampa-totustuus.it\/cattolica\/","logo":{"@type":"ImageObject","inLanguage":"it-IT","@id":"https:\/\/www.rassegnastampa-totustuus.it\/cattolica\/#\/schema\/logo\/image\/","url":"https:\/\/www.rassegnastampa-totustuus.it\/cattolica\/wp-content\/uploads\/2014\/04\/logo-rassegna1.gif","contentUrl":"https:\/\/www.rassegnastampa-totustuus.it\/cattolica\/wp-content\/uploads\/2014\/04\/logo-rassegna1.gif","width":600,"height":163,"caption":"Rassegna Stampa Cattolica"},"image":{"@id":"https:\/\/www.rassegnastampa-totustuus.it\/cattolica\/#\/schema\/logo\/image\/"},"sameAs":["https:\/\/www.facebook.com\/rassegnastampacattolica","https:\/\/x.com\/rassegnastampa9"]},{"@type":"Person","@id":"https:\/\/www.rassegnastampa-totustuus.it\/cattolica\/#\/schema\/person\/08f319d2bd1a0904ad9e2bfb7b15e5c3","name":"Redazione","image":{"@type":"ImageObject","inLanguage":"it-IT","@id":"https:\/\/secure.gravatar.com\/avatar\/2fcdf27c78ea025fbdb44e914cc63c72249ffec9dc8aafd5c82b26240ef3f346?s=96&d=mm&r=g","url":"https:\/\/secure.gravatar.com\/avatar\/2fcdf27c78ea025fbdb44e914cc63c72249ffec9dc8aafd5c82b26240ef3f346?s=96&d=mm&r=g","contentUrl":"https:\/\/secure.gravatar.com\/avatar\/2fcdf27c78ea025fbdb44e914cc63c72249ffec9dc8aafd5c82b26240ef3f346?s=96&d=mm&r=g","caption":"Redazione"},"url":"https:\/\/www.rassegnastampa-totustuus.it\/cattolica\/author\/pietroelle\/"}]}},"_links":{"self":[{"href":"https:\/\/www.rassegnastampa-totustuus.it\/cattolica\/wp-json\/wp\/v2\/posts\/3953","targetHints":{"allow":["GET"]}}],"collection":[{"href":"https:\/\/www.rassegnastampa-totustuus.it\/cattolica\/wp-json\/wp\/v2\/posts"}],"about":[{"href":"https:\/\/www.rassegnastampa-totustuus.it\/cattolica\/wp-json\/wp\/v2\/types\/post"}],"author":[{"embeddable":true,"href":"https:\/\/www.rassegnastampa-totustuus.it\/cattolica\/wp-json\/wp\/v2\/users\/6"}],"replies":[{"embeddable":true,"href":"https:\/\/www.rassegnastampa-totustuus.it\/cattolica\/wp-json\/wp\/v2\/comments?post=3953"}],"version-history":[{"count":3,"href":"https:\/\/www.rassegnastampa-totustuus.it\/cattolica\/wp-json\/wp\/v2\/posts\/3953\/revisions"}],"predecessor-version":[{"id":21206,"href":"https:\/\/www.rassegnastampa-totustuus.it\/cattolica\/wp-json\/wp\/v2\/posts\/3953\/revisions\/21206"}],"wp:featuredmedia":[{"embeddable":true,"href":"https:\/\/www.rassegnastampa-totustuus.it\/cattolica\/wp-json\/wp\/v2\/media\/21205"}],"wp:attachment":[{"href":"https:\/\/www.rassegnastampa-totustuus.it\/cattolica\/wp-json\/wp\/v2\/media?parent=3953"}],"wp:term":[{"taxonomy":"category","embeddable":true,"href":"https:\/\/www.rassegnastampa-totustuus.it\/cattolica\/wp-json\/wp\/v2\/categories?post=3953"},{"taxonomy":"post_tag","embeddable":true,"href":"https:\/\/www.rassegnastampa-totustuus.it\/cattolica\/wp-json\/wp\/v2\/tags?post=3953"}],"curies":[{"name":"wp","href":"https:\/\/api.w.org\/{rel}","templated":true}]}}