{"id":39477,"date":"2018-01-04T00:00:52","date_gmt":"2018-01-03T23:00:52","guid":{"rendered":"http:\/\/www.rassegnastampa-totustuus.it\/cattolica\/?p=39477"},"modified":"2018-01-04T08:41:40","modified_gmt":"2018-01-04T07:41:40","slug":"trump-a-very-merry-christmas","status":"publish","type":"post","link":"https:\/\/www.rassegnastampa-totustuus.it\/cattolica\/trump-a-very-merry-christmas\/","title":{"rendered":"Trump: \u00aba very Merry Christmas\u00bb"},"content":{"rendered":"<p style=\"text-align: center;\"><strong><a href=\"https:\/\/www.culturacattolica.it\/\" target=\"_blank\" rel=\"noopener\"><img loading=\"lazy\" decoding=\"async\" class=\"size-full wp-image-39478 alignright\" src=\"https:\/\/www.rassegnastampa-totustuus.it\/cattolica\/wp-content\/uploads\/2018\/01\/Trump.jpg\" alt=\"\" width=\"277\" height=\"182\" \/>CulturaCattolica.it<\/a><\/strong><\/p>\n<p style=\"text-align: center;\">marted\u00ec 26 dicembre 2017<\/p>\n<p style=\"text-align: justify;\"><em>Il nostro Paese potr\u00e0 avere una speranza di futuro il giorno in cui un premier o un presidente della repubblica italiana sar\u00e0 capace di pronunciare un discorso come quello di Trump. Preghiamo perch\u00e9 non tardi a spuntare l\u2019alba di quel giorno benedetto<\/em><\/p>\n<p style=\"text-align: center;\"><em>\u00a0<\/em>Avv. <strong>Gianfranco Amato<\/strong><\/p>\n<p><!--more--><\/p>\n<p style=\"text-align: justify;\">Donald Trump ha rifilato un altro sonoro ceffone sul volto laicista e cristianofobico del <em>politically correct<\/em>. \u00c8 accaduto in occasione del suo primo splendido discorso natalizio. Dopo tre lustri di stucchevole melassa multiculturalista propinata dal clan <em>democrat<\/em> Obama-Clinton, finalmente alla Casa Bianca un presidente degli Stati Uniti \u00e8 tornato a parlare di \u00abSanto Natale\u00bb. Archiviata definitivamente l\u2019evanescente neutralit\u00e0 della parola \u201cfesta\u201d.<\/p>\n<p style=\"text-align: justify;\">Trump si \u00e8 rivelato un vero leader cristiano capace di confessare pubblicamente il suo \u00ab<em>tremendous honor to finally wish America and the world a very Merry Christma<\/em>s\u00bb. Un \u00abimmenso onore\u00bb. Trump ha spiegato che \u00abfin dagli albori della loro nazione, gli americani sanno che Natale \u00e8 un tempo dedicato alla preghiera e al culto, per ringraziare, per esprimere buona volont\u00e0, per invocare la pace e per cercare di rinnovarsi\u00bb.<\/p>\n<p style=\"text-align: justify;\">Lo stesso presidente non ha nascosto l\u2019immensa gioia, sua e di sua moglie, \u00abnell\u2019inaugurare questo periodo davvero benedetto\u00bb, pensando con emozione a tutti coloro i \u00abcui cuori sono allietati dal miracolo del Natale\u00bb.<\/p>\n<p style=\"text-align: justify;\"><img loading=\"lazy\" decoding=\"async\" class=\"size-full wp-image-28563 alignleft\" src=\"https:\/\/www.rassegnastampa-totustuus.it\/cattolica\/wp-content\/uploads\/2012\/12\/cattolici-Usa.jpg\" alt=\"\" width=\"280\" height=\"180\" \/>Poi, ha avuto il coraggio di annunciare al mondo intero il vero senso di questa santa festa: \u00abPer i cristiani il Natale \u00e8 un periodo santo perch\u00e9 si celebra la nascita di nostro Signore e Salvatore Ges\u00f9 Cristo\u00bb. Ha pure aggiunto un dettaglio non irrilevante: \u00abLa storia del Natale inizia duemila anni fa con una madre, un padre, il loro figlio neonato, e il pi\u00f9 straordinario di tutti i doni, il regalo dell\u2019amore di Dio all\u2019umanit\u00e0 intera\u00bb. Una madre, un padre e un figlio. La Sacra Famiglia come unico e autentico paradigma di ogni vera famiglia.<\/p>\n<p style=\"text-align: justify;\">Ma Trump ha avuto anche l\u2019audacia di riconoscere pubblicamente l\u2019importanza del cristianesimo a livello planetario. E lo ha fatto con queste significative parole: \u00abQualunque convinzione o credo religioso si possa avere, tutti sanno che la nascita di Ges\u00f9 Cristo e la storia di questa incredibile vita ha cambiato per sempre il corso della storia dell\u2019umanit\u00e0; non c\u2019\u00e8 praticamente nessun aspetto della nostra vita quotidiana che non sia connesso con questo avvenimento: l\u2019arte, la musica, la cultura, la legge, e il rispetto dovuto alla dignit\u00e0 sacra di ogni singola persona in tutto il mondo\u00bb. Davvero un grande!<\/p>\n<p style=\"text-align: justify;\">\u00c8 riuscito persino a mostrarsi pi\u00f9 coraggioso di tanti pavidi pastori religiosi, quando ha affermato: \u00abOgni anno e tutti gli anni a Natale noi riconosciamo che il vero spirito di questo tempo privilegiato non consiste in quello che abbiamo, ma in quello che siamo; ognuno di noi, infatti, \u00e8 un figlio di Dio, e questa \u00e8 la vera e unica fonte di gioia del Natale; questo \u00e8 ci\u00f2 che rende ogni Natale \u201cfelice\u201d\u00bb.<\/p>\n<p style=\"text-align: justify;\"><img loading=\"lazy\" decoding=\"async\" class=\"size-full wp-image-7414 alignright\" src=\"https:\/\/www.rassegnastampa-totustuus.it\/cattolica\/wp-content\/uploads\/2014\/05\/Usa.jpg\" alt=\"\" width=\"225\" height=\"225\" srcset=\"https:\/\/www.rassegnastampa-totustuus.it\/cattolica\/wp-content\/uploads\/2014\/05\/Usa.jpg 225w, https:\/\/www.rassegnastampa-totustuus.it\/cattolica\/wp-content\/uploads\/2014\/05\/Usa-150x150.jpg 150w\" sizes=\"auto, (max-width: 225px) 100vw, 225px\" \/>Il presidente ha infine ricordato che la cerimonia che stava celebrando con il suo discorso aveva come scopo quello di rendere evidente il fatto che \u00absiamo tutti chiamati a servire l\u2019un l\u2019altro, ad amarci l\u2019un l\u2019altro, e a riempire di pace non solo i nostri cuori ma tutta la Terra\u00bb.<\/p>\n<p style=\"text-align: justify;\">Poi, verso la conclusione, Donald Trump ha superato se stesso quando nei ringraziamenti finali si \u00e8 lasciato andare a questo importante riconoscimento di gratitudine: \u00abStasera voglio rivolgere un grazie speciale alle famiglie d\u2019America\u00bb. Questo perch\u00e9, secondo il presidente, \u00aba Natale ci appare ancora pi\u00f9 evidente che la famiglia \u00e8 il fondamento della societ\u00e0 americana\u00bb. S\u00ec, Trump ha definito proprio cos\u00ec la famiglia, il \u00ab<em>bedroc<\/em>k\u00bb, ossia il fondamento, il caposaldo, il pilastro della societ\u00e0. Il \u00ab<em>fundamentum urbis<\/em>\u00bb di cui parlava Cicerone nella sua opera <em>De Officiis<\/em> (I, 53-54).<\/p>\n<p style=\"text-align: justify;\">Da questo importante riconoscimento, Trump trae spunto per la frase conclusiva del suo discorso natalizio: \u00abE, quindi, questo Natale noi chiediamo che la benedizione di Dio discenda sulla nostra famiglia, sulla nostra nazione; e preghiamo perch\u00e9 il nostro Paese possa essere un luogo in cui ogni bimbo conosca una famiglia capace di accoglierlo con amore, perch\u00e9 il nostro Paese possa essere una comunit\u00e0 piena di speranza ed una nazione benedetta dalla fede\u00bb. Amen.<\/p>\n<p style=\"text-align: justify;\">Il nostro Paese, invece, potr\u00e0 avere una speranza di futuro il giorno in cui un premier o un presidente della repubblica italiana sar\u00e0 capace di pronunciare un discorso come quello di Trump. Preghiamo perch\u00e9 non tardi a spuntare l\u2019alba di quel giorno benedetto. Auguri.<\/p>\n","protected":false},"excerpt":{"rendered":"<p>CulturaCattolica.it marted\u00ec 26 dicembre 2017 Il nostro Paese potr\u00e0 avere una speranza di futuro il giorno in cui un premier o un presidente della repubblica italiana sar\u00e0 capace di pronunciare un discorso come quello di Trump. Preghiamo perch\u00e9 non tardi a spuntare l\u2019alba di quel giorno benedetto \u00a0Avv. Gianfranco Amato<\/p><p><a class=\"more-link btn\" href=\"https:\/\/www.rassegnastampa-totustuus.it\/cattolica\/trump-a-very-merry-christmas\/\">Continua a leggere<\/a><\/p>\n","protected":false},"author":6,"featured_media":39478,"comment_status":"closed","ping_status":"closed","sticky":false,"template":"","format":"standard","meta":{"footnotes":""},"categories":[76],"tags":[2523,1283],"class_list":["post-39477","post","type-post","status-publish","format-standard","has-post-thumbnail","hentry","category-stati-uniti","tag-donald-trump","tag-natale","item-wrap"],"yoast_head":"<!-- This site is optimized with the Yoast SEO plugin v27.5 - https:\/\/yoast.com\/product\/yoast-seo-wordpress\/ -->\n<title>Trump: \u00aba very Merry Christmas\u00bb - Rassegna Stampa Cattolica<\/title>\n<meta name=\"description\" content=\"Rassegna Stampa Cattolica - Per una cultura che nasce dalla Rivelazione cristiana in conformit\u00e0 alla tradizione e al Magistero della Chiesa in opposizione ad ogni relativismo e totalitarismo\" \/>\n<meta name=\"robots\" content=\"index, follow, max-snippet:-1, max-image-preview:large, max-video-preview:-1\" \/>\n<link rel=\"canonical\" href=\"https:\/\/www.rassegnastampa-totustuus.it\/cattolica\/trump-a-very-merry-christmas\/\" \/>\n<meta property=\"og:locale\" content=\"it_IT\" \/>\n<meta property=\"og:type\" content=\"article\" \/>\n<meta property=\"og:title\" content=\"Trump: \u00aba very Merry Christmas\u00bb - Rassegna Stampa Cattolica\" \/>\n<meta property=\"og:description\" content=\"Rassegna Stampa Cattolica - Per una cultura che nasce dalla Rivelazione cristiana in conformit\u00e0 alla tradizione e al Magistero della Chiesa in opposizione ad ogni relativismo e totalitarismo\" \/>\n<meta property=\"og:url\" content=\"https:\/\/www.rassegnastampa-totustuus.it\/cattolica\/trump-a-very-merry-christmas\/\" \/>\n<meta property=\"og:site_name\" content=\"Rassegna Stampa Cattolica\" \/>\n<meta property=\"article:publisher\" content=\"https:\/\/www.facebook.com\/rassegnastampacattolica\" \/>\n<meta property=\"article:published_time\" content=\"2018-01-03T23:00:52+00:00\" \/>\n<meta property=\"article:modified_time\" content=\"2018-01-04T07:41:40+00:00\" \/>\n<meta property=\"og:image\" content=\"https:\/\/www.rassegnastampa-totustuus.it\/cattolica\/wp-content\/uploads\/2018\/01\/Trump.jpg\" \/>\n\t<meta property=\"og:image:width\" content=\"277\" \/>\n\t<meta property=\"og:image:height\" content=\"182\" \/>\n\t<meta property=\"og:image:type\" content=\"image\/jpeg\" \/>\n<meta name=\"author\" content=\"Redazione\" \/>\n<meta name=\"twitter:card\" content=\"summary_large_image\" \/>\n<meta name=\"twitter:creator\" content=\"@rassegnastampa9\" \/>\n<meta name=\"twitter:site\" content=\"@rassegnastampa9\" \/>\n<meta name=\"twitter:label1\" content=\"Scritto da\" \/>\n\t<meta name=\"twitter:data1\" content=\"Redazione\" \/>\n\t<meta name=\"twitter:label2\" content=\"Tempo di lettura stimato\" \/>\n\t<meta name=\"twitter:data2\" content=\"4 minuti\" \/>\n<script type=\"application\/ld+json\" class=\"yoast-schema-graph\">{\"@context\":\"https:\\\/\\\/schema.org\",\"@graph\":[{\"@type\":\"Article\",\"@id\":\"https:\\\/\\\/www.rassegnastampa-totustuus.it\\\/cattolica\\\/trump-a-very-merry-christmas\\\/#article\",\"isPartOf\":{\"@id\":\"https:\\\/\\\/www.rassegnastampa-totustuus.it\\\/cattolica\\\/trump-a-very-merry-christmas\\\/\"},\"author\":{\"name\":\"Redazione\",\"@id\":\"https:\\\/\\\/www.rassegnastampa-totustuus.it\\\/cattolica\\\/#\\\/schema\\\/person\\\/08f319d2bd1a0904ad9e2bfb7b15e5c3\"},\"headline\":\"Trump: \u00aba very Merry Christmas\u00bb\",\"datePublished\":\"2018-01-03T23:00:52+00:00\",\"dateModified\":\"2018-01-04T07:41:40+00:00\",\"mainEntityOfPage\":{\"@id\":\"https:\\\/\\\/www.rassegnastampa-totustuus.it\\\/cattolica\\\/trump-a-very-merry-christmas\\\/\"},\"wordCount\":741,\"publisher\":{\"@id\":\"https:\\\/\\\/www.rassegnastampa-totustuus.it\\\/cattolica\\\/#organization\"},\"image\":{\"@id\":\"https:\\\/\\\/www.rassegnastampa-totustuus.it\\\/cattolica\\\/trump-a-very-merry-christmas\\\/#primaryimage\"},\"thumbnailUrl\":\"https:\\\/\\\/www.rassegnastampa-totustuus.it\\\/cattolica\\\/wp-content\\\/uploads\\\/2018\\\/01\\\/Trump.jpg\",\"keywords\":[\"Donald Trump\",\"Natale\"],\"articleSection\":[\"Stati Uniti\"],\"inLanguage\":\"it-IT\"},{\"@type\":\"WebPage\",\"@id\":\"https:\\\/\\\/www.rassegnastampa-totustuus.it\\\/cattolica\\\/trump-a-very-merry-christmas\\\/\",\"url\":\"https:\\\/\\\/www.rassegnastampa-totustuus.it\\\/cattolica\\\/trump-a-very-merry-christmas\\\/\",\"name\":\"Trump: \u00aba very Merry Christmas\u00bb - Rassegna Stampa Cattolica\",\"isPartOf\":{\"@id\":\"https:\\\/\\\/www.rassegnastampa-totustuus.it\\\/cattolica\\\/#website\"},\"primaryImageOfPage\":{\"@id\":\"https:\\\/\\\/www.rassegnastampa-totustuus.it\\\/cattolica\\\/trump-a-very-merry-christmas\\\/#primaryimage\"},\"image\":{\"@id\":\"https:\\\/\\\/www.rassegnastampa-totustuus.it\\\/cattolica\\\/trump-a-very-merry-christmas\\\/#primaryimage\"},\"thumbnailUrl\":\"https:\\\/\\\/www.rassegnastampa-totustuus.it\\\/cattolica\\\/wp-content\\\/uploads\\\/2018\\\/01\\\/Trump.jpg\",\"datePublished\":\"2018-01-03T23:00:52+00:00\",\"dateModified\":\"2018-01-04T07:41:40+00:00\",\"description\":\"Rassegna Stampa Cattolica - Per una cultura che nasce dalla Rivelazione cristiana in conformit\u00e0 alla tradizione e al Magistero della Chiesa in opposizione ad ogni relativismo e totalitarismo\",\"breadcrumb\":{\"@id\":\"https:\\\/\\\/www.rassegnastampa-totustuus.it\\\/cattolica\\\/trump-a-very-merry-christmas\\\/#breadcrumb\"},\"inLanguage\":\"it-IT\",\"potentialAction\":[{\"@type\":\"ReadAction\",\"target\":[\"https:\\\/\\\/www.rassegnastampa-totustuus.it\\\/cattolica\\\/trump-a-very-merry-christmas\\\/\"]}]},{\"@type\":\"ImageObject\",\"inLanguage\":\"it-IT\",\"@id\":\"https:\\\/\\\/www.rassegnastampa-totustuus.it\\\/cattolica\\\/trump-a-very-merry-christmas\\\/#primaryimage\",\"url\":\"https:\\\/\\\/www.rassegnastampa-totustuus.it\\\/cattolica\\\/wp-content\\\/uploads\\\/2018\\\/01\\\/Trump.jpg\",\"contentUrl\":\"https:\\\/\\\/www.rassegnastampa-totustuus.it\\\/cattolica\\\/wp-content\\\/uploads\\\/2018\\\/01\\\/Trump.jpg\",\"width\":277,\"height\":182},{\"@type\":\"BreadcrumbList\",\"@id\":\"https:\\\/\\\/www.rassegnastampa-totustuus.it\\\/cattolica\\\/trump-a-very-merry-christmas\\\/#breadcrumb\",\"itemListElement\":[{\"@type\":\"ListItem\",\"position\":1,\"name\":\"Home\",\"item\":\"https:\\\/\\\/www.rassegnastampa-totustuus.it\\\/cattolica\\\/\"},{\"@type\":\"ListItem\",\"position\":2,\"name\":\"Trump: \u00aba very Merry Christmas\u00bb\"}]},{\"@type\":\"WebSite\",\"@id\":\"https:\\\/\\\/www.rassegnastampa-totustuus.it\\\/cattolica\\\/#website\",\"url\":\"https:\\\/\\\/www.rassegnastampa-totustuus.it\\\/cattolica\\\/\",\"name\":\"Rassegna Stampa Cattolica\",\"description\":\"Per una cultura che nasce dalla Rivelazione cristiana in conformit\u00e0 alla tradizione e al Magistero della Chiesa in opposizione ad ogni relativismo e totalitarismo\",\"publisher\":{\"@id\":\"https:\\\/\\\/www.rassegnastampa-totustuus.it\\\/cattolica\\\/#organization\"},\"alternateName\":\"Rass. Cattolica\",\"potentialAction\":[{\"@type\":\"SearchAction\",\"target\":{\"@type\":\"EntryPoint\",\"urlTemplate\":\"https:\\\/\\\/www.rassegnastampa-totustuus.it\\\/cattolica\\\/?s={search_term_string}\"},\"query-input\":{\"@type\":\"PropertyValueSpecification\",\"valueRequired\":true,\"valueName\":\"search_term_string\"}}],\"inLanguage\":\"it-IT\"},{\"@type\":\"Organization\",\"@id\":\"https:\\\/\\\/www.rassegnastampa-totustuus.it\\\/cattolica\\\/#organization\",\"name\":\"Rassegna Stampa Cattolica\",\"url\":\"https:\\\/\\\/www.rassegnastampa-totustuus.it\\\/cattolica\\\/\",\"logo\":{\"@type\":\"ImageObject\",\"inLanguage\":\"it-IT\",\"@id\":\"https:\\\/\\\/www.rassegnastampa-totustuus.it\\\/cattolica\\\/#\\\/schema\\\/logo\\\/image\\\/\",\"url\":\"https:\\\/\\\/www.rassegnastampa-totustuus.it\\\/cattolica\\\/wp-content\\\/uploads\\\/2014\\\/04\\\/logo-rassegna1.gif\",\"contentUrl\":\"https:\\\/\\\/www.rassegnastampa-totustuus.it\\\/cattolica\\\/wp-content\\\/uploads\\\/2014\\\/04\\\/logo-rassegna1.gif\",\"width\":600,\"height\":163,\"caption\":\"Rassegna Stampa Cattolica\"},\"image\":{\"@id\":\"https:\\\/\\\/www.rassegnastampa-totustuus.it\\\/cattolica\\\/#\\\/schema\\\/logo\\\/image\\\/\"},\"sameAs\":[\"https:\\\/\\\/www.facebook.com\\\/rassegnastampacattolica\",\"https:\\\/\\\/x.com\\\/rassegnastampa9\"]},{\"@type\":\"Person\",\"@id\":\"https:\\\/\\\/www.rassegnastampa-totustuus.it\\\/cattolica\\\/#\\\/schema\\\/person\\\/08f319d2bd1a0904ad9e2bfb7b15e5c3\",\"name\":\"Redazione\",\"image\":{\"@type\":\"ImageObject\",\"inLanguage\":\"it-IT\",\"@id\":\"https:\\\/\\\/secure.gravatar.com\\\/avatar\\\/2fcdf27c78ea025fbdb44e914cc63c72249ffec9dc8aafd5c82b26240ef3f346?s=96&d=mm&r=g\",\"url\":\"https:\\\/\\\/secure.gravatar.com\\\/avatar\\\/2fcdf27c78ea025fbdb44e914cc63c72249ffec9dc8aafd5c82b26240ef3f346?s=96&d=mm&r=g\",\"contentUrl\":\"https:\\\/\\\/secure.gravatar.com\\\/avatar\\\/2fcdf27c78ea025fbdb44e914cc63c72249ffec9dc8aafd5c82b26240ef3f346?s=96&d=mm&r=g\",\"caption\":\"Redazione\"},\"url\":\"https:\\\/\\\/www.rassegnastampa-totustuus.it\\\/cattolica\\\/author\\\/pietroelle\\\/\"}]}<\/script>\n<!-- \/ Yoast SEO plugin. -->","yoast_head_json":{"title":"Trump: \u00aba very Merry Christmas\u00bb - Rassegna Stampa Cattolica","description":"Rassegna Stampa Cattolica - Per una cultura che nasce dalla Rivelazione cristiana in conformit\u00e0 alla tradizione e al Magistero della Chiesa in opposizione ad ogni relativismo e totalitarismo","robots":{"index":"index","follow":"follow","max-snippet":"max-snippet:-1","max-image-preview":"max-image-preview:large","max-video-preview":"max-video-preview:-1"},"canonical":"https:\/\/www.rassegnastampa-totustuus.it\/cattolica\/trump-a-very-merry-christmas\/","og_locale":"it_IT","og_type":"article","og_title":"Trump: \u00aba very Merry Christmas\u00bb - Rassegna Stampa Cattolica","og_description":"Rassegna Stampa Cattolica - Per una cultura che nasce dalla Rivelazione cristiana in conformit\u00e0 alla tradizione e al Magistero della Chiesa in opposizione ad ogni relativismo e totalitarismo","og_url":"https:\/\/www.rassegnastampa-totustuus.it\/cattolica\/trump-a-very-merry-christmas\/","og_site_name":"Rassegna Stampa Cattolica","article_publisher":"https:\/\/www.facebook.com\/rassegnastampacattolica","article_published_time":"2018-01-03T23:00:52+00:00","article_modified_time":"2018-01-04T07:41:40+00:00","og_image":[{"width":277,"height":182,"url":"https:\/\/www.rassegnastampa-totustuus.it\/cattolica\/wp-content\/uploads\/2018\/01\/Trump.jpg","type":"image\/jpeg"}],"author":"Redazione","twitter_card":"summary_large_image","twitter_creator":"@rassegnastampa9","twitter_site":"@rassegnastampa9","twitter_misc":{"Scritto da":"Redazione","Tempo di lettura stimato":"4 minuti"},"schema":{"@context":"https:\/\/schema.org","@graph":[{"@type":"Article","@id":"https:\/\/www.rassegnastampa-totustuus.it\/cattolica\/trump-a-very-merry-christmas\/#article","isPartOf":{"@id":"https:\/\/www.rassegnastampa-totustuus.it\/cattolica\/trump-a-very-merry-christmas\/"},"author":{"name":"Redazione","@id":"https:\/\/www.rassegnastampa-totustuus.it\/cattolica\/#\/schema\/person\/08f319d2bd1a0904ad9e2bfb7b15e5c3"},"headline":"Trump: \u00aba very Merry Christmas\u00bb","datePublished":"2018-01-03T23:00:52+00:00","dateModified":"2018-01-04T07:41:40+00:00","mainEntityOfPage":{"@id":"https:\/\/www.rassegnastampa-totustuus.it\/cattolica\/trump-a-very-merry-christmas\/"},"wordCount":741,"publisher":{"@id":"https:\/\/www.rassegnastampa-totustuus.it\/cattolica\/#organization"},"image":{"@id":"https:\/\/www.rassegnastampa-totustuus.it\/cattolica\/trump-a-very-merry-christmas\/#primaryimage"},"thumbnailUrl":"https:\/\/www.rassegnastampa-totustuus.it\/cattolica\/wp-content\/uploads\/2018\/01\/Trump.jpg","keywords":["Donald Trump","Natale"],"articleSection":["Stati Uniti"],"inLanguage":"it-IT"},{"@type":"WebPage","@id":"https:\/\/www.rassegnastampa-totustuus.it\/cattolica\/trump-a-very-merry-christmas\/","url":"https:\/\/www.rassegnastampa-totustuus.it\/cattolica\/trump-a-very-merry-christmas\/","name":"Trump: \u00aba very Merry Christmas\u00bb - Rassegna Stampa Cattolica","isPartOf":{"@id":"https:\/\/www.rassegnastampa-totustuus.it\/cattolica\/#website"},"primaryImageOfPage":{"@id":"https:\/\/www.rassegnastampa-totustuus.it\/cattolica\/trump-a-very-merry-christmas\/#primaryimage"},"image":{"@id":"https:\/\/www.rassegnastampa-totustuus.it\/cattolica\/trump-a-very-merry-christmas\/#primaryimage"},"thumbnailUrl":"https:\/\/www.rassegnastampa-totustuus.it\/cattolica\/wp-content\/uploads\/2018\/01\/Trump.jpg","datePublished":"2018-01-03T23:00:52+00:00","dateModified":"2018-01-04T07:41:40+00:00","description":"Rassegna Stampa Cattolica - Per una cultura che nasce dalla Rivelazione cristiana in conformit\u00e0 alla tradizione e al Magistero della Chiesa in opposizione ad ogni relativismo e totalitarismo","breadcrumb":{"@id":"https:\/\/www.rassegnastampa-totustuus.it\/cattolica\/trump-a-very-merry-christmas\/#breadcrumb"},"inLanguage":"it-IT","potentialAction":[{"@type":"ReadAction","target":["https:\/\/www.rassegnastampa-totustuus.it\/cattolica\/trump-a-very-merry-christmas\/"]}]},{"@type":"ImageObject","inLanguage":"it-IT","@id":"https:\/\/www.rassegnastampa-totustuus.it\/cattolica\/trump-a-very-merry-christmas\/#primaryimage","url":"https:\/\/www.rassegnastampa-totustuus.it\/cattolica\/wp-content\/uploads\/2018\/01\/Trump.jpg","contentUrl":"https:\/\/www.rassegnastampa-totustuus.it\/cattolica\/wp-content\/uploads\/2018\/01\/Trump.jpg","width":277,"height":182},{"@type":"BreadcrumbList","@id":"https:\/\/www.rassegnastampa-totustuus.it\/cattolica\/trump-a-very-merry-christmas\/#breadcrumb","itemListElement":[{"@type":"ListItem","position":1,"name":"Home","item":"https:\/\/www.rassegnastampa-totustuus.it\/cattolica\/"},{"@type":"ListItem","position":2,"name":"Trump: \u00aba very Merry Christmas\u00bb"}]},{"@type":"WebSite","@id":"https:\/\/www.rassegnastampa-totustuus.it\/cattolica\/#website","url":"https:\/\/www.rassegnastampa-totustuus.it\/cattolica\/","name":"Rassegna Stampa Cattolica","description":"Per una cultura che nasce dalla Rivelazione cristiana in conformit\u00e0 alla tradizione e al Magistero della Chiesa in opposizione ad ogni relativismo e totalitarismo","publisher":{"@id":"https:\/\/www.rassegnastampa-totustuus.it\/cattolica\/#organization"},"alternateName":"Rass. Cattolica","potentialAction":[{"@type":"SearchAction","target":{"@type":"EntryPoint","urlTemplate":"https:\/\/www.rassegnastampa-totustuus.it\/cattolica\/?s={search_term_string}"},"query-input":{"@type":"PropertyValueSpecification","valueRequired":true,"valueName":"search_term_string"}}],"inLanguage":"it-IT"},{"@type":"Organization","@id":"https:\/\/www.rassegnastampa-totustuus.it\/cattolica\/#organization","name":"Rassegna Stampa Cattolica","url":"https:\/\/www.rassegnastampa-totustuus.it\/cattolica\/","logo":{"@type":"ImageObject","inLanguage":"it-IT","@id":"https:\/\/www.rassegnastampa-totustuus.it\/cattolica\/#\/schema\/logo\/image\/","url":"https:\/\/www.rassegnastampa-totustuus.it\/cattolica\/wp-content\/uploads\/2014\/04\/logo-rassegna1.gif","contentUrl":"https:\/\/www.rassegnastampa-totustuus.it\/cattolica\/wp-content\/uploads\/2014\/04\/logo-rassegna1.gif","width":600,"height":163,"caption":"Rassegna Stampa Cattolica"},"image":{"@id":"https:\/\/www.rassegnastampa-totustuus.it\/cattolica\/#\/schema\/logo\/image\/"},"sameAs":["https:\/\/www.facebook.com\/rassegnastampacattolica","https:\/\/x.com\/rassegnastampa9"]},{"@type":"Person","@id":"https:\/\/www.rassegnastampa-totustuus.it\/cattolica\/#\/schema\/person\/08f319d2bd1a0904ad9e2bfb7b15e5c3","name":"Redazione","image":{"@type":"ImageObject","inLanguage":"it-IT","@id":"https:\/\/secure.gravatar.com\/avatar\/2fcdf27c78ea025fbdb44e914cc63c72249ffec9dc8aafd5c82b26240ef3f346?s=96&d=mm&r=g","url":"https:\/\/secure.gravatar.com\/avatar\/2fcdf27c78ea025fbdb44e914cc63c72249ffec9dc8aafd5c82b26240ef3f346?s=96&d=mm&r=g","contentUrl":"https:\/\/secure.gravatar.com\/avatar\/2fcdf27c78ea025fbdb44e914cc63c72249ffec9dc8aafd5c82b26240ef3f346?s=96&d=mm&r=g","caption":"Redazione"},"url":"https:\/\/www.rassegnastampa-totustuus.it\/cattolica\/author\/pietroelle\/"}]}},"_links":{"self":[{"href":"https:\/\/www.rassegnastampa-totustuus.it\/cattolica\/wp-json\/wp\/v2\/posts\/39477","targetHints":{"allow":["GET"]}}],"collection":[{"href":"https:\/\/www.rassegnastampa-totustuus.it\/cattolica\/wp-json\/wp\/v2\/posts"}],"about":[{"href":"https:\/\/www.rassegnastampa-totustuus.it\/cattolica\/wp-json\/wp\/v2\/types\/post"}],"author":[{"embeddable":true,"href":"https:\/\/www.rassegnastampa-totustuus.it\/cattolica\/wp-json\/wp\/v2\/users\/6"}],"replies":[{"embeddable":true,"href":"https:\/\/www.rassegnastampa-totustuus.it\/cattolica\/wp-json\/wp\/v2\/comments?post=39477"}],"version-history":[{"count":2,"href":"https:\/\/www.rassegnastampa-totustuus.it\/cattolica\/wp-json\/wp\/v2\/posts\/39477\/revisions"}],"predecessor-version":[{"id":39496,"href":"https:\/\/www.rassegnastampa-totustuus.it\/cattolica\/wp-json\/wp\/v2\/posts\/39477\/revisions\/39496"}],"wp:featuredmedia":[{"embeddable":true,"href":"https:\/\/www.rassegnastampa-totustuus.it\/cattolica\/wp-json\/wp\/v2\/media\/39478"}],"wp:attachment":[{"href":"https:\/\/www.rassegnastampa-totustuus.it\/cattolica\/wp-json\/wp\/v2\/media?parent=39477"}],"wp:term":[{"taxonomy":"category","embeddable":true,"href":"https:\/\/www.rassegnastampa-totustuus.it\/cattolica\/wp-json\/wp\/v2\/categories?post=39477"},{"taxonomy":"post_tag","embeddable":true,"href":"https:\/\/www.rassegnastampa-totustuus.it\/cattolica\/wp-json\/wp\/v2\/tags?post=39477"}],"curies":[{"name":"wp","href":"https:\/\/api.w.org\/{rel}","templated":true}]}}