{"id":3944,"date":"2010-07-08T00:00:00","date_gmt":"2010-07-07T22:00:00","guid":{"rendered":""},"modified":"2016-05-02T12:45:45","modified_gmt":"2016-05-02T10:45:45","slug":"e-la-pedofobia-la-nostra-condanna","status":"publish","type":"post","link":"https:\/\/www.rassegnastampa-totustuus.it\/cattolica\/e-la-pedofobia-la-nostra-condanna\/","title":{"rendered":"E&#8217; la pedofobia la nostra condanna"},"content":{"rendered":"<div style=\"text-align: center;\"><strong><img loading=\"lazy\" decoding=\"async\" class=\"alignleft wp-image-33909\" src=\"https:\/\/www.rassegnastampa-totustuus.it\/cattolica\/wp-content\/uploads\/2010\/07\/pedofobia.jpg\" alt=\"pedofobia\" width=\"266\" height=\"162\" \/>Tempi<\/strong>, 2 giugno 2010<\/div>\n<p style=\"text-align: justify;\"><em>Cosa ci si pu\u00f2 attendere di buono da un\u2019umanit\u00e0 che teme l\u2019imprevisto peggio della peste e rifiuta i bambini come intrusi inquinanti e antieconomici?<\/em><\/p>\n<p style=\"text-align: center;\">di <span class=\"authorname\"><strong>Carlo Bellieni<\/strong><\/span><\/p>\n<p style=\"text-align: center;\"><span class=\"authorname\"><em>Membro Corrisp. Pontificia Academia <\/em><\/span><\/p>\n<p style=\"text-align: center;\"><span class=\"authorname\"><em>Pro Vita, \u00a0<\/em><\/span><span class=\"authorname\"><em>Segretario e\u00a0<\/em><\/span><em>tesoriere Comitato Bioetica Soc. Ital. Pediatria<\/em><\/p>\n<p><!--more--><\/p>\n<div style=\"text-align: justify;\">Rovente dibattito sul Journal of Medical Ethics: \u00abFare figli \u00e8 solo irrazionale o anche immorale\u00bb? Fior di filosofi quali Hayry, Bennett o Holm disputavano di recente tra queste due sponde con argomenti ferrei: \u00abFar figli non d\u00e0 vantaggi socioeconomici, dunque \u00e8 irrazionale\u00bb dicevano gli uni, e gli altri rispondevano: \u00abMa ogni essere umano \u00e8 destinato a soffrire, dunque farlo nascere \u00e8 esporre un essere al dolore, cio\u00e8 \u00e8 immorale\u00bb.<\/div>\n<p style=\"text-align: justify;\">Non \u00e8 fanta-filosofia, dato che erano davvero convinti delle loro affermazioni in cui l\u2019ipotesi che far figli \u00e8 un fatto naturale come respirare non era neanche accennato; fatto triste, ma da cui capiamo che il bambino \u00e8 il vero \u201cstraniero\u201d nel mondo di oggi. Non se ne fanno pi\u00f9. Quelli che nascono sono dei sopravvissuti al vaglio della diagnosi prenatale genetica di cui l\u2019Italia ha il record mondiale: sette ecografie di media per gravidanza (ne basterebbero 1-2) e oltre 100.000 amniocentesi l\u2019anno. Non si vedono pi\u00f9. Scomparsi dalle strade, per vedersi tra loro li ingabbiamo in \u201cfeste\u201d e invece di giocare \u201cfanno sport\u201d.<\/p>\n<p style=\"text-align: justify;\">Una volta erano i padroni dei vicoli, oggi sono animali domestici che escono solo se il genitore ha tempo di scarrozzarli. Bambini cui \u00e8 vietato toccare tutto &#8211; sporcarsi \u00e8 follia &#8211; e questo li priva delle esperienze basilari e della prima prevenzione da allergie e infezioni; che non si possono permettere di sapere cosa \u00e8 un fratello, un cugino, che non vedono pi\u00f9 allevare i bambini pi\u00f9 piccoli (le mamme non ne fanno pi\u00f9 e ne parlano con spavento) e dunque non imparano ad allevarli quando toccher\u00e0 a loro.<\/p>\n<p style=\"text-align: justify;\">Sono tutto tranne che \u201cbambini\u201d: \u201cintrusi\u201d finch\u00e9 non decidiamo che possono nascere, poi \u201cbambolotti\u201d da mostrare alle amiche, quindi \u201cjuke-box\u201d dei desideri infantili frustrati dei genitori e infine degli \u201celisir di eterna giovinezza\u201d per noi vecchi.<\/p>\n<p style=\"text-align: justify;\">Perch\u00e9 al mondo ha cittadinanza solo chi pu\u00f2 far a meno degli altri, e i bambini (cos\u00ec come gli anziani e i malati) non possono, dunque sono invisibili, valgono solo nella misura in cui ci scimmiottano o ci fanno far bella figura. E le famiglie con pi\u00f9 figli sono guardate con sospetto, perch\u00e9 obbligano a fare i conti con i termini <em>gratuit\u00e0<\/em>, o <em>imprevisto<\/em>, che sono al bando nella societ\u00e0 occidentale governata da chi &#8211; come l\u2019ONU &#8211; raccomanda di non far figli per prevenire il surriscaldamento globale (British Medical Journal novembre 2009).<\/p>\n<p style=\"text-align: justify;\">I bambini sono dei sovversivi: la societ\u00e0 non li vuole. Si chiama pedofobia quest\u2019avversione all\u2019idea stessa di bambino, che fa trionfare la politica del figlio unico proprio come in Cina, solo che l\u00ec \u00e8 un obbligo di legge, qui \u00e8 un obbligo \u201csociale\u201d, ma l\u2019effetto (e la tragedia) \u00e8 lo stesso.<\/p>\n<p style=\"text-align: justify;\">Nella societ\u00e0 pedofobica il bambino si sente indesiderato: \u00abTriste scoperta ragazzi, siamo facoltativi! \u00bb, scriveva Joaquin Lavado, e questa coscienza a detta di alcuni psichiatri genera una sorta di sindrome del sopravvissuto, per la quale si devono cercare sensazioni estreme per confermare di esser vivi e si sente un senso di colpa: io sono vivo, ma altri (mio fratello, mia sorella) non erano idonei e sono stati \u201crespinti\u201d per far nascere me.<\/p>\n<p style=\"text-align: justify;\">Come dicono i sociologi, vivono di riflesso dei desideri dei genitori: in fondo, in maggioranza sono arrivati a nascere perch\u00e9 erano \u201cgraditi\u201d. Questo non aiuta ad un equilibrato sviluppo affettivo, ma c\u2019\u00e8 dell\u2019altro.<\/p>\n<p style=\"text-align: justify;\">I ragazzi hanno accesso a tutto il sesso del mondo, ma divieto assoluto non solo di fare ma anche di pensare a far figli; vivono in un mondo che impone una sessualit\u00e0 commerciale precoce, ma che anche impone di non fare famiglia, e li obbliga a giocare col loro corpo che non conoscono e li disturba (il corpo sta all\u2019adolescente come una mosca al naso del gatto), castrati moralmente perch\u00e9 tutto impone di fare sesso ma assolutamente non fare figli.<\/p>\n<p style=\"text-align: justify;\">E nella societ\u00e0 pedofobica gli adolescenti, che un tempo pensavano di trasgredire abortendo, la rivolta la fanno facendo figli: ed \u00e8 il boom delle gravidanze teenager (nonostante i 6 milioni spesi dal governo inglese in prevenzione e preservativi gratis), a sfida degli adulti, come il gruppo di 17 amiche negli USA che hanno deciso di restare incinte (i padri sono anonimi) tutte insieme; ed \u00e8 un fiorire nelle di programmi TV su questo tema, da Juno a \u201c16 and pregnant\u201d a \u201cVita segreta di una teenager americana&#8221;, segno di una sete di qualcosa che manca, di un equilibrio rotto.<\/p>\n<p style=\"text-align: justify;\">In una societ\u00e0 pedofobica fiorisce la pedofilia, follia figlia di uno sviluppo affettivo alterato e del vedere il bambino come un oggetto. Un tempo ce n\u2019era meno forse perch\u00e9 lo sviluppo affettivo non veniva danneggiato dal sentirsi \u201cprogrammati\u201d e non \u201cvoluti\u201d, dalla censura della sola idea di procreare e far famiglia. C\u2019era meno pedofilia soprattutto perch\u00e9 non si vedeva il bambino come un oggetto, un \u201cprodotto\u201d, un bene di consumo, una \u201cscelta\u201d, un \u201cdiritto\u201d.<\/p>\n<p style=\"text-align: justify;\">Se ci sono dei mascalzoni criminali, dei malati mentali che portano questo alle estreme conseguenze, che li usano, li violentano, li fotografano, che siano insegnanti, preti, registi o altro, c\u2019\u00e8 forse da stupirsi? E si deve solo far scattare le manette o ripensare al tipo di messaggio che respiriamo ogni giorno rispetto ai rapporti pi\u00f9 umani, quelli verso la vita? Non ci stupisce la pedofilia in un mondo in cui i figli sono progettati in base al colore degli occhi, scartati prima di nascere se hanno minime anomalie magari curabili, cio\u00e8 se tutti li guardiamo come guardiamo un\u2019auto o un vestito nuovo.<\/p>\n<p style=\"text-align: justify;\">Scriveva nel 1963 Bob Dylan: \u00abAvete sparso la peggior paura: paura di mettere figli al mondo. Poich\u00e9 insidiate il mio figlio non nato e senza nome, voi non meritate il sangue che scorre nelle vostre vene\u00bb; la pedofilia \u00e8 il miasma che scaturisce da questa paura, dal rifiuto di quello che non \u00e8 programmabile, di un \u201ctu\u201d &#8211; il bambino &#8211; che per definizione non si possiede. Nasce da me ma non \u00e8 mio.<\/p>\n","protected":false},"excerpt":{"rendered":"<p>Tempi, 2 giugno 2010 Cosa ci si pu\u00f2 attendere di buono da un\u2019umanit\u00e0 che teme l\u2019imprevisto peggio della peste e rifiuta i bambini come intrusi inquinanti e antieconomici? di Carlo Bellieni Membro Corrisp. Pontificia Academia Pro Vita, \u00a0Segretario e\u00a0tesoriere Comitato Bioetica Soc. Ital. Pediatria<\/p><p><a class=\"more-link btn\" href=\"https:\/\/www.rassegnastampa-totustuus.it\/cattolica\/e-la-pedofobia-la-nostra-condanna\/\">Continua a leggere<\/a><\/p>\n","protected":false},"author":6,"featured_media":33909,"comment_status":"closed","ping_status":"open","sticky":false,"template":"","format":"standard","meta":{"footnotes":""},"categories":[25],"tags":[1797],"class_list":["post-3944","post","type-post","status-publish","format-standard","has-post-thumbnail","hentry","category-sguardo-sul-nostro-tempo","tag-pedofobia","item-wrap"],"yoast_head":"<!-- This site is optimized with the Yoast SEO plugin v27.5 - https:\/\/yoast.com\/product\/yoast-seo-wordpress\/ -->\n<title>E&#039; la pedofobia la nostra condanna - Rassegna Stampa Cattolica<\/title>\n<meta name=\"description\" content=\"Rassegna Stampa Cattolica - Per una cultura che nasce dalla Rivelazione cristiana in conformit\u00e0 alla tradizione e al Magistero della Chiesa in opposizione ad ogni relativismo e totalitarismo\" \/>\n<meta name=\"robots\" content=\"index, follow, max-snippet:-1, max-image-preview:large, max-video-preview:-1\" \/>\n<link rel=\"canonical\" href=\"https:\/\/www.rassegnastampa-totustuus.it\/cattolica\/e-la-pedofobia-la-nostra-condanna\/\" \/>\n<meta property=\"og:locale\" content=\"it_IT\" \/>\n<meta property=\"og:type\" content=\"article\" \/>\n<meta property=\"og:title\" content=\"E&#039; la pedofobia la nostra condanna - Rassegna Stampa Cattolica\" \/>\n<meta property=\"og:description\" content=\"Rassegna Stampa Cattolica - Per una cultura che nasce dalla Rivelazione cristiana in conformit\u00e0 alla tradizione e al Magistero della Chiesa in opposizione ad ogni relativismo e totalitarismo\" \/>\n<meta property=\"og:url\" content=\"https:\/\/www.rassegnastampa-totustuus.it\/cattolica\/e-la-pedofobia-la-nostra-condanna\/\" \/>\n<meta property=\"og:site_name\" content=\"Rassegna Stampa Cattolica\" \/>\n<meta property=\"article:publisher\" content=\"https:\/\/www.facebook.com\/rassegnastampacattolica\" \/>\n<meta property=\"article:published_time\" content=\"2010-07-07T22:00:00+00:00\" \/>\n<meta property=\"article:modified_time\" content=\"2016-05-02T10:45:45+00:00\" \/>\n<meta property=\"og:image\" content=\"https:\/\/www.rassegnastampa-totustuus.it\/cattolica\/wp-content\/uploads\/2010\/07\/pedofobia.jpg\" \/>\n\t<meta property=\"og:image:width\" content=\"288\" \/>\n\t<meta property=\"og:image:height\" content=\"175\" \/>\n\t<meta property=\"og:image:type\" content=\"image\/jpeg\" \/>\n<meta name=\"author\" content=\"Redazione\" \/>\n<meta name=\"twitter:card\" content=\"summary_large_image\" \/>\n<meta name=\"twitter:creator\" content=\"@rassegnastampa9\" \/>\n<meta name=\"twitter:site\" content=\"@rassegnastampa9\" \/>\n<meta name=\"twitter:label1\" content=\"Scritto da\" \/>\n\t<meta name=\"twitter:data1\" content=\"Redazione\" \/>\n\t<meta name=\"twitter:label2\" content=\"Tempo di lettura stimato\" \/>\n\t<meta name=\"twitter:data2\" content=\"5 minuti\" \/>\n<script type=\"application\/ld+json\" class=\"yoast-schema-graph\">{\"@context\":\"https:\\\/\\\/schema.org\",\"@graph\":[{\"@type\":\"Article\",\"@id\":\"https:\\\/\\\/www.rassegnastampa-totustuus.it\\\/cattolica\\\/e-la-pedofobia-la-nostra-condanna\\\/#article\",\"isPartOf\":{\"@id\":\"https:\\\/\\\/www.rassegnastampa-totustuus.it\\\/cattolica\\\/e-la-pedofobia-la-nostra-condanna\\\/\"},\"author\":{\"name\":\"Redazione\",\"@id\":\"https:\\\/\\\/www.rassegnastampa-totustuus.it\\\/cattolica\\\/#\\\/schema\\\/person\\\/08f319d2bd1a0904ad9e2bfb7b15e5c3\"},\"headline\":\"E&#8217; la pedofobia la nostra condanna\",\"datePublished\":\"2010-07-07T22:00:00+00:00\",\"dateModified\":\"2016-05-02T10:45:45+00:00\",\"mainEntityOfPage\":{\"@id\":\"https:\\\/\\\/www.rassegnastampa-totustuus.it\\\/cattolica\\\/e-la-pedofobia-la-nostra-condanna\\\/\"},\"wordCount\":1013,\"publisher\":{\"@id\":\"https:\\\/\\\/www.rassegnastampa-totustuus.it\\\/cattolica\\\/#organization\"},\"image\":{\"@id\":\"https:\\\/\\\/www.rassegnastampa-totustuus.it\\\/cattolica\\\/e-la-pedofobia-la-nostra-condanna\\\/#primaryimage\"},\"thumbnailUrl\":\"https:\\\/\\\/www.rassegnastampa-totustuus.it\\\/cattolica\\\/wp-content\\\/uploads\\\/2010\\\/07\\\/pedofobia.jpg\",\"keywords\":[\"pedofobia\"],\"articleSection\":[\"Sguardo sul nostro tempo\"],\"inLanguage\":\"it-IT\"},{\"@type\":\"WebPage\",\"@id\":\"https:\\\/\\\/www.rassegnastampa-totustuus.it\\\/cattolica\\\/e-la-pedofobia-la-nostra-condanna\\\/\",\"url\":\"https:\\\/\\\/www.rassegnastampa-totustuus.it\\\/cattolica\\\/e-la-pedofobia-la-nostra-condanna\\\/\",\"name\":\"E' la pedofobia la nostra condanna - Rassegna Stampa Cattolica\",\"isPartOf\":{\"@id\":\"https:\\\/\\\/www.rassegnastampa-totustuus.it\\\/cattolica\\\/#website\"},\"primaryImageOfPage\":{\"@id\":\"https:\\\/\\\/www.rassegnastampa-totustuus.it\\\/cattolica\\\/e-la-pedofobia-la-nostra-condanna\\\/#primaryimage\"},\"image\":{\"@id\":\"https:\\\/\\\/www.rassegnastampa-totustuus.it\\\/cattolica\\\/e-la-pedofobia-la-nostra-condanna\\\/#primaryimage\"},\"thumbnailUrl\":\"https:\\\/\\\/www.rassegnastampa-totustuus.it\\\/cattolica\\\/wp-content\\\/uploads\\\/2010\\\/07\\\/pedofobia.jpg\",\"datePublished\":\"2010-07-07T22:00:00+00:00\",\"dateModified\":\"2016-05-02T10:45:45+00:00\",\"description\":\"Rassegna Stampa Cattolica - Per una cultura che nasce dalla Rivelazione cristiana in conformit\u00e0 alla tradizione e al Magistero della Chiesa in opposizione ad ogni relativismo e totalitarismo\",\"breadcrumb\":{\"@id\":\"https:\\\/\\\/www.rassegnastampa-totustuus.it\\\/cattolica\\\/e-la-pedofobia-la-nostra-condanna\\\/#breadcrumb\"},\"inLanguage\":\"it-IT\",\"potentialAction\":[{\"@type\":\"ReadAction\",\"target\":[\"https:\\\/\\\/www.rassegnastampa-totustuus.it\\\/cattolica\\\/e-la-pedofobia-la-nostra-condanna\\\/\"]}]},{\"@type\":\"ImageObject\",\"inLanguage\":\"it-IT\",\"@id\":\"https:\\\/\\\/www.rassegnastampa-totustuus.it\\\/cattolica\\\/e-la-pedofobia-la-nostra-condanna\\\/#primaryimage\",\"url\":\"https:\\\/\\\/www.rassegnastampa-totustuus.it\\\/cattolica\\\/wp-content\\\/uploads\\\/2010\\\/07\\\/pedofobia.jpg\",\"contentUrl\":\"https:\\\/\\\/www.rassegnastampa-totustuus.it\\\/cattolica\\\/wp-content\\\/uploads\\\/2010\\\/07\\\/pedofobia.jpg\",\"width\":288,\"height\":175},{\"@type\":\"BreadcrumbList\",\"@id\":\"https:\\\/\\\/www.rassegnastampa-totustuus.it\\\/cattolica\\\/e-la-pedofobia-la-nostra-condanna\\\/#breadcrumb\",\"itemListElement\":[{\"@type\":\"ListItem\",\"position\":1,\"name\":\"Home\",\"item\":\"https:\\\/\\\/www.rassegnastampa-totustuus.it\\\/cattolica\\\/\"},{\"@type\":\"ListItem\",\"position\":2,\"name\":\"E&#8217; la pedofobia la nostra condanna\"}]},{\"@type\":\"WebSite\",\"@id\":\"https:\\\/\\\/www.rassegnastampa-totustuus.it\\\/cattolica\\\/#website\",\"url\":\"https:\\\/\\\/www.rassegnastampa-totustuus.it\\\/cattolica\\\/\",\"name\":\"Rassegna Stampa Cattolica\",\"description\":\"Per una cultura che nasce dalla Rivelazione cristiana in conformit\u00e0 alla tradizione e al Magistero della Chiesa in opposizione ad ogni relativismo e totalitarismo\",\"publisher\":{\"@id\":\"https:\\\/\\\/www.rassegnastampa-totustuus.it\\\/cattolica\\\/#organization\"},\"alternateName\":\"Rass. Cattolica\",\"potentialAction\":[{\"@type\":\"SearchAction\",\"target\":{\"@type\":\"EntryPoint\",\"urlTemplate\":\"https:\\\/\\\/www.rassegnastampa-totustuus.it\\\/cattolica\\\/?s={search_term_string}\"},\"query-input\":{\"@type\":\"PropertyValueSpecification\",\"valueRequired\":true,\"valueName\":\"search_term_string\"}}],\"inLanguage\":\"it-IT\"},{\"@type\":\"Organization\",\"@id\":\"https:\\\/\\\/www.rassegnastampa-totustuus.it\\\/cattolica\\\/#organization\",\"name\":\"Rassegna Stampa Cattolica\",\"url\":\"https:\\\/\\\/www.rassegnastampa-totustuus.it\\\/cattolica\\\/\",\"logo\":{\"@type\":\"ImageObject\",\"inLanguage\":\"it-IT\",\"@id\":\"https:\\\/\\\/www.rassegnastampa-totustuus.it\\\/cattolica\\\/#\\\/schema\\\/logo\\\/image\\\/\",\"url\":\"https:\\\/\\\/www.rassegnastampa-totustuus.it\\\/cattolica\\\/wp-content\\\/uploads\\\/2014\\\/04\\\/logo-rassegna1.gif\",\"contentUrl\":\"https:\\\/\\\/www.rassegnastampa-totustuus.it\\\/cattolica\\\/wp-content\\\/uploads\\\/2014\\\/04\\\/logo-rassegna1.gif\",\"width\":600,\"height\":163,\"caption\":\"Rassegna Stampa Cattolica\"},\"image\":{\"@id\":\"https:\\\/\\\/www.rassegnastampa-totustuus.it\\\/cattolica\\\/#\\\/schema\\\/logo\\\/image\\\/\"},\"sameAs\":[\"https:\\\/\\\/www.facebook.com\\\/rassegnastampacattolica\",\"https:\\\/\\\/x.com\\\/rassegnastampa9\"]},{\"@type\":\"Person\",\"@id\":\"https:\\\/\\\/www.rassegnastampa-totustuus.it\\\/cattolica\\\/#\\\/schema\\\/person\\\/08f319d2bd1a0904ad9e2bfb7b15e5c3\",\"name\":\"Redazione\",\"image\":{\"@type\":\"ImageObject\",\"inLanguage\":\"it-IT\",\"@id\":\"https:\\\/\\\/secure.gravatar.com\\\/avatar\\\/2fcdf27c78ea025fbdb44e914cc63c72249ffec9dc8aafd5c82b26240ef3f346?s=96&d=mm&r=g\",\"url\":\"https:\\\/\\\/secure.gravatar.com\\\/avatar\\\/2fcdf27c78ea025fbdb44e914cc63c72249ffec9dc8aafd5c82b26240ef3f346?s=96&d=mm&r=g\",\"contentUrl\":\"https:\\\/\\\/secure.gravatar.com\\\/avatar\\\/2fcdf27c78ea025fbdb44e914cc63c72249ffec9dc8aafd5c82b26240ef3f346?s=96&d=mm&r=g\",\"caption\":\"Redazione\"},\"url\":\"https:\\\/\\\/www.rassegnastampa-totustuus.it\\\/cattolica\\\/author\\\/pietroelle\\\/\"}]}<\/script>\n<!-- \/ Yoast SEO plugin. -->","yoast_head_json":{"title":"E' la pedofobia la nostra condanna - Rassegna Stampa Cattolica","description":"Rassegna Stampa Cattolica - Per una cultura che nasce dalla Rivelazione cristiana in conformit\u00e0 alla tradizione e al Magistero della Chiesa in opposizione ad ogni relativismo e totalitarismo","robots":{"index":"index","follow":"follow","max-snippet":"max-snippet:-1","max-image-preview":"max-image-preview:large","max-video-preview":"max-video-preview:-1"},"canonical":"https:\/\/www.rassegnastampa-totustuus.it\/cattolica\/e-la-pedofobia-la-nostra-condanna\/","og_locale":"it_IT","og_type":"article","og_title":"E' la pedofobia la nostra condanna - Rassegna Stampa Cattolica","og_description":"Rassegna Stampa Cattolica - Per una cultura che nasce dalla Rivelazione cristiana in conformit\u00e0 alla tradizione e al Magistero della Chiesa in opposizione ad ogni relativismo e totalitarismo","og_url":"https:\/\/www.rassegnastampa-totustuus.it\/cattolica\/e-la-pedofobia-la-nostra-condanna\/","og_site_name":"Rassegna Stampa Cattolica","article_publisher":"https:\/\/www.facebook.com\/rassegnastampacattolica","article_published_time":"2010-07-07T22:00:00+00:00","article_modified_time":"2016-05-02T10:45:45+00:00","og_image":[{"width":288,"height":175,"url":"https:\/\/www.rassegnastampa-totustuus.it\/cattolica\/wp-content\/uploads\/2010\/07\/pedofobia.jpg","type":"image\/jpeg"}],"author":"Redazione","twitter_card":"summary_large_image","twitter_creator":"@rassegnastampa9","twitter_site":"@rassegnastampa9","twitter_misc":{"Scritto da":"Redazione","Tempo di lettura stimato":"5 minuti"},"schema":{"@context":"https:\/\/schema.org","@graph":[{"@type":"Article","@id":"https:\/\/www.rassegnastampa-totustuus.it\/cattolica\/e-la-pedofobia-la-nostra-condanna\/#article","isPartOf":{"@id":"https:\/\/www.rassegnastampa-totustuus.it\/cattolica\/e-la-pedofobia-la-nostra-condanna\/"},"author":{"name":"Redazione","@id":"https:\/\/www.rassegnastampa-totustuus.it\/cattolica\/#\/schema\/person\/08f319d2bd1a0904ad9e2bfb7b15e5c3"},"headline":"E&#8217; la pedofobia la nostra condanna","datePublished":"2010-07-07T22:00:00+00:00","dateModified":"2016-05-02T10:45:45+00:00","mainEntityOfPage":{"@id":"https:\/\/www.rassegnastampa-totustuus.it\/cattolica\/e-la-pedofobia-la-nostra-condanna\/"},"wordCount":1013,"publisher":{"@id":"https:\/\/www.rassegnastampa-totustuus.it\/cattolica\/#organization"},"image":{"@id":"https:\/\/www.rassegnastampa-totustuus.it\/cattolica\/e-la-pedofobia-la-nostra-condanna\/#primaryimage"},"thumbnailUrl":"https:\/\/www.rassegnastampa-totustuus.it\/cattolica\/wp-content\/uploads\/2010\/07\/pedofobia.jpg","keywords":["pedofobia"],"articleSection":["Sguardo sul nostro tempo"],"inLanguage":"it-IT"},{"@type":"WebPage","@id":"https:\/\/www.rassegnastampa-totustuus.it\/cattolica\/e-la-pedofobia-la-nostra-condanna\/","url":"https:\/\/www.rassegnastampa-totustuus.it\/cattolica\/e-la-pedofobia-la-nostra-condanna\/","name":"E' la pedofobia la nostra condanna - Rassegna Stampa Cattolica","isPartOf":{"@id":"https:\/\/www.rassegnastampa-totustuus.it\/cattolica\/#website"},"primaryImageOfPage":{"@id":"https:\/\/www.rassegnastampa-totustuus.it\/cattolica\/e-la-pedofobia-la-nostra-condanna\/#primaryimage"},"image":{"@id":"https:\/\/www.rassegnastampa-totustuus.it\/cattolica\/e-la-pedofobia-la-nostra-condanna\/#primaryimage"},"thumbnailUrl":"https:\/\/www.rassegnastampa-totustuus.it\/cattolica\/wp-content\/uploads\/2010\/07\/pedofobia.jpg","datePublished":"2010-07-07T22:00:00+00:00","dateModified":"2016-05-02T10:45:45+00:00","description":"Rassegna Stampa Cattolica - Per una cultura che nasce dalla Rivelazione cristiana in conformit\u00e0 alla tradizione e al Magistero della Chiesa in opposizione ad ogni relativismo e totalitarismo","breadcrumb":{"@id":"https:\/\/www.rassegnastampa-totustuus.it\/cattolica\/e-la-pedofobia-la-nostra-condanna\/#breadcrumb"},"inLanguage":"it-IT","potentialAction":[{"@type":"ReadAction","target":["https:\/\/www.rassegnastampa-totustuus.it\/cattolica\/e-la-pedofobia-la-nostra-condanna\/"]}]},{"@type":"ImageObject","inLanguage":"it-IT","@id":"https:\/\/www.rassegnastampa-totustuus.it\/cattolica\/e-la-pedofobia-la-nostra-condanna\/#primaryimage","url":"https:\/\/www.rassegnastampa-totustuus.it\/cattolica\/wp-content\/uploads\/2010\/07\/pedofobia.jpg","contentUrl":"https:\/\/www.rassegnastampa-totustuus.it\/cattolica\/wp-content\/uploads\/2010\/07\/pedofobia.jpg","width":288,"height":175},{"@type":"BreadcrumbList","@id":"https:\/\/www.rassegnastampa-totustuus.it\/cattolica\/e-la-pedofobia-la-nostra-condanna\/#breadcrumb","itemListElement":[{"@type":"ListItem","position":1,"name":"Home","item":"https:\/\/www.rassegnastampa-totustuus.it\/cattolica\/"},{"@type":"ListItem","position":2,"name":"E&#8217; la pedofobia la nostra condanna"}]},{"@type":"WebSite","@id":"https:\/\/www.rassegnastampa-totustuus.it\/cattolica\/#website","url":"https:\/\/www.rassegnastampa-totustuus.it\/cattolica\/","name":"Rassegna Stampa Cattolica","description":"Per una cultura che nasce dalla Rivelazione cristiana in conformit\u00e0 alla tradizione e al Magistero della Chiesa in opposizione ad ogni relativismo e totalitarismo","publisher":{"@id":"https:\/\/www.rassegnastampa-totustuus.it\/cattolica\/#organization"},"alternateName":"Rass. Cattolica","potentialAction":[{"@type":"SearchAction","target":{"@type":"EntryPoint","urlTemplate":"https:\/\/www.rassegnastampa-totustuus.it\/cattolica\/?s={search_term_string}"},"query-input":{"@type":"PropertyValueSpecification","valueRequired":true,"valueName":"search_term_string"}}],"inLanguage":"it-IT"},{"@type":"Organization","@id":"https:\/\/www.rassegnastampa-totustuus.it\/cattolica\/#organization","name":"Rassegna Stampa Cattolica","url":"https:\/\/www.rassegnastampa-totustuus.it\/cattolica\/","logo":{"@type":"ImageObject","inLanguage":"it-IT","@id":"https:\/\/www.rassegnastampa-totustuus.it\/cattolica\/#\/schema\/logo\/image\/","url":"https:\/\/www.rassegnastampa-totustuus.it\/cattolica\/wp-content\/uploads\/2014\/04\/logo-rassegna1.gif","contentUrl":"https:\/\/www.rassegnastampa-totustuus.it\/cattolica\/wp-content\/uploads\/2014\/04\/logo-rassegna1.gif","width":600,"height":163,"caption":"Rassegna Stampa Cattolica"},"image":{"@id":"https:\/\/www.rassegnastampa-totustuus.it\/cattolica\/#\/schema\/logo\/image\/"},"sameAs":["https:\/\/www.facebook.com\/rassegnastampacattolica","https:\/\/x.com\/rassegnastampa9"]},{"@type":"Person","@id":"https:\/\/www.rassegnastampa-totustuus.it\/cattolica\/#\/schema\/person\/08f319d2bd1a0904ad9e2bfb7b15e5c3","name":"Redazione","image":{"@type":"ImageObject","inLanguage":"it-IT","@id":"https:\/\/secure.gravatar.com\/avatar\/2fcdf27c78ea025fbdb44e914cc63c72249ffec9dc8aafd5c82b26240ef3f346?s=96&d=mm&r=g","url":"https:\/\/secure.gravatar.com\/avatar\/2fcdf27c78ea025fbdb44e914cc63c72249ffec9dc8aafd5c82b26240ef3f346?s=96&d=mm&r=g","contentUrl":"https:\/\/secure.gravatar.com\/avatar\/2fcdf27c78ea025fbdb44e914cc63c72249ffec9dc8aafd5c82b26240ef3f346?s=96&d=mm&r=g","caption":"Redazione"},"url":"https:\/\/www.rassegnastampa-totustuus.it\/cattolica\/author\/pietroelle\/"}]}},"_links":{"self":[{"href":"https:\/\/www.rassegnastampa-totustuus.it\/cattolica\/wp-json\/wp\/v2\/posts\/3944","targetHints":{"allow":["GET"]}}],"collection":[{"href":"https:\/\/www.rassegnastampa-totustuus.it\/cattolica\/wp-json\/wp\/v2\/posts"}],"about":[{"href":"https:\/\/www.rassegnastampa-totustuus.it\/cattolica\/wp-json\/wp\/v2\/types\/post"}],"author":[{"embeddable":true,"href":"https:\/\/www.rassegnastampa-totustuus.it\/cattolica\/wp-json\/wp\/v2\/users\/6"}],"replies":[{"embeddable":true,"href":"https:\/\/www.rassegnastampa-totustuus.it\/cattolica\/wp-json\/wp\/v2\/comments?post=3944"}],"version-history":[{"count":4,"href":"https:\/\/www.rassegnastampa-totustuus.it\/cattolica\/wp-json\/wp\/v2\/posts\/3944\/revisions"}],"predecessor-version":[{"id":33910,"href":"https:\/\/www.rassegnastampa-totustuus.it\/cattolica\/wp-json\/wp\/v2\/posts\/3944\/revisions\/33910"}],"wp:featuredmedia":[{"embeddable":true,"href":"https:\/\/www.rassegnastampa-totustuus.it\/cattolica\/wp-json\/wp\/v2\/media\/33909"}],"wp:attachment":[{"href":"https:\/\/www.rassegnastampa-totustuus.it\/cattolica\/wp-json\/wp\/v2\/media?parent=3944"}],"wp:term":[{"taxonomy":"category","embeddable":true,"href":"https:\/\/www.rassegnastampa-totustuus.it\/cattolica\/wp-json\/wp\/v2\/categories?post=3944"},{"taxonomy":"post_tag","embeddable":true,"href":"https:\/\/www.rassegnastampa-totustuus.it\/cattolica\/wp-json\/wp\/v2\/tags?post=3944"}],"curies":[{"name":"wp","href":"https:\/\/api.w.org\/{rel}","templated":true}]}}