{"id":39319,"date":"2017-12-28T00:00:55","date_gmt":"2017-12-27T23:00:55","guid":{"rendered":"http:\/\/www.rassegnastampa-totustuus.it\/cattolica\/?p=39319"},"modified":"2017-12-28T08:25:10","modified_gmt":"2017-12-28T07:25:10","slug":"lo-stato-non-ci-pensa-e-lo-fara-la-chiesa","status":"publish","type":"post","link":"https:\/\/www.rassegnastampa-totustuus.it\/cattolica\/lo-stato-non-ci-pensa-e-lo-fara-la-chiesa\/","title":{"rendered":"Lo Stato non ci pensa, e lo far\u00e0 la Chiesa"},"content":{"rendered":"<p style=\"text-align: center;\"><strong><img loading=\"lazy\" decoding=\"async\" class=\"wp-image-39320 alignright\" src=\"https:\/\/www.rassegnastampa-totustuus.it\/cattolica\/wp-content\/uploads\/2017\/12\/borse_studio.jpg\" alt=\"\" width=\"250\" height=\"78\" srcset=\"https:\/\/www.rassegnastampa-totustuus.it\/cattolica\/wp-content\/uploads\/2017\/12\/borse_studio.jpg 1024w, https:\/\/www.rassegnastampa-totustuus.it\/cattolica\/wp-content\/uploads\/2017\/12\/borse_studio-300x94.jpg 300w, https:\/\/www.rassegnastampa-totustuus.it\/cattolica\/wp-content\/uploads\/2017\/12\/borse_studio-768x240.jpg 768w\" sizes=\"auto, (max-width: 250px) 100vw, 250px\" \/>La Croce<\/strong> quotidiano 16 dicembre 2017<\/p>\n<p style=\"text-align: justify;\"><strong><em>\u00a0<\/em><\/strong><em>La diocesi di Brescia finanzia bandi diocesani per borse di studio in favore di famiglie a basso reddito che optano con i loro figli per le paritarie. Giusto ma, alla lunga, pericoloso\u2026 Il Rapporto 2017 sulla scuola cattolica, infatti, certifica la deresponsabilizzazione dello Stato nei confronti dell\u2019esercizio di un diritto-dovere dei genitori costituzionalmente (e internazionalmente) sancito<\/em><\/p>\n<p style=\"text-align: center;\">di <strong>Giuseppe Brienza<\/strong><\/p>\n<p><!--more--><\/p>\n<p style=\"text-align: justify;\">La Costituzione italiana riconosce alla famiglia il dovere e il diritto di educare e istruire i figli secondo una impostazione educativa liberamente scelta. Tale libert\u00e0 si concretizza, sul piano sociale, nella possibilit\u00e0 data a enti e privati \u00ab<em>di istituire scuole ed istituti di educazione<\/em>\u00bb (art.33), e l\u2019opera sociale di queste scuole, aggiunge la nostra Carta costituzionale, deve essere favorita dalle istituzioni statali \u00absulla base del principio di sussidiariet\u00e0\u00bb (art.118).<\/p>\n<p style=\"text-align: justify;\">Il sostegno che lo Stato dichiara di voler offrire alle scuole comprende sia l\u2019ambito finanziario, esplicitato nell\u2019intenzione di favorire le loro attivit\u00e0, sia quello dell\u2019autonomia. Tanto il primo quanto il secondo aspetto sono spesso ostacolati dai numerosi vincoli e dalle complessit\u00e0 burocratiche vigenti nel nostro sistema.<\/p>\n<p style=\"text-align: justify;\"><img loading=\"lazy\" decoding=\"async\" class=\"wp-image-35226 size-full alignleft\" src=\"https:\/\/www.rassegnastampa-totustuus.it\/cattolica\/wp-content\/uploads\/2011\/09\/scuola_cattolica.jpg\" alt=\"\" width=\"240\" height=\"196\" \/>Siccome il carattere \u201cpubblico\u201d della scuola non implica necessariamente la sua qualificazione come \u201cstatale\u201d n\u00e9 tantomeno il livellamento o l\u2019omologazione delle scuole non statali a quest\u2019ultima, va respinta in quanto in distorta quella visione del \u201cpubblico\u201d \u00ab<em>che lo identifica con lo Stato e dimentica che esso \u00e8, piuttosto, riferito alla dimensione politica come tale, ben pi\u00f9 ampia dell\u2019orizzonte statale, perch\u00e9 radicata nell\u2019orientamento dell\u2019intera societ\u00e0 civile, nel suo complesso, al bene comune<\/em>\u00bb (Comitato per il Progetto Culturale della Conferenza Episcopale Italiana, <em>La sfida educativa<\/em>, Laterza, Roma-Bari 2009, p. 65). Tanto pi\u00f9 dopo l\u2019approvazione della legge 107\/2016 detta \u00abla buona scuola\u00bb, che autocertifica come \u201cbuono\u201d un modello di scuola in realt\u00e0 devastante.<\/p>\n<p style=\"text-align: justify;\">Il diritto di libert\u00e0 di scelta educativa dei genitori, peraltro, \u00e8 sancito anche dal diritto internazionale, a cominciare dall\u2019art. 26 della Dichiarazione Universale dei diritti dell\u2019uomo che impegna gli Stati nazionali e le organizzazioni sovranazionali a garantire con adeguati finanziamenti l\u2019esercizio di tale libert\u00e0. Gi\u00e0 dal 2000, in Italia, abbiamo la legge n.62 che ha introdotto la parit\u00e0 scolastica, prevedendo un incremento dei finanziamenti annui previsti in bilancio a favore delle scuole paritarie.<\/p>\n<p style=\"text-align: justify;\">Cos\u2019\u00e8 successo, invece, nell\u2019ultimo ventennio? \u00c8 successo che molte di questi \u201cpresidi di libert\u00e0 costituzionale\u201d (definisco cos\u00ec le scuole non statali, tanto pi\u00f9 alla luce della completa ideologizzazione della scuola di Stato) hanno dovuto chiudere e, secondo i dati ufficiali del Miur, nell\u2019anno scolastico 2014\/2015 solo il 10,86% delle famiglie italiane ha potuto optare per una scuola paritaria per i propri figli.<\/p>\n<p style=\"text-align: justify;\">Eppure la libert\u00e0 dei genitori nell\u2019impartire ai figli il tipo di educazione rispondente ai propri valori e alla propria coscienza rappresenta non solo un diritto sancito dall\u2019ordinamento del nostro Paese, ma anche un dovere da garantire e da promuovere da parte dello Stato e dei poteri pubblici. Ma \u00e8 ancora una volta la Chiesa italiana a dovesi fare carico dei problemi sociali del nostro Paese e operare una ulteriore \u201csupplenza\u201d che, encomiabile in principio, pu\u00f2 rischiare di incancrenire la situazione deresponsabilizzando del tutto la politica e la classe dirigente in materia.<\/p>\n<p style=\"text-align: justify;\"><img loading=\"lazy\" decoding=\"async\" class=\"wp-image-35111 alignright\" src=\"https:\/\/www.rassegnastampa-totustuus.it\/cattolica\/wp-content\/uploads\/2012\/12\/scuola_paritaria.jpg\" alt=\"\" width=\"240\" height=\"168\" \/>Quella della Diocesi di Brescia \u00e8 sicuramente una concreta e doverosa iniziativa a favore della libert\u00e0 di educazione. Finanziare infatti una Fondazione sociale (\u201cComunit\u00e0 e Scuola\u201d), affinch\u00e9 realizzi dei bandi per l\u2019assegnazione di borse di studio in favore di famiglie a basso reddito con figli iscritti alle scuole paritarie cattoliche primarie e secondarie della Diocesi, costituisce senz\u2019altro una boccata d\u2019ossigeno per non pochi Istituti, anemizzati di studenti a causa della \u201cdoppia imposizione\u201d per i rispettivi genitori (quella fiscale generale e quella sostenuta con le rette).<\/p>\n<p style=\"text-align: justify;\">Per l&#8217;anno scolastico 2017\/18 i contributi della Diocesi lombarda hanno reso possibile il quinto bando per borse di studio, pari ad un importo di 40mila euro (la scadenza \u00e8 il 31 gennaio 2018 e, per ulteriori info \u00e8 possibile contattare la Segreteria della Fondazione Comunit\u00e0 e Scuola: tel. 030\/46781; e-mail: info@comunitaescuola.it)<strong>. <\/strong>Il sostegno \u00e8 riservato agli studenti iscritti alle scuole paritarie cattoliche primarie e secondarie della Diocesi di Brescia i cui nuclei familiari rispondano a determinate fasce di reddito basse, calcolate in base alla situazione economica (ISEE).<\/p>\n<p style=\"text-align: justify;\">La Fondazione che gestisce i bandi vincola l\u2019elargizione della borsa di studio, versata direttamente alla scuola, all\u2019impegno da parte dell\u2019Istituto di praticare anche ai beneficiari uno sconto sul contributo di funzionamento pari ad almeno il 20% dello stesso per la scuola primaria e al 10% per la scuola secondaria. La quota di retta a carico della famiglia beneficiaria della borsa di studio, cos\u00ec, sar\u00e0 pari al 20% del contributo previsto in caso di ISEE fino a \u20ac 4.000, al 30% nel caso di ISEE fino a \u20ac 8.000 e al 40% con ISEE fino a \u20ac 12.000<\/p>\n<p style=\"text-align: justify;\">Lasciando solo per semplicit\u00e0 di analisi da parte il discorso sulle Diocesi che non potrebbero in nessun caso permettersi i contributi che la chiesa di Brescia conferisce ormai da 4 anni al sistema scolastico non statale, rimane da valutare quale \u201ccircuito vizioso\u201d ingeneri un sistema di sostegno come questo tanto pi\u00f9 se, \u201cIl valore della parit\u00e0\u201d, come riporta il titolo stesso del Rapporto 2017 della scuola cattolica in Italia (<em>Morcelliana<\/em>, Brescia 2017, pp. 342, euro 32), \u00e8 sempre meno apprezzato a livello politico-statale.<\/p>\n<p style=\"text-align: justify;\"><img loading=\"lazy\" decoding=\"async\" class=\"wp-image-6857 alignleft\" src=\"https:\/\/www.rassegnastampa-totustuus.it\/cattolica\/wp-content\/uploads\/2014\/03\/scuolalibera.jpg\" alt=\"\" width=\"151\" height=\"200\" \/>Sottolinea infatti nella Presentazione al Rapporto il coordinatore scientifico dell\u2019ente curatore, il \u201cCentro studi per la scuola cattolica\u201d, prof. Sergio Cicatelli, \u00e8 necessario far comprendere che \u00abla dinamica delle organizzazioni \u00e8 rilevabile tramite un bilancio sociale che comprende, ma va oltre, il bilancio finanziario\u00bb. Insomma, la funzionalit\u00e0 e piena operativit\u00e0 delle scuole \u201cnon statali\u201d (non solo quelle cattoliche, per carit\u00e0), non \u00e8 solo questione di risparmio economico, che pure si consegue, ma questione di capitale umano e di bene comune.<\/p>\n<p style=\"text-align: justify;\">Eppoi a chi obiettasse che le scuole cattoliche (la maggioranza delle scuole \u201cnon statali\u201d in Italia sono infatti tali) non dovrebbero essere sostenute da uno Stato \u201claico\u201d, rispondiamo con Mario Adinolfi che uno Stato \u201claico\u201d non significa uno Stato \u201cateo\u201d. E comunque, ancora oggi, \u00e8 l\u201988% degli studenti italiani che sceglie l\u2019ora di religione negli Istituti pubblici italiani, quindi che problema ci sarebbe se, conformemente a questo orientamento, una parte di essi passassero alla scuola paritaria?<\/p>\n<p style=\"text-align: justify;\">Come documenta la Cei, inoltre, di questo 88% degli studenti che frequenta la \u201cscuola dei preti\u201d (i docenti, nella stragrande maggioranza, sono comunque laici), una grande maggioranza esprime \u00abelevate percentuali di gradimento\u00bb (cfr. il Rapporto \u201c<em>Una disciplina alla prova<\/em>\u201d, a cura di Sergio Cicatelli e Guglielmo Malizia, <em>Elledici<\/em>, Torino 2017, che ha coinvolto 3mila insegnanti di religione e 20mila studenti). Non si tratta, quindi, di un \u201cprivilegio\u201d, quando lo riconosceremo anche nei fatti?<\/p>\n<p>&nbsp;<\/p>\n","protected":false},"excerpt":{"rendered":"<p>La Croce quotidiano 16 dicembre 2017 \u00a0La diocesi di Brescia finanzia bandi diocesani per borse di studio in favore di famiglie a basso reddito che optano con i loro figli per le paritarie. Giusto ma, alla lunga, pericoloso\u2026 Il Rapporto 2017 sulla scuola cattolica, infatti, certifica la deresponsabilizzazione dello Stato nei confronti dell\u2019esercizio di un &hellip; <\/p>\n<p><a class=\"more-link btn\" href=\"https:\/\/www.rassegnastampa-totustuus.it\/cattolica\/lo-stato-non-ci-pensa-e-lo-fara-la-chiesa\/\">Continua a leggere<\/a><\/p>\n","protected":false},"author":6,"featured_media":39320,"comment_status":"closed","ping_status":"closed","sticky":false,"template":"","format":"standard","meta":{"footnotes":""},"categories":[23],"tags":[233,453],"class_list":["post-39319","post","type-post","status-publish","format-standard","has-post-thumbnail","hentry","category-scuola-ed-educazione","tag-scuola","tag-scuola-libera","item-wrap"],"yoast_head":"<!-- This site is optimized with the Yoast SEO plugin v27.5 - https:\/\/yoast.com\/product\/yoast-seo-wordpress\/ -->\n<title>Lo Stato non ci pensa, e lo far\u00e0 la Chiesa - Rassegna Stampa Cattolica<\/title>\n<meta name=\"description\" content=\"Rassegna Stampa Cattolica - Per una cultura che nasce dalla Rivelazione cristiana in conformit\u00e0 alla tradizione e al Magistero della Chiesa in opposizione ad ogni relativismo e totalitarismo\" \/>\n<meta name=\"robots\" content=\"index, follow, max-snippet:-1, max-image-preview:large, max-video-preview:-1\" \/>\n<link rel=\"canonical\" href=\"https:\/\/www.rassegnastampa-totustuus.it\/cattolica\/lo-stato-non-ci-pensa-e-lo-fara-la-chiesa\/\" \/>\n<meta property=\"og:locale\" content=\"it_IT\" \/>\n<meta property=\"og:type\" content=\"article\" \/>\n<meta property=\"og:title\" content=\"Lo Stato non ci pensa, e lo far\u00e0 la Chiesa - Rassegna Stampa Cattolica\" \/>\n<meta property=\"og:description\" content=\"Rassegna Stampa Cattolica - Per una cultura che nasce dalla Rivelazione cristiana in conformit\u00e0 alla tradizione e al Magistero della Chiesa in opposizione ad ogni relativismo e totalitarismo\" \/>\n<meta property=\"og:url\" content=\"https:\/\/www.rassegnastampa-totustuus.it\/cattolica\/lo-stato-non-ci-pensa-e-lo-fara-la-chiesa\/\" \/>\n<meta property=\"og:site_name\" content=\"Rassegna Stampa Cattolica\" \/>\n<meta property=\"article:publisher\" content=\"https:\/\/www.facebook.com\/rassegnastampacattolica\" \/>\n<meta property=\"article:published_time\" content=\"2017-12-27T23:00:55+00:00\" \/>\n<meta property=\"article:modified_time\" content=\"2017-12-28T07:25:10+00:00\" \/>\n<meta property=\"og:image\" content=\"https:\/\/www.rassegnastampa-totustuus.it\/cattolica\/wp-content\/uploads\/2017\/12\/borse_studio.jpg\" \/>\n\t<meta property=\"og:image:width\" content=\"1024\" \/>\n\t<meta property=\"og:image:height\" content=\"320\" \/>\n\t<meta property=\"og:image:type\" content=\"image\/jpeg\" \/>\n<meta name=\"author\" content=\"Redazione\" \/>\n<meta name=\"twitter:card\" content=\"summary_large_image\" \/>\n<meta name=\"twitter:creator\" content=\"@rassegnastampa9\" \/>\n<meta name=\"twitter:site\" content=\"@rassegnastampa9\" \/>\n<meta name=\"twitter:label1\" content=\"Scritto da\" \/>\n\t<meta name=\"twitter:data1\" content=\"Redazione\" \/>\n\t<meta name=\"twitter:label2\" content=\"Tempo di lettura stimato\" \/>\n\t<meta name=\"twitter:data2\" content=\"5 minuti\" \/>\n<script type=\"application\/ld+json\" class=\"yoast-schema-graph\">{\"@context\":\"https:\\\/\\\/schema.org\",\"@graph\":[{\"@type\":\"Article\",\"@id\":\"https:\\\/\\\/www.rassegnastampa-totustuus.it\\\/cattolica\\\/lo-stato-non-ci-pensa-e-lo-fara-la-chiesa\\\/#article\",\"isPartOf\":{\"@id\":\"https:\\\/\\\/www.rassegnastampa-totustuus.it\\\/cattolica\\\/lo-stato-non-ci-pensa-e-lo-fara-la-chiesa\\\/\"},\"author\":{\"name\":\"Redazione\",\"@id\":\"https:\\\/\\\/www.rassegnastampa-totustuus.it\\\/cattolica\\\/#\\\/schema\\\/person\\\/08f319d2bd1a0904ad9e2bfb7b15e5c3\"},\"headline\":\"Lo Stato non ci pensa, e lo far\u00e0 la Chiesa\",\"datePublished\":\"2017-12-27T23:00:55+00:00\",\"dateModified\":\"2017-12-28T07:25:10+00:00\",\"mainEntityOfPage\":{\"@id\":\"https:\\\/\\\/www.rassegnastampa-totustuus.it\\\/cattolica\\\/lo-stato-non-ci-pensa-e-lo-fara-la-chiesa\\\/\"},\"wordCount\":1092,\"publisher\":{\"@id\":\"https:\\\/\\\/www.rassegnastampa-totustuus.it\\\/cattolica\\\/#organization\"},\"image\":{\"@id\":\"https:\\\/\\\/www.rassegnastampa-totustuus.it\\\/cattolica\\\/lo-stato-non-ci-pensa-e-lo-fara-la-chiesa\\\/#primaryimage\"},\"thumbnailUrl\":\"https:\\\/\\\/www.rassegnastampa-totustuus.it\\\/cattolica\\\/wp-content\\\/uploads\\\/2017\\\/12\\\/borse_studio.jpg\",\"keywords\":[\"scuola\",\"scuola libera\"],\"articleSection\":[\"Scuola ed educazione\"],\"inLanguage\":\"it-IT\"},{\"@type\":\"WebPage\",\"@id\":\"https:\\\/\\\/www.rassegnastampa-totustuus.it\\\/cattolica\\\/lo-stato-non-ci-pensa-e-lo-fara-la-chiesa\\\/\",\"url\":\"https:\\\/\\\/www.rassegnastampa-totustuus.it\\\/cattolica\\\/lo-stato-non-ci-pensa-e-lo-fara-la-chiesa\\\/\",\"name\":\"Lo Stato non ci pensa, e lo far\u00e0 la Chiesa - Rassegna Stampa Cattolica\",\"isPartOf\":{\"@id\":\"https:\\\/\\\/www.rassegnastampa-totustuus.it\\\/cattolica\\\/#website\"},\"primaryImageOfPage\":{\"@id\":\"https:\\\/\\\/www.rassegnastampa-totustuus.it\\\/cattolica\\\/lo-stato-non-ci-pensa-e-lo-fara-la-chiesa\\\/#primaryimage\"},\"image\":{\"@id\":\"https:\\\/\\\/www.rassegnastampa-totustuus.it\\\/cattolica\\\/lo-stato-non-ci-pensa-e-lo-fara-la-chiesa\\\/#primaryimage\"},\"thumbnailUrl\":\"https:\\\/\\\/www.rassegnastampa-totustuus.it\\\/cattolica\\\/wp-content\\\/uploads\\\/2017\\\/12\\\/borse_studio.jpg\",\"datePublished\":\"2017-12-27T23:00:55+00:00\",\"dateModified\":\"2017-12-28T07:25:10+00:00\",\"description\":\"Rassegna Stampa Cattolica - Per una cultura che nasce dalla Rivelazione cristiana in conformit\u00e0 alla tradizione e al Magistero della Chiesa in opposizione ad ogni relativismo e totalitarismo\",\"breadcrumb\":{\"@id\":\"https:\\\/\\\/www.rassegnastampa-totustuus.it\\\/cattolica\\\/lo-stato-non-ci-pensa-e-lo-fara-la-chiesa\\\/#breadcrumb\"},\"inLanguage\":\"it-IT\",\"potentialAction\":[{\"@type\":\"ReadAction\",\"target\":[\"https:\\\/\\\/www.rassegnastampa-totustuus.it\\\/cattolica\\\/lo-stato-non-ci-pensa-e-lo-fara-la-chiesa\\\/\"]}]},{\"@type\":\"ImageObject\",\"inLanguage\":\"it-IT\",\"@id\":\"https:\\\/\\\/www.rassegnastampa-totustuus.it\\\/cattolica\\\/lo-stato-non-ci-pensa-e-lo-fara-la-chiesa\\\/#primaryimage\",\"url\":\"https:\\\/\\\/www.rassegnastampa-totustuus.it\\\/cattolica\\\/wp-content\\\/uploads\\\/2017\\\/12\\\/borse_studio.jpg\",\"contentUrl\":\"https:\\\/\\\/www.rassegnastampa-totustuus.it\\\/cattolica\\\/wp-content\\\/uploads\\\/2017\\\/12\\\/borse_studio.jpg\",\"width\":1024,\"height\":320},{\"@type\":\"BreadcrumbList\",\"@id\":\"https:\\\/\\\/www.rassegnastampa-totustuus.it\\\/cattolica\\\/lo-stato-non-ci-pensa-e-lo-fara-la-chiesa\\\/#breadcrumb\",\"itemListElement\":[{\"@type\":\"ListItem\",\"position\":1,\"name\":\"Home\",\"item\":\"https:\\\/\\\/www.rassegnastampa-totustuus.it\\\/cattolica\\\/\"},{\"@type\":\"ListItem\",\"position\":2,\"name\":\"Lo Stato non ci pensa, e lo far\u00e0 la Chiesa\"}]},{\"@type\":\"WebSite\",\"@id\":\"https:\\\/\\\/www.rassegnastampa-totustuus.it\\\/cattolica\\\/#website\",\"url\":\"https:\\\/\\\/www.rassegnastampa-totustuus.it\\\/cattolica\\\/\",\"name\":\"Rassegna Stampa Cattolica\",\"description\":\"Per una cultura che nasce dalla Rivelazione cristiana in conformit\u00e0 alla tradizione e al Magistero della Chiesa in opposizione ad ogni relativismo e totalitarismo\",\"publisher\":{\"@id\":\"https:\\\/\\\/www.rassegnastampa-totustuus.it\\\/cattolica\\\/#organization\"},\"alternateName\":\"Rass. Cattolica\",\"potentialAction\":[{\"@type\":\"SearchAction\",\"target\":{\"@type\":\"EntryPoint\",\"urlTemplate\":\"https:\\\/\\\/www.rassegnastampa-totustuus.it\\\/cattolica\\\/?s={search_term_string}\"},\"query-input\":{\"@type\":\"PropertyValueSpecification\",\"valueRequired\":true,\"valueName\":\"search_term_string\"}}],\"inLanguage\":\"it-IT\"},{\"@type\":\"Organization\",\"@id\":\"https:\\\/\\\/www.rassegnastampa-totustuus.it\\\/cattolica\\\/#organization\",\"name\":\"Rassegna Stampa Cattolica\",\"url\":\"https:\\\/\\\/www.rassegnastampa-totustuus.it\\\/cattolica\\\/\",\"logo\":{\"@type\":\"ImageObject\",\"inLanguage\":\"it-IT\",\"@id\":\"https:\\\/\\\/www.rassegnastampa-totustuus.it\\\/cattolica\\\/#\\\/schema\\\/logo\\\/image\\\/\",\"url\":\"https:\\\/\\\/www.rassegnastampa-totustuus.it\\\/cattolica\\\/wp-content\\\/uploads\\\/2014\\\/04\\\/logo-rassegna1.gif\",\"contentUrl\":\"https:\\\/\\\/www.rassegnastampa-totustuus.it\\\/cattolica\\\/wp-content\\\/uploads\\\/2014\\\/04\\\/logo-rassegna1.gif\",\"width\":600,\"height\":163,\"caption\":\"Rassegna Stampa Cattolica\"},\"image\":{\"@id\":\"https:\\\/\\\/www.rassegnastampa-totustuus.it\\\/cattolica\\\/#\\\/schema\\\/logo\\\/image\\\/\"},\"sameAs\":[\"https:\\\/\\\/www.facebook.com\\\/rassegnastampacattolica\",\"https:\\\/\\\/x.com\\\/rassegnastampa9\"]},{\"@type\":\"Person\",\"@id\":\"https:\\\/\\\/www.rassegnastampa-totustuus.it\\\/cattolica\\\/#\\\/schema\\\/person\\\/08f319d2bd1a0904ad9e2bfb7b15e5c3\",\"name\":\"Redazione\",\"image\":{\"@type\":\"ImageObject\",\"inLanguage\":\"it-IT\",\"@id\":\"https:\\\/\\\/secure.gravatar.com\\\/avatar\\\/2fcdf27c78ea025fbdb44e914cc63c72249ffec9dc8aafd5c82b26240ef3f346?s=96&d=mm&r=g\",\"url\":\"https:\\\/\\\/secure.gravatar.com\\\/avatar\\\/2fcdf27c78ea025fbdb44e914cc63c72249ffec9dc8aafd5c82b26240ef3f346?s=96&d=mm&r=g\",\"contentUrl\":\"https:\\\/\\\/secure.gravatar.com\\\/avatar\\\/2fcdf27c78ea025fbdb44e914cc63c72249ffec9dc8aafd5c82b26240ef3f346?s=96&d=mm&r=g\",\"caption\":\"Redazione\"},\"url\":\"https:\\\/\\\/www.rassegnastampa-totustuus.it\\\/cattolica\\\/author\\\/pietroelle\\\/\"}]}<\/script>\n<!-- \/ Yoast SEO plugin. -->","yoast_head_json":{"title":"Lo Stato non ci pensa, e lo far\u00e0 la Chiesa - Rassegna Stampa Cattolica","description":"Rassegna Stampa Cattolica - Per una cultura che nasce dalla Rivelazione cristiana in conformit\u00e0 alla tradizione e al Magistero della Chiesa in opposizione ad ogni relativismo e totalitarismo","robots":{"index":"index","follow":"follow","max-snippet":"max-snippet:-1","max-image-preview":"max-image-preview:large","max-video-preview":"max-video-preview:-1"},"canonical":"https:\/\/www.rassegnastampa-totustuus.it\/cattolica\/lo-stato-non-ci-pensa-e-lo-fara-la-chiesa\/","og_locale":"it_IT","og_type":"article","og_title":"Lo Stato non ci pensa, e lo far\u00e0 la Chiesa - Rassegna Stampa Cattolica","og_description":"Rassegna Stampa Cattolica - Per una cultura che nasce dalla Rivelazione cristiana in conformit\u00e0 alla tradizione e al Magistero della Chiesa in opposizione ad ogni relativismo e totalitarismo","og_url":"https:\/\/www.rassegnastampa-totustuus.it\/cattolica\/lo-stato-non-ci-pensa-e-lo-fara-la-chiesa\/","og_site_name":"Rassegna Stampa Cattolica","article_publisher":"https:\/\/www.facebook.com\/rassegnastampacattolica","article_published_time":"2017-12-27T23:00:55+00:00","article_modified_time":"2017-12-28T07:25:10+00:00","og_image":[{"width":1024,"height":320,"url":"https:\/\/www.rassegnastampa-totustuus.it\/cattolica\/wp-content\/uploads\/2017\/12\/borse_studio.jpg","type":"image\/jpeg"}],"author":"Redazione","twitter_card":"summary_large_image","twitter_creator":"@rassegnastampa9","twitter_site":"@rassegnastampa9","twitter_misc":{"Scritto da":"Redazione","Tempo di lettura stimato":"5 minuti"},"schema":{"@context":"https:\/\/schema.org","@graph":[{"@type":"Article","@id":"https:\/\/www.rassegnastampa-totustuus.it\/cattolica\/lo-stato-non-ci-pensa-e-lo-fara-la-chiesa\/#article","isPartOf":{"@id":"https:\/\/www.rassegnastampa-totustuus.it\/cattolica\/lo-stato-non-ci-pensa-e-lo-fara-la-chiesa\/"},"author":{"name":"Redazione","@id":"https:\/\/www.rassegnastampa-totustuus.it\/cattolica\/#\/schema\/person\/08f319d2bd1a0904ad9e2bfb7b15e5c3"},"headline":"Lo Stato non ci pensa, e lo far\u00e0 la Chiesa","datePublished":"2017-12-27T23:00:55+00:00","dateModified":"2017-12-28T07:25:10+00:00","mainEntityOfPage":{"@id":"https:\/\/www.rassegnastampa-totustuus.it\/cattolica\/lo-stato-non-ci-pensa-e-lo-fara-la-chiesa\/"},"wordCount":1092,"publisher":{"@id":"https:\/\/www.rassegnastampa-totustuus.it\/cattolica\/#organization"},"image":{"@id":"https:\/\/www.rassegnastampa-totustuus.it\/cattolica\/lo-stato-non-ci-pensa-e-lo-fara-la-chiesa\/#primaryimage"},"thumbnailUrl":"https:\/\/www.rassegnastampa-totustuus.it\/cattolica\/wp-content\/uploads\/2017\/12\/borse_studio.jpg","keywords":["scuola","scuola libera"],"articleSection":["Scuola ed educazione"],"inLanguage":"it-IT"},{"@type":"WebPage","@id":"https:\/\/www.rassegnastampa-totustuus.it\/cattolica\/lo-stato-non-ci-pensa-e-lo-fara-la-chiesa\/","url":"https:\/\/www.rassegnastampa-totustuus.it\/cattolica\/lo-stato-non-ci-pensa-e-lo-fara-la-chiesa\/","name":"Lo Stato non ci pensa, e lo far\u00e0 la Chiesa - Rassegna Stampa Cattolica","isPartOf":{"@id":"https:\/\/www.rassegnastampa-totustuus.it\/cattolica\/#website"},"primaryImageOfPage":{"@id":"https:\/\/www.rassegnastampa-totustuus.it\/cattolica\/lo-stato-non-ci-pensa-e-lo-fara-la-chiesa\/#primaryimage"},"image":{"@id":"https:\/\/www.rassegnastampa-totustuus.it\/cattolica\/lo-stato-non-ci-pensa-e-lo-fara-la-chiesa\/#primaryimage"},"thumbnailUrl":"https:\/\/www.rassegnastampa-totustuus.it\/cattolica\/wp-content\/uploads\/2017\/12\/borse_studio.jpg","datePublished":"2017-12-27T23:00:55+00:00","dateModified":"2017-12-28T07:25:10+00:00","description":"Rassegna Stampa Cattolica - Per una cultura che nasce dalla Rivelazione cristiana in conformit\u00e0 alla tradizione e al Magistero della Chiesa in opposizione ad ogni relativismo e totalitarismo","breadcrumb":{"@id":"https:\/\/www.rassegnastampa-totustuus.it\/cattolica\/lo-stato-non-ci-pensa-e-lo-fara-la-chiesa\/#breadcrumb"},"inLanguage":"it-IT","potentialAction":[{"@type":"ReadAction","target":["https:\/\/www.rassegnastampa-totustuus.it\/cattolica\/lo-stato-non-ci-pensa-e-lo-fara-la-chiesa\/"]}]},{"@type":"ImageObject","inLanguage":"it-IT","@id":"https:\/\/www.rassegnastampa-totustuus.it\/cattolica\/lo-stato-non-ci-pensa-e-lo-fara-la-chiesa\/#primaryimage","url":"https:\/\/www.rassegnastampa-totustuus.it\/cattolica\/wp-content\/uploads\/2017\/12\/borse_studio.jpg","contentUrl":"https:\/\/www.rassegnastampa-totustuus.it\/cattolica\/wp-content\/uploads\/2017\/12\/borse_studio.jpg","width":1024,"height":320},{"@type":"BreadcrumbList","@id":"https:\/\/www.rassegnastampa-totustuus.it\/cattolica\/lo-stato-non-ci-pensa-e-lo-fara-la-chiesa\/#breadcrumb","itemListElement":[{"@type":"ListItem","position":1,"name":"Home","item":"https:\/\/www.rassegnastampa-totustuus.it\/cattolica\/"},{"@type":"ListItem","position":2,"name":"Lo Stato non ci pensa, e lo far\u00e0 la Chiesa"}]},{"@type":"WebSite","@id":"https:\/\/www.rassegnastampa-totustuus.it\/cattolica\/#website","url":"https:\/\/www.rassegnastampa-totustuus.it\/cattolica\/","name":"Rassegna Stampa Cattolica","description":"Per una cultura che nasce dalla Rivelazione cristiana in conformit\u00e0 alla tradizione e al Magistero della Chiesa in opposizione ad ogni relativismo e totalitarismo","publisher":{"@id":"https:\/\/www.rassegnastampa-totustuus.it\/cattolica\/#organization"},"alternateName":"Rass. Cattolica","potentialAction":[{"@type":"SearchAction","target":{"@type":"EntryPoint","urlTemplate":"https:\/\/www.rassegnastampa-totustuus.it\/cattolica\/?s={search_term_string}"},"query-input":{"@type":"PropertyValueSpecification","valueRequired":true,"valueName":"search_term_string"}}],"inLanguage":"it-IT"},{"@type":"Organization","@id":"https:\/\/www.rassegnastampa-totustuus.it\/cattolica\/#organization","name":"Rassegna Stampa Cattolica","url":"https:\/\/www.rassegnastampa-totustuus.it\/cattolica\/","logo":{"@type":"ImageObject","inLanguage":"it-IT","@id":"https:\/\/www.rassegnastampa-totustuus.it\/cattolica\/#\/schema\/logo\/image\/","url":"https:\/\/www.rassegnastampa-totustuus.it\/cattolica\/wp-content\/uploads\/2014\/04\/logo-rassegna1.gif","contentUrl":"https:\/\/www.rassegnastampa-totustuus.it\/cattolica\/wp-content\/uploads\/2014\/04\/logo-rassegna1.gif","width":600,"height":163,"caption":"Rassegna Stampa Cattolica"},"image":{"@id":"https:\/\/www.rassegnastampa-totustuus.it\/cattolica\/#\/schema\/logo\/image\/"},"sameAs":["https:\/\/www.facebook.com\/rassegnastampacattolica","https:\/\/x.com\/rassegnastampa9"]},{"@type":"Person","@id":"https:\/\/www.rassegnastampa-totustuus.it\/cattolica\/#\/schema\/person\/08f319d2bd1a0904ad9e2bfb7b15e5c3","name":"Redazione","image":{"@type":"ImageObject","inLanguage":"it-IT","@id":"https:\/\/secure.gravatar.com\/avatar\/2fcdf27c78ea025fbdb44e914cc63c72249ffec9dc8aafd5c82b26240ef3f346?s=96&d=mm&r=g","url":"https:\/\/secure.gravatar.com\/avatar\/2fcdf27c78ea025fbdb44e914cc63c72249ffec9dc8aafd5c82b26240ef3f346?s=96&d=mm&r=g","contentUrl":"https:\/\/secure.gravatar.com\/avatar\/2fcdf27c78ea025fbdb44e914cc63c72249ffec9dc8aafd5c82b26240ef3f346?s=96&d=mm&r=g","caption":"Redazione"},"url":"https:\/\/www.rassegnastampa-totustuus.it\/cattolica\/author\/pietroelle\/"}]}},"_links":{"self":[{"href":"https:\/\/www.rassegnastampa-totustuus.it\/cattolica\/wp-json\/wp\/v2\/posts\/39319","targetHints":{"allow":["GET"]}}],"collection":[{"href":"https:\/\/www.rassegnastampa-totustuus.it\/cattolica\/wp-json\/wp\/v2\/posts"}],"about":[{"href":"https:\/\/www.rassegnastampa-totustuus.it\/cattolica\/wp-json\/wp\/v2\/types\/post"}],"author":[{"embeddable":true,"href":"https:\/\/www.rassegnastampa-totustuus.it\/cattolica\/wp-json\/wp\/v2\/users\/6"}],"replies":[{"embeddable":true,"href":"https:\/\/www.rassegnastampa-totustuus.it\/cattolica\/wp-json\/wp\/v2\/comments?post=39319"}],"version-history":[{"count":2,"href":"https:\/\/www.rassegnastampa-totustuus.it\/cattolica\/wp-json\/wp\/v2\/posts\/39319\/revisions"}],"predecessor-version":[{"id":39427,"href":"https:\/\/www.rassegnastampa-totustuus.it\/cattolica\/wp-json\/wp\/v2\/posts\/39319\/revisions\/39427"}],"wp:featuredmedia":[{"embeddable":true,"href":"https:\/\/www.rassegnastampa-totustuus.it\/cattolica\/wp-json\/wp\/v2\/media\/39320"}],"wp:attachment":[{"href":"https:\/\/www.rassegnastampa-totustuus.it\/cattolica\/wp-json\/wp\/v2\/media?parent=39319"}],"wp:term":[{"taxonomy":"category","embeddable":true,"href":"https:\/\/www.rassegnastampa-totustuus.it\/cattolica\/wp-json\/wp\/v2\/categories?post=39319"},{"taxonomy":"post_tag","embeddable":true,"href":"https:\/\/www.rassegnastampa-totustuus.it\/cattolica\/wp-json\/wp\/v2\/tags?post=39319"}],"curies":[{"name":"wp","href":"https:\/\/api.w.org\/{rel}","templated":true}]}}