{"id":3915,"date":"2010-07-01T00:00:00","date_gmt":"2010-06-30T22:00:00","guid":{"rendered":""},"modified":"2015-03-11T11:47:50","modified_gmt":"2015-03-11T10:47:50","slug":"marija-judina-la-pianista-che-commosse-stalin","status":"publish","type":"post","link":"https:\/\/www.rassegnastampa-totustuus.it\/cattolica\/marija-judina-la-pianista-che-commosse-stalin\/","title":{"rendered":"Marija Judina. La pianista che commosse Stalin"},"content":{"rendered":"<div style=\"text-align: center;\"><strong><a href=\"https:\/\/www.rassegnastampa-totustuus.it\/cattolica\/wp-content\/uploads\/2010\/07\/Marija_Judina.jpg\"><img loading=\"lazy\" decoding=\"async\" class=\"alignleft wp-image-21225\" src=\"https:\/\/www.rassegnastampa-totustuus.it\/cattolica\/wp-content\/uploads\/2010\/07\/Marija_Judina.jpg\" alt=\"Marija_Judina\" width=\"250\" height=\"185\" \/><\/a>ilsussidiario.net (<\/strong>quotidiano on line) luned\u00ec 30 marzo 2009<\/div>\n<p style=\"text-align: center;\">di <strong>Enrico Raggi <\/strong><\/p>\n<p style=\"text-align: justify;\">Il toccante libro di Giovanna Parravicini, <em>Liberi<\/em>, recentemente edito da Rizzoli, inconsueta galleria di ritratti di nove protagonisti della Russia novecentesca, storie di grandi uomini, di luminosi testimoni della Fede, di martiri catacombali, \u00a0fa riemergere da lontane nebbie la leggendaria figura della pianista Marija Judina<strong>.<\/strong><\/p>\n<p style=\"text-align: justify;\"><!--more--><\/p>\n<p style=\"text-align: justify;\">Notizie biografiche ridotte al minimo. Scarse le registrazioni sopravvissute. Alcuni conoscitori ne tramandano giudizi entusiasti. Una certezza: fu la pi\u00f9 grande pianista russa di tutti i tempi. Virtuosismo, scatto, elettricit\u00e0, bellezza del suono, un\u2019eccezionalit\u00e0 umana pi\u00f9 grandi del suo mito.<\/p>\n<p style=\"text-align: justify;\">Prodigio di perfezione e di poesia. Classe 1899, a dodici anni \u00e8 gi\u00e0 artista completa. Legge avidamente Platone, Agostino, Tommaso d\u2019Aquino, si appassiona ai poeti simbolisti, studia arti figurative, architettura, teatro, filologia, storia. Al suo cospetto i colleghi Richter, Gilels, Sofronitskij tremano come ragazzini. \u00abLe sue dita sono artigli d\u2019aquila\u00bb, esclama un ammirato Shostakovich. Anche Prokofiev ne \u00e8 sbalordito.<\/p>\n<p style=\"text-align: justify;\">\u00abSuonare per me \u00e8 un avvenimento interiore\u00bb, testimonia la giovane Judina, donna inquieta, inappagata, sempre in ricerca. \u00abNon m\u2019interessano la fama o la tranquillit\u00e0. Al centro della mia vita c\u2019\u00e8 la ricerca della verit\u00e0. Devo inoltrarmi nella mia vocazione, alla ricerca di un\u2019illuminazione che mi sorprender\u00e0\u00bb, riassume. Questa sua tormentosa indagine approder\u00e0 finalmente alla Fede. A vent\u2019anni si fa battezzare nella Chiesa ortodossa: \u00abConosco solo una strada che porta a Dio, l\u2019arte\u00bb.<\/p>\n<p style=\"text-align: justify;\">Autorevoli membri di partito rimpiangono questa sua sciagurata decisione: \u00abNoi la porteremmo in trionfo, se solo Lei non credesse in Dio!\u00bb. \u00abNon rinnegher\u00f2 la mia fede. Sarete voi, invece, a venire tutti dalla nostra. Voglio mostrare alla gente che si pu\u00f2 vivere senza odiare, pur essendo liberi e indipendenti\u00bb, replica. Non nasconde amicizie pericolose (Pasternak, padre Pavel Florenskij, la poetessa Marina Cvetaeva, il monaco Feodor Andreev), ma fortunosamente evita sempre la reclusione.<\/p>\n<p style=\"text-align: justify;\">Neri capelli lisci, occhi che mandano bagliori, lunghi abiti scuri su scarpe scalcagnate. Ai suoi concerti il pubblico non vuole andarsene, nemmeno dopo l\u2019ennesimo bis. Lei entra in scena e recita poesie di autori proibiti, scatenando uragani di applausi. Subito le sue tourn\u00e9e sono cancellate. La sua notoriet\u00e0 \u00e8 ormai mondiale, numerosi inviti le giungono dall\u2019estero, ma ogni volta \u00e8 costretta a rifiutare. \u00abOstenta la sua religione\u00bb, \u00e8 l\u2019accusa. \u00abUna sua lezione su Bach \u00e8 catechismo, sembra di leggere un pezzo di Vangelo\u00bb, confermano i suoi allievi.<\/p>\n<p style=\"text-align: justify;\">La licenziano dal Conservatorio di Leningrado. Si trasferisce allora a Mosca, dove fatica perfino a pagarsi l\u2019affitto e riesce a malapena a noleggiare un pianoforte. Aiuta tutti, paga visite mediche agli amici indigenti, difende i perseguitati dal regime. Quando tiene concerti, affigge avvisi di questo tipo: \u00abSuoner\u00f2 nella tale citt\u00e0. Posso portare pacchi di un chilo massimo l\u2019uno\u00bb. Poi recapita i vari pacchi agli sconosciuti destinatari, fino all\u2019ultimo. Non teme nulla, nella certezza indistruttibile di un rapporto con un Tu vivo, presente, che la sostiene: \u00abHo due stelle che mi guidano: la musica e Dio\u00bb.<\/p>\n<p style=\"text-align: justify;\">Nel 1943 Stalin ascolta alla radio il Concerto K 488 di Mozart eseguito dal vivo dalla Judina. Ne resta cos\u00ec colpito da chiederne immediatamente il disco. Ma il disco non esiste perch\u00e9 si tratta di una diretta, effettuata negli studi della radio di Mosca. Non \u00e8 il caso di perdere tempo in spiegazioni: la Judina \u00e8 convocata d\u2019urgenza, l\u2019orchestra \u00e8 pronta, due direttori declinano l\u2019invito, solo un terzo accetta, in una notte la registrazione \u00e8 fatta, il disco confezionato in pochi esemplari e recapitato all\u2019illustre ammiratore.<\/p>\n<p style=\"text-align: justify;\">Stalin \u00e8 generoso, fa avere alla Judina ventimila rubli, una cifra strepitosa per l\u2019epoca. Con un gesto folle, li rifiuta: \u00abLa ringrazio. Pregher\u00f2 giorno e notte per Lei e chieder\u00f2 al Signore che perdoni i Suoi gravi peccati contro il popolo e la nazione. Dio \u00e8 misericordioso, La perdoner\u00e0. I soldi li devolver\u00f2 per i restauri della chiesa in cui vado\u00bb.<\/p>\n<p style=\"text-align: justify;\">Ancora una volta, non le viene torto un capello. Sale spontaneamente alla bocca la parola \u201cmiracolo\u201d. Alla morte di Stalin, sul grammofono del dittatore, c\u2019\u00e8 quel disco della Judina.\u00a0 \u00abDue stelle mi guidano, come una volta\u00bb, continuer\u00e0 a ripetere Marija, \u00abma ora mi sono accorta che l\u2019ordine \u00e8 diverso: Dio e la musica\u00bb. \u00abL\u2019esperienza della musica \u00e8 uno squarcio che si apre su un altro mondo, su una realt\u00e0 pi\u00f9 grande, sulla realt\u00e0: la Grazia di Dio\u00bb.<\/p>\n<p style=\"text-align: justify;\">Sono le ultime parole della Judina. Le legge il suo parroco, padre Vsevold Spiller, durante l\u2019omelia funebre, il 24 novembre 1970.<\/p>\n<p style=\"text-align: center;\"><strong>per ascoltare <\/strong>MARIJA JUDINA <strong>che suona il concerto di Mozart<\/strong><\/p>\n<p style=\"text-align: center;\"><strong>per Pianoforte e Orchestra n. 23 in La Maggiore K. 488<\/strong><\/p>\n<p style=\"text-align: center;\"><strong><a href=\"http:\/\/www.ilsussidiario.net\/articolo.aspx?articolo=15235\" target=\"_blank\"><strong>clicca qui<\/strong><\/a><\/strong><\/p>\n","protected":false},"excerpt":{"rendered":"<p>ilsussidiario.net (quotidiano on line) luned\u00ec 30 marzo 2009 di Enrico Raggi Il toccante libro di Giovanna Parravicini, Liberi, recentemente edito da Rizzoli, inconsueta galleria di ritratti di nove protagonisti della Russia novecentesca, storie di grandi uomini, di luminosi testimoni della Fede, di martiri catacombali, \u00a0fa riemergere da lontane nebbie la leggendaria figura della pianista Marija &hellip; <\/p>\n<p><a class=\"more-link btn\" href=\"https:\/\/www.rassegnastampa-totustuus.it\/cattolica\/marija-judina-la-pianista-che-commosse-stalin\/\">Continua a leggere<\/a><\/p>\n","protected":false},"author":6,"featured_media":21225,"comment_status":"closed","ping_status":"open","sticky":false,"template":"","format":"standard","meta":{"footnotes":""},"categories":[17,18,84],"tags":[1806,925],"class_list":["post-3915","post","type-post","status-publish","format-standard","has-post-thumbnail","hentry","category-libri","category-personaggi","category-urss","tag-marija-judina","tag-stalin","item-wrap"],"yoast_head":"<!-- This site is optimized with the Yoast SEO plugin v27.5 - https:\/\/yoast.com\/product\/yoast-seo-wordpress\/ -->\n<title>Marija Judina. La pianista che commosse Stalin - Rassegna Stampa Cattolica<\/title>\n<meta name=\"description\" content=\"Rassegna Stampa Cattolica - Per una cultura che nasce dalla Rivelazione cristiana in conformit\u00e0 alla tradizione e al Magistero della Chiesa in opposizione ad ogni relativismo e totalitarismo\" \/>\n<meta name=\"robots\" content=\"index, follow, max-snippet:-1, max-image-preview:large, max-video-preview:-1\" \/>\n<link rel=\"canonical\" href=\"https:\/\/www.rassegnastampa-totustuus.it\/cattolica\/marija-judina-la-pianista-che-commosse-stalin\/\" \/>\n<meta property=\"og:locale\" content=\"it_IT\" \/>\n<meta property=\"og:type\" content=\"article\" \/>\n<meta property=\"og:title\" content=\"Marija Judina. La pianista che commosse Stalin - Rassegna Stampa Cattolica\" \/>\n<meta property=\"og:description\" content=\"Rassegna Stampa Cattolica - Per una cultura che nasce dalla Rivelazione cristiana in conformit\u00e0 alla tradizione e al Magistero della Chiesa in opposizione ad ogni relativismo e totalitarismo\" \/>\n<meta property=\"og:url\" content=\"https:\/\/www.rassegnastampa-totustuus.it\/cattolica\/marija-judina-la-pianista-che-commosse-stalin\/\" \/>\n<meta property=\"og:site_name\" content=\"Rassegna Stampa Cattolica\" \/>\n<meta property=\"article:publisher\" content=\"https:\/\/www.facebook.com\/rassegnastampacattolica\" \/>\n<meta property=\"article:published_time\" content=\"2010-06-30T22:00:00+00:00\" \/>\n<meta property=\"article:modified_time\" content=\"2015-03-11T10:47:50+00:00\" \/>\n<meta property=\"og:image\" content=\"https:\/\/www.rassegnastampa-totustuus.it\/cattolica\/wp-content\/uploads\/2010\/07\/Marija_Judina.jpg\" \/>\n\t<meta property=\"og:image:width\" content=\"261\" \/>\n\t<meta property=\"og:image:height\" content=\"193\" \/>\n\t<meta property=\"og:image:type\" content=\"image\/jpeg\" \/>\n<meta name=\"author\" content=\"Redazione\" \/>\n<meta name=\"twitter:card\" content=\"summary_large_image\" \/>\n<meta name=\"twitter:creator\" content=\"@rassegnastampa9\" \/>\n<meta name=\"twitter:site\" content=\"@rassegnastampa9\" \/>\n<meta name=\"twitter:label1\" content=\"Scritto da\" \/>\n\t<meta name=\"twitter:data1\" content=\"Redazione\" \/>\n\t<meta name=\"twitter:label2\" content=\"Tempo di lettura stimato\" \/>\n\t<meta name=\"twitter:data2\" content=\"4 minuti\" \/>\n<script type=\"application\/ld+json\" class=\"yoast-schema-graph\">{\"@context\":\"https:\\\/\\\/schema.org\",\"@graph\":[{\"@type\":\"Article\",\"@id\":\"https:\\\/\\\/www.rassegnastampa-totustuus.it\\\/cattolica\\\/marija-judina-la-pianista-che-commosse-stalin\\\/#article\",\"isPartOf\":{\"@id\":\"https:\\\/\\\/www.rassegnastampa-totustuus.it\\\/cattolica\\\/marija-judina-la-pianista-che-commosse-stalin\\\/\"},\"author\":{\"name\":\"Redazione\",\"@id\":\"https:\\\/\\\/www.rassegnastampa-totustuus.it\\\/cattolica\\\/#\\\/schema\\\/person\\\/08f319d2bd1a0904ad9e2bfb7b15e5c3\"},\"headline\":\"Marija Judina. La pianista che commosse Stalin\",\"datePublished\":\"2010-06-30T22:00:00+00:00\",\"dateModified\":\"2015-03-11T10:47:50+00:00\",\"mainEntityOfPage\":{\"@id\":\"https:\\\/\\\/www.rassegnastampa-totustuus.it\\\/cattolica\\\/marija-judina-la-pianista-che-commosse-stalin\\\/\"},\"wordCount\":755,\"publisher\":{\"@id\":\"https:\\\/\\\/www.rassegnastampa-totustuus.it\\\/cattolica\\\/#organization\"},\"image\":{\"@id\":\"https:\\\/\\\/www.rassegnastampa-totustuus.it\\\/cattolica\\\/marija-judina-la-pianista-che-commosse-stalin\\\/#primaryimage\"},\"thumbnailUrl\":\"https:\\\/\\\/www.rassegnastampa-totustuus.it\\\/cattolica\\\/wp-content\\\/uploads\\\/2010\\\/07\\\/Marija_Judina.jpg\",\"keywords\":[\"Marija Judina\",\"Stalin\"],\"articleSection\":[\"Libri\",\"Personaggi\",\"URSS\"],\"inLanguage\":\"it-IT\"},{\"@type\":\"WebPage\",\"@id\":\"https:\\\/\\\/www.rassegnastampa-totustuus.it\\\/cattolica\\\/marija-judina-la-pianista-che-commosse-stalin\\\/\",\"url\":\"https:\\\/\\\/www.rassegnastampa-totustuus.it\\\/cattolica\\\/marija-judina-la-pianista-che-commosse-stalin\\\/\",\"name\":\"Marija Judina. La pianista che commosse Stalin - Rassegna Stampa Cattolica\",\"isPartOf\":{\"@id\":\"https:\\\/\\\/www.rassegnastampa-totustuus.it\\\/cattolica\\\/#website\"},\"primaryImageOfPage\":{\"@id\":\"https:\\\/\\\/www.rassegnastampa-totustuus.it\\\/cattolica\\\/marija-judina-la-pianista-che-commosse-stalin\\\/#primaryimage\"},\"image\":{\"@id\":\"https:\\\/\\\/www.rassegnastampa-totustuus.it\\\/cattolica\\\/marija-judina-la-pianista-che-commosse-stalin\\\/#primaryimage\"},\"thumbnailUrl\":\"https:\\\/\\\/www.rassegnastampa-totustuus.it\\\/cattolica\\\/wp-content\\\/uploads\\\/2010\\\/07\\\/Marija_Judina.jpg\",\"datePublished\":\"2010-06-30T22:00:00+00:00\",\"dateModified\":\"2015-03-11T10:47:50+00:00\",\"description\":\"Rassegna Stampa Cattolica - Per una cultura che nasce dalla Rivelazione cristiana in conformit\u00e0 alla tradizione e al Magistero della Chiesa in opposizione ad ogni relativismo e totalitarismo\",\"breadcrumb\":{\"@id\":\"https:\\\/\\\/www.rassegnastampa-totustuus.it\\\/cattolica\\\/marija-judina-la-pianista-che-commosse-stalin\\\/#breadcrumb\"},\"inLanguage\":\"it-IT\",\"potentialAction\":[{\"@type\":\"ReadAction\",\"target\":[\"https:\\\/\\\/www.rassegnastampa-totustuus.it\\\/cattolica\\\/marija-judina-la-pianista-che-commosse-stalin\\\/\"]}]},{\"@type\":\"ImageObject\",\"inLanguage\":\"it-IT\",\"@id\":\"https:\\\/\\\/www.rassegnastampa-totustuus.it\\\/cattolica\\\/marija-judina-la-pianista-che-commosse-stalin\\\/#primaryimage\",\"url\":\"https:\\\/\\\/www.rassegnastampa-totustuus.it\\\/cattolica\\\/wp-content\\\/uploads\\\/2010\\\/07\\\/Marija_Judina.jpg\",\"contentUrl\":\"https:\\\/\\\/www.rassegnastampa-totustuus.it\\\/cattolica\\\/wp-content\\\/uploads\\\/2010\\\/07\\\/Marija_Judina.jpg\",\"width\":261,\"height\":193},{\"@type\":\"BreadcrumbList\",\"@id\":\"https:\\\/\\\/www.rassegnastampa-totustuus.it\\\/cattolica\\\/marija-judina-la-pianista-che-commosse-stalin\\\/#breadcrumb\",\"itemListElement\":[{\"@type\":\"ListItem\",\"position\":1,\"name\":\"Home\",\"item\":\"https:\\\/\\\/www.rassegnastampa-totustuus.it\\\/cattolica\\\/\"},{\"@type\":\"ListItem\",\"position\":2,\"name\":\"Marija Judina. La pianista che commosse Stalin\"}]},{\"@type\":\"WebSite\",\"@id\":\"https:\\\/\\\/www.rassegnastampa-totustuus.it\\\/cattolica\\\/#website\",\"url\":\"https:\\\/\\\/www.rassegnastampa-totustuus.it\\\/cattolica\\\/\",\"name\":\"Rassegna Stampa Cattolica\",\"description\":\"Per una cultura che nasce dalla Rivelazione cristiana in conformit\u00e0 alla tradizione e al Magistero della Chiesa in opposizione ad ogni relativismo e totalitarismo\",\"publisher\":{\"@id\":\"https:\\\/\\\/www.rassegnastampa-totustuus.it\\\/cattolica\\\/#organization\"},\"alternateName\":\"Rass. Cattolica\",\"potentialAction\":[{\"@type\":\"SearchAction\",\"target\":{\"@type\":\"EntryPoint\",\"urlTemplate\":\"https:\\\/\\\/www.rassegnastampa-totustuus.it\\\/cattolica\\\/?s={search_term_string}\"},\"query-input\":{\"@type\":\"PropertyValueSpecification\",\"valueRequired\":true,\"valueName\":\"search_term_string\"}}],\"inLanguage\":\"it-IT\"},{\"@type\":\"Organization\",\"@id\":\"https:\\\/\\\/www.rassegnastampa-totustuus.it\\\/cattolica\\\/#organization\",\"name\":\"Rassegna Stampa Cattolica\",\"url\":\"https:\\\/\\\/www.rassegnastampa-totustuus.it\\\/cattolica\\\/\",\"logo\":{\"@type\":\"ImageObject\",\"inLanguage\":\"it-IT\",\"@id\":\"https:\\\/\\\/www.rassegnastampa-totustuus.it\\\/cattolica\\\/#\\\/schema\\\/logo\\\/image\\\/\",\"url\":\"https:\\\/\\\/www.rassegnastampa-totustuus.it\\\/cattolica\\\/wp-content\\\/uploads\\\/2014\\\/04\\\/logo-rassegna1.gif\",\"contentUrl\":\"https:\\\/\\\/www.rassegnastampa-totustuus.it\\\/cattolica\\\/wp-content\\\/uploads\\\/2014\\\/04\\\/logo-rassegna1.gif\",\"width\":600,\"height\":163,\"caption\":\"Rassegna Stampa Cattolica\"},\"image\":{\"@id\":\"https:\\\/\\\/www.rassegnastampa-totustuus.it\\\/cattolica\\\/#\\\/schema\\\/logo\\\/image\\\/\"},\"sameAs\":[\"https:\\\/\\\/www.facebook.com\\\/rassegnastampacattolica\",\"https:\\\/\\\/x.com\\\/rassegnastampa9\"]},{\"@type\":\"Person\",\"@id\":\"https:\\\/\\\/www.rassegnastampa-totustuus.it\\\/cattolica\\\/#\\\/schema\\\/person\\\/08f319d2bd1a0904ad9e2bfb7b15e5c3\",\"name\":\"Redazione\",\"image\":{\"@type\":\"ImageObject\",\"inLanguage\":\"it-IT\",\"@id\":\"https:\\\/\\\/secure.gravatar.com\\\/avatar\\\/2fcdf27c78ea025fbdb44e914cc63c72249ffec9dc8aafd5c82b26240ef3f346?s=96&d=mm&r=g\",\"url\":\"https:\\\/\\\/secure.gravatar.com\\\/avatar\\\/2fcdf27c78ea025fbdb44e914cc63c72249ffec9dc8aafd5c82b26240ef3f346?s=96&d=mm&r=g\",\"contentUrl\":\"https:\\\/\\\/secure.gravatar.com\\\/avatar\\\/2fcdf27c78ea025fbdb44e914cc63c72249ffec9dc8aafd5c82b26240ef3f346?s=96&d=mm&r=g\",\"caption\":\"Redazione\"},\"url\":\"https:\\\/\\\/www.rassegnastampa-totustuus.it\\\/cattolica\\\/author\\\/pietroelle\\\/\"}]}<\/script>\n<!-- \/ Yoast SEO plugin. -->","yoast_head_json":{"title":"Marija Judina. La pianista che commosse Stalin - Rassegna Stampa Cattolica","description":"Rassegna Stampa Cattolica - Per una cultura che nasce dalla Rivelazione cristiana in conformit\u00e0 alla tradizione e al Magistero della Chiesa in opposizione ad ogni relativismo e totalitarismo","robots":{"index":"index","follow":"follow","max-snippet":"max-snippet:-1","max-image-preview":"max-image-preview:large","max-video-preview":"max-video-preview:-1"},"canonical":"https:\/\/www.rassegnastampa-totustuus.it\/cattolica\/marija-judina-la-pianista-che-commosse-stalin\/","og_locale":"it_IT","og_type":"article","og_title":"Marija Judina. La pianista che commosse Stalin - Rassegna Stampa Cattolica","og_description":"Rassegna Stampa Cattolica - Per una cultura che nasce dalla Rivelazione cristiana in conformit\u00e0 alla tradizione e al Magistero della Chiesa in opposizione ad ogni relativismo e totalitarismo","og_url":"https:\/\/www.rassegnastampa-totustuus.it\/cattolica\/marija-judina-la-pianista-che-commosse-stalin\/","og_site_name":"Rassegna Stampa Cattolica","article_publisher":"https:\/\/www.facebook.com\/rassegnastampacattolica","article_published_time":"2010-06-30T22:00:00+00:00","article_modified_time":"2015-03-11T10:47:50+00:00","og_image":[{"width":261,"height":193,"url":"https:\/\/www.rassegnastampa-totustuus.it\/cattolica\/wp-content\/uploads\/2010\/07\/Marija_Judina.jpg","type":"image\/jpeg"}],"author":"Redazione","twitter_card":"summary_large_image","twitter_creator":"@rassegnastampa9","twitter_site":"@rassegnastampa9","twitter_misc":{"Scritto da":"Redazione","Tempo di lettura stimato":"4 minuti"},"schema":{"@context":"https:\/\/schema.org","@graph":[{"@type":"Article","@id":"https:\/\/www.rassegnastampa-totustuus.it\/cattolica\/marija-judina-la-pianista-che-commosse-stalin\/#article","isPartOf":{"@id":"https:\/\/www.rassegnastampa-totustuus.it\/cattolica\/marija-judina-la-pianista-che-commosse-stalin\/"},"author":{"name":"Redazione","@id":"https:\/\/www.rassegnastampa-totustuus.it\/cattolica\/#\/schema\/person\/08f319d2bd1a0904ad9e2bfb7b15e5c3"},"headline":"Marija Judina. La pianista che commosse Stalin","datePublished":"2010-06-30T22:00:00+00:00","dateModified":"2015-03-11T10:47:50+00:00","mainEntityOfPage":{"@id":"https:\/\/www.rassegnastampa-totustuus.it\/cattolica\/marija-judina-la-pianista-che-commosse-stalin\/"},"wordCount":755,"publisher":{"@id":"https:\/\/www.rassegnastampa-totustuus.it\/cattolica\/#organization"},"image":{"@id":"https:\/\/www.rassegnastampa-totustuus.it\/cattolica\/marija-judina-la-pianista-che-commosse-stalin\/#primaryimage"},"thumbnailUrl":"https:\/\/www.rassegnastampa-totustuus.it\/cattolica\/wp-content\/uploads\/2010\/07\/Marija_Judina.jpg","keywords":["Marija Judina","Stalin"],"articleSection":["Libri","Personaggi","URSS"],"inLanguage":"it-IT"},{"@type":"WebPage","@id":"https:\/\/www.rassegnastampa-totustuus.it\/cattolica\/marija-judina-la-pianista-che-commosse-stalin\/","url":"https:\/\/www.rassegnastampa-totustuus.it\/cattolica\/marija-judina-la-pianista-che-commosse-stalin\/","name":"Marija Judina. La pianista che commosse Stalin - Rassegna Stampa Cattolica","isPartOf":{"@id":"https:\/\/www.rassegnastampa-totustuus.it\/cattolica\/#website"},"primaryImageOfPage":{"@id":"https:\/\/www.rassegnastampa-totustuus.it\/cattolica\/marija-judina-la-pianista-che-commosse-stalin\/#primaryimage"},"image":{"@id":"https:\/\/www.rassegnastampa-totustuus.it\/cattolica\/marija-judina-la-pianista-che-commosse-stalin\/#primaryimage"},"thumbnailUrl":"https:\/\/www.rassegnastampa-totustuus.it\/cattolica\/wp-content\/uploads\/2010\/07\/Marija_Judina.jpg","datePublished":"2010-06-30T22:00:00+00:00","dateModified":"2015-03-11T10:47:50+00:00","description":"Rassegna Stampa Cattolica - Per una cultura che nasce dalla Rivelazione cristiana in conformit\u00e0 alla tradizione e al Magistero della Chiesa in opposizione ad ogni relativismo e totalitarismo","breadcrumb":{"@id":"https:\/\/www.rassegnastampa-totustuus.it\/cattolica\/marija-judina-la-pianista-che-commosse-stalin\/#breadcrumb"},"inLanguage":"it-IT","potentialAction":[{"@type":"ReadAction","target":["https:\/\/www.rassegnastampa-totustuus.it\/cattolica\/marija-judina-la-pianista-che-commosse-stalin\/"]}]},{"@type":"ImageObject","inLanguage":"it-IT","@id":"https:\/\/www.rassegnastampa-totustuus.it\/cattolica\/marija-judina-la-pianista-che-commosse-stalin\/#primaryimage","url":"https:\/\/www.rassegnastampa-totustuus.it\/cattolica\/wp-content\/uploads\/2010\/07\/Marija_Judina.jpg","contentUrl":"https:\/\/www.rassegnastampa-totustuus.it\/cattolica\/wp-content\/uploads\/2010\/07\/Marija_Judina.jpg","width":261,"height":193},{"@type":"BreadcrumbList","@id":"https:\/\/www.rassegnastampa-totustuus.it\/cattolica\/marija-judina-la-pianista-che-commosse-stalin\/#breadcrumb","itemListElement":[{"@type":"ListItem","position":1,"name":"Home","item":"https:\/\/www.rassegnastampa-totustuus.it\/cattolica\/"},{"@type":"ListItem","position":2,"name":"Marija Judina. La pianista che commosse Stalin"}]},{"@type":"WebSite","@id":"https:\/\/www.rassegnastampa-totustuus.it\/cattolica\/#website","url":"https:\/\/www.rassegnastampa-totustuus.it\/cattolica\/","name":"Rassegna Stampa Cattolica","description":"Per una cultura che nasce dalla Rivelazione cristiana in conformit\u00e0 alla tradizione e al Magistero della Chiesa in opposizione ad ogni relativismo e totalitarismo","publisher":{"@id":"https:\/\/www.rassegnastampa-totustuus.it\/cattolica\/#organization"},"alternateName":"Rass. Cattolica","potentialAction":[{"@type":"SearchAction","target":{"@type":"EntryPoint","urlTemplate":"https:\/\/www.rassegnastampa-totustuus.it\/cattolica\/?s={search_term_string}"},"query-input":{"@type":"PropertyValueSpecification","valueRequired":true,"valueName":"search_term_string"}}],"inLanguage":"it-IT"},{"@type":"Organization","@id":"https:\/\/www.rassegnastampa-totustuus.it\/cattolica\/#organization","name":"Rassegna Stampa Cattolica","url":"https:\/\/www.rassegnastampa-totustuus.it\/cattolica\/","logo":{"@type":"ImageObject","inLanguage":"it-IT","@id":"https:\/\/www.rassegnastampa-totustuus.it\/cattolica\/#\/schema\/logo\/image\/","url":"https:\/\/www.rassegnastampa-totustuus.it\/cattolica\/wp-content\/uploads\/2014\/04\/logo-rassegna1.gif","contentUrl":"https:\/\/www.rassegnastampa-totustuus.it\/cattolica\/wp-content\/uploads\/2014\/04\/logo-rassegna1.gif","width":600,"height":163,"caption":"Rassegna Stampa Cattolica"},"image":{"@id":"https:\/\/www.rassegnastampa-totustuus.it\/cattolica\/#\/schema\/logo\/image\/"},"sameAs":["https:\/\/www.facebook.com\/rassegnastampacattolica","https:\/\/x.com\/rassegnastampa9"]},{"@type":"Person","@id":"https:\/\/www.rassegnastampa-totustuus.it\/cattolica\/#\/schema\/person\/08f319d2bd1a0904ad9e2bfb7b15e5c3","name":"Redazione","image":{"@type":"ImageObject","inLanguage":"it-IT","@id":"https:\/\/secure.gravatar.com\/avatar\/2fcdf27c78ea025fbdb44e914cc63c72249ffec9dc8aafd5c82b26240ef3f346?s=96&d=mm&r=g","url":"https:\/\/secure.gravatar.com\/avatar\/2fcdf27c78ea025fbdb44e914cc63c72249ffec9dc8aafd5c82b26240ef3f346?s=96&d=mm&r=g","contentUrl":"https:\/\/secure.gravatar.com\/avatar\/2fcdf27c78ea025fbdb44e914cc63c72249ffec9dc8aafd5c82b26240ef3f346?s=96&d=mm&r=g","caption":"Redazione"},"url":"https:\/\/www.rassegnastampa-totustuus.it\/cattolica\/author\/pietroelle\/"}]}},"_links":{"self":[{"href":"https:\/\/www.rassegnastampa-totustuus.it\/cattolica\/wp-json\/wp\/v2\/posts\/3915","targetHints":{"allow":["GET"]}}],"collection":[{"href":"https:\/\/www.rassegnastampa-totustuus.it\/cattolica\/wp-json\/wp\/v2\/posts"}],"about":[{"href":"https:\/\/www.rassegnastampa-totustuus.it\/cattolica\/wp-json\/wp\/v2\/types\/post"}],"author":[{"embeddable":true,"href":"https:\/\/www.rassegnastampa-totustuus.it\/cattolica\/wp-json\/wp\/v2\/users\/6"}],"replies":[{"embeddable":true,"href":"https:\/\/www.rassegnastampa-totustuus.it\/cattolica\/wp-json\/wp\/v2\/comments?post=3915"}],"version-history":[{"count":3,"href":"https:\/\/www.rassegnastampa-totustuus.it\/cattolica\/wp-json\/wp\/v2\/posts\/3915\/revisions"}],"predecessor-version":[{"id":21226,"href":"https:\/\/www.rassegnastampa-totustuus.it\/cattolica\/wp-json\/wp\/v2\/posts\/3915\/revisions\/21226"}],"wp:featuredmedia":[{"embeddable":true,"href":"https:\/\/www.rassegnastampa-totustuus.it\/cattolica\/wp-json\/wp\/v2\/media\/21225"}],"wp:attachment":[{"href":"https:\/\/www.rassegnastampa-totustuus.it\/cattolica\/wp-json\/wp\/v2\/media?parent=3915"}],"wp:term":[{"taxonomy":"category","embeddable":true,"href":"https:\/\/www.rassegnastampa-totustuus.it\/cattolica\/wp-json\/wp\/v2\/categories?post=3915"},{"taxonomy":"post_tag","embeddable":true,"href":"https:\/\/www.rassegnastampa-totustuus.it\/cattolica\/wp-json\/wp\/v2\/tags?post=3915"}],"curies":[{"name":"wp","href":"https:\/\/api.w.org\/{rel}","templated":true}]}}