{"id":391,"date":"2005-05-04T15:27:07","date_gmt":"2005-05-04T13:27:07","guid":{"rendered":""},"modified":"2025-07-13T12:32:30","modified_gmt":"2025-07-13T10:32:30","slug":"pace-giustizia-natura-la-nuova-trinit-laica","status":"publish","type":"post","link":"https:\/\/www.rassegnastampa-totustuus.it\/cattolica\/pace-giustizia-natura-la-nuova-trinit-laica\/","title":{"rendered":"\u201cPace, giustizia, natura la nuova trinit&agrave; laica\u201d"},"content":{"rendered":"\n<p class=\"has-text-align-center\">pubblicato sul <strong><a href=\"https:\/\/www.corriere.it\/\" target=\"_blank\" rel=\"noreferrer noopener\">Corriere della Sera<\/a><\/strong> del 19 novembre 2003<\/p>\n\n\n\n<p><em>\u201cIl cedimento morale di tanti cristiani, anzi la crisi stessa della Chiesa, hanno una causa. E questa causa \u00e8, per dirla chiara, l\u2019indebolimento della fede. \u00c8 impossibile vivere la morale cattolica se non si \u00e8 pi\u00f9 convinti, e fino in fondo, che Ges\u00f9 Cristo \u00e8 il Figlio di Dio e che nel vangelo \u00e8 contenuto il progetto divino per l\u2019uomo\u00bb.<\/em><\/p>\n\n\n\n<p class=\"has-text-align-center\">di <strong>Vittorio Messori<\/strong><\/p>\n\n\n<div class=\"wp-block-image\">\n<figure class=\"aligncenter size-full is-resized\"><a href=\"https:\/\/www.rassegnastampa-totustuus.it\/cattolica\/wp-content\/uploads\/2005\/05\/abusi-liturgici.jpg\"><img loading=\"lazy\" decoding=\"async\" width=\"275\" height=\"183\" src=\"https:\/\/www.rassegnastampa-totustuus.it\/cattolica\/wp-content\/uploads\/2005\/05\/abusi-liturgici.jpg\" alt=\"\" class=\"wp-image-29090\" style=\"width:363px;height:auto\"\/><\/a><\/figure><\/div>\n\n\n<!--more-->\n\n\n\n<p>\u00a0Rispondendo a una domanda sugli abusi sessuali del clero, il cardinal Joseph Ratzinger \u00e8 andato ancora una volta al cuore del problema: \u201cIl cedimento morale di tanti cristiani, anzi la crisi stessa della Chiesa, hanno una causa. E questa causa \u00e8, per dirla chiara, l\u2019indebolimento della fede. \u00c8 impossibile vivere la morale cattolica se non si \u00e8 pi\u00f9 convinti, e fino in fondo, che Ges\u00f9 Cristo \u00e8 il Figlio di Dio e che nel vangelo \u00e8 contenuto il progetto divino per l\u2019uomo\u00bb.<\/p>\n\n\n\n<p>Senza questa certezza, ha ricordato Ratzinger, il celibato, la verginit\u00e0, diventano pesi intollerabili, anzi prescrizioni assurde e disumane; e coloro che, incautamente, hanno assunto simili impegni cercano ogni sotterfugio e ogni ipocrisia per sottrarvisi. Ma molti altri aspetti della Chiesa attuale sembrano deformati dallo svaporare della fede, cos\u00ec come la proclama il Credo.<\/p>\n\n\n\n<p>Tanti missionari tendono a trasformarsi in operatori sociali, in funzionari di organizzazioni umanitarie, magari in apostoli di rivoluzioni politiche. Dunque, tacciono spesso sull\u2019annuncio del vangelo come speranza di vita eterna, sulla necessit\u00e0 del battesimo per partecipare di questa promessa. <\/p>\n\n\n\n<p>Si \u00e8 arrivati al punto di scoraggiare le conversioni al cristianesimo,rovesciando paradossalmente il ruolo del missionario. Ma questo non avviene per qualche luciferino complotto o per mancanza di buona volont\u00e0, che in realt\u00e0 abbonda : bens\u00ec, per una crisi di fede, che trasforma l\u2019ardua credenza in Dio in un ben pi\u00f9 comprensibile progetto di solidariet\u00e0 umana.<\/p>\n\n\n\n<p>Nelle zone di vecchia cristianit\u00e0, in molti ordini gi\u00e0 fervidi e gloriosi, la vita sembra spegnersi in una routine grigia e noiosa che non \u00e8 pi\u00f9 in grado di attirare giovani candidati. Antiche e grandi avventure religiose rischiano di finire negli sbadigli. La \u00abfollia\u00bb del seguire Ges\u00f9 come poveri, obbedienti, casti, non ha significato se quel Ges\u00f9 non \u00e8 pi\u00f9 il Cristo crocifisso e risorto, ancora vivo, bens\u00ec un saggio, un iniziato, un moralista di scuola ebraica.<\/p>\n\n\n\n<p>Occorre forse quel \u00abrinnegamento di se stessi\u00bb che \u00e8 la vita in un convento o in presbiterio, per seguire un insegnamento che, in fondo, altro non \u00e8 che un\u2019etica politicamente corretta, fatta di dialogo, di tolleranza, di impegno per la pace, di diritti umani? C\u2019\u00e8 da temere che sia a rischio lo stesso entusiasmo che caratterizza <em>i <\/em>nuovi gruppi e i nuovi movimenti nati in questi decenni nella Chiesa. Il fervore, magari chiassoso, di questi giovani \u00e8, prima o poi, insidiato dal dubbio con il quale ogni cristiano deve oggi confrontarsi: \u00abMa, insomma, sar\u00e0 proprio vero?<\/p>\n\n\n\n<p>Questo Ges\u00f9 \u00e8 sul serio il Salvatore e il Redentore e sta in lui la Verit\u00e0 suprema? La Chiesa cattolica \u00e8 davvero il suo Corpo, come dice san Paolo, soltanto in essa c\u2019\u00e8 la salvezza totale? Paradiso, purgatorio, inferno, risurrezione finale dei morti sono simboli o realt\u00e0? Come credere che l\u2019eucaristia non sia solo il cibo di un pasto fraterno ma sia davvero la carne e il sangue di Dio stesso?<\/p>\n\n\n\n<p>Come convincersi che il Creatore di un universo smisurato si sia incarnato in un oscuro Galileo, per la salvezza &#8211; quale poi? &#8211; di quel granello di polvere che \u00e8 il pianeta Terra?\u00bb. E via questionando. Il primo problema della Chiesa, oggi, \u00e8 il recupero della \u00abcredibilit\u00e0 del credere\u00bb.<\/p>\n\n\n\n<p>C\u2019\u00e8 una legge che regola fa vita del cristiano: alla diminuzione della fede corrisponde sempre l\u2019aumento dell\u2019interesse per la morale e per l\u2019ideologia sociale e politica, purch\u00e9 di aspetto \u00abetico\u00bb. Pi\u00f9 cresce il dubbio sulla verit\u00e0 del vangelo, pi\u00f9 cresce il moralismo. Non \u00e8 un buon segno che molti ambienti cristiani si caratterizzino oggi non per la fede nella Trinit\u00e0 ma per una triade ripetuta come un mantra: \u00abPace, giustizia, rispetto per la natura\u00bb.<\/p>\n\n\n\n<p>Ottime cose, naturalmente, purch\u00e9 inserite in una prospettiva che unisca Terra e Cielo. Nel sentimentale \u00abamore per l\u2019uomo\u00bb si perde di vista la prospettiva cristiana: l\u2019uomo \u00e8 spesso esecrabile, indegno di aiuto, non \u00e8 amabile di per s\u00e9 ma, alla fine, solo per amore di quel Ges\u00f9 grazie al quale siamo tutti fratelli.<\/p>\n\n\n\n<p>Quando cede la fede nell\u2019invisibile, \u00e8 normale che ci si getti nel visibile. Il sociale prende il posto del sovrannaturale. L\u2019impegno \u2014concreto, verificabile, gratificante \u2014 per migliorare la vita terrena, sostituisce l\u2019ansia di annunciare che questa vita terrena altro non \u00e8 che il luogo della prova e della preparazione alla vita eterna.<\/p>\n\n\n\n<p> Non \u00e8 certo un caso che tanti cristiani di buona volont\u00e0 abbraccino le fedi secolarizzate &#8211; ieri il marxismo, oggi l\u2019ecologismo o il pacifismo\u2014che sostituiscono, o sembrano potere affiancare, la fede antica, quella basata sullo \u00abscandalo e follia\u00bb del vangelo. Dio, chiss\u00e0 se c\u2019\u00e8; in ogni caso come esserne certi?<\/p>\n\n\n\n<p>L\u2019uomo, invece, c\u2019\u00e8, possiamo constatarne l\u2019esistenza e i bisogni: dunque, andiamo sul sicuro e operiamo nel concreto, riversiamo su di lui il nostro bisogno di amare, di servire, di costruire. Ma, in questo aiuto pur generoso, si annebbia la persuasione secondo la quale la prima, la pi\u00f9 alta, la pi\u00f9 salvifica delle carit\u00e0 non \u00e8 quella del pane, ma quella della verit\u00e0. Che non \u00e8 una, teoria. E una Persona.<\/p>\n\n\n\n<p>Se la Chiesa si trasforma in una sorta di \u00abAgenzia Universale per il Bene e per la Pace\u00bb, se \u00e8 dimenticata o rimossa la scommessa ineluttabile su cui si basa \u2014 \u00abDio esiste e nel Cristo si \u00e8 fatto uomo\u00bb \u2014 ne vengono necessariamente gli sfaldamenti cui alludeva Ratzinger nel suo ultimo intervento e che il Papa stesso ha pi\u00f9 volte denunciato. La morale cristiana si rivela, in pratica, impossibile da praticare se non discende da una fede esplicita e salda.<\/p>\n\n\n\n<p>La croce di cui si fregia il cattolico impegnato in un attivismo sociale che dimentichi l\u2019annuncio esplicito del Credo, non \u00e8 pi\u00f9 la croce della Chiesa di Roma ma quella della Croce Rossa di Ginevra: rispettabile e meritoria, ci mancherebbe, ma che nulla ha a che fare con una storia che comincia nel tempo per sfociare nell\u2019 eterno.<\/p>\n\n\n\n<p><\/p>\n","protected":false},"excerpt":{"rendered":"<p>pubblicato sul Corriere della Sera del 19 novembre 2003 \u201cIl cedimento morale di tanti cristiani, anzi la crisi stessa della Chiesa, hanno una causa. E questa causa \u00e8, per dirla chiara, l\u2019indebolimento della fede. \u00c8 impossibile vivere la morale cattolica se non si \u00e8 pi\u00f9 convinti, e fino in fondo, che Ges\u00f9 Cristo \u00e8 il &hellip; <\/p>\n<p><a class=\"more-link btn\" href=\"https:\/\/www.rassegnastampa-totustuus.it\/cattolica\/pace-giustizia-natura-la-nuova-trinit-laica\/\">Continua a leggere<\/a><\/p>\n","protected":false},"author":6,"featured_media":29090,"comment_status":"closed","ping_status":"open","sticky":false,"template":"","format":"standard","meta":{"footnotes":""},"categories":[5,45],"tags":[273],"class_list":["post-391","post","type-post","status-publish","format-standard","has-post-thumbnail","hentry","category-chiesa","category-progressismo-cattolico","tag-religione","item-wrap"],"yoast_head":"<!-- This site is optimized with the Yoast SEO plugin v27.5 - https:\/\/yoast.com\/product\/yoast-seo-wordpress\/ -->\n<title>\u201cPace, giustizia, natura la nuova trinit&agrave; laica\u201d - Rassegna Stampa Cattolica<\/title>\n<meta name=\"description\" content=\"\u201cPace, giustizia, natura la nuova trinit\u00e0 laica\u201d, la causa del. cedimento morale di tanti cristiani, e la crisi della Chiesa, hanno una causa.\" \/>\n<meta name=\"robots\" content=\"index, follow, max-snippet:-1, max-image-preview:large, max-video-preview:-1\" \/>\n<link rel=\"canonical\" href=\"https:\/\/www.rassegnastampa-totustuus.it\/cattolica\/pace-giustizia-natura-la-nuova-trinit-laica\/\" \/>\n<meta property=\"og:locale\" content=\"it_IT\" \/>\n<meta property=\"og:type\" content=\"article\" \/>\n<meta property=\"og:title\" content=\"\u201cPace, giustizia, natura la nuova trinit&agrave; laica\u201d - Rassegna Stampa Cattolica\" \/>\n<meta property=\"og:description\" content=\"\u201cPace, giustizia, natura la nuova trinit\u00e0 laica\u201d, la causa del. cedimento morale di tanti cristiani, e la crisi della Chiesa, hanno una causa.\" \/>\n<meta property=\"og:url\" content=\"https:\/\/www.rassegnastampa-totustuus.it\/cattolica\/pace-giustizia-natura-la-nuova-trinit-laica\/\" \/>\n<meta property=\"og:site_name\" content=\"Rassegna Stampa Cattolica\" \/>\n<meta property=\"article:publisher\" content=\"https:\/\/www.facebook.com\/rassegnastampacattolica\" \/>\n<meta property=\"article:published_time\" content=\"2005-05-04T13:27:07+00:00\" \/>\n<meta property=\"article:modified_time\" content=\"2025-07-13T10:32:30+00:00\" \/>\n<meta property=\"og:image\" content=\"https:\/\/www.rassegnastampa-totustuus.it\/cattolica\/wp-content\/uploads\/2005\/05\/abusi-liturgici.jpg\" \/>\n\t<meta property=\"og:image:width\" content=\"275\" \/>\n\t<meta property=\"og:image:height\" content=\"183\" \/>\n\t<meta property=\"og:image:type\" content=\"image\/jpeg\" \/>\n<meta name=\"author\" content=\"Redazione\" \/>\n<meta name=\"twitter:card\" content=\"summary_large_image\" \/>\n<meta name=\"twitter:creator\" content=\"@rassegnastampa9\" \/>\n<meta name=\"twitter:site\" content=\"@rassegnastampa9\" \/>\n<meta name=\"twitter:label1\" content=\"Scritto da\" \/>\n\t<meta name=\"twitter:data1\" content=\"Redazione\" \/>\n\t<meta name=\"twitter:label2\" content=\"Tempo di lettura stimato\" \/>\n\t<meta name=\"twitter:data2\" content=\"6 minuti\" \/>\n<script type=\"application\/ld+json\" class=\"yoast-schema-graph\">{\"@context\":\"https:\\\/\\\/schema.org\",\"@graph\":[{\"@type\":\"Article\",\"@id\":\"https:\\\/\\\/www.rassegnastampa-totustuus.it\\\/cattolica\\\/pace-giustizia-natura-la-nuova-trinit-laica\\\/#article\",\"isPartOf\":{\"@id\":\"https:\\\/\\\/www.rassegnastampa-totustuus.it\\\/cattolica\\\/pace-giustizia-natura-la-nuova-trinit-laica\\\/\"},\"author\":{\"name\":\"Redazione\",\"@id\":\"https:\\\/\\\/www.rassegnastampa-totustuus.it\\\/cattolica\\\/#\\\/schema\\\/person\\\/08f319d2bd1a0904ad9e2bfb7b15e5c3\"},\"headline\":\"\u201cPace, giustizia, natura la nuova trinit&agrave; laica\u201d\",\"datePublished\":\"2005-05-04T13:27:07+00:00\",\"dateModified\":\"2025-07-13T10:32:30+00:00\",\"mainEntityOfPage\":{\"@id\":\"https:\\\/\\\/www.rassegnastampa-totustuus.it\\\/cattolica\\\/pace-giustizia-natura-la-nuova-trinit-laica\\\/\"},\"wordCount\":1025,\"publisher\":{\"@id\":\"https:\\\/\\\/www.rassegnastampa-totustuus.it\\\/cattolica\\\/#organization\"},\"image\":{\"@id\":\"https:\\\/\\\/www.rassegnastampa-totustuus.it\\\/cattolica\\\/pace-giustizia-natura-la-nuova-trinit-laica\\\/#primaryimage\"},\"thumbnailUrl\":\"https:\\\/\\\/www.rassegnastampa-totustuus.it\\\/cattolica\\\/wp-content\\\/uploads\\\/2005\\\/05\\\/abusi-liturgici.jpg\",\"keywords\":[\"religione\"],\"articleSection\":[\"Chiesa\",\"Progressismo\"],\"inLanguage\":\"it-IT\"},{\"@type\":\"WebPage\",\"@id\":\"https:\\\/\\\/www.rassegnastampa-totustuus.it\\\/cattolica\\\/pace-giustizia-natura-la-nuova-trinit-laica\\\/\",\"url\":\"https:\\\/\\\/www.rassegnastampa-totustuus.it\\\/cattolica\\\/pace-giustizia-natura-la-nuova-trinit-laica\\\/\",\"name\":\"\u201cPace, giustizia, natura la nuova trinit&agrave; laica\u201d - Rassegna Stampa Cattolica\",\"isPartOf\":{\"@id\":\"https:\\\/\\\/www.rassegnastampa-totustuus.it\\\/cattolica\\\/#website\"},\"primaryImageOfPage\":{\"@id\":\"https:\\\/\\\/www.rassegnastampa-totustuus.it\\\/cattolica\\\/pace-giustizia-natura-la-nuova-trinit-laica\\\/#primaryimage\"},\"image\":{\"@id\":\"https:\\\/\\\/www.rassegnastampa-totustuus.it\\\/cattolica\\\/pace-giustizia-natura-la-nuova-trinit-laica\\\/#primaryimage\"},\"thumbnailUrl\":\"https:\\\/\\\/www.rassegnastampa-totustuus.it\\\/cattolica\\\/wp-content\\\/uploads\\\/2005\\\/05\\\/abusi-liturgici.jpg\",\"datePublished\":\"2005-05-04T13:27:07+00:00\",\"dateModified\":\"2025-07-13T10:32:30+00:00\",\"description\":\"\u201cPace, giustizia, natura la nuova trinit\u00e0 laica\u201d, la causa del. cedimento morale di tanti cristiani, e la crisi della Chiesa, hanno una causa.\",\"breadcrumb\":{\"@id\":\"https:\\\/\\\/www.rassegnastampa-totustuus.it\\\/cattolica\\\/pace-giustizia-natura-la-nuova-trinit-laica\\\/#breadcrumb\"},\"inLanguage\":\"it-IT\",\"potentialAction\":[{\"@type\":\"ReadAction\",\"target\":[\"https:\\\/\\\/www.rassegnastampa-totustuus.it\\\/cattolica\\\/pace-giustizia-natura-la-nuova-trinit-laica\\\/\"]}]},{\"@type\":\"ImageObject\",\"inLanguage\":\"it-IT\",\"@id\":\"https:\\\/\\\/www.rassegnastampa-totustuus.it\\\/cattolica\\\/pace-giustizia-natura-la-nuova-trinit-laica\\\/#primaryimage\",\"url\":\"https:\\\/\\\/www.rassegnastampa-totustuus.it\\\/cattolica\\\/wp-content\\\/uploads\\\/2005\\\/05\\\/abusi-liturgici.jpg\",\"contentUrl\":\"https:\\\/\\\/www.rassegnastampa-totustuus.it\\\/cattolica\\\/wp-content\\\/uploads\\\/2005\\\/05\\\/abusi-liturgici.jpg\",\"width\":275,\"height\":183},{\"@type\":\"BreadcrumbList\",\"@id\":\"https:\\\/\\\/www.rassegnastampa-totustuus.it\\\/cattolica\\\/pace-giustizia-natura-la-nuova-trinit-laica\\\/#breadcrumb\",\"itemListElement\":[{\"@type\":\"ListItem\",\"position\":1,\"name\":\"Home\",\"item\":\"https:\\\/\\\/www.rassegnastampa-totustuus.it\\\/cattolica\\\/\"},{\"@type\":\"ListItem\",\"position\":2,\"name\":\"\u201cPace, giustizia, natura la nuova trinit&agrave; laica\u201d\"}]},{\"@type\":\"WebSite\",\"@id\":\"https:\\\/\\\/www.rassegnastampa-totustuus.it\\\/cattolica\\\/#website\",\"url\":\"https:\\\/\\\/www.rassegnastampa-totustuus.it\\\/cattolica\\\/\",\"name\":\"Rassegna Stampa Cattolica\",\"description\":\"Per una cultura che nasce dalla Rivelazione cristiana in conformit\u00e0 alla tradizione e al Magistero della Chiesa in opposizione ad ogni relativismo e totalitarismo\",\"publisher\":{\"@id\":\"https:\\\/\\\/www.rassegnastampa-totustuus.it\\\/cattolica\\\/#organization\"},\"alternateName\":\"Rass. Cattolica\",\"potentialAction\":[{\"@type\":\"SearchAction\",\"target\":{\"@type\":\"EntryPoint\",\"urlTemplate\":\"https:\\\/\\\/www.rassegnastampa-totustuus.it\\\/cattolica\\\/?s={search_term_string}\"},\"query-input\":{\"@type\":\"PropertyValueSpecification\",\"valueRequired\":true,\"valueName\":\"search_term_string\"}}],\"inLanguage\":\"it-IT\"},{\"@type\":\"Organization\",\"@id\":\"https:\\\/\\\/www.rassegnastampa-totustuus.it\\\/cattolica\\\/#organization\",\"name\":\"Rassegna Stampa Cattolica\",\"url\":\"https:\\\/\\\/www.rassegnastampa-totustuus.it\\\/cattolica\\\/\",\"logo\":{\"@type\":\"ImageObject\",\"inLanguage\":\"it-IT\",\"@id\":\"https:\\\/\\\/www.rassegnastampa-totustuus.it\\\/cattolica\\\/#\\\/schema\\\/logo\\\/image\\\/\",\"url\":\"https:\\\/\\\/www.rassegnastampa-totustuus.it\\\/cattolica\\\/wp-content\\\/uploads\\\/2014\\\/04\\\/logo-rassegna1.gif\",\"contentUrl\":\"https:\\\/\\\/www.rassegnastampa-totustuus.it\\\/cattolica\\\/wp-content\\\/uploads\\\/2014\\\/04\\\/logo-rassegna1.gif\",\"width\":600,\"height\":163,\"caption\":\"Rassegna Stampa Cattolica\"},\"image\":{\"@id\":\"https:\\\/\\\/www.rassegnastampa-totustuus.it\\\/cattolica\\\/#\\\/schema\\\/logo\\\/image\\\/\"},\"sameAs\":[\"https:\\\/\\\/www.facebook.com\\\/rassegnastampacattolica\",\"https:\\\/\\\/x.com\\\/rassegnastampa9\"]},{\"@type\":\"Person\",\"@id\":\"https:\\\/\\\/www.rassegnastampa-totustuus.it\\\/cattolica\\\/#\\\/schema\\\/person\\\/08f319d2bd1a0904ad9e2bfb7b15e5c3\",\"name\":\"Redazione\",\"image\":{\"@type\":\"ImageObject\",\"inLanguage\":\"it-IT\",\"@id\":\"https:\\\/\\\/secure.gravatar.com\\\/avatar\\\/2fcdf27c78ea025fbdb44e914cc63c72249ffec9dc8aafd5c82b26240ef3f346?s=96&d=mm&r=g\",\"url\":\"https:\\\/\\\/secure.gravatar.com\\\/avatar\\\/2fcdf27c78ea025fbdb44e914cc63c72249ffec9dc8aafd5c82b26240ef3f346?s=96&d=mm&r=g\",\"contentUrl\":\"https:\\\/\\\/secure.gravatar.com\\\/avatar\\\/2fcdf27c78ea025fbdb44e914cc63c72249ffec9dc8aafd5c82b26240ef3f346?s=96&d=mm&r=g\",\"caption\":\"Redazione\"},\"url\":\"https:\\\/\\\/www.rassegnastampa-totustuus.it\\\/cattolica\\\/author\\\/pietroelle\\\/\"}]}<\/script>\n<!-- \/ Yoast SEO plugin. -->","yoast_head_json":{"title":"\u201cPace, giustizia, natura la nuova trinit&agrave; laica\u201d - Rassegna Stampa Cattolica","description":"\u201cPace, giustizia, natura la nuova trinit\u00e0 laica\u201d, la causa del. cedimento morale di tanti cristiani, e la crisi della Chiesa, hanno una causa.","robots":{"index":"index","follow":"follow","max-snippet":"max-snippet:-1","max-image-preview":"max-image-preview:large","max-video-preview":"max-video-preview:-1"},"canonical":"https:\/\/www.rassegnastampa-totustuus.it\/cattolica\/pace-giustizia-natura-la-nuova-trinit-laica\/","og_locale":"it_IT","og_type":"article","og_title":"\u201cPace, giustizia, natura la nuova trinit&agrave; laica\u201d - Rassegna Stampa Cattolica","og_description":"\u201cPace, giustizia, natura la nuova trinit\u00e0 laica\u201d, la causa del. cedimento morale di tanti cristiani, e la crisi della Chiesa, hanno una causa.","og_url":"https:\/\/www.rassegnastampa-totustuus.it\/cattolica\/pace-giustizia-natura-la-nuova-trinit-laica\/","og_site_name":"Rassegna Stampa Cattolica","article_publisher":"https:\/\/www.facebook.com\/rassegnastampacattolica","article_published_time":"2005-05-04T13:27:07+00:00","article_modified_time":"2025-07-13T10:32:30+00:00","og_image":[{"width":275,"height":183,"url":"https:\/\/www.rassegnastampa-totustuus.it\/cattolica\/wp-content\/uploads\/2005\/05\/abusi-liturgici.jpg","type":"image\/jpeg"}],"author":"Redazione","twitter_card":"summary_large_image","twitter_creator":"@rassegnastampa9","twitter_site":"@rassegnastampa9","twitter_misc":{"Scritto da":"Redazione","Tempo di lettura stimato":"6 minuti"},"schema":{"@context":"https:\/\/schema.org","@graph":[{"@type":"Article","@id":"https:\/\/www.rassegnastampa-totustuus.it\/cattolica\/pace-giustizia-natura-la-nuova-trinit-laica\/#article","isPartOf":{"@id":"https:\/\/www.rassegnastampa-totustuus.it\/cattolica\/pace-giustizia-natura-la-nuova-trinit-laica\/"},"author":{"name":"Redazione","@id":"https:\/\/www.rassegnastampa-totustuus.it\/cattolica\/#\/schema\/person\/08f319d2bd1a0904ad9e2bfb7b15e5c3"},"headline":"\u201cPace, giustizia, natura la nuova trinit&agrave; laica\u201d","datePublished":"2005-05-04T13:27:07+00:00","dateModified":"2025-07-13T10:32:30+00:00","mainEntityOfPage":{"@id":"https:\/\/www.rassegnastampa-totustuus.it\/cattolica\/pace-giustizia-natura-la-nuova-trinit-laica\/"},"wordCount":1025,"publisher":{"@id":"https:\/\/www.rassegnastampa-totustuus.it\/cattolica\/#organization"},"image":{"@id":"https:\/\/www.rassegnastampa-totustuus.it\/cattolica\/pace-giustizia-natura-la-nuova-trinit-laica\/#primaryimage"},"thumbnailUrl":"https:\/\/www.rassegnastampa-totustuus.it\/cattolica\/wp-content\/uploads\/2005\/05\/abusi-liturgici.jpg","keywords":["religione"],"articleSection":["Chiesa","Progressismo"],"inLanguage":"it-IT"},{"@type":"WebPage","@id":"https:\/\/www.rassegnastampa-totustuus.it\/cattolica\/pace-giustizia-natura-la-nuova-trinit-laica\/","url":"https:\/\/www.rassegnastampa-totustuus.it\/cattolica\/pace-giustizia-natura-la-nuova-trinit-laica\/","name":"\u201cPace, giustizia, natura la nuova trinit&agrave; laica\u201d - Rassegna Stampa Cattolica","isPartOf":{"@id":"https:\/\/www.rassegnastampa-totustuus.it\/cattolica\/#website"},"primaryImageOfPage":{"@id":"https:\/\/www.rassegnastampa-totustuus.it\/cattolica\/pace-giustizia-natura-la-nuova-trinit-laica\/#primaryimage"},"image":{"@id":"https:\/\/www.rassegnastampa-totustuus.it\/cattolica\/pace-giustizia-natura-la-nuova-trinit-laica\/#primaryimage"},"thumbnailUrl":"https:\/\/www.rassegnastampa-totustuus.it\/cattolica\/wp-content\/uploads\/2005\/05\/abusi-liturgici.jpg","datePublished":"2005-05-04T13:27:07+00:00","dateModified":"2025-07-13T10:32:30+00:00","description":"\u201cPace, giustizia, natura la nuova trinit\u00e0 laica\u201d, la causa del. cedimento morale di tanti cristiani, e la crisi della Chiesa, hanno una causa.","breadcrumb":{"@id":"https:\/\/www.rassegnastampa-totustuus.it\/cattolica\/pace-giustizia-natura-la-nuova-trinit-laica\/#breadcrumb"},"inLanguage":"it-IT","potentialAction":[{"@type":"ReadAction","target":["https:\/\/www.rassegnastampa-totustuus.it\/cattolica\/pace-giustizia-natura-la-nuova-trinit-laica\/"]}]},{"@type":"ImageObject","inLanguage":"it-IT","@id":"https:\/\/www.rassegnastampa-totustuus.it\/cattolica\/pace-giustizia-natura-la-nuova-trinit-laica\/#primaryimage","url":"https:\/\/www.rassegnastampa-totustuus.it\/cattolica\/wp-content\/uploads\/2005\/05\/abusi-liturgici.jpg","contentUrl":"https:\/\/www.rassegnastampa-totustuus.it\/cattolica\/wp-content\/uploads\/2005\/05\/abusi-liturgici.jpg","width":275,"height":183},{"@type":"BreadcrumbList","@id":"https:\/\/www.rassegnastampa-totustuus.it\/cattolica\/pace-giustizia-natura-la-nuova-trinit-laica\/#breadcrumb","itemListElement":[{"@type":"ListItem","position":1,"name":"Home","item":"https:\/\/www.rassegnastampa-totustuus.it\/cattolica\/"},{"@type":"ListItem","position":2,"name":"\u201cPace, giustizia, natura la nuova trinit&agrave; laica\u201d"}]},{"@type":"WebSite","@id":"https:\/\/www.rassegnastampa-totustuus.it\/cattolica\/#website","url":"https:\/\/www.rassegnastampa-totustuus.it\/cattolica\/","name":"Rassegna Stampa Cattolica","description":"Per una cultura che nasce dalla Rivelazione cristiana in conformit\u00e0 alla tradizione e al Magistero della Chiesa in opposizione ad ogni relativismo e totalitarismo","publisher":{"@id":"https:\/\/www.rassegnastampa-totustuus.it\/cattolica\/#organization"},"alternateName":"Rass. Cattolica","potentialAction":[{"@type":"SearchAction","target":{"@type":"EntryPoint","urlTemplate":"https:\/\/www.rassegnastampa-totustuus.it\/cattolica\/?s={search_term_string}"},"query-input":{"@type":"PropertyValueSpecification","valueRequired":true,"valueName":"search_term_string"}}],"inLanguage":"it-IT"},{"@type":"Organization","@id":"https:\/\/www.rassegnastampa-totustuus.it\/cattolica\/#organization","name":"Rassegna Stampa Cattolica","url":"https:\/\/www.rassegnastampa-totustuus.it\/cattolica\/","logo":{"@type":"ImageObject","inLanguage":"it-IT","@id":"https:\/\/www.rassegnastampa-totustuus.it\/cattolica\/#\/schema\/logo\/image\/","url":"https:\/\/www.rassegnastampa-totustuus.it\/cattolica\/wp-content\/uploads\/2014\/04\/logo-rassegna1.gif","contentUrl":"https:\/\/www.rassegnastampa-totustuus.it\/cattolica\/wp-content\/uploads\/2014\/04\/logo-rassegna1.gif","width":600,"height":163,"caption":"Rassegna Stampa Cattolica"},"image":{"@id":"https:\/\/www.rassegnastampa-totustuus.it\/cattolica\/#\/schema\/logo\/image\/"},"sameAs":["https:\/\/www.facebook.com\/rassegnastampacattolica","https:\/\/x.com\/rassegnastampa9"]},{"@type":"Person","@id":"https:\/\/www.rassegnastampa-totustuus.it\/cattolica\/#\/schema\/person\/08f319d2bd1a0904ad9e2bfb7b15e5c3","name":"Redazione","image":{"@type":"ImageObject","inLanguage":"it-IT","@id":"https:\/\/secure.gravatar.com\/avatar\/2fcdf27c78ea025fbdb44e914cc63c72249ffec9dc8aafd5c82b26240ef3f346?s=96&d=mm&r=g","url":"https:\/\/secure.gravatar.com\/avatar\/2fcdf27c78ea025fbdb44e914cc63c72249ffec9dc8aafd5c82b26240ef3f346?s=96&d=mm&r=g","contentUrl":"https:\/\/secure.gravatar.com\/avatar\/2fcdf27c78ea025fbdb44e914cc63c72249ffec9dc8aafd5c82b26240ef3f346?s=96&d=mm&r=g","caption":"Redazione"},"url":"https:\/\/www.rassegnastampa-totustuus.it\/cattolica\/author\/pietroelle\/"}]}},"_links":{"self":[{"href":"https:\/\/www.rassegnastampa-totustuus.it\/cattolica\/wp-json\/wp\/v2\/posts\/391","targetHints":{"allow":["GET"]}}],"collection":[{"href":"https:\/\/www.rassegnastampa-totustuus.it\/cattolica\/wp-json\/wp\/v2\/posts"}],"about":[{"href":"https:\/\/www.rassegnastampa-totustuus.it\/cattolica\/wp-json\/wp\/v2\/types\/post"}],"author":[{"embeddable":true,"href":"https:\/\/www.rassegnastampa-totustuus.it\/cattolica\/wp-json\/wp\/v2\/users\/6"}],"replies":[{"embeddable":true,"href":"https:\/\/www.rassegnastampa-totustuus.it\/cattolica\/wp-json\/wp\/v2\/comments?post=391"}],"version-history":[{"count":4,"href":"https:\/\/www.rassegnastampa-totustuus.it\/cattolica\/wp-json\/wp\/v2\/posts\/391\/revisions"}],"predecessor-version":[{"id":63141,"href":"https:\/\/www.rassegnastampa-totustuus.it\/cattolica\/wp-json\/wp\/v2\/posts\/391\/revisions\/63141"}],"wp:featuredmedia":[{"embeddable":true,"href":"https:\/\/www.rassegnastampa-totustuus.it\/cattolica\/wp-json\/wp\/v2\/media\/29090"}],"wp:attachment":[{"href":"https:\/\/www.rassegnastampa-totustuus.it\/cattolica\/wp-json\/wp\/v2\/media?parent=391"}],"wp:term":[{"taxonomy":"category","embeddable":true,"href":"https:\/\/www.rassegnastampa-totustuus.it\/cattolica\/wp-json\/wp\/v2\/categories?post=391"},{"taxonomy":"post_tag","embeddable":true,"href":"https:\/\/www.rassegnastampa-totustuus.it\/cattolica\/wp-json\/wp\/v2\/tags?post=391"}],"curies":[{"name":"wp","href":"https:\/\/api.w.org\/{rel}","templated":true}]}}