{"id":39045,"date":"2017-12-07T00:00:59","date_gmt":"2017-12-06T23:00:59","guid":{"rendered":"http:\/\/www.rassegnastampa-totustuus.it\/cattolica\/?p=39045"},"modified":"2017-11-30T10:07:15","modified_gmt":"2017-11-30T09:07:15","slug":"la-chiesa-africana-fa-i-conti-con-sacrifici-umani-e-vampiri","status":"publish","type":"post","link":"https:\/\/www.rassegnastampa-totustuus.it\/cattolica\/la-chiesa-africana-fa-i-conti-con-sacrifici-umani-e-vampiri\/","title":{"rendered":"La Chiesa africana fa i conti con sacrifici umani e vampiri"},"content":{"rendered":"<p style=\"text-align: center;\"><strong><a href=\"http:\/\/www.lanuovabq.it\/\" target=\"_blank\" rel=\"noopener\">La Nuova Bussola quotidiana<\/a><a href=\"http:\/\/www.lanuovabq.it\/\" target=\"_blank\" rel=\"noopener\"><img loading=\"lazy\" decoding=\"async\" class=\"alignleft wp-image-39046\" src=\"https:\/\/www.rassegnastampa-totustuus.it\/cattolica\/wp-content\/uploads\/2017\/11\/Africa_sacrifici_umani.jpg\" alt=\"\" width=\"250\" height=\"164\" \/><\/a> <\/strong><\/p>\n<p style=\"text-align: center;\">3 Novembre 2017<\/p>\n<p style=\"text-align: center;\">di <strong>Anna Bono<\/strong><\/p>\n<p style=\"text-align: justify;\">Da alcuni giorni in Gabon, Africa occidentale, la Conferenza episcopale ha avviato una campagna contro i sacrifici umani e i crimini rituali, pratiche frequenti che si intensificano in coincidenza con certi eventi, ad esempio le elezioni, quando i candidati ricorrono alla stregoneria per aumentare le probabilit\u00e0 di vittoria. Si ritiene infatti che gli organi umani siano ingredienti che rendono particolarmente efficaci talismani e riti propiziatori acquistati per avere successo, fare carriera, avanzare di grado.<\/p>\n<p><!--more--><\/p>\n<p style=\"text-align: justify;\">\u201cCerchiamo di moltiplicare il nostro impegno all\u2019approssimarsi di ogni scadenza elettorale\u201d ha detto il 6 ottobre durante una conferenza stampa Monsignor Jean-Vincent Ondo Eyene, presidente della Commissione Giustizia e Pace della Conferenza episcopale, ricordando che la Chiesa gabonese si batte da tanto tempo, organizzando ogni anno giornate di preghiera. Da quest\u2019anno inoltre, per sensibilizzare leader politici e popolazione, il 28 dicembre, festa dei Santi innocenti martiri, diventer\u00e0 giornata nazionale di commemorazione delle vittime di sacrifici umani.<\/p>\n<p style=\"text-align: justify;\"><strong>Dal 2005 collabora con la Chiesa l\u2019Associazione<\/strong> per la lotta ai crimini rituali, fondata dai genitori di due bambini uccisi a scopo rituale. Ma i loro sforzi non stanno tuttavia dando i risultati sperati. Dal 2000, anzi, i crimini sono aumentati, favoriti dal fatto che raramente gli autori degli omicidi e chi li commissiona vengono puniti. L\u2019azione giudiziaria \u00e8 ostacolata da tanti fattori: minacce e pressioni sulle famiglie delle vittime, corruzione dei funzionari statali, non di rado complici essi stessi degli omicidi, costo elevato delle procedure investigative&#8230; Si stima che ogni anno circa 100 persone siano vittime di crimini rituali e nel 70% dei casi si tratta di bambini.<\/p>\n<p style=\"text-align: justify;\"><strong><img loading=\"lazy\" decoding=\"async\" class=\"alignright wp-image-30344\" src=\"https:\/\/www.rassegnastampa-totustuus.it\/cattolica\/wp-content\/uploads\/2005\/06\/Africa.jpg\" alt=\"\" width=\"250\" height=\"174\" \/>I sacrifici umani si praticano in tutta l\u2019Africa subsahariana<\/strong>. Gli organi ritenuti pi\u00f9 potenti sono quelli degli albini, acquistati per migliaia di dollari. Si va dai 2.000 dollari per un arto ai 75.000 per un corpo intero, cifre allettanti che a volte inducono gli stessi parenti a vendere i famigliari albini. Si dissotterrano persino i morti, nei cimiteri. In alcuni stati, per impedirlo, si raccomanda di rinforzare le tombe con gettate di cemento.<\/p>\n<p style=\"text-align: justify;\"><strong>L\u2019omicidio di albini pi\u00f9 recente di cui si ha notizia \u00e8 stato commesso\u00a0<\/strong>in Mozambico a met\u00e0 settembre. La vittima \u00e8 un ragazzo di 17 anni il cui corpo \u00e8 stato rinvenuto privo di braccia, gambe e cervello. Ma proprio in Mozambico intanto si \u00e8 diffusa una nuova credenza secondo la quale la testa degli uomini calvi contiene dell\u2019oro che gli stregoni sono in grado di estrarre. Le prime tre vittime, trovate decapitate, risalgono a maggio. Altri tre uomini calvi sono stati uccisi a giugno. A fine luglio in un cimitero sono stati riesumati e trafugati cinque cadaveri di uomini calvi. Secondo le autorit\u00e0 mozambicane a commissionare gli omicidi sono degli stregoni stranieri, quasi tutti residenti in Malawi, Tanzania e nella regione dei Grandi Laghi.<\/p>\n<p style=\"text-align: justify;\"><strong>Da settembre non si registrano altri omicidi<\/strong>, ma le forze di polizia esortano a non abbassare la guardia. Nel frattempo per\u00f2 la superstizione ha prodotto altre vittime in Mozambico e nel vicino Malawi. In entrambi i paesi si \u00e8 infatti sparsa la voce che dei vampiri si aggirano per citt\u00e0 e villaggi assetati di sangue. Il 19 ottobre nella provincia mozambicana di Zambezia, al confine con il Malawi, il panico ha scatenato una vera e propria caccia al vampiro.<\/p>\n<p style=\"text-align: justify;\"><img loading=\"lazy\" decoding=\"async\" class=\"alignleft wp-image-39047\" src=\"https:\/\/www.rassegnastampa-totustuus.it\/cattolica\/wp-content\/uploads\/2017\/11\/Africa_albino.jpg\" alt=\"\" width=\"173\" height=\"200\" \/>Nella citt\u00e0 di Gile, per disperdere una folla agguerrita, la polizia ha sparato in aria e tuttavia un bambino \u00e8 stato colpito a morte da una pallottola. L\u2019intervento delle forze dell\u2019ordine non ha messo fine ai disordini. Al contrario, convinta che le autorit\u00e0 stessero proteggendo i vampiri, la gente ha dato fuoco alle case di alcuni funzionari e poi ha compiuto atti vandalici contro una stazione di polizia e contro l\u2019abitazione del direttore della prigione.<\/p>\n<p style=\"text-align: justify;\"><strong>Nel distretto di Mulevana a provocare le violenze sembra<\/strong> sia stato l\u2019arrivo di una equipe sanitaria incaricata di irrorare dell\u2019insetticida nell\u2019ambito di un programma ministeriale di prevenzione della malaria. Chiss\u00e0 come, i suoi componenti sono stati accusati di lavorare per i vampiri. La situazione \u00e8 degenerata al punto che l\u2019amministratore distrettuale si \u00e8 dovuto mettere in salvo allontanandosi dalla zona. In Malawi, il 10 ottobre, a dover lasciare due distretti per motivi di sicurezza \u00e8 stato il personale delle Nazioni Unite e di alcune organizzazioni non governative.<\/p>\n<p style=\"text-align: justify;\">L\u00ec la caccia ai vampiri era iniziata a met\u00e0 settembre. Da allora nove persone sono state uccise, linciate da folle accecate dall\u2019odio. Il 19 ottobre alla periferia della capitale, Blantyre, un \u201cvampiro\u201d \u00e8 stato bruciato vivo. La folla \u00e8 riuscita a entrare nella stazione di polizia dove si era rifugiato e lo ha trascinato all\u2019esterno. Nessuno \u00e8 ricorso a cure mediche per essere stato vampirizzato, non ci sono prove di aggressioni.<\/p>\n<p style=\"text-align: justify;\">Tuttavia lo stato di paura \u2013 c\u2019\u00e8 gente che non osa neanche pi\u00f9 dormire a casa propria \u2013 si sta estendendo ad altri distretti e con esso la caccia ai vampiri. La polizia ha gi\u00e0 arrestato 140 persone coinvolte nei disordini. Il presidente Peter Mutharika si \u00e8 recato il 20 ottobre in visita nei distretti pi\u00f9 colpiti, per rassicurare che il problema verr\u00e0 risolto e chiedere alla popolazione di rinunciare a farsi giustizia da s\u00e9. La gente \u00e8 convinta che i vampiri usino il sangue per diventare ricchi.<\/p>\n<p>&nbsp;<\/p>\n","protected":false},"excerpt":{"rendered":"<p>La Nuova Bussola quotidiana 3 Novembre 2017 di Anna Bono Da alcuni giorni in Gabon, Africa occidentale, la Conferenza episcopale ha avviato una campagna contro i sacrifici umani e i crimini rituali, pratiche frequenti che si intensificano in coincidenza con certi eventi, ad esempio le elezioni, quando i candidati ricorrono alla stregoneria per aumentare le &hellip; <\/p>\n<p><a class=\"more-link btn\" href=\"https:\/\/www.rassegnastampa-totustuus.it\/cattolica\/la-chiesa-africana-fa-i-conti-con-sacrifici-umani-e-vampiri\/\">Continua a leggere<\/a><\/p>\n","protected":false},"author":6,"featured_media":39046,"comment_status":"closed","ping_status":"closed","sticky":false,"template":"","format":"standard","meta":{"footnotes":""},"categories":[39,108],"tags":[1866],"class_list":["post-39045","post","type-post","status-publish","format-standard","has-post-thumbnail","hentry","category-africa","category-paesi-e-continenti","tag-sottosviluppo","item-wrap"],"yoast_head":"<!-- This site is optimized with the Yoast SEO plugin v27.5 - https:\/\/yoast.com\/product\/yoast-seo-wordpress\/ -->\n<title>La Chiesa africana fa i conti con sacrifici umani e vampiri - Rassegna Stampa Cattolica<\/title>\n<meta name=\"description\" content=\"Rassegna Stampa Cattolica - Per una cultura che nasce dalla Rivelazione cristiana in conformit\u00e0 alla tradizione e al Magistero della Chiesa in opposizione ad ogni relativismo e totalitarismo\" \/>\n<meta name=\"robots\" content=\"index, follow, max-snippet:-1, max-image-preview:large, max-video-preview:-1\" \/>\n<link rel=\"canonical\" href=\"https:\/\/www.rassegnastampa-totustuus.it\/cattolica\/la-chiesa-africana-fa-i-conti-con-sacrifici-umani-e-vampiri\/\" \/>\n<meta property=\"og:locale\" content=\"it_IT\" \/>\n<meta property=\"og:type\" content=\"article\" \/>\n<meta property=\"og:title\" content=\"La Chiesa africana fa i conti con sacrifici umani e vampiri - Rassegna Stampa Cattolica\" \/>\n<meta property=\"og:description\" content=\"Rassegna Stampa Cattolica - Per una cultura che nasce dalla Rivelazione cristiana in conformit\u00e0 alla tradizione e al Magistero della Chiesa in opposizione ad ogni relativismo e totalitarismo\" \/>\n<meta property=\"og:url\" content=\"https:\/\/www.rassegnastampa-totustuus.it\/cattolica\/la-chiesa-africana-fa-i-conti-con-sacrifici-umani-e-vampiri\/\" \/>\n<meta property=\"og:site_name\" content=\"Rassegna Stampa Cattolica\" \/>\n<meta property=\"article:publisher\" content=\"https:\/\/www.facebook.com\/rassegnastampacattolica\" \/>\n<meta property=\"article:published_time\" content=\"2017-12-06T23:00:59+00:00\" \/>\n<meta property=\"og:image\" content=\"https:\/\/www.rassegnastampa-totustuus.it\/cattolica\/wp-content\/uploads\/2017\/11\/Africa_sacrifici_umani.jpg\" \/>\n\t<meta property=\"og:image:width\" content=\"277\" \/>\n\t<meta property=\"og:image:height\" content=\"182\" \/>\n\t<meta property=\"og:image:type\" content=\"image\/jpeg\" \/>\n<meta name=\"author\" content=\"Redazione\" \/>\n<meta name=\"twitter:card\" content=\"summary_large_image\" \/>\n<meta name=\"twitter:creator\" content=\"@rassegnastampa9\" \/>\n<meta name=\"twitter:site\" content=\"@rassegnastampa9\" \/>\n<meta name=\"twitter:label1\" content=\"Scritto da\" \/>\n\t<meta name=\"twitter:data1\" content=\"Redazione\" \/>\n\t<meta name=\"twitter:label2\" content=\"Tempo di lettura stimato\" \/>\n\t<meta name=\"twitter:data2\" content=\"4 minuti\" \/>\n<script type=\"application\/ld+json\" class=\"yoast-schema-graph\">{\"@context\":\"https:\\\/\\\/schema.org\",\"@graph\":[{\"@type\":\"Article\",\"@id\":\"https:\\\/\\\/www.rassegnastampa-totustuus.it\\\/cattolica\\\/la-chiesa-africana-fa-i-conti-con-sacrifici-umani-e-vampiri\\\/#article\",\"isPartOf\":{\"@id\":\"https:\\\/\\\/www.rassegnastampa-totustuus.it\\\/cattolica\\\/la-chiesa-africana-fa-i-conti-con-sacrifici-umani-e-vampiri\\\/\"},\"author\":{\"name\":\"Redazione\",\"@id\":\"https:\\\/\\\/www.rassegnastampa-totustuus.it\\\/cattolica\\\/#\\\/schema\\\/person\\\/08f319d2bd1a0904ad9e2bfb7b15e5c3\"},\"headline\":\"La Chiesa africana fa i conti con sacrifici umani e vampiri\",\"datePublished\":\"2017-12-06T23:00:59+00:00\",\"mainEntityOfPage\":{\"@id\":\"https:\\\/\\\/www.rassegnastampa-totustuus.it\\\/cattolica\\\/la-chiesa-africana-fa-i-conti-con-sacrifici-umani-e-vampiri\\\/\"},\"wordCount\":862,\"publisher\":{\"@id\":\"https:\\\/\\\/www.rassegnastampa-totustuus.it\\\/cattolica\\\/#organization\"},\"image\":{\"@id\":\"https:\\\/\\\/www.rassegnastampa-totustuus.it\\\/cattolica\\\/la-chiesa-africana-fa-i-conti-con-sacrifici-umani-e-vampiri\\\/#primaryimage\"},\"thumbnailUrl\":\"https:\\\/\\\/www.rassegnastampa-totustuus.it\\\/cattolica\\\/wp-content\\\/uploads\\\/2017\\\/11\\\/Africa_sacrifici_umani.jpg\",\"keywords\":[\"sottosviluppo\"],\"articleSection\":[\"Africa\",\"Paesi e continenti\"],\"inLanguage\":\"it-IT\"},{\"@type\":\"WebPage\",\"@id\":\"https:\\\/\\\/www.rassegnastampa-totustuus.it\\\/cattolica\\\/la-chiesa-africana-fa-i-conti-con-sacrifici-umani-e-vampiri\\\/\",\"url\":\"https:\\\/\\\/www.rassegnastampa-totustuus.it\\\/cattolica\\\/la-chiesa-africana-fa-i-conti-con-sacrifici-umani-e-vampiri\\\/\",\"name\":\"La Chiesa africana fa i conti con sacrifici umani e vampiri - Rassegna Stampa Cattolica\",\"isPartOf\":{\"@id\":\"https:\\\/\\\/www.rassegnastampa-totustuus.it\\\/cattolica\\\/#website\"},\"primaryImageOfPage\":{\"@id\":\"https:\\\/\\\/www.rassegnastampa-totustuus.it\\\/cattolica\\\/la-chiesa-africana-fa-i-conti-con-sacrifici-umani-e-vampiri\\\/#primaryimage\"},\"image\":{\"@id\":\"https:\\\/\\\/www.rassegnastampa-totustuus.it\\\/cattolica\\\/la-chiesa-africana-fa-i-conti-con-sacrifici-umani-e-vampiri\\\/#primaryimage\"},\"thumbnailUrl\":\"https:\\\/\\\/www.rassegnastampa-totustuus.it\\\/cattolica\\\/wp-content\\\/uploads\\\/2017\\\/11\\\/Africa_sacrifici_umani.jpg\",\"datePublished\":\"2017-12-06T23:00:59+00:00\",\"description\":\"Rassegna Stampa Cattolica - Per una cultura che nasce dalla Rivelazione cristiana in conformit\u00e0 alla tradizione e al Magistero della Chiesa in opposizione ad ogni relativismo e totalitarismo\",\"breadcrumb\":{\"@id\":\"https:\\\/\\\/www.rassegnastampa-totustuus.it\\\/cattolica\\\/la-chiesa-africana-fa-i-conti-con-sacrifici-umani-e-vampiri\\\/#breadcrumb\"},\"inLanguage\":\"it-IT\",\"potentialAction\":[{\"@type\":\"ReadAction\",\"target\":[\"https:\\\/\\\/www.rassegnastampa-totustuus.it\\\/cattolica\\\/la-chiesa-africana-fa-i-conti-con-sacrifici-umani-e-vampiri\\\/\"]}]},{\"@type\":\"ImageObject\",\"inLanguage\":\"it-IT\",\"@id\":\"https:\\\/\\\/www.rassegnastampa-totustuus.it\\\/cattolica\\\/la-chiesa-africana-fa-i-conti-con-sacrifici-umani-e-vampiri\\\/#primaryimage\",\"url\":\"https:\\\/\\\/www.rassegnastampa-totustuus.it\\\/cattolica\\\/wp-content\\\/uploads\\\/2017\\\/11\\\/Africa_sacrifici_umani.jpg\",\"contentUrl\":\"https:\\\/\\\/www.rassegnastampa-totustuus.it\\\/cattolica\\\/wp-content\\\/uploads\\\/2017\\\/11\\\/Africa_sacrifici_umani.jpg\",\"width\":277,\"height\":182},{\"@type\":\"BreadcrumbList\",\"@id\":\"https:\\\/\\\/www.rassegnastampa-totustuus.it\\\/cattolica\\\/la-chiesa-africana-fa-i-conti-con-sacrifici-umani-e-vampiri\\\/#breadcrumb\",\"itemListElement\":[{\"@type\":\"ListItem\",\"position\":1,\"name\":\"Home\",\"item\":\"https:\\\/\\\/www.rassegnastampa-totustuus.it\\\/cattolica\\\/\"},{\"@type\":\"ListItem\",\"position\":2,\"name\":\"La Chiesa africana fa i conti con sacrifici umani e vampiri\"}]},{\"@type\":\"WebSite\",\"@id\":\"https:\\\/\\\/www.rassegnastampa-totustuus.it\\\/cattolica\\\/#website\",\"url\":\"https:\\\/\\\/www.rassegnastampa-totustuus.it\\\/cattolica\\\/\",\"name\":\"Rassegna Stampa Cattolica\",\"description\":\"Per una cultura che nasce dalla Rivelazione cristiana in conformit\u00e0 alla tradizione e al Magistero della Chiesa in opposizione ad ogni relativismo e totalitarismo\",\"publisher\":{\"@id\":\"https:\\\/\\\/www.rassegnastampa-totustuus.it\\\/cattolica\\\/#organization\"},\"alternateName\":\"Rass. Cattolica\",\"potentialAction\":[{\"@type\":\"SearchAction\",\"target\":{\"@type\":\"EntryPoint\",\"urlTemplate\":\"https:\\\/\\\/www.rassegnastampa-totustuus.it\\\/cattolica\\\/?s={search_term_string}\"},\"query-input\":{\"@type\":\"PropertyValueSpecification\",\"valueRequired\":true,\"valueName\":\"search_term_string\"}}],\"inLanguage\":\"it-IT\"},{\"@type\":\"Organization\",\"@id\":\"https:\\\/\\\/www.rassegnastampa-totustuus.it\\\/cattolica\\\/#organization\",\"name\":\"Rassegna Stampa Cattolica\",\"url\":\"https:\\\/\\\/www.rassegnastampa-totustuus.it\\\/cattolica\\\/\",\"logo\":{\"@type\":\"ImageObject\",\"inLanguage\":\"it-IT\",\"@id\":\"https:\\\/\\\/www.rassegnastampa-totustuus.it\\\/cattolica\\\/#\\\/schema\\\/logo\\\/image\\\/\",\"url\":\"https:\\\/\\\/www.rassegnastampa-totustuus.it\\\/cattolica\\\/wp-content\\\/uploads\\\/2014\\\/04\\\/logo-rassegna1.gif\",\"contentUrl\":\"https:\\\/\\\/www.rassegnastampa-totustuus.it\\\/cattolica\\\/wp-content\\\/uploads\\\/2014\\\/04\\\/logo-rassegna1.gif\",\"width\":600,\"height\":163,\"caption\":\"Rassegna Stampa Cattolica\"},\"image\":{\"@id\":\"https:\\\/\\\/www.rassegnastampa-totustuus.it\\\/cattolica\\\/#\\\/schema\\\/logo\\\/image\\\/\"},\"sameAs\":[\"https:\\\/\\\/www.facebook.com\\\/rassegnastampacattolica\",\"https:\\\/\\\/x.com\\\/rassegnastampa9\"]},{\"@type\":\"Person\",\"@id\":\"https:\\\/\\\/www.rassegnastampa-totustuus.it\\\/cattolica\\\/#\\\/schema\\\/person\\\/08f319d2bd1a0904ad9e2bfb7b15e5c3\",\"name\":\"Redazione\",\"image\":{\"@type\":\"ImageObject\",\"inLanguage\":\"it-IT\",\"@id\":\"https:\\\/\\\/secure.gravatar.com\\\/avatar\\\/2fcdf27c78ea025fbdb44e914cc63c72249ffec9dc8aafd5c82b26240ef3f346?s=96&d=mm&r=g\",\"url\":\"https:\\\/\\\/secure.gravatar.com\\\/avatar\\\/2fcdf27c78ea025fbdb44e914cc63c72249ffec9dc8aafd5c82b26240ef3f346?s=96&d=mm&r=g\",\"contentUrl\":\"https:\\\/\\\/secure.gravatar.com\\\/avatar\\\/2fcdf27c78ea025fbdb44e914cc63c72249ffec9dc8aafd5c82b26240ef3f346?s=96&d=mm&r=g\",\"caption\":\"Redazione\"},\"url\":\"https:\\\/\\\/www.rassegnastampa-totustuus.it\\\/cattolica\\\/author\\\/pietroelle\\\/\"}]}<\/script>\n<!-- \/ Yoast SEO plugin. -->","yoast_head_json":{"title":"La Chiesa africana fa i conti con sacrifici umani e vampiri - Rassegna Stampa Cattolica","description":"Rassegna Stampa Cattolica - Per una cultura che nasce dalla Rivelazione cristiana in conformit\u00e0 alla tradizione e al Magistero della Chiesa in opposizione ad ogni relativismo e totalitarismo","robots":{"index":"index","follow":"follow","max-snippet":"max-snippet:-1","max-image-preview":"max-image-preview:large","max-video-preview":"max-video-preview:-1"},"canonical":"https:\/\/www.rassegnastampa-totustuus.it\/cattolica\/la-chiesa-africana-fa-i-conti-con-sacrifici-umani-e-vampiri\/","og_locale":"it_IT","og_type":"article","og_title":"La Chiesa africana fa i conti con sacrifici umani e vampiri - Rassegna Stampa Cattolica","og_description":"Rassegna Stampa Cattolica - Per una cultura che nasce dalla Rivelazione cristiana in conformit\u00e0 alla tradizione e al Magistero della Chiesa in opposizione ad ogni relativismo e totalitarismo","og_url":"https:\/\/www.rassegnastampa-totustuus.it\/cattolica\/la-chiesa-africana-fa-i-conti-con-sacrifici-umani-e-vampiri\/","og_site_name":"Rassegna Stampa Cattolica","article_publisher":"https:\/\/www.facebook.com\/rassegnastampacattolica","article_published_time":"2017-12-06T23:00:59+00:00","og_image":[{"width":277,"height":182,"url":"https:\/\/www.rassegnastampa-totustuus.it\/cattolica\/wp-content\/uploads\/2017\/11\/Africa_sacrifici_umani.jpg","type":"image\/jpeg"}],"author":"Redazione","twitter_card":"summary_large_image","twitter_creator":"@rassegnastampa9","twitter_site":"@rassegnastampa9","twitter_misc":{"Scritto da":"Redazione","Tempo di lettura stimato":"4 minuti"},"schema":{"@context":"https:\/\/schema.org","@graph":[{"@type":"Article","@id":"https:\/\/www.rassegnastampa-totustuus.it\/cattolica\/la-chiesa-africana-fa-i-conti-con-sacrifici-umani-e-vampiri\/#article","isPartOf":{"@id":"https:\/\/www.rassegnastampa-totustuus.it\/cattolica\/la-chiesa-africana-fa-i-conti-con-sacrifici-umani-e-vampiri\/"},"author":{"name":"Redazione","@id":"https:\/\/www.rassegnastampa-totustuus.it\/cattolica\/#\/schema\/person\/08f319d2bd1a0904ad9e2bfb7b15e5c3"},"headline":"La Chiesa africana fa i conti con sacrifici umani e vampiri","datePublished":"2017-12-06T23:00:59+00:00","mainEntityOfPage":{"@id":"https:\/\/www.rassegnastampa-totustuus.it\/cattolica\/la-chiesa-africana-fa-i-conti-con-sacrifici-umani-e-vampiri\/"},"wordCount":862,"publisher":{"@id":"https:\/\/www.rassegnastampa-totustuus.it\/cattolica\/#organization"},"image":{"@id":"https:\/\/www.rassegnastampa-totustuus.it\/cattolica\/la-chiesa-africana-fa-i-conti-con-sacrifici-umani-e-vampiri\/#primaryimage"},"thumbnailUrl":"https:\/\/www.rassegnastampa-totustuus.it\/cattolica\/wp-content\/uploads\/2017\/11\/Africa_sacrifici_umani.jpg","keywords":["sottosviluppo"],"articleSection":["Africa","Paesi e continenti"],"inLanguage":"it-IT"},{"@type":"WebPage","@id":"https:\/\/www.rassegnastampa-totustuus.it\/cattolica\/la-chiesa-africana-fa-i-conti-con-sacrifici-umani-e-vampiri\/","url":"https:\/\/www.rassegnastampa-totustuus.it\/cattolica\/la-chiesa-africana-fa-i-conti-con-sacrifici-umani-e-vampiri\/","name":"La Chiesa africana fa i conti con sacrifici umani e vampiri - Rassegna Stampa Cattolica","isPartOf":{"@id":"https:\/\/www.rassegnastampa-totustuus.it\/cattolica\/#website"},"primaryImageOfPage":{"@id":"https:\/\/www.rassegnastampa-totustuus.it\/cattolica\/la-chiesa-africana-fa-i-conti-con-sacrifici-umani-e-vampiri\/#primaryimage"},"image":{"@id":"https:\/\/www.rassegnastampa-totustuus.it\/cattolica\/la-chiesa-africana-fa-i-conti-con-sacrifici-umani-e-vampiri\/#primaryimage"},"thumbnailUrl":"https:\/\/www.rassegnastampa-totustuus.it\/cattolica\/wp-content\/uploads\/2017\/11\/Africa_sacrifici_umani.jpg","datePublished":"2017-12-06T23:00:59+00:00","description":"Rassegna Stampa Cattolica - Per una cultura che nasce dalla Rivelazione cristiana in conformit\u00e0 alla tradizione e al Magistero della Chiesa in opposizione ad ogni relativismo e totalitarismo","breadcrumb":{"@id":"https:\/\/www.rassegnastampa-totustuus.it\/cattolica\/la-chiesa-africana-fa-i-conti-con-sacrifici-umani-e-vampiri\/#breadcrumb"},"inLanguage":"it-IT","potentialAction":[{"@type":"ReadAction","target":["https:\/\/www.rassegnastampa-totustuus.it\/cattolica\/la-chiesa-africana-fa-i-conti-con-sacrifici-umani-e-vampiri\/"]}]},{"@type":"ImageObject","inLanguage":"it-IT","@id":"https:\/\/www.rassegnastampa-totustuus.it\/cattolica\/la-chiesa-africana-fa-i-conti-con-sacrifici-umani-e-vampiri\/#primaryimage","url":"https:\/\/www.rassegnastampa-totustuus.it\/cattolica\/wp-content\/uploads\/2017\/11\/Africa_sacrifici_umani.jpg","contentUrl":"https:\/\/www.rassegnastampa-totustuus.it\/cattolica\/wp-content\/uploads\/2017\/11\/Africa_sacrifici_umani.jpg","width":277,"height":182},{"@type":"BreadcrumbList","@id":"https:\/\/www.rassegnastampa-totustuus.it\/cattolica\/la-chiesa-africana-fa-i-conti-con-sacrifici-umani-e-vampiri\/#breadcrumb","itemListElement":[{"@type":"ListItem","position":1,"name":"Home","item":"https:\/\/www.rassegnastampa-totustuus.it\/cattolica\/"},{"@type":"ListItem","position":2,"name":"La Chiesa africana fa i conti con sacrifici umani e vampiri"}]},{"@type":"WebSite","@id":"https:\/\/www.rassegnastampa-totustuus.it\/cattolica\/#website","url":"https:\/\/www.rassegnastampa-totustuus.it\/cattolica\/","name":"Rassegna Stampa Cattolica","description":"Per una cultura che nasce dalla Rivelazione cristiana in conformit\u00e0 alla tradizione e al Magistero della Chiesa in opposizione ad ogni relativismo e totalitarismo","publisher":{"@id":"https:\/\/www.rassegnastampa-totustuus.it\/cattolica\/#organization"},"alternateName":"Rass. Cattolica","potentialAction":[{"@type":"SearchAction","target":{"@type":"EntryPoint","urlTemplate":"https:\/\/www.rassegnastampa-totustuus.it\/cattolica\/?s={search_term_string}"},"query-input":{"@type":"PropertyValueSpecification","valueRequired":true,"valueName":"search_term_string"}}],"inLanguage":"it-IT"},{"@type":"Organization","@id":"https:\/\/www.rassegnastampa-totustuus.it\/cattolica\/#organization","name":"Rassegna Stampa Cattolica","url":"https:\/\/www.rassegnastampa-totustuus.it\/cattolica\/","logo":{"@type":"ImageObject","inLanguage":"it-IT","@id":"https:\/\/www.rassegnastampa-totustuus.it\/cattolica\/#\/schema\/logo\/image\/","url":"https:\/\/www.rassegnastampa-totustuus.it\/cattolica\/wp-content\/uploads\/2014\/04\/logo-rassegna1.gif","contentUrl":"https:\/\/www.rassegnastampa-totustuus.it\/cattolica\/wp-content\/uploads\/2014\/04\/logo-rassegna1.gif","width":600,"height":163,"caption":"Rassegna Stampa Cattolica"},"image":{"@id":"https:\/\/www.rassegnastampa-totustuus.it\/cattolica\/#\/schema\/logo\/image\/"},"sameAs":["https:\/\/www.facebook.com\/rassegnastampacattolica","https:\/\/x.com\/rassegnastampa9"]},{"@type":"Person","@id":"https:\/\/www.rassegnastampa-totustuus.it\/cattolica\/#\/schema\/person\/08f319d2bd1a0904ad9e2bfb7b15e5c3","name":"Redazione","image":{"@type":"ImageObject","inLanguage":"it-IT","@id":"https:\/\/secure.gravatar.com\/avatar\/2fcdf27c78ea025fbdb44e914cc63c72249ffec9dc8aafd5c82b26240ef3f346?s=96&d=mm&r=g","url":"https:\/\/secure.gravatar.com\/avatar\/2fcdf27c78ea025fbdb44e914cc63c72249ffec9dc8aafd5c82b26240ef3f346?s=96&d=mm&r=g","contentUrl":"https:\/\/secure.gravatar.com\/avatar\/2fcdf27c78ea025fbdb44e914cc63c72249ffec9dc8aafd5c82b26240ef3f346?s=96&d=mm&r=g","caption":"Redazione"},"url":"https:\/\/www.rassegnastampa-totustuus.it\/cattolica\/author\/pietroelle\/"}]}},"_links":{"self":[{"href":"https:\/\/www.rassegnastampa-totustuus.it\/cattolica\/wp-json\/wp\/v2\/posts\/39045","targetHints":{"allow":["GET"]}}],"collection":[{"href":"https:\/\/www.rassegnastampa-totustuus.it\/cattolica\/wp-json\/wp\/v2\/posts"}],"about":[{"href":"https:\/\/www.rassegnastampa-totustuus.it\/cattolica\/wp-json\/wp\/v2\/types\/post"}],"author":[{"embeddable":true,"href":"https:\/\/www.rassegnastampa-totustuus.it\/cattolica\/wp-json\/wp\/v2\/users\/6"}],"replies":[{"embeddable":true,"href":"https:\/\/www.rassegnastampa-totustuus.it\/cattolica\/wp-json\/wp\/v2\/comments?post=39045"}],"version-history":[{"count":1,"href":"https:\/\/www.rassegnastampa-totustuus.it\/cattolica\/wp-json\/wp\/v2\/posts\/39045\/revisions"}],"predecessor-version":[{"id":39048,"href":"https:\/\/www.rassegnastampa-totustuus.it\/cattolica\/wp-json\/wp\/v2\/posts\/39045\/revisions\/39048"}],"wp:featuredmedia":[{"embeddable":true,"href":"https:\/\/www.rassegnastampa-totustuus.it\/cattolica\/wp-json\/wp\/v2\/media\/39046"}],"wp:attachment":[{"href":"https:\/\/www.rassegnastampa-totustuus.it\/cattolica\/wp-json\/wp\/v2\/media?parent=39045"}],"wp:term":[{"taxonomy":"category","embeddable":true,"href":"https:\/\/www.rassegnastampa-totustuus.it\/cattolica\/wp-json\/wp\/v2\/categories?post=39045"},{"taxonomy":"post_tag","embeddable":true,"href":"https:\/\/www.rassegnastampa-totustuus.it\/cattolica\/wp-json\/wp\/v2\/tags?post=39045"}],"curies":[{"name":"wp","href":"https:\/\/api.w.org\/{rel}","templated":true}]}}