{"id":38847,"date":"2017-11-16T00:00:58","date_gmt":"2017-11-15T23:00:58","guid":{"rendered":"http:\/\/www.rassegnastampa-totustuus.it\/cattolica\/?p=38847"},"modified":"2017-11-16T08:35:28","modified_gmt":"2017-11-16T07:35:28","slug":"il-vaticano-non-deve-lasciarsi-ingannare-dai-comunisti-cinesi","status":"publish","type":"post","link":"https:\/\/www.rassegnastampa-totustuus.it\/cattolica\/il-vaticano-non-deve-lasciarsi-ingannare-dai-comunisti-cinesi\/","title":{"rendered":"Il Vaticano non deve lasciarsi ingannare dai comunisti cinesi."},"content":{"rendered":"<div id=\"attachment_38848\" style=\"width: 250px\" class=\"wp-caption alignleft\"><img loading=\"lazy\" decoding=\"async\" aria-describedby=\"caption-attachment-38848\" class=\"wp-image-38848\" src=\"https:\/\/www.rassegnastampa-totustuus.it\/cattolica\/wp-content\/uploads\/2017\/11\/Joseph-Zen-Ze-kiun.jpg\" alt=\"\" width=\"250\" height=\"156\" \/><p id=\"caption-attachment-38848\" class=\"wp-caption-text\">Joseph Zen Ze-kiun<\/p><\/div>\n<p style=\"text-align: center;\"><strong>Newsletter<\/strong> dell\u2019Associazione Tradizione Famiglia Propriet\u00e0 \u2014 Novembre 2017\u00a0 &#8211; 1<\/p>\n<p style=\"text-align: justify;\"><em>Intervista al cardinale Joseph Zen Ze-kiun, vescovo emerito di Hong Kong<\/em><\/p>\n<p style=\"text-align: justify;\">Il cardinale Joseph Zen Ze-kiun, vescovo emerito di Hong Kong, \u00e8 convinto che se Papa Francesco conoscesse meglio il regime comunista cinese e le persecuzioni che muove contro i cattolici, non favorirebbe i negoziati con Pechino. Il cardinale Zen \u00e8 stato intervistato da Krystian Kratiuk.<\/p>\n<p>&nbsp;<\/p>\n<p><!--more--><\/p>\n<p><strong>Perch\u00e9 il Vaticano vuole firmare l\u2019accordo col governo comunista della Cina?<\/strong><\/p>\n<p style=\"text-align: justify;\">\u00c8 ovvio che il Santo Padre non abbia molta conoscenza diretta dei comunisti cinesi. In America Latina, i perseguitati ed esclusi sono i comunisti. Capisco, quindi, che egli possa avere una simpatia naturale per i comunisti. Ma non conosce i comunisti quando sono al potere. Molte persone in Vaticano conoscono teoricamente il comunismo, ma non so quante ne abbiano un\u2019esperienza diretta, personale. Sono dunque preoccupato che possano essere raggirati dai comunisti cinesi. I comunisti cinesi sono intelligenti, sono maestri nell\u2019uso delle mezze parole.<\/p>\n<p style=\"text-align: justify;\"><strong>Che cos\u2019\u00e8 in realt\u00e0 il comunismo? <\/strong><\/p>\n<p style=\"text-align: justify;\">Il comunismo \u00e8 un regime totalitario. Soltanto chi ha avuto un\u2019esperienza personale pu\u00f2 capire cosa significhi vivere in un regime totalitario, sia esso nazista o comunista. Papa Giovanni Paolo II lo sapeva. Pure Papa Benedetto. Credo che gli italiani non conoscano veramente il totalitarismo, perch\u00e9 Mussolini non fu un totalitario molto duro. Il governo totalitario vuole tutto. Vuole controllare tutto. Non accetta compromessi. Vuole la resa di qualsiasi opposizione. Vuole fare tutti schiavi. \u00c8 terribile! Quante persone in Vaticano hanno questa percezione dei comunisti cinesi? Ecco dunque che vanno a negoziare. Quando si negozia, tutti sono gentili e usano belle parole. La realt\u00e0, per\u00f2, \u00e8 molto diversa.<\/p>\n<p style=\"text-align: justify;\"><strong>Nel caso in cui sia firmato un accordo, come incider\u00e0 questo sulla libert\u00e0 della Chiesa?<\/strong><\/p>\n<p style=\"text-align: justify;\"><img loading=\"lazy\" decoding=\"async\" class=\"alignright wp-image-31016\" src=\"https:\/\/www.rassegnastampa-totustuus.it\/cattolica\/wp-content\/uploads\/2005\/07\/Diaconi_Cina.jpg\" alt=\"\" width=\"250\" height=\"187\" \/>Nella Lettera ai cattolici cinesi, Papa Benedetto spieg\u00f2 molto bene la dottrina cattolica sulla Chiesa. Certamente Papa Francesco e altre persone in Vaticano concordano con tale posizione. Quando si negozia, per\u00f2, bisogna anche conoscere come la pensa l\u2019altra parte. Scrivendo sugli accordi fra l\u2019Ungheria comunista e il Vaticano, negli anni \u201850, un autore hegeliano scrisse: \u201cA volte, formalmente, sulla carta, si rispetta l\u2019autorit\u00e0 del Papa. Nella pratica, per\u00f2, si concede un potere eccessivo al governo\u201d. Noi, cinesi, non conosciamo il testo integrale degli accordi. Certe informazioni le conosciamo appena per \u201csentito dire\u201d, un pezzo di qua un altro di l\u00e0.<\/p>\n<p style=\"text-align: justify;\">Ci\u00f2 che possiamo dire \u00e8 che si tratta di un accordo simile a quello commentato dall\u2019autore sopra citato. In superficie sembrerebbe che l\u2019autorit\u00e0 del Papa sia rispettata, poich\u00e9 dicono \u201cIl Papa ha l\u2019ultima parola\u201d. In realt\u00e0 questo non succeder\u00e0. Il governo avr\u00e0 sempre in mano il potere di decisione finale. Ecco che, sulla carta, loro accettano l\u2019elezione di nuovi vescovi, che chiamano \u201celezione democratica\u201d, accettano che la Conferenza Episcopale scelga i candidati e li proponga al Papa, che avrebbe dunque l\u2019ultima parola. In realt\u00e0 n\u00e9 l\u2019elezione sar\u00e0 libera n\u00e9 la Conferenza Episcopale avr\u00e0 libert\u00e0 di proporre candidati. Nella Cina comunista nessuna elezione \u00e8 autentica, nemmeno la pi\u00f9 solenne, quella per i deputati del Congresso del Popolo. \u00c8 tutto pianificato a priori.<\/p>\n<p style=\"text-align: justify;\">Vorrei parlare della Conferenza Episcopale. Non posso credere che in Vaticano nessuno sappia che non esista una Conferenza Episcopale Cinese. Esiste sulla carta, di nome, ma non realizza mai incontri, conferenze, discussioni. I vescovi cinesi si riuniscono solo quando sono convocati dal governo comunista. Il governo d\u00e0 loro le istruzioni, e loro ubbidiscono. Papa Benedetto disse che questa Conferenza non \u00e8 legittima. Essa annovera vescovi illegittimi. I vescovi della chiesa clandestina non ne fanno parte. Non pu\u00f2, dunque, essere chiamata Conferenza Episcopale Cinese. La verit\u00e0 \u00e8 che non vi \u00e8 una Conferenza Episcopale in Cina. Che cosa esiste?<\/p>\n<p style=\"text-align: justify;\">I vescovi della Chiesa detta Patriottica, ufficiale, scelti dal governo comunista, entrano a far parte della Conferenza Episcopale. Come funziona? Prima di tutto, non \u00e8 autonoma. Deve lavorare sempre insieme alla cosiddetta Associazione Patriottica. Chi convoca le riunioni? Il governo comunista. Chi le presiede? La persona indicata dal governo comunista. Loro nemmeno si preoccupano di nascondere questo. \u00c8 tutto fatto alla luce del sole.<\/p>\n<p style=\"text-align: justify;\">Possiamo vedere le foto, per esempio, del sig. Wang Zuoan, capo della Segreteria degli Affari religiosi del Partito Comunista, presiedere la riunione della Conferenza Episcopale mentre il presidente della Conferenza, insieme a tutti gli altri vescovi, sono seduti ad ascoltarlo. Tutto \u00e8 stato gi\u00e0 deciso dal governo. Il sig. Zuoan sta semplicemente impartendo gli ordini. Ricordatevi, dunque: quando si parla di Conferenza Episcopale, stiamo parlando in realt\u00e0 del governo comunista. Ogni iniziativa, dalla nomina dei vescovi alle decisioni, proviene dal governo.<\/p>\n<p style=\"text-align: justify;\">Qualcuno dir\u00e0: \u201cIl Papa, per\u00f2, avr\u00e0 l\u2019ultima parola\u201d. Non \u00e8 sufficiente. Ritengo, dunque, che questo sia un accordo inadeguato. Come possiamo lasciare l\u2019iniziativa di scegliere i vescovi a un governo ateo? \u00c8 incredibile! Qualcuno potrebbe obiettare: \u201cMa durante la storia il potere di indicare i vescovi \u00e8 stato dato a re e imperatori\u201d. S\u00ec, ma almeno erano re e imperatori cristiani, non comunisti atei. Costoro vogliono distruggere la Chiesa. Se non ci riescono, vogliono almeno indebolirla.<\/p>\n<p style=\"text-align: justify;\"><strong>I comunisti, per\u00f2, dicono che il rifiuto del dialogo ci allontanerebbe dalla Chiesa.<\/strong><\/p>\n<p style=\"text-align: justify;\"><img loading=\"lazy\" decoding=\"async\" class=\"alignleft wp-image-31005\" src=\"https:\/\/www.rassegnastampa-totustuus.it\/cattolica\/wp-content\/uploads\/2005\/09\/Cina_chiesa.jpg\" alt=\"\" width=\"250\" height=\"168\" \/>Il dialogo \u00e8 necessario, \u00e8 importante, ma va orientato da solidi principi. Non possiamo abbandonare i principi per dialogare. Nel messaggio ai vescovi asiatici, Papa Francesco parl\u00f2 del dialogo. Disse due cose. La prima, nel dialogo dobbiamo essere fedeli alla propria identit\u00e0 e coerenti con essa. Non possiamo negare la propria identit\u00e0 solo per piacere all\u2019interlocutore. Se siamo cattolici, allora siamo cattolici!<\/p>\n<p style=\"text-align: justify;\">La seconda, dobbiamo aprire il cuore per sentire l\u2019altra parte. Quindi, nel dialogo nessuna parte pu\u00f2 tirare una conclusione unilaterale. Se l\u2019altra parte ci propone di diventare schiavi, non possiamo rispondere semplicemente \u201cOK\u201d. L\u2019autorit\u00e0 del Papa \u00e8 data a lui come Papa. Non \u00e8 un attributo personale. In nome del dialogo, un Papa non pu\u00f2 rinunciare alla propria autorit\u00e0. Credo che, in alcuni casi, dobbiamo avere la fermezza di dire: \u201cScusate, ma non possiamo accettare questa conclusione. Quindi, arrivederci. La prossima volta, quando avrete qualcosa di nuovo da dire, forse potremmo riprendere il dialogo\u201d.<\/p>\n<p style=\"text-align: justify;\"><strong>La Cina vuole avvicinarsi al Vaticano per mostrare che \u00e8 un Paese aperto? <\/strong><\/p>\n<p style=\"text-align: justify;\">Nel corso dei negoziati, i comunisti cinesi non hanno mostrato nessuna cordialit\u00e0, n\u00e9 buona volont\u00e0. Non dimostrano nessuna apertura. Vogliono appena dimostrare chi \u00e8 il capo.<\/p>\n<p style=\"text-align: justify;\">Per esempio, i vescovi illegittimi, scomunicati, vogliono essere perdonati dal Vaticano. Ma stanno facendo cose terribili contro la disciplina della Chiesa. Sono illegittimi, scomunicati, e si permettono di ordinare sacerdoti. Incredibile! Loro si riuniscono ogni cinque anni nell\u2019Assemblea dei rappresentanti dei cattolici cinesi, la pi\u00f9 palese manifestazione del carattere scismatico di questa chiesa. Sono pi\u00f9 di trecento rappresentanti, tra cui i vescovi.<\/p>\n<p style=\"text-align: justify;\">\u00c8 da anni che chiediamo al Vaticano di proibire ai vescovi la partecipazione a questa Assemblea. Purtroppo, il Prefetto della Congregazione per l\u2019Evangelizzazione afferma: \u201cPossiamo benissimo capire che voi partecipiate, poich\u00e9 siete costretti\u201d. E si esime dall\u2019esternare un giudizio negativo. Come possiamo negoziare se loro si ostinano a seguire questa linea scismatica? Noi insistiamo perch\u00e9 rientrino sotto l\u2019autorit\u00e0 di Roma. Ed essi si ostinano nel volere una Chiesa \u201cindipendente\u201d. Possiamo chiamare questo \u201cdialogo\u201d?<\/p>\n<p style=\"text-align: justify;\"><strong>\u00c8 vero che i comunisti temono la Madonna di Fatima? <\/strong><\/p>\n<p style=\"text-align: justify;\">\u00c8 vero. \u00c8 molto curioso. In principio accettano la devozione alla Madonna, ma non alla Madonna di Fatima. Perch\u00e9? Dicono che Lei sia anticomunista\u2026 Perch\u00e9 dichiar\u00f2 che il comunismo sarebbe crollato in Russia. Si pu\u00f2 portare in Cina un\u2019immagine della Madonna, ma non quella di Fatima. \u00c8 curioso, perch\u00e9 la Madonna \u00e8 una. Una volta raccontai questo a Papa Benedetto. Egli rispose: \u201cMa non conoscono Maria Ausilio dei Cristiani? Lei \u00e8 ancora pi\u00f9 terribile perch\u00e9 \u00e8 andata in guerra!\u201d. L\u2019invocazione Ausilio dei Cristiani ha origini nella battaglia di Lepanto (1571) e in quella di Vienna (1683). \u00c8 la Madonna guerriera!<\/p>\n<p style=\"text-align: justify;\"><strong>I cattolici cinesi sono ancora perseguitati, arrestati e uccisi per la loro Fede?<\/strong><\/p>\n<p style=\"text-align: justify;\"><img loading=\"lazy\" decoding=\"async\" class=\"alignright wp-image-31001\" src=\"https:\/\/www.rassegnastampa-totustuus.it\/cattolica\/wp-content\/uploads\/2005\/09\/Cina_polizia.jpg\" alt=\"\" width=\"250\" height=\"181\" \/>Ci sono stati dei cambiamenti rispetto all\u2019inizio del regime comunista. Dopo aver preso il potere nel 1949, i comunisti cominciarono a espellere i missionari e a chiudere le scuole cattoliche. Molti sacerdoti finirono in prigione, dove non pochi perirono. Nel 1955 ci fu una grande persecuzione. Vari vescovi finirono in carcere, compreso quello di Shangai, dove morirono. Fu ancora peggiore dopo il 1967, con la Rivoluzione culturale. Perfino molti comunisti furono perseguitati e uccisi dalle Guardie Rosse. Fu un tempo durissimo.<\/p>\n<p style=\"text-align: justify;\">Passata la Rivoluzione culturale, i comunisti cambiarono strategia. Alcuni seminari furono riaperti. Dopo aver aspettato quattro anni la risposta alla mia domanda, io stesso potei insegnare in vari seminari, compreso quello di Shangai. Sono stato professore per sette anni, dal 1990 al 1996. Era una cosa totalmente nuova. Fui trattato con molta gentilezza, per un motivo.<\/p>\n<p style=\"text-align: justify;\">Poco prima, nel 1989, era successa la protesta della Piazza Tienanmen. Mentre molti cinesi fuggirono all\u2019estero, io, al contrario, sono rimasto perch\u00e9 credo nella Cina. Perci\u00f2 mi hanno trattato bene. A quell\u2019epoca io trascorrevo sei mesi a Hong Kong e sei in Cina, insegnando nei seminari della Chiesa ufficiale. Era molto triste vedere come il governo trattava i nostri vescovi. Senza nessun rispetto. Li prendevano letteralmente per il naso. Erano schiavi! Era un\u2019esperienza terribile. Chi non l\u2019ha vissuta non sa com\u2019\u00e8 il governo comunista.<\/p>\n<p style=\"text-align: justify;\">Quindi, qualche cambiamento c\u2019\u00e8 stato. Ci sono meno vescovi e sacerdoti in prigione. Ma ce ne sono ancora. Alcuni muoiono in prigione. I comunisti, per\u00f2, hanno sempre il controllo totale. Da un certo punto di vista la situazione \u00e8 ancora peggiore, perch\u00e9 la Chiesa si \u00e8 indebolita.<\/p>\n<p style=\"text-align: justify;\">Mi rattrista dirlo, ma nell\u2019essenza il governo comunista cinese non \u00e8 cambiato. La Santa Sede sta facendo una politica sbagliata. I vertici del Vaticano vogliono dialogare ad ogni costo. E allora ci chiedono di restare zitti, di fare compromessi, di obbedire al governo. Di conseguenza, le cose vanno sempre pi\u00f9 gi\u00f9.<\/p>\n<p style=\"text-align: justify;\"><strong>I cattolici cinesi si oppongono al dialogo con i comunisti? <\/strong><\/p>\n<p style=\"text-align: justify;\">Alcuni giornalisti vengono in Cina e tornano strombazzando che qui esiste libert\u00e0 di espressione. Non \u00e8 vero. In Cina non esiste libert\u00e0 di parola. Alcuni sacerdoti possono venire a Hong Kong a parlare con me in privato. Possono parlare con le autorit\u00e0 vaticane. Ma non possono esprimersi pubblicamente. Se parlano pubblicamente, sono immediatamente arrestati. Perfino gli avvocati dei diritti umani sono imprigionati dai comunisti quando difendono gli oppressi. In altri casi, la persona \u00e8 costretta a presentarsi in televisione per fare un pubblico mea culpa. Sono umiliati davanti a tutti! Di conseguenza le persone hanno paura di parlare. A volte, lo stesso Vaticano ci chiede di non parlare.<\/p>\n<p style=\"text-align: justify;\"><strong>Sua Eminenza crede che la situazione del laicato cambier\u00e0 dopo la firma degli accordi col Vaticano?<\/strong><\/p>\n<p style=\"text-align: justify;\"><img loading=\"lazy\" decoding=\"async\" class=\"alignleft wp-image-27896\" src=\"https:\/\/www.rassegnastampa-totustuus.it\/cattolica\/wp-content\/uploads\/2006\/01\/Cina-cattolici.jpg\" alt=\"\" width=\"250\" height=\"166\" \/>I rapporti fra laici e clero funzionano in due modi. Spesso, \u00e8 il clero a dirigere il popolo. Ma, a volte, \u00e8 il popolo a dirigere il clero. Nella Chiesa ufficiale vi sono bravi vescovi. Ma non possono fare nulla a livello nazionale, nella Conferenza Episcopale. Nelle loro diocesi, per\u00f2, riescono a fare tante cose. I fedeli apprezzano e li seguono. Altri vescovi non sono buoni, e molti cattolici pi\u00f9 anziani sono scontenti di loro. I cattolici pi\u00f9 giovani, per\u00f2, nulla capiscono di certe cose. Non sanno, per esempio, la differenza fra la Chiesa ufficiale, legata al governo comunista, e la Chiesa sotterranea, fedele a Roma. Semplicemente vanno in chiesa per pregare e cantare.<\/p>\n<p style=\"text-align: justify;\">Prima, i sacerdoti clandestini erano pi\u00f9 severi. Per esempio proibivano, sotto pena di peccato mortale, di frequentare le chiese patriottiche. E i fedeli pi\u00f9 anziani obbedivano. Oggi, per\u00f2, il Papa dice: \u201cNon c\u2019\u00e8 nessun problema. Tu puoi frequentare qualsiasi chiesa perch\u00e9 i fedeli hanno il diritto di ricevere i Sacramenti\u201d. Siccome nelle catacombe c\u2019\u00e8 sempre un rischio, allora un crescente numero di fedeli sta andando nelle chiese patriottiche, anche se poi tornano.<\/p>\n<p style=\"text-align: justify;\">Nella Chiesa ufficiale, molto spesso i fedeli agiscono meglio dei sacerdoti, e anche meglio dei vescovi. I vescovi sono pi\u00f9 sottomessi dei laici alle pressioni del governo. In questo caso, sono i fedeli ad avere una buona influenza sui vescovi, richiamandoli a una maggiore fedelt\u00e0 alla Chiesa.<\/p>\n<p style=\"text-align: justify;\">D\u2019altronde, a causa della Lettera del Papa, vi sono sacerdoti clandestini che vorrebbero regolarizzare la propria situazione unendosi alla Chiesa ufficiale. La situazione \u00e8 molto complicata. Oggi c\u2019\u00e8 pi\u00f9 confusione, pi\u00f9 divisione.<\/p>\n<p style=\"text-align: justify;\"><strong>C\u2019\u00e8 speranza per i cattolici cinesi di riacquistare la libert\u00e0? <\/strong><\/p>\n<p style=\"text-align: justify;\">Veda ci\u00f2 che \u00e8 successo nell\u2019Europa centrale. All\u2019epoca del dominio comunista, nessuno poteva pensare a un crollo repentino del regime, pacificamente. Quando le persone mi chiedono: \u201cLei ha speranza?\u201d, io rispondo: \u201cForse dovremo aspettare cinquanta anni, forse cinque settimane. Ma, perch\u00e9 non sperare?\u201d. Siamo nelle mani di Dio. Occorre pregare per la conversione.<\/p>\n<p>______________________<\/p>\n<p style=\"text-align: justify;\">[<strong>N.d.r.<\/strong> <em>Il dialogo fra il Vaticano e la Cina comunista, per tentare di risolvere il problema dei rapporti con la \u201cChiesa Patriottica\u201d, si \u00e8 accelerato in questi ultimi mesi. A luglio, la <\/em><em>\u201cCivilt\u00e0 Cattolica\u201d<\/em><em> ha pubblicato un lungo testo di Papa Francesco, che conterrebbe le basi per un accordo.<\/em><\/p>\n<p style=\"text-align: justify;\"><em>La \u201cChiesa Patriottica\u201d, ossia l\u2019Associazione Patriottica Cattolica Cinese, \u00e8 stata creata dal Governo di Mao Tse Tung nel 1957 con lo scopo di controllare le attivit\u00e0 dei cattolici in Cina. Si tratta di una Chiesa ufficiale, sottomessa allo Stato. I cattolici \u2013 clero e laici \u2013 che hanno preferito rimanere fedeli a Roma, hanno formato, invece, una \u201cChiesa clandestina\u201d. Perseguitati, molti di loro sono morti martiri. Ancor oggi, molti cattolici, compresi vescovi, languiscono nelle prigioni cinesi.<\/em><\/p>\n<p style=\"text-align: justify;\"><em>Col tempo, la linea divisoria fra le due Chiese si \u00e8 un po\u2019 assottigliata e confusa. Resta, comunque, il fatto che tutte le attivit\u00e0 religiose in Cina sono controllate direttamente dal Partito Comunista<\/em>].<\/p>\n","protected":false},"excerpt":{"rendered":"<p>Newsletter dell\u2019Associazione Tradizione Famiglia Propriet\u00e0 \u2014 Novembre 2017\u00a0 &#8211; 1 Intervista al cardinale Joseph Zen Ze-kiun, vescovo emerito di Hong Kong Il cardinale Joseph Zen Ze-kiun, vescovo emerito di Hong Kong, \u00e8 convinto che se Papa Francesco conoscesse meglio il regime comunista cinese e le persecuzioni che muove contro i cattolici, non favorirebbe i negoziati &hellip; <\/p>\n<p><a class=\"more-link btn\" href=\"https:\/\/www.rassegnastampa-totustuus.it\/cattolica\/il-vaticano-non-deve-lasciarsi-ingannare-dai-comunisti-cinesi\/\">Continua a leggere<\/a><\/p>\n","protected":false},"author":6,"featured_media":38848,"comment_status":"closed","ping_status":"closed","sticky":false,"template":"","format":"standard","meta":{"footnotes":""},"categories":[5,56,44],"tags":[2645,139],"class_list":["post-38847","post","type-post","status-publish","format-standard","has-post-thumbnail","hentry","category-chiesa","category-cina","category-cristiani-perseguitati","tag-chiesa-patriottica","tag-comunismo","item-wrap"],"yoast_head":"<!-- This site is optimized with the Yoast SEO plugin v27.5 - https:\/\/yoast.com\/product\/yoast-seo-wordpress\/ -->\n<title>Il Vaticano non deve lasciarsi ingannare dai comunisti cinesi. - Rassegna Stampa Cattolica<\/title>\n<meta name=\"description\" content=\"Rassegna Stampa Cattolica - Per una cultura che nasce dalla Rivelazione cristiana in conformit\u00e0 alla tradizione e al Magistero della Chiesa in opposizione ad ogni relativismo e totalitarismo\" \/>\n<meta name=\"robots\" content=\"index, follow, max-snippet:-1, max-image-preview:large, max-video-preview:-1\" \/>\n<link rel=\"canonical\" href=\"https:\/\/www.rassegnastampa-totustuus.it\/cattolica\/il-vaticano-non-deve-lasciarsi-ingannare-dai-comunisti-cinesi\/\" \/>\n<meta property=\"og:locale\" content=\"it_IT\" \/>\n<meta property=\"og:type\" content=\"article\" \/>\n<meta property=\"og:title\" content=\"Il Vaticano non deve lasciarsi ingannare dai comunisti cinesi. - Rassegna Stampa Cattolica\" \/>\n<meta property=\"og:description\" content=\"Rassegna Stampa Cattolica - Per una cultura che nasce dalla Rivelazione cristiana in conformit\u00e0 alla tradizione e al Magistero della Chiesa in opposizione ad ogni relativismo e totalitarismo\" \/>\n<meta property=\"og:url\" content=\"https:\/\/www.rassegnastampa-totustuus.it\/cattolica\/il-vaticano-non-deve-lasciarsi-ingannare-dai-comunisti-cinesi\/\" \/>\n<meta property=\"og:site_name\" content=\"Rassegna Stampa Cattolica\" \/>\n<meta property=\"article:publisher\" content=\"https:\/\/www.facebook.com\/rassegnastampacattolica\" \/>\n<meta property=\"article:published_time\" content=\"2017-11-15T23:00:58+00:00\" \/>\n<meta property=\"article:modified_time\" content=\"2017-11-16T07:35:28+00:00\" \/>\n<meta property=\"og:image\" content=\"https:\/\/www.rassegnastampa-totustuus.it\/cattolica\/wp-content\/uploads\/2017\/11\/Joseph-Zen-Ze-kiun.jpg\" \/>\n\t<meta property=\"og:image:width\" content=\"284\" \/>\n\t<meta property=\"og:image:height\" content=\"177\" \/>\n\t<meta property=\"og:image:type\" content=\"image\/jpeg\" \/>\n<meta name=\"author\" content=\"Redazione\" \/>\n<meta name=\"twitter:card\" content=\"summary_large_image\" \/>\n<meta name=\"twitter:creator\" content=\"@rassegnastampa9\" \/>\n<meta name=\"twitter:site\" content=\"@rassegnastampa9\" \/>\n<meta name=\"twitter:label1\" content=\"Scritto da\" \/>\n\t<meta name=\"twitter:data1\" content=\"Redazione\" \/>\n\t<meta name=\"twitter:label2\" content=\"Tempo di lettura stimato\" \/>\n\t<meta name=\"twitter:data2\" content=\"11 minuti\" \/>\n<script type=\"application\/ld+json\" class=\"yoast-schema-graph\">{\"@context\":\"https:\\\/\\\/schema.org\",\"@graph\":[{\"@type\":\"Article\",\"@id\":\"https:\\\/\\\/www.rassegnastampa-totustuus.it\\\/cattolica\\\/il-vaticano-non-deve-lasciarsi-ingannare-dai-comunisti-cinesi\\\/#article\",\"isPartOf\":{\"@id\":\"https:\\\/\\\/www.rassegnastampa-totustuus.it\\\/cattolica\\\/il-vaticano-non-deve-lasciarsi-ingannare-dai-comunisti-cinesi\\\/\"},\"author\":{\"name\":\"Redazione\",\"@id\":\"https:\\\/\\\/www.rassegnastampa-totustuus.it\\\/cattolica\\\/#\\\/schema\\\/person\\\/08f319d2bd1a0904ad9e2bfb7b15e5c3\"},\"headline\":\"Il Vaticano non deve lasciarsi ingannare dai comunisti cinesi.\",\"datePublished\":\"2017-11-15T23:00:58+00:00\",\"dateModified\":\"2017-11-16T07:35:28+00:00\",\"mainEntityOfPage\":{\"@id\":\"https:\\\/\\\/www.rassegnastampa-totustuus.it\\\/cattolica\\\/il-vaticano-non-deve-lasciarsi-ingannare-dai-comunisti-cinesi\\\/\"},\"wordCount\":2231,\"publisher\":{\"@id\":\"https:\\\/\\\/www.rassegnastampa-totustuus.it\\\/cattolica\\\/#organization\"},\"image\":{\"@id\":\"https:\\\/\\\/www.rassegnastampa-totustuus.it\\\/cattolica\\\/il-vaticano-non-deve-lasciarsi-ingannare-dai-comunisti-cinesi\\\/#primaryimage\"},\"thumbnailUrl\":\"https:\\\/\\\/www.rassegnastampa-totustuus.it\\\/cattolica\\\/wp-content\\\/uploads\\\/2017\\\/11\\\/Joseph-Zen-Ze-kiun.jpg\",\"keywords\":[\"chiesa patriottica\",\"comunismo\"],\"articleSection\":[\"Chiesa\",\"Cina\",\"Cristiani perseguitati\"],\"inLanguage\":\"it-IT\"},{\"@type\":\"WebPage\",\"@id\":\"https:\\\/\\\/www.rassegnastampa-totustuus.it\\\/cattolica\\\/il-vaticano-non-deve-lasciarsi-ingannare-dai-comunisti-cinesi\\\/\",\"url\":\"https:\\\/\\\/www.rassegnastampa-totustuus.it\\\/cattolica\\\/il-vaticano-non-deve-lasciarsi-ingannare-dai-comunisti-cinesi\\\/\",\"name\":\"Il Vaticano non deve lasciarsi ingannare dai comunisti cinesi. - Rassegna Stampa Cattolica\",\"isPartOf\":{\"@id\":\"https:\\\/\\\/www.rassegnastampa-totustuus.it\\\/cattolica\\\/#website\"},\"primaryImageOfPage\":{\"@id\":\"https:\\\/\\\/www.rassegnastampa-totustuus.it\\\/cattolica\\\/il-vaticano-non-deve-lasciarsi-ingannare-dai-comunisti-cinesi\\\/#primaryimage\"},\"image\":{\"@id\":\"https:\\\/\\\/www.rassegnastampa-totustuus.it\\\/cattolica\\\/il-vaticano-non-deve-lasciarsi-ingannare-dai-comunisti-cinesi\\\/#primaryimage\"},\"thumbnailUrl\":\"https:\\\/\\\/www.rassegnastampa-totustuus.it\\\/cattolica\\\/wp-content\\\/uploads\\\/2017\\\/11\\\/Joseph-Zen-Ze-kiun.jpg\",\"datePublished\":\"2017-11-15T23:00:58+00:00\",\"dateModified\":\"2017-11-16T07:35:28+00:00\",\"description\":\"Rassegna Stampa Cattolica - Per una cultura che nasce dalla Rivelazione cristiana in conformit\u00e0 alla tradizione e al Magistero della Chiesa in opposizione ad ogni relativismo e totalitarismo\",\"breadcrumb\":{\"@id\":\"https:\\\/\\\/www.rassegnastampa-totustuus.it\\\/cattolica\\\/il-vaticano-non-deve-lasciarsi-ingannare-dai-comunisti-cinesi\\\/#breadcrumb\"},\"inLanguage\":\"it-IT\",\"potentialAction\":[{\"@type\":\"ReadAction\",\"target\":[\"https:\\\/\\\/www.rassegnastampa-totustuus.it\\\/cattolica\\\/il-vaticano-non-deve-lasciarsi-ingannare-dai-comunisti-cinesi\\\/\"]}]},{\"@type\":\"ImageObject\",\"inLanguage\":\"it-IT\",\"@id\":\"https:\\\/\\\/www.rassegnastampa-totustuus.it\\\/cattolica\\\/il-vaticano-non-deve-lasciarsi-ingannare-dai-comunisti-cinesi\\\/#primaryimage\",\"url\":\"https:\\\/\\\/www.rassegnastampa-totustuus.it\\\/cattolica\\\/wp-content\\\/uploads\\\/2017\\\/11\\\/Joseph-Zen-Ze-kiun.jpg\",\"contentUrl\":\"https:\\\/\\\/www.rassegnastampa-totustuus.it\\\/cattolica\\\/wp-content\\\/uploads\\\/2017\\\/11\\\/Joseph-Zen-Ze-kiun.jpg\",\"width\":284,\"height\":177},{\"@type\":\"BreadcrumbList\",\"@id\":\"https:\\\/\\\/www.rassegnastampa-totustuus.it\\\/cattolica\\\/il-vaticano-non-deve-lasciarsi-ingannare-dai-comunisti-cinesi\\\/#breadcrumb\",\"itemListElement\":[{\"@type\":\"ListItem\",\"position\":1,\"name\":\"Home\",\"item\":\"https:\\\/\\\/www.rassegnastampa-totustuus.it\\\/cattolica\\\/\"},{\"@type\":\"ListItem\",\"position\":2,\"name\":\"Il Vaticano non deve lasciarsi ingannare dai comunisti cinesi.\"}]},{\"@type\":\"WebSite\",\"@id\":\"https:\\\/\\\/www.rassegnastampa-totustuus.it\\\/cattolica\\\/#website\",\"url\":\"https:\\\/\\\/www.rassegnastampa-totustuus.it\\\/cattolica\\\/\",\"name\":\"Rassegna Stampa Cattolica\",\"description\":\"Per una cultura che nasce dalla Rivelazione cristiana in conformit\u00e0 alla tradizione e al Magistero della Chiesa in opposizione ad ogni relativismo e totalitarismo\",\"publisher\":{\"@id\":\"https:\\\/\\\/www.rassegnastampa-totustuus.it\\\/cattolica\\\/#organization\"},\"alternateName\":\"Rass. Cattolica\",\"potentialAction\":[{\"@type\":\"SearchAction\",\"target\":{\"@type\":\"EntryPoint\",\"urlTemplate\":\"https:\\\/\\\/www.rassegnastampa-totustuus.it\\\/cattolica\\\/?s={search_term_string}\"},\"query-input\":{\"@type\":\"PropertyValueSpecification\",\"valueRequired\":true,\"valueName\":\"search_term_string\"}}],\"inLanguage\":\"it-IT\"},{\"@type\":\"Organization\",\"@id\":\"https:\\\/\\\/www.rassegnastampa-totustuus.it\\\/cattolica\\\/#organization\",\"name\":\"Rassegna Stampa Cattolica\",\"url\":\"https:\\\/\\\/www.rassegnastampa-totustuus.it\\\/cattolica\\\/\",\"logo\":{\"@type\":\"ImageObject\",\"inLanguage\":\"it-IT\",\"@id\":\"https:\\\/\\\/www.rassegnastampa-totustuus.it\\\/cattolica\\\/#\\\/schema\\\/logo\\\/image\\\/\",\"url\":\"https:\\\/\\\/www.rassegnastampa-totustuus.it\\\/cattolica\\\/wp-content\\\/uploads\\\/2014\\\/04\\\/logo-rassegna1.gif\",\"contentUrl\":\"https:\\\/\\\/www.rassegnastampa-totustuus.it\\\/cattolica\\\/wp-content\\\/uploads\\\/2014\\\/04\\\/logo-rassegna1.gif\",\"width\":600,\"height\":163,\"caption\":\"Rassegna Stampa Cattolica\"},\"image\":{\"@id\":\"https:\\\/\\\/www.rassegnastampa-totustuus.it\\\/cattolica\\\/#\\\/schema\\\/logo\\\/image\\\/\"},\"sameAs\":[\"https:\\\/\\\/www.facebook.com\\\/rassegnastampacattolica\",\"https:\\\/\\\/x.com\\\/rassegnastampa9\"]},{\"@type\":\"Person\",\"@id\":\"https:\\\/\\\/www.rassegnastampa-totustuus.it\\\/cattolica\\\/#\\\/schema\\\/person\\\/08f319d2bd1a0904ad9e2bfb7b15e5c3\",\"name\":\"Redazione\",\"image\":{\"@type\":\"ImageObject\",\"inLanguage\":\"it-IT\",\"@id\":\"https:\\\/\\\/secure.gravatar.com\\\/avatar\\\/2fcdf27c78ea025fbdb44e914cc63c72249ffec9dc8aafd5c82b26240ef3f346?s=96&d=mm&r=g\",\"url\":\"https:\\\/\\\/secure.gravatar.com\\\/avatar\\\/2fcdf27c78ea025fbdb44e914cc63c72249ffec9dc8aafd5c82b26240ef3f346?s=96&d=mm&r=g\",\"contentUrl\":\"https:\\\/\\\/secure.gravatar.com\\\/avatar\\\/2fcdf27c78ea025fbdb44e914cc63c72249ffec9dc8aafd5c82b26240ef3f346?s=96&d=mm&r=g\",\"caption\":\"Redazione\"},\"url\":\"https:\\\/\\\/www.rassegnastampa-totustuus.it\\\/cattolica\\\/author\\\/pietroelle\\\/\"}]}<\/script>\n<!-- \/ Yoast SEO plugin. -->","yoast_head_json":{"title":"Il Vaticano non deve lasciarsi ingannare dai comunisti cinesi. - Rassegna Stampa Cattolica","description":"Rassegna Stampa Cattolica - Per una cultura che nasce dalla Rivelazione cristiana in conformit\u00e0 alla tradizione e al Magistero della Chiesa in opposizione ad ogni relativismo e totalitarismo","robots":{"index":"index","follow":"follow","max-snippet":"max-snippet:-1","max-image-preview":"max-image-preview:large","max-video-preview":"max-video-preview:-1"},"canonical":"https:\/\/www.rassegnastampa-totustuus.it\/cattolica\/il-vaticano-non-deve-lasciarsi-ingannare-dai-comunisti-cinesi\/","og_locale":"it_IT","og_type":"article","og_title":"Il Vaticano non deve lasciarsi ingannare dai comunisti cinesi. - Rassegna Stampa Cattolica","og_description":"Rassegna Stampa Cattolica - Per una cultura che nasce dalla Rivelazione cristiana in conformit\u00e0 alla tradizione e al Magistero della Chiesa in opposizione ad ogni relativismo e totalitarismo","og_url":"https:\/\/www.rassegnastampa-totustuus.it\/cattolica\/il-vaticano-non-deve-lasciarsi-ingannare-dai-comunisti-cinesi\/","og_site_name":"Rassegna Stampa Cattolica","article_publisher":"https:\/\/www.facebook.com\/rassegnastampacattolica","article_published_time":"2017-11-15T23:00:58+00:00","article_modified_time":"2017-11-16T07:35:28+00:00","og_image":[{"width":284,"height":177,"url":"https:\/\/www.rassegnastampa-totustuus.it\/cattolica\/wp-content\/uploads\/2017\/11\/Joseph-Zen-Ze-kiun.jpg","type":"image\/jpeg"}],"author":"Redazione","twitter_card":"summary_large_image","twitter_creator":"@rassegnastampa9","twitter_site":"@rassegnastampa9","twitter_misc":{"Scritto da":"Redazione","Tempo di lettura stimato":"11 minuti"},"schema":{"@context":"https:\/\/schema.org","@graph":[{"@type":"Article","@id":"https:\/\/www.rassegnastampa-totustuus.it\/cattolica\/il-vaticano-non-deve-lasciarsi-ingannare-dai-comunisti-cinesi\/#article","isPartOf":{"@id":"https:\/\/www.rassegnastampa-totustuus.it\/cattolica\/il-vaticano-non-deve-lasciarsi-ingannare-dai-comunisti-cinesi\/"},"author":{"name":"Redazione","@id":"https:\/\/www.rassegnastampa-totustuus.it\/cattolica\/#\/schema\/person\/08f319d2bd1a0904ad9e2bfb7b15e5c3"},"headline":"Il Vaticano non deve lasciarsi ingannare dai comunisti cinesi.","datePublished":"2017-11-15T23:00:58+00:00","dateModified":"2017-11-16T07:35:28+00:00","mainEntityOfPage":{"@id":"https:\/\/www.rassegnastampa-totustuus.it\/cattolica\/il-vaticano-non-deve-lasciarsi-ingannare-dai-comunisti-cinesi\/"},"wordCount":2231,"publisher":{"@id":"https:\/\/www.rassegnastampa-totustuus.it\/cattolica\/#organization"},"image":{"@id":"https:\/\/www.rassegnastampa-totustuus.it\/cattolica\/il-vaticano-non-deve-lasciarsi-ingannare-dai-comunisti-cinesi\/#primaryimage"},"thumbnailUrl":"https:\/\/www.rassegnastampa-totustuus.it\/cattolica\/wp-content\/uploads\/2017\/11\/Joseph-Zen-Ze-kiun.jpg","keywords":["chiesa patriottica","comunismo"],"articleSection":["Chiesa","Cina","Cristiani perseguitati"],"inLanguage":"it-IT"},{"@type":"WebPage","@id":"https:\/\/www.rassegnastampa-totustuus.it\/cattolica\/il-vaticano-non-deve-lasciarsi-ingannare-dai-comunisti-cinesi\/","url":"https:\/\/www.rassegnastampa-totustuus.it\/cattolica\/il-vaticano-non-deve-lasciarsi-ingannare-dai-comunisti-cinesi\/","name":"Il Vaticano non deve lasciarsi ingannare dai comunisti cinesi. - Rassegna Stampa Cattolica","isPartOf":{"@id":"https:\/\/www.rassegnastampa-totustuus.it\/cattolica\/#website"},"primaryImageOfPage":{"@id":"https:\/\/www.rassegnastampa-totustuus.it\/cattolica\/il-vaticano-non-deve-lasciarsi-ingannare-dai-comunisti-cinesi\/#primaryimage"},"image":{"@id":"https:\/\/www.rassegnastampa-totustuus.it\/cattolica\/il-vaticano-non-deve-lasciarsi-ingannare-dai-comunisti-cinesi\/#primaryimage"},"thumbnailUrl":"https:\/\/www.rassegnastampa-totustuus.it\/cattolica\/wp-content\/uploads\/2017\/11\/Joseph-Zen-Ze-kiun.jpg","datePublished":"2017-11-15T23:00:58+00:00","dateModified":"2017-11-16T07:35:28+00:00","description":"Rassegna Stampa Cattolica - Per una cultura che nasce dalla Rivelazione cristiana in conformit\u00e0 alla tradizione e al Magistero della Chiesa in opposizione ad ogni relativismo e totalitarismo","breadcrumb":{"@id":"https:\/\/www.rassegnastampa-totustuus.it\/cattolica\/il-vaticano-non-deve-lasciarsi-ingannare-dai-comunisti-cinesi\/#breadcrumb"},"inLanguage":"it-IT","potentialAction":[{"@type":"ReadAction","target":["https:\/\/www.rassegnastampa-totustuus.it\/cattolica\/il-vaticano-non-deve-lasciarsi-ingannare-dai-comunisti-cinesi\/"]}]},{"@type":"ImageObject","inLanguage":"it-IT","@id":"https:\/\/www.rassegnastampa-totustuus.it\/cattolica\/il-vaticano-non-deve-lasciarsi-ingannare-dai-comunisti-cinesi\/#primaryimage","url":"https:\/\/www.rassegnastampa-totustuus.it\/cattolica\/wp-content\/uploads\/2017\/11\/Joseph-Zen-Ze-kiun.jpg","contentUrl":"https:\/\/www.rassegnastampa-totustuus.it\/cattolica\/wp-content\/uploads\/2017\/11\/Joseph-Zen-Ze-kiun.jpg","width":284,"height":177},{"@type":"BreadcrumbList","@id":"https:\/\/www.rassegnastampa-totustuus.it\/cattolica\/il-vaticano-non-deve-lasciarsi-ingannare-dai-comunisti-cinesi\/#breadcrumb","itemListElement":[{"@type":"ListItem","position":1,"name":"Home","item":"https:\/\/www.rassegnastampa-totustuus.it\/cattolica\/"},{"@type":"ListItem","position":2,"name":"Il Vaticano non deve lasciarsi ingannare dai comunisti cinesi."}]},{"@type":"WebSite","@id":"https:\/\/www.rassegnastampa-totustuus.it\/cattolica\/#website","url":"https:\/\/www.rassegnastampa-totustuus.it\/cattolica\/","name":"Rassegna Stampa Cattolica","description":"Per una cultura che nasce dalla Rivelazione cristiana in conformit\u00e0 alla tradizione e al Magistero della Chiesa in opposizione ad ogni relativismo e totalitarismo","publisher":{"@id":"https:\/\/www.rassegnastampa-totustuus.it\/cattolica\/#organization"},"alternateName":"Rass. Cattolica","potentialAction":[{"@type":"SearchAction","target":{"@type":"EntryPoint","urlTemplate":"https:\/\/www.rassegnastampa-totustuus.it\/cattolica\/?s={search_term_string}"},"query-input":{"@type":"PropertyValueSpecification","valueRequired":true,"valueName":"search_term_string"}}],"inLanguage":"it-IT"},{"@type":"Organization","@id":"https:\/\/www.rassegnastampa-totustuus.it\/cattolica\/#organization","name":"Rassegna Stampa Cattolica","url":"https:\/\/www.rassegnastampa-totustuus.it\/cattolica\/","logo":{"@type":"ImageObject","inLanguage":"it-IT","@id":"https:\/\/www.rassegnastampa-totustuus.it\/cattolica\/#\/schema\/logo\/image\/","url":"https:\/\/www.rassegnastampa-totustuus.it\/cattolica\/wp-content\/uploads\/2014\/04\/logo-rassegna1.gif","contentUrl":"https:\/\/www.rassegnastampa-totustuus.it\/cattolica\/wp-content\/uploads\/2014\/04\/logo-rassegna1.gif","width":600,"height":163,"caption":"Rassegna Stampa Cattolica"},"image":{"@id":"https:\/\/www.rassegnastampa-totustuus.it\/cattolica\/#\/schema\/logo\/image\/"},"sameAs":["https:\/\/www.facebook.com\/rassegnastampacattolica","https:\/\/x.com\/rassegnastampa9"]},{"@type":"Person","@id":"https:\/\/www.rassegnastampa-totustuus.it\/cattolica\/#\/schema\/person\/08f319d2bd1a0904ad9e2bfb7b15e5c3","name":"Redazione","image":{"@type":"ImageObject","inLanguage":"it-IT","@id":"https:\/\/secure.gravatar.com\/avatar\/2fcdf27c78ea025fbdb44e914cc63c72249ffec9dc8aafd5c82b26240ef3f346?s=96&d=mm&r=g","url":"https:\/\/secure.gravatar.com\/avatar\/2fcdf27c78ea025fbdb44e914cc63c72249ffec9dc8aafd5c82b26240ef3f346?s=96&d=mm&r=g","contentUrl":"https:\/\/secure.gravatar.com\/avatar\/2fcdf27c78ea025fbdb44e914cc63c72249ffec9dc8aafd5c82b26240ef3f346?s=96&d=mm&r=g","caption":"Redazione"},"url":"https:\/\/www.rassegnastampa-totustuus.it\/cattolica\/author\/pietroelle\/"}]}},"_links":{"self":[{"href":"https:\/\/www.rassegnastampa-totustuus.it\/cattolica\/wp-json\/wp\/v2\/posts\/38847","targetHints":{"allow":["GET"]}}],"collection":[{"href":"https:\/\/www.rassegnastampa-totustuus.it\/cattolica\/wp-json\/wp\/v2\/posts"}],"about":[{"href":"https:\/\/www.rassegnastampa-totustuus.it\/cattolica\/wp-json\/wp\/v2\/types\/post"}],"author":[{"embeddable":true,"href":"https:\/\/www.rassegnastampa-totustuus.it\/cattolica\/wp-json\/wp\/v2\/users\/6"}],"replies":[{"embeddable":true,"href":"https:\/\/www.rassegnastampa-totustuus.it\/cattolica\/wp-json\/wp\/v2\/comments?post=38847"}],"version-history":[{"count":2,"href":"https:\/\/www.rassegnastampa-totustuus.it\/cattolica\/wp-json\/wp\/v2\/posts\/38847\/revisions"}],"predecessor-version":[{"id":38896,"href":"https:\/\/www.rassegnastampa-totustuus.it\/cattolica\/wp-json\/wp\/v2\/posts\/38847\/revisions\/38896"}],"wp:featuredmedia":[{"embeddable":true,"href":"https:\/\/www.rassegnastampa-totustuus.it\/cattolica\/wp-json\/wp\/v2\/media\/38848"}],"wp:attachment":[{"href":"https:\/\/www.rassegnastampa-totustuus.it\/cattolica\/wp-json\/wp\/v2\/media?parent=38847"}],"wp:term":[{"taxonomy":"category","embeddable":true,"href":"https:\/\/www.rassegnastampa-totustuus.it\/cattolica\/wp-json\/wp\/v2\/categories?post=38847"},{"taxonomy":"post_tag","embeddable":true,"href":"https:\/\/www.rassegnastampa-totustuus.it\/cattolica\/wp-json\/wp\/v2\/tags?post=38847"}],"curies":[{"name":"wp","href":"https:\/\/api.w.org\/{rel}","templated":true}]}}