{"id":38797,"date":"2017-11-23T00:00:01","date_gmt":"2017-11-22T23:00:01","guid":{"rendered":"http:\/\/www.rassegnastampa-totustuus.it\/cattolica\/?p=38797"},"modified":"2017-11-13T13:07:30","modified_gmt":"2017-11-13T12:07:30","slug":"san-josemaria-in-america-latina","status":"publish","type":"post","link":"https:\/\/www.rassegnastampa-totustuus.it\/cattolica\/san-josemaria-in-america-latina\/","title":{"rendered":"San Josemar\u00eda in America Latina"},"content":{"rendered":"<p style=\"text-align: center;\"><strong><img loading=\"lazy\" decoding=\"async\" class=\"alignright wp-image-38798\" src=\"https:\/\/www.rassegnastampa-totustuus.it\/cattolica\/wp-content\/uploads\/2017\/11\/Escriv\u00e0.jpg\" alt=\"\" width=\"250\" height=\"148\" \/>La Croce<\/strong> quotidiana 8 novembre 2017<\/p>\n<p style=\"text-align: justify;\"><em>I \u201cviaggi di catechesi\u201d del fondatore dell\u2019Opus Dei nel periodo pi\u00f9 delicato della crisi postconciliare (1974-75). Un saggio storico pubblicato sull\u2019ultimo numero della rivista \u201cStudia et documenta\u201d riporta gli incontri di popolo e quelli avuti da mons. Escriv\u00e1 con le maggiori personalit\u00e0 della Chiesa latino-americana del tempo. Quello che resta \u00e8 l\u2019esempio di un pastore che, in pessime condizioni di salute e a 74 anni suonati, \u00abcomp\u00ec uno sforzo veramente grande per non abbandonare l\u2019impresa\u00bb<\/em><\/p>\n<p style=\"text-align: center;\">di <strong>Giuseppe Brienza<\/strong><\/p>\n<p><!--more--><\/p>\n<p style=\"text-align: justify;\">\u201c<em>I viaggi di catechesi in America Latina di Josemar\u00eda Escriv\u00e1. Uno sguardo d\u2019insieme (1974-1975)<\/em>\u201d \u00e8 il titolo del saggio appena pubblicato da Don Carlo Pioppi sull\u2019ultimo numero di \u201cStudia et Documenta. Rivista dell\u2019Istituto Storico San Josemar\u00eda\u201d (volume n. 11, Roma 2017, pp. 504). Nell\u2019articolo si ricostruiscono in sintesi (cfr. pp. 49-64) ma con scrupolo documentario e cronologico le varie fasi dell\u2019importante viaggio compiuto dal fondatore dell\u2019Opus Dei in 7 Paesi dell\u2019America Latina, nel periodo probabilmente di maggiore crisi del post-Concilio Vaticano II.<\/p>\n<p style=\"text-align: justify;\">Innanzitutto l\u2019Autore d\u00e0 conto dei numerosi incontri avuti da Escriv\u00e1 con vescovi del continente latinoamericano che, come sappiamo, era gi\u00e0 allora proiettato ad assumere un ruolo sempre pi\u00f9 importante nelle dinamiche della Chiesa universale, tanto dal punto di vista gerarchico quanto pastorale. Si va dalla visita e dagli intensi e colloqui con il card. Mario Casariego, arcivescovo di Guatemala, a quelli con il card. Paulo Evaristo Arns, arcivescovo di San Paolo del Brasile, alle frequenti permanenze a Buenos Aires come ospite del card. Antonio Caggiano, per finire con i confronti con gli allora arcivescovi di Lima (card. Juan Land\u00e1zuri Ricketts) e Caracas (card. Jos\u00e9 Humberto Quintero Parra).<\/p>\n<p style=\"text-align: justify;\"><img loading=\"lazy\" decoding=\"async\" class=\"alignleft wp-image-34369\" src=\"https:\/\/www.rassegnastampa-totustuus.it\/cattolica\/wp-content\/uploads\/2006\/05\/Opus-Dei.jpg\" alt=\"\" width=\"160\" height=\"200\" \/>In un periodo caratterizzato dal \u201cboom\u201d della c.d. Teologia della liberazione, dalla nascita di movimenti anche violenti di contestazione sociale ed ecclesiale, di critica e di abbandono dal seno della Chiesa di numerosi sacerdoti, religiosi e fedeli, con il conseguente disorientamento generale, San Josemar\u00eda cerc\u00f2 d\u2019infondere coraggio e rinnovata fedelt\u00e0 alla Tradizione cattolica non solo nei membri dell\u2019Opus Dei ma, evidentemente, anche in alcuni pastori che, da anni, stimavano lui e l\u2019Opera, ricevendone spesso edificazione, speranza e stimolo nell\u2019incrementare l\u2019efficacia delle loro rispettive missioni.<\/p>\n<p style=\"text-align: justify;\">Don Pioppi nel suo saggio d\u00e0 una visione d\u2019insieme di questi incontri e avvenimenti, \u201cpreparati\u201d in un certo senso dai viaggi precedentemente compiuti da Escriv\u00e1 nel 1970 in Messico e nel \u00ab<em>lungo viaggio di catechesi<\/em>\u00bb in Spagna e Portogallo nel 1972. Le questioni trattate nelle visite e nei colloqui sia con i vescovi sia con i fedeli erano naturalmente di contenuto e intento spirituale, non politico, sebbene l\u2019amore alle libert\u00e0 e alla responsabilit\u00e0 (anche civico-politica) personale sono sempre stati due dei \u201ccorollari essenziali\u201d del messaggio del fondatore dell\u2019Opera.<\/p>\n<p style=\"text-align: justify;\">Per quanto riguarda le \u201ccatechesi pubbliche\u201d, mons. Escriv\u00e1 prefer\u00ec evitare le grandi riunioni o assembramenti, in modo da preservare un clima tranquillo e il pi\u00f9 possibile familiare ed evitare ogni erronea interpretazione politica del suo lungo viaggio apostolico.<\/p>\n<p style=\"text-align: justify;\"><img loading=\"lazy\" decoding=\"async\" class=\"alignright wp-image-34603\" src=\"https:\/\/www.rassegnastampa-totustuus.it\/cattolica\/wp-content\/uploads\/2006\/10\/Josemar\u00eda-Escriv\u00e0.jpg\" alt=\"\" width=\"250\" height=\"166\" \/>Quello che maggiormente attrae della descrizione che Don Pioppi offre dei viaggi di san Josemar\u00eda in America Latina fra il 1974 e il 1975 \u00e8 innanzitutto la forza d\u2019animo e la tenacia di mons. Escriv\u00e1 che, in pessime condizioni di salute e ormai 74enne, \u00ab<em>comp\u00ec uno sforzo veramente grande per non abbandonare l\u2019impresa iniziata<\/em>\u00bb. Questa sua perseveranza, si aggiunge giustamente, \u00ab<em>aveva alla base un forte senso pastorale che si riscontra in tutta la vita del fondatore dell\u2019Opus Dei. Si pu\u00f2 anche notare la sua capacit\u00e0 comunicativa in condizioni d\u2019improvvisazione, che resta testimoniata dai numerosi filmati di questi incontri e riunioni che sono pervenuti sino a noi. Inoltre va segnalato il fatto che la sua presenza diede un impulso importante agli apostolati dell\u2019Opera in questi paesi, che negli anni successivi conobbero un incremento veramente cospicuo<\/em>\u00bb (p. 64).<\/p>\n<p style=\"text-align: justify;\">Carlo Pioppi, sacerdote romano appartenente alla Prelatura dell\u2019Opus Dei, \u00e8 professore di Storia della Chiesa, Storia della teologia, Paleografia e diplomatica nella Pontificia Universit\u00e0 della Santa Croce (PUSC). Dal 2001 collabora con l\u2019Istituto Storico San Josemar\u00eda Escriv\u00e1, con ricerche e pubblicazioni che vertono principalmente sulla teologia cattolica del XII secolo, sulla storia dei Concili e dell\u2019Opus Dei, sulla vita e sull\u2019episcopato a Milano del Beato cardinal Andrea Carlo Ferrari (1850-1921) e, in generale, sui rapporti fra Stato e Chiesa nell\u2019et\u00e0 contemporanea.<\/p>\n<p style=\"text-align: justify;\">Per leggere il saggio e acquistare, al costo di 2,90 euro, l\u2019edizione digitale integrale dell\u2019ultimo volume di \u201cStudia et Documenta\u201d, ci si pu\u00f2 collegare al sito: <a href=\"http:\/\/www.studiaetdocumenta.org\" target=\"_blank\" rel=\"noopener\">www.studiaetdocumenta.org<\/a>.<\/p>\n<p>&nbsp;<\/p>\n","protected":false},"excerpt":{"rendered":"<p>La Croce quotidiana 8 novembre 2017 I \u201cviaggi di catechesi\u201d del fondatore dell\u2019Opus Dei nel periodo pi\u00f9 delicato della crisi postconciliare (1974-75). Un saggio storico pubblicato sull\u2019ultimo numero della rivista \u201cStudia et documenta\u201d riporta gli incontri di popolo e quelli avuti da mons. Escriv\u00e1 con le maggiori personalit\u00e0 della Chiesa latino-americana del tempo. Quello che &hellip; <\/p>\n<p><a class=\"more-link btn\" href=\"https:\/\/www.rassegnastampa-totustuus.it\/cattolica\/san-josemaria-in-america-latina\/\">Continua a leggere<\/a><\/p>\n","protected":false},"author":6,"featured_media":38798,"comment_status":"closed","ping_status":"closed","sticky":false,"template":"","format":"standard","meta":{"footnotes":""},"categories":[5,17],"tags":[201,202],"class_list":["post-38797","post","type-post","status-publish","format-standard","has-post-thumbnail","hentry","category-chiesa","category-libri","tag-josemaria-escriva","tag-opus-dei","item-wrap"],"yoast_head":"<!-- This site is optimized with the Yoast SEO plugin v27.5 - https:\/\/yoast.com\/product\/yoast-seo-wordpress\/ -->\n<title>San Josemar\u00eda in America Latina - Rassegna Stampa Cattolica<\/title>\n<meta name=\"description\" content=\"Rassegna Stampa Cattolica - Per una cultura che nasce dalla Rivelazione cristiana in conformit\u00e0 alla tradizione e al Magistero della Chiesa in opposizione ad ogni relativismo e totalitarismo\" \/>\n<meta name=\"robots\" content=\"index, follow, max-snippet:-1, max-image-preview:large, max-video-preview:-1\" \/>\n<link rel=\"canonical\" href=\"https:\/\/www.rassegnastampa-totustuus.it\/cattolica\/san-josemaria-in-america-latina\/\" \/>\n<meta property=\"og:locale\" content=\"it_IT\" \/>\n<meta property=\"og:type\" content=\"article\" \/>\n<meta property=\"og:title\" content=\"San Josemar\u00eda in America Latina - Rassegna Stampa Cattolica\" \/>\n<meta property=\"og:description\" content=\"Rassegna Stampa Cattolica - Per una cultura che nasce dalla Rivelazione cristiana in conformit\u00e0 alla tradizione e al Magistero della Chiesa in opposizione ad ogni relativismo e totalitarismo\" \/>\n<meta property=\"og:url\" content=\"https:\/\/www.rassegnastampa-totustuus.it\/cattolica\/san-josemaria-in-america-latina\/\" \/>\n<meta property=\"og:site_name\" content=\"Rassegna Stampa Cattolica\" \/>\n<meta property=\"article:publisher\" content=\"https:\/\/www.facebook.com\/rassegnastampacattolica\" \/>\n<meta property=\"article:published_time\" content=\"2017-11-22T23:00:01+00:00\" \/>\n<meta property=\"og:image\" content=\"https:\/\/www.rassegnastampa-totustuus.it\/cattolica\/wp-content\/uploads\/2017\/11\/Escriv\u00e0.jpg\" \/>\n\t<meta property=\"og:image:width\" content=\"292\" \/>\n\t<meta property=\"og:image:height\" content=\"173\" \/>\n\t<meta property=\"og:image:type\" content=\"image\/jpeg\" \/>\n<meta name=\"author\" content=\"Redazione\" \/>\n<meta name=\"twitter:card\" content=\"summary_large_image\" \/>\n<meta name=\"twitter:creator\" content=\"@rassegnastampa9\" \/>\n<meta name=\"twitter:site\" content=\"@rassegnastampa9\" \/>\n<meta name=\"twitter:label1\" content=\"Scritto da\" \/>\n\t<meta name=\"twitter:data1\" content=\"Redazione\" \/>\n\t<meta name=\"twitter:label2\" content=\"Tempo di lettura stimato\" \/>\n\t<meta name=\"twitter:data2\" content=\"4 minuti\" \/>\n<script type=\"application\/ld+json\" class=\"yoast-schema-graph\">{\"@context\":\"https:\\\/\\\/schema.org\",\"@graph\":[{\"@type\":\"Article\",\"@id\":\"https:\\\/\\\/www.rassegnastampa-totustuus.it\\\/cattolica\\\/san-josemaria-in-america-latina\\\/#article\",\"isPartOf\":{\"@id\":\"https:\\\/\\\/www.rassegnastampa-totustuus.it\\\/cattolica\\\/san-josemaria-in-america-latina\\\/\"},\"author\":{\"name\":\"Redazione\",\"@id\":\"https:\\\/\\\/www.rassegnastampa-totustuus.it\\\/cattolica\\\/#\\\/schema\\\/person\\\/08f319d2bd1a0904ad9e2bfb7b15e5c3\"},\"headline\":\"San Josemar\u00eda in America Latina\",\"datePublished\":\"2017-11-22T23:00:01+00:00\",\"mainEntityOfPage\":{\"@id\":\"https:\\\/\\\/www.rassegnastampa-totustuus.it\\\/cattolica\\\/san-josemaria-in-america-latina\\\/\"},\"wordCount\":757,\"publisher\":{\"@id\":\"https:\\\/\\\/www.rassegnastampa-totustuus.it\\\/cattolica\\\/#organization\"},\"image\":{\"@id\":\"https:\\\/\\\/www.rassegnastampa-totustuus.it\\\/cattolica\\\/san-josemaria-in-america-latina\\\/#primaryimage\"},\"thumbnailUrl\":\"https:\\\/\\\/www.rassegnastampa-totustuus.it\\\/cattolica\\\/wp-content\\\/uploads\\\/2017\\\/11\\\/Escriv\u00e0.jpg\",\"keywords\":[\"Josemaria Escriv\u00e0\",\"Opus dei\"],\"articleSection\":[\"Chiesa\",\"Libri\"],\"inLanguage\":\"it-IT\"},{\"@type\":\"WebPage\",\"@id\":\"https:\\\/\\\/www.rassegnastampa-totustuus.it\\\/cattolica\\\/san-josemaria-in-america-latina\\\/\",\"url\":\"https:\\\/\\\/www.rassegnastampa-totustuus.it\\\/cattolica\\\/san-josemaria-in-america-latina\\\/\",\"name\":\"San Josemar\u00eda in America Latina - Rassegna Stampa Cattolica\",\"isPartOf\":{\"@id\":\"https:\\\/\\\/www.rassegnastampa-totustuus.it\\\/cattolica\\\/#website\"},\"primaryImageOfPage\":{\"@id\":\"https:\\\/\\\/www.rassegnastampa-totustuus.it\\\/cattolica\\\/san-josemaria-in-america-latina\\\/#primaryimage\"},\"image\":{\"@id\":\"https:\\\/\\\/www.rassegnastampa-totustuus.it\\\/cattolica\\\/san-josemaria-in-america-latina\\\/#primaryimage\"},\"thumbnailUrl\":\"https:\\\/\\\/www.rassegnastampa-totustuus.it\\\/cattolica\\\/wp-content\\\/uploads\\\/2017\\\/11\\\/Escriv\u00e0.jpg\",\"datePublished\":\"2017-11-22T23:00:01+00:00\",\"description\":\"Rassegna Stampa Cattolica - Per una cultura che nasce dalla Rivelazione cristiana in conformit\u00e0 alla tradizione e al Magistero della Chiesa in opposizione ad ogni relativismo e totalitarismo\",\"breadcrumb\":{\"@id\":\"https:\\\/\\\/www.rassegnastampa-totustuus.it\\\/cattolica\\\/san-josemaria-in-america-latina\\\/#breadcrumb\"},\"inLanguage\":\"it-IT\",\"potentialAction\":[{\"@type\":\"ReadAction\",\"target\":[\"https:\\\/\\\/www.rassegnastampa-totustuus.it\\\/cattolica\\\/san-josemaria-in-america-latina\\\/\"]}]},{\"@type\":\"ImageObject\",\"inLanguage\":\"it-IT\",\"@id\":\"https:\\\/\\\/www.rassegnastampa-totustuus.it\\\/cattolica\\\/san-josemaria-in-america-latina\\\/#primaryimage\",\"url\":\"https:\\\/\\\/www.rassegnastampa-totustuus.it\\\/cattolica\\\/wp-content\\\/uploads\\\/2017\\\/11\\\/Escriv\u00e0.jpg\",\"contentUrl\":\"https:\\\/\\\/www.rassegnastampa-totustuus.it\\\/cattolica\\\/wp-content\\\/uploads\\\/2017\\\/11\\\/Escriv\u00e0.jpg\",\"width\":292,\"height\":173},{\"@type\":\"BreadcrumbList\",\"@id\":\"https:\\\/\\\/www.rassegnastampa-totustuus.it\\\/cattolica\\\/san-josemaria-in-america-latina\\\/#breadcrumb\",\"itemListElement\":[{\"@type\":\"ListItem\",\"position\":1,\"name\":\"Home\",\"item\":\"https:\\\/\\\/www.rassegnastampa-totustuus.it\\\/cattolica\\\/\"},{\"@type\":\"ListItem\",\"position\":2,\"name\":\"San Josemar\u00eda in America Latina\"}]},{\"@type\":\"WebSite\",\"@id\":\"https:\\\/\\\/www.rassegnastampa-totustuus.it\\\/cattolica\\\/#website\",\"url\":\"https:\\\/\\\/www.rassegnastampa-totustuus.it\\\/cattolica\\\/\",\"name\":\"Rassegna Stampa Cattolica\",\"description\":\"Per una cultura che nasce dalla Rivelazione cristiana in conformit\u00e0 alla tradizione e al Magistero della Chiesa in opposizione ad ogni relativismo e totalitarismo\",\"publisher\":{\"@id\":\"https:\\\/\\\/www.rassegnastampa-totustuus.it\\\/cattolica\\\/#organization\"},\"alternateName\":\"Rass. Cattolica\",\"potentialAction\":[{\"@type\":\"SearchAction\",\"target\":{\"@type\":\"EntryPoint\",\"urlTemplate\":\"https:\\\/\\\/www.rassegnastampa-totustuus.it\\\/cattolica\\\/?s={search_term_string}\"},\"query-input\":{\"@type\":\"PropertyValueSpecification\",\"valueRequired\":true,\"valueName\":\"search_term_string\"}}],\"inLanguage\":\"it-IT\"},{\"@type\":\"Organization\",\"@id\":\"https:\\\/\\\/www.rassegnastampa-totustuus.it\\\/cattolica\\\/#organization\",\"name\":\"Rassegna Stampa Cattolica\",\"url\":\"https:\\\/\\\/www.rassegnastampa-totustuus.it\\\/cattolica\\\/\",\"logo\":{\"@type\":\"ImageObject\",\"inLanguage\":\"it-IT\",\"@id\":\"https:\\\/\\\/www.rassegnastampa-totustuus.it\\\/cattolica\\\/#\\\/schema\\\/logo\\\/image\\\/\",\"url\":\"https:\\\/\\\/www.rassegnastampa-totustuus.it\\\/cattolica\\\/wp-content\\\/uploads\\\/2014\\\/04\\\/logo-rassegna1.gif\",\"contentUrl\":\"https:\\\/\\\/www.rassegnastampa-totustuus.it\\\/cattolica\\\/wp-content\\\/uploads\\\/2014\\\/04\\\/logo-rassegna1.gif\",\"width\":600,\"height\":163,\"caption\":\"Rassegna Stampa Cattolica\"},\"image\":{\"@id\":\"https:\\\/\\\/www.rassegnastampa-totustuus.it\\\/cattolica\\\/#\\\/schema\\\/logo\\\/image\\\/\"},\"sameAs\":[\"https:\\\/\\\/www.facebook.com\\\/rassegnastampacattolica\",\"https:\\\/\\\/x.com\\\/rassegnastampa9\"]},{\"@type\":\"Person\",\"@id\":\"https:\\\/\\\/www.rassegnastampa-totustuus.it\\\/cattolica\\\/#\\\/schema\\\/person\\\/08f319d2bd1a0904ad9e2bfb7b15e5c3\",\"name\":\"Redazione\",\"image\":{\"@type\":\"ImageObject\",\"inLanguage\":\"it-IT\",\"@id\":\"https:\\\/\\\/secure.gravatar.com\\\/avatar\\\/2fcdf27c78ea025fbdb44e914cc63c72249ffec9dc8aafd5c82b26240ef3f346?s=96&d=mm&r=g\",\"url\":\"https:\\\/\\\/secure.gravatar.com\\\/avatar\\\/2fcdf27c78ea025fbdb44e914cc63c72249ffec9dc8aafd5c82b26240ef3f346?s=96&d=mm&r=g\",\"contentUrl\":\"https:\\\/\\\/secure.gravatar.com\\\/avatar\\\/2fcdf27c78ea025fbdb44e914cc63c72249ffec9dc8aafd5c82b26240ef3f346?s=96&d=mm&r=g\",\"caption\":\"Redazione\"},\"url\":\"https:\\\/\\\/www.rassegnastampa-totustuus.it\\\/cattolica\\\/author\\\/pietroelle\\\/\"}]}<\/script>\n<!-- \/ Yoast SEO plugin. -->","yoast_head_json":{"title":"San Josemar\u00eda in America Latina - Rassegna Stampa Cattolica","description":"Rassegna Stampa Cattolica - Per una cultura che nasce dalla Rivelazione cristiana in conformit\u00e0 alla tradizione e al Magistero della Chiesa in opposizione ad ogni relativismo e totalitarismo","robots":{"index":"index","follow":"follow","max-snippet":"max-snippet:-1","max-image-preview":"max-image-preview:large","max-video-preview":"max-video-preview:-1"},"canonical":"https:\/\/www.rassegnastampa-totustuus.it\/cattolica\/san-josemaria-in-america-latina\/","og_locale":"it_IT","og_type":"article","og_title":"San Josemar\u00eda in America Latina - Rassegna Stampa Cattolica","og_description":"Rassegna Stampa Cattolica - Per una cultura che nasce dalla Rivelazione cristiana in conformit\u00e0 alla tradizione e al Magistero della Chiesa in opposizione ad ogni relativismo e totalitarismo","og_url":"https:\/\/www.rassegnastampa-totustuus.it\/cattolica\/san-josemaria-in-america-latina\/","og_site_name":"Rassegna Stampa Cattolica","article_publisher":"https:\/\/www.facebook.com\/rassegnastampacattolica","article_published_time":"2017-11-22T23:00:01+00:00","og_image":[{"width":292,"height":173,"url":"https:\/\/www.rassegnastampa-totustuus.it\/cattolica\/wp-content\/uploads\/2017\/11\/Escriv\u00e0.jpg","type":"image\/jpeg"}],"author":"Redazione","twitter_card":"summary_large_image","twitter_creator":"@rassegnastampa9","twitter_site":"@rassegnastampa9","twitter_misc":{"Scritto da":"Redazione","Tempo di lettura stimato":"4 minuti"},"schema":{"@context":"https:\/\/schema.org","@graph":[{"@type":"Article","@id":"https:\/\/www.rassegnastampa-totustuus.it\/cattolica\/san-josemaria-in-america-latina\/#article","isPartOf":{"@id":"https:\/\/www.rassegnastampa-totustuus.it\/cattolica\/san-josemaria-in-america-latina\/"},"author":{"name":"Redazione","@id":"https:\/\/www.rassegnastampa-totustuus.it\/cattolica\/#\/schema\/person\/08f319d2bd1a0904ad9e2bfb7b15e5c3"},"headline":"San Josemar\u00eda in America Latina","datePublished":"2017-11-22T23:00:01+00:00","mainEntityOfPage":{"@id":"https:\/\/www.rassegnastampa-totustuus.it\/cattolica\/san-josemaria-in-america-latina\/"},"wordCount":757,"publisher":{"@id":"https:\/\/www.rassegnastampa-totustuus.it\/cattolica\/#organization"},"image":{"@id":"https:\/\/www.rassegnastampa-totustuus.it\/cattolica\/san-josemaria-in-america-latina\/#primaryimage"},"thumbnailUrl":"https:\/\/www.rassegnastampa-totustuus.it\/cattolica\/wp-content\/uploads\/2017\/11\/Escriv\u00e0.jpg","keywords":["Josemaria Escriv\u00e0","Opus dei"],"articleSection":["Chiesa","Libri"],"inLanguage":"it-IT"},{"@type":"WebPage","@id":"https:\/\/www.rassegnastampa-totustuus.it\/cattolica\/san-josemaria-in-america-latina\/","url":"https:\/\/www.rassegnastampa-totustuus.it\/cattolica\/san-josemaria-in-america-latina\/","name":"San Josemar\u00eda in America Latina - Rassegna Stampa Cattolica","isPartOf":{"@id":"https:\/\/www.rassegnastampa-totustuus.it\/cattolica\/#website"},"primaryImageOfPage":{"@id":"https:\/\/www.rassegnastampa-totustuus.it\/cattolica\/san-josemaria-in-america-latina\/#primaryimage"},"image":{"@id":"https:\/\/www.rassegnastampa-totustuus.it\/cattolica\/san-josemaria-in-america-latina\/#primaryimage"},"thumbnailUrl":"https:\/\/www.rassegnastampa-totustuus.it\/cattolica\/wp-content\/uploads\/2017\/11\/Escriv\u00e0.jpg","datePublished":"2017-11-22T23:00:01+00:00","description":"Rassegna Stampa Cattolica - Per una cultura che nasce dalla Rivelazione cristiana in conformit\u00e0 alla tradizione e al Magistero della Chiesa in opposizione ad ogni relativismo e totalitarismo","breadcrumb":{"@id":"https:\/\/www.rassegnastampa-totustuus.it\/cattolica\/san-josemaria-in-america-latina\/#breadcrumb"},"inLanguage":"it-IT","potentialAction":[{"@type":"ReadAction","target":["https:\/\/www.rassegnastampa-totustuus.it\/cattolica\/san-josemaria-in-america-latina\/"]}]},{"@type":"ImageObject","inLanguage":"it-IT","@id":"https:\/\/www.rassegnastampa-totustuus.it\/cattolica\/san-josemaria-in-america-latina\/#primaryimage","url":"https:\/\/www.rassegnastampa-totustuus.it\/cattolica\/wp-content\/uploads\/2017\/11\/Escriv\u00e0.jpg","contentUrl":"https:\/\/www.rassegnastampa-totustuus.it\/cattolica\/wp-content\/uploads\/2017\/11\/Escriv\u00e0.jpg","width":292,"height":173},{"@type":"BreadcrumbList","@id":"https:\/\/www.rassegnastampa-totustuus.it\/cattolica\/san-josemaria-in-america-latina\/#breadcrumb","itemListElement":[{"@type":"ListItem","position":1,"name":"Home","item":"https:\/\/www.rassegnastampa-totustuus.it\/cattolica\/"},{"@type":"ListItem","position":2,"name":"San Josemar\u00eda in America Latina"}]},{"@type":"WebSite","@id":"https:\/\/www.rassegnastampa-totustuus.it\/cattolica\/#website","url":"https:\/\/www.rassegnastampa-totustuus.it\/cattolica\/","name":"Rassegna Stampa Cattolica","description":"Per una cultura che nasce dalla Rivelazione cristiana in conformit\u00e0 alla tradizione e al Magistero della Chiesa in opposizione ad ogni relativismo e totalitarismo","publisher":{"@id":"https:\/\/www.rassegnastampa-totustuus.it\/cattolica\/#organization"},"alternateName":"Rass. Cattolica","potentialAction":[{"@type":"SearchAction","target":{"@type":"EntryPoint","urlTemplate":"https:\/\/www.rassegnastampa-totustuus.it\/cattolica\/?s={search_term_string}"},"query-input":{"@type":"PropertyValueSpecification","valueRequired":true,"valueName":"search_term_string"}}],"inLanguage":"it-IT"},{"@type":"Organization","@id":"https:\/\/www.rassegnastampa-totustuus.it\/cattolica\/#organization","name":"Rassegna Stampa Cattolica","url":"https:\/\/www.rassegnastampa-totustuus.it\/cattolica\/","logo":{"@type":"ImageObject","inLanguage":"it-IT","@id":"https:\/\/www.rassegnastampa-totustuus.it\/cattolica\/#\/schema\/logo\/image\/","url":"https:\/\/www.rassegnastampa-totustuus.it\/cattolica\/wp-content\/uploads\/2014\/04\/logo-rassegna1.gif","contentUrl":"https:\/\/www.rassegnastampa-totustuus.it\/cattolica\/wp-content\/uploads\/2014\/04\/logo-rassegna1.gif","width":600,"height":163,"caption":"Rassegna Stampa Cattolica"},"image":{"@id":"https:\/\/www.rassegnastampa-totustuus.it\/cattolica\/#\/schema\/logo\/image\/"},"sameAs":["https:\/\/www.facebook.com\/rassegnastampacattolica","https:\/\/x.com\/rassegnastampa9"]},{"@type":"Person","@id":"https:\/\/www.rassegnastampa-totustuus.it\/cattolica\/#\/schema\/person\/08f319d2bd1a0904ad9e2bfb7b15e5c3","name":"Redazione","image":{"@type":"ImageObject","inLanguage":"it-IT","@id":"https:\/\/secure.gravatar.com\/avatar\/2fcdf27c78ea025fbdb44e914cc63c72249ffec9dc8aafd5c82b26240ef3f346?s=96&d=mm&r=g","url":"https:\/\/secure.gravatar.com\/avatar\/2fcdf27c78ea025fbdb44e914cc63c72249ffec9dc8aafd5c82b26240ef3f346?s=96&d=mm&r=g","contentUrl":"https:\/\/secure.gravatar.com\/avatar\/2fcdf27c78ea025fbdb44e914cc63c72249ffec9dc8aafd5c82b26240ef3f346?s=96&d=mm&r=g","caption":"Redazione"},"url":"https:\/\/www.rassegnastampa-totustuus.it\/cattolica\/author\/pietroelle\/"}]}},"_links":{"self":[{"href":"https:\/\/www.rassegnastampa-totustuus.it\/cattolica\/wp-json\/wp\/v2\/posts\/38797","targetHints":{"allow":["GET"]}}],"collection":[{"href":"https:\/\/www.rassegnastampa-totustuus.it\/cattolica\/wp-json\/wp\/v2\/posts"}],"about":[{"href":"https:\/\/www.rassegnastampa-totustuus.it\/cattolica\/wp-json\/wp\/v2\/types\/post"}],"author":[{"embeddable":true,"href":"https:\/\/www.rassegnastampa-totustuus.it\/cattolica\/wp-json\/wp\/v2\/users\/6"}],"replies":[{"embeddable":true,"href":"https:\/\/www.rassegnastampa-totustuus.it\/cattolica\/wp-json\/wp\/v2\/comments?post=38797"}],"version-history":[{"count":1,"href":"https:\/\/www.rassegnastampa-totustuus.it\/cattolica\/wp-json\/wp\/v2\/posts\/38797\/revisions"}],"predecessor-version":[{"id":38799,"href":"https:\/\/www.rassegnastampa-totustuus.it\/cattolica\/wp-json\/wp\/v2\/posts\/38797\/revisions\/38799"}],"wp:featuredmedia":[{"embeddable":true,"href":"https:\/\/www.rassegnastampa-totustuus.it\/cattolica\/wp-json\/wp\/v2\/media\/38798"}],"wp:attachment":[{"href":"https:\/\/www.rassegnastampa-totustuus.it\/cattolica\/wp-json\/wp\/v2\/media?parent=38797"}],"wp:term":[{"taxonomy":"category","embeddable":true,"href":"https:\/\/www.rassegnastampa-totustuus.it\/cattolica\/wp-json\/wp\/v2\/categories?post=38797"},{"taxonomy":"post_tag","embeddable":true,"href":"https:\/\/www.rassegnastampa-totustuus.it\/cattolica\/wp-json\/wp\/v2\/tags?post=38797"}],"curies":[{"name":"wp","href":"https:\/\/api.w.org\/{rel}","templated":true}]}}