{"id":38717,"date":"2017-11-02T00:00:57","date_gmt":"2017-11-01T23:00:57","guid":{"rendered":"http:\/\/www.rassegnastampa-totustuus.it\/cattolica\/?p=38717"},"modified":"2017-10-30T11:27:37","modified_gmt":"2017-10-30T10:27:37","slug":"100-anni-perche-non-sia-stato-invano","status":"publish","type":"post","link":"https:\/\/www.rassegnastampa-totustuus.it\/cattolica\/100-anni-perche-non-sia-stato-invano\/","title":{"rendered":"100 anni: perch\u00e9 non sia stato invano"},"content":{"rendered":"<p style=\"text-align: center;\"><strong><a href=\"http:\/\/www.lanuovaeuropa.org\/\">La Nuova Europa<\/a><a href=\"http:\/\/www.lanuovaeuropa.org\/\"><img loading=\"lazy\" decoding=\"async\" class=\"alignleft wp-image-38718\" src=\"https:\/\/www.rassegnastampa-totustuus.it\/cattolica\/wp-content\/uploads\/2017\/10\/rivoluzione_17.jpg\" alt=\"\" width=\"250\" height=\"148\" srcset=\"https:\/\/www.rassegnastampa-totustuus.it\/cattolica\/wp-content\/uploads\/2017\/10\/rivoluzione_17.jpg 770w, https:\/\/www.rassegnastampa-totustuus.it\/cattolica\/wp-content\/uploads\/2017\/10\/rivoluzione_17-300x178.jpg 300w, https:\/\/www.rassegnastampa-totustuus.it\/cattolica\/wp-content\/uploads\/2017\/10\/rivoluzione_17-768x455.jpg 768w\" sizes=\"auto, (max-width: 250px) 100vw, 250px\" \/><\/a><\/strong><\/p>\n<p style=\"text-align: center;\">mercoled\u00ec 25 ottobre 2017<\/p>\n<p style=\"text-align: center;\">(editoriale)<\/p>\n<p style=\"text-align: justify;\">Nel 1919 Michail Bulgakov scriveva \u00abNoi, rappresentanti di una generazione sfortunata, moriremo come dei miserevoli falliti, costretti a dire ai nostri figli: \u201cPagate, saldate onorevolmente il conto, e non dimenticate mai la rivoluzione sociale\u201d\u00bb.<\/p>\n<p><!--more--><\/p>\n<p style=\"text-align: justify;\">Sono passati cent\u2019anni da quella tragica \u00abrivoluzione sociale\u00bb e il conto non \u00e8 ancora stato saldato.<\/p>\n<p style=\"text-align: justify;\">I figli (non tutti, per fortuna) hanno scelto l\u2019amnesia, la sospensione del giudizio, nella vana speranza che le ferite guariscano da s\u00e9. Inutile aspettarsi oggi che le autorit\u00e0 ufficiali, e le Chiese ufficiali, abbiano il coraggio di affrontare a viso aperto il giudizio globale sulla rivoluzione come \u00abfondo estremo della vergogna e della catastrofe\u00bb. Un compito troppo smisurato cui non si \u00e8 preparati, perch\u00e9 neanche mai si \u00e8 incominciato ad affrontarlo.<\/p>\n<p style=\"text-align: justify;\">E cos\u00ec restano solo i manifesti commemorativi ricalcati dalla pi\u00f9 vieta propaganda sovietica, oppure opere storicamente inconsistenti come il film <em>Matilda<\/em>, di cui Julija Balak\u0161ina ha scritto: \u00abCome mi rattrista che il centenario dell\u2019evento pi\u00f9 tragico della nostra storia non ci offra altro che questo filmetto vuoto. Possibile\u2026 che sia tutto ci\u00f2 che abbiamo da dire sull\u2019atroce frattura che ha colpito un paese immenso e bellissimo?\u00bb.<\/p>\n<p style=\"text-align: justify;\"><img loading=\"lazy\" decoding=\"async\" class=\"alignright wp-image-29678\" src=\"https:\/\/www.rassegnastampa-totustuus.it\/cattolica\/wp-content\/uploads\/2012\/10\/Rivoluz_ottobre.jpg\" alt=\"\" width=\"250\" height=\"175\" \/>Come rispondendo a questa domanda sconfortata l\u2019autunno riapre inesorabilmente, in Russia e in Ucraina, il fiume purificatore della memoria, almeno per chi non vuole voltargli le spalle. Pi\u00f9 che date ufficiali \u2013 29 settembre, 25 ottobre, 30 ottobre, 22 novembre \u2013 i giorni della memoria sono un appuntamento dell\u2019anima, che nonostante tutto richiama tanti alle domande inquietanti sul passato e sulla strada da percorrere oggi.<\/p>\n<p style=\"text-align: justify;\">In Russia alla vigilia del 30 ottobre \u2013 memoria delle vittime del totalitarismo \u2013 ritorna il rito spontaneo, ma davvero <em>popolare<\/em>, della lettura dei nomi delle vittime; iniziato dieci anni fa in piazza della Lubjanka, \u00e8 un rito civilissimo e senza odio che nella versione laica e in quella religiosa si sta diffondendo a macchia d\u2019olio in tutte le citt\u00e0 o sui luoghi delle tante fosse comuni, raccogliendo sempre pi\u00f9 gente.<\/p>\n<p style=\"text-align: justify;\">In Ucraina \u00e8 appena trascorsa la commemorazione dell\u2019Olocausto, il 29 settembre, e si avvicina l\u2019anniversario dell\u2019inizio del Majdan, il 22 novembre, e mentre si commemorano l\u2019eroismo e la forza di sacrificio di tanti che hanno sperato nel cambiamento, la memoria porta naturalmente a interrogarsi su cosa sia realmente cambiato e spinge a ricominciare ogni giorno di nuovo.<\/p>\n<p style=\"text-align: justify;\">In tutti i casi la memoria fa da catalizzatore e da traino alla coscienza collettiva, rompendo la cieca indifferenza quotidiana. L\u2019indifferenza al bene e al male.<\/p>\n<p style=\"text-align: justify;\"><img loading=\"lazy\" decoding=\"async\" class=\"alignleft wp-image-33428\" src=\"https:\/\/www.rassegnastampa-totustuus.it\/cattolica\/wp-content\/uploads\/2009\/03\/Memorial_Russia.jpg\" alt=\"\" width=\"250\" height=\"161\" \/>C\u2019\u00e8 la possibilit\u00e0 che questo fare memoria si ponga nel segno della polemica, che si celebri soprattutto \u00abcontro\u00bb qualcosa o qualcuno: allora \u00e8 innanzitutto la memoria ufficiale ingessata e spolpata, che cerca di espellere la memoria scomoda di chi non si accontenta dei miti consolatori. Si spiega cos\u00ec in Russia l\u2019odiosa persecuzione in atto contro Jurij Dmitriev, scopritore di tante fosse comuni staliniane, oggi sotto processo con un\u2019accusa di pornografia.<\/p>\n<p style=\"text-align: justify;\">E all\u2019opposto c\u2019\u00e8 chi commemora le vittime all\u2019unico scopo di maledire senza remissione i cattivi della storia, una posizione sostanzialmente manichea, che porta nel vicolo cieco di un risentimento sterile.<\/p>\n<p style=\"text-align: justify;\">Cos\u00ec in Ucraina osservano amaramente che mentre le autorit\u00e0 hanno ribattezzato una piazza di Kiev in memoria del dissidente ed eroe nazionale Valerij Mar\u010denko, con incredibile smemoratezza il 6 ottobre il governo ha decorato l\u2019ex-giudice in pensione che nel 1984 lo condann\u00f2 a 12 anni nonostante fosse gravemente malato, decretandone di fatto la morte.<\/p>\n<p style=\"text-align: justify;\">La polemica \u00e8 giusta, ma pu\u00f2 essere la reazione speculare alla protervia del potere, mentre come diceva Berdjaev gi\u00e0 nel 1924, \u00abil partito della rabbia e dell\u2019odio \u00e8 uno e indivisibile\u2026 nessuna strada pu\u00f2 essere aperta da elementi negativi\u00bb.<\/p>\n<p style=\"text-align: justify;\">L\u2019importanza della memoria non sta soltanto nella sua forza polemica o di denuncia, ha dentro qualcosa di pi\u00f9 costruttivo e radicale che la rende addirittura <em>necessaria<\/em>, come osserva Svetlana Pani\u010d nel suo blog.<\/p>\n<p style=\"text-align: justify;\"><img loading=\"lazy\" decoding=\"async\" class=\"alignright wp-image-25493\" src=\"https:\/\/www.rassegnastampa-totustuus.it\/cattolica\/wp-content\/uploads\/2013\/05\/Rivoluzione_Ottobre.jpg\" alt=\"\" width=\"250\" height=\"187\" \/>Se storicamente nell\u2019ex-URSS non \u00e8 stato ancora possibile edificare solide strutture democratiche, se la mentalit\u00e0 pubblica e privata permane in gran parte sovietica, vuol dire che bisogna cominciare a ricostruire da pi\u00f9 in fondo, dalla coscienza personale. E se questa insostituibile opera educativa non viene intrapresa dallo Stato bisogna che se la assumano i cittadini.<\/p>\n<p style=\"text-align: justify;\">Per questo \u00e8 necessario ricordare i nomi delle vittime, i luoghi degli arresti, la topografia urbana del terrore. Non si tratta di un\u2019azione solo simbolica ma, compiuta quasi sempre all&#8217;inizio per una libera e imprevedibile decisione dei singoli, ha l\u2019efficacia reale di un gesto di restituzione dell\u2019onorabilit\u00e0, dell\u2019individualit\u00e0 personale, della dignit\u00e0. Forse \u00e8 l\u2019unica reazione costruttiva davanti a un\u2019ingiustizia ormai perpetrata e irrimediabile: l&#8217;unica reazione costruttiva perch\u00e9 mette in gioco radicalmente la persona e ne tiene desta la libert\u00e0.<\/p>\n<p style=\"text-align: justify;\">Ricordare le vittime nei luoghi dove sono state trucidate fa s\u00ec che il passato astratto e impersonale si trasformi in storia personale, familiare, e questo fa di una massa dispersa un popolo. Ed \u00e8 pi\u00f9 importante che smascherare i corrotti, o convincere i potenti di turno. La novit\u00e0 avanza camminando con le gambe della gente, da tutti i luoghi separati in cui prende piede.<\/p>\n<p style=\"text-align: justify;\">Alcuni ortodossi hanno indetto un digiuno penitenziale per i giorni dal 25 ottobre al 7 novembre \u2013 la stessa data della rivoluzione, secondo due calendari diversi \u2013 e questo \u00e8 un modo per iniziare un nuovo cammino di \u00abrafforzamento e purificazione\u00bb, come aveva detto padre Florenskij; ma questo cammino non \u00e8 ancora per tutti. Non va disgiunto dal contributo di una sana ragione che insieme alla penitenza riaccenda la capacit\u00e0 creativa. Il lievito che pu\u00f2 far lievitare tutta la pasta.<\/p>\n<p style=\"text-align: justify;\"><em>(In apertura: manifesto inneggiante al centenario della rivoluzione, Novosibirsk, ottobre 2017 &#8211; \u00a9 Krasnaja Vesna)<\/em><\/p>\n","protected":false},"excerpt":{"rendered":"<p>La Nuova Europa mercoled\u00ec 25 ottobre 2017 (editoriale) Nel 1919 Michail Bulgakov scriveva \u00abNoi, rappresentanti di una generazione sfortunata, moriremo come dei miserevoli falliti, costretti a dire ai nostri figli: \u201cPagate, saldate onorevolmente il conto, e non dimenticate mai la rivoluzione sociale\u201d\u00bb.<\/p><p><a class=\"more-link btn\" href=\"https:\/\/www.rassegnastampa-totustuus.it\/cattolica\/100-anni-perche-non-sia-stato-invano\/\">Continua a leggere<\/a><\/p>\n","protected":false},"author":6,"featured_media":38718,"comment_status":"closed","ping_status":"closed","sticky":false,"template":"","format":"standard","meta":{"footnotes":""},"categories":[83,116],"tags":[1583],"class_list":["post-38717","post","type-post","status-publish","format-standard","has-post-thumbnail","hentry","category-post-comunismo","category-russia","tag-rivoluzione-dottobre","item-wrap"],"yoast_head":"<!-- This site is optimized with the Yoast SEO plugin v27.5 - https:\/\/yoast.com\/product\/yoast-seo-wordpress\/ -->\n<title>100 anni: perch\u00e9 non sia stato invano - Rassegna Stampa Cattolica<\/title>\n<meta name=\"description\" content=\"Rassegna Stampa Cattolica - Per una cultura che nasce dalla Rivelazione cristiana in conformit\u00e0 alla tradizione e al Magistero della Chiesa in opposizione ad ogni relativismo e totalitarismo\" \/>\n<meta name=\"robots\" content=\"index, follow, max-snippet:-1, max-image-preview:large, max-video-preview:-1\" \/>\n<link rel=\"canonical\" href=\"https:\/\/www.rassegnastampa-totustuus.it\/cattolica\/100-anni-perche-non-sia-stato-invano\/\" \/>\n<meta property=\"og:locale\" content=\"it_IT\" \/>\n<meta property=\"og:type\" content=\"article\" \/>\n<meta property=\"og:title\" content=\"100 anni: perch\u00e9 non sia stato invano - Rassegna Stampa Cattolica\" \/>\n<meta property=\"og:description\" content=\"Rassegna Stampa Cattolica - Per una cultura che nasce dalla Rivelazione cristiana in conformit\u00e0 alla tradizione e al Magistero della Chiesa in opposizione ad ogni relativismo e totalitarismo\" \/>\n<meta property=\"og:url\" content=\"https:\/\/www.rassegnastampa-totustuus.it\/cattolica\/100-anni-perche-non-sia-stato-invano\/\" \/>\n<meta property=\"og:site_name\" content=\"Rassegna Stampa Cattolica\" \/>\n<meta property=\"article:publisher\" content=\"https:\/\/www.facebook.com\/rassegnastampacattolica\" \/>\n<meta property=\"article:published_time\" content=\"2017-11-01T23:00:57+00:00\" \/>\n<meta property=\"og:image\" content=\"https:\/\/www.rassegnastampa-totustuus.it\/cattolica\/wp-content\/uploads\/2017\/10\/rivoluzione_17.jpg\" \/>\n\t<meta property=\"og:image:width\" content=\"770\" \/>\n\t<meta property=\"og:image:height\" content=\"456\" \/>\n\t<meta property=\"og:image:type\" content=\"image\/jpeg\" \/>\n<meta name=\"author\" content=\"Redazione\" \/>\n<meta name=\"twitter:card\" content=\"summary_large_image\" \/>\n<meta name=\"twitter:creator\" content=\"@rassegnastampa9\" \/>\n<meta name=\"twitter:site\" content=\"@rassegnastampa9\" \/>\n<meta name=\"twitter:label1\" content=\"Scritto da\" \/>\n\t<meta name=\"twitter:data1\" content=\"Redazione\" \/>\n\t<meta name=\"twitter:label2\" content=\"Tempo di lettura stimato\" \/>\n\t<meta name=\"twitter:data2\" content=\"5 minuti\" \/>\n<script type=\"application\/ld+json\" class=\"yoast-schema-graph\">{\"@context\":\"https:\\\/\\\/schema.org\",\"@graph\":[{\"@type\":\"Article\",\"@id\":\"https:\\\/\\\/www.rassegnastampa-totustuus.it\\\/cattolica\\\/100-anni-perche-non-sia-stato-invano\\\/#article\",\"isPartOf\":{\"@id\":\"https:\\\/\\\/www.rassegnastampa-totustuus.it\\\/cattolica\\\/100-anni-perche-non-sia-stato-invano\\\/\"},\"author\":{\"name\":\"Redazione\",\"@id\":\"https:\\\/\\\/www.rassegnastampa-totustuus.it\\\/cattolica\\\/#\\\/schema\\\/person\\\/08f319d2bd1a0904ad9e2bfb7b15e5c3\"},\"headline\":\"100 anni: perch\u00e9 non sia stato invano\",\"datePublished\":\"2017-11-01T23:00:57+00:00\",\"mainEntityOfPage\":{\"@id\":\"https:\\\/\\\/www.rassegnastampa-totustuus.it\\\/cattolica\\\/100-anni-perche-non-sia-stato-invano\\\/\"},\"wordCount\":931,\"publisher\":{\"@id\":\"https:\\\/\\\/www.rassegnastampa-totustuus.it\\\/cattolica\\\/#organization\"},\"image\":{\"@id\":\"https:\\\/\\\/www.rassegnastampa-totustuus.it\\\/cattolica\\\/100-anni-perche-non-sia-stato-invano\\\/#primaryimage\"},\"thumbnailUrl\":\"https:\\\/\\\/www.rassegnastampa-totustuus.it\\\/cattolica\\\/wp-content\\\/uploads\\\/2017\\\/10\\\/rivoluzione_17.jpg\",\"keywords\":[\"Rivoluzione d'Ottobre\"],\"articleSection\":[\"Post-comunismo\",\"Russia\"],\"inLanguage\":\"it-IT\"},{\"@type\":\"WebPage\",\"@id\":\"https:\\\/\\\/www.rassegnastampa-totustuus.it\\\/cattolica\\\/100-anni-perche-non-sia-stato-invano\\\/\",\"url\":\"https:\\\/\\\/www.rassegnastampa-totustuus.it\\\/cattolica\\\/100-anni-perche-non-sia-stato-invano\\\/\",\"name\":\"100 anni: perch\u00e9 non sia stato invano - Rassegna Stampa Cattolica\",\"isPartOf\":{\"@id\":\"https:\\\/\\\/www.rassegnastampa-totustuus.it\\\/cattolica\\\/#website\"},\"primaryImageOfPage\":{\"@id\":\"https:\\\/\\\/www.rassegnastampa-totustuus.it\\\/cattolica\\\/100-anni-perche-non-sia-stato-invano\\\/#primaryimage\"},\"image\":{\"@id\":\"https:\\\/\\\/www.rassegnastampa-totustuus.it\\\/cattolica\\\/100-anni-perche-non-sia-stato-invano\\\/#primaryimage\"},\"thumbnailUrl\":\"https:\\\/\\\/www.rassegnastampa-totustuus.it\\\/cattolica\\\/wp-content\\\/uploads\\\/2017\\\/10\\\/rivoluzione_17.jpg\",\"datePublished\":\"2017-11-01T23:00:57+00:00\",\"description\":\"Rassegna Stampa Cattolica - Per una cultura che nasce dalla Rivelazione cristiana in conformit\u00e0 alla tradizione e al Magistero della Chiesa in opposizione ad ogni relativismo e totalitarismo\",\"breadcrumb\":{\"@id\":\"https:\\\/\\\/www.rassegnastampa-totustuus.it\\\/cattolica\\\/100-anni-perche-non-sia-stato-invano\\\/#breadcrumb\"},\"inLanguage\":\"it-IT\",\"potentialAction\":[{\"@type\":\"ReadAction\",\"target\":[\"https:\\\/\\\/www.rassegnastampa-totustuus.it\\\/cattolica\\\/100-anni-perche-non-sia-stato-invano\\\/\"]}]},{\"@type\":\"ImageObject\",\"inLanguage\":\"it-IT\",\"@id\":\"https:\\\/\\\/www.rassegnastampa-totustuus.it\\\/cattolica\\\/100-anni-perche-non-sia-stato-invano\\\/#primaryimage\",\"url\":\"https:\\\/\\\/www.rassegnastampa-totustuus.it\\\/cattolica\\\/wp-content\\\/uploads\\\/2017\\\/10\\\/rivoluzione_17.jpg\",\"contentUrl\":\"https:\\\/\\\/www.rassegnastampa-totustuus.it\\\/cattolica\\\/wp-content\\\/uploads\\\/2017\\\/10\\\/rivoluzione_17.jpg\",\"width\":770,\"height\":456},{\"@type\":\"BreadcrumbList\",\"@id\":\"https:\\\/\\\/www.rassegnastampa-totustuus.it\\\/cattolica\\\/100-anni-perche-non-sia-stato-invano\\\/#breadcrumb\",\"itemListElement\":[{\"@type\":\"ListItem\",\"position\":1,\"name\":\"Home\",\"item\":\"https:\\\/\\\/www.rassegnastampa-totustuus.it\\\/cattolica\\\/\"},{\"@type\":\"ListItem\",\"position\":2,\"name\":\"100 anni: perch\u00e9 non sia stato invano\"}]},{\"@type\":\"WebSite\",\"@id\":\"https:\\\/\\\/www.rassegnastampa-totustuus.it\\\/cattolica\\\/#website\",\"url\":\"https:\\\/\\\/www.rassegnastampa-totustuus.it\\\/cattolica\\\/\",\"name\":\"Rassegna Stampa Cattolica\",\"description\":\"Per una cultura che nasce dalla Rivelazione cristiana in conformit\u00e0 alla tradizione e al Magistero della Chiesa in opposizione ad ogni relativismo e totalitarismo\",\"publisher\":{\"@id\":\"https:\\\/\\\/www.rassegnastampa-totustuus.it\\\/cattolica\\\/#organization\"},\"alternateName\":\"Rass. Cattolica\",\"potentialAction\":[{\"@type\":\"SearchAction\",\"target\":{\"@type\":\"EntryPoint\",\"urlTemplate\":\"https:\\\/\\\/www.rassegnastampa-totustuus.it\\\/cattolica\\\/?s={search_term_string}\"},\"query-input\":{\"@type\":\"PropertyValueSpecification\",\"valueRequired\":true,\"valueName\":\"search_term_string\"}}],\"inLanguage\":\"it-IT\"},{\"@type\":\"Organization\",\"@id\":\"https:\\\/\\\/www.rassegnastampa-totustuus.it\\\/cattolica\\\/#organization\",\"name\":\"Rassegna Stampa Cattolica\",\"url\":\"https:\\\/\\\/www.rassegnastampa-totustuus.it\\\/cattolica\\\/\",\"logo\":{\"@type\":\"ImageObject\",\"inLanguage\":\"it-IT\",\"@id\":\"https:\\\/\\\/www.rassegnastampa-totustuus.it\\\/cattolica\\\/#\\\/schema\\\/logo\\\/image\\\/\",\"url\":\"https:\\\/\\\/www.rassegnastampa-totustuus.it\\\/cattolica\\\/wp-content\\\/uploads\\\/2014\\\/04\\\/logo-rassegna1.gif\",\"contentUrl\":\"https:\\\/\\\/www.rassegnastampa-totustuus.it\\\/cattolica\\\/wp-content\\\/uploads\\\/2014\\\/04\\\/logo-rassegna1.gif\",\"width\":600,\"height\":163,\"caption\":\"Rassegna Stampa Cattolica\"},\"image\":{\"@id\":\"https:\\\/\\\/www.rassegnastampa-totustuus.it\\\/cattolica\\\/#\\\/schema\\\/logo\\\/image\\\/\"},\"sameAs\":[\"https:\\\/\\\/www.facebook.com\\\/rassegnastampacattolica\",\"https:\\\/\\\/x.com\\\/rassegnastampa9\"]},{\"@type\":\"Person\",\"@id\":\"https:\\\/\\\/www.rassegnastampa-totustuus.it\\\/cattolica\\\/#\\\/schema\\\/person\\\/08f319d2bd1a0904ad9e2bfb7b15e5c3\",\"name\":\"Redazione\",\"image\":{\"@type\":\"ImageObject\",\"inLanguage\":\"it-IT\",\"@id\":\"https:\\\/\\\/secure.gravatar.com\\\/avatar\\\/2fcdf27c78ea025fbdb44e914cc63c72249ffec9dc8aafd5c82b26240ef3f346?s=96&d=mm&r=g\",\"url\":\"https:\\\/\\\/secure.gravatar.com\\\/avatar\\\/2fcdf27c78ea025fbdb44e914cc63c72249ffec9dc8aafd5c82b26240ef3f346?s=96&d=mm&r=g\",\"contentUrl\":\"https:\\\/\\\/secure.gravatar.com\\\/avatar\\\/2fcdf27c78ea025fbdb44e914cc63c72249ffec9dc8aafd5c82b26240ef3f346?s=96&d=mm&r=g\",\"caption\":\"Redazione\"},\"url\":\"https:\\\/\\\/www.rassegnastampa-totustuus.it\\\/cattolica\\\/author\\\/pietroelle\\\/\"}]}<\/script>\n<!-- \/ Yoast SEO plugin. -->","yoast_head_json":{"title":"100 anni: perch\u00e9 non sia stato invano - Rassegna Stampa Cattolica","description":"Rassegna Stampa Cattolica - Per una cultura che nasce dalla Rivelazione cristiana in conformit\u00e0 alla tradizione e al Magistero della Chiesa in opposizione ad ogni relativismo e totalitarismo","robots":{"index":"index","follow":"follow","max-snippet":"max-snippet:-1","max-image-preview":"max-image-preview:large","max-video-preview":"max-video-preview:-1"},"canonical":"https:\/\/www.rassegnastampa-totustuus.it\/cattolica\/100-anni-perche-non-sia-stato-invano\/","og_locale":"it_IT","og_type":"article","og_title":"100 anni: perch\u00e9 non sia stato invano - Rassegna Stampa Cattolica","og_description":"Rassegna Stampa Cattolica - Per una cultura che nasce dalla Rivelazione cristiana in conformit\u00e0 alla tradizione e al Magistero della Chiesa in opposizione ad ogni relativismo e totalitarismo","og_url":"https:\/\/www.rassegnastampa-totustuus.it\/cattolica\/100-anni-perche-non-sia-stato-invano\/","og_site_name":"Rassegna Stampa Cattolica","article_publisher":"https:\/\/www.facebook.com\/rassegnastampacattolica","article_published_time":"2017-11-01T23:00:57+00:00","og_image":[{"width":770,"height":456,"url":"https:\/\/www.rassegnastampa-totustuus.it\/cattolica\/wp-content\/uploads\/2017\/10\/rivoluzione_17.jpg","type":"image\/jpeg"}],"author":"Redazione","twitter_card":"summary_large_image","twitter_creator":"@rassegnastampa9","twitter_site":"@rassegnastampa9","twitter_misc":{"Scritto da":"Redazione","Tempo di lettura stimato":"5 minuti"},"schema":{"@context":"https:\/\/schema.org","@graph":[{"@type":"Article","@id":"https:\/\/www.rassegnastampa-totustuus.it\/cattolica\/100-anni-perche-non-sia-stato-invano\/#article","isPartOf":{"@id":"https:\/\/www.rassegnastampa-totustuus.it\/cattolica\/100-anni-perche-non-sia-stato-invano\/"},"author":{"name":"Redazione","@id":"https:\/\/www.rassegnastampa-totustuus.it\/cattolica\/#\/schema\/person\/08f319d2bd1a0904ad9e2bfb7b15e5c3"},"headline":"100 anni: perch\u00e9 non sia stato invano","datePublished":"2017-11-01T23:00:57+00:00","mainEntityOfPage":{"@id":"https:\/\/www.rassegnastampa-totustuus.it\/cattolica\/100-anni-perche-non-sia-stato-invano\/"},"wordCount":931,"publisher":{"@id":"https:\/\/www.rassegnastampa-totustuus.it\/cattolica\/#organization"},"image":{"@id":"https:\/\/www.rassegnastampa-totustuus.it\/cattolica\/100-anni-perche-non-sia-stato-invano\/#primaryimage"},"thumbnailUrl":"https:\/\/www.rassegnastampa-totustuus.it\/cattolica\/wp-content\/uploads\/2017\/10\/rivoluzione_17.jpg","keywords":["Rivoluzione d'Ottobre"],"articleSection":["Post-comunismo","Russia"],"inLanguage":"it-IT"},{"@type":"WebPage","@id":"https:\/\/www.rassegnastampa-totustuus.it\/cattolica\/100-anni-perche-non-sia-stato-invano\/","url":"https:\/\/www.rassegnastampa-totustuus.it\/cattolica\/100-anni-perche-non-sia-stato-invano\/","name":"100 anni: perch\u00e9 non sia stato invano - Rassegna Stampa Cattolica","isPartOf":{"@id":"https:\/\/www.rassegnastampa-totustuus.it\/cattolica\/#website"},"primaryImageOfPage":{"@id":"https:\/\/www.rassegnastampa-totustuus.it\/cattolica\/100-anni-perche-non-sia-stato-invano\/#primaryimage"},"image":{"@id":"https:\/\/www.rassegnastampa-totustuus.it\/cattolica\/100-anni-perche-non-sia-stato-invano\/#primaryimage"},"thumbnailUrl":"https:\/\/www.rassegnastampa-totustuus.it\/cattolica\/wp-content\/uploads\/2017\/10\/rivoluzione_17.jpg","datePublished":"2017-11-01T23:00:57+00:00","description":"Rassegna Stampa Cattolica - Per una cultura che nasce dalla Rivelazione cristiana in conformit\u00e0 alla tradizione e al Magistero della Chiesa in opposizione ad ogni relativismo e totalitarismo","breadcrumb":{"@id":"https:\/\/www.rassegnastampa-totustuus.it\/cattolica\/100-anni-perche-non-sia-stato-invano\/#breadcrumb"},"inLanguage":"it-IT","potentialAction":[{"@type":"ReadAction","target":["https:\/\/www.rassegnastampa-totustuus.it\/cattolica\/100-anni-perche-non-sia-stato-invano\/"]}]},{"@type":"ImageObject","inLanguage":"it-IT","@id":"https:\/\/www.rassegnastampa-totustuus.it\/cattolica\/100-anni-perche-non-sia-stato-invano\/#primaryimage","url":"https:\/\/www.rassegnastampa-totustuus.it\/cattolica\/wp-content\/uploads\/2017\/10\/rivoluzione_17.jpg","contentUrl":"https:\/\/www.rassegnastampa-totustuus.it\/cattolica\/wp-content\/uploads\/2017\/10\/rivoluzione_17.jpg","width":770,"height":456},{"@type":"BreadcrumbList","@id":"https:\/\/www.rassegnastampa-totustuus.it\/cattolica\/100-anni-perche-non-sia-stato-invano\/#breadcrumb","itemListElement":[{"@type":"ListItem","position":1,"name":"Home","item":"https:\/\/www.rassegnastampa-totustuus.it\/cattolica\/"},{"@type":"ListItem","position":2,"name":"100 anni: perch\u00e9 non sia stato invano"}]},{"@type":"WebSite","@id":"https:\/\/www.rassegnastampa-totustuus.it\/cattolica\/#website","url":"https:\/\/www.rassegnastampa-totustuus.it\/cattolica\/","name":"Rassegna Stampa Cattolica","description":"Per una cultura che nasce dalla Rivelazione cristiana in conformit\u00e0 alla tradizione e al Magistero della Chiesa in opposizione ad ogni relativismo e totalitarismo","publisher":{"@id":"https:\/\/www.rassegnastampa-totustuus.it\/cattolica\/#organization"},"alternateName":"Rass. Cattolica","potentialAction":[{"@type":"SearchAction","target":{"@type":"EntryPoint","urlTemplate":"https:\/\/www.rassegnastampa-totustuus.it\/cattolica\/?s={search_term_string}"},"query-input":{"@type":"PropertyValueSpecification","valueRequired":true,"valueName":"search_term_string"}}],"inLanguage":"it-IT"},{"@type":"Organization","@id":"https:\/\/www.rassegnastampa-totustuus.it\/cattolica\/#organization","name":"Rassegna Stampa Cattolica","url":"https:\/\/www.rassegnastampa-totustuus.it\/cattolica\/","logo":{"@type":"ImageObject","inLanguage":"it-IT","@id":"https:\/\/www.rassegnastampa-totustuus.it\/cattolica\/#\/schema\/logo\/image\/","url":"https:\/\/www.rassegnastampa-totustuus.it\/cattolica\/wp-content\/uploads\/2014\/04\/logo-rassegna1.gif","contentUrl":"https:\/\/www.rassegnastampa-totustuus.it\/cattolica\/wp-content\/uploads\/2014\/04\/logo-rassegna1.gif","width":600,"height":163,"caption":"Rassegna Stampa Cattolica"},"image":{"@id":"https:\/\/www.rassegnastampa-totustuus.it\/cattolica\/#\/schema\/logo\/image\/"},"sameAs":["https:\/\/www.facebook.com\/rassegnastampacattolica","https:\/\/x.com\/rassegnastampa9"]},{"@type":"Person","@id":"https:\/\/www.rassegnastampa-totustuus.it\/cattolica\/#\/schema\/person\/08f319d2bd1a0904ad9e2bfb7b15e5c3","name":"Redazione","image":{"@type":"ImageObject","inLanguage":"it-IT","@id":"https:\/\/secure.gravatar.com\/avatar\/2fcdf27c78ea025fbdb44e914cc63c72249ffec9dc8aafd5c82b26240ef3f346?s=96&d=mm&r=g","url":"https:\/\/secure.gravatar.com\/avatar\/2fcdf27c78ea025fbdb44e914cc63c72249ffec9dc8aafd5c82b26240ef3f346?s=96&d=mm&r=g","contentUrl":"https:\/\/secure.gravatar.com\/avatar\/2fcdf27c78ea025fbdb44e914cc63c72249ffec9dc8aafd5c82b26240ef3f346?s=96&d=mm&r=g","caption":"Redazione"},"url":"https:\/\/www.rassegnastampa-totustuus.it\/cattolica\/author\/pietroelle\/"}]}},"_links":{"self":[{"href":"https:\/\/www.rassegnastampa-totustuus.it\/cattolica\/wp-json\/wp\/v2\/posts\/38717","targetHints":{"allow":["GET"]}}],"collection":[{"href":"https:\/\/www.rassegnastampa-totustuus.it\/cattolica\/wp-json\/wp\/v2\/posts"}],"about":[{"href":"https:\/\/www.rassegnastampa-totustuus.it\/cattolica\/wp-json\/wp\/v2\/types\/post"}],"author":[{"embeddable":true,"href":"https:\/\/www.rassegnastampa-totustuus.it\/cattolica\/wp-json\/wp\/v2\/users\/6"}],"replies":[{"embeddable":true,"href":"https:\/\/www.rassegnastampa-totustuus.it\/cattolica\/wp-json\/wp\/v2\/comments?post=38717"}],"version-history":[{"count":1,"href":"https:\/\/www.rassegnastampa-totustuus.it\/cattolica\/wp-json\/wp\/v2\/posts\/38717\/revisions"}],"predecessor-version":[{"id":38719,"href":"https:\/\/www.rassegnastampa-totustuus.it\/cattolica\/wp-json\/wp\/v2\/posts\/38717\/revisions\/38719"}],"wp:featuredmedia":[{"embeddable":true,"href":"https:\/\/www.rassegnastampa-totustuus.it\/cattolica\/wp-json\/wp\/v2\/media\/38718"}],"wp:attachment":[{"href":"https:\/\/www.rassegnastampa-totustuus.it\/cattolica\/wp-json\/wp\/v2\/media?parent=38717"}],"wp:term":[{"taxonomy":"category","embeddable":true,"href":"https:\/\/www.rassegnastampa-totustuus.it\/cattolica\/wp-json\/wp\/v2\/categories?post=38717"},{"taxonomy":"post_tag","embeddable":true,"href":"https:\/\/www.rassegnastampa-totustuus.it\/cattolica\/wp-json\/wp\/v2\/tags?post=38717"}],"curies":[{"name":"wp","href":"https:\/\/api.w.org\/{rel}","templated":true}]}}