{"id":3870,"date":"2010-06-18T08:58:44","date_gmt":"2010-06-18T06:58:44","guid":{"rendered":""},"modified":"2015-03-10T14:11:53","modified_gmt":"2015-03-10T13:11:53","slug":"il-concilio-e-il-terremoto-nella-chiesa","status":"publish","type":"post","link":"https:\/\/www.rassegnastampa-totustuus.it\/cattolica\/il-concilio-e-il-terremoto-nella-chiesa\/","title":{"rendered":"Il Concilio e il terremoto nella Chiesa"},"content":{"rendered":"<div style=\"text-align: center;\"><a href=\"https:\/\/www.rassegnastampa-totustuus.it\/cattolica\/wp-content\/uploads\/2010\/06\/Concilio.jpg\"><img loading=\"lazy\" decoding=\"async\" class=\"alignleft wp-image-21106 size-full\" src=\"https:\/\/www.rassegnastampa-totustuus.it\/cattolica\/wp-content\/uploads\/2010\/06\/Concilio.jpg\" alt=\"Concilio\" width=\"244\" height=\"206\" \/><\/a>dal sito: <strong>libert\u00e0 e persona<\/strong> 12 giugno 2010<\/div>\n<p style=\"text-align: center;\">di <strong>Irene Bertoglio <\/strong><\/p>\n<p style=\"text-align: justify;\">Se la societ\u00e0 civile ha sentito le prime scosse telluriche col &#8217;68, la Chiesa \u00e8 entrata in clima di revisione almeno sei anni prima, col Concilio Ecumenico Vaticano II, aperto nel &#8217;62 e chiuso nel &#8217;65. E con il rinnovamento (comprensibile e, per certi aspetti, accettabile e necessario), si son fatti sentire i primi segnali del terremoto che stava esplodendo.<\/p>\n<p><!--more--><\/p>\n<div style=\"text-align: justify;\">Qualcuno, ben pi\u00f9 autorevole di me, ha gi\u00e0 denunciato i cambiamenti tentati e riusciti per far cambiare rotta alla Chiesa: una diversa visione teologica su Dio, su Ges\u00f9 Cristo, sulla Chiesa e sull&#8217;uomo, una diversa impostazione pastorale del rapporto Chiesa\/mondo e del rapporto tra la Chiesa cattolica e le altre confessioni cristiane o tra la Chiesa cattolica e le altre religioni, un diverso modo di concepire la disciplina.<\/div>\n<p style=\"text-align: justify;\">Nel maggio dell&#8217;89, il presidente della C.E.I., il Cardinale Ugo Poletti, preoccupato per quanto sessantatre cultori di scienze ecclesiastiche hanno scritto alla Chiesa italiana, ha ravvisato \u201calterazioni profonde del contenuto della fede cattolica e conseguenti divisioni nella compagine clericale\u201d. E ancora: \u201cLe preoccupazioni riguardano in particolare gli allievi dei nostri seminari e istituti teologici, coloro che domani saranno i nostri nuovi sacerdoti, e che certo non ricevono oggi da alcuni loro maestri un esempio formativo, sotto il profilo della teologia, della spiritualit\u00e0 e del senso della Chiesa\u201d.<\/p>\n<p style=\"text-align: justify;\">Mi chiedo: se i vescovi italiani non si fossero limitati solo a qualche piagnisteo inconcludente, a delle lamentele senza un seguito, se avessero preso la decisione coraggiosa e dolorosa, ma necessaria, di disinfestare i seminari, non sarebbero usciti dei nuovi sacerdoti in piena sintonia con la dottrina, con le direttive e con le necessit\u00e0 della Chiesa? Dunque, il terremoto ormai permanente di cui da quarant&#8217;anni \u00e8 vittima la Chiesa, \u00e8 stato veicolato in basso dalle nuove generazioni di preti formati male nei seminari: l&#8217;infezione che essi hanno contratto negli anni della loro formazione (o deformazione!), l&#8217;hanno trasmessa poi nelle loro parrocchie.<\/p>\n<p style=\"text-align: justify;\">Oggi molti vescovi non governano pi\u00f9 la Chiesa: davanti a certi comportamenti gravissimi di alcuni preti, si limitano a qualche amara constatazione e a dei pii consigli, ma nulla pi\u00f9. Pare che si vergognino del potere di governo, come se fosse il segno di una durezza di cuore. Non governano per timore dei contraccolpi che quasi sicuramente riceverebbero da una base (e sto parlando di sacerdoti) ormai anarchica e ingovernabile.<\/p>\n<p style=\"text-align: justify;\">Governare significa fare le Leggi, farle rispettare e colpire chi le viola. Ges\u00f9 ha fondato la sua Chiesa su tre \u201cgambe\u201d: il potere di insegnare, il potere di santificare e il potere di governare. Cercare di far stare in piedi la Chiesa con due sole gambe, senza il potere di governo, \u00e8 una pura e dannosa illusione. E l&#8217;anarchia presente oggi nella Chiesa lo dimostra ampiamente.<\/p>\n<p style=\"text-align: justify;\">Quando persino dei sacerdoti favorevoli all&#8217;aborto (e dunque assassini) restano impuniti, ogni altro ribelle sa che avr\u00e0 garantita l&#8217;impunit\u00e0. Se invece un prete sputa in faccia a Cristo con eresie e ribellioni sistematiche, qualche vescovo \u00e8 sempre pronto a tirare in ballo la carit\u00e0, la pazienza, la doverosa comprensione verso un fratello che sbaglia, la capacit\u00e0 di saper attendere un suo ravvedimento&#8230; Se fosse necessario, perch\u00e9 rinunciare a richiamare anche i vescovi?<\/p>\n<p style=\"text-align: justify;\">\u00c8 San Paolo che ci insegna a farlo, criticando niente meno che l&#8217;apostolo Pietro, capo della Chiesa, il primo Papa, \u201cdi simulazione, di ipocrisia, di comportamento non retto secondo la verit\u00e0 del Vangelo\u201d e lo corregge \u201cin presenza di tutti\u201d (Gal 2, 11-14).<\/p>\n<p style=\"text-align: justify;\">\u00c8 il caso di meditare attentamente su quanto ha scritto Giovanni Paolo II parlando di s\u00e9: \u201cAl ruolo del Pastore appartiene certamente anche l&#8217;ammonire. Penso che, sotto questo aspetto, ho fatto forse troppo poco&#8230; Forse devo rimproverarmi di non aver abbastanza cercato di comandare. In certa misura, ci\u00f2 deriva dal mio temperamento. Se il vescovo dice: \u201cQui comando solo io\u201d, oppure \u201cIo sono qui solo a servire\u201d, manca qualcosa: egli deve servire governando e governare servendo\u201d.<\/p>\n<p style=\"text-align: justify;\">La critica \u00e8 un bene quando nasce dall&#8217;amore alla Chiesa e dalla volont\u00e0 di rendere migliore i nostri Pastori. E quando si critica il loro operato non in base a criteri nostri, ma ai criteri di Ges\u00f9 Cristo. Se un vescovo non rimuove un prete abortista o eretico, gli altri preti e tutti i fedeli, pur soffrendone, non possono far nulla. Questo peccato di omissione ha permesso ai lupi di restare indisturbati in mezzo al gregge a far strage delle pecore indifese.<\/p>\n<p style=\"text-align: justify;\">Sono cosciente che chi avanza anche solo qualche riserva nei confronti del Concilio viene subito attaccato come ribelle alla Chiesa. Ma che qualcosa di poco chiaro ci sia stato in questo benedetto Concilio Ecumenico Vaticano II \u00e8 fuori dubbio. Papa Paolo VI ha avuto l&#8217;onest\u00e0 di riconoscere la tempesta spaventosa in cui naviga la Chiesa: \u201cIn numerosi campi, il Concilio non ci ha dato fino ad ora la tranquillit\u00e0, ma ha piuttosto suscitato turbamenti e problemi non utili al rafforzamento del Regno di Dio nella Chiesa e nelle anime. [\u2026] Gran parte dei mali non assale la Chiesa dal di fuori ma l&#8217;affligge, l&#8217;indebolisce, la snerva dal di dentro\u201d. Le dimensioni dello sfascio, Montini, le denuncia quando dice: \u201cIl fumo di Satana \u00e8 entrato nel tempio di Dio&#8230; Si credeva che dopo il Concilio sarebbe venuta una giornata di sole per la storia della Chiesa. \u00c8 venuta invece una giornata di nuvole, di tempesta, di buio\u201d.<\/p>\n<p style=\"text-align: justify;\">Del resto, il teologo olandese padre Edward Schillebeeckx, lo ha affermato senza esitazioni: \u201cIn Concilio abbiamo usato dei termini equivoci e non sappiamo che cosa poi ne ricaveremo\u201d.<\/p>\n<p style=\"text-align: justify;\">E Giovanni Paolo II si associa nella denuncia e nel lamento: \u201cBisogna ammettere realisticamente e con sofferta sensibilit\u00e0 che i cristiani oggi in gran pare si sentono smarriti, confusi, perplessi e perfino delusi, si son sparse a piene mani idee contrastanti con la verit\u00e0 rivelata e da sempre insegnata; si sono propalate vere e proprie eresie in campo dogmatico e morale, creando dubbi, confusioni, ribellioni; si \u00e8 manomessa anche la liturgia. Immersi nel relativismo intellettuale e morale e perci\u00f2 nel permissivismo, i cristiani sono tentati dall&#8217;ateismo, dall&#8217;agnosticismo, dall&#8217;illuminismo vagamente moralistico, da un cristianesimo sociologico, senza dogmi e senza morale oggettiva\u201d.<\/p>\n<p style=\"text-align: justify;\">Responsabili sono quei teologi che, nelle facolt\u00e0 universitarie, pure pontificie, e nei seminari, insegnano da anni vere e proprie eresie o hanno messo il silenziatore a verit\u00e0 scomode (inferno, purgatorio, comandamenti, castit\u00e0, penitenze, indulgenze&#8230;). Responsabili sono quei pastori d&#8217;anime che, nella catechesi e nella predicazione, non tengono conto delle norme della Chiesa in campo liturgico e disciplinare. E responsabili sono anche quei laici che si sono rassegnati alle balordaggini di certi Pastori senza protestare.<\/p>\n<p style=\"text-align: justify;\">\u00c8 lo stesso Benedetto XVI che ci esorta: \u201cE\u2019 tempo di ritrovare il coraggio dell&#8217;anticonformismo, la capacit\u00e0 di opporsi e di denunciare molte delle tendenze della cultura circostante, rinunciando a certa euforica solidariet\u00e0 postconciliare\u201d. In poche parole, ha esortato il Pontefice regnante in occasione della chiusura dell\u2019Anno Sacerdotale, \u201cla Chiesa usi il bastone contro i sacerdoti indegni\u201d. Speriamo che questo saggio richiamo non cada nel vuoto.<\/p>\n","protected":false},"excerpt":{"rendered":"<p>dal sito: libert\u00e0 e persona 12 giugno 2010 di Irene Bertoglio Se la societ\u00e0 civile ha sentito le prime scosse telluriche col &#8217;68, la Chiesa \u00e8 entrata in clima di revisione almeno sei anni prima, col Concilio Ecumenico Vaticano II, aperto nel &#8217;62 e chiuso nel &#8217;65. E con il rinnovamento (comprensibile e, per certi &hellip; <\/p>\n<p><a class=\"more-link btn\" href=\"https:\/\/www.rassegnastampa-totustuus.it\/cattolica\/il-concilio-e-il-terremoto-nella-chiesa\/\">Continua a leggere<\/a><\/p>\n","protected":false},"author":6,"featured_media":21106,"comment_status":"closed","ping_status":"open","sticky":false,"template":"","format":"standard","meta":{"footnotes":""},"categories":[5,45],"tags":[344],"class_list":["post-3870","post","type-post","status-publish","format-standard","has-post-thumbnail","hentry","category-chiesa","category-progressismo-cattolico","tag-concilio-vaticano-ii","item-wrap"],"yoast_head":"<!-- This site is optimized with the Yoast SEO plugin v27.5 - https:\/\/yoast.com\/product\/yoast-seo-wordpress\/ -->\n<title>Il Concilio e il terremoto nella Chiesa - Rassegna Stampa Cattolica<\/title>\n<meta name=\"description\" content=\"Rassegna Stampa Cattolica - Per una cultura che nasce dalla Rivelazione cristiana in conformit\u00e0 alla tradizione e al Magistero della Chiesa in opposizione ad ogni relativismo e totalitarismo\" \/>\n<meta name=\"robots\" content=\"index, follow, max-snippet:-1, max-image-preview:large, max-video-preview:-1\" \/>\n<link rel=\"canonical\" href=\"https:\/\/www.rassegnastampa-totustuus.it\/cattolica\/il-concilio-e-il-terremoto-nella-chiesa\/\" \/>\n<meta property=\"og:locale\" content=\"it_IT\" \/>\n<meta property=\"og:type\" content=\"article\" \/>\n<meta property=\"og:title\" content=\"Il Concilio e il terremoto nella Chiesa - Rassegna Stampa Cattolica\" \/>\n<meta property=\"og:description\" content=\"Rassegna Stampa Cattolica - Per una cultura che nasce dalla Rivelazione cristiana in conformit\u00e0 alla tradizione e al Magistero della Chiesa in opposizione ad ogni relativismo e totalitarismo\" \/>\n<meta property=\"og:url\" content=\"https:\/\/www.rassegnastampa-totustuus.it\/cattolica\/il-concilio-e-il-terremoto-nella-chiesa\/\" \/>\n<meta property=\"og:site_name\" content=\"Rassegna Stampa Cattolica\" \/>\n<meta property=\"article:publisher\" content=\"https:\/\/www.facebook.com\/rassegnastampacattolica\" \/>\n<meta property=\"article:published_time\" content=\"2010-06-18T06:58:44+00:00\" \/>\n<meta property=\"article:modified_time\" content=\"2015-03-10T13:11:53+00:00\" \/>\n<meta property=\"og:image\" content=\"https:\/\/www.rassegnastampa-totustuus.it\/cattolica\/wp-content\/uploads\/2010\/06\/Concilio.jpg\" \/>\n\t<meta property=\"og:image:width\" content=\"244\" \/>\n\t<meta property=\"og:image:height\" content=\"206\" \/>\n\t<meta property=\"og:image:type\" content=\"image\/jpeg\" \/>\n<meta name=\"author\" content=\"Redazione\" \/>\n<meta name=\"twitter:card\" content=\"summary_large_image\" \/>\n<meta name=\"twitter:creator\" content=\"@rassegnastampa9\" \/>\n<meta name=\"twitter:site\" content=\"@rassegnastampa9\" \/>\n<meta name=\"twitter:label1\" content=\"Scritto da\" \/>\n\t<meta name=\"twitter:data1\" content=\"Redazione\" \/>\n\t<meta name=\"twitter:label2\" content=\"Tempo di lettura stimato\" \/>\n\t<meta name=\"twitter:data2\" content=\"6 minuti\" \/>\n<script type=\"application\/ld+json\" class=\"yoast-schema-graph\">{\"@context\":\"https:\\\/\\\/schema.org\",\"@graph\":[{\"@type\":\"Article\",\"@id\":\"https:\\\/\\\/www.rassegnastampa-totustuus.it\\\/cattolica\\\/il-concilio-e-il-terremoto-nella-chiesa\\\/#article\",\"isPartOf\":{\"@id\":\"https:\\\/\\\/www.rassegnastampa-totustuus.it\\\/cattolica\\\/il-concilio-e-il-terremoto-nella-chiesa\\\/\"},\"author\":{\"name\":\"Redazione\",\"@id\":\"https:\\\/\\\/www.rassegnastampa-totustuus.it\\\/cattolica\\\/#\\\/schema\\\/person\\\/08f319d2bd1a0904ad9e2bfb7b15e5c3\"},\"headline\":\"Il Concilio e il terremoto nella Chiesa\",\"datePublished\":\"2010-06-18T06:58:44+00:00\",\"dateModified\":\"2015-03-10T13:11:53+00:00\",\"mainEntityOfPage\":{\"@id\":\"https:\\\/\\\/www.rassegnastampa-totustuus.it\\\/cattolica\\\/il-concilio-e-il-terremoto-nella-chiesa\\\/\"},\"wordCount\":1169,\"publisher\":{\"@id\":\"https:\\\/\\\/www.rassegnastampa-totustuus.it\\\/cattolica\\\/#organization\"},\"image\":{\"@id\":\"https:\\\/\\\/www.rassegnastampa-totustuus.it\\\/cattolica\\\/il-concilio-e-il-terremoto-nella-chiesa\\\/#primaryimage\"},\"thumbnailUrl\":\"https:\\\/\\\/www.rassegnastampa-totustuus.it\\\/cattolica\\\/wp-content\\\/uploads\\\/2010\\\/06\\\/Concilio.jpg\",\"keywords\":[\"Concilio Vaticano II\"],\"articleSection\":[\"Chiesa\",\"Progressismo\"],\"inLanguage\":\"it-IT\"},{\"@type\":\"WebPage\",\"@id\":\"https:\\\/\\\/www.rassegnastampa-totustuus.it\\\/cattolica\\\/il-concilio-e-il-terremoto-nella-chiesa\\\/\",\"url\":\"https:\\\/\\\/www.rassegnastampa-totustuus.it\\\/cattolica\\\/il-concilio-e-il-terremoto-nella-chiesa\\\/\",\"name\":\"Il Concilio e il terremoto nella Chiesa - Rassegna Stampa Cattolica\",\"isPartOf\":{\"@id\":\"https:\\\/\\\/www.rassegnastampa-totustuus.it\\\/cattolica\\\/#website\"},\"primaryImageOfPage\":{\"@id\":\"https:\\\/\\\/www.rassegnastampa-totustuus.it\\\/cattolica\\\/il-concilio-e-il-terremoto-nella-chiesa\\\/#primaryimage\"},\"image\":{\"@id\":\"https:\\\/\\\/www.rassegnastampa-totustuus.it\\\/cattolica\\\/il-concilio-e-il-terremoto-nella-chiesa\\\/#primaryimage\"},\"thumbnailUrl\":\"https:\\\/\\\/www.rassegnastampa-totustuus.it\\\/cattolica\\\/wp-content\\\/uploads\\\/2010\\\/06\\\/Concilio.jpg\",\"datePublished\":\"2010-06-18T06:58:44+00:00\",\"dateModified\":\"2015-03-10T13:11:53+00:00\",\"description\":\"Rassegna Stampa Cattolica - Per una cultura che nasce dalla Rivelazione cristiana in conformit\u00e0 alla tradizione e al Magistero della Chiesa in opposizione ad ogni relativismo e totalitarismo\",\"breadcrumb\":{\"@id\":\"https:\\\/\\\/www.rassegnastampa-totustuus.it\\\/cattolica\\\/il-concilio-e-il-terremoto-nella-chiesa\\\/#breadcrumb\"},\"inLanguage\":\"it-IT\",\"potentialAction\":[{\"@type\":\"ReadAction\",\"target\":[\"https:\\\/\\\/www.rassegnastampa-totustuus.it\\\/cattolica\\\/il-concilio-e-il-terremoto-nella-chiesa\\\/\"]}]},{\"@type\":\"ImageObject\",\"inLanguage\":\"it-IT\",\"@id\":\"https:\\\/\\\/www.rassegnastampa-totustuus.it\\\/cattolica\\\/il-concilio-e-il-terremoto-nella-chiesa\\\/#primaryimage\",\"url\":\"https:\\\/\\\/www.rassegnastampa-totustuus.it\\\/cattolica\\\/wp-content\\\/uploads\\\/2010\\\/06\\\/Concilio.jpg\",\"contentUrl\":\"https:\\\/\\\/www.rassegnastampa-totustuus.it\\\/cattolica\\\/wp-content\\\/uploads\\\/2010\\\/06\\\/Concilio.jpg\",\"width\":244,\"height\":206},{\"@type\":\"BreadcrumbList\",\"@id\":\"https:\\\/\\\/www.rassegnastampa-totustuus.it\\\/cattolica\\\/il-concilio-e-il-terremoto-nella-chiesa\\\/#breadcrumb\",\"itemListElement\":[{\"@type\":\"ListItem\",\"position\":1,\"name\":\"Home\",\"item\":\"https:\\\/\\\/www.rassegnastampa-totustuus.it\\\/cattolica\\\/\"},{\"@type\":\"ListItem\",\"position\":2,\"name\":\"Il Concilio e il terremoto nella Chiesa\"}]},{\"@type\":\"WebSite\",\"@id\":\"https:\\\/\\\/www.rassegnastampa-totustuus.it\\\/cattolica\\\/#website\",\"url\":\"https:\\\/\\\/www.rassegnastampa-totustuus.it\\\/cattolica\\\/\",\"name\":\"Rassegna Stampa Cattolica\",\"description\":\"Per una cultura che nasce dalla Rivelazione cristiana in conformit\u00e0 alla tradizione e al Magistero della Chiesa in opposizione ad ogni relativismo e totalitarismo\",\"publisher\":{\"@id\":\"https:\\\/\\\/www.rassegnastampa-totustuus.it\\\/cattolica\\\/#organization\"},\"alternateName\":\"Rass. Cattolica\",\"potentialAction\":[{\"@type\":\"SearchAction\",\"target\":{\"@type\":\"EntryPoint\",\"urlTemplate\":\"https:\\\/\\\/www.rassegnastampa-totustuus.it\\\/cattolica\\\/?s={search_term_string}\"},\"query-input\":{\"@type\":\"PropertyValueSpecification\",\"valueRequired\":true,\"valueName\":\"search_term_string\"}}],\"inLanguage\":\"it-IT\"},{\"@type\":\"Organization\",\"@id\":\"https:\\\/\\\/www.rassegnastampa-totustuus.it\\\/cattolica\\\/#organization\",\"name\":\"Rassegna Stampa Cattolica\",\"url\":\"https:\\\/\\\/www.rassegnastampa-totustuus.it\\\/cattolica\\\/\",\"logo\":{\"@type\":\"ImageObject\",\"inLanguage\":\"it-IT\",\"@id\":\"https:\\\/\\\/www.rassegnastampa-totustuus.it\\\/cattolica\\\/#\\\/schema\\\/logo\\\/image\\\/\",\"url\":\"https:\\\/\\\/www.rassegnastampa-totustuus.it\\\/cattolica\\\/wp-content\\\/uploads\\\/2014\\\/04\\\/logo-rassegna1.gif\",\"contentUrl\":\"https:\\\/\\\/www.rassegnastampa-totustuus.it\\\/cattolica\\\/wp-content\\\/uploads\\\/2014\\\/04\\\/logo-rassegna1.gif\",\"width\":600,\"height\":163,\"caption\":\"Rassegna Stampa Cattolica\"},\"image\":{\"@id\":\"https:\\\/\\\/www.rassegnastampa-totustuus.it\\\/cattolica\\\/#\\\/schema\\\/logo\\\/image\\\/\"},\"sameAs\":[\"https:\\\/\\\/www.facebook.com\\\/rassegnastampacattolica\",\"https:\\\/\\\/x.com\\\/rassegnastampa9\"]},{\"@type\":\"Person\",\"@id\":\"https:\\\/\\\/www.rassegnastampa-totustuus.it\\\/cattolica\\\/#\\\/schema\\\/person\\\/08f319d2bd1a0904ad9e2bfb7b15e5c3\",\"name\":\"Redazione\",\"image\":{\"@type\":\"ImageObject\",\"inLanguage\":\"it-IT\",\"@id\":\"https:\\\/\\\/secure.gravatar.com\\\/avatar\\\/2fcdf27c78ea025fbdb44e914cc63c72249ffec9dc8aafd5c82b26240ef3f346?s=96&d=mm&r=g\",\"url\":\"https:\\\/\\\/secure.gravatar.com\\\/avatar\\\/2fcdf27c78ea025fbdb44e914cc63c72249ffec9dc8aafd5c82b26240ef3f346?s=96&d=mm&r=g\",\"contentUrl\":\"https:\\\/\\\/secure.gravatar.com\\\/avatar\\\/2fcdf27c78ea025fbdb44e914cc63c72249ffec9dc8aafd5c82b26240ef3f346?s=96&d=mm&r=g\",\"caption\":\"Redazione\"},\"url\":\"https:\\\/\\\/www.rassegnastampa-totustuus.it\\\/cattolica\\\/author\\\/pietroelle\\\/\"}]}<\/script>\n<!-- \/ Yoast SEO plugin. -->","yoast_head_json":{"title":"Il Concilio e il terremoto nella Chiesa - Rassegna Stampa Cattolica","description":"Rassegna Stampa Cattolica - Per una cultura che nasce dalla Rivelazione cristiana in conformit\u00e0 alla tradizione e al Magistero della Chiesa in opposizione ad ogni relativismo e totalitarismo","robots":{"index":"index","follow":"follow","max-snippet":"max-snippet:-1","max-image-preview":"max-image-preview:large","max-video-preview":"max-video-preview:-1"},"canonical":"https:\/\/www.rassegnastampa-totustuus.it\/cattolica\/il-concilio-e-il-terremoto-nella-chiesa\/","og_locale":"it_IT","og_type":"article","og_title":"Il Concilio e il terremoto nella Chiesa - Rassegna Stampa Cattolica","og_description":"Rassegna Stampa Cattolica - Per una cultura che nasce dalla Rivelazione cristiana in conformit\u00e0 alla tradizione e al Magistero della Chiesa in opposizione ad ogni relativismo e totalitarismo","og_url":"https:\/\/www.rassegnastampa-totustuus.it\/cattolica\/il-concilio-e-il-terremoto-nella-chiesa\/","og_site_name":"Rassegna Stampa Cattolica","article_publisher":"https:\/\/www.facebook.com\/rassegnastampacattolica","article_published_time":"2010-06-18T06:58:44+00:00","article_modified_time":"2015-03-10T13:11:53+00:00","og_image":[{"width":244,"height":206,"url":"https:\/\/www.rassegnastampa-totustuus.it\/cattolica\/wp-content\/uploads\/2010\/06\/Concilio.jpg","type":"image\/jpeg"}],"author":"Redazione","twitter_card":"summary_large_image","twitter_creator":"@rassegnastampa9","twitter_site":"@rassegnastampa9","twitter_misc":{"Scritto da":"Redazione","Tempo di lettura stimato":"6 minuti"},"schema":{"@context":"https:\/\/schema.org","@graph":[{"@type":"Article","@id":"https:\/\/www.rassegnastampa-totustuus.it\/cattolica\/il-concilio-e-il-terremoto-nella-chiesa\/#article","isPartOf":{"@id":"https:\/\/www.rassegnastampa-totustuus.it\/cattolica\/il-concilio-e-il-terremoto-nella-chiesa\/"},"author":{"name":"Redazione","@id":"https:\/\/www.rassegnastampa-totustuus.it\/cattolica\/#\/schema\/person\/08f319d2bd1a0904ad9e2bfb7b15e5c3"},"headline":"Il Concilio e il terremoto nella Chiesa","datePublished":"2010-06-18T06:58:44+00:00","dateModified":"2015-03-10T13:11:53+00:00","mainEntityOfPage":{"@id":"https:\/\/www.rassegnastampa-totustuus.it\/cattolica\/il-concilio-e-il-terremoto-nella-chiesa\/"},"wordCount":1169,"publisher":{"@id":"https:\/\/www.rassegnastampa-totustuus.it\/cattolica\/#organization"},"image":{"@id":"https:\/\/www.rassegnastampa-totustuus.it\/cattolica\/il-concilio-e-il-terremoto-nella-chiesa\/#primaryimage"},"thumbnailUrl":"https:\/\/www.rassegnastampa-totustuus.it\/cattolica\/wp-content\/uploads\/2010\/06\/Concilio.jpg","keywords":["Concilio Vaticano II"],"articleSection":["Chiesa","Progressismo"],"inLanguage":"it-IT"},{"@type":"WebPage","@id":"https:\/\/www.rassegnastampa-totustuus.it\/cattolica\/il-concilio-e-il-terremoto-nella-chiesa\/","url":"https:\/\/www.rassegnastampa-totustuus.it\/cattolica\/il-concilio-e-il-terremoto-nella-chiesa\/","name":"Il Concilio e il terremoto nella Chiesa - Rassegna Stampa Cattolica","isPartOf":{"@id":"https:\/\/www.rassegnastampa-totustuus.it\/cattolica\/#website"},"primaryImageOfPage":{"@id":"https:\/\/www.rassegnastampa-totustuus.it\/cattolica\/il-concilio-e-il-terremoto-nella-chiesa\/#primaryimage"},"image":{"@id":"https:\/\/www.rassegnastampa-totustuus.it\/cattolica\/il-concilio-e-il-terremoto-nella-chiesa\/#primaryimage"},"thumbnailUrl":"https:\/\/www.rassegnastampa-totustuus.it\/cattolica\/wp-content\/uploads\/2010\/06\/Concilio.jpg","datePublished":"2010-06-18T06:58:44+00:00","dateModified":"2015-03-10T13:11:53+00:00","description":"Rassegna Stampa Cattolica - Per una cultura che nasce dalla Rivelazione cristiana in conformit\u00e0 alla tradizione e al Magistero della Chiesa in opposizione ad ogni relativismo e totalitarismo","breadcrumb":{"@id":"https:\/\/www.rassegnastampa-totustuus.it\/cattolica\/il-concilio-e-il-terremoto-nella-chiesa\/#breadcrumb"},"inLanguage":"it-IT","potentialAction":[{"@type":"ReadAction","target":["https:\/\/www.rassegnastampa-totustuus.it\/cattolica\/il-concilio-e-il-terremoto-nella-chiesa\/"]}]},{"@type":"ImageObject","inLanguage":"it-IT","@id":"https:\/\/www.rassegnastampa-totustuus.it\/cattolica\/il-concilio-e-il-terremoto-nella-chiesa\/#primaryimage","url":"https:\/\/www.rassegnastampa-totustuus.it\/cattolica\/wp-content\/uploads\/2010\/06\/Concilio.jpg","contentUrl":"https:\/\/www.rassegnastampa-totustuus.it\/cattolica\/wp-content\/uploads\/2010\/06\/Concilio.jpg","width":244,"height":206},{"@type":"BreadcrumbList","@id":"https:\/\/www.rassegnastampa-totustuus.it\/cattolica\/il-concilio-e-il-terremoto-nella-chiesa\/#breadcrumb","itemListElement":[{"@type":"ListItem","position":1,"name":"Home","item":"https:\/\/www.rassegnastampa-totustuus.it\/cattolica\/"},{"@type":"ListItem","position":2,"name":"Il Concilio e il terremoto nella Chiesa"}]},{"@type":"WebSite","@id":"https:\/\/www.rassegnastampa-totustuus.it\/cattolica\/#website","url":"https:\/\/www.rassegnastampa-totustuus.it\/cattolica\/","name":"Rassegna Stampa Cattolica","description":"Per una cultura che nasce dalla Rivelazione cristiana in conformit\u00e0 alla tradizione e al Magistero della Chiesa in opposizione ad ogni relativismo e totalitarismo","publisher":{"@id":"https:\/\/www.rassegnastampa-totustuus.it\/cattolica\/#organization"},"alternateName":"Rass. Cattolica","potentialAction":[{"@type":"SearchAction","target":{"@type":"EntryPoint","urlTemplate":"https:\/\/www.rassegnastampa-totustuus.it\/cattolica\/?s={search_term_string}"},"query-input":{"@type":"PropertyValueSpecification","valueRequired":true,"valueName":"search_term_string"}}],"inLanguage":"it-IT"},{"@type":"Organization","@id":"https:\/\/www.rassegnastampa-totustuus.it\/cattolica\/#organization","name":"Rassegna Stampa Cattolica","url":"https:\/\/www.rassegnastampa-totustuus.it\/cattolica\/","logo":{"@type":"ImageObject","inLanguage":"it-IT","@id":"https:\/\/www.rassegnastampa-totustuus.it\/cattolica\/#\/schema\/logo\/image\/","url":"https:\/\/www.rassegnastampa-totustuus.it\/cattolica\/wp-content\/uploads\/2014\/04\/logo-rassegna1.gif","contentUrl":"https:\/\/www.rassegnastampa-totustuus.it\/cattolica\/wp-content\/uploads\/2014\/04\/logo-rassegna1.gif","width":600,"height":163,"caption":"Rassegna Stampa Cattolica"},"image":{"@id":"https:\/\/www.rassegnastampa-totustuus.it\/cattolica\/#\/schema\/logo\/image\/"},"sameAs":["https:\/\/www.facebook.com\/rassegnastampacattolica","https:\/\/x.com\/rassegnastampa9"]},{"@type":"Person","@id":"https:\/\/www.rassegnastampa-totustuus.it\/cattolica\/#\/schema\/person\/08f319d2bd1a0904ad9e2bfb7b15e5c3","name":"Redazione","image":{"@type":"ImageObject","inLanguage":"it-IT","@id":"https:\/\/secure.gravatar.com\/avatar\/2fcdf27c78ea025fbdb44e914cc63c72249ffec9dc8aafd5c82b26240ef3f346?s=96&d=mm&r=g","url":"https:\/\/secure.gravatar.com\/avatar\/2fcdf27c78ea025fbdb44e914cc63c72249ffec9dc8aafd5c82b26240ef3f346?s=96&d=mm&r=g","contentUrl":"https:\/\/secure.gravatar.com\/avatar\/2fcdf27c78ea025fbdb44e914cc63c72249ffec9dc8aafd5c82b26240ef3f346?s=96&d=mm&r=g","caption":"Redazione"},"url":"https:\/\/www.rassegnastampa-totustuus.it\/cattolica\/author\/pietroelle\/"}]}},"_links":{"self":[{"href":"https:\/\/www.rassegnastampa-totustuus.it\/cattolica\/wp-json\/wp\/v2\/posts\/3870","targetHints":{"allow":["GET"]}}],"collection":[{"href":"https:\/\/www.rassegnastampa-totustuus.it\/cattolica\/wp-json\/wp\/v2\/posts"}],"about":[{"href":"https:\/\/www.rassegnastampa-totustuus.it\/cattolica\/wp-json\/wp\/v2\/types\/post"}],"author":[{"embeddable":true,"href":"https:\/\/www.rassegnastampa-totustuus.it\/cattolica\/wp-json\/wp\/v2\/users\/6"}],"replies":[{"embeddable":true,"href":"https:\/\/www.rassegnastampa-totustuus.it\/cattolica\/wp-json\/wp\/v2\/comments?post=3870"}],"version-history":[{"count":3,"href":"https:\/\/www.rassegnastampa-totustuus.it\/cattolica\/wp-json\/wp\/v2\/posts\/3870\/revisions"}],"predecessor-version":[{"id":21107,"href":"https:\/\/www.rassegnastampa-totustuus.it\/cattolica\/wp-json\/wp\/v2\/posts\/3870\/revisions\/21107"}],"wp:featuredmedia":[{"embeddable":true,"href":"https:\/\/www.rassegnastampa-totustuus.it\/cattolica\/wp-json\/wp\/v2\/media\/21106"}],"wp:attachment":[{"href":"https:\/\/www.rassegnastampa-totustuus.it\/cattolica\/wp-json\/wp\/v2\/media?parent=3870"}],"wp:term":[{"taxonomy":"category","embeddable":true,"href":"https:\/\/www.rassegnastampa-totustuus.it\/cattolica\/wp-json\/wp\/v2\/categories?post=3870"},{"taxonomy":"post_tag","embeddable":true,"href":"https:\/\/www.rassegnastampa-totustuus.it\/cattolica\/wp-json\/wp\/v2\/tags?post=3870"}],"curies":[{"name":"wp","href":"https:\/\/api.w.org\/{rel}","templated":true}]}}