{"id":38600,"date":"2017-10-12T00:00:06","date_gmt":"2017-10-11T22:00:06","guid":{"rendered":"http:\/\/www.rassegnastampa-totustuus.it\/cattolica\/?p=38600"},"modified":"2017-10-10T15:04:52","modified_gmt":"2017-10-10T13:04:52","slug":"albania-anno-zero","status":"publish","type":"post","link":"https:\/\/www.rassegnastampa-totustuus.it\/cattolica\/albania-anno-zero\/","title":{"rendered":"Albania anno zero"},"content":{"rendered":"<p style=\"text-align: center;\"><strong><img loading=\"lazy\" decoding=\"async\" class=\"alignright wp-image-38601\" src=\"https:\/\/www.rassegnastampa-totustuus.it\/cattolica\/wp-content\/uploads\/2017\/10\/gulag_Albania.jpg\" alt=\"\" width=\"250\" height=\"200\" \/>Il Venerd\u00ec<\/strong> supplemento di Repubblica<\/p>\n<p style=\"text-align: center;\">6 Ottobre 2017<\/p>\n<p style=\"text-align: justify;\"><em>La sede della polizia segreta diventa un museo, i suoi <\/em><em>archivi <\/em><em>resi pubblici, i campi di concentramento saranno dei memoriali. Il Paese delle aquile fa i conti col passato. Troppo tardi?<\/em><\/p>\n<p style=\"text-align: center;\">di <strong>Matteo Tacconi<\/strong><\/p>\n<p><!--more--><\/p>\n<p style=\"text-align: justify;\">TIRANA. Si entra da un cancello arrugginito e ammaccato. Appena oltre c&#8217;\u00e8 un cane, incatenato, che sonnecchia davanti a una palazzina grigia fatiscente, senza tetto n\u00e9 finestre. E cos\u00ec sono tutte le altre l\u00ec vicino. Sono sdraiate intorno a un grosso rettangolo d&#8217;erba secca, dove ci sono una mucca e un gregge di pecore al pascolo, e galline che saltellano. Sembra una fattoria, certo improvvisata, ma \u00e8 il campo di concentramento di Tepelene. E questi ruderi erano le baracche dei prigionieri e il comando delle guardie.<\/p>\n<p style=\"text-align: justify;\">Situato nel sud dell&#8217;Albania, rimase attivo dal 1949 al 1954 ma tanto bast\u00f2 per farlo passare alla storia come uno dei luoghi pi\u00f9 infami del regime comunista. Ci finivano soprattutto mogli e figli di uomini invisi al regime. Le condizioni erano terribili, ricorda Lek Pervizi, che da ragazzo qui trascorse degli anni. \u00abC&#8217;era sempre un gran vento e d&#8217;inverno faceva molto freddo, ma nei rifugi non avevamo nulla per coprirci. Il lavoro era massacrante. Si dovevano portare al campo tronchi o pesanti fastelli di legno\u00bb. Li si andava a prendere sulle montagne alle spalle del campo e per farlo si attraversava il fiume che passa qui vicino, nei suoi punti guadabili.<\/p>\n<p style=\"text-align: justify;\">Vi morirono in tanti. Anche bambini. \u00abTrecento persero la vita, per la fame, il freddo e la dissenteria causata dalle condizioni igieniche terribili. La dittatura provava soddisfazione nel farci soffrire\u00bb, sostiene Simon Mirakaj. Lui era bambino quando fin\u00ec qui con la famiglia. \u00abMangiavamo una specie di minestra, e sopra ci ballavano i vermi\u00bb, ricorda una terza sopravvissuta, Rudina Dema. Tutti e tre sono venuti a Tepelene a piantare degli alberelli: il primo, simbolico passo di un percorso che in futuro porter\u00e0 alla costruzione di un memoriale per le vittime. Ora a ricordarle c&#8217;\u00e8 solo una lapide di marmo bianco.<\/p>\n<p style=\"text-align: justify;\">Sovrintende al progetto l&#8217;Autorit\u00e0 per le informazioni sui documenti della Sigurimi (Aidssh), i famigerati servizi segreti del regime. \u00c8 nata pochi mesi fa, perch\u00e9 soltanto adesso l&#8217;Albania ha reso pubblici i fascicoli, a quasi trent&#8217;anni dal crollo della dittatura, avvenuto nel 1991, e in netto ritardo rispetto agli altri Paesi dell&#8217;Est. Ma \u00e8 comunque un passaggio importante. Pur se tardivamente, si \u00e8 cominciato a scavare in un passato denso di tragedie.<\/p>\n<p style=\"text-align: justify;\">Il dittatore comunista Enver Hoxha, che rest\u00f2 al potere fino alla morte, nel 1985, aveva creato un apparato di sorveglianza e repressione efficiente e violento. \u00abL&#8217;Albania era una grande prigione\u00bb spiega Gentjana Sula, la direttrice della Aidssh, che oltre a gestire i <em>file<\/em> della Sigurimi promuove il &#8220;Percorso per la buona memoria&#8221;. \u00abC &#8216;erano campi ovunque, la gente vi restava per anni, persino decenni. \u00c8 triste che dopo il 1991 nessuno abbia mai pensato seriamente di preservarli. Dobbiamo farne dei luoghi per la coscienza. Il progetto su Tepelene \u00e8 una nostra priorit\u00e0, serve a svelare il vero volto del regime\u00bb.<\/p>\n<p style=\"text-align: justify;\"><img loading=\"lazy\" decoding=\"async\" class=\"size-full wp-image-7469 alignleft\" src=\"https:\/\/www.rassegnastampa-totustuus.it\/cattolica\/wp-content\/uploads\/2014\/05\/NOcomunismo.jpg\" alt=\"\" width=\"180\" height=\"160\" \/>Nella sede dell&#8217;Autorit\u00e0, a Tirana, Sula ci concede di visionare rapidamente alcuni documenti. E poi parla del primo dossier aperto, e delle cose che ha rivelato. \u00ab\u00c8 stato quello di Musine Kokalari, la prima dorma a pubblicare un romanzo in Albania. Fondatrice del Partito socialdemocratico, fu incarcerata e in seguito costretta ai lavori forzati fino alla morte, nel 1981. Dalle carte, richieste dalla sua famiglia, abbiamo constatato che prima dell&#8217;arresto fu controllata da una rete di ventotto persone tra agenti e informatori, e sottoposta a pressioni psicologiche. Ma abbiamo trovato anche quello che scrisse in carcere, soprattutto appunti sulla sua idea di Albania. Malgrado tutto, non smise mai di immaginare un Paese diverso\u00bb.<\/p>\n<p style=\"text-align: justify;\">Dunque i fascicoli possono raccontare non solo l&#8217;oppressione, ma anche la resistenza morale. E la societ\u00e0 civile ha voglia di sapere. \u00abSi \u00e8 creato un momento favorevole per lo studio del passato. Gli albanesi, i giovani in particolare, lo ritengono un fatto che rafforza la democrazia. E ogni giorno, leggendo i giornali, si viene a sapere di mostre, dibattiti e varie iniziative\u00bb. Tra le ultime, e pi\u00f9 importanti, c&#8217;\u00e8 la Casa delle Foglie (vedi box a lato, ndr): nell&#8217;ex sede operativa della Sigurimi, nel cuore di Tirana, \u00e8 stato inaugurato a maggio un centro documentazione su tecniche e strumenti di sorveglianza.<\/p>\n<p style=\"text-align: justify;\">Le aperture sul passato si spiegano in vari modi. Tra questi, la trasparenza richiesta dall&#8217;Europa, al cui tavolo l&#8217;Albania vorrebbe in futuro sedersi, e il fattore tempo: ne \u00e8 passato ormai tanto e difficilmente salteranno fuori grossi scandali. l politici che ebbero o hanno un legame con il vecchio regime, pi\u00f9 o meno diretto, si sentono ormai tranquilli. Non c&#8217;\u00e8 pi\u00f9 ragione di tenere i dossier nella polvere.<\/p>\n<p style=\"text-align: justify;\">Questo lungo silenzio, voluto dalla politica e accettato da tanta gente compromessa per aver spiato o denunciato, \u00abha creato una vera e propria amnesia storica. C&#8217;\u00e8 da credere che la ricerca della verit\u00e0 non sar\u00e0 un fenomeno cos\u00ec potente\u00bb ragiona il regista Fabian Kati, ex detenuto politico. Un altro ex dissidente, l&#8217;intellettuale Fatos Lubonja, teme invece che la discussione sul passato resti ostaggio di una tendenza che attraversa tutta la storia contemporanea albanese: il giudizio &#8220;clanico&#8221;. \u00abSotto il comunismo, quando veniva scoperto un &#8220;nemico del popolo&#8221;, tutta la sua famiglia veniva condannata. Adesso funziona pi\u00f9 o meno allo stesso modo. Si delegittima qualcuno tramite la biografia dei suoi parenti. Ma la questione non \u00e8 vedere da dove viene una persona, n\u00e9 limitarsi a verificare cosa fece durante il comunismo. Bisogna capire come funzionava il sistema, per far s\u00ec che certe cose non si ripetano\u00bb.<\/p>\n<p style=\"text-align: justify;\">Kati, per soli due anni, e Lubonja, per nove, furono detenuti a Spac, a nord di Tirana. Altro posto terribile. Carcere e lavori forzati. I prigionieri venivano impiegati in una miniera di rame e pirite. \u00abL\u00ec dentro era caldissimo, dovevamo stare a torso nudo\u00bb racconta Kati. \u00abFuori invece, d&#8217;inverno, il clima era molto rigido. Spac era un mondo indescrivibile, un vero inferno\u00bb. \u00abSenza una distanza razionale, se la vivi solo emotivamente, una vita come quella ti distrugge\u00bb, aggiunge Lubonja, che ha trovato proprio nella missione di scrivere di Spac il distacco che lo ha salvato. Come Tepelene, anche Spac \u00e8 in rovina. Oltre all&#8217;incuria, ha subito il saccheggio. Dopo il 1991 la gente si port\u00f2 via di tutto: ferro, legno, mattoni. Vigeva l&#8217;anarchia. Spac \u00e8 stato dichiarato monumento nazionale nel 2007 e pure qui c&#8217;\u00e8 l&#8217;idea di fare un museo, o qualcosa del genere.<\/p>\n<p style=\"text-align: justify;\">\u00c8 gi\u00e0 passato molto tempo, ma forse ne serve ancora. \u00abDobbiamo far luce negli angoli della storia, e questo espone sia gli ex detenuti, sia chi li opprimeva.<\/p>\n<p style=\"text-align: justify;\">L&#8217;Albania ha iniziato solo ora a fare i conti con il passato, quindi la strada \u00e8 lunga\u00bb, riflette Lejla Hadzic, responsabile di Cultural Heritage Without Borders, ong svedese che coordina l&#8217;iniziativa per Spac. Da poco sono partiti i lavori, i primi in assoluto, di restauro conservativo. E poi resta ancora aperta la questione della miniera, non esaurita. La sfrutta una compagnia privata. \u00abLe attivit\u00e0 si svolgono fuori dallo spazio dichiarato monumento nazionale, ma di fatto ricadono all&#8217;interno dell&#8217;area dove lavoravano i prigionieri, e questo innesca una tensione storica\u00bb, dice John Eaton, collega di Hadzic. Accanto ai ruderi passano camion ribaltabili carichi di minerali, e sollevano un gran polverone.<\/p>\n<p style=\"text-align: center;\"><strong>VISITA GUIDATA NELL\u2019EX CLINICA DEGLI SPIONI<\/strong><\/p>\n<p style=\"text-align: center;\">(Guido Votano)<\/p>\n<p><img loading=\"lazy\" decoding=\"async\" class=\"aligncenter wp-image-38602\" src=\"https:\/\/www.rassegnastampa-totustuus.it\/cattolica\/wp-content\/uploads\/2017\/10\/segurimi_sede_Tirana.jpg\" alt=\"\" width=\"250\" height=\"166\" \/><\/p>\n<p style=\"text-align: justify;\"><em>TIRANA. Si tirava dritto a testa bassa senza parlare, passando davanti ai mattoni rossi di questa bella villa degli anni 30<\/em><em>, in pieno centro. Tutti sapeva<\/em><em>no che dietro quella coltre di edera c&#8217;er<\/em><em>a un segreto, pochissimi sapeva<\/em><em>no quale. Il mistero si \u00e8 sciolto negli anni 90, dopo la caduta del regime comunista: la Casa delle Foglie, nata come clinica ostetrica, dal 1945 era la sede tecnica operativa della Sigurimi, l&#8217;onnipresente polizia segreta di Enver Hoxha, e dalle sue stanze venivano spiati tutti i &#8220;nemici del popolo&#8221; o supposti tali. <\/em><\/p>\n<p style=\"text-align: justify;\"><em>Chilometri di cavi da qui si snodavano fin dentro le stanze degli albe<\/em><em>rghi per stranieri e delle amba<\/em><em>sciate, chilometri di nastri magnetici e di pellicole raccoglievano chiacchiere, sussurri, le &#8220;vite degli altri&#8221; di un intero Paese che gli spioni di stato passavano al setaccio nella loro paranoica caccia al nemico interno. Dalla scorsa estate la casa \u00e8 diventata un Museo della sorveglianza, voluto dal premier Edi Rama e affidato al progetto dell&#8217;architetta italiana Elisabetta Terragni. <\/em><\/p>\n<p style=\"text-align: justify;\"><em>\u00abLa difficolt\u00e0 \u00e8 stata preservare i pavimenti, gli infissi, i segni del tempo, garantendo per\u00f2 il<\/em> <em>clima e l&#8217;efficienza di un museo contemporaneo\u00bb dice Terragni. \u00abGli albane<\/em><em>si demolirebbero e ricostruireb<\/em><em>bero tutto da zero\u00bb. Cos\u00ec la Casa delle Foglie, schiacciata tra <\/em><em>una banca, una moderna cattedra<\/em><em>le ortodossa e un grattacielo in costruzione, oggi \u00e8 davvero uno dei pochi luoghi intatti in una Tirana fuori controllo urbanistico. Cinque euro di ingresso e la macchina del tempo parte gi\u00e0 in giardino con l&#8217;immancabile bunker. Poi trentatr\u00e9 stanze su due piani: centinaia di registratori, teleobiettivi e microspie di ogni genere di fabbricazione prima sovietica, poi cinese, poi anche fatti in casa, sono esposti assieme alle loro fatture d&#8217;acquisto, a segnare un uso di risorse che prescindeva dalle evoluzioni politiche del regime negli anni. <\/em><\/p>\n<p style=\"text-align: justify;\"><em>C&#8217;\u00e8 la camera oscura, il laboratorio dove venivano aperte le lettere destinate al dittatore nel timore contenessero agenti chimici letali. Ci sono gli schermi con le testimonianze filmate degli albanesi torturati nelle galere del regime e quelli con i film &#8220;artistici&#8221; di propaganda. C&#8217;\u00e8 persino un finto bagno, che ricorda come fosse quello<\/em> <em>uno dei pochi luoghi sicuri per parlare al riparo da orecchie indiscrete. <\/em><\/p>\n<p style=\"text-align: justify;\"><em>\u00abLeggendo sui libri non ci credevamo, poi qui ti accorgi che invece era tutto vero, e magari da qualche parte succede ancora\u00bb: agli studenti di Zurigo in visita scappa da ridere davanti a scarpe, orologi, bamboline e cappotti che nascondevano microfoni. Poi il sorriso si spegne nella stanza degli interrogatori, attiva nei primi anni, con i verbali esposti sulle <\/em>lightbox <em>e le tecniche di tortura disegnate sui muri. Uran Kostreci faceva il maestro: fu preso nel &#8217;61, mentre tentava di scappare dal paese, e <\/em><em>si \u00e8 fatto vent\u2019<\/em><em>anni di campo di concentramento e sei di internamento. A ottant&#8217;anni \u00e8 venuto a visitare la Casa: \u00abA me non interessa, io queste cose le ho vissute ogni giorno. Ma questo posto serve ai giovani e agli stranieri, che non sanno niente di quel regime macabro, peggiore del nazismo, che ha ucciso e schiavizzato il nostro popolo\u00bb. <\/em><\/p>\n<p style=\"text-align: justify;\"><em>Il nome di Uran \u00e8 stampato sui muri di una delle stanze del museo, insieme a quelli di tutte le venticinquemila vittime di quasi mezzo secolo di comunismo. Albanesi amma<\/em><em>zzati, imprigionati, intern<\/em><em>ati da un sistema totalitario di controllo ideologico che aveva proprio qui <\/em><em>dentro uno dei suoi snodi essen<\/em><em>ziali. E che ha lasciato ferite aperte: in tanti, prima che il museo aprisse, hanno protestato convinti si trattasse di una glorificazione del regime. Dopo averlo visitato hanno chiesto scusa.<\/em><\/p>\n<p>&nbsp;<\/p>\n","protected":false},"excerpt":{"rendered":"<p>Il Venerd\u00ec supplemento di Repubblica 6 Ottobre 2017 La sede della polizia segreta diventa un museo, i suoi archivi resi pubblici, i campi di concentramento saranno dei memoriali. Il Paese delle aquile fa i conti col passato. Troppo tardi? di Matteo Tacconi<\/p><p><a class=\"more-link btn\" href=\"https:\/\/www.rassegnastampa-totustuus.it\/cattolica\/albania-anno-zero\/\">Continua a leggere<\/a><\/p>\n","protected":false},"author":6,"featured_media":38601,"comment_status":"closed","ping_status":"closed","sticky":false,"template":"","format":"standard","meta":{"footnotes":""},"categories":[32,108],"tags":[1134,138],"class_list":["post-38600","post","type-post","status-publish","format-standard","has-post-thumbnail","hentry","category-filosofia-del-comunismo","category-paesi-e-continenti","tag-albania","tag-gulag","item-wrap"],"yoast_head":"<!-- This site is optimized with the Yoast SEO plugin v27.5 - https:\/\/yoast.com\/product\/yoast-seo-wordpress\/ -->\n<title>Albania anno zero - Rassegna Stampa Cattolica<\/title>\n<meta name=\"description\" content=\"Rassegna Stampa Cattolica - Per una cultura che nasce dalla Rivelazione cristiana in conformit\u00e0 alla tradizione e al Magistero della Chiesa in opposizione ad ogni relativismo e totalitarismo\" \/>\n<meta name=\"robots\" content=\"index, follow, max-snippet:-1, max-image-preview:large, max-video-preview:-1\" \/>\n<link rel=\"canonical\" href=\"https:\/\/www.rassegnastampa-totustuus.it\/cattolica\/albania-anno-zero\/\" \/>\n<meta property=\"og:locale\" content=\"it_IT\" \/>\n<meta property=\"og:type\" content=\"article\" \/>\n<meta property=\"og:title\" content=\"Albania anno zero - Rassegna Stampa Cattolica\" \/>\n<meta property=\"og:description\" content=\"Rassegna Stampa Cattolica - Per una cultura che nasce dalla Rivelazione cristiana in conformit\u00e0 alla tradizione e al Magistero della Chiesa in opposizione ad ogni relativismo e totalitarismo\" \/>\n<meta property=\"og:url\" content=\"https:\/\/www.rassegnastampa-totustuus.it\/cattolica\/albania-anno-zero\/\" \/>\n<meta property=\"og:site_name\" content=\"Rassegna Stampa Cattolica\" \/>\n<meta property=\"article:publisher\" content=\"https:\/\/www.facebook.com\/rassegnastampacattolica\" \/>\n<meta property=\"article:published_time\" content=\"2017-10-11T22:00:06+00:00\" \/>\n<meta property=\"og:image\" content=\"https:\/\/www.rassegnastampa-totustuus.it\/cattolica\/wp-content\/uploads\/2017\/10\/gulag_Albania.jpg\" \/>\n\t<meta property=\"og:image:width\" content=\"251\" \/>\n\t<meta property=\"og:image:height\" content=\"201\" \/>\n\t<meta property=\"og:image:type\" content=\"image\/jpeg\" \/>\n<meta name=\"author\" content=\"Redazione\" \/>\n<meta name=\"twitter:card\" content=\"summary_large_image\" \/>\n<meta name=\"twitter:creator\" content=\"@rassegnastampa9\" \/>\n<meta name=\"twitter:site\" content=\"@rassegnastampa9\" \/>\n<meta name=\"twitter:label1\" content=\"Scritto da\" \/>\n\t<meta name=\"twitter:data1\" content=\"Redazione\" \/>\n\t<meta name=\"twitter:label2\" content=\"Tempo di lettura stimato\" \/>\n\t<meta name=\"twitter:data2\" content=\"9 minuti\" \/>\n<script type=\"application\/ld+json\" class=\"yoast-schema-graph\">{\"@context\":\"https:\\\/\\\/schema.org\",\"@graph\":[{\"@type\":\"Article\",\"@id\":\"https:\\\/\\\/www.rassegnastampa-totustuus.it\\\/cattolica\\\/albania-anno-zero\\\/#article\",\"isPartOf\":{\"@id\":\"https:\\\/\\\/www.rassegnastampa-totustuus.it\\\/cattolica\\\/albania-anno-zero\\\/\"},\"author\":{\"name\":\"Redazione\",\"@id\":\"https:\\\/\\\/www.rassegnastampa-totustuus.it\\\/cattolica\\\/#\\\/schema\\\/person\\\/08f319d2bd1a0904ad9e2bfb7b15e5c3\"},\"headline\":\"Albania anno zero\",\"datePublished\":\"2017-10-11T22:00:06+00:00\",\"mainEntityOfPage\":{\"@id\":\"https:\\\/\\\/www.rassegnastampa-totustuus.it\\\/cattolica\\\/albania-anno-zero\\\/\"},\"wordCount\":1815,\"publisher\":{\"@id\":\"https:\\\/\\\/www.rassegnastampa-totustuus.it\\\/cattolica\\\/#organization\"},\"image\":{\"@id\":\"https:\\\/\\\/www.rassegnastampa-totustuus.it\\\/cattolica\\\/albania-anno-zero\\\/#primaryimage\"},\"thumbnailUrl\":\"https:\\\/\\\/www.rassegnastampa-totustuus.it\\\/cattolica\\\/wp-content\\\/uploads\\\/2017\\\/10\\\/gulag_Albania.jpg\",\"keywords\":[\"Albania\",\"gulag\"],\"articleSection\":[\"Comunismo\",\"Paesi e continenti\"],\"inLanguage\":\"it-IT\"},{\"@type\":\"WebPage\",\"@id\":\"https:\\\/\\\/www.rassegnastampa-totustuus.it\\\/cattolica\\\/albania-anno-zero\\\/\",\"url\":\"https:\\\/\\\/www.rassegnastampa-totustuus.it\\\/cattolica\\\/albania-anno-zero\\\/\",\"name\":\"Albania anno zero - Rassegna Stampa Cattolica\",\"isPartOf\":{\"@id\":\"https:\\\/\\\/www.rassegnastampa-totustuus.it\\\/cattolica\\\/#website\"},\"primaryImageOfPage\":{\"@id\":\"https:\\\/\\\/www.rassegnastampa-totustuus.it\\\/cattolica\\\/albania-anno-zero\\\/#primaryimage\"},\"image\":{\"@id\":\"https:\\\/\\\/www.rassegnastampa-totustuus.it\\\/cattolica\\\/albania-anno-zero\\\/#primaryimage\"},\"thumbnailUrl\":\"https:\\\/\\\/www.rassegnastampa-totustuus.it\\\/cattolica\\\/wp-content\\\/uploads\\\/2017\\\/10\\\/gulag_Albania.jpg\",\"datePublished\":\"2017-10-11T22:00:06+00:00\",\"description\":\"Rassegna Stampa Cattolica - Per una cultura che nasce dalla Rivelazione cristiana in conformit\u00e0 alla tradizione e al Magistero della Chiesa in opposizione ad ogni relativismo e totalitarismo\",\"breadcrumb\":{\"@id\":\"https:\\\/\\\/www.rassegnastampa-totustuus.it\\\/cattolica\\\/albania-anno-zero\\\/#breadcrumb\"},\"inLanguage\":\"it-IT\",\"potentialAction\":[{\"@type\":\"ReadAction\",\"target\":[\"https:\\\/\\\/www.rassegnastampa-totustuus.it\\\/cattolica\\\/albania-anno-zero\\\/\"]}]},{\"@type\":\"ImageObject\",\"inLanguage\":\"it-IT\",\"@id\":\"https:\\\/\\\/www.rassegnastampa-totustuus.it\\\/cattolica\\\/albania-anno-zero\\\/#primaryimage\",\"url\":\"https:\\\/\\\/www.rassegnastampa-totustuus.it\\\/cattolica\\\/wp-content\\\/uploads\\\/2017\\\/10\\\/gulag_Albania.jpg\",\"contentUrl\":\"https:\\\/\\\/www.rassegnastampa-totustuus.it\\\/cattolica\\\/wp-content\\\/uploads\\\/2017\\\/10\\\/gulag_Albania.jpg\",\"width\":251,\"height\":201},{\"@type\":\"BreadcrumbList\",\"@id\":\"https:\\\/\\\/www.rassegnastampa-totustuus.it\\\/cattolica\\\/albania-anno-zero\\\/#breadcrumb\",\"itemListElement\":[{\"@type\":\"ListItem\",\"position\":1,\"name\":\"Home\",\"item\":\"https:\\\/\\\/www.rassegnastampa-totustuus.it\\\/cattolica\\\/\"},{\"@type\":\"ListItem\",\"position\":2,\"name\":\"Albania anno zero\"}]},{\"@type\":\"WebSite\",\"@id\":\"https:\\\/\\\/www.rassegnastampa-totustuus.it\\\/cattolica\\\/#website\",\"url\":\"https:\\\/\\\/www.rassegnastampa-totustuus.it\\\/cattolica\\\/\",\"name\":\"Rassegna Stampa Cattolica\",\"description\":\"Per una cultura che nasce dalla Rivelazione cristiana in conformit\u00e0 alla tradizione e al Magistero della Chiesa in opposizione ad ogni relativismo e totalitarismo\",\"publisher\":{\"@id\":\"https:\\\/\\\/www.rassegnastampa-totustuus.it\\\/cattolica\\\/#organization\"},\"alternateName\":\"Rass. Cattolica\",\"potentialAction\":[{\"@type\":\"SearchAction\",\"target\":{\"@type\":\"EntryPoint\",\"urlTemplate\":\"https:\\\/\\\/www.rassegnastampa-totustuus.it\\\/cattolica\\\/?s={search_term_string}\"},\"query-input\":{\"@type\":\"PropertyValueSpecification\",\"valueRequired\":true,\"valueName\":\"search_term_string\"}}],\"inLanguage\":\"it-IT\"},{\"@type\":\"Organization\",\"@id\":\"https:\\\/\\\/www.rassegnastampa-totustuus.it\\\/cattolica\\\/#organization\",\"name\":\"Rassegna Stampa Cattolica\",\"url\":\"https:\\\/\\\/www.rassegnastampa-totustuus.it\\\/cattolica\\\/\",\"logo\":{\"@type\":\"ImageObject\",\"inLanguage\":\"it-IT\",\"@id\":\"https:\\\/\\\/www.rassegnastampa-totustuus.it\\\/cattolica\\\/#\\\/schema\\\/logo\\\/image\\\/\",\"url\":\"https:\\\/\\\/www.rassegnastampa-totustuus.it\\\/cattolica\\\/wp-content\\\/uploads\\\/2014\\\/04\\\/logo-rassegna1.gif\",\"contentUrl\":\"https:\\\/\\\/www.rassegnastampa-totustuus.it\\\/cattolica\\\/wp-content\\\/uploads\\\/2014\\\/04\\\/logo-rassegna1.gif\",\"width\":600,\"height\":163,\"caption\":\"Rassegna Stampa Cattolica\"},\"image\":{\"@id\":\"https:\\\/\\\/www.rassegnastampa-totustuus.it\\\/cattolica\\\/#\\\/schema\\\/logo\\\/image\\\/\"},\"sameAs\":[\"https:\\\/\\\/www.facebook.com\\\/rassegnastampacattolica\",\"https:\\\/\\\/x.com\\\/rassegnastampa9\"]},{\"@type\":\"Person\",\"@id\":\"https:\\\/\\\/www.rassegnastampa-totustuus.it\\\/cattolica\\\/#\\\/schema\\\/person\\\/08f319d2bd1a0904ad9e2bfb7b15e5c3\",\"name\":\"Redazione\",\"image\":{\"@type\":\"ImageObject\",\"inLanguage\":\"it-IT\",\"@id\":\"https:\\\/\\\/secure.gravatar.com\\\/avatar\\\/2fcdf27c78ea025fbdb44e914cc63c72249ffec9dc8aafd5c82b26240ef3f346?s=96&d=mm&r=g\",\"url\":\"https:\\\/\\\/secure.gravatar.com\\\/avatar\\\/2fcdf27c78ea025fbdb44e914cc63c72249ffec9dc8aafd5c82b26240ef3f346?s=96&d=mm&r=g\",\"contentUrl\":\"https:\\\/\\\/secure.gravatar.com\\\/avatar\\\/2fcdf27c78ea025fbdb44e914cc63c72249ffec9dc8aafd5c82b26240ef3f346?s=96&d=mm&r=g\",\"caption\":\"Redazione\"},\"url\":\"https:\\\/\\\/www.rassegnastampa-totustuus.it\\\/cattolica\\\/author\\\/pietroelle\\\/\"}]}<\/script>\n<!-- \/ Yoast SEO plugin. -->","yoast_head_json":{"title":"Albania anno zero - Rassegna Stampa Cattolica","description":"Rassegna Stampa Cattolica - Per una cultura che nasce dalla Rivelazione cristiana in conformit\u00e0 alla tradizione e al Magistero della Chiesa in opposizione ad ogni relativismo e totalitarismo","robots":{"index":"index","follow":"follow","max-snippet":"max-snippet:-1","max-image-preview":"max-image-preview:large","max-video-preview":"max-video-preview:-1"},"canonical":"https:\/\/www.rassegnastampa-totustuus.it\/cattolica\/albania-anno-zero\/","og_locale":"it_IT","og_type":"article","og_title":"Albania anno zero - Rassegna Stampa Cattolica","og_description":"Rassegna Stampa Cattolica - Per una cultura che nasce dalla Rivelazione cristiana in conformit\u00e0 alla tradizione e al Magistero della Chiesa in opposizione ad ogni relativismo e totalitarismo","og_url":"https:\/\/www.rassegnastampa-totustuus.it\/cattolica\/albania-anno-zero\/","og_site_name":"Rassegna Stampa Cattolica","article_publisher":"https:\/\/www.facebook.com\/rassegnastampacattolica","article_published_time":"2017-10-11T22:00:06+00:00","og_image":[{"width":251,"height":201,"url":"https:\/\/www.rassegnastampa-totustuus.it\/cattolica\/wp-content\/uploads\/2017\/10\/gulag_Albania.jpg","type":"image\/jpeg"}],"author":"Redazione","twitter_card":"summary_large_image","twitter_creator":"@rassegnastampa9","twitter_site":"@rassegnastampa9","twitter_misc":{"Scritto da":"Redazione","Tempo di lettura stimato":"9 minuti"},"schema":{"@context":"https:\/\/schema.org","@graph":[{"@type":"Article","@id":"https:\/\/www.rassegnastampa-totustuus.it\/cattolica\/albania-anno-zero\/#article","isPartOf":{"@id":"https:\/\/www.rassegnastampa-totustuus.it\/cattolica\/albania-anno-zero\/"},"author":{"name":"Redazione","@id":"https:\/\/www.rassegnastampa-totustuus.it\/cattolica\/#\/schema\/person\/08f319d2bd1a0904ad9e2bfb7b15e5c3"},"headline":"Albania anno zero","datePublished":"2017-10-11T22:00:06+00:00","mainEntityOfPage":{"@id":"https:\/\/www.rassegnastampa-totustuus.it\/cattolica\/albania-anno-zero\/"},"wordCount":1815,"publisher":{"@id":"https:\/\/www.rassegnastampa-totustuus.it\/cattolica\/#organization"},"image":{"@id":"https:\/\/www.rassegnastampa-totustuus.it\/cattolica\/albania-anno-zero\/#primaryimage"},"thumbnailUrl":"https:\/\/www.rassegnastampa-totustuus.it\/cattolica\/wp-content\/uploads\/2017\/10\/gulag_Albania.jpg","keywords":["Albania","gulag"],"articleSection":["Comunismo","Paesi e continenti"],"inLanguage":"it-IT"},{"@type":"WebPage","@id":"https:\/\/www.rassegnastampa-totustuus.it\/cattolica\/albania-anno-zero\/","url":"https:\/\/www.rassegnastampa-totustuus.it\/cattolica\/albania-anno-zero\/","name":"Albania anno zero - Rassegna Stampa Cattolica","isPartOf":{"@id":"https:\/\/www.rassegnastampa-totustuus.it\/cattolica\/#website"},"primaryImageOfPage":{"@id":"https:\/\/www.rassegnastampa-totustuus.it\/cattolica\/albania-anno-zero\/#primaryimage"},"image":{"@id":"https:\/\/www.rassegnastampa-totustuus.it\/cattolica\/albania-anno-zero\/#primaryimage"},"thumbnailUrl":"https:\/\/www.rassegnastampa-totustuus.it\/cattolica\/wp-content\/uploads\/2017\/10\/gulag_Albania.jpg","datePublished":"2017-10-11T22:00:06+00:00","description":"Rassegna Stampa Cattolica - Per una cultura che nasce dalla Rivelazione cristiana in conformit\u00e0 alla tradizione e al Magistero della Chiesa in opposizione ad ogni relativismo e totalitarismo","breadcrumb":{"@id":"https:\/\/www.rassegnastampa-totustuus.it\/cattolica\/albania-anno-zero\/#breadcrumb"},"inLanguage":"it-IT","potentialAction":[{"@type":"ReadAction","target":["https:\/\/www.rassegnastampa-totustuus.it\/cattolica\/albania-anno-zero\/"]}]},{"@type":"ImageObject","inLanguage":"it-IT","@id":"https:\/\/www.rassegnastampa-totustuus.it\/cattolica\/albania-anno-zero\/#primaryimage","url":"https:\/\/www.rassegnastampa-totustuus.it\/cattolica\/wp-content\/uploads\/2017\/10\/gulag_Albania.jpg","contentUrl":"https:\/\/www.rassegnastampa-totustuus.it\/cattolica\/wp-content\/uploads\/2017\/10\/gulag_Albania.jpg","width":251,"height":201},{"@type":"BreadcrumbList","@id":"https:\/\/www.rassegnastampa-totustuus.it\/cattolica\/albania-anno-zero\/#breadcrumb","itemListElement":[{"@type":"ListItem","position":1,"name":"Home","item":"https:\/\/www.rassegnastampa-totustuus.it\/cattolica\/"},{"@type":"ListItem","position":2,"name":"Albania anno zero"}]},{"@type":"WebSite","@id":"https:\/\/www.rassegnastampa-totustuus.it\/cattolica\/#website","url":"https:\/\/www.rassegnastampa-totustuus.it\/cattolica\/","name":"Rassegna Stampa Cattolica","description":"Per una cultura che nasce dalla Rivelazione cristiana in conformit\u00e0 alla tradizione e al Magistero della Chiesa in opposizione ad ogni relativismo e totalitarismo","publisher":{"@id":"https:\/\/www.rassegnastampa-totustuus.it\/cattolica\/#organization"},"alternateName":"Rass. Cattolica","potentialAction":[{"@type":"SearchAction","target":{"@type":"EntryPoint","urlTemplate":"https:\/\/www.rassegnastampa-totustuus.it\/cattolica\/?s={search_term_string}"},"query-input":{"@type":"PropertyValueSpecification","valueRequired":true,"valueName":"search_term_string"}}],"inLanguage":"it-IT"},{"@type":"Organization","@id":"https:\/\/www.rassegnastampa-totustuus.it\/cattolica\/#organization","name":"Rassegna Stampa Cattolica","url":"https:\/\/www.rassegnastampa-totustuus.it\/cattolica\/","logo":{"@type":"ImageObject","inLanguage":"it-IT","@id":"https:\/\/www.rassegnastampa-totustuus.it\/cattolica\/#\/schema\/logo\/image\/","url":"https:\/\/www.rassegnastampa-totustuus.it\/cattolica\/wp-content\/uploads\/2014\/04\/logo-rassegna1.gif","contentUrl":"https:\/\/www.rassegnastampa-totustuus.it\/cattolica\/wp-content\/uploads\/2014\/04\/logo-rassegna1.gif","width":600,"height":163,"caption":"Rassegna Stampa Cattolica"},"image":{"@id":"https:\/\/www.rassegnastampa-totustuus.it\/cattolica\/#\/schema\/logo\/image\/"},"sameAs":["https:\/\/www.facebook.com\/rassegnastampacattolica","https:\/\/x.com\/rassegnastampa9"]},{"@type":"Person","@id":"https:\/\/www.rassegnastampa-totustuus.it\/cattolica\/#\/schema\/person\/08f319d2bd1a0904ad9e2bfb7b15e5c3","name":"Redazione","image":{"@type":"ImageObject","inLanguage":"it-IT","@id":"https:\/\/secure.gravatar.com\/avatar\/2fcdf27c78ea025fbdb44e914cc63c72249ffec9dc8aafd5c82b26240ef3f346?s=96&d=mm&r=g","url":"https:\/\/secure.gravatar.com\/avatar\/2fcdf27c78ea025fbdb44e914cc63c72249ffec9dc8aafd5c82b26240ef3f346?s=96&d=mm&r=g","contentUrl":"https:\/\/secure.gravatar.com\/avatar\/2fcdf27c78ea025fbdb44e914cc63c72249ffec9dc8aafd5c82b26240ef3f346?s=96&d=mm&r=g","caption":"Redazione"},"url":"https:\/\/www.rassegnastampa-totustuus.it\/cattolica\/author\/pietroelle\/"}]}},"_links":{"self":[{"href":"https:\/\/www.rassegnastampa-totustuus.it\/cattolica\/wp-json\/wp\/v2\/posts\/38600","targetHints":{"allow":["GET"]}}],"collection":[{"href":"https:\/\/www.rassegnastampa-totustuus.it\/cattolica\/wp-json\/wp\/v2\/posts"}],"about":[{"href":"https:\/\/www.rassegnastampa-totustuus.it\/cattolica\/wp-json\/wp\/v2\/types\/post"}],"author":[{"embeddable":true,"href":"https:\/\/www.rassegnastampa-totustuus.it\/cattolica\/wp-json\/wp\/v2\/users\/6"}],"replies":[{"embeddable":true,"href":"https:\/\/www.rassegnastampa-totustuus.it\/cattolica\/wp-json\/wp\/v2\/comments?post=38600"}],"version-history":[{"count":1,"href":"https:\/\/www.rassegnastampa-totustuus.it\/cattolica\/wp-json\/wp\/v2\/posts\/38600\/revisions"}],"predecessor-version":[{"id":38603,"href":"https:\/\/www.rassegnastampa-totustuus.it\/cattolica\/wp-json\/wp\/v2\/posts\/38600\/revisions\/38603"}],"wp:featuredmedia":[{"embeddable":true,"href":"https:\/\/www.rassegnastampa-totustuus.it\/cattolica\/wp-json\/wp\/v2\/media\/38601"}],"wp:attachment":[{"href":"https:\/\/www.rassegnastampa-totustuus.it\/cattolica\/wp-json\/wp\/v2\/media?parent=38600"}],"wp:term":[{"taxonomy":"category","embeddable":true,"href":"https:\/\/www.rassegnastampa-totustuus.it\/cattolica\/wp-json\/wp\/v2\/categories?post=38600"},{"taxonomy":"post_tag","embeddable":true,"href":"https:\/\/www.rassegnastampa-totustuus.it\/cattolica\/wp-json\/wp\/v2\/tags?post=38600"}],"curies":[{"name":"wp","href":"https:\/\/api.w.org\/{rel}","templated":true}]}}