{"id":38587,"date":"2017-10-12T00:00:27","date_gmt":"2017-10-11T22:00:27","guid":{"rendered":"http:\/\/www.rassegnastampa-totustuus.it\/cattolica\/?p=38587"},"modified":"2017-10-05T16:35:04","modified_gmt":"2017-10-05T14:35:04","slug":"i-cristiani-siriani-alla-prova-dei-curdi","status":"publish","type":"post","link":"https:\/\/www.rassegnastampa-totustuus.it\/cattolica\/i-cristiani-siriani-alla-prova-dei-curdi\/","title":{"rendered":"I cristiani siriani alla prova dei Curdi"},"content":{"rendered":"<p style=\"text-align: center;\"><img loading=\"lazy\" decoding=\"async\" class=\"alignleft wp-image-38588\" src=\"https:\/\/www.rassegnastampa-totustuus.it\/cattolica\/wp-content\/uploads\/2017\/10\/curdi_Siria.jpg\" alt=\"\" width=\"200\" height=\"200\" srcset=\"https:\/\/www.rassegnastampa-totustuus.it\/cattolica\/wp-content\/uploads\/2017\/10\/curdi_Siria.jpg 225w, https:\/\/www.rassegnastampa-totustuus.it\/cattolica\/wp-content\/uploads\/2017\/10\/curdi_Siria-150x150.jpg 150w\" sizes=\"auto, (max-width: 200px) 100vw, 200px\" \/>Dal sito <strong><a href=\"http:\/\/oraprosiria.blogspot.it\/\" target=\"_blank\" rel=\"noopener\">Ora pro Siria<\/a><\/strong> 3 Ottobre 2017<\/p>\n<p style=\"text-align: center;\">di <strong>Antoine de Lacoste<\/strong><\/p>\n<p style=\"text-align: center;\">(articolo scritto per il sito <a href=\"http:\/\/lesalonbeige.blogs.com\/my_weblog\/2017\/09\/les-chr%C3%A9tiens-syriens-%C3%A0-l%C3%A9preuve-des-kurdes.html\" target=\"_blank\" rel=\"noopener\">Salon Beige<\/a>)<\/p>\n<p style=\"text-align: justify;\">Pi\u00f9 di un milione di Curdi popola la Siria settentrionale e coesiste con poco meno di un milione di Arabi. Pragmaticamente, hanno vissuto in buona armonia con il regime, beneficiando di una certa autonomia in cambio della loro neutralit\u00e0 politica.<\/p>\n<p><!--more--><\/p>\n<p style=\"text-align: justify;\">Le loro relazioni con gli Arabi (Sunniti, Alawiti o Cristiani) erano distanti ma senza una palese ostilit\u00e0. Era prima della guerra ed i Curdi, nonostante la loro naturale propensione all&#8217;egemonia, non avevano altra scelta. Tuttavia, il sogno di uno Stato curdo indipendente \u00e8 rimasto sempre vivo in essi.<\/p>\n<p style=\"text-align: justify;\">La guerra permetter\u00e0 loro di far progredire le loro ambizioni.<\/p>\n<p style=\"text-align: justify;\"><img loading=\"lazy\" decoding=\"async\" class=\"alignright wp-image-36494\" src=\"https:\/\/www.rassegnastampa-totustuus.it\/cattolica\/wp-content\/uploads\/2016\/10\/Obama_Siria.jpg\" alt=\"\" width=\"250\" height=\"162\" \/>L&#8217;esercito siriano, in grande difficolt\u00e0 fino all&#8217;intervento russo, non aveva pi\u00f9 i mezzi per controllare il nord del paese: la priorit\u00e0 era quella di contenere la marea islamista che voleva prendere il potere. Questo non era lo scopo dei Curdi che si sarebbero sempre accontentati di un territorio loro nel Nord. Tra due mali Assad ha scelto il minore e quindi logicamente ha lasciato che i Curdi prendessero il controllo delle citt\u00e0 e dei valichi di frontiera, con l&#8217;eccezione di uno solo, nel nord-est, detenuto da milizie cristiane e da alcuni militari siriani. Combattimenti tra esercito e milizia cristiana da un lato, e combattenti Curdi dall&#8217;altro (raggruppati nel YPG) hanno avuto luogo, facendo vittime e prigionieri in entrambi gli schieramenti. Si era tuttavia lontani dalla conflagrazione generale.<\/p>\n<p style=\"text-align: justify;\">I Turchi vedevano questo di cattivo occhio, ma la loro preoccupazione all&#8217;epoca era principalmente quella di organizzare la rivolta islamista per rovesciare Assad.<\/p>\n<p style=\"text-align: justify;\">La battaglia di Kobane cambia tutto.<\/p>\n<p style=\"text-align: justify;\">Grazie all&#8217;aiuto dei Turchi, Daesh riusc\u00ec a conquistare una parte della Siria settentrionale congiungendosi cos\u00ec con il confine turco. Dopo la conquista della valle dell&#8217;Eufrate (Raqqa, parte di Deir ez-Zor, Mayadin, al Qua\u00efm) e dei giacimenti petroliferi del sud-est del paese, gli islamisti sono stati in grado di vendere il petrolio fino alla Turchia grazie a centinaia di camion cisterna che circolavano nell&#8217;indifferenza generale. L&#8217;aviazione della coalizione internazionale a guida USA non li ha quasi mai attaccati, cosa che \u00e8 comunque curiosa. Abbiamo dovuto aspettare che fossero i raid Russi a fermare questo traffico.<\/p>\n<p style=\"text-align: justify;\"><img loading=\"lazy\" decoding=\"async\" class=\"size-full wp-image-24202 alignleft\" src=\"https:\/\/www.rassegnastampa-totustuus.it\/cattolica\/wp-content\/uploads\/2012\/07\/Siria.png\" alt=\"\" width=\"240\" height=\"180\" \/>Tuttavia, rimaneva ancora una citt\u00e0 da conquistare per Daesh: Kobane, popolata principalmente dai Curdi. Le battaglie furiose fra il YPG (Peshmerga curdi) e gli islamisti sono durate parecchie settimane. Questo \u00e8 stato il momento in cui si \u00e8 realizzata l&#8217;alleanza tra i Curdi e gli Americani: gli USA hanno deciso di aiutare i combattenti curdi in maniera massiccia. L&#8217;appoggio della loro aviazione \u00e8 stato decisivo (come sempre nel corso di questa guerra) e Daesh ha dovuto ritirarsi. Il bilancio \u00e8 stato pesante da entrambe le parti, ma la vittoria dei Curdi avrebbe suggellato la loro alleanza con gli Stati Uniti. Armati e finanziati da loro, i Curdi sono stati in grado di consolidare le proprie posizioni lungo il confine turco, non esitando ad attaccare i militari siriani e le milizie cristiane per meglio consolidare la propria autorit\u00e0<\/p>\n<p style=\"text-align: justify;\">L&#8217;esercito turco per\u00f2 ha reagito, attraversando il confine per tagliare in due il territorio curdo ed impedire loro di controllare una fetta continuativa di territorio. I Curdi davanti ai carri armati turchi si sono ritirati per ordine degli Americani che non volevano un confronto diretto tra queste due forze (Turchia fa parte della NATO ndt).<\/p>\n<p style=\"text-align: justify;\">Oggi, i Curdi sono diventati la fanteria degli Stati Uniti: stanno prendendo il sopravvento a Raqqa (l&#8217;ex capitale del califfato in questo momento moribondo) e stanno prendendo posizione a nord di Deir ez-Zor al fine di impedire all&#8217;esercito siriano di riprendere il controllo di tutto il Paese.<\/p>\n<p style=\"text-align: justify;\">Raqqa e Deir ez-Zor sono degli insediamenti arabi e non curdi, ma poco importa: ci\u00f2 che conta per gli Stati Uniti \u00e8 distruggere Daesh e impedire ai Siriani di riconquistare il proprio territorio. Il ritorno della pace sotto l&#8217;egida di Assad non \u00e8 mai stato il loro obiettivo.<\/p>\n<p style=\"text-align: justify;\"><img loading=\"lazy\" decoding=\"async\" class=\"alignright wp-image-38555\" src=\"https:\/\/www.rassegnastampa-totustuus.it\/cattolica\/wp-content\/uploads\/2017\/10\/persecuzioni.jpg\" alt=\"\" width=\"250\" height=\"187\" \/>Ma una volta di pi\u00f9, sono ancora i Cristiani che patiscono di questa situazione. Essi sono relativamente numerosi nella regione, e occorre sapere che gli abusi curdi contro di loro non sono affatto rari: soprusi, arresti, e pi\u00f9 gravemente, uccisioni mirate e perfino il forzato spostamento della popolazione. Il silenzio \u00e8 assordante sull&#8217;argomento, ma i Curdi fanno parte degli eroi mediatici di questa guerra e non devono essere intaccati nella loro reputazione.<\/p>\n<p style=\"text-align: justify;\">Il soggetto non \u00e8 nuovo purtroppo: i Curdi hanno partecipato al genocidio del 1915, sia per ordine dei Turchi, sia, pi\u00f9 spesso, per spogliare dei loro beni gli sfortunati Armeni o Assiri. Il brigantaggio \u00e8 una vecchia tradizione in casa curda\u2026<\/p>\n<p style=\"text-align: justify;\">Certo, alcuni cristiani devono loro la vita per la loro ostinata resistenza contro Daesh; i Peshmerga curdi sono assai efficaci. Ma questo non deve oscurare la realt\u00e0 di ci\u00f2 che i Curdi sono: essi sono Curdi e il resto non conta. Il loro Islam \u00e8 molto lontano e l&#8217;ideologia marxista che li anima \u00e8 abbastanza teorica, ma i cristiani per loro sono ancora meno importanti.<\/p>\n<p style=\"text-align: justify;\">Essi vogliono un territorio e sono disposti a fare di tutto a questo fine: gli Americani lo hanno capito bene e se ne servono per eliminare Daesh. Parimenti i Curdi usano degli americani per affermare il loro potere locale.<\/p>\n<p style=\"text-align: justify;\">Fortunatamente, i cristiani sono ancora abbastanza numerosi nella regione, soprattutto nel nord-est. Nelle citt\u00e0 di Hassake (180 000 ab.) e Qamishli (170 000 ab.) vivono molti siriaci cattolici e ortodossi i cui giovani sono armati e organizzati. Ma la vita \u00e8 molto difficile e molti stanno pensando di andarsene.<\/p>\n<p style=\"text-align: justify;\">Che \u00e8 esattamente quello che i Curdi aspettano<\/p>\n<p style=\"text-align: justify;\"><em>( trad. Gb.P.)<\/em><\/p>\n","protected":false},"excerpt":{"rendered":"<p>Dal sito Ora pro Siria 3 Ottobre 2017 di Antoine de Lacoste (articolo scritto per il sito Salon Beige) Pi\u00f9 di un milione di Curdi popola la Siria settentrionale e coesiste con poco meno di un milione di Arabi. Pragmaticamente, hanno vissuto in buona armonia con il regime, beneficiando di una certa autonomia in cambio &hellip; <\/p>\n<p><a class=\"more-link btn\" href=\"https:\/\/www.rassegnastampa-totustuus.it\/cattolica\/i-cristiani-siriani-alla-prova-dei-curdi\/\">Continua a leggere<\/a><\/p>\n","protected":false},"author":6,"featured_media":38588,"comment_status":"closed","ping_status":"closed","sticky":false,"template":"","format":"standard","meta":{"footnotes":""},"categories":[108],"tags":[2637,440],"class_list":["post-38587","post","type-post","status-publish","format-standard","has-post-thumbnail","hentry","category-paesi-e-continenti","tag-curdi","tag-siria","item-wrap"],"yoast_head":"<!-- This site is optimized with the Yoast SEO plugin v27.5 - https:\/\/yoast.com\/product\/yoast-seo-wordpress\/ -->\n<title>I cristiani siriani alla prova dei Curdi - Rassegna Stampa Cattolica<\/title>\n<meta name=\"description\" content=\"Rassegna Stampa Cattolica - Per una cultura che nasce dalla Rivelazione cristiana in conformit\u00e0 alla tradizione e al Magistero della Chiesa in opposizione ad ogni relativismo e totalitarismo\" \/>\n<meta name=\"robots\" content=\"index, follow, max-snippet:-1, max-image-preview:large, max-video-preview:-1\" \/>\n<link rel=\"canonical\" href=\"https:\/\/www.rassegnastampa-totustuus.it\/cattolica\/i-cristiani-siriani-alla-prova-dei-curdi\/\" \/>\n<meta property=\"og:locale\" content=\"it_IT\" \/>\n<meta property=\"og:type\" content=\"article\" \/>\n<meta property=\"og:title\" content=\"I cristiani siriani alla prova dei Curdi - Rassegna Stampa Cattolica\" \/>\n<meta property=\"og:description\" content=\"Rassegna Stampa Cattolica - Per una cultura che nasce dalla Rivelazione cristiana in conformit\u00e0 alla tradizione e al Magistero della Chiesa in opposizione ad ogni relativismo e totalitarismo\" \/>\n<meta property=\"og:url\" content=\"https:\/\/www.rassegnastampa-totustuus.it\/cattolica\/i-cristiani-siriani-alla-prova-dei-curdi\/\" \/>\n<meta property=\"og:site_name\" content=\"Rassegna Stampa Cattolica\" \/>\n<meta property=\"article:publisher\" content=\"https:\/\/www.facebook.com\/rassegnastampacattolica\" \/>\n<meta property=\"article:published_time\" content=\"2017-10-11T22:00:27+00:00\" \/>\n<meta property=\"og:image\" content=\"https:\/\/www.rassegnastampa-totustuus.it\/cattolica\/wp-content\/uploads\/2017\/10\/curdi_Siria.jpg\" \/>\n\t<meta property=\"og:image:width\" content=\"225\" \/>\n\t<meta property=\"og:image:height\" content=\"225\" \/>\n\t<meta property=\"og:image:type\" content=\"image\/jpeg\" \/>\n<meta name=\"author\" content=\"Redazione\" \/>\n<meta name=\"twitter:card\" content=\"summary_large_image\" \/>\n<meta name=\"twitter:creator\" content=\"@rassegnastampa9\" \/>\n<meta name=\"twitter:site\" content=\"@rassegnastampa9\" \/>\n<meta name=\"twitter:label1\" content=\"Scritto da\" \/>\n\t<meta name=\"twitter:data1\" content=\"Redazione\" \/>\n\t<meta name=\"twitter:label2\" content=\"Tempo di lettura stimato\" \/>\n\t<meta name=\"twitter:data2\" content=\"5 minuti\" \/>\n<script type=\"application\/ld+json\" class=\"yoast-schema-graph\">{\"@context\":\"https:\\\/\\\/schema.org\",\"@graph\":[{\"@type\":\"Article\",\"@id\":\"https:\\\/\\\/www.rassegnastampa-totustuus.it\\\/cattolica\\\/i-cristiani-siriani-alla-prova-dei-curdi\\\/#article\",\"isPartOf\":{\"@id\":\"https:\\\/\\\/www.rassegnastampa-totustuus.it\\\/cattolica\\\/i-cristiani-siriani-alla-prova-dei-curdi\\\/\"},\"author\":{\"name\":\"Redazione\",\"@id\":\"https:\\\/\\\/www.rassegnastampa-totustuus.it\\\/cattolica\\\/#\\\/schema\\\/person\\\/08f319d2bd1a0904ad9e2bfb7b15e5c3\"},\"headline\":\"I cristiani siriani alla prova dei Curdi\",\"datePublished\":\"2017-10-11T22:00:27+00:00\",\"mainEntityOfPage\":{\"@id\":\"https:\\\/\\\/www.rassegnastampa-totustuus.it\\\/cattolica\\\/i-cristiani-siriani-alla-prova-dei-curdi\\\/\"},\"wordCount\":935,\"publisher\":{\"@id\":\"https:\\\/\\\/www.rassegnastampa-totustuus.it\\\/cattolica\\\/#organization\"},\"image\":{\"@id\":\"https:\\\/\\\/www.rassegnastampa-totustuus.it\\\/cattolica\\\/i-cristiani-siriani-alla-prova-dei-curdi\\\/#primaryimage\"},\"thumbnailUrl\":\"https:\\\/\\\/www.rassegnastampa-totustuus.it\\\/cattolica\\\/wp-content\\\/uploads\\\/2017\\\/10\\\/curdi_Siria.jpg\",\"keywords\":[\"curdi\",\"Siria\"],\"articleSection\":[\"Paesi e continenti\"],\"inLanguage\":\"it-IT\"},{\"@type\":\"WebPage\",\"@id\":\"https:\\\/\\\/www.rassegnastampa-totustuus.it\\\/cattolica\\\/i-cristiani-siriani-alla-prova-dei-curdi\\\/\",\"url\":\"https:\\\/\\\/www.rassegnastampa-totustuus.it\\\/cattolica\\\/i-cristiani-siriani-alla-prova-dei-curdi\\\/\",\"name\":\"I cristiani siriani alla prova dei Curdi - Rassegna Stampa Cattolica\",\"isPartOf\":{\"@id\":\"https:\\\/\\\/www.rassegnastampa-totustuus.it\\\/cattolica\\\/#website\"},\"primaryImageOfPage\":{\"@id\":\"https:\\\/\\\/www.rassegnastampa-totustuus.it\\\/cattolica\\\/i-cristiani-siriani-alla-prova-dei-curdi\\\/#primaryimage\"},\"image\":{\"@id\":\"https:\\\/\\\/www.rassegnastampa-totustuus.it\\\/cattolica\\\/i-cristiani-siriani-alla-prova-dei-curdi\\\/#primaryimage\"},\"thumbnailUrl\":\"https:\\\/\\\/www.rassegnastampa-totustuus.it\\\/cattolica\\\/wp-content\\\/uploads\\\/2017\\\/10\\\/curdi_Siria.jpg\",\"datePublished\":\"2017-10-11T22:00:27+00:00\",\"description\":\"Rassegna Stampa Cattolica - Per una cultura che nasce dalla Rivelazione cristiana in conformit\u00e0 alla tradizione e al Magistero della Chiesa in opposizione ad ogni relativismo e totalitarismo\",\"breadcrumb\":{\"@id\":\"https:\\\/\\\/www.rassegnastampa-totustuus.it\\\/cattolica\\\/i-cristiani-siriani-alla-prova-dei-curdi\\\/#breadcrumb\"},\"inLanguage\":\"it-IT\",\"potentialAction\":[{\"@type\":\"ReadAction\",\"target\":[\"https:\\\/\\\/www.rassegnastampa-totustuus.it\\\/cattolica\\\/i-cristiani-siriani-alla-prova-dei-curdi\\\/\"]}]},{\"@type\":\"ImageObject\",\"inLanguage\":\"it-IT\",\"@id\":\"https:\\\/\\\/www.rassegnastampa-totustuus.it\\\/cattolica\\\/i-cristiani-siriani-alla-prova-dei-curdi\\\/#primaryimage\",\"url\":\"https:\\\/\\\/www.rassegnastampa-totustuus.it\\\/cattolica\\\/wp-content\\\/uploads\\\/2017\\\/10\\\/curdi_Siria.jpg\",\"contentUrl\":\"https:\\\/\\\/www.rassegnastampa-totustuus.it\\\/cattolica\\\/wp-content\\\/uploads\\\/2017\\\/10\\\/curdi_Siria.jpg\",\"width\":225,\"height\":225},{\"@type\":\"BreadcrumbList\",\"@id\":\"https:\\\/\\\/www.rassegnastampa-totustuus.it\\\/cattolica\\\/i-cristiani-siriani-alla-prova-dei-curdi\\\/#breadcrumb\",\"itemListElement\":[{\"@type\":\"ListItem\",\"position\":1,\"name\":\"Home\",\"item\":\"https:\\\/\\\/www.rassegnastampa-totustuus.it\\\/cattolica\\\/\"},{\"@type\":\"ListItem\",\"position\":2,\"name\":\"I cristiani siriani alla prova dei Curdi\"}]},{\"@type\":\"WebSite\",\"@id\":\"https:\\\/\\\/www.rassegnastampa-totustuus.it\\\/cattolica\\\/#website\",\"url\":\"https:\\\/\\\/www.rassegnastampa-totustuus.it\\\/cattolica\\\/\",\"name\":\"Rassegna Stampa Cattolica\",\"description\":\"Per una cultura che nasce dalla Rivelazione cristiana in conformit\u00e0 alla tradizione e al Magistero della Chiesa in opposizione ad ogni relativismo e totalitarismo\",\"publisher\":{\"@id\":\"https:\\\/\\\/www.rassegnastampa-totustuus.it\\\/cattolica\\\/#organization\"},\"alternateName\":\"Rass. Cattolica\",\"potentialAction\":[{\"@type\":\"SearchAction\",\"target\":{\"@type\":\"EntryPoint\",\"urlTemplate\":\"https:\\\/\\\/www.rassegnastampa-totustuus.it\\\/cattolica\\\/?s={search_term_string}\"},\"query-input\":{\"@type\":\"PropertyValueSpecification\",\"valueRequired\":true,\"valueName\":\"search_term_string\"}}],\"inLanguage\":\"it-IT\"},{\"@type\":\"Organization\",\"@id\":\"https:\\\/\\\/www.rassegnastampa-totustuus.it\\\/cattolica\\\/#organization\",\"name\":\"Rassegna Stampa Cattolica\",\"url\":\"https:\\\/\\\/www.rassegnastampa-totustuus.it\\\/cattolica\\\/\",\"logo\":{\"@type\":\"ImageObject\",\"inLanguage\":\"it-IT\",\"@id\":\"https:\\\/\\\/www.rassegnastampa-totustuus.it\\\/cattolica\\\/#\\\/schema\\\/logo\\\/image\\\/\",\"url\":\"https:\\\/\\\/www.rassegnastampa-totustuus.it\\\/cattolica\\\/wp-content\\\/uploads\\\/2014\\\/04\\\/logo-rassegna1.gif\",\"contentUrl\":\"https:\\\/\\\/www.rassegnastampa-totustuus.it\\\/cattolica\\\/wp-content\\\/uploads\\\/2014\\\/04\\\/logo-rassegna1.gif\",\"width\":600,\"height\":163,\"caption\":\"Rassegna Stampa Cattolica\"},\"image\":{\"@id\":\"https:\\\/\\\/www.rassegnastampa-totustuus.it\\\/cattolica\\\/#\\\/schema\\\/logo\\\/image\\\/\"},\"sameAs\":[\"https:\\\/\\\/www.facebook.com\\\/rassegnastampacattolica\",\"https:\\\/\\\/x.com\\\/rassegnastampa9\"]},{\"@type\":\"Person\",\"@id\":\"https:\\\/\\\/www.rassegnastampa-totustuus.it\\\/cattolica\\\/#\\\/schema\\\/person\\\/08f319d2bd1a0904ad9e2bfb7b15e5c3\",\"name\":\"Redazione\",\"image\":{\"@type\":\"ImageObject\",\"inLanguage\":\"it-IT\",\"@id\":\"https:\\\/\\\/secure.gravatar.com\\\/avatar\\\/2fcdf27c78ea025fbdb44e914cc63c72249ffec9dc8aafd5c82b26240ef3f346?s=96&d=mm&r=g\",\"url\":\"https:\\\/\\\/secure.gravatar.com\\\/avatar\\\/2fcdf27c78ea025fbdb44e914cc63c72249ffec9dc8aafd5c82b26240ef3f346?s=96&d=mm&r=g\",\"contentUrl\":\"https:\\\/\\\/secure.gravatar.com\\\/avatar\\\/2fcdf27c78ea025fbdb44e914cc63c72249ffec9dc8aafd5c82b26240ef3f346?s=96&d=mm&r=g\",\"caption\":\"Redazione\"},\"url\":\"https:\\\/\\\/www.rassegnastampa-totustuus.it\\\/cattolica\\\/author\\\/pietroelle\\\/\"}]}<\/script>\n<!-- \/ Yoast SEO plugin. -->","yoast_head_json":{"title":"I cristiani siriani alla prova dei Curdi - Rassegna Stampa Cattolica","description":"Rassegna Stampa Cattolica - Per una cultura che nasce dalla Rivelazione cristiana in conformit\u00e0 alla tradizione e al Magistero della Chiesa in opposizione ad ogni relativismo e totalitarismo","robots":{"index":"index","follow":"follow","max-snippet":"max-snippet:-1","max-image-preview":"max-image-preview:large","max-video-preview":"max-video-preview:-1"},"canonical":"https:\/\/www.rassegnastampa-totustuus.it\/cattolica\/i-cristiani-siriani-alla-prova-dei-curdi\/","og_locale":"it_IT","og_type":"article","og_title":"I cristiani siriani alla prova dei Curdi - Rassegna Stampa Cattolica","og_description":"Rassegna Stampa Cattolica - Per una cultura che nasce dalla Rivelazione cristiana in conformit\u00e0 alla tradizione e al Magistero della Chiesa in opposizione ad ogni relativismo e totalitarismo","og_url":"https:\/\/www.rassegnastampa-totustuus.it\/cattolica\/i-cristiani-siriani-alla-prova-dei-curdi\/","og_site_name":"Rassegna Stampa Cattolica","article_publisher":"https:\/\/www.facebook.com\/rassegnastampacattolica","article_published_time":"2017-10-11T22:00:27+00:00","og_image":[{"width":225,"height":225,"url":"https:\/\/www.rassegnastampa-totustuus.it\/cattolica\/wp-content\/uploads\/2017\/10\/curdi_Siria.jpg","type":"image\/jpeg"}],"author":"Redazione","twitter_card":"summary_large_image","twitter_creator":"@rassegnastampa9","twitter_site":"@rassegnastampa9","twitter_misc":{"Scritto da":"Redazione","Tempo di lettura stimato":"5 minuti"},"schema":{"@context":"https:\/\/schema.org","@graph":[{"@type":"Article","@id":"https:\/\/www.rassegnastampa-totustuus.it\/cattolica\/i-cristiani-siriani-alla-prova-dei-curdi\/#article","isPartOf":{"@id":"https:\/\/www.rassegnastampa-totustuus.it\/cattolica\/i-cristiani-siriani-alla-prova-dei-curdi\/"},"author":{"name":"Redazione","@id":"https:\/\/www.rassegnastampa-totustuus.it\/cattolica\/#\/schema\/person\/08f319d2bd1a0904ad9e2bfb7b15e5c3"},"headline":"I cristiani siriani alla prova dei Curdi","datePublished":"2017-10-11T22:00:27+00:00","mainEntityOfPage":{"@id":"https:\/\/www.rassegnastampa-totustuus.it\/cattolica\/i-cristiani-siriani-alla-prova-dei-curdi\/"},"wordCount":935,"publisher":{"@id":"https:\/\/www.rassegnastampa-totustuus.it\/cattolica\/#organization"},"image":{"@id":"https:\/\/www.rassegnastampa-totustuus.it\/cattolica\/i-cristiani-siriani-alla-prova-dei-curdi\/#primaryimage"},"thumbnailUrl":"https:\/\/www.rassegnastampa-totustuus.it\/cattolica\/wp-content\/uploads\/2017\/10\/curdi_Siria.jpg","keywords":["curdi","Siria"],"articleSection":["Paesi e continenti"],"inLanguage":"it-IT"},{"@type":"WebPage","@id":"https:\/\/www.rassegnastampa-totustuus.it\/cattolica\/i-cristiani-siriani-alla-prova-dei-curdi\/","url":"https:\/\/www.rassegnastampa-totustuus.it\/cattolica\/i-cristiani-siriani-alla-prova-dei-curdi\/","name":"I cristiani siriani alla prova dei Curdi - Rassegna Stampa Cattolica","isPartOf":{"@id":"https:\/\/www.rassegnastampa-totustuus.it\/cattolica\/#website"},"primaryImageOfPage":{"@id":"https:\/\/www.rassegnastampa-totustuus.it\/cattolica\/i-cristiani-siriani-alla-prova-dei-curdi\/#primaryimage"},"image":{"@id":"https:\/\/www.rassegnastampa-totustuus.it\/cattolica\/i-cristiani-siriani-alla-prova-dei-curdi\/#primaryimage"},"thumbnailUrl":"https:\/\/www.rassegnastampa-totustuus.it\/cattolica\/wp-content\/uploads\/2017\/10\/curdi_Siria.jpg","datePublished":"2017-10-11T22:00:27+00:00","description":"Rassegna Stampa Cattolica - Per una cultura che nasce dalla Rivelazione cristiana in conformit\u00e0 alla tradizione e al Magistero della Chiesa in opposizione ad ogni relativismo e totalitarismo","breadcrumb":{"@id":"https:\/\/www.rassegnastampa-totustuus.it\/cattolica\/i-cristiani-siriani-alla-prova-dei-curdi\/#breadcrumb"},"inLanguage":"it-IT","potentialAction":[{"@type":"ReadAction","target":["https:\/\/www.rassegnastampa-totustuus.it\/cattolica\/i-cristiani-siriani-alla-prova-dei-curdi\/"]}]},{"@type":"ImageObject","inLanguage":"it-IT","@id":"https:\/\/www.rassegnastampa-totustuus.it\/cattolica\/i-cristiani-siriani-alla-prova-dei-curdi\/#primaryimage","url":"https:\/\/www.rassegnastampa-totustuus.it\/cattolica\/wp-content\/uploads\/2017\/10\/curdi_Siria.jpg","contentUrl":"https:\/\/www.rassegnastampa-totustuus.it\/cattolica\/wp-content\/uploads\/2017\/10\/curdi_Siria.jpg","width":225,"height":225},{"@type":"BreadcrumbList","@id":"https:\/\/www.rassegnastampa-totustuus.it\/cattolica\/i-cristiani-siriani-alla-prova-dei-curdi\/#breadcrumb","itemListElement":[{"@type":"ListItem","position":1,"name":"Home","item":"https:\/\/www.rassegnastampa-totustuus.it\/cattolica\/"},{"@type":"ListItem","position":2,"name":"I cristiani siriani alla prova dei Curdi"}]},{"@type":"WebSite","@id":"https:\/\/www.rassegnastampa-totustuus.it\/cattolica\/#website","url":"https:\/\/www.rassegnastampa-totustuus.it\/cattolica\/","name":"Rassegna Stampa Cattolica","description":"Per una cultura che nasce dalla Rivelazione cristiana in conformit\u00e0 alla tradizione e al Magistero della Chiesa in opposizione ad ogni relativismo e totalitarismo","publisher":{"@id":"https:\/\/www.rassegnastampa-totustuus.it\/cattolica\/#organization"},"alternateName":"Rass. Cattolica","potentialAction":[{"@type":"SearchAction","target":{"@type":"EntryPoint","urlTemplate":"https:\/\/www.rassegnastampa-totustuus.it\/cattolica\/?s={search_term_string}"},"query-input":{"@type":"PropertyValueSpecification","valueRequired":true,"valueName":"search_term_string"}}],"inLanguage":"it-IT"},{"@type":"Organization","@id":"https:\/\/www.rassegnastampa-totustuus.it\/cattolica\/#organization","name":"Rassegna Stampa Cattolica","url":"https:\/\/www.rassegnastampa-totustuus.it\/cattolica\/","logo":{"@type":"ImageObject","inLanguage":"it-IT","@id":"https:\/\/www.rassegnastampa-totustuus.it\/cattolica\/#\/schema\/logo\/image\/","url":"https:\/\/www.rassegnastampa-totustuus.it\/cattolica\/wp-content\/uploads\/2014\/04\/logo-rassegna1.gif","contentUrl":"https:\/\/www.rassegnastampa-totustuus.it\/cattolica\/wp-content\/uploads\/2014\/04\/logo-rassegna1.gif","width":600,"height":163,"caption":"Rassegna Stampa Cattolica"},"image":{"@id":"https:\/\/www.rassegnastampa-totustuus.it\/cattolica\/#\/schema\/logo\/image\/"},"sameAs":["https:\/\/www.facebook.com\/rassegnastampacattolica","https:\/\/x.com\/rassegnastampa9"]},{"@type":"Person","@id":"https:\/\/www.rassegnastampa-totustuus.it\/cattolica\/#\/schema\/person\/08f319d2bd1a0904ad9e2bfb7b15e5c3","name":"Redazione","image":{"@type":"ImageObject","inLanguage":"it-IT","@id":"https:\/\/secure.gravatar.com\/avatar\/2fcdf27c78ea025fbdb44e914cc63c72249ffec9dc8aafd5c82b26240ef3f346?s=96&d=mm&r=g","url":"https:\/\/secure.gravatar.com\/avatar\/2fcdf27c78ea025fbdb44e914cc63c72249ffec9dc8aafd5c82b26240ef3f346?s=96&d=mm&r=g","contentUrl":"https:\/\/secure.gravatar.com\/avatar\/2fcdf27c78ea025fbdb44e914cc63c72249ffec9dc8aafd5c82b26240ef3f346?s=96&d=mm&r=g","caption":"Redazione"},"url":"https:\/\/www.rassegnastampa-totustuus.it\/cattolica\/author\/pietroelle\/"}]}},"_links":{"self":[{"href":"https:\/\/www.rassegnastampa-totustuus.it\/cattolica\/wp-json\/wp\/v2\/posts\/38587","targetHints":{"allow":["GET"]}}],"collection":[{"href":"https:\/\/www.rassegnastampa-totustuus.it\/cattolica\/wp-json\/wp\/v2\/posts"}],"about":[{"href":"https:\/\/www.rassegnastampa-totustuus.it\/cattolica\/wp-json\/wp\/v2\/types\/post"}],"author":[{"embeddable":true,"href":"https:\/\/www.rassegnastampa-totustuus.it\/cattolica\/wp-json\/wp\/v2\/users\/6"}],"replies":[{"embeddable":true,"href":"https:\/\/www.rassegnastampa-totustuus.it\/cattolica\/wp-json\/wp\/v2\/comments?post=38587"}],"version-history":[{"count":3,"href":"https:\/\/www.rassegnastampa-totustuus.it\/cattolica\/wp-json\/wp\/v2\/posts\/38587\/revisions"}],"predecessor-version":[{"id":38591,"href":"https:\/\/www.rassegnastampa-totustuus.it\/cattolica\/wp-json\/wp\/v2\/posts\/38587\/revisions\/38591"}],"wp:featuredmedia":[{"embeddable":true,"href":"https:\/\/www.rassegnastampa-totustuus.it\/cattolica\/wp-json\/wp\/v2\/media\/38588"}],"wp:attachment":[{"href":"https:\/\/www.rassegnastampa-totustuus.it\/cattolica\/wp-json\/wp\/v2\/media?parent=38587"}],"wp:term":[{"taxonomy":"category","embeddable":true,"href":"https:\/\/www.rassegnastampa-totustuus.it\/cattolica\/wp-json\/wp\/v2\/categories?post=38587"},{"taxonomy":"post_tag","embeddable":true,"href":"https:\/\/www.rassegnastampa-totustuus.it\/cattolica\/wp-json\/wp\/v2\/tags?post=38587"}],"curies":[{"name":"wp","href":"https:\/\/api.w.org\/{rel}","templated":true}]}}