{"id":38566,"date":"2017-10-12T00:00:32","date_gmt":"2017-10-11T22:00:32","guid":{"rendered":"http:\/\/www.rassegnastampa-totustuus.it\/cattolica\/?p=38566"},"modified":"2017-10-05T10:53:03","modified_gmt":"2017-10-05T08:53:03","slug":"due-nobel-che-testimoniano-la-creazione","status":"publish","type":"post","link":"https:\/\/www.rassegnastampa-totustuus.it\/cattolica\/due-nobel-che-testimoniano-la-creazione\/","title":{"rendered":"Due Nobel che testimoniano la Creazione"},"content":{"rendered":"<p style=\"text-align: center;\"><strong><img loading=\"lazy\" decoding=\"async\" class=\"alignright wp-image-38567\" src=\"https:\/\/www.rassegnastampa-totustuus.it\/cattolica\/wp-content\/uploads\/2017\/10\/Nobel_2017.jpg\" alt=\"\" width=\"250\" height=\"164\" \/>La Nuova Bussola quotidiana <\/strong><\/p>\n<p style=\"text-align: center;\">4 Ottobre 2017<\/p>\n<p style=\"text-align: center;\">di <strong>Marco Respinti<\/strong><\/p>\n<p style=\"text-align: justify;\">Uno dei racconti meno citati e pi\u00f9 belli dello scrittore e filologo inglese J.R.R. Tolkien (1892-1973) s\u2019intitola <em>\u201cFoglia\u201d di Niggle<\/em>. Datato 1938-1939, fu pubblicato per la prima volta nel 1945. Un pittore, Niggle, dipinge una foglia; il quadro cresce, cresce, diventa un albero maestoso, poi una selva, cos\u00ec ricca di particolari, talmente lussureggiante di dettagli che il dipinto non viene mai terminato.<\/p>\n<p><!--more--><\/p>\n<p style=\"text-align: justify;\">Sembra il paradosso della Mappa dell\u2019Impero in scala 1:1 contenuto nel frammento<em> Del rigore della scienza<\/em>, l\u2019ultimo di <em>Storia universale dell\u2019infamia<\/em>, pubblicato per la prima volta nel 1935 e poi riveduto e corretto nel 1954 dallo scrittore e poeta argentino Jorge Luis Borges (1899-1986). Solo che dove in Borges il paradosso esemplifica la vanit\u00e0 di un\u2019impresa prometeica, in Tolkien l\u2019opera che cresce come cosa viva \u00e8 l\u2019allegoria dell\u2019infinito.<\/p>\n<p style=\"text-align: justify;\">Giunse poi il giorno in cui a Niggle tocc\u00f2 di partire per l\u2019ultimo viaggio; pensava di avere sprecato l\u2019esistenza rincorrendo un mito incapacitante e invece, premio per una vita spesa bene, gli fu concesso di entrare nel proprio stesso quadro, di viverlo, di spaziare per sempre nella sua infinit\u00e0. L\u2019universo in cui viviamo \u00e8 come il quadro di Niggle pi\u00f9 la Mappa dell\u2019Impero, ma concreti, meravigliosi, stupefacenti, sorprendenti, e noi gi\u00e0 li abitiamo<\/p>\n<p style=\"text-align: justify;\">Lo testimoniano una volta in pi\u00f9 i Premi Nobel 2017 per la Medicina e per la Fisica. Il primo \u00e8 stato assegnato luned\u00ec 2 settembre dal Karolinska Institutet di Solna, a pochi chilometri da Stoccolma, in Svezia, ai ricercatori statunitensi Jeffrey C. Hall, Michael Rosbash e Michael W. Young scopritori dei meccanismi che presiedono ai ritmi circadiani degli esseri viventi.<\/p>\n<p style=\"text-align: justify;\">Il secondo \u00e8 stato conferito marted\u00ec 3 dall\u2019Accademia reale svedese delle scienze di Stoccolma ai ricercatori, pure statunitensi, Kip Thorne, Barry Barish e Rainer Weiss per la conferma (grazie ai rivelatori americani Ligo e all\u2019italiano Virgo) di quanto previsto dalla teoria generale della relativit\u00e0 formulata pi\u00f9 di un secolo fa dal fisico tedesco naturalizzato prima svizzero poi statunitense Albert Einstein (1879-1955): le onde gravitazionali esistono<strong>.<\/strong><\/p>\n<p style=\"text-align: justify;\">I ritmi circadiani del Nobel per la Medicina sono le cadenze che regolano le abitudini fisiologiche dei viventi nell\u2019arco delle 24 ore a fronte dell\u2019alternanza luce\/buio. Tutto \u00e8 iniziato con l\u2019astronomo francese Jean Jacques d\u2019Ortous de Mairan (1678-1771), notissimo per gli studi sul ghiaccio e sulle aurore boreali, ma anche con la nostra pochezza di uomini comuni. Infatti, in pieno secolo dei lumi, d\u2019Ortous de Mairan si accorse che le piante di mimosa si aprono in direzione del Sole durante le ore di luce per poi richiudersi la notte; ma noi tutti siamo affascinati sin da che eravamo piccoli dalle distese estive dove biondeggiano i girasoli che il d\u00ec sorridono paffuti al Sole e al tramonto si congedano per il \u201csonno\u201d del giusto.<\/p>\n<p style=\"text-align: justify;\">Da tempo si \u00e8 scoperto che il regolatore di questi meccanismi \u00e8 un gene, detto <em>period<\/em>; ai tre Nobel statunitensi \u00e8 dunque toccato il merito di avere individuato il modo in cui esso agisce codificando una proteina che, accumulandosi negli organismi di notte per poi diminuire il d\u00ec, produce i suddetti comportamenti biologici.<\/p>\n<p style=\"text-align: justify;\">Le onde gravitazionali del Nobel per la Fisica sono invece le \u201cincrespature\u201d prodotte dallo scontro fra masse enormi, per esempio due buchi neri, nel <em>continuum<\/em> spaziotempo, vale a dire quel modello matematico in cui lo spazio tridimensionale e il tempo non sono dimensioni separate bens\u00ec interconnesse e dinamiche che si allungano e si accorciano. Assai flebili, per essere registrate le onde hanno dovuto attendere l\u2019avvento di apparecchiature sofisticatissime.<\/p>\n<p style=\"text-align: justify;\">Ora, parrebbero entrambe mere questioni per specialisti. In parte lo sono. Per\u00f2 in parte piccola. In parte grande sono invece finestre su un universo incredibile, letteralmente: cio\u00e8 un universo a cui verrebbe istinto di non credere tanto \u00e8 fantastico<\/p>\n<p style=\"text-align: justify;\">Da un lato la ricerca empirica sulla fisiologia \u2013 se vogliamo quanto di pi\u00f9 materiale e meccanico esista \u2013 rivela che tutto \u00e8 <em>regolato<\/em>. Che il corpo dei viventi segue uno schema preciso. Che l\u2019essere umano \u00e8 presieduto da una biologia raffinatissima. Che c\u2019\u00e8 un ordine meticoloso. Che c\u2019\u00e8 una natura per cui la realt\u00e0, e in essa principalmente l\u2019uomo, \u00e8 quello che \u00e8 senza che nessuno possa farci niente. Che tra universo (il Sole) e l\u2019uomo, apparentemente diversissimi, c\u2019\u00e8 invece una corrispondenza intima che nemmeno il pi\u00f9 sofisticato dei calcolatori potrebbe programmare.<\/p>\n<p style=\"text-align: justify;\">Come si legge nelle motivazione del Nobel, \u00abla vita sulla Terra \u00e8 adatta alla rotazione del nostro pianeta\u00bb, esempio rotondo di simbiosi universale, di reciprocit\u00e0 perfetta, il <em>fine-tuning<\/em> supremo accordato sul grande diapason cosmico<\/p>\n<p style=\"text-align: justify;\">Dall\u2019altro le onde gravitazionali tengono viva la memoria di eventi colossali, anche passati, anche delle origini. \u00abLa prova che le collisioni fra buchi neri producono onde gravitazionali fa sperare pure che gli scienziati trovino onde gravitazionali provenienti dai primi istanti dell\u2019universo\u00bb, afferma Jeff Zweerink, astrofisico dell\u2019Universit\u00e0 della California di Los Angeles.<\/p>\n<p style=\"text-align: justify;\">Infatti, se le onde gravitazionali confermano la relativit\u00e0 einsteniana, confermano anche il modello cosmologico postulato dalla relativit\u00e0 einsteniana che \u00e8 quello di un universo che ha avuto un inizio. E davanti a un universo che ha avuto un inizio, la ragione empirica si ribella all\u2019ipotesi che non esista un iniziatore. Fra orologio biologico e onde gravitazionali, insomma, ogni secondo che passa la parola \u201ccaso\u201d si allontana sempre pi\u00f9 dal nostro habitat.<\/p>\n<p>&nbsp;<\/p>\n","protected":false},"excerpt":{"rendered":"<p>La Nuova Bussola quotidiana 4 Ottobre 2017 di Marco Respinti Uno dei racconti meno citati e pi\u00f9 belli dello scrittore e filologo inglese J.R.R. Tolkien (1892-1973) s\u2019intitola \u201cFoglia\u201d di Niggle. Datato 1938-1939, fu pubblicato per la prima volta nel 1945. Un pittore, Niggle, dipinge una foglia; il quadro cresce, cresce, diventa un albero maestoso, poi &hellip; <\/p>\n<p><a class=\"more-link btn\" href=\"https:\/\/www.rassegnastampa-totustuus.it\/cattolica\/due-nobel-che-testimoniano-la-creazione\/\">Continua a leggere<\/a><\/p>\n","protected":false},"author":6,"featured_media":38567,"comment_status":"closed","ping_status":"closed","sticky":false,"template":"","format":"standard","meta":{"footnotes":""},"categories":[51,22],"tags":[351,1690],"class_list":["post-38566","post","type-post","status-publish","format-standard","has-post-thumbnail","hentry","category-evoluzionismo","category-scienza","tag-creazione","tag-premio-nobel","item-wrap"],"yoast_head":"<!-- This site is optimized with the Yoast SEO plugin v27.5 - https:\/\/yoast.com\/product\/yoast-seo-wordpress\/ -->\n<title>Due Nobel che testimoniano la Creazione - Rassegna Stampa Cattolica<\/title>\n<meta name=\"description\" content=\"Rassegna Stampa Cattolica - Per una cultura che nasce dalla Rivelazione cristiana in conformit\u00e0 alla tradizione e al Magistero della Chiesa in opposizione ad ogni relativismo e totalitarismo\" \/>\n<meta name=\"robots\" content=\"index, follow, max-snippet:-1, max-image-preview:large, max-video-preview:-1\" \/>\n<link rel=\"canonical\" href=\"https:\/\/www.rassegnastampa-totustuus.it\/cattolica\/due-nobel-che-testimoniano-la-creazione\/\" \/>\n<meta property=\"og:locale\" content=\"it_IT\" \/>\n<meta property=\"og:type\" content=\"article\" \/>\n<meta property=\"og:title\" content=\"Due Nobel che testimoniano la Creazione - Rassegna Stampa Cattolica\" \/>\n<meta property=\"og:description\" content=\"Rassegna Stampa Cattolica - Per una cultura che nasce dalla Rivelazione cristiana in conformit\u00e0 alla tradizione e al Magistero della Chiesa in opposizione ad ogni relativismo e totalitarismo\" \/>\n<meta property=\"og:url\" content=\"https:\/\/www.rassegnastampa-totustuus.it\/cattolica\/due-nobel-che-testimoniano-la-creazione\/\" \/>\n<meta property=\"og:site_name\" content=\"Rassegna Stampa Cattolica\" \/>\n<meta property=\"article:publisher\" content=\"https:\/\/www.facebook.com\/rassegnastampacattolica\" \/>\n<meta property=\"article:published_time\" content=\"2017-10-11T22:00:32+00:00\" \/>\n<meta property=\"og:image\" content=\"https:\/\/www.rassegnastampa-totustuus.it\/cattolica\/wp-content\/uploads\/2017\/10\/Nobel_2017.jpg\" \/>\n\t<meta property=\"og:image:width\" content=\"277\" \/>\n\t<meta property=\"og:image:height\" content=\"182\" \/>\n\t<meta property=\"og:image:type\" content=\"image\/jpeg\" \/>\n<meta name=\"author\" content=\"Redazione\" \/>\n<meta name=\"twitter:card\" content=\"summary_large_image\" \/>\n<meta name=\"twitter:creator\" content=\"@rassegnastampa9\" \/>\n<meta name=\"twitter:site\" content=\"@rassegnastampa9\" \/>\n<meta name=\"twitter:label1\" content=\"Scritto da\" \/>\n\t<meta name=\"twitter:data1\" content=\"Redazione\" \/>\n\t<meta name=\"twitter:label2\" content=\"Tempo di lettura stimato\" \/>\n\t<meta name=\"twitter:data2\" content=\"4 minuti\" \/>\n<script type=\"application\/ld+json\" class=\"yoast-schema-graph\">{\"@context\":\"https:\\\/\\\/schema.org\",\"@graph\":[{\"@type\":\"Article\",\"@id\":\"https:\\\/\\\/www.rassegnastampa-totustuus.it\\\/cattolica\\\/due-nobel-che-testimoniano-la-creazione\\\/#article\",\"isPartOf\":{\"@id\":\"https:\\\/\\\/www.rassegnastampa-totustuus.it\\\/cattolica\\\/due-nobel-che-testimoniano-la-creazione\\\/\"},\"author\":{\"name\":\"Redazione\",\"@id\":\"https:\\\/\\\/www.rassegnastampa-totustuus.it\\\/cattolica\\\/#\\\/schema\\\/person\\\/08f319d2bd1a0904ad9e2bfb7b15e5c3\"},\"headline\":\"Due Nobel che testimoniano la Creazione\",\"datePublished\":\"2017-10-11T22:00:32+00:00\",\"mainEntityOfPage\":{\"@id\":\"https:\\\/\\\/www.rassegnastampa-totustuus.it\\\/cattolica\\\/due-nobel-che-testimoniano-la-creazione\\\/\"},\"wordCount\":880,\"publisher\":{\"@id\":\"https:\\\/\\\/www.rassegnastampa-totustuus.it\\\/cattolica\\\/#organization\"},\"image\":{\"@id\":\"https:\\\/\\\/www.rassegnastampa-totustuus.it\\\/cattolica\\\/due-nobel-che-testimoniano-la-creazione\\\/#primaryimage\"},\"thumbnailUrl\":\"https:\\\/\\\/www.rassegnastampa-totustuus.it\\\/cattolica\\\/wp-content\\\/uploads\\\/2017\\\/10\\\/Nobel_2017.jpg\",\"keywords\":[\"creazione\",\"premio Nobel\"],\"articleSection\":[\"Evoluzionismo\",\"Scienza\"],\"inLanguage\":\"it-IT\"},{\"@type\":\"WebPage\",\"@id\":\"https:\\\/\\\/www.rassegnastampa-totustuus.it\\\/cattolica\\\/due-nobel-che-testimoniano-la-creazione\\\/\",\"url\":\"https:\\\/\\\/www.rassegnastampa-totustuus.it\\\/cattolica\\\/due-nobel-che-testimoniano-la-creazione\\\/\",\"name\":\"Due Nobel che testimoniano la Creazione - Rassegna Stampa Cattolica\",\"isPartOf\":{\"@id\":\"https:\\\/\\\/www.rassegnastampa-totustuus.it\\\/cattolica\\\/#website\"},\"primaryImageOfPage\":{\"@id\":\"https:\\\/\\\/www.rassegnastampa-totustuus.it\\\/cattolica\\\/due-nobel-che-testimoniano-la-creazione\\\/#primaryimage\"},\"image\":{\"@id\":\"https:\\\/\\\/www.rassegnastampa-totustuus.it\\\/cattolica\\\/due-nobel-che-testimoniano-la-creazione\\\/#primaryimage\"},\"thumbnailUrl\":\"https:\\\/\\\/www.rassegnastampa-totustuus.it\\\/cattolica\\\/wp-content\\\/uploads\\\/2017\\\/10\\\/Nobel_2017.jpg\",\"datePublished\":\"2017-10-11T22:00:32+00:00\",\"description\":\"Rassegna Stampa Cattolica - Per una cultura che nasce dalla Rivelazione cristiana in conformit\u00e0 alla tradizione e al Magistero della Chiesa in opposizione ad ogni relativismo e totalitarismo\",\"breadcrumb\":{\"@id\":\"https:\\\/\\\/www.rassegnastampa-totustuus.it\\\/cattolica\\\/due-nobel-che-testimoniano-la-creazione\\\/#breadcrumb\"},\"inLanguage\":\"it-IT\",\"potentialAction\":[{\"@type\":\"ReadAction\",\"target\":[\"https:\\\/\\\/www.rassegnastampa-totustuus.it\\\/cattolica\\\/due-nobel-che-testimoniano-la-creazione\\\/\"]}]},{\"@type\":\"ImageObject\",\"inLanguage\":\"it-IT\",\"@id\":\"https:\\\/\\\/www.rassegnastampa-totustuus.it\\\/cattolica\\\/due-nobel-che-testimoniano-la-creazione\\\/#primaryimage\",\"url\":\"https:\\\/\\\/www.rassegnastampa-totustuus.it\\\/cattolica\\\/wp-content\\\/uploads\\\/2017\\\/10\\\/Nobel_2017.jpg\",\"contentUrl\":\"https:\\\/\\\/www.rassegnastampa-totustuus.it\\\/cattolica\\\/wp-content\\\/uploads\\\/2017\\\/10\\\/Nobel_2017.jpg\",\"width\":277,\"height\":182},{\"@type\":\"BreadcrumbList\",\"@id\":\"https:\\\/\\\/www.rassegnastampa-totustuus.it\\\/cattolica\\\/due-nobel-che-testimoniano-la-creazione\\\/#breadcrumb\",\"itemListElement\":[{\"@type\":\"ListItem\",\"position\":1,\"name\":\"Home\",\"item\":\"https:\\\/\\\/www.rassegnastampa-totustuus.it\\\/cattolica\\\/\"},{\"@type\":\"ListItem\",\"position\":2,\"name\":\"Due Nobel che testimoniano la Creazione\"}]},{\"@type\":\"WebSite\",\"@id\":\"https:\\\/\\\/www.rassegnastampa-totustuus.it\\\/cattolica\\\/#website\",\"url\":\"https:\\\/\\\/www.rassegnastampa-totustuus.it\\\/cattolica\\\/\",\"name\":\"Rassegna Stampa Cattolica\",\"description\":\"Per una cultura che nasce dalla Rivelazione cristiana in conformit\u00e0 alla tradizione e al Magistero della Chiesa in opposizione ad ogni relativismo e totalitarismo\",\"publisher\":{\"@id\":\"https:\\\/\\\/www.rassegnastampa-totustuus.it\\\/cattolica\\\/#organization\"},\"alternateName\":\"Rass. Cattolica\",\"potentialAction\":[{\"@type\":\"SearchAction\",\"target\":{\"@type\":\"EntryPoint\",\"urlTemplate\":\"https:\\\/\\\/www.rassegnastampa-totustuus.it\\\/cattolica\\\/?s={search_term_string}\"},\"query-input\":{\"@type\":\"PropertyValueSpecification\",\"valueRequired\":true,\"valueName\":\"search_term_string\"}}],\"inLanguage\":\"it-IT\"},{\"@type\":\"Organization\",\"@id\":\"https:\\\/\\\/www.rassegnastampa-totustuus.it\\\/cattolica\\\/#organization\",\"name\":\"Rassegna Stampa Cattolica\",\"url\":\"https:\\\/\\\/www.rassegnastampa-totustuus.it\\\/cattolica\\\/\",\"logo\":{\"@type\":\"ImageObject\",\"inLanguage\":\"it-IT\",\"@id\":\"https:\\\/\\\/www.rassegnastampa-totustuus.it\\\/cattolica\\\/#\\\/schema\\\/logo\\\/image\\\/\",\"url\":\"https:\\\/\\\/www.rassegnastampa-totustuus.it\\\/cattolica\\\/wp-content\\\/uploads\\\/2014\\\/04\\\/logo-rassegna1.gif\",\"contentUrl\":\"https:\\\/\\\/www.rassegnastampa-totustuus.it\\\/cattolica\\\/wp-content\\\/uploads\\\/2014\\\/04\\\/logo-rassegna1.gif\",\"width\":600,\"height\":163,\"caption\":\"Rassegna Stampa Cattolica\"},\"image\":{\"@id\":\"https:\\\/\\\/www.rassegnastampa-totustuus.it\\\/cattolica\\\/#\\\/schema\\\/logo\\\/image\\\/\"},\"sameAs\":[\"https:\\\/\\\/www.facebook.com\\\/rassegnastampacattolica\",\"https:\\\/\\\/x.com\\\/rassegnastampa9\"]},{\"@type\":\"Person\",\"@id\":\"https:\\\/\\\/www.rassegnastampa-totustuus.it\\\/cattolica\\\/#\\\/schema\\\/person\\\/08f319d2bd1a0904ad9e2bfb7b15e5c3\",\"name\":\"Redazione\",\"image\":{\"@type\":\"ImageObject\",\"inLanguage\":\"it-IT\",\"@id\":\"https:\\\/\\\/secure.gravatar.com\\\/avatar\\\/2fcdf27c78ea025fbdb44e914cc63c72249ffec9dc8aafd5c82b26240ef3f346?s=96&d=mm&r=g\",\"url\":\"https:\\\/\\\/secure.gravatar.com\\\/avatar\\\/2fcdf27c78ea025fbdb44e914cc63c72249ffec9dc8aafd5c82b26240ef3f346?s=96&d=mm&r=g\",\"contentUrl\":\"https:\\\/\\\/secure.gravatar.com\\\/avatar\\\/2fcdf27c78ea025fbdb44e914cc63c72249ffec9dc8aafd5c82b26240ef3f346?s=96&d=mm&r=g\",\"caption\":\"Redazione\"},\"url\":\"https:\\\/\\\/www.rassegnastampa-totustuus.it\\\/cattolica\\\/author\\\/pietroelle\\\/\"}]}<\/script>\n<!-- \/ Yoast SEO plugin. -->","yoast_head_json":{"title":"Due Nobel che testimoniano la Creazione - Rassegna Stampa Cattolica","description":"Rassegna Stampa Cattolica - Per una cultura che nasce dalla Rivelazione cristiana in conformit\u00e0 alla tradizione e al Magistero della Chiesa in opposizione ad ogni relativismo e totalitarismo","robots":{"index":"index","follow":"follow","max-snippet":"max-snippet:-1","max-image-preview":"max-image-preview:large","max-video-preview":"max-video-preview:-1"},"canonical":"https:\/\/www.rassegnastampa-totustuus.it\/cattolica\/due-nobel-che-testimoniano-la-creazione\/","og_locale":"it_IT","og_type":"article","og_title":"Due Nobel che testimoniano la Creazione - Rassegna Stampa Cattolica","og_description":"Rassegna Stampa Cattolica - Per una cultura che nasce dalla Rivelazione cristiana in conformit\u00e0 alla tradizione e al Magistero della Chiesa in opposizione ad ogni relativismo e totalitarismo","og_url":"https:\/\/www.rassegnastampa-totustuus.it\/cattolica\/due-nobel-che-testimoniano-la-creazione\/","og_site_name":"Rassegna Stampa Cattolica","article_publisher":"https:\/\/www.facebook.com\/rassegnastampacattolica","article_published_time":"2017-10-11T22:00:32+00:00","og_image":[{"width":277,"height":182,"url":"https:\/\/www.rassegnastampa-totustuus.it\/cattolica\/wp-content\/uploads\/2017\/10\/Nobel_2017.jpg","type":"image\/jpeg"}],"author":"Redazione","twitter_card":"summary_large_image","twitter_creator":"@rassegnastampa9","twitter_site":"@rassegnastampa9","twitter_misc":{"Scritto da":"Redazione","Tempo di lettura stimato":"4 minuti"},"schema":{"@context":"https:\/\/schema.org","@graph":[{"@type":"Article","@id":"https:\/\/www.rassegnastampa-totustuus.it\/cattolica\/due-nobel-che-testimoniano-la-creazione\/#article","isPartOf":{"@id":"https:\/\/www.rassegnastampa-totustuus.it\/cattolica\/due-nobel-che-testimoniano-la-creazione\/"},"author":{"name":"Redazione","@id":"https:\/\/www.rassegnastampa-totustuus.it\/cattolica\/#\/schema\/person\/08f319d2bd1a0904ad9e2bfb7b15e5c3"},"headline":"Due Nobel che testimoniano la Creazione","datePublished":"2017-10-11T22:00:32+00:00","mainEntityOfPage":{"@id":"https:\/\/www.rassegnastampa-totustuus.it\/cattolica\/due-nobel-che-testimoniano-la-creazione\/"},"wordCount":880,"publisher":{"@id":"https:\/\/www.rassegnastampa-totustuus.it\/cattolica\/#organization"},"image":{"@id":"https:\/\/www.rassegnastampa-totustuus.it\/cattolica\/due-nobel-che-testimoniano-la-creazione\/#primaryimage"},"thumbnailUrl":"https:\/\/www.rassegnastampa-totustuus.it\/cattolica\/wp-content\/uploads\/2017\/10\/Nobel_2017.jpg","keywords":["creazione","premio Nobel"],"articleSection":["Evoluzionismo","Scienza"],"inLanguage":"it-IT"},{"@type":"WebPage","@id":"https:\/\/www.rassegnastampa-totustuus.it\/cattolica\/due-nobel-che-testimoniano-la-creazione\/","url":"https:\/\/www.rassegnastampa-totustuus.it\/cattolica\/due-nobel-che-testimoniano-la-creazione\/","name":"Due Nobel che testimoniano la Creazione - Rassegna Stampa Cattolica","isPartOf":{"@id":"https:\/\/www.rassegnastampa-totustuus.it\/cattolica\/#website"},"primaryImageOfPage":{"@id":"https:\/\/www.rassegnastampa-totustuus.it\/cattolica\/due-nobel-che-testimoniano-la-creazione\/#primaryimage"},"image":{"@id":"https:\/\/www.rassegnastampa-totustuus.it\/cattolica\/due-nobel-che-testimoniano-la-creazione\/#primaryimage"},"thumbnailUrl":"https:\/\/www.rassegnastampa-totustuus.it\/cattolica\/wp-content\/uploads\/2017\/10\/Nobel_2017.jpg","datePublished":"2017-10-11T22:00:32+00:00","description":"Rassegna Stampa Cattolica - Per una cultura che nasce dalla Rivelazione cristiana in conformit\u00e0 alla tradizione e al Magistero della Chiesa in opposizione ad ogni relativismo e totalitarismo","breadcrumb":{"@id":"https:\/\/www.rassegnastampa-totustuus.it\/cattolica\/due-nobel-che-testimoniano-la-creazione\/#breadcrumb"},"inLanguage":"it-IT","potentialAction":[{"@type":"ReadAction","target":["https:\/\/www.rassegnastampa-totustuus.it\/cattolica\/due-nobel-che-testimoniano-la-creazione\/"]}]},{"@type":"ImageObject","inLanguage":"it-IT","@id":"https:\/\/www.rassegnastampa-totustuus.it\/cattolica\/due-nobel-che-testimoniano-la-creazione\/#primaryimage","url":"https:\/\/www.rassegnastampa-totustuus.it\/cattolica\/wp-content\/uploads\/2017\/10\/Nobel_2017.jpg","contentUrl":"https:\/\/www.rassegnastampa-totustuus.it\/cattolica\/wp-content\/uploads\/2017\/10\/Nobel_2017.jpg","width":277,"height":182},{"@type":"BreadcrumbList","@id":"https:\/\/www.rassegnastampa-totustuus.it\/cattolica\/due-nobel-che-testimoniano-la-creazione\/#breadcrumb","itemListElement":[{"@type":"ListItem","position":1,"name":"Home","item":"https:\/\/www.rassegnastampa-totustuus.it\/cattolica\/"},{"@type":"ListItem","position":2,"name":"Due Nobel che testimoniano la Creazione"}]},{"@type":"WebSite","@id":"https:\/\/www.rassegnastampa-totustuus.it\/cattolica\/#website","url":"https:\/\/www.rassegnastampa-totustuus.it\/cattolica\/","name":"Rassegna Stampa Cattolica","description":"Per una cultura che nasce dalla Rivelazione cristiana in conformit\u00e0 alla tradizione e al Magistero della Chiesa in opposizione ad ogni relativismo e totalitarismo","publisher":{"@id":"https:\/\/www.rassegnastampa-totustuus.it\/cattolica\/#organization"},"alternateName":"Rass. Cattolica","potentialAction":[{"@type":"SearchAction","target":{"@type":"EntryPoint","urlTemplate":"https:\/\/www.rassegnastampa-totustuus.it\/cattolica\/?s={search_term_string}"},"query-input":{"@type":"PropertyValueSpecification","valueRequired":true,"valueName":"search_term_string"}}],"inLanguage":"it-IT"},{"@type":"Organization","@id":"https:\/\/www.rassegnastampa-totustuus.it\/cattolica\/#organization","name":"Rassegna Stampa Cattolica","url":"https:\/\/www.rassegnastampa-totustuus.it\/cattolica\/","logo":{"@type":"ImageObject","inLanguage":"it-IT","@id":"https:\/\/www.rassegnastampa-totustuus.it\/cattolica\/#\/schema\/logo\/image\/","url":"https:\/\/www.rassegnastampa-totustuus.it\/cattolica\/wp-content\/uploads\/2014\/04\/logo-rassegna1.gif","contentUrl":"https:\/\/www.rassegnastampa-totustuus.it\/cattolica\/wp-content\/uploads\/2014\/04\/logo-rassegna1.gif","width":600,"height":163,"caption":"Rassegna Stampa Cattolica"},"image":{"@id":"https:\/\/www.rassegnastampa-totustuus.it\/cattolica\/#\/schema\/logo\/image\/"},"sameAs":["https:\/\/www.facebook.com\/rassegnastampacattolica","https:\/\/x.com\/rassegnastampa9"]},{"@type":"Person","@id":"https:\/\/www.rassegnastampa-totustuus.it\/cattolica\/#\/schema\/person\/08f319d2bd1a0904ad9e2bfb7b15e5c3","name":"Redazione","image":{"@type":"ImageObject","inLanguage":"it-IT","@id":"https:\/\/secure.gravatar.com\/avatar\/2fcdf27c78ea025fbdb44e914cc63c72249ffec9dc8aafd5c82b26240ef3f346?s=96&d=mm&r=g","url":"https:\/\/secure.gravatar.com\/avatar\/2fcdf27c78ea025fbdb44e914cc63c72249ffec9dc8aafd5c82b26240ef3f346?s=96&d=mm&r=g","contentUrl":"https:\/\/secure.gravatar.com\/avatar\/2fcdf27c78ea025fbdb44e914cc63c72249ffec9dc8aafd5c82b26240ef3f346?s=96&d=mm&r=g","caption":"Redazione"},"url":"https:\/\/www.rassegnastampa-totustuus.it\/cattolica\/author\/pietroelle\/"}]}},"_links":{"self":[{"href":"https:\/\/www.rassegnastampa-totustuus.it\/cattolica\/wp-json\/wp\/v2\/posts\/38566","targetHints":{"allow":["GET"]}}],"collection":[{"href":"https:\/\/www.rassegnastampa-totustuus.it\/cattolica\/wp-json\/wp\/v2\/posts"}],"about":[{"href":"https:\/\/www.rassegnastampa-totustuus.it\/cattolica\/wp-json\/wp\/v2\/types\/post"}],"author":[{"embeddable":true,"href":"https:\/\/www.rassegnastampa-totustuus.it\/cattolica\/wp-json\/wp\/v2\/users\/6"}],"replies":[{"embeddable":true,"href":"https:\/\/www.rassegnastampa-totustuus.it\/cattolica\/wp-json\/wp\/v2\/comments?post=38566"}],"version-history":[{"count":1,"href":"https:\/\/www.rassegnastampa-totustuus.it\/cattolica\/wp-json\/wp\/v2\/posts\/38566\/revisions"}],"predecessor-version":[{"id":38568,"href":"https:\/\/www.rassegnastampa-totustuus.it\/cattolica\/wp-json\/wp\/v2\/posts\/38566\/revisions\/38568"}],"wp:featuredmedia":[{"embeddable":true,"href":"https:\/\/www.rassegnastampa-totustuus.it\/cattolica\/wp-json\/wp\/v2\/media\/38567"}],"wp:attachment":[{"href":"https:\/\/www.rassegnastampa-totustuus.it\/cattolica\/wp-json\/wp\/v2\/media?parent=38566"}],"wp:term":[{"taxonomy":"category","embeddable":true,"href":"https:\/\/www.rassegnastampa-totustuus.it\/cattolica\/wp-json\/wp\/v2\/categories?post=38566"},{"taxonomy":"post_tag","embeddable":true,"href":"https:\/\/www.rassegnastampa-totustuus.it\/cattolica\/wp-json\/wp\/v2\/tags?post=38566"}],"curies":[{"name":"wp","href":"https:\/\/api.w.org\/{rel}","templated":true}]}}