{"id":38554,"date":"2017-10-12T00:00:04","date_gmt":"2017-10-11T22:00:04","guid":{"rendered":"http:\/\/www.rassegnastampa-totustuus.it\/cattolica\/?p=38554"},"modified":"2022-08-04T11:36:23","modified_gmt":"2022-08-04T09:36:23","slug":"la-grande-persecuzione","status":"publish","type":"post","link":"https:\/\/www.rassegnastampa-totustuus.it\/cattolica\/la-grande-persecuzione\/","title":{"rendered":"La grande persecuzione"},"content":{"rendered":"<p style=\"text-align: center;\"><span style=\"color: #000000;\">Pisa, 16 marzo 2016<\/span><\/p>\n<p style=\"text-align: center;\"><span style=\"color: #000000;\">sale parrocchiali della Chiesa di Santa Maria del Carmine<\/span><\/p>\n<p><span style=\"color: #000000;\"><img loading=\"lazy\" decoding=\"async\" class=\"aligncenter wp-image-38555\" src=\"https:\/\/www.rassegnastampa-totustuus.it\/cattolica\/wp-content\/uploads\/2017\/10\/persecuzioni.jpg\" alt=\"\" width=\"250\" height=\"187\" \/><\/span><\/p>\n<p style=\"text-align: justify;\"><span style=\"color: #000000;\"><em>Trascrizione, <strong>non rivista dal relatore<\/strong>, del quinto incontro del ciclo \u201cItinerari della dissoluzione contemporanea\u201d, organizzati da Alleanza Cattolica, Croce di Pisa. <\/em><\/span><\/p>\n<p style=\"text-align: justify;\"><span style=\"color: #000000;\">Relatore: <strong>ATTILIO TAMBURRINI,<\/strong> <em>del Comitato promotore di Difendiamo i Nostri Figli, dirigente nazionale di Alleanza Cattolica, membro dell\u2019Osservatorio sulla libert\u00e0 religiosa, gi\u00e0 direttore della sezione italiana dell\u2019Associazione Aiuto alla Chiesa che Soffre, autore di numerosi articoli sulla libert\u00e0 religiosa,<\/em><\/span><\/p>\n<p style=\"text-align: center;\"><span style=\"color: #000000;\">______________________<\/span><\/p>\n<p><span style=\"color: #000000;\"><!--more--><\/span><\/p>\n<p style=\"text-align: justify;\"><span style=\"color: #000000;\"><strong>\u00a0<\/strong>La nozione di cosa \u00e8 accaduto nel secolo XX e di ci\u00f2 che sta accadendo, non \u00e8 percepita dall\u2019opinione pubblica. Se provate a chiedere a qualcuno dei martiri dei primi secoli in genere ve lo sanno dire, perch\u00e9 quasi tutte le nostre chiese pi\u00f9 antiche sono dedicate a un santo martire dei primi secoli e soprattutto in Italia la prima evangelizzazione si \u00e8 organizzata attorno alle tombe dei martiri.<\/span><\/p>\n<p style=\"text-align: justify;\"><span style=\"color: #000000;\"><img loading=\"lazy\" decoding=\"async\" class=\"alignleft wp-image-36244\" src=\"https:\/\/www.rassegnastampa-totustuus.it\/cattolica\/wp-content\/uploads\/2016\/08\/persecuzioni.jpg\" alt=\"\" width=\"346\" height=\"238\" \/>Se per\u00f2 domandate qualcosa dei martiri contemporanei non ve lo sanno dire; non perch\u00e9 non hanno mai sentito parlare, ad esempio, di san Massimiliano Kolbe o di Edith Stein, ma perch\u00e9 normalmente non vengono associati all\u2019idea di una persecuzione e la loro morte viene considerata un episodio isolato, quasi occasionale. Non c\u2019\u00e8 la nozione di persecuzione a tal punto che se prendiamo l\u2019Enciclopedia cattolica, pubblicata negli anni Cinquanta, quando era in corso la grande mattanza nei paesi comunisti e in Unione Sovietica, la voce \u201cpersecuzione\u201d fa riferimento esclusivamente alle persecuzioni dei primi secoli.<\/span><\/p>\n<p style=\"text-align: justify;\"><span style=\"color: #000000;\">Qualche anno fa mi sono trovato a Siracusa per i 750 anni del martirio di santa Lucia, invitato a parlare dei martiri antichi e dei martiri moderni; la mattina fu dedicata ai parroci della diocesi: una settantina, alla presenza del vescovo; feci il mio discorso e al momento delle domande si alz\u00f2 un sacerdote e chiese: \u00abPerch\u00e9 nessuno ci ha mai detto questo?\u00bb. Immaginate il mio imbarazzo avendo davanti quello che glielo avrebbe dovuto dire.<\/span><\/p>\n<p style=\"text-align: justify;\"><span style=\"color: #000000;\"><img loading=\"lazy\" decoding=\"async\" class=\"size-full wp-image-7364 alignright\" src=\"https:\/\/www.rassegnastampa-totustuus.it\/cattolica\/wp-content\/uploads\/2014\/04\/giovanni_paolo.jpg\" alt=\"\" width=\"210\" height=\"240\" \/>Me la cavai dicendo che il Santo Padre in occasione del Giubileo del 2000 ha dedicato una giornata ai martiri del XX secolo, aggiungendo anche che la nuova evangelizzazione si pu\u00f2 basare sulla memoria di questi martiri, anzich\u00e9 sulle chiacchiere e i convegni. Anzi, gli scarsi risultati della nuova evangelizzazione dipendono proprio dal fatto che non \u00e8 basata sulla memoria di questi martiri ma sui convegni, gli studi pastorali e su tutta una serie di cose che in genere producono ben poco.<\/span><\/p>\n<p style=\"text-align: justify;\"><span style=\"color: #000000;\">All\u2019inizio c\u2019\u00e8 una grande illusione. Nel 1881 a Milano viene lanciato il \u201cballo dell\u2019Excelsior\u201d, che ebbe un successo enorme e fu ripetuto all\u2019Esposizione universale di Parigi attraversando il periodo che va dalla fine dell\u2019Ottocento agli inizi del Novecento. Questo ballo era un manifesto del Positivismo. Diceva in pratica che c\u2019\u00e8 la luce della scienza e della cultura e dall\u2019altra parte l\u2019oscurantismo della superstizione. Il tempo attuale doveva essere quello della vittoria della luce sull\u2019oscurantismo, nemico del progresso e in scena si metteva l\u2019esaltazione delle invenzioni di quel periodo: il piroscafo, la pila di Alessandro Volta, il telegrafo, la lampadina di Thomas Edison, il canale di Suez, il traforo del Moncenisio.<\/span><\/p>\n<p style=\"text-align: justify;\"><span style=\"color: #000000;\"><img loading=\"lazy\" decoding=\"async\" class=\"wp-image-38556 alignleft\" src=\"https:\/\/www.rassegnastampa-totustuus.it\/cattolica\/wp-content\/uploads\/2017\/10\/excelsior.jpg\" alt=\"\" width=\"185\" height=\"260\" \/>Con questo spettacolo si voleva insomma salutare l\u2019avvento di un mondo di modernit\u00e0 e pace. Il progresso delle scienze, la cultura che si diffonde, produrranno automaticamente un periodo e un mondo in cui regneranno modernit\u00e0 e pace: Siamo agli inizi del Novecento e immediatamente ci sar\u00e0 un ritorno alla tragica realt\u00e0, sintetizzata da Giovanni Paolo II, che defin\u00ec il XX secolo un secolo di morte, e questo \u00e8 un dato di fatto.<\/span><\/p>\n<p style=\"text-align: justify;\"><span style=\"color: #000000;\">Diamo uno sguardo alle statistiche. Il maggiore esperto di statistiche religiose moderne \u00e8 l\u2019americano David Barrett che ha fatto degli studi per l\u2019Enciclopedia del cristianesimo che esce ogni dieci anni mettendo al lavoro centinaia di esperti. Dalla morte di Ges\u00f9 Cristo, primo martire della storia, al 2000 circa 70 milioni di cristiani sono stati uccisi per la loro fede. Ovviamente non sono tutti martiri, perch\u00e9 vi sono anche quelli morti nelle guerre di religione, ma in questi duemila anni i cristiani uccisi sono comunque una enormit\u00e0. Di questi, e il dato \u00e8 importante, ben 45 milioni sono stati uccisi nel secolo XX, grazie anche al progresso: un romano per tagliare 100 teste con la spada ci metteva un po\u2019 di tempo mentre con una mitragliatrice sono sufficienti pochi secondi. Ovviamente non si tratta di soli morti cattolici ma di cristiani in generale, di tutte le confessioni.<\/span><\/p>\n<p style=\"text-align: justify;\"><span style=\"color: #000000;\">All\u2019inizio del secolo abbiamo il primo grande tragico episodio: la rivolta dei boxer in Cina, organizzazione nazionalista anti-occidentale e anti-cristiana ritenendo il cristianesimo un \u201cprodotto\u201d di importazione occidentale nonostante la presenza cristiana in Cina sia documentata gi\u00e0 dal IV secolo da parte dei padri nestoriani, tanto che sono stati ritrovati resti di monasteri.<\/span><\/p>\n<p style=\"text-align: justify;\"><span style=\"color: #000000;\"><img loading=\"lazy\" decoding=\"async\" class=\"wp-image-35598 alignright\" src=\"https:\/\/www.rassegnastampa-totustuus.it\/cattolica\/wp-content\/uploads\/2005\/03\/missionari_Cina.jpg\" alt=\"\" width=\"338\" height=\"300\" \/>Diverse invasioni avevano distrutto questa presenza che poi \u00e8 rinata ma diversi gruppi erano sopravvissuti qua e l\u00e0. Poi i missionari riprenderanno i contratti riprendendo l\u2019evangelizzazione. Nell\u2019estate del 1900 saranno uccisi circa 40mila cristiani, 180 missionari cattolici e arrestati diverse migliaia. Di questi 40mila solo 120 sono stati fatti santi.<\/span><\/p>\n<p style=\"text-align: justify;\"><span style=\"color: #000000;\">Degli altri risulta difficile avviare la causa di beatificazione perch\u00e9 per ciascuna sono necessari una serie di documenti e di testimonianze che non sarebbe possibile raccogliere per tutti. Sono stati quindi scelti quelli per i quali vi era disponibile una qualche documentazione e la testimonianza che la loro morte \u00e8 stata effettivamente da martire e non da combattente. Il martire \u00e8 quello che viene preso da solo e messo davanti all\u2019alternativa: o la conversione o la morte, anche se in effetti i cinesi facevano molto di peggio essendo specializzati in torture. Se si leggono gli atti di questi mart\u00ecri sono impressionanti; c\u2019\u00e8 gente tenuta in vita ventiquattrore per essere torturata da boia molto abili e capaci.<\/span><\/p>\n<p style=\"text-align: justify;\"><span style=\"color: #000000;\">Nel folto gruppo di canonizzati vi sono un po\u2019 tutti: dal vescovo ai laici, come successo un po\u2019 in tutti gli episodi di martirio. Perch\u00e9 \u00e8 importante questa considerazione sul numero? Perch\u00e9 quando arriva alla conclusione la causa di un martire in un luogo dobbiamo pensare che sotto di lui c\u2019\u00e8 una intera piramide di molti altri di cui non si sa nulla e che sono scomparsi e basta. Dei primi duecentomila cattolici spariti poco dopo la rivoluzione russa, fino al 1925, non si sa nulla: non ci sono testimonianze e si sono persi nell\u2019immensa Siberia.<\/span><\/p>\n<p style=\"text-align: justify;\"><span style=\"color: #000000;\"><img loading=\"lazy\" decoding=\"async\" class=\"wp-image-14425 alignleft\" src=\"https:\/\/www.rassegnastampa-totustuus.it\/cattolica\/wp-content\/uploads\/2005\/11\/armenian-genocide-12.jpg\" alt=\"\" width=\"238\" height=\"267\" \/>Nel 1915 segue il genocidio degli armeni, dovuto all\u2019ideologia nazionalista dei Giovani Turchi, quelli che quando presero definitivamente il potere con Kemal Atat\u00fcrk abolirono il califfato e l\u2019impero ottomano. Mentre nell\u2019impero ottomano vi furono persecuzioni occasionali, perch\u00e9 come succede nel mondo islamico non c\u2019era una regola generale e le uccisioni avvenivano a seconda di chi era al potere in quel momento: vi era il califfo pi\u00f9 estremista che decideva di fare un po\u2019 di piazza pulita e quello pi\u00f9 tollerante che si serviva di medici, architetti e scienziati cristiani.<\/span><\/p>\n<p style=\"text-align: justify;\"><span style=\"color: #000000;\">Costantinopoli in gran parte \u00e8 stata costruita da architetti italiani e la struttura delle moschee, mediamente, deriva tutta da Santa Sofia, ex cattedrale cristiana che trovarono l\u00ec gi\u00e0 bell\u2019e pronta. Ci fu un periodo ad esempio in cui vi fu una scuola cristiana di medicina e anche se si leggono nomi arabi si tratta di famiglie che tramandavano di padre in figlio la cultura assimilata dall\u2019antica Grecia.<\/span><\/p>\n<p style=\"text-align: justify;\"><span style=\"color: #000000;\"><img loading=\"lazy\" decoding=\"async\" class=\" wp-image-14441 alignright\" src=\"https:\/\/www.rassegnastampa-totustuus.it\/cattolica\/wp-content\/uploads\/2005\/11\/armenian-genocide-21.jpg\" alt=\"\" width=\"193\" height=\"261\" \/>In periodo ottomano i cristiani arrivavano addirittura a ricoprire cariche importanti e quando si renderanno conto che la gran parte dell\u2019aristocrazia ottomana era armena e greca tutto cambia. Una volta, verso la met\u00e0 dell\u2019Ottocento, ci fu un caso diplomatico perch\u00e9 un ambasciatore ottomano fu presentato a corte come ambasciatore turco ma questi si urt\u00f2 e se ne and\u00f2 perch\u00e9 per loro i turchi erano i contadini e la classe pi\u00f9 umile mentre l\u2019aristocrazia ottomana si considerava diversa.<\/span><\/p>\n<p style=\"text-align: justify;\"><span style=\"color: #000000;\">Nacque dunque un nazionalismo di origine un po\u2019 massonica e molto influenzato dalle teorie occidentali che identifica la nazione turca con l\u2019essere turco e quindi occorreva purificare la nazione da tutte le impurit\u00e0, che erano le altre minoranze: armeni, greci, siriaci, ecc.<\/span><\/p>\n<p style=\"text-align: justify;\"><span style=\"color: #000000;\"><img loading=\"lazy\" decoding=\"async\" class=\"alignleft wp-image-14411\" src=\"https:\/\/www.rassegnastampa-totustuus.it\/cattolica\/wp-content\/uploads\/2005\/11\/giovani-turchi.jpg\" alt=\"\" width=\"322\" height=\"214\" \/>I Giovani Turchi presero il potere appena prima della Prima Guerra mondiale, anche se tutto rimase all\u2019inizio ufficialmente ancora in mano al sultano. Nella notte tra il 23 e il 24 Aprile 1915 vennero eseguiti primi arresti, che proseguirono nei giorni seguenti. Nel primo mese pi\u00f9 di mille intellettuali armeni, tra cui giornalisti, poeti e perfino delegati del Parlamento furono deportati verso l\u2019interno dell\u2019Anatolia e massacrati lungo la strada.<\/span><\/p>\n<p style=\"text-align: justify;\"><span style=\"color: #000000;\">Poi inizi\u00f2 la raccolta in massa degli armeni presi dai villaggi, che furono incolonnati e fatti marciare senza cibo. Un milione 200mila persone muoiono in quell\u2019occasione e altre centinaia di migliaia furono massacrate dai curdi. Si calcola che il massacro fu di un milione e mezzo di vittime armene e di altre minoranze religiose ma gli armeni costituiscono la stragrande maggioranza. Secondo il massimo studioso del problema, Ezeman, afferma che si deve parlare pi\u00f9 compiutamente di genocidio cristiano, perch\u00e9 non ci furono solo gli armeni ma anche le altre comunit\u00e0 cristiane sia pure con minor peso dal punto di vista numerico e storico.<\/span><\/p>\n<p style=\"text-align: justify;\"><span style=\"color: #000000;\"><img loading=\"lazy\" decoding=\"async\" class=\" wp-image-7469 alignleft\" src=\"https:\/\/www.rassegnastampa-totustuus.it\/cattolica\/wp-content\/uploads\/2014\/05\/NOcomunismo.jpg\" alt=\"\" width=\"224\" height=\"199\" \/>Arriviamo all\u2019Unione Sovietica, dove dal 1917 al 1989 vi fu inizialmente una persecuzione molto, molto feroce. Quando Putin venne in Italia qualche tempo fa disse che nei fiumi della Siberia furono annegati circa 10mila monaci ortodossi. Da subito si scaten\u00f2 una persecuzione fortissima nei confronti della chiesa che era gi\u00e0 stata teorizzata da Lenin e il primo luogo di quello che sar\u00e0 conosciuto come Arcipelago Gulag fu le isole Solovky dove vi \u00e8 una serie di monasteri oggi restaurati, nei quali arrivarono le guardie rosse che convinsero il capitolo dei monaci ad accettarle perch\u00e9 li avrebbero protetti da eventuali intemperanze della popolazione.<\/span><\/p>\n<p style=\"text-align: justify;\"><span style=\"color: #000000;\"><img loading=\"lazy\" decoding=\"async\" class=\"wp-image-33640 alignright\" src=\"https:\/\/www.rassegnastampa-totustuus.it\/cattolica\/wp-content\/uploads\/2009\/04\/persecuzioni_Urss.jpg\" alt=\"\" width=\"276\" height=\"245\" \/>Cos\u00ec i monasteri divennero centri di raccolta di cristiani provenienti un po\u2019 da tutte le parti della Russia. La persecuzione inizia appena nasce l\u2019Unione Sovietica e continua implacabile in tutti i paesi in cui negli anni successivi il partito comunista prende il potere, in Europa, in Africa e in America Latina.<\/span><\/p>\n<p style=\"text-align: justify;\"><span style=\"color: #000000;\">Perch\u00e9 \u00e8 importante notare che la persecuzione avvenne in tutti i continenti? Perch\u00e9 il comunismo ha avuto lo stesso identico atteggiamento, indipendentemente dalla latitudine, dalla cultura del popolo in cui si \u00e8 innestato. Non c\u2019\u00e8 il comunista buono, perch\u00e9 magari mediterraneo, e quello nordico pi\u00f9 cattivo ma si tratta di una strategia, un modo di comportarsi che va da Cuba alla Lituania, senza differenza, se non qualche periodo di intensificazione o di rallentamento della persecuzione a seconda delle contingenze politiche.<\/span><\/p>\n<p style=\"text-align: justify;\"><span style=\"color: #000000;\">In Urss ad esempio durante la guerra con la Germania Stalin dette un po\u2019 di libert\u00e0 alla chiesa ortodossa perch\u00e9 potesse risvegliare lo spirito patriottico del popolo. Considerate che quando le truppe tedesche e italiane arrivarono, nelle prime fasi della guerra, furono accolti come liberatori. Ho visto fotografie di un missionario italiano con file lunghissime di donne che portavano i figli a battezzare dal cappellano militare. Era la prima volta che vedevano un sacerdote, e non importava se non era ortodosso, dopo anni e anni. Dopo due mesi l\u2019esercito tedesco comincia a comportarsi da nazista, la simpatia iniziale fin\u00ec e la popolazione fu recuperata dall\u2019altra parte.<\/span><\/p>\n<p style=\"text-align: justify;\"><span style=\"color: #000000;\"><img loading=\"lazy\" decoding=\"async\" class=\" wp-image-21465 alignleft\" src=\"https:\/\/www.rassegnastampa-totustuus.it\/cattolica\/wp-content\/uploads\/2010\/10\/Gulag_Pitesti_Ro_2.jpg\" alt=\"\" width=\"338\" height=\"252\" \/>Secondo alcune fonti in Unione sovietica 50mila religiosi sono stati uccisi, molti dei quali torturati brutalmente, quasi tutti i seminari vennero chiusi agli inizi degli anni Venti e vietata ogni pubblicazione religiosa. I pochissimi seminari autorizzati, come avviene ancora oggi in Vietnam, avevano un esame preventivo di ammissione con in commissione un membro del partito; perci\u00f2 con una grande infiltrazione della polizia politica nel clero ortodosso.<\/span><\/p>\n<p style=\"text-align: justify;\"><span style=\"color: #000000;\">Il clero in Urss venne eliminato quasi tutti per poi essere man mano sostituito con elementi di fiducia del partito comunista. L\u2019insegnamento religioso ovviamente venne abolito e le celebrazioni liturgiche proibite fin dal 1922 anche nelle abitazioni private. Per quanto riguarda i cattolici negli anni che vanno dal 1917 al 1925 i sacerdoti da 245 passano a 70 e negli stessi anni circa 200mila cattolici scomparvero.<\/span><\/p>\n<p style=\"text-align: justify;\"><span style=\"color: #000000;\"><img loading=\"lazy\" decoding=\"async\" class=\" wp-image-19166 alignright\" src=\"https:\/\/www.rassegnastampa-totustuus.it\/cattolica\/wp-content\/uploads\/2009\/03\/Gulag.jpg\" alt=\"\" width=\"360\" height=\"217\" \/>L\u2019universo concentrazionario nasce gi\u00e0 con Lenin \u2013 quindi non \u00e8 \u201ccolpa\u201d di Stalin \u2013 che Solgenitzin chiamer\u00e0 \u201carcipelago\u201d perch\u00e9 i gulag sono come isole all\u2019interno del mare dell\u2019Unione Sovietica; una rete che ha detenuto in contemporanea anche un milione e mezzo di persone e dalla quale sono transitate almeno 18milioni di persone; manodopera gratuita a cui hanno fatto fare anche lavori spaventosi. Se leggete un po\u2019 di letteratura sull\u2019argomento come <em>Arcipelago Gulag<\/em> o <em>Una giornata di Ivan Denisovi\u010d <\/em>vi rendete conto delle condizioni vita. Sappiate solo che la mattina per prima cosa uscivano per andare a controllare il termometro perch\u00e9 con meno di 40 gradi sotto lo zero non si poteva andar fuori del campo a lavorare, ma probabilmente il termometro era truccato perch\u00e9 non scendeva mai sotto i 40 gradi.<\/span><\/p>\n<p style=\"text-align: justify;\"><span style=\"color: #000000;\"><img loading=\"lazy\" decoding=\"async\" class=\" wp-image-30780 alignleft\" src=\"https:\/\/www.rassegnastampa-totustuus.it\/cattolica\/wp-content\/uploads\/2012\/03\/cristeros.jpg\" alt=\"\" width=\"364\" height=\"232\" \/>Andiamo adesso in tutt\u2019altra parte del mondo: nel Messico del 1926. Spero abbiate visto il film <em>Cristiada<\/em>, dove \u00e8 raccontato abbastanza esattamente cosa accadde. La rivoluzione messicana del 1917 aveva introdotto una costituzione molto anticlericale e soprattutto anticattolica e nel 1925 si decise di applicarla: Cosa prevedeva? Ad esempio proibiva alle chiese di gestire l\u2019istruzione, proibiva gli incontri religiosi, vietava la celebrazione di cerimonie religiose fuori dai luoghi di culto e indossare l\u2019abito talare o religioso in pubblico. Quando Giovanni Paolo II si rec\u00f2 in Messico la prima volta un solerte poliziotto gli fece la multa perch\u00e9 indossava la talare.<\/span><\/p>\n<p style=\"text-align: justify;\"><span style=\"color: #000000;\">Un altro articolo della Costituzione prevedeva la registrazione dei ministri del culto e l\u2019approvazione del loro ministero, mentre i singoli stati della federazione dovevano emanare una adeguata legislazione applicativa e fissare un tetto massimo al numero dei sacerdoti, che comunque dovevano essere messicani di nascita.<\/span><\/p>\n<p style=\"text-align: justify;\"><span style=\"color: #000000;\"><img loading=\"lazy\" decoding=\"async\" class=\" wp-image-16182 alignright\" src=\"https:\/\/www.rassegnastampa-totustuus.it\/cattolica\/wp-content\/uploads\/2006\/07\/cristeros2.png\" alt=\"\" width=\"313\" height=\"213\" \/>Nel 1925, il presidente Plutarco Elias Calles decise di applicare integralmente questa Costituzione provocando l\u2019insorgenza del popolo messicano che arriv\u00f2 sul punto di vincere la guerra ma quando erano quasi in procinto di marciare sulla capitale da Roma venne imposto \u2013 fu uno dei gravi errori di Pio XI \u2013 l\u2019accordo. Il governo si impegn\u00f2 a non applicare in maniera cos\u00ec severa le leggi antireligiose e l\u2019esercito <em>cristero<\/em> si sciolse. A quel punto inizi\u00f2 la mattanza dei capi cristiani, che vennero presi a casa uno per uno e fatti fuori. Come sempre in politica non bisogna mai dare retta ai consigli del clero, che in questo campo non ci capisce molto. Tra l\u2019altro ci fu anche un interventi Nordamericano in favore della pacificazione poich\u00e8 aveva interessi economici ai quali la situazione di guerra non giovava.<\/span><\/p>\n<p style=\"text-align: justify;\"><span style=\"color: #000000;\"><img loading=\"lazy\" decoding=\"async\" class=\"wp-image-8019 alignleft\" src=\"https:\/\/www.rassegnastampa-totustuus.it\/cattolica\/wp-content\/uploads\/2014\/07\/bandiera_cristeros.jpg\" alt=\"\" width=\"187\" height=\"297\" \/>Se l\u2019insurrezione messicana avesse seguito il suo corso sarebbe cambiata tutta la storia del Sudamerica, poich\u00e9 l\u2019influenza del Messico \u00e8 stata molto forte su tutti i governi massonici poi arrivati nel continente.<\/span><\/p>\n<p style=\"text-align: justify;\"><span style=\"color: #000000;\">Sono molti i cattolici messicani canonizzati. Uno \u00e8 Jos\u00e9 S\u00e1nchez del R\u00edo, un ragazzo di 14 anni di cui si parla molto nel film <em>Cristiada<\/em>, un altro \u00e8 padre Miguel Augustin Pro, di cui esiste tutta una documentazione sulla sua fucilazione perch\u00e8 era diventato una specie di primula rossa, dedito anche ai travestimenti, e una volta catturato il governo messicano convoc\u00f2 tutti i rappresentanti diplomatici ad assistere alla sua esecuzione; naturalmente quasi tutti si rifiutarono e soltanto un paio assistette.<\/span><\/p>\n<p style=\"text-align: justify;\"><span style=\"color: #000000;\">In Messico ci sono stati episodi di una bellezza unica. C\u2019\u00e8 il caso di un sacerdote arrestato mentre celebrava Messa clandestinamente; pass\u00f2 tutta la notte a discutere col capitano del reparto che lo prese, il quale era convinto di aver fatto una grande cosa essendo tra quelli che credeva fermamente alla religione come fattore di oscurantismo. La mattina dopo, quando lo portarono alle porte del paese per fucilarlo il sacerdote chiese di poter dire due parole al plotone di esecuzione. Ai soldati disse di capire che eseguivano solo degli ordini e che non ce l\u2019aveva assolutamente con loro; anzi, se si fossero inginocchiati avrebbe dato loro la benedizione. Tutto il plotone si inginocchi\u00f2. Al momento di far fuoco i soldati spararono da tutt\u2019altra parte e a quel punto fu il capitano a dover impugnare la sua pistola per sparare alla testa del sacerdote.<\/span><\/p>\n<p style=\"text-align: justify;\"><span style=\"color: #000000;\">Nella testimonianza che il capitano rese alla causa di beatificazione disse che da quel giorno non dorm\u00ec pi\u00f9 la notte. Ovvero il boia divenne un testimone della causa di beatificazione. Si tratta di eventi che si trovano spesso in queste storie di martirio: chi \u00e8 causa del martirio rimane estremamente colpito dal comportamento della vittima. Del resto ricordate l\u2019episodio dei martiri di Otranto, dove uno dei boia islamici si mise in fila anche lui per essere decapitato.<\/span><\/p>\n<p style=\"text-align: justify;\"><span style=\"color: #000000;\"><img loading=\"lazy\" decoding=\"async\" class=\" wp-image-41609 alignright\" src=\"https:\/\/www.rassegnastampa-totustuus.it\/cattolica\/wp-content\/uploads\/2018\/11\/Guerra_civile_spagna-3.jpg\" alt=\"\" width=\"367\" height=\"233\" \/>Altro martirio ineguagliato nella storia fu nella Spagna dal 1930 al 1936, dove in sei anni sono stati uccisi 6.332 religiosi e 13 vescovi, ovvero tutti quelli che erano presenti nelle zone controllate dai repubblicani. Se ne salvarono solo due perch\u00e8 erano andati via, uno a Roma per partecipare ad un incontro e uno perch\u00e8 consigliato di sparire. Morirono anche 4.184 sacerdoti, 2.365 religiose; 1580 sono quelli riconosciuti ufficialmente dalla Chiesa cattolica come martiri e beatificati.<\/span><\/p>\n<p style=\"text-align: justify;\"><span style=\"color: #000000;\"><img loading=\"lazy\" decoding=\"async\" class=\" wp-image-29175 alignleft\" src=\"https:\/\/www.rassegnastampa-totustuus.it\/cattolica\/wp-content\/uploads\/2016\/01\/repubblicani_Spagna.jpg\" alt=\"\" width=\"329\" height=\"210\" \/>La cosa interessante \u00e8 che ci sono tantissimi laici. Come quel ragazzo di 21 anni che studiava chimica e che scrive le sue ultime lettere, nella notte precedente l\u2019esecuzione, alla fidanzata, alla sorella e al suo professore per dare la spiegazione dell\u2019esperimento che stava facendo. Alla fidanzata dice come avrebbe voluto passare la sua vita assieme a lei e sposarla ma che non riesce ad essere triste, sentendo in lui una gioia profonda che non sa da dove viene. Se ricordate la promessa evangelica: \u00abQuando sarete davanti al giudice non vi preoccupate, lo Spirito parler\u00e0 in voi\u00bb, leggendo le biografie di questi martiri vi rendete conto che effettivamente \u00e8 cos\u00ec.<\/span><\/p>\n<p style=\"text-align: justify;\"><span style=\"color: #000000;\">Si tratta di persone che non avevano fatto gli esercizi spirituali, non erano degli asceti ma gente normale: dal professore universitario, al medico, dal farmacista allo studente, che quando si trovano in quel momento trovano una forza e un morale incredibili.<\/span><\/p>\n<p style=\"text-align: justify;\"><span style=\"color: #000000;\"><img loading=\"lazy\" decoding=\"async\" class=\" wp-image-6814 alignright\" src=\"https:\/\/www.rassegnastampa-totustuus.it\/cattolica\/wp-content\/uploads\/2014\/03\/spagnawar.jpg\" alt=\"\" width=\"326\" height=\"244\" \/>Quello che \u00e8 accaduto in Spagna \u00e8 interessante perch\u00e8 nel 1928 nessuno immaginava una cosa del genere e dopo appena due anni si scaten\u00f2 una ondata che non ha precedenti e, come disse il cardinale primate di Spagna dopo la guerra, \u00abQuesta guerra ha avuto il merito di trasformare una Chiesa imborghesita in una Chiesa di martiri\u00bb, perch\u00e8 la Chiesa spagnola stava bene e faceva una vita di ordinaria amministrazione. La persecuzione invece dette uno stimolo anche alla rinascita spirituale che si stava perdendo in quella atmosfera di rilassamento. Una parte importante l\u2019ebbero gli esercizi spirituali di padre (&#8230;) che andava a prendere la gente nelle osterie. Egli \u201cinvent\u00f2\u201d un metodo per i laici della durata di una settimana che si diffuse molto dalla fine dell\u2019Ottocento e molti di questi martiri avevano seguito qualche corso di quegli esercizi spirituali.<\/span><\/p>\n<p style=\"text-align: justify;\"><span style=\"color: #000000;\">Quelli che abbiamo citato fin qui sono alcuni episodi ma nel mondo continuava la persecuzione in tutta l\u2019area comunista.<\/span><\/p>\n<p style=\"text-align: justify;\"><span style=\"color: #000000;\"><img loading=\"lazy\" decoding=\"async\" class=\"alignleft wp-image-27568\" src=\"https:\/\/www.rassegnastampa-totustuus.it\/cattolica\/wp-content\/uploads\/2005\/08\/nazismo_comunismo.jpg\" alt=\"\" width=\"332\" height=\"246\" \/>Nella Germania nazista nel 1930 l\u2019arcidiocesi di Magonza \u2013 che \u00e8 una delle diocesi pi\u00f9 importanti del Paese &#8211; proclama pubblicamente che: \u00abAi membri del partito hitleriano non \u00e8 permesso prendere parte in gruppo a funerali o altre simili funzioni cattoliche e finch\u00e8 un cattolico rimane iscritto al partito hitleriano non pu\u00f2 essere ammesso ai sacramenti\u00bb. Quindi prese di posizione della Chiesa cattolica ci sono immediatamente e partono subito gli arresti.<\/span><\/p>\n<p style=\"text-align: justify;\"><span style=\"color: #000000;\">Non si contano sacerdoti, religiosi e suore che a causa della loro presa di posizione pubblica contro il regime subirono restrizioni, persecuzioni giudiziarie, provvedimenti penali fino alla pena capitale. Pi\u00f9 di un terzo del clero secolare e un quinto circa del clero regolare tedesco. Anche i principali esponenti del movimento della Rosa Bianca \u2013 legato alla Chiesa cattolica &#8211; vennero impiccati. Il movimento si era formato seguendo le tesi di \u201cSorgente di vita\u201d un movimento cattolico guidato dal sacerdote di origine italiana Romano Guardini.<\/span><\/p>\n<p style=\"text-align: justify;\"><span style=\"color: #000000;\"><img loading=\"lazy\" decoding=\"async\" class=\" wp-image-42268 alignright\" src=\"https:\/\/www.rassegnastampa-totustuus.it\/cattolica\/wp-content\/uploads\/2019\/03\/Massimiliano_Kolbe-300x276.jpg\" alt=\"\" width=\"298\" height=\"274\" srcset=\"https:\/\/www.rassegnastampa-totustuus.it\/cattolica\/wp-content\/uploads\/2019\/03\/Massimiliano_Kolbe-300x276.jpg 300w, https:\/\/www.rassegnastampa-totustuus.it\/cattolica\/wp-content\/uploads\/2019\/03\/Massimiliano_Kolbe.jpg 660w\" sizes=\"auto, (max-width: 298px) 100vw, 298px\" \/>Nei Paesi occupati dai nazisti il solo clero polacco ebbe 2.351 morti, di cui 4 vescovi, 1.996 sacerdoti, 113 chierici e 238 religiosi. In Polonia un totale di 3.642 sacerdoti. 389 chierici, 341 conversi e 1.117 suore furono deportati. Cifre altrettanto significative si riscontrano negli altri Paesi occupati.<\/span><\/p>\n<p style=\"text-align: justify;\"><span style=\"color: #000000;\">A questo punto, siamo nel dopoguerra, nascono le varie Repubbliche popolari in Europa e nel resto del Mondo. L\u2019espansione dei regimi comunisti, soprattutto dopo la fine della Seconda Guerra mondiale prosegue apparentemente inarrestabile fino alla proclamazione nel 1987 dell\u2019ultima Repubblica democratica, in Etiopia; ultima di una lunga serie alla cui proclamazione si recano un po\u2019 tutti o rappresentanti di quei regimi che dopo appena due anni sarebbero scomparsi.<\/span><\/p>\n<p style=\"text-align: justify;\"><span style=\"color: #000000;\"><img loading=\"lazy\" decoding=\"async\" class=\" wp-image-21464 alignleft\" src=\"https:\/\/www.rassegnastampa-totustuus.it\/cattolica\/wp-content\/uploads\/2010\/10\/Gulag_Pitesti_Ro.jpg\" alt=\"\" width=\"232\" height=\"328\" \/>Con questa espansione si espande implacabilmente anche la persecuzione religiosa. Migliaia i martiri, molti dei quali canonizzati il cui elenco sarebbe molto lungo. Ogni Paese europeo ha la sua storia: dalla Romania, all\u2019Albania, alla Bulgaria; tutti hanno avuto caterve di martiri canonizzati e beatificati. Conosco il sacerdote che si sta occupando dei martiri albanesi il quale, poveretto, non riesce a mettere fine al suo lavoro perch\u00e8 ne scopre sempre di nuovi e le cause di beatificazione sono complesse e richiedono molta accurata documentazione. Di ciascun Paese sono state raccolte testimonianze, scritti volumi di una storia ancora poco conosciuta o addirittura ignorata dal grande pubblico.<\/span><\/p>\n<p style=\"text-align: justify;\"><span style=\"color: #000000;\">Faccio una breve cronologia dell\u2019espansione comunista per quelli che nell\u201989 non erano nati o considerano ormai quella storia cosa del passato.<\/span><\/p>\n<p style=\"text-align: justify;\"><span style=\"color: #000000;\">Il 30 dicembre 1920 nasce l\u2019Unione Sovietica con la federazione di tre realt\u00e0 che formano il primo nucleo dell\u2019Urss. In Europa nel 1944 entra nell\u2019orbita sovietica l\u2019Estonia, fino al 1949 quando tocca alla Repubblica Democratica di Germania. Tenete presente che in ciascuno di questi casi immediatamente scatta l\u2019operazione antireligiosa.<\/span><\/p>\n<p style=\"text-align: justify;\"><span style=\"color: #000000;\"><img loading=\"lazy\" decoding=\"async\" class=\"wp-image-54556 alignright\" src=\"https:\/\/www.rassegnastampa-totustuus.it\/cattolica\/wp-content\/uploads\/2017\/10\/Urss_gulag_deportazione.jpg\" alt=\"\" width=\"310\" height=\"232\" \/>Ad esempio al momento del colpo di Stato in cecoslovacchia del 1948 era gi\u00e0 pronto l\u2019elenco dei sacerdoti e dei monaci da arrestare con i camion che la stessa notte del golpe li caricarono per deportarli immediatamente. In ciascun Paese poi la persecuzione assume rforme diverse; in Albania si viene fucilati anche se si battezza un bambino, mentre in Polonia \u00e8 pi\u00f9 <em>soft<\/em> perch\u00e8 c\u2019\u00e8 una enorme popolazione cattolica a cui non \u00e8 possibile fare la guerra totale. Mentre in Urss hanno avuto settant\u2019anni per farla, in quei paesi devono almeno all\u2019inizio dosarla un po\u2019 anche perch\u00e8 ogni tanto scoppiano delle rivolte.<\/span><\/p>\n<p style=\"text-align: justify;\"><span style=\"color: #000000;\">In Asia dal 1945 fino al 1978, quando nasce la Repubblica Democratica dell\u2019Afghanistan, si ha la conquista della Cambogia, la riunificazione del Vietnam. In Africa si parte dal 1970 con la Somalia, la Guinea Bissau, Capoverde, Madagascar, Angola&#8230; Pensate per chi viveva in quell\u2019epoca quale poteva essere l\u2019effetto psicologico.<\/span><\/p>\n<p style=\"text-align: justify;\"><span style=\"color: #000000;\"><img loading=\"lazy\" decoding=\"async\" class=\" wp-image-41354 alignleft\" src=\"https:\/\/www.rassegnastampa-totustuus.it\/cattolica\/wp-content\/uploads\/2005\/07\/Castro_Guevara_Cuba.jpg\" alt=\"\" width=\"322\" height=\"214\" \/>Nelle americhe divennero comuniste Cuba, Guiana, Grenada, il Nicaragua&#8230; All\u2019inizio del 1989 la mappa del Mondo si va colorando di rosso, come un cancro che si espande, tanto che in Italia gli anticomunisti erano scomparsi e nessuno parlava pi\u00f9 male del comunismo. Io ricordo quando eravamo rimasti soli a parlare del comunismo, delle resistenze dimenticate, quando facemmo dei convegni sull\u2019Albania, sull\u2019Afghanistan. Addirittura, era il periodo della <em>ostpolitik <\/em>vaticana, fu proibito a padre Werenfried van Straaten, fondatore della Chiesa che soffre, dal segretario di Stato monsignor Casaroli di parlare dei paesi dell\u2019Est.<\/span><\/p>\n<p style=\"text-align: justify;\"><span style=\"color: #000000;\">Allorch\u00e8 van Straaten and\u00f2 da Paolo VI mostrando la lettera e chiedendo cosa doveva fare, il Papa replic\u00f2: \u00abLo so, lei continui a fare quello che ha sempre fatto. Il segretario di Stato fa il suo mestiere\u00bb. Lui continu\u00f2 ma in Germania ad esempio i vescovi non lo fecero parlare. Insomma c\u2019\u00e8 stato un periodo in cui la situazione era grave. In Ungheria quando il cardinale J\u00f3zsef Mindszenty fu trasferito in Occidente gli fu promesso da parte dell\u2019autorit\u00e0 che avrebbe conservato il titolo di primate d\u2019Ungheria e di nominare come suo successore qualcuno da lui indicato. Invece fu nominato un successore il cui primo intervento nel Natale di quell\u2019anno fu dichiarare che la costituzione ungherese era perfettamente rispondente alla Dottrina sociale cattolica.<\/span><\/p>\n<p style=\"text-align: justify;\"><span style=\"color: #000000;\"><img loading=\"lazy\" decoding=\"async\" class=\"wp-image-54557 alignright\" src=\"https:\/\/www.rassegnastampa-totustuus.it\/cattolica\/wp-content\/uploads\/2017\/10\/J\u00f3zsef_Mindszenty_comunismo_cecoslovacchia.jpg\" alt=\"\" width=\"335\" height=\"260\" \/>Dopo la liberazione sono stato sulla tomba di Mindszenty, l\u00e0 dove sono sepolti tutti i primati d\u2019Ungheria, dalla liberazione dai turchi nel 1700 in poi. Stranamente sulla tomba del successore notai che non c\u2019era scritto \u201cprimate d\u2019Ungheria e reggente del regno\u201d ma soltanto \u201ccardinale Tal dei Tali\u201d. Tornato in Italia, un giorno con padre Werenfried van Straaten, raccontai la cosa e lui mi disse che lo aveva conosciuto in occasione di un incontro con i vescovi dell\u2019Est europeo. Il cardinale apostrof\u00f2 van Straaten dicendo: \u00abLei ce l\u2019ha con me\u00bb, e il frate: \u00abIo non ce l\u2019ho con lei eminenza, anzi prego molto per la sua salvezza e se accetta il consiglio di un povero monaco secondo me per salvarsi l\u2019anima dovrebbe fare tre cose: dimettersi, ritirarsi in un convento e se pu\u00f2 dire perch\u00e9 i comunisti la ricattano\u00bb. Il colloquio fin\u00ec l\u00ec.<\/span><\/p>\n<p style=\"text-align: justify;\"><span style=\"color: #000000;\"><img loading=\"lazy\" decoding=\"async\" class=\"size-medium wp-image-54558 alignleft\" src=\"https:\/\/www.rassegnastampa-totustuus.it\/cattolica\/wp-content\/uploads\/2017\/10\/comunismo_Albania.jpg\" alt=\"\" width=\"276\" height=\"182\" \/>Ricordo ancora che la signora Fanfani, e la cosa mi \u00e8 rimasta impressa, era andata in Albania a fare una visita e al ritorno scrisse un articolo su <em>Il Tempo<\/em> dove esaltava il fatto che in quel Paese andavano tutti in bicicletta e che erano avanti agli italiani perch\u00e9 pi\u00f9 ecologici. Insomma dell\u2019Albania non aveva visto niente se non che andare in bicicletta era una buona cosa e a quel tempo l\u2019Albania era piena di campi di concentramento, di gente fucilata per nulla, con tutto il clero scomparso. E lei era la moglie di Fanfani e presidente della Croce Rossa Italiana.<\/span><\/p>\n<p style=\"text-align: justify;\"><span style=\"color: #000000;\"><img loading=\"lazy\" decoding=\"async\" class=\"wp-image-12989 alignright\" src=\"https:\/\/www.rassegnastampa-totustuus.it\/cattolica\/wp-content\/uploads\/2014\/11\/caduta_Muro.jpg\" alt=\"\" width=\"343\" height=\"221\" \/>Ad un certo punto per\u00f2 succede qualcosa: arriva l\u201989. Il 16 Novembre 1989 il Muro di Berlino viene abbattuto ed entro la fine dell\u2019anno tutte le rivolte scoppiate nei Paesi comunisti europei provocarono il collasso dei regimi imposti dopo la Seconda Guerra mondiale. L\u20198 Dicembre 1991 \u2013 che per noi \u00e8 la festa dell\u2019Immacolata \u2013 si sciolse l\u2019Unione Sovietica. A Minsk fu firmato l\u2019accordo che istituiva la Confederazione degli stati indipendenti e sciolta ufficialmente l\u2019Urss. Il 25 Dicembre del 1991 \u2013 per noi giorno di Natale \u2013 c\u2019\u00e8 l\u2019ammainabandiera sul Cremlino. Il giorno successivo il Soviet supremo viene sciolto come riconoscimento ufficiale della dissoluzione dell\u2019Unione e finisce l\u2019avventura.<\/span><\/p>\n<p style=\"text-align: justify;\"><span style=\"color: #000000;\">A questo punto siamo al post-\u201989. Qual \u00e8 la differenza tra il mondo di prima e il mondo del dopo nella nostra percezione? Che mentre prima dell\u201989 se accadeva un colpo di Stato, diciamo alle Maldive, il pensiero dello spettatore medio era: chi lo avrebbe riconosciuto per primo, gli Usa o l\u2019Urss? Ovvero: quello stato stava di qua o stava di l\u00e0? Dopo, in tutto quello che c\u2019era sotto la cappa della Guerra Fredda, riprendono importanza i fenomeni religiosi. Ovvero ora ci si chiede in quel paese che minoranza religiosa c\u2019\u00e8, come sono trattati i cristiani, qual \u00e8 l\u2019area islamica e cos\u00ec via. Ci portiamo cio\u00e8 dietro le eredit\u00e0 del XX secolo con in pi\u00f9 quello che si \u00e8 manifestato nel XXI secolo: la rinascita di alcuni movimenti religiosi a carattere estremistico, come l\u2019Islam.<\/span><\/p>\n<p style=\"text-align: justify;\"><span style=\"color: #000000;\"><img loading=\"lazy\" decoding=\"async\" class=\" wp-image-48341 alignleft\" src=\"https:\/\/www.rassegnastampa-totustuus.it\/cattolica\/wp-content\/uploads\/2020\/09\/Cina_laogai-300x169.jpg\" alt=\"\" width=\"359\" height=\"202\" srcset=\"https:\/\/www.rassegnastampa-totustuus.it\/cattolica\/wp-content\/uploads\/2020\/09\/Cina_laogai-300x169.jpg 300w, https:\/\/www.rassegnastampa-totustuus.it\/cattolica\/wp-content\/uploads\/2020\/09\/Cina_laogai-768x432.jpg 768w, https:\/\/www.rassegnastampa-totustuus.it\/cattolica\/wp-content\/uploads\/2020\/09\/Cina_laogai-1024x576.jpg 1024w, https:\/\/www.rassegnastampa-totustuus.it\/cattolica\/wp-content\/uploads\/2020\/09\/Cina_laogai.jpg 1280w\" sizes=\"auto, (max-width: 359px) 100vw, 359px\" \/>Sulla mappa dei paesi in cui maggiori sono i pericoli per i cristiani vediamo ancora alcuni Paesi comunisti, come la Cina o il Vietnam, che sono eredit\u00e0 del secolo scorso, con in pi\u00f9 tutta la novit\u00e0 dei Paesi dell\u2019area islamica. Questa persecuzione colpisce indifferentemente tutti i cristiani, indipendentemente dalla confessione o dal rito; \u00e8 un ecumenismo del sangue. Giovanni Paolo II nel 2000 disse: \u00abL\u2019esperienza dei martiri, dei testimoni della fede, connota ogni epoca della storia della Chiesa.<\/span><\/p>\n<p style=\"text-align: justify;\"><span style=\"color: #000000;\">Nel secolo XX forse ancor pi\u00f9 e nel primo periodo del cristianesimo moltissimi sono stati coloro che hanno testimoniato la fede con sofferenze spesso eroiche. Quando i cristiani di ogni continente nel corso del Novecento hanno pagato il loro amore a Cristo, anche versando il sangue, essi hanno subito forme di persecuzione crescenti, hanno sperimentato l\u2019odio e l\u2019esclusione, la violenza e l\u2019assassinio. (&#8230;) Nel nostro secolo la testimonianza del Cristo a prezzo dello spargimento del sangue \u00e8 diventato patrimionio comune di cattolici, ortodossi, protestanti\u00bb.<\/span><\/p>\n<p style=\"text-align: justify;\"><span style=\"color: #000000;\"><img loading=\"lazy\" decoding=\"async\" class=\"wp-image-37649 alignright\" src=\"https:\/\/www.rassegnastampa-totustuus.it\/cattolica\/wp-content\/uploads\/2017\/05\/papa_Francesco.jpg\" alt=\"\" width=\"280\" height=\"210\" \/>Questo ecumenismo del sangue, questa comunanza che si incontra durante la persecuzione si era gi\u00e0 manifestata nei gulag. Ricordo ad esempio un ragazzo di Praga, che era riuscito ad ottenere un permesso per venire in Occidente con una borsa di studio per studiare la lingua francese a Perugia, il quale era ussita e il padre vescovo ussita ma la domenica andava alla Messa cattolica per fare numero e dimostrare la forza dei cristiani contro il regime. Diceva ancora che per loro la Chiesa cattolica era una specie di sorella maggiore e mettendosi sotto il suo ombrello si sentivano pi\u00f9 protetti. Si era insomma creata un tipo di mentalit\u00e0 che per noi \u00e8 difficile capire, anche perch\u00e8 non abbiamo queste minoranze e per il momento non abbiamo ancora subito questa persecuzione.<\/span><\/p>\n<p style=\"text-align: justify;\"><span style=\"color: #000000;\"><img loading=\"lazy\" decoding=\"async\" class=\" wp-image-34208 alignleft\" src=\"https:\/\/www.rassegnastampa-totustuus.it\/cattolica\/wp-content\/uploads\/2013\/01\/persecuzioni-300x166.jpg\" alt=\"\" width=\"330\" height=\"183\" srcset=\"https:\/\/www.rassegnastampa-totustuus.it\/cattolica\/wp-content\/uploads\/2013\/01\/persecuzioni-300x166.jpg 300w, https:\/\/www.rassegnastampa-totustuus.it\/cattolica\/wp-content\/uploads\/2013\/01\/persecuzioni.jpg 301w\" sizes=\"auto, (max-width: 330px) 100vw, 330px\" \/>Sulla stessa linea Papa Francesco, che nel discorso al moderatore della Chiesa riformata di Scozia ha detto: \u00abMi permetto di ricorrere alla mia lingua madre per esprimere un profondo e triste sentimento. Oggi ho potuto leggere dell\u2019esecuzione di quei ventuno cristiani copti. Dicevano solamente: \u201cGes\u00f9 aiutami\u201d. Sono stati assassinati per il solo fatto di essere cristiani. Lei, fratello, nel suo discorso ha fatto riferimento a quello che succede nella terra di Ges\u00f9.<\/span><\/p>\n<p style=\"text-align: justify;\"><span style=\"color: #000000;\">Il sangue dei nostri fratelli cristiani \u00e8 una testimonianza che grida, siano cattolici, ortodossi, copti, luterani non importa; sono cristiani. Il sangue \u00e8 lo stesso; il sangue confessa Cristo. Ricordando questi fratelli, per il solo fatto di confessare Cristo chiedo di incoraggiarci l\u2019un l\u2019altro e di andare avanti in questo ecumenismo\u00bb.<\/span><\/p>\n<p style=\"text-align: justify;\"><span style=\"color: #000000;\"><img loading=\"lazy\" decoding=\"async\" class=\" wp-image-29772 alignright\" src=\"https:\/\/www.rassegnastampa-totustuus.it\/cattolica\/wp-content\/uploads\/2006\/11\/Islam.jpg\" alt=\"\" width=\"324\" height=\"245\" \/>Quando vengono denunciato questi fatti oggi nei giornali, normalmente si parla di bombe esplose, chiese devastate, ma \u00e8 come un film giallo in cui l\u2019assassino raramente viene denunciato. Dove c\u2019\u00e8 una vittima c\u2019\u00e8 sempre un assassino. Parlare bene delle vittime \u00e8 facile ma parlare male degli assassini \u00e8 pi\u00f9 complicato, sopratutto quando si hanno relazioni commerciali e comprano da queste parti alberghi e squadre di calcio. Quattro sono i colpevoli attuali: l\u2019ultrafondamentalismo islamico, i regimi comunisti superstiti, il tribalismo e il nazionalismo religioso \u2013 ad esempio tra gli induisti \u00e8 diffusa questa motivazione &#8211; e la dittatura del relativismo in Occidente.<\/span><\/p>\n<p style=\"text-align: justify;\"><span style=\"color: #000000;\"><img loading=\"lazy\" decoding=\"async\" class=\" wp-image-15085 alignleft\" src=\"https:\/\/www.rassegnastampa-totustuus.it\/cattolica\/wp-content\/uploads\/2010\/09\/islamici-a-Milano.jpg\" alt=\"\" width=\"347\" height=\"231\" \/>Rapidamente: per quanto riguarda l\u2019ultrafondamentalismo islamico non mi dilungo. L\u2019immagine caricaturale che vede in ogni mussulmano un terrorista pronto a uccidere cristiani \u00e8 falsa ovviamente, per\u00f2 dopo aver chiarito che non tutti i mussulmani sono fondamentalisti e a rigore neppure tutti i fondamentalisti sono terroristi, si ricorda che la parte pi\u00f9 estremista del fondamentalismo uccide ogni anno migliaia di cristiani e anche di altri mussulmani; si pensi a Boko Haram in Nigeria o alle leggi in Pakistan contro la blasfemia; Asia Bibi \u00e8 ancora in carcere dal 2009, condannata a morte.<\/span><\/p>\n<p style=\"text-align: justify;\"><span style=\"color: #000000;\">Per quanto riguarda il mondo islamico d\u00f2 solo un dato: dei 49 paesi a maggioranza mussulmana, compreso il Kossovo, 17 hanno l\u2019islam come religione di stato, con conseguenze che vanno dall\u2019esclusione di tutti i non mussulmani dalla pratica religiosa, come in Arabia Saudita, ai casi in cui gli altri culti sono tollerati ma strettamente controllati nelle loro attivit\u00e0. In altri 4 casi, anche se non esiste una dichiarazione esplicita dell\u2019islam come religione di stato, la <em>sharia<\/em> \u00e8 contemplata dalla Costituzione come unica fonte del diritto. In altri 19 casi in teoria la Costituzione afferma che il Paese \u00e8 uno stato laico, ad esempio in Turchia, Indonesia, Mali, Burkina Faso, Gambia nelle due Guinee, o alle minoranze religiose sono garantiti alcuni diritti, come in Iran, ma si tratta di Paesi in cui la nozione di diritto, non avendo origine romana, \u00e8 elastica e cambia a seconda delle situazioni.<\/span><\/p>\n<p style=\"text-align: justify;\"><span style=\"color: #000000;\"><img loading=\"lazy\" decoding=\"async\" class=\"alignleft wp-image-31257\" src=\"https:\/\/www.rassegnastampa-totustuus.it\/cattolica\/wp-content\/uploads\/2004\/11\/cristiani_Arabia.jpg\" alt=\"\" width=\"323\" height=\"212\" \/>In Iran ad esempio se si \u00e8 di origine cristiana \u2013 i cristiani in Iran sono presenti da prima dell\u2019arrivo dei mussulmani \u2013 si pu\u00f2 continuare ad esserlo; ci sono scuole cristiane e anche la loro direzione da qualche anno \u00e8 affidata ad un cristiano. Per\u00f2 se il figlio di un cristiano esprime l\u2019idea di diventare mussulmano da quel momento non \u00e8 pi\u00f9 possibile parlare con lui poich\u00e9 se si prova anche solo ad invitarlo a pensarci bene si \u00e8 passibili di sanzioni penali, perch\u00e9 si sta cercando di convincere qualcuno a non diventare mussulmano.<\/span><\/p>\n<p style=\"text-align: justify;\"><img loading=\"lazy\" decoding=\"async\" class=\" wp-image-32629 alignleft\" src=\"https:\/\/www.rassegnastampa-totustuus.it\/cattolica\/wp-content\/uploads\/2009\/02\/Arabia_Saudita.jpg\" alt=\"\" width=\"316\" height=\"237\" \/><span style=\"color: #000000;\">Poi abbiamo il caso limite dell\u2019Arabia Saudita in cui non \u00e8 permesso neppure morire, perch\u00e9 la terra d\u2019Arabia, sacra all\u2019islam, non pu\u00f2 essere profanata dai corpi di non islamici. Siccome in quel Paese c\u2019\u00e8 un milione e mezzo di lavoratori cristiani, cui \u00e8 proibito anche il culto privato, hanno risolto il problema concedendo un pezzetto di terra all\u2019ambasciata francese e inglese, in modo che ufficialmente risulti extraterritoriale, in cui seppellire provvisoriamente i morti in attesa del rimpatrio. Tutto questo per avere un\u2019idea del giro mentale di queste persone.<\/span><\/p>\n<p style=\"text-align: justify;\"><span style=\"color: #000000;\">Per quanto riguarda i Paesi comunisti c\u2019\u00e8 la Corea del Nord e la Cina, che sta conducendo in questi giorni una campagna antireligiosa, che qualcuno ha chiamato una seconda \u201crivoluzione culturale\u201d; partita contro la corruzione ma in realt\u00e0 causata dalla preoccupazione per le numerose conversioni al cristianesimo dentro il partito, soprattutto al protestantesimo, poich\u00e8 al cattolicesimo \u00e8 pi\u00f9 difficile essendo necessari due o tre anni di catechesi.<\/span><\/p>\n<p style=\"text-align: justify;\"><span style=\"color: #000000;\"><img loading=\"lazy\" decoding=\"async\" class=\" wp-image-27929 alignright\" src=\"https:\/\/www.rassegnastampa-totustuus.it\/cattolica\/wp-content\/uploads\/2005\/11\/Cina-chiesa.jpg\" alt=\"\" width=\"316\" height=\"237\" \/>Ma in Cina succedono cose strane. Raccontava un sacerdote cinese clandestino qui in Italia che il partito sapeva perfettamente che stava studiando da sacerdote, anche se ufficialmente aveva un piccolo stipendio come bibliotecario presso una casa religiosa; per\u00f2 doveva andare a consegnare una parte di questo stipendio, circa il 20%, all\u2019ambasciata. E il sacerdote diceva anche che probabilmente al suo ritorno avrebbe dovuto fare almeno due o tre anni di carcere.<\/span><\/p>\n<p style=\"text-align: justify;\"><span style=\"color: #000000;\">Del resto in Cina se un prete cattolico non si fa almeno un po\u2019 di carcere non fa carriera. Un suo amico gli scriveva appunto dal carcere dicendo che tutto sommato era contento, almeno si riposava un po\u2019. Immaginate infatti la vita di questi poveri preti clandestini, che il giorno devono lavorare per mantenersi e durante il poco tempo libero e la notte la dedicano alla loro attivit\u00e0 pastorale.<\/span><\/p>\n<p style=\"text-align: justify;\"><span style=\"color: #000000;\"><img loading=\"lazy\" decoding=\"async\" class=\" wp-image-29741 alignleft\" src=\"https:\/\/www.rassegnastampa-totustuus.it\/cattolica\/wp-content\/uploads\/2009\/03\/India_persecuzioni.jpg\" alt=\"\" width=\"362\" height=\"256\" \/>In India e Sri Lanka i buddisti armati hanno distrutto pi\u00f9 di 250 chiese. In Italia conosciamo solo un certo aspetto alla \u201ccacio e pepe\u201d del buddismo, ma altrove hanno organizzazioni paramilitari e il buddismo del Dalai Lama ha una corrente interna con un culto guerriero e riti segreti. Insomma si tratta di fenomeni molto complicati che da noi in Occidente vengono poi spacciati in una certa veste da attori e personaggi come Richard Gere.<\/span><\/p>\n<p style=\"text-align: justify;\"><span style=\"color: #000000;\">In India c\u2019\u00e8 il problema dell\u2019identificazione dell\u2019induismo con la nazione indiana, ovvero sei un buon indiano se sei induista e quindi, come successo con i Giovani Turchi, c\u2019\u00e8 il tentativo di espellere le minoranze non induiste, sia mussulmane che cristiane. Per i cristiani c\u2019\u00e8 un\u2019aggravante: siccome il cristiano non fa distinzioni tra caste nelle sue scuole sono ammessi tutti e un paria o un intoccabile corre il rischio di diventare medico studiando in una Universit\u00e0 cattolica e questo in quegli ambienti non \u00e8 tollerato. E infatti in India si sono specializzati nel bruciare le scuole e le Universit\u00e0.<\/span><\/p>\n<p style=\"text-align: justify;\"><span style=\"color: #000000;\">In Occidente cosa succede? Vi \u00e8 un itinerario descritto dall\u2019Ocse chiamato il \u201cModello di Roma\u201d secondo il quale si pu\u00f2 passare dall\u2019intolleranza, alla discriminazione, fino ai crimini di odio. Intolleranza \u00e8 quando la religione e la cultura cristiana \u00e8 sottoposta al dileggio, all\u2019insulto, alla vignetta; presto viene seguita dalla discriminazione, magari giuridica. Se un gruppo \u00e8 malvagio \u00e8 logico colpirlo con delle leggi.<\/span><\/p>\n<p style=\"text-align: justify;\"><img loading=\"lazy\" decoding=\"async\" class=\"alignleft wp-image-29193\" src=\"https:\/\/www.rassegnastampa-totustuus.it\/cattolica\/wp-content\/uploads\/2005\/07\/gay_Spagna.jpg\" alt=\"\" width=\"348\" height=\"231\" \/><span style=\"color: #000000;\">Negli Stati Uniti lentamente sta accadendo proprio questo: \u00e8 discriminato chi non vuole applicare normative in favore degli omosessuali o \u00e8 punito il cuoco o il fioraio che non vogliono confezionare torte o addobbi per il matrimonio gay. Negli Usa una cosa del genere non era mai esistita. Poi si passa ai crimini di odio che ad esempio in Spagna stanno dilagando, come aggressioni a cappelle, scritte insultanti fuori dalle chiese. Questo soprattutto a causa di \u201cPodemos\u201d che ha una connotazione molto anticristiana.<\/span><\/p>\n<p style=\"text-align: justify;\"><span style=\"color: #000000;\"><img loading=\"lazy\" decoding=\"async\" class=\"size-medium wp-image-49312 alignright\" src=\"https:\/\/www.rassegnastampa-totustuus.it\/cattolica\/wp-content\/uploads\/2020\/11\/gay_bandiera_gender-300x225.jpg\" alt=\"\" width=\"300\" height=\"225\" srcset=\"https:\/\/www.rassegnastampa-totustuus.it\/cattolica\/wp-content\/uploads\/2020\/11\/gay_bandiera_gender-300x225.jpg 300w, https:\/\/www.rassegnastampa-totustuus.it\/cattolica\/wp-content\/uploads\/2020\/11\/gay_bandiera_gender-768x576.jpg 768w, https:\/\/www.rassegnastampa-totustuus.it\/cattolica\/wp-content\/uploads\/2020\/11\/gay_bandiera_gender-1024x768.jpg 1024w, https:\/\/www.rassegnastampa-totustuus.it\/cattolica\/wp-content\/uploads\/2020\/11\/gay_bandiera_gender.jpg 1280w\" sizes=\"auto, (max-width: 300px) 100vw, 300px\" \/>Si tratta di un itinerario che \u00e8 gi\u00e0 stato percorso in precedenza in una certa parte dell\u2019Europa. Si cominci\u00f2 con le vignette contro gli ebrei, poi arrivarono le leggi discriminatorie e poi \u00e8 andata a finire come sappiamo. Anche in Spagna cominciarono attaccando la Chiesa per le sue propriet\u00e0 e per il clero che viveva agiatamente. In Germania vi furono grandi processi contro preti pedofili. Insomma bisogna sempre dimostrare alla popolazione che quelli che stai attaccando sono cattive persone, pertanto il primo passaggio \u00e8 sempre l\u2019insulto, la presa in giro.<\/span><\/p>\n<p style=\"text-align: justify;\"><span style=\"color: #000000;\">Uno dei temi che Papa Francesco ha sempre di pi\u00f9 a cuore \u00e8 proprio quello dei martiri e i suoi interventi sono tantissimi. Nell\u2019udienza generale del 25 settembre 2015 ha detto: \u00abC\u2019\u00e8 un segno che rivela se davvero sentiamo con la Chiesa. Quando sento che tanti cristiani al mondo soffrono sono indifferente o \u00e8 come se soffrisse uno di famiglia? Quando penso o sento dire che tanti cristiani sono perseguitati e anche danno la loro vita per la loro fede, tocca il mio cuore questo? Quanti di voi pregano per i cristiani che vengono perseguitati? Quanti? Ognuno si risponda nel cuore\u00bb.<\/span><\/p>\n<p style=\"text-align: justify;\"><span style=\"color: #000000;\"><img loading=\"lazy\" decoding=\"async\" class=\"alignleft wp-image-37557\" src=\"https:\/\/www.rassegnastampa-totustuus.it\/cattolica\/wp-content\/uploads\/2017\/04\/martiri.jpg\" alt=\"\" width=\"196\" height=\"255\" \/>E anche noi facciamo la domanda: quante parrocchie celebrano un santo, un martire del XX secolo? Quanti parroci li ricordano in qualche omelia? Da qui vi rendete conto dell\u2019indifferenza totale che c\u2019\u00e8 e se non funziona la nuova evangelizzazione, lo ripeto, \u00e8 per questo. Come ha detto Giovanni Paolo II \u00e8 sulle tombe e intorno agli altari dei martiri del XX secolo che si deve sviluppare la nuova evangelizzazione, che se non si fonda su quel sangue non evangelizza nulla e stiamo sempre a fare convegni.<\/span><\/p>\n<p style=\"text-align: justify;\"><span style=\"color: #000000;\">Concludo con una riflessione di Benedetto XVI che all\u2019Angelus dell\u201911 marzo 2007 ha citato un proverbio della sua terra: \u00abQuando regna il buio dell\u2019odio e della persecuzione si possono fare due cose: maledire l\u2019oscurit\u00e0 o accendere un fiammifero. Pu\u00f2 sembrare che accendere un fiammifero non serva a gran che. Ogni volta che parliamo di cristiani perseguitati accendiamo un fiammifero e sfidiamo il buio; moltiplicando i fiammiferi alla fine non avremo pi\u00f9 paura del buio e potr\u00e0 darsi perfino che sar\u00e0 il buio ad avere paura di noi\u00bb.<\/span><\/p>\n","protected":false},"excerpt":{"rendered":"<p>Pisa, 16 marzo 2016 sale parrocchiali della Chiesa di Santa Maria del Carmine Trascrizione, non rivista dal relatore, del quinto incontro del ciclo \u201cItinerari della dissoluzione contemporanea\u201d, organizzati da Alleanza Cattolica, Croce di Pisa. Relatore: ATTILIO TAMBURRINI, del Comitato promotore di Difendiamo i Nostri Figli, dirigente nazionale di Alleanza Cattolica, membro dell\u2019Osservatorio sulla libert\u00e0 religiosa, &hellip; <\/p>\n<p><a class=\"more-link btn\" href=\"https:\/\/www.rassegnastampa-totustuus.it\/cattolica\/la-grande-persecuzione\/\">Continua a leggere<\/a><\/p>\n","protected":false},"author":6,"featured_media":38555,"comment_status":"closed","ping_status":"closed","sticky":false,"template":"","format":"standard","meta":{"footnotes":""},"categories":[5,44],"tags":[264],"class_list":["post-38554","post","type-post","status-publish","format-standard","has-post-thumbnail","hentry","category-chiesa","category-cristiani-perseguitati","tag-persecuzioni","item-wrap"],"yoast_head":"<!-- This site is optimized with the Yoast SEO plugin v27.5 - https:\/\/yoast.com\/product\/yoast-seo-wordpress\/ -->\n<title>La grande persecuzione - Rassegna Stampa Cattolica<\/title>\n<meta name=\"description\" content=\"Rassegna Stampa Cattolica - Per una cultura che nasce dalla Rivelazione cristiana in conformit\u00e0 alla tradizione e al Magistero della Chiesa in opposizione ad ogni relativismo e totalitarismo\" \/>\n<meta name=\"robots\" content=\"index, follow, max-snippet:-1, max-image-preview:large, max-video-preview:-1\" \/>\n<link rel=\"canonical\" href=\"https:\/\/www.rassegnastampa-totustuus.it\/cattolica\/la-grande-persecuzione\/\" \/>\n<meta property=\"og:locale\" content=\"it_IT\" \/>\n<meta property=\"og:type\" content=\"article\" \/>\n<meta property=\"og:title\" content=\"La grande persecuzione - Rassegna Stampa Cattolica\" \/>\n<meta property=\"og:description\" content=\"Rassegna Stampa Cattolica - Per una cultura che nasce dalla Rivelazione cristiana in conformit\u00e0 alla tradizione e al Magistero della Chiesa in opposizione ad ogni relativismo e totalitarismo\" \/>\n<meta property=\"og:url\" content=\"https:\/\/www.rassegnastampa-totustuus.it\/cattolica\/la-grande-persecuzione\/\" \/>\n<meta property=\"og:site_name\" content=\"Rassegna Stampa Cattolica\" \/>\n<meta property=\"article:publisher\" content=\"https:\/\/www.facebook.com\/rassegnastampacattolica\" \/>\n<meta property=\"article:published_time\" content=\"2017-10-11T22:00:04+00:00\" \/>\n<meta property=\"article:modified_time\" content=\"2022-08-04T09:36:23+00:00\" \/>\n<meta property=\"og:image\" content=\"https:\/\/www.rassegnastampa-totustuus.it\/cattolica\/wp-content\/uploads\/2017\/10\/persecuzioni.jpg\" \/>\n\t<meta property=\"og:image:width\" content=\"259\" \/>\n\t<meta property=\"og:image:height\" content=\"194\" \/>\n\t<meta property=\"og:image:type\" content=\"image\/jpeg\" \/>\n<meta name=\"author\" content=\"Redazione\" \/>\n<meta name=\"twitter:card\" content=\"summary_large_image\" \/>\n<meta name=\"twitter:creator\" content=\"@rassegnastampa9\" \/>\n<meta name=\"twitter:site\" content=\"@rassegnastampa9\" \/>\n<meta name=\"twitter:label1\" content=\"Scritto da\" \/>\n\t<meta name=\"twitter:data1\" content=\"Redazione\" \/>\n\t<meta name=\"twitter:label2\" content=\"Tempo di lettura stimato\" \/>\n\t<meta name=\"twitter:data2\" content=\"31 minuti\" \/>\n<script type=\"application\/ld+json\" class=\"yoast-schema-graph\">{\"@context\":\"https:\\\/\\\/schema.org\",\"@graph\":[{\"@type\":\"Article\",\"@id\":\"https:\\\/\\\/www.rassegnastampa-totustuus.it\\\/cattolica\\\/la-grande-persecuzione\\\/#article\",\"isPartOf\":{\"@id\":\"https:\\\/\\\/www.rassegnastampa-totustuus.it\\\/cattolica\\\/la-grande-persecuzione\\\/\"},\"author\":{\"name\":\"Redazione\",\"@id\":\"https:\\\/\\\/www.rassegnastampa-totustuus.it\\\/cattolica\\\/#\\\/schema\\\/person\\\/08f319d2bd1a0904ad9e2bfb7b15e5c3\"},\"headline\":\"La grande persecuzione\",\"datePublished\":\"2017-10-11T22:00:04+00:00\",\"dateModified\":\"2022-08-04T09:36:23+00:00\",\"mainEntityOfPage\":{\"@id\":\"https:\\\/\\\/www.rassegnastampa-totustuus.it\\\/cattolica\\\/la-grande-persecuzione\\\/\"},\"wordCount\":6190,\"publisher\":{\"@id\":\"https:\\\/\\\/www.rassegnastampa-totustuus.it\\\/cattolica\\\/#organization\"},\"image\":{\"@id\":\"https:\\\/\\\/www.rassegnastampa-totustuus.it\\\/cattolica\\\/la-grande-persecuzione\\\/#primaryimage\"},\"thumbnailUrl\":\"https:\\\/\\\/www.rassegnastampa-totustuus.it\\\/cattolica\\\/wp-content\\\/uploads\\\/2017\\\/10\\\/persecuzioni.jpg\",\"keywords\":[\"persecuzioni\"],\"articleSection\":[\"Chiesa\",\"Cristiani perseguitati\"],\"inLanguage\":\"it-IT\"},{\"@type\":\"WebPage\",\"@id\":\"https:\\\/\\\/www.rassegnastampa-totustuus.it\\\/cattolica\\\/la-grande-persecuzione\\\/\",\"url\":\"https:\\\/\\\/www.rassegnastampa-totustuus.it\\\/cattolica\\\/la-grande-persecuzione\\\/\",\"name\":\"La grande persecuzione - Rassegna Stampa Cattolica\",\"isPartOf\":{\"@id\":\"https:\\\/\\\/www.rassegnastampa-totustuus.it\\\/cattolica\\\/#website\"},\"primaryImageOfPage\":{\"@id\":\"https:\\\/\\\/www.rassegnastampa-totustuus.it\\\/cattolica\\\/la-grande-persecuzione\\\/#primaryimage\"},\"image\":{\"@id\":\"https:\\\/\\\/www.rassegnastampa-totustuus.it\\\/cattolica\\\/la-grande-persecuzione\\\/#primaryimage\"},\"thumbnailUrl\":\"https:\\\/\\\/www.rassegnastampa-totustuus.it\\\/cattolica\\\/wp-content\\\/uploads\\\/2017\\\/10\\\/persecuzioni.jpg\",\"datePublished\":\"2017-10-11T22:00:04+00:00\",\"dateModified\":\"2022-08-04T09:36:23+00:00\",\"description\":\"Rassegna Stampa Cattolica - Per una cultura che nasce dalla Rivelazione cristiana in conformit\u00e0 alla tradizione e al Magistero della Chiesa in opposizione ad ogni relativismo e totalitarismo\",\"breadcrumb\":{\"@id\":\"https:\\\/\\\/www.rassegnastampa-totustuus.it\\\/cattolica\\\/la-grande-persecuzione\\\/#breadcrumb\"},\"inLanguage\":\"it-IT\",\"potentialAction\":[{\"@type\":\"ReadAction\",\"target\":[\"https:\\\/\\\/www.rassegnastampa-totustuus.it\\\/cattolica\\\/la-grande-persecuzione\\\/\"]}]},{\"@type\":\"ImageObject\",\"inLanguage\":\"it-IT\",\"@id\":\"https:\\\/\\\/www.rassegnastampa-totustuus.it\\\/cattolica\\\/la-grande-persecuzione\\\/#primaryimage\",\"url\":\"https:\\\/\\\/www.rassegnastampa-totustuus.it\\\/cattolica\\\/wp-content\\\/uploads\\\/2017\\\/10\\\/persecuzioni.jpg\",\"contentUrl\":\"https:\\\/\\\/www.rassegnastampa-totustuus.it\\\/cattolica\\\/wp-content\\\/uploads\\\/2017\\\/10\\\/persecuzioni.jpg\",\"width\":259,\"height\":194},{\"@type\":\"BreadcrumbList\",\"@id\":\"https:\\\/\\\/www.rassegnastampa-totustuus.it\\\/cattolica\\\/la-grande-persecuzione\\\/#breadcrumb\",\"itemListElement\":[{\"@type\":\"ListItem\",\"position\":1,\"name\":\"Home\",\"item\":\"https:\\\/\\\/www.rassegnastampa-totustuus.it\\\/cattolica\\\/\"},{\"@type\":\"ListItem\",\"position\":2,\"name\":\"La grande persecuzione\"}]},{\"@type\":\"WebSite\",\"@id\":\"https:\\\/\\\/www.rassegnastampa-totustuus.it\\\/cattolica\\\/#website\",\"url\":\"https:\\\/\\\/www.rassegnastampa-totustuus.it\\\/cattolica\\\/\",\"name\":\"Rassegna Stampa Cattolica\",\"description\":\"Per una cultura che nasce dalla Rivelazione cristiana in conformit\u00e0 alla tradizione e al Magistero della Chiesa in opposizione ad ogni relativismo e totalitarismo\",\"publisher\":{\"@id\":\"https:\\\/\\\/www.rassegnastampa-totustuus.it\\\/cattolica\\\/#organization\"},\"alternateName\":\"Rass. Cattolica\",\"potentialAction\":[{\"@type\":\"SearchAction\",\"target\":{\"@type\":\"EntryPoint\",\"urlTemplate\":\"https:\\\/\\\/www.rassegnastampa-totustuus.it\\\/cattolica\\\/?s={search_term_string}\"},\"query-input\":{\"@type\":\"PropertyValueSpecification\",\"valueRequired\":true,\"valueName\":\"search_term_string\"}}],\"inLanguage\":\"it-IT\"},{\"@type\":\"Organization\",\"@id\":\"https:\\\/\\\/www.rassegnastampa-totustuus.it\\\/cattolica\\\/#organization\",\"name\":\"Rassegna Stampa Cattolica\",\"url\":\"https:\\\/\\\/www.rassegnastampa-totustuus.it\\\/cattolica\\\/\",\"logo\":{\"@type\":\"ImageObject\",\"inLanguage\":\"it-IT\",\"@id\":\"https:\\\/\\\/www.rassegnastampa-totustuus.it\\\/cattolica\\\/#\\\/schema\\\/logo\\\/image\\\/\",\"url\":\"https:\\\/\\\/www.rassegnastampa-totustuus.it\\\/cattolica\\\/wp-content\\\/uploads\\\/2014\\\/04\\\/logo-rassegna1.gif\",\"contentUrl\":\"https:\\\/\\\/www.rassegnastampa-totustuus.it\\\/cattolica\\\/wp-content\\\/uploads\\\/2014\\\/04\\\/logo-rassegna1.gif\",\"width\":600,\"height\":163,\"caption\":\"Rassegna Stampa Cattolica\"},\"image\":{\"@id\":\"https:\\\/\\\/www.rassegnastampa-totustuus.it\\\/cattolica\\\/#\\\/schema\\\/logo\\\/image\\\/\"},\"sameAs\":[\"https:\\\/\\\/www.facebook.com\\\/rassegnastampacattolica\",\"https:\\\/\\\/x.com\\\/rassegnastampa9\"]},{\"@type\":\"Person\",\"@id\":\"https:\\\/\\\/www.rassegnastampa-totustuus.it\\\/cattolica\\\/#\\\/schema\\\/person\\\/08f319d2bd1a0904ad9e2bfb7b15e5c3\",\"name\":\"Redazione\",\"image\":{\"@type\":\"ImageObject\",\"inLanguage\":\"it-IT\",\"@id\":\"https:\\\/\\\/secure.gravatar.com\\\/avatar\\\/2fcdf27c78ea025fbdb44e914cc63c72249ffec9dc8aafd5c82b26240ef3f346?s=96&d=mm&r=g\",\"url\":\"https:\\\/\\\/secure.gravatar.com\\\/avatar\\\/2fcdf27c78ea025fbdb44e914cc63c72249ffec9dc8aafd5c82b26240ef3f346?s=96&d=mm&r=g\",\"contentUrl\":\"https:\\\/\\\/secure.gravatar.com\\\/avatar\\\/2fcdf27c78ea025fbdb44e914cc63c72249ffec9dc8aafd5c82b26240ef3f346?s=96&d=mm&r=g\",\"caption\":\"Redazione\"},\"url\":\"https:\\\/\\\/www.rassegnastampa-totustuus.it\\\/cattolica\\\/author\\\/pietroelle\\\/\"}]}<\/script>\n<!-- \/ Yoast SEO plugin. -->","yoast_head_json":{"title":"La grande persecuzione - Rassegna Stampa Cattolica","description":"Rassegna Stampa Cattolica - Per una cultura che nasce dalla Rivelazione cristiana in conformit\u00e0 alla tradizione e al Magistero della Chiesa in opposizione ad ogni relativismo e totalitarismo","robots":{"index":"index","follow":"follow","max-snippet":"max-snippet:-1","max-image-preview":"max-image-preview:large","max-video-preview":"max-video-preview:-1"},"canonical":"https:\/\/www.rassegnastampa-totustuus.it\/cattolica\/la-grande-persecuzione\/","og_locale":"it_IT","og_type":"article","og_title":"La grande persecuzione - Rassegna Stampa Cattolica","og_description":"Rassegna Stampa Cattolica - Per una cultura che nasce dalla Rivelazione cristiana in conformit\u00e0 alla tradizione e al Magistero della Chiesa in opposizione ad ogni relativismo e totalitarismo","og_url":"https:\/\/www.rassegnastampa-totustuus.it\/cattolica\/la-grande-persecuzione\/","og_site_name":"Rassegna Stampa Cattolica","article_publisher":"https:\/\/www.facebook.com\/rassegnastampacattolica","article_published_time":"2017-10-11T22:00:04+00:00","article_modified_time":"2022-08-04T09:36:23+00:00","og_image":[{"width":259,"height":194,"url":"https:\/\/www.rassegnastampa-totustuus.it\/cattolica\/wp-content\/uploads\/2017\/10\/persecuzioni.jpg","type":"image\/jpeg"}],"author":"Redazione","twitter_card":"summary_large_image","twitter_creator":"@rassegnastampa9","twitter_site":"@rassegnastampa9","twitter_misc":{"Scritto da":"Redazione","Tempo di lettura stimato":"31 minuti"},"schema":{"@context":"https:\/\/schema.org","@graph":[{"@type":"Article","@id":"https:\/\/www.rassegnastampa-totustuus.it\/cattolica\/la-grande-persecuzione\/#article","isPartOf":{"@id":"https:\/\/www.rassegnastampa-totustuus.it\/cattolica\/la-grande-persecuzione\/"},"author":{"name":"Redazione","@id":"https:\/\/www.rassegnastampa-totustuus.it\/cattolica\/#\/schema\/person\/08f319d2bd1a0904ad9e2bfb7b15e5c3"},"headline":"La grande persecuzione","datePublished":"2017-10-11T22:00:04+00:00","dateModified":"2022-08-04T09:36:23+00:00","mainEntityOfPage":{"@id":"https:\/\/www.rassegnastampa-totustuus.it\/cattolica\/la-grande-persecuzione\/"},"wordCount":6190,"publisher":{"@id":"https:\/\/www.rassegnastampa-totustuus.it\/cattolica\/#organization"},"image":{"@id":"https:\/\/www.rassegnastampa-totustuus.it\/cattolica\/la-grande-persecuzione\/#primaryimage"},"thumbnailUrl":"https:\/\/www.rassegnastampa-totustuus.it\/cattolica\/wp-content\/uploads\/2017\/10\/persecuzioni.jpg","keywords":["persecuzioni"],"articleSection":["Chiesa","Cristiani perseguitati"],"inLanguage":"it-IT"},{"@type":"WebPage","@id":"https:\/\/www.rassegnastampa-totustuus.it\/cattolica\/la-grande-persecuzione\/","url":"https:\/\/www.rassegnastampa-totustuus.it\/cattolica\/la-grande-persecuzione\/","name":"La grande persecuzione - Rassegna Stampa Cattolica","isPartOf":{"@id":"https:\/\/www.rassegnastampa-totustuus.it\/cattolica\/#website"},"primaryImageOfPage":{"@id":"https:\/\/www.rassegnastampa-totustuus.it\/cattolica\/la-grande-persecuzione\/#primaryimage"},"image":{"@id":"https:\/\/www.rassegnastampa-totustuus.it\/cattolica\/la-grande-persecuzione\/#primaryimage"},"thumbnailUrl":"https:\/\/www.rassegnastampa-totustuus.it\/cattolica\/wp-content\/uploads\/2017\/10\/persecuzioni.jpg","datePublished":"2017-10-11T22:00:04+00:00","dateModified":"2022-08-04T09:36:23+00:00","description":"Rassegna Stampa Cattolica - Per una cultura che nasce dalla Rivelazione cristiana in conformit\u00e0 alla tradizione e al Magistero della Chiesa in opposizione ad ogni relativismo e totalitarismo","breadcrumb":{"@id":"https:\/\/www.rassegnastampa-totustuus.it\/cattolica\/la-grande-persecuzione\/#breadcrumb"},"inLanguage":"it-IT","potentialAction":[{"@type":"ReadAction","target":["https:\/\/www.rassegnastampa-totustuus.it\/cattolica\/la-grande-persecuzione\/"]}]},{"@type":"ImageObject","inLanguage":"it-IT","@id":"https:\/\/www.rassegnastampa-totustuus.it\/cattolica\/la-grande-persecuzione\/#primaryimage","url":"https:\/\/www.rassegnastampa-totustuus.it\/cattolica\/wp-content\/uploads\/2017\/10\/persecuzioni.jpg","contentUrl":"https:\/\/www.rassegnastampa-totustuus.it\/cattolica\/wp-content\/uploads\/2017\/10\/persecuzioni.jpg","width":259,"height":194},{"@type":"BreadcrumbList","@id":"https:\/\/www.rassegnastampa-totustuus.it\/cattolica\/la-grande-persecuzione\/#breadcrumb","itemListElement":[{"@type":"ListItem","position":1,"name":"Home","item":"https:\/\/www.rassegnastampa-totustuus.it\/cattolica\/"},{"@type":"ListItem","position":2,"name":"La grande persecuzione"}]},{"@type":"WebSite","@id":"https:\/\/www.rassegnastampa-totustuus.it\/cattolica\/#website","url":"https:\/\/www.rassegnastampa-totustuus.it\/cattolica\/","name":"Rassegna Stampa Cattolica","description":"Per una cultura che nasce dalla Rivelazione cristiana in conformit\u00e0 alla tradizione e al Magistero della Chiesa in opposizione ad ogni relativismo e totalitarismo","publisher":{"@id":"https:\/\/www.rassegnastampa-totustuus.it\/cattolica\/#organization"},"alternateName":"Rass. Cattolica","potentialAction":[{"@type":"SearchAction","target":{"@type":"EntryPoint","urlTemplate":"https:\/\/www.rassegnastampa-totustuus.it\/cattolica\/?s={search_term_string}"},"query-input":{"@type":"PropertyValueSpecification","valueRequired":true,"valueName":"search_term_string"}}],"inLanguage":"it-IT"},{"@type":"Organization","@id":"https:\/\/www.rassegnastampa-totustuus.it\/cattolica\/#organization","name":"Rassegna Stampa Cattolica","url":"https:\/\/www.rassegnastampa-totustuus.it\/cattolica\/","logo":{"@type":"ImageObject","inLanguage":"it-IT","@id":"https:\/\/www.rassegnastampa-totustuus.it\/cattolica\/#\/schema\/logo\/image\/","url":"https:\/\/www.rassegnastampa-totustuus.it\/cattolica\/wp-content\/uploads\/2014\/04\/logo-rassegna1.gif","contentUrl":"https:\/\/www.rassegnastampa-totustuus.it\/cattolica\/wp-content\/uploads\/2014\/04\/logo-rassegna1.gif","width":600,"height":163,"caption":"Rassegna Stampa Cattolica"},"image":{"@id":"https:\/\/www.rassegnastampa-totustuus.it\/cattolica\/#\/schema\/logo\/image\/"},"sameAs":["https:\/\/www.facebook.com\/rassegnastampacattolica","https:\/\/x.com\/rassegnastampa9"]},{"@type":"Person","@id":"https:\/\/www.rassegnastampa-totustuus.it\/cattolica\/#\/schema\/person\/08f319d2bd1a0904ad9e2bfb7b15e5c3","name":"Redazione","image":{"@type":"ImageObject","inLanguage":"it-IT","@id":"https:\/\/secure.gravatar.com\/avatar\/2fcdf27c78ea025fbdb44e914cc63c72249ffec9dc8aafd5c82b26240ef3f346?s=96&d=mm&r=g","url":"https:\/\/secure.gravatar.com\/avatar\/2fcdf27c78ea025fbdb44e914cc63c72249ffec9dc8aafd5c82b26240ef3f346?s=96&d=mm&r=g","contentUrl":"https:\/\/secure.gravatar.com\/avatar\/2fcdf27c78ea025fbdb44e914cc63c72249ffec9dc8aafd5c82b26240ef3f346?s=96&d=mm&r=g","caption":"Redazione"},"url":"https:\/\/www.rassegnastampa-totustuus.it\/cattolica\/author\/pietroelle\/"}]}},"_links":{"self":[{"href":"https:\/\/www.rassegnastampa-totustuus.it\/cattolica\/wp-json\/wp\/v2\/posts\/38554","targetHints":{"allow":["GET"]}}],"collection":[{"href":"https:\/\/www.rassegnastampa-totustuus.it\/cattolica\/wp-json\/wp\/v2\/posts"}],"about":[{"href":"https:\/\/www.rassegnastampa-totustuus.it\/cattolica\/wp-json\/wp\/v2\/types\/post"}],"author":[{"embeddable":true,"href":"https:\/\/www.rassegnastampa-totustuus.it\/cattolica\/wp-json\/wp\/v2\/users\/6"}],"replies":[{"embeddable":true,"href":"https:\/\/www.rassegnastampa-totustuus.it\/cattolica\/wp-json\/wp\/v2\/comments?post=38554"}],"version-history":[{"count":2,"href":"https:\/\/www.rassegnastampa-totustuus.it\/cattolica\/wp-json\/wp\/v2\/posts\/38554\/revisions"}],"predecessor-version":[{"id":54559,"href":"https:\/\/www.rassegnastampa-totustuus.it\/cattolica\/wp-json\/wp\/v2\/posts\/38554\/revisions\/54559"}],"wp:featuredmedia":[{"embeddable":true,"href":"https:\/\/www.rassegnastampa-totustuus.it\/cattolica\/wp-json\/wp\/v2\/media\/38555"}],"wp:attachment":[{"href":"https:\/\/www.rassegnastampa-totustuus.it\/cattolica\/wp-json\/wp\/v2\/media?parent=38554"}],"wp:term":[{"taxonomy":"category","embeddable":true,"href":"https:\/\/www.rassegnastampa-totustuus.it\/cattolica\/wp-json\/wp\/v2\/categories?post=38554"},{"taxonomy":"post_tag","embeddable":true,"href":"https:\/\/www.rassegnastampa-totustuus.it\/cattolica\/wp-json\/wp\/v2\/tags?post=38554"}],"curies":[{"name":"wp","href":"https:\/\/api.w.org\/{rel}","templated":true}]}}