{"id":3851,"date":"2010-06-03T09:10:08","date_gmt":"2010-06-03T07:10:08","guid":{"rendered":""},"modified":"2016-04-13T14:49:20","modified_gmt":"2016-04-13T12:49:20","slug":"che-accaduto-a-freedom-flotilla","status":"publish","type":"post","link":"https:\/\/www.rassegnastampa-totustuus.it\/cattolica\/che-accaduto-a-freedom-flotilla\/","title":{"rendered":"Che &egrave; accaduto a Freedom Flotilla"},"content":{"rendered":"<div style=\"text-align: center;\"><strong><img loading=\"lazy\" decoding=\"async\" class=\"alignleft wp-image-32823\" src=\"https:\/\/www.rassegnastampa-totustuus.it\/cattolica\/wp-content\/uploads\/2010\/06\/Fredom_flotilla.jpg\" alt=\"Fredom_flotilla\" width=\"250\" height=\"175\" \/>ragionpolitica.it<\/strong> marted\u00ec 01 giugno 2010<\/div>\n<p style=\"text-align: justify;\"><em>Israele \u00e8 caduta nella trappola mediatica preparata dalla Turchia di Erdogan, che ha allestito la flottiglia &#8220;umanitaria&#8221; rifiutando qualsiasi mediazione con il governo Olmert e cercando deliberatamente il confronto<\/em><\/p>\n<p style=\"text-align: center;\">di <strong>Stefano Magni<\/strong><\/p>\n<p style=\"text-align: center;\">segue:<\/p>\n<p style=\"text-align: center;\"><strong>Tempi<\/strong> (Editoriale) 3 giugno 2010<\/p>\n<p style=\"text-align: center;\"><strong>Il blitz nel Mediterraneo<\/strong><\/p>\n<p style=\"text-align: center;\"><em>Lo scriteriato assalto israeliano non assolve il pacifismo guerrafondaio<\/em><\/p>\n<p><!--more--><\/p>\n<div style=\"text-align: justify;\"><strong>Gli israeliani hanno attaccato di punto in bianco un convoglio di otto navi passeggeri che trasportavano aiuti umanitari per Gaza, uccidendo almeno 9 pacifisti che erano a bordo?<\/strong>La marina israeliana (proprio come la nostra marina e tutte quelle della Nato) non ha regole di ingaggio che permettono l&#8217;uccisione indiscriminata di civili. I soldati israeliani stavano conducendo un&#8217;operazione di polizia, con armi non letali, nel momento in cui sono stati aggrediti. Hanno rischiato il linciaggio e solo in quel momento hanno aperto il fuoco. Si parla dei 9 attivisti uccisi, quasi mai dei 6 militari feriti, di cui due gravemente.<\/div>\n<p style=\"text-align: justify;\"><strong>Le notizie che si susseguono sulla tragedia consumatasi al largo di Gaza parlano di un confronto fra Davide e Golia, <\/strong>dove il giovane armato di fionda \u00e8 questa volta incarnato nelle Ong pacifiste e il gigante nella pi\u00f9 grande potenza militare del Medio Oriente. Quel che non si vede (leggasi: quello di cui si parla molto meno nei media) \u00e8 il braccio di ferro fra Israele e la Turchia. Erdogan ha teso una trappola mediatica a Israele. E il governo di Gerusalemme ci \u00e8 cascato.<\/p>\n<p style=\"text-align: justify;\"><strong>Il convoglio umanitario \u00e8 stato assemblato in Turchia. E&#8217; stato organizzato da associazioni internazionali, fra cui, in prima fila si schierava l&#8217;Ihh, una Ong islamica turca, nel mirino dei precedenti governi laici di Ankara, ma pienamente legittimata da quando alla guida dell&#8217;esecutivo c&#8217;\u00e8 Erdogan.<\/strong> L&#8217;Ihh \u00e8 accusata da Israele di avere legami con Hamas. La sua missione, sbarcare aiuti umanitari direttamente a Gaza, violando il blocco navale israeliano, \u00e8 stata identificata immediatamente da Israele come un atto ostile. Soprattutto perch\u00e9 avviene a poco pi\u00f9 di un anno dal durissimo scontro fra Olmert ed Erdogan sulla guerra a Gaza. La Turchia \u00e8 stata la base dell&#8217;organizzazione di tutta la spedizione. L&#8217;esecutivo israeliano aveva chiesto ad Ankara di non far partire il convoglio, ottenendo solo un secco rifiuto. L&#8217;11 maggio, Erdogan ha espresso pubblicamente il suo sostegno personale alla missione delle Ong, a favore di Gaza. Nel lungo braccio di ferro fra la \u00abFreedom Flotilla\u00bb (questo il nome dato al convoglio umanitario) e il governo di Gerusalemme si sono presentate numerose alternative, ma alla fine gli organizzatori hanno optato solo per la soluzione pi\u00f9 radicale: il forzamento del blocco, cercando esplicitamente lo scontro con Israele.<\/p>\n<p style=\"text-align: justify;\"><strong>La proposta di Israele era: uno sbarco degli aiuti umanitari al porto di Ashdod, poi l&#8217;organizzazione di un convoglio via terra per far affluire tutto il materiale a Gaza. <\/strong>Per dimostrare che non ci sono problemi nell&#8217;invio di beni di prima necessit\u00e0 alla popolazione palestinese, la settimana scorsa gli israeliani avevano fatto transitare oltre 14mila tonnellate di aiuti umanitari attraverso i valichi della Striscia di Gaza, pi\u00f9 del tonnellaggio trasportato dalla \u00abFreedom Flotilla\u00bb. Gli organizzatori, per\u00f2, hanno rifiutato la proposta di una rotta alternativa da Ashdod, dimostrando di non voler avere a che fare con i controlli alla frontiera israeliana. E di non considerare prioritaria la consegna degli aiuti umanitari alla popolazione di Gaza. Anche in questo caso la Turchia ha giocato un ruolo ben preciso: il 24 maggio Ankara ha inviato una missiva al governo israeliano, minacciando rappresaglie se la flotta con la stella di David si fosse opposta al passaggio della \u00abFreedom Flotilla\u00bb.<\/p>\n<p style=\"text-align: justify;\"><strong>Il 27 maggio Noam Shalit, padre del caporale Gilad Shalit, prigioniero di Hamas dal 2006, ha proposto una sua mediazione personale.<\/strong> Ha promesso di intercedere presso il governo a favore di un passaggio del carico umanitario. In cambio chiedeva la consegna a suo figlio di un pacchetto di aiuti e di alcune sue lettere. Gli organizzatori della missione \u00abumanitaria\u00bb hanno per\u00f2 rigettato anche questa proposta di mediazione. Sul forum di Al Manar, quel giorno, era apparso un commento pi\u00f9 che esplicito di un lettore militante: \u00abSono d&#8217;accordo con la decisione di non includere aiuti a Shalit, perch\u00e9 distrarrebbe dallo scopo principale della missione: spezzare l&#8217;assedio di Gaza imposto da Israele, dall&#8217;Ue e dagli Usa\u00bb. Lo scopo era sfondare il blocco, dunque, non tanto portare aiuti a un popolo affamato. La marina israeliana si \u00e8 cos\u00ec trovata con le spalle al muro.<\/p>\n<p style=\"text-align: justify;\"><strong>Il governo israeliano aveva avvertito: non avrebbe permesso il passaggio. Se il convoglio non avesse deviato su Ashdod, gli israeliani sarebbero intervenuti per arrestare gli attivisti. <\/strong>Alle intimazioni dell&#8217;alt, la flottiglia non ha risposto. E la marina ha dovuto mandare dei commando per abbordare la nave di testa, la turca Mavi Marmara. A giudicare dai filmati e dalle testimonianze dei militari, i commando con la Stella di David sono arrivati sulle navi senza attendersi alcuna resistenza, per condurre un&#8217;operazione di polizia. Non erano dotati di proiettili veri, ma di vernice. Contrariamente a quel che si aspettavano, per\u00f2, i primi soldati calatisi dall&#8217;elicottero della marina hanno dovuto affrontare una folla inferocita armata di bastoni e armi da taglio. Un soldato \u00e8 stato gettato fuori bordo.<\/p>\n<p style=\"text-align: justify;\">Un altro \u00e8 svenuto dopo essere stato colpito da un proiettile. C&#8217;\u00e8 chi dice che sia stato sparato da un fucile trafugato agli israeliani nel corso del linciaggio, chi da un&#8217;arma non identificata posseduta da qualche attivista a bordo. Sei militari israeliani sono stati feriti nello scontro, due dei quali versano in gravi condizioni. E&#8217; solo a questo punto che il commando hanno aperto il fuoco. Avrebbero potuto reagire diversamente? Forse s\u00ec, se avessero mantenuto i nervi pi\u00f9 saldi o fossero stati preparati, sin da subito, ad affrontare una folla ostile e non un gruppo di pacifisti pronti ad arrendersi. Fatto sta che, aprendo il fuoco, gli israeliani hanno fatto esattamente quello che si aspettava chi aveva teso loro la trappola mediatica. E forse anche molto di pi\u00f9: nessuno si aspettava i morti.<\/p>\n<p style=\"text-align: justify;\"><strong>A scontro avvenuto, \u00e8 sempre la Turchia di Erdogan la prima a protestare.<\/strong> Su 800 persone a bordo del convoglio, 350 erano cittadini turchi, cos\u00ec come turche sono quasi tutte le vittime. Ankara ha richiamato l&#8217;ambasciatore in Israele per consultazioni, mentre una folla di manifestanti (fra cui spuntavano anche bandiere di Hamas ed Hezbollah) marciava contro le sedi diplomatiche dello Stato ebraico a Istanbul e nella capitale. Per il governo islamico di Erdogan \u00e8 un momento d&#8217;oro. A una settimana dalla conclusione di uno pseudo-accordo sul nucleare iraniano, di cui si \u00e8 fatto promotore, pu\u00f2 ora mettersi alla testa dell&#8217;indignazione anti-israeliana di tutto il mondo musulmano.<\/p>\n<p style=\"text-align: center;\">___________________<\/p>\n<p style=\"text-align: center;\"><strong>Tempi <\/strong>3 giugno 2010 (Editoriale)<\/p>\n<p style=\"text-align: center;\"><strong>Il blitz nel Mediterraneo<\/strong><\/p>\n<p style=\"text-align: center;\"><em>Lo scriteriato assalto israeliano non assolve il pacifismo guerrafondaio<\/em><\/p>\n<p style=\"text-align: justify;\">Quella che nella notte fra il 30 e il 31 maggio nel Mediterraneo orientale si \u00e8 trasformata in un tragico massacro non era una missione umanitaria pacifista. Le otto navi abbordate dagli israeliani a 90 miglia dalla costa non erano l\u00ec per andare in soccorso di civili palestinesi allo stremo per il blocco dei trasporti imposto da Tsahal, ma per attuare una meditata provocazione di militanti politici che avevano per obiettivo di far precipitare la situazione per legittimare la ripresa delle armi da parte di Hamas ed Hezbollah contro Israele.<\/p>\n<p style=\"text-align: justify;\">L\u2019imperizia con cui le forze di sicurezza di Tel Aviv hanno affrontato la crisi e l\u2019uso scriteriato e sproporzionato della forza da parte delle stesse non pu\u00f2 mettere in secondo piano \u2013 come fanno governi e organizzazioni internazionali, a iniziare dall\u2019Onu \u2013 il senso politico dell\u2019accaduto. Il radicalismo islamista aveva bisogno di un pretesto che legittimasse la ripresa della lotta armata, e negli attivisti dell\u2019organizzazione turca Insani Yard\u0131m Vakf\u0131 e del Movimento islamico nei territori palestinesi (arabi israeliani) ha trovato i fiancheggiatori di una provocazione nella quale gli israeliani sono caduti come peggio non avrebbero potuto.<\/p>\n<p style=\"text-align: justify;\">Se a spingere i \u201cpacifisti\u201d fosse stata una genuina preoccupazione per il benessere degli abitanti di Gaza, avrebbero accettato o almeno negoziato l\u2019offerta israeliana: sbarcare gli aiuti nel porto israeliano di Ashdod e verificare il loro trasporto via terra, una volta esaminati, a Gaza. Gli organizzatori della spedizione si sono rifiutati perch\u00e9 il loro obiettivo era costringere Israele ad atti di repressione per lucrare vantaggi politici. Gli attivisti del Free Gaza Movement e della European Campaign to End the Siege of Gaza sono stati gli utili idioti di un\u2019operazione che ha sparso e sparger\u00e0 altro sangue e altra sofferenza fra i popoli del Vicino Oriente. Di fatto hanno spianato la strada a chi vuole far parlare le armi.<\/p>\n","protected":false},"excerpt":{"rendered":"<p>ragionpolitica.it marted\u00ec 01 giugno 2010 Israele \u00e8 caduta nella trappola mediatica preparata dalla Turchia di Erdogan, che ha allestito la flottiglia &#8220;umanitaria&#8221; rifiutando qualsiasi mediazione con il governo Olmert e cercando deliberatamente il confronto di Stefano Magni segue: Tempi (Editoriale) 3 giugno 2010 Il blitz nel Mediterraneo Lo scriteriato assalto israeliano non assolve il pacifismo &hellip; <\/p>\n<p><a class=\"more-link btn\" href=\"https:\/\/www.rassegnastampa-totustuus.it\/cattolica\/che-accaduto-a-freedom-flotilla\/\">Continua a leggere<\/a><\/p>\n","protected":false},"author":6,"featured_media":32823,"comment_status":"closed","ping_status":"open","sticky":false,"template":"","format":"standard","meta":{"footnotes":""},"categories":[75,108],"tags":[732,535],"class_list":["post-3851","post","type-post","status-publish","format-standard","has-post-thumbnail","hentry","category-israele","category-paesi-e-continenti","tag-hamas","tag-turchia","item-wrap"],"yoast_head":"<!-- This site is optimized with the Yoast SEO plugin v27.5 - https:\/\/yoast.com\/product\/yoast-seo-wordpress\/ -->\n<title>Che &egrave; accaduto a Freedom Flotilla - Rassegna Stampa Cattolica<\/title>\n<meta name=\"description\" content=\"Rassegna Stampa Cattolica - Per una cultura che nasce dalla Rivelazione cristiana in conformit\u00e0 alla tradizione e al Magistero della Chiesa in opposizione ad ogni relativismo e totalitarismo\" \/>\n<meta name=\"robots\" content=\"index, follow, max-snippet:-1, max-image-preview:large, max-video-preview:-1\" \/>\n<link rel=\"canonical\" href=\"https:\/\/www.rassegnastampa-totustuus.it\/cattolica\/che-accaduto-a-freedom-flotilla\/\" \/>\n<meta property=\"og:locale\" content=\"it_IT\" \/>\n<meta property=\"og:type\" content=\"article\" \/>\n<meta property=\"og:title\" content=\"Che &egrave; accaduto a Freedom Flotilla - Rassegna Stampa Cattolica\" \/>\n<meta property=\"og:description\" content=\"Rassegna Stampa Cattolica - Per una cultura che nasce dalla Rivelazione cristiana in conformit\u00e0 alla tradizione e al Magistero della Chiesa in opposizione ad ogni relativismo e totalitarismo\" \/>\n<meta property=\"og:url\" content=\"https:\/\/www.rassegnastampa-totustuus.it\/cattolica\/che-accaduto-a-freedom-flotilla\/\" \/>\n<meta property=\"og:site_name\" content=\"Rassegna Stampa Cattolica\" \/>\n<meta property=\"article:publisher\" content=\"https:\/\/www.facebook.com\/rassegnastampacattolica\" \/>\n<meta property=\"article:published_time\" content=\"2010-06-03T07:10:08+00:00\" \/>\n<meta property=\"article:modified_time\" content=\"2016-04-13T12:49:20+00:00\" \/>\n<meta property=\"og:image\" content=\"https:\/\/www.rassegnastampa-totustuus.it\/cattolica\/wp-content\/uploads\/2010\/06\/Fredom_flotilla.jpg\" \/>\n\t<meta property=\"og:image:width\" content=\"268\" \/>\n\t<meta property=\"og:image:height\" content=\"188\" \/>\n\t<meta property=\"og:image:type\" content=\"image\/jpeg\" \/>\n<meta name=\"author\" content=\"Redazione\" \/>\n<meta name=\"twitter:card\" content=\"summary_large_image\" \/>\n<meta name=\"twitter:creator\" content=\"@rassegnastampa9\" \/>\n<meta name=\"twitter:site\" content=\"@rassegnastampa9\" \/>\n<meta name=\"twitter:label1\" content=\"Scritto da\" \/>\n\t<meta name=\"twitter:data1\" content=\"Redazione\" \/>\n\t<meta name=\"twitter:label2\" content=\"Tempo di lettura stimato\" \/>\n\t<meta name=\"twitter:data2\" content=\"7 minuti\" \/>\n<script type=\"application\/ld+json\" class=\"yoast-schema-graph\">{\"@context\":\"https:\\\/\\\/schema.org\",\"@graph\":[{\"@type\":\"Article\",\"@id\":\"https:\\\/\\\/www.rassegnastampa-totustuus.it\\\/cattolica\\\/che-accaduto-a-freedom-flotilla\\\/#article\",\"isPartOf\":{\"@id\":\"https:\\\/\\\/www.rassegnastampa-totustuus.it\\\/cattolica\\\/che-accaduto-a-freedom-flotilla\\\/\"},\"author\":{\"name\":\"Redazione\",\"@id\":\"https:\\\/\\\/www.rassegnastampa-totustuus.it\\\/cattolica\\\/#\\\/schema\\\/person\\\/08f319d2bd1a0904ad9e2bfb7b15e5c3\"},\"headline\":\"Che &egrave; accaduto a Freedom Flotilla\",\"datePublished\":\"2010-06-03T07:10:08+00:00\",\"dateModified\":\"2016-04-13T12:49:20+00:00\",\"mainEntityOfPage\":{\"@id\":\"https:\\\/\\\/www.rassegnastampa-totustuus.it\\\/cattolica\\\/che-accaduto-a-freedom-flotilla\\\/\"},\"wordCount\":1415,\"publisher\":{\"@id\":\"https:\\\/\\\/www.rassegnastampa-totustuus.it\\\/cattolica\\\/#organization\"},\"image\":{\"@id\":\"https:\\\/\\\/www.rassegnastampa-totustuus.it\\\/cattolica\\\/che-accaduto-a-freedom-flotilla\\\/#primaryimage\"},\"thumbnailUrl\":\"https:\\\/\\\/www.rassegnastampa-totustuus.it\\\/cattolica\\\/wp-content\\\/uploads\\\/2010\\\/06\\\/Fredom_flotilla.jpg\",\"keywords\":[\"hamas\",\"Turchia\"],\"articleSection\":[\"Israele\",\"Paesi e continenti\"],\"inLanguage\":\"it-IT\"},{\"@type\":\"WebPage\",\"@id\":\"https:\\\/\\\/www.rassegnastampa-totustuus.it\\\/cattolica\\\/che-accaduto-a-freedom-flotilla\\\/\",\"url\":\"https:\\\/\\\/www.rassegnastampa-totustuus.it\\\/cattolica\\\/che-accaduto-a-freedom-flotilla\\\/\",\"name\":\"Che &egrave; accaduto a Freedom Flotilla - Rassegna Stampa Cattolica\",\"isPartOf\":{\"@id\":\"https:\\\/\\\/www.rassegnastampa-totustuus.it\\\/cattolica\\\/#website\"},\"primaryImageOfPage\":{\"@id\":\"https:\\\/\\\/www.rassegnastampa-totustuus.it\\\/cattolica\\\/che-accaduto-a-freedom-flotilla\\\/#primaryimage\"},\"image\":{\"@id\":\"https:\\\/\\\/www.rassegnastampa-totustuus.it\\\/cattolica\\\/che-accaduto-a-freedom-flotilla\\\/#primaryimage\"},\"thumbnailUrl\":\"https:\\\/\\\/www.rassegnastampa-totustuus.it\\\/cattolica\\\/wp-content\\\/uploads\\\/2010\\\/06\\\/Fredom_flotilla.jpg\",\"datePublished\":\"2010-06-03T07:10:08+00:00\",\"dateModified\":\"2016-04-13T12:49:20+00:00\",\"description\":\"Rassegna Stampa Cattolica - Per una cultura che nasce dalla Rivelazione cristiana in conformit\u00e0 alla tradizione e al Magistero della Chiesa in opposizione ad ogni relativismo e totalitarismo\",\"breadcrumb\":{\"@id\":\"https:\\\/\\\/www.rassegnastampa-totustuus.it\\\/cattolica\\\/che-accaduto-a-freedom-flotilla\\\/#breadcrumb\"},\"inLanguage\":\"it-IT\",\"potentialAction\":[{\"@type\":\"ReadAction\",\"target\":[\"https:\\\/\\\/www.rassegnastampa-totustuus.it\\\/cattolica\\\/che-accaduto-a-freedom-flotilla\\\/\"]}]},{\"@type\":\"ImageObject\",\"inLanguage\":\"it-IT\",\"@id\":\"https:\\\/\\\/www.rassegnastampa-totustuus.it\\\/cattolica\\\/che-accaduto-a-freedom-flotilla\\\/#primaryimage\",\"url\":\"https:\\\/\\\/www.rassegnastampa-totustuus.it\\\/cattolica\\\/wp-content\\\/uploads\\\/2010\\\/06\\\/Fredom_flotilla.jpg\",\"contentUrl\":\"https:\\\/\\\/www.rassegnastampa-totustuus.it\\\/cattolica\\\/wp-content\\\/uploads\\\/2010\\\/06\\\/Fredom_flotilla.jpg\",\"width\":268,\"height\":188},{\"@type\":\"BreadcrumbList\",\"@id\":\"https:\\\/\\\/www.rassegnastampa-totustuus.it\\\/cattolica\\\/che-accaduto-a-freedom-flotilla\\\/#breadcrumb\",\"itemListElement\":[{\"@type\":\"ListItem\",\"position\":1,\"name\":\"Home\",\"item\":\"https:\\\/\\\/www.rassegnastampa-totustuus.it\\\/cattolica\\\/\"},{\"@type\":\"ListItem\",\"position\":2,\"name\":\"Che &egrave; accaduto a Freedom Flotilla\"}]},{\"@type\":\"WebSite\",\"@id\":\"https:\\\/\\\/www.rassegnastampa-totustuus.it\\\/cattolica\\\/#website\",\"url\":\"https:\\\/\\\/www.rassegnastampa-totustuus.it\\\/cattolica\\\/\",\"name\":\"Rassegna Stampa Cattolica\",\"description\":\"Per una cultura che nasce dalla Rivelazione cristiana in conformit\u00e0 alla tradizione e al Magistero della Chiesa in opposizione ad ogni relativismo e totalitarismo\",\"publisher\":{\"@id\":\"https:\\\/\\\/www.rassegnastampa-totustuus.it\\\/cattolica\\\/#organization\"},\"alternateName\":\"Rass. Cattolica\",\"potentialAction\":[{\"@type\":\"SearchAction\",\"target\":{\"@type\":\"EntryPoint\",\"urlTemplate\":\"https:\\\/\\\/www.rassegnastampa-totustuus.it\\\/cattolica\\\/?s={search_term_string}\"},\"query-input\":{\"@type\":\"PropertyValueSpecification\",\"valueRequired\":true,\"valueName\":\"search_term_string\"}}],\"inLanguage\":\"it-IT\"},{\"@type\":\"Organization\",\"@id\":\"https:\\\/\\\/www.rassegnastampa-totustuus.it\\\/cattolica\\\/#organization\",\"name\":\"Rassegna Stampa Cattolica\",\"url\":\"https:\\\/\\\/www.rassegnastampa-totustuus.it\\\/cattolica\\\/\",\"logo\":{\"@type\":\"ImageObject\",\"inLanguage\":\"it-IT\",\"@id\":\"https:\\\/\\\/www.rassegnastampa-totustuus.it\\\/cattolica\\\/#\\\/schema\\\/logo\\\/image\\\/\",\"url\":\"https:\\\/\\\/www.rassegnastampa-totustuus.it\\\/cattolica\\\/wp-content\\\/uploads\\\/2014\\\/04\\\/logo-rassegna1.gif\",\"contentUrl\":\"https:\\\/\\\/www.rassegnastampa-totustuus.it\\\/cattolica\\\/wp-content\\\/uploads\\\/2014\\\/04\\\/logo-rassegna1.gif\",\"width\":600,\"height\":163,\"caption\":\"Rassegna Stampa Cattolica\"},\"image\":{\"@id\":\"https:\\\/\\\/www.rassegnastampa-totustuus.it\\\/cattolica\\\/#\\\/schema\\\/logo\\\/image\\\/\"},\"sameAs\":[\"https:\\\/\\\/www.facebook.com\\\/rassegnastampacattolica\",\"https:\\\/\\\/x.com\\\/rassegnastampa9\"]},{\"@type\":\"Person\",\"@id\":\"https:\\\/\\\/www.rassegnastampa-totustuus.it\\\/cattolica\\\/#\\\/schema\\\/person\\\/08f319d2bd1a0904ad9e2bfb7b15e5c3\",\"name\":\"Redazione\",\"image\":{\"@type\":\"ImageObject\",\"inLanguage\":\"it-IT\",\"@id\":\"https:\\\/\\\/secure.gravatar.com\\\/avatar\\\/2fcdf27c78ea025fbdb44e914cc63c72249ffec9dc8aafd5c82b26240ef3f346?s=96&d=mm&r=g\",\"url\":\"https:\\\/\\\/secure.gravatar.com\\\/avatar\\\/2fcdf27c78ea025fbdb44e914cc63c72249ffec9dc8aafd5c82b26240ef3f346?s=96&d=mm&r=g\",\"contentUrl\":\"https:\\\/\\\/secure.gravatar.com\\\/avatar\\\/2fcdf27c78ea025fbdb44e914cc63c72249ffec9dc8aafd5c82b26240ef3f346?s=96&d=mm&r=g\",\"caption\":\"Redazione\"},\"url\":\"https:\\\/\\\/www.rassegnastampa-totustuus.it\\\/cattolica\\\/author\\\/pietroelle\\\/\"}]}<\/script>\n<!-- \/ Yoast SEO plugin. -->","yoast_head_json":{"title":"Che &egrave; accaduto a Freedom Flotilla - Rassegna Stampa Cattolica","description":"Rassegna Stampa Cattolica - Per una cultura che nasce dalla Rivelazione cristiana in conformit\u00e0 alla tradizione e al Magistero della Chiesa in opposizione ad ogni relativismo e totalitarismo","robots":{"index":"index","follow":"follow","max-snippet":"max-snippet:-1","max-image-preview":"max-image-preview:large","max-video-preview":"max-video-preview:-1"},"canonical":"https:\/\/www.rassegnastampa-totustuus.it\/cattolica\/che-accaduto-a-freedom-flotilla\/","og_locale":"it_IT","og_type":"article","og_title":"Che &egrave; accaduto a Freedom Flotilla - Rassegna Stampa Cattolica","og_description":"Rassegna Stampa Cattolica - Per una cultura che nasce dalla Rivelazione cristiana in conformit\u00e0 alla tradizione e al Magistero della Chiesa in opposizione ad ogni relativismo e totalitarismo","og_url":"https:\/\/www.rassegnastampa-totustuus.it\/cattolica\/che-accaduto-a-freedom-flotilla\/","og_site_name":"Rassegna Stampa Cattolica","article_publisher":"https:\/\/www.facebook.com\/rassegnastampacattolica","article_published_time":"2010-06-03T07:10:08+00:00","article_modified_time":"2016-04-13T12:49:20+00:00","og_image":[{"width":268,"height":188,"url":"https:\/\/www.rassegnastampa-totustuus.it\/cattolica\/wp-content\/uploads\/2010\/06\/Fredom_flotilla.jpg","type":"image\/jpeg"}],"author":"Redazione","twitter_card":"summary_large_image","twitter_creator":"@rassegnastampa9","twitter_site":"@rassegnastampa9","twitter_misc":{"Scritto da":"Redazione","Tempo di lettura stimato":"7 minuti"},"schema":{"@context":"https:\/\/schema.org","@graph":[{"@type":"Article","@id":"https:\/\/www.rassegnastampa-totustuus.it\/cattolica\/che-accaduto-a-freedom-flotilla\/#article","isPartOf":{"@id":"https:\/\/www.rassegnastampa-totustuus.it\/cattolica\/che-accaduto-a-freedom-flotilla\/"},"author":{"name":"Redazione","@id":"https:\/\/www.rassegnastampa-totustuus.it\/cattolica\/#\/schema\/person\/08f319d2bd1a0904ad9e2bfb7b15e5c3"},"headline":"Che &egrave; accaduto a Freedom Flotilla","datePublished":"2010-06-03T07:10:08+00:00","dateModified":"2016-04-13T12:49:20+00:00","mainEntityOfPage":{"@id":"https:\/\/www.rassegnastampa-totustuus.it\/cattolica\/che-accaduto-a-freedom-flotilla\/"},"wordCount":1415,"publisher":{"@id":"https:\/\/www.rassegnastampa-totustuus.it\/cattolica\/#organization"},"image":{"@id":"https:\/\/www.rassegnastampa-totustuus.it\/cattolica\/che-accaduto-a-freedom-flotilla\/#primaryimage"},"thumbnailUrl":"https:\/\/www.rassegnastampa-totustuus.it\/cattolica\/wp-content\/uploads\/2010\/06\/Fredom_flotilla.jpg","keywords":["hamas","Turchia"],"articleSection":["Israele","Paesi e continenti"],"inLanguage":"it-IT"},{"@type":"WebPage","@id":"https:\/\/www.rassegnastampa-totustuus.it\/cattolica\/che-accaduto-a-freedom-flotilla\/","url":"https:\/\/www.rassegnastampa-totustuus.it\/cattolica\/che-accaduto-a-freedom-flotilla\/","name":"Che &egrave; accaduto a Freedom Flotilla - Rassegna Stampa Cattolica","isPartOf":{"@id":"https:\/\/www.rassegnastampa-totustuus.it\/cattolica\/#website"},"primaryImageOfPage":{"@id":"https:\/\/www.rassegnastampa-totustuus.it\/cattolica\/che-accaduto-a-freedom-flotilla\/#primaryimage"},"image":{"@id":"https:\/\/www.rassegnastampa-totustuus.it\/cattolica\/che-accaduto-a-freedom-flotilla\/#primaryimage"},"thumbnailUrl":"https:\/\/www.rassegnastampa-totustuus.it\/cattolica\/wp-content\/uploads\/2010\/06\/Fredom_flotilla.jpg","datePublished":"2010-06-03T07:10:08+00:00","dateModified":"2016-04-13T12:49:20+00:00","description":"Rassegna Stampa Cattolica - Per una cultura che nasce dalla Rivelazione cristiana in conformit\u00e0 alla tradizione e al Magistero della Chiesa in opposizione ad ogni relativismo e totalitarismo","breadcrumb":{"@id":"https:\/\/www.rassegnastampa-totustuus.it\/cattolica\/che-accaduto-a-freedom-flotilla\/#breadcrumb"},"inLanguage":"it-IT","potentialAction":[{"@type":"ReadAction","target":["https:\/\/www.rassegnastampa-totustuus.it\/cattolica\/che-accaduto-a-freedom-flotilla\/"]}]},{"@type":"ImageObject","inLanguage":"it-IT","@id":"https:\/\/www.rassegnastampa-totustuus.it\/cattolica\/che-accaduto-a-freedom-flotilla\/#primaryimage","url":"https:\/\/www.rassegnastampa-totustuus.it\/cattolica\/wp-content\/uploads\/2010\/06\/Fredom_flotilla.jpg","contentUrl":"https:\/\/www.rassegnastampa-totustuus.it\/cattolica\/wp-content\/uploads\/2010\/06\/Fredom_flotilla.jpg","width":268,"height":188},{"@type":"BreadcrumbList","@id":"https:\/\/www.rassegnastampa-totustuus.it\/cattolica\/che-accaduto-a-freedom-flotilla\/#breadcrumb","itemListElement":[{"@type":"ListItem","position":1,"name":"Home","item":"https:\/\/www.rassegnastampa-totustuus.it\/cattolica\/"},{"@type":"ListItem","position":2,"name":"Che &egrave; accaduto a Freedom Flotilla"}]},{"@type":"WebSite","@id":"https:\/\/www.rassegnastampa-totustuus.it\/cattolica\/#website","url":"https:\/\/www.rassegnastampa-totustuus.it\/cattolica\/","name":"Rassegna Stampa Cattolica","description":"Per una cultura che nasce dalla Rivelazione cristiana in conformit\u00e0 alla tradizione e al Magistero della Chiesa in opposizione ad ogni relativismo e totalitarismo","publisher":{"@id":"https:\/\/www.rassegnastampa-totustuus.it\/cattolica\/#organization"},"alternateName":"Rass. Cattolica","potentialAction":[{"@type":"SearchAction","target":{"@type":"EntryPoint","urlTemplate":"https:\/\/www.rassegnastampa-totustuus.it\/cattolica\/?s={search_term_string}"},"query-input":{"@type":"PropertyValueSpecification","valueRequired":true,"valueName":"search_term_string"}}],"inLanguage":"it-IT"},{"@type":"Organization","@id":"https:\/\/www.rassegnastampa-totustuus.it\/cattolica\/#organization","name":"Rassegna Stampa Cattolica","url":"https:\/\/www.rassegnastampa-totustuus.it\/cattolica\/","logo":{"@type":"ImageObject","inLanguage":"it-IT","@id":"https:\/\/www.rassegnastampa-totustuus.it\/cattolica\/#\/schema\/logo\/image\/","url":"https:\/\/www.rassegnastampa-totustuus.it\/cattolica\/wp-content\/uploads\/2014\/04\/logo-rassegna1.gif","contentUrl":"https:\/\/www.rassegnastampa-totustuus.it\/cattolica\/wp-content\/uploads\/2014\/04\/logo-rassegna1.gif","width":600,"height":163,"caption":"Rassegna Stampa Cattolica"},"image":{"@id":"https:\/\/www.rassegnastampa-totustuus.it\/cattolica\/#\/schema\/logo\/image\/"},"sameAs":["https:\/\/www.facebook.com\/rassegnastampacattolica","https:\/\/x.com\/rassegnastampa9"]},{"@type":"Person","@id":"https:\/\/www.rassegnastampa-totustuus.it\/cattolica\/#\/schema\/person\/08f319d2bd1a0904ad9e2bfb7b15e5c3","name":"Redazione","image":{"@type":"ImageObject","inLanguage":"it-IT","@id":"https:\/\/secure.gravatar.com\/avatar\/2fcdf27c78ea025fbdb44e914cc63c72249ffec9dc8aafd5c82b26240ef3f346?s=96&d=mm&r=g","url":"https:\/\/secure.gravatar.com\/avatar\/2fcdf27c78ea025fbdb44e914cc63c72249ffec9dc8aafd5c82b26240ef3f346?s=96&d=mm&r=g","contentUrl":"https:\/\/secure.gravatar.com\/avatar\/2fcdf27c78ea025fbdb44e914cc63c72249ffec9dc8aafd5c82b26240ef3f346?s=96&d=mm&r=g","caption":"Redazione"},"url":"https:\/\/www.rassegnastampa-totustuus.it\/cattolica\/author\/pietroelle\/"}]}},"_links":{"self":[{"href":"https:\/\/www.rassegnastampa-totustuus.it\/cattolica\/wp-json\/wp\/v2\/posts\/3851","targetHints":{"allow":["GET"]}}],"collection":[{"href":"https:\/\/www.rassegnastampa-totustuus.it\/cattolica\/wp-json\/wp\/v2\/posts"}],"about":[{"href":"https:\/\/www.rassegnastampa-totustuus.it\/cattolica\/wp-json\/wp\/v2\/types\/post"}],"author":[{"embeddable":true,"href":"https:\/\/www.rassegnastampa-totustuus.it\/cattolica\/wp-json\/wp\/v2\/users\/6"}],"replies":[{"embeddable":true,"href":"https:\/\/www.rassegnastampa-totustuus.it\/cattolica\/wp-json\/wp\/v2\/comments?post=3851"}],"version-history":[{"count":4,"href":"https:\/\/www.rassegnastampa-totustuus.it\/cattolica\/wp-json\/wp\/v2\/posts\/3851\/revisions"}],"predecessor-version":[{"id":32824,"href":"https:\/\/www.rassegnastampa-totustuus.it\/cattolica\/wp-json\/wp\/v2\/posts\/3851\/revisions\/32824"}],"wp:featuredmedia":[{"embeddable":true,"href":"https:\/\/www.rassegnastampa-totustuus.it\/cattolica\/wp-json\/wp\/v2\/media\/32823"}],"wp:attachment":[{"href":"https:\/\/www.rassegnastampa-totustuus.it\/cattolica\/wp-json\/wp\/v2\/media?parent=3851"}],"wp:term":[{"taxonomy":"category","embeddable":true,"href":"https:\/\/www.rassegnastampa-totustuus.it\/cattolica\/wp-json\/wp\/v2\/categories?post=3851"},{"taxonomy":"post_tag","embeddable":true,"href":"https:\/\/www.rassegnastampa-totustuus.it\/cattolica\/wp-json\/wp\/v2\/tags?post=3851"}],"curies":[{"name":"wp","href":"https:\/\/api.w.org\/{rel}","templated":true}]}}