{"id":3848,"date":"2010-06-03T00:00:00","date_gmt":"2010-06-02T22:00:00","guid":{"rendered":""},"modified":"2016-03-01T11:35:40","modified_gmt":"2016-03-01T10:35:40","slug":"anche-voi-siete-cristiani-vero","status":"publish","type":"post","link":"https:\/\/www.rassegnastampa-totustuus.it\/cattolica\/anche-voi-siete-cristiani-vero\/","title":{"rendered":"Anche voi siete cristiani, vero?"},"content":{"rendered":"<div style=\"text-align: center;\"><strong><img loading=\"lazy\" decoding=\"async\" class=\"alignright wp-image-31184\" src=\"https:\/\/www.rassegnastampa-totustuus.it\/cattolica\/wp-content\/uploads\/2010\/06\/maroniti.jpg\" alt=\"maroniti\" width=\"250\" height=\"166\" \/>Tempi <\/strong>18 maggio 2010<\/div>\n<p style=\"text-align: justify;\"><em>Nascondere la fede come ai tempi delle catacombe. A colazione da una donna maronita in una citt\u00e0 musulmana. \u00abAvete il crocifisso, a voi lo posso dire\u00bb<br \/>\n<\/em><\/p>\n<p style=\"text-align: center;\">di <strong>Maurizio Zottarelli<\/strong><\/p>\n<p><!--more--><\/p>\n<div style=\"text-align: justify;\">L\u2019avevamo vista la sera prima. A cena, a gruppi rigorosamente separati: noi uomini in cortile, seduti su un tappeto coperto di frutta, fresca e secca; le donne, sotto un portico di cemento armato, mezzo costruito e mezzo diroccato, come quasi tutto a Tripoli di Libano. La serata era scivolata lenta nell\u2019oscurit\u00e0 come le chiacchiere incomprensibili e qualche domanda tradotta dall\u2019unico che parlava italiano o dai pochissimi che conoscevano altre lingue oltre all\u2019arabo.<\/div>\n<p style=\"text-align: justify;\">Al mattino, io e il mio compagno di viaggio ci eravamo svegliati tra le pareti scrostate e coperte di gechi di una stanza senza vetri alle finestre dalle quali si affacciavano i volti di bambini intenti a osservare il sonno dello straniero. Eravamo usciti nel cortile, abbagliante di sole e di polvere, e i ragazzini erano fuggiti nei canneti che ci circondavano. Tutta la collina che scendeva verso Tripoli biancheggiava degli scheletri di case in costruzione e mai terminate, ossa spolpate di realt\u00e0 incompiute che si contrapponevano al corpaccione del castello crociato abbandonato dalla storia in riva al mare di una citt\u00e0 musulmana al 99 per cento, rosso delle pietre strenuamente attaccate alle spalle dei suoi bastioni.<\/p>\n<p style=\"text-align: justify;\">Il cortile era deserto e ci aggiravamo in cerca, se non di qualcuno, almeno di una traccia. Lei era ancora sotto al portico. Seduta a un tavolino, questa volta. Giovane, bionda, senza velo. Come a un bar di Cannes. Ci fece segno di avvicinarci. Ce ne guardammo bene. Impossibile sapere che cosa sarebbe potuto accadere se ci avessero trovato, due uomini occidentali, a parlare da soli con lei.<\/p>\n<p style=\"text-align: justify;\">Facemmo finta di non averla notata. Insistette. Ai gesti un\u00ec anche la voce. Io e il mio amico ci guardammo. Nonostante l\u2019imbarazzo, resistemmo. Ci voltammo ancora a guardare in giro. Nessuno. Ce lo ribad\u00ec anche lei. A gran voce, in inglese. Non ci muovemmo ancora. \u00abVenite, facciamo colazione\u00bb. Parlava in francese oltre che in inglese.<\/p>\n<p style=\"text-align: justify;\">Si alz\u00f2 e rientr\u00f2 in casa. Torn\u00f2 con succo di frutta, caff\u00e8, frutta e dolci. Ci chiam\u00f2 ancora. Il mio amico fu il primo a muoversi, credo per la fame. Ci presentammo e ci sedemmo al tavolino di fronte alla donna. Poteva avere tra i venticinque e i trent\u2019anni. Ci guardava il collo.<\/p>\n<p style=\"text-align: justify;\">\u00abVoi siete cristiani\u00bb.<\/p>\n<p style=\"text-align: justify;\">Abbassai lo sguardo sul crocifisso che pendeva dalla mia collana d\u2019oro. Annuii.<\/p>\n<p style=\"text-align: justify;\">\u00abAnch\u2019io lo sono: maronita\u00bb.<\/p>\n<p style=\"text-align: justify;\">Annuimmo. Pi\u00f9 che altro per timore di dire qualcosa di sbagliato. Ci disse che veniva da un sobborgo cristiano di Beirut. Era la moglie del cugino dell\u2019uomo che ci aveva portato l\u00ec. Ma soprattutto ci disse che non era musulmana. Si era sposata con rito musulmano, ma lei non lo era. Questo ci teneva che fosse chiaro.<\/p>\n<p style=\"text-align: justify;\">\u00abI miei non volevano che lo sposassi. Ma ero innamorata\u00bb. Allarg\u00f2 le braccia con un sorriso melanconico. Noi attaccammo a mangiare. Giusto per cogliere l\u2019occasione, casomai poi fosse arrivato qualcuno. \u00abA voi per\u00f2 lo posso dire. Perch\u00e9 voi siete cristiani come me\u00bb. Si ferm\u00f2 come se aspettasse una conferma.<\/p>\n<p style=\"text-align: justify;\">Noi annuimmo con la bocca piena. \u00abAnche i miei figli sono cristiani. Li ho fatti battezzare. Di nascosto\u00bb. Deglutimmo. Ci disse di non dirlo a nessuno. Neanche all\u2019uomo che ci aveva portato l\u00ec. Annuimmo. \u00abSe lo sa mio marito, mi ammazza. Ma io, tutte le sere, quando li metto a letto, prego Ges\u00f9 con i miei bambini. Ho insegnato loro il Padre Nostro e l\u2019Ave Maria. E anche il segno della croce\u00bb.<\/p>\n<p style=\"text-align: justify;\">Indic\u00f2 di nuovo il crocifisso che portavo al collo. Abbassai gli occhi per guardarlo. Lei fece segno di s\u00ec sorridendo. Era sicura ora. Per quel segno davanti a lei, che lei non poteva portare ma che per lei significava tutto. E per il quale ci stava affidando tutto ci\u00f2 che di pi\u00f9 caro aveva. I suoi figli. La sua stessa vita.<\/p>\n<p style=\"text-align: justify;\">\u00abIn Italia avete il Papa. L\u00ec siete tutti cristiani, vero?\u00bb.<\/p>\n<p style=\"text-align: justify;\">Annuimmo. Senza esitare.<\/p>\n","protected":false},"excerpt":{"rendered":"<p>Tempi 18 maggio 2010 Nascondere la fede come ai tempi delle catacombe. A colazione da una donna maronita in una citt\u00e0 musulmana. \u00abAvete il crocifisso, a voi lo posso dire\u00bb di Maurizio Zottarelli<\/p><p><a class=\"more-link btn\" href=\"https:\/\/www.rassegnastampa-totustuus.it\/cattolica\/anche-voi-siete-cristiani-vero\/\">Continua a leggere<\/a><\/p>\n","protected":false},"author":6,"featured_media":31184,"comment_status":"closed","ping_status":"open","sticky":false,"template":"","format":"standard","meta":{"footnotes":""},"categories":[33],"tags":[380],"class_list":["post-3848","post","type-post","status-publish","format-standard","has-post-thumbnail","hentry","category-cristiani-nell-islam","tag-cristiani-nellislam","item-wrap"],"yoast_head":"<!-- This site is optimized with the Yoast SEO plugin v27.5 - https:\/\/yoast.com\/product\/yoast-seo-wordpress\/ -->\n<title>Anche voi siete cristiani, vero? - Rassegna Stampa Cattolica<\/title>\n<meta name=\"description\" content=\"Rassegna Stampa Cattolica - Per una cultura che nasce dalla Rivelazione cristiana in conformit\u00e0 alla tradizione e al Magistero della Chiesa in opposizione ad ogni relativismo e totalitarismo\" \/>\n<meta name=\"robots\" content=\"index, follow, max-snippet:-1, max-image-preview:large, max-video-preview:-1\" \/>\n<link rel=\"canonical\" href=\"https:\/\/www.rassegnastampa-totustuus.it\/cattolica\/anche-voi-siete-cristiani-vero\/\" \/>\n<meta property=\"og:locale\" content=\"it_IT\" \/>\n<meta property=\"og:type\" content=\"article\" \/>\n<meta property=\"og:title\" content=\"Anche voi siete cristiani, vero? - Rassegna Stampa Cattolica\" \/>\n<meta property=\"og:description\" content=\"Rassegna Stampa Cattolica - Per una cultura che nasce dalla Rivelazione cristiana in conformit\u00e0 alla tradizione e al Magistero della Chiesa in opposizione ad ogni relativismo e totalitarismo\" \/>\n<meta property=\"og:url\" content=\"https:\/\/www.rassegnastampa-totustuus.it\/cattolica\/anche-voi-siete-cristiani-vero\/\" \/>\n<meta property=\"og:site_name\" content=\"Rassegna Stampa Cattolica\" \/>\n<meta property=\"article:publisher\" content=\"https:\/\/www.facebook.com\/rassegnastampacattolica\" \/>\n<meta property=\"article:published_time\" content=\"2010-06-02T22:00:00+00:00\" \/>\n<meta property=\"article:modified_time\" content=\"2016-03-01T10:35:40+00:00\" \/>\n<meta property=\"og:image\" content=\"https:\/\/www.rassegnastampa-totustuus.it\/cattolica\/wp-content\/uploads\/2010\/06\/maroniti.jpg\" \/>\n\t<meta property=\"og:image:width\" content=\"275\" \/>\n\t<meta property=\"og:image:height\" content=\"183\" \/>\n\t<meta property=\"og:image:type\" content=\"image\/jpeg\" \/>\n<meta name=\"author\" content=\"Redazione\" \/>\n<meta name=\"twitter:card\" content=\"summary_large_image\" \/>\n<meta name=\"twitter:creator\" content=\"@rassegnastampa9\" \/>\n<meta name=\"twitter:site\" content=\"@rassegnastampa9\" \/>\n<meta name=\"twitter:label1\" content=\"Scritto da\" \/>\n\t<meta name=\"twitter:data1\" content=\"Redazione\" \/>\n\t<meta name=\"twitter:label2\" content=\"Tempo di lettura stimato\" \/>\n\t<meta name=\"twitter:data2\" content=\"3 minuti\" \/>\n<script type=\"application\/ld+json\" class=\"yoast-schema-graph\">{\"@context\":\"https:\\\/\\\/schema.org\",\"@graph\":[{\"@type\":\"Article\",\"@id\":\"https:\\\/\\\/www.rassegnastampa-totustuus.it\\\/cattolica\\\/anche-voi-siete-cristiani-vero\\\/#article\",\"isPartOf\":{\"@id\":\"https:\\\/\\\/www.rassegnastampa-totustuus.it\\\/cattolica\\\/anche-voi-siete-cristiani-vero\\\/\"},\"author\":{\"name\":\"Redazione\",\"@id\":\"https:\\\/\\\/www.rassegnastampa-totustuus.it\\\/cattolica\\\/#\\\/schema\\\/person\\\/08f319d2bd1a0904ad9e2bfb7b15e5c3\"},\"headline\":\"Anche voi siete cristiani, vero?\",\"datePublished\":\"2010-06-02T22:00:00+00:00\",\"dateModified\":\"2016-03-01T10:35:40+00:00\",\"mainEntityOfPage\":{\"@id\":\"https:\\\/\\\/www.rassegnastampa-totustuus.it\\\/cattolica\\\/anche-voi-siete-cristiani-vero\\\/\"},\"wordCount\":683,\"publisher\":{\"@id\":\"https:\\\/\\\/www.rassegnastampa-totustuus.it\\\/cattolica\\\/#organization\"},\"image\":{\"@id\":\"https:\\\/\\\/www.rassegnastampa-totustuus.it\\\/cattolica\\\/anche-voi-siete-cristiani-vero\\\/#primaryimage\"},\"thumbnailUrl\":\"https:\\\/\\\/www.rassegnastampa-totustuus.it\\\/cattolica\\\/wp-content\\\/uploads\\\/2010\\\/06\\\/maroniti.jpg\",\"keywords\":[\"cristiani nell'Islam\"],\"articleSection\":[\"Cristiani nell'islam\"],\"inLanguage\":\"it-IT\"},{\"@type\":\"WebPage\",\"@id\":\"https:\\\/\\\/www.rassegnastampa-totustuus.it\\\/cattolica\\\/anche-voi-siete-cristiani-vero\\\/\",\"url\":\"https:\\\/\\\/www.rassegnastampa-totustuus.it\\\/cattolica\\\/anche-voi-siete-cristiani-vero\\\/\",\"name\":\"Anche voi siete cristiani, vero? - Rassegna Stampa Cattolica\",\"isPartOf\":{\"@id\":\"https:\\\/\\\/www.rassegnastampa-totustuus.it\\\/cattolica\\\/#website\"},\"primaryImageOfPage\":{\"@id\":\"https:\\\/\\\/www.rassegnastampa-totustuus.it\\\/cattolica\\\/anche-voi-siete-cristiani-vero\\\/#primaryimage\"},\"image\":{\"@id\":\"https:\\\/\\\/www.rassegnastampa-totustuus.it\\\/cattolica\\\/anche-voi-siete-cristiani-vero\\\/#primaryimage\"},\"thumbnailUrl\":\"https:\\\/\\\/www.rassegnastampa-totustuus.it\\\/cattolica\\\/wp-content\\\/uploads\\\/2010\\\/06\\\/maroniti.jpg\",\"datePublished\":\"2010-06-02T22:00:00+00:00\",\"dateModified\":\"2016-03-01T10:35:40+00:00\",\"description\":\"Rassegna Stampa Cattolica - Per una cultura che nasce dalla Rivelazione cristiana in conformit\u00e0 alla tradizione e al Magistero della Chiesa in opposizione ad ogni relativismo e totalitarismo\",\"breadcrumb\":{\"@id\":\"https:\\\/\\\/www.rassegnastampa-totustuus.it\\\/cattolica\\\/anche-voi-siete-cristiani-vero\\\/#breadcrumb\"},\"inLanguage\":\"it-IT\",\"potentialAction\":[{\"@type\":\"ReadAction\",\"target\":[\"https:\\\/\\\/www.rassegnastampa-totustuus.it\\\/cattolica\\\/anche-voi-siete-cristiani-vero\\\/\"]}]},{\"@type\":\"ImageObject\",\"inLanguage\":\"it-IT\",\"@id\":\"https:\\\/\\\/www.rassegnastampa-totustuus.it\\\/cattolica\\\/anche-voi-siete-cristiani-vero\\\/#primaryimage\",\"url\":\"https:\\\/\\\/www.rassegnastampa-totustuus.it\\\/cattolica\\\/wp-content\\\/uploads\\\/2010\\\/06\\\/maroniti.jpg\",\"contentUrl\":\"https:\\\/\\\/www.rassegnastampa-totustuus.it\\\/cattolica\\\/wp-content\\\/uploads\\\/2010\\\/06\\\/maroniti.jpg\",\"width\":275,\"height\":183},{\"@type\":\"BreadcrumbList\",\"@id\":\"https:\\\/\\\/www.rassegnastampa-totustuus.it\\\/cattolica\\\/anche-voi-siete-cristiani-vero\\\/#breadcrumb\",\"itemListElement\":[{\"@type\":\"ListItem\",\"position\":1,\"name\":\"Home\",\"item\":\"https:\\\/\\\/www.rassegnastampa-totustuus.it\\\/cattolica\\\/\"},{\"@type\":\"ListItem\",\"position\":2,\"name\":\"Anche voi siete cristiani, vero?\"}]},{\"@type\":\"WebSite\",\"@id\":\"https:\\\/\\\/www.rassegnastampa-totustuus.it\\\/cattolica\\\/#website\",\"url\":\"https:\\\/\\\/www.rassegnastampa-totustuus.it\\\/cattolica\\\/\",\"name\":\"Rassegna Stampa Cattolica\",\"description\":\"Per una cultura che nasce dalla Rivelazione cristiana in conformit\u00e0 alla tradizione e al Magistero della Chiesa in opposizione ad ogni relativismo e totalitarismo\",\"publisher\":{\"@id\":\"https:\\\/\\\/www.rassegnastampa-totustuus.it\\\/cattolica\\\/#organization\"},\"alternateName\":\"Rass. Cattolica\",\"potentialAction\":[{\"@type\":\"SearchAction\",\"target\":{\"@type\":\"EntryPoint\",\"urlTemplate\":\"https:\\\/\\\/www.rassegnastampa-totustuus.it\\\/cattolica\\\/?s={search_term_string}\"},\"query-input\":{\"@type\":\"PropertyValueSpecification\",\"valueRequired\":true,\"valueName\":\"search_term_string\"}}],\"inLanguage\":\"it-IT\"},{\"@type\":\"Organization\",\"@id\":\"https:\\\/\\\/www.rassegnastampa-totustuus.it\\\/cattolica\\\/#organization\",\"name\":\"Rassegna Stampa Cattolica\",\"url\":\"https:\\\/\\\/www.rassegnastampa-totustuus.it\\\/cattolica\\\/\",\"logo\":{\"@type\":\"ImageObject\",\"inLanguage\":\"it-IT\",\"@id\":\"https:\\\/\\\/www.rassegnastampa-totustuus.it\\\/cattolica\\\/#\\\/schema\\\/logo\\\/image\\\/\",\"url\":\"https:\\\/\\\/www.rassegnastampa-totustuus.it\\\/cattolica\\\/wp-content\\\/uploads\\\/2014\\\/04\\\/logo-rassegna1.gif\",\"contentUrl\":\"https:\\\/\\\/www.rassegnastampa-totustuus.it\\\/cattolica\\\/wp-content\\\/uploads\\\/2014\\\/04\\\/logo-rassegna1.gif\",\"width\":600,\"height\":163,\"caption\":\"Rassegna Stampa Cattolica\"},\"image\":{\"@id\":\"https:\\\/\\\/www.rassegnastampa-totustuus.it\\\/cattolica\\\/#\\\/schema\\\/logo\\\/image\\\/\"},\"sameAs\":[\"https:\\\/\\\/www.facebook.com\\\/rassegnastampacattolica\",\"https:\\\/\\\/x.com\\\/rassegnastampa9\"]},{\"@type\":\"Person\",\"@id\":\"https:\\\/\\\/www.rassegnastampa-totustuus.it\\\/cattolica\\\/#\\\/schema\\\/person\\\/08f319d2bd1a0904ad9e2bfb7b15e5c3\",\"name\":\"Redazione\",\"image\":{\"@type\":\"ImageObject\",\"inLanguage\":\"it-IT\",\"@id\":\"https:\\\/\\\/secure.gravatar.com\\\/avatar\\\/2fcdf27c78ea025fbdb44e914cc63c72249ffec9dc8aafd5c82b26240ef3f346?s=96&d=mm&r=g\",\"url\":\"https:\\\/\\\/secure.gravatar.com\\\/avatar\\\/2fcdf27c78ea025fbdb44e914cc63c72249ffec9dc8aafd5c82b26240ef3f346?s=96&d=mm&r=g\",\"contentUrl\":\"https:\\\/\\\/secure.gravatar.com\\\/avatar\\\/2fcdf27c78ea025fbdb44e914cc63c72249ffec9dc8aafd5c82b26240ef3f346?s=96&d=mm&r=g\",\"caption\":\"Redazione\"},\"url\":\"https:\\\/\\\/www.rassegnastampa-totustuus.it\\\/cattolica\\\/author\\\/pietroelle\\\/\"}]}<\/script>\n<!-- \/ Yoast SEO plugin. -->","yoast_head_json":{"title":"Anche voi siete cristiani, vero? - Rassegna Stampa Cattolica","description":"Rassegna Stampa Cattolica - Per una cultura che nasce dalla Rivelazione cristiana in conformit\u00e0 alla tradizione e al Magistero della Chiesa in opposizione ad ogni relativismo e totalitarismo","robots":{"index":"index","follow":"follow","max-snippet":"max-snippet:-1","max-image-preview":"max-image-preview:large","max-video-preview":"max-video-preview:-1"},"canonical":"https:\/\/www.rassegnastampa-totustuus.it\/cattolica\/anche-voi-siete-cristiani-vero\/","og_locale":"it_IT","og_type":"article","og_title":"Anche voi siete cristiani, vero? - Rassegna Stampa Cattolica","og_description":"Rassegna Stampa Cattolica - Per una cultura che nasce dalla Rivelazione cristiana in conformit\u00e0 alla tradizione e al Magistero della Chiesa in opposizione ad ogni relativismo e totalitarismo","og_url":"https:\/\/www.rassegnastampa-totustuus.it\/cattolica\/anche-voi-siete-cristiani-vero\/","og_site_name":"Rassegna Stampa Cattolica","article_publisher":"https:\/\/www.facebook.com\/rassegnastampacattolica","article_published_time":"2010-06-02T22:00:00+00:00","article_modified_time":"2016-03-01T10:35:40+00:00","og_image":[{"width":275,"height":183,"url":"https:\/\/www.rassegnastampa-totustuus.it\/cattolica\/wp-content\/uploads\/2010\/06\/maroniti.jpg","type":"image\/jpeg"}],"author":"Redazione","twitter_card":"summary_large_image","twitter_creator":"@rassegnastampa9","twitter_site":"@rassegnastampa9","twitter_misc":{"Scritto da":"Redazione","Tempo di lettura stimato":"3 minuti"},"schema":{"@context":"https:\/\/schema.org","@graph":[{"@type":"Article","@id":"https:\/\/www.rassegnastampa-totustuus.it\/cattolica\/anche-voi-siete-cristiani-vero\/#article","isPartOf":{"@id":"https:\/\/www.rassegnastampa-totustuus.it\/cattolica\/anche-voi-siete-cristiani-vero\/"},"author":{"name":"Redazione","@id":"https:\/\/www.rassegnastampa-totustuus.it\/cattolica\/#\/schema\/person\/08f319d2bd1a0904ad9e2bfb7b15e5c3"},"headline":"Anche voi siete cristiani, vero?","datePublished":"2010-06-02T22:00:00+00:00","dateModified":"2016-03-01T10:35:40+00:00","mainEntityOfPage":{"@id":"https:\/\/www.rassegnastampa-totustuus.it\/cattolica\/anche-voi-siete-cristiani-vero\/"},"wordCount":683,"publisher":{"@id":"https:\/\/www.rassegnastampa-totustuus.it\/cattolica\/#organization"},"image":{"@id":"https:\/\/www.rassegnastampa-totustuus.it\/cattolica\/anche-voi-siete-cristiani-vero\/#primaryimage"},"thumbnailUrl":"https:\/\/www.rassegnastampa-totustuus.it\/cattolica\/wp-content\/uploads\/2010\/06\/maroniti.jpg","keywords":["cristiani nell'Islam"],"articleSection":["Cristiani nell'islam"],"inLanguage":"it-IT"},{"@type":"WebPage","@id":"https:\/\/www.rassegnastampa-totustuus.it\/cattolica\/anche-voi-siete-cristiani-vero\/","url":"https:\/\/www.rassegnastampa-totustuus.it\/cattolica\/anche-voi-siete-cristiani-vero\/","name":"Anche voi siete cristiani, vero? - Rassegna Stampa Cattolica","isPartOf":{"@id":"https:\/\/www.rassegnastampa-totustuus.it\/cattolica\/#website"},"primaryImageOfPage":{"@id":"https:\/\/www.rassegnastampa-totustuus.it\/cattolica\/anche-voi-siete-cristiani-vero\/#primaryimage"},"image":{"@id":"https:\/\/www.rassegnastampa-totustuus.it\/cattolica\/anche-voi-siete-cristiani-vero\/#primaryimage"},"thumbnailUrl":"https:\/\/www.rassegnastampa-totustuus.it\/cattolica\/wp-content\/uploads\/2010\/06\/maroniti.jpg","datePublished":"2010-06-02T22:00:00+00:00","dateModified":"2016-03-01T10:35:40+00:00","description":"Rassegna Stampa Cattolica - Per una cultura che nasce dalla Rivelazione cristiana in conformit\u00e0 alla tradizione e al Magistero della Chiesa in opposizione ad ogni relativismo e totalitarismo","breadcrumb":{"@id":"https:\/\/www.rassegnastampa-totustuus.it\/cattolica\/anche-voi-siete-cristiani-vero\/#breadcrumb"},"inLanguage":"it-IT","potentialAction":[{"@type":"ReadAction","target":["https:\/\/www.rassegnastampa-totustuus.it\/cattolica\/anche-voi-siete-cristiani-vero\/"]}]},{"@type":"ImageObject","inLanguage":"it-IT","@id":"https:\/\/www.rassegnastampa-totustuus.it\/cattolica\/anche-voi-siete-cristiani-vero\/#primaryimage","url":"https:\/\/www.rassegnastampa-totustuus.it\/cattolica\/wp-content\/uploads\/2010\/06\/maroniti.jpg","contentUrl":"https:\/\/www.rassegnastampa-totustuus.it\/cattolica\/wp-content\/uploads\/2010\/06\/maroniti.jpg","width":275,"height":183},{"@type":"BreadcrumbList","@id":"https:\/\/www.rassegnastampa-totustuus.it\/cattolica\/anche-voi-siete-cristiani-vero\/#breadcrumb","itemListElement":[{"@type":"ListItem","position":1,"name":"Home","item":"https:\/\/www.rassegnastampa-totustuus.it\/cattolica\/"},{"@type":"ListItem","position":2,"name":"Anche voi siete cristiani, vero?"}]},{"@type":"WebSite","@id":"https:\/\/www.rassegnastampa-totustuus.it\/cattolica\/#website","url":"https:\/\/www.rassegnastampa-totustuus.it\/cattolica\/","name":"Rassegna Stampa Cattolica","description":"Per una cultura che nasce dalla Rivelazione cristiana in conformit\u00e0 alla tradizione e al Magistero della Chiesa in opposizione ad ogni relativismo e totalitarismo","publisher":{"@id":"https:\/\/www.rassegnastampa-totustuus.it\/cattolica\/#organization"},"alternateName":"Rass. Cattolica","potentialAction":[{"@type":"SearchAction","target":{"@type":"EntryPoint","urlTemplate":"https:\/\/www.rassegnastampa-totustuus.it\/cattolica\/?s={search_term_string}"},"query-input":{"@type":"PropertyValueSpecification","valueRequired":true,"valueName":"search_term_string"}}],"inLanguage":"it-IT"},{"@type":"Organization","@id":"https:\/\/www.rassegnastampa-totustuus.it\/cattolica\/#organization","name":"Rassegna Stampa Cattolica","url":"https:\/\/www.rassegnastampa-totustuus.it\/cattolica\/","logo":{"@type":"ImageObject","inLanguage":"it-IT","@id":"https:\/\/www.rassegnastampa-totustuus.it\/cattolica\/#\/schema\/logo\/image\/","url":"https:\/\/www.rassegnastampa-totustuus.it\/cattolica\/wp-content\/uploads\/2014\/04\/logo-rassegna1.gif","contentUrl":"https:\/\/www.rassegnastampa-totustuus.it\/cattolica\/wp-content\/uploads\/2014\/04\/logo-rassegna1.gif","width":600,"height":163,"caption":"Rassegna Stampa Cattolica"},"image":{"@id":"https:\/\/www.rassegnastampa-totustuus.it\/cattolica\/#\/schema\/logo\/image\/"},"sameAs":["https:\/\/www.facebook.com\/rassegnastampacattolica","https:\/\/x.com\/rassegnastampa9"]},{"@type":"Person","@id":"https:\/\/www.rassegnastampa-totustuus.it\/cattolica\/#\/schema\/person\/08f319d2bd1a0904ad9e2bfb7b15e5c3","name":"Redazione","image":{"@type":"ImageObject","inLanguage":"it-IT","@id":"https:\/\/secure.gravatar.com\/avatar\/2fcdf27c78ea025fbdb44e914cc63c72249ffec9dc8aafd5c82b26240ef3f346?s=96&d=mm&r=g","url":"https:\/\/secure.gravatar.com\/avatar\/2fcdf27c78ea025fbdb44e914cc63c72249ffec9dc8aafd5c82b26240ef3f346?s=96&d=mm&r=g","contentUrl":"https:\/\/secure.gravatar.com\/avatar\/2fcdf27c78ea025fbdb44e914cc63c72249ffec9dc8aafd5c82b26240ef3f346?s=96&d=mm&r=g","caption":"Redazione"},"url":"https:\/\/www.rassegnastampa-totustuus.it\/cattolica\/author\/pietroelle\/"}]}},"_links":{"self":[{"href":"https:\/\/www.rassegnastampa-totustuus.it\/cattolica\/wp-json\/wp\/v2\/posts\/3848","targetHints":{"allow":["GET"]}}],"collection":[{"href":"https:\/\/www.rassegnastampa-totustuus.it\/cattolica\/wp-json\/wp\/v2\/posts"}],"about":[{"href":"https:\/\/www.rassegnastampa-totustuus.it\/cattolica\/wp-json\/wp\/v2\/types\/post"}],"author":[{"embeddable":true,"href":"https:\/\/www.rassegnastampa-totustuus.it\/cattolica\/wp-json\/wp\/v2\/users\/6"}],"replies":[{"embeddable":true,"href":"https:\/\/www.rassegnastampa-totustuus.it\/cattolica\/wp-json\/wp\/v2\/comments?post=3848"}],"version-history":[{"count":4,"href":"https:\/\/www.rassegnastampa-totustuus.it\/cattolica\/wp-json\/wp\/v2\/posts\/3848\/revisions"}],"predecessor-version":[{"id":31185,"href":"https:\/\/www.rassegnastampa-totustuus.it\/cattolica\/wp-json\/wp\/v2\/posts\/3848\/revisions\/31185"}],"wp:featuredmedia":[{"embeddable":true,"href":"https:\/\/www.rassegnastampa-totustuus.it\/cattolica\/wp-json\/wp\/v2\/media\/31184"}],"wp:attachment":[{"href":"https:\/\/www.rassegnastampa-totustuus.it\/cattolica\/wp-json\/wp\/v2\/media?parent=3848"}],"wp:term":[{"taxonomy":"category","embeddable":true,"href":"https:\/\/www.rassegnastampa-totustuus.it\/cattolica\/wp-json\/wp\/v2\/categories?post=3848"},{"taxonomy":"post_tag","embeddable":true,"href":"https:\/\/www.rassegnastampa-totustuus.it\/cattolica\/wp-json\/wp\/v2\/tags?post=3848"}],"curies":[{"name":"wp","href":"https:\/\/api.w.org\/{rel}","templated":true}]}}