{"id":3839,"date":"2010-05-27T00:00:00","date_gmt":"2010-05-26T22:00:00","guid":{"rendered":""},"modified":"2019-11-08T09:48:23","modified_gmt":"2019-11-08T08:48:23","slug":"varsavia-1920-il-miracolo-della-vistola","status":"publish","type":"post","link":"https:\/\/www.rassegnastampa-totustuus.it\/cattolica\/varsavia-1920-il-miracolo-della-vistola\/","title":{"rendered":"Varsavia 1920 \u201cIl miracolo della Vistola\u201d"},"content":{"rendered":"<div style=\"text-align: center;\"><strong> <a href=\"https:\/\/www.rassegnastampa-totustuus.it\/cattolica\/wp-content\/uploads\/2010\/05\/battaglia_di_varsavia.jpg\"><img loading=\"lazy\" decoding=\"async\" class=\"alignright wp-image-20960\" src=\"https:\/\/www.rassegnastampa-totustuus.it\/cattolica\/wp-content\/uploads\/2010\/05\/battaglia_di_varsavia.jpg\" alt=\"battaglia_di_varsavia\" width=\"250\" height=\"175\" \/><\/a>Il Timone<\/strong> n.93<\/div>\n<div style=\"text-align: center;\">maggio 2010<\/div>\n<p style=\"text-align: justify;\"><em>Nell&#8217;agosto di 90 anni fa l&#8217;Europa rischi\u00f2 di essere invasa dalle truppe del regime bolscevico russo. L&#8217;eroismo dei soldati polacchi permise quello che fin da subito venne chiamato un miracolo<\/em><\/p>\n<p style=\"text-align: center;\">di <strong>Alberto Leoni<\/strong><\/p>\n<p><!--more--><\/p>\n<p style=\"text-align: justify;\">II pellegrino che si rechi alla Santa Casa di Loreto ignorer\u00e0, probabilmente, gli affreschi della cappella polacca, sita vicino all&#8217;abside, dopo la Santa Casa. Qui, con le offerte dei cattolici polacchi, il pittore Arturo Gatti, loretano, dipinse due affreschi che, oggi, appaiono politicamente scorretti. Si tratta della &#8220;Vittoria di Sobieski a Vienna contro i turchi&#8221; e, soprattutto, de &#8220;II miracolo della Vistola&#8221; dove le milizie polacche travolgono i bolscevichi.<\/p>\n<p style=\"text-align: justify;\"><a href=\"https:\/\/www.rassegnastampa-totustuus.it\/cattolica\/wp-content\/uploads\/2010\/05\/Polonia_Vistola_Urss.jpg\"><img loading=\"lazy\" decoding=\"async\" class=\"size-full wp-image-45097 alignleft\" src=\"https:\/\/www.rassegnastampa-totustuus.it\/cattolica\/wp-content\/uploads\/2010\/05\/Polonia_Vistola_Urss.jpg\" alt=\"\" width=\"220\" height=\"165\" \/><\/a>Ci\u00f2 che accadde in quei giorni, durante la festivit\u00e0 dell&#8217;Assunzione del 1920, \u00e8 ignorato proprio dai cattolici, anche da quelli pi\u00f9 colti e pi\u00f9 saldi nella propria Fede. Eppure quella della Vistola \u00e8 una delle battaglie pi\u00f9 importanti della Storia, al pari di Maratona, Waterloo o Stalingrado. Tale affermazione apparir\u00e0 molto meno temeraria una volta che sia delineato il contesto politico in cui essa avvenne.<\/p>\n<p style=\"text-align: justify;\"><strong>La distruzione degli Imperi<\/strong><\/p>\n<p style=\"text-align: justify;\">Alla fine della Prima Guerra Mondiale (1914-1918) erano scomparsi ben quattro grandi imperi: germanico, austro-ungarico, ottomano e russo. Con la Rivoluzione d&#8217;Ottobre, nel 1917, i bolscevichi di Lenin avevano abbattuto l&#8217;unico governo democratico mai esistito in terra di Russia, instaurando una dittatura infinitamente pi\u00f9 feroce e sanguinaria di qualsiasi regime zarista precedente.<\/p>\n<p style=\"text-align: justify;\"><a href=\"https:\/\/www.rassegnastampa-totustuus.it\/cattolica\/wp-content\/uploads\/2019\/08\/Urss_nkvd.jpg\"><img loading=\"lazy\" decoding=\"async\" class=\" wp-image-43801 alignright\" src=\"https:\/\/www.rassegnastampa-totustuus.it\/cattolica\/wp-content\/uploads\/2019\/08\/Urss_nkvd.jpg\" alt=\"\" width=\"261\" height=\"186\" \/><\/a>All&#8217;inizio del 1920 la guerra civile che aveva insanguinato e spopolato la Russia stava volgendo al termine con la vittoria dei comunisti, pi\u00f9 efficienti e organizzati, ma non per questo Lenin era intenzionato a conseguire una pace. La situazione, infatti, si presentava estremamente favorevole per un trionfo della Rivoluzione in tutta Europa. Gli Stati nati dopo la disintegrazione degli Imperi (Polonia, Cecoslovacchia, Ungheria) non avrebbero potuto resistere a un&#8217;offensiva dell&#8217;Armata Rossa, combinata con la consueta opera di sovversione interna ai singoli Stati.<\/p>\n<p style=\"text-align: justify;\">La Polonia era sicuramente il principale ostacolo da abbattere: il suo popolo, per quanto vessato dai grandi proprietari terrieri, era particolarmente refrattario alla propaganda comunista, di modo che l&#8217;opzione militare era la sola praticabile. Era chiaro che, una volta occupata la Polonia, la Germania, sconvolta dagli scioperi e dalle sommosse, sarebbe caduta come una pera matura e ben difficilmente una Francia dissanguata dalla guerra avrebbe potuto opporre resistenza. Cos\u00ec il Politburo approv\u00f2 i piani di invasione della Polonia, redatti dal generale Boris Saposnikov (1882-1945) gi\u00e0 il 27 gennaio 1920.<\/p>\n<p style=\"text-align: justify;\">Il 14 febbraio Lenin prese la decisione definitiva di attaccare e cinque giorni dopo fu creato il comando del fronte occidentale. 65.000 bolscevichi vennero ammassati ai confini e il loro obbiettivo fu reso ben chiaro da una frase del loro comandante, l&#8217;esperto e determinato generale Michail Tuchacevskij (1893-1937): \u00abII sentiero della conflagrazione mondiale passa sul cadavere della Polonia\u00bb.<\/p>\n<p style=\"text-align: justify;\"><a href=\"https:\/\/www.rassegnastampa-totustuus.it\/cattolica\/wp-content\/uploads\/2010\/05\/Pilsudski.jpg\"><img loading=\"lazy\" decoding=\"async\" class=\"size-full wp-image-20959 alignleft\" src=\"https:\/\/www.rassegnastampa-totustuus.it\/cattolica\/wp-content\/uploads\/2010\/05\/Pilsudski.jpg\" alt=\"\" width=\"183\" height=\"275\" \/><\/a>Il servizio segreto polacco, che dimostr\u00f2 tutto il suo valore anche nel corso della Seconda Guerra Mondiale, intercett\u00f2 diverse comunicazioni riguardanti l&#8217;imminente offensiva e il generale J\u00f3zef Pilsudski (1867-1935), capo dello Stato polacco e comandante supremo delle forze armate, decise di sferrare un attacco preventivo contro il fronte ucraino il 25 aprile 1920. Ogni resistenza fu superata e, il 6 maggio, i polacchi entravano in Kiev, preparandosi ad armare ed equipaggiare un esercito ucraino.<\/p>\n<p style=\"text-align: justify;\">La controffensiva sovietica non si fece attendere e venne condotta dalla sua unit\u00e0 pi\u00f9 temibile, l&#8217;Armata a Cavallo di Semjon Michailovic Budjonny. Il 27 maggio, dopo aver effettuato una marcia di trasferimento di 1.400 chilometri in cinquanta giorni, la cavalleria sovietica si avventava sui reparti polacchi che, per\u00f2, si dimostrarono molto pi\u00f9 tenaci degli uomini di P\u00e8tr Nikolaevic Wrangel (1878-1928) e di Anton Ivanovic Denikin (1872-1947), i generali &#8220;bianchi&#8221; sconfitti nella guerra civile.<\/p>\n<p style=\"text-align: justify;\"><a href=\"https:\/\/www.rassegnastampa-totustuus.it\/cattolica\/wp-content\/uploads\/2010\/05\/Budjonny_Urss.jpg\"><img loading=\"lazy\" decoding=\"async\" class=\" wp-image-45098 alignright\" src=\"https:\/\/www.rassegnastampa-totustuus.it\/cattolica\/wp-content\/uploads\/2010\/05\/Budjonny_Urss-300x166.jpg\" alt=\"\" width=\"278\" height=\"154\" srcset=\"https:\/\/www.rassegnastampa-totustuus.it\/cattolica\/wp-content\/uploads\/2010\/05\/Budjonny_Urss-300x166.jpg 300w, https:\/\/www.rassegnastampa-totustuus.it\/cattolica\/wp-content\/uploads\/2010\/05\/Budjonny_Urss.jpg 301w\" sizes=\"auto, (max-width: 278px) 100vw, 278px\" \/><\/a>Il 5 giugno l&#8217;Armata a Cavallo sfondava le difese polacche a Zitomir, massacrando 600 feriti polacchi che non erano stati evacuati. L&#8217;esercito di Pilsudski venne obbligato a una precipitosa ritirata che, per\u00f2, non divenne mai rotta disordinata. L&#8217;Armata a Cavallo (<em>Konarmija<\/em> in russo) venne per\u00f2 bloccata a Brody alla fine di luglio e , impegnata cos\u00ec duramente da doversi ritirare, logora e decimata.<\/p>\n<p style=\"text-align: justify;\">Nel frattempo il gruppo di armate di Tuchacevskij, il cui fronte andava dal Baltico alle paludi del Pripjat, aveva sferrato un grande offensiva il 4 luglio e, nel giro di una settimana entrava in Minsk. L&#8217;ala sinistra dell&#8217;esercito polacco croll\u00f2 di schianto e, il 24 luglio, i bolscevichi prendevano Grodno e puntavano su Varsavia. La situazione dei polacchi appariva disperata, ma anche Tuchacevkij aveva suoi problemi, come la pratica impossibilit\u00e0di richiamare verso nord le divisioni del gruppo d&#8217;armate ucraino, comandate da Aleksandr Egorov e aventi come commissario politico Josef Stalin.<\/p>\n<p style=\"text-align: justify;\"><a href=\"https:\/\/www.rassegnastampa-totustuus.it\/cattolica\/wp-content\/uploads\/2019\/06\/Stalin_Urss.png\"><img loading=\"lazy\" decoding=\"async\" class=\" wp-image-43277 alignleft\" src=\"https:\/\/www.rassegnastampa-totustuus.it\/cattolica\/wp-content\/uploads\/2019\/06\/Stalin_Urss-190x300.png\" alt=\"\" width=\"153\" height=\"242\" srcset=\"https:\/\/www.rassegnastampa-totustuus.it\/cattolica\/wp-content\/uploads\/2019\/06\/Stalin_Urss-190x300.png 190w, https:\/\/www.rassegnastampa-totustuus.it\/cattolica\/wp-content\/uploads\/2019\/06\/Stalin_Urss.png 200w\" sizes=\"auto, (max-width: 153px) 100vw, 153px\" \/><\/a>Si \u00e8 molto discusso sulla responsabilit\u00e0 di Stalin nella disfatta della Vistola, in quanto non avrebbe obbedito all&#8217;ordine di concentrare le proprie truppe a nord. La verit\u00e0, come sostenuto dallo studioso di storia polacca e militare Adam Zamoyski, era che Tuchacevkij non diede ordini chiari in proposito.<\/p>\n<p style=\"text-align: justify;\"><strong>\u00abGli uomini combatteranno e Dio dar\u00e0 la vittoria\u00bb<\/strong><\/p>\n<p style=\"text-align: justify;\">Quando si parla di &#8220;Miracolo della Vistola&#8221; ci si dimentica di un detto di Santa Giovanna d&#8217;Arco: \u00abGli uomini combatteranno e Dio dar\u00e0 la vittoria\u00bb. Le gravissime carenze logistiche dei bolscevichi non sarebbero state cos\u00ec rilevanti se il popolo polacco non avesse resistito contro ogni speranza con l&#8217;eroismo che lo ha reso famoso nella storia.<\/p>\n<p style=\"text-align: justify;\"><a href=\"https:\/\/www.rassegnastampa-totustuus.it\/cattolica\/wp-content\/uploads\/2010\/05\/Polonia_Vistola_Urss-1.jpg\"><img loading=\"lazy\" decoding=\"async\" class=\"size-full wp-image-45099 alignright\" src=\"https:\/\/www.rassegnastampa-totustuus.it\/cattolica\/wp-content\/uploads\/2010\/05\/Polonia_Vistola_Urss-1.jpg\" alt=\"\" width=\"259\" height=\"194\" \/><\/a>I polacchi si battevano disperatamente fino all&#8217;ultimo uomo, la resistenza si faceva sempre pi\u00f9 tenace e le perdite bolsceviche sempre pi\u00f9 alte: intere divisioni di volontari affluivano verso il fronte, composte da vecchi, giovani, artigiani, operai, professionisti, sacerdoti, tutti animati da uno spirito di resistenza indomabile, frutto della consapevolezza che, in quelle settimane, si sarebbe decisa la sorte dell&#8217;Europa e della cristianit\u00e0 intera. Cos\u00ec, a met\u00e0 di agosto, l&#8217;esercito polacco disponeva di una forza numerica pari a quella delle unit\u00e0 dei fronti sovietici occidentale e sudoccidentale messi assieme.<\/p>\n<p style=\"text-align: justify;\">Un secondo fattore decisivo fu la leadership di Pilsudski che spost\u00f2 diversi reparti scelti dal fronte sud occidentale, ignorando deliberatamente la minaccia delle armate di Egorov che puntava su Leopoli. Pilsudski si era accorto che Tuchacevskij tendeva ad allargarsi sulla propria destra per attaccare Varsavia da nord, come aveva fatto il generale Paskevic nel 1831, sguarnendo il settore che andava da Deblin a Kock, lungo il fiume Wieprz. Pilsudski, che aveva preso il comando diretto della IV armata proprio in quel settore, lasci\u00f2 che la III armata di Sikorski assorbisse l&#8217;urto delle divisioni rosse, fin quasi a crollare.<\/p>\n<p style=\"text-align: justify;\"><a href=\"https:\/\/www.rassegnastampa-totustuus.it\/cattolica\/wp-content\/uploads\/2010\/05\/Achille_Ratti.jpg\"><img loading=\"lazy\" decoding=\"async\" class=\" wp-image-45100 alignleft\" src=\"https:\/\/www.rassegnastampa-totustuus.it\/cattolica\/wp-content\/uploads\/2010\/05\/Achille_Ratti.jpg\" alt=\"\" width=\"174\" height=\"230\" \/><\/a>In quei giorni a Varsavia si trovavano il nunzio apostolico Achille Ratti (1857-1963), poi divenuto papa Pio XI, e un giovane ufficiale francese, Charles De Gaulle (1890-1970), in veste di addetto militare. Come tutti, anche questi due personaggi erano perfettamente consci della posta in gioco. Tra il 12 e il 16 agosto le divisioni polacche che difendevano il settore nord si sacrificarono in una battaglia di contenimento, limitando al minimo l&#8217;avanzata rossa.<\/p>\n<p style=\"text-align: justify;\">Il 14 agosto era caduta Radzimin, a ventitr\u00e9 chilometri da Varsavia e il 15 il generale WtadysJaw Sikorski (1881-1943) difendeva la linea che correva lungo il fiume Wkra con un tale affanno che Pilsudski fu costretto a sferrare la controffensiva con ventiquattr&#8217;ore di anticipo. Le truppe della IV armata polacca I travolsero il piccolo gruppo d&#8217;osservazione di Mozir, posto fra la sinistra di Tuchacevskij e la destra di Egorov, e aggirarono le retrovie di Tuchacevsky, catturando la sua artiglieria d&#8217;assedio e minacciando tre armate di annientamento.<\/p>\n<p style=\"text-align: justify;\"><a href=\"https:\/\/www.rassegnastampa-totustuus.it\/cattolica\/wp-content\/uploads\/2010\/05\/Polonia_Vistola_Urss-2.jpg\"><img loading=\"lazy\" decoding=\"async\" class=\" wp-image-45101 alignright\" src=\"https:\/\/www.rassegnastampa-totustuus.it\/cattolica\/wp-content\/uploads\/2010\/05\/Polonia_Vistola_Urss-2-300x162.jpg\" alt=\"\" width=\"278\" height=\"150\" srcset=\"https:\/\/www.rassegnastampa-totustuus.it\/cattolica\/wp-content\/uploads\/2010\/05\/Polonia_Vistola_Urss-2-300x162.jpg 300w, https:\/\/www.rassegnastampa-totustuus.it\/cattolica\/wp-content\/uploads\/2010\/05\/Polonia_Vistola_Urss-2.jpg 305w\" sizes=\"auto, (max-width: 278px) 100vw, 278px\" \/><\/a>La cavalleria di Tuchacevsky e la IV armata rossa furono costrette a ritirarsi in Germania dove furono internate, le altre divisioni vennero annientate o messe in rotta. Fu una sconfitta irreparabile, ma non era ancora la fine perch\u00e9, sia pure in ritardo, la Konarmjia di Budjonny accorreva da sud solo per trovarsi a propria volta accerchiata dai polacchi a Zamosc.<\/p>\n<p style=\"text-align: justify;\">Qui, il 31 agosto, fu combattuta l&#8217;ultima grande battaglia di cavalleria della storia: a Komarow, sulla collina 255, i cosacchi di Budjonny impattarono frontalmente con l&#8217;8\u00b0 e il 9\u00b0 reggimento della brigata Brezowski dei lancieri polacchi. Fu una mischia paurosa, combattuta a colpi di lancia, sciabola e pistola, mentre la fanteria polacca stringeva il cerchio attorno a quella che era stata la migliore armata comunista.<\/p>\n<p style=\"text-align: justify;\"><a href=\"https:\/\/www.rassegnastampa-totustuus.it\/cattolica\/wp-content\/uploads\/2010\/05\/Polonia_Vistola_Urss-3.jpg\"><img loading=\"lazy\" decoding=\"async\" class=\"size-full wp-image-45102 alignleft\" src=\"https:\/\/www.rassegnastampa-totustuus.it\/cattolica\/wp-content\/uploads\/2010\/05\/Polonia_Vistola_Urss-3.jpg\" alt=\"\" width=\"188\" height=\"268\" \/><\/a>Alla fine Budjonny riusc\u00ec a rompere l&#8217;accerchiamento, ma solo a prezzo di gravi perdite e, comunque, la famosa Armata a Cavallo non si riprese pi\u00f9 da quella battaglia. Polacchi, lituani e russi firmarono la pace con il trattato di Riga del 25 ottobre 1920, pur sapendo che si trattava di una tregua all&#8217;interno di un conflitto inconciliabile tra comunismo e Occidente.<\/p>\n<p style=\"text-align: justify;\">Chi non dimentic\u00f2 la sconfitta subita dall&#8217;Armata Rossa fu Stalin che, nel 1940, ordin\u00f2 la soppressione di 20.000 ufficiali polacchi nei boschi di Katyn. Fra essi vi erano moltissimi veterani della battaglia di Varsavia e l&#8217;intenzione era appunto quella di sopprimere la Polonia per sempre: ma questa, come si dice, \u00e8 un&#8217;altra storia.<\/p>\n<p style=\"text-align: justify;\"><strong>Bibliografia<\/strong><\/p>\n<p style=\"text-align: justify;\"><strong>W. Bruce Lincoln<\/strong>, <em>I bianchi e i rossi: storia della guerra civile russa<\/em>, Mondadori, 1991.<\/p>\n<p style=\"text-align: justify;\"><strong>Adam Zamoyski<\/strong>, <em>16 agosto 1920. La battagliai di Varsavia<\/em>, Corbaccio, 2009.<\/p>\n","protected":false},"excerpt":{"rendered":"<p>Il Timone n.93 maggio 2010 Nell&#8217;agosto di 90 anni fa l&#8217;Europa rischi\u00f2 di essere invasa dalle truppe del regime bolscevico russo. L&#8217;eroismo dei soldati polacchi permise quello che fin da subito venne chiamato un miracolo di Alberto Leoni<\/p><p><a class=\"more-link btn\" href=\"https:\/\/www.rassegnastampa-totustuus.it\/cattolica\/varsavia-1920-il-miracolo-della-vistola\/\">Continua a leggere<\/a><\/p>\n","protected":false},"author":6,"featured_media":20959,"comment_status":"closed","ping_status":"open","sticky":false,"template":"","format":"standard","meta":{"footnotes":""},"categories":[32,24,84],"tags":[1771,830],"class_list":["post-3839","post","type-post","status-publish","format-standard","has-post-thumbnail","hentry","category-filosofia-del-comunismo","category-storia","category-urss","tag-jozef-pilsudski","tag-polonia","item-wrap"],"yoast_head":"<!-- This site is optimized with the Yoast SEO plugin v27.5 - https:\/\/yoast.com\/product\/yoast-seo-wordpress\/ -->\n<title>Varsavia 1920 \u201cIl miracolo della Vistola\u201d - Rassegna Stampa Cattolica<\/title>\n<meta name=\"description\" content=\"Rassegna Stampa Cattolica - Per una cultura che nasce dalla Rivelazione cristiana in conformit\u00e0 alla tradizione e al Magistero della Chiesa in opposizione ad ogni relativismo e totalitarismo\" \/>\n<meta name=\"robots\" content=\"index, follow, max-snippet:-1, max-image-preview:large, max-video-preview:-1\" \/>\n<link rel=\"canonical\" href=\"https:\/\/www.rassegnastampa-totustuus.it\/cattolica\/varsavia-1920-il-miracolo-della-vistola\/\" \/>\n<meta property=\"og:locale\" content=\"it_IT\" \/>\n<meta property=\"og:type\" content=\"article\" \/>\n<meta property=\"og:title\" content=\"Varsavia 1920 \u201cIl miracolo della Vistola\u201d - Rassegna Stampa Cattolica\" \/>\n<meta property=\"og:description\" content=\"Rassegna Stampa Cattolica - Per una cultura che nasce dalla Rivelazione cristiana in conformit\u00e0 alla tradizione e al Magistero della Chiesa in opposizione ad ogni relativismo e totalitarismo\" \/>\n<meta property=\"og:url\" content=\"https:\/\/www.rassegnastampa-totustuus.it\/cattolica\/varsavia-1920-il-miracolo-della-vistola\/\" \/>\n<meta property=\"og:site_name\" content=\"Rassegna Stampa Cattolica\" \/>\n<meta property=\"article:publisher\" content=\"https:\/\/www.facebook.com\/rassegnastampacattolica\" \/>\n<meta property=\"article:published_time\" content=\"2010-05-26T22:00:00+00:00\" \/>\n<meta property=\"article:modified_time\" content=\"2019-11-08T08:48:23+00:00\" \/>\n<meta property=\"og:image\" content=\"https:\/\/www.rassegnastampa-totustuus.it\/cattolica\/wp-content\/uploads\/2010\/05\/Pilsudski.jpg\" \/>\n\t<meta property=\"og:image:width\" content=\"183\" \/>\n\t<meta property=\"og:image:height\" content=\"275\" \/>\n\t<meta property=\"og:image:type\" content=\"image\/jpeg\" \/>\n<meta name=\"author\" content=\"Redazione\" \/>\n<meta name=\"twitter:card\" content=\"summary_large_image\" \/>\n<meta name=\"twitter:creator\" content=\"@rassegnastampa9\" \/>\n<meta name=\"twitter:site\" content=\"@rassegnastampa9\" \/>\n<meta name=\"twitter:label1\" content=\"Scritto da\" \/>\n\t<meta name=\"twitter:data1\" content=\"Redazione\" \/>\n\t<meta name=\"twitter:label2\" content=\"Tempo di lettura stimato\" \/>\n\t<meta name=\"twitter:data2\" content=\"7 minuti\" \/>\n<script type=\"application\/ld+json\" class=\"yoast-schema-graph\">{\"@context\":\"https:\\\/\\\/schema.org\",\"@graph\":[{\"@type\":\"Article\",\"@id\":\"https:\\\/\\\/www.rassegnastampa-totustuus.it\\\/cattolica\\\/varsavia-1920-il-miracolo-della-vistola\\\/#article\",\"isPartOf\":{\"@id\":\"https:\\\/\\\/www.rassegnastampa-totustuus.it\\\/cattolica\\\/varsavia-1920-il-miracolo-della-vistola\\\/\"},\"author\":{\"name\":\"Redazione\",\"@id\":\"https:\\\/\\\/www.rassegnastampa-totustuus.it\\\/cattolica\\\/#\\\/schema\\\/person\\\/08f319d2bd1a0904ad9e2bfb7b15e5c3\"},\"headline\":\"Varsavia 1920 \u201cIl miracolo della Vistola\u201d\",\"datePublished\":\"2010-05-26T22:00:00+00:00\",\"dateModified\":\"2019-11-08T08:48:23+00:00\",\"mainEntityOfPage\":{\"@id\":\"https:\\\/\\\/www.rassegnastampa-totustuus.it\\\/cattolica\\\/varsavia-1920-il-miracolo-della-vistola\\\/\"},\"wordCount\":1483,\"publisher\":{\"@id\":\"https:\\\/\\\/www.rassegnastampa-totustuus.it\\\/cattolica\\\/#organization\"},\"image\":{\"@id\":\"https:\\\/\\\/www.rassegnastampa-totustuus.it\\\/cattolica\\\/varsavia-1920-il-miracolo-della-vistola\\\/#primaryimage\"},\"thumbnailUrl\":\"https:\\\/\\\/www.rassegnastampa-totustuus.it\\\/cattolica\\\/wp-content\\\/uploads\\\/2010\\\/05\\\/Pilsudski.jpg\",\"keywords\":[\"J\u00f2zef Pilsudski\",\"Polonia\"],\"articleSection\":[\"Comunismo\",\"Storia\",\"URSS\"],\"inLanguage\":\"it-IT\"},{\"@type\":\"WebPage\",\"@id\":\"https:\\\/\\\/www.rassegnastampa-totustuus.it\\\/cattolica\\\/varsavia-1920-il-miracolo-della-vistola\\\/\",\"url\":\"https:\\\/\\\/www.rassegnastampa-totustuus.it\\\/cattolica\\\/varsavia-1920-il-miracolo-della-vistola\\\/\",\"name\":\"Varsavia 1920 \u201cIl miracolo della Vistola\u201d - Rassegna Stampa Cattolica\",\"isPartOf\":{\"@id\":\"https:\\\/\\\/www.rassegnastampa-totustuus.it\\\/cattolica\\\/#website\"},\"primaryImageOfPage\":{\"@id\":\"https:\\\/\\\/www.rassegnastampa-totustuus.it\\\/cattolica\\\/varsavia-1920-il-miracolo-della-vistola\\\/#primaryimage\"},\"image\":{\"@id\":\"https:\\\/\\\/www.rassegnastampa-totustuus.it\\\/cattolica\\\/varsavia-1920-il-miracolo-della-vistola\\\/#primaryimage\"},\"thumbnailUrl\":\"https:\\\/\\\/www.rassegnastampa-totustuus.it\\\/cattolica\\\/wp-content\\\/uploads\\\/2010\\\/05\\\/Pilsudski.jpg\",\"datePublished\":\"2010-05-26T22:00:00+00:00\",\"dateModified\":\"2019-11-08T08:48:23+00:00\",\"description\":\"Rassegna Stampa Cattolica - Per una cultura che nasce dalla Rivelazione cristiana in conformit\u00e0 alla tradizione e al Magistero della Chiesa in opposizione ad ogni relativismo e totalitarismo\",\"breadcrumb\":{\"@id\":\"https:\\\/\\\/www.rassegnastampa-totustuus.it\\\/cattolica\\\/varsavia-1920-il-miracolo-della-vistola\\\/#breadcrumb\"},\"inLanguage\":\"it-IT\",\"potentialAction\":[{\"@type\":\"ReadAction\",\"target\":[\"https:\\\/\\\/www.rassegnastampa-totustuus.it\\\/cattolica\\\/varsavia-1920-il-miracolo-della-vistola\\\/\"]}]},{\"@type\":\"ImageObject\",\"inLanguage\":\"it-IT\",\"@id\":\"https:\\\/\\\/www.rassegnastampa-totustuus.it\\\/cattolica\\\/varsavia-1920-il-miracolo-della-vistola\\\/#primaryimage\",\"url\":\"https:\\\/\\\/www.rassegnastampa-totustuus.it\\\/cattolica\\\/wp-content\\\/uploads\\\/2010\\\/05\\\/Pilsudski.jpg\",\"contentUrl\":\"https:\\\/\\\/www.rassegnastampa-totustuus.it\\\/cattolica\\\/wp-content\\\/uploads\\\/2010\\\/05\\\/Pilsudski.jpg\",\"width\":183,\"height\":275},{\"@type\":\"BreadcrumbList\",\"@id\":\"https:\\\/\\\/www.rassegnastampa-totustuus.it\\\/cattolica\\\/varsavia-1920-il-miracolo-della-vistola\\\/#breadcrumb\",\"itemListElement\":[{\"@type\":\"ListItem\",\"position\":1,\"name\":\"Home\",\"item\":\"https:\\\/\\\/www.rassegnastampa-totustuus.it\\\/cattolica\\\/\"},{\"@type\":\"ListItem\",\"position\":2,\"name\":\"Varsavia 1920 \u201cIl miracolo della Vistola\u201d\"}]},{\"@type\":\"WebSite\",\"@id\":\"https:\\\/\\\/www.rassegnastampa-totustuus.it\\\/cattolica\\\/#website\",\"url\":\"https:\\\/\\\/www.rassegnastampa-totustuus.it\\\/cattolica\\\/\",\"name\":\"Rassegna Stampa Cattolica\",\"description\":\"Per una cultura che nasce dalla Rivelazione cristiana in conformit\u00e0 alla tradizione e al Magistero della Chiesa in opposizione ad ogni relativismo e totalitarismo\",\"publisher\":{\"@id\":\"https:\\\/\\\/www.rassegnastampa-totustuus.it\\\/cattolica\\\/#organization\"},\"alternateName\":\"Rass. Cattolica\",\"potentialAction\":[{\"@type\":\"SearchAction\",\"target\":{\"@type\":\"EntryPoint\",\"urlTemplate\":\"https:\\\/\\\/www.rassegnastampa-totustuus.it\\\/cattolica\\\/?s={search_term_string}\"},\"query-input\":{\"@type\":\"PropertyValueSpecification\",\"valueRequired\":true,\"valueName\":\"search_term_string\"}}],\"inLanguage\":\"it-IT\"},{\"@type\":\"Organization\",\"@id\":\"https:\\\/\\\/www.rassegnastampa-totustuus.it\\\/cattolica\\\/#organization\",\"name\":\"Rassegna Stampa Cattolica\",\"url\":\"https:\\\/\\\/www.rassegnastampa-totustuus.it\\\/cattolica\\\/\",\"logo\":{\"@type\":\"ImageObject\",\"inLanguage\":\"it-IT\",\"@id\":\"https:\\\/\\\/www.rassegnastampa-totustuus.it\\\/cattolica\\\/#\\\/schema\\\/logo\\\/image\\\/\",\"url\":\"https:\\\/\\\/www.rassegnastampa-totustuus.it\\\/cattolica\\\/wp-content\\\/uploads\\\/2014\\\/04\\\/logo-rassegna1.gif\",\"contentUrl\":\"https:\\\/\\\/www.rassegnastampa-totustuus.it\\\/cattolica\\\/wp-content\\\/uploads\\\/2014\\\/04\\\/logo-rassegna1.gif\",\"width\":600,\"height\":163,\"caption\":\"Rassegna Stampa Cattolica\"},\"image\":{\"@id\":\"https:\\\/\\\/www.rassegnastampa-totustuus.it\\\/cattolica\\\/#\\\/schema\\\/logo\\\/image\\\/\"},\"sameAs\":[\"https:\\\/\\\/www.facebook.com\\\/rassegnastampacattolica\",\"https:\\\/\\\/x.com\\\/rassegnastampa9\"]},{\"@type\":\"Person\",\"@id\":\"https:\\\/\\\/www.rassegnastampa-totustuus.it\\\/cattolica\\\/#\\\/schema\\\/person\\\/08f319d2bd1a0904ad9e2bfb7b15e5c3\",\"name\":\"Redazione\",\"image\":{\"@type\":\"ImageObject\",\"inLanguage\":\"it-IT\",\"@id\":\"https:\\\/\\\/secure.gravatar.com\\\/avatar\\\/2fcdf27c78ea025fbdb44e914cc63c72249ffec9dc8aafd5c82b26240ef3f346?s=96&d=mm&r=g\",\"url\":\"https:\\\/\\\/secure.gravatar.com\\\/avatar\\\/2fcdf27c78ea025fbdb44e914cc63c72249ffec9dc8aafd5c82b26240ef3f346?s=96&d=mm&r=g\",\"contentUrl\":\"https:\\\/\\\/secure.gravatar.com\\\/avatar\\\/2fcdf27c78ea025fbdb44e914cc63c72249ffec9dc8aafd5c82b26240ef3f346?s=96&d=mm&r=g\",\"caption\":\"Redazione\"},\"url\":\"https:\\\/\\\/www.rassegnastampa-totustuus.it\\\/cattolica\\\/author\\\/pietroelle\\\/\"}]}<\/script>\n<!-- \/ Yoast SEO plugin. -->","yoast_head_json":{"title":"Varsavia 1920 \u201cIl miracolo della Vistola\u201d - Rassegna Stampa Cattolica","description":"Rassegna Stampa Cattolica - Per una cultura che nasce dalla Rivelazione cristiana in conformit\u00e0 alla tradizione e al Magistero della Chiesa in opposizione ad ogni relativismo e totalitarismo","robots":{"index":"index","follow":"follow","max-snippet":"max-snippet:-1","max-image-preview":"max-image-preview:large","max-video-preview":"max-video-preview:-1"},"canonical":"https:\/\/www.rassegnastampa-totustuus.it\/cattolica\/varsavia-1920-il-miracolo-della-vistola\/","og_locale":"it_IT","og_type":"article","og_title":"Varsavia 1920 \u201cIl miracolo della Vistola\u201d - Rassegna Stampa Cattolica","og_description":"Rassegna Stampa Cattolica - Per una cultura che nasce dalla Rivelazione cristiana in conformit\u00e0 alla tradizione e al Magistero della Chiesa in opposizione ad ogni relativismo e totalitarismo","og_url":"https:\/\/www.rassegnastampa-totustuus.it\/cattolica\/varsavia-1920-il-miracolo-della-vistola\/","og_site_name":"Rassegna Stampa Cattolica","article_publisher":"https:\/\/www.facebook.com\/rassegnastampacattolica","article_published_time":"2010-05-26T22:00:00+00:00","article_modified_time":"2019-11-08T08:48:23+00:00","og_image":[{"width":183,"height":275,"url":"https:\/\/www.rassegnastampa-totustuus.it\/cattolica\/wp-content\/uploads\/2010\/05\/Pilsudski.jpg","type":"image\/jpeg"}],"author":"Redazione","twitter_card":"summary_large_image","twitter_creator":"@rassegnastampa9","twitter_site":"@rassegnastampa9","twitter_misc":{"Scritto da":"Redazione","Tempo di lettura stimato":"7 minuti"},"schema":{"@context":"https:\/\/schema.org","@graph":[{"@type":"Article","@id":"https:\/\/www.rassegnastampa-totustuus.it\/cattolica\/varsavia-1920-il-miracolo-della-vistola\/#article","isPartOf":{"@id":"https:\/\/www.rassegnastampa-totustuus.it\/cattolica\/varsavia-1920-il-miracolo-della-vistola\/"},"author":{"name":"Redazione","@id":"https:\/\/www.rassegnastampa-totustuus.it\/cattolica\/#\/schema\/person\/08f319d2bd1a0904ad9e2bfb7b15e5c3"},"headline":"Varsavia 1920 \u201cIl miracolo della Vistola\u201d","datePublished":"2010-05-26T22:00:00+00:00","dateModified":"2019-11-08T08:48:23+00:00","mainEntityOfPage":{"@id":"https:\/\/www.rassegnastampa-totustuus.it\/cattolica\/varsavia-1920-il-miracolo-della-vistola\/"},"wordCount":1483,"publisher":{"@id":"https:\/\/www.rassegnastampa-totustuus.it\/cattolica\/#organization"},"image":{"@id":"https:\/\/www.rassegnastampa-totustuus.it\/cattolica\/varsavia-1920-il-miracolo-della-vistola\/#primaryimage"},"thumbnailUrl":"https:\/\/www.rassegnastampa-totustuus.it\/cattolica\/wp-content\/uploads\/2010\/05\/Pilsudski.jpg","keywords":["J\u00f2zef Pilsudski","Polonia"],"articleSection":["Comunismo","Storia","URSS"],"inLanguage":"it-IT"},{"@type":"WebPage","@id":"https:\/\/www.rassegnastampa-totustuus.it\/cattolica\/varsavia-1920-il-miracolo-della-vistola\/","url":"https:\/\/www.rassegnastampa-totustuus.it\/cattolica\/varsavia-1920-il-miracolo-della-vistola\/","name":"Varsavia 1920 \u201cIl miracolo della Vistola\u201d - Rassegna Stampa Cattolica","isPartOf":{"@id":"https:\/\/www.rassegnastampa-totustuus.it\/cattolica\/#website"},"primaryImageOfPage":{"@id":"https:\/\/www.rassegnastampa-totustuus.it\/cattolica\/varsavia-1920-il-miracolo-della-vistola\/#primaryimage"},"image":{"@id":"https:\/\/www.rassegnastampa-totustuus.it\/cattolica\/varsavia-1920-il-miracolo-della-vistola\/#primaryimage"},"thumbnailUrl":"https:\/\/www.rassegnastampa-totustuus.it\/cattolica\/wp-content\/uploads\/2010\/05\/Pilsudski.jpg","datePublished":"2010-05-26T22:00:00+00:00","dateModified":"2019-11-08T08:48:23+00:00","description":"Rassegna Stampa Cattolica - Per una cultura che nasce dalla Rivelazione cristiana in conformit\u00e0 alla tradizione e al Magistero della Chiesa in opposizione ad ogni relativismo e totalitarismo","breadcrumb":{"@id":"https:\/\/www.rassegnastampa-totustuus.it\/cattolica\/varsavia-1920-il-miracolo-della-vistola\/#breadcrumb"},"inLanguage":"it-IT","potentialAction":[{"@type":"ReadAction","target":["https:\/\/www.rassegnastampa-totustuus.it\/cattolica\/varsavia-1920-il-miracolo-della-vistola\/"]}]},{"@type":"ImageObject","inLanguage":"it-IT","@id":"https:\/\/www.rassegnastampa-totustuus.it\/cattolica\/varsavia-1920-il-miracolo-della-vistola\/#primaryimage","url":"https:\/\/www.rassegnastampa-totustuus.it\/cattolica\/wp-content\/uploads\/2010\/05\/Pilsudski.jpg","contentUrl":"https:\/\/www.rassegnastampa-totustuus.it\/cattolica\/wp-content\/uploads\/2010\/05\/Pilsudski.jpg","width":183,"height":275},{"@type":"BreadcrumbList","@id":"https:\/\/www.rassegnastampa-totustuus.it\/cattolica\/varsavia-1920-il-miracolo-della-vistola\/#breadcrumb","itemListElement":[{"@type":"ListItem","position":1,"name":"Home","item":"https:\/\/www.rassegnastampa-totustuus.it\/cattolica\/"},{"@type":"ListItem","position":2,"name":"Varsavia 1920 \u201cIl miracolo della Vistola\u201d"}]},{"@type":"WebSite","@id":"https:\/\/www.rassegnastampa-totustuus.it\/cattolica\/#website","url":"https:\/\/www.rassegnastampa-totustuus.it\/cattolica\/","name":"Rassegna Stampa Cattolica","description":"Per una cultura che nasce dalla Rivelazione cristiana in conformit\u00e0 alla tradizione e al Magistero della Chiesa in opposizione ad ogni relativismo e totalitarismo","publisher":{"@id":"https:\/\/www.rassegnastampa-totustuus.it\/cattolica\/#organization"},"alternateName":"Rass. Cattolica","potentialAction":[{"@type":"SearchAction","target":{"@type":"EntryPoint","urlTemplate":"https:\/\/www.rassegnastampa-totustuus.it\/cattolica\/?s={search_term_string}"},"query-input":{"@type":"PropertyValueSpecification","valueRequired":true,"valueName":"search_term_string"}}],"inLanguage":"it-IT"},{"@type":"Organization","@id":"https:\/\/www.rassegnastampa-totustuus.it\/cattolica\/#organization","name":"Rassegna Stampa Cattolica","url":"https:\/\/www.rassegnastampa-totustuus.it\/cattolica\/","logo":{"@type":"ImageObject","inLanguage":"it-IT","@id":"https:\/\/www.rassegnastampa-totustuus.it\/cattolica\/#\/schema\/logo\/image\/","url":"https:\/\/www.rassegnastampa-totustuus.it\/cattolica\/wp-content\/uploads\/2014\/04\/logo-rassegna1.gif","contentUrl":"https:\/\/www.rassegnastampa-totustuus.it\/cattolica\/wp-content\/uploads\/2014\/04\/logo-rassegna1.gif","width":600,"height":163,"caption":"Rassegna Stampa Cattolica"},"image":{"@id":"https:\/\/www.rassegnastampa-totustuus.it\/cattolica\/#\/schema\/logo\/image\/"},"sameAs":["https:\/\/www.facebook.com\/rassegnastampacattolica","https:\/\/x.com\/rassegnastampa9"]},{"@type":"Person","@id":"https:\/\/www.rassegnastampa-totustuus.it\/cattolica\/#\/schema\/person\/08f319d2bd1a0904ad9e2bfb7b15e5c3","name":"Redazione","image":{"@type":"ImageObject","inLanguage":"it-IT","@id":"https:\/\/secure.gravatar.com\/avatar\/2fcdf27c78ea025fbdb44e914cc63c72249ffec9dc8aafd5c82b26240ef3f346?s=96&d=mm&r=g","url":"https:\/\/secure.gravatar.com\/avatar\/2fcdf27c78ea025fbdb44e914cc63c72249ffec9dc8aafd5c82b26240ef3f346?s=96&d=mm&r=g","contentUrl":"https:\/\/secure.gravatar.com\/avatar\/2fcdf27c78ea025fbdb44e914cc63c72249ffec9dc8aafd5c82b26240ef3f346?s=96&d=mm&r=g","caption":"Redazione"},"url":"https:\/\/www.rassegnastampa-totustuus.it\/cattolica\/author\/pietroelle\/"}]}},"_links":{"self":[{"href":"https:\/\/www.rassegnastampa-totustuus.it\/cattolica\/wp-json\/wp\/v2\/posts\/3839","targetHints":{"allow":["GET"]}}],"collection":[{"href":"https:\/\/www.rassegnastampa-totustuus.it\/cattolica\/wp-json\/wp\/v2\/posts"}],"about":[{"href":"https:\/\/www.rassegnastampa-totustuus.it\/cattolica\/wp-json\/wp\/v2\/types\/post"}],"author":[{"embeddable":true,"href":"https:\/\/www.rassegnastampa-totustuus.it\/cattolica\/wp-json\/wp\/v2\/users\/6"}],"replies":[{"embeddable":true,"href":"https:\/\/www.rassegnastampa-totustuus.it\/cattolica\/wp-json\/wp\/v2\/comments?post=3839"}],"version-history":[{"count":3,"href":"https:\/\/www.rassegnastampa-totustuus.it\/cattolica\/wp-json\/wp\/v2\/posts\/3839\/revisions"}],"predecessor-version":[{"id":45103,"href":"https:\/\/www.rassegnastampa-totustuus.it\/cattolica\/wp-json\/wp\/v2\/posts\/3839\/revisions\/45103"}],"wp:featuredmedia":[{"embeddable":true,"href":"https:\/\/www.rassegnastampa-totustuus.it\/cattolica\/wp-json\/wp\/v2\/media\/20959"}],"wp:attachment":[{"href":"https:\/\/www.rassegnastampa-totustuus.it\/cattolica\/wp-json\/wp\/v2\/media?parent=3839"}],"wp:term":[{"taxonomy":"category","embeddable":true,"href":"https:\/\/www.rassegnastampa-totustuus.it\/cattolica\/wp-json\/wp\/v2\/categories?post=3839"},{"taxonomy":"post_tag","embeddable":true,"href":"https:\/\/www.rassegnastampa-totustuus.it\/cattolica\/wp-json\/wp\/v2\/tags?post=3839"}],"curies":[{"name":"wp","href":"https:\/\/api.w.org\/{rel}","templated":true}]}}