{"id":383,"date":"2005-03-16T00:00:00","date_gmt":"2005-03-15T23:00:00","guid":{"rendered":""},"modified":"2025-07-09T12:19:14","modified_gmt":"2025-07-09T10:19:14","slug":"concilio-vaticano-ii-una-storia-non-neutrale","status":"publish","type":"post","link":"https:\/\/www.rassegnastampa-totustuus.it\/cattolica\/concilio-vaticano-ii-una-storia-non-neutrale\/","title":{"rendered":"Concilio Vaticano II. Una storia non neutrale"},"content":{"rendered":"\n<p class=\"has-text-align-center\">pubblicato su: <strong><a href=\"http:\/\/www.chiesa.espressonline.it\/\" target=\"_blank\" rel=\"noreferrer noopener\">www.chiesa.espressonline.it<\/a><\/strong><\/p>\n\n\n\n<p><em>Anzi, decisamente a tesi. Con Giovanni XXIII e Paolo VI l\u2019un contro l\u2019altro schierati. Secondo i canoni della scuola bolognese di Alberigo e, su su, di Dossetti<\/em><\/p>\n\n\n\n<p class=\"has-text-align-center\">di <strong>Sandro Magister<\/strong><\/p>\n\n\n<div class=\"wp-block-image\">\n<figure class=\"aligncenter size-full\"><a href=\"https:\/\/www.rassegnastampa-totustuus.it\/cattolica\/wp-content\/uploads\/2005\/03\/alberico_cover.jpg\"><img loading=\"lazy\" decoding=\"async\" width=\"181\" height=\"279\" src=\"https:\/\/www.rassegnastampa-totustuus.it\/cattolica\/wp-content\/uploads\/2005\/03\/alberico_cover.jpg\" alt=\"\" class=\"wp-image-34938\"\/><\/a><\/figure><\/div>\n\n\n<!--more-->\n\n\n\n<p>ROMA \u2013 Con questo volume si chiude la \u201cStoria del Concilio Vaticano II\u201d ricostruita dal pool internazionale di studiosi diretto da Giuseppe Alberigo.<\/p>\n\n\n\n<p>Alberigo rimanda a Giuseppe Dossetti, di cui \u00e8 stato per decenni, a Bologna, stretto collaboratore. E quindi all\u2019azione di riforma della Chiesa che ha avuto in Dossetti la sua guida autorevole.<\/p>\n\n\n\n<p>Questa \u201cStoria del Concilio\u201d non \u00e8, infatti, neutrale. Riflette intensamente la visione dossettiana. \u00c8 costruita su una dose imponente di fonti, che semplicemente elencate riempiono un libro (edito anch\u2019esso in questi giorni dal Mulino: \u201cIl Concilio inedito. Fonti del Vaticano II\u201d, a cura di Massimo Faggioli e Giovanni Turbanti, pagine 168, lire 25.000). E da questo punto di vista \u00e8 un\u2019opera senza eguali, ricchissima, una pietra miliare per gli studi sulla Chiesa contemporanea.<\/p>\n\n\n\n<p>Ma queste innumerevoli fonti diventano mattoni di una ricostruzione straordinariamente compatta e univocamente orientata. La tesi di fondo di questa \u201cStoria\u201d \u00e8 che, del Concilio, gli elementi prioritari non sono i testi che esso ha prodotto e promulgato. La priorit\u00e0 \u00e8 data all\u2019evento in s\u00e9. Il vero Concilio \u00e8 lo \u201cspirito\u201d del Concilio.<\/p>\n\n\n\n<p>Non riducibile, anzi, incommensurabilmente superiore alla \u201clettera\u201d degli stessi testi conciliari. E lo \u201cspirito\u201d del Concilio \u00e8 identificato nel sogno di Giovanni XXIII di una &#8220;nuova Pentecoste&#8221; per la Chiesa e per il mondo. Mentre la \u201clettera\u201d sarebbe l\u2019imbrigliamento dell\u2019assise attuato da Paolo VI, il papa che ha in effetti promulgato tutti i documenti conciliari.<\/p>\n\n\n\n<p>Tra Giovanni e Paolo lo scarto \u00e8 dato come incolmabile. Quasi la \u201clettera\u201d montiniana avesse soffocato e tradito lo \u201cspirito\u201d roncalliano. Un altra tesi di fondo di questa \u201cStoria\u201d \u00e8 che il Vaticano II ha segnato una cesura sistemica tra la stagione ecclesiastica anteriore, preconciliare, e quella successiva, postconciliare.<\/p>\n\n\n\n<p>Questa tesi non \u00e8 accolta da tutti gli storici. Hubert Jedin ha contestato che il Vaticano II abbia rotto drasticamente con l\u2019epoca tridentina, perch\u00e9 semmai lo strappo \u00e8 posteriore: tra il Vaticano II e la burrasca del postconcilio. Ed \u00c9mile Poulat ha addirittura sostenuto che il Vaticano II \u00e8 stato una rivoluzione solo illusoria e apparente. Che non ha neppure scalfito il modello intransigente e controriformista del cattolicesimo contemporaneo.<\/p>\n\n\n\n<p>Sono dunque interpretazioni del Concilio Vaticano II fortemente discordi, quelle che tuttora si contendono il campo tra gli studiosi. Ma a guardare alla loro ricaduta nei libri e nei media, non c\u2019\u00e8 dubbio che a stravincere \u00e8 la lettura della scuola di Alberigo e, su su, di Dossetti, anche grazie alla potenza di fuoco della loro imponente ricostruzione storica, edita contemporaneamente in sei lingue. La riprova \u00e8 nel parallelo trionfo della mitizzazione di Giovanni XXIII.<\/p>\n\n\n\n<p>Discordi, dunque, gli studiosi. Curiosamente, per\u00f2, sono rare le critiche qualificate che hanno preso come oggetto questa \u201cStoria\u201d. \u201cL\u2019Osservatore Romano\u201d l\u2019ha ripetutamente stroncata, dopo l\u2019uscita di ciascun volume, con recensioni a tutta pagina. Per la penna di un prelato della segreteria di Stato, Agostino Marchetto.<\/p>\n\n\n\n<p>In Italia, una recensione critica molto penetrante, ampia e argomentata, all\u2019impianto della \u201cStoria\u201d diretta da Alberigo, \u00e8 quella di Marco Vergottini, apparsa nel marzo del 1997 su \u201cTeologia\u201d, la rivista della Facolt\u00e0 teologica di Milano.<\/p>\n\n\n\n<p>_______________________<\/p>\n\n\n\n<p>il libro <strong>\u201dStoria del Concilio Vaticano II\u201d, <\/strong>diretta da Giuseppe Alberigo, Volume 5: \u201cConcilio di transizione. Il quarto periodo e la conclusione del Concilio (1965)&#8221;, edizione italiana a cura di Alberto Melloni, <a href=\"http:\/\/www.mulino.it\/\" target=\"_blank\" rel=\"noopener\">il Mulino<\/a>, Bologna, 2001, pagine 792, lire 95.000.<\/p>\n","protected":false},"excerpt":{"rendered":"<p>pubblicato su: www.chiesa.espressonline.it Anzi, decisamente a tesi. Con Giovanni XXIII e Paolo VI l\u2019un contro l\u2019altro schierati. Secondo i canoni della scuola bolognese di Alberigo e, su su, di Dossetti di Sandro Magister<\/p><p><a class=\"more-link btn\" href=\"https:\/\/www.rassegnastampa-totustuus.it\/cattolica\/concilio-vaticano-ii-una-storia-non-neutrale\/\">Continua a leggere<\/a><\/p>\n","protected":false},"author":6,"featured_media":34938,"comment_status":"closed","ping_status":"open","sticky":false,"template":"","format":"standard","meta":{"footnotes":""},"categories":[5,17],"tags":[344],"class_list":["post-383","post","type-post","status-publish","format-standard","has-post-thumbnail","hentry","category-chiesa","category-libri","tag-concilio-vaticano-ii","item-wrap"],"yoast_head":"<!-- This site is optimized with the Yoast SEO plugin v27.4 - https:\/\/yoast.com\/product\/yoast-seo-wordpress\/ -->\n<title>Concilio Vaticano II. Una storia non neutrale - Rassegna Stampa Cattolica<\/title>\n<meta name=\"description\" content=\"Concilio Vaticano II. Una storia non neutrale. Anzi, decisamente a tesi. Con Giovanni XXIII e Paolo VI l\u2019un contro l\u2019altro schierati.\" \/>\n<meta name=\"robots\" content=\"index, follow, max-snippet:-1, max-image-preview:large, max-video-preview:-1\" \/>\n<link rel=\"canonical\" href=\"https:\/\/www.rassegnastampa-totustuus.it\/cattolica\/concilio-vaticano-ii-una-storia-non-neutrale\/\" \/>\n<meta property=\"og:locale\" content=\"it_IT\" \/>\n<meta property=\"og:type\" content=\"article\" \/>\n<meta property=\"og:title\" content=\"Concilio Vaticano II. Una storia non neutrale - Rassegna Stampa Cattolica\" \/>\n<meta property=\"og:description\" content=\"Concilio Vaticano II. Una storia non neutrale. Anzi, decisamente a tesi. Con Giovanni XXIII e Paolo VI l\u2019un contro l\u2019altro schierati.\" \/>\n<meta property=\"og:url\" content=\"https:\/\/www.rassegnastampa-totustuus.it\/cattolica\/concilio-vaticano-ii-una-storia-non-neutrale\/\" \/>\n<meta property=\"og:site_name\" content=\"Rassegna Stampa Cattolica\" \/>\n<meta property=\"article:publisher\" content=\"https:\/\/www.facebook.com\/rassegnastampacattolica\" \/>\n<meta property=\"article:published_time\" content=\"2005-03-15T23:00:00+00:00\" \/>\n<meta property=\"article:modified_time\" content=\"2025-07-09T10:19:14+00:00\" \/>\n<meta property=\"og:image\" content=\"https:\/\/www.rassegnastampa-totustuus.it\/cattolica\/wp-content\/uploads\/2005\/03\/alberico_cover.jpg\" \/>\n\t<meta property=\"og:image:width\" content=\"181\" \/>\n\t<meta property=\"og:image:height\" content=\"279\" \/>\n\t<meta property=\"og:image:type\" content=\"image\/jpeg\" \/>\n<meta name=\"author\" content=\"Redazione\" \/>\n<meta name=\"twitter:card\" content=\"summary_large_image\" \/>\n<meta name=\"twitter:creator\" content=\"@rassegnastampa9\" \/>\n<meta name=\"twitter:site\" content=\"@rassegnastampa9\" \/>\n<meta name=\"twitter:label1\" content=\"Scritto da\" \/>\n\t<meta name=\"twitter:data1\" content=\"Redazione\" \/>\n\t<meta name=\"twitter:label2\" content=\"Tempo di lettura stimato\" \/>\n\t<meta name=\"twitter:data2\" content=\"4 minuti\" \/>\n<script type=\"application\/ld+json\" class=\"yoast-schema-graph\">{\"@context\":\"https:\\\/\\\/schema.org\",\"@graph\":[{\"@type\":\"Article\",\"@id\":\"https:\\\/\\\/www.rassegnastampa-totustuus.it\\\/cattolica\\\/concilio-vaticano-ii-una-storia-non-neutrale\\\/#article\",\"isPartOf\":{\"@id\":\"https:\\\/\\\/www.rassegnastampa-totustuus.it\\\/cattolica\\\/concilio-vaticano-ii-una-storia-non-neutrale\\\/\"},\"author\":{\"name\":\"Redazione\",\"@id\":\"https:\\\/\\\/www.rassegnastampa-totustuus.it\\\/cattolica\\\/#\\\/schema\\\/person\\\/08f319d2bd1a0904ad9e2bfb7b15e5c3\"},\"headline\":\"Concilio Vaticano II. Una storia non neutrale\",\"datePublished\":\"2005-03-15T23:00:00+00:00\",\"dateModified\":\"2025-07-09T10:19:14+00:00\",\"mainEntityOfPage\":{\"@id\":\"https:\\\/\\\/www.rassegnastampa-totustuus.it\\\/cattolica\\\/concilio-vaticano-ii-una-storia-non-neutrale\\\/\"},\"wordCount\":579,\"publisher\":{\"@id\":\"https:\\\/\\\/www.rassegnastampa-totustuus.it\\\/cattolica\\\/#organization\"},\"image\":{\"@id\":\"https:\\\/\\\/www.rassegnastampa-totustuus.it\\\/cattolica\\\/concilio-vaticano-ii-una-storia-non-neutrale\\\/#primaryimage\"},\"thumbnailUrl\":\"https:\\\/\\\/www.rassegnastampa-totustuus.it\\\/cattolica\\\/wp-content\\\/uploads\\\/2005\\\/03\\\/alberico_cover.jpg\",\"keywords\":[\"Concilio Vaticano II\"],\"articleSection\":[\"Chiesa\",\"Libri\"],\"inLanguage\":\"it-IT\"},{\"@type\":\"WebPage\",\"@id\":\"https:\\\/\\\/www.rassegnastampa-totustuus.it\\\/cattolica\\\/concilio-vaticano-ii-una-storia-non-neutrale\\\/\",\"url\":\"https:\\\/\\\/www.rassegnastampa-totustuus.it\\\/cattolica\\\/concilio-vaticano-ii-una-storia-non-neutrale\\\/\",\"name\":\"Concilio Vaticano II. Una storia non neutrale - Rassegna Stampa Cattolica\",\"isPartOf\":{\"@id\":\"https:\\\/\\\/www.rassegnastampa-totustuus.it\\\/cattolica\\\/#website\"},\"primaryImageOfPage\":{\"@id\":\"https:\\\/\\\/www.rassegnastampa-totustuus.it\\\/cattolica\\\/concilio-vaticano-ii-una-storia-non-neutrale\\\/#primaryimage\"},\"image\":{\"@id\":\"https:\\\/\\\/www.rassegnastampa-totustuus.it\\\/cattolica\\\/concilio-vaticano-ii-una-storia-non-neutrale\\\/#primaryimage\"},\"thumbnailUrl\":\"https:\\\/\\\/www.rassegnastampa-totustuus.it\\\/cattolica\\\/wp-content\\\/uploads\\\/2005\\\/03\\\/alberico_cover.jpg\",\"datePublished\":\"2005-03-15T23:00:00+00:00\",\"dateModified\":\"2025-07-09T10:19:14+00:00\",\"description\":\"Concilio Vaticano II. Una storia non neutrale. Anzi, decisamente a tesi. Con Giovanni XXIII e Paolo VI l\u2019un contro l\u2019altro schierati.\",\"breadcrumb\":{\"@id\":\"https:\\\/\\\/www.rassegnastampa-totustuus.it\\\/cattolica\\\/concilio-vaticano-ii-una-storia-non-neutrale\\\/#breadcrumb\"},\"inLanguage\":\"it-IT\",\"potentialAction\":[{\"@type\":\"ReadAction\",\"target\":[\"https:\\\/\\\/www.rassegnastampa-totustuus.it\\\/cattolica\\\/concilio-vaticano-ii-una-storia-non-neutrale\\\/\"]}]},{\"@type\":\"ImageObject\",\"inLanguage\":\"it-IT\",\"@id\":\"https:\\\/\\\/www.rassegnastampa-totustuus.it\\\/cattolica\\\/concilio-vaticano-ii-una-storia-non-neutrale\\\/#primaryimage\",\"url\":\"https:\\\/\\\/www.rassegnastampa-totustuus.it\\\/cattolica\\\/wp-content\\\/uploads\\\/2005\\\/03\\\/alberico_cover.jpg\",\"contentUrl\":\"https:\\\/\\\/www.rassegnastampa-totustuus.it\\\/cattolica\\\/wp-content\\\/uploads\\\/2005\\\/03\\\/alberico_cover.jpg\",\"width\":181,\"height\":279},{\"@type\":\"BreadcrumbList\",\"@id\":\"https:\\\/\\\/www.rassegnastampa-totustuus.it\\\/cattolica\\\/concilio-vaticano-ii-una-storia-non-neutrale\\\/#breadcrumb\",\"itemListElement\":[{\"@type\":\"ListItem\",\"position\":1,\"name\":\"Home\",\"item\":\"https:\\\/\\\/www.rassegnastampa-totustuus.it\\\/cattolica\\\/\"},{\"@type\":\"ListItem\",\"position\":2,\"name\":\"Concilio Vaticano II. Una storia non neutrale\"}]},{\"@type\":\"WebSite\",\"@id\":\"https:\\\/\\\/www.rassegnastampa-totustuus.it\\\/cattolica\\\/#website\",\"url\":\"https:\\\/\\\/www.rassegnastampa-totustuus.it\\\/cattolica\\\/\",\"name\":\"Rassegna Stampa Cattolica\",\"description\":\"Per una cultura che nasce dalla Rivelazione cristiana in conformit\u00e0 alla tradizione e al Magistero della Chiesa in opposizione ad ogni relativismo e totalitarismo\",\"publisher\":{\"@id\":\"https:\\\/\\\/www.rassegnastampa-totustuus.it\\\/cattolica\\\/#organization\"},\"alternateName\":\"Rass. Cattolica\",\"potentialAction\":[{\"@type\":\"SearchAction\",\"target\":{\"@type\":\"EntryPoint\",\"urlTemplate\":\"https:\\\/\\\/www.rassegnastampa-totustuus.it\\\/cattolica\\\/?s={search_term_string}\"},\"query-input\":{\"@type\":\"PropertyValueSpecification\",\"valueRequired\":true,\"valueName\":\"search_term_string\"}}],\"inLanguage\":\"it-IT\"},{\"@type\":\"Organization\",\"@id\":\"https:\\\/\\\/www.rassegnastampa-totustuus.it\\\/cattolica\\\/#organization\",\"name\":\"Rassegna Stampa Cattolica\",\"url\":\"https:\\\/\\\/www.rassegnastampa-totustuus.it\\\/cattolica\\\/\",\"logo\":{\"@type\":\"ImageObject\",\"inLanguage\":\"it-IT\",\"@id\":\"https:\\\/\\\/www.rassegnastampa-totustuus.it\\\/cattolica\\\/#\\\/schema\\\/logo\\\/image\\\/\",\"url\":\"https:\\\/\\\/www.rassegnastampa-totustuus.it\\\/cattolica\\\/wp-content\\\/uploads\\\/2014\\\/04\\\/logo-rassegna1.gif\",\"contentUrl\":\"https:\\\/\\\/www.rassegnastampa-totustuus.it\\\/cattolica\\\/wp-content\\\/uploads\\\/2014\\\/04\\\/logo-rassegna1.gif\",\"width\":600,\"height\":163,\"caption\":\"Rassegna Stampa Cattolica\"},\"image\":{\"@id\":\"https:\\\/\\\/www.rassegnastampa-totustuus.it\\\/cattolica\\\/#\\\/schema\\\/logo\\\/image\\\/\"},\"sameAs\":[\"https:\\\/\\\/www.facebook.com\\\/rassegnastampacattolica\",\"https:\\\/\\\/x.com\\\/rassegnastampa9\"]},{\"@type\":\"Person\",\"@id\":\"https:\\\/\\\/www.rassegnastampa-totustuus.it\\\/cattolica\\\/#\\\/schema\\\/person\\\/08f319d2bd1a0904ad9e2bfb7b15e5c3\",\"name\":\"Redazione\",\"image\":{\"@type\":\"ImageObject\",\"inLanguage\":\"it-IT\",\"@id\":\"https:\\\/\\\/secure.gravatar.com\\\/avatar\\\/2fcdf27c78ea025fbdb44e914cc63c72249ffec9dc8aafd5c82b26240ef3f346?s=96&d=mm&r=g\",\"url\":\"https:\\\/\\\/secure.gravatar.com\\\/avatar\\\/2fcdf27c78ea025fbdb44e914cc63c72249ffec9dc8aafd5c82b26240ef3f346?s=96&d=mm&r=g\",\"contentUrl\":\"https:\\\/\\\/secure.gravatar.com\\\/avatar\\\/2fcdf27c78ea025fbdb44e914cc63c72249ffec9dc8aafd5c82b26240ef3f346?s=96&d=mm&r=g\",\"caption\":\"Redazione\"},\"url\":\"https:\\\/\\\/www.rassegnastampa-totustuus.it\\\/cattolica\\\/author\\\/pietroelle\\\/\"}]}<\/script>\n<!-- \/ Yoast SEO plugin. -->","yoast_head_json":{"title":"Concilio Vaticano II. Una storia non neutrale - Rassegna Stampa Cattolica","description":"Concilio Vaticano II. Una storia non neutrale. Anzi, decisamente a tesi. Con Giovanni XXIII e Paolo VI l\u2019un contro l\u2019altro schierati.","robots":{"index":"index","follow":"follow","max-snippet":"max-snippet:-1","max-image-preview":"max-image-preview:large","max-video-preview":"max-video-preview:-1"},"canonical":"https:\/\/www.rassegnastampa-totustuus.it\/cattolica\/concilio-vaticano-ii-una-storia-non-neutrale\/","og_locale":"it_IT","og_type":"article","og_title":"Concilio Vaticano II. Una storia non neutrale - Rassegna Stampa Cattolica","og_description":"Concilio Vaticano II. Una storia non neutrale. Anzi, decisamente a tesi. Con Giovanni XXIII e Paolo VI l\u2019un contro l\u2019altro schierati.","og_url":"https:\/\/www.rassegnastampa-totustuus.it\/cattolica\/concilio-vaticano-ii-una-storia-non-neutrale\/","og_site_name":"Rassegna Stampa Cattolica","article_publisher":"https:\/\/www.facebook.com\/rassegnastampacattolica","article_published_time":"2005-03-15T23:00:00+00:00","article_modified_time":"2025-07-09T10:19:14+00:00","og_image":[{"width":181,"height":279,"url":"https:\/\/www.rassegnastampa-totustuus.it\/cattolica\/wp-content\/uploads\/2005\/03\/alberico_cover.jpg","type":"image\/jpeg"}],"author":"Redazione","twitter_card":"summary_large_image","twitter_creator":"@rassegnastampa9","twitter_site":"@rassegnastampa9","twitter_misc":{"Scritto da":"Redazione","Tempo di lettura stimato":"4 minuti"},"schema":{"@context":"https:\/\/schema.org","@graph":[{"@type":"Article","@id":"https:\/\/www.rassegnastampa-totustuus.it\/cattolica\/concilio-vaticano-ii-una-storia-non-neutrale\/#article","isPartOf":{"@id":"https:\/\/www.rassegnastampa-totustuus.it\/cattolica\/concilio-vaticano-ii-una-storia-non-neutrale\/"},"author":{"name":"Redazione","@id":"https:\/\/www.rassegnastampa-totustuus.it\/cattolica\/#\/schema\/person\/08f319d2bd1a0904ad9e2bfb7b15e5c3"},"headline":"Concilio Vaticano II. Una storia non neutrale","datePublished":"2005-03-15T23:00:00+00:00","dateModified":"2025-07-09T10:19:14+00:00","mainEntityOfPage":{"@id":"https:\/\/www.rassegnastampa-totustuus.it\/cattolica\/concilio-vaticano-ii-una-storia-non-neutrale\/"},"wordCount":579,"publisher":{"@id":"https:\/\/www.rassegnastampa-totustuus.it\/cattolica\/#organization"},"image":{"@id":"https:\/\/www.rassegnastampa-totustuus.it\/cattolica\/concilio-vaticano-ii-una-storia-non-neutrale\/#primaryimage"},"thumbnailUrl":"https:\/\/www.rassegnastampa-totustuus.it\/cattolica\/wp-content\/uploads\/2005\/03\/alberico_cover.jpg","keywords":["Concilio Vaticano II"],"articleSection":["Chiesa","Libri"],"inLanguage":"it-IT"},{"@type":"WebPage","@id":"https:\/\/www.rassegnastampa-totustuus.it\/cattolica\/concilio-vaticano-ii-una-storia-non-neutrale\/","url":"https:\/\/www.rassegnastampa-totustuus.it\/cattolica\/concilio-vaticano-ii-una-storia-non-neutrale\/","name":"Concilio Vaticano II. Una storia non neutrale - Rassegna Stampa Cattolica","isPartOf":{"@id":"https:\/\/www.rassegnastampa-totustuus.it\/cattolica\/#website"},"primaryImageOfPage":{"@id":"https:\/\/www.rassegnastampa-totustuus.it\/cattolica\/concilio-vaticano-ii-una-storia-non-neutrale\/#primaryimage"},"image":{"@id":"https:\/\/www.rassegnastampa-totustuus.it\/cattolica\/concilio-vaticano-ii-una-storia-non-neutrale\/#primaryimage"},"thumbnailUrl":"https:\/\/www.rassegnastampa-totustuus.it\/cattolica\/wp-content\/uploads\/2005\/03\/alberico_cover.jpg","datePublished":"2005-03-15T23:00:00+00:00","dateModified":"2025-07-09T10:19:14+00:00","description":"Concilio Vaticano II. Una storia non neutrale. Anzi, decisamente a tesi. Con Giovanni XXIII e Paolo VI l\u2019un contro l\u2019altro schierati.","breadcrumb":{"@id":"https:\/\/www.rassegnastampa-totustuus.it\/cattolica\/concilio-vaticano-ii-una-storia-non-neutrale\/#breadcrumb"},"inLanguage":"it-IT","potentialAction":[{"@type":"ReadAction","target":["https:\/\/www.rassegnastampa-totustuus.it\/cattolica\/concilio-vaticano-ii-una-storia-non-neutrale\/"]}]},{"@type":"ImageObject","inLanguage":"it-IT","@id":"https:\/\/www.rassegnastampa-totustuus.it\/cattolica\/concilio-vaticano-ii-una-storia-non-neutrale\/#primaryimage","url":"https:\/\/www.rassegnastampa-totustuus.it\/cattolica\/wp-content\/uploads\/2005\/03\/alberico_cover.jpg","contentUrl":"https:\/\/www.rassegnastampa-totustuus.it\/cattolica\/wp-content\/uploads\/2005\/03\/alberico_cover.jpg","width":181,"height":279},{"@type":"BreadcrumbList","@id":"https:\/\/www.rassegnastampa-totustuus.it\/cattolica\/concilio-vaticano-ii-una-storia-non-neutrale\/#breadcrumb","itemListElement":[{"@type":"ListItem","position":1,"name":"Home","item":"https:\/\/www.rassegnastampa-totustuus.it\/cattolica\/"},{"@type":"ListItem","position":2,"name":"Concilio Vaticano II. Una storia non neutrale"}]},{"@type":"WebSite","@id":"https:\/\/www.rassegnastampa-totustuus.it\/cattolica\/#website","url":"https:\/\/www.rassegnastampa-totustuus.it\/cattolica\/","name":"Rassegna Stampa Cattolica","description":"Per una cultura che nasce dalla Rivelazione cristiana in conformit\u00e0 alla tradizione e al Magistero della Chiesa in opposizione ad ogni relativismo e totalitarismo","publisher":{"@id":"https:\/\/www.rassegnastampa-totustuus.it\/cattolica\/#organization"},"alternateName":"Rass. Cattolica","potentialAction":[{"@type":"SearchAction","target":{"@type":"EntryPoint","urlTemplate":"https:\/\/www.rassegnastampa-totustuus.it\/cattolica\/?s={search_term_string}"},"query-input":{"@type":"PropertyValueSpecification","valueRequired":true,"valueName":"search_term_string"}}],"inLanguage":"it-IT"},{"@type":"Organization","@id":"https:\/\/www.rassegnastampa-totustuus.it\/cattolica\/#organization","name":"Rassegna Stampa Cattolica","url":"https:\/\/www.rassegnastampa-totustuus.it\/cattolica\/","logo":{"@type":"ImageObject","inLanguage":"it-IT","@id":"https:\/\/www.rassegnastampa-totustuus.it\/cattolica\/#\/schema\/logo\/image\/","url":"https:\/\/www.rassegnastampa-totustuus.it\/cattolica\/wp-content\/uploads\/2014\/04\/logo-rassegna1.gif","contentUrl":"https:\/\/www.rassegnastampa-totustuus.it\/cattolica\/wp-content\/uploads\/2014\/04\/logo-rassegna1.gif","width":600,"height":163,"caption":"Rassegna Stampa Cattolica"},"image":{"@id":"https:\/\/www.rassegnastampa-totustuus.it\/cattolica\/#\/schema\/logo\/image\/"},"sameAs":["https:\/\/www.facebook.com\/rassegnastampacattolica","https:\/\/x.com\/rassegnastampa9"]},{"@type":"Person","@id":"https:\/\/www.rassegnastampa-totustuus.it\/cattolica\/#\/schema\/person\/08f319d2bd1a0904ad9e2bfb7b15e5c3","name":"Redazione","image":{"@type":"ImageObject","inLanguage":"it-IT","@id":"https:\/\/secure.gravatar.com\/avatar\/2fcdf27c78ea025fbdb44e914cc63c72249ffec9dc8aafd5c82b26240ef3f346?s=96&d=mm&r=g","url":"https:\/\/secure.gravatar.com\/avatar\/2fcdf27c78ea025fbdb44e914cc63c72249ffec9dc8aafd5c82b26240ef3f346?s=96&d=mm&r=g","contentUrl":"https:\/\/secure.gravatar.com\/avatar\/2fcdf27c78ea025fbdb44e914cc63c72249ffec9dc8aafd5c82b26240ef3f346?s=96&d=mm&r=g","caption":"Redazione"},"url":"https:\/\/www.rassegnastampa-totustuus.it\/cattolica\/author\/pietroelle\/"}]}},"_links":{"self":[{"href":"https:\/\/www.rassegnastampa-totustuus.it\/cattolica\/wp-json\/wp\/v2\/posts\/383","targetHints":{"allow":["GET"]}}],"collection":[{"href":"https:\/\/www.rassegnastampa-totustuus.it\/cattolica\/wp-json\/wp\/v2\/posts"}],"about":[{"href":"https:\/\/www.rassegnastampa-totustuus.it\/cattolica\/wp-json\/wp\/v2\/types\/post"}],"author":[{"embeddable":true,"href":"https:\/\/www.rassegnastampa-totustuus.it\/cattolica\/wp-json\/wp\/v2\/users\/6"}],"replies":[{"embeddable":true,"href":"https:\/\/www.rassegnastampa-totustuus.it\/cattolica\/wp-json\/wp\/v2\/comments?post=383"}],"version-history":[{"count":3,"href":"https:\/\/www.rassegnastampa-totustuus.it\/cattolica\/wp-json\/wp\/v2\/posts\/383\/revisions"}],"predecessor-version":[{"id":63110,"href":"https:\/\/www.rassegnastampa-totustuus.it\/cattolica\/wp-json\/wp\/v2\/posts\/383\/revisions\/63110"}],"wp:featuredmedia":[{"embeddable":true,"href":"https:\/\/www.rassegnastampa-totustuus.it\/cattolica\/wp-json\/wp\/v2\/media\/34938"}],"wp:attachment":[{"href":"https:\/\/www.rassegnastampa-totustuus.it\/cattolica\/wp-json\/wp\/v2\/media?parent=383"}],"wp:term":[{"taxonomy":"category","embeddable":true,"href":"https:\/\/www.rassegnastampa-totustuus.it\/cattolica\/wp-json\/wp\/v2\/categories?post=383"},{"taxonomy":"post_tag","embeddable":true,"href":"https:\/\/www.rassegnastampa-totustuus.it\/cattolica\/wp-json\/wp\/v2\/tags?post=383"}],"curies":[{"name":"wp","href":"https:\/\/api.w.org\/{rel}","templated":true}]}}