{"id":3824,"date":"2010-05-13T09:33:16","date_gmt":"2010-05-13T07:33:16","guid":{"rendered":""},"modified":"2016-07-01T09:08:52","modified_gmt":"2016-07-01T07:08:52","slug":"gli-abusi-dei-sacerdoti-come-frecce-e-pallottole","status":"publish","type":"post","link":"https:\/\/www.rassegnastampa-totustuus.it\/cattolica\/gli-abusi-dei-sacerdoti-come-frecce-e-pallottole\/","title":{"rendered":"Gli abusi dei sacerdoti come &quot;frecce e pallottole&quot;"},"content":{"rendered":"<div style=\"text-align: center;\"><img loading=\"lazy\" decoding=\"async\" class=\"alignright wp-image-35534\" src=\"https:\/\/www.rassegnastampa-totustuus.it\/cattolica\/wp-content\/uploads\/2010\/05\/terzo_segreto.jpg\" alt=\"terzo_segreto\" width=\"250\" height=\"187\" \/>\u00a0<strong>Corriere della Sera <\/strong>12 maggio 2010<\/div>\n<p style=\"text-align: center;\">di <strong>Vittorio Messori<\/strong><\/p>\n<p style=\"text-align: justify;\">Adesso, nella schiera vasta, talvolta inquietante dei \u00abfatimisti\u00bb ci sar\u00e0 fermento per mostrare che papa Benedetto XVI si \u00e8 tradito, che ha smentito il cardinal Ratzinger quando fiancheggi\u00f2 Giovanni Paolo II nella rivelazione del mitico Terzo Segreto.<\/p>\n<p><!--more--><\/p>\n<div style=\"text-align: justify;\">In effetti, molte parole si sono accumulate da quel 2000 in cui il Segretario di Stato, Sodano, diede lettura del testo, accanto al Papa che aveva appena beatificato i piccoli Francisco e Giacinta.<\/div>\n<p style=\"text-align: justify;\">Libri, pamphlet, articoli, inchieste televisive hanno sostenuto, con scialo di argomentazioni, che il duo Wojtyla-Ratzinger ci ha ingannati, che il Segreto era ben altro e riguardava la crisi della Chiesa dopo il Concilio.<\/p>\n<p style=\"text-align: justify;\">Qualcuno, per attenuare la responsabilit\u00e0 degli illustri \u00abfalsari\u00bb \u2014 il Pontefice, il Prefetto della fede, suor Lucia stessa che conferm\u00f2 per scritto la loro versione \u2014 hanno ipotizzato, pi\u00f9 che un inganno, una reticenza.<\/p>\n<p style=\"text-align: justify;\">Il testo, cio\u00e8, sarebbe stato amputato. Vera la parte rivelata, ma un\u2019altra esiste ed \u00e8 stata nascosta, per non appannare il prestigio del Vaticano II, per non farlo responsabile della catastrofe ecclesiale.<\/p>\n<p style=\"text-align: justify;\">Catastrofe venuta dall\u2019interno, dunque, mentre si vorrebbe farci credere, con il testo pubblicato, che i nemici della Chiesa siano solo all\u2019esterno. Si ricorder\u00e0, in effetti, la scena drammatica descritta da suor Lucia: \u00abIl Santo Padre, prostrato in ginocchio ai piedi della grande Croce, venne ucciso da un gruppo di soldati che gli spararono vari colpi di arma da fuoco e frecce, e allo stesso modo morirono gli uni dopo gli altri i Vescovi Sacerdoti, religiosi e religiose e varie persone secolari, uomini e donne di varie classi e posizioni\u00bb.<\/p>\n<p style=\"text-align: justify;\">Ecco che ora, rispondendo alle domande dei giornalisti, Benedetto XVI mette lo scandalo della pederastia clericale tra ci\u00f2 che in qualche modo sarebbe stato predetto nel messaggio di Fatima. Un attentato al Vangelo ma venuto da dentro, dal clero, talvolta dalla Gerarchia stessa: dunque, una crisi di fede, un disastro frutto della Catholica devastata dal Concilio. Proprio ci\u00f2 che starebbe nel Terzo Segreto \u00abvero\u00bb e che ci sarebbe stato nascosto.<\/p>\n<p style=\"text-align: justify;\">Chi dar\u00e0 questa lettura non avr\u00e0 visto le parole di papa Ratzinger nella loro interezza. La persecuzione di cui parla Fatima, rileva il Papa, pu\u00f2 venire da fuori, come \u00e8 annunciato nel testo noto, ma anche dall\u2019interno. Le sofferenze della Catholica, a cominciare dallo strazio del Papa, sono inflitte da chi sta \u00abfuori\u00bb ma pure da chi sta \u00abdentro\u00bb.<\/p>\n<p style=\"text-align: justify;\">Questi abusi di sacerdoti sono per il Capo della Chiesa comparabili alle \u00abpallottole e alle frecce\u00bb tirate dai miscredenti. I persecutori sono spesso quei sedicenti seguaci del Vangelo che in realt\u00e0 lo tradiscono, sfidando le parole di Ges\u00f9. Dunque, dice papa Ratzinger, proprio la parola \u00abpenitenza\u00bb ripetuta per tre volte dagli angeli del Terzo Segreto, \u00e8 un appello alla Chiesa perch\u00e9 non tema soltanto i nemici esterni ma provveda pure a purificare se stessa.<\/p>\n<p style=\"text-align: justify;\">Parole di precisazione vane, per i sostenitori della mistificazione vaticana. Mi si permetta allora, per capire il milieu, una testimonianza personale. Durante le 24 ore di colloquio a tu per tu da cui nacque Rapporto sulla fede, chiesi all\u2019allora cardinal Ratzinger se avesse letto il Terzo Segreto.<\/p>\n<p style=\"text-align: justify;\">\u00abS\u00ec, l\u2019ho letto\u00bb, fu la risposta secca e immediata. Come naturale, su questo lo incalzai, non ottenendo, ovviamente, la rivelazione del contenuto ma alcune frasi significative. Il libro usc\u00ec nel giugno del 1985, ma nel novembre precedente alcune anticipazioni \u2014 tra cui quella su Fatima \u2014 comparvero sul mensile Jesus. Nel passaggio dal giornale al volume, rividi tutto il testo e lo feci completamente da solo, in piena libert\u00e0, visto che il Cardinale avrebbe esaminato con attenzione ogni riga prima dell\u2019imprimatur. Cos\u00ec, anche a proposito di Terzo Segreto, a vantaggio dello stile e della leggibilit\u00e0 cambiai un aggettivo, soppressi una parola, un\u2019altra la aggiunsi, inserii un particolare e cos\u00ec via.<\/p>\n<p style=\"text-align: justify;\">Alla fine, Ratzinger lesse, si riconobbe, approv\u00f2 e, nel caso specifico, senza alcun ritocco. Ebbene: molti anni sono passati da allora e ancor oggi cresce una massa di libri, inchieste, articoli in molte lingue dove infinite pagine sono dedicate al confronto tra le parole del cardinale stampate sul giornale e la versione delle stesse sul libro. Differenze che rivelerebbero strategie, trame, occultamenti, vendette, da parte di potenti \u00abcupole\u00bb\u2026<\/p>\n<p style=\"text-align: justify;\">\u00c8 solo un esempio. Fatima attira devoti ma anche visionari, complottardi, dietrologi. Finendo, cos\u00ec, per dimenticare che tutto, alla fine, \u00e8 molto semplice e si riassume in due sole parole: \u00abPreghiera, penitenza\u00bb.<\/p>\n","protected":false},"excerpt":{"rendered":"<p>\u00a0Corriere della Sera 12 maggio 2010 di Vittorio Messori Adesso, nella schiera vasta, talvolta inquietante dei \u00abfatimisti\u00bb ci sar\u00e0 fermento per mostrare che papa Benedetto XVI si \u00e8 tradito, che ha smentito il cardinal Ratzinger quando fiancheggi\u00f2 Giovanni Paolo II nella rivelazione del mitico Terzo Segreto.<\/p><p><a class=\"more-link btn\" href=\"https:\/\/www.rassegnastampa-totustuus.it\/cattolica\/gli-abusi-dei-sacerdoti-come-frecce-e-pallottole\/\">Continua a leggere<\/a><\/p>\n","protected":false},"author":6,"featured_media":35534,"comment_status":"closed","ping_status":"open","sticky":false,"template":"","format":"standard","meta":{"footnotes":""},"categories":[5],"tags":[962,1776],"class_list":["post-3824","post","type-post","status-publish","format-standard","has-post-thumbnail","hentry","category-chiesa","tag-fatima","tag-terzo-segreto","item-wrap"],"yoast_head":"<!-- This site is optimized with the Yoast SEO plugin v27.5 - https:\/\/yoast.com\/product\/yoast-seo-wordpress\/ -->\n<title>Gli abusi dei sacerdoti come &quot;frecce e pallottole&quot; - Rassegna Stampa Cattolica<\/title>\n<meta name=\"description\" content=\"Rassegna Stampa Cattolica - Per una cultura che nasce dalla Rivelazione cristiana in conformit\u00e0 alla tradizione e al Magistero della Chiesa in opposizione ad ogni relativismo e totalitarismo\" \/>\n<meta name=\"robots\" content=\"index, follow, max-snippet:-1, max-image-preview:large, max-video-preview:-1\" \/>\n<link rel=\"canonical\" href=\"https:\/\/www.rassegnastampa-totustuus.it\/cattolica\/gli-abusi-dei-sacerdoti-come-frecce-e-pallottole\/\" \/>\n<meta property=\"og:locale\" content=\"it_IT\" \/>\n<meta property=\"og:type\" content=\"article\" \/>\n<meta property=\"og:title\" content=\"Gli abusi dei sacerdoti come &quot;frecce e pallottole&quot; - Rassegna Stampa Cattolica\" \/>\n<meta property=\"og:description\" content=\"Rassegna Stampa Cattolica - Per una cultura che nasce dalla Rivelazione cristiana in conformit\u00e0 alla tradizione e al Magistero della Chiesa in opposizione ad ogni relativismo e totalitarismo\" \/>\n<meta property=\"og:url\" content=\"https:\/\/www.rassegnastampa-totustuus.it\/cattolica\/gli-abusi-dei-sacerdoti-come-frecce-e-pallottole\/\" \/>\n<meta property=\"og:site_name\" content=\"Rassegna Stampa Cattolica\" \/>\n<meta property=\"article:publisher\" content=\"https:\/\/www.facebook.com\/rassegnastampacattolica\" \/>\n<meta property=\"article:published_time\" content=\"2010-05-13T07:33:16+00:00\" \/>\n<meta property=\"article:modified_time\" content=\"2016-07-01T07:08:52+00:00\" \/>\n<meta property=\"og:image\" content=\"https:\/\/www.rassegnastampa-totustuus.it\/cattolica\/wp-content\/uploads\/2010\/05\/terzo_segreto.jpg\" \/>\n\t<meta property=\"og:image:width\" content=\"259\" \/>\n\t<meta property=\"og:image:height\" content=\"194\" \/>\n\t<meta property=\"og:image:type\" content=\"image\/jpeg\" \/>\n<meta name=\"author\" content=\"Redazione\" \/>\n<meta name=\"twitter:card\" content=\"summary_large_image\" \/>\n<meta name=\"twitter:creator\" content=\"@rassegnastampa9\" \/>\n<meta name=\"twitter:site\" content=\"@rassegnastampa9\" \/>\n<meta name=\"twitter:label1\" content=\"Scritto da\" \/>\n\t<meta name=\"twitter:data1\" content=\"Redazione\" \/>\n\t<meta name=\"twitter:label2\" content=\"Tempo di lettura stimato\" \/>\n\t<meta name=\"twitter:data2\" content=\"4 minuti\" \/>\n<script type=\"application\/ld+json\" class=\"yoast-schema-graph\">{\"@context\":\"https:\\\/\\\/schema.org\",\"@graph\":[{\"@type\":\"Article\",\"@id\":\"https:\\\/\\\/www.rassegnastampa-totustuus.it\\\/cattolica\\\/gli-abusi-dei-sacerdoti-come-frecce-e-pallottole\\\/#article\",\"isPartOf\":{\"@id\":\"https:\\\/\\\/www.rassegnastampa-totustuus.it\\\/cattolica\\\/gli-abusi-dei-sacerdoti-come-frecce-e-pallottole\\\/\"},\"author\":{\"name\":\"Redazione\",\"@id\":\"https:\\\/\\\/www.rassegnastampa-totustuus.it\\\/cattolica\\\/#\\\/schema\\\/person\\\/08f319d2bd1a0904ad9e2bfb7b15e5c3\"},\"headline\":\"Gli abusi dei sacerdoti come &quot;frecce e pallottole&quot;\",\"datePublished\":\"2010-05-13T07:33:16+00:00\",\"dateModified\":\"2016-07-01T07:08:52+00:00\",\"mainEntityOfPage\":{\"@id\":\"https:\\\/\\\/www.rassegnastampa-totustuus.it\\\/cattolica\\\/gli-abusi-dei-sacerdoti-come-frecce-e-pallottole\\\/\"},\"wordCount\":730,\"publisher\":{\"@id\":\"https:\\\/\\\/www.rassegnastampa-totustuus.it\\\/cattolica\\\/#organization\"},\"image\":{\"@id\":\"https:\\\/\\\/www.rassegnastampa-totustuus.it\\\/cattolica\\\/gli-abusi-dei-sacerdoti-come-frecce-e-pallottole\\\/#primaryimage\"},\"thumbnailUrl\":\"https:\\\/\\\/www.rassegnastampa-totustuus.it\\\/cattolica\\\/wp-content\\\/uploads\\\/2010\\\/05\\\/terzo_segreto.jpg\",\"keywords\":[\"Fatima\",\"terzo segreto\"],\"articleSection\":[\"Chiesa\"],\"inLanguage\":\"it-IT\"},{\"@type\":\"WebPage\",\"@id\":\"https:\\\/\\\/www.rassegnastampa-totustuus.it\\\/cattolica\\\/gli-abusi-dei-sacerdoti-come-frecce-e-pallottole\\\/\",\"url\":\"https:\\\/\\\/www.rassegnastampa-totustuus.it\\\/cattolica\\\/gli-abusi-dei-sacerdoti-come-frecce-e-pallottole\\\/\",\"name\":\"Gli abusi dei sacerdoti come &quot;frecce e pallottole&quot; - Rassegna Stampa Cattolica\",\"isPartOf\":{\"@id\":\"https:\\\/\\\/www.rassegnastampa-totustuus.it\\\/cattolica\\\/#website\"},\"primaryImageOfPage\":{\"@id\":\"https:\\\/\\\/www.rassegnastampa-totustuus.it\\\/cattolica\\\/gli-abusi-dei-sacerdoti-come-frecce-e-pallottole\\\/#primaryimage\"},\"image\":{\"@id\":\"https:\\\/\\\/www.rassegnastampa-totustuus.it\\\/cattolica\\\/gli-abusi-dei-sacerdoti-come-frecce-e-pallottole\\\/#primaryimage\"},\"thumbnailUrl\":\"https:\\\/\\\/www.rassegnastampa-totustuus.it\\\/cattolica\\\/wp-content\\\/uploads\\\/2010\\\/05\\\/terzo_segreto.jpg\",\"datePublished\":\"2010-05-13T07:33:16+00:00\",\"dateModified\":\"2016-07-01T07:08:52+00:00\",\"description\":\"Rassegna Stampa Cattolica - Per una cultura che nasce dalla Rivelazione cristiana in conformit\u00e0 alla tradizione e al Magistero della Chiesa in opposizione ad ogni relativismo e totalitarismo\",\"breadcrumb\":{\"@id\":\"https:\\\/\\\/www.rassegnastampa-totustuus.it\\\/cattolica\\\/gli-abusi-dei-sacerdoti-come-frecce-e-pallottole\\\/#breadcrumb\"},\"inLanguage\":\"it-IT\",\"potentialAction\":[{\"@type\":\"ReadAction\",\"target\":[\"https:\\\/\\\/www.rassegnastampa-totustuus.it\\\/cattolica\\\/gli-abusi-dei-sacerdoti-come-frecce-e-pallottole\\\/\"]}]},{\"@type\":\"ImageObject\",\"inLanguage\":\"it-IT\",\"@id\":\"https:\\\/\\\/www.rassegnastampa-totustuus.it\\\/cattolica\\\/gli-abusi-dei-sacerdoti-come-frecce-e-pallottole\\\/#primaryimage\",\"url\":\"https:\\\/\\\/www.rassegnastampa-totustuus.it\\\/cattolica\\\/wp-content\\\/uploads\\\/2010\\\/05\\\/terzo_segreto.jpg\",\"contentUrl\":\"https:\\\/\\\/www.rassegnastampa-totustuus.it\\\/cattolica\\\/wp-content\\\/uploads\\\/2010\\\/05\\\/terzo_segreto.jpg\",\"width\":259,\"height\":194},{\"@type\":\"BreadcrumbList\",\"@id\":\"https:\\\/\\\/www.rassegnastampa-totustuus.it\\\/cattolica\\\/gli-abusi-dei-sacerdoti-come-frecce-e-pallottole\\\/#breadcrumb\",\"itemListElement\":[{\"@type\":\"ListItem\",\"position\":1,\"name\":\"Home\",\"item\":\"https:\\\/\\\/www.rassegnastampa-totustuus.it\\\/cattolica\\\/\"},{\"@type\":\"ListItem\",\"position\":2,\"name\":\"Gli abusi dei sacerdoti come &quot;frecce e pallottole&quot;\"}]},{\"@type\":\"WebSite\",\"@id\":\"https:\\\/\\\/www.rassegnastampa-totustuus.it\\\/cattolica\\\/#website\",\"url\":\"https:\\\/\\\/www.rassegnastampa-totustuus.it\\\/cattolica\\\/\",\"name\":\"Rassegna Stampa Cattolica\",\"description\":\"Per una cultura che nasce dalla Rivelazione cristiana in conformit\u00e0 alla tradizione e al Magistero della Chiesa in opposizione ad ogni relativismo e totalitarismo\",\"publisher\":{\"@id\":\"https:\\\/\\\/www.rassegnastampa-totustuus.it\\\/cattolica\\\/#organization\"},\"alternateName\":\"Rass. Cattolica\",\"potentialAction\":[{\"@type\":\"SearchAction\",\"target\":{\"@type\":\"EntryPoint\",\"urlTemplate\":\"https:\\\/\\\/www.rassegnastampa-totustuus.it\\\/cattolica\\\/?s={search_term_string}\"},\"query-input\":{\"@type\":\"PropertyValueSpecification\",\"valueRequired\":true,\"valueName\":\"search_term_string\"}}],\"inLanguage\":\"it-IT\"},{\"@type\":\"Organization\",\"@id\":\"https:\\\/\\\/www.rassegnastampa-totustuus.it\\\/cattolica\\\/#organization\",\"name\":\"Rassegna Stampa Cattolica\",\"url\":\"https:\\\/\\\/www.rassegnastampa-totustuus.it\\\/cattolica\\\/\",\"logo\":{\"@type\":\"ImageObject\",\"inLanguage\":\"it-IT\",\"@id\":\"https:\\\/\\\/www.rassegnastampa-totustuus.it\\\/cattolica\\\/#\\\/schema\\\/logo\\\/image\\\/\",\"url\":\"https:\\\/\\\/www.rassegnastampa-totustuus.it\\\/cattolica\\\/wp-content\\\/uploads\\\/2014\\\/04\\\/logo-rassegna1.gif\",\"contentUrl\":\"https:\\\/\\\/www.rassegnastampa-totustuus.it\\\/cattolica\\\/wp-content\\\/uploads\\\/2014\\\/04\\\/logo-rassegna1.gif\",\"width\":600,\"height\":163,\"caption\":\"Rassegna Stampa Cattolica\"},\"image\":{\"@id\":\"https:\\\/\\\/www.rassegnastampa-totustuus.it\\\/cattolica\\\/#\\\/schema\\\/logo\\\/image\\\/\"},\"sameAs\":[\"https:\\\/\\\/www.facebook.com\\\/rassegnastampacattolica\",\"https:\\\/\\\/x.com\\\/rassegnastampa9\"]},{\"@type\":\"Person\",\"@id\":\"https:\\\/\\\/www.rassegnastampa-totustuus.it\\\/cattolica\\\/#\\\/schema\\\/person\\\/08f319d2bd1a0904ad9e2bfb7b15e5c3\",\"name\":\"Redazione\",\"image\":{\"@type\":\"ImageObject\",\"inLanguage\":\"it-IT\",\"@id\":\"https:\\\/\\\/secure.gravatar.com\\\/avatar\\\/2fcdf27c78ea025fbdb44e914cc63c72249ffec9dc8aafd5c82b26240ef3f346?s=96&d=mm&r=g\",\"url\":\"https:\\\/\\\/secure.gravatar.com\\\/avatar\\\/2fcdf27c78ea025fbdb44e914cc63c72249ffec9dc8aafd5c82b26240ef3f346?s=96&d=mm&r=g\",\"contentUrl\":\"https:\\\/\\\/secure.gravatar.com\\\/avatar\\\/2fcdf27c78ea025fbdb44e914cc63c72249ffec9dc8aafd5c82b26240ef3f346?s=96&d=mm&r=g\",\"caption\":\"Redazione\"},\"url\":\"https:\\\/\\\/www.rassegnastampa-totustuus.it\\\/cattolica\\\/author\\\/pietroelle\\\/\"}]}<\/script>\n<!-- \/ Yoast SEO plugin. -->","yoast_head_json":{"title":"Gli abusi dei sacerdoti come &quot;frecce e pallottole&quot; - Rassegna Stampa Cattolica","description":"Rassegna Stampa Cattolica - Per una cultura che nasce dalla Rivelazione cristiana in conformit\u00e0 alla tradizione e al Magistero della Chiesa in opposizione ad ogni relativismo e totalitarismo","robots":{"index":"index","follow":"follow","max-snippet":"max-snippet:-1","max-image-preview":"max-image-preview:large","max-video-preview":"max-video-preview:-1"},"canonical":"https:\/\/www.rassegnastampa-totustuus.it\/cattolica\/gli-abusi-dei-sacerdoti-come-frecce-e-pallottole\/","og_locale":"it_IT","og_type":"article","og_title":"Gli abusi dei sacerdoti come &quot;frecce e pallottole&quot; - Rassegna Stampa Cattolica","og_description":"Rassegna Stampa Cattolica - Per una cultura che nasce dalla Rivelazione cristiana in conformit\u00e0 alla tradizione e al Magistero della Chiesa in opposizione ad ogni relativismo e totalitarismo","og_url":"https:\/\/www.rassegnastampa-totustuus.it\/cattolica\/gli-abusi-dei-sacerdoti-come-frecce-e-pallottole\/","og_site_name":"Rassegna Stampa Cattolica","article_publisher":"https:\/\/www.facebook.com\/rassegnastampacattolica","article_published_time":"2010-05-13T07:33:16+00:00","article_modified_time":"2016-07-01T07:08:52+00:00","og_image":[{"width":259,"height":194,"url":"https:\/\/www.rassegnastampa-totustuus.it\/cattolica\/wp-content\/uploads\/2010\/05\/terzo_segreto.jpg","type":"image\/jpeg"}],"author":"Redazione","twitter_card":"summary_large_image","twitter_creator":"@rassegnastampa9","twitter_site":"@rassegnastampa9","twitter_misc":{"Scritto da":"Redazione","Tempo di lettura stimato":"4 minuti"},"schema":{"@context":"https:\/\/schema.org","@graph":[{"@type":"Article","@id":"https:\/\/www.rassegnastampa-totustuus.it\/cattolica\/gli-abusi-dei-sacerdoti-come-frecce-e-pallottole\/#article","isPartOf":{"@id":"https:\/\/www.rassegnastampa-totustuus.it\/cattolica\/gli-abusi-dei-sacerdoti-come-frecce-e-pallottole\/"},"author":{"name":"Redazione","@id":"https:\/\/www.rassegnastampa-totustuus.it\/cattolica\/#\/schema\/person\/08f319d2bd1a0904ad9e2bfb7b15e5c3"},"headline":"Gli abusi dei sacerdoti come &quot;frecce e pallottole&quot;","datePublished":"2010-05-13T07:33:16+00:00","dateModified":"2016-07-01T07:08:52+00:00","mainEntityOfPage":{"@id":"https:\/\/www.rassegnastampa-totustuus.it\/cattolica\/gli-abusi-dei-sacerdoti-come-frecce-e-pallottole\/"},"wordCount":730,"publisher":{"@id":"https:\/\/www.rassegnastampa-totustuus.it\/cattolica\/#organization"},"image":{"@id":"https:\/\/www.rassegnastampa-totustuus.it\/cattolica\/gli-abusi-dei-sacerdoti-come-frecce-e-pallottole\/#primaryimage"},"thumbnailUrl":"https:\/\/www.rassegnastampa-totustuus.it\/cattolica\/wp-content\/uploads\/2010\/05\/terzo_segreto.jpg","keywords":["Fatima","terzo segreto"],"articleSection":["Chiesa"],"inLanguage":"it-IT"},{"@type":"WebPage","@id":"https:\/\/www.rassegnastampa-totustuus.it\/cattolica\/gli-abusi-dei-sacerdoti-come-frecce-e-pallottole\/","url":"https:\/\/www.rassegnastampa-totustuus.it\/cattolica\/gli-abusi-dei-sacerdoti-come-frecce-e-pallottole\/","name":"Gli abusi dei sacerdoti come &quot;frecce e pallottole&quot; - Rassegna Stampa Cattolica","isPartOf":{"@id":"https:\/\/www.rassegnastampa-totustuus.it\/cattolica\/#website"},"primaryImageOfPage":{"@id":"https:\/\/www.rassegnastampa-totustuus.it\/cattolica\/gli-abusi-dei-sacerdoti-come-frecce-e-pallottole\/#primaryimage"},"image":{"@id":"https:\/\/www.rassegnastampa-totustuus.it\/cattolica\/gli-abusi-dei-sacerdoti-come-frecce-e-pallottole\/#primaryimage"},"thumbnailUrl":"https:\/\/www.rassegnastampa-totustuus.it\/cattolica\/wp-content\/uploads\/2010\/05\/terzo_segreto.jpg","datePublished":"2010-05-13T07:33:16+00:00","dateModified":"2016-07-01T07:08:52+00:00","description":"Rassegna Stampa Cattolica - Per una cultura che nasce dalla Rivelazione cristiana in conformit\u00e0 alla tradizione e al Magistero della Chiesa in opposizione ad ogni relativismo e totalitarismo","breadcrumb":{"@id":"https:\/\/www.rassegnastampa-totustuus.it\/cattolica\/gli-abusi-dei-sacerdoti-come-frecce-e-pallottole\/#breadcrumb"},"inLanguage":"it-IT","potentialAction":[{"@type":"ReadAction","target":["https:\/\/www.rassegnastampa-totustuus.it\/cattolica\/gli-abusi-dei-sacerdoti-come-frecce-e-pallottole\/"]}]},{"@type":"ImageObject","inLanguage":"it-IT","@id":"https:\/\/www.rassegnastampa-totustuus.it\/cattolica\/gli-abusi-dei-sacerdoti-come-frecce-e-pallottole\/#primaryimage","url":"https:\/\/www.rassegnastampa-totustuus.it\/cattolica\/wp-content\/uploads\/2010\/05\/terzo_segreto.jpg","contentUrl":"https:\/\/www.rassegnastampa-totustuus.it\/cattolica\/wp-content\/uploads\/2010\/05\/terzo_segreto.jpg","width":259,"height":194},{"@type":"BreadcrumbList","@id":"https:\/\/www.rassegnastampa-totustuus.it\/cattolica\/gli-abusi-dei-sacerdoti-come-frecce-e-pallottole\/#breadcrumb","itemListElement":[{"@type":"ListItem","position":1,"name":"Home","item":"https:\/\/www.rassegnastampa-totustuus.it\/cattolica\/"},{"@type":"ListItem","position":2,"name":"Gli abusi dei sacerdoti come &quot;frecce e pallottole&quot;"}]},{"@type":"WebSite","@id":"https:\/\/www.rassegnastampa-totustuus.it\/cattolica\/#website","url":"https:\/\/www.rassegnastampa-totustuus.it\/cattolica\/","name":"Rassegna Stampa Cattolica","description":"Per una cultura che nasce dalla Rivelazione cristiana in conformit\u00e0 alla tradizione e al Magistero della Chiesa in opposizione ad ogni relativismo e totalitarismo","publisher":{"@id":"https:\/\/www.rassegnastampa-totustuus.it\/cattolica\/#organization"},"alternateName":"Rass. Cattolica","potentialAction":[{"@type":"SearchAction","target":{"@type":"EntryPoint","urlTemplate":"https:\/\/www.rassegnastampa-totustuus.it\/cattolica\/?s={search_term_string}"},"query-input":{"@type":"PropertyValueSpecification","valueRequired":true,"valueName":"search_term_string"}}],"inLanguage":"it-IT"},{"@type":"Organization","@id":"https:\/\/www.rassegnastampa-totustuus.it\/cattolica\/#organization","name":"Rassegna Stampa Cattolica","url":"https:\/\/www.rassegnastampa-totustuus.it\/cattolica\/","logo":{"@type":"ImageObject","inLanguage":"it-IT","@id":"https:\/\/www.rassegnastampa-totustuus.it\/cattolica\/#\/schema\/logo\/image\/","url":"https:\/\/www.rassegnastampa-totustuus.it\/cattolica\/wp-content\/uploads\/2014\/04\/logo-rassegna1.gif","contentUrl":"https:\/\/www.rassegnastampa-totustuus.it\/cattolica\/wp-content\/uploads\/2014\/04\/logo-rassegna1.gif","width":600,"height":163,"caption":"Rassegna Stampa Cattolica"},"image":{"@id":"https:\/\/www.rassegnastampa-totustuus.it\/cattolica\/#\/schema\/logo\/image\/"},"sameAs":["https:\/\/www.facebook.com\/rassegnastampacattolica","https:\/\/x.com\/rassegnastampa9"]},{"@type":"Person","@id":"https:\/\/www.rassegnastampa-totustuus.it\/cattolica\/#\/schema\/person\/08f319d2bd1a0904ad9e2bfb7b15e5c3","name":"Redazione","image":{"@type":"ImageObject","inLanguage":"it-IT","@id":"https:\/\/secure.gravatar.com\/avatar\/2fcdf27c78ea025fbdb44e914cc63c72249ffec9dc8aafd5c82b26240ef3f346?s=96&d=mm&r=g","url":"https:\/\/secure.gravatar.com\/avatar\/2fcdf27c78ea025fbdb44e914cc63c72249ffec9dc8aafd5c82b26240ef3f346?s=96&d=mm&r=g","contentUrl":"https:\/\/secure.gravatar.com\/avatar\/2fcdf27c78ea025fbdb44e914cc63c72249ffec9dc8aafd5c82b26240ef3f346?s=96&d=mm&r=g","caption":"Redazione"},"url":"https:\/\/www.rassegnastampa-totustuus.it\/cattolica\/author\/pietroelle\/"}]}},"_links":{"self":[{"href":"https:\/\/www.rassegnastampa-totustuus.it\/cattolica\/wp-json\/wp\/v2\/posts\/3824","targetHints":{"allow":["GET"]}}],"collection":[{"href":"https:\/\/www.rassegnastampa-totustuus.it\/cattolica\/wp-json\/wp\/v2\/posts"}],"about":[{"href":"https:\/\/www.rassegnastampa-totustuus.it\/cattolica\/wp-json\/wp\/v2\/types\/post"}],"author":[{"embeddable":true,"href":"https:\/\/www.rassegnastampa-totustuus.it\/cattolica\/wp-json\/wp\/v2\/users\/6"}],"replies":[{"embeddable":true,"href":"https:\/\/www.rassegnastampa-totustuus.it\/cattolica\/wp-json\/wp\/v2\/comments?post=3824"}],"version-history":[{"count":4,"href":"https:\/\/www.rassegnastampa-totustuus.it\/cattolica\/wp-json\/wp\/v2\/posts\/3824\/revisions"}],"predecessor-version":[{"id":35535,"href":"https:\/\/www.rassegnastampa-totustuus.it\/cattolica\/wp-json\/wp\/v2\/posts\/3824\/revisions\/35535"}],"wp:featuredmedia":[{"embeddable":true,"href":"https:\/\/www.rassegnastampa-totustuus.it\/cattolica\/wp-json\/wp\/v2\/media\/35534"}],"wp:attachment":[{"href":"https:\/\/www.rassegnastampa-totustuus.it\/cattolica\/wp-json\/wp\/v2\/media?parent=3824"}],"wp:term":[{"taxonomy":"category","embeddable":true,"href":"https:\/\/www.rassegnastampa-totustuus.it\/cattolica\/wp-json\/wp\/v2\/categories?post=3824"},{"taxonomy":"post_tag","embeddable":true,"href":"https:\/\/www.rassegnastampa-totustuus.it\/cattolica\/wp-json\/wp\/v2\/tags?post=3824"}],"curies":[{"name":"wp","href":"https:\/\/api.w.org\/{rel}","templated":true}]}}