{"id":38232,"date":"2017-07-27T00:00:38","date_gmt":"2017-07-26T22:00:38","guid":{"rendered":"http:\/\/www.rassegnastampa-totustuus.it\/cattolica\/?p=38232"},"modified":"2017-07-27T08:33:22","modified_gmt":"2017-07-27T06:33:22","slug":"dove-finito-il-diavolo-appunti-sul-male-e-non-solo","status":"publish","type":"post","link":"https:\/\/www.rassegnastampa-totustuus.it\/cattolica\/dove-finito-il-diavolo-appunti-sul-male-e-non-solo\/","title":{"rendered":"Dov&#8217;\u00e8 finito il diavolo? Appunti sul male (e non solo)"},"content":{"rendered":"<p style=\"text-align: center;\"><strong><img loading=\"lazy\" decoding=\"async\" class=\"wp-image-38233 alignright\" src=\"https:\/\/www.rassegnastampa-totustuus.it\/cattolica\/wp-content\/uploads\/2017\/07\/demonio.jpg\" alt=\"demonio\" width=\"250\" height=\"195\" \/>Vita e Pensiero<\/strong> n.3 maggio-Giugno 2017<\/p>\n<p style=\"text-align: justify;\">\u00a0<em>La nostra epoca sceglie di non parlarne eppure, quanto pi\u00f9 viene estromesso dalla fede, tanto pi\u00f9 imperversa nella superstizione. Ma molti oggi ammettono che l&#8217;oblio del demonio ci rende pi\u00f9 assuefatti di fronte agli orrori del male.<\/em><\/p>\n<p style=\"text-align: left;\">di <strong>Raniero Cantalamessa<\/strong><\/p>\n<p style=\"text-align: center;\"><!--more--><\/p>\n<p style=\"text-align: justify;\">Dov&#8217;\u00e8 finito il diavolo? Pi\u00f9 radicalmente: esiste ancora il diavolo? Per rispondere a queste domande, premettiamo qualche cenno sulla situazione attuale circa la credenza nel demonio. Dobbiamo distinguere, a questo riguardo, due livelli: il livello delle credenze popolari e il livello intellettuale, rappresentato da arte, letteratura, filosofia e teologia. A livello popolare, o di costume, la nostra situazione attuale non \u00e8 molto diversa da quella del Medioevo, o dei secoli XIV-XVI, tristemente famosi per l&#8217;importanza accordata ai fenomeni diabolici.<\/p>\n<p style=\"text-align: justify;\">Non ci sono pi\u00f9, \u00e8 vero, processi dell&#8217;inquisizione, roghi per indemoniati, caccia alle streghe e cose simili; ma le pratiche che hanno al centro &#8211; sia esorcizzato sia ado\u00adrato &#8211; il demonio sono ancora pi\u00f9 diffuse che allora, e non solo tra i ceti poveri e popolari. \u00c8 divenuto un fenomeno sociale (e commerciale!) di proporzioni vastissime. Si direbbe, anzi, che quanto pi\u00f9 si cerca di scacciare il demonio dalla porta, tanto pi\u00f9 egli rientra dalla finestra; quanto pi\u00f9 viene estromesso dalla fede, tanto pi\u00f9 imperversa nella superstizione.<\/p>\n<p style=\"text-align: justify;\">L&#8217;epoca di Origene nell&#8217;antichit\u00e0 e di san Tommaso d&#8217;Aquino nel Medioevo (i due maggiori artefici di una vera &#8220;teologia&#8221; sul demonio) furono le epoche relativamente pi\u00f9 libere di &#8220;demonismo&#8221;.<\/p>\n<p style=\"text-align: justify;\">Ben diversamente stanno le cose in quello che ho chiamato il livello intellettuale e culturale. Possiamo riassumere il processo che ha portato alla situazione attuale in tre fasi. Il primo passo, nel processo di distacco dalla visione tradizionale, avviene nel campo estetico. Il demonio che nelle arti figurative e nella poesia (per esempio in Dante) era stato rappresentato in chiave grottesca o mostruosa, a partire da una certa data comincia a essere rappresentato come bello, o almeno malinconico e poetico.<\/p>\n<p style=\"text-align: right;\"><img loading=\"lazy\" decoding=\"async\" class=\"wp-image-33447 alignleft\" src=\"https:\/\/www.rassegnastampa-totustuus.it\/cattolica\/wp-content\/uploads\/2010\/04\/satanismo.jpg\" alt=\"satanismo\" width=\"248\" height=\"200\" \/>Alcuni pittori (per esempio Lorenzo Lotto, in un dipinto conservato al Museo di Loreto) dipingono il demonio come un bellissimo giovane, pi\u00f9 &#8220;lucifero&#8221; (cio\u00e8 astro luminoso), che &#8220;angelo delle tenebre&#8221;, con san Michele che lo scaccia dal Paradiso con una mano, mentre con l&#8217;altra sembra quasi volerlo proteggere. Anche in poesia, a partire da Milton, il demonio assume un aspetto di decaduta bellezza.<\/p>\n<p style=\"text-align: justify;\">Se in questa fase il nemico comincia a diventare &#8220;simpatico&#8221;, nella fase successiva, che ha nell&#8217;Ottocento il suo acme, le parti sono addi\u00adrittura invertite: il &#8220;dio dei sacerdoti&#8221; \u00e8, semmai, &#8220;il nemico&#8221;, Satana \u00e8 l&#8217;alleato e l&#8217;amico, colui che sta dalla parte dell&#8217;uomo. Il demonio vie\u00adne assimilato a Prometeo, colui che, per amore dell&#8217;uomo, fu castigato da Dio e precipitato sulla terra. Si compongono, in questo clima, inni e poemi per celebrare il riscatto di Satana.<\/p>\n<p style=\"text-align: justify;\">Bisogna dire che, in ci\u00f2, non tutto era &#8220;diabolico&#8221; e satanismo puro e semplice. C&#8217;erano delle ragioni culturali e religiose che avevano, per lo meno, facilitato questa involuzione. Come non tutto l&#8217;ateismo, a un esame attento, appare &#8220;ateo&#8221;, cos\u00ec non tutto il satanismo appare satanico. Molta parte dell&#8217;ateismo non era negazione del Dio vivente della Bibbia, ma dell&#8217;idolo che si era introdotto al suo posto in molti settori del pensiero e della vita.<\/p>\n<p style=\"text-align: justify;\">\u00a0Allo stesso modo, molta parte del satanismo non era culto del male per se stesso, ma di quello che, secondo i rispettivi autori (e non sempre, a dir vero, senza fondamento), la Chiesa condannava come male e come &#8220;diabolico&#8221;: la scienza, lo spirito criti\u00adco, l&#8217;amore per la libert\u00e0 e la democrazia. Lo si vede dai noti, ingenui, versi del Carducci nell&#8217;Inno a Satana:<\/p>\n<p style=\"text-align: justify;\"><em>Salute, o Satana,<\/em><\/p>\n<p><em>o ribellione, <\/em><\/p>\n<p><em>o forza vindice <\/em><\/p>\n<p><em>della ragione.<\/em><\/p>\n<p style=\"text-align: justify;\">Arriviamo poi alla terza fase, quella attuale. Essa si pu\u00f2 riassumere cos\u00ec: silenzio sul demonio. Un silenzio per\u00f2 che non \u00e8 lodevole discrezione, ma negazione. Nessuno \u00e8 pi\u00f9 contento di questo esito che il demonio stesso, se \u00e8 vero, come ha scritto Charles Baudelaire, che \u00abla pi\u00f9 grande astuzia del demonio \u00e8 di far credere che non esiste\u00bb. Il nemico, dunque, non esiste pi\u00f9. Meglio, esiste, ma si riduce a quello che san Paolo chiamava \u00abla carne e il sangue\u00bb (Ef 6,12), cio\u00e8 il semplice male che l&#8217;uomo porta in s\u00e9.<\/p>\n<p style=\"text-align: left;\"><img loading=\"lazy\" decoding=\"async\" class=\"wp-image-17887 alignright\" src=\"https:\/\/www.rassegnastampa-totustuus.it\/cattolica\/wp-content\/uploads\/2009\/02\/inferno.jpg\" alt=\"inferno\" width=\"201\" height=\"200\" srcset=\"https:\/\/www.rassegnastampa-totustuus.it\/cattolica\/wp-content\/uploads\/2009\/02\/inferno.jpg 225w, https:\/\/www.rassegnastampa-totustuus.it\/cattolica\/wp-content\/uploads\/2009\/02\/inferno-150x150.jpg 150w\" sizes=\"auto, (max-width: 201px) 100vw, 201px\" \/>Il demonio \u00e8 simbolo dell&#8217;inconscio collettivo o dell&#8217;alienazione collettiva, una metafora. L&#8217;autore della demitizzazione ha scritto: \u00abNon si pu\u00f2 usare la luce elettrica e la radio, non si pu\u00f2 ricorrere in caso di malattia a mezzi medici e clinici e al tempo stesso credere al mondo degli spiriti\u00bb (R. Bultmann, Nuovo Testamento e mitologia, 1970).<\/p>\n<p style=\"text-align: justify;\">Non \u00e8 questo il luogo adatto per discutere queste posizioni. Solo alcune osservazioni. Perch\u00e9 oggigiorno molti intellettuali, perfino fra i teologi, trovano impossibile credere nell&#8217;esistenza del demonio come entit\u00e0 non solo simbolica, ma reale e personale? Io credo che uno dei motivi principali sia questo: si cerca il demonio nei libri, mentre al demonio non interessano i libri, ma le anime, e non lo si incontra frequentando gli istituti universitari, le biblioteche e le accademie, ma, appunto, le anime, specialmente certe anime.<\/p>\n<p style=\"text-align: justify;\">La prova pi\u00f9 forte dell&#8217;esistenza di Satana non si ha nei peccatori o negli ossessi, ma nei santi. E vero che il demonio \u00e8 presente e operante in certe forme estre\u00adme e &#8220;disumane&#8221; di male e di cattiveria, ma qui egli \u00e8 di casa e pu\u00f2 celarsi dietro mille sosia e controfigure. Avviene come con certi insetti, la cui tattica consiste nel mimetizzarsi, posandosi su un fondo del loro stesso colore. Per questa via, \u00e8 praticamente impossibile giungere, nei casi singoli, alla certezza che si tratta proprio di lui, non conoscendo noi fin dove giungono le possibilit\u00e0 di male insite nell&#8217;uomo.<\/p>\n<p style=\"text-align: justify;\">Al contrario, nella vita dei santi egli \u00e8 costretto a venire allo sco\u00adperto, a mettersi &#8220;contro luce&#8221;; la sua azione si staglia netta, nero su bianco. Nel vangelo stesso la prova pi\u00f9 convincente dell&#8217;esistenza dei demoni non si ha nelle numerose liberazioni di ossessi (dove a volte \u00e8 difficile distinguere la parte che svolgono le credenze del tempo sull&#8217;origine di certe malattie), ma si ha nell&#8217;episodio delle tentazioni di Ges\u00f9. Chi pi\u00f9 chi meno, tutti i santi e i grandi credenti (alcuni dei quali intellettuali di prim&#8217;ordine), testimoniano della loro lotta con questa oscura realt\u00e0, e non si pu\u00f2 onestamente supporre che fossero tutti degli illusi o semplici vittime dei pregiudizi del loro tempo.<\/p>\n<p style=\"text-align: justify;\">San Francesco d&#8217;Assisi ruppe quasi tutti i pregiudizi dell&#8217;epoca, ma non questo; a un suo intimo compagno egli un giorno confid\u00f2: \u00abSe sapessero i frati quante e che gravi tribolazioni e afflizioni mi danno i demoni, non ci sarebbe alcuno di loro che non si muoverebbe a compassione e piet\u00e0 di me\u00bb.<\/p>\n<p style=\"text-align: justify;\">Quelli che passano in rassegna i fenomeni tradizionalmente con\u00adsiderati diabolici (possessione, patti con il diavolo, caccia alle streghe&#8230;), per poi concludere trionfalmente che \u00e8 tutta superstizione e che il demonio non esiste, somigliano a quell&#8217;astronauta sovietico che concludeva che Dio non esiste, perch\u00e9 lui aveva girato in lungo e in largo per i cieli e non lo aveva incontrato da nessuna parte. Entrambi hanno cercato dalla parte sbagliata.<\/p>\n<p style=\"text-align: justify;\">Un altro equivoco va menzionato in questo campo. Si discute sull&#8217;esistenza di Satana fra teologi, filosofi e uomini di cultura atei, come se vi fosse una base comune per il dialogo. Non si tiene conto che una cultura &#8220;laica&#8221;, che si dichiara non credente, non pu\u00f2 credere nell&#8217;esistenza del demonio; \u00e8 bene, anzi, che non vi creda. Sarebbe tragico che si credesse nell&#8217;esistenza del demonio, quando non si crede nell&#8217;esistenza di Dio. Allora s\u00ec che ci sarebbe da disperarsi.<\/p>\n<p style=\"text-align: justify;\">Che cosa pu\u00f2 sapere di Satana chi ha avuto a che fare sempre e solo, non con la sua realt\u00e0, ma con l&#8217;idea e le rappresentazioni di lui, con le tradizioni etnologiche su di lui? Costoro sono soliti trattare questo argomento con grande sicurezza e superiorit\u00e0 e liquidare tutto con l&#8217;etichetta di &#8220;oscurantismo medievale&#8221;. Ma \u00e8 una sicurezza senza fondamento, come quella di chi si vantasse di non aver paura del leone, solo perch\u00e9 lo ha visto tante volte dipinto o in fotografia e non si \u00e8 mai spaventato di esso.<\/p>\n<p style=\"text-align: right;\"><img loading=\"lazy\" decoding=\"async\" class=\"wp-image-31612 alignleft\" src=\"https:\/\/www.rassegnastampa-totustuus.it\/cattolica\/wp-content\/uploads\/2009\/02\/inferno-1.jpg\" alt=\"inferno\" width=\"250\" height=\"192\" \/>Alcuni interpretano la linea di maggior discrezione adottata dal magistero della Chiesa in questo campo come una prova che anche la Chiesa ha rinunciato alla credenza nel demonio o che almeno non sa pi\u00f9 bene cosa fare di questo punto tradizionale della sua dottrina. Ma non \u00e8 vero. Paolo VI ha riaffermato con forza la dottrina biblica e tradizionale intorno a questo \u00abagente oscuro e nemico che \u00e8 il demonio\u00bb. Scrive tra l&#8217;altro: \u00abIl male non \u00e8 pi\u00f9 soltanto una deficienza, ma un&#8217;efficienza, un essere vivo, spirituale, pervertito e pervertitore. Terribile realt\u00e0. Misteriosa e paurosa\u00bb (discorso Liberaci dal male, 15 novembre 1972).<\/p>\n<p style=\"text-align: justify;\">\u00c8 vero che in passato si \u00e8 spesso esagerato nel parlare del demonio, si \u00e8 visto dove non era, si sono commessi molti torti e ingiustizie, con il pretesto di combatterlo; \u00e8 vero che in questo campo occorrono molta discrezione e prudenza per non cadere precisamente nel gioco del nemico. Vedere il demonio dappertutto non \u00e8 meno fuorviarne che non vederlo da nessuna parte. Diceva Agostino: \u00abQuando viene accusato, il diavolo ne gode. Addirittura, vuole che tu lo accusi, accoglie volentieri ogni tua recriminazione, se questo serve a non farti fare la tua confessione!\u00bb {Sermoni, 20,2).<\/p>\n<p style=\"text-align: justify;\">Nonostante tutto questo, resta per\u00f2 fermo il dato biblico che parla del demonio come di una potenza personale, dotata di intelligenza e volere, contro cui Cristo ha lottato, che ha vinto definitivamente sulla croce, al quale \u00e8 ancora \u00abconcesso di fare guerra ai santi\u00bb (Ap 13,7), per la loro purificazione, e che tenta in tutti i modi di &#8220;sedurre&#8221; gli uomini. Si afferma a volte che la credenza nel demonio sarebbe qualcosa di tardivo e secondario nella Bibbia, derivato dal contatto con altri universi religiosi. Si dimentica che l&#8217;idea di un &#8220;nemico&#8221; e di una lotta senza quartiere tra esso e l&#8217;umanit\u00e0, fino alla sua sconfitta finale (\u00abegli ti schiaccer\u00e0 il capo\u00bb), \u00e8 presente fin dalla prima pagina della Bibbia, nel racconto della caduta (cfr. Gen 3).<\/p>\n<p style=\"text-align: justify;\">Ma anche in questo campo la demitizzazione non \u00e8 passata invano e senza portare anche frutti positivi. Caduto il polverone creatosi intorno al demonio, oggi siamo forse in una situazione pi\u00f9 vantaggiosa per riscoprire il vero nucleo biblico di questa credenza e il suo profondo impatto esistenziale. Sottratto al folclore, il demonio appare un elemento di spiegazione importante del mistero dell&#8217;esistenza umana. Sono molti oggi, anche tra gli intellettuali, ad ammettere che l&#8217;oblio del demonio non ha reso pi\u00f9 serena e razionale la vita degli uomini, ma al contrario ci rende pi\u00f9 ottusi e assuefatti di fronte agli orrori del male.<\/p>\n<p style=\"text-align: justify;\">Ammettere l&#8217;esistenza di un tentatore e della tentazione non significa vanificare la libert\u00e0 umana, perch\u00e9 resta vero che ognuno \u00e8 tentato \u00abdalle proprie passioni\u00bb (Gc 1,14), cio\u00e8 da se stesso. Anche Adamo ebbe la causa principale della sua colpa in se stesso, non nel tentatore; altrimenti non si giustificherebbe la condanna pronunciata da Dio anche contro di lui e contro Eva, oltre che contro il serpente. Nessuna tentazione, da sola, pu\u00f2 indurre al male, senza il concorso della libert\u00e0.<\/p>\n<p style=\"text-align: justify;\">Alla domanda \u00abin che modo i demoni possono qualcosa contro di noi?\u00bb, un Padre del deserto rispondeva con un apologo: \u00abI cedri del Libano dissero un giorno: Noi che siamo cos\u00ec alti e forti, un pezzettino di ferro ci abbatte! Ma se non gli diamo nulla di nostro, neppure quello potr\u00e0 abbatterci. Poich\u00e9 \u00e8 per mezzo del legno che gli uomini fabbricarono le asce con le quali abbatterono gli alberi. Gli alberi sono le anime, il ferro dell&#8217;ascia \u00e8 il demonio e il manico \u00e8 la nostra volont\u00e0. E questa che ci fa cadere\u00bb (Vite dei Padri, VII, 25,4).<\/p>\n<p style=\"text-align: justify;\"><img loading=\"lazy\" decoding=\"async\" class=\"wp-image-37321 alignright\" src=\"https:\/\/www.rassegnastampa-totustuus.it\/cattolica\/wp-content\/uploads\/2017\/03\/simbolo_satanismo.jpg\" alt=\"simbolo_satanismo\" width=\"157\" height=\"200\" \/>L&#8217;ultima parola da dire sul demonio \u00e8 quella che riguarda il suo posto nella fede cristiana. Esso non ha nel cristianesimo un&#8217;importanza pari e contraria a quella di Cristo. Cristo, sulla croce, ha vinto il male e il demonio; egli \u00e8 l&#8217;unico &#8220;Signore&#8221; e nessuno pu\u00f2 nuocere a chi si tiene unito a lui nella fede. Non \u00e8 neppure del tutto giusto dire che noi crediamo &#8220;nel&#8221; demonio, se credere significa fidarsi di qualcuno e affidarsi a qualcuno. Crediamo &#8220;il&#8221; demonio, non &#8220;nel&#8221; demonio; esso \u00e8 un oggetto e, per giunta, negativo della nostra fede, come lo sono il peccato e l&#8217;inferno.<\/p>\n<p style=\"text-align: justify;\">Dio e il demonio non sono due principi paralleli, eterni e indipendenti tra di loro, come lo sono in certe religioni dualistiche, per esempio nella religione di Zarathustra. Per la Bibbia, il demonio non \u00e8 che una creatura di Dio &#8220;andata a male&#8221;; tutto ci\u00f2 che esso \u00e8 di positivo viene da Dio, solo la malizia viene dalla sua libert\u00e0. Tutto quello che ha di proprio \u00e8 il suo voler essere indipendente da Dio e tutto quello che egli cerca nel mondo \u00e8 trascinare l&#8217;uomo in questo voler essere indipendente da Dio. E bisogna dire che egli ha un largo seguito in ci\u00f2, nel mondo in cui viviamo.<\/p>\n<p style=\"text-align: justify;\">________________________<\/p>\n<p style=\"text-align: justify;\"><strong>Raniero Cantalamessa,<\/strong> dell&#8217;ordine dei Frati Minori Cappuccini, \u00e8 predicatore della Casa Pontificia. Ordinato sacerdote nel I9S8, si \u00e8 laureato in Teologia a Friburgo, in Svizzera, e in Lettere classiche all&#8217;Universit\u00e0 Cattolica di Milano. Gi\u00e0 professore ordinario di Storia delle origini cristiane e direttore del Dipartimento di Scienze religiose dell&#8217;Universit\u00e0 Cattolica del Sacro Cuore di Milano, \u00e8 stato membro della Commissione teologica internazionale dal 1975 al 1981. \u00c8 autore di libri scientifici scritti come storico delle origini cristiane e ha pubblicato numerosi altri libri di spiritualit\u00e0<\/p>\n<p>&nbsp;<\/p>\n","protected":false},"excerpt":{"rendered":"<p>Vita e Pensiero n.3 maggio-Giugno 2017 \u00a0La nostra epoca sceglie di non parlarne eppure, quanto pi\u00f9 viene estromesso dalla fede, tanto pi\u00f9 imperversa nella superstizione. Ma molti oggi ammettono che l&#8217;oblio del demonio ci rende pi\u00f9 assuefatti di fronte agli orrori del male. di Raniero Cantalamessa<\/p><p><a class=\"more-link btn\" href=\"https:\/\/www.rassegnastampa-totustuus.it\/cattolica\/dove-finito-il-diavolo-appunti-sul-male-e-non-solo\/\">Continua a leggere<\/a><\/p>\n","protected":false},"author":6,"featured_media":38233,"comment_status":"closed","ping_status":"closed","sticky":false,"template":"","format":"standard","meta":{"footnotes":""},"categories":[5,40,42],"tags":[790],"class_list":["post-38232","post","type-post","status-publish","format-standard","has-post-thumbnail","hentry","category-chiesa","category-demonologia","category-dottrina-e-morale","tag-demonio","item-wrap"],"yoast_head":"<!-- This site is optimized with the Yoast SEO plugin v27.5 - https:\/\/yoast.com\/product\/yoast-seo-wordpress\/ -->\n<title>Dov&#039;\u00e8 finito il diavolo? Appunti sul male (e non solo) - Rassegna Stampa Cattolica<\/title>\n<meta name=\"description\" content=\"Rassegna Stampa Cattolica - Per una cultura che nasce dalla Rivelazione cristiana in conformit\u00e0 alla tradizione e al Magistero della Chiesa in opposizione ad ogni relativismo e totalitarismo\" \/>\n<meta name=\"robots\" content=\"index, follow, max-snippet:-1, max-image-preview:large, max-video-preview:-1\" \/>\n<link rel=\"canonical\" href=\"https:\/\/www.rassegnastampa-totustuus.it\/cattolica\/dove-finito-il-diavolo-appunti-sul-male-e-non-solo\/\" \/>\n<meta property=\"og:locale\" content=\"it_IT\" \/>\n<meta property=\"og:type\" content=\"article\" \/>\n<meta property=\"og:title\" content=\"Dov&#039;\u00e8 finito il diavolo? Appunti sul male (e non solo) - Rassegna Stampa Cattolica\" \/>\n<meta property=\"og:description\" content=\"Rassegna Stampa Cattolica - Per una cultura che nasce dalla Rivelazione cristiana in conformit\u00e0 alla tradizione e al Magistero della Chiesa in opposizione ad ogni relativismo e totalitarismo\" \/>\n<meta property=\"og:url\" content=\"https:\/\/www.rassegnastampa-totustuus.it\/cattolica\/dove-finito-il-diavolo-appunti-sul-male-e-non-solo\/\" \/>\n<meta property=\"og:site_name\" content=\"Rassegna Stampa Cattolica\" \/>\n<meta property=\"article:publisher\" content=\"https:\/\/www.facebook.com\/rassegnastampacattolica\" \/>\n<meta property=\"article:published_time\" content=\"2017-07-26T22:00:38+00:00\" \/>\n<meta property=\"article:modified_time\" content=\"2017-07-27T06:33:22+00:00\" \/>\n<meta property=\"og:image\" content=\"https:\/\/www.rassegnastampa-totustuus.it\/cattolica\/wp-content\/uploads\/2017\/07\/demonio.jpg\" \/>\n\t<meta property=\"og:image:width\" content=\"254\" \/>\n\t<meta property=\"og:image:height\" content=\"198\" \/>\n\t<meta property=\"og:image:type\" content=\"image\/jpeg\" \/>\n<meta name=\"author\" content=\"Redazione\" \/>\n<meta name=\"twitter:card\" content=\"summary_large_image\" \/>\n<meta name=\"twitter:creator\" content=\"@rassegnastampa9\" \/>\n<meta name=\"twitter:site\" content=\"@rassegnastampa9\" \/>\n<meta name=\"twitter:label1\" content=\"Scritto da\" \/>\n\t<meta name=\"twitter:data1\" content=\"Redazione\" \/>\n\t<meta name=\"twitter:label2\" content=\"Tempo di lettura stimato\" \/>\n\t<meta name=\"twitter:data2\" content=\"11 minuti\" \/>\n<script type=\"application\/ld+json\" class=\"yoast-schema-graph\">{\"@context\":\"https:\\\/\\\/schema.org\",\"@graph\":[{\"@type\":\"Article\",\"@id\":\"https:\\\/\\\/www.rassegnastampa-totustuus.it\\\/cattolica\\\/dove-finito-il-diavolo-appunti-sul-male-e-non-solo\\\/#article\",\"isPartOf\":{\"@id\":\"https:\\\/\\\/www.rassegnastampa-totustuus.it\\\/cattolica\\\/dove-finito-il-diavolo-appunti-sul-male-e-non-solo\\\/\"},\"author\":{\"name\":\"Redazione\",\"@id\":\"https:\\\/\\\/www.rassegnastampa-totustuus.it\\\/cattolica\\\/#\\\/schema\\\/person\\\/08f319d2bd1a0904ad9e2bfb7b15e5c3\"},\"headline\":\"Dov&#8217;\u00e8 finito il diavolo? Appunti sul male (e non solo)\",\"datePublished\":\"2017-07-26T22:00:38+00:00\",\"dateModified\":\"2017-07-27T06:33:22+00:00\",\"mainEntityOfPage\":{\"@id\":\"https:\\\/\\\/www.rassegnastampa-totustuus.it\\\/cattolica\\\/dove-finito-il-diavolo-appunti-sul-male-e-non-solo\\\/\"},\"wordCount\":2253,\"publisher\":{\"@id\":\"https:\\\/\\\/www.rassegnastampa-totustuus.it\\\/cattolica\\\/#organization\"},\"image\":{\"@id\":\"https:\\\/\\\/www.rassegnastampa-totustuus.it\\\/cattolica\\\/dove-finito-il-diavolo-appunti-sul-male-e-non-solo\\\/#primaryimage\"},\"thumbnailUrl\":\"https:\\\/\\\/www.rassegnastampa-totustuus.it\\\/cattolica\\\/wp-content\\\/uploads\\\/2017\\\/07\\\/demonio.jpg\",\"keywords\":[\"demonio\"],\"articleSection\":[\"Chiesa\",\"Demonologia\",\"Dottrina e morale\"],\"inLanguage\":\"it-IT\"},{\"@type\":\"WebPage\",\"@id\":\"https:\\\/\\\/www.rassegnastampa-totustuus.it\\\/cattolica\\\/dove-finito-il-diavolo-appunti-sul-male-e-non-solo\\\/\",\"url\":\"https:\\\/\\\/www.rassegnastampa-totustuus.it\\\/cattolica\\\/dove-finito-il-diavolo-appunti-sul-male-e-non-solo\\\/\",\"name\":\"Dov'\u00e8 finito il diavolo? Appunti sul male (e non solo) - Rassegna Stampa Cattolica\",\"isPartOf\":{\"@id\":\"https:\\\/\\\/www.rassegnastampa-totustuus.it\\\/cattolica\\\/#website\"},\"primaryImageOfPage\":{\"@id\":\"https:\\\/\\\/www.rassegnastampa-totustuus.it\\\/cattolica\\\/dove-finito-il-diavolo-appunti-sul-male-e-non-solo\\\/#primaryimage\"},\"image\":{\"@id\":\"https:\\\/\\\/www.rassegnastampa-totustuus.it\\\/cattolica\\\/dove-finito-il-diavolo-appunti-sul-male-e-non-solo\\\/#primaryimage\"},\"thumbnailUrl\":\"https:\\\/\\\/www.rassegnastampa-totustuus.it\\\/cattolica\\\/wp-content\\\/uploads\\\/2017\\\/07\\\/demonio.jpg\",\"datePublished\":\"2017-07-26T22:00:38+00:00\",\"dateModified\":\"2017-07-27T06:33:22+00:00\",\"description\":\"Rassegna Stampa Cattolica - Per una cultura che nasce dalla Rivelazione cristiana in conformit\u00e0 alla tradizione e al Magistero della Chiesa in opposizione ad ogni relativismo e totalitarismo\",\"breadcrumb\":{\"@id\":\"https:\\\/\\\/www.rassegnastampa-totustuus.it\\\/cattolica\\\/dove-finito-il-diavolo-appunti-sul-male-e-non-solo\\\/#breadcrumb\"},\"inLanguage\":\"it-IT\",\"potentialAction\":[{\"@type\":\"ReadAction\",\"target\":[\"https:\\\/\\\/www.rassegnastampa-totustuus.it\\\/cattolica\\\/dove-finito-il-diavolo-appunti-sul-male-e-non-solo\\\/\"]}]},{\"@type\":\"ImageObject\",\"inLanguage\":\"it-IT\",\"@id\":\"https:\\\/\\\/www.rassegnastampa-totustuus.it\\\/cattolica\\\/dove-finito-il-diavolo-appunti-sul-male-e-non-solo\\\/#primaryimage\",\"url\":\"https:\\\/\\\/www.rassegnastampa-totustuus.it\\\/cattolica\\\/wp-content\\\/uploads\\\/2017\\\/07\\\/demonio.jpg\",\"contentUrl\":\"https:\\\/\\\/www.rassegnastampa-totustuus.it\\\/cattolica\\\/wp-content\\\/uploads\\\/2017\\\/07\\\/demonio.jpg\",\"width\":254,\"height\":198},{\"@type\":\"BreadcrumbList\",\"@id\":\"https:\\\/\\\/www.rassegnastampa-totustuus.it\\\/cattolica\\\/dove-finito-il-diavolo-appunti-sul-male-e-non-solo\\\/#breadcrumb\",\"itemListElement\":[{\"@type\":\"ListItem\",\"position\":1,\"name\":\"Home\",\"item\":\"https:\\\/\\\/www.rassegnastampa-totustuus.it\\\/cattolica\\\/\"},{\"@type\":\"ListItem\",\"position\":2,\"name\":\"Dov&#8217;\u00e8 finito il diavolo? Appunti sul male (e non solo)\"}]},{\"@type\":\"WebSite\",\"@id\":\"https:\\\/\\\/www.rassegnastampa-totustuus.it\\\/cattolica\\\/#website\",\"url\":\"https:\\\/\\\/www.rassegnastampa-totustuus.it\\\/cattolica\\\/\",\"name\":\"Rassegna Stampa Cattolica\",\"description\":\"Per una cultura che nasce dalla Rivelazione cristiana in conformit\u00e0 alla tradizione e al Magistero della Chiesa in opposizione ad ogni relativismo e totalitarismo\",\"publisher\":{\"@id\":\"https:\\\/\\\/www.rassegnastampa-totustuus.it\\\/cattolica\\\/#organization\"},\"alternateName\":\"Rass. Cattolica\",\"potentialAction\":[{\"@type\":\"SearchAction\",\"target\":{\"@type\":\"EntryPoint\",\"urlTemplate\":\"https:\\\/\\\/www.rassegnastampa-totustuus.it\\\/cattolica\\\/?s={search_term_string}\"},\"query-input\":{\"@type\":\"PropertyValueSpecification\",\"valueRequired\":true,\"valueName\":\"search_term_string\"}}],\"inLanguage\":\"it-IT\"},{\"@type\":\"Organization\",\"@id\":\"https:\\\/\\\/www.rassegnastampa-totustuus.it\\\/cattolica\\\/#organization\",\"name\":\"Rassegna Stampa Cattolica\",\"url\":\"https:\\\/\\\/www.rassegnastampa-totustuus.it\\\/cattolica\\\/\",\"logo\":{\"@type\":\"ImageObject\",\"inLanguage\":\"it-IT\",\"@id\":\"https:\\\/\\\/www.rassegnastampa-totustuus.it\\\/cattolica\\\/#\\\/schema\\\/logo\\\/image\\\/\",\"url\":\"https:\\\/\\\/www.rassegnastampa-totustuus.it\\\/cattolica\\\/wp-content\\\/uploads\\\/2014\\\/04\\\/logo-rassegna1.gif\",\"contentUrl\":\"https:\\\/\\\/www.rassegnastampa-totustuus.it\\\/cattolica\\\/wp-content\\\/uploads\\\/2014\\\/04\\\/logo-rassegna1.gif\",\"width\":600,\"height\":163,\"caption\":\"Rassegna Stampa Cattolica\"},\"image\":{\"@id\":\"https:\\\/\\\/www.rassegnastampa-totustuus.it\\\/cattolica\\\/#\\\/schema\\\/logo\\\/image\\\/\"},\"sameAs\":[\"https:\\\/\\\/www.facebook.com\\\/rassegnastampacattolica\",\"https:\\\/\\\/x.com\\\/rassegnastampa9\"]},{\"@type\":\"Person\",\"@id\":\"https:\\\/\\\/www.rassegnastampa-totustuus.it\\\/cattolica\\\/#\\\/schema\\\/person\\\/08f319d2bd1a0904ad9e2bfb7b15e5c3\",\"name\":\"Redazione\",\"image\":{\"@type\":\"ImageObject\",\"inLanguage\":\"it-IT\",\"@id\":\"https:\\\/\\\/secure.gravatar.com\\\/avatar\\\/2fcdf27c78ea025fbdb44e914cc63c72249ffec9dc8aafd5c82b26240ef3f346?s=96&d=mm&r=g\",\"url\":\"https:\\\/\\\/secure.gravatar.com\\\/avatar\\\/2fcdf27c78ea025fbdb44e914cc63c72249ffec9dc8aafd5c82b26240ef3f346?s=96&d=mm&r=g\",\"contentUrl\":\"https:\\\/\\\/secure.gravatar.com\\\/avatar\\\/2fcdf27c78ea025fbdb44e914cc63c72249ffec9dc8aafd5c82b26240ef3f346?s=96&d=mm&r=g\",\"caption\":\"Redazione\"},\"url\":\"https:\\\/\\\/www.rassegnastampa-totustuus.it\\\/cattolica\\\/author\\\/pietroelle\\\/\"}]}<\/script>\n<!-- \/ Yoast SEO plugin. -->","yoast_head_json":{"title":"Dov'\u00e8 finito il diavolo? Appunti sul male (e non solo) - Rassegna Stampa Cattolica","description":"Rassegna Stampa Cattolica - Per una cultura che nasce dalla Rivelazione cristiana in conformit\u00e0 alla tradizione e al Magistero della Chiesa in opposizione ad ogni relativismo e totalitarismo","robots":{"index":"index","follow":"follow","max-snippet":"max-snippet:-1","max-image-preview":"max-image-preview:large","max-video-preview":"max-video-preview:-1"},"canonical":"https:\/\/www.rassegnastampa-totustuus.it\/cattolica\/dove-finito-il-diavolo-appunti-sul-male-e-non-solo\/","og_locale":"it_IT","og_type":"article","og_title":"Dov'\u00e8 finito il diavolo? Appunti sul male (e non solo) - Rassegna Stampa Cattolica","og_description":"Rassegna Stampa Cattolica - Per una cultura che nasce dalla Rivelazione cristiana in conformit\u00e0 alla tradizione e al Magistero della Chiesa in opposizione ad ogni relativismo e totalitarismo","og_url":"https:\/\/www.rassegnastampa-totustuus.it\/cattolica\/dove-finito-il-diavolo-appunti-sul-male-e-non-solo\/","og_site_name":"Rassegna Stampa Cattolica","article_publisher":"https:\/\/www.facebook.com\/rassegnastampacattolica","article_published_time":"2017-07-26T22:00:38+00:00","article_modified_time":"2017-07-27T06:33:22+00:00","og_image":[{"width":254,"height":198,"url":"https:\/\/www.rassegnastampa-totustuus.it\/cattolica\/wp-content\/uploads\/2017\/07\/demonio.jpg","type":"image\/jpeg"}],"author":"Redazione","twitter_card":"summary_large_image","twitter_creator":"@rassegnastampa9","twitter_site":"@rassegnastampa9","twitter_misc":{"Scritto da":"Redazione","Tempo di lettura stimato":"11 minuti"},"schema":{"@context":"https:\/\/schema.org","@graph":[{"@type":"Article","@id":"https:\/\/www.rassegnastampa-totustuus.it\/cattolica\/dove-finito-il-diavolo-appunti-sul-male-e-non-solo\/#article","isPartOf":{"@id":"https:\/\/www.rassegnastampa-totustuus.it\/cattolica\/dove-finito-il-diavolo-appunti-sul-male-e-non-solo\/"},"author":{"name":"Redazione","@id":"https:\/\/www.rassegnastampa-totustuus.it\/cattolica\/#\/schema\/person\/08f319d2bd1a0904ad9e2bfb7b15e5c3"},"headline":"Dov&#8217;\u00e8 finito il diavolo? Appunti sul male (e non solo)","datePublished":"2017-07-26T22:00:38+00:00","dateModified":"2017-07-27T06:33:22+00:00","mainEntityOfPage":{"@id":"https:\/\/www.rassegnastampa-totustuus.it\/cattolica\/dove-finito-il-diavolo-appunti-sul-male-e-non-solo\/"},"wordCount":2253,"publisher":{"@id":"https:\/\/www.rassegnastampa-totustuus.it\/cattolica\/#organization"},"image":{"@id":"https:\/\/www.rassegnastampa-totustuus.it\/cattolica\/dove-finito-il-diavolo-appunti-sul-male-e-non-solo\/#primaryimage"},"thumbnailUrl":"https:\/\/www.rassegnastampa-totustuus.it\/cattolica\/wp-content\/uploads\/2017\/07\/demonio.jpg","keywords":["demonio"],"articleSection":["Chiesa","Demonologia","Dottrina e morale"],"inLanguage":"it-IT"},{"@type":"WebPage","@id":"https:\/\/www.rassegnastampa-totustuus.it\/cattolica\/dove-finito-il-diavolo-appunti-sul-male-e-non-solo\/","url":"https:\/\/www.rassegnastampa-totustuus.it\/cattolica\/dove-finito-il-diavolo-appunti-sul-male-e-non-solo\/","name":"Dov'\u00e8 finito il diavolo? Appunti sul male (e non solo) - Rassegna Stampa Cattolica","isPartOf":{"@id":"https:\/\/www.rassegnastampa-totustuus.it\/cattolica\/#website"},"primaryImageOfPage":{"@id":"https:\/\/www.rassegnastampa-totustuus.it\/cattolica\/dove-finito-il-diavolo-appunti-sul-male-e-non-solo\/#primaryimage"},"image":{"@id":"https:\/\/www.rassegnastampa-totustuus.it\/cattolica\/dove-finito-il-diavolo-appunti-sul-male-e-non-solo\/#primaryimage"},"thumbnailUrl":"https:\/\/www.rassegnastampa-totustuus.it\/cattolica\/wp-content\/uploads\/2017\/07\/demonio.jpg","datePublished":"2017-07-26T22:00:38+00:00","dateModified":"2017-07-27T06:33:22+00:00","description":"Rassegna Stampa Cattolica - Per una cultura che nasce dalla Rivelazione cristiana in conformit\u00e0 alla tradizione e al Magistero della Chiesa in opposizione ad ogni relativismo e totalitarismo","breadcrumb":{"@id":"https:\/\/www.rassegnastampa-totustuus.it\/cattolica\/dove-finito-il-diavolo-appunti-sul-male-e-non-solo\/#breadcrumb"},"inLanguage":"it-IT","potentialAction":[{"@type":"ReadAction","target":["https:\/\/www.rassegnastampa-totustuus.it\/cattolica\/dove-finito-il-diavolo-appunti-sul-male-e-non-solo\/"]}]},{"@type":"ImageObject","inLanguage":"it-IT","@id":"https:\/\/www.rassegnastampa-totustuus.it\/cattolica\/dove-finito-il-diavolo-appunti-sul-male-e-non-solo\/#primaryimage","url":"https:\/\/www.rassegnastampa-totustuus.it\/cattolica\/wp-content\/uploads\/2017\/07\/demonio.jpg","contentUrl":"https:\/\/www.rassegnastampa-totustuus.it\/cattolica\/wp-content\/uploads\/2017\/07\/demonio.jpg","width":254,"height":198},{"@type":"BreadcrumbList","@id":"https:\/\/www.rassegnastampa-totustuus.it\/cattolica\/dove-finito-il-diavolo-appunti-sul-male-e-non-solo\/#breadcrumb","itemListElement":[{"@type":"ListItem","position":1,"name":"Home","item":"https:\/\/www.rassegnastampa-totustuus.it\/cattolica\/"},{"@type":"ListItem","position":2,"name":"Dov&#8217;\u00e8 finito il diavolo? Appunti sul male (e non solo)"}]},{"@type":"WebSite","@id":"https:\/\/www.rassegnastampa-totustuus.it\/cattolica\/#website","url":"https:\/\/www.rassegnastampa-totustuus.it\/cattolica\/","name":"Rassegna Stampa Cattolica","description":"Per una cultura che nasce dalla Rivelazione cristiana in conformit\u00e0 alla tradizione e al Magistero della Chiesa in opposizione ad ogni relativismo e totalitarismo","publisher":{"@id":"https:\/\/www.rassegnastampa-totustuus.it\/cattolica\/#organization"},"alternateName":"Rass. Cattolica","potentialAction":[{"@type":"SearchAction","target":{"@type":"EntryPoint","urlTemplate":"https:\/\/www.rassegnastampa-totustuus.it\/cattolica\/?s={search_term_string}"},"query-input":{"@type":"PropertyValueSpecification","valueRequired":true,"valueName":"search_term_string"}}],"inLanguage":"it-IT"},{"@type":"Organization","@id":"https:\/\/www.rassegnastampa-totustuus.it\/cattolica\/#organization","name":"Rassegna Stampa Cattolica","url":"https:\/\/www.rassegnastampa-totustuus.it\/cattolica\/","logo":{"@type":"ImageObject","inLanguage":"it-IT","@id":"https:\/\/www.rassegnastampa-totustuus.it\/cattolica\/#\/schema\/logo\/image\/","url":"https:\/\/www.rassegnastampa-totustuus.it\/cattolica\/wp-content\/uploads\/2014\/04\/logo-rassegna1.gif","contentUrl":"https:\/\/www.rassegnastampa-totustuus.it\/cattolica\/wp-content\/uploads\/2014\/04\/logo-rassegna1.gif","width":600,"height":163,"caption":"Rassegna Stampa Cattolica"},"image":{"@id":"https:\/\/www.rassegnastampa-totustuus.it\/cattolica\/#\/schema\/logo\/image\/"},"sameAs":["https:\/\/www.facebook.com\/rassegnastampacattolica","https:\/\/x.com\/rassegnastampa9"]},{"@type":"Person","@id":"https:\/\/www.rassegnastampa-totustuus.it\/cattolica\/#\/schema\/person\/08f319d2bd1a0904ad9e2bfb7b15e5c3","name":"Redazione","image":{"@type":"ImageObject","inLanguage":"it-IT","@id":"https:\/\/secure.gravatar.com\/avatar\/2fcdf27c78ea025fbdb44e914cc63c72249ffec9dc8aafd5c82b26240ef3f346?s=96&d=mm&r=g","url":"https:\/\/secure.gravatar.com\/avatar\/2fcdf27c78ea025fbdb44e914cc63c72249ffec9dc8aafd5c82b26240ef3f346?s=96&d=mm&r=g","contentUrl":"https:\/\/secure.gravatar.com\/avatar\/2fcdf27c78ea025fbdb44e914cc63c72249ffec9dc8aafd5c82b26240ef3f346?s=96&d=mm&r=g","caption":"Redazione"},"url":"https:\/\/www.rassegnastampa-totustuus.it\/cattolica\/author\/pietroelle\/"}]}},"_links":{"self":[{"href":"https:\/\/www.rassegnastampa-totustuus.it\/cattolica\/wp-json\/wp\/v2\/posts\/38232","targetHints":{"allow":["GET"]}}],"collection":[{"href":"https:\/\/www.rassegnastampa-totustuus.it\/cattolica\/wp-json\/wp\/v2\/posts"}],"about":[{"href":"https:\/\/www.rassegnastampa-totustuus.it\/cattolica\/wp-json\/wp\/v2\/types\/post"}],"author":[{"embeddable":true,"href":"https:\/\/www.rassegnastampa-totustuus.it\/cattolica\/wp-json\/wp\/v2\/users\/6"}],"replies":[{"embeddable":true,"href":"https:\/\/www.rassegnastampa-totustuus.it\/cattolica\/wp-json\/wp\/v2\/comments?post=38232"}],"version-history":[{"count":3,"href":"https:\/\/www.rassegnastampa-totustuus.it\/cattolica\/wp-json\/wp\/v2\/posts\/38232\/revisions"}],"predecessor-version":[{"id":38253,"href":"https:\/\/www.rassegnastampa-totustuus.it\/cattolica\/wp-json\/wp\/v2\/posts\/38232\/revisions\/38253"}],"wp:featuredmedia":[{"embeddable":true,"href":"https:\/\/www.rassegnastampa-totustuus.it\/cattolica\/wp-json\/wp\/v2\/media\/38233"}],"wp:attachment":[{"href":"https:\/\/www.rassegnastampa-totustuus.it\/cattolica\/wp-json\/wp\/v2\/media?parent=38232"}],"wp:term":[{"taxonomy":"category","embeddable":true,"href":"https:\/\/www.rassegnastampa-totustuus.it\/cattolica\/wp-json\/wp\/v2\/categories?post=38232"},{"taxonomy":"post_tag","embeddable":true,"href":"https:\/\/www.rassegnastampa-totustuus.it\/cattolica\/wp-json\/wp\/v2\/tags?post=38232"}],"curies":[{"name":"wp","href":"https:\/\/api.w.org\/{rel}","templated":true}]}}