{"id":38215,"date":"2017-07-27T00:00:52","date_gmt":"2017-07-26T22:00:52","guid":{"rendered":"http:\/\/www.rassegnastampa-totustuus.it\/cattolica\/?p=38215"},"modified":"2017-07-27T08:44:24","modified_gmt":"2017-07-27T06:44:24","slug":"il-lassismo-anni-70-e-al-potere-nella-chiesa","status":"publish","type":"post","link":"https:\/\/www.rassegnastampa-totustuus.it\/cattolica\/il-lassismo-anni-70-e-al-potere-nella-chiesa\/","title":{"rendered":"Il lassismo anni &#8217;70 \u00e8 al potere nella Chiesa"},"content":{"rendered":"<p style=\"text-align: center;\"><strong><img loading=\"lazy\" decoding=\"async\" class=\"wp-image-38216 alignright\" src=\"https:\/\/www.rassegnastampa-totustuus.it\/cattolica\/wp-content\/uploads\/2017\/07\/preti_gay.jpg\" alt=\"preti_gay\" width=\"164\" height=\"200\" \/>La Nuova Bussola quotidiana<\/strong> 21 Luglio 2017<\/p>\n<p style=\"text-align: center;\">di <strong>Marco Tosatti<\/strong><\/p>\n<p style=\"text-align: justify;\">Ho letto con grande interesse un appassionato intervento di Christine Vollmer su\u00a0<em>The Catholic Thing<\/em>, in tema di morale, omosessualit\u00e0 abusi, e, soprattutto, l\u2019insegnamento della Chiesa. Una disamina lucida ed efficace, in un momento in cui i vescovi (vedi il caso di don Pusceddu a Cagliari) puniscono i sacerdoti se citano le parole di San Paolo sulla sodomia; se altri vescovi chiudono un occhio anzi due su responsabili ecclesiali che si uniscono a persone dello stesso sesso; e se noti gesuiti mediatici, nominati Consultori per il dicastero delle Comunicazioni in Vaticano, augurano ai loro amici LGBT di divertirsi per benino al prossimo Gay Pride locale.<\/p>\n<p style=\"text-align: justify;\"><!--more--><\/p>\n<p style=\"text-align: justify;\"><strong>Christine Vollmer ricorda che il problema degli abusi nella Chiesa<\/strong>, \u201cmascherato\u201d sotto il termine di pedofilia, in realt\u00e0 \u00e8 efebofilia, o pederastia. Cio\u00e8 si tratta di sacerdoti omosessuali che predano adolescenti. Una realt\u00e0 peraltro che \u00e8 stata evidenziata dal fatto che negli USA l\u201980 per cento dei sacerdoti condannati erano omosessuali. E confermata dal fatto che, come ha dichiarato qualche tempo fa il prof. Rev. Davide Cito, docente a Santa Croce ed esperto della Congregazione della Fede, su 400 casi che giungono a Roma ogni anno il 90 per cento riguarda abusi omosessuali su adolescenti, dai 15 ai 17 anni. Per tacere ovviamente di casi di cronaca come quello del segretario di un cardinale che organizzava orge omosessuali con droga nel Palazzo del Santo Uffizio.<\/p>\n<p style=\"text-align: justify;\"><strong>Christine Vollmer \u00e8 una personalit\u00e0 molto nota nella Chiesa<\/strong>. \u00c8 presidente di PROVIVE in Venezuela, coordinatrice del <em>Curriculem Alive to the World<\/em>, ed \u00e8 stata membro del Pontificio Consiglio della Famiglia e dell\u2019Accademia per la Vita fino al 2016, quando la nuova gestione ha rinnovato come sappiamo i suoi quadri&#8230;. Ha servito anche nella delegazione della Santa Sede all\u2019Onu. Il suo intervento si intitola \u201c<em>Quando le onde sommergono la barca di Pietro<\/em>\u201d; e naturalmente viene spontaneo collegarlo alle parole di Benedetto XVI per le esequi del cardinale Joachim Meisner.<\/p>\n<p style=\"text-align: justify;\"><strong>Quelli che amano la Chiesa e hanno seguito il pontificato di Paolo VI<\/strong>, San Giovanni Paolo II e Benedetto XVI con devozione ed entusiasmo sono in uno stato di allarme. Improvvisamente, avvolta in un mucchio di paroline dolci, la chiarezza dell\u2019insegnamento cattolico sembra fatta a pezzi. Che cosa sta succedendo? E perch\u00e9 dobbiamo tener duro, senza paura?<\/p>\n<p style=\"text-align: justify;\"><strong><img loading=\"lazy\" decoding=\"async\" class=\"wp-image-11909 alignleft\" src=\"https:\/\/www.rassegnastampa-totustuus.it\/cattolica\/wp-content\/uploads\/2014\/10\/Paolo-VI.jpg\" alt=\"Paolo VI\" width=\"240\" height=\"179\" \/>La lucidit\u00e0 e la verit\u00e0 che hanno benedetto la seconda met\u00e0 del XX secolo<\/strong>\u00a0attraverso gli insegnamenti di questi grandi pontefici, toccando milioni di cattolici e non cattolici egualmente, hanno risvegliato un amore e un rispetto per la Chiesa Cattolica Romana che \u00e8 stato ampiamente in sonno dopo la Secondo Guerra Mondiale ed \u00e8 stato posto in dubbio severamente negli anni \u201960 e \u201970.<\/p>\n<p style=\"text-align: justify;\"><strong>Una grande rivolta ha sommerso la cultura occidentale.<\/strong>\u00a0La dottrina \u00e8 stata buttata via; la famiglia \u00e8 stata rivoluzionata; la tradizione \u00e8 stata rovesciata; non rappresentava pi\u00f9 secoli di saggezza accumulata lentamente, ma fu resa ridicola; la moralit\u00e0 divenne \u201cintolleranza\u201d, \u201cfanatismo\u201d, auto-limitazione senza senso.<\/p>\n<p style=\"text-align: justify;\"><strong>Come risultato, gli anni \u201980 hanno testimoniato<\/strong>\u00a0l\u2019inizio di cambiamenti societari e legali che confondevano e riempivano di stress i fedeli di tutte le fedi. Nella Chiesa cattolica la gerarchia \u2013 educata in tempi precedenti \u2013 mantennero un\u2019apparenza di ortodossia, ma il dissenso era tollerato, e (per quelli di noi che erano giovani all\u2019epoca) era chiaro che c\u2019erano due tipi di preti.<\/p>\n<p style=\"text-align: justify;\"><strong>Preti e vescovi fedeli accettarono la profetica enciclica di Paolo VI<\/strong> nel 1968, <em>Humanae Vitae<\/em>, anche se non la comprendevano pienamente all\u2019epoca. Per contrasto, quelli formati nel relativismo e permissivismo degli anni \u201960 la trattavano con indifferenza piena di disprezzo. Papa Polo VI giustamente osserv\u00f2 che \u201cil fumo di Satana si \u00e8 infiltrato nella Chiesa\u201d. Fu un tempo molto duro per le giovani coppie e per i genitori che vedevano i loro figli adottare sempre di pi\u00f9 una moralit\u00e0 sessuale contraccettiva.<\/p>\n<p style=\"text-align: justify;\"><strong>Insegnamento morbido nei seminari ha portato molti futuri preti<\/strong> a credere che \u201cl\u2019autorit\u00e0\u201d non ha il diritto di imporre standard o moralit\u00e0; e ha anche prodotto i preti omosessuali che hanno commesso atti orrendi di pederastia. Gli sforzi fatti per nascondere questa realt\u00e0 vergognosa come una \u201cmalattia\u201d (pedofilia) sono stati smentiti dal fatto che una vasta maggioranza di casi coinvolgeva ragazzi adolescenti. Alcuni vescovi, codardamente o peggio, proteggevano quei preti, come sappiamo.<\/p>\n<p style=\"text-align: justify;\"><strong>Perch\u00e9 questo era tollerato?<\/strong>\u00a0Era tollerato perch\u00e9 la generazione del \u201960 e \u201970, allora in posizione di comando, era contraria <img loading=\"lazy\" decoding=\"async\" class=\"alignleft wp-image-32100 size-full\" src=\"https:\/\/www.rassegnastampa-totustuus.it\/cattolica\/wp-content\/uploads\/2005\/05\/GPII.jpg\" alt=\"GPII\" width=\"168\" height=\"190\" \/>all\u2019imposizione di regole morali o disciplina. Era permissiva per convinzione.<\/p>\n<p style=\"text-align: justify;\"><strong>L\u2019arrivo sorprendente e affascinante sulla scena di Karol Wojtyla<\/strong>, San Giovanni Paolo II, con la sua avvincente presentazione di verit\u00e0 onorate dal tempo del Vangelo e il suo vero aggiornamento fu destabilizzante per gli anni \u201960. Ma riemp\u00ec di passione e stimol\u00f2 la generazione seguente, e i preti fedeli e i religiosi e i laici ovunque.<\/p>\n<p style=\"text-align: justify;\"><strong>Venne con l\u2019esperienza della guerra, del Nazismo,<\/strong> del Comunismo e di malvagit\u00e0 di ogni tipo e conosceva la logica del Vangelo e della Buona Novella sulla persona umana e la salvezza.<\/p>\n<p style=\"text-align: justify;\"><strong>Inoltre la sua conoscenza si \u00e8 affilata fra i giovani<\/strong> e le coppie, fra quelli che soffrivano, eroi e gente ordinaria. Ha elettrizzato il mondo con spiegazioni piene di ispirazione su come dovremmo vivere. Non offriva soluzioni facili, ma felici. Ci ha dato spiegazioni comprensibili di chi siamo e come possiamo vivere il messaggio del Vangelo nel nostro tempo.<\/p>\n<p style=\"text-align: justify;\"><strong><img loading=\"lazy\" decoding=\"async\" class=\"alignright wp-image-37598\" src=\"https:\/\/www.rassegnastampa-totustuus.it\/cattolica\/wp-content\/uploads\/2017\/04\/Benedetto-XVI.jpg\" alt=\"Benedetto XVI\" width=\"190\" height=\"190\" srcset=\"https:\/\/www.rassegnastampa-totustuus.it\/cattolica\/wp-content\/uploads\/2017\/04\/Benedetto-XVI.jpg 206w, https:\/\/www.rassegnastampa-totustuus.it\/cattolica\/wp-content\/uploads\/2017\/04\/Benedetto-XVI-150x150.jpg 150w, https:\/\/www.rassegnastampa-totustuus.it\/cattolica\/wp-content\/uploads\/2017\/04\/Benedetto-XVI-40x40.jpg 40w\" sizes=\"auto, (max-width: 190px) 100vw, 190px\" \/>Quando BXVI \u00e8 succeduto a Giovanni Paolo II<\/strong>, ha rivolto la sua attenzione al vizio che si era infiltrato nei pi\u00f9 alti gradi della Chiesa. Ha punito ed esiliato padre Marcial Macel e iniziato un\u2019inchiesta sulle voci ampiamente diffuse di omosessualit\u00e0 e di scorrettezze finanziarie nella Curia. Non sappiamo i contenuti del rapporto; ma sappiamo che ha provocato grande allarme in alcune alte cerchie a Roma.<\/p>\n<p style=\"text-align: justify;\"><strong>I tre decenni di brillante evangelizzazione<\/strong>\u00a0dei papi Giovanni Paolo II e Benedetto nel mondo hanno avuto un enorme successo fra i laici e una intera nuova generazione di preti desiderosi e abili a insegnare la vera fede cattolica e la morale.<\/p>\n<p style=\"text-align: justify;\"><strong>Ma molti fra quelli della generazione precedente<\/strong> non erano contenti di vedere convinzione e fermezza nella fede sbocciare di nuovo. Un numero di vescovi e cardinali nel mondo sviluppato si sentivano a disagio mentre la loro via permissiva e lassiste si urtava con questo nuovo vigore. Alcuni di questi che erano ora vecchi prelati potenti, lo sappiamo ora, decisero di \u201csalvare\u201d la Chiesa da quelli che evidentemente consideravano insegnamenti \u201crigidi\u201d e di vecchio stampo.<\/p>\n<p style=\"text-align: justify;\"><strong>Ci dicono che fondarono il Sankt Gallen Club<\/strong>, o \u201cmafia\u201d per preparare i piani per deviare a forza la Barca di Pietro verso una rotta diversa. Approfittando della tolleranza dei papi precedenti che non li umiliarono mai per il loro lassismo dottrinale, questa club di Sankt Gallen riusc\u00ec a promuovere un candidato per il papato. Jorge Bergoglio fu eletto.<\/p>\n<p style=\"text-align: justify;\"><strong><img loading=\"lazy\" decoding=\"async\" class=\"alignleft wp-image-33562\" src=\"https:\/\/www.rassegnastampa-totustuus.it\/cattolica\/wp-content\/uploads\/2013\/07\/Francesco.jpg\" alt=\"Francesco\" width=\"240\" height=\"179\" \/>La generazione degli anni \u201970<\/strong> \u00e8 ora al potere nella Chiesa. Negli affari e in politica quella generazione \u00e8 generalmente in pensione. Molti sono stati stroncati da tragedia di droga e sesso e hanno distrutto i loro figli. Ma nella Chiesa molti sono ancora l\u00e0 \u2013 e ora hanno il potere.<\/p>\n<p style=\"text-align: justify;\"><strong>L\u2019affresco omoerotico oltraggioso<\/strong> commissionato dall\u2019arcivescovo Vincenzo Paglia per la sua cattedrale a Terni non gli ha impedito di essere nominato, e cambiare radicalmente, le sezioni del Vaticano che riguardano la Vita e la Famiglia.<\/p>\n<p style=\"text-align: justify;\"><strong>L\u2019arcivescovo Paglia ha anche ordinato un programma<\/strong> di \u201ceducazione sessuale\u201d in cinque lingue, che contraddice principi importanti dell\u2019insegnamento della Chiesa sull\u2019educazione sessuale.<\/p>\n<p style=\"text-align: justify;\"><strong>E cos\u00ec vediamo una grande divisione oggi nella Chiesa<\/strong>. I cattolici della strada praticanti sono pi\u00f9 motivati che mai a vivere e insegnare la vera dottrina sociale e morale della Chiesa. Ma vedono che prelati formati nel permissivismo e nel relativismo sono promossi. Persino scandali che riguardano droga e sesso nel Vaticano non sembrano rallentare il rifiuto e la modifica della categorie tradizionali della morale e del genere, confermate con tanta bellezza dai nostri grandi papi recenti.<\/p>\n<p style=\"text-align: justify;\"><strong>Stiamo dirigendoci verso acque molto tempestose<\/strong> e non dobbiamo perdere coraggio. Nostro Signore \u00e8 vivo e dobbiamo essere fedeli a Lui e al Suo insegnamento in questi tempi di prova. Giovani preti e laici, e i molti movimenti fedeli devono restare saldi nella Verit\u00e0, uniti in preghiera e azione finch\u00e9 la tempesta non sia passata. Ges\u00f9, ho fede in Te!<\/p>\n<p style=\"text-align: justify;\">\n","protected":false},"excerpt":{"rendered":"<p>La Nuova Bussola quotidiana 21 Luglio 2017 di Marco Tosatti Ho letto con grande interesse un appassionato intervento di Christine Vollmer su\u00a0The Catholic Thing, in tema di morale, omosessualit\u00e0 abusi, e, soprattutto, l\u2019insegnamento della Chiesa. Una disamina lucida ed efficace, in un momento in cui i vescovi (vedi il caso di don Pusceddu a Cagliari) &hellip; <\/p>\n<p><a class=\"more-link btn\" href=\"https:\/\/www.rassegnastampa-totustuus.it\/cattolica\/il-lassismo-anni-70-e-al-potere-nella-chiesa\/\">Continua a leggere<\/a><\/p>\n","protected":false},"author":6,"featured_media":38216,"comment_status":"closed","ping_status":"closed","sticky":false,"template":"","format":"standard","meta":{"footnotes":""},"categories":[5,45],"tags":[597],"class_list":["post-38215","post","type-post","status-publish","format-standard","has-post-thumbnail","hentry","category-chiesa","category-progressismo-cattolico","tag-preti-pedofili","item-wrap"],"yoast_head":"<!-- This site is optimized with the Yoast SEO plugin v27.5 - https:\/\/yoast.com\/product\/yoast-seo-wordpress\/ -->\n<title>Il lassismo anni &#039;70 \u00e8 al potere nella Chiesa - Rassegna Stampa Cattolica<\/title>\n<meta name=\"description\" content=\"Rassegna Stampa Cattolica - Per una cultura che nasce dalla Rivelazione cristiana in conformit\u00e0 alla tradizione e al Magistero della Chiesa in opposizione ad ogni relativismo e totalitarismo\" \/>\n<meta name=\"robots\" content=\"index, follow, max-snippet:-1, max-image-preview:large, max-video-preview:-1\" \/>\n<link rel=\"canonical\" href=\"https:\/\/www.rassegnastampa-totustuus.it\/cattolica\/il-lassismo-anni-70-e-al-potere-nella-chiesa\/\" \/>\n<meta property=\"og:locale\" content=\"it_IT\" \/>\n<meta property=\"og:type\" content=\"article\" \/>\n<meta property=\"og:title\" content=\"Il lassismo anni &#039;70 \u00e8 al potere nella Chiesa - Rassegna Stampa Cattolica\" \/>\n<meta property=\"og:description\" content=\"Rassegna Stampa Cattolica - Per una cultura che nasce dalla Rivelazione cristiana in conformit\u00e0 alla tradizione e al Magistero della Chiesa in opposizione ad ogni relativismo e totalitarismo\" \/>\n<meta property=\"og:url\" content=\"https:\/\/www.rassegnastampa-totustuus.it\/cattolica\/il-lassismo-anni-70-e-al-potere-nella-chiesa\/\" \/>\n<meta property=\"og:site_name\" content=\"Rassegna Stampa Cattolica\" \/>\n<meta property=\"article:publisher\" content=\"https:\/\/www.facebook.com\/rassegnastampacattolica\" \/>\n<meta property=\"article:published_time\" content=\"2017-07-26T22:00:52+00:00\" \/>\n<meta property=\"article:modified_time\" content=\"2017-07-27T06:44:24+00:00\" \/>\n<meta property=\"og:image\" content=\"https:\/\/www.rassegnastampa-totustuus.it\/cattolica\/wp-content\/uploads\/2017\/07\/preti_gay.jpg\" \/>\n\t<meta property=\"og:image:width\" content=\"203\" \/>\n\t<meta property=\"og:image:height\" content=\"248\" \/>\n\t<meta property=\"og:image:type\" content=\"image\/jpeg\" \/>\n<meta name=\"author\" content=\"Redazione\" \/>\n<meta name=\"twitter:card\" content=\"summary_large_image\" \/>\n<meta name=\"twitter:creator\" content=\"@rassegnastampa9\" \/>\n<meta name=\"twitter:site\" content=\"@rassegnastampa9\" \/>\n<meta name=\"twitter:label1\" content=\"Scritto da\" \/>\n\t<meta name=\"twitter:data1\" content=\"Redazione\" \/>\n\t<meta name=\"twitter:label2\" content=\"Tempo di lettura stimato\" \/>\n\t<meta name=\"twitter:data2\" content=\"7 minuti\" \/>\n<script type=\"application\/ld+json\" class=\"yoast-schema-graph\">{\"@context\":\"https:\\\/\\\/schema.org\",\"@graph\":[{\"@type\":\"Article\",\"@id\":\"https:\\\/\\\/www.rassegnastampa-totustuus.it\\\/cattolica\\\/il-lassismo-anni-70-e-al-potere-nella-chiesa\\\/#article\",\"isPartOf\":{\"@id\":\"https:\\\/\\\/www.rassegnastampa-totustuus.it\\\/cattolica\\\/il-lassismo-anni-70-e-al-potere-nella-chiesa\\\/\"},\"author\":{\"name\":\"Redazione\",\"@id\":\"https:\\\/\\\/www.rassegnastampa-totustuus.it\\\/cattolica\\\/#\\\/schema\\\/person\\\/08f319d2bd1a0904ad9e2bfb7b15e5c3\"},\"headline\":\"Il lassismo anni &#8217;70 \u00e8 al potere nella Chiesa\",\"datePublished\":\"2017-07-26T22:00:52+00:00\",\"dateModified\":\"2017-07-27T06:44:24+00:00\",\"mainEntityOfPage\":{\"@id\":\"https:\\\/\\\/www.rassegnastampa-totustuus.it\\\/cattolica\\\/il-lassismo-anni-70-e-al-potere-nella-chiesa\\\/\"},\"wordCount\":1361,\"publisher\":{\"@id\":\"https:\\\/\\\/www.rassegnastampa-totustuus.it\\\/cattolica\\\/#organization\"},\"image\":{\"@id\":\"https:\\\/\\\/www.rassegnastampa-totustuus.it\\\/cattolica\\\/il-lassismo-anni-70-e-al-potere-nella-chiesa\\\/#primaryimage\"},\"thumbnailUrl\":\"https:\\\/\\\/www.rassegnastampa-totustuus.it\\\/cattolica\\\/wp-content\\\/uploads\\\/2017\\\/07\\\/preti_gay.jpg\",\"keywords\":[\"preti pedofili\"],\"articleSection\":[\"Chiesa\",\"Progressismo\"],\"inLanguage\":\"it-IT\"},{\"@type\":\"WebPage\",\"@id\":\"https:\\\/\\\/www.rassegnastampa-totustuus.it\\\/cattolica\\\/il-lassismo-anni-70-e-al-potere-nella-chiesa\\\/\",\"url\":\"https:\\\/\\\/www.rassegnastampa-totustuus.it\\\/cattolica\\\/il-lassismo-anni-70-e-al-potere-nella-chiesa\\\/\",\"name\":\"Il lassismo anni '70 \u00e8 al potere nella Chiesa - Rassegna Stampa Cattolica\",\"isPartOf\":{\"@id\":\"https:\\\/\\\/www.rassegnastampa-totustuus.it\\\/cattolica\\\/#website\"},\"primaryImageOfPage\":{\"@id\":\"https:\\\/\\\/www.rassegnastampa-totustuus.it\\\/cattolica\\\/il-lassismo-anni-70-e-al-potere-nella-chiesa\\\/#primaryimage\"},\"image\":{\"@id\":\"https:\\\/\\\/www.rassegnastampa-totustuus.it\\\/cattolica\\\/il-lassismo-anni-70-e-al-potere-nella-chiesa\\\/#primaryimage\"},\"thumbnailUrl\":\"https:\\\/\\\/www.rassegnastampa-totustuus.it\\\/cattolica\\\/wp-content\\\/uploads\\\/2017\\\/07\\\/preti_gay.jpg\",\"datePublished\":\"2017-07-26T22:00:52+00:00\",\"dateModified\":\"2017-07-27T06:44:24+00:00\",\"description\":\"Rassegna Stampa Cattolica - Per una cultura che nasce dalla Rivelazione cristiana in conformit\u00e0 alla tradizione e al Magistero della Chiesa in opposizione ad ogni relativismo e totalitarismo\",\"breadcrumb\":{\"@id\":\"https:\\\/\\\/www.rassegnastampa-totustuus.it\\\/cattolica\\\/il-lassismo-anni-70-e-al-potere-nella-chiesa\\\/#breadcrumb\"},\"inLanguage\":\"it-IT\",\"potentialAction\":[{\"@type\":\"ReadAction\",\"target\":[\"https:\\\/\\\/www.rassegnastampa-totustuus.it\\\/cattolica\\\/il-lassismo-anni-70-e-al-potere-nella-chiesa\\\/\"]}]},{\"@type\":\"ImageObject\",\"inLanguage\":\"it-IT\",\"@id\":\"https:\\\/\\\/www.rassegnastampa-totustuus.it\\\/cattolica\\\/il-lassismo-anni-70-e-al-potere-nella-chiesa\\\/#primaryimage\",\"url\":\"https:\\\/\\\/www.rassegnastampa-totustuus.it\\\/cattolica\\\/wp-content\\\/uploads\\\/2017\\\/07\\\/preti_gay.jpg\",\"contentUrl\":\"https:\\\/\\\/www.rassegnastampa-totustuus.it\\\/cattolica\\\/wp-content\\\/uploads\\\/2017\\\/07\\\/preti_gay.jpg\",\"width\":203,\"height\":248},{\"@type\":\"BreadcrumbList\",\"@id\":\"https:\\\/\\\/www.rassegnastampa-totustuus.it\\\/cattolica\\\/il-lassismo-anni-70-e-al-potere-nella-chiesa\\\/#breadcrumb\",\"itemListElement\":[{\"@type\":\"ListItem\",\"position\":1,\"name\":\"Home\",\"item\":\"https:\\\/\\\/www.rassegnastampa-totustuus.it\\\/cattolica\\\/\"},{\"@type\":\"ListItem\",\"position\":2,\"name\":\"Il lassismo anni &#8217;70 \u00e8 al potere nella Chiesa\"}]},{\"@type\":\"WebSite\",\"@id\":\"https:\\\/\\\/www.rassegnastampa-totustuus.it\\\/cattolica\\\/#website\",\"url\":\"https:\\\/\\\/www.rassegnastampa-totustuus.it\\\/cattolica\\\/\",\"name\":\"Rassegna Stampa Cattolica\",\"description\":\"Per una cultura che nasce dalla Rivelazione cristiana in conformit\u00e0 alla tradizione e al Magistero della Chiesa in opposizione ad ogni relativismo e totalitarismo\",\"publisher\":{\"@id\":\"https:\\\/\\\/www.rassegnastampa-totustuus.it\\\/cattolica\\\/#organization\"},\"alternateName\":\"Rass. Cattolica\",\"potentialAction\":[{\"@type\":\"SearchAction\",\"target\":{\"@type\":\"EntryPoint\",\"urlTemplate\":\"https:\\\/\\\/www.rassegnastampa-totustuus.it\\\/cattolica\\\/?s={search_term_string}\"},\"query-input\":{\"@type\":\"PropertyValueSpecification\",\"valueRequired\":true,\"valueName\":\"search_term_string\"}}],\"inLanguage\":\"it-IT\"},{\"@type\":\"Organization\",\"@id\":\"https:\\\/\\\/www.rassegnastampa-totustuus.it\\\/cattolica\\\/#organization\",\"name\":\"Rassegna Stampa Cattolica\",\"url\":\"https:\\\/\\\/www.rassegnastampa-totustuus.it\\\/cattolica\\\/\",\"logo\":{\"@type\":\"ImageObject\",\"inLanguage\":\"it-IT\",\"@id\":\"https:\\\/\\\/www.rassegnastampa-totustuus.it\\\/cattolica\\\/#\\\/schema\\\/logo\\\/image\\\/\",\"url\":\"https:\\\/\\\/www.rassegnastampa-totustuus.it\\\/cattolica\\\/wp-content\\\/uploads\\\/2014\\\/04\\\/logo-rassegna1.gif\",\"contentUrl\":\"https:\\\/\\\/www.rassegnastampa-totustuus.it\\\/cattolica\\\/wp-content\\\/uploads\\\/2014\\\/04\\\/logo-rassegna1.gif\",\"width\":600,\"height\":163,\"caption\":\"Rassegna Stampa Cattolica\"},\"image\":{\"@id\":\"https:\\\/\\\/www.rassegnastampa-totustuus.it\\\/cattolica\\\/#\\\/schema\\\/logo\\\/image\\\/\"},\"sameAs\":[\"https:\\\/\\\/www.facebook.com\\\/rassegnastampacattolica\",\"https:\\\/\\\/x.com\\\/rassegnastampa9\"]},{\"@type\":\"Person\",\"@id\":\"https:\\\/\\\/www.rassegnastampa-totustuus.it\\\/cattolica\\\/#\\\/schema\\\/person\\\/08f319d2bd1a0904ad9e2bfb7b15e5c3\",\"name\":\"Redazione\",\"image\":{\"@type\":\"ImageObject\",\"inLanguage\":\"it-IT\",\"@id\":\"https:\\\/\\\/secure.gravatar.com\\\/avatar\\\/2fcdf27c78ea025fbdb44e914cc63c72249ffec9dc8aafd5c82b26240ef3f346?s=96&d=mm&r=g\",\"url\":\"https:\\\/\\\/secure.gravatar.com\\\/avatar\\\/2fcdf27c78ea025fbdb44e914cc63c72249ffec9dc8aafd5c82b26240ef3f346?s=96&d=mm&r=g\",\"contentUrl\":\"https:\\\/\\\/secure.gravatar.com\\\/avatar\\\/2fcdf27c78ea025fbdb44e914cc63c72249ffec9dc8aafd5c82b26240ef3f346?s=96&d=mm&r=g\",\"caption\":\"Redazione\"},\"url\":\"https:\\\/\\\/www.rassegnastampa-totustuus.it\\\/cattolica\\\/author\\\/pietroelle\\\/\"}]}<\/script>\n<!-- \/ Yoast SEO plugin. -->","yoast_head_json":{"title":"Il lassismo anni '70 \u00e8 al potere nella Chiesa - Rassegna Stampa Cattolica","description":"Rassegna Stampa Cattolica - Per una cultura che nasce dalla Rivelazione cristiana in conformit\u00e0 alla tradizione e al Magistero della Chiesa in opposizione ad ogni relativismo e totalitarismo","robots":{"index":"index","follow":"follow","max-snippet":"max-snippet:-1","max-image-preview":"max-image-preview:large","max-video-preview":"max-video-preview:-1"},"canonical":"https:\/\/www.rassegnastampa-totustuus.it\/cattolica\/il-lassismo-anni-70-e-al-potere-nella-chiesa\/","og_locale":"it_IT","og_type":"article","og_title":"Il lassismo anni '70 \u00e8 al potere nella Chiesa - Rassegna Stampa Cattolica","og_description":"Rassegna Stampa Cattolica - Per una cultura che nasce dalla Rivelazione cristiana in conformit\u00e0 alla tradizione e al Magistero della Chiesa in opposizione ad ogni relativismo e totalitarismo","og_url":"https:\/\/www.rassegnastampa-totustuus.it\/cattolica\/il-lassismo-anni-70-e-al-potere-nella-chiesa\/","og_site_name":"Rassegna Stampa Cattolica","article_publisher":"https:\/\/www.facebook.com\/rassegnastampacattolica","article_published_time":"2017-07-26T22:00:52+00:00","article_modified_time":"2017-07-27T06:44:24+00:00","og_image":[{"width":203,"height":248,"url":"https:\/\/www.rassegnastampa-totustuus.it\/cattolica\/wp-content\/uploads\/2017\/07\/preti_gay.jpg","type":"image\/jpeg"}],"author":"Redazione","twitter_card":"summary_large_image","twitter_creator":"@rassegnastampa9","twitter_site":"@rassegnastampa9","twitter_misc":{"Scritto da":"Redazione","Tempo di lettura stimato":"7 minuti"},"schema":{"@context":"https:\/\/schema.org","@graph":[{"@type":"Article","@id":"https:\/\/www.rassegnastampa-totustuus.it\/cattolica\/il-lassismo-anni-70-e-al-potere-nella-chiesa\/#article","isPartOf":{"@id":"https:\/\/www.rassegnastampa-totustuus.it\/cattolica\/il-lassismo-anni-70-e-al-potere-nella-chiesa\/"},"author":{"name":"Redazione","@id":"https:\/\/www.rassegnastampa-totustuus.it\/cattolica\/#\/schema\/person\/08f319d2bd1a0904ad9e2bfb7b15e5c3"},"headline":"Il lassismo anni &#8217;70 \u00e8 al potere nella Chiesa","datePublished":"2017-07-26T22:00:52+00:00","dateModified":"2017-07-27T06:44:24+00:00","mainEntityOfPage":{"@id":"https:\/\/www.rassegnastampa-totustuus.it\/cattolica\/il-lassismo-anni-70-e-al-potere-nella-chiesa\/"},"wordCount":1361,"publisher":{"@id":"https:\/\/www.rassegnastampa-totustuus.it\/cattolica\/#organization"},"image":{"@id":"https:\/\/www.rassegnastampa-totustuus.it\/cattolica\/il-lassismo-anni-70-e-al-potere-nella-chiesa\/#primaryimage"},"thumbnailUrl":"https:\/\/www.rassegnastampa-totustuus.it\/cattolica\/wp-content\/uploads\/2017\/07\/preti_gay.jpg","keywords":["preti pedofili"],"articleSection":["Chiesa","Progressismo"],"inLanguage":"it-IT"},{"@type":"WebPage","@id":"https:\/\/www.rassegnastampa-totustuus.it\/cattolica\/il-lassismo-anni-70-e-al-potere-nella-chiesa\/","url":"https:\/\/www.rassegnastampa-totustuus.it\/cattolica\/il-lassismo-anni-70-e-al-potere-nella-chiesa\/","name":"Il lassismo anni '70 \u00e8 al potere nella Chiesa - Rassegna Stampa Cattolica","isPartOf":{"@id":"https:\/\/www.rassegnastampa-totustuus.it\/cattolica\/#website"},"primaryImageOfPage":{"@id":"https:\/\/www.rassegnastampa-totustuus.it\/cattolica\/il-lassismo-anni-70-e-al-potere-nella-chiesa\/#primaryimage"},"image":{"@id":"https:\/\/www.rassegnastampa-totustuus.it\/cattolica\/il-lassismo-anni-70-e-al-potere-nella-chiesa\/#primaryimage"},"thumbnailUrl":"https:\/\/www.rassegnastampa-totustuus.it\/cattolica\/wp-content\/uploads\/2017\/07\/preti_gay.jpg","datePublished":"2017-07-26T22:00:52+00:00","dateModified":"2017-07-27T06:44:24+00:00","description":"Rassegna Stampa Cattolica - Per una cultura che nasce dalla Rivelazione cristiana in conformit\u00e0 alla tradizione e al Magistero della Chiesa in opposizione ad ogni relativismo e totalitarismo","breadcrumb":{"@id":"https:\/\/www.rassegnastampa-totustuus.it\/cattolica\/il-lassismo-anni-70-e-al-potere-nella-chiesa\/#breadcrumb"},"inLanguage":"it-IT","potentialAction":[{"@type":"ReadAction","target":["https:\/\/www.rassegnastampa-totustuus.it\/cattolica\/il-lassismo-anni-70-e-al-potere-nella-chiesa\/"]}]},{"@type":"ImageObject","inLanguage":"it-IT","@id":"https:\/\/www.rassegnastampa-totustuus.it\/cattolica\/il-lassismo-anni-70-e-al-potere-nella-chiesa\/#primaryimage","url":"https:\/\/www.rassegnastampa-totustuus.it\/cattolica\/wp-content\/uploads\/2017\/07\/preti_gay.jpg","contentUrl":"https:\/\/www.rassegnastampa-totustuus.it\/cattolica\/wp-content\/uploads\/2017\/07\/preti_gay.jpg","width":203,"height":248},{"@type":"BreadcrumbList","@id":"https:\/\/www.rassegnastampa-totustuus.it\/cattolica\/il-lassismo-anni-70-e-al-potere-nella-chiesa\/#breadcrumb","itemListElement":[{"@type":"ListItem","position":1,"name":"Home","item":"https:\/\/www.rassegnastampa-totustuus.it\/cattolica\/"},{"@type":"ListItem","position":2,"name":"Il lassismo anni &#8217;70 \u00e8 al potere nella Chiesa"}]},{"@type":"WebSite","@id":"https:\/\/www.rassegnastampa-totustuus.it\/cattolica\/#website","url":"https:\/\/www.rassegnastampa-totustuus.it\/cattolica\/","name":"Rassegna Stampa Cattolica","description":"Per una cultura che nasce dalla Rivelazione cristiana in conformit\u00e0 alla tradizione e al Magistero della Chiesa in opposizione ad ogni relativismo e totalitarismo","publisher":{"@id":"https:\/\/www.rassegnastampa-totustuus.it\/cattolica\/#organization"},"alternateName":"Rass. Cattolica","potentialAction":[{"@type":"SearchAction","target":{"@type":"EntryPoint","urlTemplate":"https:\/\/www.rassegnastampa-totustuus.it\/cattolica\/?s={search_term_string}"},"query-input":{"@type":"PropertyValueSpecification","valueRequired":true,"valueName":"search_term_string"}}],"inLanguage":"it-IT"},{"@type":"Organization","@id":"https:\/\/www.rassegnastampa-totustuus.it\/cattolica\/#organization","name":"Rassegna Stampa Cattolica","url":"https:\/\/www.rassegnastampa-totustuus.it\/cattolica\/","logo":{"@type":"ImageObject","inLanguage":"it-IT","@id":"https:\/\/www.rassegnastampa-totustuus.it\/cattolica\/#\/schema\/logo\/image\/","url":"https:\/\/www.rassegnastampa-totustuus.it\/cattolica\/wp-content\/uploads\/2014\/04\/logo-rassegna1.gif","contentUrl":"https:\/\/www.rassegnastampa-totustuus.it\/cattolica\/wp-content\/uploads\/2014\/04\/logo-rassegna1.gif","width":600,"height":163,"caption":"Rassegna Stampa Cattolica"},"image":{"@id":"https:\/\/www.rassegnastampa-totustuus.it\/cattolica\/#\/schema\/logo\/image\/"},"sameAs":["https:\/\/www.facebook.com\/rassegnastampacattolica","https:\/\/x.com\/rassegnastampa9"]},{"@type":"Person","@id":"https:\/\/www.rassegnastampa-totustuus.it\/cattolica\/#\/schema\/person\/08f319d2bd1a0904ad9e2bfb7b15e5c3","name":"Redazione","image":{"@type":"ImageObject","inLanguage":"it-IT","@id":"https:\/\/secure.gravatar.com\/avatar\/2fcdf27c78ea025fbdb44e914cc63c72249ffec9dc8aafd5c82b26240ef3f346?s=96&d=mm&r=g","url":"https:\/\/secure.gravatar.com\/avatar\/2fcdf27c78ea025fbdb44e914cc63c72249ffec9dc8aafd5c82b26240ef3f346?s=96&d=mm&r=g","contentUrl":"https:\/\/secure.gravatar.com\/avatar\/2fcdf27c78ea025fbdb44e914cc63c72249ffec9dc8aafd5c82b26240ef3f346?s=96&d=mm&r=g","caption":"Redazione"},"url":"https:\/\/www.rassegnastampa-totustuus.it\/cattolica\/author\/pietroelle\/"}]}},"_links":{"self":[{"href":"https:\/\/www.rassegnastampa-totustuus.it\/cattolica\/wp-json\/wp\/v2\/posts\/38215","targetHints":{"allow":["GET"]}}],"collection":[{"href":"https:\/\/www.rassegnastampa-totustuus.it\/cattolica\/wp-json\/wp\/v2\/posts"}],"about":[{"href":"https:\/\/www.rassegnastampa-totustuus.it\/cattolica\/wp-json\/wp\/v2\/types\/post"}],"author":[{"embeddable":true,"href":"https:\/\/www.rassegnastampa-totustuus.it\/cattolica\/wp-json\/wp\/v2\/users\/6"}],"replies":[{"embeddable":true,"href":"https:\/\/www.rassegnastampa-totustuus.it\/cattolica\/wp-json\/wp\/v2\/comments?post=38215"}],"version-history":[{"count":3,"href":"https:\/\/www.rassegnastampa-totustuus.it\/cattolica\/wp-json\/wp\/v2\/posts\/38215\/revisions"}],"predecessor-version":[{"id":38257,"href":"https:\/\/www.rassegnastampa-totustuus.it\/cattolica\/wp-json\/wp\/v2\/posts\/38215\/revisions\/38257"}],"wp:featuredmedia":[{"embeddable":true,"href":"https:\/\/www.rassegnastampa-totustuus.it\/cattolica\/wp-json\/wp\/v2\/media\/38216"}],"wp:attachment":[{"href":"https:\/\/www.rassegnastampa-totustuus.it\/cattolica\/wp-json\/wp\/v2\/media?parent=38215"}],"wp:term":[{"taxonomy":"category","embeddable":true,"href":"https:\/\/www.rassegnastampa-totustuus.it\/cattolica\/wp-json\/wp\/v2\/categories?post=38215"},{"taxonomy":"post_tag","embeddable":true,"href":"https:\/\/www.rassegnastampa-totustuus.it\/cattolica\/wp-json\/wp\/v2\/tags?post=38215"}],"curies":[{"name":"wp","href":"https:\/\/api.w.org\/{rel}","templated":true}]}}