{"id":38195,"date":"2017-07-20T00:00:56","date_gmt":"2017-07-19T22:00:56","guid":{"rendered":"http:\/\/www.rassegnastampa-totustuus.it\/cattolica\/?p=38195"},"modified":"2017-07-17T16:01:37","modified_gmt":"2017-07-17T14:01:37","slug":"perche-il-capitale-odia-i-confini","status":"publish","type":"post","link":"https:\/\/www.rassegnastampa-totustuus.it\/cattolica\/perche-il-capitale-odia-i-confini\/","title":{"rendered":"Perch\u00e9 il capitale odia i confini"},"content":{"rendered":"<p style=\"text-align: center;\"><strong><img loading=\"lazy\" decoding=\"async\" class=\"alignright wp-image-38196\" src=\"https:\/\/www.rassegnastampa-totustuus.it\/cattolica\/wp-content\/uploads\/2017\/07\/terra.jpg\" alt=\"terra\" width=\"200\" height=\"200\" srcset=\"https:\/\/www.rassegnastampa-totustuus.it\/cattolica\/wp-content\/uploads\/2017\/07\/terra.jpg 225w, https:\/\/www.rassegnastampa-totustuus.it\/cattolica\/wp-content\/uploads\/2017\/07\/terra-150x150.jpg 150w\" sizes=\"auto, (max-width: 200px) 100vw, 200px\" \/>Tempi<\/strong> 14 Luglio, 2017<\/p>\n<p style=\"text-align: justify;\"><em>Fondativa della civilt\u00e0 capitalistica, la norma metafisica dell\u2019illimitatezza si dispiega come abbattimento di ogni limite reale e immateriale<\/em><\/p>\n<p style=\"text-align: center;\"><strong>Diego Fusaro<\/strong><\/p>\n<p style=\"text-align: center;\"><!--more--><\/p>\n<p style=\"text-align: justify;\">Il superamento delle frontiere, salutato come fisiologicamente positivo da quanti hanno fatto loro la prospettiva della global class mondialista, risulta funzionale al capitale non solo perch\u00e9 abbatte ogni confine invalicabile (e, dunque, fa s\u00ec che non sopravviva uno spazio non ancora sussunto sotto le sue dinamiche), ma anche per un\u2019altra ragione: se, come sappiamo, le frontiere sono, a un tempo, storiche e geografiche, poich\u00e9 in esse \u00e8 custodita la storia dei popoli e il loro radicamento, non stupisce che la marcia del capitale le travolga, rimuovendo la dimensione storica, culturale, plurale e territoriale dei popoli.<\/p>\n<p style=\"text-align: justify;\">Coerente con l\u2019open space della mondializzazione, l\u2019abbattimento delle frontiere e dei confini si pone, dunque, in pari tempo come un momento di unificazione planetaria del campo economico e di distruzione programmata della potenza etica degli Stati sovrani ancora in grado di governare e regolamentare l\u2019economia.<\/p>\n<p style=\"text-align: justify;\">La metafisica dell\u2019illimitatezza propria del capitale si ridispone, sul piano geopolitico, come pratica dello sconfinamento permanente: ogni confine viene oltrepassato, affinch\u00e9 si annulli ogni linea divisoria tra ci\u00f2 che \u00e8 interno e ci\u00f2 che \u00e8 esterno rispetto all\u2019ordine capitalistico mondializzato. Sul piano simbolico, la prassi dello sconfinamento capitalistico \u00e8 legittimata mediante la subcultura della narrativa no border e la convergente demonizzazione integrale dell\u2019idea stessa di confine, presentato dalle Sinistre del Costume (sovrastruttura ideologica delle Destra del Danaro) come inevitabilmente autoritario ed escludente, nella rimozione integrale della sua valenza protettiva di difesa dei diritti rispetto all\u2019offensiva della violenza mondialistica.<\/p>\n<p style=\"text-align: justify;\">La desovranizzazione richiede necessariamente l\u2019abbattimento dei confini e delle frontiere, di modo che sia, eo ipso, annullata la possibilit\u00e0 politica di intervento nei territori e si imponga un modello unico indistinto, senza barriere reali o simboliche. Per poter agire, la politica necessita sempre di una sovranit\u00e0 limitata nello spazio e, dunque, di un territorio con precisi confini in cui essere radicata.<\/p>\n<p style=\"text-align: justify;\">Il mercato unico e il modello unico di esistenza e di pensiero sono le due facce del medesimo processo di globalizzazione come disarticolazione del diritto alla differenza e come simultaneo dispiegamento globale dell\u2019inautentico e del medesimo. In essi si esprime la pulsione globalista verso l\u2019indifferenziato senza limitazioni, verso l\u2019annichilimento di tutto ci\u00f2 che ancora non sia affine rispetto al mercato e alla sua antropologia.<\/p>\n<p style=\"text-align: justify;\">Il sistema finanziario assoluto deve, di conseguenza, porsi necessariamente come sans fronti\u00e8res, perch\u00e9 il mondo intero senza esclusioni deve essere sussunto sotto il suo regime di produzione, di esistenza e di pensiero: l\u2019inclusione assoluta procede di conserva con la neutralizzazione assoluta di tutto ci\u00f2 che non sia ancora inglobato o, pi\u00f9 precisamente, \u201cinglobalizzato\u201d, cio\u00e8 ricondotto entro l\u2019ordine spoliticizzato del mercato unico planetario senza confini che lo separino da una eventuale esteriorit\u00e0.<\/p>\n<p style=\"text-align: justify;\">L\u2019aspirazione del capitale \u00e8 la creazione di a single market without barriers \u2013 visible or invisible, \u00abun mercato unico aperto e senza barriere, visibili e invisibili\u00bb (parola di Margaret Thatcher, 18 aprile 1988).<\/p>\n<p style=\"text-align: justify;\">Fondativa della civilt\u00e0 capitalistica, la norma metafisica dell\u2019illimitatezza si dispiega in concreto come attivo abbattimento di ogni limite reale e immateriale: abbattimento che, di fatto, secondo le coordinate linguistiche del nuovo ordine simbolico, viene identificato con il \u201cprogresso\u201d.<\/p>\n<p style=\"text-align: justify;\"><strong>Un sistema apolide e planetario<\/strong><\/p>\n<p style=\"text-align: justify;\">Secondo questa chiave ermeneutica, pu\u00f2 essere oggi inquadrata concettualmente l\u2019ossessione neo-edonistica e liberal-libertaria per l\u2019apertura di ogni frontiera materiale e immateriale e per la violazione di ogni misura reale e simbolica: \u00e8 quella che potrebbe intendersi come l\u2019ideologia dell\u2019apertura permanente dell\u2019open society, con il suo peculiare sfondamento di ogni frontiera nazionale, etica, religiosa, morale come limite alla competitivit\u00e0 globale del free market e alla mobilit\u00e0 universale delle delocalizzazioni e del dumping salariale sempre a detrimento della manodopera planetaria.<\/p>\n<p style=\"text-align: justify;\">La manipolazione organizzata pubblicitaria, ancora una volta, legittima e glorifica questa tendenza allo sconfinamento, che per i dannati della mondializzazione \u00e8 una sciagura, presentandola come un nuovo lifestyle suadente e liberatorio: la liberazione e lo sconfinamento del capitale finanziario, l\u2019abbattimento di ogni frontiera materiale e immateriale per la civilt\u00e0 dei consumi, nei cui spazi tutto deve essere possibile sotto forma di merce, viene falsamente generalizzata come chance entusiasmante anche per coloro che ne subiscono soltanto le conseguenze pi\u00f9 esiziali.<\/p>\n<p style=\"text-align: justify;\">\u00c8 in questo scenario di ordinaria alienazione postmoderna che si spiega, tra le tante, la campagna pubblicitaria lanciata nel 2017 da una nota marca di birre mediante il conio del neologismo anglofono desfronterizate: \u00abRimuovere le frontiere\u00bb \u2013 il sogno realizzato del capitale apolide e planetario \u2013 diventava il nuovo slogan delle masse manipolate e quotidianamente esortate alla gaudente accettazione della propria servit\u00f9.<\/p>\n","protected":false},"excerpt":{"rendered":"<p>Tempi 14 Luglio, 2017 Fondativa della civilt\u00e0 capitalistica, la norma metafisica dell\u2019illimitatezza si dispiega come abbattimento di ogni limite reale e immateriale Diego Fusaro<\/p><p><a class=\"more-link btn\" href=\"https:\/\/www.rassegnastampa-totustuus.it\/cattolica\/perche-il-capitale-odia-i-confini\/\">Continua a leggere<\/a><\/p>\n","protected":false},"author":6,"featured_media":38196,"comment_status":"closed","ping_status":"closed","sticky":false,"template":"","format":"standard","meta":{"footnotes":""},"categories":[61],"tags":[178,648],"class_list":["post-38195","post","type-post","status-publish","format-standard","has-post-thumbnail","hentry","category-mondialismo-e-globalizzazione","tag-capitalismo","tag-globalizzazione","item-wrap"],"yoast_head":"<!-- This site is optimized with the Yoast SEO plugin v27.4 - https:\/\/yoast.com\/product\/yoast-seo-wordpress\/ -->\n<title>Perch\u00e9 il capitale odia i confini - Rassegna Stampa Cattolica<\/title>\n<meta name=\"description\" content=\"Rassegna Stampa Cattolica - Per una cultura che nasce dalla Rivelazione cristiana in conformit\u00e0 alla tradizione e al Magistero della Chiesa in opposizione ad ogni relativismo e totalitarismo\" \/>\n<meta name=\"robots\" content=\"index, follow, max-snippet:-1, max-image-preview:large, max-video-preview:-1\" \/>\n<link rel=\"canonical\" href=\"https:\/\/www.rassegnastampa-totustuus.it\/cattolica\/perche-il-capitale-odia-i-confini\/\" \/>\n<meta property=\"og:locale\" content=\"it_IT\" \/>\n<meta property=\"og:type\" content=\"article\" \/>\n<meta property=\"og:title\" content=\"Perch\u00e9 il capitale odia i confini - Rassegna Stampa Cattolica\" \/>\n<meta property=\"og:description\" content=\"Rassegna Stampa Cattolica - Per una cultura che nasce dalla Rivelazione cristiana in conformit\u00e0 alla tradizione e al Magistero della Chiesa in opposizione ad ogni relativismo e totalitarismo\" \/>\n<meta property=\"og:url\" content=\"https:\/\/www.rassegnastampa-totustuus.it\/cattolica\/perche-il-capitale-odia-i-confini\/\" \/>\n<meta property=\"og:site_name\" content=\"Rassegna Stampa Cattolica\" \/>\n<meta property=\"article:publisher\" content=\"https:\/\/www.facebook.com\/rassegnastampacattolica\" \/>\n<meta property=\"article:published_time\" content=\"2017-07-19T22:00:56+00:00\" \/>\n<meta property=\"og:image\" content=\"https:\/\/www.rassegnastampa-totustuus.it\/cattolica\/wp-content\/uploads\/2017\/07\/terra.jpg\" \/>\n\t<meta property=\"og:image:width\" content=\"225\" \/>\n\t<meta property=\"og:image:height\" content=\"225\" \/>\n\t<meta property=\"og:image:type\" content=\"image\/jpeg\" \/>\n<meta name=\"author\" content=\"Redazione\" \/>\n<meta name=\"twitter:card\" content=\"summary_large_image\" \/>\n<meta name=\"twitter:creator\" content=\"@rassegnastampa9\" \/>\n<meta name=\"twitter:site\" content=\"@rassegnastampa9\" \/>\n<meta name=\"twitter:label1\" content=\"Scritto da\" \/>\n\t<meta name=\"twitter:data1\" content=\"Redazione\" \/>\n\t<meta name=\"twitter:label2\" content=\"Tempo di lettura stimato\" \/>\n\t<meta name=\"twitter:data2\" content=\"4 minuti\" \/>\n<script type=\"application\/ld+json\" class=\"yoast-schema-graph\">{\"@context\":\"https:\\\/\\\/schema.org\",\"@graph\":[{\"@type\":\"Article\",\"@id\":\"https:\\\/\\\/www.rassegnastampa-totustuus.it\\\/cattolica\\\/perche-il-capitale-odia-i-confini\\\/#article\",\"isPartOf\":{\"@id\":\"https:\\\/\\\/www.rassegnastampa-totustuus.it\\\/cattolica\\\/perche-il-capitale-odia-i-confini\\\/\"},\"author\":{\"name\":\"Redazione\",\"@id\":\"https:\\\/\\\/www.rassegnastampa-totustuus.it\\\/cattolica\\\/#\\\/schema\\\/person\\\/08f319d2bd1a0904ad9e2bfb7b15e5c3\"},\"headline\":\"Perch\u00e9 il capitale odia i confini\",\"datePublished\":\"2017-07-19T22:00:56+00:00\",\"mainEntityOfPage\":{\"@id\":\"https:\\\/\\\/www.rassegnastampa-totustuus.it\\\/cattolica\\\/perche-il-capitale-odia-i-confini\\\/\"},\"wordCount\":767,\"publisher\":{\"@id\":\"https:\\\/\\\/www.rassegnastampa-totustuus.it\\\/cattolica\\\/#organization\"},\"image\":{\"@id\":\"https:\\\/\\\/www.rassegnastampa-totustuus.it\\\/cattolica\\\/perche-il-capitale-odia-i-confini\\\/#primaryimage\"},\"thumbnailUrl\":\"https:\\\/\\\/www.rassegnastampa-totustuus.it\\\/cattolica\\\/wp-content\\\/uploads\\\/2017\\\/07\\\/terra.jpg\",\"keywords\":[\"capitalismo\",\"globalizzazione\"],\"articleSection\":[\"Mondialismo\"],\"inLanguage\":\"it-IT\"},{\"@type\":\"WebPage\",\"@id\":\"https:\\\/\\\/www.rassegnastampa-totustuus.it\\\/cattolica\\\/perche-il-capitale-odia-i-confini\\\/\",\"url\":\"https:\\\/\\\/www.rassegnastampa-totustuus.it\\\/cattolica\\\/perche-il-capitale-odia-i-confini\\\/\",\"name\":\"Perch\u00e9 il capitale odia i confini - Rassegna Stampa Cattolica\",\"isPartOf\":{\"@id\":\"https:\\\/\\\/www.rassegnastampa-totustuus.it\\\/cattolica\\\/#website\"},\"primaryImageOfPage\":{\"@id\":\"https:\\\/\\\/www.rassegnastampa-totustuus.it\\\/cattolica\\\/perche-il-capitale-odia-i-confini\\\/#primaryimage\"},\"image\":{\"@id\":\"https:\\\/\\\/www.rassegnastampa-totustuus.it\\\/cattolica\\\/perche-il-capitale-odia-i-confini\\\/#primaryimage\"},\"thumbnailUrl\":\"https:\\\/\\\/www.rassegnastampa-totustuus.it\\\/cattolica\\\/wp-content\\\/uploads\\\/2017\\\/07\\\/terra.jpg\",\"datePublished\":\"2017-07-19T22:00:56+00:00\",\"description\":\"Rassegna Stampa Cattolica - Per una cultura che nasce dalla Rivelazione cristiana in conformit\u00e0 alla tradizione e al Magistero della Chiesa in opposizione ad ogni relativismo e totalitarismo\",\"breadcrumb\":{\"@id\":\"https:\\\/\\\/www.rassegnastampa-totustuus.it\\\/cattolica\\\/perche-il-capitale-odia-i-confini\\\/#breadcrumb\"},\"inLanguage\":\"it-IT\",\"potentialAction\":[{\"@type\":\"ReadAction\",\"target\":[\"https:\\\/\\\/www.rassegnastampa-totustuus.it\\\/cattolica\\\/perche-il-capitale-odia-i-confini\\\/\"]}]},{\"@type\":\"ImageObject\",\"inLanguage\":\"it-IT\",\"@id\":\"https:\\\/\\\/www.rassegnastampa-totustuus.it\\\/cattolica\\\/perche-il-capitale-odia-i-confini\\\/#primaryimage\",\"url\":\"https:\\\/\\\/www.rassegnastampa-totustuus.it\\\/cattolica\\\/wp-content\\\/uploads\\\/2017\\\/07\\\/terra.jpg\",\"contentUrl\":\"https:\\\/\\\/www.rassegnastampa-totustuus.it\\\/cattolica\\\/wp-content\\\/uploads\\\/2017\\\/07\\\/terra.jpg\",\"width\":225,\"height\":225},{\"@type\":\"BreadcrumbList\",\"@id\":\"https:\\\/\\\/www.rassegnastampa-totustuus.it\\\/cattolica\\\/perche-il-capitale-odia-i-confini\\\/#breadcrumb\",\"itemListElement\":[{\"@type\":\"ListItem\",\"position\":1,\"name\":\"Home\",\"item\":\"https:\\\/\\\/www.rassegnastampa-totustuus.it\\\/cattolica\\\/\"},{\"@type\":\"ListItem\",\"position\":2,\"name\":\"Perch\u00e9 il capitale odia i confini\"}]},{\"@type\":\"WebSite\",\"@id\":\"https:\\\/\\\/www.rassegnastampa-totustuus.it\\\/cattolica\\\/#website\",\"url\":\"https:\\\/\\\/www.rassegnastampa-totustuus.it\\\/cattolica\\\/\",\"name\":\"Rassegna Stampa Cattolica\",\"description\":\"Per una cultura che nasce dalla Rivelazione cristiana in conformit\u00e0 alla tradizione e al Magistero della Chiesa in opposizione ad ogni relativismo e totalitarismo\",\"publisher\":{\"@id\":\"https:\\\/\\\/www.rassegnastampa-totustuus.it\\\/cattolica\\\/#organization\"},\"alternateName\":\"Rass. Cattolica\",\"potentialAction\":[{\"@type\":\"SearchAction\",\"target\":{\"@type\":\"EntryPoint\",\"urlTemplate\":\"https:\\\/\\\/www.rassegnastampa-totustuus.it\\\/cattolica\\\/?s={search_term_string}\"},\"query-input\":{\"@type\":\"PropertyValueSpecification\",\"valueRequired\":true,\"valueName\":\"search_term_string\"}}],\"inLanguage\":\"it-IT\"},{\"@type\":\"Organization\",\"@id\":\"https:\\\/\\\/www.rassegnastampa-totustuus.it\\\/cattolica\\\/#organization\",\"name\":\"Rassegna Stampa Cattolica\",\"url\":\"https:\\\/\\\/www.rassegnastampa-totustuus.it\\\/cattolica\\\/\",\"logo\":{\"@type\":\"ImageObject\",\"inLanguage\":\"it-IT\",\"@id\":\"https:\\\/\\\/www.rassegnastampa-totustuus.it\\\/cattolica\\\/#\\\/schema\\\/logo\\\/image\\\/\",\"url\":\"https:\\\/\\\/www.rassegnastampa-totustuus.it\\\/cattolica\\\/wp-content\\\/uploads\\\/2014\\\/04\\\/logo-rassegna1.gif\",\"contentUrl\":\"https:\\\/\\\/www.rassegnastampa-totustuus.it\\\/cattolica\\\/wp-content\\\/uploads\\\/2014\\\/04\\\/logo-rassegna1.gif\",\"width\":600,\"height\":163,\"caption\":\"Rassegna Stampa Cattolica\"},\"image\":{\"@id\":\"https:\\\/\\\/www.rassegnastampa-totustuus.it\\\/cattolica\\\/#\\\/schema\\\/logo\\\/image\\\/\"},\"sameAs\":[\"https:\\\/\\\/www.facebook.com\\\/rassegnastampacattolica\",\"https:\\\/\\\/x.com\\\/rassegnastampa9\"]},{\"@type\":\"Person\",\"@id\":\"https:\\\/\\\/www.rassegnastampa-totustuus.it\\\/cattolica\\\/#\\\/schema\\\/person\\\/08f319d2bd1a0904ad9e2bfb7b15e5c3\",\"name\":\"Redazione\",\"image\":{\"@type\":\"ImageObject\",\"inLanguage\":\"it-IT\",\"@id\":\"https:\\\/\\\/secure.gravatar.com\\\/avatar\\\/2fcdf27c78ea025fbdb44e914cc63c72249ffec9dc8aafd5c82b26240ef3f346?s=96&d=mm&r=g\",\"url\":\"https:\\\/\\\/secure.gravatar.com\\\/avatar\\\/2fcdf27c78ea025fbdb44e914cc63c72249ffec9dc8aafd5c82b26240ef3f346?s=96&d=mm&r=g\",\"contentUrl\":\"https:\\\/\\\/secure.gravatar.com\\\/avatar\\\/2fcdf27c78ea025fbdb44e914cc63c72249ffec9dc8aafd5c82b26240ef3f346?s=96&d=mm&r=g\",\"caption\":\"Redazione\"},\"url\":\"https:\\\/\\\/www.rassegnastampa-totustuus.it\\\/cattolica\\\/author\\\/pietroelle\\\/\"}]}<\/script>\n<!-- \/ Yoast SEO plugin. -->","yoast_head_json":{"title":"Perch\u00e9 il capitale odia i confini - Rassegna Stampa Cattolica","description":"Rassegna Stampa Cattolica - Per una cultura che nasce dalla Rivelazione cristiana in conformit\u00e0 alla tradizione e al Magistero della Chiesa in opposizione ad ogni relativismo e totalitarismo","robots":{"index":"index","follow":"follow","max-snippet":"max-snippet:-1","max-image-preview":"max-image-preview:large","max-video-preview":"max-video-preview:-1"},"canonical":"https:\/\/www.rassegnastampa-totustuus.it\/cattolica\/perche-il-capitale-odia-i-confini\/","og_locale":"it_IT","og_type":"article","og_title":"Perch\u00e9 il capitale odia i confini - Rassegna Stampa Cattolica","og_description":"Rassegna Stampa Cattolica - Per una cultura che nasce dalla Rivelazione cristiana in conformit\u00e0 alla tradizione e al Magistero della Chiesa in opposizione ad ogni relativismo e totalitarismo","og_url":"https:\/\/www.rassegnastampa-totustuus.it\/cattolica\/perche-il-capitale-odia-i-confini\/","og_site_name":"Rassegna Stampa Cattolica","article_publisher":"https:\/\/www.facebook.com\/rassegnastampacattolica","article_published_time":"2017-07-19T22:00:56+00:00","og_image":[{"width":225,"height":225,"url":"https:\/\/www.rassegnastampa-totustuus.it\/cattolica\/wp-content\/uploads\/2017\/07\/terra.jpg","type":"image\/jpeg"}],"author":"Redazione","twitter_card":"summary_large_image","twitter_creator":"@rassegnastampa9","twitter_site":"@rassegnastampa9","twitter_misc":{"Scritto da":"Redazione","Tempo di lettura stimato":"4 minuti"},"schema":{"@context":"https:\/\/schema.org","@graph":[{"@type":"Article","@id":"https:\/\/www.rassegnastampa-totustuus.it\/cattolica\/perche-il-capitale-odia-i-confini\/#article","isPartOf":{"@id":"https:\/\/www.rassegnastampa-totustuus.it\/cattolica\/perche-il-capitale-odia-i-confini\/"},"author":{"name":"Redazione","@id":"https:\/\/www.rassegnastampa-totustuus.it\/cattolica\/#\/schema\/person\/08f319d2bd1a0904ad9e2bfb7b15e5c3"},"headline":"Perch\u00e9 il capitale odia i confini","datePublished":"2017-07-19T22:00:56+00:00","mainEntityOfPage":{"@id":"https:\/\/www.rassegnastampa-totustuus.it\/cattolica\/perche-il-capitale-odia-i-confini\/"},"wordCount":767,"publisher":{"@id":"https:\/\/www.rassegnastampa-totustuus.it\/cattolica\/#organization"},"image":{"@id":"https:\/\/www.rassegnastampa-totustuus.it\/cattolica\/perche-il-capitale-odia-i-confini\/#primaryimage"},"thumbnailUrl":"https:\/\/www.rassegnastampa-totustuus.it\/cattolica\/wp-content\/uploads\/2017\/07\/terra.jpg","keywords":["capitalismo","globalizzazione"],"articleSection":["Mondialismo"],"inLanguage":"it-IT"},{"@type":"WebPage","@id":"https:\/\/www.rassegnastampa-totustuus.it\/cattolica\/perche-il-capitale-odia-i-confini\/","url":"https:\/\/www.rassegnastampa-totustuus.it\/cattolica\/perche-il-capitale-odia-i-confini\/","name":"Perch\u00e9 il capitale odia i confini - Rassegna Stampa Cattolica","isPartOf":{"@id":"https:\/\/www.rassegnastampa-totustuus.it\/cattolica\/#website"},"primaryImageOfPage":{"@id":"https:\/\/www.rassegnastampa-totustuus.it\/cattolica\/perche-il-capitale-odia-i-confini\/#primaryimage"},"image":{"@id":"https:\/\/www.rassegnastampa-totustuus.it\/cattolica\/perche-il-capitale-odia-i-confini\/#primaryimage"},"thumbnailUrl":"https:\/\/www.rassegnastampa-totustuus.it\/cattolica\/wp-content\/uploads\/2017\/07\/terra.jpg","datePublished":"2017-07-19T22:00:56+00:00","description":"Rassegna Stampa Cattolica - Per una cultura che nasce dalla Rivelazione cristiana in conformit\u00e0 alla tradizione e al Magistero della Chiesa in opposizione ad ogni relativismo e totalitarismo","breadcrumb":{"@id":"https:\/\/www.rassegnastampa-totustuus.it\/cattolica\/perche-il-capitale-odia-i-confini\/#breadcrumb"},"inLanguage":"it-IT","potentialAction":[{"@type":"ReadAction","target":["https:\/\/www.rassegnastampa-totustuus.it\/cattolica\/perche-il-capitale-odia-i-confini\/"]}]},{"@type":"ImageObject","inLanguage":"it-IT","@id":"https:\/\/www.rassegnastampa-totustuus.it\/cattolica\/perche-il-capitale-odia-i-confini\/#primaryimage","url":"https:\/\/www.rassegnastampa-totustuus.it\/cattolica\/wp-content\/uploads\/2017\/07\/terra.jpg","contentUrl":"https:\/\/www.rassegnastampa-totustuus.it\/cattolica\/wp-content\/uploads\/2017\/07\/terra.jpg","width":225,"height":225},{"@type":"BreadcrumbList","@id":"https:\/\/www.rassegnastampa-totustuus.it\/cattolica\/perche-il-capitale-odia-i-confini\/#breadcrumb","itemListElement":[{"@type":"ListItem","position":1,"name":"Home","item":"https:\/\/www.rassegnastampa-totustuus.it\/cattolica\/"},{"@type":"ListItem","position":2,"name":"Perch\u00e9 il capitale odia i confini"}]},{"@type":"WebSite","@id":"https:\/\/www.rassegnastampa-totustuus.it\/cattolica\/#website","url":"https:\/\/www.rassegnastampa-totustuus.it\/cattolica\/","name":"Rassegna Stampa Cattolica","description":"Per una cultura che nasce dalla Rivelazione cristiana in conformit\u00e0 alla tradizione e al Magistero della Chiesa in opposizione ad ogni relativismo e totalitarismo","publisher":{"@id":"https:\/\/www.rassegnastampa-totustuus.it\/cattolica\/#organization"},"alternateName":"Rass. Cattolica","potentialAction":[{"@type":"SearchAction","target":{"@type":"EntryPoint","urlTemplate":"https:\/\/www.rassegnastampa-totustuus.it\/cattolica\/?s={search_term_string}"},"query-input":{"@type":"PropertyValueSpecification","valueRequired":true,"valueName":"search_term_string"}}],"inLanguage":"it-IT"},{"@type":"Organization","@id":"https:\/\/www.rassegnastampa-totustuus.it\/cattolica\/#organization","name":"Rassegna Stampa Cattolica","url":"https:\/\/www.rassegnastampa-totustuus.it\/cattolica\/","logo":{"@type":"ImageObject","inLanguage":"it-IT","@id":"https:\/\/www.rassegnastampa-totustuus.it\/cattolica\/#\/schema\/logo\/image\/","url":"https:\/\/www.rassegnastampa-totustuus.it\/cattolica\/wp-content\/uploads\/2014\/04\/logo-rassegna1.gif","contentUrl":"https:\/\/www.rassegnastampa-totustuus.it\/cattolica\/wp-content\/uploads\/2014\/04\/logo-rassegna1.gif","width":600,"height":163,"caption":"Rassegna Stampa Cattolica"},"image":{"@id":"https:\/\/www.rassegnastampa-totustuus.it\/cattolica\/#\/schema\/logo\/image\/"},"sameAs":["https:\/\/www.facebook.com\/rassegnastampacattolica","https:\/\/x.com\/rassegnastampa9"]},{"@type":"Person","@id":"https:\/\/www.rassegnastampa-totustuus.it\/cattolica\/#\/schema\/person\/08f319d2bd1a0904ad9e2bfb7b15e5c3","name":"Redazione","image":{"@type":"ImageObject","inLanguage":"it-IT","@id":"https:\/\/secure.gravatar.com\/avatar\/2fcdf27c78ea025fbdb44e914cc63c72249ffec9dc8aafd5c82b26240ef3f346?s=96&d=mm&r=g","url":"https:\/\/secure.gravatar.com\/avatar\/2fcdf27c78ea025fbdb44e914cc63c72249ffec9dc8aafd5c82b26240ef3f346?s=96&d=mm&r=g","contentUrl":"https:\/\/secure.gravatar.com\/avatar\/2fcdf27c78ea025fbdb44e914cc63c72249ffec9dc8aafd5c82b26240ef3f346?s=96&d=mm&r=g","caption":"Redazione"},"url":"https:\/\/www.rassegnastampa-totustuus.it\/cattolica\/author\/pietroelle\/"}]}},"_links":{"self":[{"href":"https:\/\/www.rassegnastampa-totustuus.it\/cattolica\/wp-json\/wp\/v2\/posts\/38195","targetHints":{"allow":["GET"]}}],"collection":[{"href":"https:\/\/www.rassegnastampa-totustuus.it\/cattolica\/wp-json\/wp\/v2\/posts"}],"about":[{"href":"https:\/\/www.rassegnastampa-totustuus.it\/cattolica\/wp-json\/wp\/v2\/types\/post"}],"author":[{"embeddable":true,"href":"https:\/\/www.rassegnastampa-totustuus.it\/cattolica\/wp-json\/wp\/v2\/users\/6"}],"replies":[{"embeddable":true,"href":"https:\/\/www.rassegnastampa-totustuus.it\/cattolica\/wp-json\/wp\/v2\/comments?post=38195"}],"version-history":[{"count":1,"href":"https:\/\/www.rassegnastampa-totustuus.it\/cattolica\/wp-json\/wp\/v2\/posts\/38195\/revisions"}],"predecessor-version":[{"id":38197,"href":"https:\/\/www.rassegnastampa-totustuus.it\/cattolica\/wp-json\/wp\/v2\/posts\/38195\/revisions\/38197"}],"wp:featuredmedia":[{"embeddable":true,"href":"https:\/\/www.rassegnastampa-totustuus.it\/cattolica\/wp-json\/wp\/v2\/media\/38196"}],"wp:attachment":[{"href":"https:\/\/www.rassegnastampa-totustuus.it\/cattolica\/wp-json\/wp\/v2\/media?parent=38195"}],"wp:term":[{"taxonomy":"category","embeddable":true,"href":"https:\/\/www.rassegnastampa-totustuus.it\/cattolica\/wp-json\/wp\/v2\/categories?post=38195"},{"taxonomy":"post_tag","embeddable":true,"href":"https:\/\/www.rassegnastampa-totustuus.it\/cattolica\/wp-json\/wp\/v2\/tags?post=38195"}],"curies":[{"name":"wp","href":"https:\/\/api.w.org\/{rel}","templated":true}]}}