{"id":3794,"date":"2010-04-21T13:27:01","date_gmt":"2010-04-21T11:27:01","guid":{"rendered":""},"modified":"2015-12-01T11:27:43","modified_gmt":"2015-12-01T10:27:43","slug":"cos-la-cultura-progressista-ha-nascosto-i-tratti-comuni-a-comunismo-e-na","status":"publish","type":"post","link":"https:\/\/www.rassegnastampa-totustuus.it\/cattolica\/cos-la-cultura-progressista-ha-nascosto-i-tratti-comuni-a-comunismo-e-na\/","title":{"rendered":"Cos&igrave; la cultura progressista ha nascosto i tratti comuni a comunismo e nazionalsocialismo"},"content":{"rendered":"<div style=\"text-align: center;\"><span class=\"source\"><strong><a href=\"https:\/\/www.rassegnastampa-totustuus.it\/cattolica\/wp-content\/uploads\/2010\/04\/nazi-comunism.jpg\"><img loading=\"lazy\" decoding=\"async\" class=\"alignleft wp-image-28336\" src=\"https:\/\/www.rassegnastampa-totustuus.it\/cattolica\/wp-content\/uploads\/2010\/04\/nazi-comunism.jpg\" alt=\"nazi-comunism\" width=\"201\" height=\"150\" \/><\/a>Corriere della Sera<\/strong>, 22 marzo 2006<\/span><\/div>\n<p style=\"text-align: justify;\"><em>Nella foresta di Katyn<\/em><em>, una localit\u00e0 situata nei pressi della citt\u00e0 di Smolensk, in Russia, nei primi giorni di marzo 1940, la polizia di Stalin massacr\u00f2 22.000 tra ufficiali dell\u2019esercito polacco ed altri &#8220;nemici di classe&#8221;&#8230;<\/em><\/p>\n<p><!--more--><\/p>\n<div style=\"text-align: justify;\">\u00abPerdonateci, se potete\u00bb: fu con queste parole che nel 1992 il presidente russo Boris Eltsin consegn\u00f2 alla Polonia i documenti che attestavano la piena responsabilit\u00e0 dell\u2019Unione Sovietica nel massacro di Katyn, cio\u00e8 nello sterminio di oltre 22 mila prigionieri polacchi avvenuto nel 1940. Si chiudeva cos\u00ec una lunghissima vicenda, intessuta di falsificazioni e opposte verit\u00e0, che viene ora ricostruita da <strong><a href=\"http:\/\/www.theseuslibri.it\/product\/1163\/Pulizia-di-classe.-Il-massacro-di-Katyn.html\" target=\"_blank\">Victor Zaslavsky in un libro<\/a><\/strong> che presenta molti motivi di interesse.<\/div>\n<p style=\"text-align: justify;\">Anzitutto, se l\u2019eccidio di Katyn non fu che uno dei tanti crimini del regime sovietico, \u00e8 anche vero &#8211; come giustamente osserva Zaslavsky &#8211; che esso riflette un carattere della dittatura staliniana che \u00e8 stato a lungo imbarazzante riconoscere, per i vertici dell\u2019Urss ma anche per una parte della cultura occidentale: vale a dire certe affinit\u00e0 che collegavano il regime stesso all\u2019altro grande totalitarismo dell\u2019epoca, quello nazista.<\/p>\n<p style=\"text-align: justify;\">Il massacro, infatti, doveva servire ad eliminare una parte cospicua dell\u2019\u00e9lite polacca (nella vita civile quegli ufficiali erano professionisti, giornalisti, professori universitari) nel quadro di una spartizione della Polonia tra Germania e Urss gi\u00e0 prevista dal patto Ribbentrop-Molotov dell\u2019agosto 1939.<\/p>\n<p style=\"text-align: justify;\">Un patto che Stalin considerava non solo un trattato di non aggressione, ma una vera e propria alleanza: nel 1940 il dittatore sovietico giunse a chiedere a Hitler di poter aderire al Patto tripartito che legava Germania, Italia, e Giappone. \u00c8 appunto una tale complicit\u00e0 con il nazionalsocialismo, precedente il repentino mutamento di fronte provocato dall\u2019attacco tedesco del giugno 1941, che viene richiamata dal massacro di Katyn.<\/p>\n<p style=\"text-align: justify;\">Di particolare interesse \u00e8 la lunga disputa sulle responsabilit\u00e0 della strage, iniziata fin da quando le truppe germaniche, nell\u2019aprile 1943, informarono il mondo del ritrovamento nella zona di Katyn dei corpi di migliaia di ufficiali polacchi che risultavano fucilati tre anni prima, ci\u00f2 che incolpava necessariamente i sovietici.<\/p>\n<p style=\"text-align: justify;\">Da allora l\u2019Urss si impegn\u00f2 per accreditare a costo di qualunque manipolazione la versione opposta. Rioccupata che ebbero la zona, i sovietici costituirono una commissione compiacente che spost\u00f2 in avanti la data di morte delle migliaia di cadaveri, cos\u00ec da collocarla nel periodo dell\u2019occupazione tedesca.<\/p>\n<p style=\"text-align: justify;\">Terminata la guerra, l\u2019Urss cerc\u00f2, anche se senza successo, di far accreditare la strage come nazista dal tribunale di Norimberga, non arrestandosi di fronte a nulla, neppure all\u2019assassinio di uno dei giudici russi, che appariva restio ad avallare la falsificazione. Tent\u00f2 anche di intimidire i medici che avevano fatto parte della commissione internazionale costituita nel 1943 dalla Germania e avevano accertato la responsabilit\u00e0 dell\u2019Urss. In Italia, nel 1948, fu il Pci che organizz\u00f2 su incarico dei sovietici una pesante contestazione di un membro di quella commissione, il professor Vincenzo Palmieri, che venne accusato d\u2019essere stato un \u00abservo dei nazisti\u00bb.<\/p>\n<p style=\"text-align: justify;\"><a href=\"https:\/\/www.rassegnastampa-totustuus.it\/cattolica\/wp-content\/uploads\/2010\/04\/Katin.jpg\"><img loading=\"lazy\" decoding=\"async\" class=\"alignright wp-image-28338\" src=\"https:\/\/www.rassegnastampa-totustuus.it\/cattolica\/wp-content\/uploads\/2010\/04\/Katin.jpg\" alt=\"Katin\" width=\"250\" height=\"163\" \/><\/a>Tutt\u2019altro che irrilevante fu la disponibilit\u00e0 di Stati Uniti e Gran Bretagna ad accettare la versione sovietica. Finch\u00e9 il conflitto era in corso, appariva inevitabile che gli angloamericani accantonassero la questione di Katyn, \u00abdi nessuna importanza pratica\u00bb come con cinico realismo dichiar\u00f2 Winston Churchill.<\/p>\n<p style=\"text-align: justify;\">Ci\u00f2 che appare sorprendente, semmai, \u00e8 che gli inglesi abbiano continuato a fingere di non conoscere la verit\u00e0 addirittura fino al 1989. Gli Stati Uniti invece, terminata la guerra, accolsero le conclusioni di una commissione del Congresso di Washington che aveva verificato l\u2019esistenza di prove \u00abdefinitive e inequivocabili\u00bb della responsabilit\u00e0 sovietica nel massacro di Katyn. Gran parte dell\u2019opinione pubblica europea segu\u00ec per decenni pi\u00f9 la posizione ufficiale inglese che quella americana, sostenendo dunque che la questione della responsabilit\u00e0 rimaneva controversa.<\/p>\n<p style=\"text-align: justify;\">Proprio la disponibilit\u00e0 dell\u2019opinione pubblica occidentale ad accogliere una versione palesemente infondata, scrive Zaslavsky, \u00e8 stata una delle cause della pervicace ostinazione con cui l\u2019Urss ha continuato anno dopo anno a sostenere il falso. Fino, ed \u00e8 la parte pi\u00f9 incredibile di tutta la vicenda, all\u2019inventore stesso della glasnost (che in russo vuol dire \u00abtrasparenza\u00bb), Mikhail Gorbaciov.<\/p>\n<p style=\"text-align: justify;\">Se non ci trovassimo di fronte all\u2019occultamento di un crimine, verrebbe da dire che in epoca gorbacioviana la lunga storia delle omissioni e falsificazioni attorno a Katyn assunse perfino aspetti farseschi.<\/p>\n<p style=\"text-align: justify;\"><a href=\"https:\/\/www.rassegnastampa-totustuus.it\/cattolica\/wp-content\/uploads\/2010\/04\/Zavlasky_cover.jpg\"><img loading=\"lazy\" decoding=\"async\" class=\"alignleft wp-image-28339\" src=\"https:\/\/www.rassegnastampa-totustuus.it\/cattolica\/wp-content\/uploads\/2010\/04\/Zavlasky_cover.jpg\" alt=\"Zavlasky_cover\" width=\"200\" height=\"200\" srcset=\"https:\/\/www.rassegnastampa-totustuus.it\/cattolica\/wp-content\/uploads\/2010\/04\/Zavlasky_cover.jpg 216w, https:\/\/www.rassegnastampa-totustuus.it\/cattolica\/wp-content\/uploads\/2010\/04\/Zavlasky_cover-150x150.jpg 150w\" sizes=\"auto, (max-width: 200px) 100vw, 200px\" \/><\/a>Nel 1987 Gorbaciov accett\u00f2 la costituzione di una commissione storica polacco-sovietica, continuando per\u00f2 a dichiarare che i documenti originali riguardanti Katyn non si riusciva a trovarli. A quell\u2019epoca il leader sovietico era invece una delle tre persone che ne conoscevano l\u2019esistenza.<\/p>\n<p style=\"text-align: justify;\">Nell\u2019ottobre 1990 porse le scuse ufficiali del suo Paese ai polacchi, continuando per\u00f2 a sostenere che i documenti cruciali &#8211; il testo del patto tra Stalin e Hitler e l\u2019ordine del marzo 1940 con il quale il Politburo ordinava che si fucilassero 25 mila polacchi senza neppure avanzare contro di loro un capo di imputazione &#8211; non si sapeva dove fossero.<\/p>\n<p style=\"text-align: justify;\">Conclusasi ai tempi di Eltsin, la vicenda sembra aver avuto di recente un\u2019appendice che getta una luce non proprio rassicurante sul modo in cui la Russia di oggi guarda al passato, ma dunque anche al proprio ruolo presente e futuro. Apprendiamo infatti dal libro di Zaslavsky che nel 2004 la procura militare della Federazione russa ha deliberato di porre il segreto di Stato su una cospicua parte dei documenti che aveva raccolto sul massacro di Katyn.<\/p>\n<p style=\"text-align: justify;\">Una decisione evidentemente surreale, poich\u00e9 lo Stato che un tale \u00absegreto\u00bb dovrebbe proteggere, l\u2019Urss, da tempo non esiste pi\u00f9. Ma anche una decisione che conferma la tendenza dell\u2019attuale presidente della Russia, Vladimir Putin, a collocare il suo Paese lungo una linea di ideale continuit\u00e0 &#8211; in chiave di esaltazione della potenza russa &#8211; con tutta la storia precedente, dall\u2019impero zarista all\u2019espansionismo staliniano.<\/p>\n<p style=\"text-align: justify;\">___________________<\/p>\n<p style=\"text-align: justify;\">Victor Zaslavky <strong><em>Pulizia di Classe. Il massacro di Katyn<\/em><\/strong> Ed Il Mulino 2006<\/p>\n<p style=\"text-align: center;\"><strong><a href=\"http:\/\/www.theseuslibri.it\/product\/1163\/Pulizia-di-classe.-Il-massacro-di-Katyn.html\" target=\"_blank\">ACQUISTA<\/a><\/strong><\/p>\n","protected":false},"excerpt":{"rendered":"<p>Corriere della Sera, 22 marzo 2006 Nella foresta di Katyn, una localit\u00e0 situata nei pressi della citt\u00e0 di Smolensk, in Russia, nei primi giorni di marzo 1940, la polizia di Stalin massacr\u00f2 22.000 tra ufficiali dell\u2019esercito polacco ed altri &#8220;nemici di classe&#8221;&#8230;<\/p><p><a class=\"more-link btn\" href=\"https:\/\/www.rassegnastampa-totustuus.it\/cattolica\/cos-la-cultura-progressista-ha-nascosto-i-tratti-comuni-a-comunismo-e-na\/\">Continua a leggere<\/a><\/p>\n","protected":false},"author":6,"featured_media":28336,"comment_status":"closed","ping_status":"open","sticky":false,"template":"","format":"standard","meta":{"footnotes":""},"categories":[32,17,94],"tags":[888],"class_list":["post-3794","post","type-post","status-publish","format-standard","has-post-thumbnail","hentry","category-filosofia-del-comunismo","category-libri","category-nazionalsocialismo","tag-katyn","item-wrap"],"yoast_head":"<!-- This site is optimized with the Yoast SEO plugin v27.5 - https:\/\/yoast.com\/product\/yoast-seo-wordpress\/ -->\n<title>Cos&igrave; la cultura progressista ha nascosto i tratti comuni a comunismo e nazionalsocialismo  - Rassegna Stampa Cattolica<\/title>\n<meta name=\"description\" content=\"Rassegna Stampa Cattolica - Per una cultura che nasce dalla Rivelazione cristiana in conformit\u00e0 alla tradizione e al Magistero della Chiesa in opposizione ad ogni relativismo e totalitarismo\" \/>\n<meta name=\"robots\" content=\"index, follow, max-snippet:-1, max-image-preview:large, max-video-preview:-1\" \/>\n<link rel=\"canonical\" href=\"https:\/\/www.rassegnastampa-totustuus.it\/cattolica\/cos-la-cultura-progressista-ha-nascosto-i-tratti-comuni-a-comunismo-e-na\/\" \/>\n<meta property=\"og:locale\" content=\"it_IT\" \/>\n<meta property=\"og:type\" content=\"article\" \/>\n<meta property=\"og:title\" content=\"Cos&igrave; la cultura progressista ha nascosto i tratti comuni a comunismo e nazionalsocialismo  - Rassegna Stampa Cattolica\" \/>\n<meta property=\"og:description\" content=\"Rassegna Stampa Cattolica - Per una cultura che nasce dalla Rivelazione cristiana in conformit\u00e0 alla tradizione e al Magistero della Chiesa in opposizione ad ogni relativismo e totalitarismo\" \/>\n<meta property=\"og:url\" content=\"https:\/\/www.rassegnastampa-totustuus.it\/cattolica\/cos-la-cultura-progressista-ha-nascosto-i-tratti-comuni-a-comunismo-e-na\/\" \/>\n<meta property=\"og:site_name\" content=\"Rassegna Stampa Cattolica\" \/>\n<meta property=\"article:publisher\" content=\"https:\/\/www.facebook.com\/rassegnastampacattolica\" \/>\n<meta property=\"article:published_time\" content=\"2010-04-21T11:27:01+00:00\" \/>\n<meta property=\"article:modified_time\" content=\"2015-12-01T10:27:43+00:00\" \/>\n<meta property=\"og:image\" content=\"https:\/\/www.rassegnastampa-totustuus.it\/cattolica\/wp-content\/uploads\/2010\/04\/nazi-comunism.jpg\" \/>\n\t<meta property=\"og:image:width\" content=\"260\" \/>\n\t<meta property=\"og:image:height\" content=\"194\" \/>\n\t<meta property=\"og:image:type\" content=\"image\/jpeg\" \/>\n<meta name=\"author\" content=\"Redazione\" \/>\n<meta name=\"twitter:card\" content=\"summary_large_image\" \/>\n<meta name=\"twitter:creator\" content=\"@rassegnastampa9\" \/>\n<meta name=\"twitter:site\" content=\"@rassegnastampa9\" \/>\n<meta name=\"twitter:label1\" content=\"Scritto da\" \/>\n\t<meta name=\"twitter:data1\" content=\"Redazione\" \/>\n\t<meta name=\"twitter:label2\" content=\"Tempo di lettura stimato\" \/>\n\t<meta name=\"twitter:data2\" content=\"5 minuti\" \/>\n<script type=\"application\/ld+json\" class=\"yoast-schema-graph\">{\"@context\":\"https:\\\/\\\/schema.org\",\"@graph\":[{\"@type\":\"Article\",\"@id\":\"https:\\\/\\\/www.rassegnastampa-totustuus.it\\\/cattolica\\\/cos-la-cultura-progressista-ha-nascosto-i-tratti-comuni-a-comunismo-e-na\\\/#article\",\"isPartOf\":{\"@id\":\"https:\\\/\\\/www.rassegnastampa-totustuus.it\\\/cattolica\\\/cos-la-cultura-progressista-ha-nascosto-i-tratti-comuni-a-comunismo-e-na\\\/\"},\"author\":{\"name\":\"Redazione\",\"@id\":\"https:\\\/\\\/www.rassegnastampa-totustuus.it\\\/cattolica\\\/#\\\/schema\\\/person\\\/08f319d2bd1a0904ad9e2bfb7b15e5c3\"},\"headline\":\"Cos&igrave; la cultura progressista ha nascosto i tratti comuni a comunismo e nazionalsocialismo\",\"datePublished\":\"2010-04-21T11:27:01+00:00\",\"dateModified\":\"2015-12-01T10:27:43+00:00\",\"mainEntityOfPage\":{\"@id\":\"https:\\\/\\\/www.rassegnastampa-totustuus.it\\\/cattolica\\\/cos-la-cultura-progressista-ha-nascosto-i-tratti-comuni-a-comunismo-e-na\\\/\"},\"wordCount\":964,\"publisher\":{\"@id\":\"https:\\\/\\\/www.rassegnastampa-totustuus.it\\\/cattolica\\\/#organization\"},\"image\":{\"@id\":\"https:\\\/\\\/www.rassegnastampa-totustuus.it\\\/cattolica\\\/cos-la-cultura-progressista-ha-nascosto-i-tratti-comuni-a-comunismo-e-na\\\/#primaryimage\"},\"thumbnailUrl\":\"https:\\\/\\\/www.rassegnastampa-totustuus.it\\\/cattolica\\\/wp-content\\\/uploads\\\/2010\\\/04\\\/nazi-comunism.jpg\",\"keywords\":[\"katyn\"],\"articleSection\":[\"Comunismo\",\"Libri\",\"Nazionalsocialismo\"],\"inLanguage\":\"it-IT\"},{\"@type\":\"WebPage\",\"@id\":\"https:\\\/\\\/www.rassegnastampa-totustuus.it\\\/cattolica\\\/cos-la-cultura-progressista-ha-nascosto-i-tratti-comuni-a-comunismo-e-na\\\/\",\"url\":\"https:\\\/\\\/www.rassegnastampa-totustuus.it\\\/cattolica\\\/cos-la-cultura-progressista-ha-nascosto-i-tratti-comuni-a-comunismo-e-na\\\/\",\"name\":\"Cos&igrave; la cultura progressista ha nascosto i tratti comuni a comunismo e nazionalsocialismo - Rassegna Stampa Cattolica\",\"isPartOf\":{\"@id\":\"https:\\\/\\\/www.rassegnastampa-totustuus.it\\\/cattolica\\\/#website\"},\"primaryImageOfPage\":{\"@id\":\"https:\\\/\\\/www.rassegnastampa-totustuus.it\\\/cattolica\\\/cos-la-cultura-progressista-ha-nascosto-i-tratti-comuni-a-comunismo-e-na\\\/#primaryimage\"},\"image\":{\"@id\":\"https:\\\/\\\/www.rassegnastampa-totustuus.it\\\/cattolica\\\/cos-la-cultura-progressista-ha-nascosto-i-tratti-comuni-a-comunismo-e-na\\\/#primaryimage\"},\"thumbnailUrl\":\"https:\\\/\\\/www.rassegnastampa-totustuus.it\\\/cattolica\\\/wp-content\\\/uploads\\\/2010\\\/04\\\/nazi-comunism.jpg\",\"datePublished\":\"2010-04-21T11:27:01+00:00\",\"dateModified\":\"2015-12-01T10:27:43+00:00\",\"description\":\"Rassegna Stampa Cattolica - Per una cultura che nasce dalla Rivelazione cristiana in conformit\u00e0 alla tradizione e al Magistero della Chiesa in opposizione ad ogni relativismo e totalitarismo\",\"breadcrumb\":{\"@id\":\"https:\\\/\\\/www.rassegnastampa-totustuus.it\\\/cattolica\\\/cos-la-cultura-progressista-ha-nascosto-i-tratti-comuni-a-comunismo-e-na\\\/#breadcrumb\"},\"inLanguage\":\"it-IT\",\"potentialAction\":[{\"@type\":\"ReadAction\",\"target\":[\"https:\\\/\\\/www.rassegnastampa-totustuus.it\\\/cattolica\\\/cos-la-cultura-progressista-ha-nascosto-i-tratti-comuni-a-comunismo-e-na\\\/\"]}]},{\"@type\":\"ImageObject\",\"inLanguage\":\"it-IT\",\"@id\":\"https:\\\/\\\/www.rassegnastampa-totustuus.it\\\/cattolica\\\/cos-la-cultura-progressista-ha-nascosto-i-tratti-comuni-a-comunismo-e-na\\\/#primaryimage\",\"url\":\"https:\\\/\\\/www.rassegnastampa-totustuus.it\\\/cattolica\\\/wp-content\\\/uploads\\\/2010\\\/04\\\/nazi-comunism.jpg\",\"contentUrl\":\"https:\\\/\\\/www.rassegnastampa-totustuus.it\\\/cattolica\\\/wp-content\\\/uploads\\\/2010\\\/04\\\/nazi-comunism.jpg\",\"width\":260,\"height\":194},{\"@type\":\"BreadcrumbList\",\"@id\":\"https:\\\/\\\/www.rassegnastampa-totustuus.it\\\/cattolica\\\/cos-la-cultura-progressista-ha-nascosto-i-tratti-comuni-a-comunismo-e-na\\\/#breadcrumb\",\"itemListElement\":[{\"@type\":\"ListItem\",\"position\":1,\"name\":\"Home\",\"item\":\"https:\\\/\\\/www.rassegnastampa-totustuus.it\\\/cattolica\\\/\"},{\"@type\":\"ListItem\",\"position\":2,\"name\":\"Cos&igrave; la cultura progressista ha nascosto i tratti comuni a comunismo e nazionalsocialismo\"}]},{\"@type\":\"WebSite\",\"@id\":\"https:\\\/\\\/www.rassegnastampa-totustuus.it\\\/cattolica\\\/#website\",\"url\":\"https:\\\/\\\/www.rassegnastampa-totustuus.it\\\/cattolica\\\/\",\"name\":\"Rassegna Stampa Cattolica\",\"description\":\"Per una cultura che nasce dalla Rivelazione cristiana in conformit\u00e0 alla tradizione e al Magistero della Chiesa in opposizione ad ogni relativismo e totalitarismo\",\"publisher\":{\"@id\":\"https:\\\/\\\/www.rassegnastampa-totustuus.it\\\/cattolica\\\/#organization\"},\"alternateName\":\"Rass. Cattolica\",\"potentialAction\":[{\"@type\":\"SearchAction\",\"target\":{\"@type\":\"EntryPoint\",\"urlTemplate\":\"https:\\\/\\\/www.rassegnastampa-totustuus.it\\\/cattolica\\\/?s={search_term_string}\"},\"query-input\":{\"@type\":\"PropertyValueSpecification\",\"valueRequired\":true,\"valueName\":\"search_term_string\"}}],\"inLanguage\":\"it-IT\"},{\"@type\":\"Organization\",\"@id\":\"https:\\\/\\\/www.rassegnastampa-totustuus.it\\\/cattolica\\\/#organization\",\"name\":\"Rassegna Stampa Cattolica\",\"url\":\"https:\\\/\\\/www.rassegnastampa-totustuus.it\\\/cattolica\\\/\",\"logo\":{\"@type\":\"ImageObject\",\"inLanguage\":\"it-IT\",\"@id\":\"https:\\\/\\\/www.rassegnastampa-totustuus.it\\\/cattolica\\\/#\\\/schema\\\/logo\\\/image\\\/\",\"url\":\"https:\\\/\\\/www.rassegnastampa-totustuus.it\\\/cattolica\\\/wp-content\\\/uploads\\\/2014\\\/04\\\/logo-rassegna1.gif\",\"contentUrl\":\"https:\\\/\\\/www.rassegnastampa-totustuus.it\\\/cattolica\\\/wp-content\\\/uploads\\\/2014\\\/04\\\/logo-rassegna1.gif\",\"width\":600,\"height\":163,\"caption\":\"Rassegna Stampa Cattolica\"},\"image\":{\"@id\":\"https:\\\/\\\/www.rassegnastampa-totustuus.it\\\/cattolica\\\/#\\\/schema\\\/logo\\\/image\\\/\"},\"sameAs\":[\"https:\\\/\\\/www.facebook.com\\\/rassegnastampacattolica\",\"https:\\\/\\\/x.com\\\/rassegnastampa9\"]},{\"@type\":\"Person\",\"@id\":\"https:\\\/\\\/www.rassegnastampa-totustuus.it\\\/cattolica\\\/#\\\/schema\\\/person\\\/08f319d2bd1a0904ad9e2bfb7b15e5c3\",\"name\":\"Redazione\",\"image\":{\"@type\":\"ImageObject\",\"inLanguage\":\"it-IT\",\"@id\":\"https:\\\/\\\/secure.gravatar.com\\\/avatar\\\/2fcdf27c78ea025fbdb44e914cc63c72249ffec9dc8aafd5c82b26240ef3f346?s=96&d=mm&r=g\",\"url\":\"https:\\\/\\\/secure.gravatar.com\\\/avatar\\\/2fcdf27c78ea025fbdb44e914cc63c72249ffec9dc8aafd5c82b26240ef3f346?s=96&d=mm&r=g\",\"contentUrl\":\"https:\\\/\\\/secure.gravatar.com\\\/avatar\\\/2fcdf27c78ea025fbdb44e914cc63c72249ffec9dc8aafd5c82b26240ef3f346?s=96&d=mm&r=g\",\"caption\":\"Redazione\"},\"url\":\"https:\\\/\\\/www.rassegnastampa-totustuus.it\\\/cattolica\\\/author\\\/pietroelle\\\/\"}]}<\/script>\n<!-- \/ Yoast SEO plugin. -->","yoast_head_json":{"title":"Cos&igrave; la cultura progressista ha nascosto i tratti comuni a comunismo e nazionalsocialismo  - Rassegna Stampa Cattolica","description":"Rassegna Stampa Cattolica - Per una cultura che nasce dalla Rivelazione cristiana in conformit\u00e0 alla tradizione e al Magistero della Chiesa in opposizione ad ogni relativismo e totalitarismo","robots":{"index":"index","follow":"follow","max-snippet":"max-snippet:-1","max-image-preview":"max-image-preview:large","max-video-preview":"max-video-preview:-1"},"canonical":"https:\/\/www.rassegnastampa-totustuus.it\/cattolica\/cos-la-cultura-progressista-ha-nascosto-i-tratti-comuni-a-comunismo-e-na\/","og_locale":"it_IT","og_type":"article","og_title":"Cos&igrave; la cultura progressista ha nascosto i tratti comuni a comunismo e nazionalsocialismo  - Rassegna Stampa Cattolica","og_description":"Rassegna Stampa Cattolica - Per una cultura che nasce dalla Rivelazione cristiana in conformit\u00e0 alla tradizione e al Magistero della Chiesa in opposizione ad ogni relativismo e totalitarismo","og_url":"https:\/\/www.rassegnastampa-totustuus.it\/cattolica\/cos-la-cultura-progressista-ha-nascosto-i-tratti-comuni-a-comunismo-e-na\/","og_site_name":"Rassegna Stampa Cattolica","article_publisher":"https:\/\/www.facebook.com\/rassegnastampacattolica","article_published_time":"2010-04-21T11:27:01+00:00","article_modified_time":"2015-12-01T10:27:43+00:00","og_image":[{"width":260,"height":194,"url":"https:\/\/www.rassegnastampa-totustuus.it\/cattolica\/wp-content\/uploads\/2010\/04\/nazi-comunism.jpg","type":"image\/jpeg"}],"author":"Redazione","twitter_card":"summary_large_image","twitter_creator":"@rassegnastampa9","twitter_site":"@rassegnastampa9","twitter_misc":{"Scritto da":"Redazione","Tempo di lettura stimato":"5 minuti"},"schema":{"@context":"https:\/\/schema.org","@graph":[{"@type":"Article","@id":"https:\/\/www.rassegnastampa-totustuus.it\/cattolica\/cos-la-cultura-progressista-ha-nascosto-i-tratti-comuni-a-comunismo-e-na\/#article","isPartOf":{"@id":"https:\/\/www.rassegnastampa-totustuus.it\/cattolica\/cos-la-cultura-progressista-ha-nascosto-i-tratti-comuni-a-comunismo-e-na\/"},"author":{"name":"Redazione","@id":"https:\/\/www.rassegnastampa-totustuus.it\/cattolica\/#\/schema\/person\/08f319d2bd1a0904ad9e2bfb7b15e5c3"},"headline":"Cos&igrave; la cultura progressista ha nascosto i tratti comuni a comunismo e nazionalsocialismo","datePublished":"2010-04-21T11:27:01+00:00","dateModified":"2015-12-01T10:27:43+00:00","mainEntityOfPage":{"@id":"https:\/\/www.rassegnastampa-totustuus.it\/cattolica\/cos-la-cultura-progressista-ha-nascosto-i-tratti-comuni-a-comunismo-e-na\/"},"wordCount":964,"publisher":{"@id":"https:\/\/www.rassegnastampa-totustuus.it\/cattolica\/#organization"},"image":{"@id":"https:\/\/www.rassegnastampa-totustuus.it\/cattolica\/cos-la-cultura-progressista-ha-nascosto-i-tratti-comuni-a-comunismo-e-na\/#primaryimage"},"thumbnailUrl":"https:\/\/www.rassegnastampa-totustuus.it\/cattolica\/wp-content\/uploads\/2010\/04\/nazi-comunism.jpg","keywords":["katyn"],"articleSection":["Comunismo","Libri","Nazionalsocialismo"],"inLanguage":"it-IT"},{"@type":"WebPage","@id":"https:\/\/www.rassegnastampa-totustuus.it\/cattolica\/cos-la-cultura-progressista-ha-nascosto-i-tratti-comuni-a-comunismo-e-na\/","url":"https:\/\/www.rassegnastampa-totustuus.it\/cattolica\/cos-la-cultura-progressista-ha-nascosto-i-tratti-comuni-a-comunismo-e-na\/","name":"Cos&igrave; la cultura progressista ha nascosto i tratti comuni a comunismo e nazionalsocialismo - Rassegna Stampa Cattolica","isPartOf":{"@id":"https:\/\/www.rassegnastampa-totustuus.it\/cattolica\/#website"},"primaryImageOfPage":{"@id":"https:\/\/www.rassegnastampa-totustuus.it\/cattolica\/cos-la-cultura-progressista-ha-nascosto-i-tratti-comuni-a-comunismo-e-na\/#primaryimage"},"image":{"@id":"https:\/\/www.rassegnastampa-totustuus.it\/cattolica\/cos-la-cultura-progressista-ha-nascosto-i-tratti-comuni-a-comunismo-e-na\/#primaryimage"},"thumbnailUrl":"https:\/\/www.rassegnastampa-totustuus.it\/cattolica\/wp-content\/uploads\/2010\/04\/nazi-comunism.jpg","datePublished":"2010-04-21T11:27:01+00:00","dateModified":"2015-12-01T10:27:43+00:00","description":"Rassegna Stampa Cattolica - Per una cultura che nasce dalla Rivelazione cristiana in conformit\u00e0 alla tradizione e al Magistero della Chiesa in opposizione ad ogni relativismo e totalitarismo","breadcrumb":{"@id":"https:\/\/www.rassegnastampa-totustuus.it\/cattolica\/cos-la-cultura-progressista-ha-nascosto-i-tratti-comuni-a-comunismo-e-na\/#breadcrumb"},"inLanguage":"it-IT","potentialAction":[{"@type":"ReadAction","target":["https:\/\/www.rassegnastampa-totustuus.it\/cattolica\/cos-la-cultura-progressista-ha-nascosto-i-tratti-comuni-a-comunismo-e-na\/"]}]},{"@type":"ImageObject","inLanguage":"it-IT","@id":"https:\/\/www.rassegnastampa-totustuus.it\/cattolica\/cos-la-cultura-progressista-ha-nascosto-i-tratti-comuni-a-comunismo-e-na\/#primaryimage","url":"https:\/\/www.rassegnastampa-totustuus.it\/cattolica\/wp-content\/uploads\/2010\/04\/nazi-comunism.jpg","contentUrl":"https:\/\/www.rassegnastampa-totustuus.it\/cattolica\/wp-content\/uploads\/2010\/04\/nazi-comunism.jpg","width":260,"height":194},{"@type":"BreadcrumbList","@id":"https:\/\/www.rassegnastampa-totustuus.it\/cattolica\/cos-la-cultura-progressista-ha-nascosto-i-tratti-comuni-a-comunismo-e-na\/#breadcrumb","itemListElement":[{"@type":"ListItem","position":1,"name":"Home","item":"https:\/\/www.rassegnastampa-totustuus.it\/cattolica\/"},{"@type":"ListItem","position":2,"name":"Cos&igrave; la cultura progressista ha nascosto i tratti comuni a comunismo e nazionalsocialismo"}]},{"@type":"WebSite","@id":"https:\/\/www.rassegnastampa-totustuus.it\/cattolica\/#website","url":"https:\/\/www.rassegnastampa-totustuus.it\/cattolica\/","name":"Rassegna Stampa Cattolica","description":"Per una cultura che nasce dalla Rivelazione cristiana in conformit\u00e0 alla tradizione e al Magistero della Chiesa in opposizione ad ogni relativismo e totalitarismo","publisher":{"@id":"https:\/\/www.rassegnastampa-totustuus.it\/cattolica\/#organization"},"alternateName":"Rass. Cattolica","potentialAction":[{"@type":"SearchAction","target":{"@type":"EntryPoint","urlTemplate":"https:\/\/www.rassegnastampa-totustuus.it\/cattolica\/?s={search_term_string}"},"query-input":{"@type":"PropertyValueSpecification","valueRequired":true,"valueName":"search_term_string"}}],"inLanguage":"it-IT"},{"@type":"Organization","@id":"https:\/\/www.rassegnastampa-totustuus.it\/cattolica\/#organization","name":"Rassegna Stampa Cattolica","url":"https:\/\/www.rassegnastampa-totustuus.it\/cattolica\/","logo":{"@type":"ImageObject","inLanguage":"it-IT","@id":"https:\/\/www.rassegnastampa-totustuus.it\/cattolica\/#\/schema\/logo\/image\/","url":"https:\/\/www.rassegnastampa-totustuus.it\/cattolica\/wp-content\/uploads\/2014\/04\/logo-rassegna1.gif","contentUrl":"https:\/\/www.rassegnastampa-totustuus.it\/cattolica\/wp-content\/uploads\/2014\/04\/logo-rassegna1.gif","width":600,"height":163,"caption":"Rassegna Stampa Cattolica"},"image":{"@id":"https:\/\/www.rassegnastampa-totustuus.it\/cattolica\/#\/schema\/logo\/image\/"},"sameAs":["https:\/\/www.facebook.com\/rassegnastampacattolica","https:\/\/x.com\/rassegnastampa9"]},{"@type":"Person","@id":"https:\/\/www.rassegnastampa-totustuus.it\/cattolica\/#\/schema\/person\/08f319d2bd1a0904ad9e2bfb7b15e5c3","name":"Redazione","image":{"@type":"ImageObject","inLanguage":"it-IT","@id":"https:\/\/secure.gravatar.com\/avatar\/2fcdf27c78ea025fbdb44e914cc63c72249ffec9dc8aafd5c82b26240ef3f346?s=96&d=mm&r=g","url":"https:\/\/secure.gravatar.com\/avatar\/2fcdf27c78ea025fbdb44e914cc63c72249ffec9dc8aafd5c82b26240ef3f346?s=96&d=mm&r=g","contentUrl":"https:\/\/secure.gravatar.com\/avatar\/2fcdf27c78ea025fbdb44e914cc63c72249ffec9dc8aafd5c82b26240ef3f346?s=96&d=mm&r=g","caption":"Redazione"},"url":"https:\/\/www.rassegnastampa-totustuus.it\/cattolica\/author\/pietroelle\/"}]}},"_links":{"self":[{"href":"https:\/\/www.rassegnastampa-totustuus.it\/cattolica\/wp-json\/wp\/v2\/posts\/3794","targetHints":{"allow":["GET"]}}],"collection":[{"href":"https:\/\/www.rassegnastampa-totustuus.it\/cattolica\/wp-json\/wp\/v2\/posts"}],"about":[{"href":"https:\/\/www.rassegnastampa-totustuus.it\/cattolica\/wp-json\/wp\/v2\/types\/post"}],"author":[{"embeddable":true,"href":"https:\/\/www.rassegnastampa-totustuus.it\/cattolica\/wp-json\/wp\/v2\/users\/6"}],"replies":[{"embeddable":true,"href":"https:\/\/www.rassegnastampa-totustuus.it\/cattolica\/wp-json\/wp\/v2\/comments?post=3794"}],"version-history":[{"count":5,"href":"https:\/\/www.rassegnastampa-totustuus.it\/cattolica\/wp-json\/wp\/v2\/posts\/3794\/revisions"}],"predecessor-version":[{"id":28340,"href":"https:\/\/www.rassegnastampa-totustuus.it\/cattolica\/wp-json\/wp\/v2\/posts\/3794\/revisions\/28340"}],"wp:featuredmedia":[{"embeddable":true,"href":"https:\/\/www.rassegnastampa-totustuus.it\/cattolica\/wp-json\/wp\/v2\/media\/28336"}],"wp:attachment":[{"href":"https:\/\/www.rassegnastampa-totustuus.it\/cattolica\/wp-json\/wp\/v2\/media?parent=3794"}],"wp:term":[{"taxonomy":"category","embeddable":true,"href":"https:\/\/www.rassegnastampa-totustuus.it\/cattolica\/wp-json\/wp\/v2\/categories?post=3794"},{"taxonomy":"post_tag","embeddable":true,"href":"https:\/\/www.rassegnastampa-totustuus.it\/cattolica\/wp-json\/wp\/v2\/tags?post=3794"}],"curies":[{"name":"wp","href":"https:\/\/api.w.org\/{rel}","templated":true}]}}