{"id":3787,"date":"2010-04-15T00:00:00","date_gmt":"2010-04-14T22:00:00","guid":{"rendered":""},"modified":"2016-06-13T12:12:16","modified_gmt":"2016-06-13T10:12:16","slug":"la-tragedia-polacca-la-croce-e-la-divina-misericordia","status":"publish","type":"post","link":"https:\/\/www.rassegnastampa-totustuus.it\/cattolica\/la-tragedia-polacca-la-croce-e-la-divina-misericordia\/","title":{"rendered":"La tragedia polacca, la croce e la Divina Misericordia"},"content":{"rendered":"<div style=\"text-align: center;\"><img loading=\"lazy\" decoding=\"async\" class=\"alignright wp-image-34577\" src=\"https:\/\/www.rassegnastampa-totustuus.it\/cattolica\/wp-content\/uploads\/2010\/04\/polonia_aereo_presidenziale.jpg\" alt=\"polonia_aereo_presidenziale\" width=\"250\" height=\"159\" \/>\u00a0per <strong>Rassegna Stampa<\/strong> 13 aprile 2010<\/div>\n<p style=\"text-align: center;\">di <strong>Marco Invernizzi<\/strong><\/p>\n<p style=\"text-align: justify;\">La moglie di un mio carissimo amico \u00e8 polacca. Mi \u00e8 venuto spontaneo telefonarle dopo la tragedia che ha privato il suo Paese di una parte cospicua della classe dirigente. Stava piangendo e la cosa mi ha aiutato a comprendere ancora meglio il particolare legame esistente fra i polacchi e la loro nazione, in particolare con quella classe dirigente scomparsa sabato scorso.<\/p>\n<p><!--more--><\/p>\n<div style=\"text-align: justify;\">Non sono sicuro che si sia compreso adeguatamente quanto accaduto, per questo lo riassumo. Un aereo polacco \u00e8 precipitato sul suolo russo dove stava atterrando per commemorare il 70\u00b0 anniversario <a href=\"https:\/\/www.rassegnastampa-totustuus.it\/cattolica\/?p=3656\" target=\"_blank\">dell&#8217;assassinio nella foresta di Katyn<\/a> da parte sovietica di un&#8217;altra classe dirigente composta da circa 22mila fra ufficiali e militari polacchi.<\/div>\n<p style=\"text-align: justify;\">Sono morti il Capo dello Stato Lech Kaczynski con la moglie Maria, il Capo di Stato maggiore, i vertici dell&#8217;esercito, della marina, dell&#8217;aereonautica, il governatore della Banca centrale polacca, 13 ministri del governo, diversi deputati, il candidato conservatore alle prossime elezioni presidenziali, il vescovo cappellano dell&#8217;esercito e altre figure storiche della resistenza polacca contro il comunismo durante la seconda guerra mondiale e durante l&#8217;epopea di Solidarnosc. Il gemello del Presidente non era sull&#8217;aereo soltanto perch\u00e9 era rimasto in ospedale accanto alla madre malata.<\/p>\n<p style=\"text-align: justify;\">L&#8217;amica polacca mi ha riassunto cos\u00ec: &#8220;c&#8217;era tutta la destra polacca su quell&#8217;aereo&#8221;. Ed \u00e8 vero, se pensiamo che il partito del Presidente e del suo gemello Jaroslaw, &#8220;Legge e Giustizia&#8221;, era nato come costola di destra del sindacato Solidarnosc che mand\u00f2 in crisi il regime comunista polacco negli anni Ottanta del secolo scorso, e Lech Kaczynski era stato uno dei principali consiglieri quando Lech Walesa divenne Presidente della Repubblica nel 1990. Un partito conservatore, rispettoso delle tradizioni cristiane della Polonia.<\/p>\n<p style=\"text-align: justify;\">Vi sono nella storia popoli-vittime, come quelle anime che sembrano incaricate dal piano di Dio di immolarsi con le loro sofferenze per la salvezza del mondo e degli uomini. Me ne vengono in mente alcuni, come il popolo vietnamita e quello cambogiano, o coloro che oggi continuano a vivere nel gulag della Corea del nord, popoli colpiti da tragedie naturali oltre a quelle provocate dalle ideologie.<\/p>\n<p style=\"text-align: justify;\">Ma la storia del popolo polacco la conosciamo meglio, per la vicinanza geografica, per la storia comune. La tragedia di oggi \u00e8 avvenuta nel 70\u00b0 anniversario del <a href=\"https:\/\/www.rassegnastampa-totustuus.it\/cattolica\/?p=3656\" target=\"_blank\">massacro di Katyn<\/a>, per cinquant&#8217;anni negato dall&#8217;Urss e attribuito alla Germania nazionalsocialista, dopo che finalmente il leader russo Putin aveva finalmente accettato di sancire pubblicamente la riconciliazione fra i due popoli attraverso il riconoscimento della &#8220;verit\u00e0 su Katyn&#8221;.<\/p>\n<p style=\"text-align: justify;\">In quei mesi la Polonia era scomparsa, cancellata dagli eserciti nazionalsocialista a ovest e da quello sovietico a est, come gi\u00e0 altre volte era accaduto nella sua storia. E a Katyn cominciarono quarant&#8217;anni di oppressione e di umiliazione, perch\u00e9 anche nella Polonia comunista tutti conoscevano la &#8220;verit\u00e0 su Katyn&#8221;, ma nessuno poteva permettersi di dirlo pubblicamente.<\/p>\n<p style=\"text-align: justify;\">E&#8217; difficile comprendere qualcosa del mistero della storia, delle scelte con cui il Signore guida i popoli, castigandoli e aiutandoli, lasciando cos\u00ec tanta libert\u00e0 al male e alla menzogna. Non posso non chiedermi perch\u00e9 questo popolo venga trattato cos\u00ec vent&#8217;anni dopo aver salvato l&#8217;Europa dal comunismo, quando nel 1920 l&#8217;esercito polacco guidato dal maresciallo J\u00f3sef Pilsudski (1867-1935, la cui tomba in Polonia \u00e8 sempre cosparsa da fiori freschi) ferm\u00f2 l&#8217;Armata Rossa davanti a Varsavia (&#8220;il Miracolo della Vistola&#8221;).<\/p>\n<p style=\"text-align: justify;\">Ma poi mi viene in mente la festa della Misericordia che celebriamo oggi, nella prima domenica dopo la Pasqua, grazie a santa Faustina Kowalska (1905-1938), la suora sepolta a Cracovia, la citt\u00e0 dove il futuro papa Giovanni Paolo II (che la canonizzer\u00e0 nel 2000, la prima santa del nuovo millennio) aveva imparato a conoscerla e a pregarla.<\/p>\n<p style=\"text-align: justify;\">Mi viene in mente perch\u00e9 il Papa &#8220;polacco&#8221; e la suora &#8220;polacca&#8221; hanno insegnato al mondo come appunto la Misericordia sia la misteriosa risposta scelta da Dio da opporre al male, a quel male che negli anni Trenta del secolo scorso in Europa e in Polonia aveva il volto delle ideologie che la avrebbero presto annientata.<\/p>\n<p style=\"text-align: justify;\">E allora forse possiamo intuire e balbettare qualcosa, tremando al pensiero di quale possa essere il prezzo che un popolo debba pagare per potere dare all&#8217;umanit\u00e0 quella santit\u00e0 che sola pu\u00f2 salvare dal male.<\/p>\n<p style=\"text-align: justify;\"><em>Festa della Divina Misericordia<\/em> 2010<\/p>\n","protected":false},"excerpt":{"rendered":"<p>\u00a0per Rassegna Stampa 13 aprile 2010 di Marco Invernizzi La moglie di un mio carissimo amico \u00e8 polacca. Mi \u00e8 venuto spontaneo telefonarle dopo la tragedia che ha privato il suo Paese di una parte cospicua della classe dirigente. Stava piangendo e la cosa mi ha aiutato a comprendere ancora meglio il particolare legame esistente &hellip; <\/p>\n<p><a class=\"more-link btn\" href=\"https:\/\/www.rassegnastampa-totustuus.it\/cattolica\/la-tragedia-polacca-la-croce-e-la-divina-misericordia\/\">Continua a leggere<\/a><\/p>\n","protected":false},"author":6,"featured_media":34577,"comment_status":"closed","ping_status":"open","sticky":false,"template":"","format":"standard","meta":{"footnotes":""},"categories":[108],"tags":[830],"class_list":["post-3787","post","type-post","status-publish","format-standard","has-post-thumbnail","hentry","category-paesi-e-continenti","tag-polonia","item-wrap"],"yoast_head":"<!-- This site is optimized with the Yoast SEO plugin v27.5 - https:\/\/yoast.com\/product\/yoast-seo-wordpress\/ -->\n<title>La tragedia polacca, la croce e la Divina Misericordia - Rassegna Stampa Cattolica<\/title>\n<meta name=\"description\" content=\"Rassegna Stampa Cattolica - Per una cultura che nasce dalla Rivelazione cristiana in conformit\u00e0 alla tradizione e al Magistero della Chiesa in opposizione ad ogni relativismo e totalitarismo\" \/>\n<meta name=\"robots\" content=\"index, follow, max-snippet:-1, max-image-preview:large, max-video-preview:-1\" \/>\n<link rel=\"canonical\" href=\"https:\/\/www.rassegnastampa-totustuus.it\/cattolica\/la-tragedia-polacca-la-croce-e-la-divina-misericordia\/\" \/>\n<meta property=\"og:locale\" content=\"it_IT\" \/>\n<meta property=\"og:type\" content=\"article\" \/>\n<meta property=\"og:title\" content=\"La tragedia polacca, la croce e la Divina Misericordia - Rassegna Stampa Cattolica\" \/>\n<meta property=\"og:description\" content=\"Rassegna Stampa Cattolica - Per una cultura che nasce dalla Rivelazione cristiana in conformit\u00e0 alla tradizione e al Magistero della Chiesa in opposizione ad ogni relativismo e totalitarismo\" \/>\n<meta property=\"og:url\" content=\"https:\/\/www.rassegnastampa-totustuus.it\/cattolica\/la-tragedia-polacca-la-croce-e-la-divina-misericordia\/\" \/>\n<meta property=\"og:site_name\" content=\"Rassegna Stampa Cattolica\" \/>\n<meta property=\"article:publisher\" content=\"https:\/\/www.facebook.com\/rassegnastampacattolica\" \/>\n<meta property=\"article:published_time\" content=\"2010-04-14T22:00:00+00:00\" \/>\n<meta property=\"article:modified_time\" content=\"2016-06-13T10:12:16+00:00\" \/>\n<meta property=\"og:image\" content=\"https:\/\/www.rassegnastampa-totustuus.it\/cattolica\/wp-content\/uploads\/2010\/04\/polonia_aereo_presidenziale.jpg\" \/>\n\t<meta property=\"og:image:width\" content=\"281\" \/>\n\t<meta property=\"og:image:height\" content=\"179\" \/>\n\t<meta property=\"og:image:type\" content=\"image\/jpeg\" \/>\n<meta name=\"author\" content=\"Redazione\" \/>\n<meta name=\"twitter:card\" content=\"summary_large_image\" \/>\n<meta name=\"twitter:creator\" content=\"@rassegnastampa9\" \/>\n<meta name=\"twitter:site\" content=\"@rassegnastampa9\" \/>\n<meta name=\"twitter:label1\" content=\"Scritto da\" \/>\n\t<meta name=\"twitter:data1\" content=\"Redazione\" \/>\n\t<meta name=\"twitter:label2\" content=\"Tempo di lettura stimato\" \/>\n\t<meta name=\"twitter:data2\" content=\"3 minuti\" \/>\n<script type=\"application\/ld+json\" class=\"yoast-schema-graph\">{\"@context\":\"https:\\\/\\\/schema.org\",\"@graph\":[{\"@type\":\"Article\",\"@id\":\"https:\\\/\\\/www.rassegnastampa-totustuus.it\\\/cattolica\\\/la-tragedia-polacca-la-croce-e-la-divina-misericordia\\\/#article\",\"isPartOf\":{\"@id\":\"https:\\\/\\\/www.rassegnastampa-totustuus.it\\\/cattolica\\\/la-tragedia-polacca-la-croce-e-la-divina-misericordia\\\/\"},\"author\":{\"name\":\"Redazione\",\"@id\":\"https:\\\/\\\/www.rassegnastampa-totustuus.it\\\/cattolica\\\/#\\\/schema\\\/person\\\/08f319d2bd1a0904ad9e2bfb7b15e5c3\"},\"headline\":\"La tragedia polacca, la croce e la Divina Misericordia\",\"datePublished\":\"2010-04-14T22:00:00+00:00\",\"dateModified\":\"2016-06-13T10:12:16+00:00\",\"mainEntityOfPage\":{\"@id\":\"https:\\\/\\\/www.rassegnastampa-totustuus.it\\\/cattolica\\\/la-tragedia-polacca-la-croce-e-la-divina-misericordia\\\/\"},\"wordCount\":716,\"publisher\":{\"@id\":\"https:\\\/\\\/www.rassegnastampa-totustuus.it\\\/cattolica\\\/#organization\"},\"image\":{\"@id\":\"https:\\\/\\\/www.rassegnastampa-totustuus.it\\\/cattolica\\\/la-tragedia-polacca-la-croce-e-la-divina-misericordia\\\/#primaryimage\"},\"thumbnailUrl\":\"https:\\\/\\\/www.rassegnastampa-totustuus.it\\\/cattolica\\\/wp-content\\\/uploads\\\/2010\\\/04\\\/polonia_aereo_presidenziale.jpg\",\"keywords\":[\"Polonia\"],\"articleSection\":[\"Paesi e continenti\"],\"inLanguage\":\"it-IT\"},{\"@type\":\"WebPage\",\"@id\":\"https:\\\/\\\/www.rassegnastampa-totustuus.it\\\/cattolica\\\/la-tragedia-polacca-la-croce-e-la-divina-misericordia\\\/\",\"url\":\"https:\\\/\\\/www.rassegnastampa-totustuus.it\\\/cattolica\\\/la-tragedia-polacca-la-croce-e-la-divina-misericordia\\\/\",\"name\":\"La tragedia polacca, la croce e la Divina Misericordia - Rassegna Stampa Cattolica\",\"isPartOf\":{\"@id\":\"https:\\\/\\\/www.rassegnastampa-totustuus.it\\\/cattolica\\\/#website\"},\"primaryImageOfPage\":{\"@id\":\"https:\\\/\\\/www.rassegnastampa-totustuus.it\\\/cattolica\\\/la-tragedia-polacca-la-croce-e-la-divina-misericordia\\\/#primaryimage\"},\"image\":{\"@id\":\"https:\\\/\\\/www.rassegnastampa-totustuus.it\\\/cattolica\\\/la-tragedia-polacca-la-croce-e-la-divina-misericordia\\\/#primaryimage\"},\"thumbnailUrl\":\"https:\\\/\\\/www.rassegnastampa-totustuus.it\\\/cattolica\\\/wp-content\\\/uploads\\\/2010\\\/04\\\/polonia_aereo_presidenziale.jpg\",\"datePublished\":\"2010-04-14T22:00:00+00:00\",\"dateModified\":\"2016-06-13T10:12:16+00:00\",\"description\":\"Rassegna Stampa Cattolica - Per una cultura che nasce dalla Rivelazione cristiana in conformit\u00e0 alla tradizione e al Magistero della Chiesa in opposizione ad ogni relativismo e totalitarismo\",\"breadcrumb\":{\"@id\":\"https:\\\/\\\/www.rassegnastampa-totustuus.it\\\/cattolica\\\/la-tragedia-polacca-la-croce-e-la-divina-misericordia\\\/#breadcrumb\"},\"inLanguage\":\"it-IT\",\"potentialAction\":[{\"@type\":\"ReadAction\",\"target\":[\"https:\\\/\\\/www.rassegnastampa-totustuus.it\\\/cattolica\\\/la-tragedia-polacca-la-croce-e-la-divina-misericordia\\\/\"]}]},{\"@type\":\"ImageObject\",\"inLanguage\":\"it-IT\",\"@id\":\"https:\\\/\\\/www.rassegnastampa-totustuus.it\\\/cattolica\\\/la-tragedia-polacca-la-croce-e-la-divina-misericordia\\\/#primaryimage\",\"url\":\"https:\\\/\\\/www.rassegnastampa-totustuus.it\\\/cattolica\\\/wp-content\\\/uploads\\\/2010\\\/04\\\/polonia_aereo_presidenziale.jpg\",\"contentUrl\":\"https:\\\/\\\/www.rassegnastampa-totustuus.it\\\/cattolica\\\/wp-content\\\/uploads\\\/2010\\\/04\\\/polonia_aereo_presidenziale.jpg\",\"width\":281,\"height\":179},{\"@type\":\"BreadcrumbList\",\"@id\":\"https:\\\/\\\/www.rassegnastampa-totustuus.it\\\/cattolica\\\/la-tragedia-polacca-la-croce-e-la-divina-misericordia\\\/#breadcrumb\",\"itemListElement\":[{\"@type\":\"ListItem\",\"position\":1,\"name\":\"Home\",\"item\":\"https:\\\/\\\/www.rassegnastampa-totustuus.it\\\/cattolica\\\/\"},{\"@type\":\"ListItem\",\"position\":2,\"name\":\"La tragedia polacca, la croce e la Divina Misericordia\"}]},{\"@type\":\"WebSite\",\"@id\":\"https:\\\/\\\/www.rassegnastampa-totustuus.it\\\/cattolica\\\/#website\",\"url\":\"https:\\\/\\\/www.rassegnastampa-totustuus.it\\\/cattolica\\\/\",\"name\":\"Rassegna Stampa Cattolica\",\"description\":\"Per una cultura che nasce dalla Rivelazione cristiana in conformit\u00e0 alla tradizione e al Magistero della Chiesa in opposizione ad ogni relativismo e totalitarismo\",\"publisher\":{\"@id\":\"https:\\\/\\\/www.rassegnastampa-totustuus.it\\\/cattolica\\\/#organization\"},\"alternateName\":\"Rass. Cattolica\",\"potentialAction\":[{\"@type\":\"SearchAction\",\"target\":{\"@type\":\"EntryPoint\",\"urlTemplate\":\"https:\\\/\\\/www.rassegnastampa-totustuus.it\\\/cattolica\\\/?s={search_term_string}\"},\"query-input\":{\"@type\":\"PropertyValueSpecification\",\"valueRequired\":true,\"valueName\":\"search_term_string\"}}],\"inLanguage\":\"it-IT\"},{\"@type\":\"Organization\",\"@id\":\"https:\\\/\\\/www.rassegnastampa-totustuus.it\\\/cattolica\\\/#organization\",\"name\":\"Rassegna Stampa Cattolica\",\"url\":\"https:\\\/\\\/www.rassegnastampa-totustuus.it\\\/cattolica\\\/\",\"logo\":{\"@type\":\"ImageObject\",\"inLanguage\":\"it-IT\",\"@id\":\"https:\\\/\\\/www.rassegnastampa-totustuus.it\\\/cattolica\\\/#\\\/schema\\\/logo\\\/image\\\/\",\"url\":\"https:\\\/\\\/www.rassegnastampa-totustuus.it\\\/cattolica\\\/wp-content\\\/uploads\\\/2014\\\/04\\\/logo-rassegna1.gif\",\"contentUrl\":\"https:\\\/\\\/www.rassegnastampa-totustuus.it\\\/cattolica\\\/wp-content\\\/uploads\\\/2014\\\/04\\\/logo-rassegna1.gif\",\"width\":600,\"height\":163,\"caption\":\"Rassegna Stampa Cattolica\"},\"image\":{\"@id\":\"https:\\\/\\\/www.rassegnastampa-totustuus.it\\\/cattolica\\\/#\\\/schema\\\/logo\\\/image\\\/\"},\"sameAs\":[\"https:\\\/\\\/www.facebook.com\\\/rassegnastampacattolica\",\"https:\\\/\\\/x.com\\\/rassegnastampa9\"]},{\"@type\":\"Person\",\"@id\":\"https:\\\/\\\/www.rassegnastampa-totustuus.it\\\/cattolica\\\/#\\\/schema\\\/person\\\/08f319d2bd1a0904ad9e2bfb7b15e5c3\",\"name\":\"Redazione\",\"image\":{\"@type\":\"ImageObject\",\"inLanguage\":\"it-IT\",\"@id\":\"https:\\\/\\\/secure.gravatar.com\\\/avatar\\\/2fcdf27c78ea025fbdb44e914cc63c72249ffec9dc8aafd5c82b26240ef3f346?s=96&d=mm&r=g\",\"url\":\"https:\\\/\\\/secure.gravatar.com\\\/avatar\\\/2fcdf27c78ea025fbdb44e914cc63c72249ffec9dc8aafd5c82b26240ef3f346?s=96&d=mm&r=g\",\"contentUrl\":\"https:\\\/\\\/secure.gravatar.com\\\/avatar\\\/2fcdf27c78ea025fbdb44e914cc63c72249ffec9dc8aafd5c82b26240ef3f346?s=96&d=mm&r=g\",\"caption\":\"Redazione\"},\"url\":\"https:\\\/\\\/www.rassegnastampa-totustuus.it\\\/cattolica\\\/author\\\/pietroelle\\\/\"}]}<\/script>\n<!-- \/ Yoast SEO plugin. -->","yoast_head_json":{"title":"La tragedia polacca, la croce e la Divina Misericordia - Rassegna Stampa Cattolica","description":"Rassegna Stampa Cattolica - Per una cultura che nasce dalla Rivelazione cristiana in conformit\u00e0 alla tradizione e al Magistero della Chiesa in opposizione ad ogni relativismo e totalitarismo","robots":{"index":"index","follow":"follow","max-snippet":"max-snippet:-1","max-image-preview":"max-image-preview:large","max-video-preview":"max-video-preview:-1"},"canonical":"https:\/\/www.rassegnastampa-totustuus.it\/cattolica\/la-tragedia-polacca-la-croce-e-la-divina-misericordia\/","og_locale":"it_IT","og_type":"article","og_title":"La tragedia polacca, la croce e la Divina Misericordia - Rassegna Stampa Cattolica","og_description":"Rassegna Stampa Cattolica - Per una cultura che nasce dalla Rivelazione cristiana in conformit\u00e0 alla tradizione e al Magistero della Chiesa in opposizione ad ogni relativismo e totalitarismo","og_url":"https:\/\/www.rassegnastampa-totustuus.it\/cattolica\/la-tragedia-polacca-la-croce-e-la-divina-misericordia\/","og_site_name":"Rassegna Stampa Cattolica","article_publisher":"https:\/\/www.facebook.com\/rassegnastampacattolica","article_published_time":"2010-04-14T22:00:00+00:00","article_modified_time":"2016-06-13T10:12:16+00:00","og_image":[{"width":281,"height":179,"url":"https:\/\/www.rassegnastampa-totustuus.it\/cattolica\/wp-content\/uploads\/2010\/04\/polonia_aereo_presidenziale.jpg","type":"image\/jpeg"}],"author":"Redazione","twitter_card":"summary_large_image","twitter_creator":"@rassegnastampa9","twitter_site":"@rassegnastampa9","twitter_misc":{"Scritto da":"Redazione","Tempo di lettura stimato":"3 minuti"},"schema":{"@context":"https:\/\/schema.org","@graph":[{"@type":"Article","@id":"https:\/\/www.rassegnastampa-totustuus.it\/cattolica\/la-tragedia-polacca-la-croce-e-la-divina-misericordia\/#article","isPartOf":{"@id":"https:\/\/www.rassegnastampa-totustuus.it\/cattolica\/la-tragedia-polacca-la-croce-e-la-divina-misericordia\/"},"author":{"name":"Redazione","@id":"https:\/\/www.rassegnastampa-totustuus.it\/cattolica\/#\/schema\/person\/08f319d2bd1a0904ad9e2bfb7b15e5c3"},"headline":"La tragedia polacca, la croce e la Divina Misericordia","datePublished":"2010-04-14T22:00:00+00:00","dateModified":"2016-06-13T10:12:16+00:00","mainEntityOfPage":{"@id":"https:\/\/www.rassegnastampa-totustuus.it\/cattolica\/la-tragedia-polacca-la-croce-e-la-divina-misericordia\/"},"wordCount":716,"publisher":{"@id":"https:\/\/www.rassegnastampa-totustuus.it\/cattolica\/#organization"},"image":{"@id":"https:\/\/www.rassegnastampa-totustuus.it\/cattolica\/la-tragedia-polacca-la-croce-e-la-divina-misericordia\/#primaryimage"},"thumbnailUrl":"https:\/\/www.rassegnastampa-totustuus.it\/cattolica\/wp-content\/uploads\/2010\/04\/polonia_aereo_presidenziale.jpg","keywords":["Polonia"],"articleSection":["Paesi e continenti"],"inLanguage":"it-IT"},{"@type":"WebPage","@id":"https:\/\/www.rassegnastampa-totustuus.it\/cattolica\/la-tragedia-polacca-la-croce-e-la-divina-misericordia\/","url":"https:\/\/www.rassegnastampa-totustuus.it\/cattolica\/la-tragedia-polacca-la-croce-e-la-divina-misericordia\/","name":"La tragedia polacca, la croce e la Divina Misericordia - Rassegna Stampa Cattolica","isPartOf":{"@id":"https:\/\/www.rassegnastampa-totustuus.it\/cattolica\/#website"},"primaryImageOfPage":{"@id":"https:\/\/www.rassegnastampa-totustuus.it\/cattolica\/la-tragedia-polacca-la-croce-e-la-divina-misericordia\/#primaryimage"},"image":{"@id":"https:\/\/www.rassegnastampa-totustuus.it\/cattolica\/la-tragedia-polacca-la-croce-e-la-divina-misericordia\/#primaryimage"},"thumbnailUrl":"https:\/\/www.rassegnastampa-totustuus.it\/cattolica\/wp-content\/uploads\/2010\/04\/polonia_aereo_presidenziale.jpg","datePublished":"2010-04-14T22:00:00+00:00","dateModified":"2016-06-13T10:12:16+00:00","description":"Rassegna Stampa Cattolica - Per una cultura che nasce dalla Rivelazione cristiana in conformit\u00e0 alla tradizione e al Magistero della Chiesa in opposizione ad ogni relativismo e totalitarismo","breadcrumb":{"@id":"https:\/\/www.rassegnastampa-totustuus.it\/cattolica\/la-tragedia-polacca-la-croce-e-la-divina-misericordia\/#breadcrumb"},"inLanguage":"it-IT","potentialAction":[{"@type":"ReadAction","target":["https:\/\/www.rassegnastampa-totustuus.it\/cattolica\/la-tragedia-polacca-la-croce-e-la-divina-misericordia\/"]}]},{"@type":"ImageObject","inLanguage":"it-IT","@id":"https:\/\/www.rassegnastampa-totustuus.it\/cattolica\/la-tragedia-polacca-la-croce-e-la-divina-misericordia\/#primaryimage","url":"https:\/\/www.rassegnastampa-totustuus.it\/cattolica\/wp-content\/uploads\/2010\/04\/polonia_aereo_presidenziale.jpg","contentUrl":"https:\/\/www.rassegnastampa-totustuus.it\/cattolica\/wp-content\/uploads\/2010\/04\/polonia_aereo_presidenziale.jpg","width":281,"height":179},{"@type":"BreadcrumbList","@id":"https:\/\/www.rassegnastampa-totustuus.it\/cattolica\/la-tragedia-polacca-la-croce-e-la-divina-misericordia\/#breadcrumb","itemListElement":[{"@type":"ListItem","position":1,"name":"Home","item":"https:\/\/www.rassegnastampa-totustuus.it\/cattolica\/"},{"@type":"ListItem","position":2,"name":"La tragedia polacca, la croce e la Divina Misericordia"}]},{"@type":"WebSite","@id":"https:\/\/www.rassegnastampa-totustuus.it\/cattolica\/#website","url":"https:\/\/www.rassegnastampa-totustuus.it\/cattolica\/","name":"Rassegna Stampa Cattolica","description":"Per una cultura che nasce dalla Rivelazione cristiana in conformit\u00e0 alla tradizione e al Magistero della Chiesa in opposizione ad ogni relativismo e totalitarismo","publisher":{"@id":"https:\/\/www.rassegnastampa-totustuus.it\/cattolica\/#organization"},"alternateName":"Rass. Cattolica","potentialAction":[{"@type":"SearchAction","target":{"@type":"EntryPoint","urlTemplate":"https:\/\/www.rassegnastampa-totustuus.it\/cattolica\/?s={search_term_string}"},"query-input":{"@type":"PropertyValueSpecification","valueRequired":true,"valueName":"search_term_string"}}],"inLanguage":"it-IT"},{"@type":"Organization","@id":"https:\/\/www.rassegnastampa-totustuus.it\/cattolica\/#organization","name":"Rassegna Stampa Cattolica","url":"https:\/\/www.rassegnastampa-totustuus.it\/cattolica\/","logo":{"@type":"ImageObject","inLanguage":"it-IT","@id":"https:\/\/www.rassegnastampa-totustuus.it\/cattolica\/#\/schema\/logo\/image\/","url":"https:\/\/www.rassegnastampa-totustuus.it\/cattolica\/wp-content\/uploads\/2014\/04\/logo-rassegna1.gif","contentUrl":"https:\/\/www.rassegnastampa-totustuus.it\/cattolica\/wp-content\/uploads\/2014\/04\/logo-rassegna1.gif","width":600,"height":163,"caption":"Rassegna Stampa Cattolica"},"image":{"@id":"https:\/\/www.rassegnastampa-totustuus.it\/cattolica\/#\/schema\/logo\/image\/"},"sameAs":["https:\/\/www.facebook.com\/rassegnastampacattolica","https:\/\/x.com\/rassegnastampa9"]},{"@type":"Person","@id":"https:\/\/www.rassegnastampa-totustuus.it\/cattolica\/#\/schema\/person\/08f319d2bd1a0904ad9e2bfb7b15e5c3","name":"Redazione","image":{"@type":"ImageObject","inLanguage":"it-IT","@id":"https:\/\/secure.gravatar.com\/avatar\/2fcdf27c78ea025fbdb44e914cc63c72249ffec9dc8aafd5c82b26240ef3f346?s=96&d=mm&r=g","url":"https:\/\/secure.gravatar.com\/avatar\/2fcdf27c78ea025fbdb44e914cc63c72249ffec9dc8aafd5c82b26240ef3f346?s=96&d=mm&r=g","contentUrl":"https:\/\/secure.gravatar.com\/avatar\/2fcdf27c78ea025fbdb44e914cc63c72249ffec9dc8aafd5c82b26240ef3f346?s=96&d=mm&r=g","caption":"Redazione"},"url":"https:\/\/www.rassegnastampa-totustuus.it\/cattolica\/author\/pietroelle\/"}]}},"_links":{"self":[{"href":"https:\/\/www.rassegnastampa-totustuus.it\/cattolica\/wp-json\/wp\/v2\/posts\/3787","targetHints":{"allow":["GET"]}}],"collection":[{"href":"https:\/\/www.rassegnastampa-totustuus.it\/cattolica\/wp-json\/wp\/v2\/posts"}],"about":[{"href":"https:\/\/www.rassegnastampa-totustuus.it\/cattolica\/wp-json\/wp\/v2\/types\/post"}],"author":[{"embeddable":true,"href":"https:\/\/www.rassegnastampa-totustuus.it\/cattolica\/wp-json\/wp\/v2\/users\/6"}],"replies":[{"embeddable":true,"href":"https:\/\/www.rassegnastampa-totustuus.it\/cattolica\/wp-json\/wp\/v2\/comments?post=3787"}],"version-history":[{"count":4,"href":"https:\/\/www.rassegnastampa-totustuus.it\/cattolica\/wp-json\/wp\/v2\/posts\/3787\/revisions"}],"predecessor-version":[{"id":34578,"href":"https:\/\/www.rassegnastampa-totustuus.it\/cattolica\/wp-json\/wp\/v2\/posts\/3787\/revisions\/34578"}],"wp:featuredmedia":[{"embeddable":true,"href":"https:\/\/www.rassegnastampa-totustuus.it\/cattolica\/wp-json\/wp\/v2\/media\/34577"}],"wp:attachment":[{"href":"https:\/\/www.rassegnastampa-totustuus.it\/cattolica\/wp-json\/wp\/v2\/media?parent=3787"}],"wp:term":[{"taxonomy":"category","embeddable":true,"href":"https:\/\/www.rassegnastampa-totustuus.it\/cattolica\/wp-json\/wp\/v2\/categories?post=3787"},{"taxonomy":"post_tag","embeddable":true,"href":"https:\/\/www.rassegnastampa-totustuus.it\/cattolica\/wp-json\/wp\/v2\/tags?post=3787"}],"curies":[{"name":"wp","href":"https:\/\/api.w.org\/{rel}","templated":true}]}}