{"id":3786,"date":"2010-04-15T00:00:00","date_gmt":"2010-04-14T22:00:00","guid":{"rendered":""},"modified":"2016-05-02T13:26:34","modified_gmt":"2016-05-02T11:26:34","slug":"cacciatori-e-prede-di-emozioni-ma-senza-ragione-non-si-vive","status":"publish","type":"post","link":"https:\/\/www.rassegnastampa-totustuus.it\/cattolica\/cacciatori-e-prede-di-emozioni-ma-senza-ragione-non-si-vive\/","title":{"rendered":"Cacciatori e prede di emozioni Ma senza ragione non si vive"},"content":{"rendered":"<div style=\"text-align: center;\"><strong><img loading=\"lazy\" decoding=\"async\" class=\"alignright wp-image-33914\" src=\"https:\/\/www.rassegnastampa-totustuus.it\/cattolica\/wp-content\/uploads\/2010\/04\/rapimento.jpg\" alt=\"rapimento\" width=\"250\" height=\"166\" \/>Avvenire,<\/strong> editoriale del 6 aprile 2010<\/div>\n<p style=\"text-align: center;\"><em>Cosa c\u00b4\u00e8 dietro la ricerca di sensazioni sempre pi\u00f9 forti<\/em><\/p>\n<p style=\"text-align: center;\">di <strong>Giacomo Samek Lodovici<\/strong><\/p>\n<p><!--more--><\/p>\n<div style=\"text-align: justify;\">La notizia \u00e8 sconcertante. Un\u00b4agenzia francese offre la possibilit\u00e0, al costo di 900 \u20ac, di essere vittime di un sequestro di persona, talmente ben organizzato da far dimenticare di essere finto. Il cliente viene pedinato per diversi giorni da sconosciuti che controllano tutte le sue mosse e, poi, nel giro di due mesi passano all\u00b4azione. Lo scopo? Far provare &#8211; dice il sito dell\u00b4agenzia &#8211; \u00ablo shock psicologico, la paura, l&#8217;adrenalina di un rapimento vero e proprio\u00bb.<\/div>\n<p style=\"text-align: justify;\">Solitamente il rapito resta imprigionato per 4 ore in una cantina buia, incatenato e imbavagliato, ma con un sovrapprezzo si pu\u00f2 contrattare un prolungamento della prigionia fino a 11 ore e scegliere il tipo di liberazione, magari una spettacolare azione della polizia.<\/p>\n<p style=\"text-align: justify;\">La notizia \u00e8 sconcertante, dicevamo, anche perch\u00e9 da gennaio ad oggi l\u00b4agenzia ha avuto almeno due clienti al giorno. Ma non \u00e8 poi troppo sorprendente se pensiamo che l\u00b4uomo contemporaneo, molto spesso, vive all\u00b4insegna di un atteggiamento, che talvolta \u00e8 anche una concezione teorica consapevole, che possiamo definire \u00abemozionalismo\u00bb, su cui ha scritto delle pagine illuminanti un sociologo come Michel Lacroix.<\/p>\n<p style=\"text-align: justify;\">Infatti, alcuni fatti di attualit\u00e0 (vittorie sportive, fatti di cronaca nera, massacri, catastrofi, vere o false epidemie, ecc.) scuotono la nostra psiche come ondate di shock, anche perch\u00e9 i mass media inducono emozioni e mobilitazioni emozionali rispetto ad eventi che essi non si limitano a riferire, bens\u00ec che connotano gi\u00e0 con emozioni che dobbiamo (secondo loro) provare.<\/p>\n<p style=\"text-align: justify;\">Nella produzione del combustibile emozionale fa la sua parte anche l\u00b4industria dell\u00b4intrattenimento, con film, fiction, videogiochi, spettacoli e pubblicit\u00e0. Anche l\u00b4ecologismo e diverse pratiche religiose (per esempio il New Age) nascono non di rado da sentimenti di paura e devozione per la natura e a loro volta li producono, esaltano stati emotivi legati alla fusione con il cosmo. Analogicamente, il paranormale intercetta un desiderio di emozioni forti, come certi sport estremi (parapendio, deltaplano, bungy jumping, ecc.). Anche la musica, grembo in cui le nuove generazioni sempre pi\u00f9 vivono, \u00e8 da loro considerata sacra per le emozioni che produce.<\/p>\n<p style=\"text-align: justify;\">Per molti la sorgente di emozioni intense da cui non si pu\u00f2 prescindere sono le storie sentimentali, specialmente se connotate sessualmente, dove \u00e8 fondamentale creare un clima sempre nuovo di continua sorpresa. Ci sono poi folle che si recano ai grandi concerti, in discoteca, allo stadio, ai megaraduni, ecc., perch\u00e9 (talvolta) desiderano sperimentare lo shock emotivo provocato dal senso di fusione.<\/p>\n<p style=\"text-align: justify;\">E la politica fa spesso (come da sempre) leva sulle emozioni per intercettare consensi e decretare ostracismi. Anche la religione, non raramente, viene coltivata se e finch\u00e9 produce emozioni, cosicch\u00e9, al supermarket del sacro, ognuno assemblea la sua religione fai-da-te pi\u00f9 emotivamente gratificante. Per non parlare dell\u00b4uso di droghe.<\/p>\n<p style=\"text-align: justify;\">Insomma, per l\u00b4uomo contemporaneo, spesso, il mondo \u00e8 una sorgente di emozioni, che egli cerca di alimentare affinch\u00e9 siano continue e sempre pi\u00f9 intense; il suo imperativo morale \u00e8: \u00ablibera le tue emozioni\u00bb. Cos\u00ec, se l\u00b4uomo virtuoso greco-medievale era mirava ad armonizzare gli affetti e la ragione, quello contemporaneo \u00e8 un cercatore di emozioni, che vuole liberarsi dalla ragione. E se il razionalismo commette l\u00b4errore di sacrificare (o estirpare) le emozioni alla ragione, l\u00b4emozionalismo soggioga alle emozioni la ragione, che a sua volta \u00e8 una dimensione fondamentale dell\u00b4umano.<\/p>\n<p style=\"text-align: justify;\">In effetti, si noti bene, non \u00e8 per nulla nostra intenzione denigrare le emozioni, che sono una dimensione molto preziosa della vita, un\u00b4energia fondamentale, ed hanno molte funzioni positive, che non possiamo qui enumerare; ma non dobbiamo nemmeno cercarle e seguirle sempre e comunque, perch\u00e9 talvolta possono fuorviarci.<\/p>\n<p style=\"text-align: justify;\">Infatti, almeno a volte, noi giudichiamo fuorvianti i giudizi che le emozioni avevano suscitato in noi, sebbene ci sembrassero indefettibili: per es., diciamo di esserci sbagliati su una persona per cui provavamo sentimenti di simpatia e di fiducia, che invece<em> gi\u00e0 allora<\/em> era cinica, sleale, scorretta, malintenzionata, ecc. Insomma, non \u00e8 vero che \u00abl\u00b4emozione ha sempre ragione\u00bb.<\/p>\n","protected":false},"excerpt":{"rendered":"<p>Avvenire, editoriale del 6 aprile 2010 Cosa c\u00b4\u00e8 dietro la ricerca di sensazioni sempre pi\u00f9 forti di Giacomo Samek Lodovici<\/p><p><a class=\"more-link btn\" href=\"https:\/\/www.rassegnastampa-totustuus.it\/cattolica\/cacciatori-e-prede-di-emozioni-ma-senza-ragione-non-si-vive\/\">Continua a leggere<\/a><\/p>\n","protected":false},"author":6,"featured_media":33914,"comment_status":"closed","ping_status":"open","sticky":false,"template":"","format":"standard","meta":{"footnotes":""},"categories":[25],"tags":[1744],"class_list":["post-3786","post","type-post","status-publish","format-standard","has-post-thumbnail","hentry","category-sguardo-sul-nostro-tempo","tag-emozioni","item-wrap"],"yoast_head":"<!-- This site is optimized with the Yoast SEO plugin v27.5 - https:\/\/yoast.com\/product\/yoast-seo-wordpress\/ -->\n<title>Cacciatori e prede di emozioni Ma senza ragione non si vive - Rassegna Stampa Cattolica<\/title>\n<meta name=\"description\" content=\"Rassegna Stampa Cattolica - Per una cultura che nasce dalla Rivelazione cristiana in conformit\u00e0 alla tradizione e al Magistero della Chiesa in opposizione ad ogni relativismo e totalitarismo\" \/>\n<meta name=\"robots\" content=\"index, follow, max-snippet:-1, max-image-preview:large, max-video-preview:-1\" \/>\n<link rel=\"canonical\" href=\"https:\/\/www.rassegnastampa-totustuus.it\/cattolica\/cacciatori-e-prede-di-emozioni-ma-senza-ragione-non-si-vive\/\" \/>\n<meta property=\"og:locale\" content=\"it_IT\" \/>\n<meta property=\"og:type\" content=\"article\" \/>\n<meta property=\"og:title\" content=\"Cacciatori e prede di emozioni Ma senza ragione non si vive - Rassegna Stampa Cattolica\" \/>\n<meta property=\"og:description\" content=\"Rassegna Stampa Cattolica - Per una cultura che nasce dalla Rivelazione cristiana in conformit\u00e0 alla tradizione e al Magistero della Chiesa in opposizione ad ogni relativismo e totalitarismo\" \/>\n<meta property=\"og:url\" content=\"https:\/\/www.rassegnastampa-totustuus.it\/cattolica\/cacciatori-e-prede-di-emozioni-ma-senza-ragione-non-si-vive\/\" \/>\n<meta property=\"og:site_name\" content=\"Rassegna Stampa Cattolica\" \/>\n<meta property=\"article:publisher\" content=\"https:\/\/www.facebook.com\/rassegnastampacattolica\" \/>\n<meta property=\"article:published_time\" content=\"2010-04-14T22:00:00+00:00\" \/>\n<meta property=\"article:modified_time\" content=\"2016-05-02T11:26:34+00:00\" \/>\n<meta property=\"og:image\" content=\"https:\/\/www.rassegnastampa-totustuus.it\/cattolica\/wp-content\/uploads\/2010\/04\/rapimento.jpg\" \/>\n\t<meta property=\"og:image:width\" content=\"275\" \/>\n\t<meta property=\"og:image:height\" content=\"183\" \/>\n\t<meta property=\"og:image:type\" content=\"image\/jpeg\" \/>\n<meta name=\"author\" content=\"Redazione\" \/>\n<meta name=\"twitter:card\" content=\"summary_large_image\" \/>\n<meta name=\"twitter:creator\" content=\"@rassegnastampa9\" \/>\n<meta name=\"twitter:site\" content=\"@rassegnastampa9\" \/>\n<meta name=\"twitter:label1\" content=\"Scritto da\" \/>\n\t<meta name=\"twitter:data1\" content=\"Redazione\" \/>\n\t<meta name=\"twitter:label2\" content=\"Tempo di lettura stimato\" \/>\n\t<meta name=\"twitter:data2\" content=\"3 minuti\" \/>\n<script type=\"application\/ld+json\" class=\"yoast-schema-graph\">{\"@context\":\"https:\\\/\\\/schema.org\",\"@graph\":[{\"@type\":\"Article\",\"@id\":\"https:\\\/\\\/www.rassegnastampa-totustuus.it\\\/cattolica\\\/cacciatori-e-prede-di-emozioni-ma-senza-ragione-non-si-vive\\\/#article\",\"isPartOf\":{\"@id\":\"https:\\\/\\\/www.rassegnastampa-totustuus.it\\\/cattolica\\\/cacciatori-e-prede-di-emozioni-ma-senza-ragione-non-si-vive\\\/\"},\"author\":{\"name\":\"Redazione\",\"@id\":\"https:\\\/\\\/www.rassegnastampa-totustuus.it\\\/cattolica\\\/#\\\/schema\\\/person\\\/08f319d2bd1a0904ad9e2bfb7b15e5c3\"},\"headline\":\"Cacciatori e prede di emozioni Ma senza ragione non si vive\",\"datePublished\":\"2010-04-14T22:00:00+00:00\",\"dateModified\":\"2016-05-02T11:26:34+00:00\",\"mainEntityOfPage\":{\"@id\":\"https:\\\/\\\/www.rassegnastampa-totustuus.it\\\/cattolica\\\/cacciatori-e-prede-di-emozioni-ma-senza-ragione-non-si-vive\\\/\"},\"wordCount\":669,\"publisher\":{\"@id\":\"https:\\\/\\\/www.rassegnastampa-totustuus.it\\\/cattolica\\\/#organization\"},\"image\":{\"@id\":\"https:\\\/\\\/www.rassegnastampa-totustuus.it\\\/cattolica\\\/cacciatori-e-prede-di-emozioni-ma-senza-ragione-non-si-vive\\\/#primaryimage\"},\"thumbnailUrl\":\"https:\\\/\\\/www.rassegnastampa-totustuus.it\\\/cattolica\\\/wp-content\\\/uploads\\\/2010\\\/04\\\/rapimento.jpg\",\"keywords\":[\"emozioni\"],\"articleSection\":[\"Sguardo sul nostro tempo\"],\"inLanguage\":\"it-IT\"},{\"@type\":\"WebPage\",\"@id\":\"https:\\\/\\\/www.rassegnastampa-totustuus.it\\\/cattolica\\\/cacciatori-e-prede-di-emozioni-ma-senza-ragione-non-si-vive\\\/\",\"url\":\"https:\\\/\\\/www.rassegnastampa-totustuus.it\\\/cattolica\\\/cacciatori-e-prede-di-emozioni-ma-senza-ragione-non-si-vive\\\/\",\"name\":\"Cacciatori e prede di emozioni Ma senza ragione non si vive - Rassegna Stampa Cattolica\",\"isPartOf\":{\"@id\":\"https:\\\/\\\/www.rassegnastampa-totustuus.it\\\/cattolica\\\/#website\"},\"primaryImageOfPage\":{\"@id\":\"https:\\\/\\\/www.rassegnastampa-totustuus.it\\\/cattolica\\\/cacciatori-e-prede-di-emozioni-ma-senza-ragione-non-si-vive\\\/#primaryimage\"},\"image\":{\"@id\":\"https:\\\/\\\/www.rassegnastampa-totustuus.it\\\/cattolica\\\/cacciatori-e-prede-di-emozioni-ma-senza-ragione-non-si-vive\\\/#primaryimage\"},\"thumbnailUrl\":\"https:\\\/\\\/www.rassegnastampa-totustuus.it\\\/cattolica\\\/wp-content\\\/uploads\\\/2010\\\/04\\\/rapimento.jpg\",\"datePublished\":\"2010-04-14T22:00:00+00:00\",\"dateModified\":\"2016-05-02T11:26:34+00:00\",\"description\":\"Rassegna Stampa Cattolica - Per una cultura che nasce dalla Rivelazione cristiana in conformit\u00e0 alla tradizione e al Magistero della Chiesa in opposizione ad ogni relativismo e totalitarismo\",\"breadcrumb\":{\"@id\":\"https:\\\/\\\/www.rassegnastampa-totustuus.it\\\/cattolica\\\/cacciatori-e-prede-di-emozioni-ma-senza-ragione-non-si-vive\\\/#breadcrumb\"},\"inLanguage\":\"it-IT\",\"potentialAction\":[{\"@type\":\"ReadAction\",\"target\":[\"https:\\\/\\\/www.rassegnastampa-totustuus.it\\\/cattolica\\\/cacciatori-e-prede-di-emozioni-ma-senza-ragione-non-si-vive\\\/\"]}]},{\"@type\":\"ImageObject\",\"inLanguage\":\"it-IT\",\"@id\":\"https:\\\/\\\/www.rassegnastampa-totustuus.it\\\/cattolica\\\/cacciatori-e-prede-di-emozioni-ma-senza-ragione-non-si-vive\\\/#primaryimage\",\"url\":\"https:\\\/\\\/www.rassegnastampa-totustuus.it\\\/cattolica\\\/wp-content\\\/uploads\\\/2010\\\/04\\\/rapimento.jpg\",\"contentUrl\":\"https:\\\/\\\/www.rassegnastampa-totustuus.it\\\/cattolica\\\/wp-content\\\/uploads\\\/2010\\\/04\\\/rapimento.jpg\",\"width\":275,\"height\":183},{\"@type\":\"BreadcrumbList\",\"@id\":\"https:\\\/\\\/www.rassegnastampa-totustuus.it\\\/cattolica\\\/cacciatori-e-prede-di-emozioni-ma-senza-ragione-non-si-vive\\\/#breadcrumb\",\"itemListElement\":[{\"@type\":\"ListItem\",\"position\":1,\"name\":\"Home\",\"item\":\"https:\\\/\\\/www.rassegnastampa-totustuus.it\\\/cattolica\\\/\"},{\"@type\":\"ListItem\",\"position\":2,\"name\":\"Cacciatori e prede di emozioni Ma senza ragione non si vive\"}]},{\"@type\":\"WebSite\",\"@id\":\"https:\\\/\\\/www.rassegnastampa-totustuus.it\\\/cattolica\\\/#website\",\"url\":\"https:\\\/\\\/www.rassegnastampa-totustuus.it\\\/cattolica\\\/\",\"name\":\"Rassegna Stampa Cattolica\",\"description\":\"Per una cultura che nasce dalla Rivelazione cristiana in conformit\u00e0 alla tradizione e al Magistero della Chiesa in opposizione ad ogni relativismo e totalitarismo\",\"publisher\":{\"@id\":\"https:\\\/\\\/www.rassegnastampa-totustuus.it\\\/cattolica\\\/#organization\"},\"alternateName\":\"Rass. Cattolica\",\"potentialAction\":[{\"@type\":\"SearchAction\",\"target\":{\"@type\":\"EntryPoint\",\"urlTemplate\":\"https:\\\/\\\/www.rassegnastampa-totustuus.it\\\/cattolica\\\/?s={search_term_string}\"},\"query-input\":{\"@type\":\"PropertyValueSpecification\",\"valueRequired\":true,\"valueName\":\"search_term_string\"}}],\"inLanguage\":\"it-IT\"},{\"@type\":\"Organization\",\"@id\":\"https:\\\/\\\/www.rassegnastampa-totustuus.it\\\/cattolica\\\/#organization\",\"name\":\"Rassegna Stampa Cattolica\",\"url\":\"https:\\\/\\\/www.rassegnastampa-totustuus.it\\\/cattolica\\\/\",\"logo\":{\"@type\":\"ImageObject\",\"inLanguage\":\"it-IT\",\"@id\":\"https:\\\/\\\/www.rassegnastampa-totustuus.it\\\/cattolica\\\/#\\\/schema\\\/logo\\\/image\\\/\",\"url\":\"https:\\\/\\\/www.rassegnastampa-totustuus.it\\\/cattolica\\\/wp-content\\\/uploads\\\/2014\\\/04\\\/logo-rassegna1.gif\",\"contentUrl\":\"https:\\\/\\\/www.rassegnastampa-totustuus.it\\\/cattolica\\\/wp-content\\\/uploads\\\/2014\\\/04\\\/logo-rassegna1.gif\",\"width\":600,\"height\":163,\"caption\":\"Rassegna Stampa Cattolica\"},\"image\":{\"@id\":\"https:\\\/\\\/www.rassegnastampa-totustuus.it\\\/cattolica\\\/#\\\/schema\\\/logo\\\/image\\\/\"},\"sameAs\":[\"https:\\\/\\\/www.facebook.com\\\/rassegnastampacattolica\",\"https:\\\/\\\/x.com\\\/rassegnastampa9\"]},{\"@type\":\"Person\",\"@id\":\"https:\\\/\\\/www.rassegnastampa-totustuus.it\\\/cattolica\\\/#\\\/schema\\\/person\\\/08f319d2bd1a0904ad9e2bfb7b15e5c3\",\"name\":\"Redazione\",\"image\":{\"@type\":\"ImageObject\",\"inLanguage\":\"it-IT\",\"@id\":\"https:\\\/\\\/secure.gravatar.com\\\/avatar\\\/2fcdf27c78ea025fbdb44e914cc63c72249ffec9dc8aafd5c82b26240ef3f346?s=96&d=mm&r=g\",\"url\":\"https:\\\/\\\/secure.gravatar.com\\\/avatar\\\/2fcdf27c78ea025fbdb44e914cc63c72249ffec9dc8aafd5c82b26240ef3f346?s=96&d=mm&r=g\",\"contentUrl\":\"https:\\\/\\\/secure.gravatar.com\\\/avatar\\\/2fcdf27c78ea025fbdb44e914cc63c72249ffec9dc8aafd5c82b26240ef3f346?s=96&d=mm&r=g\",\"caption\":\"Redazione\"},\"url\":\"https:\\\/\\\/www.rassegnastampa-totustuus.it\\\/cattolica\\\/author\\\/pietroelle\\\/\"}]}<\/script>\n<!-- \/ Yoast SEO plugin. -->","yoast_head_json":{"title":"Cacciatori e prede di emozioni Ma senza ragione non si vive - Rassegna Stampa Cattolica","description":"Rassegna Stampa Cattolica - Per una cultura che nasce dalla Rivelazione cristiana in conformit\u00e0 alla tradizione e al Magistero della Chiesa in opposizione ad ogni relativismo e totalitarismo","robots":{"index":"index","follow":"follow","max-snippet":"max-snippet:-1","max-image-preview":"max-image-preview:large","max-video-preview":"max-video-preview:-1"},"canonical":"https:\/\/www.rassegnastampa-totustuus.it\/cattolica\/cacciatori-e-prede-di-emozioni-ma-senza-ragione-non-si-vive\/","og_locale":"it_IT","og_type":"article","og_title":"Cacciatori e prede di emozioni Ma senza ragione non si vive - Rassegna Stampa Cattolica","og_description":"Rassegna Stampa Cattolica - Per una cultura che nasce dalla Rivelazione cristiana in conformit\u00e0 alla tradizione e al Magistero della Chiesa in opposizione ad ogni relativismo e totalitarismo","og_url":"https:\/\/www.rassegnastampa-totustuus.it\/cattolica\/cacciatori-e-prede-di-emozioni-ma-senza-ragione-non-si-vive\/","og_site_name":"Rassegna Stampa Cattolica","article_publisher":"https:\/\/www.facebook.com\/rassegnastampacattolica","article_published_time":"2010-04-14T22:00:00+00:00","article_modified_time":"2016-05-02T11:26:34+00:00","og_image":[{"width":275,"height":183,"url":"https:\/\/www.rassegnastampa-totustuus.it\/cattolica\/wp-content\/uploads\/2010\/04\/rapimento.jpg","type":"image\/jpeg"}],"author":"Redazione","twitter_card":"summary_large_image","twitter_creator":"@rassegnastampa9","twitter_site":"@rassegnastampa9","twitter_misc":{"Scritto da":"Redazione","Tempo di lettura stimato":"3 minuti"},"schema":{"@context":"https:\/\/schema.org","@graph":[{"@type":"Article","@id":"https:\/\/www.rassegnastampa-totustuus.it\/cattolica\/cacciatori-e-prede-di-emozioni-ma-senza-ragione-non-si-vive\/#article","isPartOf":{"@id":"https:\/\/www.rassegnastampa-totustuus.it\/cattolica\/cacciatori-e-prede-di-emozioni-ma-senza-ragione-non-si-vive\/"},"author":{"name":"Redazione","@id":"https:\/\/www.rassegnastampa-totustuus.it\/cattolica\/#\/schema\/person\/08f319d2bd1a0904ad9e2bfb7b15e5c3"},"headline":"Cacciatori e prede di emozioni Ma senza ragione non si vive","datePublished":"2010-04-14T22:00:00+00:00","dateModified":"2016-05-02T11:26:34+00:00","mainEntityOfPage":{"@id":"https:\/\/www.rassegnastampa-totustuus.it\/cattolica\/cacciatori-e-prede-di-emozioni-ma-senza-ragione-non-si-vive\/"},"wordCount":669,"publisher":{"@id":"https:\/\/www.rassegnastampa-totustuus.it\/cattolica\/#organization"},"image":{"@id":"https:\/\/www.rassegnastampa-totustuus.it\/cattolica\/cacciatori-e-prede-di-emozioni-ma-senza-ragione-non-si-vive\/#primaryimage"},"thumbnailUrl":"https:\/\/www.rassegnastampa-totustuus.it\/cattolica\/wp-content\/uploads\/2010\/04\/rapimento.jpg","keywords":["emozioni"],"articleSection":["Sguardo sul nostro tempo"],"inLanguage":"it-IT"},{"@type":"WebPage","@id":"https:\/\/www.rassegnastampa-totustuus.it\/cattolica\/cacciatori-e-prede-di-emozioni-ma-senza-ragione-non-si-vive\/","url":"https:\/\/www.rassegnastampa-totustuus.it\/cattolica\/cacciatori-e-prede-di-emozioni-ma-senza-ragione-non-si-vive\/","name":"Cacciatori e prede di emozioni Ma senza ragione non si vive - Rassegna Stampa Cattolica","isPartOf":{"@id":"https:\/\/www.rassegnastampa-totustuus.it\/cattolica\/#website"},"primaryImageOfPage":{"@id":"https:\/\/www.rassegnastampa-totustuus.it\/cattolica\/cacciatori-e-prede-di-emozioni-ma-senza-ragione-non-si-vive\/#primaryimage"},"image":{"@id":"https:\/\/www.rassegnastampa-totustuus.it\/cattolica\/cacciatori-e-prede-di-emozioni-ma-senza-ragione-non-si-vive\/#primaryimage"},"thumbnailUrl":"https:\/\/www.rassegnastampa-totustuus.it\/cattolica\/wp-content\/uploads\/2010\/04\/rapimento.jpg","datePublished":"2010-04-14T22:00:00+00:00","dateModified":"2016-05-02T11:26:34+00:00","description":"Rassegna Stampa Cattolica - Per una cultura che nasce dalla Rivelazione cristiana in conformit\u00e0 alla tradizione e al Magistero della Chiesa in opposizione ad ogni relativismo e totalitarismo","breadcrumb":{"@id":"https:\/\/www.rassegnastampa-totustuus.it\/cattolica\/cacciatori-e-prede-di-emozioni-ma-senza-ragione-non-si-vive\/#breadcrumb"},"inLanguage":"it-IT","potentialAction":[{"@type":"ReadAction","target":["https:\/\/www.rassegnastampa-totustuus.it\/cattolica\/cacciatori-e-prede-di-emozioni-ma-senza-ragione-non-si-vive\/"]}]},{"@type":"ImageObject","inLanguage":"it-IT","@id":"https:\/\/www.rassegnastampa-totustuus.it\/cattolica\/cacciatori-e-prede-di-emozioni-ma-senza-ragione-non-si-vive\/#primaryimage","url":"https:\/\/www.rassegnastampa-totustuus.it\/cattolica\/wp-content\/uploads\/2010\/04\/rapimento.jpg","contentUrl":"https:\/\/www.rassegnastampa-totustuus.it\/cattolica\/wp-content\/uploads\/2010\/04\/rapimento.jpg","width":275,"height":183},{"@type":"BreadcrumbList","@id":"https:\/\/www.rassegnastampa-totustuus.it\/cattolica\/cacciatori-e-prede-di-emozioni-ma-senza-ragione-non-si-vive\/#breadcrumb","itemListElement":[{"@type":"ListItem","position":1,"name":"Home","item":"https:\/\/www.rassegnastampa-totustuus.it\/cattolica\/"},{"@type":"ListItem","position":2,"name":"Cacciatori e prede di emozioni Ma senza ragione non si vive"}]},{"@type":"WebSite","@id":"https:\/\/www.rassegnastampa-totustuus.it\/cattolica\/#website","url":"https:\/\/www.rassegnastampa-totustuus.it\/cattolica\/","name":"Rassegna Stampa Cattolica","description":"Per una cultura che nasce dalla Rivelazione cristiana in conformit\u00e0 alla tradizione e al Magistero della Chiesa in opposizione ad ogni relativismo e totalitarismo","publisher":{"@id":"https:\/\/www.rassegnastampa-totustuus.it\/cattolica\/#organization"},"alternateName":"Rass. Cattolica","potentialAction":[{"@type":"SearchAction","target":{"@type":"EntryPoint","urlTemplate":"https:\/\/www.rassegnastampa-totustuus.it\/cattolica\/?s={search_term_string}"},"query-input":{"@type":"PropertyValueSpecification","valueRequired":true,"valueName":"search_term_string"}}],"inLanguage":"it-IT"},{"@type":"Organization","@id":"https:\/\/www.rassegnastampa-totustuus.it\/cattolica\/#organization","name":"Rassegna Stampa Cattolica","url":"https:\/\/www.rassegnastampa-totustuus.it\/cattolica\/","logo":{"@type":"ImageObject","inLanguage":"it-IT","@id":"https:\/\/www.rassegnastampa-totustuus.it\/cattolica\/#\/schema\/logo\/image\/","url":"https:\/\/www.rassegnastampa-totustuus.it\/cattolica\/wp-content\/uploads\/2014\/04\/logo-rassegna1.gif","contentUrl":"https:\/\/www.rassegnastampa-totustuus.it\/cattolica\/wp-content\/uploads\/2014\/04\/logo-rassegna1.gif","width":600,"height":163,"caption":"Rassegna Stampa Cattolica"},"image":{"@id":"https:\/\/www.rassegnastampa-totustuus.it\/cattolica\/#\/schema\/logo\/image\/"},"sameAs":["https:\/\/www.facebook.com\/rassegnastampacattolica","https:\/\/x.com\/rassegnastampa9"]},{"@type":"Person","@id":"https:\/\/www.rassegnastampa-totustuus.it\/cattolica\/#\/schema\/person\/08f319d2bd1a0904ad9e2bfb7b15e5c3","name":"Redazione","image":{"@type":"ImageObject","inLanguage":"it-IT","@id":"https:\/\/secure.gravatar.com\/avatar\/2fcdf27c78ea025fbdb44e914cc63c72249ffec9dc8aafd5c82b26240ef3f346?s=96&d=mm&r=g","url":"https:\/\/secure.gravatar.com\/avatar\/2fcdf27c78ea025fbdb44e914cc63c72249ffec9dc8aafd5c82b26240ef3f346?s=96&d=mm&r=g","contentUrl":"https:\/\/secure.gravatar.com\/avatar\/2fcdf27c78ea025fbdb44e914cc63c72249ffec9dc8aafd5c82b26240ef3f346?s=96&d=mm&r=g","caption":"Redazione"},"url":"https:\/\/www.rassegnastampa-totustuus.it\/cattolica\/author\/pietroelle\/"}]}},"_links":{"self":[{"href":"https:\/\/www.rassegnastampa-totustuus.it\/cattolica\/wp-json\/wp\/v2\/posts\/3786","targetHints":{"allow":["GET"]}}],"collection":[{"href":"https:\/\/www.rassegnastampa-totustuus.it\/cattolica\/wp-json\/wp\/v2\/posts"}],"about":[{"href":"https:\/\/www.rassegnastampa-totustuus.it\/cattolica\/wp-json\/wp\/v2\/types\/post"}],"author":[{"embeddable":true,"href":"https:\/\/www.rassegnastampa-totustuus.it\/cattolica\/wp-json\/wp\/v2\/users\/6"}],"replies":[{"embeddable":true,"href":"https:\/\/www.rassegnastampa-totustuus.it\/cattolica\/wp-json\/wp\/v2\/comments?post=3786"}],"version-history":[{"count":4,"href":"https:\/\/www.rassegnastampa-totustuus.it\/cattolica\/wp-json\/wp\/v2\/posts\/3786\/revisions"}],"predecessor-version":[{"id":33915,"href":"https:\/\/www.rassegnastampa-totustuus.it\/cattolica\/wp-json\/wp\/v2\/posts\/3786\/revisions\/33915"}],"wp:featuredmedia":[{"embeddable":true,"href":"https:\/\/www.rassegnastampa-totustuus.it\/cattolica\/wp-json\/wp\/v2\/media\/33914"}],"wp:attachment":[{"href":"https:\/\/www.rassegnastampa-totustuus.it\/cattolica\/wp-json\/wp\/v2\/media?parent=3786"}],"wp:term":[{"taxonomy":"category","embeddable":true,"href":"https:\/\/www.rassegnastampa-totustuus.it\/cattolica\/wp-json\/wp\/v2\/categories?post=3786"},{"taxonomy":"post_tag","embeddable":true,"href":"https:\/\/www.rassegnastampa-totustuus.it\/cattolica\/wp-json\/wp\/v2\/tags?post=3786"}],"curies":[{"name":"wp","href":"https:\/\/api.w.org\/{rel}","templated":true}]}}