{"id":3783,"date":"2010-04-15T00:00:00","date_gmt":"2010-04-14T22:00:00","guid":{"rendered":""},"modified":"2016-03-24T11:04:13","modified_gmt":"2016-03-24T10:04:13","slug":"il-darwinismo-un-credo-che-non-tollera-obiettori-di-coscienza-o-eretici","status":"publish","type":"post","link":"https:\/\/www.rassegnastampa-totustuus.it\/cattolica\/il-darwinismo-un-credo-che-non-tollera-obiettori-di-coscienza-o-eretici\/","title":{"rendered":"Il darwinismo &egrave; un credo che non tollera obiettori di coscienza o eretici"},"content":{"rendered":"<div style=\"text-align: center;\"><strong><img loading=\"lazy\" decoding=\"async\" class=\"alignright wp-image-32207\" src=\"https:\/\/www.rassegnastampa-totustuus.it\/cattolica\/wp-content\/uploads\/2010\/04\/darwinismo.jpg\" alt=\"darwinismo\" width=\"240\" height=\"177\" \/>Il Foglio<\/strong> 7 aprile 2010<\/div>\n<p style=\"text-align: center;\"><em>Le polemiche sul libro \u201cGli errori di Darwin\u201d<\/em><\/p>\n<p style=\"text-align: center;\">di <strong>Giuseppe Sermonti<\/strong><\/p>\n<p><!--more--><\/p>\n<div style=\"text-align: justify;\"><strong>Si \u00e8 appena concluso l\u2019anno della celebrazione<\/strong> della \u201cOrigine delle Specie\u201d di Darwin che la polemica sull\u2019evoluzionismo si riaccende. L\u2019occasione \u00e8 un libro apparso in America e in pubblicazione nella versione italiana da Feltrinelli con il titolo <em>Gli errori di Darwin<\/em>: autori Jerry Fodor e Massimo Piattelli-Palmarini. Non ho letto il libro, ma alcune interviste e commenti apparsi sulla stampa italiana, che mi sono bastati per farmene un\u2019idea.<\/div>\n<p style=\"text-align: justify;\">I due autori si collegano al filone che privilegia le leggi interne dello sviluppo rispetto alle pressioni ambientali, affermando l\u2019importanza delle \u201cleggi della forma\u201d e della \u201cauto-organizzazione\u201d, rispetto alla lotta per la vita e alla selezione naturale. La loro linea di pensiero ha illustri precursori: basti citare Schiaparelli, Driesch, D\u2019Arcy Thompson, Waddington, Thom, Portmann, Goodwin, Lima-de-Faria e gli strutturalisti del gruppo di Osaka. Ma, ancora una volta, il confronto non avr\u00e0 luogo.<\/p>\n<p style=\"text-align: justify;\"><strong>Il darwinismo \u00e8 un credo che non tollera eretici<\/strong>. Obiettare al darwinismo \u00e8 specialmente difficile non per carenza di argomenti, ma per l\u2019eccesso di obiezioni che esso solleva in tutti i campi della nostra cultura. Ogni obiezione, ma anche ogni correzione, \u00e8 immediatamente screditata come fosse un virus che minaccia di contagiare l\u2019intero organismo. Ha scritto W.H. Thompson (1956), nell\u2019introduzione a una riedizione dell\u2019\u201cOrigine delle Specie\u201d: \u201cQuesta situazione, dove uomini si riuniscono alla difesa di una dottrina che non sono capaci di definire scientificamente, e ancor meno di dimostrare con rigore scientifico, tentando di mantenere il suo credito con il pubblico attraverso la soppressione della critica e l\u2019eliminazione delle difficolt\u00e0, \u00e8 anormale e indesiderabile nella scienza\u201d.<\/p>\n<p style=\"text-align: justify;\">Fu lo stesso autore a osservare che \u201cil successo del darwinismo fu accompagnato da un declino nell\u2019integrit\u00e0 scientifica.\u201d. E\u2019 questo che ci preoccupa, pi\u00f9 che un (auspicabile) confronto tra posizioni. Da parte darwinista il confronto non \u00e8 tollerabile. Gli obiettori a Darwin sono subito accusati di creazionismo, di fissismo o di complottismo.<\/p>\n<p style=\"text-align: justify;\"><strong>E cos\u00ec, in nome della intangibilit\u00e0 della selezione naturale<\/strong>, dobbiamo accettare queste affermazioni darwiniane: \u201cTra tutti gli uomini ci deve essere lotta aperta\u2026\u201d, e \u201cTra qualche tempo a venire, non molto lontano se misurato nei secoli, \u00e8 quasi certo che le razze umane pi\u00f9 civili stermineranno e si sostituiranno in tutto il mondo a quelle selvagge\u2026\u201d. Queste parole sono terribili perch\u00e9 non sono una previsione, ma un auspicio. E dovremo lasciar cadere anche l\u2019osservazione di Einstein: \u201cLa teoria di Darwin sulla lotta per l\u2019esistenza e sulla selezione \u00e8 stata da molti assunta come autorizzazione a incoraggiare lo spirito di competizione\u2026 Dovunque, nella vita economica e in quella politica, il principio guida \u00e8 quello della lotta spietata per il successo a danno dei propri simili\u201d.<\/p>\n<p style=\"text-align: justify;\"><strong>L\u2019onnipotenza della selezione naturale <\/strong>non ha ceduto neppure di fronte alle critiche di alcuni insospettabili evoluzionisti. \u201cLa selezione naturale dichiara che gli individui pi\u00f9 adatti (definiti come quelli che lasciano pi\u00f9 discendenti) lasceranno pi\u00f9 discendenti\u201d. (C.H. Waddington). O ancora: \u201cBench\u00e9 la teoria di Lamarck non soltanto \u00e8 confutabile, ma \u00e8 stata effettivamente confutata (\u2026), non \u00e8 affatto chiaro che cosa potremmo considerare come possibile confutazione della teoria della selezione naturale\u201d. (K. R. Popper).<\/p>\n<p style=\"text-align: justify;\">O, da parte di un quotatissimo genetista: \u201cIl programma adattazionista fa dell\u2019adattamento un postulato metafisico, non soltanto impossibile da confutare, ma necessariamente confermato da ogni osservazione (Lewontin)\u201d. All\u2019evoluzione per forze esterne il libro di Fodor e Piattelli-Palmarini oppone una teoria alternativa, secondo la quale le forme organiche sarebbero generate dall\u2019interno \u2013 per esempio per l\u2019effetto di vincoli fisico-chimici, di limiti dettati dalle reti genetiche, di filtri alla variazione.<\/p>\n<p style=\"text-align: justify;\"><strong>La cosa non \u00e8 piaciuta all\u2019establishment americano<\/strong> che non accetta l\u2019idea che il darwinismo sia in discussione. Al pi\u00f9 le leggi della forma avanzate dai due autori possono essere adottate come \u201cespansioni\u201d del darwinismo, rimanendo sovrano il ruolo della selezione naturale, che non pu\u00f2 accettare la parte di attrice non protagonista. Eliminata l\u2019antagonista formale, la teoria esclusivista della sopraffazione, della sopravvivenza del pi\u00f9 forte, del \u201cmight is right\u201d (la potenza ha ragione) rischia di condurci verso un mondo privo di bellezza, di mistero e di Dio.<\/p>\n<p style=\"text-align: justify;\">E poco ci rassicura la notizia che i fisici del Cern siano arrivati, con una spesa di sei miliardi di dollari, l\u2019impegno di seimila ricercatori e l\u2019impiego del superaccelleratore Large Hadron Collider (Lhc), a un passo dal Big Bang e abbiano proclamato di essere vicini a catturare \u201cla particella di Dio\u201d. Suggerirei di assegnare loro il premio Nobel in anticipo, prima che con l\u2019ultima collisione subatomica abbiano trasformato la Terra in un buco nero. Sar\u00e0 stato forse spiacevole, ma certamente, esprimendo il massimo della potenza, avranno avuto una incontestabile ragione.<\/p>\n","protected":false},"excerpt":{"rendered":"<p>Il Foglio 7 aprile 2010 Le polemiche sul libro \u201cGli errori di Darwin\u201d di Giuseppe Sermonti<\/p><p><a class=\"more-link btn\" href=\"https:\/\/www.rassegnastampa-totustuus.it\/cattolica\/il-darwinismo-un-credo-che-non-tollera-obiettori-di-coscienza-o-eretici\/\">Continua a leggere<\/a><\/p>\n","protected":false},"author":6,"featured_media":32207,"comment_status":"closed","ping_status":"open","sticky":false,"template":"","format":"standard","meta":{"footnotes":""},"categories":[51],"tags":[751],"class_list":["post-3783","post","type-post","status-publish","format-standard","has-post-thumbnail","hentry","category-evoluzionismo","tag-darwinismo","item-wrap"],"yoast_head":"<!-- This site is optimized with the Yoast SEO plugin v27.5 - https:\/\/yoast.com\/product\/yoast-seo-wordpress\/ -->\n<title>Il darwinismo &egrave; un credo che non tollera obiettori di coscienza o eretici - Rassegna Stampa Cattolica<\/title>\n<meta name=\"description\" content=\"Rassegna Stampa Cattolica - Per una cultura che nasce dalla Rivelazione cristiana in conformit\u00e0 alla tradizione e al Magistero della Chiesa in opposizione ad ogni relativismo e totalitarismo\" \/>\n<meta name=\"robots\" content=\"index, follow, max-snippet:-1, max-image-preview:large, max-video-preview:-1\" \/>\n<link rel=\"canonical\" href=\"https:\/\/www.rassegnastampa-totustuus.it\/cattolica\/il-darwinismo-un-credo-che-non-tollera-obiettori-di-coscienza-o-eretici\/\" \/>\n<meta property=\"og:locale\" content=\"it_IT\" \/>\n<meta property=\"og:type\" content=\"article\" \/>\n<meta property=\"og:title\" content=\"Il darwinismo &egrave; un credo che non tollera obiettori di coscienza o eretici - Rassegna Stampa Cattolica\" \/>\n<meta property=\"og:description\" content=\"Rassegna Stampa Cattolica - Per una cultura che nasce dalla Rivelazione cristiana in conformit\u00e0 alla tradizione e al Magistero della Chiesa in opposizione ad ogni relativismo e totalitarismo\" \/>\n<meta property=\"og:url\" content=\"https:\/\/www.rassegnastampa-totustuus.it\/cattolica\/il-darwinismo-un-credo-che-non-tollera-obiettori-di-coscienza-o-eretici\/\" \/>\n<meta property=\"og:site_name\" content=\"Rassegna Stampa Cattolica\" \/>\n<meta property=\"article:publisher\" content=\"https:\/\/www.facebook.com\/rassegnastampacattolica\" \/>\n<meta property=\"article:published_time\" content=\"2010-04-14T22:00:00+00:00\" \/>\n<meta property=\"article:modified_time\" content=\"2016-03-24T10:04:13+00:00\" \/>\n<meta property=\"og:image\" content=\"https:\/\/www.rassegnastampa-totustuus.it\/cattolica\/wp-content\/uploads\/2010\/04\/darwinismo.jpg\" \/>\n\t<meta property=\"og:image:width\" content=\"261\" \/>\n\t<meta property=\"og:image:height\" content=\"193\" \/>\n\t<meta property=\"og:image:type\" content=\"image\/jpeg\" \/>\n<meta name=\"author\" content=\"Redazione\" \/>\n<meta name=\"twitter:card\" content=\"summary_large_image\" \/>\n<meta name=\"twitter:creator\" content=\"@rassegnastampa9\" \/>\n<meta name=\"twitter:site\" content=\"@rassegnastampa9\" \/>\n<meta name=\"twitter:label1\" content=\"Scritto da\" \/>\n\t<meta name=\"twitter:data1\" content=\"Redazione\" \/>\n\t<meta name=\"twitter:label2\" content=\"Tempo di lettura stimato\" \/>\n\t<meta name=\"twitter:data2\" content=\"4 minuti\" \/>\n<script type=\"application\/ld+json\" class=\"yoast-schema-graph\">{\"@context\":\"https:\\\/\\\/schema.org\",\"@graph\":[{\"@type\":\"Article\",\"@id\":\"https:\\\/\\\/www.rassegnastampa-totustuus.it\\\/cattolica\\\/il-darwinismo-un-credo-che-non-tollera-obiettori-di-coscienza-o-eretici\\\/#article\",\"isPartOf\":{\"@id\":\"https:\\\/\\\/www.rassegnastampa-totustuus.it\\\/cattolica\\\/il-darwinismo-un-credo-che-non-tollera-obiettori-di-coscienza-o-eretici\\\/\"},\"author\":{\"name\":\"Redazione\",\"@id\":\"https:\\\/\\\/www.rassegnastampa-totustuus.it\\\/cattolica\\\/#\\\/schema\\\/person\\\/08f319d2bd1a0904ad9e2bfb7b15e5c3\"},\"headline\":\"Il darwinismo &egrave; un credo che non tollera obiettori di coscienza o eretici\",\"datePublished\":\"2010-04-14T22:00:00+00:00\",\"dateModified\":\"2016-03-24T10:04:13+00:00\",\"mainEntityOfPage\":{\"@id\":\"https:\\\/\\\/www.rassegnastampa-totustuus.it\\\/cattolica\\\/il-darwinismo-un-credo-che-non-tollera-obiettori-di-coscienza-o-eretici\\\/\"},\"wordCount\":786,\"publisher\":{\"@id\":\"https:\\\/\\\/www.rassegnastampa-totustuus.it\\\/cattolica\\\/#organization\"},\"image\":{\"@id\":\"https:\\\/\\\/www.rassegnastampa-totustuus.it\\\/cattolica\\\/il-darwinismo-un-credo-che-non-tollera-obiettori-di-coscienza-o-eretici\\\/#primaryimage\"},\"thumbnailUrl\":\"https:\\\/\\\/www.rassegnastampa-totustuus.it\\\/cattolica\\\/wp-content\\\/uploads\\\/2010\\\/04\\\/darwinismo.jpg\",\"keywords\":[\"darwinismo\"],\"articleSection\":[\"Evoluzionismo\"],\"inLanguage\":\"it-IT\"},{\"@type\":\"WebPage\",\"@id\":\"https:\\\/\\\/www.rassegnastampa-totustuus.it\\\/cattolica\\\/il-darwinismo-un-credo-che-non-tollera-obiettori-di-coscienza-o-eretici\\\/\",\"url\":\"https:\\\/\\\/www.rassegnastampa-totustuus.it\\\/cattolica\\\/il-darwinismo-un-credo-che-non-tollera-obiettori-di-coscienza-o-eretici\\\/\",\"name\":\"Il darwinismo &egrave; un credo che non tollera obiettori di coscienza o eretici - Rassegna Stampa Cattolica\",\"isPartOf\":{\"@id\":\"https:\\\/\\\/www.rassegnastampa-totustuus.it\\\/cattolica\\\/#website\"},\"primaryImageOfPage\":{\"@id\":\"https:\\\/\\\/www.rassegnastampa-totustuus.it\\\/cattolica\\\/il-darwinismo-un-credo-che-non-tollera-obiettori-di-coscienza-o-eretici\\\/#primaryimage\"},\"image\":{\"@id\":\"https:\\\/\\\/www.rassegnastampa-totustuus.it\\\/cattolica\\\/il-darwinismo-un-credo-che-non-tollera-obiettori-di-coscienza-o-eretici\\\/#primaryimage\"},\"thumbnailUrl\":\"https:\\\/\\\/www.rassegnastampa-totustuus.it\\\/cattolica\\\/wp-content\\\/uploads\\\/2010\\\/04\\\/darwinismo.jpg\",\"datePublished\":\"2010-04-14T22:00:00+00:00\",\"dateModified\":\"2016-03-24T10:04:13+00:00\",\"description\":\"Rassegna Stampa Cattolica - Per una cultura che nasce dalla Rivelazione cristiana in conformit\u00e0 alla tradizione e al Magistero della Chiesa in opposizione ad ogni relativismo e totalitarismo\",\"breadcrumb\":{\"@id\":\"https:\\\/\\\/www.rassegnastampa-totustuus.it\\\/cattolica\\\/il-darwinismo-un-credo-che-non-tollera-obiettori-di-coscienza-o-eretici\\\/#breadcrumb\"},\"inLanguage\":\"it-IT\",\"potentialAction\":[{\"@type\":\"ReadAction\",\"target\":[\"https:\\\/\\\/www.rassegnastampa-totustuus.it\\\/cattolica\\\/il-darwinismo-un-credo-che-non-tollera-obiettori-di-coscienza-o-eretici\\\/\"]}]},{\"@type\":\"ImageObject\",\"inLanguage\":\"it-IT\",\"@id\":\"https:\\\/\\\/www.rassegnastampa-totustuus.it\\\/cattolica\\\/il-darwinismo-un-credo-che-non-tollera-obiettori-di-coscienza-o-eretici\\\/#primaryimage\",\"url\":\"https:\\\/\\\/www.rassegnastampa-totustuus.it\\\/cattolica\\\/wp-content\\\/uploads\\\/2010\\\/04\\\/darwinismo.jpg\",\"contentUrl\":\"https:\\\/\\\/www.rassegnastampa-totustuus.it\\\/cattolica\\\/wp-content\\\/uploads\\\/2010\\\/04\\\/darwinismo.jpg\",\"width\":261,\"height\":193},{\"@type\":\"BreadcrumbList\",\"@id\":\"https:\\\/\\\/www.rassegnastampa-totustuus.it\\\/cattolica\\\/il-darwinismo-un-credo-che-non-tollera-obiettori-di-coscienza-o-eretici\\\/#breadcrumb\",\"itemListElement\":[{\"@type\":\"ListItem\",\"position\":1,\"name\":\"Home\",\"item\":\"https:\\\/\\\/www.rassegnastampa-totustuus.it\\\/cattolica\\\/\"},{\"@type\":\"ListItem\",\"position\":2,\"name\":\"Il darwinismo &egrave; un credo che non tollera obiettori di coscienza o eretici\"}]},{\"@type\":\"WebSite\",\"@id\":\"https:\\\/\\\/www.rassegnastampa-totustuus.it\\\/cattolica\\\/#website\",\"url\":\"https:\\\/\\\/www.rassegnastampa-totustuus.it\\\/cattolica\\\/\",\"name\":\"Rassegna Stampa Cattolica\",\"description\":\"Per una cultura che nasce dalla Rivelazione cristiana in conformit\u00e0 alla tradizione e al Magistero della Chiesa in opposizione ad ogni relativismo e totalitarismo\",\"publisher\":{\"@id\":\"https:\\\/\\\/www.rassegnastampa-totustuus.it\\\/cattolica\\\/#organization\"},\"alternateName\":\"Rass. Cattolica\",\"potentialAction\":[{\"@type\":\"SearchAction\",\"target\":{\"@type\":\"EntryPoint\",\"urlTemplate\":\"https:\\\/\\\/www.rassegnastampa-totustuus.it\\\/cattolica\\\/?s={search_term_string}\"},\"query-input\":{\"@type\":\"PropertyValueSpecification\",\"valueRequired\":true,\"valueName\":\"search_term_string\"}}],\"inLanguage\":\"it-IT\"},{\"@type\":\"Organization\",\"@id\":\"https:\\\/\\\/www.rassegnastampa-totustuus.it\\\/cattolica\\\/#organization\",\"name\":\"Rassegna Stampa Cattolica\",\"url\":\"https:\\\/\\\/www.rassegnastampa-totustuus.it\\\/cattolica\\\/\",\"logo\":{\"@type\":\"ImageObject\",\"inLanguage\":\"it-IT\",\"@id\":\"https:\\\/\\\/www.rassegnastampa-totustuus.it\\\/cattolica\\\/#\\\/schema\\\/logo\\\/image\\\/\",\"url\":\"https:\\\/\\\/www.rassegnastampa-totustuus.it\\\/cattolica\\\/wp-content\\\/uploads\\\/2014\\\/04\\\/logo-rassegna1.gif\",\"contentUrl\":\"https:\\\/\\\/www.rassegnastampa-totustuus.it\\\/cattolica\\\/wp-content\\\/uploads\\\/2014\\\/04\\\/logo-rassegna1.gif\",\"width\":600,\"height\":163,\"caption\":\"Rassegna Stampa Cattolica\"},\"image\":{\"@id\":\"https:\\\/\\\/www.rassegnastampa-totustuus.it\\\/cattolica\\\/#\\\/schema\\\/logo\\\/image\\\/\"},\"sameAs\":[\"https:\\\/\\\/www.facebook.com\\\/rassegnastampacattolica\",\"https:\\\/\\\/x.com\\\/rassegnastampa9\"]},{\"@type\":\"Person\",\"@id\":\"https:\\\/\\\/www.rassegnastampa-totustuus.it\\\/cattolica\\\/#\\\/schema\\\/person\\\/08f319d2bd1a0904ad9e2bfb7b15e5c3\",\"name\":\"Redazione\",\"image\":{\"@type\":\"ImageObject\",\"inLanguage\":\"it-IT\",\"@id\":\"https:\\\/\\\/secure.gravatar.com\\\/avatar\\\/2fcdf27c78ea025fbdb44e914cc63c72249ffec9dc8aafd5c82b26240ef3f346?s=96&d=mm&r=g\",\"url\":\"https:\\\/\\\/secure.gravatar.com\\\/avatar\\\/2fcdf27c78ea025fbdb44e914cc63c72249ffec9dc8aafd5c82b26240ef3f346?s=96&d=mm&r=g\",\"contentUrl\":\"https:\\\/\\\/secure.gravatar.com\\\/avatar\\\/2fcdf27c78ea025fbdb44e914cc63c72249ffec9dc8aafd5c82b26240ef3f346?s=96&d=mm&r=g\",\"caption\":\"Redazione\"},\"url\":\"https:\\\/\\\/www.rassegnastampa-totustuus.it\\\/cattolica\\\/author\\\/pietroelle\\\/\"}]}<\/script>\n<!-- \/ Yoast SEO plugin. -->","yoast_head_json":{"title":"Il darwinismo &egrave; un credo che non tollera obiettori di coscienza o eretici - Rassegna Stampa Cattolica","description":"Rassegna Stampa Cattolica - Per una cultura che nasce dalla Rivelazione cristiana in conformit\u00e0 alla tradizione e al Magistero della Chiesa in opposizione ad ogni relativismo e totalitarismo","robots":{"index":"index","follow":"follow","max-snippet":"max-snippet:-1","max-image-preview":"max-image-preview:large","max-video-preview":"max-video-preview:-1"},"canonical":"https:\/\/www.rassegnastampa-totustuus.it\/cattolica\/il-darwinismo-un-credo-che-non-tollera-obiettori-di-coscienza-o-eretici\/","og_locale":"it_IT","og_type":"article","og_title":"Il darwinismo &egrave; un credo che non tollera obiettori di coscienza o eretici - Rassegna Stampa Cattolica","og_description":"Rassegna Stampa Cattolica - Per una cultura che nasce dalla Rivelazione cristiana in conformit\u00e0 alla tradizione e al Magistero della Chiesa in opposizione ad ogni relativismo e totalitarismo","og_url":"https:\/\/www.rassegnastampa-totustuus.it\/cattolica\/il-darwinismo-un-credo-che-non-tollera-obiettori-di-coscienza-o-eretici\/","og_site_name":"Rassegna Stampa Cattolica","article_publisher":"https:\/\/www.facebook.com\/rassegnastampacattolica","article_published_time":"2010-04-14T22:00:00+00:00","article_modified_time":"2016-03-24T10:04:13+00:00","og_image":[{"width":261,"height":193,"url":"https:\/\/www.rassegnastampa-totustuus.it\/cattolica\/wp-content\/uploads\/2010\/04\/darwinismo.jpg","type":"image\/jpeg"}],"author":"Redazione","twitter_card":"summary_large_image","twitter_creator":"@rassegnastampa9","twitter_site":"@rassegnastampa9","twitter_misc":{"Scritto da":"Redazione","Tempo di lettura stimato":"4 minuti"},"schema":{"@context":"https:\/\/schema.org","@graph":[{"@type":"Article","@id":"https:\/\/www.rassegnastampa-totustuus.it\/cattolica\/il-darwinismo-un-credo-che-non-tollera-obiettori-di-coscienza-o-eretici\/#article","isPartOf":{"@id":"https:\/\/www.rassegnastampa-totustuus.it\/cattolica\/il-darwinismo-un-credo-che-non-tollera-obiettori-di-coscienza-o-eretici\/"},"author":{"name":"Redazione","@id":"https:\/\/www.rassegnastampa-totustuus.it\/cattolica\/#\/schema\/person\/08f319d2bd1a0904ad9e2bfb7b15e5c3"},"headline":"Il darwinismo &egrave; un credo che non tollera obiettori di coscienza o eretici","datePublished":"2010-04-14T22:00:00+00:00","dateModified":"2016-03-24T10:04:13+00:00","mainEntityOfPage":{"@id":"https:\/\/www.rassegnastampa-totustuus.it\/cattolica\/il-darwinismo-un-credo-che-non-tollera-obiettori-di-coscienza-o-eretici\/"},"wordCount":786,"publisher":{"@id":"https:\/\/www.rassegnastampa-totustuus.it\/cattolica\/#organization"},"image":{"@id":"https:\/\/www.rassegnastampa-totustuus.it\/cattolica\/il-darwinismo-un-credo-che-non-tollera-obiettori-di-coscienza-o-eretici\/#primaryimage"},"thumbnailUrl":"https:\/\/www.rassegnastampa-totustuus.it\/cattolica\/wp-content\/uploads\/2010\/04\/darwinismo.jpg","keywords":["darwinismo"],"articleSection":["Evoluzionismo"],"inLanguage":"it-IT"},{"@type":"WebPage","@id":"https:\/\/www.rassegnastampa-totustuus.it\/cattolica\/il-darwinismo-un-credo-che-non-tollera-obiettori-di-coscienza-o-eretici\/","url":"https:\/\/www.rassegnastampa-totustuus.it\/cattolica\/il-darwinismo-un-credo-che-non-tollera-obiettori-di-coscienza-o-eretici\/","name":"Il darwinismo &egrave; un credo che non tollera obiettori di coscienza o eretici - Rassegna Stampa Cattolica","isPartOf":{"@id":"https:\/\/www.rassegnastampa-totustuus.it\/cattolica\/#website"},"primaryImageOfPage":{"@id":"https:\/\/www.rassegnastampa-totustuus.it\/cattolica\/il-darwinismo-un-credo-che-non-tollera-obiettori-di-coscienza-o-eretici\/#primaryimage"},"image":{"@id":"https:\/\/www.rassegnastampa-totustuus.it\/cattolica\/il-darwinismo-un-credo-che-non-tollera-obiettori-di-coscienza-o-eretici\/#primaryimage"},"thumbnailUrl":"https:\/\/www.rassegnastampa-totustuus.it\/cattolica\/wp-content\/uploads\/2010\/04\/darwinismo.jpg","datePublished":"2010-04-14T22:00:00+00:00","dateModified":"2016-03-24T10:04:13+00:00","description":"Rassegna Stampa Cattolica - Per una cultura che nasce dalla Rivelazione cristiana in conformit\u00e0 alla tradizione e al Magistero della Chiesa in opposizione ad ogni relativismo e totalitarismo","breadcrumb":{"@id":"https:\/\/www.rassegnastampa-totustuus.it\/cattolica\/il-darwinismo-un-credo-che-non-tollera-obiettori-di-coscienza-o-eretici\/#breadcrumb"},"inLanguage":"it-IT","potentialAction":[{"@type":"ReadAction","target":["https:\/\/www.rassegnastampa-totustuus.it\/cattolica\/il-darwinismo-un-credo-che-non-tollera-obiettori-di-coscienza-o-eretici\/"]}]},{"@type":"ImageObject","inLanguage":"it-IT","@id":"https:\/\/www.rassegnastampa-totustuus.it\/cattolica\/il-darwinismo-un-credo-che-non-tollera-obiettori-di-coscienza-o-eretici\/#primaryimage","url":"https:\/\/www.rassegnastampa-totustuus.it\/cattolica\/wp-content\/uploads\/2010\/04\/darwinismo.jpg","contentUrl":"https:\/\/www.rassegnastampa-totustuus.it\/cattolica\/wp-content\/uploads\/2010\/04\/darwinismo.jpg","width":261,"height":193},{"@type":"BreadcrumbList","@id":"https:\/\/www.rassegnastampa-totustuus.it\/cattolica\/il-darwinismo-un-credo-che-non-tollera-obiettori-di-coscienza-o-eretici\/#breadcrumb","itemListElement":[{"@type":"ListItem","position":1,"name":"Home","item":"https:\/\/www.rassegnastampa-totustuus.it\/cattolica\/"},{"@type":"ListItem","position":2,"name":"Il darwinismo &egrave; un credo che non tollera obiettori di coscienza o eretici"}]},{"@type":"WebSite","@id":"https:\/\/www.rassegnastampa-totustuus.it\/cattolica\/#website","url":"https:\/\/www.rassegnastampa-totustuus.it\/cattolica\/","name":"Rassegna Stampa Cattolica","description":"Per una cultura che nasce dalla Rivelazione cristiana in conformit\u00e0 alla tradizione e al Magistero della Chiesa in opposizione ad ogni relativismo e totalitarismo","publisher":{"@id":"https:\/\/www.rassegnastampa-totustuus.it\/cattolica\/#organization"},"alternateName":"Rass. Cattolica","potentialAction":[{"@type":"SearchAction","target":{"@type":"EntryPoint","urlTemplate":"https:\/\/www.rassegnastampa-totustuus.it\/cattolica\/?s={search_term_string}"},"query-input":{"@type":"PropertyValueSpecification","valueRequired":true,"valueName":"search_term_string"}}],"inLanguage":"it-IT"},{"@type":"Organization","@id":"https:\/\/www.rassegnastampa-totustuus.it\/cattolica\/#organization","name":"Rassegna Stampa Cattolica","url":"https:\/\/www.rassegnastampa-totustuus.it\/cattolica\/","logo":{"@type":"ImageObject","inLanguage":"it-IT","@id":"https:\/\/www.rassegnastampa-totustuus.it\/cattolica\/#\/schema\/logo\/image\/","url":"https:\/\/www.rassegnastampa-totustuus.it\/cattolica\/wp-content\/uploads\/2014\/04\/logo-rassegna1.gif","contentUrl":"https:\/\/www.rassegnastampa-totustuus.it\/cattolica\/wp-content\/uploads\/2014\/04\/logo-rassegna1.gif","width":600,"height":163,"caption":"Rassegna Stampa Cattolica"},"image":{"@id":"https:\/\/www.rassegnastampa-totustuus.it\/cattolica\/#\/schema\/logo\/image\/"},"sameAs":["https:\/\/www.facebook.com\/rassegnastampacattolica","https:\/\/x.com\/rassegnastampa9"]},{"@type":"Person","@id":"https:\/\/www.rassegnastampa-totustuus.it\/cattolica\/#\/schema\/person\/08f319d2bd1a0904ad9e2bfb7b15e5c3","name":"Redazione","image":{"@type":"ImageObject","inLanguage":"it-IT","@id":"https:\/\/secure.gravatar.com\/avatar\/2fcdf27c78ea025fbdb44e914cc63c72249ffec9dc8aafd5c82b26240ef3f346?s=96&d=mm&r=g","url":"https:\/\/secure.gravatar.com\/avatar\/2fcdf27c78ea025fbdb44e914cc63c72249ffec9dc8aafd5c82b26240ef3f346?s=96&d=mm&r=g","contentUrl":"https:\/\/secure.gravatar.com\/avatar\/2fcdf27c78ea025fbdb44e914cc63c72249ffec9dc8aafd5c82b26240ef3f346?s=96&d=mm&r=g","caption":"Redazione"},"url":"https:\/\/www.rassegnastampa-totustuus.it\/cattolica\/author\/pietroelle\/"}]}},"_links":{"self":[{"href":"https:\/\/www.rassegnastampa-totustuus.it\/cattolica\/wp-json\/wp\/v2\/posts\/3783","targetHints":{"allow":["GET"]}}],"collection":[{"href":"https:\/\/www.rassegnastampa-totustuus.it\/cattolica\/wp-json\/wp\/v2\/posts"}],"about":[{"href":"https:\/\/www.rassegnastampa-totustuus.it\/cattolica\/wp-json\/wp\/v2\/types\/post"}],"author":[{"embeddable":true,"href":"https:\/\/www.rassegnastampa-totustuus.it\/cattolica\/wp-json\/wp\/v2\/users\/6"}],"replies":[{"embeddable":true,"href":"https:\/\/www.rassegnastampa-totustuus.it\/cattolica\/wp-json\/wp\/v2\/comments?post=3783"}],"version-history":[{"count":4,"href":"https:\/\/www.rassegnastampa-totustuus.it\/cattolica\/wp-json\/wp\/v2\/posts\/3783\/revisions"}],"predecessor-version":[{"id":32208,"href":"https:\/\/www.rassegnastampa-totustuus.it\/cattolica\/wp-json\/wp\/v2\/posts\/3783\/revisions\/32208"}],"wp:featuredmedia":[{"embeddable":true,"href":"https:\/\/www.rassegnastampa-totustuus.it\/cattolica\/wp-json\/wp\/v2\/media\/32207"}],"wp:attachment":[{"href":"https:\/\/www.rassegnastampa-totustuus.it\/cattolica\/wp-json\/wp\/v2\/media?parent=3783"}],"wp:term":[{"taxonomy":"category","embeddable":true,"href":"https:\/\/www.rassegnastampa-totustuus.it\/cattolica\/wp-json\/wp\/v2\/categories?post=3783"},{"taxonomy":"post_tag","embeddable":true,"href":"https:\/\/www.rassegnastampa-totustuus.it\/cattolica\/wp-json\/wp\/v2\/tags?post=3783"}],"curies":[{"name":"wp","href":"https:\/\/api.w.org\/{rel}","templated":true}]}}